{"id":13578,"date":"2022-02-13T08:00:47","date_gmt":"2022-02-13T06:00:47","guid":{"rendered":"https:\/\/www.welovecycling.com\/hu\/?p=13578"},"modified":"2022-02-11T17:25:55","modified_gmt":"2022-02-11T15:25:55","slug":"ez-tenyleg-csoda-bernal-nem-csak-hazamehetett-a-korhazbol-de-mar-elso-lepeseit-is-megtette","status":"publish","type":"post","link":"https:\/\/www.welovecycling.com\/hu\/orszaguti-kerekpar\/ez-tenyleg-csoda-bernal-nem-csak-hazamehetett-a-korhazbol-de-mar-elso-lepeseit-is-megtette\/","title":{"rendered":"Ez t\u00e9nyleg csoda: Bernal nem csak hazamehetett a k\u00f3rh\u00e1zb\u00f3l, de m\u00e1r els\u0151 l\u00e9p\u00e9seit is megtette!"},"content":{"rendered":"<p><strong>Borzalmas balesete ut\u00e1n az orvosok \u00f6t sz\u00e1zal\u00e9k es\u00e9lyt j\u00f3soltak neki arra, hogy ha t\u00fal\u00e9li, \u00fajra j\u00e1rni tud majd, de Egan Bernalt valami eg\u00e9szen m\u00e1s f\u00e1b\u00f3l faragt\u00e1k: a kolumbiai klasszis imm\u00e1r otthon l\u00e1badozik, \u00e9s mank\u00f3 seg\u00edts\u00e9g\u00e9vel els\u0151 l\u00e9p\u00e9seit is megtette az el\u0151tte \u00e1ll\u00f3 hossz\u00fa \u00faton.<\/strong><!--more--><\/p>\n<p>Egan Bernal esete bizony\u00edtja, hogy igenis l\u00e9teznek m\u00e9g csod\u00e1k. A kolumbiai kedvenc borzalmas baleset\u00e9r\u0151l egyre t\u00f6bb r\u00e9szlet l\u00e1t napvil\u00e1got: ma m\u00e1r tudni, a Tour- \u00e9s Giro-gy\u0151ztes \u00f3ri\u00e1si sebess\u00e9ggel, mintegy 65 kilom\u00e9ter per \u00f3r\u00e1val rohant bele az \u00fatra bel\u00f3g\u00f3 buszba, amelynek hat\u00e1s\u00e1ra k\u00f6zel 20 csontja, k\u00f6zt\u00fck gerinccsigoly\u00e1i is t\u00f6rtek, valamint a t\u00fcdeje is \u00f6sszeesett. A vil\u00e1gh\u00e1l\u00f3n el\u0151ker\u00fclt egy k\u00e9p is arr\u00f3l, hogy Bernal versenybring\u00e1ja nemes egyszer\u0171s\u00e9ggel kett\u00e9t\u00f6r\u00f6tt az \u00f3ri\u00e1si \u00fctk\u00f6z\u00e9s hat\u00e1s\u00e1ra \u2013 belegondolni is sz\u00f6rny\u0171, az emberi testtel mit m\u0171velhetett ekkora m\u00e9rt\u00e9k\u0171 becsap\u00f3d\u00e1s.<\/p>\n<figure id=\"attachment_13580\" aria-describedby=\"caption-attachment-13580\" style=\"width: 1024px\" class=\"wp-caption alignnone\"><img loading=\"lazy\" decoding=\"async\" class=\"wp-image-13580 size-large\" src=\"https:\/\/d2p6e6u75xmxt8.cloudfront.net\/12\/2022\/02\/maxresdefault-1024x576.jpeg\" alt=\"\" width=\"1024\" height=\"576\" srcset=\"https:\/\/d2p6e6u75xmxt8.cloudfront.net\/12\/2022\/02\/maxresdefault-1024x576.jpeg 1024w, https:\/\/d2p6e6u75xmxt8.cloudfront.net\/12\/2022\/02\/maxresdefault-300x169.jpeg 300w, https:\/\/d2p6e6u75xmxt8.cloudfront.net\/12\/2022\/02\/maxresdefault-768x432.jpeg 768w, https:\/\/d2p6e6u75xmxt8.cloudfront.net\/12\/2022\/02\/maxresdefault.jpeg 1280w\" sizes=\"auto, (max-width: 1024px) 100vw, 1024px\" \/><figcaption id=\"caption-attachment-13580\" class=\"wp-caption-text\">Bernal bring\u00e1ja, ami nemes egyszer\u0171s\u00e9ggel kett\u00e9t\u00f6r\u00f6tt a becsap\u00f3d\u00e1s erej\u00e9t\u0151l. (forr\u00e1s: YouTube)<\/figcaption><\/figure>\n<p>De ami a legfontosabb: az Ineos szt\u00e1rja az utols\u00f3 nagy m\u0171t\u00e9teket k\u00f6vet\u0151en a h\u00e9t v\u00e9g\u00e9n elhagyhatta a k\u00f3rh\u00e1zat, mi t\u00f6bb, cs\u00fct\u00f6rt\u00f6k\u00f6n m\u00e1r egy vide\u00f3t is feltett a k\u00f6z\u00f6ss\u00e9gi oldal\u00e1ra, amelyen megteszi els\u0151 l\u00e9p\u00e9seit mank\u00f3 seg\u00edts\u00e9g\u00e9vel! Kevesebb mint egy h\u00f3nappal azut\u00e1n, hogy a baleset k\u00f6vetkezt\u00e9ben saj\u00e1t bevall\u00e1sa szerint hajsz\u00e1lon f\u00fcgg\u00f6tt az \u00e9lete, \u00e9s az orvosok mind\u00f6ssze \u00f6t sz\u00e1zal\u00e9kot j\u00f3soltak neki arra, hogy \u00fajra es\u00e9lye legyen j\u00e1rni.<\/p>\n<p><em>\u201eAz \u00e9letem egyetlen m\u00e1sodperc leforg\u00e1sa alatt megv\u00e1ltozott. Az egyik pillanatban m\u00e9g a Tour de France-ra k\u00e9sz\u00fcltem, mindent beleadva az id\u0151futambring\u00e1mmal, a k\u00f6vetkez\u0151ben pedig m\u00e1r az \u00e9letem\u00e9rt k\u00fczd\u00f6ttem<\/em>\u201d \u2013 mondta Bernal, aki nem gy\u0151z el\u00e9gszer h\u00e1l\u00e1t adni az \u0151t megment\u0151 \u00e9s kezel\u0151 bogotai orvosoknak, hozz\u00e1t\u00e9ve, gyakorlatilag \u00fajj\u00e1sz\u00fcletett \u00edgy, hogy kapott egy m\u00e1sodik es\u00e9lyt a sorst\u00f3l. <em>\u201eAz igazs\u00e1g az, hogy puszt\u00e1n a t\u00e9ny, hogy \u00e9letben vagyok, olyan most nekem, mintha \u00fajj\u00e1sz\u00fclettem volna. Azokban a napokban, amikor f\u00e1jdalmak k\u00f6z\u00f6tt l\u00e9teztem, azt mondogattam magamnak, legal\u00e1bb \u00e9rzem a f\u00e1jdalmat \u2013 teh\u00e1t legal\u00e1bb \u00e9rzek valamit, ami j\u00f3 jel. Most nyilv\u00e1nval\u00f3an egy nagyon hossz\u00fa folyamat \u00e1ll el\u0151ttem, de a legnehezebb r\u00e9sz\u00e9t az orvosok m\u00e1r elv\u00e9gezt\u00e9k helyettem \u2013 minden tiszteltetem a ti\u00e9tek, sokkal nagyobb tiszteletet, h\u00e1l\u00e1t \u00e9s elismer\u00e9st \u00e9rdemeln\u00e9tek, mint amit kaptok t\u0151l\u00fcnk! \u0150szint\u00e9n rem\u00e9lem, egy nap k\u00e9pes leszek valamilyen m\u00f3don visszaadni azt, amit ti tettetek \u00e9rtem.\u201d<\/em><\/p>\n<p><a href=\"https:\/\/www.instagram.com\/p\/CZzq9i4J0yw\/?utm_source=ig_embed&#038;utm_campaign=embed_video_watch_again\">https:\/\/www.instagram.com\/p\/CZzq9i4J0yw\/?utm_source=ig_embed&amp;utm_campaign=embed_video_watch_again<\/a><\/p>\n<p>Egan Bernal innent\u0151l otthon\u00e1ban folytatja a rehabilit\u00e1ci\u00f3j\u00e1t: egyel\u0151re lehetetlen m\u00e9g csak megj\u00f3solni is, mekkora \u00fat \u00e1ll el\u0151tte, teljesen rendbej\u00f6n-e, illetve hogy lesz-e es\u00e9lye folytatni ker\u00e9kp\u00e1ros karrierj\u00e9t b\u00e1rmilyen szinten is. Mint a mell\u00e9kelt \u00e1bra mutatja, \u00f3ri\u00e1si harcos, teh\u00e1t m\u00e9g ez sincs teljesen kiz\u00e1rva \u2013 de az el\u0151zm\u00e9nyek \u00e9s a legfrissebb r\u00e9szletek ismeret\u00e9ben ez most messze nem a legfontosabb.<\/p>\n<p><em>Bor\u00edt\u00f3k\u00e9p: Cl\u00ednica Unisabana<\/em><\/p>\n","protected":false},"excerpt":{"rendered":"<p>Borzalmas balesete ut\u00e1n az orvosok \u00f6t sz\u00e1zal\u00e9k es\u00e9lyt j\u00f3soltak neki arra, hogy ha t\u00fal\u00e9li, \u00fajra j\u00e1rni tud majd, de Egan [&hellip;]<\/p>\n","protected":false},"author":71,"featured_media":13579,"comment_status":"open","ping_status":"open","sticky":false,"template":"","format":"standard","meta":{"footnotes":""},"categories":[8],"tags":[],"global-categories":[],"class_list":["post-13578","post","type-post","status-publish","format-standard","has-post-thumbnail","hentry","category-orszaguti-kerekpar"],"yoast_head":"<!-- This site is optimized with the Yoast SEO Premium plugin v25.3 (Yoast SEO v25.9) - https:\/\/yoast.com\/wordpress\/plugins\/seo\/ -->\n<title>Ez t\u00e9nyleg csoda: Bernal nem csak hazamehetett a k\u00f3rh\u00e1zb\u00f3l, de m\u00e1r els\u0151 l\u00e9p\u00e9seit is megtette!<\/title>\n<meta name=\"description\" content=\"Borzalmas balesete ut\u00e1n az orvosok \u00f6t sz\u00e1zal\u00e9k es\u00e9lyt j\u00f3soltak neki arra, hogy ha t\u00fal\u00e9li, \u00fajra j\u00e1rni tud majd, de Egan Bernalt valami eg\u00e9szen m\u00e1s f\u00e1b\u00f3l faragt\u00e1k: a kolumbiai klasszis imm\u00e1r otthon l\u00e1badozik, \u00e9s mank\u00f3 seg\u00edts\u00e9g\u00e9vel els\u0151 l\u00e9p\u00e9seit is megtette az el\u0151tte \u00e1ll\u00f3 hossz\u00fa \u00faton.\" \/>\n<meta name=\"robots\" content=\"index, follow, max-snippet:-1, max-image-preview:large, max-video-preview:-1\" \/>\n<link rel=\"canonical\" href=\"https:\/\/www.welovecycling.com\/hu\/orszaguti-kerekpar\/ez-tenyleg-csoda-bernal-nem-csak-hazamehetett-a-korhazbol-de-mar-elso-lepeseit-is-megtette\/\" \/>\n<meta property=\"og:locale\" content=\"hu_HU\" \/>\n<meta property=\"og:type\" content=\"article\" \/>\n<meta property=\"og:title\" content=\"Ez t\u00e9nyleg csoda: Bernal nem csak hazamehetett a k\u00f3rh\u00e1zb\u00f3l, de m\u00e1r els\u0151 l\u00e9p\u00e9seit is megtette!\" \/>\n<meta property=\"og:description\" content=\"Borzalmas balesete ut\u00e1n az orvosok \u00f6t sz\u00e1zal\u00e9k es\u00e9lyt j\u00f3soltak neki arra, hogy ha t\u00fal\u00e9li, \u00fajra j\u00e1rni tud majd, de Egan Bernalt valami eg\u00e9szen m\u00e1s f\u00e1b\u00f3l faragt\u00e1k: a kolumbiai klasszis imm\u00e1r otthon l\u00e1badozik, \u00e9s mank\u00f3 seg\u00edts\u00e9g\u00e9vel els\u0151 l\u00e9p\u00e9seit is megtette az el\u0151tte \u00e1ll\u00f3 hossz\u00fa \u00faton.\" \/>\n<meta property=\"og:url\" content=\"https:\/\/www.welovecycling.com\/hu\/orszaguti-kerekpar\/ez-tenyleg-csoda-bernal-nem-csak-hazamehetett-a-korhazbol-de-mar-elso-lepeseit-is-megtette\/\" \/>\n<meta property=\"og:site_name\" content=\"\u0160koda We Love Cycling - Magyarorsz\u00e1g\" \/>\n<meta property=\"article:publisher\" content=\"https:\/\/www.facebook.com\/WeLoveCyclingHungary\/\" \/>\n<meta property=\"article:published_time\" content=\"2022-02-13T06:00:47+00:00\" \/>\n<meta property=\"og:image\" content=\"https:\/\/d2p6e6u75xmxt8.cloudfront.net\/12\/2022\/02\/7i7ZG4fbYp7RhFYjJ3ifSm-min-scaled.jpg\" \/>\n\t<meta property=\"og:image:width\" content=\"2560\" \/>\n\t<meta property=\"og:image:height\" content=\"1707\" \/>\n\t<meta property=\"og:image:type\" content=\"image\/jpeg\" \/>\n<meta name=\"author\" content=\"hegyizs\" \/>\n<meta name=\"twitter:card\" content=\"summary_large_image\" \/>\n<meta name=\"twitter:label1\" content=\"Written by\" \/>\n\t<meta name=\"twitter:data1\" content=\"WLC\" \/>\n\t<meta name=\"twitter:label2\" content=\"Est. reading time\" \/>\n\t<meta name=\"twitter:data2\" content=\"3 minutes\" \/>\n<script type=\"application\/ld+json\" class=\"yoast-schema-graph\">{\"@context\":\"https:\/\/schema.org\",\"@graph\":[{\"@type\":\"WebPage\",\"@id\":\"https:\/\/www.welovecycling.com\/hu\/orszaguti-kerekpar\/ez-tenyleg-csoda-bernal-nem-csak-hazamehetett-a-korhazbol-de-mar-elso-lepeseit-is-megtette\/\",\"url\":\"https:\/\/www.welovecycling.com\/hu\/orszaguti-kerekpar\/ez-tenyleg-csoda-bernal-nem-csak-hazamehetett-a-korhazbol-de-mar-elso-lepeseit-is-megtette\/\",\"name\":\"Ez t\u00e9nyleg csoda: Bernal nem csak hazamehetett a k\u00f3rh\u00e1zb\u00f3l, de m\u00e1r els\u0151 l\u00e9p\u00e9seit is megtette!\",\"isPartOf\":{\"@id\":\"https:\/\/www.welovecycling.com\/hu\/#website\"},\"primaryImageOfPage\":{\"@id\":\"https:\/\/www.welovecycling.com\/hu\/orszaguti-kerekpar\/ez-tenyleg-csoda-bernal-nem-csak-hazamehetett-a-korhazbol-de-mar-elso-lepeseit-is-megtette\/#primaryimage\"},\"image\":{\"@id\":\"https:\/\/www.welovecycling.com\/hu\/orszaguti-kerekpar\/ez-tenyleg-csoda-bernal-nem-csak-hazamehetett-a-korhazbol-de-mar-elso-lepeseit-is-megtette\/#primaryimage\"},\"thumbnailUrl\":\"https:\/\/d2p6e6u75xmxt8.cloudfront.net\/12\/2022\/02\/7i7ZG4fbYp7RhFYjJ3ifSm-min-scaled.jpg\",\"datePublished\":\"2022-02-13T06:00:47+00:00\",\"author\":{\"@id\":\"https:\/\/www.welovecycling.com\/hu\/#\/schema\/person\/414a2aebf1801691a5320edb6468e194\"},\"description\":\"Borzalmas balesete ut\u00e1n az orvosok \u00f6t sz\u00e1zal\u00e9k es\u00e9lyt j\u00f3soltak neki arra, hogy ha t\u00fal\u00e9li, \u00fajra j\u00e1rni tud majd, de Egan Bernalt valami eg\u00e9szen m\u00e1s f\u00e1b\u00f3l faragt\u00e1k: a kolumbiai klasszis imm\u00e1r otthon l\u00e1badozik, \u00e9s mank\u00f3 seg\u00edts\u00e9g\u00e9vel els\u0151 l\u00e9p\u00e9seit is megtette az el\u0151tte \u00e1ll\u00f3 hossz\u00fa \u00faton.\",\"breadcrumb\":{\"@id\":\"https:\/\/www.welovecycling.com\/hu\/orszaguti-kerekpar\/ez-tenyleg-csoda-bernal-nem-csak-hazamehetett-a-korhazbol-de-mar-elso-lepeseit-is-megtette\/#breadcrumb\"},\"inLanguage\":\"hu\",\"potentialAction\":[{\"@type\":\"ReadAction\",\"target\":[\"https:\/\/www.welovecycling.com\/hu\/orszaguti-kerekpar\/ez-tenyleg-csoda-bernal-nem-csak-hazamehetett-a-korhazbol-de-mar-elso-lepeseit-is-megtette\/\"]}]},{\"@type\":\"ImageObject\",\"inLanguage\":\"hu\",\"@id\":\"https:\/\/www.welovecycling.com\/hu\/orszaguti-kerekpar\/ez-tenyleg-csoda-bernal-nem-csak-hazamehetett-a-korhazbol-de-mar-elso-lepeseit-is-megtette\/#primaryimage\",\"url\":\"https:\/\/d2p6e6u75xmxt8.cloudfront.net\/12\/2022\/02\/7i7ZG4fbYp7RhFYjJ3ifSm-min-scaled.jpg\",\"contentUrl\":\"https:\/\/d2p6e6u75xmxt8.cloudfront.net\/12\/2022\/02\/7i7ZG4fbYp7RhFYjJ3ifSm-min-scaled.jpg\",\"width\":2560,\"height\":1707},{\"@type\":\"BreadcrumbList\",\"@id\":\"https:\/\/www.welovecycling.com\/hu\/orszaguti-kerekpar\/ez-tenyleg-csoda-bernal-nem-csak-hazamehetett-a-korhazbol-de-mar-elso-lepeseit-is-megtette\/#breadcrumb\",\"itemListElement\":[{\"@type\":\"ListItem\",\"position\":1,\"name\":\"Home\",\"item\":\"https:\/\/www.welovecycling.com\/hu\/\"},{\"@type\":\"ListItem\",\"position\":2,\"name\":\"Ez t\u00e9nyleg csoda: Bernal nem csak hazamehetett a k\u00f3rh\u00e1zb\u00f3l, de m\u00e1r els\u0151 l\u00e9p\u00e9seit is megtette!\"}]},{\"@type\":\"WebSite\",\"@id\":\"https:\/\/www.welovecycling.com\/hu\/#website\",\"url\":\"https:\/\/www.welovecycling.com\/hu\/\",\"name\":\"\u0160koda We Love Cycling - Magyarorsz\u00e1g\",\"description\":\"\u0160koda WeLoveCycling\",\"potentialAction\":[{\"@type\":\"SearchAction\",\"target\":{\"@type\":\"EntryPoint\",\"urlTemplate\":\"https:\/\/www.welovecycling.com\/hu\/?s={search_term_string}\"},\"query-input\":{\"@type\":\"PropertyValueSpecification\",\"valueRequired\":true,\"valueName\":\"search_term_string\"}}],\"inLanguage\":\"hu\"},{\"@type\":\"Person\",\"@id\":\"https:\/\/www.welovecycling.com\/hu\/#\/schema\/person\/414a2aebf1801691a5320edb6468e194\",\"name\":\"hegyizs\",\"image\":{\"@type\":\"ImageObject\",\"inLanguage\":\"hu\",\"@id\":\"https:\/\/www.welovecycling.com\/hu\/#\/schema\/person\/image\/\",\"url\":\"https:\/\/secure.gravatar.com\/avatar\/02cf8a7906b8cf90cecb4679defac7cfd33a1c2e3b88e4903d947f3bb58eedd3?s=96&d=mm&r=g\",\"contentUrl\":\"https:\/\/secure.gravatar.com\/avatar\/02cf8a7906b8cf90cecb4679defac7cfd33a1c2e3b88e4903d947f3bb58eedd3?s=96&d=mm&r=g\",\"caption\":\"hegyizs\"},\"url\":\"https:\/\/www.welovecycling.com\/hu\/author\/hegyizs\/\"}]}<\/script>\n<!-- \/ Yoast SEO Premium plugin. -->","yoast_head_json":{"title":"Ez t\u00e9nyleg csoda: Bernal nem csak hazamehetett a k\u00f3rh\u00e1zb\u00f3l, de m\u00e1r els\u0151 l\u00e9p\u00e9seit is megtette!","description":"Borzalmas balesete ut\u00e1n az orvosok \u00f6t sz\u00e1zal\u00e9k es\u00e9lyt j\u00f3soltak neki arra, hogy ha t\u00fal\u00e9li, \u00fajra j\u00e1rni tud majd, de Egan Bernalt valami eg\u00e9szen m\u00e1s f\u00e1b\u00f3l faragt\u00e1k: a kolumbiai klasszis imm\u00e1r otthon l\u00e1badozik, \u00e9s mank\u00f3 seg\u00edts\u00e9g\u00e9vel els\u0151 l\u00e9p\u00e9seit is megtette az el\u0151tte \u00e1ll\u00f3 hossz\u00fa \u00faton.","robots":{"index":"index","follow":"follow","max-snippet":"max-snippet:-1","max-image-preview":"max-image-preview:large","max-video-preview":"max-video-preview:-1"},"canonical":"https:\/\/www.welovecycling.com\/hu\/orszaguti-kerekpar\/ez-tenyleg-csoda-bernal-nem-csak-hazamehetett-a-korhazbol-de-mar-elso-lepeseit-is-megtette\/","og_locale":"hu_HU","og_type":"article","og_title":"Ez t\u00e9nyleg csoda: Bernal nem csak hazamehetett a k\u00f3rh\u00e1zb\u00f3l, de m\u00e1r els\u0151 l\u00e9p\u00e9seit is megtette!","og_description":"Borzalmas balesete ut\u00e1n az orvosok \u00f6t sz\u00e1zal\u00e9k es\u00e9lyt j\u00f3soltak neki arra, hogy ha t\u00fal\u00e9li, \u00fajra j\u00e1rni tud majd, de Egan Bernalt valami eg\u00e9szen m\u00e1s f\u00e1b\u00f3l faragt\u00e1k: a kolumbiai klasszis imm\u00e1r otthon l\u00e1badozik, \u00e9s mank\u00f3 seg\u00edts\u00e9g\u00e9vel els\u0151 l\u00e9p\u00e9seit is megtette az el\u0151tte \u00e1ll\u00f3 hossz\u00fa \u00faton.","og_url":"https:\/\/www.welovecycling.com\/hu\/orszaguti-kerekpar\/ez-tenyleg-csoda-bernal-nem-csak-hazamehetett-a-korhazbol-de-mar-elso-lepeseit-is-megtette\/","og_site_name":"\u0160koda We Love Cycling - Magyarorsz\u00e1g","article_publisher":"https:\/\/www.facebook.com\/WeLoveCyclingHungary\/","article_published_time":"2022-02-13T06:00:47+00:00","og_image":[{"width":2560,"height":1707,"url":"https:\/\/d2p6e6u75xmxt8.cloudfront.net\/12\/2022\/02\/7i7ZG4fbYp7RhFYjJ3ifSm-min-scaled.jpg","type":"image\/jpeg"}],"author":"hegyizs","twitter_card":"summary_large_image","twitter_misc":{"Written by":"WLC","Est. reading time":"3 minutes"},"schema":{"@context":"https:\/\/schema.org","@graph":[{"@type":"WebPage","@id":"https:\/\/www.welovecycling.com\/hu\/orszaguti-kerekpar\/ez-tenyleg-csoda-bernal-nem-csak-hazamehetett-a-korhazbol-de-mar-elso-lepeseit-is-megtette\/","url":"https:\/\/www.welovecycling.com\/hu\/orszaguti-kerekpar\/ez-tenyleg-csoda-bernal-nem-csak-hazamehetett-a-korhazbol-de-mar-elso-lepeseit-is-megtette\/","name":"Ez t\u00e9nyleg csoda: Bernal nem csak hazamehetett a k\u00f3rh\u00e1zb\u00f3l, de m\u00e1r els\u0151 l\u00e9p\u00e9seit is megtette!","isPartOf":{"@id":"https:\/\/www.welovecycling.com\/hu\/#website"},"primaryImageOfPage":{"@id":"https:\/\/www.welovecycling.com\/hu\/orszaguti-kerekpar\/ez-tenyleg-csoda-bernal-nem-csak-hazamehetett-a-korhazbol-de-mar-elso-lepeseit-is-megtette\/#primaryimage"},"image":{"@id":"https:\/\/www.welovecycling.com\/hu\/orszaguti-kerekpar\/ez-tenyleg-csoda-bernal-nem-csak-hazamehetett-a-korhazbol-de-mar-elso-lepeseit-is-megtette\/#primaryimage"},"thumbnailUrl":"https:\/\/d2p6e6u75xmxt8.cloudfront.net\/12\/2022\/02\/7i7ZG4fbYp7RhFYjJ3ifSm-min-scaled.jpg","datePublished":"2022-02-13T06:00:47+00:00","author":{"@id":"https:\/\/www.welovecycling.com\/hu\/#\/schema\/person\/414a2aebf1801691a5320edb6468e194"},"description":"Borzalmas balesete ut\u00e1n az orvosok \u00f6t sz\u00e1zal\u00e9k es\u00e9lyt j\u00f3soltak neki arra, hogy ha t\u00fal\u00e9li, \u00fajra j\u00e1rni tud majd, de Egan Bernalt valami eg\u00e9szen m\u00e1s f\u00e1b\u00f3l faragt\u00e1k: a kolumbiai klasszis imm\u00e1r otthon l\u00e1badozik, \u00e9s mank\u00f3 seg\u00edts\u00e9g\u00e9vel els\u0151 l\u00e9p\u00e9seit is megtette az el\u0151tte \u00e1ll\u00f3 hossz\u00fa \u00faton.","breadcrumb":{"@id":"https:\/\/www.welovecycling.com\/hu\/orszaguti-kerekpar\/ez-tenyleg-csoda-bernal-nem-csak-hazamehetett-a-korhazbol-de-mar-elso-lepeseit-is-megtette\/#breadcrumb"},"inLanguage":"hu","potentialAction":[{"@type":"ReadAction","target":["https:\/\/www.welovecycling.com\/hu\/orszaguti-kerekpar\/ez-tenyleg-csoda-bernal-nem-csak-hazamehetett-a-korhazbol-de-mar-elso-lepeseit-is-megtette\/"]}]},{"@type":"ImageObject","inLanguage":"hu","@id":"https:\/\/www.welovecycling.com\/hu\/orszaguti-kerekpar\/ez-tenyleg-csoda-bernal-nem-csak-hazamehetett-a-korhazbol-de-mar-elso-lepeseit-is-megtette\/#primaryimage","url":"https:\/\/d2p6e6u75xmxt8.cloudfront.net\/12\/2022\/02\/7i7ZG4fbYp7RhFYjJ3ifSm-min-scaled.jpg","contentUrl":"https:\/\/d2p6e6u75xmxt8.cloudfront.net\/12\/2022\/02\/7i7ZG4fbYp7RhFYjJ3ifSm-min-scaled.jpg","width":2560,"height":1707},{"@type":"BreadcrumbList","@id":"https:\/\/www.welovecycling.com\/hu\/orszaguti-kerekpar\/ez-tenyleg-csoda-bernal-nem-csak-hazamehetett-a-korhazbol-de-mar-elso-lepeseit-is-megtette\/#breadcrumb","itemListElement":[{"@type":"ListItem","position":1,"name":"Home","item":"https:\/\/www.welovecycling.com\/hu\/"},{"@type":"ListItem","position":2,"name":"Ez t\u00e9nyleg csoda: Bernal nem csak hazamehetett a k\u00f3rh\u00e1zb\u00f3l, de m\u00e1r els\u0151 l\u00e9p\u00e9seit is megtette!"}]},{"@type":"WebSite","@id":"https:\/\/www.welovecycling.com\/hu\/#website","url":"https:\/\/www.welovecycling.com\/hu\/","name":"\u0160koda We Love Cycling - Magyarorsz\u00e1g","description":"\u0160koda WeLoveCycling","potentialAction":[{"@type":"SearchAction","target":{"@type":"EntryPoint","urlTemplate":"https:\/\/www.welovecycling.com\/hu\/?s={search_term_string}"},"query-input":{"@type":"PropertyValueSpecification","valueRequired":true,"valueName":"search_term_string"}}],"inLanguage":"hu"},{"@type":"Person","@id":"https:\/\/www.welovecycling.com\/hu\/#\/schema\/person\/414a2aebf1801691a5320edb6468e194","name":"hegyizs","image":{"@type":"ImageObject","inLanguage":"hu","@id":"https:\/\/www.welovecycling.com\/hu\/#\/schema\/person\/image\/","url":"https:\/\/secure.gravatar.com\/avatar\/02cf8a7906b8cf90cecb4679defac7cfd33a1c2e3b88e4903d947f3bb58eedd3?s=96&d=mm&r=g","contentUrl":"https:\/\/secure.gravatar.com\/avatar\/02cf8a7906b8cf90cecb4679defac7cfd33a1c2e3b88e4903d947f3bb58eedd3?s=96&d=mm&r=g","caption":"hegyizs"},"url":"https:\/\/www.welovecycling.com\/hu\/author\/hegyizs\/"}]}},"_links":{"self":[{"href":"https:\/\/www.welovecycling.com\/hu\/wp-json\/wp\/v2\/posts\/13578","targetHints":{"allow":["GET"]}}],"collection":[{"href":"https:\/\/www.welovecycling.com\/hu\/wp-json\/wp\/v2\/posts"}],"about":[{"href":"https:\/\/www.welovecycling.com\/hu\/wp-json\/wp\/v2\/types\/post"}],"author":[{"embeddable":true,"href":"https:\/\/www.welovecycling.com\/hu\/wp-json\/wp\/v2\/users\/71"}],"replies":[{"embeddable":true,"href":"https:\/\/www.welovecycling.com\/hu\/wp-json\/wp\/v2\/comments?post=13578"}],"version-history":[{"count":2,"href":"https:\/\/www.welovecycling.com\/hu\/wp-json\/wp\/v2\/posts\/13578\/revisions"}],"predecessor-version":[{"id":13582,"href":"https:\/\/www.welovecycling.com\/hu\/wp-json\/wp\/v2\/posts\/13578\/revisions\/13582"}],"wp:featuredmedia":[{"embeddable":true,"href":"https:\/\/www.welovecycling.com\/hu\/wp-json\/wp\/v2\/media\/13579"}],"wp:attachment":[{"href":"https:\/\/www.welovecycling.com\/hu\/wp-json\/wp\/v2\/media?parent=13578"}],"wp:term":[{"taxonomy":"category","embeddable":true,"href":"https:\/\/www.welovecycling.com\/hu\/wp-json\/wp\/v2\/categories?post=13578"},{"taxonomy":"post_tag","embeddable":true,"href":"https:\/\/www.welovecycling.com\/hu\/wp-json\/wp\/v2\/tags?post=13578"},{"taxonomy":"global-categories","embeddable":true,"href":"https:\/\/www.welovecycling.com\/hu\/wp-json\/wp\/v2\/global-categories?post=13578"}],"curies":[{"name":"wp","href":"https:\/\/api.w.org\/{rel}","templated":true}]}}