{"id":13565,"date":"2022-02-07T10:48:57","date_gmt":"2022-02-07T08:48:57","guid":{"rendered":"https:\/\/www.welovecycling.com\/hu\/?p=13565"},"modified":"2022-02-07T10:48:57","modified_gmt":"2022-02-07T08:48:57","slug":"tul-az-utolso-muteten-bernal-csodaval-hataros-modon-felepulhet-eletveszelyes-balesetebol","status":"publish","type":"post","link":"https:\/\/www.welovecycling.com\/hu\/orszaguti-kerekpar\/tul-az-utolso-muteten-bernal-csodaval-hataros-modon-felepulhet-eletveszelyes-balesetebol\/","title":{"rendered":"T\u00fal az utols\u00f3 m\u0171t\u00e9ten: Bernal csod\u00e1val hat\u00e1ros m\u00f3don fel\u00e9p\u00fclhet \u00e9letvesz\u00e9lyes baleset\u00e9b\u0151l"},"content":{"rendered":"<p><strong>Az Ineos kolumbiai klasszisa 20 csontj\u00e1t t\u00f6rte \u00e9s 95% es\u00e9lye volt arra, hogy leb\u00e9nuljon, \u00e1m a szakszer\u0171 orvosi SOS-beavatkoz\u00e1soknak h\u00e1la v\u00e9g\u00fcl nem \u00e9rte maradand\u00f3 k\u00e1rosod\u00e1s a gerincoszlop\u00e1t, \u00edgy m\u00e1ris arra k\u00e9sz\u00fcl, hogy visszat\u00e9rjen.<\/strong><\/p>\n<p>Nagyon j\u00f3 h\u00edrek l\u00e1ttak napvil\u00e1got a nemr\u00e9g borzalmas edz\u00e9sbalesetet szenved\u0151 Egan Bernalr\u00f3l. Az Ineos Tour de France- \u00e9s Giro d\u2019Italia-gy\u0151ztes kolumbiai klasszisa janu\u00e1r v\u00e9g\u00e9n t\u00e1rsaival egy\u00fctt tr\u00e9ningezett otthon, sz\u00fcl\u0151v\u00e1ros\u00e1t\u00f3l nem messze, amikor egy \u00e1ll\u00f3, az \u00fatra bel\u00f3g\u00f3 busz h\u00e1tulj\u00e1ba csap\u00f3dott bele iszonyatos er\u0151vel. Bernalon azonnali s\u00fcrg\u0151ss\u00e9gi m\u0171t\u00e9tek sor\u00e1t kellett v\u00e9grehajtani, t\u00f6bbek k\u00f6z\u00f6tt \u00f6sszeesett t\u00fcdej\u00e9t \u00e9s gerinc\u00e9t is oper\u00e1lni kellett, \u00e9s intenz\u00edv oszt\u00e1lyra ker\u00fclt, \u00edgy f\u00e9l\u0151 volt, napjaink egyik legjobbja nem \u00fassza meg maradand\u00f3 k\u00e1rosod\u00e1sok n\u00e9lk\u00fcl.<\/p>\n<p>Hogy ehhez val\u00f3j\u00e1ban mennyire k\u00f6zel volt, azt maga Bernal mes\u00e9lte el, miut\u00e1n k\u00e9pes volt \u00fajra megsz\u00f3lalni. A 25 esztend\u0151s kiv\u00e1l\u00f3s\u00e1gnak saj\u00e1t bevall\u00e1sa szerint hajsz\u00e1lon m\u00falt az \u00e9lete, \u00e9s mint el\u00e1rulta, 95% es\u00e9lye volt arra, hogy ha \u00e9letben is marad, h\u00e1tral\u00e9v\u0151 \u00e9let\u00e9re leb\u00e9nuljon. Ehhez k\u00e9pest \u00fagy t\u0171nik, csod\u00e1val hat\u00e1ros m\u00f3don fel\u00e9p\u00fclhet a traum\u00e1b\u00f3l, azaz bej\u00f6het az a marad\u00e9k 5%. Bernal a h\u00e9t v\u00e9g\u00e9n \u00e1tesett hetedik, egyben utols\u00f3 komoly m\u0171t\u00e9tj\u00e9n (amivel a nyakcsigoly\u00e1it hozt\u00e1k helyre), az \u0151t kezel\u0151 orvoscsapat pedig meger\u0151s\u00edtette, hogy az azonnali szakszer\u0171 beavatkoz\u00e1soknak h\u00e1la v\u00e9g\u00fcl a gerincoszlop\u00e1t nem \u00e9rte maradand\u00f3 k\u00e1rosod\u00e1s, vagyis ha minden j\u00f3l megy, rehabilit\u00e1ci\u00f3ja ut\u00e1n a mozg\u00e1s\u00e1ban nem lesz akad\u00e1lyoztatva. A Giro-c\u00edmv\u00e9d\u0151 k\u00f6zben k\u00f6z\u00f6ss\u00e9gi m\u00e9di\u00e1s fel\u00fcletein \u00fajabb sokkol\u00f3 r\u00e9szleteket \u00e1rult el s\u00e9r\u00fcl\u00e9seir\u0151l. List\u00e1j\u00e1t olvasni is r\u00e9mes: \u00f6sszesen majdnem 20 csontja t\u00f6r\u00f6tt valamilyen m\u00e9rt\u00e9kben, k\u00f6zt\u00fck 11 borda, combcsontja \u00e9s t\u00e9rdkal\u00e1csa, a T5-\u00f6s, a T6-os, valamint a C2-es csigoly\u00e1ja, k\u00e9zk\u00f6z\u00e9pcsontja \u00e9s egyik h\u00fcvelykujja \u2013 emellett egy foga is odalett, b\u00e1r a t\u00f6bbi f\u00e9ny\u00e9ben ez m\u00e1r igaz\u00e1n semmis\u00e9g\u2026 Bernal \u00edgy fogalmazott: <em>\u201eMajdnem meg\u00f6ltem magam, de tudj\u00e1tok mit? H\u00e1l\u00e1s vagyok Istennek, hogy ez el\u00e9 a teszt el\u00e9 \u00e1ll\u00edtott. Ez a legkem\u00e9nyebb versenyem, de nagyszer\u0171 emberek vesznek k\u00f6r\u00fcl: nemr\u00e9g megvolt az utols\u00f3 nagy m\u0171t\u00e9tem, \u00e9s \u00fagy t\u0171nik, minden j\u00f3l alakul. \u00dagyhogy nincs m\u00e1s h\u00e1tra, mint fel\u00e9p\u00fclni, \u00e9s \u00fajrakezdeni az eg\u00e9szet. Visszat\u00e9rek!\u201d<\/em><\/p>\n<figure id=\"attachment_13567\" aria-describedby=\"caption-attachment-13567\" style=\"width: 1024px\" class=\"wp-caption alignnone\"><a href=\"https:\/\/d2p6e6u75xmxt8.cloudfront.net\/12\/2022\/02\/egan.jpg\"><img loading=\"lazy\" decoding=\"async\" class=\"size-full wp-image-13567\" src=\"https:\/\/d2p6e6u75xmxt8.cloudfront.net\/12\/2022\/02\/egan.jpg\" alt=\"\" width=\"1024\" height=\"578\" srcset=\"https:\/\/d2p6e6u75xmxt8.cloudfront.net\/12\/2022\/02\/egan.jpg 1024w, https:\/\/d2p6e6u75xmxt8.cloudfront.net\/12\/2022\/02\/egan-300x169.jpg 300w, https:\/\/d2p6e6u75xmxt8.cloudfront.net\/12\/2022\/02\/egan-768x434.jpg 768w\" sizes=\"auto, (max-width: 1024px) 100vw, 1024px\" \/><\/a><figcaption id=\"caption-attachment-13567\" class=\"wp-caption-text\">fot\u00f3: AP<\/figcaption><\/figure>\n<p>Arr\u00f3l, hogy Bernal mikor ker\u00fclhet ki a bogotai Clinica Universidad de La Sabana k\u00f3rh\u00e1zb\u00f3l, egyel\u0151re nincs inform\u00e1ci\u00f3, de m\u00e1r ezeknek a h\u00edreknek is nagyon \u00f6r\u00fcl\u00fcnk, ahogy annak is, hogy az orvosok meger\u0151s\u00edtett\u00e9k, a fel\u00e9p\u00fcl\u00e9se eg\u00e9szen kiv\u00e1l\u00f3an halad. Mi a magunk r\u00e9sz\u00e9r\u0151l nagyon szurkolunk neki, igazi harcos \u00e9s p\u00e9ldak\u00e9p \u2013 egy\u00fattal mindenki nagyon vigy\u00e1zzon mag\u00e1ra, hiszen Bernal esete az \u00e9l\u0151 p\u00e9lda, hogy m\u00e9g a legjobbakkal is megeshet a (majdnem) legrosszabb is.<\/p>\n","protected":false},"excerpt":{"rendered":"<p>Az Ineos kolumbiai klasszisa 20 csontj\u00e1t t\u00f6rte \u00e9s 95% es\u00e9lye volt arra, hogy leb\u00e9nuljon, \u00e1m a szakszer\u0171 orvosi SOS-beavatkoz\u00e1soknak h\u00e1la [&hellip;]<\/p>\n","protected":false},"author":145,"featured_media":13570,"comment_status":"open","ping_status":"open","sticky":false,"template":"","format":"standard","meta":{"footnotes":""},"categories":[8],"tags":[],"global-categories":[419],"class_list":["post-13565","post","type-post","status-publish","format-standard","has-post-thumbnail","hentry","category-orszaguti-kerekpar","global-categories-cycling"],"yoast_head":"<!-- This site is optimized with the Yoast SEO Premium plugin v25.3 (Yoast SEO v25.9) - https:\/\/yoast.com\/wordpress\/plugins\/seo\/ -->\n<title>T\u00fal az utols\u00f3 m\u0171t\u00e9ten: Bernal csod\u00e1val hat\u00e1ros m\u00f3don fel\u00e9p\u00fclhet \u00e9letvesz\u00e9lyes baleset\u00e9b\u0151l - \u0160koda We Love Cycling - Magyarorsz\u00e1g<\/title>\n<meta name=\"robots\" content=\"index, follow, max-snippet:-1, max-image-preview:large, max-video-preview:-1\" \/>\n<link rel=\"canonical\" href=\"https:\/\/www.welovecycling.com\/hu\/orszaguti-kerekpar\/tul-az-utolso-muteten-bernal-csodaval-hataros-modon-felepulhet-eletveszelyes-balesetebol\/\" \/>\n<meta property=\"og:locale\" content=\"hu_HU\" \/>\n<meta property=\"og:type\" content=\"article\" \/>\n<meta property=\"og:title\" content=\"T\u00fal az utols\u00f3 m\u0171t\u00e9ten: Bernal csod\u00e1val hat\u00e1ros m\u00f3don fel\u00e9p\u00fclhet \u00e9letvesz\u00e9lyes baleset\u00e9b\u0151l\" \/>\n<meta property=\"og:description\" content=\"Az Ineos kolumbiai klasszisa 20 csontj\u00e1t t\u00f6rte \u00e9s 95% es\u00e9lye volt arra, hogy leb\u00e9nuljon, \u00e1m a szakszer\u0171 orvosi SOS-beavatkoz\u00e1soknak h\u00e1la [&hellip;]\" \/>\n<meta property=\"og:url\" content=\"https:\/\/www.welovecycling.com\/hu\/orszaguti-kerekpar\/tul-az-utolso-muteten-bernal-csodaval-hataros-modon-felepulhet-eletveszelyes-balesetebol\/\" \/>\n<meta property=\"og:site_name\" content=\"\u0160koda We Love Cycling - Magyarorsz\u00e1g\" \/>\n<meta property=\"article:publisher\" content=\"https:\/\/www.facebook.com\/WeLoveCyclingHungary\/\" \/>\n<meta property=\"article:published_time\" content=\"2022-02-07T08:48:57+00:00\" \/>\n<meta property=\"og:image\" content=\"https:\/\/d2p6e6u75xmxt8.cloudfront.net\/12\/2022\/02\/bernal-1.jpg\" \/>\n\t<meta property=\"og:image:width\" content=\"902\" \/>\n\t<meta property=\"og:image:height\" content=\"549\" \/>\n\t<meta property=\"og:image:type\" content=\"image\/jpeg\" \/>\n<meta name=\"author\" content=\"kitti\" \/>\n<meta name=\"twitter:card\" content=\"summary_large_image\" \/>\n<meta name=\"twitter:label1\" content=\"Written by\" \/>\n\t<meta name=\"twitter:data1\" content=\"WLC\" \/>\n\t<meta name=\"twitter:label2\" content=\"Est. reading time\" \/>\n\t<meta name=\"twitter:data2\" content=\"3 minutes\" \/>\n<script type=\"application\/ld+json\" class=\"yoast-schema-graph\">{\"@context\":\"https:\/\/schema.org\",\"@graph\":[{\"@type\":\"WebPage\",\"@id\":\"https:\/\/www.welovecycling.com\/hu\/orszaguti-kerekpar\/tul-az-utolso-muteten-bernal-csodaval-hataros-modon-felepulhet-eletveszelyes-balesetebol\/\",\"url\":\"https:\/\/www.welovecycling.com\/hu\/orszaguti-kerekpar\/tul-az-utolso-muteten-bernal-csodaval-hataros-modon-felepulhet-eletveszelyes-balesetebol\/\",\"name\":\"T\u00fal az utols\u00f3 m\u0171t\u00e9ten: Bernal csod\u00e1val hat\u00e1ros m\u00f3don fel\u00e9p\u00fclhet \u00e9letvesz\u00e9lyes baleset\u00e9b\u0151l - \u0160koda We Love Cycling - Magyarorsz\u00e1g\",\"isPartOf\":{\"@id\":\"https:\/\/www.welovecycling.com\/hu\/#website\"},\"primaryImageOfPage\":{\"@id\":\"https:\/\/www.welovecycling.com\/hu\/orszaguti-kerekpar\/tul-az-utolso-muteten-bernal-csodaval-hataros-modon-felepulhet-eletveszelyes-balesetebol\/#primaryimage\"},\"image\":{\"@id\":\"https:\/\/www.welovecycling.com\/hu\/orszaguti-kerekpar\/tul-az-utolso-muteten-bernal-csodaval-hataros-modon-felepulhet-eletveszelyes-balesetebol\/#primaryimage\"},\"thumbnailUrl\":\"https:\/\/d2p6e6u75xmxt8.cloudfront.net\/12\/2022\/02\/bernal-1.jpg\",\"datePublished\":\"2022-02-07T08:48:57+00:00\",\"author\":{\"@id\":\"https:\/\/www.welovecycling.com\/hu\/#\/schema\/person\/bec7dcdbcc59f58489cf603e4040ced1\"},\"breadcrumb\":{\"@id\":\"https:\/\/www.welovecycling.com\/hu\/orszaguti-kerekpar\/tul-az-utolso-muteten-bernal-csodaval-hataros-modon-felepulhet-eletveszelyes-balesetebol\/#breadcrumb\"},\"inLanguage\":\"hu\",\"potentialAction\":[{\"@type\":\"ReadAction\",\"target\":[\"https:\/\/www.welovecycling.com\/hu\/orszaguti-kerekpar\/tul-az-utolso-muteten-bernal-csodaval-hataros-modon-felepulhet-eletveszelyes-balesetebol\/\"]}]},{\"@type\":\"ImageObject\",\"inLanguage\":\"hu\",\"@id\":\"https:\/\/www.welovecycling.com\/hu\/orszaguti-kerekpar\/tul-az-utolso-muteten-bernal-csodaval-hataros-modon-felepulhet-eletveszelyes-balesetebol\/#primaryimage\",\"url\":\"https:\/\/d2p6e6u75xmxt8.cloudfront.net\/12\/2022\/02\/bernal-1.jpg\",\"contentUrl\":\"https:\/\/d2p6e6u75xmxt8.cloudfront.net\/12\/2022\/02\/bernal-1.jpg\",\"width\":902,\"height\":549},{\"@type\":\"BreadcrumbList\",\"@id\":\"https:\/\/www.welovecycling.com\/hu\/orszaguti-kerekpar\/tul-az-utolso-muteten-bernal-csodaval-hataros-modon-felepulhet-eletveszelyes-balesetebol\/#breadcrumb\",\"itemListElement\":[{\"@type\":\"ListItem\",\"position\":1,\"name\":\"Home\",\"item\":\"https:\/\/www.welovecycling.com\/hu\/\"},{\"@type\":\"ListItem\",\"position\":2,\"name\":\"T\u00fal az utols\u00f3 m\u0171t\u00e9ten: Bernal csod\u00e1val hat\u00e1ros m\u00f3don fel\u00e9p\u00fclhet \u00e9letvesz\u00e9lyes baleset\u00e9b\u0151l\"}]},{\"@type\":\"WebSite\",\"@id\":\"https:\/\/www.welovecycling.com\/hu\/#website\",\"url\":\"https:\/\/www.welovecycling.com\/hu\/\",\"name\":\"\u0160koda We Love Cycling - Magyarorsz\u00e1g\",\"description\":\"\u0160koda WeLoveCycling\",\"potentialAction\":[{\"@type\":\"SearchAction\",\"target\":{\"@type\":\"EntryPoint\",\"urlTemplate\":\"https:\/\/www.welovecycling.com\/hu\/?s={search_term_string}\"},\"query-input\":{\"@type\":\"PropertyValueSpecification\",\"valueRequired\":true,\"valueName\":\"search_term_string\"}}],\"inLanguage\":\"hu\"},{\"@type\":\"Person\",\"@id\":\"https:\/\/www.welovecycling.com\/hu\/#\/schema\/person\/bec7dcdbcc59f58489cf603e4040ced1\",\"name\":\"kitti\",\"image\":{\"@type\":\"ImageObject\",\"inLanguage\":\"hu\",\"@id\":\"https:\/\/www.welovecycling.com\/hu\/#\/schema\/person\/image\/\",\"url\":\"https:\/\/secure.gravatar.com\/avatar\/e3196a110e1b57b96f56d92d10ce9bb4e9d7210076832a16243337e949410b52?s=96&d=mm&r=g\",\"contentUrl\":\"https:\/\/secure.gravatar.com\/avatar\/e3196a110e1b57b96f56d92d10ce9bb4e9d7210076832a16243337e949410b52?s=96&d=mm&r=g\",\"caption\":\"kitti\"},\"url\":\"https:\/\/www.welovecycling.com\/hu\/author\/kitti\/\"}]}<\/script>\n<!-- \/ Yoast SEO Premium plugin. -->","yoast_head_json":{"title":"T\u00fal az utols\u00f3 m\u0171t\u00e9ten: Bernal csod\u00e1val hat\u00e1ros m\u00f3don fel\u00e9p\u00fclhet \u00e9letvesz\u00e9lyes baleset\u00e9b\u0151l - \u0160koda We Love Cycling - Magyarorsz\u00e1g","robots":{"index":"index","follow":"follow","max-snippet":"max-snippet:-1","max-image-preview":"max-image-preview:large","max-video-preview":"max-video-preview:-1"},"canonical":"https:\/\/www.welovecycling.com\/hu\/orszaguti-kerekpar\/tul-az-utolso-muteten-bernal-csodaval-hataros-modon-felepulhet-eletveszelyes-balesetebol\/","og_locale":"hu_HU","og_type":"article","og_title":"T\u00fal az utols\u00f3 m\u0171t\u00e9ten: Bernal csod\u00e1val hat\u00e1ros m\u00f3don fel\u00e9p\u00fclhet \u00e9letvesz\u00e9lyes baleset\u00e9b\u0151l","og_description":"Az Ineos kolumbiai klasszisa 20 csontj\u00e1t t\u00f6rte \u00e9s 95% es\u00e9lye volt arra, hogy leb\u00e9nuljon, \u00e1m a szakszer\u0171 orvosi SOS-beavatkoz\u00e1soknak h\u00e1la [&hellip;]","og_url":"https:\/\/www.welovecycling.com\/hu\/orszaguti-kerekpar\/tul-az-utolso-muteten-bernal-csodaval-hataros-modon-felepulhet-eletveszelyes-balesetebol\/","og_site_name":"\u0160koda We Love Cycling - Magyarorsz\u00e1g","article_publisher":"https:\/\/www.facebook.com\/WeLoveCyclingHungary\/","article_published_time":"2022-02-07T08:48:57+00:00","og_image":[{"width":902,"height":549,"url":"https:\/\/d2p6e6u75xmxt8.cloudfront.net\/12\/2022\/02\/bernal-1.jpg","type":"image\/jpeg"}],"author":"kitti","twitter_card":"summary_large_image","twitter_misc":{"Written by":"WLC","Est. reading time":"3 minutes"},"schema":{"@context":"https:\/\/schema.org","@graph":[{"@type":"WebPage","@id":"https:\/\/www.welovecycling.com\/hu\/orszaguti-kerekpar\/tul-az-utolso-muteten-bernal-csodaval-hataros-modon-felepulhet-eletveszelyes-balesetebol\/","url":"https:\/\/www.welovecycling.com\/hu\/orszaguti-kerekpar\/tul-az-utolso-muteten-bernal-csodaval-hataros-modon-felepulhet-eletveszelyes-balesetebol\/","name":"T\u00fal az utols\u00f3 m\u0171t\u00e9ten: Bernal csod\u00e1val hat\u00e1ros m\u00f3don fel\u00e9p\u00fclhet \u00e9letvesz\u00e9lyes baleset\u00e9b\u0151l - \u0160koda We Love Cycling - Magyarorsz\u00e1g","isPartOf":{"@id":"https:\/\/www.welovecycling.com\/hu\/#website"},"primaryImageOfPage":{"@id":"https:\/\/www.welovecycling.com\/hu\/orszaguti-kerekpar\/tul-az-utolso-muteten-bernal-csodaval-hataros-modon-felepulhet-eletveszelyes-balesetebol\/#primaryimage"},"image":{"@id":"https:\/\/www.welovecycling.com\/hu\/orszaguti-kerekpar\/tul-az-utolso-muteten-bernal-csodaval-hataros-modon-felepulhet-eletveszelyes-balesetebol\/#primaryimage"},"thumbnailUrl":"https:\/\/d2p6e6u75xmxt8.cloudfront.net\/12\/2022\/02\/bernal-1.jpg","datePublished":"2022-02-07T08:48:57+00:00","author":{"@id":"https:\/\/www.welovecycling.com\/hu\/#\/schema\/person\/bec7dcdbcc59f58489cf603e4040ced1"},"breadcrumb":{"@id":"https:\/\/www.welovecycling.com\/hu\/orszaguti-kerekpar\/tul-az-utolso-muteten-bernal-csodaval-hataros-modon-felepulhet-eletveszelyes-balesetebol\/#breadcrumb"},"inLanguage":"hu","potentialAction":[{"@type":"ReadAction","target":["https:\/\/www.welovecycling.com\/hu\/orszaguti-kerekpar\/tul-az-utolso-muteten-bernal-csodaval-hataros-modon-felepulhet-eletveszelyes-balesetebol\/"]}]},{"@type":"ImageObject","inLanguage":"hu","@id":"https:\/\/www.welovecycling.com\/hu\/orszaguti-kerekpar\/tul-az-utolso-muteten-bernal-csodaval-hataros-modon-felepulhet-eletveszelyes-balesetebol\/#primaryimage","url":"https:\/\/d2p6e6u75xmxt8.cloudfront.net\/12\/2022\/02\/bernal-1.jpg","contentUrl":"https:\/\/d2p6e6u75xmxt8.cloudfront.net\/12\/2022\/02\/bernal-1.jpg","width":902,"height":549},{"@type":"BreadcrumbList","@id":"https:\/\/www.welovecycling.com\/hu\/orszaguti-kerekpar\/tul-az-utolso-muteten-bernal-csodaval-hataros-modon-felepulhet-eletveszelyes-balesetebol\/#breadcrumb","itemListElement":[{"@type":"ListItem","position":1,"name":"Home","item":"https:\/\/www.welovecycling.com\/hu\/"},{"@type":"ListItem","position":2,"name":"T\u00fal az utols\u00f3 m\u0171t\u00e9ten: Bernal csod\u00e1val hat\u00e1ros m\u00f3don fel\u00e9p\u00fclhet \u00e9letvesz\u00e9lyes baleset\u00e9b\u0151l"}]},{"@type":"WebSite","@id":"https:\/\/www.welovecycling.com\/hu\/#website","url":"https:\/\/www.welovecycling.com\/hu\/","name":"\u0160koda We Love Cycling - Magyarorsz\u00e1g","description":"\u0160koda WeLoveCycling","potentialAction":[{"@type":"SearchAction","target":{"@type":"EntryPoint","urlTemplate":"https:\/\/www.welovecycling.com\/hu\/?s={search_term_string}"},"query-input":{"@type":"PropertyValueSpecification","valueRequired":true,"valueName":"search_term_string"}}],"inLanguage":"hu"},{"@type":"Person","@id":"https:\/\/www.welovecycling.com\/hu\/#\/schema\/person\/bec7dcdbcc59f58489cf603e4040ced1","name":"kitti","image":{"@type":"ImageObject","inLanguage":"hu","@id":"https:\/\/www.welovecycling.com\/hu\/#\/schema\/person\/image\/","url":"https:\/\/secure.gravatar.com\/avatar\/e3196a110e1b57b96f56d92d10ce9bb4e9d7210076832a16243337e949410b52?s=96&d=mm&r=g","contentUrl":"https:\/\/secure.gravatar.com\/avatar\/e3196a110e1b57b96f56d92d10ce9bb4e9d7210076832a16243337e949410b52?s=96&d=mm&r=g","caption":"kitti"},"url":"https:\/\/www.welovecycling.com\/hu\/author\/kitti\/"}]}},"_links":{"self":[{"href":"https:\/\/www.welovecycling.com\/hu\/wp-json\/wp\/v2\/posts\/13565","targetHints":{"allow":["GET"]}}],"collection":[{"href":"https:\/\/www.welovecycling.com\/hu\/wp-json\/wp\/v2\/posts"}],"about":[{"href":"https:\/\/www.welovecycling.com\/hu\/wp-json\/wp\/v2\/types\/post"}],"author":[{"embeddable":true,"href":"https:\/\/www.welovecycling.com\/hu\/wp-json\/wp\/v2\/users\/145"}],"replies":[{"embeddable":true,"href":"https:\/\/www.welovecycling.com\/hu\/wp-json\/wp\/v2\/comments?post=13565"}],"version-history":[{"count":1,"href":"https:\/\/www.welovecycling.com\/hu\/wp-json\/wp\/v2\/posts\/13565\/revisions"}],"predecessor-version":[{"id":13569,"href":"https:\/\/www.welovecycling.com\/hu\/wp-json\/wp\/v2\/posts\/13565\/revisions\/13569"}],"wp:featuredmedia":[{"embeddable":true,"href":"https:\/\/www.welovecycling.com\/hu\/wp-json\/wp\/v2\/media\/13570"}],"wp:attachment":[{"href":"https:\/\/www.welovecycling.com\/hu\/wp-json\/wp\/v2\/media?parent=13565"}],"wp:term":[{"taxonomy":"category","embeddable":true,"href":"https:\/\/www.welovecycling.com\/hu\/wp-json\/wp\/v2\/categories?post=13565"},{"taxonomy":"post_tag","embeddable":true,"href":"https:\/\/www.welovecycling.com\/hu\/wp-json\/wp\/v2\/tags?post=13565"},{"taxonomy":"global-categories","embeddable":true,"href":"https:\/\/www.welovecycling.com\/hu\/wp-json\/wp\/v2\/global-categories?post=13565"}],"curies":[{"name":"wp","href":"https:\/\/api.w.org\/{rel}","templated":true}]}}