{"id":13563,"date":"2022-02-09T08:00:15","date_gmt":"2022-02-09T06:00:15","guid":{"rendered":"https:\/\/www.welovecycling.com\/hu\/?p=13563"},"modified":"2022-02-04T17:43:38","modified_gmt":"2022-02-04T15:43:38","slug":"nincs-tour-de-france-az-oltatlan-versenyzoknek-egyelore","status":"publish","type":"post","link":"https:\/\/www.welovecycling.com\/hu\/orszaguti-kerekpar\/nincs-tour-de-france-az-oltatlan-versenyzoknek-egyelore\/","title":{"rendered":"Nincs Tour de France az oltatlan versenyz\u0151knek &#8211; egyel\u0151re"},"content":{"rendered":"<p><strong>Az idei \u00e9v sztorija eddig a vil\u00e1g els\u0151 sz\u00e1m\u00fa teniszez\u0151j\u00e9nek, Novak Djokovicsnak a t\u00f6rt\u00e9nete, \u00e9s az, hogy megpr\u00f3b\u00e1lta megv\u00e9deni az Australian Openen szerzett c\u00edm\u00e9t annak ellen\u00e9re, hogy nem kapott Covid elleni v\u00e9d\u0151olt\u00e1st, ami szembe megy az ausztr\u00e1l szab\u00e1lyokkal.<\/strong><!--more--><\/p>\n<p>Ez nem siker\u00fclt neki, de csak azut\u00e1n, hogy Szerbia \u00e9s Ausztr\u00e1lia minisztereln\u00f6ke, valamint t\u00f6bb ausztr\u00e1l b\u00edr\u00f3 is belekeveredett a k\u00fczdelembe, amit mindenki elvesztett: a minisztereln\u00f6k\u00f6k, az ausztr\u00e1l tenisz b\u00edr\u00f3k \u00e9s term\u00e9szetesen Djokovic, aki elvesztette az es\u00e9lyt, hogy megnyerje 21. Grand Slam-gy\u0151zelm\u00e9t, \u00e9s a legt\u00f6bb Grand Slam-gy\u0151zelemmel rendelkez\u0151 f\u00e9rfi teniszez\u0151 legyen. Hacsak nem gondolja meg mag\u00e1t, \u00e9s nem kapja meg az olt\u00e1st, akkor a francia ny\u00edlt bajnoks\u00e1gon sem j\u00e1tszhat, mert a francia sportminiszt\u00e9rium a h\u00f3nap elej\u00e9n bejelentette, hogy nem adnak felment\u00e9st az \u00faj t\u00f6rv\u00e9ny al\u00f3l, ami el\u0151\u00edrja, hogy az embereknek olt\u00e1si igazol\u00e1ssal kell rendelkezni\u00fck ahhoz, hogy bel\u00e9phessenek olyan nyilv\u00e1nos helyekre, mint az \u00e9ttermek, k\u00e1v\u00e9z\u00f3k \u00e9s mozik. Ez a sportol\u00f3kra \u00e9s a n\u00e9z\u0151kre is vonatkozik.<\/p>\n<p>A miniszt\u00e9rium figyelmeztet\u00e9st adott ki, hogy a Covid-helyzet, \u00e9s \u00edgy a korl\u00e1toz\u00e1sok is v\u00e1ltozhatnak a m\u00e1jusi francia ny\u00edlt bajnoks\u00e1g el\u0151tt, de tov\u00e1bbi \u00e9rtes\u00edt\u00e9sig egyetlen sportol\u00f3 sem vehet r\u00e9szt semmilyen sportesem\u00e9nyen, amennyiben nem rendelkezik Covid elleni v\u00e9d\u0151olt\u00e1ssal. Ez nyilv\u00e1nval\u00f3an vonatkozik a Tour de France-ra is, ami a tervek szerint j\u00falius 1-j\u00e9n kezd\u0151dik D\u00e1ni\u00e1ban.<\/p>\n<p>Pontosabban, a francia olt\u00e1si-t\u00f6rv\u00e9ny el\u0151\u00edrja, hogy minden sportol\u00f3t \u00e9s n\u00e9z\u0151t, aki k\u00f6z\u00e9p\u00fcletbe l\u00e9p, be kell oltani, \u00edgy ennek hat\u00e1sa az egynapos versenyekre nem eg\u00e9szen egy\u00e9rtelm\u0171 &#8211; b\u00e1r a k\u00fclf\u00f6ldi ker\u00e9kp\u00e1rosok szinte biztosan nem vehetnek r\u00e9szt, hacsak nem tudnak mag\u00e1nsz\u00e1ll\u00e1st tal\u00e1lni. A francia korm\u00e1ny kijelentette, hogy a Franciaorsz\u00e1gon k\u00edv\u00fcl \u00e9l\u0151 sportol\u00f3k eset\u00e9ben sem tesznek kiv\u00e9telt. A francia eg\u00e9szs\u00e9g\u00fcgyi miniszt\u00e9rium szerint a k\u00f6vetelm\u00e9ny &#8220;tov\u00e1bbi int\u00e9zked\u00e9sig mindenkire, az \u00f6nk\u00e9ntesekre \u00e9s az \u00e9lsportol\u00f3kra is vonatkozik, bele\u00e9rtve a k\u00fclf\u00f6ldr\u0151l \u00e9rkez\u0151ket is&#8221;. M\u00e9g ha &#8211; ami val\u00f3sz\u00edn\u0171nek t\u0171nik &#8211; Franciaorsz\u00e1g a Tourra val\u00f3 tekintettel enyh\u00edti is a korl\u00e1toz\u00e1sokat, az olt\u00e1si igazolv\u00e1nyr\u00f3l sz\u00f3l\u00f3 t\u00f6rv\u00e9ny megzavarhatja a ker\u00e9kp\u00e1rosok \u00e1ltal a Tourra val\u00f3 felk\u00e9sz\u00fcl\u00e9shez haszn\u00e1lt egyhetes franciaorsz\u00e1gi versenyeket.<\/p>\n<p>Eml\u00e9keztet\u0151\u00fcl arra, hogy mennyire sebezhet\u0151ek a sportol\u00f3k ebben az \u00faj hull\u00e1mban, amit a rendk\u00edv\u00fcl fert\u0151z\u0151 omicron-v\u00e1ltozat id\u00e9z el\u0151: a Jumbo-Visma csapat janu\u00e1r k\u00f6zep\u00e9n bejelentette, hogy le\u00e1ll\u00edtotta a szezon el\u0151tti spanyol edz\u0151t\u00e1bor\u00e1t. A holland csapat sz\u00f3viv\u0151i elmondt\u00e1k, hogy a csapat egyik versenyz\u0151je pozit\u00edv lett, \u00e9s hogy ezt a szem\u00e9lyt, valamint a t\u00f6bbi embert, akivel kapcsolatba ker\u00fclt, karant\u00e9nba helyezt\u00e9k, mindenki m\u00e1st pedig hazak\u00fcldtek.<\/p>\n<p><em>&#8220;A vil\u00e1gv\u00e9ge forgat\u00f3k\u00f6nyve val\u00f3ra v\u00e1lt&#8221;<\/em> &#8211; mondta a Jumbo-Visma teljes\u00edtm\u00e9nymenedzsere, Mathieu Heijboer a csapat k\u00f6zlem\u00e9ny\u00e9ben. <em>&#8220;Ezt a forgat\u00f3k\u00f6nyvet term\u00e9szetesen figyelembe<\/em> <em>vett\u00fck. M\u00e1r eld\u00f6nt\u00f6tt\u00fck, hogyan kell viselkedni egy ilyen helyzetben, \u00e9s mindenf\u00e9le int\u00e9zked\u00e9st megtett\u00fcnk. A kil\u00e9p\u00e9s a legjobb megold\u00e1s a tov\u00e1bbi terjed\u00e9s megakad\u00e1lyoz\u00e1s\u00e1ra&#8221;.<\/em><\/p>\n<p>\u00dagy v\u00e9lik, hogy a Jumbo-Visma d\u00f6nt\u00e9se, miszerint bez\u00e1rja edz\u0151t\u00e1bor\u00e1t, csup\u00e1n az els\u0151 l\u00e9p\u00e9s.<\/p>\n","protected":false},"excerpt":{"rendered":"<p>Az idei \u00e9v sztorija eddig a vil\u00e1g els\u0151 sz\u00e1m\u00fa teniszez\u0151j\u00e9nek, Novak Djokovicsnak a t\u00f6rt\u00e9nete, \u00e9s az, hogy megpr\u00f3b\u00e1lta megv\u00e9deni az [&hellip;]<\/p>\n","protected":false},"author":71,"featured_media":12800,"comment_status":"open","ping_status":"open","sticky":false,"template":"","format":"standard","meta":{"footnotes":""},"categories":[8],"tags":[],"global-categories":[],"class_list":["post-13563","post","type-post","status-publish","format-standard","has-post-thumbnail","hentry","category-orszaguti-kerekpar"],"yoast_head":"<!-- This site is optimized with the Yoast SEO Premium plugin v25.3 (Yoast SEO v25.9) - https:\/\/yoast.com\/wordpress\/plugins\/seo\/ -->\n<title>Nincs Tour de France az oltatlan versenyz\u0151knek - egyel\u0151re<\/title>\n<meta name=\"description\" content=\"Az idei \u00e9v sztorija eddig a vil\u00e1g els\u0151 sz\u00e1m\u00fa teniszez\u0151j\u00e9nek, Novak Djokovicsnak a t\u00f6rt\u00e9nete, \u00e9s az, hogy megpr\u00f3b\u00e1lta megv\u00e9deni az Australian Openen szerzett c\u00edm\u00e9t annak ellen\u00e9re, hogy nem kapott Covid elleni v\u00e9d\u0151olt\u00e1st, ami szembe megy az ausztr\u00e1l szab\u00e1lyokkal.\" \/>\n<meta name=\"robots\" content=\"index, follow, max-snippet:-1, max-image-preview:large, max-video-preview:-1\" \/>\n<link rel=\"canonical\" href=\"https:\/\/www.welovecycling.com\/hu\/orszaguti-kerekpar\/nincs-tour-de-france-az-oltatlan-versenyzoknek-egyelore\/\" \/>\n<meta property=\"og:locale\" content=\"hu_HU\" \/>\n<meta property=\"og:type\" content=\"article\" \/>\n<meta property=\"og:title\" content=\"Nincs Tour de France az oltatlan versenyz\u0151knek - egyel\u0151re\" \/>\n<meta property=\"og:description\" content=\"Az idei \u00e9v sztorija eddig a vil\u00e1g els\u0151 sz\u00e1m\u00fa teniszez\u0151j\u00e9nek, Novak Djokovicsnak a t\u00f6rt\u00e9nete, \u00e9s az, hogy megpr\u00f3b\u00e1lta megv\u00e9deni az Australian Openen szerzett c\u00edm\u00e9t annak ellen\u00e9re, hogy nem kapott Covid elleni v\u00e9d\u0151olt\u00e1st, ami szembe megy az ausztr\u00e1l szab\u00e1lyokkal.\" \/>\n<meta property=\"og:url\" content=\"https:\/\/www.welovecycling.com\/hu\/orszaguti-kerekpar\/nincs-tour-de-france-az-oltatlan-versenyzoknek-egyelore\/\" \/>\n<meta property=\"og:site_name\" content=\"\u0160koda We Love Cycling - Magyarorsz\u00e1g\" \/>\n<meta property=\"article:publisher\" content=\"https:\/\/www.facebook.com\/WeLoveCyclingHungary\/\" \/>\n<meta property=\"article:published_time\" content=\"2022-02-09T06:00:15+00:00\" \/>\n<meta property=\"og:image\" content=\"https:\/\/d2p6e6u75xmxt8.cloudfront.net\/12\/2021\/10\/Tour-peloton-profimedia-0557231437-CVR.jpg\" \/>\n\t<meta property=\"og:image:width\" content=\"1366\" \/>\n\t<meta property=\"og:image:height\" content=\"600\" \/>\n\t<meta property=\"og:image:type\" content=\"image\/jpeg\" \/>\n<meta name=\"author\" content=\"hegyizs\" \/>\n<meta name=\"twitter:card\" content=\"summary_large_image\" \/>\n<meta name=\"twitter:label1\" content=\"Written by\" \/>\n\t<meta name=\"twitter:data1\" content=\"Siegfried Mortkowitz\" \/>\n\t<meta name=\"twitter:label2\" content=\"Est. reading time\" \/>\n\t<meta name=\"twitter:data2\" content=\"7\" \/>\n<script type=\"application\/ld+json\" class=\"yoast-schema-graph\">{\"@context\":\"https:\/\/schema.org\",\"@graph\":[{\"@type\":\"WebPage\",\"@id\":\"https:\/\/www.welovecycling.com\/hu\/orszaguti-kerekpar\/nincs-tour-de-france-az-oltatlan-versenyzoknek-egyelore\/\",\"url\":\"https:\/\/www.welovecycling.com\/hu\/orszaguti-kerekpar\/nincs-tour-de-france-az-oltatlan-versenyzoknek-egyelore\/\",\"name\":\"Nincs Tour de France az oltatlan versenyz\u0151knek - egyel\u0151re\",\"isPartOf\":{\"@id\":\"https:\/\/www.welovecycling.com\/hu\/#website\"},\"primaryImageOfPage\":{\"@id\":\"https:\/\/www.welovecycling.com\/hu\/orszaguti-kerekpar\/nincs-tour-de-france-az-oltatlan-versenyzoknek-egyelore\/#primaryimage\"},\"image\":{\"@id\":\"https:\/\/www.welovecycling.com\/hu\/orszaguti-kerekpar\/nincs-tour-de-france-az-oltatlan-versenyzoknek-egyelore\/#primaryimage\"},\"thumbnailUrl\":\"https:\/\/d2p6e6u75xmxt8.cloudfront.net\/12\/2021\/10\/Tour-peloton-profimedia-0557231437-CVR.jpg\",\"datePublished\":\"2022-02-09T06:00:15+00:00\",\"author\":{\"@id\":\"https:\/\/www.welovecycling.com\/hu\/#\/schema\/person\/414a2aebf1801691a5320edb6468e194\"},\"description\":\"Az idei \u00e9v sztorija eddig a vil\u00e1g els\u0151 sz\u00e1m\u00fa teniszez\u0151j\u00e9nek, Novak Djokovicsnak a t\u00f6rt\u00e9nete, \u00e9s az, hogy megpr\u00f3b\u00e1lta megv\u00e9deni az Australian Openen szerzett c\u00edm\u00e9t annak ellen\u00e9re, hogy nem kapott Covid elleni v\u00e9d\u0151olt\u00e1st, ami szembe megy az ausztr\u00e1l szab\u00e1lyokkal.\",\"breadcrumb\":{\"@id\":\"https:\/\/www.welovecycling.com\/hu\/orszaguti-kerekpar\/nincs-tour-de-france-az-oltatlan-versenyzoknek-egyelore\/#breadcrumb\"},\"inLanguage\":\"hu\",\"potentialAction\":[{\"@type\":\"ReadAction\",\"target\":[\"https:\/\/www.welovecycling.com\/hu\/orszaguti-kerekpar\/nincs-tour-de-france-az-oltatlan-versenyzoknek-egyelore\/\"]}]},{\"@type\":\"ImageObject\",\"inLanguage\":\"hu\",\"@id\":\"https:\/\/www.welovecycling.com\/hu\/orszaguti-kerekpar\/nincs-tour-de-france-az-oltatlan-versenyzoknek-egyelore\/#primaryimage\",\"url\":\"https:\/\/d2p6e6u75xmxt8.cloudfront.net\/12\/2021\/10\/Tour-peloton-profimedia-0557231437-CVR.jpg\",\"contentUrl\":\"https:\/\/d2p6e6u75xmxt8.cloudfront.net\/12\/2021\/10\/Tour-peloton-profimedia-0557231437-CVR.jpg\",\"width\":1366,\"height\":600},{\"@type\":\"BreadcrumbList\",\"@id\":\"https:\/\/www.welovecycling.com\/hu\/orszaguti-kerekpar\/nincs-tour-de-france-az-oltatlan-versenyzoknek-egyelore\/#breadcrumb\",\"itemListElement\":[{\"@type\":\"ListItem\",\"position\":1,\"name\":\"Home\",\"item\":\"https:\/\/www.welovecycling.com\/hu\/\"},{\"@type\":\"ListItem\",\"position\":2,\"name\":\"Nincs Tour de France az oltatlan versenyz\u0151knek &#8211; egyel\u0151re\"}]},{\"@type\":\"WebSite\",\"@id\":\"https:\/\/www.welovecycling.com\/hu\/#website\",\"url\":\"https:\/\/www.welovecycling.com\/hu\/\",\"name\":\"\u0160koda We Love Cycling - Magyarorsz\u00e1g\",\"description\":\"\u0160koda WeLoveCycling\",\"potentialAction\":[{\"@type\":\"SearchAction\",\"target\":{\"@type\":\"EntryPoint\",\"urlTemplate\":\"https:\/\/www.welovecycling.com\/hu\/?s={search_term_string}\"},\"query-input\":{\"@type\":\"PropertyValueSpecification\",\"valueRequired\":true,\"valueName\":\"search_term_string\"}}],\"inLanguage\":\"hu\"},{\"@type\":\"Person\",\"@id\":\"https:\/\/www.welovecycling.com\/hu\/#\/schema\/person\/414a2aebf1801691a5320edb6468e194\",\"name\":\"hegyizs\",\"image\":{\"@type\":\"ImageObject\",\"inLanguage\":\"hu\",\"@id\":\"https:\/\/www.welovecycling.com\/hu\/#\/schema\/person\/image\/\",\"url\":\"https:\/\/secure.gravatar.com\/avatar\/02cf8a7906b8cf90cecb4679defac7cfd33a1c2e3b88e4903d947f3bb58eedd3?s=96&d=mm&r=g\",\"contentUrl\":\"https:\/\/secure.gravatar.com\/avatar\/02cf8a7906b8cf90cecb4679defac7cfd33a1c2e3b88e4903d947f3bb58eedd3?s=96&d=mm&r=g\",\"caption\":\"hegyizs\"},\"url\":\"https:\/\/www.welovecycling.com\/hu\/author\/hegyizs\/\"}]}<\/script>\n<!-- \/ Yoast SEO Premium plugin. -->","yoast_head_json":{"title":"Nincs Tour de France az oltatlan versenyz\u0151knek - egyel\u0151re","description":"Az idei \u00e9v sztorija eddig a vil\u00e1g els\u0151 sz\u00e1m\u00fa teniszez\u0151j\u00e9nek, Novak Djokovicsnak a t\u00f6rt\u00e9nete, \u00e9s az, hogy megpr\u00f3b\u00e1lta megv\u00e9deni az Australian Openen szerzett c\u00edm\u00e9t annak ellen\u00e9re, hogy nem kapott Covid elleni v\u00e9d\u0151olt\u00e1st, ami szembe megy az ausztr\u00e1l szab\u00e1lyokkal.","robots":{"index":"index","follow":"follow","max-snippet":"max-snippet:-1","max-image-preview":"max-image-preview:large","max-video-preview":"max-video-preview:-1"},"canonical":"https:\/\/www.welovecycling.com\/hu\/orszaguti-kerekpar\/nincs-tour-de-france-az-oltatlan-versenyzoknek-egyelore\/","og_locale":"hu_HU","og_type":"article","og_title":"Nincs Tour de France az oltatlan versenyz\u0151knek - egyel\u0151re","og_description":"Az idei \u00e9v sztorija eddig a vil\u00e1g els\u0151 sz\u00e1m\u00fa teniszez\u0151j\u00e9nek, Novak Djokovicsnak a t\u00f6rt\u00e9nete, \u00e9s az, hogy megpr\u00f3b\u00e1lta megv\u00e9deni az Australian Openen szerzett c\u00edm\u00e9t annak ellen\u00e9re, hogy nem kapott Covid elleni v\u00e9d\u0151olt\u00e1st, ami szembe megy az ausztr\u00e1l szab\u00e1lyokkal.","og_url":"https:\/\/www.welovecycling.com\/hu\/orszaguti-kerekpar\/nincs-tour-de-france-az-oltatlan-versenyzoknek-egyelore\/","og_site_name":"\u0160koda We Love Cycling - Magyarorsz\u00e1g","article_publisher":"https:\/\/www.facebook.com\/WeLoveCyclingHungary\/","article_published_time":"2022-02-09T06:00:15+00:00","og_image":[{"width":1366,"height":600,"url":"https:\/\/d2p6e6u75xmxt8.cloudfront.net\/12\/2021\/10\/Tour-peloton-profimedia-0557231437-CVR.jpg","type":"image\/jpeg"}],"author":"hegyizs","twitter_card":"summary_large_image","twitter_misc":{"Written by":"Siegfried Mortkowitz","Est. reading time":"7"},"schema":{"@context":"https:\/\/schema.org","@graph":[{"@type":"WebPage","@id":"https:\/\/www.welovecycling.com\/hu\/orszaguti-kerekpar\/nincs-tour-de-france-az-oltatlan-versenyzoknek-egyelore\/","url":"https:\/\/www.welovecycling.com\/hu\/orszaguti-kerekpar\/nincs-tour-de-france-az-oltatlan-versenyzoknek-egyelore\/","name":"Nincs Tour de France az oltatlan versenyz\u0151knek - egyel\u0151re","isPartOf":{"@id":"https:\/\/www.welovecycling.com\/hu\/#website"},"primaryImageOfPage":{"@id":"https:\/\/www.welovecycling.com\/hu\/orszaguti-kerekpar\/nincs-tour-de-france-az-oltatlan-versenyzoknek-egyelore\/#primaryimage"},"image":{"@id":"https:\/\/www.welovecycling.com\/hu\/orszaguti-kerekpar\/nincs-tour-de-france-az-oltatlan-versenyzoknek-egyelore\/#primaryimage"},"thumbnailUrl":"https:\/\/d2p6e6u75xmxt8.cloudfront.net\/12\/2021\/10\/Tour-peloton-profimedia-0557231437-CVR.jpg","datePublished":"2022-02-09T06:00:15+00:00","author":{"@id":"https:\/\/www.welovecycling.com\/hu\/#\/schema\/person\/414a2aebf1801691a5320edb6468e194"},"description":"Az idei \u00e9v sztorija eddig a vil\u00e1g els\u0151 sz\u00e1m\u00fa teniszez\u0151j\u00e9nek, Novak Djokovicsnak a t\u00f6rt\u00e9nete, \u00e9s az, hogy megpr\u00f3b\u00e1lta megv\u00e9deni az Australian Openen szerzett c\u00edm\u00e9t annak ellen\u00e9re, hogy nem kapott Covid elleni v\u00e9d\u0151olt\u00e1st, ami szembe megy az ausztr\u00e1l szab\u00e1lyokkal.","breadcrumb":{"@id":"https:\/\/www.welovecycling.com\/hu\/orszaguti-kerekpar\/nincs-tour-de-france-az-oltatlan-versenyzoknek-egyelore\/#breadcrumb"},"inLanguage":"hu","potentialAction":[{"@type":"ReadAction","target":["https:\/\/www.welovecycling.com\/hu\/orszaguti-kerekpar\/nincs-tour-de-france-az-oltatlan-versenyzoknek-egyelore\/"]}]},{"@type":"ImageObject","inLanguage":"hu","@id":"https:\/\/www.welovecycling.com\/hu\/orszaguti-kerekpar\/nincs-tour-de-france-az-oltatlan-versenyzoknek-egyelore\/#primaryimage","url":"https:\/\/d2p6e6u75xmxt8.cloudfront.net\/12\/2021\/10\/Tour-peloton-profimedia-0557231437-CVR.jpg","contentUrl":"https:\/\/d2p6e6u75xmxt8.cloudfront.net\/12\/2021\/10\/Tour-peloton-profimedia-0557231437-CVR.jpg","width":1366,"height":600},{"@type":"BreadcrumbList","@id":"https:\/\/www.welovecycling.com\/hu\/orszaguti-kerekpar\/nincs-tour-de-france-az-oltatlan-versenyzoknek-egyelore\/#breadcrumb","itemListElement":[{"@type":"ListItem","position":1,"name":"Home","item":"https:\/\/www.welovecycling.com\/hu\/"},{"@type":"ListItem","position":2,"name":"Nincs Tour de France az oltatlan versenyz\u0151knek &#8211; egyel\u0151re"}]},{"@type":"WebSite","@id":"https:\/\/www.welovecycling.com\/hu\/#website","url":"https:\/\/www.welovecycling.com\/hu\/","name":"\u0160koda We Love Cycling - Magyarorsz\u00e1g","description":"\u0160koda WeLoveCycling","potentialAction":[{"@type":"SearchAction","target":{"@type":"EntryPoint","urlTemplate":"https:\/\/www.welovecycling.com\/hu\/?s={search_term_string}"},"query-input":{"@type":"PropertyValueSpecification","valueRequired":true,"valueName":"search_term_string"}}],"inLanguage":"hu"},{"@type":"Person","@id":"https:\/\/www.welovecycling.com\/hu\/#\/schema\/person\/414a2aebf1801691a5320edb6468e194","name":"hegyizs","image":{"@type":"ImageObject","inLanguage":"hu","@id":"https:\/\/www.welovecycling.com\/hu\/#\/schema\/person\/image\/","url":"https:\/\/secure.gravatar.com\/avatar\/02cf8a7906b8cf90cecb4679defac7cfd33a1c2e3b88e4903d947f3bb58eedd3?s=96&d=mm&r=g","contentUrl":"https:\/\/secure.gravatar.com\/avatar\/02cf8a7906b8cf90cecb4679defac7cfd33a1c2e3b88e4903d947f3bb58eedd3?s=96&d=mm&r=g","caption":"hegyizs"},"url":"https:\/\/www.welovecycling.com\/hu\/author\/hegyizs\/"}]}},"_links":{"self":[{"href":"https:\/\/www.welovecycling.com\/hu\/wp-json\/wp\/v2\/posts\/13563","targetHints":{"allow":["GET"]}}],"collection":[{"href":"https:\/\/www.welovecycling.com\/hu\/wp-json\/wp\/v2\/posts"}],"about":[{"href":"https:\/\/www.welovecycling.com\/hu\/wp-json\/wp\/v2\/types\/post"}],"author":[{"embeddable":true,"href":"https:\/\/www.welovecycling.com\/hu\/wp-json\/wp\/v2\/users\/71"}],"replies":[{"embeddable":true,"href":"https:\/\/www.welovecycling.com\/hu\/wp-json\/wp\/v2\/comments?post=13563"}],"version-history":[{"count":1,"href":"https:\/\/www.welovecycling.com\/hu\/wp-json\/wp\/v2\/posts\/13563\/revisions"}],"predecessor-version":[{"id":13564,"href":"https:\/\/www.welovecycling.com\/hu\/wp-json\/wp\/v2\/posts\/13563\/revisions\/13564"}],"wp:featuredmedia":[{"embeddable":true,"href":"https:\/\/www.welovecycling.com\/hu\/wp-json\/wp\/v2\/media\/12800"}],"wp:attachment":[{"href":"https:\/\/www.welovecycling.com\/hu\/wp-json\/wp\/v2\/media?parent=13563"}],"wp:term":[{"taxonomy":"category","embeddable":true,"href":"https:\/\/www.welovecycling.com\/hu\/wp-json\/wp\/v2\/categories?post=13563"},{"taxonomy":"post_tag","embeddable":true,"href":"https:\/\/www.welovecycling.com\/hu\/wp-json\/wp\/v2\/tags?post=13563"},{"taxonomy":"global-categories","embeddable":true,"href":"https:\/\/www.welovecycling.com\/hu\/wp-json\/wp\/v2\/global-categories?post=13563"}],"curies":[{"name":"wp","href":"https:\/\/api.w.org\/{rel}","templated":true}]}}