{"id":13555,"date":"2022-02-07T08:00:35","date_gmt":"2022-02-07T06:00:35","guid":{"rendered":"https:\/\/www.welovecycling.com\/hu\/?p=13555"},"modified":"2022-02-04T17:42:23","modified_gmt":"2022-02-04T15:42:23","slug":"milyen-szerepet-toltenel-be-egy-profi-csapatban","status":"publish","type":"post","link":"https:\/\/www.welovecycling.com\/hu\/orszaguti-kerekpar\/milyen-szerepet-toltenel-be-egy-profi-csapatban\/","title":{"rendered":"Milyen szerepet t\u00f6lten\u00e9l be egy profi csapatban?"},"content":{"rendered":"<p><strong>N\u00e9ha mindannyian elk\u00e9pzelj\u00fck, milyen lenne, ha r\u00e9sztvenn\u00e9nk a Tour-on, \u00e9s egy elit csapat tagjak\u00e9nt tekern\u00e9nk a legfontosabb szakaszokon. Mi lenne a te szereped? Te lenn\u00e9l a csapatod Mark Cavendishje, vagy esetleg Peter Sagant testes\u00edten\u00e9d meg? Te leszel Tadej Poga\u010dar vagy Fabian Cancellara?<\/strong><br \/>\n<!--more--><\/p>\n<h2><strong>A Sprinter<\/strong><\/h2>\n<p>Ha ritk\u00e1n vagy te a h\u00faz\u00f3er\u0151, \u00e9s szinte mindig valahol az arany z\u00f3n\u00e1ban tart\u00f3zkodsz (nem t\u00fals\u00e1gosan el\u00f6l, de nem is t\u00fals\u00e1gosan h\u00e1tul), akkor megvan benned a lehet\u0151s\u00e9g, hogy a Sprinter legy\u00e9l. De persze nem a bujk\u00e1l\u00e1s hat\u00e1rozza meg a Sprintert. Hanem az a robban\u00f3er\u0151, amivel rendelkezel. Igen, sz\u00e1m\u00edtasz a csapatt\u00e1rsaidra, akik elv\u00e9gzik a munk\u00e1t, megv\u00e9denek a sz\u00e9lt\u0151l, blokkolj\u00e1k a versenyt\u00e1rsakat, \u00e9s megnyitj\u00e1k sz\u00e1modra az utat, de amikor elj\u00f6n az ideje, az eg\u00e9sz verseny rajtad m\u00falik. Az utols\u00f3 200 m\u00e9ter csak rajtad \u00e1ll, \u00e9s azon, hogy 10-15 m\u00e1sodpercre r\u00e1 tudsz-e kapcsolni 2000W-ra.<\/p>\n<p>Ezt a teljes\u00edtm\u00e9nyt azonban csak verseny k\u00f6zben \u00e9rt\u00e9kelik. Amikor csak egy vas\u00e1rnapi teker\u00e9sen vagy, akkor csak \u00f6nz\u0151nek sz\u00e1m\u00edtasz. Sz\u00f3val ne legy\u00e9l sprinter, amikor nincs sprint!<\/p>\n<figure id=\"attachment_13556\" aria-describedby=\"caption-attachment-13556\" style=\"width: 1000px\" class=\"wp-caption alignnone\"><a href=\"https:\/\/d2p6e6u75xmxt8.cloudfront.net\/12\/2022\/02\/Sam-Bennett-profimedia-0624979403.jpg\"><img loading=\"lazy\" decoding=\"async\" class=\"wp-image-13556 size-full\" src=\"https:\/\/d2p6e6u75xmxt8.cloudfront.net\/12\/2022\/02\/Sam-Bennett-profimedia-0624979403.jpg\" alt=\"Sam Bennett\" width=\"1000\" height=\"666\" srcset=\"https:\/\/d2p6e6u75xmxt8.cloudfront.net\/12\/2022\/02\/Sam-Bennett-profimedia-0624979403.jpg 1000w, https:\/\/d2p6e6u75xmxt8.cloudfront.net\/12\/2022\/02\/Sam-Bennett-profimedia-0624979403-300x200.jpg 300w, https:\/\/d2p6e6u75xmxt8.cloudfront.net\/12\/2022\/02\/Sam-Bennett-profimedia-0624979403-768x511.jpg 768w, https:\/\/d2p6e6u75xmxt8.cloudfront.net\/12\/2022\/02\/Sam-Bennett-profimedia-0624979403-272x182.jpg 272w\" sizes=\"auto, (max-width: 1000px) 100vw, 1000px\" \/><\/a><figcaption id=\"caption-attachment-13556\" class=\"wp-caption-text\">Te vagy a csapatod Sam Bennettje? \u00a9 Profimedia<\/figcaption><\/figure>\n<h2><strong>A Bomba<\/strong><\/h2>\n<p>Amikor egy biciklis 6000-7000 kal\u00f3ri\u00e1t \u00e9get el egy \u00fat sor\u00e1n, nem t\u00fal k\u00f6nny\u0171 n\u00e9mi izomt\u00f6meget is felszednie. Nos, te kiv\u00e9tel vagy. Ink\u00e1bb hasonl\u00edtasz egy test\u00e9p\u00edt\u0151re, mint egy ker\u00e9kp\u00e1rosra &#8211; sz\u00e9lesebb v\u00e1llaidnak \u00e9s nagyobb l\u00e1baidnak k\u00f6sz\u00f6nhet\u0151en. \u00c1ltal\u00e1ban nem a k\u00fcls\u0151d tesz a csoport Bomb\u00e1j\u00e1v\u00e1, hanem az, hogy odateszed magad a r\u00f6vid emelked\u0151k\u00f6n. Te vagy az, aki az \u00fat sor\u00e1n minden meredek emelked\u0151n maxim\u00e1lisan teljes\u00edt, legyen sz\u00f3 az 50. vagy a 170. kilom\u00e9terr\u0151l. Ha azonban az emelked\u0151 kicsit hosszabbnak bizonyul a megszokottn\u00e1l, akkor nagy val\u00f3sz\u00edn\u0171s\u00e9ggel visszaesel a rangl\u00e9tr\u00e1n, \u00e9s ha nem tett\u00e9l el\u00e9g er\u0151fesz\u00edt\u00e9st, akkor ak\u00e1r teljesen ki is eshetsz a csapatb\u00f3l.<\/p>\n<p>\u00c1ltal\u00e1ban \u00f6r\u00f6m veled biciklizni. A legbrut\u00e1lisabb r\u00e9szekn\u00e9l mindig beleh\u00fazol, a s\u00edk r\u00e9szeken pedig laza vagy, kiv\u00e9ve, ha valaki megpr\u00f3b\u00e1l megel\u0151zni egy r\u00f6vid emelked\u0151n. Ilyenkor beindulnak az \u00f6szt\u00f6neid, \u00e9s annyira beleh\u00fazol, hogy soha t\u00f6bb\u00e9 nem is l\u00e1tnak (vagyis eg\u00e9szen a menet v\u00e9g\u00e9ig biztosan nem).<\/p>\n<h2><strong>A Hegym\u00e1sz\u00f3<\/strong><\/h2>\n<p>Ha m\u00e1r a m\u00e1sz\u00e1sn\u00e1l tartunk, eml\u00edts\u00fck meg a hegyek uralkod\u00f3j\u00e1t, a csapat kecsk\u00e9j\u00e9t, azt, akin\u00e9l a legnagyobb val\u00f3sz\u00edn\u0171s\u00e9ggel 200 bpm-t mutat a sz\u00edvmonitor. Ha egy emelked\u0151n az\u00e9rt el\u0151zgeted az aut\u00f3kat, mert t\u00fal lass\u00faak ahhoz, hogy tarts\u00e1k a temp\u00f3dat, akkor nagy val\u00f3sz\u00edn\u0171s\u00e9ggel te vagy a csoport hegym\u00e1sz\u00f3ja. Am\u00edg a terep s\u00edk, addig tartod a temp\u00f3t. Ha kell, vezetsz, ha kell, k\u00f6vetsz, \u00e9s mindezt profi m\u00f3don. Amint azonban a szintemelked\u00e9s k\u00e9tsz\u00e1mjegy\u0171v\u00e9 v\u00e1lik, mindennek v\u00e9ge. B\u00facs\u00fat intesz a csoportodnak, \u00e9s sok szerencs\u00e9t k\u00edv\u00e1nsz nekik. Az egyetlen h\u00e1tr\u00e1ny, hogy lesz id\u0151d meginni h\u00e1rom s\u00f6rt, am\u00edg a cs\u00facson v\u00e1rsz r\u00e1juk, \u00e9s h\u00e1rom s\u00f6r ut\u00e1n az ereszked\u00e9s sor\u00e1n gyorsan \u00e1talakulsz m\u00e1sz\u00f3b\u00f3l kaszkad\u0151rr\u00e9.<\/p>\n<h2><strong>A \u201cTrialista\u201d<\/strong><\/h2>\n<p>Ha te vagy az &#8220;egy biciklis, egy bicikli&#8221; m\u00edtosz megtestes\u00edt\u0151je, a ny\u00edlt \u00fat az otthonod, \u00e9s az egyetlen c\u00e9lod, hogy megd\u00f6ntsd az el\u0151z\u0151 id\u0151det ugyanazon az \u00fatvonalon, akkor nagy val\u00f3sz\u00edn\u0171s\u00e9ggel te vagy a csapatod Trialist\u00e1ja. Igazi er\u0151m\u0171v\u00e9sz vagy, ha a teljes\u00edtm\u00e9nyedr\u0151l van sz\u00f3. Nincs sz\u00fcks\u00e9ged a csapatra. Im\u00e1dod az \u00e1lland\u00f3s\u00e1got, \u00e9s senki \u00e9s semmi miatt nem szak\u00edtod meg. Legal\u00e1bbis addig, am\u00edg a hull\u00e1mz\u00f3 dombok hegyoldalakk\u00e1 nem v\u00e1lnak. Azut\u00e1n ugyanis gyorsan vissza\u00e1llsz a mez\u0151nybe, \u00e9s ott bujk\u00e1lsz, am\u00edg a csillagok \u00fajra \u00f6ssze nem \u00e1llnak, \u00e9s az \u00fat \u00fajra egyenes nem lesz.<\/p>\n<p>Nem arra sz\u00fclett\u00e9l, hogy csapatban tekerj, \u00e9s a csapatok nem szeretnek veled biciklizni. Egyed\u00fcl \u00e9rzed magad a legjobban, \u00e9s amikor a bar\u00e1taiddal tekersz, \u00e1ltal\u00e1ban te vagy az, aki elh\u00faz, \u00e9s a c\u00e9l\u00e1llom\u00e1son egy j\u00f3l meg\u00e9rdemelt s\u00f6rrel v\u00e1rja \u0151ket.<\/p>\n<h2><strong>A Vezet\u0151<\/strong><\/h2>\n<p>Er\u0151s vagy, gyors, \u00e9s az \u00e1ll\u00f3k\u00e9pess\u00e9ged is megvan, m\u00e9gis semmi vagy egy csapat n\u00e9lk\u00fcl. Ez\u00e9rt is jeleskedsz a parancsok osztogat\u00e1s\u00e1ban. Minden csapatnak sz\u00fcks\u00e9ge van egy vezet\u0151re, aki optimaliz\u00e1lja a teljes\u00edtm\u00e9ny\u00fcket, \u00e9s ez a te szereped. Gyors vagy, de nem olyan gyors, mint a sprinterek. Rugalmas vagy az emelked\u0151k\u00f6n, de nem annyira, mint a hegym\u00e1sz\u00f3k. Egyed\u00fcl is j\u00f3 vagy, de nem annyira, mint a trialist\u00e1k. Amiben zseni\u00e1lis vagy, az a taktika.<\/p>\n<p>Tudod, hogyan hozd ki mindenkib\u0151l a legjobbat, \u00e9s hogyan gondoskodj arr\u00f3l, hogy a csapatod mindig az \u00e9len legyen. Tudod, mikor kell t\u00e1madni, mikor kell bez\u00e1rni egy r\u00e9st, \u00e9s mikor kell egyszer\u0171en hagyni a hegym\u00e1sz\u00f3kat, hogy \u00f6nmagukat adj\u00e1k. Gondoskodsz r\u00f3la, hogy a te csapatod nyerje meg a napot. Hogy ez a sprinter, a bomba, az id\u0151futam-gy\u0151ztes vagy a te \u00e9rdemed, az nem igaz\u00e1n sz\u00e1m\u00edt. Ritk\u00e1n nyersz k\u00fcl\u00f6n szakaszokat, de mindig ott vagy az els\u0151 \u00f6tben. Ez\u00e9rt versenyzel mindig az \u00f6sszes\u00edtett gy\u0151zelem\u00e9rt &#8211; ez egy igazi csapatkapit\u00e1ny ism\u00e9rve.<\/p>\n<p>Egy bar\u00e1ti bicikliz\u00e9s sor\u00e1n olyan vagy, mint a csoport \u201canyuk\u00e1ja\u201d vagy \u201capuk\u00e1ja\u201d, tan\u00e1csokat adsz, dorg\u00e1lsz, dikt\u00e1lod a temp\u00f3t. Veled t\u00e9nyleg \u00f6r\u00f6m tekerni, hiszen mindig a csapat j\u00f3l\u00e9t\u00e9t helyezed a saj\u00e1tod el\u00e9.<\/p>\n<h2><strong>A Domestique<\/strong><\/h2>\n<p>Ha te vagy a legfiatalabb a biciklis a csapatban, sok benned az energia, \u00e9s mindig k\u00e9szen \u00e1llsz arra, hogy \u00f6r\u00f6met szerezz a rutinosabb versenyz\u0151knek, akkor te vagy a Domestique. Ez egy igaz\u00e1n h\u00e1l\u00e1tlan szerep. Minden munk\u00e1t te v\u00e9gzel, m\u00e9gsem \u00e1llsz soha a reflektorf\u00e9nyben. A Domestique az, aki a piszkos munk\u00e1t v\u00e9gzi a versenyen. Visszamegy, hogy el\u0151revigye a lemaradt csapatt\u00e1rsakat, vagy vizet hoz. M\u00e9gis el\u0151re nyomulnak annak \u00e9rdek\u00e9ben, hogy az \u00e9lre ker\u00fcljenek, \u00e9s v\u00e9gig sprintelnek egy emelked\u0151n, ellent\u00e1mad\u00e1st ind\u00edtanak, vagy les\u00f6prik a versenyt\u00e1rsakat, amikor a poz\u00edci\u00f3\u00e9rt folyik a harc. A Domestique a csapat \u00e1ldozati b\u00e1r\u00e1nya, aki soha nem gy\u0151z, pedig a munka nagy r\u00e9sz\u00e9t \u0151 v\u00e9gzi. A csapat sz\u00e1m\u00e1ra azonban n\u00e9lk\u00fcl\u00f6zhetetlenek, \u00e9s csapatt\u00e1rsaik k\u00f6r\u00e9ben nagy tiszteletnek \u00f6rvendenek.<\/p>\n<p>Gyakran te vagy az els\u0151, akit h\u00edvnak csoportos bicikliz\u00e9shez. Sokan visszautas\u00edtan\u00e1k a teker\u00e9st, ha nem lenn\u00e9l ott, hiszen te egy igazi szuperszt\u00e1r vagy. B\u00e1r te vagy a legfiatalabb, jellemz\u0151en mindenkivel t\u00f6r\u0151dsz a csoportban. Az egyik pillanatban m\u00e9g h\u00e1tul vagy, seg\u00edtesz egy bar\u00e1todnak egy emelked\u0151n, azt\u00e1n m\u00e1r sprintelsz is el\u0151re, hogy sz\u00f3lj a trialist\u00e1nak, hogy vegyen vissza egy kicsit. Ezut\u00e1n m\u00e1r az eg\u00e9sz csapatot h\u00fazod, \u00e9s gyakran hozol magaddal egy-k\u00e9t extra energiaszeletet, biztos, ami biztos. Megosztod a vizet, az \u00e9lelmet, \u00e9s n\u00e1lad vannak a tartal\u00e9k alkatr\u00e9szek \u00e9s szersz\u00e1mok. Egyszem\u00e9lyes szuperszt\u00e1r vagy, \u00e9s mindenki szeret t\u00e9ged. Lehetsz az utols\u00f3, aki a v\u00e9g\u00e9n megkapja a j\u00f3l meg\u00e9rdemelt s\u00f6rt, m\u00e9gis mindenki megv\u00e1r \u00e9s el\u0151k\u00e9sz\u00edti neked a helyet. J\u00f3 \u00e9rz\u00e9s egy bar\u00e1ti t\u00far\u00e1n a Domestique-nek lenni. Egy versenyen &#8211; nem annyira.<\/p>\n","protected":false},"excerpt":{"rendered":"<p>N\u00e9ha mindannyian elk\u00e9pzelj\u00fck, milyen lenne, ha r\u00e9sztvenn\u00e9nk a Tour-on, \u00e9s egy elit csapat tagjak\u00e9nt tekern\u00e9nk a legfontosabb szakaszokon. Mi lenne [&hellip;]<\/p>\n","protected":false},"author":71,"featured_media":13558,"comment_status":"open","ping_status":"open","sticky":false,"template":"","format":"standard","meta":{"footnotes":""},"categories":[8],"tags":[],"global-categories":[],"class_list":["post-13555","post","type-post","status-publish","format-standard","has-post-thumbnail","hentry","category-orszaguti-kerekpar"],"yoast_head":"<!-- This site is optimized with the Yoast SEO Premium plugin v25.3 (Yoast SEO v25.9) - https:\/\/yoast.com\/wordpress\/plugins\/seo\/ -->\n<title>Milyen szerepet t\u00f6lten\u00e9l be egy profi csapatban?<\/title>\n<meta name=\"description\" content=\"N\u00e9ha mindannyian elk\u00e9pzelj\u00fck, milyen lenne, ha r\u00e9sztvenn\u00e9nk a Tour-on, \u00e9s egy elit csapat tagjak\u00e9nt tekern\u00e9nk a legfontosabb szakaszokon. Mi lenne a te szereped? Te lenn\u00e9l a csapatod Mark Cavendishje, vagy esetleg Peter Sagant testes\u00edten\u00e9d meg? Te leszel Tadej Poga\u010dar vagy Fabian Cancellara?\" \/>\n<meta name=\"robots\" content=\"index, follow, max-snippet:-1, max-image-preview:large, max-video-preview:-1\" \/>\n<link rel=\"canonical\" href=\"https:\/\/www.welovecycling.com\/hu\/orszaguti-kerekpar\/milyen-szerepet-toltenel-be-egy-profi-csapatban\/\" \/>\n<meta property=\"og:locale\" content=\"hu_HU\" \/>\n<meta property=\"og:type\" content=\"article\" \/>\n<meta property=\"og:title\" content=\"Milyen szerepet t\u00f6lten\u00e9l be egy profi csapatban?\" \/>\n<meta property=\"og:description\" content=\"N\u00e9ha mindannyian elk\u00e9pzelj\u00fck, milyen lenne, ha r\u00e9sztvenn\u00e9nk a Tour-on, \u00e9s egy elit csapat tagjak\u00e9nt tekern\u00e9nk a legfontosabb szakaszokon. Mi lenne a te szereped? Te lenn\u00e9l a csapatod Mark Cavendishje, vagy esetleg Peter Sagant testes\u00edten\u00e9d meg? Te leszel Tadej Poga\u010dar vagy Fabian Cancellara?\" \/>\n<meta property=\"og:url\" content=\"https:\/\/www.welovecycling.com\/hu\/orszaguti-kerekpar\/milyen-szerepet-toltenel-be-egy-profi-csapatban\/\" \/>\n<meta property=\"og:site_name\" content=\"\u0160koda We Love Cycling - Magyarorsz\u00e1g\" \/>\n<meta property=\"article:publisher\" content=\"https:\/\/www.facebook.com\/WeLoveCyclingHungary\/\" \/>\n<meta property=\"article:published_time\" content=\"2022-02-07T06:00:35+00:00\" \/>\n<meta property=\"og:image\" content=\"https:\/\/d2p6e6u75xmxt8.cloudfront.net\/12\/2022\/02\/Cycling-womens-peloton-profimedia-0652913745-CVR.jpg\" \/>\n\t<meta property=\"og:image:width\" content=\"1366\" \/>\n\t<meta property=\"og:image:height\" content=\"600\" \/>\n\t<meta property=\"og:image:type\" content=\"image\/jpeg\" \/>\n<meta name=\"author\" content=\"hegyizs\" \/>\n<meta name=\"twitter:card\" content=\"summary_large_image\" \/>\n<meta name=\"twitter:label1\" content=\"Written by\" \/>\n\t<meta name=\"twitter:data1\" content=\"Martin Atanasov\" \/>\n\t<meta name=\"twitter:label2\" content=\"Est. reading time\" \/>\n\t<meta name=\"twitter:data2\" content=\"6\" \/>\n<script type=\"application\/ld+json\" class=\"yoast-schema-graph\">{\"@context\":\"https:\/\/schema.org\",\"@graph\":[{\"@type\":\"WebPage\",\"@id\":\"https:\/\/www.welovecycling.com\/hu\/orszaguti-kerekpar\/milyen-szerepet-toltenel-be-egy-profi-csapatban\/\",\"url\":\"https:\/\/www.welovecycling.com\/hu\/orszaguti-kerekpar\/milyen-szerepet-toltenel-be-egy-profi-csapatban\/\",\"name\":\"Milyen szerepet t\u00f6lten\u00e9l be egy profi csapatban?\",\"isPartOf\":{\"@id\":\"https:\/\/www.welovecycling.com\/hu\/#website\"},\"primaryImageOfPage\":{\"@id\":\"https:\/\/www.welovecycling.com\/hu\/orszaguti-kerekpar\/milyen-szerepet-toltenel-be-egy-profi-csapatban\/#primaryimage\"},\"image\":{\"@id\":\"https:\/\/www.welovecycling.com\/hu\/orszaguti-kerekpar\/milyen-szerepet-toltenel-be-egy-profi-csapatban\/#primaryimage\"},\"thumbnailUrl\":\"https:\/\/d2p6e6u75xmxt8.cloudfront.net\/12\/2022\/02\/Cycling-womens-peloton-profimedia-0652913745-CVR.jpg\",\"datePublished\":\"2022-02-07T06:00:35+00:00\",\"author\":{\"@id\":\"https:\/\/www.welovecycling.com\/hu\/#\/schema\/person\/414a2aebf1801691a5320edb6468e194\"},\"description\":\"N\u00e9ha mindannyian elk\u00e9pzelj\u00fck, milyen lenne, ha r\u00e9sztvenn\u00e9nk a Tour-on, \u00e9s egy elit csapat tagjak\u00e9nt tekern\u00e9nk a legfontosabb szakaszokon. Mi lenne a te szereped? Te lenn\u00e9l a csapatod Mark Cavendishje, vagy esetleg Peter Sagant testes\u00edten\u00e9d meg? Te leszel Tadej Poga\u010dar vagy Fabian Cancellara?\",\"breadcrumb\":{\"@id\":\"https:\/\/www.welovecycling.com\/hu\/orszaguti-kerekpar\/milyen-szerepet-toltenel-be-egy-profi-csapatban\/#breadcrumb\"},\"inLanguage\":\"hu\",\"potentialAction\":[{\"@type\":\"ReadAction\",\"target\":[\"https:\/\/www.welovecycling.com\/hu\/orszaguti-kerekpar\/milyen-szerepet-toltenel-be-egy-profi-csapatban\/\"]}]},{\"@type\":\"ImageObject\",\"inLanguage\":\"hu\",\"@id\":\"https:\/\/www.welovecycling.com\/hu\/orszaguti-kerekpar\/milyen-szerepet-toltenel-be-egy-profi-csapatban\/#primaryimage\",\"url\":\"https:\/\/d2p6e6u75xmxt8.cloudfront.net\/12\/2022\/02\/Cycling-womens-peloton-profimedia-0652913745-CVR.jpg\",\"contentUrl\":\"https:\/\/d2p6e6u75xmxt8.cloudfront.net\/12\/2022\/02\/Cycling-womens-peloton-profimedia-0652913745-CVR.jpg\",\"width\":1366,\"height\":600,\"caption\":\"Women's Peloton\"},{\"@type\":\"BreadcrumbList\",\"@id\":\"https:\/\/www.welovecycling.com\/hu\/orszaguti-kerekpar\/milyen-szerepet-toltenel-be-egy-profi-csapatban\/#breadcrumb\",\"itemListElement\":[{\"@type\":\"ListItem\",\"position\":1,\"name\":\"Home\",\"item\":\"https:\/\/www.welovecycling.com\/hu\/\"},{\"@type\":\"ListItem\",\"position\":2,\"name\":\"Milyen szerepet t\u00f6lten\u00e9l be egy profi csapatban?\"}]},{\"@type\":\"WebSite\",\"@id\":\"https:\/\/www.welovecycling.com\/hu\/#website\",\"url\":\"https:\/\/www.welovecycling.com\/hu\/\",\"name\":\"\u0160koda We Love Cycling - Magyarorsz\u00e1g\",\"description\":\"\u0160koda WeLoveCycling\",\"potentialAction\":[{\"@type\":\"SearchAction\",\"target\":{\"@type\":\"EntryPoint\",\"urlTemplate\":\"https:\/\/www.welovecycling.com\/hu\/?s={search_term_string}\"},\"query-input\":{\"@type\":\"PropertyValueSpecification\",\"valueRequired\":true,\"valueName\":\"search_term_string\"}}],\"inLanguage\":\"hu\"},{\"@type\":\"Person\",\"@id\":\"https:\/\/www.welovecycling.com\/hu\/#\/schema\/person\/414a2aebf1801691a5320edb6468e194\",\"name\":\"hegyizs\",\"image\":{\"@type\":\"ImageObject\",\"inLanguage\":\"hu\",\"@id\":\"https:\/\/www.welovecycling.com\/hu\/#\/schema\/person\/image\/\",\"url\":\"https:\/\/secure.gravatar.com\/avatar\/02cf8a7906b8cf90cecb4679defac7cfd33a1c2e3b88e4903d947f3bb58eedd3?s=96&d=mm&r=g\",\"contentUrl\":\"https:\/\/secure.gravatar.com\/avatar\/02cf8a7906b8cf90cecb4679defac7cfd33a1c2e3b88e4903d947f3bb58eedd3?s=96&d=mm&r=g\",\"caption\":\"hegyizs\"},\"url\":\"https:\/\/www.welovecycling.com\/hu\/author\/hegyizs\/\"}]}<\/script>\n<!-- \/ Yoast SEO Premium plugin. -->","yoast_head_json":{"title":"Milyen szerepet t\u00f6lten\u00e9l be egy profi csapatban?","description":"N\u00e9ha mindannyian elk\u00e9pzelj\u00fck, milyen lenne, ha r\u00e9sztvenn\u00e9nk a Tour-on, \u00e9s egy elit csapat tagjak\u00e9nt tekern\u00e9nk a legfontosabb szakaszokon. Mi lenne a te szereped? Te lenn\u00e9l a csapatod Mark Cavendishje, vagy esetleg Peter Sagant testes\u00edten\u00e9d meg? Te leszel Tadej Poga\u010dar vagy Fabian Cancellara?","robots":{"index":"index","follow":"follow","max-snippet":"max-snippet:-1","max-image-preview":"max-image-preview:large","max-video-preview":"max-video-preview:-1"},"canonical":"https:\/\/www.welovecycling.com\/hu\/orszaguti-kerekpar\/milyen-szerepet-toltenel-be-egy-profi-csapatban\/","og_locale":"hu_HU","og_type":"article","og_title":"Milyen szerepet t\u00f6lten\u00e9l be egy profi csapatban?","og_description":"N\u00e9ha mindannyian elk\u00e9pzelj\u00fck, milyen lenne, ha r\u00e9sztvenn\u00e9nk a Tour-on, \u00e9s egy elit csapat tagjak\u00e9nt tekern\u00e9nk a legfontosabb szakaszokon. Mi lenne a te szereped? Te lenn\u00e9l a csapatod Mark Cavendishje, vagy esetleg Peter Sagant testes\u00edten\u00e9d meg? Te leszel Tadej Poga\u010dar vagy Fabian Cancellara?","og_url":"https:\/\/www.welovecycling.com\/hu\/orszaguti-kerekpar\/milyen-szerepet-toltenel-be-egy-profi-csapatban\/","og_site_name":"\u0160koda We Love Cycling - Magyarorsz\u00e1g","article_publisher":"https:\/\/www.facebook.com\/WeLoveCyclingHungary\/","article_published_time":"2022-02-07T06:00:35+00:00","og_image":[{"width":1366,"height":600,"url":"https:\/\/d2p6e6u75xmxt8.cloudfront.net\/12\/2022\/02\/Cycling-womens-peloton-profimedia-0652913745-CVR.jpg","type":"image\/jpeg"}],"author":"hegyizs","twitter_card":"summary_large_image","twitter_misc":{"Written by":"Martin Atanasov","Est. reading time":"6"},"schema":{"@context":"https:\/\/schema.org","@graph":[{"@type":"WebPage","@id":"https:\/\/www.welovecycling.com\/hu\/orszaguti-kerekpar\/milyen-szerepet-toltenel-be-egy-profi-csapatban\/","url":"https:\/\/www.welovecycling.com\/hu\/orszaguti-kerekpar\/milyen-szerepet-toltenel-be-egy-profi-csapatban\/","name":"Milyen szerepet t\u00f6lten\u00e9l be egy profi csapatban?","isPartOf":{"@id":"https:\/\/www.welovecycling.com\/hu\/#website"},"primaryImageOfPage":{"@id":"https:\/\/www.welovecycling.com\/hu\/orszaguti-kerekpar\/milyen-szerepet-toltenel-be-egy-profi-csapatban\/#primaryimage"},"image":{"@id":"https:\/\/www.welovecycling.com\/hu\/orszaguti-kerekpar\/milyen-szerepet-toltenel-be-egy-profi-csapatban\/#primaryimage"},"thumbnailUrl":"https:\/\/d2p6e6u75xmxt8.cloudfront.net\/12\/2022\/02\/Cycling-womens-peloton-profimedia-0652913745-CVR.jpg","datePublished":"2022-02-07T06:00:35+00:00","author":{"@id":"https:\/\/www.welovecycling.com\/hu\/#\/schema\/person\/414a2aebf1801691a5320edb6468e194"},"description":"N\u00e9ha mindannyian elk\u00e9pzelj\u00fck, milyen lenne, ha r\u00e9sztvenn\u00e9nk a Tour-on, \u00e9s egy elit csapat tagjak\u00e9nt tekern\u00e9nk a legfontosabb szakaszokon. Mi lenne a te szereped? Te lenn\u00e9l a csapatod Mark Cavendishje, vagy esetleg Peter Sagant testes\u00edten\u00e9d meg? Te leszel Tadej Poga\u010dar vagy Fabian Cancellara?","breadcrumb":{"@id":"https:\/\/www.welovecycling.com\/hu\/orszaguti-kerekpar\/milyen-szerepet-toltenel-be-egy-profi-csapatban\/#breadcrumb"},"inLanguage":"hu","potentialAction":[{"@type":"ReadAction","target":["https:\/\/www.welovecycling.com\/hu\/orszaguti-kerekpar\/milyen-szerepet-toltenel-be-egy-profi-csapatban\/"]}]},{"@type":"ImageObject","inLanguage":"hu","@id":"https:\/\/www.welovecycling.com\/hu\/orszaguti-kerekpar\/milyen-szerepet-toltenel-be-egy-profi-csapatban\/#primaryimage","url":"https:\/\/d2p6e6u75xmxt8.cloudfront.net\/12\/2022\/02\/Cycling-womens-peloton-profimedia-0652913745-CVR.jpg","contentUrl":"https:\/\/d2p6e6u75xmxt8.cloudfront.net\/12\/2022\/02\/Cycling-womens-peloton-profimedia-0652913745-CVR.jpg","width":1366,"height":600,"caption":"Women's Peloton"},{"@type":"BreadcrumbList","@id":"https:\/\/www.welovecycling.com\/hu\/orszaguti-kerekpar\/milyen-szerepet-toltenel-be-egy-profi-csapatban\/#breadcrumb","itemListElement":[{"@type":"ListItem","position":1,"name":"Home","item":"https:\/\/www.welovecycling.com\/hu\/"},{"@type":"ListItem","position":2,"name":"Milyen szerepet t\u00f6lten\u00e9l be egy profi csapatban?"}]},{"@type":"WebSite","@id":"https:\/\/www.welovecycling.com\/hu\/#website","url":"https:\/\/www.welovecycling.com\/hu\/","name":"\u0160koda We Love Cycling - Magyarorsz\u00e1g","description":"\u0160koda WeLoveCycling","potentialAction":[{"@type":"SearchAction","target":{"@type":"EntryPoint","urlTemplate":"https:\/\/www.welovecycling.com\/hu\/?s={search_term_string}"},"query-input":{"@type":"PropertyValueSpecification","valueRequired":true,"valueName":"search_term_string"}}],"inLanguage":"hu"},{"@type":"Person","@id":"https:\/\/www.welovecycling.com\/hu\/#\/schema\/person\/414a2aebf1801691a5320edb6468e194","name":"hegyizs","image":{"@type":"ImageObject","inLanguage":"hu","@id":"https:\/\/www.welovecycling.com\/hu\/#\/schema\/person\/image\/","url":"https:\/\/secure.gravatar.com\/avatar\/02cf8a7906b8cf90cecb4679defac7cfd33a1c2e3b88e4903d947f3bb58eedd3?s=96&d=mm&r=g","contentUrl":"https:\/\/secure.gravatar.com\/avatar\/02cf8a7906b8cf90cecb4679defac7cfd33a1c2e3b88e4903d947f3bb58eedd3?s=96&d=mm&r=g","caption":"hegyizs"},"url":"https:\/\/www.welovecycling.com\/hu\/author\/hegyizs\/"}]}},"_links":{"self":[{"href":"https:\/\/www.welovecycling.com\/hu\/wp-json\/wp\/v2\/posts\/13555","targetHints":{"allow":["GET"]}}],"collection":[{"href":"https:\/\/www.welovecycling.com\/hu\/wp-json\/wp\/v2\/posts"}],"about":[{"href":"https:\/\/www.welovecycling.com\/hu\/wp-json\/wp\/v2\/types\/post"}],"author":[{"embeddable":true,"href":"https:\/\/www.welovecycling.com\/hu\/wp-json\/wp\/v2\/users\/71"}],"replies":[{"embeddable":true,"href":"https:\/\/www.welovecycling.com\/hu\/wp-json\/wp\/v2\/comments?post=13555"}],"version-history":[{"count":2,"href":"https:\/\/www.welovecycling.com\/hu\/wp-json\/wp\/v2\/posts\/13555\/revisions"}],"predecessor-version":[{"id":13559,"href":"https:\/\/www.welovecycling.com\/hu\/wp-json\/wp\/v2\/posts\/13555\/revisions\/13559"}],"wp:featuredmedia":[{"embeddable":true,"href":"https:\/\/www.welovecycling.com\/hu\/wp-json\/wp\/v2\/media\/13558"}],"wp:attachment":[{"href":"https:\/\/www.welovecycling.com\/hu\/wp-json\/wp\/v2\/media?parent=13555"}],"wp:term":[{"taxonomy":"category","embeddable":true,"href":"https:\/\/www.welovecycling.com\/hu\/wp-json\/wp\/v2\/categories?post=13555"},{"taxonomy":"post_tag","embeddable":true,"href":"https:\/\/www.welovecycling.com\/hu\/wp-json\/wp\/v2\/tags?post=13555"},{"taxonomy":"global-categories","embeddable":true,"href":"https:\/\/www.welovecycling.com\/hu\/wp-json\/wp\/v2\/global-categories?post=13555"}],"curies":[{"name":"wp","href":"https:\/\/api.w.org\/{rel}","templated":true}]}}