{"id":13549,"date":"2022-02-11T08:00:23","date_gmt":"2022-02-11T06:00:23","guid":{"rendered":"https:\/\/www.welovecycling.com\/hu\/?p=13549"},"modified":"2022-02-04T17:45:24","modified_gmt":"2022-02-04T15:45:24","slug":"miert-pont-ennyi-mindent-a-biciklik-arcedulairol","status":"publish","type":"post","link":"https:\/\/www.welovecycling.com\/hu\/kozosseg-es-kultura\/miert-pont-ennyi-mindent-a-biciklik-arcedulairol\/","title":{"rendered":"Mi\u00e9rt pont ennyi? \u2013 Mindent a biciklik \u00e1rc\u00e9dul\u00e1ir\u00f3l"},"content":{"rendered":"<p><strong>A biciklik \u00e1ra manaps\u00e1g k\u00f6nnyen let\u00f6rhetik az ember lelkesed\u00e9s\u00e9t. Mi\u00e9rt dr\u00e1g\u00e1bb n\u00e9h\u00e1ny bicaj a t\u00f6bbin\u00e9l? Az avatatlan szem\u0171 fogyaszt\u00f3 sz\u00e1m\u00e1ra neh\u00e9z \u00e9szrevenni a k\u00fcl\u00f6nbs\u00e9geket. Pedig vannak.<\/strong><\/p>\n<p><!--more--><\/p>\n<h2><strong>Ker\u00e9kp\u00e1rbolt kontra nagy\u00e1ruh\u00e1z<\/strong><\/h2>\n<p>A k\u00e9t kiskereskedelmi \u00fczletben \u00e1rult ker\u00e9kp\u00e1rok l\u00e1tsz\u00f3lag hasonl\u00f3ak, m\u00e9gis nagyon k\u00fcl\u00f6nb\u00f6znek. Minden bicikli, amit egy nagy\u00e1ruh\u00e1zban \u00e1rulnak egy\u00fctt a kerti felszerel\u00e9sekkel, pap\u00edrt\u00f6rl\u0151vel \u00e9s hulahoppkarik\u00e1kkal, alap min\u0151s\u00e9g\u0171, \u00e9s \u00fagy tervezt\u00e9k, hogy megfeleljen annak az anyagi elv\u00e1r\u00e1snak, amit a v\u00e1s\u00e1rl\u00f3ik korrekt \u00e1rnak tartanak k\u00e9t ker\u00e9k\u00e9rt, egy p\u00e1r ped\u00e1l\u00e9rt, egy v\u00e1z\u00e9rt \u00e9s egy sebess\u00e9gv\u00e1lt\u00f3\u00e9rt. Mennyire lehet dr\u00e1ga egy ilyen ker\u00e9kp\u00e1r?<\/p>\n<figure id=\"attachment_13550\" aria-describedby=\"caption-attachment-13550\" style=\"width: 1250px\" class=\"wp-caption alignnone\"><a href=\"https:\/\/d2p6e6u75xmxt8.cloudfront.net\/12\/2022\/02\/Bicycle-shop-profimedia-0556684330.jpg\"><img loading=\"lazy\" decoding=\"async\" class=\"size-full wp-image-13550\" src=\"https:\/\/d2p6e6u75xmxt8.cloudfront.net\/12\/2022\/02\/Bicycle-shop-profimedia-0556684330.jpg\" alt=\"Bicycle shop\" width=\"1250\" height=\"833\" srcset=\"https:\/\/d2p6e6u75xmxt8.cloudfront.net\/12\/2022\/02\/Bicycle-shop-profimedia-0556684330.jpg 1250w, https:\/\/d2p6e6u75xmxt8.cloudfront.net\/12\/2022\/02\/Bicycle-shop-profimedia-0556684330-300x200.jpg 300w, https:\/\/d2p6e6u75xmxt8.cloudfront.net\/12\/2022\/02\/Bicycle-shop-profimedia-0556684330-1024x682.jpg 1024w, https:\/\/d2p6e6u75xmxt8.cloudfront.net\/12\/2022\/02\/Bicycle-shop-profimedia-0556684330-768x512.jpg 768w, https:\/\/d2p6e6u75xmxt8.cloudfront.net\/12\/2022\/02\/Bicycle-shop-profimedia-0556684330-272x182.jpg 272w\" sizes=\"auto, (max-width: 1250px) 100vw, 1250px\" \/><\/a><figcaption id=\"caption-attachment-13550\" class=\"wp-caption-text\"><em>Mi\u00e9rt van az, hogy egyes biciklik sokkal dr\u00e1g\u00e1bbak? \u00a9 Profimedia<\/em><\/figcaption><\/figure>\n<p>Nos, ha nem tudod, akkor nem tudod. Ugyanez az elm\u00e9let \u00e9rv\u00e9nyes b\u00e1rmelyik szakter\u00fcletre. Rengeteg olyan t\u00e1rgy van, ami\u00e9rt olyan szemet gy\u00f6ny\u00f6rk\u00f6dtet\u0151 \u00e1rakat k\u00e9rnek, hogy \u00e9n is hitetlenkedni kezdek. Egyszer\u0171en nem vagyok annyira j\u00e1rtas, hogy meg\u00e9rtsem a k\u00fcl\u00f6nbs\u00e9get.<\/p>\n<p>Nincs semmi baj a nagy\u00e1ruh\u00e1zak ker\u00e9kp\u00e1rjaival. Nagyon sz\u00e9les k\u00f6z\u00f6ns\u00e9get szolg\u00e1lnak ki, \u00e9s sok helyzetben t\u00f6k\u00e9letes v\u00e1laszt\u00e1snak bizonyulnak. De amikor egy v\u00e1s\u00e1rl\u00f3 biciklit keres, hogy csatlakozzon a helyi csapatt\u00far\u00e1hoz, vagy benevezzen az els\u0151 gravel vagy orsz\u00e1g\u00fati verseny\u00e9re, akkor rossz helyen keresg\u00e9l.<\/p>\n<h2><strong>Elv\u00e1r\u00e1s vs. min\u0151s\u00e9g<\/strong><\/h2>\n<p>A Schwinn, a Mongoose \u00e9s a Raleigh olyan nevek lehetnek, amiket gyerekkorodb\u00f3l ismersz, olyan c\u00edmk\u00e9k, amelyekr\u0151l azt hiszed, hogy megb\u00edzhatsz benn\u00fck, de m\u00e1r nem azok, amik r\u00e9gen voltak. Az \u00e9vek sor\u00e1n ezek a j\u00f3l ismert m\u00e1rk\u00e1k cs\u0151dbe mentek, \u00e9s nagyobb c\u00e9gek v\u00e1s\u00e1rolt\u00e1k fel \u0151ket az\u00e9rt, hogy beker\u00fcljenek a szupermarketekbe.<\/p>\n<p>Azok a bicikligy\u00e1rt\u00f3k, akik ezekben a boltokban \u00e1rulj\u00e1k a m\u00e1rk\u00e1ikat, a k\u00f6lts\u00e9geket \u00fagy minimaliz\u00e1lj\u00e1k, hogy gyeng\u00e9bb min\u0151s\u00e9g\u0171 \u00e9s kev\u00e9sb\u00e9 tart\u00f3s anyagokat haszn\u00e1lnak. A ker\u00e9kp\u00e1r h\u00e1ts\u00f3 v\u00e1lt\u00f3j\u00e1nak elk\u00e9sz\u00edt\u00e9s\u00e9hez p\u00e9ld\u00e1ul fr\u00f6ccs\u00f6nt\u00f6tt m\u0171anyagot. A v\u00e1zak \u00e9s kerekek eset\u00e9ben az alum\u00edniumot olcs\u00f3 l\u00e1gyac\u00e9l helyettes\u00edti. A ker\u00e9kp\u00e1r tizenegy vagy tizenk\u00e9t sebess\u00e9g helyett csak kilenc sebess\u00e9gfokozat\u00fa lehet.<\/p>\n<p>\u00c9s ki szereli \u00f6ssze ezeket a ker\u00e9kp\u00e1rokat? Ugyanazok a szem\u00e9lyek k\u00e9sz\u00edtik el\u0151 \u0151ket elad\u00e1sra, akik a teraszb\u00fatorokat vagy m\u00e1s ki\u00e1ll\u00edtott t\u00e1rgyakat szerelik \u00f6ssze, vagyis nem ker\u00e9kp\u00e1ros szakemberek. A biciklik mozg\u00f3 j\u00e1rm\u0171vek, \u00e9s a szem\u00e9lyes biztons\u00e1g \u00e9rdek\u00e9ben megb\u00edzhat\u00f3 f\u00e9kekre van sz\u00fcks\u00e9g. Mindig b\u00f6lcsen kell v\u00e1lasztanod, ha a szem\u00e9lyes biztons\u00e1godr\u00f3l van sz\u00f3.<\/p>\n<h2><strong>K\u00f6zvetlen\u00fcl a fogyaszt\u00f3knak sz\u00e1nt m\u00e1rk\u00e1k<\/strong><\/h2>\n<p>P\u00e9nzt takar\u00edthatsz meg a ker\u00e9kp\u00e1ron, ha olyan min\u0151s\u00e9gi m\u00e1rk\u00e1t\u00f3l v\u00e1s\u00e1rolod meg, ami k\u00f6zvetlen\u00fcl a fogyaszt\u00f3knak \u00e9rt\u00e9kes\u00edt (DTC). A v\u00e1s\u00e1rl\u00f3k teljesen elker\u00fclhetik a k\u00f6zvet\u00edt\u0151i \u00e1rr\u00e9st, ha olyan DTC c\u00e9gekt\u0151l v\u00e1s\u00e1rolnak, mint a Canyon, YT, Ventum, Ribble, Planet X, Commen\u00e7al \u00e9s Fezzari, amik fantasztikus orsz\u00e1g\u00fati, gravel \u00e9s hegyi ker\u00e9kp\u00e1rokat gy\u00e1rtanak k\u00fcl\u00f6nb\u00f6z\u0151 v\u00e1zanyagokkal.<\/p>\n<p>A DTC m\u00e1rk\u00e1k ugyanolyan magas min\u0151s\u00e9get, megb\u00edzhat\u00f3s\u00e1got \u00e9s \u00fcgyf\u00e9lszolg\u00e1latot ny\u00fajtanak, mint a hagyom\u00e1nyos ker\u00e9kp\u00e1rboltokban tal\u00e1lhat\u00f3 m\u00e1rk\u00e1k. B\u00f3nuszk\u00e9nt t\u00f6bb \u00e9rt\u00e9ket tudnak k\u00edn\u00e1lni a versenyk\u00e9pes m\u00e1rk\u00e1k \u00e1rsz\u00ednvonal\u00e1n, mivel nem fizetnek a ker\u00e9kp\u00e1r\u00fczletek h\u00e1l\u00f3zat\u00e1nak. Ha megvan a tud\u00e1sod \u00e9s a k\u00e9szs\u00e9ged, hogy \u00f6ssze\u00e1ll\u00edtsd a rendel\u00e9sed fennmarad\u00f3 darabjait, akkor mindenk\u00e9ppen meg\u00e9ri a f\u00e1rads\u00e1got. \u00c9s m\u00e9g ha nem is hiszed, hogy egyed\u00fcl meg tudn\u00e1d csin\u00e1lni \u00e9s a helyi bicikli boltnak fizetsz, hogy elv\u00e9gezze helyetted, akkor is mindenki nyer.<\/p>\n<h2><strong>A helyi ker\u00e9kp\u00e1rbolt<\/strong><\/h2>\n<p>A helyi boltban v\u00e1s\u00e1rolt csillog\u00f3 \u00faj ker\u00e9kp\u00e1r \u00e1rc\u00e9dul\u00e1j\u00e1nak r\u00e9sze a szakszer\u0171 kiszolg\u00e1l\u00e1s \u00e9s \u00fatmutat\u00e1s, amit az elad\u00f3kt\u00f3l kapsz. Szem\u00e9lyesen besz\u00e9lhetsz a bicikli t\u00edpus\u00e1r\u00f3l \u00e9s a c\u00e9ljaidr\u00f3l, megoszthatod a t\u00f6rt\u00e9neteidet, \u00e9s val\u00f3ban l\u00e1thatj\u00e1k, hogyan illik hozz\u00e1d a ker\u00e9kp\u00e1r. Az \u0151 szak\u00e9rtelm\u00fck azt jelenti, hogy az ig\u00e9nyeidnek megfelel\u0151 tulajdons\u00e1gokkal rendelkez\u0151 ker\u00e9kp\u00e1rt \u00e9s a sz\u00e1modra legmegfelel\u0151bb m\u00e9retet fogod megv\u00e1s\u00e1rolni.<\/p>\n<figure id=\"attachment_13551\" aria-describedby=\"caption-attachment-13551\" style=\"width: 1250px\" class=\"wp-caption alignnone\"><a href=\"https:\/\/d2p6e6u75xmxt8.cloudfront.net\/12\/2022\/02\/profimedia-0351765066.jpg\"><img loading=\"lazy\" decoding=\"async\" class=\"wp-image-13551 size-full\" src=\"https:\/\/d2p6e6u75xmxt8.cloudfront.net\/12\/2022\/02\/profimedia-0351765066.jpg\" alt=\"BIke shop\" width=\"1250\" height=\"833\" srcset=\"https:\/\/d2p6e6u75xmxt8.cloudfront.net\/12\/2022\/02\/profimedia-0351765066.jpg 1250w, https:\/\/d2p6e6u75xmxt8.cloudfront.net\/12\/2022\/02\/profimedia-0351765066-300x200.jpg 300w, https:\/\/d2p6e6u75xmxt8.cloudfront.net\/12\/2022\/02\/profimedia-0351765066-1024x682.jpg 1024w, https:\/\/d2p6e6u75xmxt8.cloudfront.net\/12\/2022\/02\/profimedia-0351765066-768x512.jpg 768w, https:\/\/d2p6e6u75xmxt8.cloudfront.net\/12\/2022\/02\/profimedia-0351765066-272x182.jpg 272w\" sizes=\"auto, (max-width: 1250px) 100vw, 1250px\" \/><\/a><figcaption id=\"caption-attachment-13551\" class=\"wp-caption-text\">A helyi bolt szakemberei seg\u00edthetnek kiv\u00e1lasztani a megfelel\u0151 ker\u00e9kp\u00e1rt. \u00a9 Profimedia<\/figcaption><\/figure>\n<h2><strong>Els\u0151 oszt\u00e1ly\u00fa anyagok<\/strong><\/h2>\n<p>Az \u00e1r legnagyobb r\u00e9sz\u00e9t az alapanyagok teszik ki. A ker\u00e9kp\u00e1rv\u00e1zak \u00e9s kerekek extrud\u00e1lt ac\u00e9lb\u00f3l, alum\u00edniumb\u00f3l \u00e9s tit\u00e1nb\u00f3l k\u00e9sz\u00fclnek, vagy k\u00fcl\u00f6nb\u00f6z\u0151 t\u00edpus\u00fa sz\u00e9nsz\u00e1lak r\u00e9tegeib\u0151l \u00f6ntik ki \u0151ket. A biciklibe ker\u00fcl\u0151 alkatr\u00e9szek \u00e9s komponensek szint\u00e9n az ipar\u00e1gban elismert m\u00e1rkanevekhez f\u0171z\u0151dnek, mint p\u00e9ld\u00e1ul a Shimanohoz \u00e9s a SRAM-hoz.<\/p>\n<p>A fest\u00e9sek t\u00f6k\u00e9letesek, a bicajok pedig k\u00f6nnyedebbek, emellett h\u00edvogat\u00f3 l\u00e1tv\u00e1nyt ny\u00fajtanak; s\u0151t, \u00e1lmodoz\u00e1sra k\u00e9sztetnek. Olyan min\u0151s\u00e9get v\u00e1s\u00e1rolsz, ami hossz\u00fa t\u00e1von megt\u00e9r\u00fcl, mivel a ker\u00e9kp\u00e1rok megfelel\u0151 karbantart\u00e1s mellett \u00e9vekig kitartanak. Ez ellent\u00e9tben \u00e1ll a nagy \u00e1ruh\u00e1zi ker\u00e9kp\u00e1rokkal, amik jav\u00edt\u00e1sa t\u00f6bbe ker\u00fclhet, mint maga a bicikli.<\/p>\n<h2><strong>Technol\u00f3gia, innov\u00e1ci\u00f3, marketing<\/strong><\/h2>\n<p>A m\u00e1rk\u00e1k hatalmas mennyis\u00e9g\u0171 er\u0151forr\u00e1st ford\u00edtanak kutat\u00e1sra \u00e9s fejleszt\u00e9sre, hogy versenyk\u00e9pesek maradjanak a piacon, \u00e9s elnyerj\u00e9k a tetsz\u00e9sed. Az egyik m\u00e1rka pillanatnyilag men\u0151 ker\u00e9kp\u00e1rj\u00e1t a j\u00f6v\u0151ben gyorsan h\u00e1tt\u00e9rbe szor\u00edthatja egy m\u00e1sik, ez\u00e9rt mindannyiuknak r\u00e9sen kell lenni\u00fck.<\/p>\n<p>Az aerodinamik\u00e1t szolg\u00e1l\u00f3 sz\u00e9lcsatorn\u00e1ban v\u00e9gzett anyagvizsg\u00e1latokat, az \u00f6sszes ker\u00e9kp\u00e1r, villa \u00e9s ker\u00e9k vizsg\u00e1lat\u00e1t kalibr\u00e1lt g\u00e9peken a fogyaszt\u00f3k biztons\u00e1ga \u00e9rdek\u00e9ben, a j\u00f6v\u0151beli trendeket, a term\u00e9ktervez\u00e9st, a geometri\u00e1t, s\u0151t m\u00e9g a j\u00f6v\u0151 \u00e9vi n\u00e9pszer\u0171 fest\u00e9ksz\u00edneket is el\u0151re kutatj\u00e1k \u00e9s fejlesztik, hogy a lehet\u0151 legjobb ker\u00e9kp\u00e1rt k\u00edn\u00e1lhass\u00e1k neked.<\/p>\n<p>Ehhez j\u00f6nnek m\u00e9g a bolti alkalmazottak \u00e9s a prom\u00f3ci\u00f3, a kiv\u00e1l\u00f3 min\u0151s\u00e9g\u0171 produkci\u00f3s vide\u00f3k, a nyomtatott hirdet\u00e9sek, valamint az online \u00e9s a k\u00f6z\u00f6ss\u00e9gi m\u00e9dia kamp\u00e1nyok. Ezek mind olyan eszk\u00f6z\u00f6k, amik seg\u00edtenek a m\u00e1rk\u00e1knak megragadni a figyelmed. V\u00e9geredm\u00e9nyben pedig mind hat\u00e1ssal vannak a ker\u00e9kp\u00e1r \u00e1rc\u00e9dul\u00e1j\u00e1ra.<\/p>\n","protected":false},"excerpt":{"rendered":"<p>A biciklik \u00e1ra manaps\u00e1g k\u00f6nnyen let\u00f6rhetik az ember lelkesed\u00e9s\u00e9t. Mi\u00e9rt dr\u00e1g\u00e1bb n\u00e9h\u00e1ny bicaj a t\u00f6bbin\u00e9l? Az avatatlan szem\u0171 fogyaszt\u00f3 sz\u00e1m\u00e1ra [&hellip;]<\/p>\n","protected":false},"author":71,"featured_media":13553,"comment_status":"open","ping_status":"open","sticky":false,"template":"","format":"standard","meta":{"footnotes":""},"categories":[12],"tags":[],"global-categories":[],"class_list":["post-13549","post","type-post","status-publish","format-standard","has-post-thumbnail","hentry","category-kozosseg-es-kultura"],"yoast_head":"<!-- This site is optimized with the Yoast SEO Premium plugin v25.3 (Yoast SEO v25.9) - https:\/\/yoast.com\/wordpress\/plugins\/seo\/ -->\n<title>Mi\u00e9rt pont ennyi? \u2013 Mindent a biciklik \u00e1rc\u00e9dul\u00e1ir\u00f3l<\/title>\n<meta name=\"description\" content=\"A biciklik \u00e1ra manaps\u00e1g k\u00f6nnyen let\u00f6rhetik az ember lelkesed\u00e9s\u00e9t. Mi\u00e9rt dr\u00e1g\u00e1bb n\u00e9h\u00e1ny bicaj a t\u00f6bbin\u00e9l? Az avatatlan szem\u0171 fogyaszt\u00f3 sz\u00e1m\u00e1ra neh\u00e9z \u00e9szrevenni a k\u00fcl\u00f6nbs\u00e9geket. Pedig vannak.\" \/>\n<meta name=\"robots\" content=\"index, follow, max-snippet:-1, max-image-preview:large, max-video-preview:-1\" \/>\n<link rel=\"canonical\" href=\"https:\/\/www.welovecycling.com\/hu\/kozosseg-es-kultura\/miert-pont-ennyi-mindent-a-biciklik-arcedulairol\/\" \/>\n<meta property=\"og:locale\" content=\"hu_HU\" \/>\n<meta property=\"og:type\" content=\"article\" \/>\n<meta property=\"og:title\" content=\"Mi\u00e9rt pont ennyi? \u2013 Mindent a biciklik \u00e1rc\u00e9dul\u00e1ir\u00f3l\" \/>\n<meta property=\"og:description\" content=\"A biciklik \u00e1ra manaps\u00e1g k\u00f6nnyen let\u00f6rhetik az ember lelkesed\u00e9s\u00e9t. Mi\u00e9rt dr\u00e1g\u00e1bb n\u00e9h\u00e1ny bicaj a t\u00f6bbin\u00e9l? Az avatatlan szem\u0171 fogyaszt\u00f3 sz\u00e1m\u00e1ra neh\u00e9z \u00e9szrevenni a k\u00fcl\u00f6nbs\u00e9geket. Pedig vannak.\" \/>\n<meta property=\"og:url\" content=\"https:\/\/www.welovecycling.com\/hu\/kozosseg-es-kultura\/miert-pont-ennyi-mindent-a-biciklik-arcedulairol\/\" \/>\n<meta property=\"og:site_name\" content=\"\u0160koda We Love Cycling - Magyarorsz\u00e1g\" \/>\n<meta property=\"article:publisher\" content=\"https:\/\/www.facebook.com\/WeLoveCyclingHungary\/\" \/>\n<meta property=\"article:published_time\" content=\"2022-02-11T06:00:23+00:00\" \/>\n<meta property=\"og:image\" content=\"https:\/\/d2p6e6u75xmxt8.cloudfront.net\/12\/2022\/02\/Parked-bicycles-profimedia-0460236598-CVR.jpg\" \/>\n\t<meta property=\"og:image:width\" content=\"1366\" \/>\n\t<meta property=\"og:image:height\" content=\"600\" \/>\n\t<meta property=\"og:image:type\" content=\"image\/jpeg\" \/>\n<meta name=\"author\" content=\"hegyizs\" \/>\n<meta name=\"twitter:card\" content=\"summary_large_image\" \/>\n<meta name=\"twitter:label1\" content=\"Written by\" \/>\n\t<meta name=\"twitter:data1\" content=\"Andrea Champredonde\" \/>\n\t<meta name=\"twitter:label2\" content=\"Est. reading time\" \/>\n\t<meta name=\"twitter:data2\" content=\"6\" \/>\n<script type=\"application\/ld+json\" class=\"yoast-schema-graph\">{\"@context\":\"https:\/\/schema.org\",\"@graph\":[{\"@type\":\"WebPage\",\"@id\":\"https:\/\/www.welovecycling.com\/hu\/kozosseg-es-kultura\/miert-pont-ennyi-mindent-a-biciklik-arcedulairol\/\",\"url\":\"https:\/\/www.welovecycling.com\/hu\/kozosseg-es-kultura\/miert-pont-ennyi-mindent-a-biciklik-arcedulairol\/\",\"name\":\"Mi\u00e9rt pont ennyi? \u2013 Mindent a biciklik \u00e1rc\u00e9dul\u00e1ir\u00f3l\",\"isPartOf\":{\"@id\":\"https:\/\/www.welovecycling.com\/hu\/#website\"},\"primaryImageOfPage\":{\"@id\":\"https:\/\/www.welovecycling.com\/hu\/kozosseg-es-kultura\/miert-pont-ennyi-mindent-a-biciklik-arcedulairol\/#primaryimage\"},\"image\":{\"@id\":\"https:\/\/www.welovecycling.com\/hu\/kozosseg-es-kultura\/miert-pont-ennyi-mindent-a-biciklik-arcedulairol\/#primaryimage\"},\"thumbnailUrl\":\"https:\/\/d2p6e6u75xmxt8.cloudfront.net\/12\/2022\/02\/Parked-bicycles-profimedia-0460236598-CVR.jpg\",\"datePublished\":\"2022-02-11T06:00:23+00:00\",\"author\":{\"@id\":\"https:\/\/www.welovecycling.com\/hu\/#\/schema\/person\/414a2aebf1801691a5320edb6468e194\"},\"description\":\"A biciklik \u00e1ra manaps\u00e1g k\u00f6nnyen let\u00f6rhetik az ember lelkesed\u00e9s\u00e9t. Mi\u00e9rt dr\u00e1g\u00e1bb n\u00e9h\u00e1ny bicaj a t\u00f6bbin\u00e9l? Az avatatlan szem\u0171 fogyaszt\u00f3 sz\u00e1m\u00e1ra neh\u00e9z \u00e9szrevenni a k\u00fcl\u00f6nbs\u00e9geket. Pedig vannak.\",\"breadcrumb\":{\"@id\":\"https:\/\/www.welovecycling.com\/hu\/kozosseg-es-kultura\/miert-pont-ennyi-mindent-a-biciklik-arcedulairol\/#breadcrumb\"},\"inLanguage\":\"hu\",\"potentialAction\":[{\"@type\":\"ReadAction\",\"target\":[\"https:\/\/www.welovecycling.com\/hu\/kozosseg-es-kultura\/miert-pont-ennyi-mindent-a-biciklik-arcedulairol\/\"]}]},{\"@type\":\"ImageObject\",\"inLanguage\":\"hu\",\"@id\":\"https:\/\/www.welovecycling.com\/hu\/kozosseg-es-kultura\/miert-pont-ennyi-mindent-a-biciklik-arcedulairol\/#primaryimage\",\"url\":\"https:\/\/d2p6e6u75xmxt8.cloudfront.net\/12\/2022\/02\/Parked-bicycles-profimedia-0460236598-CVR.jpg\",\"contentUrl\":\"https:\/\/d2p6e6u75xmxt8.cloudfront.net\/12\/2022\/02\/Parked-bicycles-profimedia-0460236598-CVR.jpg\",\"width\":1366,\"height\":600,\"caption\":\"Parked bicycles\"},{\"@type\":\"BreadcrumbList\",\"@id\":\"https:\/\/www.welovecycling.com\/hu\/kozosseg-es-kultura\/miert-pont-ennyi-mindent-a-biciklik-arcedulairol\/#breadcrumb\",\"itemListElement\":[{\"@type\":\"ListItem\",\"position\":1,\"name\":\"Home\",\"item\":\"https:\/\/www.welovecycling.com\/hu\/\"},{\"@type\":\"ListItem\",\"position\":2,\"name\":\"Mi\u00e9rt pont ennyi? \u2013 Mindent a biciklik \u00e1rc\u00e9dul\u00e1ir\u00f3l\"}]},{\"@type\":\"WebSite\",\"@id\":\"https:\/\/www.welovecycling.com\/hu\/#website\",\"url\":\"https:\/\/www.welovecycling.com\/hu\/\",\"name\":\"\u0160koda We Love Cycling - Magyarorsz\u00e1g\",\"description\":\"\u0160koda WeLoveCycling\",\"potentialAction\":[{\"@type\":\"SearchAction\",\"target\":{\"@type\":\"EntryPoint\",\"urlTemplate\":\"https:\/\/www.welovecycling.com\/hu\/?s={search_term_string}\"},\"query-input\":{\"@type\":\"PropertyValueSpecification\",\"valueRequired\":true,\"valueName\":\"search_term_string\"}}],\"inLanguage\":\"hu\"},{\"@type\":\"Person\",\"@id\":\"https:\/\/www.welovecycling.com\/hu\/#\/schema\/person\/414a2aebf1801691a5320edb6468e194\",\"name\":\"hegyizs\",\"image\":{\"@type\":\"ImageObject\",\"inLanguage\":\"hu\",\"@id\":\"https:\/\/www.welovecycling.com\/hu\/#\/schema\/person\/image\/\",\"url\":\"https:\/\/secure.gravatar.com\/avatar\/02cf8a7906b8cf90cecb4679defac7cfd33a1c2e3b88e4903d947f3bb58eedd3?s=96&d=mm&r=g\",\"contentUrl\":\"https:\/\/secure.gravatar.com\/avatar\/02cf8a7906b8cf90cecb4679defac7cfd33a1c2e3b88e4903d947f3bb58eedd3?s=96&d=mm&r=g\",\"caption\":\"hegyizs\"},\"url\":\"https:\/\/www.welovecycling.com\/hu\/author\/hegyizs\/\"}]}<\/script>\n<!-- \/ Yoast SEO Premium plugin. -->","yoast_head_json":{"title":"Mi\u00e9rt pont ennyi? \u2013 Mindent a biciklik \u00e1rc\u00e9dul\u00e1ir\u00f3l","description":"A biciklik \u00e1ra manaps\u00e1g k\u00f6nnyen let\u00f6rhetik az ember lelkesed\u00e9s\u00e9t. Mi\u00e9rt dr\u00e1g\u00e1bb n\u00e9h\u00e1ny bicaj a t\u00f6bbin\u00e9l? Az avatatlan szem\u0171 fogyaszt\u00f3 sz\u00e1m\u00e1ra neh\u00e9z \u00e9szrevenni a k\u00fcl\u00f6nbs\u00e9geket. Pedig vannak.","robots":{"index":"index","follow":"follow","max-snippet":"max-snippet:-1","max-image-preview":"max-image-preview:large","max-video-preview":"max-video-preview:-1"},"canonical":"https:\/\/www.welovecycling.com\/hu\/kozosseg-es-kultura\/miert-pont-ennyi-mindent-a-biciklik-arcedulairol\/","og_locale":"hu_HU","og_type":"article","og_title":"Mi\u00e9rt pont ennyi? \u2013 Mindent a biciklik \u00e1rc\u00e9dul\u00e1ir\u00f3l","og_description":"A biciklik \u00e1ra manaps\u00e1g k\u00f6nnyen let\u00f6rhetik az ember lelkesed\u00e9s\u00e9t. Mi\u00e9rt dr\u00e1g\u00e1bb n\u00e9h\u00e1ny bicaj a t\u00f6bbin\u00e9l? Az avatatlan szem\u0171 fogyaszt\u00f3 sz\u00e1m\u00e1ra neh\u00e9z \u00e9szrevenni a k\u00fcl\u00f6nbs\u00e9geket. Pedig vannak.","og_url":"https:\/\/www.welovecycling.com\/hu\/kozosseg-es-kultura\/miert-pont-ennyi-mindent-a-biciklik-arcedulairol\/","og_site_name":"\u0160koda We Love Cycling - Magyarorsz\u00e1g","article_publisher":"https:\/\/www.facebook.com\/WeLoveCyclingHungary\/","article_published_time":"2022-02-11T06:00:23+00:00","og_image":[{"width":1366,"height":600,"url":"https:\/\/d2p6e6u75xmxt8.cloudfront.net\/12\/2022\/02\/Parked-bicycles-profimedia-0460236598-CVR.jpg","type":"image\/jpeg"}],"author":"hegyizs","twitter_card":"summary_large_image","twitter_misc":{"Written by":"Andrea Champredonde","Est. reading time":"6"},"schema":{"@context":"https:\/\/schema.org","@graph":[{"@type":"WebPage","@id":"https:\/\/www.welovecycling.com\/hu\/kozosseg-es-kultura\/miert-pont-ennyi-mindent-a-biciklik-arcedulairol\/","url":"https:\/\/www.welovecycling.com\/hu\/kozosseg-es-kultura\/miert-pont-ennyi-mindent-a-biciklik-arcedulairol\/","name":"Mi\u00e9rt pont ennyi? \u2013 Mindent a biciklik \u00e1rc\u00e9dul\u00e1ir\u00f3l","isPartOf":{"@id":"https:\/\/www.welovecycling.com\/hu\/#website"},"primaryImageOfPage":{"@id":"https:\/\/www.welovecycling.com\/hu\/kozosseg-es-kultura\/miert-pont-ennyi-mindent-a-biciklik-arcedulairol\/#primaryimage"},"image":{"@id":"https:\/\/www.welovecycling.com\/hu\/kozosseg-es-kultura\/miert-pont-ennyi-mindent-a-biciklik-arcedulairol\/#primaryimage"},"thumbnailUrl":"https:\/\/d2p6e6u75xmxt8.cloudfront.net\/12\/2022\/02\/Parked-bicycles-profimedia-0460236598-CVR.jpg","datePublished":"2022-02-11T06:00:23+00:00","author":{"@id":"https:\/\/www.welovecycling.com\/hu\/#\/schema\/person\/414a2aebf1801691a5320edb6468e194"},"description":"A biciklik \u00e1ra manaps\u00e1g k\u00f6nnyen let\u00f6rhetik az ember lelkesed\u00e9s\u00e9t. Mi\u00e9rt dr\u00e1g\u00e1bb n\u00e9h\u00e1ny bicaj a t\u00f6bbin\u00e9l? Az avatatlan szem\u0171 fogyaszt\u00f3 sz\u00e1m\u00e1ra neh\u00e9z \u00e9szrevenni a k\u00fcl\u00f6nbs\u00e9geket. Pedig vannak.","breadcrumb":{"@id":"https:\/\/www.welovecycling.com\/hu\/kozosseg-es-kultura\/miert-pont-ennyi-mindent-a-biciklik-arcedulairol\/#breadcrumb"},"inLanguage":"hu","potentialAction":[{"@type":"ReadAction","target":["https:\/\/www.welovecycling.com\/hu\/kozosseg-es-kultura\/miert-pont-ennyi-mindent-a-biciklik-arcedulairol\/"]}]},{"@type":"ImageObject","inLanguage":"hu","@id":"https:\/\/www.welovecycling.com\/hu\/kozosseg-es-kultura\/miert-pont-ennyi-mindent-a-biciklik-arcedulairol\/#primaryimage","url":"https:\/\/d2p6e6u75xmxt8.cloudfront.net\/12\/2022\/02\/Parked-bicycles-profimedia-0460236598-CVR.jpg","contentUrl":"https:\/\/d2p6e6u75xmxt8.cloudfront.net\/12\/2022\/02\/Parked-bicycles-profimedia-0460236598-CVR.jpg","width":1366,"height":600,"caption":"Parked bicycles"},{"@type":"BreadcrumbList","@id":"https:\/\/www.welovecycling.com\/hu\/kozosseg-es-kultura\/miert-pont-ennyi-mindent-a-biciklik-arcedulairol\/#breadcrumb","itemListElement":[{"@type":"ListItem","position":1,"name":"Home","item":"https:\/\/www.welovecycling.com\/hu\/"},{"@type":"ListItem","position":2,"name":"Mi\u00e9rt pont ennyi? \u2013 Mindent a biciklik \u00e1rc\u00e9dul\u00e1ir\u00f3l"}]},{"@type":"WebSite","@id":"https:\/\/www.welovecycling.com\/hu\/#website","url":"https:\/\/www.welovecycling.com\/hu\/","name":"\u0160koda We Love Cycling - Magyarorsz\u00e1g","description":"\u0160koda WeLoveCycling","potentialAction":[{"@type":"SearchAction","target":{"@type":"EntryPoint","urlTemplate":"https:\/\/www.welovecycling.com\/hu\/?s={search_term_string}"},"query-input":{"@type":"PropertyValueSpecification","valueRequired":true,"valueName":"search_term_string"}}],"inLanguage":"hu"},{"@type":"Person","@id":"https:\/\/www.welovecycling.com\/hu\/#\/schema\/person\/414a2aebf1801691a5320edb6468e194","name":"hegyizs","image":{"@type":"ImageObject","inLanguage":"hu","@id":"https:\/\/www.welovecycling.com\/hu\/#\/schema\/person\/image\/","url":"https:\/\/secure.gravatar.com\/avatar\/02cf8a7906b8cf90cecb4679defac7cfd33a1c2e3b88e4903d947f3bb58eedd3?s=96&d=mm&r=g","contentUrl":"https:\/\/secure.gravatar.com\/avatar\/02cf8a7906b8cf90cecb4679defac7cfd33a1c2e3b88e4903d947f3bb58eedd3?s=96&d=mm&r=g","caption":"hegyizs"},"url":"https:\/\/www.welovecycling.com\/hu\/author\/hegyizs\/"}]}},"_links":{"self":[{"href":"https:\/\/www.welovecycling.com\/hu\/wp-json\/wp\/v2\/posts\/13549","targetHints":{"allow":["GET"]}}],"collection":[{"href":"https:\/\/www.welovecycling.com\/hu\/wp-json\/wp\/v2\/posts"}],"about":[{"href":"https:\/\/www.welovecycling.com\/hu\/wp-json\/wp\/v2\/types\/post"}],"author":[{"embeddable":true,"href":"https:\/\/www.welovecycling.com\/hu\/wp-json\/wp\/v2\/users\/71"}],"replies":[{"embeddable":true,"href":"https:\/\/www.welovecycling.com\/hu\/wp-json\/wp\/v2\/comments?post=13549"}],"version-history":[{"count":2,"href":"https:\/\/www.welovecycling.com\/hu\/wp-json\/wp\/v2\/posts\/13549\/revisions"}],"predecessor-version":[{"id":13568,"href":"https:\/\/www.welovecycling.com\/hu\/wp-json\/wp\/v2\/posts\/13549\/revisions\/13568"}],"wp:featuredmedia":[{"embeddable":true,"href":"https:\/\/www.welovecycling.com\/hu\/wp-json\/wp\/v2\/media\/13553"}],"wp:attachment":[{"href":"https:\/\/www.welovecycling.com\/hu\/wp-json\/wp\/v2\/media?parent=13549"}],"wp:term":[{"taxonomy":"category","embeddable":true,"href":"https:\/\/www.welovecycling.com\/hu\/wp-json\/wp\/v2\/categories?post=13549"},{"taxonomy":"post_tag","embeddable":true,"href":"https:\/\/www.welovecycling.com\/hu\/wp-json\/wp\/v2\/tags?post=13549"},{"taxonomy":"global-categories","embeddable":true,"href":"https:\/\/www.welovecycling.com\/hu\/wp-json\/wp\/v2\/global-categories?post=13549"}],"curies":[{"name":"wp","href":"https:\/\/api.w.org\/{rel}","templated":true}]}}