{"id":13538,"date":"2022-02-10T08:00:22","date_gmt":"2022-02-10T06:00:22","guid":{"rendered":"https:\/\/www.welovecycling.com\/hu\/?p=13538"},"modified":"2022-02-04T17:44:22","modified_gmt":"2022-02-04T15:44:22","slug":"mit-tanulhatunk-a-burundi-nemzetkozi-noi-kerekparos-tour-bol","status":"publish","type":"post","link":"https:\/\/www.welovecycling.com\/hu\/orszaguti-kerekpar\/mit-tanulhatunk-a-burundi-nemzetkozi-noi-kerekparos-tour-bol\/","title":{"rendered":"Mit tanulhatunk a Burundi Nemzetk\u00f6zi N\u0151i Ker\u00e9kp\u00e1ros Tour-b\u00f3l?"},"content":{"rendered":"<p><strong>Tavaly \u00e9v v\u00e9g\u00e9n Burundi adott otthont az els\u0151 afrikai n\u0151i ker\u00e9kp\u00e1rversenynek. \u00d6t nemzet vett r\u00e9szt az \u00f6t szakaszb\u00f3l \u00e1ll\u00f3, els\u0151 alkalommal megrendezett Nemzetk\u00f6zi N\u0151i Ker\u00e9kp\u00e1ros Burundi Tour-on, ahol Keny\u00e1b\u00f3l, Ugand\u00e1b\u00f3l, Tanz\u00e1ni\u00e1b\u00f3l, a Kong\u00f3i Demokratikus K\u00f6zt\u00e1rsas\u00e1gb\u00f3l \u00e9s Burundib\u00f3l \u00e9rkeztek versenyz\u0151k.<\/strong><\/p>\n<p><!--more--><\/p>\n<p>A r\u00e9sztvev\u0151k 358,5 km-t tettek meg az orsz\u00e1g tartom\u00e1nyain kereszt\u00fcl az \u00f6tnapos verseny sor\u00e1n, amit mind a szurkol\u00f3k, mind a versenyz\u0151k r\u00e9sz\u00e9r\u0151l nagy lelkesed\u00e9s \u00f6vezett. Annak ellen\u00e9re, hogy sok versenyz\u0151nek kev\u00e9s tapasztalata volt, a verseny lehet\u0151s\u00e9get ny\u00fajtott a n\u0151knek, hogy megmutass\u00e1k k\u00e9pess\u00e9geiket, \u00e9s bebizony\u00edts\u00e1k a vil\u00e1gnak, hogy mennyi lehet\u0151s\u00e9g \u00e1ll el\u0151tt\u00fck. Ahogy teh\u00e1t az izgalmas n\u0151i versenyek \u00faj \u00e9v\u00e9re tekint\u00fcnk, mit tudunk lesz\u0171rni ennek az \u00fatt\u00f6r\u0151 esem\u00e9nynek a siker\u00e9b\u0151l?<\/p>\n<div class=\"embed-controller-wrapper\">\n<blockquote class=\"twitter-tweet\" data-width=\"500\" data-dnt=\"true\">\n<p lang=\"fr\" dir=\"ltr\">Vifs encouragements aux \u00e9quipes de ces courageuses cyclistes de la sous-r\u00e9gion en piste pour plus de 400 km 1\u00e8re \u00e9dition du Tour cycliste f\u00e9minin international du <a href=\"https:\/\/twitter.com\/hashtag\/Burundi?src=hash&amp;ref_src=twsrc%5Etfw\">#Burundi<\/a>.  GO <a href=\"https:\/\/twitter.com\/hashtag\/BURUNDI?src=hash&amp;ref_src=twsrc%5Etfw\">#BURUNDI<\/a> ! <a href=\"https:\/\/twitter.com\/NationalComite?ref_src=twsrc%5Etfw\">@NationalComite<\/a>, <a href=\"https:\/\/twitter.com\/UCI_cycling?ref_src=twsrc%5Etfw\">@UCI_cycling<\/a> <a href=\"https:\/\/t.co\/CCYWLCrhaK\">pic.twitter.com\/CCYWLCrhaK<\/a><\/p>\n<p>&mdash; Claude Bochu (@ClaudeBochuEU) <a href=\"https:\/\/twitter.com\/ClaudeBochuEU\/status\/1463465274208837632?ref_src=twsrc%5Etfw\">November 24, 2021<\/a><\/p><\/blockquote>\n<p><script async data-src=\"https:\/\/platform.twitter.com\/widgets.js\" charset=\"utf-8\"><\/script><\/div>\n<h2><strong>A fejl\u0151d\u0151 orsz\u00e1gokban \u00f3ri\u00e1si a kiakn\u00e1zatlan ker\u00e9kp\u00e1ros potenci\u00e1l<\/strong><\/h2>\n<p>Az elm\u00falt n\u00e9h\u00e1ny \u00e9vben a ker\u00e9kp\u00e1ros k\u00f6z\u00f6ss\u00e9g \u00f6sszehangolt er\u0151fesz\u00edt\u00e9seket tett annak \u00e9rdek\u00e9ben, hogy lehet\u0151s\u00e9get biztos\u00edtson a bicikliseknek olyan orsz\u00e1gokban, ahol az infrastrukt\u00fara \u00e9s a t\u00e1mogat\u00f3 mechanizmus egyszer\u0171en nem olyan fejlett. Ez az esem\u00e9ny azt mutatja, hogy ezeket a kezdem\u00e9nyez\u00e9seket j\u00f3l ir\u00e1ny\u00edtj\u00e1k. Komoly a lelkesed\u00e9s a sport\u00e1g ir\u00e1nt, \u00e9s a tehets\u00e9g is megvan &#8211; csak a versenyz\u00e9si lehet\u0151s\u00e9g kev\u00e9s. Ahogy Annick Kaneza, egy burundi ker\u00e9kp\u00e1ros is nyilatkozta: &#8220;<em>Nagyon el\u00e9gedett vagyok. Nyolcadikos koromban, 2020-ban kezdtem el ker\u00e9kp\u00e1rozni. Az\u00f3ta az az \u00e1lmom, hogy folytathassam addig, am\u00edg el nem \u00e9rem a vil\u00e1gsz\u00ednvonalat.\u201d<\/em><\/p>\n<p>Ezek a biciklisek az \u00e1ll\u00f3k\u00e9pess\u00e9gi sportokban is jeleskedhetnek, mivel sokan k\u00f6z\u00fcl\u00fck m\u00e1r fiatal koruk \u00f3ta fizikailag megterhel\u0151 rutinmunk\u00e1t v\u00e9geznek. Amint arr\u00f3l a Reuters is besz\u00e1molt, a 19 \u00e9ves burundi Adelphine Nimfasha sz\u00e1m\u00e1ra a saj\u00e1t s\u00faly\u00e1nak t\u00f6bb mint k\u00e9tszeres\u00e9t meghalad\u00f3 mennyis\u00e9g\u0171 rizs cipel\u00e9se apja ker\u00e9kp\u00e1rj\u00e1n kiv\u00e1l\u00f3 &#8211; b\u00e1r szokatlan &#8211; felk\u00e9sz\u00fcl\u00e9snek bizonyult arra, hogy profi ker\u00e9kp\u00e1ross\u00e1 v\u00e1ljon.<\/p>\n<p>Nimfasha v\u00e9g\u00fcl a hatodik helyen v\u00e9gzett a versenyen, miut\u00e1n egy buk\u00e1s miatt elvesztette az el\u0151ny\u00e9t, amit az \u00fat els\u0151 r\u00e9sz\u00e9n szerzett. &#8220;<em>Nem adtam fel, hanem fel\u00e1lltam, fogtam a ker\u00e9kp\u00e1romat, \u00e9s folytattam a versenyt.&#8221;<\/em> &#8211; mondta. Nimfasha a legut\u00f3bbi, haz\u00e1j\u00e1ban rendezett nemzetk\u00f6zi verseny el\u0151tt az els\u0151 h\u00e1romban v\u00e9gzett az egyiptomi \u00e9s a nig\u00e9riai nemzeti versenyeken is.<\/p>\n<h2><strong>A bicikli tov\u00e1bbra is a n\u0151k helyzet\u00e9nek er\u0151s\u00edt\u00e9s\u00e9t szolg\u00e1lja<\/strong><\/h2>\n<p>Nimfasha a tov\u00e1bbiakban elmondta, hogy a ker\u00e9kp\u00e1roz\u00e1s m\u00e1r gyermekkora \u00f3ta fontos r\u00e9sze az \u00e9let\u00e9nek. <em>&#8220;A sz\u00fcleim elk\u00fcldtek v\u00edz\u00e9rt, arat\u00e1skor rizst vittem a f\u00f6ldekr\u0151l, \u00e9s ak\u00e1r 150-120 kil\u00f3 rizst is pakoltam. Abban a szezonban ap\u00e1m nem tudott m\u00e1s munk\u00e1sokat felvenni. \u00c9n voltam az, aki a sz\u00e1ll\u00edt\u00e1st biztos\u00edtotta&#8221;<\/em> &#8211; mondta.<\/p>\n<p>Most a saj\u00e1t felt\u00e9telei szerint biciklizik, \u00e9s arr\u00f3l \u00e1lmodik, hogy olyan nemzetk\u00f6zileg \u00fcnnepelt sportol\u00f3 lesz, mint Francine Niyonsaba, a burundi fut\u00f3, aki ez\u00fcst\u00e9rmet nyert a 2016-os ri\u00f3i olimpi\u00e1n, \u00e9s tavaly szeptemberben megd\u00f6nt\u00f6tte a 2000 m\u00e9teres vil\u00e1grekordot.<\/p>\n<p><em>&#8220;Most az akarok lenni a ker\u00e9kp\u00e1rsport sz\u00e1m\u00e1ra, ami Niyonsaba az atl\u00e9tik\u00e1nak&#8221;<\/em> &#8211; nyilatkozta a Reutersnek.<\/p>\n<lite-youtube videoid=Ncteos7WyLo params=\"enablejsapi=1\" style=\"background-image: url('https:\/\/i.ytimg.com\/vi_webp\/Ncteos7WyLo\/maxresdefault.webp');\"><\/lite-youtube>\n<h2><strong>A helyi rajong\u00f3k ki vannak \u00e9hezve a versenyekre<\/strong><\/h2>\n<p>Amellett, hogy a ker\u00e9kp\u00e1roz\u00e1s a versenyz\u0151k sz\u00e1m\u00e1ra a fejl\u0151d\u00e9s er\u0151teljes eszk\u00f6ze, a bicikliz\u00e9s lehet\u0151s\u00e9ge a sport\u00e1gnak is j\u00f3t tesz. Seg\u00edt \u00faj rajong\u00f3kat, nagyobb t\u00e1mogatotts\u00e1got \u00e9s kiemelked\u0151bb helyet szerezni a vil\u00e1gsz\u00ednpadon. Amint arr\u00f3l az Africa News besz\u00e1molt, az esem\u00e9nyen a n\u00e9z\u0151k l\u00e1that\u00f3an el voltak ragadtatva az akci\u00f3t\u00f3l, \u00e9s akt\u00edvan szurkoltak a sportol\u00f3knak.<\/p>\n<p><em>&#8220;Ez egy kiv\u00e1l\u00f3 show. Nagyon boldog vagyok. Ez lehet a l\u00e1nyaimnak j\u00f6v\u0151je. Szeretn\u00e9m, ha nyern\u00e9nek&#8221;<\/em> &#8211; mondta egy n\u00e9z\u0151.<\/p>\n<p>A szurkol\u00f3k vadonat\u00faj k\u00f6z\u00f6ns\u00e9g\u00e9nek megragad\u00e1sa seg\u00edthet \u00faj \u00e9letet lehelni a ker\u00e9kp\u00e1ros k\u00f6z\u00f6ss\u00e9gbe, \u00e9s nagyban hozz\u00e1j\u00e1rulhat a sport\u00e1gban r\u00e9sztvev\u0151k \u00e9s a sport\u00e1ggal azonosul\u00f3k soksz\u00edn\u0171s\u00e9g\u00e9nek n\u00f6vel\u00e9s\u00e9hez.<\/p>\n<h2><strong>A fejl\u0151d\u0151 orsz\u00e1gok ker\u00e9kp\u00e1ros kezdem\u00e9nyez\u00e9sei ig\u00e9nylik a t\u00e1mogat\u00e1sunkat<\/strong><\/h2>\n<p>Azt a munk\u00e1t is fontos megeml\u00edteni, amit mind helyi szinten, mind a nemzetk\u00f6zi k\u00f6z\u00f6ss\u00e9g r\u00e9sz\u00e9r\u0151l v\u00e9geztek az esem\u00e9ny megval\u00f3s\u00edt\u00e1sa \u00e9rdek\u00e9ben. Ez a legels\u0151 afrikai nemzetk\u00f6zi n\u0151i ker\u00e9kp\u00e1rverseny p\u00e9ld\u00e1ul n\u00e9h\u00e1ny h\u00f3nappal azut\u00e1n j\u00f6tt l\u00e9tre, hogy az UCI Ker\u00e9kp\u00e1ros Vil\u00e1gk\u00f6zpont edz\u0151t\u00e1bort szervezett a kair\u00f3i Velodrome-ban 12 afrikai nemzet 28 juniorja sz\u00e1m\u00e1ra: Alg\u00e9ria, Burundi, Eti\u00f3pia, Mali, Marokk\u00f3, Nig\u00e9ria, Ruanda, Szeneg\u00e1l, D\u00e9l-Afrika, D\u00e9l-Szud\u00e1n, D\u00e9l-Szud\u00e1n, Szud\u00e1n \u00e9s Uganda k\u00e9pviselte itt mag\u00e1t.<\/p>\n<p>Az edz\u0151t\u00e1bort a kair\u00f3i UCI junior p\u00e1lyaker\u00e9kp\u00e1ros vil\u00e1gbajnoks\u00e1g el\u0151tt szervezt\u00e9k, \u00e9s az UCI szolidarit\u00e1si programj\u00e1nak r\u00e9sze volt, aminek c\u00e9lja a ker\u00e9kp\u00e1rsport fejleszt\u00e9se vil\u00e1gszerte, k\u00fcl\u00f6n\u00f6sen a kevesebb lehet\u0151s\u00e9ggel rendelkez\u0151 r\u00e9gi\u00f3kban.<\/p>\n<p>T\u00e9ny, hogy b\u00e1r a vil\u00e1gnak ezen a r\u00e9sz\u00e9n a ker\u00e9kp\u00e1r sokak sz\u00e1m\u00e1ra m\u00e1r az \u00e9let alapvet\u0151 r\u00e9sze, az er\u0151forr\u00e1sok korl\u00e1tozottak.<\/p>\n<p><em>&#8220;A [rendelkez\u00e9sre \u00e1ll\u00f3] ker\u00e9kp\u00e1rok nem megfelel\u0151ek. \u00c9s van m\u00e1s p\u00e9nz\u00fcgyi probl\u00e9ma is &#8211; a k\u00e9pz\u00e9s megszervez\u00e9se hatalmas anyagi eszk\u00f6z\u00f6ket ig\u00e9nyel a r\u00e9sztvev\u0151k h\u00e1rom-n\u00e9gy h\u00f3napos elhelyez\u00e9s\u00e9hez \u00e9s \u00e9lelmez\u00e9s\u00e9hez&#8221;<\/em> &#8211; mondta Prosper Ngenzirabona, egy burundi edz\u0151.<\/p>\n<p>A helyi ker\u00e9kp\u00e1ros k\u00f6z\u00f6ss\u00e9g azonban b\u00edzik abban, hogy Burundi p\u00e9ld\u00e1ja, hogy egy l\u00e1that\u00f3bb esem\u00e9nynek ad otthont, seg\u00edt majd v\u00e1ltoztatni ezen. K\u00e9ts\u00e9gtelen, hogy a bicikliz\u00e9s, k\u00fcl\u00f6n\u00f6sen a n\u0151i, egyre nagyobb teret nyer Afrik\u00e1ban. Ezeknek a n\u0151knek most lehet\u0151s\u00e9g\u00fck ny\u00edlt megpillantani az el\u0151tt\u00fck \u00e1ll\u00f3 lehet\u0151s\u00e9geket, \u00e9s alig v\u00e1rj\u00e1k, hogy a vil\u00e1g legjobbjaival versenyezhessenek &#8211; \u00e9s csup\u00e1n a nemzetk\u00f6zi k\u00f6z\u00f6ss\u00e9gen m\u00falik, hogy elindulhatnak-e ezen az \u00faton.<\/p>\n","protected":false},"excerpt":{"rendered":"<p>Tavaly \u00e9v v\u00e9g\u00e9n Burundi adott otthont az els\u0151 afrikai n\u0151i ker\u00e9kp\u00e1rversenynek. \u00d6t nemzet vett r\u00e9szt az \u00f6t szakaszb\u00f3l \u00e1ll\u00f3, els\u0151 [&hellip;]<\/p>\n","protected":false},"author":71,"featured_media":13541,"comment_status":"open","ping_status":"open","sticky":false,"template":"","format":"standard","meta":{"footnotes":""},"categories":[8],"tags":[],"global-categories":[],"class_list":["post-13538","post","type-post","status-publish","format-standard","has-post-thumbnail","hentry","category-orszaguti-kerekpar"],"yoast_head":"<!-- This site is optimized with the Yoast SEO Premium plugin v25.3 (Yoast SEO v25.9) - https:\/\/yoast.com\/wordpress\/plugins\/seo\/ -->\n<title>Mit tanulhatunk a Burundi Nemzetk\u00f6zi N\u0151i Ker\u00e9kp\u00e1ros Tour-b\u00f3l?<\/title>\n<meta name=\"description\" content=\"Tavaly \u00e9v v\u00e9g\u00e9n Burundi adott otthont az els\u0151 afrikai n\u0151i ker\u00e9kp\u00e1rversenynek. \u00d6t nemzet vett r\u00e9szt az \u00f6t szakaszb\u00f3l \u00e1ll\u00f3, els\u0151 alkalommal megrendezett Nemzetk\u00f6zi N\u0151i Ker\u00e9kp\u00e1ros Burundi Tour-on, ahol Keny\u00e1b\u00f3l, Ugand\u00e1b\u00f3l, Tanz\u00e1ni\u00e1b\u00f3l, a Kong\u00f3i Demokratikus K\u00f6zt\u00e1rsas\u00e1gb\u00f3l \u00e9s Burundib\u00f3l \u00e9rkeztek versenyz\u0151k.\" \/>\n<meta name=\"robots\" content=\"index, follow, max-snippet:-1, max-image-preview:large, max-video-preview:-1\" \/>\n<link rel=\"canonical\" href=\"https:\/\/www.welovecycling.com\/hu\/orszaguti-kerekpar\/mit-tanulhatunk-a-burundi-nemzetkozi-noi-kerekparos-tour-bol\/\" \/>\n<meta property=\"og:locale\" content=\"hu_HU\" \/>\n<meta property=\"og:type\" content=\"article\" \/>\n<meta property=\"og:title\" content=\"Mit tanulhatunk a Burundi Nemzetk\u00f6zi N\u0151i Ker\u00e9kp\u00e1ros Tour-b\u00f3l?\" \/>\n<meta property=\"og:description\" content=\"Tavaly \u00e9v v\u00e9g\u00e9n Burundi adott otthont az els\u0151 afrikai n\u0151i ker\u00e9kp\u00e1rversenynek. \u00d6t nemzet vett r\u00e9szt az \u00f6t szakaszb\u00f3l \u00e1ll\u00f3, els\u0151 alkalommal megrendezett Nemzetk\u00f6zi N\u0151i Ker\u00e9kp\u00e1ros Burundi Tour-on, ahol Keny\u00e1b\u00f3l, Ugand\u00e1b\u00f3l, Tanz\u00e1ni\u00e1b\u00f3l, a Kong\u00f3i Demokratikus K\u00f6zt\u00e1rsas\u00e1gb\u00f3l \u00e9s Burundib\u00f3l \u00e9rkeztek versenyz\u0151k.\" \/>\n<meta property=\"og:url\" content=\"https:\/\/www.welovecycling.com\/hu\/orszaguti-kerekpar\/mit-tanulhatunk-a-burundi-nemzetkozi-noi-kerekparos-tour-bol\/\" \/>\n<meta property=\"og:site_name\" content=\"\u0160koda We Love Cycling - Magyarorsz\u00e1g\" \/>\n<meta property=\"article:publisher\" content=\"https:\/\/www.facebook.com\/WeLoveCyclingHungary\/\" \/>\n<meta property=\"article:published_time\" content=\"2022-02-10T06:00:22+00:00\" \/>\n<meta property=\"og:image\" content=\"https:\/\/d2p6e6u75xmxt8.cloudfront.net\/12\/2022\/02\/Flag-of-Burundi-profimedia-0644547256-CVR.jpg\" \/>\n\t<meta property=\"og:image:width\" content=\"1366\" \/>\n\t<meta property=\"og:image:height\" content=\"600\" \/>\n\t<meta property=\"og:image:type\" content=\"image\/jpeg\" \/>\n<meta name=\"author\" content=\"hegyizs\" \/>\n<meta name=\"twitter:card\" content=\"summary_large_image\" \/>\n<meta name=\"twitter:label1\" content=\"Written by\" \/>\n\t<meta name=\"twitter:data1\" content=\"Megan Flottorp\" \/>\n\t<meta name=\"twitter:label2\" content=\"Est. reading time\" \/>\n\t<meta name=\"twitter:data2\" content=\"5\" \/>\n<script type=\"application\/ld+json\" class=\"yoast-schema-graph\">{\"@context\":\"https:\/\/schema.org\",\"@graph\":[{\"@type\":\"WebPage\",\"@id\":\"https:\/\/www.welovecycling.com\/hu\/orszaguti-kerekpar\/mit-tanulhatunk-a-burundi-nemzetkozi-noi-kerekparos-tour-bol\/\",\"url\":\"https:\/\/www.welovecycling.com\/hu\/orszaguti-kerekpar\/mit-tanulhatunk-a-burundi-nemzetkozi-noi-kerekparos-tour-bol\/\",\"name\":\"Mit tanulhatunk a Burundi Nemzetk\u00f6zi N\u0151i Ker\u00e9kp\u00e1ros Tour-b\u00f3l?\",\"isPartOf\":{\"@id\":\"https:\/\/www.welovecycling.com\/hu\/#website\"},\"primaryImageOfPage\":{\"@id\":\"https:\/\/www.welovecycling.com\/hu\/orszaguti-kerekpar\/mit-tanulhatunk-a-burundi-nemzetkozi-noi-kerekparos-tour-bol\/#primaryimage\"},\"image\":{\"@id\":\"https:\/\/www.welovecycling.com\/hu\/orszaguti-kerekpar\/mit-tanulhatunk-a-burundi-nemzetkozi-noi-kerekparos-tour-bol\/#primaryimage\"},\"thumbnailUrl\":\"https:\/\/d2p6e6u75xmxt8.cloudfront.net\/12\/2022\/02\/Flag-of-Burundi-profimedia-0644547256-CVR.jpg\",\"datePublished\":\"2022-02-10T06:00:22+00:00\",\"author\":{\"@id\":\"https:\/\/www.welovecycling.com\/hu\/#\/schema\/person\/414a2aebf1801691a5320edb6468e194\"},\"description\":\"Tavaly \u00e9v v\u00e9g\u00e9n Burundi adott otthont az els\u0151 afrikai n\u0151i ker\u00e9kp\u00e1rversenynek. \u00d6t nemzet vett r\u00e9szt az \u00f6t szakaszb\u00f3l \u00e1ll\u00f3, els\u0151 alkalommal megrendezett Nemzetk\u00f6zi N\u0151i Ker\u00e9kp\u00e1ros Burundi Tour-on, ahol Keny\u00e1b\u00f3l, Ugand\u00e1b\u00f3l, Tanz\u00e1ni\u00e1b\u00f3l, a Kong\u00f3i Demokratikus K\u00f6zt\u00e1rsas\u00e1gb\u00f3l \u00e9s Burundib\u00f3l \u00e9rkeztek versenyz\u0151k.\",\"breadcrumb\":{\"@id\":\"https:\/\/www.welovecycling.com\/hu\/orszaguti-kerekpar\/mit-tanulhatunk-a-burundi-nemzetkozi-noi-kerekparos-tour-bol\/#breadcrumb\"},\"inLanguage\":\"hu\",\"potentialAction\":[{\"@type\":\"ReadAction\",\"target\":[\"https:\/\/www.welovecycling.com\/hu\/orszaguti-kerekpar\/mit-tanulhatunk-a-burundi-nemzetkozi-noi-kerekparos-tour-bol\/\"]}]},{\"@type\":\"ImageObject\",\"inLanguage\":\"hu\",\"@id\":\"https:\/\/www.welovecycling.com\/hu\/orszaguti-kerekpar\/mit-tanulhatunk-a-burundi-nemzetkozi-noi-kerekparos-tour-bol\/#primaryimage\",\"url\":\"https:\/\/d2p6e6u75xmxt8.cloudfront.net\/12\/2022\/02\/Flag-of-Burundi-profimedia-0644547256-CVR.jpg\",\"contentUrl\":\"https:\/\/d2p6e6u75xmxt8.cloudfront.net\/12\/2022\/02\/Flag-of-Burundi-profimedia-0644547256-CVR.jpg\",\"width\":1366,\"height\":600,\"caption\":\"Burundi flag\"},{\"@type\":\"BreadcrumbList\",\"@id\":\"https:\/\/www.welovecycling.com\/hu\/orszaguti-kerekpar\/mit-tanulhatunk-a-burundi-nemzetkozi-noi-kerekparos-tour-bol\/#breadcrumb\",\"itemListElement\":[{\"@type\":\"ListItem\",\"position\":1,\"name\":\"Home\",\"item\":\"https:\/\/www.welovecycling.com\/hu\/\"},{\"@type\":\"ListItem\",\"position\":2,\"name\":\"Mit tanulhatunk a Burundi Nemzetk\u00f6zi N\u0151i Ker\u00e9kp\u00e1ros Tour-b\u00f3l?\"}]},{\"@type\":\"WebSite\",\"@id\":\"https:\/\/www.welovecycling.com\/hu\/#website\",\"url\":\"https:\/\/www.welovecycling.com\/hu\/\",\"name\":\"\u0160koda We Love Cycling - Magyarorsz\u00e1g\",\"description\":\"\u0160koda WeLoveCycling\",\"potentialAction\":[{\"@type\":\"SearchAction\",\"target\":{\"@type\":\"EntryPoint\",\"urlTemplate\":\"https:\/\/www.welovecycling.com\/hu\/?s={search_term_string}\"},\"query-input\":{\"@type\":\"PropertyValueSpecification\",\"valueRequired\":true,\"valueName\":\"search_term_string\"}}],\"inLanguage\":\"hu\"},{\"@type\":\"Person\",\"@id\":\"https:\/\/www.welovecycling.com\/hu\/#\/schema\/person\/414a2aebf1801691a5320edb6468e194\",\"name\":\"hegyizs\",\"image\":{\"@type\":\"ImageObject\",\"inLanguage\":\"hu\",\"@id\":\"https:\/\/www.welovecycling.com\/hu\/#\/schema\/person\/image\/\",\"url\":\"https:\/\/secure.gravatar.com\/avatar\/02cf8a7906b8cf90cecb4679defac7cfd33a1c2e3b88e4903d947f3bb58eedd3?s=96&d=mm&r=g\",\"contentUrl\":\"https:\/\/secure.gravatar.com\/avatar\/02cf8a7906b8cf90cecb4679defac7cfd33a1c2e3b88e4903d947f3bb58eedd3?s=96&d=mm&r=g\",\"caption\":\"hegyizs\"},\"url\":\"https:\/\/www.welovecycling.com\/hu\/author\/hegyizs\/\"}]}<\/script>\n<!-- \/ Yoast SEO Premium plugin. -->","yoast_head_json":{"title":"Mit tanulhatunk a Burundi Nemzetk\u00f6zi N\u0151i Ker\u00e9kp\u00e1ros Tour-b\u00f3l?","description":"Tavaly \u00e9v v\u00e9g\u00e9n Burundi adott otthont az els\u0151 afrikai n\u0151i ker\u00e9kp\u00e1rversenynek. \u00d6t nemzet vett r\u00e9szt az \u00f6t szakaszb\u00f3l \u00e1ll\u00f3, els\u0151 alkalommal megrendezett Nemzetk\u00f6zi N\u0151i Ker\u00e9kp\u00e1ros Burundi Tour-on, ahol Keny\u00e1b\u00f3l, Ugand\u00e1b\u00f3l, Tanz\u00e1ni\u00e1b\u00f3l, a Kong\u00f3i Demokratikus K\u00f6zt\u00e1rsas\u00e1gb\u00f3l \u00e9s Burundib\u00f3l \u00e9rkeztek versenyz\u0151k.","robots":{"index":"index","follow":"follow","max-snippet":"max-snippet:-1","max-image-preview":"max-image-preview:large","max-video-preview":"max-video-preview:-1"},"canonical":"https:\/\/www.welovecycling.com\/hu\/orszaguti-kerekpar\/mit-tanulhatunk-a-burundi-nemzetkozi-noi-kerekparos-tour-bol\/","og_locale":"hu_HU","og_type":"article","og_title":"Mit tanulhatunk a Burundi Nemzetk\u00f6zi N\u0151i Ker\u00e9kp\u00e1ros Tour-b\u00f3l?","og_description":"Tavaly \u00e9v v\u00e9g\u00e9n Burundi adott otthont az els\u0151 afrikai n\u0151i ker\u00e9kp\u00e1rversenynek. \u00d6t nemzet vett r\u00e9szt az \u00f6t szakaszb\u00f3l \u00e1ll\u00f3, els\u0151 alkalommal megrendezett Nemzetk\u00f6zi N\u0151i Ker\u00e9kp\u00e1ros Burundi Tour-on, ahol Keny\u00e1b\u00f3l, Ugand\u00e1b\u00f3l, Tanz\u00e1ni\u00e1b\u00f3l, a Kong\u00f3i Demokratikus K\u00f6zt\u00e1rsas\u00e1gb\u00f3l \u00e9s Burundib\u00f3l \u00e9rkeztek versenyz\u0151k.","og_url":"https:\/\/www.welovecycling.com\/hu\/orszaguti-kerekpar\/mit-tanulhatunk-a-burundi-nemzetkozi-noi-kerekparos-tour-bol\/","og_site_name":"\u0160koda We Love Cycling - Magyarorsz\u00e1g","article_publisher":"https:\/\/www.facebook.com\/WeLoveCyclingHungary\/","article_published_time":"2022-02-10T06:00:22+00:00","og_image":[{"width":1366,"height":600,"url":"https:\/\/d2p6e6u75xmxt8.cloudfront.net\/12\/2022\/02\/Flag-of-Burundi-profimedia-0644547256-CVR.jpg","type":"image\/jpeg"}],"author":"hegyizs","twitter_card":"summary_large_image","twitter_misc":{"Written by":"Megan Flottorp","Est. reading time":"5"},"schema":{"@context":"https:\/\/schema.org","@graph":[{"@type":"WebPage","@id":"https:\/\/www.welovecycling.com\/hu\/orszaguti-kerekpar\/mit-tanulhatunk-a-burundi-nemzetkozi-noi-kerekparos-tour-bol\/","url":"https:\/\/www.welovecycling.com\/hu\/orszaguti-kerekpar\/mit-tanulhatunk-a-burundi-nemzetkozi-noi-kerekparos-tour-bol\/","name":"Mit tanulhatunk a Burundi Nemzetk\u00f6zi N\u0151i Ker\u00e9kp\u00e1ros Tour-b\u00f3l?","isPartOf":{"@id":"https:\/\/www.welovecycling.com\/hu\/#website"},"primaryImageOfPage":{"@id":"https:\/\/www.welovecycling.com\/hu\/orszaguti-kerekpar\/mit-tanulhatunk-a-burundi-nemzetkozi-noi-kerekparos-tour-bol\/#primaryimage"},"image":{"@id":"https:\/\/www.welovecycling.com\/hu\/orszaguti-kerekpar\/mit-tanulhatunk-a-burundi-nemzetkozi-noi-kerekparos-tour-bol\/#primaryimage"},"thumbnailUrl":"https:\/\/d2p6e6u75xmxt8.cloudfront.net\/12\/2022\/02\/Flag-of-Burundi-profimedia-0644547256-CVR.jpg","datePublished":"2022-02-10T06:00:22+00:00","author":{"@id":"https:\/\/www.welovecycling.com\/hu\/#\/schema\/person\/414a2aebf1801691a5320edb6468e194"},"description":"Tavaly \u00e9v v\u00e9g\u00e9n Burundi adott otthont az els\u0151 afrikai n\u0151i ker\u00e9kp\u00e1rversenynek. \u00d6t nemzet vett r\u00e9szt az \u00f6t szakaszb\u00f3l \u00e1ll\u00f3, els\u0151 alkalommal megrendezett Nemzetk\u00f6zi N\u0151i Ker\u00e9kp\u00e1ros Burundi Tour-on, ahol Keny\u00e1b\u00f3l, Ugand\u00e1b\u00f3l, Tanz\u00e1ni\u00e1b\u00f3l, a Kong\u00f3i Demokratikus K\u00f6zt\u00e1rsas\u00e1gb\u00f3l \u00e9s Burundib\u00f3l \u00e9rkeztek versenyz\u0151k.","breadcrumb":{"@id":"https:\/\/www.welovecycling.com\/hu\/orszaguti-kerekpar\/mit-tanulhatunk-a-burundi-nemzetkozi-noi-kerekparos-tour-bol\/#breadcrumb"},"inLanguage":"hu","potentialAction":[{"@type":"ReadAction","target":["https:\/\/www.welovecycling.com\/hu\/orszaguti-kerekpar\/mit-tanulhatunk-a-burundi-nemzetkozi-noi-kerekparos-tour-bol\/"]}]},{"@type":"ImageObject","inLanguage":"hu","@id":"https:\/\/www.welovecycling.com\/hu\/orszaguti-kerekpar\/mit-tanulhatunk-a-burundi-nemzetkozi-noi-kerekparos-tour-bol\/#primaryimage","url":"https:\/\/d2p6e6u75xmxt8.cloudfront.net\/12\/2022\/02\/Flag-of-Burundi-profimedia-0644547256-CVR.jpg","contentUrl":"https:\/\/d2p6e6u75xmxt8.cloudfront.net\/12\/2022\/02\/Flag-of-Burundi-profimedia-0644547256-CVR.jpg","width":1366,"height":600,"caption":"Burundi flag"},{"@type":"BreadcrumbList","@id":"https:\/\/www.welovecycling.com\/hu\/orszaguti-kerekpar\/mit-tanulhatunk-a-burundi-nemzetkozi-noi-kerekparos-tour-bol\/#breadcrumb","itemListElement":[{"@type":"ListItem","position":1,"name":"Home","item":"https:\/\/www.welovecycling.com\/hu\/"},{"@type":"ListItem","position":2,"name":"Mit tanulhatunk a Burundi Nemzetk\u00f6zi N\u0151i Ker\u00e9kp\u00e1ros Tour-b\u00f3l?"}]},{"@type":"WebSite","@id":"https:\/\/www.welovecycling.com\/hu\/#website","url":"https:\/\/www.welovecycling.com\/hu\/","name":"\u0160koda We Love Cycling - Magyarorsz\u00e1g","description":"\u0160koda WeLoveCycling","potentialAction":[{"@type":"SearchAction","target":{"@type":"EntryPoint","urlTemplate":"https:\/\/www.welovecycling.com\/hu\/?s={search_term_string}"},"query-input":{"@type":"PropertyValueSpecification","valueRequired":true,"valueName":"search_term_string"}}],"inLanguage":"hu"},{"@type":"Person","@id":"https:\/\/www.welovecycling.com\/hu\/#\/schema\/person\/414a2aebf1801691a5320edb6468e194","name":"hegyizs","image":{"@type":"ImageObject","inLanguage":"hu","@id":"https:\/\/www.welovecycling.com\/hu\/#\/schema\/person\/image\/","url":"https:\/\/secure.gravatar.com\/avatar\/02cf8a7906b8cf90cecb4679defac7cfd33a1c2e3b88e4903d947f3bb58eedd3?s=96&d=mm&r=g","contentUrl":"https:\/\/secure.gravatar.com\/avatar\/02cf8a7906b8cf90cecb4679defac7cfd33a1c2e3b88e4903d947f3bb58eedd3?s=96&d=mm&r=g","caption":"hegyizs"},"url":"https:\/\/www.welovecycling.com\/hu\/author\/hegyizs\/"}]}},"_links":{"self":[{"href":"https:\/\/www.welovecycling.com\/hu\/wp-json\/wp\/v2\/posts\/13538","targetHints":{"allow":["GET"]}}],"collection":[{"href":"https:\/\/www.welovecycling.com\/hu\/wp-json\/wp\/v2\/posts"}],"about":[{"href":"https:\/\/www.welovecycling.com\/hu\/wp-json\/wp\/v2\/types\/post"}],"author":[{"embeddable":true,"href":"https:\/\/www.welovecycling.com\/hu\/wp-json\/wp\/v2\/users\/71"}],"replies":[{"embeddable":true,"href":"https:\/\/www.welovecycling.com\/hu\/wp-json\/wp\/v2\/comments?post=13538"}],"version-history":[{"count":1,"href":"https:\/\/www.welovecycling.com\/hu\/wp-json\/wp\/v2\/posts\/13538\/revisions"}],"predecessor-version":[{"id":13542,"href":"https:\/\/www.welovecycling.com\/hu\/wp-json\/wp\/v2\/posts\/13538\/revisions\/13542"}],"wp:featuredmedia":[{"embeddable":true,"href":"https:\/\/www.welovecycling.com\/hu\/wp-json\/wp\/v2\/media\/13541"}],"wp:attachment":[{"href":"https:\/\/www.welovecycling.com\/hu\/wp-json\/wp\/v2\/media?parent=13538"}],"wp:term":[{"taxonomy":"category","embeddable":true,"href":"https:\/\/www.welovecycling.com\/hu\/wp-json\/wp\/v2\/categories?post=13538"},{"taxonomy":"post_tag","embeddable":true,"href":"https:\/\/www.welovecycling.com\/hu\/wp-json\/wp\/v2\/tags?post=13538"},{"taxonomy":"global-categories","embeddable":true,"href":"https:\/\/www.welovecycling.com\/hu\/wp-json\/wp\/v2\/global-categories?post=13538"}],"curies":[{"name":"wp","href":"https:\/\/api.w.org\/{rel}","templated":true}]}}