{"id":13489,"date":"2022-01-31T08:00:31","date_gmt":"2022-01-31T06:00:31","guid":{"rendered":"https:\/\/www.welovecycling.com\/hu\/?p=13489"},"modified":"2022-01-28T12:15:17","modified_gmt":"2022-01-28T10:15:17","slug":"5-biciklis-munka-amikrol-meg-nem-hallottal","status":"publish","type":"post","link":"https:\/\/www.welovecycling.com\/hu\/kozosseg-es-kultura\/5-biciklis-munka-amikrol-meg-nem-hallottal\/","title":{"rendered":"5 biciklis munka, amikr\u0151l m\u00e9g nem hallott\u00e1l"},"content":{"rendered":"<p><strong>H\u00e1ny olyan ker\u00e9kp\u00e1rossal tal\u00e1lkozol egy nap, aki \u00e9pp a kenyer\u00e9t keresi? Sokan kapnak p\u00e9nzt bicikliz\u00e9s\u00e9rt, \u00e9s nem, nem a profi versenyz\u0151kr\u0151l besz\u00e9l\u00fcnk. Edz\u00e9sterv \u00e9s fizioter\u00e1pia n\u00e9lk\u00fcl is tekerhetsz a meg\u00e9lhet\u00e9sed\u00e9rt, hogy a munk\u00e1d t\u00e9nyleg a hobbid is lehessen.<\/strong><\/p>\n<p><!--more--><\/p>\n<h2><strong>Rekl\u00e1mszakma k\u00e9t ker\u00e9ken<\/strong><\/h2>\n<p>A v\u00e1rosban biciklizni fel-al\u00e1 az\u00e9rt, hogy egy c\u00e9g hirdet\u00e9s\u00e9t min\u00e9l t\u00f6bb embernek megmutasd &#8211; ezt csin\u00e1lj\u00e1k a ker\u00e9kp\u00e1ros prom\u00f3terek. Az \u00f6tletet az aut\u00f3s hirdet\u00e9sek adt\u00e1k: a f\u0151 k\u00fcl\u00f6nbs\u00e9g pedig a fenntarthat\u00f3s\u00e1g \u00e9s az alacsonyabb k\u00f6lts\u00e9gek. Az egyedi j\u00e1rm\u0171vek ut\u00e1nfut\u00f3k\u00e9nt h\u00fazz\u00e1k a hirdet\u0151fel\u00fcleteket maguk ut\u00e1n, \u00e9s k\u00f6zvetlen\u00fcl \u00e9s olcs\u00f3n juttatj\u00e1k el az \u00fczenetet a j\u00e1r\u00f3kel\u0151knek. Az \u00fcgyfelek h\u00e1rom m\u00e9ret\u0171 hirdet\u00e9si panel k\u00f6z\u00fcl v\u00e1laszthatnak. A vil\u00e1g t\u00f6bb mint 70 orsz\u00e1g\u00e1ban haszn\u00e1lj\u00e1k ezt a megold\u00e1st.<\/p>\n<figure id=\"attachment_13490\" aria-describedby=\"caption-attachment-13490\" style=\"width: 1080px\" class=\"wp-caption alignnone\"><a href=\"https:\/\/d2p6e6u75xmxt8.cloudfront.net\/12\/2022\/01\/Bizz-on-wheels.jpg\"><img loading=\"lazy\" decoding=\"async\" class=\"wp-image-13490 size-full\" src=\"https:\/\/d2p6e6u75xmxt8.cloudfront.net\/12\/2022\/01\/Bizz-on-wheels.jpg\" alt=\"Bizz on wheels\" width=\"1080\" height=\"804\" srcset=\"https:\/\/d2p6e6u75xmxt8.cloudfront.net\/12\/2022\/01\/Bizz-on-wheels.jpg 1080w, https:\/\/d2p6e6u75xmxt8.cloudfront.net\/12\/2022\/01\/Bizz-on-wheels-300x223.jpg 300w, https:\/\/d2p6e6u75xmxt8.cloudfront.net\/12\/2022\/01\/Bizz-on-wheels-1024x762.jpg 1024w, https:\/\/d2p6e6u75xmxt8.cloudfront.net\/12\/2022\/01\/Bizz-on-wheels-768x572.jpg 768w\" sizes=\"auto, (max-width: 1080px) 100vw, 1080px\" \/><\/a><figcaption id=\"caption-attachment-13490\" class=\"wp-caption-text\">\u00a9 Bizz on Wheels<\/figcaption><\/figure>\n<h2><strong>Gyors seg\u00edts\u00e9g v\u00e9szhelyzetben<\/strong><\/h2>\n<p>London utc\u00e1it ker\u00e9kp\u00e1rral j\u00e1rj\u00e1k a ment\u0151s\u00f6k, hogy azonnal reag\u00e1lhassanak, ha baj van. F\u0151leg azokon a ter\u00fcleteken hat\u00e9kony megold\u00e1s ez, ahova nehezen jutnak el a ment\u0151aut\u00f3k. A <a href=\"http:\/\/www.londonambulance.nhs.uk\/\">londoni ment\u0151szolg\u00e1lat ker\u00e9kp\u00e1ros ment\u0151sei<\/a> jelent\u0151sen nagyobb ter\u00fcletet tudnak bej\u00e1rni, mint a gyalogosok. A reptereken, a bev\u00e1s\u00e1rl\u00f3k\u00f6zpontokban \u00e9s a forgalmi torl\u00f3d\u00e1sok \u00e1ltal \u00e9rintett csom\u00f3pontokon nagy seg\u00edts\u00e9g lehet a ker\u00e9kp\u00e1ros csapat. Felszerel\u00e9s\u00fck alapvet\u0151 els\u0151seg\u00e9lyny\u00fajt\u00e1shoz sz\u00fcks\u00e9ges eszk\u00f6z\u00f6kb\u0151l \u00e1ll, ide\u00e9rtve az oxig\u00e9npalackokat \u00e9s egy defibrill\u00e1tort is. Ezek mellett a l\u00e9g\u00fat felszabad\u00edt\u00e1s\u00e1hoz sz\u00fcks\u00e9ges felszerel\u00e9st \u00e9s gy\u00f3gyszereket is visznek magukkal.<\/p>\n<h2><strong>Szennyessz\u00e1ll\u00edt\u00e1s<\/strong><\/h2>\n<p>Az Egyes\u00fclt \u00c1llamok h\u00e1rom nagyv\u00e1ros\u00e1ban tal\u00e1lkozhatsz ker\u00e9kp\u00e1rosokkal, akik m\u00e1rk\u00e1zott ut\u00e1nfut\u00f3kban szennyes ruh\u00e1kat sz\u00e1ll\u00edtanak. Wash Cycle Laundry nev\u0171 philadelphiai sz\u00e9khely\u0171 c\u00e9g teherker\u00e9kp\u00e1rok had\u00e1val sz\u00e1ll\u00edtja a koszos \u00e9s tiszta ruh\u00e1t az \u00fcgyfelekt\u0151l \u00e9s vissza. A fenntarthat\u00f3s\u00e1got szem el\u0151tt tartva v\u00e1gtak bele a bizniszbe 2010-ben, egyetlen ker\u00e9kp\u00e1rral. Hamar n\u00e9pszer\u0171v\u00e9 v\u00e1ltak, ma m\u00e1r konditermeket, \u00e9ttermeket, fodr\u00e1szatokat, sz\u00e1llod\u00e1kat \u00e9s mag\u00e1nembereket szolg\u00e1lnak ki. \u00c9vente t\u00f6bb milli\u00f3 kilogramm szennyest hoznak-visznek. Az elm\u00falt n\u00e9h\u00e1ny \u00e9vben a Wash Cycle Laundry kib\u0151v\u00fclt, \u00e9s most m\u00e1r nem csak Phillyben, hanem Washingtonban \u00e9s Bostonban is m\u0171k\u00f6dik.<\/p>\n<figure id=\"attachment_13491\" aria-describedby=\"caption-attachment-13491\" style=\"width: 1080px\" class=\"wp-caption alignnone\"><a href=\"https:\/\/d2p6e6u75xmxt8.cloudfront.net\/12\/2022\/01\/Wash-cycle-laundry.jpg\"><img loading=\"lazy\" decoding=\"async\" class=\"wp-image-13491 size-full\" src=\"https:\/\/d2p6e6u75xmxt8.cloudfront.net\/12\/2022\/01\/Wash-cycle-laundry.jpg\" alt=\"Wash cycle laundry\" width=\"1080\" height=\"890\" srcset=\"https:\/\/d2p6e6u75xmxt8.cloudfront.net\/12\/2022\/01\/Wash-cycle-laundry.jpg 1080w, https:\/\/d2p6e6u75xmxt8.cloudfront.net\/12\/2022\/01\/Wash-cycle-laundry-300x247.jpg 300w, https:\/\/d2p6e6u75xmxt8.cloudfront.net\/12\/2022\/01\/Wash-cycle-laundry-1024x844.jpg 1024w, https:\/\/d2p6e6u75xmxt8.cloudfront.net\/12\/2022\/01\/Wash-cycle-laundry-768x633.jpg 768w\" sizes=\"auto, (max-width: 1080px) 100vw, 1080px\" \/><\/a><figcaption id=\"caption-attachment-13491\" class=\"wp-caption-text\">\u00a9 Wash Cycle Laundry<\/figcaption><\/figure>\n<h2><strong>B\u00fatorsz\u00e1ll\u00edt\u00e1s<\/strong><\/h2>\n<p>Malm\u00f6ben, Stockholmban vagy G\u00f6teborgban l\u00e1thatunk bring\u00e1sokat, akik b\u00fatorokkal teli nagy, z\u00f6ld dobozokat cipelnek. A <a href=\"https:\/\/movebybike.se\/\">MoveByBike<\/a> egy sv\u00e9d k\u00f6lt\u00f6ztet\u0151 c\u00e9g, ami 6 v\u00e1rosban t\u00f6bb mint 110 ker\u00e9kp\u00e1rost foglalkoztat. A c\u00e9g z\u00f6ldebb v\u00e1laszt\u00e1si lehet\u0151s\u00e9get k\u00edn\u00e1l \u00fcgyfeleinek: teheraut\u00f3k helyett k\u00f6lt\u00f6zzenek teherker\u00e9kp\u00e1rokkal! Els\u0151sorban persze a r\u00f6vid t\u00e1vokon tudnak seg\u00edteni, a sz\u0171k v\u00e1rosi utc\u00e1kon viszont k\u00f6nnyen kiker\u00fclik a forgalmat!<\/p>\n<h2><strong>Italok \u00e9s friss\u00edt\u0151k<\/strong><\/h2>\n<p>2012-ben Edward Godden \u00e9s Joseph Lewis elind\u00edtotta a <a href=\"http:\/\/www.the-tgc.com\/\">The Travelling Gin Company<\/a>-t, \u00e9s m\u00e1r t\u00edz \u00e9ve szolg\u00e1lnak fel italokat egyenesen a teherbring\u00e1juk kosar\u00e1b\u00f3l! Szabadt\u00e9ri rendezv\u00e9nyeket, bulikat \u00e9s esk\u00fcv\u0151ket tesznek sz\u00ednesebb\u00e9 Londonban \u00e9s a v\u00e1ros k\u00f6rny\u00e9k\u00e9n. A j\u00f3l bev\u00e1lt gintonic mellett mindenf\u00e9le kokt\u00e9lt kevernek a v\u00e1s\u00e1rl\u00f3 egy\u00e9ni \u00edzl\u00e9s\u00e9nek megfelel\u0151en.<\/p>\n","protected":false},"excerpt":{"rendered":"<p>H\u00e1ny olyan ker\u00e9kp\u00e1rossal tal\u00e1lkozol egy nap, aki \u00e9pp a kenyer\u00e9t keresi? Sokan kapnak p\u00e9nzt bicikliz\u00e9s\u00e9rt, \u00e9s nem, nem a profi [&hellip;]<\/p>\n","protected":false},"author":71,"featured_media":13493,"comment_status":"open","ping_status":"open","sticky":false,"template":"","format":"standard","meta":{"footnotes":""},"categories":[12],"tags":[],"global-categories":[],"class_list":["post-13489","post","type-post","status-publish","format-standard","has-post-thumbnail","hentry","category-kozosseg-es-kultura"],"yoast_head":"<!-- This site is optimized with the Yoast SEO Premium plugin v25.3 (Yoast SEO v25.9) - https:\/\/yoast.com\/wordpress\/plugins\/seo\/ -->\n<title>5 biciklis munka, amikr\u0151l m\u00e9g nem hallott\u00e1l<\/title>\n<meta name=\"description\" content=\"H\u00e1ny olyan ker\u00e9kp\u00e1rossal tal\u00e1lkozol egy nap, aki \u00e9pp a kenyer\u00e9t keresi? Sokan kapnak p\u00e9nzt bicikliz\u00e9s\u00e9rt, \u00e9s nem, nem a profi versenyz\u0151kr\u0151l besz\u00e9l\u00fcnk. Edz\u00e9sterv \u00e9s fizioter\u00e1pia n\u00e9lk\u00fcl is tekerhetsz a meg\u00e9lhet\u00e9sed\u00e9rt, hogy a munk\u00e1d t\u00e9nyleg a hobbid is lehessen.\" \/>\n<meta name=\"robots\" content=\"index, follow, max-snippet:-1, max-image-preview:large, max-video-preview:-1\" \/>\n<link rel=\"canonical\" href=\"https:\/\/www.welovecycling.com\/hu\/kozosseg-es-kultura\/5-biciklis-munka-amikrol-meg-nem-hallottal\/\" \/>\n<meta property=\"og:locale\" content=\"hu_HU\" \/>\n<meta property=\"og:type\" content=\"article\" \/>\n<meta property=\"og:title\" content=\"5 biciklis munka, amikr\u0151l m\u00e9g nem hallott\u00e1l\" \/>\n<meta property=\"og:description\" content=\"H\u00e1ny olyan ker\u00e9kp\u00e1rossal tal\u00e1lkozol egy nap, aki \u00e9pp a kenyer\u00e9t keresi? Sokan kapnak p\u00e9nzt bicikliz\u00e9s\u00e9rt, \u00e9s nem, nem a profi versenyz\u0151kr\u0151l besz\u00e9l\u00fcnk. Edz\u00e9sterv \u00e9s fizioter\u00e1pia n\u00e9lk\u00fcl is tekerhetsz a meg\u00e9lhet\u00e9sed\u00e9rt, hogy a munk\u00e1d t\u00e9nyleg a hobbid is lehessen.\" \/>\n<meta property=\"og:url\" content=\"https:\/\/www.welovecycling.com\/hu\/kozosseg-es-kultura\/5-biciklis-munka-amikrol-meg-nem-hallottal\/\" \/>\n<meta property=\"og:site_name\" content=\"\u0160koda We Love Cycling - Magyarorsz\u00e1g\" \/>\n<meta property=\"article:publisher\" content=\"https:\/\/www.facebook.com\/WeLoveCyclingHungary\/\" \/>\n<meta property=\"article:published_time\" content=\"2022-01-31T06:00:31+00:00\" \/>\n<meta property=\"og:image\" content=\"https:\/\/d2p6e6u75xmxt8.cloudfront.net\/12\/2022\/01\/Balloon-seller-cyclist-profimedia-0628146198-CVR.jpg\" \/>\n\t<meta property=\"og:image:width\" content=\"1366\" \/>\n\t<meta property=\"og:image:height\" content=\"600\" \/>\n\t<meta property=\"og:image:type\" content=\"image\/jpeg\" \/>\n<meta name=\"author\" content=\"hegyizs\" \/>\n<meta name=\"twitter:card\" content=\"summary_large_image\" \/>\n<meta name=\"twitter:label1\" content=\"Written by\" \/>\n\t<meta name=\"twitter:data1\" content=\"Adam Marsal\" \/>\n\t<meta name=\"twitter:label2\" content=\"Est. reading time\" \/>\n\t<meta name=\"twitter:data2\" content=\"5\" \/>\n<script type=\"application\/ld+json\" class=\"yoast-schema-graph\">{\"@context\":\"https:\/\/schema.org\",\"@graph\":[{\"@type\":\"WebPage\",\"@id\":\"https:\/\/www.welovecycling.com\/hu\/kozosseg-es-kultura\/5-biciklis-munka-amikrol-meg-nem-hallottal\/\",\"url\":\"https:\/\/www.welovecycling.com\/hu\/kozosseg-es-kultura\/5-biciklis-munka-amikrol-meg-nem-hallottal\/\",\"name\":\"5 biciklis munka, amikr\u0151l m\u00e9g nem hallott\u00e1l\",\"isPartOf\":{\"@id\":\"https:\/\/www.welovecycling.com\/hu\/#website\"},\"primaryImageOfPage\":{\"@id\":\"https:\/\/www.welovecycling.com\/hu\/kozosseg-es-kultura\/5-biciklis-munka-amikrol-meg-nem-hallottal\/#primaryimage\"},\"image\":{\"@id\":\"https:\/\/www.welovecycling.com\/hu\/kozosseg-es-kultura\/5-biciklis-munka-amikrol-meg-nem-hallottal\/#primaryimage\"},\"thumbnailUrl\":\"https:\/\/d2p6e6u75xmxt8.cloudfront.net\/12\/2022\/01\/Balloon-seller-cyclist-profimedia-0628146198-CVR.jpg\",\"datePublished\":\"2022-01-31T06:00:31+00:00\",\"author\":{\"@id\":\"https:\/\/www.welovecycling.com\/hu\/#\/schema\/person\/414a2aebf1801691a5320edb6468e194\"},\"description\":\"H\u00e1ny olyan ker\u00e9kp\u00e1rossal tal\u00e1lkozol egy nap, aki \u00e9pp a kenyer\u00e9t keresi? Sokan kapnak p\u00e9nzt bicikliz\u00e9s\u00e9rt, \u00e9s nem, nem a profi versenyz\u0151kr\u0151l besz\u00e9l\u00fcnk. Edz\u00e9sterv \u00e9s fizioter\u00e1pia n\u00e9lk\u00fcl is tekerhetsz a meg\u00e9lhet\u00e9sed\u00e9rt, hogy a munk\u00e1d t\u00e9nyleg a hobbid is lehessen.\",\"breadcrumb\":{\"@id\":\"https:\/\/www.welovecycling.com\/hu\/kozosseg-es-kultura\/5-biciklis-munka-amikrol-meg-nem-hallottal\/#breadcrumb\"},\"inLanguage\":\"hu\",\"potentialAction\":[{\"@type\":\"ReadAction\",\"target\":[\"https:\/\/www.welovecycling.com\/hu\/kozosseg-es-kultura\/5-biciklis-munka-amikrol-meg-nem-hallottal\/\"]}]},{\"@type\":\"ImageObject\",\"inLanguage\":\"hu\",\"@id\":\"https:\/\/www.welovecycling.com\/hu\/kozosseg-es-kultura\/5-biciklis-munka-amikrol-meg-nem-hallottal\/#primaryimage\",\"url\":\"https:\/\/d2p6e6u75xmxt8.cloudfront.net\/12\/2022\/01\/Balloon-seller-cyclist-profimedia-0628146198-CVR.jpg\",\"contentUrl\":\"https:\/\/d2p6e6u75xmxt8.cloudfront.net\/12\/2022\/01\/Balloon-seller-cyclist-profimedia-0628146198-CVR.jpg\",\"width\":1366,\"height\":600,\"caption\":\"Balloon seller\"},{\"@type\":\"BreadcrumbList\",\"@id\":\"https:\/\/www.welovecycling.com\/hu\/kozosseg-es-kultura\/5-biciklis-munka-amikrol-meg-nem-hallottal\/#breadcrumb\",\"itemListElement\":[{\"@type\":\"ListItem\",\"position\":1,\"name\":\"Home\",\"item\":\"https:\/\/www.welovecycling.com\/hu\/\"},{\"@type\":\"ListItem\",\"position\":2,\"name\":\"5 biciklis munka, amikr\u0151l m\u00e9g nem hallott\u00e1l\"}]},{\"@type\":\"WebSite\",\"@id\":\"https:\/\/www.welovecycling.com\/hu\/#website\",\"url\":\"https:\/\/www.welovecycling.com\/hu\/\",\"name\":\"\u0160koda We Love Cycling - Magyarorsz\u00e1g\",\"description\":\"\u0160koda WeLoveCycling\",\"potentialAction\":[{\"@type\":\"SearchAction\",\"target\":{\"@type\":\"EntryPoint\",\"urlTemplate\":\"https:\/\/www.welovecycling.com\/hu\/?s={search_term_string}\"},\"query-input\":{\"@type\":\"PropertyValueSpecification\",\"valueRequired\":true,\"valueName\":\"search_term_string\"}}],\"inLanguage\":\"hu\"},{\"@type\":\"Person\",\"@id\":\"https:\/\/www.welovecycling.com\/hu\/#\/schema\/person\/414a2aebf1801691a5320edb6468e194\",\"name\":\"hegyizs\",\"image\":{\"@type\":\"ImageObject\",\"inLanguage\":\"hu\",\"@id\":\"https:\/\/www.welovecycling.com\/hu\/#\/schema\/person\/image\/\",\"url\":\"https:\/\/secure.gravatar.com\/avatar\/02cf8a7906b8cf90cecb4679defac7cfd33a1c2e3b88e4903d947f3bb58eedd3?s=96&d=mm&r=g\",\"contentUrl\":\"https:\/\/secure.gravatar.com\/avatar\/02cf8a7906b8cf90cecb4679defac7cfd33a1c2e3b88e4903d947f3bb58eedd3?s=96&d=mm&r=g\",\"caption\":\"hegyizs\"},\"url\":\"https:\/\/www.welovecycling.com\/hu\/author\/hegyizs\/\"}]}<\/script>\n<!-- \/ Yoast SEO Premium plugin. -->","yoast_head_json":{"title":"5 biciklis munka, amikr\u0151l m\u00e9g nem hallott\u00e1l","description":"H\u00e1ny olyan ker\u00e9kp\u00e1rossal tal\u00e1lkozol egy nap, aki \u00e9pp a kenyer\u00e9t keresi? Sokan kapnak p\u00e9nzt bicikliz\u00e9s\u00e9rt, \u00e9s nem, nem a profi versenyz\u0151kr\u0151l besz\u00e9l\u00fcnk. Edz\u00e9sterv \u00e9s fizioter\u00e1pia n\u00e9lk\u00fcl is tekerhetsz a meg\u00e9lhet\u00e9sed\u00e9rt, hogy a munk\u00e1d t\u00e9nyleg a hobbid is lehessen.","robots":{"index":"index","follow":"follow","max-snippet":"max-snippet:-1","max-image-preview":"max-image-preview:large","max-video-preview":"max-video-preview:-1"},"canonical":"https:\/\/www.welovecycling.com\/hu\/kozosseg-es-kultura\/5-biciklis-munka-amikrol-meg-nem-hallottal\/","og_locale":"hu_HU","og_type":"article","og_title":"5 biciklis munka, amikr\u0151l m\u00e9g nem hallott\u00e1l","og_description":"H\u00e1ny olyan ker\u00e9kp\u00e1rossal tal\u00e1lkozol egy nap, aki \u00e9pp a kenyer\u00e9t keresi? Sokan kapnak p\u00e9nzt bicikliz\u00e9s\u00e9rt, \u00e9s nem, nem a profi versenyz\u0151kr\u0151l besz\u00e9l\u00fcnk. Edz\u00e9sterv \u00e9s fizioter\u00e1pia n\u00e9lk\u00fcl is tekerhetsz a meg\u00e9lhet\u00e9sed\u00e9rt, hogy a munk\u00e1d t\u00e9nyleg a hobbid is lehessen.","og_url":"https:\/\/www.welovecycling.com\/hu\/kozosseg-es-kultura\/5-biciklis-munka-amikrol-meg-nem-hallottal\/","og_site_name":"\u0160koda We Love Cycling - Magyarorsz\u00e1g","article_publisher":"https:\/\/www.facebook.com\/WeLoveCyclingHungary\/","article_published_time":"2022-01-31T06:00:31+00:00","og_image":[{"width":1366,"height":600,"url":"https:\/\/d2p6e6u75xmxt8.cloudfront.net\/12\/2022\/01\/Balloon-seller-cyclist-profimedia-0628146198-CVR.jpg","type":"image\/jpeg"}],"author":"hegyizs","twitter_card":"summary_large_image","twitter_misc":{"Written by":"Adam Marsal","Est. reading time":"5"},"schema":{"@context":"https:\/\/schema.org","@graph":[{"@type":"WebPage","@id":"https:\/\/www.welovecycling.com\/hu\/kozosseg-es-kultura\/5-biciklis-munka-amikrol-meg-nem-hallottal\/","url":"https:\/\/www.welovecycling.com\/hu\/kozosseg-es-kultura\/5-biciklis-munka-amikrol-meg-nem-hallottal\/","name":"5 biciklis munka, amikr\u0151l m\u00e9g nem hallott\u00e1l","isPartOf":{"@id":"https:\/\/www.welovecycling.com\/hu\/#website"},"primaryImageOfPage":{"@id":"https:\/\/www.welovecycling.com\/hu\/kozosseg-es-kultura\/5-biciklis-munka-amikrol-meg-nem-hallottal\/#primaryimage"},"image":{"@id":"https:\/\/www.welovecycling.com\/hu\/kozosseg-es-kultura\/5-biciklis-munka-amikrol-meg-nem-hallottal\/#primaryimage"},"thumbnailUrl":"https:\/\/d2p6e6u75xmxt8.cloudfront.net\/12\/2022\/01\/Balloon-seller-cyclist-profimedia-0628146198-CVR.jpg","datePublished":"2022-01-31T06:00:31+00:00","author":{"@id":"https:\/\/www.welovecycling.com\/hu\/#\/schema\/person\/414a2aebf1801691a5320edb6468e194"},"description":"H\u00e1ny olyan ker\u00e9kp\u00e1rossal tal\u00e1lkozol egy nap, aki \u00e9pp a kenyer\u00e9t keresi? Sokan kapnak p\u00e9nzt bicikliz\u00e9s\u00e9rt, \u00e9s nem, nem a profi versenyz\u0151kr\u0151l besz\u00e9l\u00fcnk. Edz\u00e9sterv \u00e9s fizioter\u00e1pia n\u00e9lk\u00fcl is tekerhetsz a meg\u00e9lhet\u00e9sed\u00e9rt, hogy a munk\u00e1d t\u00e9nyleg a hobbid is lehessen.","breadcrumb":{"@id":"https:\/\/www.welovecycling.com\/hu\/kozosseg-es-kultura\/5-biciklis-munka-amikrol-meg-nem-hallottal\/#breadcrumb"},"inLanguage":"hu","potentialAction":[{"@type":"ReadAction","target":["https:\/\/www.welovecycling.com\/hu\/kozosseg-es-kultura\/5-biciklis-munka-amikrol-meg-nem-hallottal\/"]}]},{"@type":"ImageObject","inLanguage":"hu","@id":"https:\/\/www.welovecycling.com\/hu\/kozosseg-es-kultura\/5-biciklis-munka-amikrol-meg-nem-hallottal\/#primaryimage","url":"https:\/\/d2p6e6u75xmxt8.cloudfront.net\/12\/2022\/01\/Balloon-seller-cyclist-profimedia-0628146198-CVR.jpg","contentUrl":"https:\/\/d2p6e6u75xmxt8.cloudfront.net\/12\/2022\/01\/Balloon-seller-cyclist-profimedia-0628146198-CVR.jpg","width":1366,"height":600,"caption":"Balloon seller"},{"@type":"BreadcrumbList","@id":"https:\/\/www.welovecycling.com\/hu\/kozosseg-es-kultura\/5-biciklis-munka-amikrol-meg-nem-hallottal\/#breadcrumb","itemListElement":[{"@type":"ListItem","position":1,"name":"Home","item":"https:\/\/www.welovecycling.com\/hu\/"},{"@type":"ListItem","position":2,"name":"5 biciklis munka, amikr\u0151l m\u00e9g nem hallott\u00e1l"}]},{"@type":"WebSite","@id":"https:\/\/www.welovecycling.com\/hu\/#website","url":"https:\/\/www.welovecycling.com\/hu\/","name":"\u0160koda We Love Cycling - Magyarorsz\u00e1g","description":"\u0160koda WeLoveCycling","potentialAction":[{"@type":"SearchAction","target":{"@type":"EntryPoint","urlTemplate":"https:\/\/www.welovecycling.com\/hu\/?s={search_term_string}"},"query-input":{"@type":"PropertyValueSpecification","valueRequired":true,"valueName":"search_term_string"}}],"inLanguage":"hu"},{"@type":"Person","@id":"https:\/\/www.welovecycling.com\/hu\/#\/schema\/person\/414a2aebf1801691a5320edb6468e194","name":"hegyizs","image":{"@type":"ImageObject","inLanguage":"hu","@id":"https:\/\/www.welovecycling.com\/hu\/#\/schema\/person\/image\/","url":"https:\/\/secure.gravatar.com\/avatar\/02cf8a7906b8cf90cecb4679defac7cfd33a1c2e3b88e4903d947f3bb58eedd3?s=96&d=mm&r=g","contentUrl":"https:\/\/secure.gravatar.com\/avatar\/02cf8a7906b8cf90cecb4679defac7cfd33a1c2e3b88e4903d947f3bb58eedd3?s=96&d=mm&r=g","caption":"hegyizs"},"url":"https:\/\/www.welovecycling.com\/hu\/author\/hegyizs\/"}]}},"_links":{"self":[{"href":"https:\/\/www.welovecycling.com\/hu\/wp-json\/wp\/v2\/posts\/13489","targetHints":{"allow":["GET"]}}],"collection":[{"href":"https:\/\/www.welovecycling.com\/hu\/wp-json\/wp\/v2\/posts"}],"about":[{"href":"https:\/\/www.welovecycling.com\/hu\/wp-json\/wp\/v2\/types\/post"}],"author":[{"embeddable":true,"href":"https:\/\/www.welovecycling.com\/hu\/wp-json\/wp\/v2\/users\/71"}],"replies":[{"embeddable":true,"href":"https:\/\/www.welovecycling.com\/hu\/wp-json\/wp\/v2\/comments?post=13489"}],"version-history":[{"count":2,"href":"https:\/\/www.welovecycling.com\/hu\/wp-json\/wp\/v2\/posts\/13489\/revisions"}],"predecessor-version":[{"id":13508,"href":"https:\/\/www.welovecycling.com\/hu\/wp-json\/wp\/v2\/posts\/13489\/revisions\/13508"}],"wp:featuredmedia":[{"embeddable":true,"href":"https:\/\/www.welovecycling.com\/hu\/wp-json\/wp\/v2\/media\/13493"}],"wp:attachment":[{"href":"https:\/\/www.welovecycling.com\/hu\/wp-json\/wp\/v2\/media?parent=13489"}],"wp:term":[{"taxonomy":"category","embeddable":true,"href":"https:\/\/www.welovecycling.com\/hu\/wp-json\/wp\/v2\/categories?post=13489"},{"taxonomy":"post_tag","embeddable":true,"href":"https:\/\/www.welovecycling.com\/hu\/wp-json\/wp\/v2\/tags?post=13489"},{"taxonomy":"global-categories","embeddable":true,"href":"https:\/\/www.welovecycling.com\/hu\/wp-json\/wp\/v2\/global-categories?post=13489"}],"curies":[{"name":"wp","href":"https:\/\/api.w.org\/{rel}","templated":true}]}}