{"id":13474,"date":"2022-01-26T16:00:51","date_gmt":"2022-01-26T14:00:51","guid":{"rendered":"https:\/\/www.welovecycling.com\/hu\/?p=13474"},"modified":"2022-02-03T12:57:41","modified_gmt":"2022-02-03T10:57:41","slug":"a-honap-utvonala-januar-cseh-roni-kedvenc-telreggeli-utja-a-fovaros-mellett","status":"publish","type":"post","link":"https:\/\/www.welovecycling.com\/hu\/honap-utvonala\/a-honap-utvonala-januar-cseh-roni-kedvenc-telreggeli-utja-a-fovaros-mellett\/","title":{"rendered":"A h\u00f3nap \u00fatvonala \u2013 Janu\u00e1r: Cseh Roni kedvenc t\u00e9lreggeli \u00fatja a f\u0151v\u00e1ros mellett"},"content":{"rendered":"<p><strong>Ha valakir\u0151l, akkor Cseh Ronir\u00f3l p\u00e9ld\u00e1t vehet\u00fcnk mindannyian. A magyar n\u0151i ker\u00e9kp\u00e1roz\u00e1s ikonja igazi inspir\u00e1ci\u00f3, mindenkinek, aki azt hiszi, egy bizonyos kor f\u00f6l\u00f6tt m\u00e1r nem lehet fejl\u0151dni. Roni 37 \u00e9vesen v\u00e1gott bele a versenyz\u00e9sbe, \u00e9s sz\u00e1mtalan rangos c\u00edmet gy\u0171jt\u00f6tt \u00f6ssze az \u00e9vek alatt, ami t\u00f6bbek k\u00f6z\u00f6tt annak az elk\u00f6telezetts\u00e9gnek k\u00f6sz\u00f6nhet\u0151, ami minden hajnalban hajtja, hogy tekerni menjen, amikor m\u00e1sok m\u00e9g csak a m\u00e1sik oldalukra fordulnak. Egyik kedvenc t\u00fara\u00fatvonal\u00e1t hozta el nektek, ami t\u00f6k\u00e9letes arra, hogy t\u00e9len is j\u00f3l \u00e9rezd magad a nyeregben.<\/strong><!--more--><\/p>\n<p>A 21 kilom\u00e9teres t\u00e1vot Roni m\u00e1sf\u00e9l \u00f3ra alatt tette meg, s\u00f6t\u00e9tben indult \u00e9s \u00e1ttekert a hajnali erd\u0151n. Persze nem musz\u00e1j nektek is ilyen kor\u00e1n kelni ahhoz, hogy teljes\u00edts\u00e9tek az utat, de ilyenkor a legcsendesebb a vil\u00e1g: csak te vagy, a biciklid \u00e9s az erd\u0151. Nem is kezd\u0151dhetne jobban a nap.<\/p>\n<figure id=\"attachment_13479\" aria-describedby=\"caption-attachment-13479\" style=\"width: 1024px\" class=\"wp-caption alignnone\"><a href=\"https:\/\/d2p6e6u75xmxt8.cloudfront.net\/12\/2022\/01\/wlc_huv_2022_1t.jpg\"><img loading=\"lazy\" decoding=\"async\" class=\"wp-image-13479 size-large\" src=\"https:\/\/d2p6e6u75xmxt8.cloudfront.net\/12\/2022\/01\/wlc_huv_2022_1t-1024x682.jpg\" alt=\"\" width=\"1024\" height=\"682\" srcset=\"https:\/\/d2p6e6u75xmxt8.cloudfront.net\/12\/2022\/01\/wlc_huv_2022_1t-1024x682.jpg 1024w, https:\/\/d2p6e6u75xmxt8.cloudfront.net\/12\/2022\/01\/wlc_huv_2022_1t-300x200.jpg 300w, https:\/\/d2p6e6u75xmxt8.cloudfront.net\/12\/2022\/01\/wlc_huv_2022_1t-768x512.jpg 768w, https:\/\/d2p6e6u75xmxt8.cloudfront.net\/12\/2022\/01\/wlc_huv_2022_1t-272x182.jpg 272w, https:\/\/d2p6e6u75xmxt8.cloudfront.net\/12\/2022\/01\/wlc_huv_2022_1t.jpg 1145w\" sizes=\"auto, (max-width: 1024px) 100vw, 1024px\" \/><\/a><figcaption id=\"caption-attachment-13479\" class=\"wp-caption-text\"><a href=\"https:\/\/www.strava.com\/activities\/6520621229\"><em>Az \u00fatvonal Strava-linkj\u00e9t itt \u00e9red el<\/em><\/a><em>.<\/em><\/figcaption><\/figure>\n<p><strong><em>Nem esik nehezedre hajnalban elindulni bring\u00e1zni? Tudjuk, hogy im\u00e1dod, de az ember az\u00e9rt aludni is szeret, f\u0151leg t\u00e9len!<\/em><\/strong><\/p>\n<p>Az igazat megvallva egy \u00e9ve \u00fagy alakul a munk\u00e1m, hogy h\u00e9tk\u00f6zben csak hajnalban tudok id\u0151t szak\u00edtani, ha tekerni szeretn\u00e9k, m\u00e1rpedig szeretn\u00e9k. Eleinte a munk\u00e1val is t\u00falz\u00e1sba estem, \u00e9jjelig nyomtam, hajnalban meg 5-kor keltem, ezt az\u00e9rt nem b\u00edrtam sok\u00e1ig. S\u00f6t\u00e9tben nem szeretek annyira tekerni, mert m\u00e1r nem l\u00e1tok j\u00f3l, de mostanra be\u00e1llt, hogy legk\u00e9s\u0151bb 5.45-kor kelek, \u00e9s ahogy pirkad, indulok. Ez az \u00e9n kis hajnali foh\u00e1szom, m\u00e1r hi\u00e1nyzik is, ha nem val\u00f3sul meg. Az sem elhanyagolhat\u00f3, hogy reggel m\u00e9g olyan j\u00f3 nyugis az erd\u0151, teljesen m\u00e1sf\u00e9le emberekkel tal\u00e1lkozol, ilyenkor mindig egy kicsit cinkosan mosolyognak \u00f6ssze a hajnali baglyok. Im\u00e1dom.<\/p>\n<p><strong><em>\u00dcres hassal indulsz el reggelente vagy eszel edz\u00e9s el\u0151tt? Mindkett\u0151nek megvannak az el\u0151nyei, te melyik m\u00f3dszerben hiszel?<\/em><\/strong><\/p>\n<p>Ezt nem a legeg\u00e9szs\u00e9gesebben csin\u00e1lom sajnos, mert kiz\u00e1r\u00f3lag egy pressz\u00f3 k\u00e1v\u00e9 tejsz\u00ednhabbal a reggelim. M\u00f3dszernek semmik\u00e9ppen nem k\u00f6vetend\u0151, de \u00e9n megszoktam, \u00e9s \u00edgy szeretem. Mivel maximum 1,5, n\u00e9ha nagy szerencs\u00e9vel 2 \u00f3r\u00e1t tudok menni reggelente, \u00edgy az\u00e9rt ezzel is elmegy. Biztons\u00e1gi tartal\u00e9knak az\u00e9rt szokott a zsebemben lenni egy zacsk\u00f3 minigumicuki.<\/p>\n<p><strong><em>Milyen biciklivel tekersz a vide\u00f3ban?<\/em><\/strong><\/p>\n<p>Az \u00faj kis szerelmemmel, aki egy M m\u00e9ret\u0171 LIV Pique Advanced Pro 29 1 (2021).<\/p>\n<p>Ez a Giant n\u0151i vonal\u00e1nak 29\u201d-es, r\u00f6videbb rug\u00f3\u00fattal rendelkez\u0151 cross-country versenyre sz\u00e1nt ker\u00e9kp\u00e1rjai k\u00f6z\u00e9 tartozik. Igazib\u00f3l az eddigi 27,5-es merevfar\u00fa kis bring\u00e1m helyett szereztem be, aki j\u00f3 sok \u00e9ven kereszt\u00fcl kiszolg\u00e1lt, de nem b\u00e1ntam meg a cser\u00e9t, mert \u00e9g \u00e9s f\u00f6l egy merev bringa ut\u00e1n ezzel tekerni.<\/p>\n<figure id=\"attachment_13480\" aria-describedby=\"caption-attachment-13480\" style=\"width: 1024px\" class=\"wp-caption alignnone\"><a href=\"https:\/\/d2p6e6u75xmxt8.cloudfront.net\/12\/2022\/01\/wlc_huv_2022_2t.jpg\"><img loading=\"lazy\" decoding=\"async\" class=\"wp-image-13480 size-large\" src=\"https:\/\/d2p6e6u75xmxt8.cloudfront.net\/12\/2022\/01\/wlc_huv_2022_2t-1024x682.jpg\" alt=\"\" width=\"1024\" height=\"682\" srcset=\"https:\/\/d2p6e6u75xmxt8.cloudfront.net\/12\/2022\/01\/wlc_huv_2022_2t-1024x682.jpg 1024w, https:\/\/d2p6e6u75xmxt8.cloudfront.net\/12\/2022\/01\/wlc_huv_2022_2t-300x200.jpg 300w, https:\/\/d2p6e6u75xmxt8.cloudfront.net\/12\/2022\/01\/wlc_huv_2022_2t-768x512.jpg 768w, https:\/\/d2p6e6u75xmxt8.cloudfront.net\/12\/2022\/01\/wlc_huv_2022_2t-272x182.jpg 272w, https:\/\/d2p6e6u75xmxt8.cloudfront.net\/12\/2022\/01\/wlc_huv_2022_2t.jpg 1145w\" sizes=\"auto, (max-width: 1024px) 100vw, 1024px\" \/><\/a><figcaption id=\"caption-attachment-13480\" class=\"wp-caption-text\">A LIV Pique Advanced Pro 29 1 a Farkashegy cs\u00facs\u00e1n. Ilyen l\u00e1tv\u00e1ny\u00e9rt meg\u00e9ri felkelni! Fot\u00f3: Cseh Veronika<\/figcaption><\/figure>\n<p><strong><em>\u00c1tlagosan mennyit m\u00e9sz egy h\u00e9ten?<\/em><\/strong><\/p>\n<p>Jelenleg \u00e1tlagosan 10-12 \u00f3ra k\u00f6z\u00f6tt tekerek, persze ez n\u00e9ha v\u00e1ltozik. Ha h\u00e9tv\u00e9g\u00e9n t\u00f6bb id\u0151t is tudok szak\u00edtani magamnak, vagy nyaralunk, akkor van 20 \u00f3ra feletti hetem is. Ilyenkor t\u00e9len szak\u00edtunk id\u0151t s\u00edt\u00far\u00e1zni is, \u00e9s nagyj\u00e1b\u00f3l ugyanannyit megyek az enduro bring\u00e1mmal, mint az \u00faj kis xc bring\u00e1mmal.<\/p>\n<p><strong><em>Kiknek aj\u00e1nlod az \u00fatvonalat? Kell hozz\u00e1 tapasztalat hasonl\u00f3 terepen vagy ak\u00e1r kezd\u0151k is kipr\u00f3b\u00e1lhatj\u00e1k?<\/em><\/strong><\/p>\n<p>Ezt az \u00fatvonalat ak\u00e1r kell\u0151 kitart\u00e1ssal rendelkez\u0151 kezd\u0151knek is aj\u00e1nlom, mivel nem vesz\u00e9lyes \u00e9s v\u00e1llalhatatlan lejt\u0151 sincs benne, legnagyobbr\u00e9szt turista\u00faton halad. Nem t\u00fal hossz\u00fa, de az\u00e9rt szintet tartalmaz (21,3 km, 594 m szintemelked\u00e9s) \u00e9s van benne nagyj\u00e1b\u00f3l 1 k\u00f6zepesen hosszabb \u00e9s 3 r\u00f6videbb \u00e9s meredek emelked\u0151, amik j\u00f3 kondival tekerhet\u0151ek, de amint a vide\u00f3n is l\u00e1tszik, egyiken \u00e9n is tolom felfel\u00e9 egy kicsit, de az sem hossz\u00fa. Mindemellett az\u00e9rt nyilv\u00e1n olyanoknak aj\u00e1nlom, akik m\u00e1r tekertek terepen \u00e9s persze szeretik az egynyomos \u00f6sv\u00e9nyeket is.<\/p>\n<p>Hozz\u00e1teszem, hogy a Cs\u00edki-hegyek fokozottan v\u00e9dett ter\u00fclet, h\u00e9tv\u00e9g\u00e9ken el\u00e9g sok a t\u00far\u00e1z\u00f3, \u00edgy \u00e9n ink\u00e1bb h\u00e9tk\u00f6zben aj\u00e1nlom, de term\u00e9szetesen udvariasan k\u00f6zlekedve soha nem konfront\u00e1l\u00f3dtam m\u00e9g a t\u00far\u00e1z\u00f3kkal vagy fut\u00f3kkal.<\/p>\n<p><strong><em>Milyen terveid vannak a szezonban? K\u00e9sz\u00fclsz most valamilyen versenyre?<\/em><\/strong><\/p>\n<p>Most, hogy megvan az \u00faj kis xc bring\u00e1m, n\u00e9h\u00e1ny maratont \u00e9s cross-country versenyt is tervbe vettem itthon. \u00c9s persze a m\u00e1sik bring\u00e1mmal p\u00e1r cseh \u00e9s szlov\u00e9n endurot is. Ugye az olimpia v\u00e9g\u00fcl kicsit k\u00e9s\u0151bb, de lezajlott, n\u00e9gyen l\u00e1nyok kiv\u00edvtunk egy olimpiai kv\u00f3t\u00e1t, &#8211; amire az\u00e9rt nagyon b\u00fcszke vagyok, hiszen Vas Kata Blanka szenz\u00e1ci\u00f3sat tekert \u2013 vannak szuper tehets\u00e9ges l\u00e1nyok, s r\u00e1m m\u00e1r nincs \u201esz\u00fcks\u00e9g\u201d, ez\u00e9rt szerencs\u00e9re m\u00e1r nem kell v\u00e1logatottk\u00e9nt helyt\u00e1llnom, \u00edgy kiz\u00e1r\u00f3lag a master (#nyanyinzon) kateg\u00f3ri\u00e1ban fogok versenyezni. Mindamellett az\u00e9rt a f\u0151 c\u00e9l, ahogy eddig is, hogy \u00e9lvezzem a bring\u00e1z\u00e1st. \ud83d\ude0a<\/p>\n<p><em>Ha te is szeretn\u00e9d megosztani kedvenc \u00fatvonalaidat bring\u00e1s k\u00f6z\u00f6ss\u00e9g\u00fcnkkel, k\u00e9sz\u00edts fot\u00f3kat, \u00e9s k\u00fcldj el nek\u00fcnk egy besz\u00e1mol\u00f3t a t\u00far\u00e1r\u00f3l, illetve a legfontosabb tudnival\u00f3kr\u00f3l a <\/em><a href=\"https:\/\/www.welovecycling.com\/hu\/honap-utvonala\/honap-utvonala-szeptember-zelenij-linda-kedvenc-dh-palyaja\/welovecycling@skoda.hu\"><em>welovecycling@skoda.hu<\/em><\/a><em>\u00a0e-mail c\u00edmre! Ha pedig tov\u00e1bbi inspir\u00e1ci\u00f3t keresel k\u00f6vetkez\u0151 t\u00far\u00e1dhoz, n\u00e9zd meg\u00a0<\/em><a href=\"https:\/\/www.welovecycling.com\/hu\/category\/honap-utvonala\/\"><em>kor\u00e1bbi \u00fatvonalainkat<\/em><\/a><em>!<\/em><\/p>\n","protected":false},"excerpt":{"rendered":"<p>Ha valakir\u0151l, akkor Cseh Ronir\u00f3l p\u00e9ld\u00e1t vehet\u00fcnk mindannyian. A magyar n\u0151i ker\u00e9kp\u00e1roz\u00e1s ikonja igazi inspir\u00e1ci\u00f3, mindenkinek, aki azt hiszi, egy [&hellip;]<\/p>\n","protected":false},"author":71,"featured_media":13483,"comment_status":"open","ping_status":"open","sticky":false,"template":"","format":"video","meta":{"footnotes":""},"categories":[461],"tags":[],"global-categories":[],"class_list":["post-13474","post","type-post","status-publish","format-video","has-post-thumbnail","hentry","category-honap-utvonala","post_format-post-format-video"],"yoast_head":"<!-- This site is optimized with the Yoast SEO Premium plugin v25.3 (Yoast SEO v25.9) - https:\/\/yoast.com\/wordpress\/plugins\/seo\/ -->\n<title>A h\u00f3nap \u00fatvonala \u2013 Janu\u00e1r: Cseh Roni kedvenc t\u00e9lreggeli \u00fatja a f\u0151v\u00e1ros mellett<\/title>\n<meta name=\"description\" content=\"Ha valakir\u0151l, akkor Cseh Ronir\u00f3l p\u00e9ld\u00e1t vehet\u00fcnk mindannyian. A magyar n\u0151i ker\u00e9kp\u00e1roz\u00e1s ikonja igazi inspir\u00e1ci\u00f3, mindenkinek, aki azt hiszi, egy bizonyos kor f\u00f6l\u00f6tt m\u00e1r nem lehet fejl\u0151dni. Roni 37 \u00e9vesen v\u00e1gott bele a versenyz\u00e9sbe, \u00e9s sz\u00e1mtalan rangos c\u00edmet gy\u0171jt\u00f6tt \u00f6ssze az \u00e9vek alatt, ami t\u00f6bbek k\u00f6z\u00f6tt annak az elk\u00f6telezetts\u00e9gnek k\u00f6sz\u00f6nhet\u0151, ami minden hajnalban hajtja, hogy tekerni menjen, amikor m\u00e1sok m\u00e9g csak a m\u00e1sik oldalukra fordulnak. Egyik kedvenc t\u00fara\u00fatvonal\u00e1t hozta el nektek, ami t\u00f6k\u00e9letes arra, hogy t\u00e9len is j\u00f3l \u00e9rezd magad a nyeregben.\" \/>\n<meta name=\"robots\" content=\"index, follow, max-snippet:-1, max-image-preview:large, max-video-preview:-1\" \/>\n<link rel=\"canonical\" href=\"https:\/\/www.welovecycling.com\/hu\/honap-utvonala\/a-honap-utvonala-januar-cseh-roni-kedvenc-telreggeli-utja-a-fovaros-mellett\/\" \/>\n<meta property=\"og:locale\" content=\"hu_HU\" \/>\n<meta property=\"og:type\" content=\"article\" \/>\n<meta property=\"og:title\" content=\"A h\u00f3nap \u00fatvonala \u2013 Janu\u00e1r: Cseh Roni kedvenc t\u00e9lreggeli \u00fatja a f\u0151v\u00e1ros mellett\" \/>\n<meta property=\"og:description\" content=\"Ha valakir\u0151l, akkor Cseh Ronir\u00f3l p\u00e9ld\u00e1t vehet\u00fcnk mindannyian. A magyar n\u0151i ker\u00e9kp\u00e1roz\u00e1s ikonja igazi inspir\u00e1ci\u00f3, mindenkinek, aki azt hiszi, egy bizonyos kor f\u00f6l\u00f6tt m\u00e1r nem lehet fejl\u0151dni. Roni 37 \u00e9vesen v\u00e1gott bele a versenyz\u00e9sbe, \u00e9s sz\u00e1mtalan rangos c\u00edmet gy\u0171jt\u00f6tt \u00f6ssze az \u00e9vek alatt, ami t\u00f6bbek k\u00f6z\u00f6tt annak az elk\u00f6telezetts\u00e9gnek k\u00f6sz\u00f6nhet\u0151, ami minden hajnalban hajtja, hogy tekerni menjen, amikor m\u00e1sok m\u00e9g csak a m\u00e1sik oldalukra fordulnak. Egyik kedvenc t\u00fara\u00fatvonal\u00e1t hozta el nektek, ami t\u00f6k\u00e9letes arra, hogy t\u00e9len is j\u00f3l \u00e9rezd magad a nyeregben.\" \/>\n<meta property=\"og:url\" content=\"https:\/\/www.welovecycling.com\/hu\/honap-utvonala\/a-honap-utvonala-januar-cseh-roni-kedvenc-telreggeli-utja-a-fovaros-mellett\/\" \/>\n<meta property=\"og:site_name\" content=\"\u0160koda We Love Cycling - Magyarorsz\u00e1g\" \/>\n<meta property=\"article:publisher\" content=\"https:\/\/www.facebook.com\/WeLoveCyclingHungary\/\" \/>\n<meta property=\"article:published_time\" content=\"2022-01-26T14:00:51+00:00\" \/>\n<meta property=\"article:modified_time\" content=\"2022-02-03T10:57:41+00:00\" \/>\n<meta property=\"og:image\" content=\"https:\/\/d2p6e6u75xmxt8.cloudfront.net\/12\/2022\/01\/jan_WLC_honap_utvonala_INDEXKEP_STOCK-min.jpg\" \/>\n\t<meta property=\"og:image:width\" content=\"1920\" \/>\n\t<meta property=\"og:image:height\" content=\"1080\" \/>\n\t<meta property=\"og:image:type\" content=\"image\/jpeg\" \/>\n<meta name=\"author\" content=\"hegyizs\" \/>\n<meta name=\"twitter:card\" content=\"summary_large_image\" \/>\n<meta name=\"twitter:label1\" content=\"Written by\" \/>\n\t<meta name=\"twitter:data1\" content=\"WLC\" \/>\n\t<meta name=\"twitter:label2\" content=\"Est. reading time\" \/>\n\t<meta name=\"twitter:data2\" content=\"5 minutes\" \/>\n<script type=\"application\/ld+json\" class=\"yoast-schema-graph\">{\"@context\":\"https:\/\/schema.org\",\"@graph\":[{\"@type\":\"WebPage\",\"@id\":\"https:\/\/www.welovecycling.com\/hu\/honap-utvonala\/a-honap-utvonala-januar-cseh-roni-kedvenc-telreggeli-utja-a-fovaros-mellett\/\",\"url\":\"https:\/\/www.welovecycling.com\/hu\/honap-utvonala\/a-honap-utvonala-januar-cseh-roni-kedvenc-telreggeli-utja-a-fovaros-mellett\/\",\"name\":\"A h\u00f3nap \u00fatvonala \u2013 Janu\u00e1r: Cseh Roni kedvenc t\u00e9lreggeli \u00fatja a f\u0151v\u00e1ros mellett\",\"isPartOf\":{\"@id\":\"https:\/\/www.welovecycling.com\/hu\/#website\"},\"primaryImageOfPage\":{\"@id\":\"https:\/\/www.welovecycling.com\/hu\/honap-utvonala\/a-honap-utvonala-januar-cseh-roni-kedvenc-telreggeli-utja-a-fovaros-mellett\/#primaryimage\"},\"image\":{\"@id\":\"https:\/\/www.welovecycling.com\/hu\/honap-utvonala\/a-honap-utvonala-januar-cseh-roni-kedvenc-telreggeli-utja-a-fovaros-mellett\/#primaryimage\"},\"thumbnailUrl\":\"https:\/\/d2p6e6u75xmxt8.cloudfront.net\/12\/2022\/01\/jan_WLC_honap_utvonala_INDEXKEP_STOCK-min.jpg\",\"datePublished\":\"2022-01-26T14:00:51+00:00\",\"dateModified\":\"2022-02-03T10:57:41+00:00\",\"author\":{\"@id\":\"https:\/\/www.welovecycling.com\/hu\/#\/schema\/person\/414a2aebf1801691a5320edb6468e194\"},\"description\":\"Ha valakir\u0151l, akkor Cseh Ronir\u00f3l p\u00e9ld\u00e1t vehet\u00fcnk mindannyian. A magyar n\u0151i ker\u00e9kp\u00e1roz\u00e1s ikonja igazi inspir\u00e1ci\u00f3, mindenkinek, aki azt hiszi, egy bizonyos kor f\u00f6l\u00f6tt m\u00e1r nem lehet fejl\u0151dni. Roni 37 \u00e9vesen v\u00e1gott bele a versenyz\u00e9sbe, \u00e9s sz\u00e1mtalan rangos c\u00edmet gy\u0171jt\u00f6tt \u00f6ssze az \u00e9vek alatt, ami t\u00f6bbek k\u00f6z\u00f6tt annak az elk\u00f6telezetts\u00e9gnek k\u00f6sz\u00f6nhet\u0151, ami minden hajnalban hajtja, hogy tekerni menjen, amikor m\u00e1sok m\u00e9g csak a m\u00e1sik oldalukra fordulnak. Egyik kedvenc t\u00fara\u00fatvonal\u00e1t hozta el nektek, ami t\u00f6k\u00e9letes arra, hogy t\u00e9len is j\u00f3l \u00e9rezd magad a nyeregben.\",\"breadcrumb\":{\"@id\":\"https:\/\/www.welovecycling.com\/hu\/honap-utvonala\/a-honap-utvonala-januar-cseh-roni-kedvenc-telreggeli-utja-a-fovaros-mellett\/#breadcrumb\"},\"inLanguage\":\"hu\",\"potentialAction\":[{\"@type\":\"ReadAction\",\"target\":[\"https:\/\/www.welovecycling.com\/hu\/honap-utvonala\/a-honap-utvonala-januar-cseh-roni-kedvenc-telreggeli-utja-a-fovaros-mellett\/\"]}]},{\"@type\":\"ImageObject\",\"inLanguage\":\"hu\",\"@id\":\"https:\/\/www.welovecycling.com\/hu\/honap-utvonala\/a-honap-utvonala-januar-cseh-roni-kedvenc-telreggeli-utja-a-fovaros-mellett\/#primaryimage\",\"url\":\"https:\/\/d2p6e6u75xmxt8.cloudfront.net\/12\/2022\/01\/jan_WLC_honap_utvonala_INDEXKEP_STOCK-min.jpg\",\"contentUrl\":\"https:\/\/d2p6e6u75xmxt8.cloudfront.net\/12\/2022\/01\/jan_WLC_honap_utvonala_INDEXKEP_STOCK-min.jpg\",\"width\":1920,\"height\":1080},{\"@type\":\"BreadcrumbList\",\"@id\":\"https:\/\/www.welovecycling.com\/hu\/honap-utvonala\/a-honap-utvonala-januar-cseh-roni-kedvenc-telreggeli-utja-a-fovaros-mellett\/#breadcrumb\",\"itemListElement\":[{\"@type\":\"ListItem\",\"position\":1,\"name\":\"Home\",\"item\":\"https:\/\/www.welovecycling.com\/hu\/\"},{\"@type\":\"ListItem\",\"position\":2,\"name\":\"A h\u00f3nap \u00fatvonala \u2013 Janu\u00e1r: Cseh Roni kedvenc t\u00e9lreggeli \u00fatja a f\u0151v\u00e1ros mellett\"}]},{\"@type\":\"WebSite\",\"@id\":\"https:\/\/www.welovecycling.com\/hu\/#website\",\"url\":\"https:\/\/www.welovecycling.com\/hu\/\",\"name\":\"\u0160koda We Love Cycling - Magyarorsz\u00e1g\",\"description\":\"\u0160koda WeLoveCycling\",\"potentialAction\":[{\"@type\":\"SearchAction\",\"target\":{\"@type\":\"EntryPoint\",\"urlTemplate\":\"https:\/\/www.welovecycling.com\/hu\/?s={search_term_string}\"},\"query-input\":{\"@type\":\"PropertyValueSpecification\",\"valueRequired\":true,\"valueName\":\"search_term_string\"}}],\"inLanguage\":\"hu\"},{\"@type\":\"Person\",\"@id\":\"https:\/\/www.welovecycling.com\/hu\/#\/schema\/person\/414a2aebf1801691a5320edb6468e194\",\"name\":\"hegyizs\",\"image\":{\"@type\":\"ImageObject\",\"inLanguage\":\"hu\",\"@id\":\"https:\/\/www.welovecycling.com\/hu\/#\/schema\/person\/image\/\",\"url\":\"https:\/\/secure.gravatar.com\/avatar\/02cf8a7906b8cf90cecb4679defac7cfd33a1c2e3b88e4903d947f3bb58eedd3?s=96&d=mm&r=g\",\"contentUrl\":\"https:\/\/secure.gravatar.com\/avatar\/02cf8a7906b8cf90cecb4679defac7cfd33a1c2e3b88e4903d947f3bb58eedd3?s=96&d=mm&r=g\",\"caption\":\"hegyizs\"},\"url\":\"https:\/\/www.welovecycling.com\/hu\/author\/hegyizs\/\"}]}<\/script>\n<!-- \/ Yoast SEO Premium plugin. -->","yoast_head_json":{"title":"A h\u00f3nap \u00fatvonala \u2013 Janu\u00e1r: Cseh Roni kedvenc t\u00e9lreggeli \u00fatja a f\u0151v\u00e1ros mellett","description":"Ha valakir\u0151l, akkor Cseh Ronir\u00f3l p\u00e9ld\u00e1t vehet\u00fcnk mindannyian. A magyar n\u0151i ker\u00e9kp\u00e1roz\u00e1s ikonja igazi inspir\u00e1ci\u00f3, mindenkinek, aki azt hiszi, egy bizonyos kor f\u00f6l\u00f6tt m\u00e1r nem lehet fejl\u0151dni. Roni 37 \u00e9vesen v\u00e1gott bele a versenyz\u00e9sbe, \u00e9s sz\u00e1mtalan rangos c\u00edmet gy\u0171jt\u00f6tt \u00f6ssze az \u00e9vek alatt, ami t\u00f6bbek k\u00f6z\u00f6tt annak az elk\u00f6telezetts\u00e9gnek k\u00f6sz\u00f6nhet\u0151, ami minden hajnalban hajtja, hogy tekerni menjen, amikor m\u00e1sok m\u00e9g csak a m\u00e1sik oldalukra fordulnak. Egyik kedvenc t\u00fara\u00fatvonal\u00e1t hozta el nektek, ami t\u00f6k\u00e9letes arra, hogy t\u00e9len is j\u00f3l \u00e9rezd magad a nyeregben.","robots":{"index":"index","follow":"follow","max-snippet":"max-snippet:-1","max-image-preview":"max-image-preview:large","max-video-preview":"max-video-preview:-1"},"canonical":"https:\/\/www.welovecycling.com\/hu\/honap-utvonala\/a-honap-utvonala-januar-cseh-roni-kedvenc-telreggeli-utja-a-fovaros-mellett\/","og_locale":"hu_HU","og_type":"article","og_title":"A h\u00f3nap \u00fatvonala \u2013 Janu\u00e1r: Cseh Roni kedvenc t\u00e9lreggeli \u00fatja a f\u0151v\u00e1ros mellett","og_description":"Ha valakir\u0151l, akkor Cseh Ronir\u00f3l p\u00e9ld\u00e1t vehet\u00fcnk mindannyian. A magyar n\u0151i ker\u00e9kp\u00e1roz\u00e1s ikonja igazi inspir\u00e1ci\u00f3, mindenkinek, aki azt hiszi, egy bizonyos kor f\u00f6l\u00f6tt m\u00e1r nem lehet fejl\u0151dni. Roni 37 \u00e9vesen v\u00e1gott bele a versenyz\u00e9sbe, \u00e9s sz\u00e1mtalan rangos c\u00edmet gy\u0171jt\u00f6tt \u00f6ssze az \u00e9vek alatt, ami t\u00f6bbek k\u00f6z\u00f6tt annak az elk\u00f6telezetts\u00e9gnek k\u00f6sz\u00f6nhet\u0151, ami minden hajnalban hajtja, hogy tekerni menjen, amikor m\u00e1sok m\u00e9g csak a m\u00e1sik oldalukra fordulnak. Egyik kedvenc t\u00fara\u00fatvonal\u00e1t hozta el nektek, ami t\u00f6k\u00e9letes arra, hogy t\u00e9len is j\u00f3l \u00e9rezd magad a nyeregben.","og_url":"https:\/\/www.welovecycling.com\/hu\/honap-utvonala\/a-honap-utvonala-januar-cseh-roni-kedvenc-telreggeli-utja-a-fovaros-mellett\/","og_site_name":"\u0160koda We Love Cycling - Magyarorsz\u00e1g","article_publisher":"https:\/\/www.facebook.com\/WeLoveCyclingHungary\/","article_published_time":"2022-01-26T14:00:51+00:00","article_modified_time":"2022-02-03T10:57:41+00:00","og_image":[{"width":1920,"height":1080,"url":"https:\/\/d2p6e6u75xmxt8.cloudfront.net\/12\/2022\/01\/jan_WLC_honap_utvonala_INDEXKEP_STOCK-min.jpg","type":"image\/jpeg"}],"author":"hegyizs","twitter_card":"summary_large_image","twitter_misc":{"Written by":"WLC","Est. reading time":"5 minutes"},"schema":{"@context":"https:\/\/schema.org","@graph":[{"@type":"WebPage","@id":"https:\/\/www.welovecycling.com\/hu\/honap-utvonala\/a-honap-utvonala-januar-cseh-roni-kedvenc-telreggeli-utja-a-fovaros-mellett\/","url":"https:\/\/www.welovecycling.com\/hu\/honap-utvonala\/a-honap-utvonala-januar-cseh-roni-kedvenc-telreggeli-utja-a-fovaros-mellett\/","name":"A h\u00f3nap \u00fatvonala \u2013 Janu\u00e1r: Cseh Roni kedvenc t\u00e9lreggeli \u00fatja a f\u0151v\u00e1ros mellett","isPartOf":{"@id":"https:\/\/www.welovecycling.com\/hu\/#website"},"primaryImageOfPage":{"@id":"https:\/\/www.welovecycling.com\/hu\/honap-utvonala\/a-honap-utvonala-januar-cseh-roni-kedvenc-telreggeli-utja-a-fovaros-mellett\/#primaryimage"},"image":{"@id":"https:\/\/www.welovecycling.com\/hu\/honap-utvonala\/a-honap-utvonala-januar-cseh-roni-kedvenc-telreggeli-utja-a-fovaros-mellett\/#primaryimage"},"thumbnailUrl":"https:\/\/d2p6e6u75xmxt8.cloudfront.net\/12\/2022\/01\/jan_WLC_honap_utvonala_INDEXKEP_STOCK-min.jpg","datePublished":"2022-01-26T14:00:51+00:00","dateModified":"2022-02-03T10:57:41+00:00","author":{"@id":"https:\/\/www.welovecycling.com\/hu\/#\/schema\/person\/414a2aebf1801691a5320edb6468e194"},"description":"Ha valakir\u0151l, akkor Cseh Ronir\u00f3l p\u00e9ld\u00e1t vehet\u00fcnk mindannyian. A magyar n\u0151i ker\u00e9kp\u00e1roz\u00e1s ikonja igazi inspir\u00e1ci\u00f3, mindenkinek, aki azt hiszi, egy bizonyos kor f\u00f6l\u00f6tt m\u00e1r nem lehet fejl\u0151dni. Roni 37 \u00e9vesen v\u00e1gott bele a versenyz\u00e9sbe, \u00e9s sz\u00e1mtalan rangos c\u00edmet gy\u0171jt\u00f6tt \u00f6ssze az \u00e9vek alatt, ami t\u00f6bbek k\u00f6z\u00f6tt annak az elk\u00f6telezetts\u00e9gnek k\u00f6sz\u00f6nhet\u0151, ami minden hajnalban hajtja, hogy tekerni menjen, amikor m\u00e1sok m\u00e9g csak a m\u00e1sik oldalukra fordulnak. Egyik kedvenc t\u00fara\u00fatvonal\u00e1t hozta el nektek, ami t\u00f6k\u00e9letes arra, hogy t\u00e9len is j\u00f3l \u00e9rezd magad a nyeregben.","breadcrumb":{"@id":"https:\/\/www.welovecycling.com\/hu\/honap-utvonala\/a-honap-utvonala-januar-cseh-roni-kedvenc-telreggeli-utja-a-fovaros-mellett\/#breadcrumb"},"inLanguage":"hu","potentialAction":[{"@type":"ReadAction","target":["https:\/\/www.welovecycling.com\/hu\/honap-utvonala\/a-honap-utvonala-januar-cseh-roni-kedvenc-telreggeli-utja-a-fovaros-mellett\/"]}]},{"@type":"ImageObject","inLanguage":"hu","@id":"https:\/\/www.welovecycling.com\/hu\/honap-utvonala\/a-honap-utvonala-januar-cseh-roni-kedvenc-telreggeli-utja-a-fovaros-mellett\/#primaryimage","url":"https:\/\/d2p6e6u75xmxt8.cloudfront.net\/12\/2022\/01\/jan_WLC_honap_utvonala_INDEXKEP_STOCK-min.jpg","contentUrl":"https:\/\/d2p6e6u75xmxt8.cloudfront.net\/12\/2022\/01\/jan_WLC_honap_utvonala_INDEXKEP_STOCK-min.jpg","width":1920,"height":1080},{"@type":"BreadcrumbList","@id":"https:\/\/www.welovecycling.com\/hu\/honap-utvonala\/a-honap-utvonala-januar-cseh-roni-kedvenc-telreggeli-utja-a-fovaros-mellett\/#breadcrumb","itemListElement":[{"@type":"ListItem","position":1,"name":"Home","item":"https:\/\/www.welovecycling.com\/hu\/"},{"@type":"ListItem","position":2,"name":"A h\u00f3nap \u00fatvonala \u2013 Janu\u00e1r: Cseh Roni kedvenc t\u00e9lreggeli \u00fatja a f\u0151v\u00e1ros mellett"}]},{"@type":"WebSite","@id":"https:\/\/www.welovecycling.com\/hu\/#website","url":"https:\/\/www.welovecycling.com\/hu\/","name":"\u0160koda We Love Cycling - Magyarorsz\u00e1g","description":"\u0160koda WeLoveCycling","potentialAction":[{"@type":"SearchAction","target":{"@type":"EntryPoint","urlTemplate":"https:\/\/www.welovecycling.com\/hu\/?s={search_term_string}"},"query-input":{"@type":"PropertyValueSpecification","valueRequired":true,"valueName":"search_term_string"}}],"inLanguage":"hu"},{"@type":"Person","@id":"https:\/\/www.welovecycling.com\/hu\/#\/schema\/person\/414a2aebf1801691a5320edb6468e194","name":"hegyizs","image":{"@type":"ImageObject","inLanguage":"hu","@id":"https:\/\/www.welovecycling.com\/hu\/#\/schema\/person\/image\/","url":"https:\/\/secure.gravatar.com\/avatar\/02cf8a7906b8cf90cecb4679defac7cfd33a1c2e3b88e4903d947f3bb58eedd3?s=96&d=mm&r=g","contentUrl":"https:\/\/secure.gravatar.com\/avatar\/02cf8a7906b8cf90cecb4679defac7cfd33a1c2e3b88e4903d947f3bb58eedd3?s=96&d=mm&r=g","caption":"hegyizs"},"url":"https:\/\/www.welovecycling.com\/hu\/author\/hegyizs\/"}]}},"_links":{"self":[{"href":"https:\/\/www.welovecycling.com\/hu\/wp-json\/wp\/v2\/posts\/13474","targetHints":{"allow":["GET"]}}],"collection":[{"href":"https:\/\/www.welovecycling.com\/hu\/wp-json\/wp\/v2\/posts"}],"about":[{"href":"https:\/\/www.welovecycling.com\/hu\/wp-json\/wp\/v2\/types\/post"}],"author":[{"embeddable":true,"href":"https:\/\/www.welovecycling.com\/hu\/wp-json\/wp\/v2\/users\/71"}],"replies":[{"embeddable":true,"href":"https:\/\/www.welovecycling.com\/hu\/wp-json\/wp\/v2\/comments?post=13474"}],"version-history":[{"count":2,"href":"https:\/\/www.welovecycling.com\/hu\/wp-json\/wp\/v2\/posts\/13474\/revisions"}],"predecessor-version":[{"id":13522,"href":"https:\/\/www.welovecycling.com\/hu\/wp-json\/wp\/v2\/posts\/13474\/revisions\/13522"}],"wp:featuredmedia":[{"embeddable":true,"href":"https:\/\/www.welovecycling.com\/hu\/wp-json\/wp\/v2\/media\/13483"}],"wp:attachment":[{"href":"https:\/\/www.welovecycling.com\/hu\/wp-json\/wp\/v2\/media?parent=13474"}],"wp:term":[{"taxonomy":"category","embeddable":true,"href":"https:\/\/www.welovecycling.com\/hu\/wp-json\/wp\/v2\/categories?post=13474"},{"taxonomy":"post_tag","embeddable":true,"href":"https:\/\/www.welovecycling.com\/hu\/wp-json\/wp\/v2\/tags?post=13474"},{"taxonomy":"global-categories","embeddable":true,"href":"https:\/\/www.welovecycling.com\/hu\/wp-json\/wp\/v2\/global-categories?post=13474"}],"curies":[{"name":"wp","href":"https:\/\/api.w.org\/{rel}","templated":true}]}}