{"id":13467,"date":"2022-01-25T16:49:23","date_gmt":"2022-01-25T14:49:23","guid":{"rendered":"https:\/\/www.welovecycling.com\/hu\/?p=13467"},"modified":"2022-01-25T17:00:38","modified_gmt":"2022-01-25T15:00:38","slug":"bernalert-aggodik-a-kerekparosvilag-borzalmas-edzesbalesete-utan","status":"publish","type":"post","link":"https:\/\/www.welovecycling.com\/hu\/orszaguti-kerekpar\/bernalert-aggodik-a-kerekparosvilag-borzalmas-edzesbalesete-utan\/","title":{"rendered":"Bernal\u00e9rt agg\u00f3dik a ker\u00e9kp\u00e1rosvil\u00e1g borzalmas edz\u00e9sbalesete ut\u00e1n"},"content":{"rendered":"<p><strong>A 25 \u00e9ves kolumbiai klasszis s\u00e9r\u00fcl\u00e9sei az els\u0151 h\u00edrekkel ellent\u00e9tben m\u00e9gis s\u00falyosak, m\u00e9ghozz\u00e1 nagyon: az Ineos Tour- \u00e9s Giro-gy\u0151ztes\u00e9t intenz\u00edv oszt\u00e1lyon \u00e1polj\u00e1k, sajnos gerince, t\u00e9rde \u00e9s combcsontja is elt\u00f6r\u00f6tt, sz\u00e1mos m\u0171t\u00e9tet kellett v\u00e9grehajtani rajta azut\u00e1n, hogy egy \u00e1ll\u00f3 buszba rohant haz\u00e1j\u00e1ban.<\/strong><\/p>\n<p>Az eg\u00e9sz bring\u00e1svil\u00e1got sokkolta Egan Bernal s\u00falyos edz\u00e9sbalesete. Napjaink egyik legjobb \u00e9s legk\u00f6zkedveltebb ker\u00e9kp\u00e1rosa, az Ineos fiatal Tour de France- \u00e9s Giro d\u2019Italia-gy\u0151ztes kolumbiai klasszisa \u00e9ppen haz\u00e1j\u00e1ban gy\u0171jt\u00f6tte a kilom\u00e9tereket sz\u00fcl\u0151v\u00e1ros\u00e1t\u00f3l nem messze, amikor belerohant egy menetrend szerint k\u00f6zleked\u0151 busz h\u00e1tulj\u00e1ba. Az esettel kapcsolatban egyel\u0151re sok a hom\u00e1lyos folt, \u00e1m az els\u0151 inform\u00e1ci\u00f3k alapj\u00e1n a busz egy meg\u00e1ll\u00f3ban \u00e1llt \u00e9ppen, a h\u00e1tulja viszont bel\u00f3gott az \u00fatra, Bernal pedig egyel\u0151re tiszt\u00e1zatlan k\u00f6r\u00fclm\u00e9nyek k\u00f6z\u00f6tt sz\u00e1llt bele bring\u00e1j\u00e1val. A becsap\u00f3d\u00e1s erej\u00e9t j\u00f3l le\u00edrja, hogy a t\u00f6bb mint t\u00edztonn\u00e1s j\u00e1rm\u0171 h\u00e1tulja teljesen behorpadt. Mit okozhatott ekkora er\u0151 egy j\u00f3form\u00e1n v\u00e9dtelen emberi testben\u2026<\/p>\n<figure id=\"attachment_13469\" aria-describedby=\"caption-attachment-13469\" style=\"width: 815px\" class=\"wp-caption alignnone\"><a href=\"https:\/\/d2p6e6u75xmxt8.cloudfront.net\/12\/2022\/01\/FJ4Se3EX0AUKCVj.jpg\"><img loading=\"lazy\" decoding=\"async\" class=\"wp-image-13469 size-full\" src=\"https:\/\/d2p6e6u75xmxt8.cloudfront.net\/12\/2022\/01\/FJ4Se3EX0AUKCVj.jpg\" alt=\"\" width=\"815\" height=\"834\" srcset=\"https:\/\/d2p6e6u75xmxt8.cloudfront.net\/12\/2022\/01\/FJ4Se3EX0AUKCVj.jpg 815w, https:\/\/d2p6e6u75xmxt8.cloudfront.net\/12\/2022\/01\/FJ4Se3EX0AUKCVj-293x300.jpg 293w, https:\/\/d2p6e6u75xmxt8.cloudfront.net\/12\/2022\/01\/FJ4Se3EX0AUKCVj-768x786.jpg 768w\" sizes=\"auto, (max-width: 815px) 100vw, 815px\" \/><\/a><figcaption id=\"caption-attachment-13469\" class=\"wp-caption-text\">A busz h\u00e1tulja teljesen behorpadt a becsap\u00f3d\u00e1s nyom\u00e1n (fot\u00f3k: Twitter)<\/figcaption><\/figure>\n<p>Az els\u0151 h\u00edrek m\u00e9g arr\u00f3l sz\u00f3ltak, hogy ha minden j\u00f3l megy, Bernal csod\u00e1val hat\u00e1ros m\u00f3don komolyabb s\u00e9r\u00fcl\u00e9sek n\u00e9lk\u00fcl meg\u00fassza az esetet. Nem sokkal k\u00e9s\u0151bb azonban kider\u00fclt, a val\u00f3s\u00e1g enn\u00e9l sajnos nem is \u00e1llhatna t\u00e1volabb. A 25 \u00e9ves klasszison azonnali, \u00e9jszak\u00e1ba ny\u00fal\u00f3 s\u00fcrg\u0151ss\u00e9gi m\u0171t\u00e9teket hajtottak v\u00e9gre a bogotai k\u00f3rh\u00e1zban: t\u00fcdeje bev\u00e9rzett, a t\u00e9rdkal\u00e1cs\u00e1t (ny\u00edlt t\u00f6r\u00e9s), a combcsontj\u00e1t (t\u00f6bbsz\u00f6r\u00f6s t\u00f6r\u00e9s) is oper\u00e1lni kellett, \u00e9s a legaggaszt\u00f3bb, hogy az Ineos kedd d\u00e9lut\u00e1n meger\u0151s\u00edtette, a gerince is elt\u00f6rt \u2013 itt roppant komplex \u00e9s bonyolult gerincm\u0171t\u00e9t sor\u00e1n k\u00e9t r\u00e9szletben hat h\u00e1tk\u00f6z\u00e9pi csigolya eset\u00e9ben idegseb\u00e9szeti beavatkoz\u00e1sra is sz\u00fcks\u00e9g volt a mozg\u00e1sfunkci\u00f3k meg\u0151rz\u00e9se \u00e9rdek\u00e9ben. Szerencse a szerencs\u00e9tlens\u00e9gben, hogy az oper\u00e1ci\u00f3kat v\u00e9gz\u0151 orvoscsoport ezt ut\u00f3bb sikeresnek min\u0151s\u00edtette, majd Bernalt az intenz\u00edv oszt\u00e1lyra sz\u00e1ll\u00edtott\u00e1k megfigyel\u00e9sre.<\/p>\n<p><a href=\"https:\/\/d2p6e6u75xmxt8.cloudfront.net\/12\/2022\/01\/screenshot-2361.jpg\"><img loading=\"lazy\" decoding=\"async\" class=\"alignnone wp-image-13470 size-full\" src=\"https:\/\/d2p6e6u75xmxt8.cloudfront.net\/12\/2022\/01\/screenshot-2361.jpg\" alt=\"\" width=\"879\" height=\"590\" srcset=\"https:\/\/d2p6e6u75xmxt8.cloudfront.net\/12\/2022\/01\/screenshot-2361.jpg 879w, https:\/\/d2p6e6u75xmxt8.cloudfront.net\/12\/2022\/01\/screenshot-2361-300x201.jpg 300w, https:\/\/d2p6e6u75xmxt8.cloudfront.net\/12\/2022\/01\/screenshot-2361-768x515.jpg 768w, https:\/\/d2p6e6u75xmxt8.cloudfront.net\/12\/2022\/01\/screenshot-2361-272x182.jpg 272w\" sizes=\"auto, (max-width: 879px) 100vw, 879px\" \/><\/a><\/p>\n<p>A h\u00edrek mindenkit les\u00fajtottak, hiszen a h\u00e1tprobl\u00e9m\u00e1ib\u00f3l nagy nehezen kil\u00e1bal\u00f3 Bernal az ut\u00f3bbi id\u0151ben \u00fajra kezdett az igazi f\u00e9ny\u00e9ben csillogni, a tavalyi Gir\u00f3t er\u0151demonstr\u00e1l\u00f3 versenyz\u00e9ssel, m\u00e1sf\u00e9l perces \u00f6sszetett el\u0151nnyel nyerte; nincs k\u00e9t hete, hogy ist\u00e1ll\u00f3ja, a brit gig\u00e1sz Ineos 2026-ig hosszabb\u00edtott vele szerz\u0151d\u00e9st azzal a nem is titkolt sz\u00e1nd\u00e9kkal, hogy v\u00e1ltozatlanul k\u00f6r\u00e9 k\u00edv\u00e1nja fel\u00e9p\u00edteni a j\u00f6v\u0151 szupercsapat\u00e1t.<\/p>\n<p>Bernalnak ezzel az eg\u00e9sz id\u00e9nye vesz\u00e9lybe ker\u00fclt, de az \u00e1llapot\u00e1t l\u00e1tva a versenyz\u00e9s most abszol\u00fat sokadlagos: mindenki az\u00e9rt szor\u00edt, hogy a m\u00e9g mindig csak 25 \u00e9ves kolumbiai kedvenc teljesen fel\u00e9p\u00fclj\u00f6n \u00e9s maradand\u00f3 k\u00e1rosod\u00e1sok n\u00e9lk\u00fcl meg\u00fassza a borzalmas balesetet.<\/p>\n<p><span style=\"font-size: 10pt;\"><em>Bor\u00edt\u00f3: AFP<\/em><\/span><\/p>\n","protected":false},"excerpt":{"rendered":"<p>A 25 \u00e9ves kolumbiai klasszis s\u00e9r\u00fcl\u00e9sei az els\u0151 h\u00edrekkel ellent\u00e9tben m\u00e9gis s\u00falyosak, m\u00e9ghozz\u00e1 nagyon: az Ineos Tour- \u00e9s Giro-gy\u0151ztes\u00e9t intenz\u00edv [&hellip;]<\/p>\n","protected":false},"author":145,"featured_media":13468,"comment_status":"open","ping_status":"open","sticky":false,"template":"","format":"standard","meta":{"footnotes":""},"categories":[8],"tags":[],"global-categories":[419],"class_list":["post-13467","post","type-post","status-publish","format-standard","has-post-thumbnail","hentry","category-orszaguti-kerekpar","global-categories-cycling"],"yoast_head":"<!-- This site is optimized with the Yoast SEO Premium plugin v25.3 (Yoast SEO v25.9) - https:\/\/yoast.com\/wordpress\/plugins\/seo\/ -->\n<title>Bernal\u00e9rt agg\u00f3dik a ker\u00e9kp\u00e1rosvil\u00e1g borzalmas edz\u00e9sbalesete ut\u00e1n - \u0160koda We Love Cycling - Magyarorsz\u00e1g<\/title>\n<meta name=\"description\" content=\"A 25 \u00e9ves kolumbiai klasszis s\u00e9r\u00fcl\u00e9sei az els\u0151 h\u00edrekkel ellent\u00e9tben m\u00e9gis s\u00falyosak: az Ineos Tour- \u00e9s Giro-gy\u0151ztes\u00e9t intenz\u00edv oszt\u00e1lyon \u00e1polj\u00e1k.\" \/>\n<meta name=\"robots\" content=\"index, follow, max-snippet:-1, max-image-preview:large, max-video-preview:-1\" \/>\n<link rel=\"canonical\" href=\"https:\/\/www.welovecycling.com\/hu\/orszaguti-kerekpar\/bernalert-aggodik-a-kerekparosvilag-borzalmas-edzesbalesete-utan\/\" \/>\n<meta property=\"og:locale\" content=\"hu_HU\" \/>\n<meta property=\"og:type\" content=\"article\" \/>\n<meta property=\"og:title\" content=\"Bernal\u00e9rt agg\u00f3dik a ker\u00e9kp\u00e1rosvil\u00e1g borzalmas edz\u00e9sbalesete ut\u00e1n\" \/>\n<meta property=\"og:description\" content=\"A 25 \u00e9ves kolumbiai klasszis s\u00e9r\u00fcl\u00e9sei az els\u0151 h\u00edrekkel ellent\u00e9tben m\u00e9gis s\u00falyosak: az Ineos Tour- \u00e9s Giro-gy\u0151ztes\u00e9t intenz\u00edv oszt\u00e1lyon \u00e1polj\u00e1k.\" \/>\n<meta property=\"og:url\" content=\"https:\/\/www.welovecycling.com\/hu\/orszaguti-kerekpar\/bernalert-aggodik-a-kerekparosvilag-borzalmas-edzesbalesete-utan\/\" \/>\n<meta property=\"og:site_name\" content=\"\u0160koda We Love Cycling - Magyarorsz\u00e1g\" \/>\n<meta property=\"article:publisher\" content=\"https:\/\/www.facebook.com\/WeLoveCyclingHungary\/\" \/>\n<meta property=\"article:published_time\" content=\"2022-01-25T14:49:23+00:00\" \/>\n<meta property=\"article:modified_time\" content=\"2022-01-25T15:00:38+00:00\" \/>\n<meta property=\"og:image\" content=\"https:\/\/d2p6e6u75xmxt8.cloudfront.net\/12\/2022\/01\/c41352321c68d2c3cace88c964662fbc.jpg\" \/>\n\t<meta property=\"og:image:width\" content=\"768\" \/>\n\t<meta property=\"og:image:height\" content=\"432\" \/>\n\t<meta property=\"og:image:type\" content=\"image\/jpeg\" \/>\n<meta name=\"author\" content=\"kitti\" \/>\n<meta name=\"twitter:card\" content=\"summary_large_image\" \/>\n<meta name=\"twitter:label1\" content=\"Written by\" \/>\n\t<meta name=\"twitter:data1\" content=\"WLC\" \/>\n\t<meta name=\"twitter:label2\" content=\"Est. reading time\" \/>\n\t<meta name=\"twitter:data2\" content=\"3 minutes\" \/>\n<script type=\"application\/ld+json\" class=\"yoast-schema-graph\">{\"@context\":\"https:\/\/schema.org\",\"@graph\":[{\"@type\":\"WebPage\",\"@id\":\"https:\/\/www.welovecycling.com\/hu\/orszaguti-kerekpar\/bernalert-aggodik-a-kerekparosvilag-borzalmas-edzesbalesete-utan\/\",\"url\":\"https:\/\/www.welovecycling.com\/hu\/orszaguti-kerekpar\/bernalert-aggodik-a-kerekparosvilag-borzalmas-edzesbalesete-utan\/\",\"name\":\"Bernal\u00e9rt agg\u00f3dik a ker\u00e9kp\u00e1rosvil\u00e1g borzalmas edz\u00e9sbalesete ut\u00e1n - \u0160koda We Love Cycling - Magyarorsz\u00e1g\",\"isPartOf\":{\"@id\":\"https:\/\/www.welovecycling.com\/hu\/#website\"},\"primaryImageOfPage\":{\"@id\":\"https:\/\/www.welovecycling.com\/hu\/orszaguti-kerekpar\/bernalert-aggodik-a-kerekparosvilag-borzalmas-edzesbalesete-utan\/#primaryimage\"},\"image\":{\"@id\":\"https:\/\/www.welovecycling.com\/hu\/orszaguti-kerekpar\/bernalert-aggodik-a-kerekparosvilag-borzalmas-edzesbalesete-utan\/#primaryimage\"},\"thumbnailUrl\":\"https:\/\/d2p6e6u75xmxt8.cloudfront.net\/12\/2022\/01\/c41352321c68d2c3cace88c964662fbc.jpg\",\"datePublished\":\"2022-01-25T14:49:23+00:00\",\"dateModified\":\"2022-01-25T15:00:38+00:00\",\"author\":{\"@id\":\"https:\/\/www.welovecycling.com\/hu\/#\/schema\/person\/bec7dcdbcc59f58489cf603e4040ced1\"},\"description\":\"A 25 \u00e9ves kolumbiai klasszis s\u00e9r\u00fcl\u00e9sei az els\u0151 h\u00edrekkel ellent\u00e9tben m\u00e9gis s\u00falyosak: az Ineos Tour- \u00e9s Giro-gy\u0151ztes\u00e9t intenz\u00edv oszt\u00e1lyon \u00e1polj\u00e1k.\",\"breadcrumb\":{\"@id\":\"https:\/\/www.welovecycling.com\/hu\/orszaguti-kerekpar\/bernalert-aggodik-a-kerekparosvilag-borzalmas-edzesbalesete-utan\/#breadcrumb\"},\"inLanguage\":\"hu\",\"potentialAction\":[{\"@type\":\"ReadAction\",\"target\":[\"https:\/\/www.welovecycling.com\/hu\/orszaguti-kerekpar\/bernalert-aggodik-a-kerekparosvilag-borzalmas-edzesbalesete-utan\/\"]}]},{\"@type\":\"ImageObject\",\"inLanguage\":\"hu\",\"@id\":\"https:\/\/www.welovecycling.com\/hu\/orszaguti-kerekpar\/bernalert-aggodik-a-kerekparosvilag-borzalmas-edzesbalesete-utan\/#primaryimage\",\"url\":\"https:\/\/d2p6e6u75xmxt8.cloudfront.net\/12\/2022\/01\/c41352321c68d2c3cace88c964662fbc.jpg\",\"contentUrl\":\"https:\/\/d2p6e6u75xmxt8.cloudfront.net\/12\/2022\/01\/c41352321c68d2c3cace88c964662fbc.jpg\",\"width\":768,\"height\":432},{\"@type\":\"BreadcrumbList\",\"@id\":\"https:\/\/www.welovecycling.com\/hu\/orszaguti-kerekpar\/bernalert-aggodik-a-kerekparosvilag-borzalmas-edzesbalesete-utan\/#breadcrumb\",\"itemListElement\":[{\"@type\":\"ListItem\",\"position\":1,\"name\":\"Home\",\"item\":\"https:\/\/www.welovecycling.com\/hu\/\"},{\"@type\":\"ListItem\",\"position\":2,\"name\":\"Bernal\u00e9rt agg\u00f3dik a ker\u00e9kp\u00e1rosvil\u00e1g borzalmas edz\u00e9sbalesete ut\u00e1n\"}]},{\"@type\":\"WebSite\",\"@id\":\"https:\/\/www.welovecycling.com\/hu\/#website\",\"url\":\"https:\/\/www.welovecycling.com\/hu\/\",\"name\":\"\u0160koda We Love Cycling - Magyarorsz\u00e1g\",\"description\":\"\u0160koda WeLoveCycling\",\"potentialAction\":[{\"@type\":\"SearchAction\",\"target\":{\"@type\":\"EntryPoint\",\"urlTemplate\":\"https:\/\/www.welovecycling.com\/hu\/?s={search_term_string}\"},\"query-input\":{\"@type\":\"PropertyValueSpecification\",\"valueRequired\":true,\"valueName\":\"search_term_string\"}}],\"inLanguage\":\"hu\"},{\"@type\":\"Person\",\"@id\":\"https:\/\/www.welovecycling.com\/hu\/#\/schema\/person\/bec7dcdbcc59f58489cf603e4040ced1\",\"name\":\"kitti\",\"image\":{\"@type\":\"ImageObject\",\"inLanguage\":\"hu\",\"@id\":\"https:\/\/www.welovecycling.com\/hu\/#\/schema\/person\/image\/\",\"url\":\"https:\/\/secure.gravatar.com\/avatar\/e3196a110e1b57b96f56d92d10ce9bb4e9d7210076832a16243337e949410b52?s=96&d=mm&r=g\",\"contentUrl\":\"https:\/\/secure.gravatar.com\/avatar\/e3196a110e1b57b96f56d92d10ce9bb4e9d7210076832a16243337e949410b52?s=96&d=mm&r=g\",\"caption\":\"kitti\"},\"url\":\"https:\/\/www.welovecycling.com\/hu\/author\/kitti\/\"}]}<\/script>\n<!-- \/ Yoast SEO Premium plugin. -->","yoast_head_json":{"title":"Bernal\u00e9rt agg\u00f3dik a ker\u00e9kp\u00e1rosvil\u00e1g borzalmas edz\u00e9sbalesete ut\u00e1n - \u0160koda We Love Cycling - Magyarorsz\u00e1g","description":"A 25 \u00e9ves kolumbiai klasszis s\u00e9r\u00fcl\u00e9sei az els\u0151 h\u00edrekkel ellent\u00e9tben m\u00e9gis s\u00falyosak: az Ineos Tour- \u00e9s Giro-gy\u0151ztes\u00e9t intenz\u00edv oszt\u00e1lyon \u00e1polj\u00e1k.","robots":{"index":"index","follow":"follow","max-snippet":"max-snippet:-1","max-image-preview":"max-image-preview:large","max-video-preview":"max-video-preview:-1"},"canonical":"https:\/\/www.welovecycling.com\/hu\/orszaguti-kerekpar\/bernalert-aggodik-a-kerekparosvilag-borzalmas-edzesbalesete-utan\/","og_locale":"hu_HU","og_type":"article","og_title":"Bernal\u00e9rt agg\u00f3dik a ker\u00e9kp\u00e1rosvil\u00e1g borzalmas edz\u00e9sbalesete ut\u00e1n","og_description":"A 25 \u00e9ves kolumbiai klasszis s\u00e9r\u00fcl\u00e9sei az els\u0151 h\u00edrekkel ellent\u00e9tben m\u00e9gis s\u00falyosak: az Ineos Tour- \u00e9s Giro-gy\u0151ztes\u00e9t intenz\u00edv oszt\u00e1lyon \u00e1polj\u00e1k.","og_url":"https:\/\/www.welovecycling.com\/hu\/orszaguti-kerekpar\/bernalert-aggodik-a-kerekparosvilag-borzalmas-edzesbalesete-utan\/","og_site_name":"\u0160koda We Love Cycling - Magyarorsz\u00e1g","article_publisher":"https:\/\/www.facebook.com\/WeLoveCyclingHungary\/","article_published_time":"2022-01-25T14:49:23+00:00","article_modified_time":"2022-01-25T15:00:38+00:00","og_image":[{"width":768,"height":432,"url":"https:\/\/d2p6e6u75xmxt8.cloudfront.net\/12\/2022\/01\/c41352321c68d2c3cace88c964662fbc.jpg","type":"image\/jpeg"}],"author":"kitti","twitter_card":"summary_large_image","twitter_misc":{"Written by":"WLC","Est. reading time":"3 minutes"},"schema":{"@context":"https:\/\/schema.org","@graph":[{"@type":"WebPage","@id":"https:\/\/www.welovecycling.com\/hu\/orszaguti-kerekpar\/bernalert-aggodik-a-kerekparosvilag-borzalmas-edzesbalesete-utan\/","url":"https:\/\/www.welovecycling.com\/hu\/orszaguti-kerekpar\/bernalert-aggodik-a-kerekparosvilag-borzalmas-edzesbalesete-utan\/","name":"Bernal\u00e9rt agg\u00f3dik a ker\u00e9kp\u00e1rosvil\u00e1g borzalmas edz\u00e9sbalesete ut\u00e1n - \u0160koda We Love Cycling - Magyarorsz\u00e1g","isPartOf":{"@id":"https:\/\/www.welovecycling.com\/hu\/#website"},"primaryImageOfPage":{"@id":"https:\/\/www.welovecycling.com\/hu\/orszaguti-kerekpar\/bernalert-aggodik-a-kerekparosvilag-borzalmas-edzesbalesete-utan\/#primaryimage"},"image":{"@id":"https:\/\/www.welovecycling.com\/hu\/orszaguti-kerekpar\/bernalert-aggodik-a-kerekparosvilag-borzalmas-edzesbalesete-utan\/#primaryimage"},"thumbnailUrl":"https:\/\/d2p6e6u75xmxt8.cloudfront.net\/12\/2022\/01\/c41352321c68d2c3cace88c964662fbc.jpg","datePublished":"2022-01-25T14:49:23+00:00","dateModified":"2022-01-25T15:00:38+00:00","author":{"@id":"https:\/\/www.welovecycling.com\/hu\/#\/schema\/person\/bec7dcdbcc59f58489cf603e4040ced1"},"description":"A 25 \u00e9ves kolumbiai klasszis s\u00e9r\u00fcl\u00e9sei az els\u0151 h\u00edrekkel ellent\u00e9tben m\u00e9gis s\u00falyosak: az Ineos Tour- \u00e9s Giro-gy\u0151ztes\u00e9t intenz\u00edv oszt\u00e1lyon \u00e1polj\u00e1k.","breadcrumb":{"@id":"https:\/\/www.welovecycling.com\/hu\/orszaguti-kerekpar\/bernalert-aggodik-a-kerekparosvilag-borzalmas-edzesbalesete-utan\/#breadcrumb"},"inLanguage":"hu","potentialAction":[{"@type":"ReadAction","target":["https:\/\/www.welovecycling.com\/hu\/orszaguti-kerekpar\/bernalert-aggodik-a-kerekparosvilag-borzalmas-edzesbalesete-utan\/"]}]},{"@type":"ImageObject","inLanguage":"hu","@id":"https:\/\/www.welovecycling.com\/hu\/orszaguti-kerekpar\/bernalert-aggodik-a-kerekparosvilag-borzalmas-edzesbalesete-utan\/#primaryimage","url":"https:\/\/d2p6e6u75xmxt8.cloudfront.net\/12\/2022\/01\/c41352321c68d2c3cace88c964662fbc.jpg","contentUrl":"https:\/\/d2p6e6u75xmxt8.cloudfront.net\/12\/2022\/01\/c41352321c68d2c3cace88c964662fbc.jpg","width":768,"height":432},{"@type":"BreadcrumbList","@id":"https:\/\/www.welovecycling.com\/hu\/orszaguti-kerekpar\/bernalert-aggodik-a-kerekparosvilag-borzalmas-edzesbalesete-utan\/#breadcrumb","itemListElement":[{"@type":"ListItem","position":1,"name":"Home","item":"https:\/\/www.welovecycling.com\/hu\/"},{"@type":"ListItem","position":2,"name":"Bernal\u00e9rt agg\u00f3dik a ker\u00e9kp\u00e1rosvil\u00e1g borzalmas edz\u00e9sbalesete ut\u00e1n"}]},{"@type":"WebSite","@id":"https:\/\/www.welovecycling.com\/hu\/#website","url":"https:\/\/www.welovecycling.com\/hu\/","name":"\u0160koda We Love Cycling - Magyarorsz\u00e1g","description":"\u0160koda WeLoveCycling","potentialAction":[{"@type":"SearchAction","target":{"@type":"EntryPoint","urlTemplate":"https:\/\/www.welovecycling.com\/hu\/?s={search_term_string}"},"query-input":{"@type":"PropertyValueSpecification","valueRequired":true,"valueName":"search_term_string"}}],"inLanguage":"hu"},{"@type":"Person","@id":"https:\/\/www.welovecycling.com\/hu\/#\/schema\/person\/bec7dcdbcc59f58489cf603e4040ced1","name":"kitti","image":{"@type":"ImageObject","inLanguage":"hu","@id":"https:\/\/www.welovecycling.com\/hu\/#\/schema\/person\/image\/","url":"https:\/\/secure.gravatar.com\/avatar\/e3196a110e1b57b96f56d92d10ce9bb4e9d7210076832a16243337e949410b52?s=96&d=mm&r=g","contentUrl":"https:\/\/secure.gravatar.com\/avatar\/e3196a110e1b57b96f56d92d10ce9bb4e9d7210076832a16243337e949410b52?s=96&d=mm&r=g","caption":"kitti"},"url":"https:\/\/www.welovecycling.com\/hu\/author\/kitti\/"}]}},"_links":{"self":[{"href":"https:\/\/www.welovecycling.com\/hu\/wp-json\/wp\/v2\/posts\/13467","targetHints":{"allow":["GET"]}}],"collection":[{"href":"https:\/\/www.welovecycling.com\/hu\/wp-json\/wp\/v2\/posts"}],"about":[{"href":"https:\/\/www.welovecycling.com\/hu\/wp-json\/wp\/v2\/types\/post"}],"author":[{"embeddable":true,"href":"https:\/\/www.welovecycling.com\/hu\/wp-json\/wp\/v2\/users\/145"}],"replies":[{"embeddable":true,"href":"https:\/\/www.welovecycling.com\/hu\/wp-json\/wp\/v2\/comments?post=13467"}],"version-history":[{"count":2,"href":"https:\/\/www.welovecycling.com\/hu\/wp-json\/wp\/v2\/posts\/13467\/revisions"}],"predecessor-version":[{"id":13473,"href":"https:\/\/www.welovecycling.com\/hu\/wp-json\/wp\/v2\/posts\/13467\/revisions\/13473"}],"wp:featuredmedia":[{"embeddable":true,"href":"https:\/\/www.welovecycling.com\/hu\/wp-json\/wp\/v2\/media\/13468"}],"wp:attachment":[{"href":"https:\/\/www.welovecycling.com\/hu\/wp-json\/wp\/v2\/media?parent=13467"}],"wp:term":[{"taxonomy":"category","embeddable":true,"href":"https:\/\/www.welovecycling.com\/hu\/wp-json\/wp\/v2\/categories?post=13467"},{"taxonomy":"post_tag","embeddable":true,"href":"https:\/\/www.welovecycling.com\/hu\/wp-json\/wp\/v2\/tags?post=13467"},{"taxonomy":"global-categories","embeddable":true,"href":"https:\/\/www.welovecycling.com\/hu\/wp-json\/wp\/v2\/global-categories?post=13467"}],"curies":[{"name":"wp","href":"https:\/\/api.w.org\/{rel}","templated":true}]}}