{"id":13455,"date":"2022-01-26T08:00:07","date_gmt":"2022-01-26T06:00:07","guid":{"rendered":"https:\/\/www.welovecycling.com\/hu\/?p=13455"},"modified":"2022-01-21T17:34:41","modified_gmt":"2022-01-21T15:34:41","slug":"mit-tanulhat-a-kerekparsport-mas-sportagaktol","status":"publish","type":"post","link":"https:\/\/www.welovecycling.com\/hu\/kozosseg-es-kultura\/mit-tanulhat-a-kerekparsport-mas-sportagaktol\/","title":{"rendered":"Mit tanulhat a ker\u00e9kp\u00e1rsport m\u00e1s sport\u00e1gakt\u00f3l?"},"content":{"rendered":"<p><strong>A We Love Cycling-n\u00e1l nyilv\u00e1nval\u00f3, hogy im\u00e1dunk mindent, ami k\u00e9t ker\u00e9kkel kapcsolatos. A sport minden ter\u00fclet\u00e9n \u00e9rt\u00e9kelj\u00fck azt az \u00f6r\u00f6m\u00f6t, amit nem csak nek\u00fcnk, hanem neked is okoz. Azonban, mint mindennek az \u00e9letben, a ker\u00e9kp\u00e1roz\u00e1snak is vannak hib\u00e1i, \u00e9s f\u0151leg szakmai szinten lehetne m\u00e9g dolgozni rajta \u00e9s magasabb szintre fejleszteni.<\/strong><\/p>\n<p><!--more--><\/p>\n<p>Megpr\u00f3b\u00e1lunk m\u00e1s profi sportokb\u00f3l inspir\u00e1l\u00f3dni, hogy \u00f6sszegy\u0171jthess\u00fck, hogyan tehetn\u00e9nk m\u00e9g jobb\u00e1 a ker\u00e9kp\u00e1roz\u00e1st. De a te v\u00e9lem\u00e9nyed is fontos sz\u00e1munkra \u2013 vedd fel vel\u00fcnk a kapcsolatot \u00e9s kapcsol\u00f3dj be a besz\u00e9lget\u00e9sbe!<\/p>\n<figure id=\"attachment_12663\" aria-describedby=\"caption-attachment-12663\" style=\"width: 1000px\" class=\"wp-caption alignnone\"><a href=\"https:\/\/d2p6e6u75xmxt8.cloudfront.net\/12\/2021\/10\/Tour-de-France-peloton-profimedia-0622651192.jpg\"><img loading=\"lazy\" decoding=\"async\" class=\"wp-image-12663 size-full\" src=\"https:\/\/d2p6e6u75xmxt8.cloudfront.net\/12\/2021\/10\/Tour-de-France-peloton-profimedia-0622651192.jpg\" alt=\"Tour de France peloton\" width=\"1000\" height=\"666\" srcset=\"https:\/\/d2p6e6u75xmxt8.cloudfront.net\/12\/2021\/10\/Tour-de-France-peloton-profimedia-0622651192.jpg 1000w, https:\/\/d2p6e6u75xmxt8.cloudfront.net\/12\/2021\/10\/Tour-de-France-peloton-profimedia-0622651192-300x200.jpg 300w, https:\/\/d2p6e6u75xmxt8.cloudfront.net\/12\/2021\/10\/Tour-de-France-peloton-profimedia-0622651192-768x511.jpg 768w, https:\/\/d2p6e6u75xmxt8.cloudfront.net\/12\/2021\/10\/Tour-de-France-peloton-profimedia-0622651192-272x182.jpg 272w\" sizes=\"auto, (max-width: 1000px) 100vw, 1000px\" \/><\/a><figcaption id=\"caption-attachment-12663\" class=\"wp-caption-text\">Mit tanulhatunk a t\u00f6bbi sport\u00e1gt\u00f3l? \u00a9 Profimedia<\/figcaption><\/figure>\n<h2><strong>Egyenl\u0151s\u00e9g<\/strong><\/h2>\n<p>A sport\u00e1gban \u00f3ri\u00e1si k\u00fcl\u00f6nbs\u00e9gek mutatkoznak a f\u00e9rfi \u00e9s n\u0151i versenyz\u0151kkel val\u00f3 b\u00e1n\u00e1sm\u00f3dban. \u00c9ppen ebben az \u00e9vben l\u00e1thattuk, hogy a bicikliz\u00e9s, mint sport\u00e1g a Tour De France Femmes bevezet\u00e9s\u00e9vel pozit\u00edv v\u00e1ltoz\u00e1sokat eszk\u00f6z\u00f6lt, de m\u00e9g hossz\u00fa \u00fat \u00e1ll el\u0151tt\u00fcnk. A helyzet jav\u00edt\u00e1s\u00e1nak egyik m\u00f3dja lehetne a krikett p\u00e9ld\u00e1j\u00e1nak k\u00f6vet\u00e9se, ahol a f\u00e9rfi csapatok mellett n\u0151i franchise-csapatokat is bevezettek. Ezt Ausztr\u00e1li\u00e1ban \u00e9s Angli\u00e1ban is sikerrel tett\u00e9k r\u00f6videbb versenyeken kereszt\u00fcl. A Lanterne Rouge ker\u00e9kp\u00e1ros podcast egyik legut\u00f3bbi ad\u00e1s\u00e1ban a h\u00e1zigazd\u00e1k arr\u00f3l besz\u00e9lgettek, hogy Chris Froome \u00e1ll\u00edt\u00f3lagos \u00e9vi k\u00f6zel 5 milli\u00f3 doll\u00e1ros fizet\u00e9s\u00e9vel k\u00e9t \u00e9s f\u00e9l n\u0151i csapatot lehetne finansz\u00edrozni egy \u00e9ven kereszt\u00fcl.<\/p>\n<p>Ezzel nem az izraeli Start-Up Nationt akarjuk megs\u00e9rteni, ami\u00e9rt ilyen szerz\u0151d\u00e9st adott neki, vagy Chris Froome 2021-es form\u00e1j\u00e1t, de n\u00e9mi takar\u00e9kos gondolkod\u00e1ssal vagy n\u00e9h\u00e1ny szab\u00e1lym\u00f3dos\u00edt\u00e1ssal az UCI bevezethetne egy olyan szab\u00e1lyt, ami szerint minden f\u00e9rfi csapatnak egy n\u0151i csapattal egy\u00fctt kell versenyeznie.<\/p>\n<p>Ez egy olyan dolog, ami \u00e9vek \u00f3ta vita t\u00e1rgy\u00e1t k\u00e9pezi, \u00e9s ez m\u00e9g \u00e9vekig \u00edgy is lesz. Nyilv\u00e1nval\u00f3, hogy ez vitathat\u00f3, \u00e9s az ellen\u00e9rv az lenne, hogy rengeteg n\u0151i csapat l\u00e9tezik a f\u00e9rfiak\u00e9n k\u00edv\u00fcl, akik sikeresek \u2013 p\u00e9ld\u00e1ul az SD Worx. De ha t\u00f6bb csapat lenne, az egy \u00f6sszehangoltabb napt\u00e1r mellett hatalmas el\u0151ny\u00f6kkel j\u00e1rhat.<\/p>\n<h2><strong>Egy dokumentumfilm<\/strong><\/h2>\n<p>Mindannyian l\u00e1ttuk a Movistar &#8220;The least expected day&#8221; c\u00edm\u0171 filmj\u00e9t. A k\u00e9t szezonon \u00e1t tart\u00f3 hull\u00e1mvas\u00fat leny\u0171g\u00f6z\u0151 \u00e9lm\u00e9ny, de nem \u00e9r fel a Drive To Survive-hoz. Az F1 dokumentumfilm rengeteg \u00faj k\u00f6vet\u0151t szerzett a sport\u00e1gnak azzal, hogy a sport szem\u00e9lyis\u00e9geit helyezte el\u0151t\u00e9rbe.<\/p>\n<p>A t\u00e9v\u00e9s produkci\u00f3 tal\u00e1n kiss\u00e9 dramatiz\u00e1lta a sport\u00e1gat, de mindenk\u00e9ppen sok rajong\u00f3t el\u00e9rt. A Movistar dokumentumfilmje \u00e9s a t\u00f6bbi, azt megel\u0151z\u0151 dokumentumfilm t\u00e9nyleg csak a felsz\u00ednt kapargatta, \u00e9s mindig csak egy csapatra koncentr\u00e1lt. Ha a World Tourra f\u00f3kusz\u00e1ln\u00e1nk, legyen az f\u00e9rfi, n\u0151i vagy mindkett\u0151, az olyan szikr\u00e1t adna, mint az F1 az elm\u00falt n\u00e9h\u00e1ny \u00e9vben, a teljes sport\u00e1gnak.<\/p>\n<h2><strong>A versenysz\u00e1mok megv\u00e1ltoztat\u00e1sa<\/strong><\/h2>\n<p>Ezt m\u00e1r kor\u00e1bban is sokan kiemelt\u00e9k, \u00e9s furcsa, hogy mi\u00e9rt tart ilyen sok\u00e1ig megval\u00f3s\u00edtani. A versenysz\u00e1mok a sport\u00e1g egyik alapelemei, \u00e9s minden egyes versenyen k\u00fcl\u00f6n-k\u00fcl\u00f6n adj\u00e1k ki a versenyz\u0151knek. De ez versenyr\u0151l versenyre az \u00faj \u00e9s a r\u00e9gi rajong\u00f3k sz\u00e1m\u00e1ra is zavar\u00f3 lehet. Mi\u00e9rt nem kapnak a versenyz\u0151k az \u00e9v elej\u00e9n egy adott sz\u00e1mot a csapatukt\u00f3l, ami l\u00e1that\u00f3 a mez\u00fck\u00f6n, \u00e9s el\u00e9g nagy ahhoz, hogy a komment\u00e1torok \u00e9s a n\u00e9z\u0151k j\u00f3l l\u00e1thass\u00e1k? \u00cdgy a versenyz\u0151k l\u00e1that\u00f3bb\u00e1 \u00e9s felismerhet\u0151bb\u00e9 v\u00e1ln\u00e1nak a k\u00f6z\u00f6ns\u00e9g sz\u00e1m\u00e1ra. Nyilv\u00e1nval\u00f3an ez t\u00f6rt\u00e9nik a legt\u00f6bb sport\u00e1gban a rajtsz\u00e1mokkal. A megszokott\u00f3l kiss\u00e9 elt\u00e9r\u0151nek kellene lennie, de ez egy olyan dolog, ami pozit\u00edv eredm\u00e9nyhez vezethet.<\/p>\n<h2><strong>A liga meg\u00faj\u00edt\u00e1sa<\/strong><\/h2>\n<p>Szinte titok, hogy az UCI a legut\u00f3bbi ranglist\u00e1t 2020-t\u00f3l 2023-ig futtatta, \u00edgy n\u00e9h\u00e1ny csapat a licenc elveszt\u00e9s\u00e9nek vesz\u00e9ly\u00e9vel n\u00e9z szembe. A probl\u00e9ma az, hogy err\u0151l szinte senki sem tud.<\/p>\n<p>Ez olyasvalami lehetne, ami \u00e9rdekess\u00e9 tenn\u00e9 a versenyz\u00e9st, mivel a csapatok az UCI-pontok\u00e9rt k\u00fczden\u00e9nek (egy m\u00e1sik rendszer, amin sokat kell m\u00e9g dolgozni), versenyz\u0151ket k\u00fclden\u00e9nek izgalmas versenyekre, \u00e9s er\u0151s csapatokat olyan esem\u00e9nyekre, amiken \u00e1ltal\u00e1ban kev\u00e9sb\u00e9 ismert versenyz\u0151k induln\u00e1nak.<\/p>\n<p>Az els\u0151 l\u00e9p\u00e9s teh\u00e1t a bajnoki t\u00e1bl\u00e1zat k\u00f6zz\u00e9t\u00e9tele lenne, minden m\u00e1s sport\u00e1g p\u00e9ld\u00e1j\u00e1t k\u00f6vetve. Egyszer\u0171. Lehet\u0151s\u00e9get ad a k\u00f6z\u00f6ns\u00e9gnek arra, hogy k\u00f6vesse, \u00e9s izguljon az \u00e9lmez\u0151nyben zajl\u00f3 versenyek\u00e9rt. Ha ezt nem tessz\u00fck meg, a sport\u00e1g j\u00f6v\u0151j\u00e9t \u00e9rint\u0151 nagy d\u00f6nt\u00e9sek meglepet\u00e9sk\u00e9nt \u00e9rik \u0151ket, vagy ami m\u00e9g rosszabb, egy\u00e1ltal\u00e1n nem veszik ezeket \u00e9szre. Ha a bajnoki tabell\u00e1t m\u00e1s sport\u00e1gakhoz hasonl\u00f3an narrat\u00edv eszk\u00f6zk\u00e9nt haszn\u00e1ljuk, a rajong\u00f3k eg\u00e9sz \u00e9vben k\u00f6vethetik \u00e9s elmer\u00fclhetnek benne. Ez nagyszer\u0171 versenyeket biztos\u00edtana eg\u00e9sz \u00e9vben, \u00e9s t\u00f6bb besz\u00e9dt\u00e9m\u00e1t is adna.<\/p>\n<h2><strong>Technikai friss\u00edt\u00e9s<\/strong><\/h2>\n<p>Amikor van egy Grand Tour-on hegyi szakasz, de m\u00e9gsincs? A telev\u00edzi\u00f3s m\u0171sorok nem mindig tudj\u00e1k k\u00f6zvet\u00edteni a hegyi etapokat. Nem sok olyan sport\u00e1g van, amit a helysz\u00edn miatt nem lehet \u00e9l\u0151ben k\u00f6zvet\u00edteni a jelkimarad\u00e1s miatt.<\/p>\n<p>Ez a probl\u00e9ma a hegyi szakaszokat \u00e9rinti a legink\u00e1bb, mivel az alacsony felh\u0151zet \u00e9s a rossz id\u0151j\u00e1r\u00e1s cs\u00fany\u00e1n megzavarhatja a versenyt &#8211; mint p\u00e9ld\u00e1ul a tavalyi Giro D&#8217;Italia sor\u00e1n, amikor Egan Bernal Cortina d&#8217;Ampezz\u00f3ban nyert. Azon a napon a telev\u00edzi\u00f3s k\u00e9peket nem lehetett k\u00f6zvet\u00edteni, mivel a t\u00e9rs\u00e9gben rossz volt a 4G lefedetts\u00e9g, \u00e9s a m\u0171holdat sem lehetett haszn\u00e1lni.<\/p>\n<p>Ezt a helyzetet a helysz\u00ednen l\u00e9v\u0151 technol\u00f3gia jav\u00edt\u00e1s\u00e1val lehet kik\u00fcsz\u00f6b\u00f6lni. A BT Sport id\u00e9n 5G seg\u00edts\u00e9g\u00e9vel k\u00e9sz\u00edtett futballm\u0171sorokat, \u00e9s bizony\u00e1ra az RCS, a Giro, az Il Lombardia \u00e9s a Milan San-Remo szervez\u0151i sem lehetnek messze a technol\u00f3gi\u00e1t\u00f3l.\u00a0 A k\u00f6zvet\u00edt\u00e9sek jav\u00edt\u00e1s\u00e1nak \u00e9s a sz\u00e9n-dioxid-kibocs\u00e1t\u00e1s cs\u00f6kkent\u00e9s\u00e9nek az lehet m\u00e9g m\u00f3dja, ha a p\u00e1ly\u00e1n 5G-s dr\u00f3nok rep\u00fcln\u00e9nek. Kisebbek, k\u00f6nnyebbek, \u00e9s nem kell hozz\u00e1 egy eg\u00e9sz helikopterflott\u00e1t vezetni, r\u00e1ad\u00e1sul k\u00f6zelebb is lehetne ker\u00fclni a mez\u0151nyh\u00f6z.<\/p>\n","protected":false},"excerpt":{"rendered":"<p>A We Love Cycling-n\u00e1l nyilv\u00e1nval\u00f3, hogy im\u00e1dunk mindent, ami k\u00e9t ker\u00e9kkel kapcsolatos. A sport minden ter\u00fclet\u00e9n \u00e9rt\u00e9kelj\u00fck azt az \u00f6r\u00f6m\u00f6t, [&hellip;]<\/p>\n","protected":false},"author":71,"featured_media":12877,"comment_status":"open","ping_status":"open","sticky":false,"template":"","format":"standard","meta":{"footnotes":""},"categories":[12],"tags":[],"global-categories":[],"class_list":["post-13455","post","type-post","status-publish","format-standard","has-post-thumbnail","hentry","category-kozosseg-es-kultura"],"yoast_head":"<!-- This site is optimized with the Yoast SEO Premium plugin v25.3 (Yoast SEO v25.9) - https:\/\/yoast.com\/wordpress\/plugins\/seo\/ -->\n<title>Mit tanulhat a ker\u00e9kp\u00e1rsport m\u00e1s sport\u00e1gakt\u00f3l?<\/title>\n<meta name=\"description\" content=\"A We Love Cycling-n\u00e1l nyilv\u00e1nval\u00f3, hogy im\u00e1dunk mindent, ami k\u00e9t ker\u00e9kkel kapcsolatos. A sport minden ter\u00fclet\u00e9n \u00e9rt\u00e9kelj\u00fck azt az \u00f6r\u00f6m\u00f6t, amit nem csak nek\u00fcnk, hanem neked is okoz. Azonban, mint mindennek az \u00e9letben, a ker\u00e9kp\u00e1roz\u00e1snak is vannak hib\u00e1i, \u00e9s f\u0151leg szakmai szinten lehetne m\u00e9g dolgozni rajta \u00e9s magasabb szintre fejleszteni.\" \/>\n<meta name=\"robots\" content=\"index, follow, max-snippet:-1, max-image-preview:large, max-video-preview:-1\" \/>\n<link rel=\"canonical\" href=\"https:\/\/www.welovecycling.com\/hu\/kozosseg-es-kultura\/mit-tanulhat-a-kerekparsport-mas-sportagaktol\/\" \/>\n<meta property=\"og:locale\" content=\"hu_HU\" \/>\n<meta property=\"og:type\" content=\"article\" \/>\n<meta property=\"og:title\" content=\"Mit tanulhat a ker\u00e9kp\u00e1rsport m\u00e1s sport\u00e1gakt\u00f3l?\" \/>\n<meta property=\"og:description\" content=\"A We Love Cycling-n\u00e1l nyilv\u00e1nval\u00f3, hogy im\u00e1dunk mindent, ami k\u00e9t ker\u00e9kkel kapcsolatos. A sport minden ter\u00fclet\u00e9n \u00e9rt\u00e9kelj\u00fck azt az \u00f6r\u00f6m\u00f6t, amit nem csak nek\u00fcnk, hanem neked is okoz. Azonban, mint mindennek az \u00e9letben, a ker\u00e9kp\u00e1roz\u00e1snak is vannak hib\u00e1i, \u00e9s f\u0151leg szakmai szinten lehetne m\u00e9g dolgozni rajta \u00e9s magasabb szintre fejleszteni.\" \/>\n<meta property=\"og:url\" content=\"https:\/\/www.welovecycling.com\/hu\/kozosseg-es-kultura\/mit-tanulhat-a-kerekparsport-mas-sportagaktol\/\" \/>\n<meta property=\"og:site_name\" content=\"\u0160koda We Love Cycling - Magyarorsz\u00e1g\" \/>\n<meta property=\"article:publisher\" content=\"https:\/\/www.facebook.com\/WeLoveCyclingHungary\/\" \/>\n<meta property=\"article:published_time\" content=\"2022-01-26T06:00:07+00:00\" \/>\n<meta property=\"og:image\" content=\"https:\/\/d2p6e6u75xmxt8.cloudfront.net\/12\/2021\/11\/Cyclists-legs-profimedia-0636181220-CVR.jpg\" \/>\n\t<meta property=\"og:image:width\" content=\"1366\" \/>\n\t<meta property=\"og:image:height\" content=\"600\" \/>\n\t<meta property=\"og:image:type\" content=\"image\/jpeg\" \/>\n<meta name=\"author\" content=\"hegyizs\" \/>\n<meta name=\"twitter:card\" content=\"summary_large_image\" \/>\n<meta name=\"twitter:label1\" content=\"Written by\" \/>\n\t<meta name=\"twitter:data1\" content=\"Joshua Donaldson\" \/>\n\t<meta name=\"twitter:label2\" content=\"Est. reading time\" \/>\n\t<meta name=\"twitter:data2\" content=\"5\" \/>\n<script type=\"application\/ld+json\" class=\"yoast-schema-graph\">{\"@context\":\"https:\/\/schema.org\",\"@graph\":[{\"@type\":\"WebPage\",\"@id\":\"https:\/\/www.welovecycling.com\/hu\/kozosseg-es-kultura\/mit-tanulhat-a-kerekparsport-mas-sportagaktol\/\",\"url\":\"https:\/\/www.welovecycling.com\/hu\/kozosseg-es-kultura\/mit-tanulhat-a-kerekparsport-mas-sportagaktol\/\",\"name\":\"Mit tanulhat a ker\u00e9kp\u00e1rsport m\u00e1s sport\u00e1gakt\u00f3l?\",\"isPartOf\":{\"@id\":\"https:\/\/www.welovecycling.com\/hu\/#website\"},\"primaryImageOfPage\":{\"@id\":\"https:\/\/www.welovecycling.com\/hu\/kozosseg-es-kultura\/mit-tanulhat-a-kerekparsport-mas-sportagaktol\/#primaryimage\"},\"image\":{\"@id\":\"https:\/\/www.welovecycling.com\/hu\/kozosseg-es-kultura\/mit-tanulhat-a-kerekparsport-mas-sportagaktol\/#primaryimage\"},\"thumbnailUrl\":\"https:\/\/d2p6e6u75xmxt8.cloudfront.net\/12\/2021\/11\/Cyclists-legs-profimedia-0636181220-CVR.jpg\",\"datePublished\":\"2022-01-26T06:00:07+00:00\",\"author\":{\"@id\":\"https:\/\/www.welovecycling.com\/hu\/#\/schema\/person\/414a2aebf1801691a5320edb6468e194\"},\"description\":\"A We Love Cycling-n\u00e1l nyilv\u00e1nval\u00f3, hogy im\u00e1dunk mindent, ami k\u00e9t ker\u00e9kkel kapcsolatos. A sport minden ter\u00fclet\u00e9n \u00e9rt\u00e9kelj\u00fck azt az \u00f6r\u00f6m\u00f6t, amit nem csak nek\u00fcnk, hanem neked is okoz. Azonban, mint mindennek az \u00e9letben, a ker\u00e9kp\u00e1roz\u00e1snak is vannak hib\u00e1i, \u00e9s f\u0151leg szakmai szinten lehetne m\u00e9g dolgozni rajta \u00e9s magasabb szintre fejleszteni.\",\"breadcrumb\":{\"@id\":\"https:\/\/www.welovecycling.com\/hu\/kozosseg-es-kultura\/mit-tanulhat-a-kerekparsport-mas-sportagaktol\/#breadcrumb\"},\"inLanguage\":\"hu\",\"potentialAction\":[{\"@type\":\"ReadAction\",\"target\":[\"https:\/\/www.welovecycling.com\/hu\/kozosseg-es-kultura\/mit-tanulhat-a-kerekparsport-mas-sportagaktol\/\"]}]},{\"@type\":\"ImageObject\",\"inLanguage\":\"hu\",\"@id\":\"https:\/\/www.welovecycling.com\/hu\/kozosseg-es-kultura\/mit-tanulhat-a-kerekparsport-mas-sportagaktol\/#primaryimage\",\"url\":\"https:\/\/d2p6e6u75xmxt8.cloudfront.net\/12\/2021\/11\/Cyclists-legs-profimedia-0636181220-CVR.jpg\",\"contentUrl\":\"https:\/\/d2p6e6u75xmxt8.cloudfront.net\/12\/2021\/11\/Cyclists-legs-profimedia-0636181220-CVR.jpg\",\"width\":1366,\"height\":600,\"caption\":\"Pro cyclists\"},{\"@type\":\"BreadcrumbList\",\"@id\":\"https:\/\/www.welovecycling.com\/hu\/kozosseg-es-kultura\/mit-tanulhat-a-kerekparsport-mas-sportagaktol\/#breadcrumb\",\"itemListElement\":[{\"@type\":\"ListItem\",\"position\":1,\"name\":\"Home\",\"item\":\"https:\/\/www.welovecycling.com\/hu\/\"},{\"@type\":\"ListItem\",\"position\":2,\"name\":\"Mit tanulhat a ker\u00e9kp\u00e1rsport m\u00e1s sport\u00e1gakt\u00f3l?\"}]},{\"@type\":\"WebSite\",\"@id\":\"https:\/\/www.welovecycling.com\/hu\/#website\",\"url\":\"https:\/\/www.welovecycling.com\/hu\/\",\"name\":\"\u0160koda We Love Cycling - Magyarorsz\u00e1g\",\"description\":\"\u0160koda WeLoveCycling\",\"potentialAction\":[{\"@type\":\"SearchAction\",\"target\":{\"@type\":\"EntryPoint\",\"urlTemplate\":\"https:\/\/www.welovecycling.com\/hu\/?s={search_term_string}\"},\"query-input\":{\"@type\":\"PropertyValueSpecification\",\"valueRequired\":true,\"valueName\":\"search_term_string\"}}],\"inLanguage\":\"hu\"},{\"@type\":\"Person\",\"@id\":\"https:\/\/www.welovecycling.com\/hu\/#\/schema\/person\/414a2aebf1801691a5320edb6468e194\",\"name\":\"hegyizs\",\"image\":{\"@type\":\"ImageObject\",\"inLanguage\":\"hu\",\"@id\":\"https:\/\/www.welovecycling.com\/hu\/#\/schema\/person\/image\/\",\"url\":\"https:\/\/secure.gravatar.com\/avatar\/02cf8a7906b8cf90cecb4679defac7cfd33a1c2e3b88e4903d947f3bb58eedd3?s=96&d=mm&r=g\",\"contentUrl\":\"https:\/\/secure.gravatar.com\/avatar\/02cf8a7906b8cf90cecb4679defac7cfd33a1c2e3b88e4903d947f3bb58eedd3?s=96&d=mm&r=g\",\"caption\":\"hegyizs\"},\"url\":\"https:\/\/www.welovecycling.com\/hu\/author\/hegyizs\/\"}]}<\/script>\n<!-- \/ Yoast SEO Premium plugin. -->","yoast_head_json":{"title":"Mit tanulhat a ker\u00e9kp\u00e1rsport m\u00e1s sport\u00e1gakt\u00f3l?","description":"A We Love Cycling-n\u00e1l nyilv\u00e1nval\u00f3, hogy im\u00e1dunk mindent, ami k\u00e9t ker\u00e9kkel kapcsolatos. A sport minden ter\u00fclet\u00e9n \u00e9rt\u00e9kelj\u00fck azt az \u00f6r\u00f6m\u00f6t, amit nem csak nek\u00fcnk, hanem neked is okoz. Azonban, mint mindennek az \u00e9letben, a ker\u00e9kp\u00e1roz\u00e1snak is vannak hib\u00e1i, \u00e9s f\u0151leg szakmai szinten lehetne m\u00e9g dolgozni rajta \u00e9s magasabb szintre fejleszteni.","robots":{"index":"index","follow":"follow","max-snippet":"max-snippet:-1","max-image-preview":"max-image-preview:large","max-video-preview":"max-video-preview:-1"},"canonical":"https:\/\/www.welovecycling.com\/hu\/kozosseg-es-kultura\/mit-tanulhat-a-kerekparsport-mas-sportagaktol\/","og_locale":"hu_HU","og_type":"article","og_title":"Mit tanulhat a ker\u00e9kp\u00e1rsport m\u00e1s sport\u00e1gakt\u00f3l?","og_description":"A We Love Cycling-n\u00e1l nyilv\u00e1nval\u00f3, hogy im\u00e1dunk mindent, ami k\u00e9t ker\u00e9kkel kapcsolatos. A sport minden ter\u00fclet\u00e9n \u00e9rt\u00e9kelj\u00fck azt az \u00f6r\u00f6m\u00f6t, amit nem csak nek\u00fcnk, hanem neked is okoz. Azonban, mint mindennek az \u00e9letben, a ker\u00e9kp\u00e1roz\u00e1snak is vannak hib\u00e1i, \u00e9s f\u0151leg szakmai szinten lehetne m\u00e9g dolgozni rajta \u00e9s magasabb szintre fejleszteni.","og_url":"https:\/\/www.welovecycling.com\/hu\/kozosseg-es-kultura\/mit-tanulhat-a-kerekparsport-mas-sportagaktol\/","og_site_name":"\u0160koda We Love Cycling - Magyarorsz\u00e1g","article_publisher":"https:\/\/www.facebook.com\/WeLoveCyclingHungary\/","article_published_time":"2022-01-26T06:00:07+00:00","og_image":[{"width":1366,"height":600,"url":"https:\/\/d2p6e6u75xmxt8.cloudfront.net\/12\/2021\/11\/Cyclists-legs-profimedia-0636181220-CVR.jpg","type":"image\/jpeg"}],"author":"hegyizs","twitter_card":"summary_large_image","twitter_misc":{"Written by":"Joshua Donaldson","Est. reading time":"5"},"schema":{"@context":"https:\/\/schema.org","@graph":[{"@type":"WebPage","@id":"https:\/\/www.welovecycling.com\/hu\/kozosseg-es-kultura\/mit-tanulhat-a-kerekparsport-mas-sportagaktol\/","url":"https:\/\/www.welovecycling.com\/hu\/kozosseg-es-kultura\/mit-tanulhat-a-kerekparsport-mas-sportagaktol\/","name":"Mit tanulhat a ker\u00e9kp\u00e1rsport m\u00e1s sport\u00e1gakt\u00f3l?","isPartOf":{"@id":"https:\/\/www.welovecycling.com\/hu\/#website"},"primaryImageOfPage":{"@id":"https:\/\/www.welovecycling.com\/hu\/kozosseg-es-kultura\/mit-tanulhat-a-kerekparsport-mas-sportagaktol\/#primaryimage"},"image":{"@id":"https:\/\/www.welovecycling.com\/hu\/kozosseg-es-kultura\/mit-tanulhat-a-kerekparsport-mas-sportagaktol\/#primaryimage"},"thumbnailUrl":"https:\/\/d2p6e6u75xmxt8.cloudfront.net\/12\/2021\/11\/Cyclists-legs-profimedia-0636181220-CVR.jpg","datePublished":"2022-01-26T06:00:07+00:00","author":{"@id":"https:\/\/www.welovecycling.com\/hu\/#\/schema\/person\/414a2aebf1801691a5320edb6468e194"},"description":"A We Love Cycling-n\u00e1l nyilv\u00e1nval\u00f3, hogy im\u00e1dunk mindent, ami k\u00e9t ker\u00e9kkel kapcsolatos. A sport minden ter\u00fclet\u00e9n \u00e9rt\u00e9kelj\u00fck azt az \u00f6r\u00f6m\u00f6t, amit nem csak nek\u00fcnk, hanem neked is okoz. Azonban, mint mindennek az \u00e9letben, a ker\u00e9kp\u00e1roz\u00e1snak is vannak hib\u00e1i, \u00e9s f\u0151leg szakmai szinten lehetne m\u00e9g dolgozni rajta \u00e9s magasabb szintre fejleszteni.","breadcrumb":{"@id":"https:\/\/www.welovecycling.com\/hu\/kozosseg-es-kultura\/mit-tanulhat-a-kerekparsport-mas-sportagaktol\/#breadcrumb"},"inLanguage":"hu","potentialAction":[{"@type":"ReadAction","target":["https:\/\/www.welovecycling.com\/hu\/kozosseg-es-kultura\/mit-tanulhat-a-kerekparsport-mas-sportagaktol\/"]}]},{"@type":"ImageObject","inLanguage":"hu","@id":"https:\/\/www.welovecycling.com\/hu\/kozosseg-es-kultura\/mit-tanulhat-a-kerekparsport-mas-sportagaktol\/#primaryimage","url":"https:\/\/d2p6e6u75xmxt8.cloudfront.net\/12\/2021\/11\/Cyclists-legs-profimedia-0636181220-CVR.jpg","contentUrl":"https:\/\/d2p6e6u75xmxt8.cloudfront.net\/12\/2021\/11\/Cyclists-legs-profimedia-0636181220-CVR.jpg","width":1366,"height":600,"caption":"Pro cyclists"},{"@type":"BreadcrumbList","@id":"https:\/\/www.welovecycling.com\/hu\/kozosseg-es-kultura\/mit-tanulhat-a-kerekparsport-mas-sportagaktol\/#breadcrumb","itemListElement":[{"@type":"ListItem","position":1,"name":"Home","item":"https:\/\/www.welovecycling.com\/hu\/"},{"@type":"ListItem","position":2,"name":"Mit tanulhat a ker\u00e9kp\u00e1rsport m\u00e1s sport\u00e1gakt\u00f3l?"}]},{"@type":"WebSite","@id":"https:\/\/www.welovecycling.com\/hu\/#website","url":"https:\/\/www.welovecycling.com\/hu\/","name":"\u0160koda We Love Cycling - Magyarorsz\u00e1g","description":"\u0160koda WeLoveCycling","potentialAction":[{"@type":"SearchAction","target":{"@type":"EntryPoint","urlTemplate":"https:\/\/www.welovecycling.com\/hu\/?s={search_term_string}"},"query-input":{"@type":"PropertyValueSpecification","valueRequired":true,"valueName":"search_term_string"}}],"inLanguage":"hu"},{"@type":"Person","@id":"https:\/\/www.welovecycling.com\/hu\/#\/schema\/person\/414a2aebf1801691a5320edb6468e194","name":"hegyizs","image":{"@type":"ImageObject","inLanguage":"hu","@id":"https:\/\/www.welovecycling.com\/hu\/#\/schema\/person\/image\/","url":"https:\/\/secure.gravatar.com\/avatar\/02cf8a7906b8cf90cecb4679defac7cfd33a1c2e3b88e4903d947f3bb58eedd3?s=96&d=mm&r=g","contentUrl":"https:\/\/secure.gravatar.com\/avatar\/02cf8a7906b8cf90cecb4679defac7cfd33a1c2e3b88e4903d947f3bb58eedd3?s=96&d=mm&r=g","caption":"hegyizs"},"url":"https:\/\/www.welovecycling.com\/hu\/author\/hegyizs\/"}]}},"_links":{"self":[{"href":"https:\/\/www.welovecycling.com\/hu\/wp-json\/wp\/v2\/posts\/13455","targetHints":{"allow":["GET"]}}],"collection":[{"href":"https:\/\/www.welovecycling.com\/hu\/wp-json\/wp\/v2\/posts"}],"about":[{"href":"https:\/\/www.welovecycling.com\/hu\/wp-json\/wp\/v2\/types\/post"}],"author":[{"embeddable":true,"href":"https:\/\/www.welovecycling.com\/hu\/wp-json\/wp\/v2\/users\/71"}],"replies":[{"embeddable":true,"href":"https:\/\/www.welovecycling.com\/hu\/wp-json\/wp\/v2\/comments?post=13455"}],"version-history":[{"count":2,"href":"https:\/\/www.welovecycling.com\/hu\/wp-json\/wp\/v2\/posts\/13455\/revisions"}],"predecessor-version":[{"id":13457,"href":"https:\/\/www.welovecycling.com\/hu\/wp-json\/wp\/v2\/posts\/13455\/revisions\/13457"}],"wp:featuredmedia":[{"embeddable":true,"href":"https:\/\/www.welovecycling.com\/hu\/wp-json\/wp\/v2\/media\/12877"}],"wp:attachment":[{"href":"https:\/\/www.welovecycling.com\/hu\/wp-json\/wp\/v2\/media?parent=13455"}],"wp:term":[{"taxonomy":"category","embeddable":true,"href":"https:\/\/www.welovecycling.com\/hu\/wp-json\/wp\/v2\/categories?post=13455"},{"taxonomy":"post_tag","embeddable":true,"href":"https:\/\/www.welovecycling.com\/hu\/wp-json\/wp\/v2\/tags?post=13455"},{"taxonomy":"global-categories","embeddable":true,"href":"https:\/\/www.welovecycling.com\/hu\/wp-json\/wp\/v2\/global-categories?post=13455"}],"curies":[{"name":"wp","href":"https:\/\/api.w.org\/{rel}","templated":true}]}}