{"id":13450,"date":"2022-01-29T08:00:14","date_gmt":"2022-01-29T06:00:14","guid":{"rendered":"https:\/\/www.welovecycling.com\/hu\/?p=13450"},"modified":"2022-01-21T17:35:45","modified_gmt":"2022-01-21T15:35:45","slug":"valtozasok-a-noi-mezonyben-ki-hol-versenyzik-2022-ben","status":"publish","type":"post","link":"https:\/\/www.welovecycling.com\/hu\/kozosseg-es-kultura\/valtozasok-a-noi-mezonyben-ki-hol-versenyzik-2022-ben\/","title":{"rendered":"V\u00e1ltoz\u00e1sok a n\u0151i mez\u0151nyben: Ki hol versenyzik 2022-ben?"},"content":{"rendered":"<p><strong>Nagyon v\u00e1rjuk m\u00e1r a versenyszezont, \u00e9s egyre t\u00f6bb okunk van erre: a n\u0151i mez\u0151ny nagyon izgalmasnak \u00edg\u00e9rkezik! A 2022-es napt\u00e1r legjelent\u0151sebb \u00fajdons\u00e1ga term\u00e9szetesen a nyolcnapos Tour de France Femmes, amit j\u00falius 24. \u00e9s 31. k\u00f6z\u00f6tt rendeznek meg, k\u00f6zvetlen\u00fcl a f\u00e9rfi Tour de France-ot k\u00f6vet\u0151en. A m\u00e1sodik legnagyobb \u00fajdons\u00e1g a Giro d&#8217;Italia Donne, azaz a Giro Rosa \u00fajb\u00f3li megrendez\u00e9se j\u00falius 1. \u00e9s 10. k\u00f6z\u00f6tt.<\/strong><\/p>\n<p><!--more--><\/p>\n<p>A napt\u00e1rban n\u00e9h\u00e1ny tov\u00e1bbi figyelemre m\u00e9lt\u00f3 esem\u00e9ny k\u00f6z\u00e9 tartozik a m\u00e1jusi h\u00e1romnapos RideLondon Classique \u00e9s a r\u00e9g\u00f3ta v\u00e1rt Battle of the North. A D\u00e1ni\u00e1ban, Norv\u00e9gi\u00e1ban \u00e9s Sv\u00e9dorsz\u00e1gban megrendez\u00e9sre ker\u00fcl\u0151 els\u0151 hatnapos szakaszverseny 2021-ben indult volna, de a vil\u00e1gj\u00e1rv\u00e1ny miatt elhalasztott\u00e1k. M\u00e1rcius elej\u00e9n a n\u0151k a Strade Bianche-sal ind\u00edtj\u00e1k a WorldTour-szezont, \u00e9s elm\u00e9letileg 2022-ben m\u00e9g t\u00f6bb WorldTour-versenynapjuk lesz, ha minden a tervek szerint alakul.<\/p>\n<figure id=\"attachment_13451\" aria-describedby=\"caption-attachment-13451\" style=\"width: 1096px\" class=\"wp-caption alignnone\"><a href=\"https:\/\/d2p6e6u75xmxt8.cloudfront.net\/12\/2022\/01\/Tokyo-women-peloton-profimedia-0623195770.jpg\"><img loading=\"lazy\" decoding=\"async\" class=\"wp-image-13451 size-full\" src=\"https:\/\/d2p6e6u75xmxt8.cloudfront.net\/12\/2022\/01\/Tokyo-women-peloton-profimedia-0623195770.jpg\" alt=\"Women's peloton\" width=\"1096\" height=\"832\" srcset=\"https:\/\/d2p6e6u75xmxt8.cloudfront.net\/12\/2022\/01\/Tokyo-women-peloton-profimedia-0623195770.jpg 1096w, https:\/\/d2p6e6u75xmxt8.cloudfront.net\/12\/2022\/01\/Tokyo-women-peloton-profimedia-0623195770-300x228.jpg 300w, https:\/\/d2p6e6u75xmxt8.cloudfront.net\/12\/2022\/01\/Tokyo-women-peloton-profimedia-0623195770-1024x777.jpg 1024w, https:\/\/d2p6e6u75xmxt8.cloudfront.net\/12\/2022\/01\/Tokyo-women-peloton-profimedia-0623195770-768x583.jpg 768w\" sizes=\"auto, (max-width: 1096px) 100vw, 1096px\" \/><\/a><figcaption id=\"caption-attachment-13451\" class=\"wp-caption-text\"><em>Mi fog v\u00e1ltozni a 2022-es mez\u0151nyben? \u00a9 Profimedia<\/em><\/figcaption><\/figure>\n<p>Sz\u00f3val, ennyi epikus verseny el\u0151tt \u00e9rdemes tudni, hogy ki hol biciklizik? Mint mindig, az \u00e1tigazol\u00e1si piac tavaly \u00e9v v\u00e9g\u00e9n is jav\u00e1ban mozgol\u00f3dni kezdett, \u00e9s megbocs\u00e1that\u00f3, ha nem vett\u00e9l \u00e9szre n\u00e9h\u00e1ny nagy l\u00e9p\u00e9st a 2022-es szezon el\u0151tt. Szerencs\u00e9re mi itt vagyunk, naprak\u00e9szen!\u00a0 \u00cdgy h\u00e1t minden tov\u00e1bbi n\u00e9lk\u00fcl vess\u00fcnk egy pillant\u00e1st n\u00e9h\u00e1ny olyan versenyz\u0151re, akik \u00faj csapatn\u00e1l bontogatj\u00e1k sz\u00e1rnyaikat, vagy a sport\u00e1g legkiv\u00e1l\u00f3bb z\u00e1szl\u00f3i alatt ind\u00edtj\u00e1k el WorldTour-karrierj\u00fcket!<\/p>\n<h2><strong>Lotte Kopecky elhagyja a Liv Racinget az SD Worx\u00e9rt.<\/strong><\/h2>\n<p>A 2022-es szezon el\u0151tti egyik legnagyobb \u00e1tigazol\u00e1s volt Lotte Kopecky (vitathatatlanul a mez\u0151ny egyik leger\u0151sebb versenyz\u0151je) \u00e1tugr\u00e1sa a Liv Racingt\u0151l az SD Worxhoz (ami pedig vitathatatlanul a mez\u0151ny egyik leger\u0151sebb csapata). Mindenki nagy sikereket v\u00e1r a belga orsz\u00e1g\u00fati orsz\u00e1gos bajnokt\u00f3l \u00faj csapata versenyz\u0151jek\u00e9nt. K\u00f6sz\u00f6nhet\u0151en Kopecky kiemelked\u0151 sprintjeinek \u00e9s hatalmas erej\u00e9nek, ami s\u00edkon \u00e9s a r\u00f6vid emelked\u0151k\u00f6n is megmutatkozik, j\u00f3l beilleszkedhet olyan nevek k\u00f6z\u00e9, mint Demi Vollering, Christine Majerus, Chantal van den Broek-Blaak \u00e9s Vas Kata Blanka.<\/p>\n<h2><strong>Marlen Reusser is csatlakozik az SD Worxhoz.<\/strong><\/h2>\n<p>Az SD Worx m\u00e1sik er\u0151s szerz\u0151dtet\u00e9se a egy \u00fajabb kiemelked\u0151 tehets\u00e9g, Marlen Reusser. Mivel 12 profi gy\u0151zelm\u00e9b\u0151l hat tavaly t\u00f6rt\u00e9nt (k\u00f6zt\u00fck az Eur\u00f3pa-bajnoki id\u0151futamgy\u0151zelem, a Ceratizit Challenge by La Vuelta egyik szakasza, ahol \u00f6sszes\u00edtettben m\u00e1sodik lett, valamint Sv\u00e1jc mindk\u00e9t orsz\u00e1g\u00fati \u00e9s id\u0151futamgy\u0151zelme), k\u00e9szen \u00e1ll arra, hogy tov\u00e1bb \u00e1polja m\u00e1r most is nagyon leny\u0171g\u00f6z\u0151 h\u00edrnev\u00e9t.<\/p>\n<h2><strong>Grace Brown elb\u00facs\u00fazik a Team BikeExchange-t\u0151l, \u00e9s felk\u00e9sz\u00fcl a k\u00f6vetkez\u0151 l\u00e9p\u00e9sre az FDJ Nouvelle-Aquitaine Futuroscope-n\u00e1l.<\/strong><\/h2>\n<p>A 2021-es \u00e9v is hihetetlen szezont tartogatott Grace Brown sz\u00e1m\u00e1ra, aki az elm\u00falt \u00e9vekben folyamatosan menetelt az egyre nagyobb h\u00edrn\u00e9v fel\u00e9. A Brugge-de Panne-i gy\u0151zelmekkel \u00e9s a Vuelta a Burgos nyit\u00f3 szakasz\u00e1val a h\u00e1ta m\u00f6g\u00f6tt csatlakozik Cecilie Uttrup Ludwighoz, Marta Cavallihoz \u00e9s Emilia Fahlinhoz, akik 2022-ben \u00fajabb gy\u0151zelmeket szeretn\u00e9nek aratni.<\/p>\n<h2><strong>Hannah Barnes megv\u00e1lik n\u0151v\u00e9r\u00e9t\u0151l \u00e9s az Uno-X-hez p\u00e1rtol<\/strong><\/h2>\n<p>A brit ker\u00e9kp\u00e1rsport egyik f\u0151szerepl\u0151j\u00e9r\u0151l van sz\u00f3, \u00edgy amikor a Barnes n\u0151v\u00e9rek egyike ugrik, az emberek r\u00f6gt\u00f6n felkapj\u00e1k a fej\u00fcket. Annak ellen\u00e9re, hogy leny\u0171g\u00f6z\u0151 12 gy\u0151zelemmel b\u00fcszk\u00e9lkedhet, 2021 kevesebb rivadalf\u00e9nyben t\u00f6lt\u00f6tt id\u0151t adott Barnes sz\u00e1m\u00e1ra, aki val\u00f3sz\u00edn\u0171leg abban rem\u00e9nykedik, hogy egy \u00faj csapattal az oldal\u00e1n visszanyerheti kor\u00e1bbi dics\u0151s\u00e9g\u00e9nek egy r\u00e9sz\u00e9t. Ha minden a tervek szerint alakul, 2022-ben f\u0151szerepet j\u00e1tszik majd az Uno-X-ben, ahol j\u00f3 t\u00e1rsas\u00e1gban lesz a brit olimpiai \u00e9rmes Elinor Barker, valamint a rekordot tart\u00f3 Joss Lowden mellett.<\/p>\n<h2><strong>Coryn Labecki (sz\u00fcletett Rivera) csatlakozik a Jumbo-Vism\u00e1hoz<\/strong><\/h2>\n<p>Coryn Labecki 2022-ben k\u00e9t\u00e9ves szerz\u0151d\u00e9ssel csatlakozik a Jumbo-Vism\u00e1hoz. Az amerikai tehets\u00e9g elmondta, hogy nagyon v\u00e1rja a tov\u00e1bbi fejl\u0151d\u00e9s\u00e9t \u00e9s az \u00faj munkam\u00f3dszert. Val\u00f3ban j\u00f3 helyzetben van a sikerhez. 2021-ben megnyerte els\u0151 Giro-szakasz\u00e1t, kvalifik\u00e1lta mag\u00e1t az olimpiai csapatba, dobog\u00f3s helyez\u00e9seket \u00e9rt el a Tour of Norv\u00e9gi\u00e1n \u00e9s a Vuelt\u00e1n. Kiv\u00e1l\u00f3 a Jumbo-Visma sz\u00e1m\u00e1ra!<\/p>\n<h2><strong>Tov\u00e1bbi figyelemre m\u00e9lt\u00f3 szerz\u0151dtet\u00e9sek 2022-re<\/strong><\/h2>\n<p>Lizzy Banks meglepet\u00e9sszer\u0171en t\u00e1vozott a Ceratizit-WNT-t\u0151l, \u00edgy a brit tehets\u00e9g 2022-ben \u00e9s 2023-ban az amerikai EF Education-TIBCO-SVB csapat\u00e1n\u00e1l versenyez majd.<\/p>\n<p>A Trek-Segafredo ragaszkodott ahhoz a m\u00f3dszer\u00e9hez, hogy lecsapjon a leg\u00edg\u00e9retesebb \u00fajoncokra, \u00e9s augusztusban h\u00e1rom\u00e9ves szerz\u0151d\u00e9st er\u0151s\u00edtett meg Elisa Balsam\u00f3val.<\/p>\n<p>Alexis Ryan hat \u00e9v ut\u00e1n t\u00e1vozik a Canyon-SRAM-t\u00f3l, hogy 2022-ben a Los Angeles-i L39ION b\u0151v\u00fcl\u0151 n\u0151i csapat\u00e1n\u00e1l versenyezzen.<\/p>\n<p>Az ausztr\u00e1l felt\u00f6rekv\u0151 Sarah Gigante a TIBCO-Silicon Valley Bankt\u00f3l a Movistarhoz ker\u00fcl.<\/p>\n<p>Csak id\u0151 k\u00e9rd\u00e9se volt, hogy a kubai versenyz\u0151, Arlenis Sierra szerz\u0151d\u00e9st k\u00f6ss\u00f6n egy \u00e9lvonalbeli csapattal, \u00e9s ez a szerencs\u00e9s csapat a Movistar.<\/p>\n<p>Mindent \u00f6sszevetve, biztosak lehet\u00fcnk benne, hogy lesz m\u00e9g n\u00e9h\u00e1ny meglepet\u00e9s az idei szezon kezdet\u00e9n! \u00d6r\u00f6mmel l\u00e1tjuk, hogy ennyi tehets\u00e9g vir\u00e1gzik, a n\u0151i mez\u0151ny tov\u00e1bbra is fel\u00fclm\u00falja a v\u00e1rakoz\u00e1sokat. Gy\u0151zz\u00f6n a legjobb csapat!<\/p>\n","protected":false},"excerpt":{"rendered":"<p>Nagyon v\u00e1rjuk m\u00e1r a versenyszezont, \u00e9s egyre t\u00f6bb okunk van erre: a n\u0151i mez\u0151ny nagyon izgalmasnak \u00edg\u00e9rkezik! A 2022-es napt\u00e1r [&hellip;]<\/p>\n","protected":false},"author":71,"featured_media":13453,"comment_status":"open","ping_status":"open","sticky":false,"template":"","format":"standard","meta":{"footnotes":""},"categories":[12],"tags":[],"global-categories":[],"class_list":["post-13450","post","type-post","status-publish","format-standard","has-post-thumbnail","hentry","category-kozosseg-es-kultura"],"yoast_head":"<!-- This site is optimized with the Yoast SEO Premium plugin v25.3 (Yoast SEO v25.9) - https:\/\/yoast.com\/wordpress\/plugins\/seo\/ -->\n<title>V\u00e1ltoz\u00e1sok a n\u0151i mez\u0151nyben: Ki hol versenyzik 2022-ben?<\/title>\n<meta name=\"description\" content=\"Nagyon v\u00e1rjuk m\u00e1r a versenyszezont, \u00e9s egyre t\u00f6bb okunk van erre: a n\u0151i mez\u0151ny nagyon izgalmasnak \u00edg\u00e9rkezik! A 2022-es napt\u00e1r legjelent\u0151sebb \u00fajdons\u00e1ga term\u00e9szetesen a nyolcnapos Tour de France Femmes, amit j\u00falius 24. \u00e9s 31. k\u00f6z\u00f6tt rendeznek meg, k\u00f6zvetlen\u00fcl a f\u00e9rfi Tour de France-ot k\u00f6vet\u0151en. A m\u00e1sodik legnagyobb \u00fajdons\u00e1g a Giro d&#039;Italia Donne, azaz a Giro Rosa \u00fajb\u00f3li megrendez\u00e9se j\u00falius 1. \u00e9s 10. k\u00f6z\u00f6tt.\" \/>\n<meta name=\"robots\" content=\"index, follow, max-snippet:-1, max-image-preview:large, max-video-preview:-1\" \/>\n<link rel=\"canonical\" href=\"https:\/\/www.welovecycling.com\/hu\/kozosseg-es-kultura\/valtozasok-a-noi-mezonyben-ki-hol-versenyzik-2022-ben\/\" \/>\n<meta property=\"og:locale\" content=\"hu_HU\" \/>\n<meta property=\"og:type\" content=\"article\" \/>\n<meta property=\"og:title\" content=\"V\u00e1ltoz\u00e1sok a n\u0151i mez\u0151nyben: Ki hol versenyzik 2022-ben?\" \/>\n<meta property=\"og:description\" content=\"Nagyon v\u00e1rjuk m\u00e1r a versenyszezont, \u00e9s egyre t\u00f6bb okunk van erre: a n\u0151i mez\u0151ny nagyon izgalmasnak \u00edg\u00e9rkezik! A 2022-es napt\u00e1r legjelent\u0151sebb \u00fajdons\u00e1ga term\u00e9szetesen a nyolcnapos Tour de France Femmes, amit j\u00falius 24. \u00e9s 31. k\u00f6z\u00f6tt rendeznek meg, k\u00f6zvetlen\u00fcl a f\u00e9rfi Tour de France-ot k\u00f6vet\u0151en. A m\u00e1sodik legnagyobb \u00fajdons\u00e1g a Giro d&#039;Italia Donne, azaz a Giro Rosa \u00fajb\u00f3li megrendez\u00e9se j\u00falius 1. \u00e9s 10. k\u00f6z\u00f6tt.\" \/>\n<meta property=\"og:url\" content=\"https:\/\/www.welovecycling.com\/hu\/kozosseg-es-kultura\/valtozasok-a-noi-mezonyben-ki-hol-versenyzik-2022-ben\/\" \/>\n<meta property=\"og:site_name\" content=\"\u0160koda We Love Cycling - Magyarorsz\u00e1g\" \/>\n<meta property=\"article:publisher\" content=\"https:\/\/www.facebook.com\/WeLoveCyclingHungary\/\" \/>\n<meta property=\"article:published_time\" content=\"2022-01-29T06:00:14+00:00\" \/>\n<meta property=\"og:image\" content=\"https:\/\/d2p6e6u75xmxt8.cloudfront.net\/12\/2022\/01\/Women-cycling-peloton-profimedia-0623189283-CVR.jpg\" \/>\n\t<meta property=\"og:image:width\" content=\"1366\" \/>\n\t<meta property=\"og:image:height\" content=\"600\" \/>\n\t<meta property=\"og:image:type\" content=\"image\/jpeg\" \/>\n<meta name=\"author\" content=\"hegyizs\" \/>\n<meta name=\"twitter:card\" content=\"summary_large_image\" \/>\n<meta name=\"twitter:label1\" content=\"Written by\" \/>\n\t<meta name=\"twitter:data1\" content=\"Megan Flottorp\" \/>\n\t<meta name=\"twitter:label2\" content=\"Est. reading time\" \/>\n\t<meta name=\"twitter:data2\" content=\"6\" \/>\n<script type=\"application\/ld+json\" class=\"yoast-schema-graph\">{\"@context\":\"https:\/\/schema.org\",\"@graph\":[{\"@type\":\"WebPage\",\"@id\":\"https:\/\/www.welovecycling.com\/hu\/kozosseg-es-kultura\/valtozasok-a-noi-mezonyben-ki-hol-versenyzik-2022-ben\/\",\"url\":\"https:\/\/www.welovecycling.com\/hu\/kozosseg-es-kultura\/valtozasok-a-noi-mezonyben-ki-hol-versenyzik-2022-ben\/\",\"name\":\"V\u00e1ltoz\u00e1sok a n\u0151i mez\u0151nyben: Ki hol versenyzik 2022-ben?\",\"isPartOf\":{\"@id\":\"https:\/\/www.welovecycling.com\/hu\/#website\"},\"primaryImageOfPage\":{\"@id\":\"https:\/\/www.welovecycling.com\/hu\/kozosseg-es-kultura\/valtozasok-a-noi-mezonyben-ki-hol-versenyzik-2022-ben\/#primaryimage\"},\"image\":{\"@id\":\"https:\/\/www.welovecycling.com\/hu\/kozosseg-es-kultura\/valtozasok-a-noi-mezonyben-ki-hol-versenyzik-2022-ben\/#primaryimage\"},\"thumbnailUrl\":\"https:\/\/d2p6e6u75xmxt8.cloudfront.net\/12\/2022\/01\/Women-cycling-peloton-profimedia-0623189283-CVR.jpg\",\"datePublished\":\"2022-01-29T06:00:14+00:00\",\"author\":{\"@id\":\"https:\/\/www.welovecycling.com\/hu\/#\/schema\/person\/414a2aebf1801691a5320edb6468e194\"},\"description\":\"Nagyon v\u00e1rjuk m\u00e1r a versenyszezont, \u00e9s egyre t\u00f6bb okunk van erre: a n\u0151i mez\u0151ny nagyon izgalmasnak \u00edg\u00e9rkezik! A 2022-es napt\u00e1r legjelent\u0151sebb \u00fajdons\u00e1ga term\u00e9szetesen a nyolcnapos Tour de France Femmes, amit j\u00falius 24. \u00e9s 31. k\u00f6z\u00f6tt rendeznek meg, k\u00f6zvetlen\u00fcl a f\u00e9rfi Tour de France-ot k\u00f6vet\u0151en. A m\u00e1sodik legnagyobb \u00fajdons\u00e1g a Giro d'Italia Donne, azaz a Giro Rosa \u00fajb\u00f3li megrendez\u00e9se j\u00falius 1. \u00e9s 10. k\u00f6z\u00f6tt.\",\"breadcrumb\":{\"@id\":\"https:\/\/www.welovecycling.com\/hu\/kozosseg-es-kultura\/valtozasok-a-noi-mezonyben-ki-hol-versenyzik-2022-ben\/#breadcrumb\"},\"inLanguage\":\"hu\",\"potentialAction\":[{\"@type\":\"ReadAction\",\"target\":[\"https:\/\/www.welovecycling.com\/hu\/kozosseg-es-kultura\/valtozasok-a-noi-mezonyben-ki-hol-versenyzik-2022-ben\/\"]}]},{\"@type\":\"ImageObject\",\"inLanguage\":\"hu\",\"@id\":\"https:\/\/www.welovecycling.com\/hu\/kozosseg-es-kultura\/valtozasok-a-noi-mezonyben-ki-hol-versenyzik-2022-ben\/#primaryimage\",\"url\":\"https:\/\/d2p6e6u75xmxt8.cloudfront.net\/12\/2022\/01\/Women-cycling-peloton-profimedia-0623189283-CVR.jpg\",\"contentUrl\":\"https:\/\/d2p6e6u75xmxt8.cloudfront.net\/12\/2022\/01\/Women-cycling-peloton-profimedia-0623189283-CVR.jpg\",\"width\":1366,\"height\":600,\"caption\":\"Women's Cycling\"},{\"@type\":\"BreadcrumbList\",\"@id\":\"https:\/\/www.welovecycling.com\/hu\/kozosseg-es-kultura\/valtozasok-a-noi-mezonyben-ki-hol-versenyzik-2022-ben\/#breadcrumb\",\"itemListElement\":[{\"@type\":\"ListItem\",\"position\":1,\"name\":\"Home\",\"item\":\"https:\/\/www.welovecycling.com\/hu\/\"},{\"@type\":\"ListItem\",\"position\":2,\"name\":\"V\u00e1ltoz\u00e1sok a n\u0151i mez\u0151nyben: Ki hol versenyzik 2022-ben?\"}]},{\"@type\":\"WebSite\",\"@id\":\"https:\/\/www.welovecycling.com\/hu\/#website\",\"url\":\"https:\/\/www.welovecycling.com\/hu\/\",\"name\":\"\u0160koda We Love Cycling - Magyarorsz\u00e1g\",\"description\":\"\u0160koda WeLoveCycling\",\"potentialAction\":[{\"@type\":\"SearchAction\",\"target\":{\"@type\":\"EntryPoint\",\"urlTemplate\":\"https:\/\/www.welovecycling.com\/hu\/?s={search_term_string}\"},\"query-input\":{\"@type\":\"PropertyValueSpecification\",\"valueRequired\":true,\"valueName\":\"search_term_string\"}}],\"inLanguage\":\"hu\"},{\"@type\":\"Person\",\"@id\":\"https:\/\/www.welovecycling.com\/hu\/#\/schema\/person\/414a2aebf1801691a5320edb6468e194\",\"name\":\"hegyizs\",\"image\":{\"@type\":\"ImageObject\",\"inLanguage\":\"hu\",\"@id\":\"https:\/\/www.welovecycling.com\/hu\/#\/schema\/person\/image\/\",\"url\":\"https:\/\/secure.gravatar.com\/avatar\/02cf8a7906b8cf90cecb4679defac7cfd33a1c2e3b88e4903d947f3bb58eedd3?s=96&d=mm&r=g\",\"contentUrl\":\"https:\/\/secure.gravatar.com\/avatar\/02cf8a7906b8cf90cecb4679defac7cfd33a1c2e3b88e4903d947f3bb58eedd3?s=96&d=mm&r=g\",\"caption\":\"hegyizs\"},\"url\":\"https:\/\/www.welovecycling.com\/hu\/author\/hegyizs\/\"}]}<\/script>\n<!-- \/ Yoast SEO Premium plugin. -->","yoast_head_json":{"title":"V\u00e1ltoz\u00e1sok a n\u0151i mez\u0151nyben: Ki hol versenyzik 2022-ben?","description":"Nagyon v\u00e1rjuk m\u00e1r a versenyszezont, \u00e9s egyre t\u00f6bb okunk van erre: a n\u0151i mez\u0151ny nagyon izgalmasnak \u00edg\u00e9rkezik! A 2022-es napt\u00e1r legjelent\u0151sebb \u00fajdons\u00e1ga term\u00e9szetesen a nyolcnapos Tour de France Femmes, amit j\u00falius 24. \u00e9s 31. k\u00f6z\u00f6tt rendeznek meg, k\u00f6zvetlen\u00fcl a f\u00e9rfi Tour de France-ot k\u00f6vet\u0151en. A m\u00e1sodik legnagyobb \u00fajdons\u00e1g a Giro d'Italia Donne, azaz a Giro Rosa \u00fajb\u00f3li megrendez\u00e9se j\u00falius 1. \u00e9s 10. k\u00f6z\u00f6tt.","robots":{"index":"index","follow":"follow","max-snippet":"max-snippet:-1","max-image-preview":"max-image-preview:large","max-video-preview":"max-video-preview:-1"},"canonical":"https:\/\/www.welovecycling.com\/hu\/kozosseg-es-kultura\/valtozasok-a-noi-mezonyben-ki-hol-versenyzik-2022-ben\/","og_locale":"hu_HU","og_type":"article","og_title":"V\u00e1ltoz\u00e1sok a n\u0151i mez\u0151nyben: Ki hol versenyzik 2022-ben?","og_description":"Nagyon v\u00e1rjuk m\u00e1r a versenyszezont, \u00e9s egyre t\u00f6bb okunk van erre: a n\u0151i mez\u0151ny nagyon izgalmasnak \u00edg\u00e9rkezik! A 2022-es napt\u00e1r legjelent\u0151sebb \u00fajdons\u00e1ga term\u00e9szetesen a nyolcnapos Tour de France Femmes, amit j\u00falius 24. \u00e9s 31. k\u00f6z\u00f6tt rendeznek meg, k\u00f6zvetlen\u00fcl a f\u00e9rfi Tour de France-ot k\u00f6vet\u0151en. A m\u00e1sodik legnagyobb \u00fajdons\u00e1g a Giro d'Italia Donne, azaz a Giro Rosa \u00fajb\u00f3li megrendez\u00e9se j\u00falius 1. \u00e9s 10. k\u00f6z\u00f6tt.","og_url":"https:\/\/www.welovecycling.com\/hu\/kozosseg-es-kultura\/valtozasok-a-noi-mezonyben-ki-hol-versenyzik-2022-ben\/","og_site_name":"\u0160koda We Love Cycling - Magyarorsz\u00e1g","article_publisher":"https:\/\/www.facebook.com\/WeLoveCyclingHungary\/","article_published_time":"2022-01-29T06:00:14+00:00","og_image":[{"width":1366,"height":600,"url":"https:\/\/d2p6e6u75xmxt8.cloudfront.net\/12\/2022\/01\/Women-cycling-peloton-profimedia-0623189283-CVR.jpg","type":"image\/jpeg"}],"author":"hegyizs","twitter_card":"summary_large_image","twitter_misc":{"Written by":"Megan Flottorp","Est. reading time":"6"},"schema":{"@context":"https:\/\/schema.org","@graph":[{"@type":"WebPage","@id":"https:\/\/www.welovecycling.com\/hu\/kozosseg-es-kultura\/valtozasok-a-noi-mezonyben-ki-hol-versenyzik-2022-ben\/","url":"https:\/\/www.welovecycling.com\/hu\/kozosseg-es-kultura\/valtozasok-a-noi-mezonyben-ki-hol-versenyzik-2022-ben\/","name":"V\u00e1ltoz\u00e1sok a n\u0151i mez\u0151nyben: Ki hol versenyzik 2022-ben?","isPartOf":{"@id":"https:\/\/www.welovecycling.com\/hu\/#website"},"primaryImageOfPage":{"@id":"https:\/\/www.welovecycling.com\/hu\/kozosseg-es-kultura\/valtozasok-a-noi-mezonyben-ki-hol-versenyzik-2022-ben\/#primaryimage"},"image":{"@id":"https:\/\/www.welovecycling.com\/hu\/kozosseg-es-kultura\/valtozasok-a-noi-mezonyben-ki-hol-versenyzik-2022-ben\/#primaryimage"},"thumbnailUrl":"https:\/\/d2p6e6u75xmxt8.cloudfront.net\/12\/2022\/01\/Women-cycling-peloton-profimedia-0623189283-CVR.jpg","datePublished":"2022-01-29T06:00:14+00:00","author":{"@id":"https:\/\/www.welovecycling.com\/hu\/#\/schema\/person\/414a2aebf1801691a5320edb6468e194"},"description":"Nagyon v\u00e1rjuk m\u00e1r a versenyszezont, \u00e9s egyre t\u00f6bb okunk van erre: a n\u0151i mez\u0151ny nagyon izgalmasnak \u00edg\u00e9rkezik! A 2022-es napt\u00e1r legjelent\u0151sebb \u00fajdons\u00e1ga term\u00e9szetesen a nyolcnapos Tour de France Femmes, amit j\u00falius 24. \u00e9s 31. k\u00f6z\u00f6tt rendeznek meg, k\u00f6zvetlen\u00fcl a f\u00e9rfi Tour de France-ot k\u00f6vet\u0151en. A m\u00e1sodik legnagyobb \u00fajdons\u00e1g a Giro d'Italia Donne, azaz a Giro Rosa \u00fajb\u00f3li megrendez\u00e9se j\u00falius 1. \u00e9s 10. k\u00f6z\u00f6tt.","breadcrumb":{"@id":"https:\/\/www.welovecycling.com\/hu\/kozosseg-es-kultura\/valtozasok-a-noi-mezonyben-ki-hol-versenyzik-2022-ben\/#breadcrumb"},"inLanguage":"hu","potentialAction":[{"@type":"ReadAction","target":["https:\/\/www.welovecycling.com\/hu\/kozosseg-es-kultura\/valtozasok-a-noi-mezonyben-ki-hol-versenyzik-2022-ben\/"]}]},{"@type":"ImageObject","inLanguage":"hu","@id":"https:\/\/www.welovecycling.com\/hu\/kozosseg-es-kultura\/valtozasok-a-noi-mezonyben-ki-hol-versenyzik-2022-ben\/#primaryimage","url":"https:\/\/d2p6e6u75xmxt8.cloudfront.net\/12\/2022\/01\/Women-cycling-peloton-profimedia-0623189283-CVR.jpg","contentUrl":"https:\/\/d2p6e6u75xmxt8.cloudfront.net\/12\/2022\/01\/Women-cycling-peloton-profimedia-0623189283-CVR.jpg","width":1366,"height":600,"caption":"Women's Cycling"},{"@type":"BreadcrumbList","@id":"https:\/\/www.welovecycling.com\/hu\/kozosseg-es-kultura\/valtozasok-a-noi-mezonyben-ki-hol-versenyzik-2022-ben\/#breadcrumb","itemListElement":[{"@type":"ListItem","position":1,"name":"Home","item":"https:\/\/www.welovecycling.com\/hu\/"},{"@type":"ListItem","position":2,"name":"V\u00e1ltoz\u00e1sok a n\u0151i mez\u0151nyben: Ki hol versenyzik 2022-ben?"}]},{"@type":"WebSite","@id":"https:\/\/www.welovecycling.com\/hu\/#website","url":"https:\/\/www.welovecycling.com\/hu\/","name":"\u0160koda We Love Cycling - Magyarorsz\u00e1g","description":"\u0160koda WeLoveCycling","potentialAction":[{"@type":"SearchAction","target":{"@type":"EntryPoint","urlTemplate":"https:\/\/www.welovecycling.com\/hu\/?s={search_term_string}"},"query-input":{"@type":"PropertyValueSpecification","valueRequired":true,"valueName":"search_term_string"}}],"inLanguage":"hu"},{"@type":"Person","@id":"https:\/\/www.welovecycling.com\/hu\/#\/schema\/person\/414a2aebf1801691a5320edb6468e194","name":"hegyizs","image":{"@type":"ImageObject","inLanguage":"hu","@id":"https:\/\/www.welovecycling.com\/hu\/#\/schema\/person\/image\/","url":"https:\/\/secure.gravatar.com\/avatar\/02cf8a7906b8cf90cecb4679defac7cfd33a1c2e3b88e4903d947f3bb58eedd3?s=96&d=mm&r=g","contentUrl":"https:\/\/secure.gravatar.com\/avatar\/02cf8a7906b8cf90cecb4679defac7cfd33a1c2e3b88e4903d947f3bb58eedd3?s=96&d=mm&r=g","caption":"hegyizs"},"url":"https:\/\/www.welovecycling.com\/hu\/author\/hegyizs\/"}]}},"_links":{"self":[{"href":"https:\/\/www.welovecycling.com\/hu\/wp-json\/wp\/v2\/posts\/13450","targetHints":{"allow":["GET"]}}],"collection":[{"href":"https:\/\/www.welovecycling.com\/hu\/wp-json\/wp\/v2\/posts"}],"about":[{"href":"https:\/\/www.welovecycling.com\/hu\/wp-json\/wp\/v2\/types\/post"}],"author":[{"embeddable":true,"href":"https:\/\/www.welovecycling.com\/hu\/wp-json\/wp\/v2\/users\/71"}],"replies":[{"embeddable":true,"href":"https:\/\/www.welovecycling.com\/hu\/wp-json\/wp\/v2\/comments?post=13450"}],"version-history":[{"count":2,"href":"https:\/\/www.welovecycling.com\/hu\/wp-json\/wp\/v2\/posts\/13450\/revisions"}],"predecessor-version":[{"id":13454,"href":"https:\/\/www.welovecycling.com\/hu\/wp-json\/wp\/v2\/posts\/13450\/revisions\/13454"}],"wp:featuredmedia":[{"embeddable":true,"href":"https:\/\/www.welovecycling.com\/hu\/wp-json\/wp\/v2\/media\/13453"}],"wp:attachment":[{"href":"https:\/\/www.welovecycling.com\/hu\/wp-json\/wp\/v2\/media?parent=13450"}],"wp:term":[{"taxonomy":"category","embeddable":true,"href":"https:\/\/www.welovecycling.com\/hu\/wp-json\/wp\/v2\/categories?post=13450"},{"taxonomy":"post_tag","embeddable":true,"href":"https:\/\/www.welovecycling.com\/hu\/wp-json\/wp\/v2\/tags?post=13450"},{"taxonomy":"global-categories","embeddable":true,"href":"https:\/\/www.welovecycling.com\/hu\/wp-json\/wp\/v2\/global-categories?post=13450"}],"curies":[{"name":"wp","href":"https:\/\/api.w.org\/{rel}","templated":true}]}}