{"id":13442,"date":"2022-01-24T08:00:53","date_gmt":"2022-01-24T06:00:53","guid":{"rendered":"https:\/\/www.welovecycling.com\/hu\/?p=13442"},"modified":"2022-01-21T17:33:19","modified_gmt":"2022-01-21T15:33:19","slug":"2022-legkalandosabb-kerekparversenyei","status":"publish","type":"post","link":"https:\/\/www.welovecycling.com\/hu\/trekking-mtb\/2022-legkalandosabb-kerekparversenyei\/","title":{"rendered":"2022 legkalandosabb ker\u00e9kp\u00e1rversenyei"},"content":{"rendered":"<p><strong>A hossz\u00fa t\u00e1v\u00fa ker\u00e9kp\u00e1rversenyek nagyszer\u0171 lehet\u0151s\u00e9get adnak arra, hogy teszteld az \u00e1ll\u00f3k\u00e9pess\u00e9ged. De mint minden egyes sport ter\u00fclet\u00e9n, itt is folyamatosan feszegetik a hat\u00e1rokat. Az ultra-\u00e1ll\u00f3k\u00e9pess\u00e9gi versenyek az elm\u00falt n\u00e9h\u00e1ny \u00e9vben a vil\u00e1g minden t\u00e1j\u00e1n felbukkantak \u00e9s \u00e9vr\u0151l \u00e9vre \u00fajak jelennek meg. \u00d6ssze\u00e1ll\u00edtottunk n\u00e9h\u00e1ny versenyt, amikre 2022-ben is \u00e9rdemes lesz figyelni. A lista k\u00f6zel sem teljes, de remek \u00edzel\u00edt\u0151t ad a kalandos bicikliz\u00e9s vil\u00e1g\u00e1b\u00f3l.<\/strong><\/p>\n<p><!--more--><\/p>\n<p>Az emberi test korl\u00e1tait lehet feszegetni, \u00e9s ezek a versenyek bizony meg is teszik. Pap\u00edron meglehet\u0151sen szel\u00eddnek t\u0171nhetnek azoknak a bicikliseknek, akik hozz\u00e1szoktak ahhoz, hogy egy h\u00e9t alatt 1000 km-t tegyenek meg, de itt m\u00e9gis eg\u00e9szen elt\u00e9r\u0151 m\u00f3don tesztelik a versenyz\u0151ket. Ahhoz, hogy felk\u00e9sz\u00fclhessenek egy off-road ultra-\u00e1ll\u00f3k\u00e9pess\u00e9get tesztel\u0151 esem\u00e9nyre, a r\u00e9sztvev\u0151knek el\u0151sz\u00f6r is ki kell tapasztalni, hogy b\u00edrj\u00e1k a hegyvid\u00e9ki ter\u00fcleten val\u00f3 bicajoz\u00e1st hossz\u00fa t\u00e1von, seg\u00edts\u00e9g n\u00e9lk\u00fcl. A t\u00fal\u00e9l\u00e9shez sz\u00fcks\u00e9ges felszerel\u00e9s, a megfelel\u0151 ruh\u00e1zat, t\u00e1pl\u00e1lkoz\u00e1s \u00e9s az edz\u00e9shez sz\u00fcks\u00e9ges terep mind olyan t\u00e9nyez\u0151k, amik hozz\u00e1j\u00e1rulnak a sikerhez.<\/p>\n<p>https:\/\/www.instagram.com\/p\/CXDx5DPtq8o\/<\/p>\n<p>Ennek ellen\u00e9re rendk\u00edv\u00fcl tartalmas \u00e9lettapasztalat lehet a r\u00e9sztvev\u0151k sz\u00e1m\u00e1ra. Azoknak, akiknek az indul\u00e1s t\u00fal f\u00e9lelmetes, a verseny nyomon k\u00f6vet\u00e9se is izgalmas lehet!<\/p>\n<h2><strong>GB Duro, Nagy-Britannia<\/strong><\/h2>\n<p>A \u201cne hagyj nyomot magad ut\u00e1n\u201d verseny alapja, hogy a versenyz\u0151knek \u00e1t kell az eg\u00e9sz szigeten, \u00fagy, hogy nem sz\u00e1llnak rep\u00fcl\u0151re. Ez az elv az\u00e9rt fontos, mert az esem\u00e9ny alapja a karbonkibocs\u00e1t\u00e1s elleni k\u00fczdelem. A szervez\u0151k c\u00e9lja, hogy n\u00e9pszer\u0171s\u00edts\u00e9k azt az elk\u00e9pzel\u00e9st, hogy az elv, miszerint nem hagyunk magunk ut\u00e1n lab\u00e1nyomot, \u00e9let\u00fcnk minden egyes ter\u00fclet\u00e9re kiterjedjen. A verseny 2000 km hossz\u00fa, Land\u2019s Endt\u0151l eg\u00e9szen John-o-Groatig tart. 2021-ben az els\u0151 10 helyezett 50%-a n\u0151 volt, ami eg\u00e9szen kiv\u00e9telesnek sz\u00e1m\u00edt. Mer\u00e9sz l\u00e9p\u00e9seket tesznek az ultra-\u00e1ll\u00f3k\u00e9pess\u00e9gi ker\u00e9kp\u00e1roz\u00e1s vil\u00e1g\u00e1ban, \u00e9s mi oda vagyunk \u00e9rte!<\/p>\n<h2><strong>Altas Mountain Race, Marokk\u00f3<\/strong><\/h2>\n<p>Ha aszfalt n\u00e9lk\u00fcli versenyt akarsz, j\u00f3 helyen j\u00e1rsz. Az Atlas Mountain Race Marrakeshben kezd\u0151dik, az Atlasz-hegys\u00e9gen folytat\u00f3dik, \u00e1tmegy az Anti-Atlaszon, majd Agadirban \u00e9r v\u00e9get. K\u00f6zel 1200 km hossz\u00fa, 23 000 m\u00e9teres szintemelked\u00e9ssel, kavicsos p\u00e1ly\u00e1val, \u00edgy csak el\u00e9g er\u0151s versenyz\u0151nek aj\u00e1nlott.<\/p>\n<h2><strong>Verseny Hollandia k\u00f6r\u00fcl<\/strong><\/h2>\n<p>Ez egy \u201ccsin\u00e1ld magad\u201d st\u00edlus\u00fa t\u00fara, aminek hivatalosan csak eleje \u00e9s v\u00e9ge van, innent\u0151l kezdve rajtad m\u00falik, eljutsz-e oda a kijel\u00f6lt \u00fatvonalon. Az \u00fat Amerongen falut\u00f3l kezd\u0151dik, 1900 km hossz\u00fa, megker\u00fcli az orsz\u00e1got, \u00e9s a kezd\u0151pontn\u00e1l \u00e9r v\u00e9get. A hozz\u00e1 hasonl\u00f3 kalandversenyekhez k\u00e9pest laposabb, az eg\u00e9sz \u00fat sor\u00e1n 6800 m-t kell megm\u00e1szni, de \u00edgy is hatalmas \u00e9lm\u00e9ny az orsz\u00e1g legismertebb hegys\u00e9gei k\u00f6z\u00f6tt bring\u00e1zni.<\/p>\n<h2><strong>Taunus Bikepacking, N\u00e9metorsz\u00e1g<\/strong><\/h2>\n<p>Ha 1000 km-en \u00e1t kilom\u00e9terenk\u00e9nt egy 20 m\u00e9teres emelked\u0151t kell bevenned, az nem egy s\u00edk \u00fat. De ha szeretn\u00e9d l\u00e1tni N\u00e9metorsz\u00e1g egyik kev\u00e9sb\u00e9 ismert r\u00e9gi\u00f3j\u00e1t, akkor ez az \u00fatvonal neked val\u00f3. Ez egy \u00f6nk\u00f6lts\u00e9ges biciklis kaland, ami Eppsteinb\u0151l indul \u00e9s tele van csendes tanyasi \u00e9s erdei \u00f6sv\u00e9nyekkel.<\/p>\n<h2><strong>Iberica-Traversa, Spanyolorsz\u00e1g<\/strong><\/h2>\n<p>Az Iberica-Traversa egy egyszakaszos kaland az Ib\u00e9riai-f\u00e9lszigeten. T\u00f6bbnyire term\u00e9szetes \u00f6sv\u00e9nyeken haladva k\u00f6zel 30 000 m\u00e9ter emelked\u0151re sz\u00e1m\u00edthatsz 1700 km-en bel\u00fcl, \u00edgy jobb, ha r\u00e1edzel a l\u00e1badra! Alternat\u00edv megold\u00e1sk\u00e9nt 2022-re \u00faj k\u00f6z\u00fati \u00fatvonal lesz el\u00e9rhet\u0151, ami a t\u00e1vols\u00e1got \u00e9s a m\u00e1sz\u00e1st tekintve valamivel t\u00f6bbet fog lefedni. B\u00e1rmelyik utat is v\u00e1lasztod, abban biztos lehetsz, hogy felejthetetlen \u00e9s gy\u00f6ny\u00f6r\u0171 kaland v\u00e1r r\u00e1d!<\/p>\n<h2><strong>Alaska Divide, USA<\/strong><\/h2>\n<p>Az Alaska Divide \u00fajonnan l\u00e9pett be az \u00f6nk\u00f6lts\u00e9ges kalandversenyek sz\u00ednter\u00e9re: 2022-ben deb\u00fct\u00e1l. A d\u00e9li Anchorage-t\u00f3l az \u00e9szaki Deadhorse-ig k\u00f6zel 1700 km-es \u00fat biztos\u00edtja, hogy megismerd a kontinens legt\u00e1volabbi vadonj\u00e1t. Ha szeretn\u00e9l k\u00f6ny\u00f6rtelen id\u0151j\u00e1r\u00e1sban vagy ak\u00e1r a csod\u00e1latos \u00e9szaki f\u00e9nyben biciklizni, akkor ez a verseny neked val\u00f3!<\/p>\n<h2><strong>Bohemian Border Bash Race, Csehorsz\u00e1g<\/strong><\/h2>\n<p>N\u00e9h\u00e1ny kor\u00e1bban eml\u00edtett versenyt\u0151l elt\u00e9r\u0151en a Bohemian Border Bash Race nyerem\u00e9nyeket is k\u00edn\u00e1l, a gy\u0151ztes maga p\u00e9ld\u00e1ul egy karddal t\u00e1vozhat. Ha ez nem el\u00e9g j\u00f3 ok a jelentkez\u00e9sre, akkor semmi! A verseny a Cseh-Sz\u00e1sz Sv\u00e1jc Nemzeti Parkban kezd\u0151dik \u00e9s \u00e9r v\u00e9get, 1300 km hossz\u00fa \u00fatvonal\u00e1n Csehorsz\u00e1g \u0151si hat\u00e1rvid\u00e9keit csod\u00e1lhatod meg. A r\u00e9gi \u00fath\u00e1l\u00f3zatok maradv\u00e1nyait kihaszn\u00e1lva a versenyz\u0151ket kem\u00e9ny pr\u00f3ba el\u00e9 helyezik, mik\u00f6zben t\u00f6bb, mint 22 000 m\u00e9tert m\u00e1sznak meg az Eur\u00f3pa k\u00f6zep\u00e9t \u00e1tszel\u0151 megm\u00e9rettet\u00e9sen.<\/p>\n<h2><strong>Andok, Chile<\/strong><\/h2>\n<p>Az Across Andes az els\u0151 ilyen verseny Chil\u00e9ben. Az Andok hegyl\u00e1nc\u00e1t ker\u00e9kp\u00e1rral \u00e1tszelni nem lesz egyszer\u0171, de az biztos, hogy l\u00e1tv\u00e1nyos. Melipeuco v\u00e1ros\u00e1t\u00f3l kezdve a versenyz\u0151k 1100 km-t tesznek meg \u00e9s 15 000 m\u00e9tert m\u00e1sznak meg, nem meglep\u0151 m\u00f3don az\u00e9rt, hogy azt\u00e1n el\u00e9rj\u00e9k a Csendes-\u00f3ce\u00e1nt.<\/p>\n<h2><strong>Verseny Ruanda k\u00f6r\u00fcl<\/strong><\/h2>\n<p>Ha szereted a nyomk\u00f6vet\u00e9st, akkor \u00e9rdemes megn\u00e9zni, ahogy a versenyz\u0151k nekiindulnak janu\u00e1r v\u00e9g\u00e9n a ruandai k\u00f6rnek. A helyiek im\u00e1dj\u00e1k, 2019-ben t\u00f6bb, mint 1 milli\u00f3 ruandai vonult az utc\u00e1ra t\u00e1mogat\u00e1sk\u00e9nt. 6 nap alatt t\u00f6bb, mint 1000 km, 15 000 m\u00e9ter emelked\u0151vel: nem hi\u00e1ba kapta az \u201eezer domb orsz\u00e1ga\u201d becenevet a helysz\u00edn.<\/p>\n<h2><strong>Transzkontinent\u00e1lis, Eur\u00f3pa<\/strong><\/h2>\n<p>V\u00e9g\u00fcl itt egy \u00fajabb remek lehet\u0151s\u00e9g a nyomk\u00f6vet\u0151knek 2022-ben! Ha v\u00e1ltozatoss\u00e1gra v\u00e1gysz, a TCR-ben minden megtal\u00e1lhat\u00f3. \u00c1tszeli Eur\u00f3p\u00e1t Belgiumt\u00f3l Bulg\u00e1ri\u00e1ig 4000 km hegyen, aszfalton \u00e9s \u00f6sv\u00e9nyeken kereszt\u00fcl. A k\u00f6telez\u0151 ellen\u0151rz\u0151 pontok miatt a versenyz\u0151k szabadon v\u00e1laszthatnak \u00fatvonalat a pontok k\u00f6z\u00f6tt. Teh\u00e1t a j\u00f3 navig\u00e1ci\u00f3s k\u00e9szs\u00e9gek \u00e9s az \u00f6nell\u00e1t\u00e1s mellett a r\u00e9sztvev\u0151knek nem kev\u00e9s lelkier\u0151re is sz\u00fcks\u00e9g\u00fck lesz, de k\u00f6zben m\u00e9gis remek\u00fcl fognak sz\u00f3rakozni!<\/p>\n","protected":false},"excerpt":{"rendered":"<p>A hossz\u00fa t\u00e1v\u00fa ker\u00e9kp\u00e1rversenyek nagyszer\u0171 lehet\u0151s\u00e9get adnak arra, hogy teszteld az \u00e1ll\u00f3k\u00e9pess\u00e9ged. De mint minden egyes sport ter\u00fclet\u00e9n, itt is [&hellip;]<\/p>\n","protected":false},"author":71,"featured_media":13444,"comment_status":"open","ping_status":"open","sticky":false,"template":"","format":"standard","meta":{"footnotes":""},"categories":[7],"tags":[],"global-categories":[],"class_list":["post-13442","post","type-post","status-publish","format-standard","has-post-thumbnail","hentry","category-trekking-mtb"],"yoast_head":"<!-- This site is optimized with the Yoast SEO Premium plugin v25.3 (Yoast SEO v25.9) - https:\/\/yoast.com\/wordpress\/plugins\/seo\/ -->\n<title>2022 legkalandosabb ker\u00e9kp\u00e1rversenyei<\/title>\n<meta name=\"description\" content=\"A hossz\u00fa t\u00e1v\u00fa ker\u00e9kp\u00e1rversenyek nagyszer\u0171 lehet\u0151s\u00e9get adnak arra, hogy teszteld az \u00e1ll\u00f3k\u00e9pess\u00e9ged. De mint minden egyes sport ter\u00fclet\u00e9n, itt is folyamatosan feszegetik a hat\u00e1rokat. Az ultra-\u00e1ll\u00f3k\u00e9pess\u00e9gi versenyek az elm\u00falt n\u00e9h\u00e1ny \u00e9vben a vil\u00e1g minden t\u00e1j\u00e1n felbukkantak \u00e9s \u00e9vr\u0151l \u00e9vre \u00fajak jelennek meg. \u00d6ssze\u00e1ll\u00edtottunk n\u00e9h\u00e1ny versenyt, amikre 2022-ben is \u00e9rdemes lesz figyelni. A lista k\u00f6zel sem teljes, de remek \u00edzel\u00edt\u0151t ad a kalandos bicikliz\u00e9s vil\u00e1g\u00e1b\u00f3l.\" \/>\n<meta name=\"robots\" content=\"index, follow, max-snippet:-1, max-image-preview:large, max-video-preview:-1\" \/>\n<link rel=\"canonical\" href=\"https:\/\/www.welovecycling.com\/hu\/trekking-mtb\/2022-legkalandosabb-kerekparversenyei\/\" \/>\n<meta property=\"og:locale\" content=\"hu_HU\" \/>\n<meta property=\"og:type\" content=\"article\" \/>\n<meta property=\"og:title\" content=\"2022 legkalandosabb ker\u00e9kp\u00e1rversenyei\" \/>\n<meta property=\"og:description\" content=\"A hossz\u00fa t\u00e1v\u00fa ker\u00e9kp\u00e1rversenyek nagyszer\u0171 lehet\u0151s\u00e9get adnak arra, hogy teszteld az \u00e1ll\u00f3k\u00e9pess\u00e9ged. De mint minden egyes sport ter\u00fclet\u00e9n, itt is folyamatosan feszegetik a hat\u00e1rokat. Az ultra-\u00e1ll\u00f3k\u00e9pess\u00e9gi versenyek az elm\u00falt n\u00e9h\u00e1ny \u00e9vben a vil\u00e1g minden t\u00e1j\u00e1n felbukkantak \u00e9s \u00e9vr\u0151l \u00e9vre \u00fajak jelennek meg. \u00d6ssze\u00e1ll\u00edtottunk n\u00e9h\u00e1ny versenyt, amikre 2022-ben is \u00e9rdemes lesz figyelni. A lista k\u00f6zel sem teljes, de remek \u00edzel\u00edt\u0151t ad a kalandos bicikliz\u00e9s vil\u00e1g\u00e1b\u00f3l.\" \/>\n<meta property=\"og:url\" content=\"https:\/\/www.welovecycling.com\/hu\/trekking-mtb\/2022-legkalandosabb-kerekparversenyei\/\" \/>\n<meta property=\"og:site_name\" content=\"\u0160koda We Love Cycling - Magyarorsz\u00e1g\" \/>\n<meta property=\"article:publisher\" content=\"https:\/\/www.facebook.com\/WeLoveCyclingHungary\/\" \/>\n<meta property=\"article:published_time\" content=\"2022-01-24T06:00:53+00:00\" \/>\n<meta property=\"og:image\" content=\"https:\/\/d2p6e6u75xmxt8.cloudfront.net\/12\/2022\/01\/Great-Divide-Route-profimedia-0626023723-CVR.jpg\" \/>\n\t<meta property=\"og:image:width\" content=\"1366\" \/>\n\t<meta property=\"og:image:height\" content=\"600\" \/>\n\t<meta property=\"og:image:type\" content=\"image\/jpeg\" \/>\n<meta name=\"author\" content=\"hegyizs\" \/>\n<meta name=\"twitter:card\" content=\"summary_large_image\" \/>\n<meta name=\"twitter:label1\" content=\"Written by\" \/>\n\t<meta name=\"twitter:data1\" content=\"Charlotte Murray\" \/>\n\t<meta name=\"twitter:label2\" content=\"Est. reading time\" \/>\n\t<meta name=\"twitter:data2\" content=\"6\" \/>\n<script type=\"application\/ld+json\" class=\"yoast-schema-graph\">{\"@context\":\"https:\/\/schema.org\",\"@graph\":[{\"@type\":\"WebPage\",\"@id\":\"https:\/\/www.welovecycling.com\/hu\/trekking-mtb\/2022-legkalandosabb-kerekparversenyei\/\",\"url\":\"https:\/\/www.welovecycling.com\/hu\/trekking-mtb\/2022-legkalandosabb-kerekparversenyei\/\",\"name\":\"2022 legkalandosabb ker\u00e9kp\u00e1rversenyei\",\"isPartOf\":{\"@id\":\"https:\/\/www.welovecycling.com\/hu\/#website\"},\"primaryImageOfPage\":{\"@id\":\"https:\/\/www.welovecycling.com\/hu\/trekking-mtb\/2022-legkalandosabb-kerekparversenyei\/#primaryimage\"},\"image\":{\"@id\":\"https:\/\/www.welovecycling.com\/hu\/trekking-mtb\/2022-legkalandosabb-kerekparversenyei\/#primaryimage\"},\"thumbnailUrl\":\"https:\/\/d2p6e6u75xmxt8.cloudfront.net\/12\/2022\/01\/Great-Divide-Route-profimedia-0626023723-CVR.jpg\",\"datePublished\":\"2022-01-24T06:00:53+00:00\",\"author\":{\"@id\":\"https:\/\/www.welovecycling.com\/hu\/#\/schema\/person\/414a2aebf1801691a5320edb6468e194\"},\"description\":\"A hossz\u00fa t\u00e1v\u00fa ker\u00e9kp\u00e1rversenyek nagyszer\u0171 lehet\u0151s\u00e9get adnak arra, hogy teszteld az \u00e1ll\u00f3k\u00e9pess\u00e9ged. De mint minden egyes sport ter\u00fclet\u00e9n, itt is folyamatosan feszegetik a hat\u00e1rokat. Az ultra-\u00e1ll\u00f3k\u00e9pess\u00e9gi versenyek az elm\u00falt n\u00e9h\u00e1ny \u00e9vben a vil\u00e1g minden t\u00e1j\u00e1n felbukkantak \u00e9s \u00e9vr\u0151l \u00e9vre \u00fajak jelennek meg. \u00d6ssze\u00e1ll\u00edtottunk n\u00e9h\u00e1ny versenyt, amikre 2022-ben is \u00e9rdemes lesz figyelni. A lista k\u00f6zel sem teljes, de remek \u00edzel\u00edt\u0151t ad a kalandos bicikliz\u00e9s vil\u00e1g\u00e1b\u00f3l.\",\"breadcrumb\":{\"@id\":\"https:\/\/www.welovecycling.com\/hu\/trekking-mtb\/2022-legkalandosabb-kerekparversenyei\/#breadcrumb\"},\"inLanguage\":\"hu\",\"potentialAction\":[{\"@type\":\"ReadAction\",\"target\":[\"https:\/\/www.welovecycling.com\/hu\/trekking-mtb\/2022-legkalandosabb-kerekparversenyei\/\"]}]},{\"@type\":\"ImageObject\",\"inLanguage\":\"hu\",\"@id\":\"https:\/\/www.welovecycling.com\/hu\/trekking-mtb\/2022-legkalandosabb-kerekparversenyei\/#primaryimage\",\"url\":\"https:\/\/d2p6e6u75xmxt8.cloudfront.net\/12\/2022\/01\/Great-Divide-Route-profimedia-0626023723-CVR.jpg\",\"contentUrl\":\"https:\/\/d2p6e6u75xmxt8.cloudfront.net\/12\/2022\/01\/Great-Divide-Route-profimedia-0626023723-CVR.jpg\",\"width\":1366,\"height\":600,\"caption\":\"Great Divide Mountain Bike\"},{\"@type\":\"BreadcrumbList\",\"@id\":\"https:\/\/www.welovecycling.com\/hu\/trekking-mtb\/2022-legkalandosabb-kerekparversenyei\/#breadcrumb\",\"itemListElement\":[{\"@type\":\"ListItem\",\"position\":1,\"name\":\"Home\",\"item\":\"https:\/\/www.welovecycling.com\/hu\/\"},{\"@type\":\"ListItem\",\"position\":2,\"name\":\"2022 legkalandosabb ker\u00e9kp\u00e1rversenyei\"}]},{\"@type\":\"WebSite\",\"@id\":\"https:\/\/www.welovecycling.com\/hu\/#website\",\"url\":\"https:\/\/www.welovecycling.com\/hu\/\",\"name\":\"\u0160koda We Love Cycling - Magyarorsz\u00e1g\",\"description\":\"\u0160koda WeLoveCycling\",\"potentialAction\":[{\"@type\":\"SearchAction\",\"target\":{\"@type\":\"EntryPoint\",\"urlTemplate\":\"https:\/\/www.welovecycling.com\/hu\/?s={search_term_string}\"},\"query-input\":{\"@type\":\"PropertyValueSpecification\",\"valueRequired\":true,\"valueName\":\"search_term_string\"}}],\"inLanguage\":\"hu\"},{\"@type\":\"Person\",\"@id\":\"https:\/\/www.welovecycling.com\/hu\/#\/schema\/person\/414a2aebf1801691a5320edb6468e194\",\"name\":\"hegyizs\",\"image\":{\"@type\":\"ImageObject\",\"inLanguage\":\"hu\",\"@id\":\"https:\/\/www.welovecycling.com\/hu\/#\/schema\/person\/image\/\",\"url\":\"https:\/\/secure.gravatar.com\/avatar\/02cf8a7906b8cf90cecb4679defac7cfd33a1c2e3b88e4903d947f3bb58eedd3?s=96&d=mm&r=g\",\"contentUrl\":\"https:\/\/secure.gravatar.com\/avatar\/02cf8a7906b8cf90cecb4679defac7cfd33a1c2e3b88e4903d947f3bb58eedd3?s=96&d=mm&r=g\",\"caption\":\"hegyizs\"},\"url\":\"https:\/\/www.welovecycling.com\/hu\/author\/hegyizs\/\"}]}<\/script>\n<!-- \/ Yoast SEO Premium plugin. -->","yoast_head_json":{"title":"2022 legkalandosabb ker\u00e9kp\u00e1rversenyei","description":"A hossz\u00fa t\u00e1v\u00fa ker\u00e9kp\u00e1rversenyek nagyszer\u0171 lehet\u0151s\u00e9get adnak arra, hogy teszteld az \u00e1ll\u00f3k\u00e9pess\u00e9ged. De mint minden egyes sport ter\u00fclet\u00e9n, itt is folyamatosan feszegetik a hat\u00e1rokat. Az ultra-\u00e1ll\u00f3k\u00e9pess\u00e9gi versenyek az elm\u00falt n\u00e9h\u00e1ny \u00e9vben a vil\u00e1g minden t\u00e1j\u00e1n felbukkantak \u00e9s \u00e9vr\u0151l \u00e9vre \u00fajak jelennek meg. \u00d6ssze\u00e1ll\u00edtottunk n\u00e9h\u00e1ny versenyt, amikre 2022-ben is \u00e9rdemes lesz figyelni. A lista k\u00f6zel sem teljes, de remek \u00edzel\u00edt\u0151t ad a kalandos bicikliz\u00e9s vil\u00e1g\u00e1b\u00f3l.","robots":{"index":"index","follow":"follow","max-snippet":"max-snippet:-1","max-image-preview":"max-image-preview:large","max-video-preview":"max-video-preview:-1"},"canonical":"https:\/\/www.welovecycling.com\/hu\/trekking-mtb\/2022-legkalandosabb-kerekparversenyei\/","og_locale":"hu_HU","og_type":"article","og_title":"2022 legkalandosabb ker\u00e9kp\u00e1rversenyei","og_description":"A hossz\u00fa t\u00e1v\u00fa ker\u00e9kp\u00e1rversenyek nagyszer\u0171 lehet\u0151s\u00e9get adnak arra, hogy teszteld az \u00e1ll\u00f3k\u00e9pess\u00e9ged. De mint minden egyes sport ter\u00fclet\u00e9n, itt is folyamatosan feszegetik a hat\u00e1rokat. Az ultra-\u00e1ll\u00f3k\u00e9pess\u00e9gi versenyek az elm\u00falt n\u00e9h\u00e1ny \u00e9vben a vil\u00e1g minden t\u00e1j\u00e1n felbukkantak \u00e9s \u00e9vr\u0151l \u00e9vre \u00fajak jelennek meg. \u00d6ssze\u00e1ll\u00edtottunk n\u00e9h\u00e1ny versenyt, amikre 2022-ben is \u00e9rdemes lesz figyelni. A lista k\u00f6zel sem teljes, de remek \u00edzel\u00edt\u0151t ad a kalandos bicikliz\u00e9s vil\u00e1g\u00e1b\u00f3l.","og_url":"https:\/\/www.welovecycling.com\/hu\/trekking-mtb\/2022-legkalandosabb-kerekparversenyei\/","og_site_name":"\u0160koda We Love Cycling - Magyarorsz\u00e1g","article_publisher":"https:\/\/www.facebook.com\/WeLoveCyclingHungary\/","article_published_time":"2022-01-24T06:00:53+00:00","og_image":[{"width":1366,"height":600,"url":"https:\/\/d2p6e6u75xmxt8.cloudfront.net\/12\/2022\/01\/Great-Divide-Route-profimedia-0626023723-CVR.jpg","type":"image\/jpeg"}],"author":"hegyizs","twitter_card":"summary_large_image","twitter_misc":{"Written by":"Charlotte Murray","Est. reading time":"6"},"schema":{"@context":"https:\/\/schema.org","@graph":[{"@type":"WebPage","@id":"https:\/\/www.welovecycling.com\/hu\/trekking-mtb\/2022-legkalandosabb-kerekparversenyei\/","url":"https:\/\/www.welovecycling.com\/hu\/trekking-mtb\/2022-legkalandosabb-kerekparversenyei\/","name":"2022 legkalandosabb ker\u00e9kp\u00e1rversenyei","isPartOf":{"@id":"https:\/\/www.welovecycling.com\/hu\/#website"},"primaryImageOfPage":{"@id":"https:\/\/www.welovecycling.com\/hu\/trekking-mtb\/2022-legkalandosabb-kerekparversenyei\/#primaryimage"},"image":{"@id":"https:\/\/www.welovecycling.com\/hu\/trekking-mtb\/2022-legkalandosabb-kerekparversenyei\/#primaryimage"},"thumbnailUrl":"https:\/\/d2p6e6u75xmxt8.cloudfront.net\/12\/2022\/01\/Great-Divide-Route-profimedia-0626023723-CVR.jpg","datePublished":"2022-01-24T06:00:53+00:00","author":{"@id":"https:\/\/www.welovecycling.com\/hu\/#\/schema\/person\/414a2aebf1801691a5320edb6468e194"},"description":"A hossz\u00fa t\u00e1v\u00fa ker\u00e9kp\u00e1rversenyek nagyszer\u0171 lehet\u0151s\u00e9get adnak arra, hogy teszteld az \u00e1ll\u00f3k\u00e9pess\u00e9ged. De mint minden egyes sport ter\u00fclet\u00e9n, itt is folyamatosan feszegetik a hat\u00e1rokat. Az ultra-\u00e1ll\u00f3k\u00e9pess\u00e9gi versenyek az elm\u00falt n\u00e9h\u00e1ny \u00e9vben a vil\u00e1g minden t\u00e1j\u00e1n felbukkantak \u00e9s \u00e9vr\u0151l \u00e9vre \u00fajak jelennek meg. \u00d6ssze\u00e1ll\u00edtottunk n\u00e9h\u00e1ny versenyt, amikre 2022-ben is \u00e9rdemes lesz figyelni. A lista k\u00f6zel sem teljes, de remek \u00edzel\u00edt\u0151t ad a kalandos bicikliz\u00e9s vil\u00e1g\u00e1b\u00f3l.","breadcrumb":{"@id":"https:\/\/www.welovecycling.com\/hu\/trekking-mtb\/2022-legkalandosabb-kerekparversenyei\/#breadcrumb"},"inLanguage":"hu","potentialAction":[{"@type":"ReadAction","target":["https:\/\/www.welovecycling.com\/hu\/trekking-mtb\/2022-legkalandosabb-kerekparversenyei\/"]}]},{"@type":"ImageObject","inLanguage":"hu","@id":"https:\/\/www.welovecycling.com\/hu\/trekking-mtb\/2022-legkalandosabb-kerekparversenyei\/#primaryimage","url":"https:\/\/d2p6e6u75xmxt8.cloudfront.net\/12\/2022\/01\/Great-Divide-Route-profimedia-0626023723-CVR.jpg","contentUrl":"https:\/\/d2p6e6u75xmxt8.cloudfront.net\/12\/2022\/01\/Great-Divide-Route-profimedia-0626023723-CVR.jpg","width":1366,"height":600,"caption":"Great Divide Mountain Bike"},{"@type":"BreadcrumbList","@id":"https:\/\/www.welovecycling.com\/hu\/trekking-mtb\/2022-legkalandosabb-kerekparversenyei\/#breadcrumb","itemListElement":[{"@type":"ListItem","position":1,"name":"Home","item":"https:\/\/www.welovecycling.com\/hu\/"},{"@type":"ListItem","position":2,"name":"2022 legkalandosabb ker\u00e9kp\u00e1rversenyei"}]},{"@type":"WebSite","@id":"https:\/\/www.welovecycling.com\/hu\/#website","url":"https:\/\/www.welovecycling.com\/hu\/","name":"\u0160koda We Love Cycling - Magyarorsz\u00e1g","description":"\u0160koda WeLoveCycling","potentialAction":[{"@type":"SearchAction","target":{"@type":"EntryPoint","urlTemplate":"https:\/\/www.welovecycling.com\/hu\/?s={search_term_string}"},"query-input":{"@type":"PropertyValueSpecification","valueRequired":true,"valueName":"search_term_string"}}],"inLanguage":"hu"},{"@type":"Person","@id":"https:\/\/www.welovecycling.com\/hu\/#\/schema\/person\/414a2aebf1801691a5320edb6468e194","name":"hegyizs","image":{"@type":"ImageObject","inLanguage":"hu","@id":"https:\/\/www.welovecycling.com\/hu\/#\/schema\/person\/image\/","url":"https:\/\/secure.gravatar.com\/avatar\/02cf8a7906b8cf90cecb4679defac7cfd33a1c2e3b88e4903d947f3bb58eedd3?s=96&d=mm&r=g","contentUrl":"https:\/\/secure.gravatar.com\/avatar\/02cf8a7906b8cf90cecb4679defac7cfd33a1c2e3b88e4903d947f3bb58eedd3?s=96&d=mm&r=g","caption":"hegyizs"},"url":"https:\/\/www.welovecycling.com\/hu\/author\/hegyizs\/"}]}},"_links":{"self":[{"href":"https:\/\/www.welovecycling.com\/hu\/wp-json\/wp\/v2\/posts\/13442","targetHints":{"allow":["GET"]}}],"collection":[{"href":"https:\/\/www.welovecycling.com\/hu\/wp-json\/wp\/v2\/posts"}],"about":[{"href":"https:\/\/www.welovecycling.com\/hu\/wp-json\/wp\/v2\/types\/post"}],"author":[{"embeddable":true,"href":"https:\/\/www.welovecycling.com\/hu\/wp-json\/wp\/v2\/users\/71"}],"replies":[{"embeddable":true,"href":"https:\/\/www.welovecycling.com\/hu\/wp-json\/wp\/v2\/comments?post=13442"}],"version-history":[{"count":1,"href":"https:\/\/www.welovecycling.com\/hu\/wp-json\/wp\/v2\/posts\/13442\/revisions"}],"predecessor-version":[{"id":13445,"href":"https:\/\/www.welovecycling.com\/hu\/wp-json\/wp\/v2\/posts\/13442\/revisions\/13445"}],"wp:featuredmedia":[{"embeddable":true,"href":"https:\/\/www.welovecycling.com\/hu\/wp-json\/wp\/v2\/media\/13444"}],"wp:attachment":[{"href":"https:\/\/www.welovecycling.com\/hu\/wp-json\/wp\/v2\/media?parent=13442"}],"wp:term":[{"taxonomy":"category","embeddable":true,"href":"https:\/\/www.welovecycling.com\/hu\/wp-json\/wp\/v2\/categories?post=13442"},{"taxonomy":"post_tag","embeddable":true,"href":"https:\/\/www.welovecycling.com\/hu\/wp-json\/wp\/v2\/tags?post=13442"},{"taxonomy":"global-categories","embeddable":true,"href":"https:\/\/www.welovecycling.com\/hu\/wp-json\/wp\/v2\/global-categories?post=13442"}],"curies":[{"name":"wp","href":"https:\/\/api.w.org\/{rel}","templated":true}]}}