{"id":13432,"date":"2022-01-23T08:00:52","date_gmt":"2022-01-23T06:00:52","guid":{"rendered":"https:\/\/www.welovecycling.com\/hu\/?p=13432"},"modified":"2022-01-21T17:32:20","modified_gmt":"2022-01-21T15:32:20","slug":"profi-es-kevesbe-profi-bringalopasok-az-israel-az-olasz-palyasok-es-filutas-viktor-groteszk-kalandjai","status":"publish","type":"post","link":"https:\/\/www.welovecycling.com\/hu\/kozosseg-es-kultura\/profi-es-kevesbe-profi-bringalopasok-az-israel-az-olasz-palyasok-es-filutas-viktor-groteszk-kalandjai\/","title":{"rendered":"Profi (\u00e9s kev\u00e9sb\u00e9 profi) bringalop\u00e1sok: az Israel, az olasz p\u00e1ly\u00e1sok \u00e9s Filut\u00e1s Viktor groteszk kalandjai"},"content":{"rendered":"<p><strong>Janu\u00e1r v\u00e9g\u00e9n 17 nagy \u00e9rt\u00e9k\u0171 Factor ker\u00e9kp\u00e1rt\u00f3l fosztott\u00e1k meg az Israel Cycling Academy-t gironai edz\u0151t\u00e1bor\u00e1ban, de nemr\u00e9g p\u00f3rul j\u00e1rt a kis h\u00edj\u00e1n 200 milli\u00f3t buk\u00f3 olasz p\u00e1lyav\u00e1logatott is \u2013 \u00e9s akkor a tolvajokat pizsam\u00e1ban \u00fcld\u00f6z\u0151 Filut\u00e1s Viktorr\u00f3l m\u00e9g nem is sz\u00f3ltunk.<\/strong><!--more--><\/p>\n<p>Az elm\u00falt id\u0151szakban egyre jobban megszaporodtak a szervezett bringalop\u00e1sok \u2013 mind t\u00f6bb olyan esetr\u0151l hallani, hogy egy-egy vakmer\u0151, kimondottan erre a \u201em\u0171fajra\u201d szakosodott b\u0171nbanda nem riad vissza m\u00e9g a legnagyobb csapatok kifoszt\u00e1s\u00e1t\u00f3l sem.<\/p>\n<p>A leg\u00fajabb \u00e1ldozat az Israel Cycling Academy ist\u00e1ll\u00f3ja, amelynek \u00e9v eleji, gironai edz\u0151t\u00e1bor\u00e1b\u00f3l nem kevesebb, mint 17 Factor ker\u00e9kp\u00e1rj\u00e1t tulajdon\u00edtott\u00e1k el (egyel\u0151re) ismeretlen tettesek. Az izraeli nagycsapatnak a WorldTour \u00e9s a kontinent\u00e1lis sora is \u00c9szak-Spanyolorsz\u00e1gban tr\u00e9ningezett, a nagy \u00e9rt\u00e9k\u0171 versenyker\u00e9kp\u00e1rokat az egyik k\u00eds\u00e9r\u0151j\u00e1rm\u0171b\u0151l vitt\u00e9k el a tolvajok. Girona \u00e9s k\u00f6rny\u00e9ke a kontinens egyik legfelkapottabb bring\u00e1sparadicsom\u00e1nak sz\u00e1m\u00edt, rendszeresen edzenek errefel\u00e9 a legnagyobb szt\u00e1rok, akik k\u00f6z\u00fcl t\u00f6bben \u00e9letvitelszer\u0171en is itt tart\u00f3zkodnak az \u00e9v jelent\u0151s r\u00e9sz\u00e9ben. Ezzel val\u00f3sz\u00edn\u0171leg a tettesek is tiszt\u00e1ban lehettek, akik felk\u00e9sz\u00fcltek voltak, \u00e9s pontosan tudt\u00e1k, mit csin\u00e1lnak.<\/p>\n<p><em>\u201eTizenh\u00e9t Israel Cycling Academy Factor ker\u00e9kp\u00e1runkat lopt\u00e1k el az egyik csapatbuszb\u00f3l a spanyolorsz\u00e1gi Girona k\u00f6zel\u00e9ben. A v\u00e1zak ez\u00fcst, piros \u00e9s fekete sz\u00edn\u0171ek, amint a lenti k\u00e9pen l\u00e1that\u00f3 \u2013 k\u00e9rj\u00fck, ha b\u00e1rki b\u00e1rmilyen inform\u00e1ci\u00f3val rendelkezik, vegye fel vel\u00fcnk a kapcsolatot\u201d<\/em> \u2013 \u00e1ll a csapat k\u00f6zlem\u00e9ny\u00e9ben.<\/p>\n<figure id=\"attachment_13434\" aria-describedby=\"caption-attachment-13434\" style=\"width: 1024px\" class=\"wp-caption alignnone\"><a href=\"https:\/\/d2p6e6u75xmxt8.cloudfront.net\/12\/2022\/01\/FJUX_pYXIAI3Fpe.jpg\"><img loading=\"lazy\" decoding=\"async\" class=\"size-full wp-image-13434\" src=\"https:\/\/d2p6e6u75xmxt8.cloudfront.net\/12\/2022\/01\/FJUX_pYXIAI3Fpe.jpg\" alt=\"\" width=\"1024\" height=\"768\" srcset=\"https:\/\/d2p6e6u75xmxt8.cloudfront.net\/12\/2022\/01\/FJUX_pYXIAI3Fpe.jpg 1024w, https:\/\/d2p6e6u75xmxt8.cloudfront.net\/12\/2022\/01\/FJUX_pYXIAI3Fpe-300x225.jpg 300w, https:\/\/d2p6e6u75xmxt8.cloudfront.net\/12\/2022\/01\/FJUX_pYXIAI3Fpe-768x576.jpg 768w\" sizes=\"auto, (max-width: 1024px) 100vw, 1024px\" \/><\/a><figcaption id=\"caption-attachment-13434\" class=\"wp-caption-text\">Forr\u00e1s: Israel-PremierTech\/Twitter<\/figcaption><\/figure>\n<p>Ezel\u0151tt alig h\u00e1rom h\u00f3nappal kapott nagy visszhangot, hogy a p\u00e1lyaker\u00e9kp\u00e1ros-vil\u00e1gbajnoks\u00e1gon szenz\u00e1ci\u00f3san szerepl\u0151 olasz v\u00e1logatott bring\u00e1it is ellopt\u00e1k egy szervezett akci\u00f3 keret\u00e9ben. A Filippo Ganna f\u00e9mjelezte csapat aranyozott Pinarello k\u00e9tkerek\u0171it az Olaszorsz\u00e1gba tart\u00f3 haza\u00fat k\u00f6zben, egy lille-i hotel el\u0151l lopt\u00e1k el szint\u00e9n az egyik csapatbuszb\u00f3l. A tolvajok ez\u00fattal is profik voltak, el\u0151re tudt\u00e1k, melyik j\u00e1rm\u0171vet kell keresni\u00fck. A k\u00e1r \u00f3ri\u00e1si, hiszen \u00f6sszesen 20 darab, egyenk\u00e9nt is 30 ezer eur\u00f3t \u00e9r\u0151 szuperbring\u00e1t lovas\u00edtottak meg a tettesek, ami forintra \u00e1tsz\u00e1molva k\u00e9tsz\u00e1zmilli\u00f3 feletti\u00a0 nagys\u00e1grendnek felel meg. A t\u00f6rt\u00e9net azonban ez esetben boldogan \u00e9rt v\u00e9get: a ker\u00e9kp\u00e1rokat alig egy h\u00e9ttel k\u00e9s\u0151bb hi\u00e1nytalanul megtal\u00e1lt\u00e1k Rom\u00e1ni\u00e1ban, egy drogband\u00e1n val\u00f3 rajta\u00fct\u00e9s sor\u00e1n.<\/p>\n<figure id=\"attachment_13435\" aria-describedby=\"caption-attachment-13435\" style=\"width: 768px\" class=\"wp-caption alignnone\"><a href=\"https:\/\/d2p6e6u75xmxt8.cloudfront.net\/12\/2022\/01\/biciclete-lotul-olimpic-italia-768x488-1.jpeg\"><img loading=\"lazy\" decoding=\"async\" class=\"size-full wp-image-13435\" src=\"https:\/\/d2p6e6u75xmxt8.cloudfront.net\/12\/2022\/01\/biciclete-lotul-olimpic-italia-768x488-1.jpeg\" alt=\"\" width=\"768\" height=\"488\" srcset=\"https:\/\/d2p6e6u75xmxt8.cloudfront.net\/12\/2022\/01\/biciclete-lotul-olimpic-italia-768x488-1.jpeg 768w, https:\/\/d2p6e6u75xmxt8.cloudfront.net\/12\/2022\/01\/biciclete-lotul-olimpic-italia-768x488-1-300x191.jpeg 300w\" sizes=\"auto, (max-width: 768px) 100vw, 768px\" \/><\/a><figcaption id=\"caption-attachment-13435\" class=\"wp-caption-text\">Az egyenk\u00e9nt is t\u00edzmilli\u00f3 forintos Pinarello szuperbring\u00e1kra v\u00e9g\u00fcl egy rom\u00e1niai rajta\u00fct\u00e9s sor\u00e1n bukkantak r\u00e1.<\/figcaption><\/figure>\n<p>Filut\u00e1s Viktor is tudna mit mes\u00e9lni a rom\u00e1n ker\u00e9kp\u00e1r-tolvajokr\u00f3l. Orsz\u00e1g\u00fati bajnokunk a 2020-as Szebeni K\u00f6rversenyre k\u00e9sz\u00fclve a Nagyszeben melletti Nagydiszn\u00f3don sz\u00e1llt meg edz\u00e9s ut\u00e1n, akkori csapat\u00e1val, a Giotti Victori\u00e1val, amikor az \u00e9j leple alatt az alkalom sz\u00fclte tolvajok megpr\u00f3b\u00e1lt\u00e1k ellopni bring\u00e1ikat \u2013 a zajra azonban Filut\u00e1s felkelt, hogy azt\u00e1n t\u00e1rsaival mez\u00edtl\u00e1b, pizsam\u00e1ban vegy\u00e9k \u00fcld\u00f6z\u0151be az elk\u00f6vet\u0151ket, a Focus ker\u00e9kp\u00e1rok nagy r\u00e9sz\u00e9t pedig v\u00e9g\u00fcl a k\u00f6zeli erd\u0151ben tal\u00e1lj\u00e1k meg.<\/p>\n<figure id=\"attachment_13436\" aria-describedby=\"caption-attachment-13436\" style=\"width: 1024px\" class=\"wp-caption alignnone\"><a href=\"https:\/\/d2p6e6u75xmxt8.cloudfront.net\/12\/2022\/01\/img-0ea43f62d63321f286792f13ca7e5553-v-horz.jpg\"><img loading=\"lazy\" decoding=\"async\" class=\"size-large wp-image-13436\" src=\"https:\/\/d2p6e6u75xmxt8.cloudfront.net\/12\/2022\/01\/img-0ea43f62d63321f286792f13ca7e5553-v-horz-1024x683.jpg\" alt=\"\" width=\"1024\" height=\"683\" srcset=\"https:\/\/d2p6e6u75xmxt8.cloudfront.net\/12\/2022\/01\/img-0ea43f62d63321f286792f13ca7e5553-v-horz-1024x683.jpg 1024w, https:\/\/d2p6e6u75xmxt8.cloudfront.net\/12\/2022\/01\/img-0ea43f62d63321f286792f13ca7e5553-v-horz-300x200.jpg 300w, https:\/\/d2p6e6u75xmxt8.cloudfront.net\/12\/2022\/01\/img-0ea43f62d63321f286792f13ca7e5553-v-horz-768x512.jpg 768w, https:\/\/d2p6e6u75xmxt8.cloudfront.net\/12\/2022\/01\/img-0ea43f62d63321f286792f13ca7e5553-v-horz-1536x1024.jpg 1536w, https:\/\/d2p6e6u75xmxt8.cloudfront.net\/12\/2022\/01\/img-0ea43f62d63321f286792f13ca7e5553-v-horz-2048x1365.jpg 2048w, https:\/\/d2p6e6u75xmxt8.cloudfront.net\/12\/2022\/01\/img-0ea43f62d63321f286792f13ca7e5553-v-horz-1920x1280.jpg 1920w, https:\/\/d2p6e6u75xmxt8.cloudfront.net\/12\/2022\/01\/img-0ea43f62d63321f286792f13ca7e5553-v-horz-272x182.jpg 272w, https:\/\/d2p6e6u75xmxt8.cloudfront.net\/12\/2022\/01\/img-0ea43f62d63321f286792f13ca7e5553-v-horz-1920x1280.jpg 1920w\" sizes=\"auto, (max-width: 1024px) 100vw, 1024px\" \/><\/a><figcaption id=\"caption-attachment-13436\" class=\"wp-caption-text\">A Giotti Victoria meglovas\u00edtott bring\u00e1it a rom\u00e1n rend\u0151rs\u00e9g is kereste. Forr\u00e1s: velo.hu<\/figcaption><\/figure>\n<p><em>Bor\u00edt\u00f3k\u00e9p: FRANCOIS LO PRESTI\/AFP <\/em><\/p>\n<p>&nbsp;<\/p>\n","protected":false},"excerpt":{"rendered":"<p>Janu\u00e1r v\u00e9g\u00e9n 17 nagy \u00e9rt\u00e9k\u0171 Factor ker\u00e9kp\u00e1rt\u00f3l fosztott\u00e1k meg az Israel Cycling Academy-t gironai edz\u0151t\u00e1bor\u00e1ban, de nemr\u00e9g p\u00f3rul j\u00e1rt a [&hellip;]<\/p>\n","protected":false},"author":71,"featured_media":13433,"comment_status":"closed","ping_status":"closed","sticky":false,"template":"","format":"standard","meta":{"footnotes":""},"categories":[12],"tags":[],"global-categories":[],"class_list":["post-13432","post","type-post","status-publish","format-standard","has-post-thumbnail","hentry","category-kozosseg-es-kultura"],"yoast_head":"<!-- This site is optimized with the Yoast SEO Premium plugin v25.3 (Yoast SEO v25.9) - https:\/\/yoast.com\/wordpress\/plugins\/seo\/ -->\n<title>Profi (\u00e9s kev\u00e9sb\u00e9 profi) bringalop\u00e1sok: az Israel, az olasz p\u00e1ly\u00e1sok \u00e9s Filut\u00e1s Viktor groteszk kalandjai<\/title>\n<meta name=\"description\" content=\"Janu\u00e1r v\u00e9g\u00e9n 17 nagy \u00e9rt\u00e9k\u0171 Factor ker\u00e9kp\u00e1rt\u00f3l fosztott\u00e1k meg az Israel Cycling Academy-t gironai edz\u0151t\u00e1bor\u00e1ban, de nemr\u00e9g p\u00f3rul j\u00e1rt a kis h\u00edj\u00e1n 200 milli\u00f3t buk\u00f3 olasz p\u00e1lyav\u00e1logatott is \u2013 \u00e9s akkor a tolvajokat pizsam\u00e1ban \u00fcld\u00f6z\u0151 Filut\u00e1s Viktorr\u00f3l m\u00e9g nem is sz\u00f3ltunk.\" \/>\n<meta name=\"robots\" content=\"index, follow, max-snippet:-1, max-image-preview:large, max-video-preview:-1\" \/>\n<link rel=\"canonical\" href=\"https:\/\/www.welovecycling.com\/hu\/kozosseg-es-kultura\/profi-es-kevesbe-profi-bringalopasok-az-israel-az-olasz-palyasok-es-filutas-viktor-groteszk-kalandjai\/\" \/>\n<meta property=\"og:locale\" content=\"hu_HU\" \/>\n<meta property=\"og:type\" content=\"article\" \/>\n<meta property=\"og:title\" content=\"Profi (\u00e9s kev\u00e9sb\u00e9 profi) bringalop\u00e1sok: az Israel, az olasz p\u00e1ly\u00e1sok \u00e9s Filut\u00e1s Viktor groteszk kalandjai\" \/>\n<meta property=\"og:description\" content=\"Janu\u00e1r v\u00e9g\u00e9n 17 nagy \u00e9rt\u00e9k\u0171 Factor ker\u00e9kp\u00e1rt\u00f3l fosztott\u00e1k meg az Israel Cycling Academy-t gironai edz\u0151t\u00e1bor\u00e1ban, de nemr\u00e9g p\u00f3rul j\u00e1rt a kis h\u00edj\u00e1n 200 milli\u00f3t buk\u00f3 olasz p\u00e1lyav\u00e1logatott is \u2013 \u00e9s akkor a tolvajokat pizsam\u00e1ban \u00fcld\u00f6z\u0151 Filut\u00e1s Viktorr\u00f3l m\u00e9g nem is sz\u00f3ltunk.\" \/>\n<meta property=\"og:url\" content=\"https:\/\/www.welovecycling.com\/hu\/kozosseg-es-kultura\/profi-es-kevesbe-profi-bringalopasok-az-israel-az-olasz-palyasok-es-filutas-viktor-groteszk-kalandjai\/\" \/>\n<meta property=\"og:site_name\" content=\"\u0160koda We Love Cycling - Magyarorsz\u00e1g\" \/>\n<meta property=\"article:publisher\" content=\"https:\/\/www.facebook.com\/WeLoveCyclingHungary\/\" \/>\n<meta property=\"article:published_time\" content=\"2022-01-23T06:00:52+00:00\" \/>\n<meta property=\"og:image\" content=\"https:\/\/d2p6e6u75xmxt8.cloudfront.net\/12\/2022\/01\/FRANCOIS-LO-PRESTI-AFP.png\" \/>\n\t<meta property=\"og:image:width\" content=\"1070\" \/>\n\t<meta property=\"og:image:height\" content=\"602\" \/>\n\t<meta property=\"og:image:type\" content=\"image\/png\" \/>\n<meta name=\"author\" content=\"hegyizs\" \/>\n<meta name=\"twitter:card\" content=\"summary_large_image\" \/>\n<meta name=\"twitter:label1\" content=\"Written by\" \/>\n\t<meta name=\"twitter:data1\" content=\"WLC\" \/>\n\t<meta name=\"twitter:label2\" content=\"Est. reading time\" \/>\n\t<meta name=\"twitter:data2\" content=\"3 minutes\" \/>\n<script type=\"application\/ld+json\" class=\"yoast-schema-graph\">{\"@context\":\"https:\/\/schema.org\",\"@graph\":[{\"@type\":\"WebPage\",\"@id\":\"https:\/\/www.welovecycling.com\/hu\/kozosseg-es-kultura\/profi-es-kevesbe-profi-bringalopasok-az-israel-az-olasz-palyasok-es-filutas-viktor-groteszk-kalandjai\/\",\"url\":\"https:\/\/www.welovecycling.com\/hu\/kozosseg-es-kultura\/profi-es-kevesbe-profi-bringalopasok-az-israel-az-olasz-palyasok-es-filutas-viktor-groteszk-kalandjai\/\",\"name\":\"Profi (\u00e9s kev\u00e9sb\u00e9 profi) bringalop\u00e1sok: az Israel, az olasz p\u00e1ly\u00e1sok \u00e9s Filut\u00e1s Viktor groteszk kalandjai\",\"isPartOf\":{\"@id\":\"https:\/\/www.welovecycling.com\/hu\/#website\"},\"primaryImageOfPage\":{\"@id\":\"https:\/\/www.welovecycling.com\/hu\/kozosseg-es-kultura\/profi-es-kevesbe-profi-bringalopasok-az-israel-az-olasz-palyasok-es-filutas-viktor-groteszk-kalandjai\/#primaryimage\"},\"image\":{\"@id\":\"https:\/\/www.welovecycling.com\/hu\/kozosseg-es-kultura\/profi-es-kevesbe-profi-bringalopasok-az-israel-az-olasz-palyasok-es-filutas-viktor-groteszk-kalandjai\/#primaryimage\"},\"thumbnailUrl\":\"https:\/\/d2p6e6u75xmxt8.cloudfront.net\/12\/2022\/01\/FRANCOIS-LO-PRESTI-AFP.png\",\"datePublished\":\"2022-01-23T06:00:52+00:00\",\"author\":{\"@id\":\"https:\/\/www.welovecycling.com\/hu\/#\/schema\/person\/414a2aebf1801691a5320edb6468e194\"},\"description\":\"Janu\u00e1r v\u00e9g\u00e9n 17 nagy \u00e9rt\u00e9k\u0171 Factor ker\u00e9kp\u00e1rt\u00f3l fosztott\u00e1k meg az Israel Cycling Academy-t gironai edz\u0151t\u00e1bor\u00e1ban, de nemr\u00e9g p\u00f3rul j\u00e1rt a kis h\u00edj\u00e1n 200 milli\u00f3t buk\u00f3 olasz p\u00e1lyav\u00e1logatott is \u2013 \u00e9s akkor a tolvajokat pizsam\u00e1ban \u00fcld\u00f6z\u0151 Filut\u00e1s Viktorr\u00f3l m\u00e9g nem is sz\u00f3ltunk.\",\"breadcrumb\":{\"@id\":\"https:\/\/www.welovecycling.com\/hu\/kozosseg-es-kultura\/profi-es-kevesbe-profi-bringalopasok-az-israel-az-olasz-palyasok-es-filutas-viktor-groteszk-kalandjai\/#breadcrumb\"},\"inLanguage\":\"hu\",\"potentialAction\":[{\"@type\":\"ReadAction\",\"target\":[\"https:\/\/www.welovecycling.com\/hu\/kozosseg-es-kultura\/profi-es-kevesbe-profi-bringalopasok-az-israel-az-olasz-palyasok-es-filutas-viktor-groteszk-kalandjai\/\"]}]},{\"@type\":\"ImageObject\",\"inLanguage\":\"hu\",\"@id\":\"https:\/\/www.welovecycling.com\/hu\/kozosseg-es-kultura\/profi-es-kevesbe-profi-bringalopasok-az-israel-az-olasz-palyasok-es-filutas-viktor-groteszk-kalandjai\/#primaryimage\",\"url\":\"https:\/\/d2p6e6u75xmxt8.cloudfront.net\/12\/2022\/01\/FRANCOIS-LO-PRESTI-AFP.png\",\"contentUrl\":\"https:\/\/d2p6e6u75xmxt8.cloudfront.net\/12\/2022\/01\/FRANCOIS-LO-PRESTI-AFP.png\",\"width\":1070,\"height\":602},{\"@type\":\"BreadcrumbList\",\"@id\":\"https:\/\/www.welovecycling.com\/hu\/kozosseg-es-kultura\/profi-es-kevesbe-profi-bringalopasok-az-israel-az-olasz-palyasok-es-filutas-viktor-groteszk-kalandjai\/#breadcrumb\",\"itemListElement\":[{\"@type\":\"ListItem\",\"position\":1,\"name\":\"Home\",\"item\":\"https:\/\/www.welovecycling.com\/hu\/\"},{\"@type\":\"ListItem\",\"position\":2,\"name\":\"Profi (\u00e9s kev\u00e9sb\u00e9 profi) bringalop\u00e1sok: az Israel, az olasz p\u00e1ly\u00e1sok \u00e9s Filut\u00e1s Viktor groteszk kalandjai\"}]},{\"@type\":\"WebSite\",\"@id\":\"https:\/\/www.welovecycling.com\/hu\/#website\",\"url\":\"https:\/\/www.welovecycling.com\/hu\/\",\"name\":\"\u0160koda We Love Cycling - Magyarorsz\u00e1g\",\"description\":\"\u0160koda WeLoveCycling\",\"potentialAction\":[{\"@type\":\"SearchAction\",\"target\":{\"@type\":\"EntryPoint\",\"urlTemplate\":\"https:\/\/www.welovecycling.com\/hu\/?s={search_term_string}\"},\"query-input\":{\"@type\":\"PropertyValueSpecification\",\"valueRequired\":true,\"valueName\":\"search_term_string\"}}],\"inLanguage\":\"hu\"},{\"@type\":\"Person\",\"@id\":\"https:\/\/www.welovecycling.com\/hu\/#\/schema\/person\/414a2aebf1801691a5320edb6468e194\",\"name\":\"hegyizs\",\"image\":{\"@type\":\"ImageObject\",\"inLanguage\":\"hu\",\"@id\":\"https:\/\/www.welovecycling.com\/hu\/#\/schema\/person\/image\/\",\"url\":\"https:\/\/secure.gravatar.com\/avatar\/02cf8a7906b8cf90cecb4679defac7cfd33a1c2e3b88e4903d947f3bb58eedd3?s=96&d=mm&r=g\",\"contentUrl\":\"https:\/\/secure.gravatar.com\/avatar\/02cf8a7906b8cf90cecb4679defac7cfd33a1c2e3b88e4903d947f3bb58eedd3?s=96&d=mm&r=g\",\"caption\":\"hegyizs\"},\"url\":\"https:\/\/www.welovecycling.com\/hu\/author\/hegyizs\/\"}]}<\/script>\n<!-- \/ Yoast SEO Premium plugin. -->","yoast_head_json":{"title":"Profi (\u00e9s kev\u00e9sb\u00e9 profi) bringalop\u00e1sok: az Israel, az olasz p\u00e1ly\u00e1sok \u00e9s Filut\u00e1s Viktor groteszk kalandjai","description":"Janu\u00e1r v\u00e9g\u00e9n 17 nagy \u00e9rt\u00e9k\u0171 Factor ker\u00e9kp\u00e1rt\u00f3l fosztott\u00e1k meg az Israel Cycling Academy-t gironai edz\u0151t\u00e1bor\u00e1ban, de nemr\u00e9g p\u00f3rul j\u00e1rt a kis h\u00edj\u00e1n 200 milli\u00f3t buk\u00f3 olasz p\u00e1lyav\u00e1logatott is \u2013 \u00e9s akkor a tolvajokat pizsam\u00e1ban \u00fcld\u00f6z\u0151 Filut\u00e1s Viktorr\u00f3l m\u00e9g nem is sz\u00f3ltunk.","robots":{"index":"index","follow":"follow","max-snippet":"max-snippet:-1","max-image-preview":"max-image-preview:large","max-video-preview":"max-video-preview:-1"},"canonical":"https:\/\/www.welovecycling.com\/hu\/kozosseg-es-kultura\/profi-es-kevesbe-profi-bringalopasok-az-israel-az-olasz-palyasok-es-filutas-viktor-groteszk-kalandjai\/","og_locale":"hu_HU","og_type":"article","og_title":"Profi (\u00e9s kev\u00e9sb\u00e9 profi) bringalop\u00e1sok: az Israel, az olasz p\u00e1ly\u00e1sok \u00e9s Filut\u00e1s Viktor groteszk kalandjai","og_description":"Janu\u00e1r v\u00e9g\u00e9n 17 nagy \u00e9rt\u00e9k\u0171 Factor ker\u00e9kp\u00e1rt\u00f3l fosztott\u00e1k meg az Israel Cycling Academy-t gironai edz\u0151t\u00e1bor\u00e1ban, de nemr\u00e9g p\u00f3rul j\u00e1rt a kis h\u00edj\u00e1n 200 milli\u00f3t buk\u00f3 olasz p\u00e1lyav\u00e1logatott is \u2013 \u00e9s akkor a tolvajokat pizsam\u00e1ban \u00fcld\u00f6z\u0151 Filut\u00e1s Viktorr\u00f3l m\u00e9g nem is sz\u00f3ltunk.","og_url":"https:\/\/www.welovecycling.com\/hu\/kozosseg-es-kultura\/profi-es-kevesbe-profi-bringalopasok-az-israel-az-olasz-palyasok-es-filutas-viktor-groteszk-kalandjai\/","og_site_name":"\u0160koda We Love Cycling - Magyarorsz\u00e1g","article_publisher":"https:\/\/www.facebook.com\/WeLoveCyclingHungary\/","article_published_time":"2022-01-23T06:00:52+00:00","og_image":[{"width":1070,"height":602,"url":"https:\/\/d2p6e6u75xmxt8.cloudfront.net\/12\/2022\/01\/FRANCOIS-LO-PRESTI-AFP.png","type":"image\/png"}],"author":"hegyizs","twitter_card":"summary_large_image","twitter_misc":{"Written by":"WLC","Est. reading time":"3 minutes"},"schema":{"@context":"https:\/\/schema.org","@graph":[{"@type":"WebPage","@id":"https:\/\/www.welovecycling.com\/hu\/kozosseg-es-kultura\/profi-es-kevesbe-profi-bringalopasok-az-israel-az-olasz-palyasok-es-filutas-viktor-groteszk-kalandjai\/","url":"https:\/\/www.welovecycling.com\/hu\/kozosseg-es-kultura\/profi-es-kevesbe-profi-bringalopasok-az-israel-az-olasz-palyasok-es-filutas-viktor-groteszk-kalandjai\/","name":"Profi (\u00e9s kev\u00e9sb\u00e9 profi) bringalop\u00e1sok: az Israel, az olasz p\u00e1ly\u00e1sok \u00e9s Filut\u00e1s Viktor groteszk kalandjai","isPartOf":{"@id":"https:\/\/www.welovecycling.com\/hu\/#website"},"primaryImageOfPage":{"@id":"https:\/\/www.welovecycling.com\/hu\/kozosseg-es-kultura\/profi-es-kevesbe-profi-bringalopasok-az-israel-az-olasz-palyasok-es-filutas-viktor-groteszk-kalandjai\/#primaryimage"},"image":{"@id":"https:\/\/www.welovecycling.com\/hu\/kozosseg-es-kultura\/profi-es-kevesbe-profi-bringalopasok-az-israel-az-olasz-palyasok-es-filutas-viktor-groteszk-kalandjai\/#primaryimage"},"thumbnailUrl":"https:\/\/d2p6e6u75xmxt8.cloudfront.net\/12\/2022\/01\/FRANCOIS-LO-PRESTI-AFP.png","datePublished":"2022-01-23T06:00:52+00:00","author":{"@id":"https:\/\/www.welovecycling.com\/hu\/#\/schema\/person\/414a2aebf1801691a5320edb6468e194"},"description":"Janu\u00e1r v\u00e9g\u00e9n 17 nagy \u00e9rt\u00e9k\u0171 Factor ker\u00e9kp\u00e1rt\u00f3l fosztott\u00e1k meg az Israel Cycling Academy-t gironai edz\u0151t\u00e1bor\u00e1ban, de nemr\u00e9g p\u00f3rul j\u00e1rt a kis h\u00edj\u00e1n 200 milli\u00f3t buk\u00f3 olasz p\u00e1lyav\u00e1logatott is \u2013 \u00e9s akkor a tolvajokat pizsam\u00e1ban \u00fcld\u00f6z\u0151 Filut\u00e1s Viktorr\u00f3l m\u00e9g nem is sz\u00f3ltunk.","breadcrumb":{"@id":"https:\/\/www.welovecycling.com\/hu\/kozosseg-es-kultura\/profi-es-kevesbe-profi-bringalopasok-az-israel-az-olasz-palyasok-es-filutas-viktor-groteszk-kalandjai\/#breadcrumb"},"inLanguage":"hu","potentialAction":[{"@type":"ReadAction","target":["https:\/\/www.welovecycling.com\/hu\/kozosseg-es-kultura\/profi-es-kevesbe-profi-bringalopasok-az-israel-az-olasz-palyasok-es-filutas-viktor-groteszk-kalandjai\/"]}]},{"@type":"ImageObject","inLanguage":"hu","@id":"https:\/\/www.welovecycling.com\/hu\/kozosseg-es-kultura\/profi-es-kevesbe-profi-bringalopasok-az-israel-az-olasz-palyasok-es-filutas-viktor-groteszk-kalandjai\/#primaryimage","url":"https:\/\/d2p6e6u75xmxt8.cloudfront.net\/12\/2022\/01\/FRANCOIS-LO-PRESTI-AFP.png","contentUrl":"https:\/\/d2p6e6u75xmxt8.cloudfront.net\/12\/2022\/01\/FRANCOIS-LO-PRESTI-AFP.png","width":1070,"height":602},{"@type":"BreadcrumbList","@id":"https:\/\/www.welovecycling.com\/hu\/kozosseg-es-kultura\/profi-es-kevesbe-profi-bringalopasok-az-israel-az-olasz-palyasok-es-filutas-viktor-groteszk-kalandjai\/#breadcrumb","itemListElement":[{"@type":"ListItem","position":1,"name":"Home","item":"https:\/\/www.welovecycling.com\/hu\/"},{"@type":"ListItem","position":2,"name":"Profi (\u00e9s kev\u00e9sb\u00e9 profi) bringalop\u00e1sok: az Israel, az olasz p\u00e1ly\u00e1sok \u00e9s Filut\u00e1s Viktor groteszk kalandjai"}]},{"@type":"WebSite","@id":"https:\/\/www.welovecycling.com\/hu\/#website","url":"https:\/\/www.welovecycling.com\/hu\/","name":"\u0160koda We Love Cycling - Magyarorsz\u00e1g","description":"\u0160koda WeLoveCycling","potentialAction":[{"@type":"SearchAction","target":{"@type":"EntryPoint","urlTemplate":"https:\/\/www.welovecycling.com\/hu\/?s={search_term_string}"},"query-input":{"@type":"PropertyValueSpecification","valueRequired":true,"valueName":"search_term_string"}}],"inLanguage":"hu"},{"@type":"Person","@id":"https:\/\/www.welovecycling.com\/hu\/#\/schema\/person\/414a2aebf1801691a5320edb6468e194","name":"hegyizs","image":{"@type":"ImageObject","inLanguage":"hu","@id":"https:\/\/www.welovecycling.com\/hu\/#\/schema\/person\/image\/","url":"https:\/\/secure.gravatar.com\/avatar\/02cf8a7906b8cf90cecb4679defac7cfd33a1c2e3b88e4903d947f3bb58eedd3?s=96&d=mm&r=g","contentUrl":"https:\/\/secure.gravatar.com\/avatar\/02cf8a7906b8cf90cecb4679defac7cfd33a1c2e3b88e4903d947f3bb58eedd3?s=96&d=mm&r=g","caption":"hegyizs"},"url":"https:\/\/www.welovecycling.com\/hu\/author\/hegyizs\/"}]}},"_links":{"self":[{"href":"https:\/\/www.welovecycling.com\/hu\/wp-json\/wp\/v2\/posts\/13432","targetHints":{"allow":["GET"]}}],"collection":[{"href":"https:\/\/www.welovecycling.com\/hu\/wp-json\/wp\/v2\/posts"}],"about":[{"href":"https:\/\/www.welovecycling.com\/hu\/wp-json\/wp\/v2\/types\/post"}],"author":[{"embeddable":true,"href":"https:\/\/www.welovecycling.com\/hu\/wp-json\/wp\/v2\/users\/71"}],"replies":[{"embeddable":true,"href":"https:\/\/www.welovecycling.com\/hu\/wp-json\/wp\/v2\/comments?post=13432"}],"version-history":[{"count":1,"href":"https:\/\/www.welovecycling.com\/hu\/wp-json\/wp\/v2\/posts\/13432\/revisions"}],"predecessor-version":[{"id":13437,"href":"https:\/\/www.welovecycling.com\/hu\/wp-json\/wp\/v2\/posts\/13432\/revisions\/13437"}],"wp:featuredmedia":[{"embeddable":true,"href":"https:\/\/www.welovecycling.com\/hu\/wp-json\/wp\/v2\/media\/13433"}],"wp:attachment":[{"href":"https:\/\/www.welovecycling.com\/hu\/wp-json\/wp\/v2\/media?parent=13432"}],"wp:term":[{"taxonomy":"category","embeddable":true,"href":"https:\/\/www.welovecycling.com\/hu\/wp-json\/wp\/v2\/categories?post=13432"},{"taxonomy":"post_tag","embeddable":true,"href":"https:\/\/www.welovecycling.com\/hu\/wp-json\/wp\/v2\/tags?post=13432"},{"taxonomy":"global-categories","embeddable":true,"href":"https:\/\/www.welovecycling.com\/hu\/wp-json\/wp\/v2\/global-categories?post=13432"}],"curies":[{"name":"wp","href":"https:\/\/api.w.org\/{rel}","templated":true}]}}