{"id":13425,"date":"2022-01-16T08:00:32","date_gmt":"2022-01-16T06:00:32","guid":{"rendered":"https:\/\/www.welovecycling.com\/hu\/?p=13425"},"modified":"2022-01-14T17:18:42","modified_gmt":"2022-01-14T15:18:42","slug":"valter-attila-vegul-demare-ral-indul-a-giron-megvan-vas-blanka-orszaguti-programja-is","status":"publish","type":"post","link":"https:\/\/www.welovecycling.com\/hu\/orszaguti-kerekpar\/valter-attila-vegul-demare-ral-indul-a-giron-megvan-vas-blanka-orszaguti-programja-is\/","title":{"rendered":"Valter Attila v\u00e9g\u00fcl D\u00e9mare-ral indul a Gir\u00f3n, megvan Vas Blanka orsz\u00e1g\u00fati programja is"},"content":{"rendered":"<p><strong>Az FDJ-szt\u00e1r Thibaut Pinot-nak m\u00e9giscsak marad a Tour de France, a k\u00e9t szlov\u00e9n extraklasszis, Poga\u010dar \u00e9s Rogli\u010d nekiveselkedik a Tour-Vuelta-dupl\u00e1nak, m\u00edg Mark Cavendish-t rekordd\u00f6nt\u00e9s helyett jelen \u00e1ll\u00e1s szerint ugyancsak a Gir\u00f3n l\u00e1thatjuk majd testk\u00f6zelb\u0151l m\u00e1jusban. <\/strong><!--more--><\/p>\n<p>\u00c9ppen a m\u00falt h\u00e9ten \u00edrtunk r\u00f3la, hogy <a href=\"https:\/\/www.welovecycling.com\/hu\/orszaguti-kerekpar\/thibaut-pinot-t-valter-attilaval-egyutt-lathatjuk-majd-az-idei-giron\/\">Thibaut Pinot n\u00e9mileg meglep\u0151 nyilatkozataib\u00f3l azt lehetett kivenni, id\u00e9n sz\u00edvesebben indulna a Gir\u00f3n<\/a>, mint a Tour de France-on. A v\u00e9gs\u0151 sz\u00f3t v\u00e9g\u00fcl a bring\u00e1s \u201eszok\u00e1sjognak\u201d megfelel\u0151en csapata, az FDJ mondta ki, nem meglep\u0151 v\u00e9geredm\u00e9nnyel: egy francia ist\u00e1ll\u00f3 a legnagyobb, francia szt\u00e1rj\u00e1t nyilv\u00e1n a hazai k\u00f6rversenyen ind\u00edtja el, hazai szurkol\u00f3k \u00e9s szponzorok el\u0151tt, \u00fagyhogy Pinot-nak v\u00e1ltozatlanul marad a Tour (a m\u00e1sik h\u00faz\u00f3nev\u00fck David Gaudu lesz a francia k\u00f6r\u00f6n). Cser\u00e9be hivatalosan is bejelentett\u00e9k, amit mi m\u00e1r j\u00f3 ideje k\u00e9sz t\u00e9nyk\u00e9nt kezelhett\u00fcnk, hogy csapatt\u00e1rsa, Valter Attila viszont nagyon is ott lesz a Giro m\u00e1jus 6-i, budapesti rajtj\u00e1n, m\u00e9ghozz\u00e1 az FDJ szt\u00e1rsprinter\u00e9vel, Arnaud D\u00e9mare-ral egyetemben. Igaz, hogy a bejelent\u00e9s gyakorlatilag puszt\u00e1n formas\u00e1g volt, az\u00e9rt magyark\u00e9nt j\u00f3l esik ezt l\u00e1tni az FDJ hivatalos oldal\u00e1n:<\/p>\n<figure id=\"attachment_13427\" aria-describedby=\"caption-attachment-13427\" style=\"width: 1000px\" class=\"wp-caption alignnone\"><a href=\"https:\/\/d2p6e6u75xmxt8.cloudfront.net\/12\/2022\/01\/fdjati.jpg\"><img loading=\"lazy\" decoding=\"async\" class=\"size-full wp-image-13427\" src=\"https:\/\/d2p6e6u75xmxt8.cloudfront.net\/12\/2022\/01\/fdjati.jpg\" alt=\"\" width=\"1000\" height=\"1000\" srcset=\"https:\/\/d2p6e6u75xmxt8.cloudfront.net\/12\/2022\/01\/fdjati.jpg 1000w, https:\/\/d2p6e6u75xmxt8.cloudfront.net\/12\/2022\/01\/fdjati-300x300.jpg 300w, https:\/\/d2p6e6u75xmxt8.cloudfront.net\/12\/2022\/01\/fdjati-150x150.jpg 150w, https:\/\/d2p6e6u75xmxt8.cloudfront.net\/12\/2022\/01\/fdjati-768x768.jpg 768w\" sizes=\"auto, (max-width: 1000px) 100vw, 1000px\" \/><\/a><figcaption id=\"caption-attachment-13427\" class=\"wp-caption-text\">forr\u00e1s: Groupama-FDJ<\/figcaption><\/figure>\n<p>Id\u0151k\u00f6zben m\u00e1sik kedvenc\u00fcnk, Vas Kata Blanka orsz\u00e1g\u00fati programj\u00e1t is nyilv\u00e1noss\u00e1gra hozta csapata, a holland SD Worx, ami alapj\u00e1n elmondhatjuk: Blanka els\u0151 teljes profi orsz\u00e1g\u00fati id\u00e9nye nagyon komolynak \u00edg\u00e9rkezik. Patin\u00e1sabbn\u00e1l patin\u00e1sabb versenyek szerepelnek a programban, k\u00f6zt\u00fck az \u00e1prilisi Amstel Gold \u00e9s a Liege\u2013Bastogne\u2013Liege egynapos klasszikusai \u00e9s a m\u00e1jusi n\u0151i Giro!<\/p>\n<figure id=\"attachment_13428\" aria-describedby=\"caption-attachment-13428\" style=\"width: 1024px\" class=\"wp-caption alignnone\"><a href=\"https:\/\/d2p6e6u75xmxt8.cloudfront.net\/12\/2022\/01\/blanka.jpg\"><img loading=\"lazy\" decoding=\"async\" class=\"size-large wp-image-13428\" src=\"https:\/\/d2p6e6u75xmxt8.cloudfront.net\/12\/2022\/01\/blanka-1024x733.jpg\" alt=\"\" width=\"1024\" height=\"733\" srcset=\"https:\/\/d2p6e6u75xmxt8.cloudfront.net\/12\/2022\/01\/blanka-1024x733.jpg 1024w, https:\/\/d2p6e6u75xmxt8.cloudfront.net\/12\/2022\/01\/blanka-300x215.jpg 300w, https:\/\/d2p6e6u75xmxt8.cloudfront.net\/12\/2022\/01\/blanka-768x549.jpg 768w, https:\/\/d2p6e6u75xmxt8.cloudfront.net\/12\/2022\/01\/blanka-1536x1099.jpg 1536w, https:\/\/d2p6e6u75xmxt8.cloudfront.net\/12\/2022\/01\/blanka-1920x1373.jpg 1920w, https:\/\/d2p6e6u75xmxt8.cloudfront.net\/12\/2022\/01\/blanka.jpg 2048w, https:\/\/d2p6e6u75xmxt8.cloudfront.net\/12\/2022\/01\/blanka-1920x1373.jpg 1920w\" sizes=\"auto, (max-width: 1024px) 100vw, 1024px\" \/><\/a><figcaption id=\"caption-attachment-13428\" class=\"wp-caption-text\">forr\u00e1s: Eurosport<\/figcaption><\/figure>\n<p>Ami a legnagyobb szt\u00e1rokat illeti, jelen \u00e1ll\u00e1s szerint a k\u00e9t szlov\u00e9n zseni, Tadej Poga\u010dar \u00e9s Primoz Rogli\u010d egyar\u00e1nt nekiveselkedik a Tour de France, Vuelta a Espana-dupl\u00e1nak. Nagyon \u00e9rdekes lesz l\u00e1tni, mire mennek majd egym\u00e1ssal a k\u00e9t k\u00fcl\u00f6nb\u00f6z\u0151 profil\u00fa h\u00e1romhetesen, mik\u00e9nt azt is, hogy a k\u00e9pess\u00e9geit ismerve Poga\u010dar vajon k\u00e9pes lehet-e a feh\u00e9r holl\u00f3 ritkas\u00e1g\u00fa kett\u0151s brav\u00fargy\u0151zelemre.<\/p>\n<p>K\u00f6zben egyre ink\u00e1bb \u00fagy n\u00e9z ki, Mark Cavendishnek le kell mondania a Tour-rekordd\u00f6nt\u00e9sr\u0151l, m\u00e1r ami a francia k\u00f6r\u00f6n el\u00e9rt szakaszsikerek sz\u00e1m\u00e1t illeti \u2013 id\u00e9n legal\u00e1bbis nagy val\u00f3sz\u00edn\u0171s\u00e9ggel, \u00e9s ki tudja, lesz-e m\u00e9g r\u00e1 lehet\u0151s\u00e9ge a 37. \u00e9let\u00e9v\u00e9n t\u00fal. A tavaly a Quick Step csapat\u00e1ba az utols\u00f3 pillanatban beker\u00fcl\u0151, azt\u00e1n mes\u00e9be ill\u0151 m\u00f3don n\u00e9gy etapsikert arat\u00f3, s ezzel az \u00f6r\u00f6kranglista-\u00e9llovas Eddy Merckxet befog\u00f3 brit sprinterklasszisnak ugyanis jelen \u00e1ll\u00e1s szerint ugyancsak a Giro maradna, miut\u00e1n az ist\u00e1ll\u00f3 els\u0151 sz\u00e1m\u00fa sprinter\u00e9nek sz\u00e1m\u00edt\u00f3 Fabio Jakobsen el\u00e1rulta, neki egy\u00e9rtelm\u0171en a Tour a priorit\u00e1s 2022-ben. Patrick Lefevere csapatf\u0151n\u00f6k egyel\u0151re \u00f3vatosan fogalmazott, mint mondta, most m\u00e9g t\u00fal korai lenne biztosat mondani a tavaly \u00e9v v\u00e9g\u00e9n hosszas hercehurca ut\u00e1n szerz\u0151d\u00e9st hosszabb\u00edt\u00f3 Cavvel kapcsolatban, azt viszont el\u00e1rulta, hogy a csapat m\u00e1sik nagy szt\u00e1rja, a belga Remco Evenepoel id\u00e9n a Vuelt\u00e1n indul majd, azaz deb\u00fct\u00e1l a spanyol k\u00f6r\u00f6n.<\/p>\n<figure id=\"attachment_13429\" aria-describedby=\"caption-attachment-13429\" style=\"width: 1024px\" class=\"wp-caption alignnone\"><a href=\"https:\/\/d2p6e6u75xmxt8.cloudfront.net\/12\/2022\/01\/cavremco.jpg\"><img loading=\"lazy\" decoding=\"async\" class=\"size-large wp-image-13429\" src=\"https:\/\/d2p6e6u75xmxt8.cloudfront.net\/12\/2022\/01\/cavremco-1024x576.jpg\" alt=\"\" width=\"1024\" height=\"576\" srcset=\"https:\/\/d2p6e6u75xmxt8.cloudfront.net\/12\/2022\/01\/cavremco-1024x576.jpg 1024w, https:\/\/d2p6e6u75xmxt8.cloudfront.net\/12\/2022\/01\/cavremco-300x169.jpg 300w, https:\/\/d2p6e6u75xmxt8.cloudfront.net\/12\/2022\/01\/cavremco-768x432.jpg 768w, https:\/\/d2p6e6u75xmxt8.cloudfront.net\/12\/2022\/01\/cavremco.jpg 1350w\" sizes=\"auto, (max-width: 1024px) 100vw, 1024px\" \/><\/a><figcaption id=\"caption-attachment-13429\" class=\"wp-caption-text\">Mark Cavendish \u00e9s Remco Evenepoel jelen \u00e1ll\u00e1s szerint id\u00e9n nem versenyez egy\u00fctt nagy h\u00e1romhetesen (forr\u00e1s: lesoir.be)<\/figcaption><\/figure>\n<p>\u00c9s a v\u00e9g\u00e9re maradt egy komoly szerz\u0151d\u00e9shosszabb\u00edt\u00e1s is: az Ineos 2026-ig toldotta ki Egan Bernal kontraktus\u00e1t, ism\u00e9t mark\u00e1nsan jelezve, hogy a j\u00f6v\u0151ben is abszol\u00fat a 25 \u00e9ves Tour- \u00e9s Giro-gy\u0151ztes kolumbiai k\u00f6r\u00e9 k\u00edv\u00e1n \u00e9p\u00edtkezni.<\/p>\n","protected":false},"excerpt":{"rendered":"<p>Az FDJ-szt\u00e1r Thibaut Pinot-nak m\u00e9giscsak marad a Tour de France, a k\u00e9t szlov\u00e9n extraklasszis, Poga\u010dar \u00e9s Rogli\u010d nekiveselkedik a Tour-Vuelta-dupl\u00e1nak, [&hellip;]<\/p>\n","protected":false},"author":71,"featured_media":13426,"comment_status":"open","ping_status":"open","sticky":false,"template":"","format":"standard","meta":{"footnotes":""},"categories":[8],"tags":[],"global-categories":[],"class_list":["post-13425","post","type-post","status-publish","format-standard","has-post-thumbnail","hentry","category-orszaguti-kerekpar"],"yoast_head":"<!-- This site is optimized with the Yoast SEO Premium plugin v25.3 (Yoast SEO v25.9) - https:\/\/yoast.com\/wordpress\/plugins\/seo\/ -->\n<title>Valter Attila v\u00e9g\u00fcl D\u00e9mare-ral indul a Gir\u00f3n, megvan Vas Blanka orsz\u00e1g\u00fati programja is<\/title>\n<meta name=\"description\" content=\"Az FDJ-szt\u00e1r Thibaut Pinot-nak m\u00e9giscsak marad a Tour de France, a k\u00e9t szlov\u00e9n extraklasszis, Poga\u010dar \u00e9s Rogli\u010d nekiveselkedik a Tour-Vuelta-dupl\u00e1nak, m\u00edg Mark Cavendish-t rekordd\u00f6nt\u00e9s helyett jelen \u00e1ll\u00e1s szerint ugyancsak a Gir\u00f3n l\u00e1thatjuk majd testk\u00f6zelb\u0151l m\u00e1jusban.\" \/>\n<meta name=\"robots\" content=\"index, follow, max-snippet:-1, max-image-preview:large, max-video-preview:-1\" \/>\n<link rel=\"canonical\" href=\"https:\/\/www.welovecycling.com\/hu\/orszaguti-kerekpar\/valter-attila-vegul-demare-ral-indul-a-giron-megvan-vas-blanka-orszaguti-programja-is\/\" \/>\n<meta property=\"og:locale\" content=\"hu_HU\" \/>\n<meta property=\"og:type\" content=\"article\" \/>\n<meta property=\"og:title\" content=\"Valter Attila v\u00e9g\u00fcl D\u00e9mare-ral indul a Gir\u00f3n, megvan Vas Blanka orsz\u00e1g\u00fati programja is\" \/>\n<meta property=\"og:description\" content=\"Az FDJ-szt\u00e1r Thibaut Pinot-nak m\u00e9giscsak marad a Tour de France, a k\u00e9t szlov\u00e9n extraklasszis, Poga\u010dar \u00e9s Rogli\u010d nekiveselkedik a Tour-Vuelta-dupl\u00e1nak, m\u00edg Mark Cavendish-t rekordd\u00f6nt\u00e9s helyett jelen \u00e1ll\u00e1s szerint ugyancsak a Gir\u00f3n l\u00e1thatjuk majd testk\u00f6zelb\u0151l m\u00e1jusban.\" \/>\n<meta property=\"og:url\" content=\"https:\/\/www.welovecycling.com\/hu\/orszaguti-kerekpar\/valter-attila-vegul-demare-ral-indul-a-giron-megvan-vas-blanka-orszaguti-programja-is\/\" \/>\n<meta property=\"og:site_name\" content=\"\u0160koda We Love Cycling - Magyarorsz\u00e1g\" \/>\n<meta property=\"article:publisher\" content=\"https:\/\/www.facebook.com\/WeLoveCyclingHungary\/\" \/>\n<meta property=\"article:published_time\" content=\"2022-01-16T06:00:32+00:00\" \/>\n<meta property=\"og:image\" content=\"https:\/\/d2p6e6u75xmxt8.cloudfront.net\/12\/2022\/01\/HP_PERCORSO_1280x640_no-nomi.jpg\" \/>\n\t<meta property=\"og:image:width\" content=\"1280\" \/>\n\t<meta property=\"og:image:height\" content=\"640\" \/>\n\t<meta property=\"og:image:type\" content=\"image\/jpeg\" \/>\n<meta name=\"author\" content=\"hegyizs\" \/>\n<meta name=\"twitter:card\" content=\"summary_large_image\" \/>\n<meta name=\"twitter:label1\" content=\"Written by\" \/>\n\t<meta name=\"twitter:data1\" content=\"WLC\" \/>\n\t<meta name=\"twitter:label2\" content=\"Est. reading time\" \/>\n\t<meta name=\"twitter:data2\" content=\"3 minutes\" \/>\n<script type=\"application\/ld+json\" class=\"yoast-schema-graph\">{\"@context\":\"https:\/\/schema.org\",\"@graph\":[{\"@type\":\"WebPage\",\"@id\":\"https:\/\/www.welovecycling.com\/hu\/orszaguti-kerekpar\/valter-attila-vegul-demare-ral-indul-a-giron-megvan-vas-blanka-orszaguti-programja-is\/\",\"url\":\"https:\/\/www.welovecycling.com\/hu\/orszaguti-kerekpar\/valter-attila-vegul-demare-ral-indul-a-giron-megvan-vas-blanka-orszaguti-programja-is\/\",\"name\":\"Valter Attila v\u00e9g\u00fcl D\u00e9mare-ral indul a Gir\u00f3n, megvan Vas Blanka orsz\u00e1g\u00fati programja is\",\"isPartOf\":{\"@id\":\"https:\/\/www.welovecycling.com\/hu\/#website\"},\"primaryImageOfPage\":{\"@id\":\"https:\/\/www.welovecycling.com\/hu\/orszaguti-kerekpar\/valter-attila-vegul-demare-ral-indul-a-giron-megvan-vas-blanka-orszaguti-programja-is\/#primaryimage\"},\"image\":{\"@id\":\"https:\/\/www.welovecycling.com\/hu\/orszaguti-kerekpar\/valter-attila-vegul-demare-ral-indul-a-giron-megvan-vas-blanka-orszaguti-programja-is\/#primaryimage\"},\"thumbnailUrl\":\"https:\/\/d2p6e6u75xmxt8.cloudfront.net\/12\/2022\/01\/HP_PERCORSO_1280x640_no-nomi.jpg\",\"datePublished\":\"2022-01-16T06:00:32+00:00\",\"author\":{\"@id\":\"https:\/\/www.welovecycling.com\/hu\/#\/schema\/person\/414a2aebf1801691a5320edb6468e194\"},\"description\":\"Az FDJ-szt\u00e1r Thibaut Pinot-nak m\u00e9giscsak marad a Tour de France, a k\u00e9t szlov\u00e9n extraklasszis, Poga\u010dar \u00e9s Rogli\u010d nekiveselkedik a Tour-Vuelta-dupl\u00e1nak, m\u00edg Mark Cavendish-t rekordd\u00f6nt\u00e9s helyett jelen \u00e1ll\u00e1s szerint ugyancsak a Gir\u00f3n l\u00e1thatjuk majd testk\u00f6zelb\u0151l m\u00e1jusban.\",\"breadcrumb\":{\"@id\":\"https:\/\/www.welovecycling.com\/hu\/orszaguti-kerekpar\/valter-attila-vegul-demare-ral-indul-a-giron-megvan-vas-blanka-orszaguti-programja-is\/#breadcrumb\"},\"inLanguage\":\"hu\",\"potentialAction\":[{\"@type\":\"ReadAction\",\"target\":[\"https:\/\/www.welovecycling.com\/hu\/orszaguti-kerekpar\/valter-attila-vegul-demare-ral-indul-a-giron-megvan-vas-blanka-orszaguti-programja-is\/\"]}]},{\"@type\":\"ImageObject\",\"inLanguage\":\"hu\",\"@id\":\"https:\/\/www.welovecycling.com\/hu\/orszaguti-kerekpar\/valter-attila-vegul-demare-ral-indul-a-giron-megvan-vas-blanka-orszaguti-programja-is\/#primaryimage\",\"url\":\"https:\/\/d2p6e6u75xmxt8.cloudfront.net\/12\/2022\/01\/HP_PERCORSO_1280x640_no-nomi.jpg\",\"contentUrl\":\"https:\/\/d2p6e6u75xmxt8.cloudfront.net\/12\/2022\/01\/HP_PERCORSO_1280x640_no-nomi.jpg\",\"width\":1280,\"height\":640},{\"@type\":\"BreadcrumbList\",\"@id\":\"https:\/\/www.welovecycling.com\/hu\/orszaguti-kerekpar\/valter-attila-vegul-demare-ral-indul-a-giron-megvan-vas-blanka-orszaguti-programja-is\/#breadcrumb\",\"itemListElement\":[{\"@type\":\"ListItem\",\"position\":1,\"name\":\"Home\",\"item\":\"https:\/\/www.welovecycling.com\/hu\/\"},{\"@type\":\"ListItem\",\"position\":2,\"name\":\"Valter Attila v\u00e9g\u00fcl D\u00e9mare-ral indul a Gir\u00f3n, megvan Vas Blanka orsz\u00e1g\u00fati programja is\"}]},{\"@type\":\"WebSite\",\"@id\":\"https:\/\/www.welovecycling.com\/hu\/#website\",\"url\":\"https:\/\/www.welovecycling.com\/hu\/\",\"name\":\"\u0160koda We Love Cycling - Magyarorsz\u00e1g\",\"description\":\"\u0160koda WeLoveCycling\",\"potentialAction\":[{\"@type\":\"SearchAction\",\"target\":{\"@type\":\"EntryPoint\",\"urlTemplate\":\"https:\/\/www.welovecycling.com\/hu\/?s={search_term_string}\"},\"query-input\":{\"@type\":\"PropertyValueSpecification\",\"valueRequired\":true,\"valueName\":\"search_term_string\"}}],\"inLanguage\":\"hu\"},{\"@type\":\"Person\",\"@id\":\"https:\/\/www.welovecycling.com\/hu\/#\/schema\/person\/414a2aebf1801691a5320edb6468e194\",\"name\":\"hegyizs\",\"image\":{\"@type\":\"ImageObject\",\"inLanguage\":\"hu\",\"@id\":\"https:\/\/www.welovecycling.com\/hu\/#\/schema\/person\/image\/\",\"url\":\"https:\/\/secure.gravatar.com\/avatar\/02cf8a7906b8cf90cecb4679defac7cfd33a1c2e3b88e4903d947f3bb58eedd3?s=96&d=mm&r=g\",\"contentUrl\":\"https:\/\/secure.gravatar.com\/avatar\/02cf8a7906b8cf90cecb4679defac7cfd33a1c2e3b88e4903d947f3bb58eedd3?s=96&d=mm&r=g\",\"caption\":\"hegyizs\"},\"url\":\"https:\/\/www.welovecycling.com\/hu\/author\/hegyizs\/\"}]}<\/script>\n<!-- \/ Yoast SEO Premium plugin. -->","yoast_head_json":{"title":"Valter Attila v\u00e9g\u00fcl D\u00e9mare-ral indul a Gir\u00f3n, megvan Vas Blanka orsz\u00e1g\u00fati programja is","description":"Az FDJ-szt\u00e1r Thibaut Pinot-nak m\u00e9giscsak marad a Tour de France, a k\u00e9t szlov\u00e9n extraklasszis, Poga\u010dar \u00e9s Rogli\u010d nekiveselkedik a Tour-Vuelta-dupl\u00e1nak, m\u00edg Mark Cavendish-t rekordd\u00f6nt\u00e9s helyett jelen \u00e1ll\u00e1s szerint ugyancsak a Gir\u00f3n l\u00e1thatjuk majd testk\u00f6zelb\u0151l m\u00e1jusban.","robots":{"index":"index","follow":"follow","max-snippet":"max-snippet:-1","max-image-preview":"max-image-preview:large","max-video-preview":"max-video-preview:-1"},"canonical":"https:\/\/www.welovecycling.com\/hu\/orszaguti-kerekpar\/valter-attila-vegul-demare-ral-indul-a-giron-megvan-vas-blanka-orszaguti-programja-is\/","og_locale":"hu_HU","og_type":"article","og_title":"Valter Attila v\u00e9g\u00fcl D\u00e9mare-ral indul a Gir\u00f3n, megvan Vas Blanka orsz\u00e1g\u00fati programja is","og_description":"Az FDJ-szt\u00e1r Thibaut Pinot-nak m\u00e9giscsak marad a Tour de France, a k\u00e9t szlov\u00e9n extraklasszis, Poga\u010dar \u00e9s Rogli\u010d nekiveselkedik a Tour-Vuelta-dupl\u00e1nak, m\u00edg Mark Cavendish-t rekordd\u00f6nt\u00e9s helyett jelen \u00e1ll\u00e1s szerint ugyancsak a Gir\u00f3n l\u00e1thatjuk majd testk\u00f6zelb\u0151l m\u00e1jusban.","og_url":"https:\/\/www.welovecycling.com\/hu\/orszaguti-kerekpar\/valter-attila-vegul-demare-ral-indul-a-giron-megvan-vas-blanka-orszaguti-programja-is\/","og_site_name":"\u0160koda We Love Cycling - Magyarorsz\u00e1g","article_publisher":"https:\/\/www.facebook.com\/WeLoveCyclingHungary\/","article_published_time":"2022-01-16T06:00:32+00:00","og_image":[{"width":1280,"height":640,"url":"https:\/\/d2p6e6u75xmxt8.cloudfront.net\/12\/2022\/01\/HP_PERCORSO_1280x640_no-nomi.jpg","type":"image\/jpeg"}],"author":"hegyizs","twitter_card":"summary_large_image","twitter_misc":{"Written by":"WLC","Est. reading time":"3 minutes"},"schema":{"@context":"https:\/\/schema.org","@graph":[{"@type":"WebPage","@id":"https:\/\/www.welovecycling.com\/hu\/orszaguti-kerekpar\/valter-attila-vegul-demare-ral-indul-a-giron-megvan-vas-blanka-orszaguti-programja-is\/","url":"https:\/\/www.welovecycling.com\/hu\/orszaguti-kerekpar\/valter-attila-vegul-demare-ral-indul-a-giron-megvan-vas-blanka-orszaguti-programja-is\/","name":"Valter Attila v\u00e9g\u00fcl D\u00e9mare-ral indul a Gir\u00f3n, megvan Vas Blanka orsz\u00e1g\u00fati programja is","isPartOf":{"@id":"https:\/\/www.welovecycling.com\/hu\/#website"},"primaryImageOfPage":{"@id":"https:\/\/www.welovecycling.com\/hu\/orszaguti-kerekpar\/valter-attila-vegul-demare-ral-indul-a-giron-megvan-vas-blanka-orszaguti-programja-is\/#primaryimage"},"image":{"@id":"https:\/\/www.welovecycling.com\/hu\/orszaguti-kerekpar\/valter-attila-vegul-demare-ral-indul-a-giron-megvan-vas-blanka-orszaguti-programja-is\/#primaryimage"},"thumbnailUrl":"https:\/\/d2p6e6u75xmxt8.cloudfront.net\/12\/2022\/01\/HP_PERCORSO_1280x640_no-nomi.jpg","datePublished":"2022-01-16T06:00:32+00:00","author":{"@id":"https:\/\/www.welovecycling.com\/hu\/#\/schema\/person\/414a2aebf1801691a5320edb6468e194"},"description":"Az FDJ-szt\u00e1r Thibaut Pinot-nak m\u00e9giscsak marad a Tour de France, a k\u00e9t szlov\u00e9n extraklasszis, Poga\u010dar \u00e9s Rogli\u010d nekiveselkedik a Tour-Vuelta-dupl\u00e1nak, m\u00edg Mark Cavendish-t rekordd\u00f6nt\u00e9s helyett jelen \u00e1ll\u00e1s szerint ugyancsak a Gir\u00f3n l\u00e1thatjuk majd testk\u00f6zelb\u0151l m\u00e1jusban.","breadcrumb":{"@id":"https:\/\/www.welovecycling.com\/hu\/orszaguti-kerekpar\/valter-attila-vegul-demare-ral-indul-a-giron-megvan-vas-blanka-orszaguti-programja-is\/#breadcrumb"},"inLanguage":"hu","potentialAction":[{"@type":"ReadAction","target":["https:\/\/www.welovecycling.com\/hu\/orszaguti-kerekpar\/valter-attila-vegul-demare-ral-indul-a-giron-megvan-vas-blanka-orszaguti-programja-is\/"]}]},{"@type":"ImageObject","inLanguage":"hu","@id":"https:\/\/www.welovecycling.com\/hu\/orszaguti-kerekpar\/valter-attila-vegul-demare-ral-indul-a-giron-megvan-vas-blanka-orszaguti-programja-is\/#primaryimage","url":"https:\/\/d2p6e6u75xmxt8.cloudfront.net\/12\/2022\/01\/HP_PERCORSO_1280x640_no-nomi.jpg","contentUrl":"https:\/\/d2p6e6u75xmxt8.cloudfront.net\/12\/2022\/01\/HP_PERCORSO_1280x640_no-nomi.jpg","width":1280,"height":640},{"@type":"BreadcrumbList","@id":"https:\/\/www.welovecycling.com\/hu\/orszaguti-kerekpar\/valter-attila-vegul-demare-ral-indul-a-giron-megvan-vas-blanka-orszaguti-programja-is\/#breadcrumb","itemListElement":[{"@type":"ListItem","position":1,"name":"Home","item":"https:\/\/www.welovecycling.com\/hu\/"},{"@type":"ListItem","position":2,"name":"Valter Attila v\u00e9g\u00fcl D\u00e9mare-ral indul a Gir\u00f3n, megvan Vas Blanka orsz\u00e1g\u00fati programja is"}]},{"@type":"WebSite","@id":"https:\/\/www.welovecycling.com\/hu\/#website","url":"https:\/\/www.welovecycling.com\/hu\/","name":"\u0160koda We Love Cycling - Magyarorsz\u00e1g","description":"\u0160koda WeLoveCycling","potentialAction":[{"@type":"SearchAction","target":{"@type":"EntryPoint","urlTemplate":"https:\/\/www.welovecycling.com\/hu\/?s={search_term_string}"},"query-input":{"@type":"PropertyValueSpecification","valueRequired":true,"valueName":"search_term_string"}}],"inLanguage":"hu"},{"@type":"Person","@id":"https:\/\/www.welovecycling.com\/hu\/#\/schema\/person\/414a2aebf1801691a5320edb6468e194","name":"hegyizs","image":{"@type":"ImageObject","inLanguage":"hu","@id":"https:\/\/www.welovecycling.com\/hu\/#\/schema\/person\/image\/","url":"https:\/\/secure.gravatar.com\/avatar\/02cf8a7906b8cf90cecb4679defac7cfd33a1c2e3b88e4903d947f3bb58eedd3?s=96&d=mm&r=g","contentUrl":"https:\/\/secure.gravatar.com\/avatar\/02cf8a7906b8cf90cecb4679defac7cfd33a1c2e3b88e4903d947f3bb58eedd3?s=96&d=mm&r=g","caption":"hegyizs"},"url":"https:\/\/www.welovecycling.com\/hu\/author\/hegyizs\/"}]}},"_links":{"self":[{"href":"https:\/\/www.welovecycling.com\/hu\/wp-json\/wp\/v2\/posts\/13425","targetHints":{"allow":["GET"]}}],"collection":[{"href":"https:\/\/www.welovecycling.com\/hu\/wp-json\/wp\/v2\/posts"}],"about":[{"href":"https:\/\/www.welovecycling.com\/hu\/wp-json\/wp\/v2\/types\/post"}],"author":[{"embeddable":true,"href":"https:\/\/www.welovecycling.com\/hu\/wp-json\/wp\/v2\/users\/71"}],"replies":[{"embeddable":true,"href":"https:\/\/www.welovecycling.com\/hu\/wp-json\/wp\/v2\/comments?post=13425"}],"version-history":[{"count":1,"href":"https:\/\/www.welovecycling.com\/hu\/wp-json\/wp\/v2\/posts\/13425\/revisions"}],"predecessor-version":[{"id":13430,"href":"https:\/\/www.welovecycling.com\/hu\/wp-json\/wp\/v2\/posts\/13425\/revisions\/13430"}],"wp:featuredmedia":[{"embeddable":true,"href":"https:\/\/www.welovecycling.com\/hu\/wp-json\/wp\/v2\/media\/13426"}],"wp:attachment":[{"href":"https:\/\/www.welovecycling.com\/hu\/wp-json\/wp\/v2\/media?parent=13425"}],"wp:term":[{"taxonomy":"category","embeddable":true,"href":"https:\/\/www.welovecycling.com\/hu\/wp-json\/wp\/v2\/categories?post=13425"},{"taxonomy":"post_tag","embeddable":true,"href":"https:\/\/www.welovecycling.com\/hu\/wp-json\/wp\/v2\/tags?post=13425"},{"taxonomy":"global-categories","embeddable":true,"href":"https:\/\/www.welovecycling.com\/hu\/wp-json\/wp\/v2\/global-categories?post=13425"}],"curies":[{"name":"wp","href":"https:\/\/api.w.org\/{rel}","templated":true}]}}