{"id":13411,"date":"2022-01-20T08:00:03","date_gmt":"2022-01-20T06:00:03","guid":{"rendered":"https:\/\/www.welovecycling.com\/hu\/?p=13411"},"modified":"2022-01-14T17:22:46","modified_gmt":"2022-01-14T15:22:46","slug":"rangsorolta-az-eteleket-egy-uj-tanulmany","status":"publish","type":"post","link":"https:\/\/www.welovecycling.com\/hu\/edzes-es-eletmod\/rangsorolta-az-eteleket-egy-uj-tanulmany\/","title":{"rendered":"Rangsorolta az \u00e9teleket egy \u00faj tanulm\u00e1ny"},"content":{"rendered":"<p><strong>Nem lenne kir\u00e1ly, ha egyszer\u0171en r\u00e1kereshetn\u00e9l, melyik \u00e9tel mennyire eg\u00e9szs\u00e9ges? A Tufts Egyetem kutat\u00f3i pontosan ezt seg\u00edtett\u00e9k el\u0151: l\u00e9trehoztak egy eszk\u00f6zt, ami seg\u00edt a fogyaszt\u00f3knak, \u00e9ttermeknek \u00e9s k\u00e1v\u00e9z\u00f3knak eg\u00e9szs\u00e9ges opci\u00f3kat v\u00e1lasztani, egyszer\u0171en. Ismerd meg a Food Compass-t!<\/strong><\/p>\n<p><!--more--><\/p>\n<p><em>\u201eMiut\u00e1n t\u00faljutottunk azokon az alapszab\u00e1lyokon, hogy egy\u00fcnk t\u00f6bb z\u00f6lds\u00e9get \u00e9s ker\u00fclj\u00fck az \u00fcd\u00edt\u0151ket, az emberek nem igaz\u00e1n tudj\u00e1k, hogyan v\u00e1laszthatnak eg\u00e9szs\u00e9ges opci\u00f3kat a boltokban, k\u00e1v\u00e9z\u00f3kban \u00e9s \u00e9ttermekben. A fogyaszt\u00f3knak, a d\u00f6nt\u00e9shoz\u00f3knak, s\u0151t az \u00e9lelmiszer-\u00e9s vend\u00e9gl\u00e1t\u00e1s ipar\u00e1g k\u00e9pvisel\u0151inek is sz\u00fcks\u00e9ge van egy egyszer\u0171 ir\u00e1nyt\u0171re, ami a jobb v\u00e1laszt\u00e1sok fel\u00e9 ir\u00e1ny\u00edtja \u0151ket\u201d<\/em> \u2013 mondta a tanulm\u00e1ny vezet\u0151je, Dariush Mozaffarianm.<\/p>\n<figure id=\"attachment_9816\" aria-describedby=\"caption-attachment-9816\" style=\"width: 1280px\" class=\"wp-caption alignnone\"><a href=\"https:\/\/d2p6e6u75xmxt8.cloudfront.net\/12\/2020\/12\/Fish-potatoes-1516415.jpg\"><img loading=\"lazy\" decoding=\"async\" class=\"size-full wp-image-9816\" src=\"https:\/\/d2p6e6u75xmxt8.cloudfront.net\/12\/2020\/12\/Fish-potatoes-1516415.jpg\" alt=\"Healthy dinner\" width=\"1280\" height=\"989\" srcset=\"https:\/\/d2p6e6u75xmxt8.cloudfront.net\/12\/2020\/12\/Fish-potatoes-1516415.jpg 1280w, https:\/\/d2p6e6u75xmxt8.cloudfront.net\/12\/2020\/12\/Fish-potatoes-1516415-300x232.jpg 300w, https:\/\/d2p6e6u75xmxt8.cloudfront.net\/12\/2020\/12\/Fish-potatoes-1516415-1024x791.jpg 1024w, https:\/\/d2p6e6u75xmxt8.cloudfront.net\/12\/2020\/12\/Fish-potatoes-1516415-768x593.jpg 768w\" sizes=\"auto, (max-width: 1280px) 100vw, 1280px\" \/><\/a><figcaption id=\"caption-attachment-9816\" class=\"wp-caption-text\"><em>Igaz, hogy a feldolgozott \u00e9lelmiszerek \u00e9s a gyors\u00e9telek sokszor olcs\u00f3bbak, mint az eg\u00e9szs\u00e9ges, friss \u00e9telek.\u00a0 De ez nem jelenti azt, hogy az eg\u00e9szs\u00e9ges \u00e9trendnek dr\u00e1g\u00e1nak kell lennie.<\/em><\/figcaption><\/figure>\n<h2><strong>A Food Compass<\/strong><\/h2>\n<p>A kutat\u00f3k a leg\u00fajabb t\u00e1pl\u00e1lkoz\u00e1studom\u00e1nyi modellek alapj\u00e1n vizsg\u00e1ltak meg 8032 \u00e9telt \u00e9s italt, \u00e9s 1 (legeg\u00e9szs\u00e9gtelenebb) \u00e9s 100 (legeg\u00e9szs\u00e9gesebb) k\u00f6z\u00f6tt pontsz\u00e1mokat rendeltek hozz\u00e1juk. Ez alatt a h\u00e1rom \u00e9ves folyamat alatt j\u00f6tt l\u00e9tre a Food Compass. Az \u00e9lelmiszerek 54 k\u00fcl\u00f6nb\u00f6z\u0151 jellemz\u0151j\u00e9t \u00e9rt\u00e9kelt\u00e9k, f\u0151 kr\u00f3nikus betegs\u00e9gekhez, p\u00e9ld\u00e1ul elh\u00edz\u00e1shoz, cukorbetegs\u00e9ghez, sz\u00edv- \u00e9s \u00e9rrendszeri probl\u00e9m\u00e1khoz \u00e9s r\u00e1khoz kapcsol\u00f3d\u00f3 t\u00e1pl\u00e1lkoz\u00e1si jellemz\u0151k, valamint az els\u0151sorban az any\u00e1kat, gyermekeket \u00e9s id\u0151seket vesz\u00e9lyeztetet\u0151 alult\u00e1pl\u00e1lts\u00e1g kock\u00e1zata alapj\u00e1n.<\/p>\n<h2><strong>70 pont \u00e9s ami, felette van<\/strong><\/h2>\n<p>A kutat\u00f3k arra biztatnak mindenkit, hogy olyan \u00e9teleket fogyasszanak, melyek 70, vagy ann\u00e1l t\u00f6bb pontot \u00e9rtek el. A 31 \u00e9s 69 k\u00f6z\u00f6ttieket m\u00e9rt\u00e9kkel be lehet \u00e9p\u00edteni az \u00e9trend\u00fcnkbe, a 30 alattiakat viszont jobb elhagyni, vagy legal\u00e1bb jelent\u0151sen lecs\u00f6kkenteni. \u00c9rdekes m\u00f3don a f\u0151bb kateg\u00f3ri\u00e1kban az \u00e1tlag pontsz\u00e1m mind\u00f6ssze 43,2 volt. Ez azt mutatja, hogy ha szeretn\u00e9d, hogy az \u00e9trended az \u00e1tlagosn\u00e1l eg\u00e9szs\u00e9gesebb legyen, akkor val\u00f3ban tudatosan kell v\u00e1lasztanod. \u00cdme n\u00e9h\u00e1ny p\u00e9lda a tanulm\u00e1nyb\u00f3l:<\/p>\n<ul>\n<li>Nyers z\u00f6lds\u00e9gek \u00e9s gy\u00fcm\u00f6lcs\u00f6k: a legt\u00f6bb el\u00e9ri a 100 pontot vagy k\u00f6zel van hozz\u00e1!<\/li>\n<li>H\u00fcvelyesek, di\u00f3f\u00e9l\u00e9k \u00e9s magvak: szint\u00e9n sokuk van a 100 pont k\u00f6zel\u00e9ben<\/li>\n<li>Nat\u00far joghurt: 81<\/li>\n<li>Zabpehely: 78<\/li>\n<li>P\u00e1rolt csirkem\u00e1j: 73<\/li>\n<li>Tenger gy\u00fcm\u00f6lcsei: \u00e1tlagosan 67, de sok hal 100 k\u00f6r\u00fcli, ha j\u00f3l van megf\u0151zve<\/li>\n<li>Nyers toj\u00e1ss\u00e1rg\u00e1ja: 61<\/li>\n<li>Teljes ki\u0151rl\u00e9s\u0171 keny\u00e9r: 60<\/li>\n<li>Cappuccino: 58<\/li>\n<li>Sz\u00e1r\u00edtott cseresznye: 55<\/li>\n<li>Marhas\u00fclt: 43<\/li>\n<li>Feta sajt: 36<\/li>\n<li>Grillezett cheddar sajtos szendvics: 32<\/li>\n<li>Alm\u00e1s pite: 19<\/li>\n<li>Szal\u00e1mi: 18<\/li>\n<li>Gyors\u00e9tterem pizza h\u00fassal: 14<\/li>\n<li>McDonald&#8217;s sajtburger, kicsi: 8<\/li>\n<li>Teriyaki sz\u00f3sz: 4<\/li>\n<li>Red Bull: 2<\/li>\n<li>M\u00e1lyvacukor \u00e9s a legt\u00f6bb cukorka: 1<\/li>\n<\/ul>\n<p>Ha szeretn\u00e9d jobban bele\u00e1sni magad az eredm\u00e9nyekbe, a <a href=\"https:\/\/sites.tufts.edu\/foodcompass\/our-data\/\">Tufts Egyetem honlapj\u00e1n<\/a> megteheted!<\/p>\n<h2><strong>Sz\u00e1m\u00edt, hogy hogyan k\u00e9sz\u00edted el!<\/strong><\/h2>\n<p>A tanulm\u00e1ny azt is kimutatta, hogy befoly\u00e1solja az egyes \u00e9telek pontsz\u00e1m\u00e1t az, hogy hogyan k\u00e9sz\u00edted el \u0151ket. P\u00e9ld\u00e1ul a legt\u00f6bb nyers gy\u00fcm\u00f6lcs \u00e9s z\u00f6lds\u00e9g k\u00f6zel 100 pontot \u00e9r, de f\u0151zve vagy bef\u0151zve a pontsz\u00e1mok \u00e1ltal\u00e1ban alacsonyabbak, \u00e9s ha cukrot adsz hozz\u00e1, sok az \u00e1tlag al\u00e1 zuhan. Hasonl\u00f3k\u00e9ppen, a di\u00f3f\u00e9l\u00e9k is sokkal alacsonyabb pontsz\u00e1mot \u00e9rnek el, ha s\u00f3zz\u00e1k vagy cukrozz\u00e1k \u0151ket. Ami az \u00e1llati eredet\u0171 \u00e9lelmiszereket illeti, az er\u0151sen feldolgozott fajt\u00e1k, mint p\u00e9ld\u00e1ul a hot dog vagy a beef jerky, \u00e1ltal\u00e1ban l\u00e9nyegesen alacsonyabbak, mint a minim\u00e1lisan feldolgozott f\u0151tt h\u00fasok. \u00c1ltal\u00e1ban az olyan k\u00edm\u00e9letes elk\u00e9sz\u00edt\u00e9si m\u00f3dszerek, mint a f\u0151z\u00e9s vagy a p\u00e1rol\u00e1s jobb eredm\u00e9nyeket adnak, mint a magas h\u0151fokon val\u00f3 s\u00fct\u00e9s vagy a grillez\u00e9s.<\/p>\n<p>Neked milyen \u00e1tlagos pontsz\u00e1m j\u00f6n ki az \u00e9trendedre?<\/p>\n","protected":false},"excerpt":{"rendered":"<p>Nem lenne kir\u00e1ly, ha egyszer\u0171en r\u00e1kereshetn\u00e9l, melyik \u00e9tel mennyire eg\u00e9szs\u00e9ges? A Tufts Egyetem kutat\u00f3i pontosan ezt seg\u00edtett\u00e9k el\u0151: l\u00e9trehoztak egy [&hellip;]<\/p>\n","protected":false},"author":71,"featured_media":13413,"comment_status":"open","ping_status":"open","sticky":false,"template":"","format":"standard","meta":{"footnotes":""},"categories":[6],"tags":[],"global-categories":[],"class_list":["post-13411","post","type-post","status-publish","format-standard","has-post-thumbnail","hentry","category-edzes-es-eletmod"],"yoast_head":"<!-- This site is optimized with the Yoast SEO Premium plugin v25.3 (Yoast SEO v25.9) - https:\/\/yoast.com\/wordpress\/plugins\/seo\/ -->\n<title>Rangsorolta az \u00e9teleket egy \u00faj tanulm\u00e1ny<\/title>\n<meta name=\"description\" content=\"Nem lenne kir\u00e1ly, ha egyszer\u0171en r\u00e1kereshetn\u00e9l, melyik \u00e9tel mennyire eg\u00e9szs\u00e9ges? A Tufts Egyetem kutat\u00f3i pontosan ezt seg\u00edtett\u00e9k el\u0151: l\u00e9trehoztak egy eszk\u00f6zt, ami seg\u00edt a fogyaszt\u00f3knak, \u00e9ttermeknek \u00e9s k\u00e1v\u00e9z\u00f3knak eg\u00e9szs\u00e9ges opci\u00f3kat v\u00e1lasztani, egyszer\u0171en. Ismerd meg a Food Compass-t!\" \/>\n<meta name=\"robots\" content=\"index, follow, max-snippet:-1, max-image-preview:large, max-video-preview:-1\" \/>\n<link rel=\"canonical\" href=\"https:\/\/www.welovecycling.com\/hu\/edzes-es-eletmod\/rangsorolta-az-eteleket-egy-uj-tanulmany\/\" \/>\n<meta property=\"og:locale\" content=\"hu_HU\" \/>\n<meta property=\"og:type\" content=\"article\" \/>\n<meta property=\"og:title\" content=\"Rangsorolta az \u00e9teleket egy \u00faj tanulm\u00e1ny\" \/>\n<meta property=\"og:description\" content=\"Nem lenne kir\u00e1ly, ha egyszer\u0171en r\u00e1kereshetn\u00e9l, melyik \u00e9tel mennyire eg\u00e9szs\u00e9ges? A Tufts Egyetem kutat\u00f3i pontosan ezt seg\u00edtett\u00e9k el\u0151: l\u00e9trehoztak egy eszk\u00f6zt, ami seg\u00edt a fogyaszt\u00f3knak, \u00e9ttermeknek \u00e9s k\u00e1v\u00e9z\u00f3knak eg\u00e9szs\u00e9ges opci\u00f3kat v\u00e1lasztani, egyszer\u0171en. Ismerd meg a Food Compass-t!\" \/>\n<meta property=\"og:url\" content=\"https:\/\/www.welovecycling.com\/hu\/edzes-es-eletmod\/rangsorolta-az-eteleket-egy-uj-tanulmany\/\" \/>\n<meta property=\"og:site_name\" content=\"\u0160koda We Love Cycling - Magyarorsz\u00e1g\" \/>\n<meta property=\"article:publisher\" content=\"https:\/\/www.facebook.com\/WeLoveCyclingHungary\/\" \/>\n<meta property=\"article:published_time\" content=\"2022-01-20T06:00:03+00:00\" \/>\n<meta property=\"og:image\" content=\"https:\/\/d2p6e6u75xmxt8.cloudfront.net\/12\/2022\/01\/Legumes-profimedia-0650897664-CVR.jpg\" \/>\n\t<meta property=\"og:image:width\" content=\"1366\" \/>\n\t<meta property=\"og:image:height\" content=\"600\" \/>\n\t<meta property=\"og:image:type\" content=\"image\/jpeg\" \/>\n<meta name=\"author\" content=\"hegyizs\" \/>\n<meta name=\"twitter:card\" content=\"summary_large_image\" \/>\n<meta name=\"twitter:label1\" content=\"Written by\" \/>\n\t<meta name=\"twitter:data1\" content=\"Jiri Kaloc\" \/>\n\t<meta name=\"twitter:label2\" content=\"Est. reading time\" \/>\n\t<meta name=\"twitter:data2\" content=\"5\" \/>\n<script type=\"application\/ld+json\" class=\"yoast-schema-graph\">{\"@context\":\"https:\/\/schema.org\",\"@graph\":[{\"@type\":\"WebPage\",\"@id\":\"https:\/\/www.welovecycling.com\/hu\/edzes-es-eletmod\/rangsorolta-az-eteleket-egy-uj-tanulmany\/\",\"url\":\"https:\/\/www.welovecycling.com\/hu\/edzes-es-eletmod\/rangsorolta-az-eteleket-egy-uj-tanulmany\/\",\"name\":\"Rangsorolta az \u00e9teleket egy \u00faj tanulm\u00e1ny\",\"isPartOf\":{\"@id\":\"https:\/\/www.welovecycling.com\/hu\/#website\"},\"primaryImageOfPage\":{\"@id\":\"https:\/\/www.welovecycling.com\/hu\/edzes-es-eletmod\/rangsorolta-az-eteleket-egy-uj-tanulmany\/#primaryimage\"},\"image\":{\"@id\":\"https:\/\/www.welovecycling.com\/hu\/edzes-es-eletmod\/rangsorolta-az-eteleket-egy-uj-tanulmany\/#primaryimage\"},\"thumbnailUrl\":\"https:\/\/d2p6e6u75xmxt8.cloudfront.net\/12\/2022\/01\/Legumes-profimedia-0650897664-CVR.jpg\",\"datePublished\":\"2022-01-20T06:00:03+00:00\",\"author\":{\"@id\":\"https:\/\/www.welovecycling.com\/hu\/#\/schema\/person\/414a2aebf1801691a5320edb6468e194\"},\"description\":\"Nem lenne kir\u00e1ly, ha egyszer\u0171en r\u00e1kereshetn\u00e9l, melyik \u00e9tel mennyire eg\u00e9szs\u00e9ges? A Tufts Egyetem kutat\u00f3i pontosan ezt seg\u00edtett\u00e9k el\u0151: l\u00e9trehoztak egy eszk\u00f6zt, ami seg\u00edt a fogyaszt\u00f3knak, \u00e9ttermeknek \u00e9s k\u00e1v\u00e9z\u00f3knak eg\u00e9szs\u00e9ges opci\u00f3kat v\u00e1lasztani, egyszer\u0171en. Ismerd meg a Food Compass-t!\",\"breadcrumb\":{\"@id\":\"https:\/\/www.welovecycling.com\/hu\/edzes-es-eletmod\/rangsorolta-az-eteleket-egy-uj-tanulmany\/#breadcrumb\"},\"inLanguage\":\"hu\",\"potentialAction\":[{\"@type\":\"ReadAction\",\"target\":[\"https:\/\/www.welovecycling.com\/hu\/edzes-es-eletmod\/rangsorolta-az-eteleket-egy-uj-tanulmany\/\"]}]},{\"@type\":\"ImageObject\",\"inLanguage\":\"hu\",\"@id\":\"https:\/\/www.welovecycling.com\/hu\/edzes-es-eletmod\/rangsorolta-az-eteleket-egy-uj-tanulmany\/#primaryimage\",\"url\":\"https:\/\/d2p6e6u75xmxt8.cloudfront.net\/12\/2022\/01\/Legumes-profimedia-0650897664-CVR.jpg\",\"contentUrl\":\"https:\/\/d2p6e6u75xmxt8.cloudfront.net\/12\/2022\/01\/Legumes-profimedia-0650897664-CVR.jpg\",\"width\":1366,\"height\":600,\"caption\":\"Legumes\"},{\"@type\":\"BreadcrumbList\",\"@id\":\"https:\/\/www.welovecycling.com\/hu\/edzes-es-eletmod\/rangsorolta-az-eteleket-egy-uj-tanulmany\/#breadcrumb\",\"itemListElement\":[{\"@type\":\"ListItem\",\"position\":1,\"name\":\"Home\",\"item\":\"https:\/\/www.welovecycling.com\/hu\/\"},{\"@type\":\"ListItem\",\"position\":2,\"name\":\"Rangsorolta az \u00e9teleket egy \u00faj tanulm\u00e1ny\"}]},{\"@type\":\"WebSite\",\"@id\":\"https:\/\/www.welovecycling.com\/hu\/#website\",\"url\":\"https:\/\/www.welovecycling.com\/hu\/\",\"name\":\"\u0160koda We Love Cycling - Magyarorsz\u00e1g\",\"description\":\"\u0160koda WeLoveCycling\",\"potentialAction\":[{\"@type\":\"SearchAction\",\"target\":{\"@type\":\"EntryPoint\",\"urlTemplate\":\"https:\/\/www.welovecycling.com\/hu\/?s={search_term_string}\"},\"query-input\":{\"@type\":\"PropertyValueSpecification\",\"valueRequired\":true,\"valueName\":\"search_term_string\"}}],\"inLanguage\":\"hu\"},{\"@type\":\"Person\",\"@id\":\"https:\/\/www.welovecycling.com\/hu\/#\/schema\/person\/414a2aebf1801691a5320edb6468e194\",\"name\":\"hegyizs\",\"image\":{\"@type\":\"ImageObject\",\"inLanguage\":\"hu\",\"@id\":\"https:\/\/www.welovecycling.com\/hu\/#\/schema\/person\/image\/\",\"url\":\"https:\/\/secure.gravatar.com\/avatar\/02cf8a7906b8cf90cecb4679defac7cfd33a1c2e3b88e4903d947f3bb58eedd3?s=96&d=mm&r=g\",\"contentUrl\":\"https:\/\/secure.gravatar.com\/avatar\/02cf8a7906b8cf90cecb4679defac7cfd33a1c2e3b88e4903d947f3bb58eedd3?s=96&d=mm&r=g\",\"caption\":\"hegyizs\"},\"url\":\"https:\/\/www.welovecycling.com\/hu\/author\/hegyizs\/\"}]}<\/script>\n<!-- \/ Yoast SEO Premium plugin. -->","yoast_head_json":{"title":"Rangsorolta az \u00e9teleket egy \u00faj tanulm\u00e1ny","description":"Nem lenne kir\u00e1ly, ha egyszer\u0171en r\u00e1kereshetn\u00e9l, melyik \u00e9tel mennyire eg\u00e9szs\u00e9ges? A Tufts Egyetem kutat\u00f3i pontosan ezt seg\u00edtett\u00e9k el\u0151: l\u00e9trehoztak egy eszk\u00f6zt, ami seg\u00edt a fogyaszt\u00f3knak, \u00e9ttermeknek \u00e9s k\u00e1v\u00e9z\u00f3knak eg\u00e9szs\u00e9ges opci\u00f3kat v\u00e1lasztani, egyszer\u0171en. Ismerd meg a Food Compass-t!","robots":{"index":"index","follow":"follow","max-snippet":"max-snippet:-1","max-image-preview":"max-image-preview:large","max-video-preview":"max-video-preview:-1"},"canonical":"https:\/\/www.welovecycling.com\/hu\/edzes-es-eletmod\/rangsorolta-az-eteleket-egy-uj-tanulmany\/","og_locale":"hu_HU","og_type":"article","og_title":"Rangsorolta az \u00e9teleket egy \u00faj tanulm\u00e1ny","og_description":"Nem lenne kir\u00e1ly, ha egyszer\u0171en r\u00e1kereshetn\u00e9l, melyik \u00e9tel mennyire eg\u00e9szs\u00e9ges? A Tufts Egyetem kutat\u00f3i pontosan ezt seg\u00edtett\u00e9k el\u0151: l\u00e9trehoztak egy eszk\u00f6zt, ami seg\u00edt a fogyaszt\u00f3knak, \u00e9ttermeknek \u00e9s k\u00e1v\u00e9z\u00f3knak eg\u00e9szs\u00e9ges opci\u00f3kat v\u00e1lasztani, egyszer\u0171en. Ismerd meg a Food Compass-t!","og_url":"https:\/\/www.welovecycling.com\/hu\/edzes-es-eletmod\/rangsorolta-az-eteleket-egy-uj-tanulmany\/","og_site_name":"\u0160koda We Love Cycling - Magyarorsz\u00e1g","article_publisher":"https:\/\/www.facebook.com\/WeLoveCyclingHungary\/","article_published_time":"2022-01-20T06:00:03+00:00","og_image":[{"width":1366,"height":600,"url":"https:\/\/d2p6e6u75xmxt8.cloudfront.net\/12\/2022\/01\/Legumes-profimedia-0650897664-CVR.jpg","type":"image\/jpeg"}],"author":"hegyizs","twitter_card":"summary_large_image","twitter_misc":{"Written by":"Jiri Kaloc","Est. reading time":"5"},"schema":{"@context":"https:\/\/schema.org","@graph":[{"@type":"WebPage","@id":"https:\/\/www.welovecycling.com\/hu\/edzes-es-eletmod\/rangsorolta-az-eteleket-egy-uj-tanulmany\/","url":"https:\/\/www.welovecycling.com\/hu\/edzes-es-eletmod\/rangsorolta-az-eteleket-egy-uj-tanulmany\/","name":"Rangsorolta az \u00e9teleket egy \u00faj tanulm\u00e1ny","isPartOf":{"@id":"https:\/\/www.welovecycling.com\/hu\/#website"},"primaryImageOfPage":{"@id":"https:\/\/www.welovecycling.com\/hu\/edzes-es-eletmod\/rangsorolta-az-eteleket-egy-uj-tanulmany\/#primaryimage"},"image":{"@id":"https:\/\/www.welovecycling.com\/hu\/edzes-es-eletmod\/rangsorolta-az-eteleket-egy-uj-tanulmany\/#primaryimage"},"thumbnailUrl":"https:\/\/d2p6e6u75xmxt8.cloudfront.net\/12\/2022\/01\/Legumes-profimedia-0650897664-CVR.jpg","datePublished":"2022-01-20T06:00:03+00:00","author":{"@id":"https:\/\/www.welovecycling.com\/hu\/#\/schema\/person\/414a2aebf1801691a5320edb6468e194"},"description":"Nem lenne kir\u00e1ly, ha egyszer\u0171en r\u00e1kereshetn\u00e9l, melyik \u00e9tel mennyire eg\u00e9szs\u00e9ges? A Tufts Egyetem kutat\u00f3i pontosan ezt seg\u00edtett\u00e9k el\u0151: l\u00e9trehoztak egy eszk\u00f6zt, ami seg\u00edt a fogyaszt\u00f3knak, \u00e9ttermeknek \u00e9s k\u00e1v\u00e9z\u00f3knak eg\u00e9szs\u00e9ges opci\u00f3kat v\u00e1lasztani, egyszer\u0171en. Ismerd meg a Food Compass-t!","breadcrumb":{"@id":"https:\/\/www.welovecycling.com\/hu\/edzes-es-eletmod\/rangsorolta-az-eteleket-egy-uj-tanulmany\/#breadcrumb"},"inLanguage":"hu","potentialAction":[{"@type":"ReadAction","target":["https:\/\/www.welovecycling.com\/hu\/edzes-es-eletmod\/rangsorolta-az-eteleket-egy-uj-tanulmany\/"]}]},{"@type":"ImageObject","inLanguage":"hu","@id":"https:\/\/www.welovecycling.com\/hu\/edzes-es-eletmod\/rangsorolta-az-eteleket-egy-uj-tanulmany\/#primaryimage","url":"https:\/\/d2p6e6u75xmxt8.cloudfront.net\/12\/2022\/01\/Legumes-profimedia-0650897664-CVR.jpg","contentUrl":"https:\/\/d2p6e6u75xmxt8.cloudfront.net\/12\/2022\/01\/Legumes-profimedia-0650897664-CVR.jpg","width":1366,"height":600,"caption":"Legumes"},{"@type":"BreadcrumbList","@id":"https:\/\/www.welovecycling.com\/hu\/edzes-es-eletmod\/rangsorolta-az-eteleket-egy-uj-tanulmany\/#breadcrumb","itemListElement":[{"@type":"ListItem","position":1,"name":"Home","item":"https:\/\/www.welovecycling.com\/hu\/"},{"@type":"ListItem","position":2,"name":"Rangsorolta az \u00e9teleket egy \u00faj tanulm\u00e1ny"}]},{"@type":"WebSite","@id":"https:\/\/www.welovecycling.com\/hu\/#website","url":"https:\/\/www.welovecycling.com\/hu\/","name":"\u0160koda We Love Cycling - Magyarorsz\u00e1g","description":"\u0160koda WeLoveCycling","potentialAction":[{"@type":"SearchAction","target":{"@type":"EntryPoint","urlTemplate":"https:\/\/www.welovecycling.com\/hu\/?s={search_term_string}"},"query-input":{"@type":"PropertyValueSpecification","valueRequired":true,"valueName":"search_term_string"}}],"inLanguage":"hu"},{"@type":"Person","@id":"https:\/\/www.welovecycling.com\/hu\/#\/schema\/person\/414a2aebf1801691a5320edb6468e194","name":"hegyizs","image":{"@type":"ImageObject","inLanguage":"hu","@id":"https:\/\/www.welovecycling.com\/hu\/#\/schema\/person\/image\/","url":"https:\/\/secure.gravatar.com\/avatar\/02cf8a7906b8cf90cecb4679defac7cfd33a1c2e3b88e4903d947f3bb58eedd3?s=96&d=mm&r=g","contentUrl":"https:\/\/secure.gravatar.com\/avatar\/02cf8a7906b8cf90cecb4679defac7cfd33a1c2e3b88e4903d947f3bb58eedd3?s=96&d=mm&r=g","caption":"hegyizs"},"url":"https:\/\/www.welovecycling.com\/hu\/author\/hegyizs\/"}]}},"_links":{"self":[{"href":"https:\/\/www.welovecycling.com\/hu\/wp-json\/wp\/v2\/posts\/13411","targetHints":{"allow":["GET"]}}],"collection":[{"href":"https:\/\/www.welovecycling.com\/hu\/wp-json\/wp\/v2\/posts"}],"about":[{"href":"https:\/\/www.welovecycling.com\/hu\/wp-json\/wp\/v2\/types\/post"}],"author":[{"embeddable":true,"href":"https:\/\/www.welovecycling.com\/hu\/wp-json\/wp\/v2\/users\/71"}],"replies":[{"embeddable":true,"href":"https:\/\/www.welovecycling.com\/hu\/wp-json\/wp\/v2\/comments?post=13411"}],"version-history":[{"count":2,"href":"https:\/\/www.welovecycling.com\/hu\/wp-json\/wp\/v2\/posts\/13411\/revisions"}],"predecessor-version":[{"id":13423,"href":"https:\/\/www.welovecycling.com\/hu\/wp-json\/wp\/v2\/posts\/13411\/revisions\/13423"}],"wp:featuredmedia":[{"embeddable":true,"href":"https:\/\/www.welovecycling.com\/hu\/wp-json\/wp\/v2\/media\/13413"}],"wp:attachment":[{"href":"https:\/\/www.welovecycling.com\/hu\/wp-json\/wp\/v2\/media?parent=13411"}],"wp:term":[{"taxonomy":"category","embeddable":true,"href":"https:\/\/www.welovecycling.com\/hu\/wp-json\/wp\/v2\/categories?post=13411"},{"taxonomy":"post_tag","embeddable":true,"href":"https:\/\/www.welovecycling.com\/hu\/wp-json\/wp\/v2\/tags?post=13411"},{"taxonomy":"global-categories","embeddable":true,"href":"https:\/\/www.welovecycling.com\/hu\/wp-json\/wp\/v2\/global-categories?post=13411"}],"curies":[{"name":"wp","href":"https:\/\/api.w.org\/{rel}","templated":true}]}}