{"id":13401,"date":"2022-01-17T08:00:29","date_gmt":"2022-01-17T06:00:29","guid":{"rendered":"https:\/\/www.welovecycling.com\/hu\/?p=13401"},"modified":"2022-01-14T17:19:34","modified_gmt":"2022-01-14T15:19:34","slug":"philippe-gilbert-utolso-szezonjaban-ott-akar-lenni-egy-nagy-verseny-finalejaban","status":"publish","type":"post","link":"https:\/\/www.welovecycling.com\/hu\/orszaguti-kerekpar\/philippe-gilbert-utolso-szezonjaban-ott-akar-lenni-egy-nagy-verseny-finalejaban\/","title":{"rendered":"Philippe Gilbert utols\u00f3 szezonj\u00e1ban ott akar lenni egy nagy verseny fin\u00e1l\u00e9j\u00e1ban"},"content":{"rendered":"<p><strong>A 39 \u00e9ves egykori vil\u00e1gbajnok nem a k\u00f6nny\u0171 gy\u0151zelmeket hajszolja. A versenyszf\u00e9r\u00e1ban elt\u00f6lt\u00f6tt 20 \u00e9v ut\u00e1n a belga egy nagy esem\u00e9nyen szeretne j\u00f3 eredm\u00e9nyt el\u00e9rni p\u00e1lyafut\u00e1sa v\u00e9g\u00e9n. Karrierje \u00f6t nagy verseny\u00e9b\u0151l n\u00e9gyet megnyert, ezzel pedig beker\u00fclt a 6 olyan biciklis k\u00f6z\u00e9, akik majdnem t\u00f6k\u00e9letes p\u00e1lyafut\u00e1st tudhatnak maguk m\u00f6g\u00f6tt.<\/strong><\/p>\n<p><!--more--><\/p>\n<p>A Procycling magazinnak adott interj\u00faj\u00e1ban Gilbert \u00edgy nyilatkozott: \u201e<em>P\u00e1lyafut\u00e1som tal\u00e1n 90 sz\u00e1zal\u00e9k\u00e1t a WorldTour szinten t\u00f6lt\u00f6ttem, a legjobb versenyz\u0151k ellen, \u00e9s ezen nem most fogok v\u00e1ltoztatni. Nem akarok kis versenyeken indulni, csak az\u00e9rt, hogy nyerjek. Ha beker\u00fcl\u00f6k a legjobb \u00f6tbe az Omloop Het Nieuwsblad-on, ahol a legjobbak ellen kell k\u00fczdeni, akkor m\u00e1r el\u00e9gedett leszek.\u201d<\/em><\/p>\n<div class=\"embed-controller-wrapper\">\n<blockquote class=\"twitter-tweet\" data-width=\"500\" data-dnt=\"true\">\n<p lang=\"en\" dir=\"ltr\">Do you know this road?<br \/>Connaissez vous cette route ? <a href=\"https:\/\/t.co\/3ZoSxZbhBY\">pic.twitter.com\/3ZoSxZbhBY<\/a><\/p>\n<p>&mdash; Philippe Gilbert (@PhilippeGilbert) <a href=\"https:\/\/twitter.com\/PhilippeGilbert\/status\/1476173725036908545?ref_src=twsrc%5Etfw\">December 29, 2021<\/a><\/p><\/blockquote>\n<p><script async data-src=\"https:\/\/platform.twitter.com\/widgets.js\" charset=\"utf-8\"><\/script><\/div>\n<p>A belga azonban 2020 \u00f3ta nem nyert versenyt, az\u00f3ta, hogy visszat\u00e9rt a Lotto-Soudalhoz. A pand\u00e9mia \u00e9s egy s\u00e9r\u00fcl\u00e9s is hat\u00e1rozottan befoly\u00e1solta a teljes\u00edtm\u00e9ny\u00e9t.<\/p>\n<p><em>\u201eK\u00e9t neh\u00e9z \u00e9v volt, amit el akarok felejteni. Rem\u00e9lem az utols\u00f3 jobb lesz. Nem szeretem ezt a helyzetet, nem szeretek lemaradni, de meg kell k\u00fczdenem most ezzel, \u00e9s igyekszem tapasztalatk\u00e9nt tekinteni minden neh\u00e9zs\u00e9gre. Sokat dolgoztam, de messze vagyok att\u00f3l, ahol lenni szeretn\u00e9k. Tavaly t\u00e9len nagyon szenvedtem \u00e9s a korom sem seg\u00edt. Nagyon neh\u00e9z volt visszat\u00e9rni, \u00e9s nagyon hamar lement a szezon.\u201d<\/em><\/p>\n<p>Gilbert rengeteg versenyt megnyert p\u00e1lyafut\u00e1sa sor\u00e1n, k\u00f6zt\u00fck n\u00e9gy jelent\u0151set is: a P\u00e1rizs-Roubaix, a Tour of Flanders, a Li\u00e9ge-Bastogne-Li\u00e9ge \u00e9s az Il Lombardia bajnok\u00e1nak j\u00e1r\u00f3 d\u00edjat is mag\u00e1\u00e9nak tudhatja. 2011-ben 17 futamot nyert, ezzel k\u00e9ts\u00e9gk\u00edv\u00fcl ez volt a legjobb szezonja. Mindezen k\u00edv\u00fcl a La Vuelt\u00e1n is otthagyta a l\u00e1ba nyom\u00e1t: h\u00e9t szakaszgy\u0151zelmet is megszerzett karrierje sor\u00e1n. Bizony\u00edtotta, hogy sokoldal\u00faan tehets\u00e9ges, \u00e9s elismer\u0151en nyilatkozott szlov\u00e9n koll\u00e9g\u00e1j\u00e1ra, akire szint\u00e9n igaz ez.<\/p>\n<p><em>&#8220;Poga\u010dar a kiv\u00e9tel&#8221;<\/em> \u2013 mondta. <em>\u201eHallottam, ahogy Eddy Merckx besz\u00e9l r\u00f3la. Eddy-nek m\u00e1r sokszor mondt\u00e1k, hogy itt van az \u201e\u00faj Eddy Merckx\u201d, \u00f6t\u00e9vente legal\u00e1bb egyszer biztosan. Azt hiszem, most viszont t\u00e9nyleg \u00edgy van. Meg tudja nyerni a Grand Tour-okat, a klasszikusokat, febru\u00e1rt\u00f3l okt\u00f3berig, b\u00e1rmikor, b\u00e1rmit. \u00c9s nagy k\u00fcl\u00f6nbs\u00e9gekkel nyer. Nem m\u00e1sodpercekkel, hanem percekkel. Azt hiszem, Poga\u010darban egy olyan ker\u00e9kp\u00e1rost tal\u00e1ltunk, amilyen csak 50 \u00e9vente sz\u00fcletik.\u201d<\/em><\/p>\n<p>Szerinted igaza van? \u00cdrd meg kommentben!<\/p>\n","protected":false},"excerpt":{"rendered":"<p>A 39 \u00e9ves egykori vil\u00e1gbajnok nem a k\u00f6nny\u0171 gy\u0151zelmeket hajszolja. A versenyszf\u00e9r\u00e1ban elt\u00f6lt\u00f6tt 20 \u00e9v ut\u00e1n a belga egy nagy [&hellip;]<\/p>\n","protected":false},"author":71,"featured_media":13403,"comment_status":"open","ping_status":"open","sticky":false,"template":"","format":"standard","meta":{"footnotes":""},"categories":[8],"tags":[],"global-categories":[],"class_list":["post-13401","post","type-post","status-publish","format-standard","has-post-thumbnail","hentry","category-orszaguti-kerekpar"],"yoast_head":"<!-- This site is optimized with the Yoast SEO Premium plugin v25.3 (Yoast SEO v25.9) - https:\/\/yoast.com\/wordpress\/plugins\/seo\/ -->\n<title>Philippe Gilbert utols\u00f3 szezonj\u00e1ban ott akar lenni egy nagy verseny fin\u00e1l\u00e9j\u00e1ban<\/title>\n<meta name=\"description\" content=\"A 39 \u00e9ves egykori vil\u00e1gbajnok nem a k\u00f6nny\u0171 gy\u0151zelmeket hajszolja. A versenyszf\u00e9r\u00e1ban elt\u00f6lt\u00f6tt 20 \u00e9v ut\u00e1n a belga egy nagy esem\u00e9nyen szeretne j\u00f3 eredm\u00e9nyt el\u00e9rni p\u00e1lyafut\u00e1sa v\u00e9g\u00e9n. Karrierje \u00f6t nagy verseny\u00e9b\u0151l n\u00e9gyet megnyert, ezzel pedig beker\u00fclt a 6 olyan biciklis k\u00f6z\u00e9, akik majdnem t\u00f6k\u00e9letes p\u00e1lyafut\u00e1st tudhatnak maguk m\u00f6g\u00f6tt.\" \/>\n<meta name=\"robots\" content=\"index, follow, max-snippet:-1, max-image-preview:large, max-video-preview:-1\" \/>\n<link rel=\"canonical\" href=\"https:\/\/www.welovecycling.com\/hu\/orszaguti-kerekpar\/philippe-gilbert-utolso-szezonjaban-ott-akar-lenni-egy-nagy-verseny-finalejaban\/\" \/>\n<meta property=\"og:locale\" content=\"hu_HU\" \/>\n<meta property=\"og:type\" content=\"article\" \/>\n<meta property=\"og:title\" content=\"Philippe Gilbert utols\u00f3 szezonj\u00e1ban ott akar lenni egy nagy verseny fin\u00e1l\u00e9j\u00e1ban\" \/>\n<meta property=\"og:description\" content=\"A 39 \u00e9ves egykori vil\u00e1gbajnok nem a k\u00f6nny\u0171 gy\u0151zelmeket hajszolja. A versenyszf\u00e9r\u00e1ban elt\u00f6lt\u00f6tt 20 \u00e9v ut\u00e1n a belga egy nagy esem\u00e9nyen szeretne j\u00f3 eredm\u00e9nyt el\u00e9rni p\u00e1lyafut\u00e1sa v\u00e9g\u00e9n. Karrierje \u00f6t nagy verseny\u00e9b\u0151l n\u00e9gyet megnyert, ezzel pedig beker\u00fclt a 6 olyan biciklis k\u00f6z\u00e9, akik majdnem t\u00f6k\u00e9letes p\u00e1lyafut\u00e1st tudhatnak maguk m\u00f6g\u00f6tt.\" \/>\n<meta property=\"og:url\" content=\"https:\/\/www.welovecycling.com\/hu\/orszaguti-kerekpar\/philippe-gilbert-utolso-szezonjaban-ott-akar-lenni-egy-nagy-verseny-finalejaban\/\" \/>\n<meta property=\"og:site_name\" content=\"\u0160koda We Love Cycling - Magyarorsz\u00e1g\" \/>\n<meta property=\"article:publisher\" content=\"https:\/\/www.facebook.com\/WeLoveCyclingHungary\/\" \/>\n<meta property=\"article:published_time\" content=\"2022-01-17T06:00:29+00:00\" \/>\n<meta property=\"og:image\" content=\"https:\/\/d2p6e6u75xmxt8.cloudfront.net\/12\/2022\/01\/Philippe-Gilbert-profimedia-0629469843-CVR.jpg\" \/>\n\t<meta property=\"og:image:width\" content=\"1366\" \/>\n\t<meta property=\"og:image:height\" content=\"600\" \/>\n\t<meta property=\"og:image:type\" content=\"image\/jpeg\" \/>\n<meta name=\"author\" content=\"hegyizs\" \/>\n<meta name=\"twitter:card\" content=\"summary_large_image\" \/>\n<meta name=\"twitter:label1\" content=\"Written by\" \/>\n\t<meta name=\"twitter:data1\" content=\"Monica Buck\" \/>\n\t<meta name=\"twitter:label2\" content=\"Est. reading time\" \/>\n\t<meta name=\"twitter:data2\" content=\"4\" \/>\n<script type=\"application\/ld+json\" class=\"yoast-schema-graph\">{\"@context\":\"https:\/\/schema.org\",\"@graph\":[{\"@type\":\"WebPage\",\"@id\":\"https:\/\/www.welovecycling.com\/hu\/orszaguti-kerekpar\/philippe-gilbert-utolso-szezonjaban-ott-akar-lenni-egy-nagy-verseny-finalejaban\/\",\"url\":\"https:\/\/www.welovecycling.com\/hu\/orszaguti-kerekpar\/philippe-gilbert-utolso-szezonjaban-ott-akar-lenni-egy-nagy-verseny-finalejaban\/\",\"name\":\"Philippe Gilbert utols\u00f3 szezonj\u00e1ban ott akar lenni egy nagy verseny fin\u00e1l\u00e9j\u00e1ban\",\"isPartOf\":{\"@id\":\"https:\/\/www.welovecycling.com\/hu\/#website\"},\"primaryImageOfPage\":{\"@id\":\"https:\/\/www.welovecycling.com\/hu\/orszaguti-kerekpar\/philippe-gilbert-utolso-szezonjaban-ott-akar-lenni-egy-nagy-verseny-finalejaban\/#primaryimage\"},\"image\":{\"@id\":\"https:\/\/www.welovecycling.com\/hu\/orszaguti-kerekpar\/philippe-gilbert-utolso-szezonjaban-ott-akar-lenni-egy-nagy-verseny-finalejaban\/#primaryimage\"},\"thumbnailUrl\":\"https:\/\/d2p6e6u75xmxt8.cloudfront.net\/12\/2022\/01\/Philippe-Gilbert-profimedia-0629469843-CVR.jpg\",\"datePublished\":\"2022-01-17T06:00:29+00:00\",\"author\":{\"@id\":\"https:\/\/www.welovecycling.com\/hu\/#\/schema\/person\/414a2aebf1801691a5320edb6468e194\"},\"description\":\"A 39 \u00e9ves egykori vil\u00e1gbajnok nem a k\u00f6nny\u0171 gy\u0151zelmeket hajszolja. A versenyszf\u00e9r\u00e1ban elt\u00f6lt\u00f6tt 20 \u00e9v ut\u00e1n a belga egy nagy esem\u00e9nyen szeretne j\u00f3 eredm\u00e9nyt el\u00e9rni p\u00e1lyafut\u00e1sa v\u00e9g\u00e9n. Karrierje \u00f6t nagy verseny\u00e9b\u0151l n\u00e9gyet megnyert, ezzel pedig beker\u00fclt a 6 olyan biciklis k\u00f6z\u00e9, akik majdnem t\u00f6k\u00e9letes p\u00e1lyafut\u00e1st tudhatnak maguk m\u00f6g\u00f6tt.\",\"breadcrumb\":{\"@id\":\"https:\/\/www.welovecycling.com\/hu\/orszaguti-kerekpar\/philippe-gilbert-utolso-szezonjaban-ott-akar-lenni-egy-nagy-verseny-finalejaban\/#breadcrumb\"},\"inLanguage\":\"hu\",\"potentialAction\":[{\"@type\":\"ReadAction\",\"target\":[\"https:\/\/www.welovecycling.com\/hu\/orszaguti-kerekpar\/philippe-gilbert-utolso-szezonjaban-ott-akar-lenni-egy-nagy-verseny-finalejaban\/\"]}]},{\"@type\":\"ImageObject\",\"inLanguage\":\"hu\",\"@id\":\"https:\/\/www.welovecycling.com\/hu\/orszaguti-kerekpar\/philippe-gilbert-utolso-szezonjaban-ott-akar-lenni-egy-nagy-verseny-finalejaban\/#primaryimage\",\"url\":\"https:\/\/d2p6e6u75xmxt8.cloudfront.net\/12\/2022\/01\/Philippe-Gilbert-profimedia-0629469843-CVR.jpg\",\"contentUrl\":\"https:\/\/d2p6e6u75xmxt8.cloudfront.net\/12\/2022\/01\/Philippe-Gilbert-profimedia-0629469843-CVR.jpg\",\"width\":1366,\"height\":600,\"caption\":\"Philippe Gilbert\"},{\"@type\":\"BreadcrumbList\",\"@id\":\"https:\/\/www.welovecycling.com\/hu\/orszaguti-kerekpar\/philippe-gilbert-utolso-szezonjaban-ott-akar-lenni-egy-nagy-verseny-finalejaban\/#breadcrumb\",\"itemListElement\":[{\"@type\":\"ListItem\",\"position\":1,\"name\":\"Home\",\"item\":\"https:\/\/www.welovecycling.com\/hu\/\"},{\"@type\":\"ListItem\",\"position\":2,\"name\":\"Philippe Gilbert utols\u00f3 szezonj\u00e1ban ott akar lenni egy nagy verseny fin\u00e1l\u00e9j\u00e1ban\"}]},{\"@type\":\"WebSite\",\"@id\":\"https:\/\/www.welovecycling.com\/hu\/#website\",\"url\":\"https:\/\/www.welovecycling.com\/hu\/\",\"name\":\"\u0160koda We Love Cycling - Magyarorsz\u00e1g\",\"description\":\"\u0160koda WeLoveCycling\",\"potentialAction\":[{\"@type\":\"SearchAction\",\"target\":{\"@type\":\"EntryPoint\",\"urlTemplate\":\"https:\/\/www.welovecycling.com\/hu\/?s={search_term_string}\"},\"query-input\":{\"@type\":\"PropertyValueSpecification\",\"valueRequired\":true,\"valueName\":\"search_term_string\"}}],\"inLanguage\":\"hu\"},{\"@type\":\"Person\",\"@id\":\"https:\/\/www.welovecycling.com\/hu\/#\/schema\/person\/414a2aebf1801691a5320edb6468e194\",\"name\":\"hegyizs\",\"image\":{\"@type\":\"ImageObject\",\"inLanguage\":\"hu\",\"@id\":\"https:\/\/www.welovecycling.com\/hu\/#\/schema\/person\/image\/\",\"url\":\"https:\/\/secure.gravatar.com\/avatar\/02cf8a7906b8cf90cecb4679defac7cfd33a1c2e3b88e4903d947f3bb58eedd3?s=96&d=mm&r=g\",\"contentUrl\":\"https:\/\/secure.gravatar.com\/avatar\/02cf8a7906b8cf90cecb4679defac7cfd33a1c2e3b88e4903d947f3bb58eedd3?s=96&d=mm&r=g\",\"caption\":\"hegyizs\"},\"url\":\"https:\/\/www.welovecycling.com\/hu\/author\/hegyizs\/\"}]}<\/script>\n<!-- \/ Yoast SEO Premium plugin. -->","yoast_head_json":{"title":"Philippe Gilbert utols\u00f3 szezonj\u00e1ban ott akar lenni egy nagy verseny fin\u00e1l\u00e9j\u00e1ban","description":"A 39 \u00e9ves egykori vil\u00e1gbajnok nem a k\u00f6nny\u0171 gy\u0151zelmeket hajszolja. A versenyszf\u00e9r\u00e1ban elt\u00f6lt\u00f6tt 20 \u00e9v ut\u00e1n a belga egy nagy esem\u00e9nyen szeretne j\u00f3 eredm\u00e9nyt el\u00e9rni p\u00e1lyafut\u00e1sa v\u00e9g\u00e9n. Karrierje \u00f6t nagy verseny\u00e9b\u0151l n\u00e9gyet megnyert, ezzel pedig beker\u00fclt a 6 olyan biciklis k\u00f6z\u00e9, akik majdnem t\u00f6k\u00e9letes p\u00e1lyafut\u00e1st tudhatnak maguk m\u00f6g\u00f6tt.","robots":{"index":"index","follow":"follow","max-snippet":"max-snippet:-1","max-image-preview":"max-image-preview:large","max-video-preview":"max-video-preview:-1"},"canonical":"https:\/\/www.welovecycling.com\/hu\/orszaguti-kerekpar\/philippe-gilbert-utolso-szezonjaban-ott-akar-lenni-egy-nagy-verseny-finalejaban\/","og_locale":"hu_HU","og_type":"article","og_title":"Philippe Gilbert utols\u00f3 szezonj\u00e1ban ott akar lenni egy nagy verseny fin\u00e1l\u00e9j\u00e1ban","og_description":"A 39 \u00e9ves egykori vil\u00e1gbajnok nem a k\u00f6nny\u0171 gy\u0151zelmeket hajszolja. A versenyszf\u00e9r\u00e1ban elt\u00f6lt\u00f6tt 20 \u00e9v ut\u00e1n a belga egy nagy esem\u00e9nyen szeretne j\u00f3 eredm\u00e9nyt el\u00e9rni p\u00e1lyafut\u00e1sa v\u00e9g\u00e9n. Karrierje \u00f6t nagy verseny\u00e9b\u0151l n\u00e9gyet megnyert, ezzel pedig beker\u00fclt a 6 olyan biciklis k\u00f6z\u00e9, akik majdnem t\u00f6k\u00e9letes p\u00e1lyafut\u00e1st tudhatnak maguk m\u00f6g\u00f6tt.","og_url":"https:\/\/www.welovecycling.com\/hu\/orszaguti-kerekpar\/philippe-gilbert-utolso-szezonjaban-ott-akar-lenni-egy-nagy-verseny-finalejaban\/","og_site_name":"\u0160koda We Love Cycling - Magyarorsz\u00e1g","article_publisher":"https:\/\/www.facebook.com\/WeLoveCyclingHungary\/","article_published_time":"2022-01-17T06:00:29+00:00","og_image":[{"width":1366,"height":600,"url":"https:\/\/d2p6e6u75xmxt8.cloudfront.net\/12\/2022\/01\/Philippe-Gilbert-profimedia-0629469843-CVR.jpg","type":"image\/jpeg"}],"author":"hegyizs","twitter_card":"summary_large_image","twitter_misc":{"Written by":"Monica Buck","Est. reading time":"4"},"schema":{"@context":"https:\/\/schema.org","@graph":[{"@type":"WebPage","@id":"https:\/\/www.welovecycling.com\/hu\/orszaguti-kerekpar\/philippe-gilbert-utolso-szezonjaban-ott-akar-lenni-egy-nagy-verseny-finalejaban\/","url":"https:\/\/www.welovecycling.com\/hu\/orszaguti-kerekpar\/philippe-gilbert-utolso-szezonjaban-ott-akar-lenni-egy-nagy-verseny-finalejaban\/","name":"Philippe Gilbert utols\u00f3 szezonj\u00e1ban ott akar lenni egy nagy verseny fin\u00e1l\u00e9j\u00e1ban","isPartOf":{"@id":"https:\/\/www.welovecycling.com\/hu\/#website"},"primaryImageOfPage":{"@id":"https:\/\/www.welovecycling.com\/hu\/orszaguti-kerekpar\/philippe-gilbert-utolso-szezonjaban-ott-akar-lenni-egy-nagy-verseny-finalejaban\/#primaryimage"},"image":{"@id":"https:\/\/www.welovecycling.com\/hu\/orszaguti-kerekpar\/philippe-gilbert-utolso-szezonjaban-ott-akar-lenni-egy-nagy-verseny-finalejaban\/#primaryimage"},"thumbnailUrl":"https:\/\/d2p6e6u75xmxt8.cloudfront.net\/12\/2022\/01\/Philippe-Gilbert-profimedia-0629469843-CVR.jpg","datePublished":"2022-01-17T06:00:29+00:00","author":{"@id":"https:\/\/www.welovecycling.com\/hu\/#\/schema\/person\/414a2aebf1801691a5320edb6468e194"},"description":"A 39 \u00e9ves egykori vil\u00e1gbajnok nem a k\u00f6nny\u0171 gy\u0151zelmeket hajszolja. A versenyszf\u00e9r\u00e1ban elt\u00f6lt\u00f6tt 20 \u00e9v ut\u00e1n a belga egy nagy esem\u00e9nyen szeretne j\u00f3 eredm\u00e9nyt el\u00e9rni p\u00e1lyafut\u00e1sa v\u00e9g\u00e9n. Karrierje \u00f6t nagy verseny\u00e9b\u0151l n\u00e9gyet megnyert, ezzel pedig beker\u00fclt a 6 olyan biciklis k\u00f6z\u00e9, akik majdnem t\u00f6k\u00e9letes p\u00e1lyafut\u00e1st tudhatnak maguk m\u00f6g\u00f6tt.","breadcrumb":{"@id":"https:\/\/www.welovecycling.com\/hu\/orszaguti-kerekpar\/philippe-gilbert-utolso-szezonjaban-ott-akar-lenni-egy-nagy-verseny-finalejaban\/#breadcrumb"},"inLanguage":"hu","potentialAction":[{"@type":"ReadAction","target":["https:\/\/www.welovecycling.com\/hu\/orszaguti-kerekpar\/philippe-gilbert-utolso-szezonjaban-ott-akar-lenni-egy-nagy-verseny-finalejaban\/"]}]},{"@type":"ImageObject","inLanguage":"hu","@id":"https:\/\/www.welovecycling.com\/hu\/orszaguti-kerekpar\/philippe-gilbert-utolso-szezonjaban-ott-akar-lenni-egy-nagy-verseny-finalejaban\/#primaryimage","url":"https:\/\/d2p6e6u75xmxt8.cloudfront.net\/12\/2022\/01\/Philippe-Gilbert-profimedia-0629469843-CVR.jpg","contentUrl":"https:\/\/d2p6e6u75xmxt8.cloudfront.net\/12\/2022\/01\/Philippe-Gilbert-profimedia-0629469843-CVR.jpg","width":1366,"height":600,"caption":"Philippe Gilbert"},{"@type":"BreadcrumbList","@id":"https:\/\/www.welovecycling.com\/hu\/orszaguti-kerekpar\/philippe-gilbert-utolso-szezonjaban-ott-akar-lenni-egy-nagy-verseny-finalejaban\/#breadcrumb","itemListElement":[{"@type":"ListItem","position":1,"name":"Home","item":"https:\/\/www.welovecycling.com\/hu\/"},{"@type":"ListItem","position":2,"name":"Philippe Gilbert utols\u00f3 szezonj\u00e1ban ott akar lenni egy nagy verseny fin\u00e1l\u00e9j\u00e1ban"}]},{"@type":"WebSite","@id":"https:\/\/www.welovecycling.com\/hu\/#website","url":"https:\/\/www.welovecycling.com\/hu\/","name":"\u0160koda We Love Cycling - Magyarorsz\u00e1g","description":"\u0160koda WeLoveCycling","potentialAction":[{"@type":"SearchAction","target":{"@type":"EntryPoint","urlTemplate":"https:\/\/www.welovecycling.com\/hu\/?s={search_term_string}"},"query-input":{"@type":"PropertyValueSpecification","valueRequired":true,"valueName":"search_term_string"}}],"inLanguage":"hu"},{"@type":"Person","@id":"https:\/\/www.welovecycling.com\/hu\/#\/schema\/person\/414a2aebf1801691a5320edb6468e194","name":"hegyizs","image":{"@type":"ImageObject","inLanguage":"hu","@id":"https:\/\/www.welovecycling.com\/hu\/#\/schema\/person\/image\/","url":"https:\/\/secure.gravatar.com\/avatar\/02cf8a7906b8cf90cecb4679defac7cfd33a1c2e3b88e4903d947f3bb58eedd3?s=96&d=mm&r=g","contentUrl":"https:\/\/secure.gravatar.com\/avatar\/02cf8a7906b8cf90cecb4679defac7cfd33a1c2e3b88e4903d947f3bb58eedd3?s=96&d=mm&r=g","caption":"hegyizs"},"url":"https:\/\/www.welovecycling.com\/hu\/author\/hegyizs\/"}]}},"_links":{"self":[{"href":"https:\/\/www.welovecycling.com\/hu\/wp-json\/wp\/v2\/posts\/13401","targetHints":{"allow":["GET"]}}],"collection":[{"href":"https:\/\/www.welovecycling.com\/hu\/wp-json\/wp\/v2\/posts"}],"about":[{"href":"https:\/\/www.welovecycling.com\/hu\/wp-json\/wp\/v2\/types\/post"}],"author":[{"embeddable":true,"href":"https:\/\/www.welovecycling.com\/hu\/wp-json\/wp\/v2\/users\/71"}],"replies":[{"embeddable":true,"href":"https:\/\/www.welovecycling.com\/hu\/wp-json\/wp\/v2\/comments?post=13401"}],"version-history":[{"count":1,"href":"https:\/\/www.welovecycling.com\/hu\/wp-json\/wp\/v2\/posts\/13401\/revisions"}],"predecessor-version":[{"id":13416,"href":"https:\/\/www.welovecycling.com\/hu\/wp-json\/wp\/v2\/posts\/13401\/revisions\/13416"}],"wp:featuredmedia":[{"embeddable":true,"href":"https:\/\/www.welovecycling.com\/hu\/wp-json\/wp\/v2\/media\/13403"}],"wp:attachment":[{"href":"https:\/\/www.welovecycling.com\/hu\/wp-json\/wp\/v2\/media?parent=13401"}],"wp:term":[{"taxonomy":"category","embeddable":true,"href":"https:\/\/www.welovecycling.com\/hu\/wp-json\/wp\/v2\/categories?post=13401"},{"taxonomy":"post_tag","embeddable":true,"href":"https:\/\/www.welovecycling.com\/hu\/wp-json\/wp\/v2\/tags?post=13401"},{"taxonomy":"global-categories","embeddable":true,"href":"https:\/\/www.welovecycling.com\/hu\/wp-json\/wp\/v2\/global-categories?post=13401"}],"curies":[{"name":"wp","href":"https:\/\/api.w.org\/{rel}","templated":true}]}}