{"id":13275,"date":"2021-12-24T15:00:15","date_gmt":"2021-12-24T13:00:15","guid":{"rendered":"https:\/\/www.welovecycling.com\/hu\/?p=13275"},"modified":"2021-12-22T13:45:31","modified_gmt":"2021-12-22T11:45:31","slug":"elrejti-a-gyerekek-kivancsi-szemei-elol-az-ujonnan-rendelt-karacsonyi-kisbringakat-egy-brit-bolt","status":"publish","type":"post","link":"https:\/\/www.welovecycling.com\/hu\/kozosseg-es-kultura\/elrejti-a-gyerekek-kivancsi-szemei-elol-az-ujonnan-rendelt-karacsonyi-kisbringakat-egy-brit-bolt\/","title":{"rendered":"Elrejti a gyerekek k\u00edv\u00e1ncsi szemei el\u0151l az \u00fajonnan rendelt kar\u00e1csonyi kisbring\u00e1kat egy brit bolt"},"content":{"rendered":"<p><strong>M\u00f3k\u00e1s \u00faj\u00edt\u00e1st vezetett be a kar\u00e1csony el\u0151tt t\u00f6bb t\u00edzezres rohamra sz\u00e1m\u00edt\u00f3 Halfords: a sz\u00fcl\u0151k dolg\u00e1t megk\u00f6nny\u00edtend\u0151 \u0151k maguk parkoltatj\u00e1k az aj\u00e1nd\u00e9knak sz\u00e1nt ker\u00e9kp\u00e1rokat, nehogy a \u201ekincsvad\u00e1szatra\u201d indul\u00f3 lurk\u00f3k otthon id\u0151 el\u0151tt r\u00e1tal\u00e1ljanak a nagy meglepet\u00e9sre.<\/strong><!--more--><\/p>\n<p>Nem mindennapi \u00faj szolg\u00e1ltat\u00e1ssal rukkolt el\u0151 az Egyes\u00fclt Kir\u00e1lys\u00e1g egyik n\u00e9pszer\u0171 ker\u00e9kp\u00e1r- \u00e9s aut\u00f3ipari kiskeresked\u0151je, a Halfords. A brit bolt el\u0151zetes felm\u00e9r\u00e9sei alapj\u00e1n a szigetorsz\u00e1g sz\u00fcl\u0151inek mintegy harminc sz\u00e1zal\u00e9ka tervez id\u00e9n kar\u00e1csonyra ker\u00e9kp\u00e1rt aj\u00e1nd\u00e9kozni gyermek\u00e9nek, ami csak az \u00fcnnepet megel\u0151z\u0151 h\u00e9ten t\u00f6bb t\u00edzezer megrendel\u00e9st jelent. A koronav\u00edrus-j\u00e1rv\u00e1ny tanuls\u00e1gai nyom\u00e1n ez els\u0151re eleve teljes\u00edthetetlennek t\u0171nt, hiszen az elm\u00falt k\u00e9t \u00e9vben a ker\u00e9kp\u00e1rok ir\u00e1nt val\u00f3 ugr\u00e1sszer\u0171 ig\u00e9nyn\u00f6veked\u00e9s, valamint ezzel p\u00e1rhuzamosan a pand\u00e9mia miatt kialakult logisztikai neh\u00e9zs\u00e9gek \u00e9s gy\u00e1rbez\u00e1r\u00e1sok sok helyen komoly hi\u00e1nycikkekk\u00e9 tett\u00e9k a bring\u00e1kat. A Halfords azonban el\u0151sz\u00f6r is megnyugtatta az agg\u00f3d\u00f3 sz\u00fcl\u0151ket, hogy b\u00edrni fogj\u00e1k a rohamot, m\u00e1sfel\u0151l pedig bejelentettek egy \u00faj, speci\u00e1lis szolg\u00e1ltat\u00e1st, amelynek l\u00e9tjogosults\u00e1g\u00e1t \u00fajabb m\u00f3k\u00e1s felm\u00e9r\u00e9sekkel t\u00e1masztott\u00e1k al\u00e1.<\/p>\n<figure id=\"attachment_13276\" aria-describedby=\"caption-attachment-13276\" style=\"width: 1024px\" class=\"wp-caption alignnone\"><a href=\"https:\/\/d2p6e6u75xmxt8.cloudfront.net\/12\/2021\/12\/2_halfords-cikkbe.jpg\"><img loading=\"lazy\" decoding=\"async\" class=\"wp-image-13276 size-full\" src=\"https:\/\/d2p6e6u75xmxt8.cloudfront.net\/12\/2021\/12\/2_halfords-cikkbe.jpg\" alt=\"\" width=\"1024\" height=\"683\" srcset=\"https:\/\/d2p6e6u75xmxt8.cloudfront.net\/12\/2021\/12\/2_halfords-cikkbe.jpg 1024w, https:\/\/d2p6e6u75xmxt8.cloudfront.net\/12\/2021\/12\/2_halfords-cikkbe-300x200.jpg 300w, https:\/\/d2p6e6u75xmxt8.cloudfront.net\/12\/2021\/12\/2_halfords-cikkbe-768x512.jpg 768w, https:\/\/d2p6e6u75xmxt8.cloudfront.net\/12\/2021\/12\/2_halfords-cikkbe-272x182.jpg 272w\" sizes=\"auto, (max-width: 1024px) 100vw, 1024px\" \/><\/a><figcaption id=\"caption-attachment-13276\" class=\"wp-caption-text\">fot\u00f3: Shutterstock<\/figcaption><\/figure>\n<p>Arr\u00f3l van sz\u00f3, hogy az \u00fczlet meghirdette a \u201eMikul\u00e1s ker\u00e9kp\u00e1rt\u00e1rol\u00f3ja\u201d nev\u0171 akci\u00f3j\u00e1t (az angolsz\u00e1sz orsz\u00e1gokban a Mikul\u00e1s hozza az aj\u00e1nd\u00e9kokat kar\u00e1csonykor), amely arra szolg\u00e1l, hogy azok a sz\u00fcl\u0151k sz\u00e1m\u00e1ra, akik ig\u00e9nylik, a m\u00e1r megrendelt kisbring\u00e1kat elt\u00e1rolja a bolt kar\u00e1csony estig, nehogy odahaza a k\u00edv\u00e1ncsi f\u00fcrk\u00e9sz\u0151 szemek id\u0151 el\u0151tt kisz\u00farj\u00e1k a meglepet\u00e9st. A Halfords felm\u00e9r\u00e9se szerint ugyanis a brit gyerekek 55%-a indul \u201ekincskeres\u00e9sre\u201d a kar\u00e1csony est\u00e9j\u00e9t megel\u0151z\u0151en, \u00e9s a vad\u00e1szat az esetek gyakorlatilag fel\u00e9ben, 49%-\u00e1ban sikerrel is j\u00e1r \u2013 egy ker\u00e9kp\u00e1rm\u00e9ret\u0171 dolgot pedig m\u00e9g nehezebb rendesen elrejteni otthon a n\u00e9gy fal k\u00f6z\u00f6tt. Ez pedig innent\u0151l meg\u00e1ll\u00edthatatlan lavin\u00e1t ind\u00edt el: az \u00e9lelmes gyermekek 21%-a \u00e1ll\u00edt\u00f3lag nemcsak, hogy megk\u00e9rd\u0151jelezi a Mikul\u00e1s l\u00e9tez\u00e9s\u00e9t, de 11%-uk egyenesen arra is r\u00e1j\u00f6n, hogy v\u00e9gig a sz\u00fcl\u0151k j\u00e1tszott\u00e1k a nagyszak\u00e1ll\u00fa pirosruh\u00e1s szerep\u00e9t. Ezt pedig senki sem akarhatja!<\/p>\n<p><em>Bor\u00edt\u00f3k\u00e9p: Newscast Online Limited I Alamy<\/em><\/p>\n","protected":false},"excerpt":{"rendered":"<p>M\u00f3k\u00e1s \u00faj\u00edt\u00e1st vezetett be a kar\u00e1csony el\u0151tt t\u00f6bb t\u00edzezres rohamra sz\u00e1m\u00edt\u00f3 Halfords: a sz\u00fcl\u0151k dolg\u00e1t megk\u00f6nny\u00edtend\u0151 \u0151k maguk parkoltatj\u00e1k az [&hellip;]<\/p>\n","protected":false},"author":71,"featured_media":13277,"comment_status":"open","ping_status":"open","sticky":false,"template":"","format":"standard","meta":{"footnotes":""},"categories":[12],"tags":[],"global-categories":[],"class_list":["post-13275","post","type-post","status-publish","format-standard","has-post-thumbnail","hentry","category-kozosseg-es-kultura"],"yoast_head":"<!-- This site is optimized with the Yoast SEO Premium plugin v25.3 (Yoast SEO v25.9) - https:\/\/yoast.com\/wordpress\/plugins\/seo\/ -->\n<title>Elrejti a gyerekek k\u00edv\u00e1ncsi szemei el\u0151l az \u00fajonnan rendelt kar\u00e1csonyi kisbring\u00e1kat egy brit bolt<\/title>\n<meta name=\"description\" content=\"M\u00f3k\u00e1s \u00faj\u00edt\u00e1st vezetett be a kar\u00e1csony el\u0151tt t\u00f6bb t\u00edzezres rohamra sz\u00e1m\u00edt\u00f3 Halfords: a sz\u00fcl\u0151k dolg\u00e1t megk\u00f6nny\u00edtend\u0151 \u0151k maguk parkoltatj\u00e1k az aj\u00e1nd\u00e9knak sz\u00e1nt ker\u00e9kp\u00e1rokat, nehogy a \u201ekincsvad\u00e1szatra\u201d indul\u00f3 lurk\u00f3k otthon id\u0151 el\u0151tt r\u00e1tal\u00e1ljanak a nagy meglepet\u00e9sre.\" \/>\n<meta name=\"robots\" content=\"index, follow, max-snippet:-1, max-image-preview:large, max-video-preview:-1\" \/>\n<link rel=\"canonical\" href=\"https:\/\/www.welovecycling.com\/hu\/kozosseg-es-kultura\/elrejti-a-gyerekek-kivancsi-szemei-elol-az-ujonnan-rendelt-karacsonyi-kisbringakat-egy-brit-bolt\/\" \/>\n<meta property=\"og:locale\" content=\"hu_HU\" \/>\n<meta property=\"og:type\" content=\"article\" \/>\n<meta property=\"og:title\" content=\"Elrejti a gyerekek k\u00edv\u00e1ncsi szemei el\u0151l az \u00fajonnan rendelt kar\u00e1csonyi kisbring\u00e1kat egy brit bolt\" \/>\n<meta property=\"og:description\" content=\"M\u00f3k\u00e1s \u00faj\u00edt\u00e1st vezetett be a kar\u00e1csony el\u0151tt t\u00f6bb t\u00edzezres rohamra sz\u00e1m\u00edt\u00f3 Halfords: a sz\u00fcl\u0151k dolg\u00e1t megk\u00f6nny\u00edtend\u0151 \u0151k maguk parkoltatj\u00e1k az aj\u00e1nd\u00e9knak sz\u00e1nt ker\u00e9kp\u00e1rokat, nehogy a \u201ekincsvad\u00e1szatra\u201d indul\u00f3 lurk\u00f3k otthon id\u0151 el\u0151tt r\u00e1tal\u00e1ljanak a nagy meglepet\u00e9sre.\" \/>\n<meta property=\"og:url\" content=\"https:\/\/www.welovecycling.com\/hu\/kozosseg-es-kultura\/elrejti-a-gyerekek-kivancsi-szemei-elol-az-ujonnan-rendelt-karacsonyi-kisbringakat-egy-brit-bolt\/\" \/>\n<meta property=\"og:site_name\" content=\"\u0160koda We Love Cycling - Magyarorsz\u00e1g\" \/>\n<meta property=\"article:publisher\" content=\"https:\/\/www.facebook.com\/WeLoveCyclingHungary\/\" \/>\n<meta property=\"article:published_time\" content=\"2021-12-24T13:00:15+00:00\" \/>\n<meta property=\"og:image\" content=\"https:\/\/d2p6e6u75xmxt8.cloudfront.net\/12\/2021\/12\/2_halfords-borito.jpg\" \/>\n\t<meta property=\"og:image:width\" content=\"1200\" \/>\n\t<meta property=\"og:image:height\" content=\"720\" \/>\n\t<meta property=\"og:image:type\" content=\"image\/jpeg\" \/>\n<meta name=\"author\" content=\"hegyizs\" \/>\n<meta name=\"twitter:card\" content=\"summary_large_image\" \/>\n<meta name=\"twitter:label1\" content=\"Written by\" \/>\n\t<meta name=\"twitter:data1\" content=\"WLC\" \/>\n\t<meta name=\"twitter:label2\" content=\"Est. reading time\" \/>\n\t<meta name=\"twitter:data2\" content=\"2 minutes\" \/>\n<script type=\"application\/ld+json\" class=\"yoast-schema-graph\">{\"@context\":\"https:\/\/schema.org\",\"@graph\":[{\"@type\":\"WebPage\",\"@id\":\"https:\/\/www.welovecycling.com\/hu\/kozosseg-es-kultura\/elrejti-a-gyerekek-kivancsi-szemei-elol-az-ujonnan-rendelt-karacsonyi-kisbringakat-egy-brit-bolt\/\",\"url\":\"https:\/\/www.welovecycling.com\/hu\/kozosseg-es-kultura\/elrejti-a-gyerekek-kivancsi-szemei-elol-az-ujonnan-rendelt-karacsonyi-kisbringakat-egy-brit-bolt\/\",\"name\":\"Elrejti a gyerekek k\u00edv\u00e1ncsi szemei el\u0151l az \u00fajonnan rendelt kar\u00e1csonyi kisbring\u00e1kat egy brit bolt\",\"isPartOf\":{\"@id\":\"https:\/\/www.welovecycling.com\/hu\/#website\"},\"primaryImageOfPage\":{\"@id\":\"https:\/\/www.welovecycling.com\/hu\/kozosseg-es-kultura\/elrejti-a-gyerekek-kivancsi-szemei-elol-az-ujonnan-rendelt-karacsonyi-kisbringakat-egy-brit-bolt\/#primaryimage\"},\"image\":{\"@id\":\"https:\/\/www.welovecycling.com\/hu\/kozosseg-es-kultura\/elrejti-a-gyerekek-kivancsi-szemei-elol-az-ujonnan-rendelt-karacsonyi-kisbringakat-egy-brit-bolt\/#primaryimage\"},\"thumbnailUrl\":\"https:\/\/d2p6e6u75xmxt8.cloudfront.net\/12\/2021\/12\/2_halfords-borito.jpg\",\"datePublished\":\"2021-12-24T13:00:15+00:00\",\"author\":{\"@id\":\"https:\/\/www.welovecycling.com\/hu\/#\/schema\/person\/414a2aebf1801691a5320edb6468e194\"},\"description\":\"M\u00f3k\u00e1s \u00faj\u00edt\u00e1st vezetett be a kar\u00e1csony el\u0151tt t\u00f6bb t\u00edzezres rohamra sz\u00e1m\u00edt\u00f3 Halfords: a sz\u00fcl\u0151k dolg\u00e1t megk\u00f6nny\u00edtend\u0151 \u0151k maguk parkoltatj\u00e1k az aj\u00e1nd\u00e9knak sz\u00e1nt ker\u00e9kp\u00e1rokat, nehogy a \u201ekincsvad\u00e1szatra\u201d indul\u00f3 lurk\u00f3k otthon id\u0151 el\u0151tt r\u00e1tal\u00e1ljanak a nagy meglepet\u00e9sre.\",\"breadcrumb\":{\"@id\":\"https:\/\/www.welovecycling.com\/hu\/kozosseg-es-kultura\/elrejti-a-gyerekek-kivancsi-szemei-elol-az-ujonnan-rendelt-karacsonyi-kisbringakat-egy-brit-bolt\/#breadcrumb\"},\"inLanguage\":\"hu\",\"potentialAction\":[{\"@type\":\"ReadAction\",\"target\":[\"https:\/\/www.welovecycling.com\/hu\/kozosseg-es-kultura\/elrejti-a-gyerekek-kivancsi-szemei-elol-az-ujonnan-rendelt-karacsonyi-kisbringakat-egy-brit-bolt\/\"]}]},{\"@type\":\"ImageObject\",\"inLanguage\":\"hu\",\"@id\":\"https:\/\/www.welovecycling.com\/hu\/kozosseg-es-kultura\/elrejti-a-gyerekek-kivancsi-szemei-elol-az-ujonnan-rendelt-karacsonyi-kisbringakat-egy-brit-bolt\/#primaryimage\",\"url\":\"https:\/\/d2p6e6u75xmxt8.cloudfront.net\/12\/2021\/12\/2_halfords-borito.jpg\",\"contentUrl\":\"https:\/\/d2p6e6u75xmxt8.cloudfront.net\/12\/2021\/12\/2_halfords-borito.jpg\",\"width\":1200,\"height\":720},{\"@type\":\"BreadcrumbList\",\"@id\":\"https:\/\/www.welovecycling.com\/hu\/kozosseg-es-kultura\/elrejti-a-gyerekek-kivancsi-szemei-elol-az-ujonnan-rendelt-karacsonyi-kisbringakat-egy-brit-bolt\/#breadcrumb\",\"itemListElement\":[{\"@type\":\"ListItem\",\"position\":1,\"name\":\"Home\",\"item\":\"https:\/\/www.welovecycling.com\/hu\/\"},{\"@type\":\"ListItem\",\"position\":2,\"name\":\"Elrejti a gyerekek k\u00edv\u00e1ncsi szemei el\u0151l az \u00fajonnan rendelt kar\u00e1csonyi kisbring\u00e1kat egy brit bolt\"}]},{\"@type\":\"WebSite\",\"@id\":\"https:\/\/www.welovecycling.com\/hu\/#website\",\"url\":\"https:\/\/www.welovecycling.com\/hu\/\",\"name\":\"\u0160koda We Love Cycling - Magyarorsz\u00e1g\",\"description\":\"\u0160koda WeLoveCycling\",\"potentialAction\":[{\"@type\":\"SearchAction\",\"target\":{\"@type\":\"EntryPoint\",\"urlTemplate\":\"https:\/\/www.welovecycling.com\/hu\/?s={search_term_string}\"},\"query-input\":{\"@type\":\"PropertyValueSpecification\",\"valueRequired\":true,\"valueName\":\"search_term_string\"}}],\"inLanguage\":\"hu\"},{\"@type\":\"Person\",\"@id\":\"https:\/\/www.welovecycling.com\/hu\/#\/schema\/person\/414a2aebf1801691a5320edb6468e194\",\"name\":\"hegyizs\",\"image\":{\"@type\":\"ImageObject\",\"inLanguage\":\"hu\",\"@id\":\"https:\/\/www.welovecycling.com\/hu\/#\/schema\/person\/image\/\",\"url\":\"https:\/\/secure.gravatar.com\/avatar\/02cf8a7906b8cf90cecb4679defac7cfd33a1c2e3b88e4903d947f3bb58eedd3?s=96&d=mm&r=g\",\"contentUrl\":\"https:\/\/secure.gravatar.com\/avatar\/02cf8a7906b8cf90cecb4679defac7cfd33a1c2e3b88e4903d947f3bb58eedd3?s=96&d=mm&r=g\",\"caption\":\"hegyizs\"},\"url\":\"https:\/\/www.welovecycling.com\/hu\/author\/hegyizs\/\"}]}<\/script>\n<!-- \/ Yoast SEO Premium plugin. -->","yoast_head_json":{"title":"Elrejti a gyerekek k\u00edv\u00e1ncsi szemei el\u0151l az \u00fajonnan rendelt kar\u00e1csonyi kisbring\u00e1kat egy brit bolt","description":"M\u00f3k\u00e1s \u00faj\u00edt\u00e1st vezetett be a kar\u00e1csony el\u0151tt t\u00f6bb t\u00edzezres rohamra sz\u00e1m\u00edt\u00f3 Halfords: a sz\u00fcl\u0151k dolg\u00e1t megk\u00f6nny\u00edtend\u0151 \u0151k maguk parkoltatj\u00e1k az aj\u00e1nd\u00e9knak sz\u00e1nt ker\u00e9kp\u00e1rokat, nehogy a \u201ekincsvad\u00e1szatra\u201d indul\u00f3 lurk\u00f3k otthon id\u0151 el\u0151tt r\u00e1tal\u00e1ljanak a nagy meglepet\u00e9sre.","robots":{"index":"index","follow":"follow","max-snippet":"max-snippet:-1","max-image-preview":"max-image-preview:large","max-video-preview":"max-video-preview:-1"},"canonical":"https:\/\/www.welovecycling.com\/hu\/kozosseg-es-kultura\/elrejti-a-gyerekek-kivancsi-szemei-elol-az-ujonnan-rendelt-karacsonyi-kisbringakat-egy-brit-bolt\/","og_locale":"hu_HU","og_type":"article","og_title":"Elrejti a gyerekek k\u00edv\u00e1ncsi szemei el\u0151l az \u00fajonnan rendelt kar\u00e1csonyi kisbring\u00e1kat egy brit bolt","og_description":"M\u00f3k\u00e1s \u00faj\u00edt\u00e1st vezetett be a kar\u00e1csony el\u0151tt t\u00f6bb t\u00edzezres rohamra sz\u00e1m\u00edt\u00f3 Halfords: a sz\u00fcl\u0151k dolg\u00e1t megk\u00f6nny\u00edtend\u0151 \u0151k maguk parkoltatj\u00e1k az aj\u00e1nd\u00e9knak sz\u00e1nt ker\u00e9kp\u00e1rokat, nehogy a \u201ekincsvad\u00e1szatra\u201d indul\u00f3 lurk\u00f3k otthon id\u0151 el\u0151tt r\u00e1tal\u00e1ljanak a nagy meglepet\u00e9sre.","og_url":"https:\/\/www.welovecycling.com\/hu\/kozosseg-es-kultura\/elrejti-a-gyerekek-kivancsi-szemei-elol-az-ujonnan-rendelt-karacsonyi-kisbringakat-egy-brit-bolt\/","og_site_name":"\u0160koda We Love Cycling - Magyarorsz\u00e1g","article_publisher":"https:\/\/www.facebook.com\/WeLoveCyclingHungary\/","article_published_time":"2021-12-24T13:00:15+00:00","og_image":[{"width":1200,"height":720,"url":"https:\/\/d2p6e6u75xmxt8.cloudfront.net\/12\/2021\/12\/2_halfords-borito.jpg","type":"image\/jpeg"}],"author":"hegyizs","twitter_card":"summary_large_image","twitter_misc":{"Written by":"WLC","Est. reading time":"2 minutes"},"schema":{"@context":"https:\/\/schema.org","@graph":[{"@type":"WebPage","@id":"https:\/\/www.welovecycling.com\/hu\/kozosseg-es-kultura\/elrejti-a-gyerekek-kivancsi-szemei-elol-az-ujonnan-rendelt-karacsonyi-kisbringakat-egy-brit-bolt\/","url":"https:\/\/www.welovecycling.com\/hu\/kozosseg-es-kultura\/elrejti-a-gyerekek-kivancsi-szemei-elol-az-ujonnan-rendelt-karacsonyi-kisbringakat-egy-brit-bolt\/","name":"Elrejti a gyerekek k\u00edv\u00e1ncsi szemei el\u0151l az \u00fajonnan rendelt kar\u00e1csonyi kisbring\u00e1kat egy brit bolt","isPartOf":{"@id":"https:\/\/www.welovecycling.com\/hu\/#website"},"primaryImageOfPage":{"@id":"https:\/\/www.welovecycling.com\/hu\/kozosseg-es-kultura\/elrejti-a-gyerekek-kivancsi-szemei-elol-az-ujonnan-rendelt-karacsonyi-kisbringakat-egy-brit-bolt\/#primaryimage"},"image":{"@id":"https:\/\/www.welovecycling.com\/hu\/kozosseg-es-kultura\/elrejti-a-gyerekek-kivancsi-szemei-elol-az-ujonnan-rendelt-karacsonyi-kisbringakat-egy-brit-bolt\/#primaryimage"},"thumbnailUrl":"https:\/\/d2p6e6u75xmxt8.cloudfront.net\/12\/2021\/12\/2_halfords-borito.jpg","datePublished":"2021-12-24T13:00:15+00:00","author":{"@id":"https:\/\/www.welovecycling.com\/hu\/#\/schema\/person\/414a2aebf1801691a5320edb6468e194"},"description":"M\u00f3k\u00e1s \u00faj\u00edt\u00e1st vezetett be a kar\u00e1csony el\u0151tt t\u00f6bb t\u00edzezres rohamra sz\u00e1m\u00edt\u00f3 Halfords: a sz\u00fcl\u0151k dolg\u00e1t megk\u00f6nny\u00edtend\u0151 \u0151k maguk parkoltatj\u00e1k az aj\u00e1nd\u00e9knak sz\u00e1nt ker\u00e9kp\u00e1rokat, nehogy a \u201ekincsvad\u00e1szatra\u201d indul\u00f3 lurk\u00f3k otthon id\u0151 el\u0151tt r\u00e1tal\u00e1ljanak a nagy meglepet\u00e9sre.","breadcrumb":{"@id":"https:\/\/www.welovecycling.com\/hu\/kozosseg-es-kultura\/elrejti-a-gyerekek-kivancsi-szemei-elol-az-ujonnan-rendelt-karacsonyi-kisbringakat-egy-brit-bolt\/#breadcrumb"},"inLanguage":"hu","potentialAction":[{"@type":"ReadAction","target":["https:\/\/www.welovecycling.com\/hu\/kozosseg-es-kultura\/elrejti-a-gyerekek-kivancsi-szemei-elol-az-ujonnan-rendelt-karacsonyi-kisbringakat-egy-brit-bolt\/"]}]},{"@type":"ImageObject","inLanguage":"hu","@id":"https:\/\/www.welovecycling.com\/hu\/kozosseg-es-kultura\/elrejti-a-gyerekek-kivancsi-szemei-elol-az-ujonnan-rendelt-karacsonyi-kisbringakat-egy-brit-bolt\/#primaryimage","url":"https:\/\/d2p6e6u75xmxt8.cloudfront.net\/12\/2021\/12\/2_halfords-borito.jpg","contentUrl":"https:\/\/d2p6e6u75xmxt8.cloudfront.net\/12\/2021\/12\/2_halfords-borito.jpg","width":1200,"height":720},{"@type":"BreadcrumbList","@id":"https:\/\/www.welovecycling.com\/hu\/kozosseg-es-kultura\/elrejti-a-gyerekek-kivancsi-szemei-elol-az-ujonnan-rendelt-karacsonyi-kisbringakat-egy-brit-bolt\/#breadcrumb","itemListElement":[{"@type":"ListItem","position":1,"name":"Home","item":"https:\/\/www.welovecycling.com\/hu\/"},{"@type":"ListItem","position":2,"name":"Elrejti a gyerekek k\u00edv\u00e1ncsi szemei el\u0151l az \u00fajonnan rendelt kar\u00e1csonyi kisbring\u00e1kat egy brit bolt"}]},{"@type":"WebSite","@id":"https:\/\/www.welovecycling.com\/hu\/#website","url":"https:\/\/www.welovecycling.com\/hu\/","name":"\u0160koda We Love Cycling - Magyarorsz\u00e1g","description":"\u0160koda WeLoveCycling","potentialAction":[{"@type":"SearchAction","target":{"@type":"EntryPoint","urlTemplate":"https:\/\/www.welovecycling.com\/hu\/?s={search_term_string}"},"query-input":{"@type":"PropertyValueSpecification","valueRequired":true,"valueName":"search_term_string"}}],"inLanguage":"hu"},{"@type":"Person","@id":"https:\/\/www.welovecycling.com\/hu\/#\/schema\/person\/414a2aebf1801691a5320edb6468e194","name":"hegyizs","image":{"@type":"ImageObject","inLanguage":"hu","@id":"https:\/\/www.welovecycling.com\/hu\/#\/schema\/person\/image\/","url":"https:\/\/secure.gravatar.com\/avatar\/02cf8a7906b8cf90cecb4679defac7cfd33a1c2e3b88e4903d947f3bb58eedd3?s=96&d=mm&r=g","contentUrl":"https:\/\/secure.gravatar.com\/avatar\/02cf8a7906b8cf90cecb4679defac7cfd33a1c2e3b88e4903d947f3bb58eedd3?s=96&d=mm&r=g","caption":"hegyizs"},"url":"https:\/\/www.welovecycling.com\/hu\/author\/hegyizs\/"}]}},"_links":{"self":[{"href":"https:\/\/www.welovecycling.com\/hu\/wp-json\/wp\/v2\/posts\/13275","targetHints":{"allow":["GET"]}}],"collection":[{"href":"https:\/\/www.welovecycling.com\/hu\/wp-json\/wp\/v2\/posts"}],"about":[{"href":"https:\/\/www.welovecycling.com\/hu\/wp-json\/wp\/v2\/types\/post"}],"author":[{"embeddable":true,"href":"https:\/\/www.welovecycling.com\/hu\/wp-json\/wp\/v2\/users\/71"}],"replies":[{"embeddable":true,"href":"https:\/\/www.welovecycling.com\/hu\/wp-json\/wp\/v2\/comments?post=13275"}],"version-history":[{"count":1,"href":"https:\/\/www.welovecycling.com\/hu\/wp-json\/wp\/v2\/posts\/13275\/revisions"}],"predecessor-version":[{"id":13278,"href":"https:\/\/www.welovecycling.com\/hu\/wp-json\/wp\/v2\/posts\/13275\/revisions\/13278"}],"wp:featuredmedia":[{"embeddable":true,"href":"https:\/\/www.welovecycling.com\/hu\/wp-json\/wp\/v2\/media\/13277"}],"wp:attachment":[{"href":"https:\/\/www.welovecycling.com\/hu\/wp-json\/wp\/v2\/media?parent=13275"}],"wp:term":[{"taxonomy":"category","embeddable":true,"href":"https:\/\/www.welovecycling.com\/hu\/wp-json\/wp\/v2\/categories?post=13275"},{"taxonomy":"post_tag","embeddable":true,"href":"https:\/\/www.welovecycling.com\/hu\/wp-json\/wp\/v2\/tags?post=13275"},{"taxonomy":"global-categories","embeddable":true,"href":"https:\/\/www.welovecycling.com\/hu\/wp-json\/wp\/v2\/global-categories?post=13275"}],"curies":[{"name":"wp","href":"https:\/\/api.w.org\/{rel}","templated":true}]}}