{"id":13264,"date":"2021-12-25T15:00:27","date_gmt":"2021-12-25T13:00:27","guid":{"rendered":"https:\/\/www.welovecycling.com\/hu\/?p=13264"},"modified":"2021-12-17T17:18:16","modified_gmt":"2021-12-17T15:18:16","slug":"ti-kerdeztetek-buzsaki-virag-valaszolt-bringazz-felelek-3-resz","status":"publish","type":"post","link":"https:\/\/www.welovecycling.com\/hu\/bringazz-felelek\/ti-kerdeztetek-buzsaki-virag-valaszolt-bringazz-felelek-3-resz\/","title":{"rendered":"Ti k\u00e9rdeztetek, Buzs\u00e1ki Vir\u00e1g v\u00e1laszolt! \u2013 Bring\u00e1zz-Felelek 3. r\u00e9sz"},"content":{"rendered":"<p><strong>Mindenki, akinek szenved\u00e9lye a bicikliz\u00e9s, azt szeretn\u00e9, ha siker\u00fclne a sport sz\u00e9ps\u00e9geit gyermek\u00e9nek is megmutatnia. De m\u00e9gis hogyan? \u00c9rdemes edz\u00e9sre vinni a kicsiket? \u00c9s mi van akkor, ha csemet\u00e9nk ellen\u00e1ll \u00e9s egy\u00e1ltal\u00e1n nem szeretne biciklizni? Buzs\u00e1ki Vir\u00e1g, ker\u00e9kp\u00e1rversenyz\u0151 \u00e9s edz\u0151 k\u00f6nt\u00f6rfalaz\u00e1s n\u00e9lk\u00fcl v\u00e1laszolt a feltett k\u00e9rd\u00e9seitekre.<\/strong><!--more--><\/p>\n<p>Term\u00e9szetesen sok v\u00e1lasz kezd\u0151dik \u00fagy, hogy <em>\u201eatt\u00f3l f\u00fcgg\u201d,<\/em> de ez nemhogy nem von le a tan\u00e1csok \u00e9rt\u00e9k\u00e9b\u0151l, hanem Vir\u00e1g profizmus\u00e1t \u00e9s elk\u00f6telezetts\u00e9g\u00e9t mutatja: minden gyerekben az egy\u00e9nis\u00e9get l\u00e1tja, \u00e9s \u00fagy kezeli \u0151ket, hogy a lehet\u0151 legt\u00f6bbet hozza ki bel\u0151l\u00fck \u2013 ez pedig nem az els\u0151 hely egy amat\u0151r junior versenyen, hanem a sporthoz val\u00f3 ragaszkod\u00e1s.<\/p>\n<p>Vir\u00e1gban egy nagyon \u0151szinte \u00e9s nyitott edz\u0151t ismert\u00fcnk meg, aki tudja, mit csin\u00e1l: nem elfogult a ker\u00e9kp\u00e1roz\u00e1ssal, nem tan\u00e1csolja p\u00e9ld\u00e1ul azt, hogy mindenk\u00e9pp vidd el edz\u00e9sre a gyerekedet, \u00e9s azt sem, hogy parancsolj r\u00e1, ha nem akar menni. Ellenben szuper tippeket ad a motiv\u00e1l\u00e1sra!<\/p>\n<p><em>\u201e[A bicikliz\u00e9s] nem jobb \u00e9s nem rosszabb egyik sportn\u00e1l sem\u201d<\/em> \u2013 mondta Vir\u00e1g. Hozz\u00e1tette azonban, hogy a ker\u00e9kp\u00e1roz\u00e1sban egyes\u00fcl a csapatsportoknak \u00e9s az egy\u00e9ni sportoknak minden el\u0151nye, r\u00e1ad\u00e1sul a figyelemzavaros gyerekeknek is seg\u00edt fejleszteni a koncentr\u00e1ci\u00f3s k\u00e9pess\u00e9g\u00e9t. A versenyz\u00e9sr\u0151l, amir\u0151l tal\u00e1n a legt\u00f6bb tapasztalata van \u2013 hiszen \u0151 maga is m\u00e1r 10 \u00e9vesen gy\u0171jt\u00f6tte az \u00e9rmeket \u2013 \u00edgy nyilatkozik:<\/p>\n<p><em>\u201eAz egyszer\u0171 kis izgul\u00e1s t\u00f6k j\u00f3, az kell [a gyereknek], de ha m\u00e1r stresszel, az r\u00e9g rossz. \u00c9rdemes le\u00fclni ilyen esetben vele besz\u00e9lgetni vagy elvinni sportpszichol\u00f3gushoz, ha komoly tervei vannak a sporttal.\u201d<\/em><\/p>\n<p>Ha pedig ink\u00e1bb hobbiszer\u0171en szeretne bring\u00e1zni, akkor nem kell er\u0151ltetni sem a versenyz\u00e9st, sem az edz\u00e9sre j\u00e1r\u00e1st, b\u00e1r mind a kett\u0151 hatalmas \u00e9lm\u00e9ny \u00e9s rengeteg k\u00e9pess\u00e9ggel gazdag\u00edtja a gyerekek \u00e9let\u00e9t. F\u0151leg egy j\u00f3fej edz\u0151vel!<\/p>\n<p>Szerint\u00fcnk egy nagyon \u00e9rt\u00e9kes \u00e9s inform\u00e1ci\u00f3d\u00fas besz\u00e9lget\u00e9sen vagyunk t\u00fal Vir\u00e1ggal, amit ez\u00faton is k\u00f6sz\u00f6n\u00fcnk! Ha vannak m\u00e9g k\u00e9rd\u00e9seitek a t\u00e9m\u00e1val kapcsolatban vagy szeretn\u00e9tek beiratni gyermeketeket Vir\u00e1ghoz, el\u00e9ritek a <a href=\"mailto:buzsaki.virag@gmail.com\">buzsaki.virag@gmail.com<\/a> e-mail c\u00edmen!<\/p>\n<p>Hamarosan bemutatjuk a Bring\u00e1zz-Felelek k\u00f6vetkez\u0151 szak\u00e9rt\u0151j\u00e9t, akit\u0151l k\u00e9rdezhettek majd, addig is \u00edrj\u00e1tok meg nek\u00fcnk, kivel, milyen t\u00e9m\u00e1ban szeretn\u00e9tek hasonl\u00f3 vide\u00f3t l\u00e1tni!<\/p>\n","protected":false},"excerpt":{"rendered":"<p>Mindenki, akinek szenved\u00e9lye a bicikliz\u00e9s, azt szeretn\u00e9, ha siker\u00fclne a sport sz\u00e9ps\u00e9geit gyermek\u00e9nek is megmutatnia. De m\u00e9gis hogyan? \u00c9rdemes edz\u00e9sre [&hellip;]<\/p>\n","protected":false},"author":71,"featured_media":13266,"comment_status":"open","ping_status":"open","sticky":false,"template":"","format":"video","meta":{"footnotes":""},"categories":[464],"tags":[],"global-categories":[],"class_list":["post-13264","post","type-post","status-publish","format-video","has-post-thumbnail","hentry","category-bringazz-felelek","post_format-post-format-video"],"yoast_head":"<!-- This site is optimized with the Yoast SEO Premium plugin v25.3 (Yoast SEO v25.9) - https:\/\/yoast.com\/wordpress\/plugins\/seo\/ -->\n<title>Ti k\u00e9rdeztetek, Buzs\u00e1ki Vir\u00e1g v\u00e1laszolt! \u2013 Bring\u00e1zz-Felelek 3. r\u00e9sz<\/title>\n<meta name=\"description\" content=\"Mindenki, akinek szenved\u00e9lye a bicikliz\u00e9s, azt szeretn\u00e9, ha siker\u00fclne a sport sz\u00e9ps\u00e9geit gyermek\u00e9nek is megmutatnia. De m\u00e9gis hogyan? \u00c9rdemes edz\u00e9sre vinni a kicsiket? \u00c9s mi van akkor, ha csemet\u00e9nk ellen\u00e1ll \u00e9s egy\u00e1ltal\u00e1n nem szeretne biciklizni? Buzs\u00e1ki Vir\u00e1g, ker\u00e9kp\u00e1rversenyz\u0151 \u00e9s edz\u0151 k\u00f6nt\u00f6rfalaz\u00e1s n\u00e9lk\u00fcl v\u00e1laszolt a feltett k\u00e9rd\u00e9seitekre.\" \/>\n<meta name=\"robots\" content=\"index, follow, max-snippet:-1, max-image-preview:large, max-video-preview:-1\" \/>\n<link rel=\"canonical\" href=\"https:\/\/www.welovecycling.com\/hu\/bringazz-felelek\/ti-kerdeztetek-buzsaki-virag-valaszolt-bringazz-felelek-3-resz\/\" \/>\n<meta property=\"og:locale\" content=\"hu_HU\" \/>\n<meta property=\"og:type\" content=\"article\" \/>\n<meta property=\"og:title\" content=\"Ti k\u00e9rdeztetek, Buzs\u00e1ki Vir\u00e1g v\u00e1laszolt! \u2013 Bring\u00e1zz-Felelek 3. r\u00e9sz\" \/>\n<meta property=\"og:description\" content=\"Mindenki, akinek szenved\u00e9lye a bicikliz\u00e9s, azt szeretn\u00e9, ha siker\u00fclne a sport sz\u00e9ps\u00e9geit gyermek\u00e9nek is megmutatnia. De m\u00e9gis hogyan? \u00c9rdemes edz\u00e9sre vinni a kicsiket? \u00c9s mi van akkor, ha csemet\u00e9nk ellen\u00e1ll \u00e9s egy\u00e1ltal\u00e1n nem szeretne biciklizni? Buzs\u00e1ki Vir\u00e1g, ker\u00e9kp\u00e1rversenyz\u0151 \u00e9s edz\u0151 k\u00f6nt\u00f6rfalaz\u00e1s n\u00e9lk\u00fcl v\u00e1laszolt a feltett k\u00e9rd\u00e9seitekre.\" \/>\n<meta property=\"og:url\" content=\"https:\/\/www.welovecycling.com\/hu\/bringazz-felelek\/ti-kerdeztetek-buzsaki-virag-valaszolt-bringazz-felelek-3-resz\/\" \/>\n<meta property=\"og:site_name\" content=\"\u0160koda We Love Cycling - Magyarorsz\u00e1g\" \/>\n<meta property=\"article:publisher\" content=\"https:\/\/www.facebook.com\/WeLoveCyclingHungary\/\" \/>\n<meta property=\"article:published_time\" content=\"2021-12-25T13:00:27+00:00\" \/>\n<meta property=\"og:image\" content=\"https:\/\/d2p6e6u75xmxt8.cloudfront.net\/12\/2021\/12\/WL027_BF_BUZSAKI_VIRAG_FB_SINGLE_1200x628.png\" \/>\n\t<meta property=\"og:image:width\" content=\"1200\" \/>\n\t<meta property=\"og:image:height\" content=\"628\" \/>\n\t<meta property=\"og:image:type\" content=\"image\/png\" \/>\n<meta name=\"author\" content=\"hegyizs\" \/>\n<meta name=\"twitter:card\" content=\"summary_large_image\" \/>\n<meta name=\"twitter:label1\" content=\"Written by\" \/>\n\t<meta name=\"twitter:data1\" content=\"WLC\" \/>\n\t<meta name=\"twitter:label2\" content=\"Est. reading time\" \/>\n\t<meta name=\"twitter:data2\" content=\"2 minutes\" \/>\n<script type=\"application\/ld+json\" class=\"yoast-schema-graph\">{\"@context\":\"https:\/\/schema.org\",\"@graph\":[{\"@type\":\"WebPage\",\"@id\":\"https:\/\/www.welovecycling.com\/hu\/bringazz-felelek\/ti-kerdeztetek-buzsaki-virag-valaszolt-bringazz-felelek-3-resz\/\",\"url\":\"https:\/\/www.welovecycling.com\/hu\/bringazz-felelek\/ti-kerdeztetek-buzsaki-virag-valaszolt-bringazz-felelek-3-resz\/\",\"name\":\"Ti k\u00e9rdeztetek, Buzs\u00e1ki Vir\u00e1g v\u00e1laszolt! \u2013 Bring\u00e1zz-Felelek 3. r\u00e9sz\",\"isPartOf\":{\"@id\":\"https:\/\/www.welovecycling.com\/hu\/#website\"},\"primaryImageOfPage\":{\"@id\":\"https:\/\/www.welovecycling.com\/hu\/bringazz-felelek\/ti-kerdeztetek-buzsaki-virag-valaszolt-bringazz-felelek-3-resz\/#primaryimage\"},\"image\":{\"@id\":\"https:\/\/www.welovecycling.com\/hu\/bringazz-felelek\/ti-kerdeztetek-buzsaki-virag-valaszolt-bringazz-felelek-3-resz\/#primaryimage\"},\"thumbnailUrl\":\"https:\/\/d2p6e6u75xmxt8.cloudfront.net\/12\/2021\/12\/WL027_BF_BUZSAKI_VIRAG_CIKK_HEADER_1240x600.png\",\"datePublished\":\"2021-12-25T13:00:27+00:00\",\"author\":{\"@id\":\"https:\/\/www.welovecycling.com\/hu\/#\/schema\/person\/414a2aebf1801691a5320edb6468e194\"},\"description\":\"Mindenki, akinek szenved\u00e9lye a bicikliz\u00e9s, azt szeretn\u00e9, ha siker\u00fclne a sport sz\u00e9ps\u00e9geit gyermek\u00e9nek is megmutatnia. De m\u00e9gis hogyan? \u00c9rdemes edz\u00e9sre vinni a kicsiket? \u00c9s mi van akkor, ha csemet\u00e9nk ellen\u00e1ll \u00e9s egy\u00e1ltal\u00e1n nem szeretne biciklizni? Buzs\u00e1ki Vir\u00e1g, ker\u00e9kp\u00e1rversenyz\u0151 \u00e9s edz\u0151 k\u00f6nt\u00f6rfalaz\u00e1s n\u00e9lk\u00fcl v\u00e1laszolt a feltett k\u00e9rd\u00e9seitekre.\",\"breadcrumb\":{\"@id\":\"https:\/\/www.welovecycling.com\/hu\/bringazz-felelek\/ti-kerdeztetek-buzsaki-virag-valaszolt-bringazz-felelek-3-resz\/#breadcrumb\"},\"inLanguage\":\"hu\",\"potentialAction\":[{\"@type\":\"ReadAction\",\"target\":[\"https:\/\/www.welovecycling.com\/hu\/bringazz-felelek\/ti-kerdeztetek-buzsaki-virag-valaszolt-bringazz-felelek-3-resz\/\"]}]},{\"@type\":\"ImageObject\",\"inLanguage\":\"hu\",\"@id\":\"https:\/\/www.welovecycling.com\/hu\/bringazz-felelek\/ti-kerdeztetek-buzsaki-virag-valaszolt-bringazz-felelek-3-resz\/#primaryimage\",\"url\":\"https:\/\/d2p6e6u75xmxt8.cloudfront.net\/12\/2021\/12\/WL027_BF_BUZSAKI_VIRAG_CIKK_HEADER_1240x600.png\",\"contentUrl\":\"https:\/\/d2p6e6u75xmxt8.cloudfront.net\/12\/2021\/12\/WL027_BF_BUZSAKI_VIRAG_CIKK_HEADER_1240x600.png\",\"width\":1240,\"height\":600},{\"@type\":\"BreadcrumbList\",\"@id\":\"https:\/\/www.welovecycling.com\/hu\/bringazz-felelek\/ti-kerdeztetek-buzsaki-virag-valaszolt-bringazz-felelek-3-resz\/#breadcrumb\",\"itemListElement\":[{\"@type\":\"ListItem\",\"position\":1,\"name\":\"Home\",\"item\":\"https:\/\/www.welovecycling.com\/hu\/\"},{\"@type\":\"ListItem\",\"position\":2,\"name\":\"Ti k\u00e9rdeztetek, Buzs\u00e1ki Vir\u00e1g v\u00e1laszolt! \u2013 Bring\u00e1zz-Felelek 3. r\u00e9sz\"}]},{\"@type\":\"WebSite\",\"@id\":\"https:\/\/www.welovecycling.com\/hu\/#website\",\"url\":\"https:\/\/www.welovecycling.com\/hu\/\",\"name\":\"\u0160koda We Love Cycling - Magyarorsz\u00e1g\",\"description\":\"\u0160koda WeLoveCycling\",\"potentialAction\":[{\"@type\":\"SearchAction\",\"target\":{\"@type\":\"EntryPoint\",\"urlTemplate\":\"https:\/\/www.welovecycling.com\/hu\/?s={search_term_string}\"},\"query-input\":{\"@type\":\"PropertyValueSpecification\",\"valueRequired\":true,\"valueName\":\"search_term_string\"}}],\"inLanguage\":\"hu\"},{\"@type\":\"Person\",\"@id\":\"https:\/\/www.welovecycling.com\/hu\/#\/schema\/person\/414a2aebf1801691a5320edb6468e194\",\"name\":\"hegyizs\",\"image\":{\"@type\":\"ImageObject\",\"inLanguage\":\"hu\",\"@id\":\"https:\/\/www.welovecycling.com\/hu\/#\/schema\/person\/image\/\",\"url\":\"https:\/\/secure.gravatar.com\/avatar\/02cf8a7906b8cf90cecb4679defac7cfd33a1c2e3b88e4903d947f3bb58eedd3?s=96&d=mm&r=g\",\"contentUrl\":\"https:\/\/secure.gravatar.com\/avatar\/02cf8a7906b8cf90cecb4679defac7cfd33a1c2e3b88e4903d947f3bb58eedd3?s=96&d=mm&r=g\",\"caption\":\"hegyizs\"},\"url\":\"https:\/\/www.welovecycling.com\/hu\/author\/hegyizs\/\"}]}<\/script>\n<!-- \/ Yoast SEO Premium plugin. -->","yoast_head_json":{"title":"Ti k\u00e9rdeztetek, Buzs\u00e1ki Vir\u00e1g v\u00e1laszolt! \u2013 Bring\u00e1zz-Felelek 3. r\u00e9sz","description":"Mindenki, akinek szenved\u00e9lye a bicikliz\u00e9s, azt szeretn\u00e9, ha siker\u00fclne a sport sz\u00e9ps\u00e9geit gyermek\u00e9nek is megmutatnia. De m\u00e9gis hogyan? \u00c9rdemes edz\u00e9sre vinni a kicsiket? \u00c9s mi van akkor, ha csemet\u00e9nk ellen\u00e1ll \u00e9s egy\u00e1ltal\u00e1n nem szeretne biciklizni? Buzs\u00e1ki Vir\u00e1g, ker\u00e9kp\u00e1rversenyz\u0151 \u00e9s edz\u0151 k\u00f6nt\u00f6rfalaz\u00e1s n\u00e9lk\u00fcl v\u00e1laszolt a feltett k\u00e9rd\u00e9seitekre.","robots":{"index":"index","follow":"follow","max-snippet":"max-snippet:-1","max-image-preview":"max-image-preview:large","max-video-preview":"max-video-preview:-1"},"canonical":"https:\/\/www.welovecycling.com\/hu\/bringazz-felelek\/ti-kerdeztetek-buzsaki-virag-valaszolt-bringazz-felelek-3-resz\/","og_locale":"hu_HU","og_type":"article","og_title":"Ti k\u00e9rdeztetek, Buzs\u00e1ki Vir\u00e1g v\u00e1laszolt! \u2013 Bring\u00e1zz-Felelek 3. r\u00e9sz","og_description":"Mindenki, akinek szenved\u00e9lye a bicikliz\u00e9s, azt szeretn\u00e9, ha siker\u00fclne a sport sz\u00e9ps\u00e9geit gyermek\u00e9nek is megmutatnia. De m\u00e9gis hogyan? \u00c9rdemes edz\u00e9sre vinni a kicsiket? \u00c9s mi van akkor, ha csemet\u00e9nk ellen\u00e1ll \u00e9s egy\u00e1ltal\u00e1n nem szeretne biciklizni? Buzs\u00e1ki Vir\u00e1g, ker\u00e9kp\u00e1rversenyz\u0151 \u00e9s edz\u0151 k\u00f6nt\u00f6rfalaz\u00e1s n\u00e9lk\u00fcl v\u00e1laszolt a feltett k\u00e9rd\u00e9seitekre.","og_url":"https:\/\/www.welovecycling.com\/hu\/bringazz-felelek\/ti-kerdeztetek-buzsaki-virag-valaszolt-bringazz-felelek-3-resz\/","og_site_name":"\u0160koda We Love Cycling - Magyarorsz\u00e1g","article_publisher":"https:\/\/www.facebook.com\/WeLoveCyclingHungary\/","article_published_time":"2021-12-25T13:00:27+00:00","og_image":[{"width":1200,"height":628,"url":"https:\/\/d2p6e6u75xmxt8.cloudfront.net\/12\/2021\/12\/WL027_BF_BUZSAKI_VIRAG_FB_SINGLE_1200x628.png","type":"image\/png"}],"author":"hegyizs","twitter_card":"summary_large_image","twitter_misc":{"Written by":"WLC","Est. reading time":"2 minutes"},"schema":{"@context":"https:\/\/schema.org","@graph":[{"@type":"WebPage","@id":"https:\/\/www.welovecycling.com\/hu\/bringazz-felelek\/ti-kerdeztetek-buzsaki-virag-valaszolt-bringazz-felelek-3-resz\/","url":"https:\/\/www.welovecycling.com\/hu\/bringazz-felelek\/ti-kerdeztetek-buzsaki-virag-valaszolt-bringazz-felelek-3-resz\/","name":"Ti k\u00e9rdeztetek, Buzs\u00e1ki Vir\u00e1g v\u00e1laszolt! \u2013 Bring\u00e1zz-Felelek 3. r\u00e9sz","isPartOf":{"@id":"https:\/\/www.welovecycling.com\/hu\/#website"},"primaryImageOfPage":{"@id":"https:\/\/www.welovecycling.com\/hu\/bringazz-felelek\/ti-kerdeztetek-buzsaki-virag-valaszolt-bringazz-felelek-3-resz\/#primaryimage"},"image":{"@id":"https:\/\/www.welovecycling.com\/hu\/bringazz-felelek\/ti-kerdeztetek-buzsaki-virag-valaszolt-bringazz-felelek-3-resz\/#primaryimage"},"thumbnailUrl":"https:\/\/d2p6e6u75xmxt8.cloudfront.net\/12\/2021\/12\/WL027_BF_BUZSAKI_VIRAG_CIKK_HEADER_1240x600.png","datePublished":"2021-12-25T13:00:27+00:00","author":{"@id":"https:\/\/www.welovecycling.com\/hu\/#\/schema\/person\/414a2aebf1801691a5320edb6468e194"},"description":"Mindenki, akinek szenved\u00e9lye a bicikliz\u00e9s, azt szeretn\u00e9, ha siker\u00fclne a sport sz\u00e9ps\u00e9geit gyermek\u00e9nek is megmutatnia. De m\u00e9gis hogyan? \u00c9rdemes edz\u00e9sre vinni a kicsiket? \u00c9s mi van akkor, ha csemet\u00e9nk ellen\u00e1ll \u00e9s egy\u00e1ltal\u00e1n nem szeretne biciklizni? Buzs\u00e1ki Vir\u00e1g, ker\u00e9kp\u00e1rversenyz\u0151 \u00e9s edz\u0151 k\u00f6nt\u00f6rfalaz\u00e1s n\u00e9lk\u00fcl v\u00e1laszolt a feltett k\u00e9rd\u00e9seitekre.","breadcrumb":{"@id":"https:\/\/www.welovecycling.com\/hu\/bringazz-felelek\/ti-kerdeztetek-buzsaki-virag-valaszolt-bringazz-felelek-3-resz\/#breadcrumb"},"inLanguage":"hu","potentialAction":[{"@type":"ReadAction","target":["https:\/\/www.welovecycling.com\/hu\/bringazz-felelek\/ti-kerdeztetek-buzsaki-virag-valaszolt-bringazz-felelek-3-resz\/"]}]},{"@type":"ImageObject","inLanguage":"hu","@id":"https:\/\/www.welovecycling.com\/hu\/bringazz-felelek\/ti-kerdeztetek-buzsaki-virag-valaszolt-bringazz-felelek-3-resz\/#primaryimage","url":"https:\/\/d2p6e6u75xmxt8.cloudfront.net\/12\/2021\/12\/WL027_BF_BUZSAKI_VIRAG_CIKK_HEADER_1240x600.png","contentUrl":"https:\/\/d2p6e6u75xmxt8.cloudfront.net\/12\/2021\/12\/WL027_BF_BUZSAKI_VIRAG_CIKK_HEADER_1240x600.png","width":1240,"height":600},{"@type":"BreadcrumbList","@id":"https:\/\/www.welovecycling.com\/hu\/bringazz-felelek\/ti-kerdeztetek-buzsaki-virag-valaszolt-bringazz-felelek-3-resz\/#breadcrumb","itemListElement":[{"@type":"ListItem","position":1,"name":"Home","item":"https:\/\/www.welovecycling.com\/hu\/"},{"@type":"ListItem","position":2,"name":"Ti k\u00e9rdeztetek, Buzs\u00e1ki Vir\u00e1g v\u00e1laszolt! \u2013 Bring\u00e1zz-Felelek 3. r\u00e9sz"}]},{"@type":"WebSite","@id":"https:\/\/www.welovecycling.com\/hu\/#website","url":"https:\/\/www.welovecycling.com\/hu\/","name":"\u0160koda We Love Cycling - Magyarorsz\u00e1g","description":"\u0160koda WeLoveCycling","potentialAction":[{"@type":"SearchAction","target":{"@type":"EntryPoint","urlTemplate":"https:\/\/www.welovecycling.com\/hu\/?s={search_term_string}"},"query-input":{"@type":"PropertyValueSpecification","valueRequired":true,"valueName":"search_term_string"}}],"inLanguage":"hu"},{"@type":"Person","@id":"https:\/\/www.welovecycling.com\/hu\/#\/schema\/person\/414a2aebf1801691a5320edb6468e194","name":"hegyizs","image":{"@type":"ImageObject","inLanguage":"hu","@id":"https:\/\/www.welovecycling.com\/hu\/#\/schema\/person\/image\/","url":"https:\/\/secure.gravatar.com\/avatar\/02cf8a7906b8cf90cecb4679defac7cfd33a1c2e3b88e4903d947f3bb58eedd3?s=96&d=mm&r=g","contentUrl":"https:\/\/secure.gravatar.com\/avatar\/02cf8a7906b8cf90cecb4679defac7cfd33a1c2e3b88e4903d947f3bb58eedd3?s=96&d=mm&r=g","caption":"hegyizs"},"url":"https:\/\/www.welovecycling.com\/hu\/author\/hegyizs\/"}]}},"_links":{"self":[{"href":"https:\/\/www.welovecycling.com\/hu\/wp-json\/wp\/v2\/posts\/13264","targetHints":{"allow":["GET"]}}],"collection":[{"href":"https:\/\/www.welovecycling.com\/hu\/wp-json\/wp\/v2\/posts"}],"about":[{"href":"https:\/\/www.welovecycling.com\/hu\/wp-json\/wp\/v2\/types\/post"}],"author":[{"embeddable":true,"href":"https:\/\/www.welovecycling.com\/hu\/wp-json\/wp\/v2\/users\/71"}],"replies":[{"embeddable":true,"href":"https:\/\/www.welovecycling.com\/hu\/wp-json\/wp\/v2\/comments?post=13264"}],"version-history":[{"count":1,"href":"https:\/\/www.welovecycling.com\/hu\/wp-json\/wp\/v2\/posts\/13264\/revisions"}],"predecessor-version":[{"id":13265,"href":"https:\/\/www.welovecycling.com\/hu\/wp-json\/wp\/v2\/posts\/13264\/revisions\/13265"}],"wp:featuredmedia":[{"embeddable":true,"href":"https:\/\/www.welovecycling.com\/hu\/wp-json\/wp\/v2\/media\/13266"}],"wp:attachment":[{"href":"https:\/\/www.welovecycling.com\/hu\/wp-json\/wp\/v2\/media?parent=13264"}],"wp:term":[{"taxonomy":"category","embeddable":true,"href":"https:\/\/www.welovecycling.com\/hu\/wp-json\/wp\/v2\/categories?post=13264"},{"taxonomy":"post_tag","embeddable":true,"href":"https:\/\/www.welovecycling.com\/hu\/wp-json\/wp\/v2\/tags?post=13264"},{"taxonomy":"global-categories","embeddable":true,"href":"https:\/\/www.welovecycling.com\/hu\/wp-json\/wp\/v2\/global-categories?post=13264"}],"curies":[{"name":"wp","href":"https:\/\/api.w.org\/{rel}","templated":true}]}}