{"id":13258,"date":"2021-12-19T08:00:49","date_gmt":"2021-12-19T06:00:49","guid":{"rendered":"https:\/\/www.welovecycling.com\/hu\/?p=13258"},"modified":"2021-12-17T16:56:16","modified_gmt":"2021-12-17T14:56:16","slug":"peak-barna-a-wantynal-ket-ujabb-magyar-igeret-a-kometa-u19-es-csapataban-folytatja","status":"publish","type":"post","link":"https:\/\/www.welovecycling.com\/hu\/orszaguti-kerekpar\/peak-barna-a-wantynal-ket-ujabb-magyar-igeret-a-kometa-u19-es-csapataban-folytatja\/","title":{"rendered":"Pe\u00e1k Barna a Wantyn\u00e1l, k\u00e9t \u00fajabb magyar \u00edg\u00e9ret a Kometa U19-es csapat\u00e1ban folytatja!"},"content":{"rendered":"<p><strong>Pe\u00e1k Barnab\u00e1s a BikeExchange-t\u0151l val\u00f3 t\u00e1voz\u00e1sa ut\u00e1n is marad a WorldTour-mez\u0151nyben, \u00edgy Valter Attil\u00e1val egy\u00fctt minden es\u00e9lye megvan r\u00e1, hogy ott legyen a j\u00f6v\u0151 \u00e9vi budapesti Giro-rajton!<\/strong><!--more--><\/p>\n<p>Pe\u00e1k Barnab\u00e1s tulajdonk\u00e9ppen az el\u0151fut\u00e1ra volt az ut\u00f3bbi \u00e9vekben tapasztalt, Magyarorsz\u00e1gon kor\u00e1bban sosem l\u00e1tott bringal\u00e1znak akkor, amikor 2019 nyar\u00e1n az \u00e9ppen Mitchelton-Scott n\u00e9ven fut\u00f3 j\u00f3 nev\u0171 ausztr\u00e1l World Tour-ist\u00e1ll\u00f3hoz igazolt, \u00edgy kilenc \u00e9vnyi hossz\u00fa sz\u00fcnet ut\u00e1n ism\u00e9t adtunk magyar versenyz\u0151t az orsz\u00e1g\u00fati ker\u00e9kp\u00e1rsport vil\u00e1gelitj\u00e9be.<\/p>\n<p>Barn\u00e1hoz azt\u00e1n k\u00e9s\u0151bb csatlakozott Valter Attila, aki el\u0151bb a CCC, majd az FDJ World Tour-sor\u00e1hoz igazolt, \u00edgy az elm\u00falt k\u00e9t esztend\u0151ben k\u00e9t kiv\u00e1l\u00f3s\u00e1gunk is a legmagasabb szinten szerepelhetett a f\u00e9rfimez\u0151nyben (v\u00e9letlen\u00fcl se feledkezz\u00fcnk meg a n\u0151kn\u00e9l az SD Worx elitsor\u00e1ban teker\u0151 Vas Blank\u00e1r\u00f3 sem). Barna az id\u0151k\u00f6zben BikeExchange-re \u00e1tkeresztel\u0151d\u00f6tt ausztr\u00e1l ist\u00e1ll\u00f3n\u00e1l legink\u00e1bb seg\u00edt\u0151k\u00e9nt csillogtathatta meg tud\u00e1s\u00e1t \u2013 eml\u00e9kezhet\u00fcnk, az idei Tour de Hongrie-n p\u00e9ld\u00e1ul rengeteget dolgozott t\u00e1rsa, Damien Howson \u00f6sszetett gy\u0151zelm\u00e9\u00e9rt \u2013, de ha saj\u00e1t mag\u00e1\u00e9rt kellett menni, akkor sem szeppent meg. Id\u00e9n p\u00e9ld\u00e1ul a Settimana Ciclista Italiana t\u00f6bbnapos\u00e1n egy m\u00e1sodik helyet hozott el a m\u00e1sodik szakaszr\u00f3l, valamint rajthoz \u00e1llhatott az \u00f6t legnagyobb egynapos klasszikus, a Monumentumok k\u00e9t nagy preszt\u00edzs\u0171 verseny\u00e9n is (a Liege\u2013Bastogne\u2013Liege-en \u00e9s a P\u00e1rizs\u2013Roubaix-n is).<\/p>\n<figure id=\"attachment_13261\" aria-describedby=\"caption-attachment-13261\" style=\"width: 767px\" class=\"wp-caption alignnone\"><a href=\"https:\/\/d2p6e6u75xmxt8.cloudfront.net\/12\/2021\/12\/1_peak_cikkbe-barna.jpg\"><img loading=\"lazy\" decoding=\"async\" class=\"size-full wp-image-13261\" src=\"https:\/\/d2p6e6u75xmxt8.cloudfront.net\/12\/2021\/12\/1_peak_cikkbe-barna.jpg\" alt=\"\" width=\"767\" height=\"960\" srcset=\"https:\/\/d2p6e6u75xmxt8.cloudfront.net\/12\/2021\/12\/1_peak_cikkbe-barna.jpg 767w, https:\/\/d2p6e6u75xmxt8.cloudfront.net\/12\/2021\/12\/1_peak_cikkbe-barna-240x300.jpg 240w\" sizes=\"auto, (max-width: 767px) 100vw, 767px\" \/><\/a><figcaption id=\"caption-attachment-13261\" class=\"wp-caption-text\">forr\u00e1s: csupasport.hu<\/figcaption><\/figure>\n<p>Azt azonban m\u00e1r \u0151sszel tudni lehetett, hogy a BikeExchange nem hosszabb\u00edtja meg az \u00e9v v\u00e9g\u00e9n lej\u00e1r\u00f3 szerz\u0151d\u00e9s\u00e9t, \u00edgy Barna az \u00e9v v\u00e9ge fel\u00e9 m\u00e1r felk\u00e9sz\u00fclt arra, hogy al\u00e1bb kell adnia, \u00e9s j\u00f6v\u0151re \u00fajra a m\u00e1sodik vonalban fog versenyezni egy Pro-csapatban. \u00c1m ekkor futott be az \u00f6r\u00f6mteli megkeres\u00e9s a tavaly \u00f3ta az elitben szerepl\u0151 Intermarch\u00e9-Wanty-Gobert Mat\u00e9riaux-t\u00f3l, amire a 23 \u00e9ves magyar versenyz\u0151 \u00f6r\u00f6mmel r\u00e1 is b\u00f3lintott, ezzel biztoss\u00e1 v\u00e1lt, hogy j\u00f6v\u0151re is k\u00e9t versenyz\u0151nk lesz ott a f\u00e9rfielitben \u2013 \u00e9s rem\u00e9lhet\u0151leg legal\u00e1bb ennyi a budapesti Giro-rajton is!<\/p>\n<p><em>\u201eNagyon vonz\u00f3 volt a lehet\u0151s\u00e9g, hogy csatlakozhatok a Wantyhoz, m\u00e1r csak a csapat soksz\u00edn\u0171s\u00e9ge miatt is, ahogy a versenyz\u0151k k\u00fcl\u00f6nb\u00f6z\u0151 nemzetis\u00e9ge keveredik a hagyom\u00e1nyos belga ker\u00e9kp\u00e1ros \u00e9rt\u00e9kekkel. M\u00e1r volt is alkalmam az els\u0151 benyom\u00e1sok megszerz\u00e9s\u00e9re az \u00faj k\u00f6rnyezetben, \u00e9s amire egyb\u0151l felfigyeltem, az a csal\u00e1dias l\u00e9gk\u00f6r \u00e9s a professzionalizmus\u201d<\/em> \u2013 nyilatkozta Barna a Wanty hivatalos honlapj\u00e1nak, hozz\u00e1t\u00e9ve, tiszt\u00e1ban van a csapat c\u00e9ljaival \u00e9s a saj\u00e1t szerep\u00e9vel, hogy els\u0151sorban a sprintekn\u00e9l lesz r\u00e1 sz\u00fcks\u00e9ge, \u00edgy m\u00e1ris vel\u00fck edz. <em>\u201eSzeretem az apr\u00f3l\u00e9kos felk\u00e9sz\u00edt\u0151 munk\u00e1t: rem\u00e9lem, kem\u00e9ny munk\u00e1val kiv\u00edvhatom a j\u00f6v\u0151 \u00e9vi Giro-r\u00e9szv\u00e9telt \u2013 nemcsak az\u00e9rt, mert ez lenne az els\u0151 Grand Tour-versenyem, hanem mert Budapestr\u0151l rajtol, abb\u00f3l a v\u00e1rosb\u00f3l, amit nagyon j\u00f3l ismerek!\u201d<\/em><\/p>\n<figure id=\"attachment_13262\" aria-describedby=\"caption-attachment-13262\" style=\"width: 1024px\" class=\"wp-caption alignnone\"><a href=\"https:\/\/d2p6e6u75xmxt8.cloudfront.net\/12\/2021\/12\/1_peak_cikkbe-wanty.jpg\"><img loading=\"lazy\" decoding=\"async\" class=\"size-large wp-image-13262\" src=\"https:\/\/d2p6e6u75xmxt8.cloudfront.net\/12\/2021\/12\/1_peak_cikkbe-wanty-1024x682.jpg\" alt=\"\" width=\"1024\" height=\"682\" srcset=\"https:\/\/d2p6e6u75xmxt8.cloudfront.net\/12\/2021\/12\/1_peak_cikkbe-wanty-1024x682.jpg 1024w, https:\/\/d2p6e6u75xmxt8.cloudfront.net\/12\/2021\/12\/1_peak_cikkbe-wanty-300x200.jpg 300w, https:\/\/d2p6e6u75xmxt8.cloudfront.net\/12\/2021\/12\/1_peak_cikkbe-wanty-768x511.jpg 768w, https:\/\/d2p6e6u75xmxt8.cloudfront.net\/12\/2021\/12\/1_peak_cikkbe-wanty-272x182.jpg 272w, https:\/\/d2p6e6u75xmxt8.cloudfront.net\/12\/2021\/12\/1_peak_cikkbe-wanty.jpg 1440w\" sizes=\"auto, (max-width: 1024px) 100vw, 1024px\" \/><\/a><figcaption id=\"caption-attachment-13262\" class=\"wp-caption-text\">forr\u00e1s: Wikip\u00e9dia<\/figcaption><\/figure>\n<p>\u00c9s itt m\u00e9g nincs v\u00e9ge a j\u00f3 h\u00edreknek, hiszen ut\u00e1np\u00f3tl\u00e1sszinten is t\u00f6rt\u00e9nt k\u00e9t magyar igazol\u00e1s: Alberto Contador \u00e9s Ivan Basso j\u00f3l ismert ist\u00e1ll\u00f3ja, a magyar f\u0151szponzorral is b\u00edr\u00f3 EOLO-Kometa U19-es csapat\u00e1ba \u00fajabb k\u00e9t hazai tehets\u00e9get szerz\u0151dtetett Feldhoffer B\u00e1lint \u00e9s Pollner Bal\u00e1zs szem\u00e9ly\u00e9ben, \u00edgy Magyar Gerg\u0151vel egy\u00fctt m\u00e1r h\u00e1rman alkotj\u00e1k az olasz bejegyz\u00e9s\u0171 Pro-csapat koroszt\u00e1lyos magyar kontingens\u00e9t.<\/p>\n<figure id=\"attachment_13259\" aria-describedby=\"caption-attachment-13259\" style=\"width: 541px\" class=\"wp-caption alignnone\"><a href=\"https:\/\/d2p6e6u75xmxt8.cloudfront.net\/12\/2021\/12\/1_peak-cikkbe-feldhoffer.jpg\"><img loading=\"lazy\" decoding=\"async\" class=\"size-full wp-image-13259\" src=\"https:\/\/d2p6e6u75xmxt8.cloudfront.net\/12\/2021\/12\/1_peak-cikkbe-feldhoffer.jpg\" alt=\"\" width=\"541\" height=\"960\" srcset=\"https:\/\/d2p6e6u75xmxt8.cloudfront.net\/12\/2021\/12\/1_peak-cikkbe-feldhoffer.jpg 541w, https:\/\/d2p6e6u75xmxt8.cloudfront.net\/12\/2021\/12\/1_peak-cikkbe-feldhoffer-169x300.jpg 169w\" sizes=\"auto, (max-width: 541px) 100vw, 541px\" \/><\/a><figcaption id=\"caption-attachment-13259\" class=\"wp-caption-text\">Feldhoffer B\u00e1lint<\/figcaption><\/figure>\n","protected":false},"excerpt":{"rendered":"<p>Pe\u00e1k Barnab\u00e1s a BikeExchange-t\u0151l val\u00f3 t\u00e1voz\u00e1sa ut\u00e1n is marad a WorldTour-mez\u0151nyben, \u00edgy Valter Attil\u00e1val egy\u00fctt minden es\u00e9lye megvan r\u00e1, hogy [&hellip;]<\/p>\n","protected":false},"author":71,"featured_media":13260,"comment_status":"open","ping_status":"open","sticky":false,"template":"","format":"standard","meta":{"footnotes":""},"categories":[8],"tags":[],"global-categories":[],"class_list":["post-13258","post","type-post","status-publish","format-standard","has-post-thumbnail","hentry","category-orszaguti-kerekpar"],"yoast_head":"<!-- This site is optimized with the Yoast SEO Premium plugin v25.3 (Yoast SEO v25.9) - https:\/\/yoast.com\/wordpress\/plugins\/seo\/ -->\n<title>Pe\u00e1k Barna a Wantyn\u00e1l, k\u00e9t \u00fajabb magyar \u00edg\u00e9ret a Kometa U19-es csapat\u00e1ban folytatja!<\/title>\n<meta name=\"description\" content=\"Pe\u00e1k Barnab\u00e1s a BikeExchange-t\u0151l val\u00f3 t\u00e1voz\u00e1sa ut\u00e1n is marad a WorldTour-mez\u0151nyben, \u00edgy Valter Attil\u00e1val egy\u00fctt minden es\u00e9lye megvan r\u00e1, hogy ott legyen a j\u00f6v\u0151 \u00e9vi budapesti Giro-rajton!\" \/>\n<meta name=\"robots\" content=\"index, follow, max-snippet:-1, max-image-preview:large, max-video-preview:-1\" \/>\n<link rel=\"canonical\" href=\"https:\/\/www.welovecycling.com\/hu\/orszaguti-kerekpar\/peak-barna-a-wantynal-ket-ujabb-magyar-igeret-a-kometa-u19-es-csapataban-folytatja\/\" \/>\n<meta property=\"og:locale\" content=\"hu_HU\" \/>\n<meta property=\"og:type\" content=\"article\" \/>\n<meta property=\"og:title\" content=\"Pe\u00e1k Barna a Wantyn\u00e1l, k\u00e9t \u00fajabb magyar \u00edg\u00e9ret a Kometa U19-es csapat\u00e1ban folytatja!\" \/>\n<meta property=\"og:description\" content=\"Pe\u00e1k Barnab\u00e1s a BikeExchange-t\u0151l val\u00f3 t\u00e1voz\u00e1sa ut\u00e1n is marad a WorldTour-mez\u0151nyben, \u00edgy Valter Attil\u00e1val egy\u00fctt minden es\u00e9lye megvan r\u00e1, hogy ott legyen a j\u00f6v\u0151 \u00e9vi budapesti Giro-rajton!\" \/>\n<meta property=\"og:url\" content=\"https:\/\/www.welovecycling.com\/hu\/orszaguti-kerekpar\/peak-barna-a-wantynal-ket-ujabb-magyar-igeret-a-kometa-u19-es-csapataban-folytatja\/\" \/>\n<meta property=\"og:site_name\" content=\"\u0160koda We Love Cycling - Magyarorsz\u00e1g\" \/>\n<meta property=\"article:publisher\" content=\"https:\/\/www.facebook.com\/WeLoveCyclingHungary\/\" \/>\n<meta property=\"article:published_time\" content=\"2021-12-19T06:00:49+00:00\" \/>\n<meta property=\"og:image\" content=\"https:\/\/d2p6e6u75xmxt8.cloudfront.net\/12\/2021\/12\/1_peak_borito.jpg\" \/>\n\t<meta property=\"og:image:width\" content=\"1440\" \/>\n\t<meta property=\"og:image:height\" content=\"960\" \/>\n\t<meta property=\"og:image:type\" content=\"image\/jpeg\" \/>\n<meta name=\"author\" content=\"hegyizs\" \/>\n<meta name=\"twitter:card\" content=\"summary_large_image\" \/>\n<meta name=\"twitter:label1\" content=\"Written by\" \/>\n\t<meta name=\"twitter:data1\" content=\"WLC\" \/>\n\t<meta name=\"twitter:label2\" content=\"Est. reading time\" \/>\n\t<meta name=\"twitter:data2\" content=\"3 minutes\" \/>\n<script type=\"application\/ld+json\" class=\"yoast-schema-graph\">{\"@context\":\"https:\/\/schema.org\",\"@graph\":[{\"@type\":\"WebPage\",\"@id\":\"https:\/\/www.welovecycling.com\/hu\/orszaguti-kerekpar\/peak-barna-a-wantynal-ket-ujabb-magyar-igeret-a-kometa-u19-es-csapataban-folytatja\/\",\"url\":\"https:\/\/www.welovecycling.com\/hu\/orszaguti-kerekpar\/peak-barna-a-wantynal-ket-ujabb-magyar-igeret-a-kometa-u19-es-csapataban-folytatja\/\",\"name\":\"Pe\u00e1k Barna a Wantyn\u00e1l, k\u00e9t \u00fajabb magyar \u00edg\u00e9ret a Kometa U19-es csapat\u00e1ban folytatja!\",\"isPartOf\":{\"@id\":\"https:\/\/www.welovecycling.com\/hu\/#website\"},\"primaryImageOfPage\":{\"@id\":\"https:\/\/www.welovecycling.com\/hu\/orszaguti-kerekpar\/peak-barna-a-wantynal-ket-ujabb-magyar-igeret-a-kometa-u19-es-csapataban-folytatja\/#primaryimage\"},\"image\":{\"@id\":\"https:\/\/www.welovecycling.com\/hu\/orszaguti-kerekpar\/peak-barna-a-wantynal-ket-ujabb-magyar-igeret-a-kometa-u19-es-csapataban-folytatja\/#primaryimage\"},\"thumbnailUrl\":\"https:\/\/d2p6e6u75xmxt8.cloudfront.net\/12\/2021\/12\/1_peak_borito.jpg\",\"datePublished\":\"2021-12-19T06:00:49+00:00\",\"author\":{\"@id\":\"https:\/\/www.welovecycling.com\/hu\/#\/schema\/person\/414a2aebf1801691a5320edb6468e194\"},\"description\":\"Pe\u00e1k Barnab\u00e1s a BikeExchange-t\u0151l val\u00f3 t\u00e1voz\u00e1sa ut\u00e1n is marad a WorldTour-mez\u0151nyben, \u00edgy Valter Attil\u00e1val egy\u00fctt minden es\u00e9lye megvan r\u00e1, hogy ott legyen a j\u00f6v\u0151 \u00e9vi budapesti Giro-rajton!\",\"breadcrumb\":{\"@id\":\"https:\/\/www.welovecycling.com\/hu\/orszaguti-kerekpar\/peak-barna-a-wantynal-ket-ujabb-magyar-igeret-a-kometa-u19-es-csapataban-folytatja\/#breadcrumb\"},\"inLanguage\":\"hu\",\"potentialAction\":[{\"@type\":\"ReadAction\",\"target\":[\"https:\/\/www.welovecycling.com\/hu\/orszaguti-kerekpar\/peak-barna-a-wantynal-ket-ujabb-magyar-igeret-a-kometa-u19-es-csapataban-folytatja\/\"]}]},{\"@type\":\"ImageObject\",\"inLanguage\":\"hu\",\"@id\":\"https:\/\/www.welovecycling.com\/hu\/orszaguti-kerekpar\/peak-barna-a-wantynal-ket-ujabb-magyar-igeret-a-kometa-u19-es-csapataban-folytatja\/#primaryimage\",\"url\":\"https:\/\/d2p6e6u75xmxt8.cloudfront.net\/12\/2021\/12\/1_peak_borito.jpg\",\"contentUrl\":\"https:\/\/d2p6e6u75xmxt8.cloudfront.net\/12\/2021\/12\/1_peak_borito.jpg\",\"width\":1440,\"height\":960},{\"@type\":\"BreadcrumbList\",\"@id\":\"https:\/\/www.welovecycling.com\/hu\/orszaguti-kerekpar\/peak-barna-a-wantynal-ket-ujabb-magyar-igeret-a-kometa-u19-es-csapataban-folytatja\/#breadcrumb\",\"itemListElement\":[{\"@type\":\"ListItem\",\"position\":1,\"name\":\"Home\",\"item\":\"https:\/\/www.welovecycling.com\/hu\/\"},{\"@type\":\"ListItem\",\"position\":2,\"name\":\"Pe\u00e1k Barna a Wantyn\u00e1l, k\u00e9t \u00fajabb magyar \u00edg\u00e9ret a Kometa U19-es csapat\u00e1ban folytatja!\"}]},{\"@type\":\"WebSite\",\"@id\":\"https:\/\/www.welovecycling.com\/hu\/#website\",\"url\":\"https:\/\/www.welovecycling.com\/hu\/\",\"name\":\"\u0160koda We Love Cycling - Magyarorsz\u00e1g\",\"description\":\"\u0160koda WeLoveCycling\",\"potentialAction\":[{\"@type\":\"SearchAction\",\"target\":{\"@type\":\"EntryPoint\",\"urlTemplate\":\"https:\/\/www.welovecycling.com\/hu\/?s={search_term_string}\"},\"query-input\":{\"@type\":\"PropertyValueSpecification\",\"valueRequired\":true,\"valueName\":\"search_term_string\"}}],\"inLanguage\":\"hu\"},{\"@type\":\"Person\",\"@id\":\"https:\/\/www.welovecycling.com\/hu\/#\/schema\/person\/414a2aebf1801691a5320edb6468e194\",\"name\":\"hegyizs\",\"image\":{\"@type\":\"ImageObject\",\"inLanguage\":\"hu\",\"@id\":\"https:\/\/www.welovecycling.com\/hu\/#\/schema\/person\/image\/\",\"url\":\"https:\/\/secure.gravatar.com\/avatar\/02cf8a7906b8cf90cecb4679defac7cfd33a1c2e3b88e4903d947f3bb58eedd3?s=96&d=mm&r=g\",\"contentUrl\":\"https:\/\/secure.gravatar.com\/avatar\/02cf8a7906b8cf90cecb4679defac7cfd33a1c2e3b88e4903d947f3bb58eedd3?s=96&d=mm&r=g\",\"caption\":\"hegyizs\"},\"url\":\"https:\/\/www.welovecycling.com\/hu\/author\/hegyizs\/\"}]}<\/script>\n<!-- \/ Yoast SEO Premium plugin. -->","yoast_head_json":{"title":"Pe\u00e1k Barna a Wantyn\u00e1l, k\u00e9t \u00fajabb magyar \u00edg\u00e9ret a Kometa U19-es csapat\u00e1ban folytatja!","description":"Pe\u00e1k Barnab\u00e1s a BikeExchange-t\u0151l val\u00f3 t\u00e1voz\u00e1sa ut\u00e1n is marad a WorldTour-mez\u0151nyben, \u00edgy Valter Attil\u00e1val egy\u00fctt minden es\u00e9lye megvan r\u00e1, hogy ott legyen a j\u00f6v\u0151 \u00e9vi budapesti Giro-rajton!","robots":{"index":"index","follow":"follow","max-snippet":"max-snippet:-1","max-image-preview":"max-image-preview:large","max-video-preview":"max-video-preview:-1"},"canonical":"https:\/\/www.welovecycling.com\/hu\/orszaguti-kerekpar\/peak-barna-a-wantynal-ket-ujabb-magyar-igeret-a-kometa-u19-es-csapataban-folytatja\/","og_locale":"hu_HU","og_type":"article","og_title":"Pe\u00e1k Barna a Wantyn\u00e1l, k\u00e9t \u00fajabb magyar \u00edg\u00e9ret a Kometa U19-es csapat\u00e1ban folytatja!","og_description":"Pe\u00e1k Barnab\u00e1s a BikeExchange-t\u0151l val\u00f3 t\u00e1voz\u00e1sa ut\u00e1n is marad a WorldTour-mez\u0151nyben, \u00edgy Valter Attil\u00e1val egy\u00fctt minden es\u00e9lye megvan r\u00e1, hogy ott legyen a j\u00f6v\u0151 \u00e9vi budapesti Giro-rajton!","og_url":"https:\/\/www.welovecycling.com\/hu\/orszaguti-kerekpar\/peak-barna-a-wantynal-ket-ujabb-magyar-igeret-a-kometa-u19-es-csapataban-folytatja\/","og_site_name":"\u0160koda We Love Cycling - Magyarorsz\u00e1g","article_publisher":"https:\/\/www.facebook.com\/WeLoveCyclingHungary\/","article_published_time":"2021-12-19T06:00:49+00:00","og_image":[{"width":1440,"height":960,"url":"https:\/\/d2p6e6u75xmxt8.cloudfront.net\/12\/2021\/12\/1_peak_borito.jpg","type":"image\/jpeg"}],"author":"hegyizs","twitter_card":"summary_large_image","twitter_misc":{"Written by":"WLC","Est. reading time":"3 minutes"},"schema":{"@context":"https:\/\/schema.org","@graph":[{"@type":"WebPage","@id":"https:\/\/www.welovecycling.com\/hu\/orszaguti-kerekpar\/peak-barna-a-wantynal-ket-ujabb-magyar-igeret-a-kometa-u19-es-csapataban-folytatja\/","url":"https:\/\/www.welovecycling.com\/hu\/orszaguti-kerekpar\/peak-barna-a-wantynal-ket-ujabb-magyar-igeret-a-kometa-u19-es-csapataban-folytatja\/","name":"Pe\u00e1k Barna a Wantyn\u00e1l, k\u00e9t \u00fajabb magyar \u00edg\u00e9ret a Kometa U19-es csapat\u00e1ban folytatja!","isPartOf":{"@id":"https:\/\/www.welovecycling.com\/hu\/#website"},"primaryImageOfPage":{"@id":"https:\/\/www.welovecycling.com\/hu\/orszaguti-kerekpar\/peak-barna-a-wantynal-ket-ujabb-magyar-igeret-a-kometa-u19-es-csapataban-folytatja\/#primaryimage"},"image":{"@id":"https:\/\/www.welovecycling.com\/hu\/orszaguti-kerekpar\/peak-barna-a-wantynal-ket-ujabb-magyar-igeret-a-kometa-u19-es-csapataban-folytatja\/#primaryimage"},"thumbnailUrl":"https:\/\/d2p6e6u75xmxt8.cloudfront.net\/12\/2021\/12\/1_peak_borito.jpg","datePublished":"2021-12-19T06:00:49+00:00","author":{"@id":"https:\/\/www.welovecycling.com\/hu\/#\/schema\/person\/414a2aebf1801691a5320edb6468e194"},"description":"Pe\u00e1k Barnab\u00e1s a BikeExchange-t\u0151l val\u00f3 t\u00e1voz\u00e1sa ut\u00e1n is marad a WorldTour-mez\u0151nyben, \u00edgy Valter Attil\u00e1val egy\u00fctt minden es\u00e9lye megvan r\u00e1, hogy ott legyen a j\u00f6v\u0151 \u00e9vi budapesti Giro-rajton!","breadcrumb":{"@id":"https:\/\/www.welovecycling.com\/hu\/orszaguti-kerekpar\/peak-barna-a-wantynal-ket-ujabb-magyar-igeret-a-kometa-u19-es-csapataban-folytatja\/#breadcrumb"},"inLanguage":"hu","potentialAction":[{"@type":"ReadAction","target":["https:\/\/www.welovecycling.com\/hu\/orszaguti-kerekpar\/peak-barna-a-wantynal-ket-ujabb-magyar-igeret-a-kometa-u19-es-csapataban-folytatja\/"]}]},{"@type":"ImageObject","inLanguage":"hu","@id":"https:\/\/www.welovecycling.com\/hu\/orszaguti-kerekpar\/peak-barna-a-wantynal-ket-ujabb-magyar-igeret-a-kometa-u19-es-csapataban-folytatja\/#primaryimage","url":"https:\/\/d2p6e6u75xmxt8.cloudfront.net\/12\/2021\/12\/1_peak_borito.jpg","contentUrl":"https:\/\/d2p6e6u75xmxt8.cloudfront.net\/12\/2021\/12\/1_peak_borito.jpg","width":1440,"height":960},{"@type":"BreadcrumbList","@id":"https:\/\/www.welovecycling.com\/hu\/orszaguti-kerekpar\/peak-barna-a-wantynal-ket-ujabb-magyar-igeret-a-kometa-u19-es-csapataban-folytatja\/#breadcrumb","itemListElement":[{"@type":"ListItem","position":1,"name":"Home","item":"https:\/\/www.welovecycling.com\/hu\/"},{"@type":"ListItem","position":2,"name":"Pe\u00e1k Barna a Wantyn\u00e1l, k\u00e9t \u00fajabb magyar \u00edg\u00e9ret a Kometa U19-es csapat\u00e1ban folytatja!"}]},{"@type":"WebSite","@id":"https:\/\/www.welovecycling.com\/hu\/#website","url":"https:\/\/www.welovecycling.com\/hu\/","name":"\u0160koda We Love Cycling - Magyarorsz\u00e1g","description":"\u0160koda WeLoveCycling","potentialAction":[{"@type":"SearchAction","target":{"@type":"EntryPoint","urlTemplate":"https:\/\/www.welovecycling.com\/hu\/?s={search_term_string}"},"query-input":{"@type":"PropertyValueSpecification","valueRequired":true,"valueName":"search_term_string"}}],"inLanguage":"hu"},{"@type":"Person","@id":"https:\/\/www.welovecycling.com\/hu\/#\/schema\/person\/414a2aebf1801691a5320edb6468e194","name":"hegyizs","image":{"@type":"ImageObject","inLanguage":"hu","@id":"https:\/\/www.welovecycling.com\/hu\/#\/schema\/person\/image\/","url":"https:\/\/secure.gravatar.com\/avatar\/02cf8a7906b8cf90cecb4679defac7cfd33a1c2e3b88e4903d947f3bb58eedd3?s=96&d=mm&r=g","contentUrl":"https:\/\/secure.gravatar.com\/avatar\/02cf8a7906b8cf90cecb4679defac7cfd33a1c2e3b88e4903d947f3bb58eedd3?s=96&d=mm&r=g","caption":"hegyizs"},"url":"https:\/\/www.welovecycling.com\/hu\/author\/hegyizs\/"}]}},"_links":{"self":[{"href":"https:\/\/www.welovecycling.com\/hu\/wp-json\/wp\/v2\/posts\/13258","targetHints":{"allow":["GET"]}}],"collection":[{"href":"https:\/\/www.welovecycling.com\/hu\/wp-json\/wp\/v2\/posts"}],"about":[{"href":"https:\/\/www.welovecycling.com\/hu\/wp-json\/wp\/v2\/types\/post"}],"author":[{"embeddable":true,"href":"https:\/\/www.welovecycling.com\/hu\/wp-json\/wp\/v2\/users\/71"}],"replies":[{"embeddable":true,"href":"https:\/\/www.welovecycling.com\/hu\/wp-json\/wp\/v2\/comments?post=13258"}],"version-history":[{"count":1,"href":"https:\/\/www.welovecycling.com\/hu\/wp-json\/wp\/v2\/posts\/13258\/revisions"}],"predecessor-version":[{"id":13263,"href":"https:\/\/www.welovecycling.com\/hu\/wp-json\/wp\/v2\/posts\/13258\/revisions\/13263"}],"wp:featuredmedia":[{"embeddable":true,"href":"https:\/\/www.welovecycling.com\/hu\/wp-json\/wp\/v2\/media\/13260"}],"wp:attachment":[{"href":"https:\/\/www.welovecycling.com\/hu\/wp-json\/wp\/v2\/media?parent=13258"}],"wp:term":[{"taxonomy":"category","embeddable":true,"href":"https:\/\/www.welovecycling.com\/hu\/wp-json\/wp\/v2\/categories?post=13258"},{"taxonomy":"post_tag","embeddable":true,"href":"https:\/\/www.welovecycling.com\/hu\/wp-json\/wp\/v2\/tags?post=13258"},{"taxonomy":"global-categories","embeddable":true,"href":"https:\/\/www.welovecycling.com\/hu\/wp-json\/wp\/v2\/global-categories?post=13258"}],"curies":[{"name":"wp","href":"https:\/\/api.w.org\/{rel}","templated":true}]}}