{"id":13240,"date":"2021-12-24T08:00:04","date_gmt":"2021-12-24T06:00:04","guid":{"rendered":"https:\/\/www.welovecycling.com\/hu\/?p=13240"},"modified":"2021-12-17T16:59:59","modified_gmt":"2021-12-17T14:59:59","slug":"a-vilag-10-legrosszabb-kerekparutja","status":"publish","type":"post","link":"https:\/\/www.welovecycling.com\/hu\/varosi-kerekparozas\/a-vilag-10-legrosszabb-kerekparutja\/","title":{"rendered":"A vil\u00e1g 10 legrosszabb ker\u00e9kp\u00e1r\u00fatja"},"content":{"rendered":"<p><strong>Nem sokkal ezel\u0151tt a We Love Cycling mer\u00e9sz c\u00e9lt t\u0171z\u00f6tt ki maga el\u00e9: \u00f6sszegy\u0171jteni az orsz\u00e1g legrosszabb bringa\u00fatjait! Egy t\u00f6bb r\u00e9gi\u00f3ban is megval\u00f3sul\u00f3 kamp\u00e1ny r\u00e9szek\u00e9nt \u00e1llhatott \u00f6ssze az al\u00e1bbi gal\u00e9ria, mely a haszn\u00e1lhatatlan ker\u00e9kp\u00e1rutak \u00e1llapot\u00e1ra h\u00edvja fel a figyelmet. Jobb utakat akarunk! De addig is, nevess\u00fcnk a rosszakon!<\/strong><\/p>\n<p><!--more--><\/p>\n<p>A Worst Cycle Lane kih\u00edv\u00e1sra a vil\u00e1g minden t\u00e1j\u00e1r\u00f3l \u00e9rkeztek p\u00e1lyam\u0171vek. Szerencs\u00e9re az az \u00e1ltal\u00e1nos tapasztalat, hogy egyre t\u00f6bb helyen ford\u00edtanak nagy energiaforr\u00e1sokat a ker\u00e9kp\u00e1ros infrastrukt\u00fara fejleszt\u00e9s\u00e9re. A portug\u00e1l Guimar\u00e3es v\u00e1rosa p\u00e9ld\u00e1ul nagy l\u00e9p\u00e9st tett egy z\u00f6ldebb, kev\u00e9sb\u00e9 k\u00e1rosanyag-kibocs\u00e1t\u00e1ssal terhelt j\u00f6v\u0151 fel\u00e9, amikor 2021-ben l\u00e9trehozta az Ecovi\u00e1t, egy olyan ker\u00e9kp\u00e1r\u00fat- h\u00e1l\u00f3zatot, amely t\u00f6k\u00e9letesen \u00f6sszek\u00f6ti a belv\u00e1rost a k\u00fclv\u00e1rosokkal, kereskedelmi \u00f6vezetekkel, t\u00fara\u00fatvonalakkal \u00e9s m\u00e9g sok m\u00e1ssal. A sv\u00e9d Malm\u00f6 pedig jogosan lett 2019-ben az \u00e9v bring\u00e1s bajnoka: zseni\u00e1lis strat\u00e9gi\u00e1val \u00e9rte el az \u00f6nkorm\u00e1nyzat, hogy a alakoss\u00e1g 22%-a haszn\u00e1ljon napi rendszeress\u00e9ggel ker\u00e9kp\u00e1rt. \u00c9s nem feledkezhet\u00fcnk meg Melbourne ker\u00e9kp\u00e1ros szupersztr\u00e1d\u00e1ir\u00f3l sem, melyek 2020-ban kaptak z\u00f6ld utat.<\/p>\n<p>Ahogy az a gal\u00e9ri\u00e1nkban is l\u00e1that\u00f3, a munka m\u00e9g kor\u00e1ntsem \u00e9rt v\u00e9get \u2013 de ez m\u00e9g t\u00f6bb okot ad arra, hogy ne \u00e1lljunk le a fejleszt\u00e9sekkel!<\/p>\n<h2><strong>1. Ma csak egy r\u00f6videt tekerek<\/strong><\/h2>\n<figure id=\"attachment_13241\" aria-describedby=\"caption-attachment-13241\" style=\"width: 933px\" class=\"wp-caption alignnone\"><a href=\"https:\/\/d2p6e6u75xmxt8.cloudfront.net\/12\/2021\/12\/HereinPortugalweE28099vegotthisoneforthosedayswhenyouonlyhavetimeforashortrideF09F98B6_6113c17bc646d.jpg\"><img loading=\"lazy\" decoding=\"async\" class=\"size-full wp-image-13241\" src=\"https:\/\/d2p6e6u75xmxt8.cloudfront.net\/12\/2021\/12\/HereinPortugalweE28099vegotthisoneforthosedayswhenyouonlyhavetimeforashortrideF09F98B6_6113c17bc646d.jpg\" alt=\"Cycle lane Portugal\" width=\"933\" height=\"933\" srcset=\"https:\/\/d2p6e6u75xmxt8.cloudfront.net\/12\/2021\/12\/HereinPortugalweE28099vegotthisoneforthosedayswhenyouonlyhavetimeforashortrideF09F98B6_6113c17bc646d.jpg 933w, https:\/\/d2p6e6u75xmxt8.cloudfront.net\/12\/2021\/12\/HereinPortugalweE28099vegotthisoneforthosedayswhenyouonlyhavetimeforashortrideF09F98B6_6113c17bc646d-300x300.jpg 300w, https:\/\/d2p6e6u75xmxt8.cloudfront.net\/12\/2021\/12\/HereinPortugalweE28099vegotthisoneforthosedayswhenyouonlyhavetimeforashortrideF09F98B6_6113c17bc646d-150x150.jpg 150w, https:\/\/d2p6e6u75xmxt8.cloudfront.net\/12\/2021\/12\/HereinPortugalweE28099vegotthisoneforthosedayswhenyouonlyhavetimeforashortrideF09F98B6_6113c17bc646d-768x768.jpg 768w\" sizes=\"auto, (max-width: 933px) 100vw, 933px\" \/><\/a><figcaption id=\"caption-attachment-13241\" class=\"wp-caption-text\">Portug\u00e1lia<\/figcaption><\/figure>\n<h2><strong>2. Nem fogsz unatkozni<\/strong><\/h2>\n<figure id=\"attachment_13242\" aria-describedby=\"caption-attachment-13242\" style=\"width: 1080px\" class=\"wp-caption alignnone\"><a href=\"https:\/\/d2p6e6u75xmxt8.cloudfront.net\/12\/2021\/12\/France-cycle-lane.jpg\"><img loading=\"lazy\" decoding=\"async\" class=\"size-full wp-image-13242\" src=\"https:\/\/d2p6e6u75xmxt8.cloudfront.net\/12\/2021\/12\/France-cycle-lane.jpg\" alt=\"France cycle lane\" width=\"1080\" height=\"1080\" srcset=\"https:\/\/d2p6e6u75xmxt8.cloudfront.net\/12\/2021\/12\/France-cycle-lane.jpg 1080w, https:\/\/d2p6e6u75xmxt8.cloudfront.net\/12\/2021\/12\/France-cycle-lane-300x300.jpg 300w, https:\/\/d2p6e6u75xmxt8.cloudfront.net\/12\/2021\/12\/France-cycle-lane-1024x1024.jpg 1024w, https:\/\/d2p6e6u75xmxt8.cloudfront.net\/12\/2021\/12\/France-cycle-lane-150x150.jpg 150w, https:\/\/d2p6e6u75xmxt8.cloudfront.net\/12\/2021\/12\/France-cycle-lane-768x768.jpg 768w\" sizes=\"auto, (max-width: 1080px) 100vw, 1080px\" \/><\/a><figcaption id=\"caption-attachment-13242\" class=\"wp-caption-text\">Franciaorsz\u00e1g<\/figcaption><\/figure>\n<h2><strong>3. K\u00e9nyelmes \u00e9s egy\u00e9rtelm\u0171 szakasz<\/strong><\/h2>\n<figure style=\"width: 1178px\" class=\"wp-caption alignnone\"><a href=\"https:\/\/d2p6e6u75xmxt8.cloudfront.net\/12\/2021\/12\/bestwishesfromvolos2Cgr.n27joyyourride..._6118c37ab9a4a.jpg\"><img loading=\"lazy\" decoding=\"async\" class=\"wp-image-13243 size-full\" src=\"https:\/\/d2p6e6u75xmxt8.cloudfront.net\/12\/2021\/12\/bestwishesfromvolos2Cgr.n27joyyourride..._6118c37ab9a4a.jpg\" alt=\"Volos cycle lane\" width=\"1178\" height=\"1178\" srcset=\"https:\/\/d2p6e6u75xmxt8.cloudfront.net\/12\/2021\/12\/bestwishesfromvolos2Cgr.n27joyyourride..._6118c37ab9a4a.jpg 1178w, https:\/\/d2p6e6u75xmxt8.cloudfront.net\/12\/2021\/12\/bestwishesfromvolos2Cgr.n27joyyourride..._6118c37ab9a4a-300x300.jpg 300w, https:\/\/d2p6e6u75xmxt8.cloudfront.net\/12\/2021\/12\/bestwishesfromvolos2Cgr.n27joyyourride..._6118c37ab9a4a-1024x1024.jpg 1024w, https:\/\/d2p6e6u75xmxt8.cloudfront.net\/12\/2021\/12\/bestwishesfromvolos2Cgr.n27joyyourride..._6118c37ab9a4a-150x150.jpg 150w, https:\/\/d2p6e6u75xmxt8.cloudfront.net\/12\/2021\/12\/bestwishesfromvolos2Cgr.n27joyyourride..._6118c37ab9a4a-768x768.jpg 768w\" sizes=\"auto, (max-width: 1178px) 100vw, 1178px\" \/><\/a><figcaption class=\"wp-caption-text\">G\u00f6r\u00f6gorsz\u00e1g<\/figcaption><\/figure>\n<h2><strong>4. K\u00e9rj\u00fck, ne szemetelj, \u00e9s ne ess a szemetesbe!<\/strong><\/h2>\n<figure id=\"attachment_13244\" aria-describedby=\"caption-attachment-13244\" style=\"width: 933px\" class=\"wp-caption alignnone\"><a href=\"https:\/\/d2p6e6u75xmxt8.cloudfront.net\/12\/2021\/12\/Chile-cycle-lane.jpg\"><img loading=\"lazy\" decoding=\"async\" class=\"wp-image-13244 size-full\" src=\"https:\/\/d2p6e6u75xmxt8.cloudfront.net\/12\/2021\/12\/Chile-cycle-lane.jpg\" alt=\"Chile cycle lane\" width=\"933\" height=\"933\" srcset=\"https:\/\/d2p6e6u75xmxt8.cloudfront.net\/12\/2021\/12\/Chile-cycle-lane.jpg 933w, https:\/\/d2p6e6u75xmxt8.cloudfront.net\/12\/2021\/12\/Chile-cycle-lane-300x300.jpg 300w, https:\/\/d2p6e6u75xmxt8.cloudfront.net\/12\/2021\/12\/Chile-cycle-lane-150x150.jpg 150w, https:\/\/d2p6e6u75xmxt8.cloudfront.net\/12\/2021\/12\/Chile-cycle-lane-768x768.jpg 768w\" sizes=\"auto, (max-width: 933px) 100vw, 933px\" \/><\/a><figcaption id=\"caption-attachment-13244\" class=\"wp-caption-text\">Chile<\/figcaption><\/figure>\n<h2><strong>5. Egy kis friss\u00edt\u0151 f\u00fcrd\u0151t?<\/strong><\/h2>\n<figure id=\"attachment_13245\" aria-describedby=\"caption-attachment-13245\" style=\"width: 810px\" class=\"wp-caption alignnone\"><a href=\"https:\/\/d2p6e6u75xmxt8.cloudfront.net\/12\/2021\/12\/EuroveloroutenearMaribor._6113c7313a50f.jpg\"><img loading=\"lazy\" decoding=\"async\" class=\"size-full wp-image-13245\" src=\"https:\/\/d2p6e6u75xmxt8.cloudfront.net\/12\/2021\/12\/EuroveloroutenearMaribor._6113c7313a50f.jpg\" alt=\"Maribor cycle route\" width=\"810\" height=\"810\" srcset=\"https:\/\/d2p6e6u75xmxt8.cloudfront.net\/12\/2021\/12\/EuroveloroutenearMaribor._6113c7313a50f.jpg 810w, https:\/\/d2p6e6u75xmxt8.cloudfront.net\/12\/2021\/12\/EuroveloroutenearMaribor._6113c7313a50f-300x300.jpg 300w, https:\/\/d2p6e6u75xmxt8.cloudfront.net\/12\/2021\/12\/EuroveloroutenearMaribor._6113c7313a50f-150x150.jpg 150w, https:\/\/d2p6e6u75xmxt8.cloudfront.net\/12\/2021\/12\/EuroveloroutenearMaribor._6113c7313a50f-768x768.jpg 768w\" sizes=\"auto, (max-width: 810px) 100vw, 810px\" \/><\/a><figcaption id=\"caption-attachment-13245\" class=\"wp-caption-text\">Szlov\u00e9nia<\/figcaption><\/figure>\n<h2><strong>6. \u00c9pp csak jelz\u00e9s\u00e9rt\u00e9kkel<\/strong><\/h2>\n<figure id=\"attachment_13246\" aria-describedby=\"caption-attachment-13246\" style=\"width: 1202px\" class=\"wp-caption alignnone\"><a href=\"https:\/\/d2p6e6u75xmxt8.cloudfront.net\/12\/2021\/12\/Noroomforcyclepaths_61250d7660e0f.jpg\"><img loading=\"lazy\" decoding=\"async\" class=\"size-full wp-image-13246\" src=\"https:\/\/d2p6e6u75xmxt8.cloudfront.net\/12\/2021\/12\/Noroomforcyclepaths_61250d7660e0f.jpg\" alt=\"Portugal cycle lane\" width=\"1202\" height=\"1202\" srcset=\"https:\/\/d2p6e6u75xmxt8.cloudfront.net\/12\/2021\/12\/Noroomforcyclepaths_61250d7660e0f.jpg 1202w, https:\/\/d2p6e6u75xmxt8.cloudfront.net\/12\/2021\/12\/Noroomforcyclepaths_61250d7660e0f-300x300.jpg 300w, https:\/\/d2p6e6u75xmxt8.cloudfront.net\/12\/2021\/12\/Noroomforcyclepaths_61250d7660e0f-1024x1024.jpg 1024w, https:\/\/d2p6e6u75xmxt8.cloudfront.net\/12\/2021\/12\/Noroomforcyclepaths_61250d7660e0f-150x150.jpg 150w, https:\/\/d2p6e6u75xmxt8.cloudfront.net\/12\/2021\/12\/Noroomforcyclepaths_61250d7660e0f-768x768.jpg 768w\" sizes=\"auto, (max-width: 1202px) 100vw, 1202px\" \/><\/a><figcaption id=\"caption-attachment-13246\" class=\"wp-caption-text\">Portug\u00e1lia<\/figcaption><\/figure>\n<h2><strong>7. Libasorban!<\/strong><\/h2>\n<figure id=\"attachment_13247\" aria-describedby=\"caption-attachment-13247\" style=\"width: 1080px\" class=\"wp-caption alignnone\"><a href=\"https:\/\/d2p6e6u75xmxt8.cloudfront.net\/12\/2021\/12\/TheCooksRiverisgenerallyawonderfulSydneyridebutthispointwherethepathrunsunderabridgeatnearlyexactlyhandlebarwidthisdefinitelyworstcyclepathworthy_612b3675d8e7e.jpg\"><img loading=\"lazy\" decoding=\"async\" class=\"size-full wp-image-13247\" src=\"https:\/\/d2p6e6u75xmxt8.cloudfront.net\/12\/2021\/12\/TheCooksRiverisgenerallyawonderfulSydneyridebutthispointwherethepathrunsunderabridgeatnearlyexactlyhandlebarwidthisdefinitelyworstcyclepathworthy_612b3675d8e7e.jpg\" alt=\"Cooks River cycle path\" width=\"1080\" height=\"1080\" srcset=\"https:\/\/d2p6e6u75xmxt8.cloudfront.net\/12\/2021\/12\/TheCooksRiverisgenerallyawonderfulSydneyridebutthispointwherethepathrunsunderabridgeatnearlyexactlyhandlebarwidthisdefinitelyworstcyclepathworthy_612b3675d8e7e.jpg 1080w, https:\/\/d2p6e6u75xmxt8.cloudfront.net\/12\/2021\/12\/TheCooksRiverisgenerallyawonderfulSydneyridebutthispointwherethepathrunsunderabridgeatnearlyexactlyhandlebarwidthisdefinitelyworstcyclepathworthy_612b3675d8e7e-300x300.jpg 300w, https:\/\/d2p6e6u75xmxt8.cloudfront.net\/12\/2021\/12\/TheCooksRiverisgenerallyawonderfulSydneyridebutthispointwherethepathrunsunderabridgeatnearlyexactlyhandlebarwidthisdefinitelyworstcyclepathworthy_612b3675d8e7e-1024x1024.jpg 1024w, https:\/\/d2p6e6u75xmxt8.cloudfront.net\/12\/2021\/12\/TheCooksRiverisgenerallyawonderfulSydneyridebutthispointwherethepathrunsunderabridgeatnearlyexactlyhandlebarwidthisdefinitelyworstcyclepathworthy_612b3675d8e7e-150x150.jpg 150w, https:\/\/d2p6e6u75xmxt8.cloudfront.net\/12\/2021\/12\/TheCooksRiverisgenerallyawonderfulSydneyridebutthispointwherethepathrunsunderabridgeatnearlyexactlyhandlebarwidthisdefinitelyworstcyclepathworthy_612b3675d8e7e-768x768.jpg 768w\" sizes=\"auto, (max-width: 1080px) 100vw, 1080px\" \/><\/a><figcaption id=\"caption-attachment-13247\" class=\"wp-caption-text\">Ausztr\u00e1lia<\/figcaption><\/figure>\n<h2><strong>8. Itt mindenkinek biciklire kell sz\u00e1llnia<\/strong><\/h2>\n<figure id=\"attachment_13248\" aria-describedby=\"caption-attachment-13248\" style=\"width: 1200px\" class=\"wp-caption alignnone\"><a href=\"https:\/\/d2p6e6u75xmxt8.cloudfront.net\/12\/2021\/12\/Tallinn2CEstonia_6128bd5e36f59.jpg\"><img loading=\"lazy\" decoding=\"async\" class=\"size-full wp-image-13248\" src=\"https:\/\/d2p6e6u75xmxt8.cloudfront.net\/12\/2021\/12\/Tallinn2CEstonia_6128bd5e36f59.jpg\" alt=\"Tallinn\" width=\"1200\" height=\"1200\" srcset=\"https:\/\/d2p6e6u75xmxt8.cloudfront.net\/12\/2021\/12\/Tallinn2CEstonia_6128bd5e36f59.jpg 1200w, https:\/\/d2p6e6u75xmxt8.cloudfront.net\/12\/2021\/12\/Tallinn2CEstonia_6128bd5e36f59-300x300.jpg 300w, https:\/\/d2p6e6u75xmxt8.cloudfront.net\/12\/2021\/12\/Tallinn2CEstonia_6128bd5e36f59-1024x1024.jpg 1024w, https:\/\/d2p6e6u75xmxt8.cloudfront.net\/12\/2021\/12\/Tallinn2CEstonia_6128bd5e36f59-150x150.jpg 150w, https:\/\/d2p6e6u75xmxt8.cloudfront.net\/12\/2021\/12\/Tallinn2CEstonia_6128bd5e36f59-768x768.jpg 768w\" sizes=\"auto, (max-width: 1200px) 100vw, 1200px\" \/><\/a><figcaption id=\"caption-attachment-13248\" class=\"wp-caption-text\">Tallinn, \u00c9sztorsz\u00e1g<\/figcaption><\/figure>\n<h2><strong>9. Egyenesen a term\u00e9szetbe<\/strong><\/h2>\n<figure id=\"attachment_13249\" aria-describedby=\"caption-attachment-13249\" style=\"width: 910px\" class=\"wp-caption alignnone\"><a href=\"https:\/\/d2p6e6u75xmxt8.cloudfront.net\/12\/2021\/12\/Malaysia-cycle-path.jpg\"><img loading=\"lazy\" decoding=\"async\" class=\"size-full wp-image-13249\" src=\"https:\/\/d2p6e6u75xmxt8.cloudfront.net\/12\/2021\/12\/Malaysia-cycle-path.jpg\" alt=\"Kuala Lumpur cycle path\" width=\"910\" height=\"910\" srcset=\"https:\/\/d2p6e6u75xmxt8.cloudfront.net\/12\/2021\/12\/Malaysia-cycle-path.jpg 910w, https:\/\/d2p6e6u75xmxt8.cloudfront.net\/12\/2021\/12\/Malaysia-cycle-path-300x300.jpg 300w, https:\/\/d2p6e6u75xmxt8.cloudfront.net\/12\/2021\/12\/Malaysia-cycle-path-150x150.jpg 150w, https:\/\/d2p6e6u75xmxt8.cloudfront.net\/12\/2021\/12\/Malaysia-cycle-path-768x768.jpg 768w\" sizes=\"auto, (max-width: 910px) 100vw, 910px\" \/><\/a><figcaption id=\"caption-attachment-13249\" class=\"wp-caption-text\">Kuala Lumpur, Malajzia<\/figcaption><\/figure>\n<h2><strong>10. A ker\u00e9kp\u00e1rs\u00e1v az \u00fat bal oldal\u00e1n van<\/strong><\/h2>\n<figure id=\"attachment_13250\" aria-describedby=\"caption-attachment-13250\" style=\"width: 921px\" class=\"wp-caption alignnone\"><a href=\"https:\/\/d2p6e6u75xmxt8.cloudfront.net\/12\/2021\/12\/Santiago-de-Chile-cycle-path.jpg\"><img loading=\"lazy\" decoding=\"async\" class=\"size-full wp-image-13250\" src=\"https:\/\/d2p6e6u75xmxt8.cloudfront.net\/12\/2021\/12\/Santiago-de-Chile-cycle-path.jpg\" alt=\"Chile cycle path\" width=\"921\" height=\"921\" srcset=\"https:\/\/d2p6e6u75xmxt8.cloudfront.net\/12\/2021\/12\/Santiago-de-Chile-cycle-path.jpg 921w, https:\/\/d2p6e6u75xmxt8.cloudfront.net\/12\/2021\/12\/Santiago-de-Chile-cycle-path-300x300.jpg 300w, https:\/\/d2p6e6u75xmxt8.cloudfront.net\/12\/2021\/12\/Santiago-de-Chile-cycle-path-150x150.jpg 150w, https:\/\/d2p6e6u75xmxt8.cloudfront.net\/12\/2021\/12\/Santiago-de-Chile-cycle-path-768x768.jpg 768w\" sizes=\"auto, (max-width: 921px) 100vw, 921px\" \/><\/a><figcaption id=\"caption-attachment-13250\" class=\"wp-caption-text\">Chile<\/figcaption><\/figure>\n","protected":false},"excerpt":{"rendered":"<p>Nem sokkal ezel\u0151tt a We Love Cycling mer\u00e9sz c\u00e9lt t\u0171z\u00f6tt ki maga el\u00e9: \u00f6sszegy\u0171jteni az orsz\u00e1g legrosszabb bringa\u00fatjait! Egy t\u00f6bb [&hellip;]<\/p>\n","protected":false},"author":71,"featured_media":13252,"comment_status":"open","ping_status":"open","sticky":false,"template":"","format":"standard","meta":{"footnotes":""},"categories":[9],"tags":[],"global-categories":[],"class_list":["post-13240","post","type-post","status-publish","format-standard","has-post-thumbnail","hentry","category-varosi-kerekparozas"],"yoast_head":"<!-- This site is optimized with the Yoast SEO Premium plugin v25.3 (Yoast SEO v25.9) - https:\/\/yoast.com\/wordpress\/plugins\/seo\/ -->\n<title>A vil\u00e1g 10 legrosszabb ker\u00e9kp\u00e1r\u00fatja - \u0160koda We Love Cycling - Magyarorsz\u00e1g<\/title>\n<meta name=\"description\" content=\"Nem sokkal ezel\u0151tt a We Love Cycling mer\u00e9sz c\u00e9lt t\u0171z\u00f6tt ki maga el\u00e9: \u00f6sszegy\u0171jteni az orsz\u00e1g legrosszabb bringa\u00fatjait! Egy t\u00f6bb r\u00e9gi\u00f3ban is megval\u00f3sul\u00f3 kamp\u00e1ny r\u00e9szek\u00e9nt \u00e1llhatott \u00f6ssze az al\u00e1bbi gal\u00e9ria, mely a haszn\u00e1lhatatlan ker\u00e9kp\u00e1rutak \u00e1llapot\u00e1ra h\u00edvja fel a figyelmet. Jobb utakat akarunk! De addig is, nevess\u00fcnk a rosszakon!\" \/>\n<meta name=\"robots\" content=\"index, follow, max-snippet:-1, max-image-preview:large, max-video-preview:-1\" \/>\n<link rel=\"canonical\" href=\"https:\/\/www.welovecycling.com\/hu\/varosi-kerekparozas\/a-vilag-10-legrosszabb-kerekparutja\/\" \/>\n<meta property=\"og:locale\" content=\"hu_HU\" \/>\n<meta property=\"og:type\" content=\"article\" \/>\n<meta property=\"og:title\" content=\"A vil\u00e1g 10 legrosszabb ker\u00e9kp\u00e1r\u00fatja\" \/>\n<meta property=\"og:description\" content=\"Nem sokkal ezel\u0151tt a We Love Cycling mer\u00e9sz c\u00e9lt t\u0171z\u00f6tt ki maga el\u00e9: \u00f6sszegy\u0171jteni az orsz\u00e1g legrosszabb bringa\u00fatjait! Egy t\u00f6bb r\u00e9gi\u00f3ban is megval\u00f3sul\u00f3 kamp\u00e1ny r\u00e9szek\u00e9nt \u00e1llhatott \u00f6ssze az al\u00e1bbi gal\u00e9ria, mely a haszn\u00e1lhatatlan ker\u00e9kp\u00e1rutak \u00e1llapot\u00e1ra h\u00edvja fel a figyelmet. Jobb utakat akarunk! De addig is, nevess\u00fcnk a rosszakon!\" \/>\n<meta property=\"og:url\" content=\"https:\/\/www.welovecycling.com\/hu\/varosi-kerekparozas\/a-vilag-10-legrosszabb-kerekparutja\/\" \/>\n<meta property=\"og:site_name\" content=\"\u0160koda We Love Cycling - Magyarorsz\u00e1g\" \/>\n<meta property=\"article:publisher\" content=\"https:\/\/www.facebook.com\/WeLoveCyclingHungary\/\" \/>\n<meta property=\"article:published_time\" content=\"2021-12-24T06:00:04+00:00\" \/>\n<meta property=\"og:image\" content=\"https:\/\/d2p6e6u75xmxt8.cloudfront.net\/12\/2021\/12\/Bucarest-cycle-path-CVR.jpg\" \/>\n\t<meta property=\"og:image:width\" content=\"1366\" \/>\n\t<meta property=\"og:image:height\" content=\"600\" \/>\n\t<meta property=\"og:image:type\" content=\"image\/jpeg\" \/>\n<meta name=\"author\" content=\"hegyizs\" \/>\n<meta name=\"twitter:card\" content=\"summary_large_image\" \/>\n<meta name=\"twitter:label1\" content=\"Written by\" \/>\n\t<meta name=\"twitter:data1\" content=\"WeLoveCycling\" \/>\n\t<meta name=\"twitter:label2\" content=\"Est. reading time\" \/>\n\t<meta name=\"twitter:data2\" content=\"6\" \/>\n<script type=\"application\/ld+json\" class=\"yoast-schema-graph\">{\"@context\":\"https:\/\/schema.org\",\"@graph\":[{\"@type\":\"WebPage\",\"@id\":\"https:\/\/www.welovecycling.com\/hu\/varosi-kerekparozas\/a-vilag-10-legrosszabb-kerekparutja\/\",\"url\":\"https:\/\/www.welovecycling.com\/hu\/varosi-kerekparozas\/a-vilag-10-legrosszabb-kerekparutja\/\",\"name\":\"A vil\u00e1g 10 legrosszabb ker\u00e9kp\u00e1r\u00fatja - \u0160koda We Love Cycling - Magyarorsz\u00e1g\",\"isPartOf\":{\"@id\":\"https:\/\/www.welovecycling.com\/hu\/#website\"},\"primaryImageOfPage\":{\"@id\":\"https:\/\/www.welovecycling.com\/hu\/varosi-kerekparozas\/a-vilag-10-legrosszabb-kerekparutja\/#primaryimage\"},\"image\":{\"@id\":\"https:\/\/www.welovecycling.com\/hu\/varosi-kerekparozas\/a-vilag-10-legrosszabb-kerekparutja\/#primaryimage\"},\"thumbnailUrl\":\"https:\/\/d2p6e6u75xmxt8.cloudfront.net\/12\/2021\/12\/Bucarest-cycle-path-CVR.jpg\",\"datePublished\":\"2021-12-24T06:00:04+00:00\",\"author\":{\"@id\":\"https:\/\/www.welovecycling.com\/hu\/#\/schema\/person\/414a2aebf1801691a5320edb6468e194\"},\"description\":\"Nem sokkal ezel\u0151tt a We Love Cycling mer\u00e9sz c\u00e9lt t\u0171z\u00f6tt ki maga el\u00e9: \u00f6sszegy\u0171jteni az orsz\u00e1g legrosszabb bringa\u00fatjait! Egy t\u00f6bb r\u00e9gi\u00f3ban is megval\u00f3sul\u00f3 kamp\u00e1ny r\u00e9szek\u00e9nt \u00e1llhatott \u00f6ssze az al\u00e1bbi gal\u00e9ria, mely a haszn\u00e1lhatatlan ker\u00e9kp\u00e1rutak \u00e1llapot\u00e1ra h\u00edvja fel a figyelmet. Jobb utakat akarunk! De addig is, nevess\u00fcnk a rosszakon!\",\"breadcrumb\":{\"@id\":\"https:\/\/www.welovecycling.com\/hu\/varosi-kerekparozas\/a-vilag-10-legrosszabb-kerekparutja\/#breadcrumb\"},\"inLanguage\":\"hu\",\"potentialAction\":[{\"@type\":\"ReadAction\",\"target\":[\"https:\/\/www.welovecycling.com\/hu\/varosi-kerekparozas\/a-vilag-10-legrosszabb-kerekparutja\/\"]}]},{\"@type\":\"ImageObject\",\"inLanguage\":\"hu\",\"@id\":\"https:\/\/www.welovecycling.com\/hu\/varosi-kerekparozas\/a-vilag-10-legrosszabb-kerekparutja\/#primaryimage\",\"url\":\"https:\/\/d2p6e6u75xmxt8.cloudfront.net\/12\/2021\/12\/Bucarest-cycle-path-CVR.jpg\",\"contentUrl\":\"https:\/\/d2p6e6u75xmxt8.cloudfront.net\/12\/2021\/12\/Bucarest-cycle-path-CVR.jpg\",\"width\":1366,\"height\":600,\"caption\":\"Bucarest cycle path\"},{\"@type\":\"BreadcrumbList\",\"@id\":\"https:\/\/www.welovecycling.com\/hu\/varosi-kerekparozas\/a-vilag-10-legrosszabb-kerekparutja\/#breadcrumb\",\"itemListElement\":[{\"@type\":\"ListItem\",\"position\":1,\"name\":\"Home\",\"item\":\"https:\/\/www.welovecycling.com\/hu\/\"},{\"@type\":\"ListItem\",\"position\":2,\"name\":\"A vil\u00e1g 10 legrosszabb ker\u00e9kp\u00e1r\u00fatja\"}]},{\"@type\":\"WebSite\",\"@id\":\"https:\/\/www.welovecycling.com\/hu\/#website\",\"url\":\"https:\/\/www.welovecycling.com\/hu\/\",\"name\":\"\u0160koda We Love Cycling - Magyarorsz\u00e1g\",\"description\":\"\u0160koda WeLoveCycling\",\"potentialAction\":[{\"@type\":\"SearchAction\",\"target\":{\"@type\":\"EntryPoint\",\"urlTemplate\":\"https:\/\/www.welovecycling.com\/hu\/?s={search_term_string}\"},\"query-input\":{\"@type\":\"PropertyValueSpecification\",\"valueRequired\":true,\"valueName\":\"search_term_string\"}}],\"inLanguage\":\"hu\"},{\"@type\":\"Person\",\"@id\":\"https:\/\/www.welovecycling.com\/hu\/#\/schema\/person\/414a2aebf1801691a5320edb6468e194\",\"name\":\"hegyizs\",\"image\":{\"@type\":\"ImageObject\",\"inLanguage\":\"hu\",\"@id\":\"https:\/\/www.welovecycling.com\/hu\/#\/schema\/person\/image\/\",\"url\":\"https:\/\/secure.gravatar.com\/avatar\/02cf8a7906b8cf90cecb4679defac7cfd33a1c2e3b88e4903d947f3bb58eedd3?s=96&d=mm&r=g\",\"contentUrl\":\"https:\/\/secure.gravatar.com\/avatar\/02cf8a7906b8cf90cecb4679defac7cfd33a1c2e3b88e4903d947f3bb58eedd3?s=96&d=mm&r=g\",\"caption\":\"hegyizs\"},\"url\":\"https:\/\/www.welovecycling.com\/hu\/author\/hegyizs\/\"}]}<\/script>\n<!-- \/ Yoast SEO Premium plugin. -->","yoast_head_json":{"title":"A vil\u00e1g 10 legrosszabb ker\u00e9kp\u00e1r\u00fatja - \u0160koda We Love Cycling - Magyarorsz\u00e1g","description":"Nem sokkal ezel\u0151tt a We Love Cycling mer\u00e9sz c\u00e9lt t\u0171z\u00f6tt ki maga el\u00e9: \u00f6sszegy\u0171jteni az orsz\u00e1g legrosszabb bringa\u00fatjait! Egy t\u00f6bb r\u00e9gi\u00f3ban is megval\u00f3sul\u00f3 kamp\u00e1ny r\u00e9szek\u00e9nt \u00e1llhatott \u00f6ssze az al\u00e1bbi gal\u00e9ria, mely a haszn\u00e1lhatatlan ker\u00e9kp\u00e1rutak \u00e1llapot\u00e1ra h\u00edvja fel a figyelmet. Jobb utakat akarunk! De addig is, nevess\u00fcnk a rosszakon!","robots":{"index":"index","follow":"follow","max-snippet":"max-snippet:-1","max-image-preview":"max-image-preview:large","max-video-preview":"max-video-preview:-1"},"canonical":"https:\/\/www.welovecycling.com\/hu\/varosi-kerekparozas\/a-vilag-10-legrosszabb-kerekparutja\/","og_locale":"hu_HU","og_type":"article","og_title":"A vil\u00e1g 10 legrosszabb ker\u00e9kp\u00e1r\u00fatja","og_description":"Nem sokkal ezel\u0151tt a We Love Cycling mer\u00e9sz c\u00e9lt t\u0171z\u00f6tt ki maga el\u00e9: \u00f6sszegy\u0171jteni az orsz\u00e1g legrosszabb bringa\u00fatjait! Egy t\u00f6bb r\u00e9gi\u00f3ban is megval\u00f3sul\u00f3 kamp\u00e1ny r\u00e9szek\u00e9nt \u00e1llhatott \u00f6ssze az al\u00e1bbi gal\u00e9ria, mely a haszn\u00e1lhatatlan ker\u00e9kp\u00e1rutak \u00e1llapot\u00e1ra h\u00edvja fel a figyelmet. Jobb utakat akarunk! De addig is, nevess\u00fcnk a rosszakon!","og_url":"https:\/\/www.welovecycling.com\/hu\/varosi-kerekparozas\/a-vilag-10-legrosszabb-kerekparutja\/","og_site_name":"\u0160koda We Love Cycling - Magyarorsz\u00e1g","article_publisher":"https:\/\/www.facebook.com\/WeLoveCyclingHungary\/","article_published_time":"2021-12-24T06:00:04+00:00","og_image":[{"width":1366,"height":600,"url":"https:\/\/d2p6e6u75xmxt8.cloudfront.net\/12\/2021\/12\/Bucarest-cycle-path-CVR.jpg","type":"image\/jpeg"}],"author":"hegyizs","twitter_card":"summary_large_image","twitter_misc":{"Written by":"WeLoveCycling","Est. reading time":"6"},"schema":{"@context":"https:\/\/schema.org","@graph":[{"@type":"WebPage","@id":"https:\/\/www.welovecycling.com\/hu\/varosi-kerekparozas\/a-vilag-10-legrosszabb-kerekparutja\/","url":"https:\/\/www.welovecycling.com\/hu\/varosi-kerekparozas\/a-vilag-10-legrosszabb-kerekparutja\/","name":"A vil\u00e1g 10 legrosszabb ker\u00e9kp\u00e1r\u00fatja - \u0160koda We Love Cycling - Magyarorsz\u00e1g","isPartOf":{"@id":"https:\/\/www.welovecycling.com\/hu\/#website"},"primaryImageOfPage":{"@id":"https:\/\/www.welovecycling.com\/hu\/varosi-kerekparozas\/a-vilag-10-legrosszabb-kerekparutja\/#primaryimage"},"image":{"@id":"https:\/\/www.welovecycling.com\/hu\/varosi-kerekparozas\/a-vilag-10-legrosszabb-kerekparutja\/#primaryimage"},"thumbnailUrl":"https:\/\/d2p6e6u75xmxt8.cloudfront.net\/12\/2021\/12\/Bucarest-cycle-path-CVR.jpg","datePublished":"2021-12-24T06:00:04+00:00","author":{"@id":"https:\/\/www.welovecycling.com\/hu\/#\/schema\/person\/414a2aebf1801691a5320edb6468e194"},"description":"Nem sokkal ezel\u0151tt a We Love Cycling mer\u00e9sz c\u00e9lt t\u0171z\u00f6tt ki maga el\u00e9: \u00f6sszegy\u0171jteni az orsz\u00e1g legrosszabb bringa\u00fatjait! Egy t\u00f6bb r\u00e9gi\u00f3ban is megval\u00f3sul\u00f3 kamp\u00e1ny r\u00e9szek\u00e9nt \u00e1llhatott \u00f6ssze az al\u00e1bbi gal\u00e9ria, mely a haszn\u00e1lhatatlan ker\u00e9kp\u00e1rutak \u00e1llapot\u00e1ra h\u00edvja fel a figyelmet. Jobb utakat akarunk! De addig is, nevess\u00fcnk a rosszakon!","breadcrumb":{"@id":"https:\/\/www.welovecycling.com\/hu\/varosi-kerekparozas\/a-vilag-10-legrosszabb-kerekparutja\/#breadcrumb"},"inLanguage":"hu","potentialAction":[{"@type":"ReadAction","target":["https:\/\/www.welovecycling.com\/hu\/varosi-kerekparozas\/a-vilag-10-legrosszabb-kerekparutja\/"]}]},{"@type":"ImageObject","inLanguage":"hu","@id":"https:\/\/www.welovecycling.com\/hu\/varosi-kerekparozas\/a-vilag-10-legrosszabb-kerekparutja\/#primaryimage","url":"https:\/\/d2p6e6u75xmxt8.cloudfront.net\/12\/2021\/12\/Bucarest-cycle-path-CVR.jpg","contentUrl":"https:\/\/d2p6e6u75xmxt8.cloudfront.net\/12\/2021\/12\/Bucarest-cycle-path-CVR.jpg","width":1366,"height":600,"caption":"Bucarest cycle path"},{"@type":"BreadcrumbList","@id":"https:\/\/www.welovecycling.com\/hu\/varosi-kerekparozas\/a-vilag-10-legrosszabb-kerekparutja\/#breadcrumb","itemListElement":[{"@type":"ListItem","position":1,"name":"Home","item":"https:\/\/www.welovecycling.com\/hu\/"},{"@type":"ListItem","position":2,"name":"A vil\u00e1g 10 legrosszabb ker\u00e9kp\u00e1r\u00fatja"}]},{"@type":"WebSite","@id":"https:\/\/www.welovecycling.com\/hu\/#website","url":"https:\/\/www.welovecycling.com\/hu\/","name":"\u0160koda We Love Cycling - Magyarorsz\u00e1g","description":"\u0160koda WeLoveCycling","potentialAction":[{"@type":"SearchAction","target":{"@type":"EntryPoint","urlTemplate":"https:\/\/www.welovecycling.com\/hu\/?s={search_term_string}"},"query-input":{"@type":"PropertyValueSpecification","valueRequired":true,"valueName":"search_term_string"}}],"inLanguage":"hu"},{"@type":"Person","@id":"https:\/\/www.welovecycling.com\/hu\/#\/schema\/person\/414a2aebf1801691a5320edb6468e194","name":"hegyizs","image":{"@type":"ImageObject","inLanguage":"hu","@id":"https:\/\/www.welovecycling.com\/hu\/#\/schema\/person\/image\/","url":"https:\/\/secure.gravatar.com\/avatar\/02cf8a7906b8cf90cecb4679defac7cfd33a1c2e3b88e4903d947f3bb58eedd3?s=96&d=mm&r=g","contentUrl":"https:\/\/secure.gravatar.com\/avatar\/02cf8a7906b8cf90cecb4679defac7cfd33a1c2e3b88e4903d947f3bb58eedd3?s=96&d=mm&r=g","caption":"hegyizs"},"url":"https:\/\/www.welovecycling.com\/hu\/author\/hegyizs\/"}]}},"_links":{"self":[{"href":"https:\/\/www.welovecycling.com\/hu\/wp-json\/wp\/v2\/posts\/13240","targetHints":{"allow":["GET"]}}],"collection":[{"href":"https:\/\/www.welovecycling.com\/hu\/wp-json\/wp\/v2\/posts"}],"about":[{"href":"https:\/\/www.welovecycling.com\/hu\/wp-json\/wp\/v2\/types\/post"}],"author":[{"embeddable":true,"href":"https:\/\/www.welovecycling.com\/hu\/wp-json\/wp\/v2\/users\/71"}],"replies":[{"embeddable":true,"href":"https:\/\/www.welovecycling.com\/hu\/wp-json\/wp\/v2\/comments?post=13240"}],"version-history":[{"count":2,"href":"https:\/\/www.welovecycling.com\/hu\/wp-json\/wp\/v2\/posts\/13240\/revisions"}],"predecessor-version":[{"id":13257,"href":"https:\/\/www.welovecycling.com\/hu\/wp-json\/wp\/v2\/posts\/13240\/revisions\/13257"}],"wp:featuredmedia":[{"embeddable":true,"href":"https:\/\/www.welovecycling.com\/hu\/wp-json\/wp\/v2\/media\/13252"}],"wp:attachment":[{"href":"https:\/\/www.welovecycling.com\/hu\/wp-json\/wp\/v2\/media?parent=13240"}],"wp:term":[{"taxonomy":"category","embeddable":true,"href":"https:\/\/www.welovecycling.com\/hu\/wp-json\/wp\/v2\/categories?post=13240"},{"taxonomy":"post_tag","embeddable":true,"href":"https:\/\/www.welovecycling.com\/hu\/wp-json\/wp\/v2\/tags?post=13240"},{"taxonomy":"global-categories","embeddable":true,"href":"https:\/\/www.welovecycling.com\/hu\/wp-json\/wp\/v2\/global-categories?post=13240"}],"curies":[{"name":"wp","href":"https:\/\/api.w.org\/{rel}","templated":true}]}}