{"id":13233,"date":"2021-12-23T08:00:57","date_gmt":"2021-12-23T06:00:57","guid":{"rendered":"https:\/\/www.welovecycling.com\/hu\/?p=13233"},"modified":"2021-12-17T16:59:14","modified_gmt":"2021-12-17T14:59:14","slug":"tour-de-france-femmes-minden-amit-tudunk-rola","status":"publish","type":"post","link":"https:\/\/www.welovecycling.com\/hu\/orszaguti-kerekpar\/tour-de-france-femmes-minden-amit-tudunk-rola\/","title":{"rendered":"Tour de France Femmes: minden, amit tudunk r\u00f3la"},"content":{"rendered":"<p><strong>Alig h\u00e9t h\u00f3nap m\u00falva megrendez\u00e9sre ker\u00fcl az esem\u00e9ny, amit minden ker\u00e9kp\u00e1ros rajong\u00f3 nagy izgalommal v\u00e1r: az els\u0151, friss\u00edtett Tour de France Femmes! Hatalmas m\u00e9rf\u00f6ldk\u0151 ez a n\u0151i versenyker\u00e9kp\u00e1roz\u00e1s sz\u00e1m\u00e1ra, a t\u00e9t hatalmas, \u00e9s a verseny, a szervez\u0151k \u00e9s a r\u00e9sztvev\u0151k minden l\u00e9p\u00e9s\u00e9t \u00e1rgus szemekkel figyeli majd a k\u00f6z\u00f6ns\u00e9g. N\u00e9zz\u00fck, mit tudunk eddig a r\u00e9szletekr\u0151l!<\/strong><!--more--><\/p>\n<p>Term\u00e9szetesen m\u00e1ris \u00f6ssze\u00fctk\u00f6ztek a v\u00e9lem\u00e9nyek egy-k\u00e9t k\u00e9rd\u00e9sben az esem\u00e9nnyel kapcsolatban \u2013 t\u00e9ma volt az egyenl\u0151s\u00e9g hi\u00e1nya, a nyerem\u00e9nyek \u00e9s d\u00edjak, valamint felmer\u00fclt az is, hogy biztosan a f\u00e9rfi Tour z\u00e1szlaja alatt kell-e megszervezni a Femmest. \u00c1ltal\u00e1noss\u00e1gban azonban elmondhatjuk, hogy a t\u00f6bbnapos n\u0151i szakaszverseny ir\u00e1nt hatalmas az \u00e9rdekl\u0151d\u00e9s, \u00e9s a versenyigazgat\u00f3, Marion Rousse gyors \u00e9s jelent\u0151s eredm\u00e9nyekre sz\u00e1m\u00edt, ami a n\u0151i ker\u00e9kp\u00e1roz\u00e1st illeti.<\/p>\n<p>Ha teh\u00e1t \u00e9ppen pihen\u0151t tartasz k\u00e9t t\u00e9li ker\u00e9kp\u00e1r\u00fat k\u00f6z\u00f6tt, n\u00e9zz\u00fck \u00e1t, mit tudunk eddig az esem\u00e9nyr\u0151l, ami minden bizonnyal a ker\u00e9kp\u00e1roz\u00e1s ikonikus pillanatak\u00e9nt vonul be a t\u00f6rt\u00e9nelembe.<\/p>\n<h2><strong>Az \u00fatvonal<\/strong><\/h2>\n<p>Okt\u00f3ber k\u00f6zep\u00e9n az ASO \u00e9s Marion Rousse felfedte a nyolcnapos Tour de France Femmes \u00fatvonal\u00e1t \u2013 amely az Eiffel-toronyn\u00e1l kezd\u0151dik \u00e9s a La Planche des Belles Filles tetej\u00e9n \u00e9r v\u00e9get.<\/p>\n<p><img loading=\"lazy\" decoding=\"async\" class=\"alignnone size-full wp-image-13234\" src=\"https:\/\/d2p6e6u75xmxt8.cloudfront.net\/12\/2021\/12\/TdF-Femmes-Route.jpeg\" alt=\"Tour de France Femmes\" width=\"960\" height=\"1367\" srcset=\"https:\/\/d2p6e6u75xmxt8.cloudfront.net\/12\/2021\/12\/TdF-Femmes-Route.jpeg 960w, https:\/\/d2p6e6u75xmxt8.cloudfront.net\/12\/2021\/12\/TdF-Femmes-Route-211x300.jpeg 211w, https:\/\/d2p6e6u75xmxt8.cloudfront.net\/12\/2021\/12\/TdF-Femmes-Route-719x1024.jpeg 719w, https:\/\/d2p6e6u75xmxt8.cloudfront.net\/12\/2021\/12\/TdF-Femmes-Route-768x1094.jpeg 768w\" sizes=\"auto, (max-width: 960px) 100vw, 960px\" \/><\/p>\n<p>1029 km-t kell megtenni\u00fck a versenyz\u0151knek, az \u00fatvonal pedig k\u00e9t hegyi szakaszt, k\u00e9t etapot, ahol a puncheur versenyz\u0151k ker\u00fclhetnek el\u0151nybe, egy kavicsos utakkal t\u0171zdelt r\u00e9szt, \u00e9s n\u00e9gy s\u00edk szakaszt foglal mag\u00e1ban. Ez ut\u00f3bbiak lehet\u0151s\u00e9get adnak arra is, hogy a sprinterek egy\u00fctt \u00e9rjenek c\u00e9lba, de arra is, hogy megsz\u00f6kjenek a mez\u0151ny el\u0151l. \u00cdme a szakaszok list\u00e1ja:<\/p>\n<ol>\n<li>szakasz: Eiffel-torony &#8211; Champs-\u00c9lys\u00e9es, 82 km<\/li>\n<li>szakasz: Meaux &#8211; Provins, 135 km<\/li>\n<li>szakasz: Reims \u2013 \u00c9pernay, 133 km<\/li>\n<li>szakasz: Troyes &#8211; Bar-sur-Aube, 126 km<\/li>\n<li>szakasz: Bar-le-Duc &#8211; Saint-Di\u00e9-des-Vosges, 175 km<\/li>\n<li>szakasz: Saint-Di\u00e9-des-Vosges &#8211; Rosheim, 128 km<\/li>\n<li>szakasz: S\u00e9lestat &#8211; Le Markstein, 127 km<\/li>\n<li>szakasz: Super Planche des Belles Filles, 123 km<\/li>\n<\/ol>\n<p>Ha a f\u00e9rfi verseny 3500 kilom\u00e9ter\u00e9hez \u00e9s 20 szakasz\u00e1hoz hasonl\u00edtjuk az \u00fatvonalat, akkor nem mondhatjuk, hogy k\u00e9t hasonl\u00f3 l\u00e9pt\u00e9k\u0171 esem\u00e9nyt n\u00e9z\u00fcnk. Ennek ellen\u00e9re b\u0151ven van mit v\u00e1rni a n\u0151i versenyt\u0151l, biztosak vagyunk benne, hogy pokoli show-nak lesz\u00fcnk a szemtan\u00fai.<\/p>\n<h2><strong>A nyerem\u00e9nyek<\/strong><\/h2>\n<p>Hasonl\u00f3an, a helyez\u00e9sek\u00e9rt j\u00e1r\u00f3 d\u00edjak is elmaradnak a f\u00e9rfiak\u00e9t\u00f3l, azonban m\u00e9g mindig ez a legnagyobb \u00f6sszeg, amit a n\u0151i versenymez\u0151ny valaha l\u00e1tott. A nyolcnapos verseny sor\u00e1n \u00f6sszesen 250.000 eur\u00f3t (kb. 92 milli\u00f3 forint) nyerhetnek, a gy\u0151ztes pedig 50.000 eur\u00f3val (kb. 18,5 milli\u00f3 forint) a zseb\u00e9ben \u00e1llhat a dobog\u00f3ra. A marad\u00e9k 200 ezret a szakaszgy\u0151ztesek, a mezbirtokosok \u00e9s az \u00f6sszetett pontverseny soron k\u00f6vetkez\u0151 helyezettjei kapj\u00e1k.<\/p>\n<p>Igaz, hogy nem \u00e1julunk el 250.000 eur\u00f3t\u00f3l, de le kell sz\u00f6gezn\u00fcnk, hogy j\u00f6v\u0151re a f\u00e9rfi versenyz\u0151k sem sz\u00e1m\u00edthatnak sokkal nagyobb d\u00edjra. A teljes nyerem\u00e9nyalap 1,2 milli\u00f3 eur\u00f3 (kb. 440 milli\u00f3 forint) lesz a Tour-on, ebb\u0151l 500.000 eur\u00f3 (kb. 184,5 milli\u00f3 forint) \u00fcti a gy\u0151ztes mark\u00e1t.<\/p>\n<figure id=\"attachment_13235\" aria-describedby=\"caption-attachment-13235\" style=\"width: 1250px\" class=\"wp-caption alignnone\"><img loading=\"lazy\" decoding=\"async\" class=\"size-full wp-image-13235\" src=\"https:\/\/d2p6e6u75xmxt8.cloudfront.net\/12\/2021\/12\/profimedia-0638183487.jpg\" alt=\"Paris Roubaix Femmes 20212 Oct 20211st Lizzie Deignan2nd Marianne Vos3rd Elisa Longo Borghini\" width=\"1250\" height=\"833\" srcset=\"https:\/\/d2p6e6u75xmxt8.cloudfront.net\/12\/2021\/12\/profimedia-0638183487.jpg 1250w, https:\/\/d2p6e6u75xmxt8.cloudfront.net\/12\/2021\/12\/profimedia-0638183487-300x200.jpg 300w, https:\/\/d2p6e6u75xmxt8.cloudfront.net\/12\/2021\/12\/profimedia-0638183487-1024x682.jpg 1024w, https:\/\/d2p6e6u75xmxt8.cloudfront.net\/12\/2021\/12\/profimedia-0638183487-768x512.jpg 768w, https:\/\/d2p6e6u75xmxt8.cloudfront.net\/12\/2021\/12\/profimedia-0638183487-272x182.jpg 272w\" sizes=\"auto, (max-width: 1250px) 100vw, 1250px\" \/><figcaption id=\"caption-attachment-13235\" class=\"wp-caption-text\">Paris Roubaix Femmes 2021 \u00a9\u00a0Profimedia<\/figcaption><\/figure>\n<p>\u00dagy t\u0171nik, a sz\u00e1mok m\u00e1r fixek \u2013 legal\u00e1bbis a j\u00f6v\u0151 \u00e9vre. Ennek ellen\u00e9re nagy nyom\u00e1s nehezedett a szervez\u0151kre, k\u00fcl\u00f6n\u00f6sen a deb\u00fct\u00e1l\u00f3 P\u00e1rizs\u2013Roubaix Femmest k\u00f6vet\u0151en.<\/p>\n<p>Az id\u00e9n okt\u00f3berben megrendezett esem\u00e9nyt, melyen a Trek-Segafredo csapattagja, Lizzie Deignan megszerezte az els\u0151 n\u0151i bajnoki c\u00edmet, \u00e9s mind\u00f6ssze 1535 eur\u00f3t (kb. 567 ezer forint) vihetett haza, szemben a f\u00e9rfi gy\u0151ztessel, aki 30 000 eur\u00f3t (kb. 11 milli\u00f3 forint) kapott, komoly kritikai visszhang k\u00f6vette. A verseny ut\u00e1n a Trek-Segafredo \u00fagy nyilatkozott, az egyenl\u0151 d\u00edjaz\u00e1sban hisz, \u00e9s ennek megfelel\u0151 politik\u00e1t is folytat. A Tour de France-on m\u00e9g v\u00e1rat mag\u00e1ra a teljes egyenl\u0151s\u00e9g, de egy\u00e9rtelm\u0171 a k\u00f6vetel\u00e9s.<\/p>\n<h2><strong>A telev\u00edzi\u00f3s k\u00f6zvet\u00edt\u00e9s<\/strong><\/h2>\n<p>A verseny k\u00f6zvet\u00edt\u00e9s\u00e9vel kapcsolatos kezdeti z\u0171rzavar ellen\u00e9re meger\u0151s\u00edt\u00e9st nyert, hogy a Discovery Sports \u00e9s az Eurovision Sport kiz\u00e1r\u00f3lagos szerz\u0151d\u00e9st k\u00f6t\u00f6tt a szervez\u0151kkel, \u00edgy 2022 j\u00falius\u00e1ban a Tour de France Femmest Eur\u00f3pa-szerte sug\u00e1rozz\u00e1k majd.<\/p>\n<figure id=\"attachment_13236\" aria-describedby=\"caption-attachment-13236\" style=\"width: 1250px\" class=\"wp-caption alignnone\"><img loading=\"lazy\" decoding=\"async\" class=\"size-full wp-image-13236\" src=\"https:\/\/d2p6e6u75xmxt8.cloudfront.net\/12\/2021\/12\/profimedia-0638015102.jpg\" alt=\"Marion Rousse\" width=\"1250\" height=\"833\" srcset=\"https:\/\/d2p6e6u75xmxt8.cloudfront.net\/12\/2021\/12\/profimedia-0638015102.jpg 1250w, https:\/\/d2p6e6u75xmxt8.cloudfront.net\/12\/2021\/12\/profimedia-0638015102-300x200.jpg 300w, https:\/\/d2p6e6u75xmxt8.cloudfront.net\/12\/2021\/12\/profimedia-0638015102-1024x682.jpg 1024w, https:\/\/d2p6e6u75xmxt8.cloudfront.net\/12\/2021\/12\/profimedia-0638015102-768x512.jpg 768w, https:\/\/d2p6e6u75xmxt8.cloudfront.net\/12\/2021\/12\/profimedia-0638015102-272x182.jpg 272w\" sizes=\"auto, (max-width: 1250px) 100vw, 1250px\" \/><figcaption id=\"caption-attachment-13236\" class=\"wp-caption-text\"><em>Marion Rousse a TdFF \u00fatvonal\u00e1nak felfed\u00e9sekor. \u00a9 Profimedia<\/em><\/figcaption><\/figure>\n<p>Guy Voisin, a Discovery Sports igazgat\u00f3ja \u00edgy nyilatkozott: <em>\u201eK\u00fcldet\u00e9s\u00fcnknek tekintj\u00fck, hogy t\u00f6bb vil\u00e1gsz\u00ednvonal\u00fa n\u0151i versenybe fektess\u00fcnk be, mert ezek a nagyszer\u0171 esem\u00e9nyek el\u0151seg\u00edtik a ker\u00e9kp\u00e1roz\u00e1s n\u00e9pszer\u0171s\u00edt\u00e9s\u00e9t, \u00e9s szeretn\u00e9nk megfelelni a n\u00e9z\u0151ink elv\u00e1r\u00e1sainak. Arra haszn\u00e1ljuk fel m\u00e9ly szak\u00e9rtelm\u00fcnket \u00e9s lehet\u0151s\u00e9geinket, hogy a lehet\u0151 legt\u00f6bb emberhez eljuttassuk a sport erej\u00e9t.\u201d<\/em><\/p>\n<p>A hossz\u00fa t\u00e1v\u00fa, 2025-ig tart\u00f3 szerz\u0151d\u00e9s a P\u00e1rizs-Roubaix Femmes \u00e9l\u0151 k\u00f6zvet\u00edt\u00e9s\u00e9nek jog\u00e1t is mag\u00e1ban foglalja. Ezt szem el\u0151tt tartva, nyugodtan kijelenthetj\u00fck, hogy a Discovery Sports komolyan veszi elk\u00f6telezetts\u00e9g\u00e9t, amit tov\u00e1bb er\u0151s\u00edt az is, hogy 2021-ben az UCI Women\u2019s World Tour minden futam\u00e1t k\u00f6zvet\u00edtett\u00e9k.<\/p>\n<h2><strong>A Zwift szponzor\u00e1l\u00e1s\u00e1val<\/strong><\/h2>\n<p>A Zwift poz\u00edci\u00f3j\u00e1t \u00e9s a virtu\u00e1lis ker\u00e9kp\u00e1roz\u00e1s t\u00e9rh\u00f3d\u00edt\u00e1s\u00e1t bizony\u00edtja, hogy a platform lesz a TdFF f\u0151 t\u00e1mogat\u00f3ja. A tavalyi sikeres Virtu\u00e1lis Tour de France ut\u00e1n \u2013 ami h\u00e1rom h\u00e9tv\u00e9g\u00e9n \u00e1t futott \u00e9s Lauren Stephens nyerte meg \u2013 \u00e9sszer\u0171 l\u00e9p\u00e9s, hogy a m\u00e1rka a val\u00f3 \u00e9letben zajl\u00f3 esem\u00e9nyeken is ott legyen.<\/p>\n<p>J\u00f3 \u00e9rz\u00e9ssel t\u00f6lt el minket az is, amit Eric Min, a Zwift vez\u00e9rigazgat\u00f3ja nyilatkozott: <em>\u201eR\u00e9g\u00f3ta nagy rajong\u00f3ja vagyok a n\u0151i versenyek t\u00e1mad\u00f3 st\u00edlus\u00e1nak. Hiszem, hogy a n\u0151i mez\u0151ny a legizgalmasabb ker\u00e9kp\u00e1rversenyeket mutatja be, \u00e9s a tehets\u00e9gek meg\u00e9rdemelnek egy sokkal nagyobb platformot. B\u00fcszke vagyok arra, hogy nagy szerepet j\u00e1tszhatunk abban, hogy a Tour de France Femmes \u2013 Zwift egy\u00fcttm\u0171k\u00f6d\u00e9s megval\u00f3sulhasson. Egy\u00fctt nagyobb k\u00f6z\u00f6ns\u00e9ghez juthatunk el, \u00e9s a j\u00f6v\u0151 \u00faj ker\u00e9kp\u00e1rosait is inspir\u00e1lhatjuk.\u201d<\/em><\/p>\n<h2><strong>A versenyz\u0151k \u00e9s a rajong\u00f3k reakci\u00f3i<\/strong><\/h2>\n<p>A n\u0151i mez\u0151ny term\u00e9szetesen k\u00e9szen \u00e1ll a versenyre, \u00e9s nagyon pozit\u00edvan gondolkodnak arr\u00f3l, milyen v\u00e1ltoz\u00e1sokat hozhat ez a sport j\u00f6v\u0151j\u00e9re n\u00e9zve.<\/p>\n<p><em>\u201eEz egy nagyon fontos pillanat a n\u0151i ker\u00e9kp\u00e1roz\u00e1sban\u201d<\/em> \u2013 mondta a k\u00e9tszeres vil\u00e1gbajnok, Anna van de Breggen (SD Worx). <em>\u201eA Tour de France a ker\u00e9kp\u00e1rsport legh\u00edresebb versenye, \u00e9s sokunknak m\u00e1r r\u00e9g\u00f3ta nagy \u00e1lma a n\u0151i mez\u0151nyben, hogy indulhassunk rajta. B\u00edzom benne, hogy a Tour de France Femmes \u00e9s a Zwift hozz\u00e1j\u00e1rul a sport\u00e1gunk tov\u00e1bbi n\u00f6veked\u00e9s\u00e9hez az\u00e1ltal, hogy olyan m\u00e9diaplatformot biztos\u00edt sz\u00e1munkra, amellyel \u00faj k\u00f6z\u00f6ns\u00e9gekhez juttathatjuk el a n\u0151i ker\u00e9kp\u00e1roz\u00e1s izgalm\u00e1t.\u201d<\/em><\/p>\n<figure id=\"attachment_13237\" aria-describedby=\"caption-attachment-13237\" style=\"width: 1250px\" class=\"wp-caption alignnone\"><img loading=\"lazy\" decoding=\"async\" class=\"size-full wp-image-13237\" src=\"https:\/\/d2p6e6u75xmxt8.cloudfront.net\/12\/2021\/12\/profimedia-0634188026.jpg\" alt=\"Anna van der Breggen\" width=\"1250\" height=\"833\" srcset=\"https:\/\/d2p6e6u75xmxt8.cloudfront.net\/12\/2021\/12\/profimedia-0634188026.jpg 1250w, https:\/\/d2p6e6u75xmxt8.cloudfront.net\/12\/2021\/12\/profimedia-0634188026-300x200.jpg 300w, https:\/\/d2p6e6u75xmxt8.cloudfront.net\/12\/2021\/12\/profimedia-0634188026-1024x682.jpg 1024w, https:\/\/d2p6e6u75xmxt8.cloudfront.net\/12\/2021\/12\/profimedia-0634188026-768x512.jpg 768w, https:\/\/d2p6e6u75xmxt8.cloudfront.net\/12\/2021\/12\/profimedia-0634188026-272x182.jpg 272w\" sizes=\"auto, (max-width: 1250px) 100vw, 1250px\" \/><figcaption id=\"caption-attachment-13237\" class=\"wp-caption-text\"><em>A holland Anna van der Breggen akci\u00f3ban a n\u0151i elit orsz\u00e1g\u00fati versenyen a 2021-es UCI orsz\u00e1g\u00fati vil\u00e1gbajnoks\u00e1g\u00e1nak hetedik napj\u00e1n. \u00a9 Profimedia<\/em><\/figcaption><\/figure>\n<p>Uttrup Ludwig hasonl\u00f3an gondolkozik, \u00e9s nagyon v\u00e1rja, hogy szemben\u00e9zzen a szakaszokkal egy olyan versenyen, amir\u0151l m\u00e9g a nagymam\u00e1ja is hallott: <em>\u201eNagyon izgatott vagyok. R\u00e9g\u00f3ta v\u00e1runk erre a pillanatra. Saj\u00e1t Tour de France a n\u0151k sz\u00e1m\u00e1ra! Alig v\u00e1rom. Legyen m\u00e1r j\u00falius!\u201d<\/em><\/p>\n<p><em>\u201eMindenki arra v\u00e1gyik, hogy megszerezze a s\u00e1rga trik\u00f3t. Mindenki tudja, mi az a Tour de France. A nagymam\u00e1m is tudja. \u00c9s most, amikor megk\u00e9rdezik az emberek, hogy indulok-e rajta, v\u00e9gre azt mondhatom, hogy igen. A t\u00f6rt\u00e9nelem r\u00e9sze lehetek!\u201d<\/em><\/p>\n<p>Val\u00f3ban, a t\u00f6rt\u00e9nelem r\u00e9sze. Hatalmas szerepet j\u00e1tszhat ez a verseny a j\u00f6v\u0151 gener\u00e1ci\u00f3inak inspir\u00e1l\u00e1s\u00e1ban, a k\u00f6z\u00f6ss\u00e9g \u00f6sszekov\u00e1csol\u00e1s\u00e1ban, a n\u0151i versenysportok felemelked\u00e9s\u00e9ben.<\/p>\n<p>Ahogy Janet Herring fogalmazta meg, aki hat \u00e9vvel ezel\u0151tt, 54 \u00e9vesen, miut\u00e1n fel\u00e9p\u00fclt a r\u00e1kb\u00f3l \u00e9s a kemoter\u00e1pi\u00e1b\u00f3l, \u00fajabb es\u00e9lyt adott a ker\u00e9kp\u00e1roz\u00e1snak:<\/p>\n<p><em>\u201eB\u00edzom benne, hogy a Tour de France Femmes nagy befektet\u0151ket hoz majd mag\u00e1val a n\u0151i csapatoknak. B\u00edzom benne, hogy a fiatal n\u0151i ker\u00e9kp\u00e1rosok most megval\u00f3s\u00edtj\u00e1k \u00e1lmaikat. \u00c9s abban is, hogy a verseny el\u0151seg\u00edti a n\u0151i egyenjog\u00fas\u00e1g el\u0151mozd\u00edt\u00e1s\u00e1t azokon a helyeken, ahol nagyon hi\u00e1nyzik.\u201d<\/em><\/p>\n","protected":false},"excerpt":{"rendered":"<p>Alig h\u00e9t h\u00f3nap m\u00falva megrendez\u00e9sre ker\u00fcl az esem\u00e9ny, amit minden ker\u00e9kp\u00e1ros rajong\u00f3 nagy izgalommal v\u00e1r: az els\u0151, friss\u00edtett Tour de [&hellip;]<\/p>\n","protected":false},"author":71,"featured_media":13239,"comment_status":"open","ping_status":"open","sticky":false,"template":"","format":"standard","meta":{"footnotes":""},"categories":[8],"tags":[],"global-categories":[],"class_list":["post-13233","post","type-post","status-publish","format-standard","has-post-thumbnail","hentry","category-orszaguti-kerekpar"],"yoast_head":"<!-- This site is optimized with the Yoast SEO Premium plugin v25.3 (Yoast SEO v25.9) - https:\/\/yoast.com\/wordpress\/plugins\/seo\/ -->\n<title>Tour de France Femmes: minden, amit tudunk r\u00f3la<\/title>\n<meta name=\"description\" content=\"Alig h\u00e9t h\u00f3nap m\u00falva megrendez\u00e9sre ker\u00fcl az esem\u00e9ny, amit minden ker\u00e9kp\u00e1ros rajong\u00f3 nagy izgalommal v\u00e1r: az els\u0151, friss\u00edtett Tour de France Femmes! Hatalmas m\u00e9rf\u00f6ldk\u0151 ez a n\u0151i versenyker\u00e9kp\u00e1roz\u00e1s sz\u00e1m\u00e1ra, a t\u00e9t hatalmas, \u00e9s a verseny, a szervez\u0151k \u00e9s a r\u00e9sztvev\u0151k minden l\u00e9p\u00e9s\u00e9t \u00e1rgus szemekkel figyeli majd a k\u00f6z\u00f6ns\u00e9g. N\u00e9zz\u00fck, mit tudunk eddig a r\u00e9szletekr\u0151l!\" \/>\n<meta name=\"robots\" content=\"index, follow, max-snippet:-1, max-image-preview:large, max-video-preview:-1\" \/>\n<link rel=\"canonical\" href=\"https:\/\/www.welovecycling.com\/hu\/orszaguti-kerekpar\/tour-de-france-femmes-minden-amit-tudunk-rola\/\" \/>\n<meta property=\"og:locale\" content=\"hu_HU\" \/>\n<meta property=\"og:type\" content=\"article\" \/>\n<meta property=\"og:title\" content=\"Tour de France Femmes: minden, amit tudunk r\u00f3la\" \/>\n<meta property=\"og:description\" content=\"Alig h\u00e9t h\u00f3nap m\u00falva megrendez\u00e9sre ker\u00fcl az esem\u00e9ny, amit minden ker\u00e9kp\u00e1ros rajong\u00f3 nagy izgalommal v\u00e1r: az els\u0151, friss\u00edtett Tour de France Femmes! Hatalmas m\u00e9rf\u00f6ldk\u0151 ez a n\u0151i versenyker\u00e9kp\u00e1roz\u00e1s sz\u00e1m\u00e1ra, a t\u00e9t hatalmas, \u00e9s a verseny, a szervez\u0151k \u00e9s a r\u00e9sztvev\u0151k minden l\u00e9p\u00e9s\u00e9t \u00e1rgus szemekkel figyeli majd a k\u00f6z\u00f6ns\u00e9g. N\u00e9zz\u00fck, mit tudunk eddig a r\u00e9szletekr\u0151l!\" \/>\n<meta property=\"og:url\" content=\"https:\/\/www.welovecycling.com\/hu\/orszaguti-kerekpar\/tour-de-france-femmes-minden-amit-tudunk-rola\/\" \/>\n<meta property=\"og:site_name\" content=\"\u0160koda We Love Cycling - Magyarorsz\u00e1g\" \/>\n<meta property=\"article:publisher\" content=\"https:\/\/www.facebook.com\/WeLoveCyclingHungary\/\" \/>\n<meta property=\"article:published_time\" content=\"2021-12-23T06:00:57+00:00\" \/>\n<meta property=\"og:image\" content=\"https:\/\/d2p6e6u75xmxt8.cloudfront.net\/12\/2021\/12\/Tour-de-Femmes-CVR-profimedia-0638015169.jpg\" \/>\n\t<meta property=\"og:image:width\" content=\"1366\" \/>\n\t<meta property=\"og:image:height\" content=\"600\" \/>\n\t<meta property=\"og:image:type\" content=\"image\/jpeg\" \/>\n<meta name=\"author\" content=\"hegyizs\" \/>\n<meta name=\"twitter:card\" content=\"summary_large_image\" \/>\n<meta name=\"twitter:label1\" content=\"Written by\" \/>\n\t<meta name=\"twitter:data1\" content=\"Megan Flottorp\" \/>\n\t<meta name=\"twitter:label2\" content=\"Est. reading time\" \/>\n\t<meta name=\"twitter:data2\" content=\"7\" \/>\n<script type=\"application\/ld+json\" class=\"yoast-schema-graph\">{\"@context\":\"https:\/\/schema.org\",\"@graph\":[{\"@type\":\"WebPage\",\"@id\":\"https:\/\/www.welovecycling.com\/hu\/orszaguti-kerekpar\/tour-de-france-femmes-minden-amit-tudunk-rola\/\",\"url\":\"https:\/\/www.welovecycling.com\/hu\/orszaguti-kerekpar\/tour-de-france-femmes-minden-amit-tudunk-rola\/\",\"name\":\"Tour de France Femmes: minden, amit tudunk r\u00f3la\",\"isPartOf\":{\"@id\":\"https:\/\/www.welovecycling.com\/hu\/#website\"},\"primaryImageOfPage\":{\"@id\":\"https:\/\/www.welovecycling.com\/hu\/orszaguti-kerekpar\/tour-de-france-femmes-minden-amit-tudunk-rola\/#primaryimage\"},\"image\":{\"@id\":\"https:\/\/www.welovecycling.com\/hu\/orszaguti-kerekpar\/tour-de-france-femmes-minden-amit-tudunk-rola\/#primaryimage\"},\"thumbnailUrl\":\"https:\/\/d2p6e6u75xmxt8.cloudfront.net\/12\/2021\/12\/Tour-de-Femmes-CVR-profimedia-0638015169.jpg\",\"datePublished\":\"2021-12-23T06:00:57+00:00\",\"author\":{\"@id\":\"https:\/\/www.welovecycling.com\/hu\/#\/schema\/person\/414a2aebf1801691a5320edb6468e194\"},\"description\":\"Alig h\u00e9t h\u00f3nap m\u00falva megrendez\u00e9sre ker\u00fcl az esem\u00e9ny, amit minden ker\u00e9kp\u00e1ros rajong\u00f3 nagy izgalommal v\u00e1r: az els\u0151, friss\u00edtett Tour de France Femmes! Hatalmas m\u00e9rf\u00f6ldk\u0151 ez a n\u0151i versenyker\u00e9kp\u00e1roz\u00e1s sz\u00e1m\u00e1ra, a t\u00e9t hatalmas, \u00e9s a verseny, a szervez\u0151k \u00e9s a r\u00e9sztvev\u0151k minden l\u00e9p\u00e9s\u00e9t \u00e1rgus szemekkel figyeli majd a k\u00f6z\u00f6ns\u00e9g. N\u00e9zz\u00fck, mit tudunk eddig a r\u00e9szletekr\u0151l!\",\"breadcrumb\":{\"@id\":\"https:\/\/www.welovecycling.com\/hu\/orszaguti-kerekpar\/tour-de-france-femmes-minden-amit-tudunk-rola\/#breadcrumb\"},\"inLanguage\":\"hu\",\"potentialAction\":[{\"@type\":\"ReadAction\",\"target\":[\"https:\/\/www.welovecycling.com\/hu\/orszaguti-kerekpar\/tour-de-france-femmes-minden-amit-tudunk-rola\/\"]}]},{\"@type\":\"ImageObject\",\"inLanguage\":\"hu\",\"@id\":\"https:\/\/www.welovecycling.com\/hu\/orszaguti-kerekpar\/tour-de-france-femmes-minden-amit-tudunk-rola\/#primaryimage\",\"url\":\"https:\/\/d2p6e6u75xmxt8.cloudfront.net\/12\/2021\/12\/Tour-de-Femmes-CVR-profimedia-0638015169.jpg\",\"contentUrl\":\"https:\/\/d2p6e6u75xmxt8.cloudfront.net\/12\/2021\/12\/Tour-de-Femmes-CVR-profimedia-0638015169.jpg\",\"width\":1366,\"height\":600,\"caption\":\"Tour de Femmes\"},{\"@type\":\"BreadcrumbList\",\"@id\":\"https:\/\/www.welovecycling.com\/hu\/orszaguti-kerekpar\/tour-de-france-femmes-minden-amit-tudunk-rola\/#breadcrumb\",\"itemListElement\":[{\"@type\":\"ListItem\",\"position\":1,\"name\":\"Home\",\"item\":\"https:\/\/www.welovecycling.com\/hu\/\"},{\"@type\":\"ListItem\",\"position\":2,\"name\":\"Tour de France Femmes: minden, amit tudunk r\u00f3la\"}]},{\"@type\":\"WebSite\",\"@id\":\"https:\/\/www.welovecycling.com\/hu\/#website\",\"url\":\"https:\/\/www.welovecycling.com\/hu\/\",\"name\":\"\u0160koda We Love Cycling - Magyarorsz\u00e1g\",\"description\":\"\u0160koda WeLoveCycling\",\"potentialAction\":[{\"@type\":\"SearchAction\",\"target\":{\"@type\":\"EntryPoint\",\"urlTemplate\":\"https:\/\/www.welovecycling.com\/hu\/?s={search_term_string}\"},\"query-input\":{\"@type\":\"PropertyValueSpecification\",\"valueRequired\":true,\"valueName\":\"search_term_string\"}}],\"inLanguage\":\"hu\"},{\"@type\":\"Person\",\"@id\":\"https:\/\/www.welovecycling.com\/hu\/#\/schema\/person\/414a2aebf1801691a5320edb6468e194\",\"name\":\"hegyizs\",\"image\":{\"@type\":\"ImageObject\",\"inLanguage\":\"hu\",\"@id\":\"https:\/\/www.welovecycling.com\/hu\/#\/schema\/person\/image\/\",\"url\":\"https:\/\/secure.gravatar.com\/avatar\/02cf8a7906b8cf90cecb4679defac7cfd33a1c2e3b88e4903d947f3bb58eedd3?s=96&d=mm&r=g\",\"contentUrl\":\"https:\/\/secure.gravatar.com\/avatar\/02cf8a7906b8cf90cecb4679defac7cfd33a1c2e3b88e4903d947f3bb58eedd3?s=96&d=mm&r=g\",\"caption\":\"hegyizs\"},\"url\":\"https:\/\/www.welovecycling.com\/hu\/author\/hegyizs\/\"}]}<\/script>\n<!-- \/ Yoast SEO Premium plugin. -->","yoast_head_json":{"title":"Tour de France Femmes: minden, amit tudunk r\u00f3la","description":"Alig h\u00e9t h\u00f3nap m\u00falva megrendez\u00e9sre ker\u00fcl az esem\u00e9ny, amit minden ker\u00e9kp\u00e1ros rajong\u00f3 nagy izgalommal v\u00e1r: az els\u0151, friss\u00edtett Tour de France Femmes! Hatalmas m\u00e9rf\u00f6ldk\u0151 ez a n\u0151i versenyker\u00e9kp\u00e1roz\u00e1s sz\u00e1m\u00e1ra, a t\u00e9t hatalmas, \u00e9s a verseny, a szervez\u0151k \u00e9s a r\u00e9sztvev\u0151k minden l\u00e9p\u00e9s\u00e9t \u00e1rgus szemekkel figyeli majd a k\u00f6z\u00f6ns\u00e9g. N\u00e9zz\u00fck, mit tudunk eddig a r\u00e9szletekr\u0151l!","robots":{"index":"index","follow":"follow","max-snippet":"max-snippet:-1","max-image-preview":"max-image-preview:large","max-video-preview":"max-video-preview:-1"},"canonical":"https:\/\/www.welovecycling.com\/hu\/orszaguti-kerekpar\/tour-de-france-femmes-minden-amit-tudunk-rola\/","og_locale":"hu_HU","og_type":"article","og_title":"Tour de France Femmes: minden, amit tudunk r\u00f3la","og_description":"Alig h\u00e9t h\u00f3nap m\u00falva megrendez\u00e9sre ker\u00fcl az esem\u00e9ny, amit minden ker\u00e9kp\u00e1ros rajong\u00f3 nagy izgalommal v\u00e1r: az els\u0151, friss\u00edtett Tour de France Femmes! Hatalmas m\u00e9rf\u00f6ldk\u0151 ez a n\u0151i versenyker\u00e9kp\u00e1roz\u00e1s sz\u00e1m\u00e1ra, a t\u00e9t hatalmas, \u00e9s a verseny, a szervez\u0151k \u00e9s a r\u00e9sztvev\u0151k minden l\u00e9p\u00e9s\u00e9t \u00e1rgus szemekkel figyeli majd a k\u00f6z\u00f6ns\u00e9g. N\u00e9zz\u00fck, mit tudunk eddig a r\u00e9szletekr\u0151l!","og_url":"https:\/\/www.welovecycling.com\/hu\/orszaguti-kerekpar\/tour-de-france-femmes-minden-amit-tudunk-rola\/","og_site_name":"\u0160koda We Love Cycling - Magyarorsz\u00e1g","article_publisher":"https:\/\/www.facebook.com\/WeLoveCyclingHungary\/","article_published_time":"2021-12-23T06:00:57+00:00","og_image":[{"width":1366,"height":600,"url":"https:\/\/d2p6e6u75xmxt8.cloudfront.net\/12\/2021\/12\/Tour-de-Femmes-CVR-profimedia-0638015169.jpg","type":"image\/jpeg"}],"author":"hegyizs","twitter_card":"summary_large_image","twitter_misc":{"Written by":"Megan Flottorp","Est. reading time":"7"},"schema":{"@context":"https:\/\/schema.org","@graph":[{"@type":"WebPage","@id":"https:\/\/www.welovecycling.com\/hu\/orszaguti-kerekpar\/tour-de-france-femmes-minden-amit-tudunk-rola\/","url":"https:\/\/www.welovecycling.com\/hu\/orszaguti-kerekpar\/tour-de-france-femmes-minden-amit-tudunk-rola\/","name":"Tour de France Femmes: minden, amit tudunk r\u00f3la","isPartOf":{"@id":"https:\/\/www.welovecycling.com\/hu\/#website"},"primaryImageOfPage":{"@id":"https:\/\/www.welovecycling.com\/hu\/orszaguti-kerekpar\/tour-de-france-femmes-minden-amit-tudunk-rola\/#primaryimage"},"image":{"@id":"https:\/\/www.welovecycling.com\/hu\/orszaguti-kerekpar\/tour-de-france-femmes-minden-amit-tudunk-rola\/#primaryimage"},"thumbnailUrl":"https:\/\/d2p6e6u75xmxt8.cloudfront.net\/12\/2021\/12\/Tour-de-Femmes-CVR-profimedia-0638015169.jpg","datePublished":"2021-12-23T06:00:57+00:00","author":{"@id":"https:\/\/www.welovecycling.com\/hu\/#\/schema\/person\/414a2aebf1801691a5320edb6468e194"},"description":"Alig h\u00e9t h\u00f3nap m\u00falva megrendez\u00e9sre ker\u00fcl az esem\u00e9ny, amit minden ker\u00e9kp\u00e1ros rajong\u00f3 nagy izgalommal v\u00e1r: az els\u0151, friss\u00edtett Tour de France Femmes! Hatalmas m\u00e9rf\u00f6ldk\u0151 ez a n\u0151i versenyker\u00e9kp\u00e1roz\u00e1s sz\u00e1m\u00e1ra, a t\u00e9t hatalmas, \u00e9s a verseny, a szervez\u0151k \u00e9s a r\u00e9sztvev\u0151k minden l\u00e9p\u00e9s\u00e9t \u00e1rgus szemekkel figyeli majd a k\u00f6z\u00f6ns\u00e9g. N\u00e9zz\u00fck, mit tudunk eddig a r\u00e9szletekr\u0151l!","breadcrumb":{"@id":"https:\/\/www.welovecycling.com\/hu\/orszaguti-kerekpar\/tour-de-france-femmes-minden-amit-tudunk-rola\/#breadcrumb"},"inLanguage":"hu","potentialAction":[{"@type":"ReadAction","target":["https:\/\/www.welovecycling.com\/hu\/orszaguti-kerekpar\/tour-de-france-femmes-minden-amit-tudunk-rola\/"]}]},{"@type":"ImageObject","inLanguage":"hu","@id":"https:\/\/www.welovecycling.com\/hu\/orszaguti-kerekpar\/tour-de-france-femmes-minden-amit-tudunk-rola\/#primaryimage","url":"https:\/\/d2p6e6u75xmxt8.cloudfront.net\/12\/2021\/12\/Tour-de-Femmes-CVR-profimedia-0638015169.jpg","contentUrl":"https:\/\/d2p6e6u75xmxt8.cloudfront.net\/12\/2021\/12\/Tour-de-Femmes-CVR-profimedia-0638015169.jpg","width":1366,"height":600,"caption":"Tour de Femmes"},{"@type":"BreadcrumbList","@id":"https:\/\/www.welovecycling.com\/hu\/orszaguti-kerekpar\/tour-de-france-femmes-minden-amit-tudunk-rola\/#breadcrumb","itemListElement":[{"@type":"ListItem","position":1,"name":"Home","item":"https:\/\/www.welovecycling.com\/hu\/"},{"@type":"ListItem","position":2,"name":"Tour de France Femmes: minden, amit tudunk r\u00f3la"}]},{"@type":"WebSite","@id":"https:\/\/www.welovecycling.com\/hu\/#website","url":"https:\/\/www.welovecycling.com\/hu\/","name":"\u0160koda We Love Cycling - Magyarorsz\u00e1g","description":"\u0160koda WeLoveCycling","potentialAction":[{"@type":"SearchAction","target":{"@type":"EntryPoint","urlTemplate":"https:\/\/www.welovecycling.com\/hu\/?s={search_term_string}"},"query-input":{"@type":"PropertyValueSpecification","valueRequired":true,"valueName":"search_term_string"}}],"inLanguage":"hu"},{"@type":"Person","@id":"https:\/\/www.welovecycling.com\/hu\/#\/schema\/person\/414a2aebf1801691a5320edb6468e194","name":"hegyizs","image":{"@type":"ImageObject","inLanguage":"hu","@id":"https:\/\/www.welovecycling.com\/hu\/#\/schema\/person\/image\/","url":"https:\/\/secure.gravatar.com\/avatar\/02cf8a7906b8cf90cecb4679defac7cfd33a1c2e3b88e4903d947f3bb58eedd3?s=96&d=mm&r=g","contentUrl":"https:\/\/secure.gravatar.com\/avatar\/02cf8a7906b8cf90cecb4679defac7cfd33a1c2e3b88e4903d947f3bb58eedd3?s=96&d=mm&r=g","caption":"hegyizs"},"url":"https:\/\/www.welovecycling.com\/hu\/author\/hegyizs\/"}]}},"_links":{"self":[{"href":"https:\/\/www.welovecycling.com\/hu\/wp-json\/wp\/v2\/posts\/13233","targetHints":{"allow":["GET"]}}],"collection":[{"href":"https:\/\/www.welovecycling.com\/hu\/wp-json\/wp\/v2\/posts"}],"about":[{"href":"https:\/\/www.welovecycling.com\/hu\/wp-json\/wp\/v2\/types\/post"}],"author":[{"embeddable":true,"href":"https:\/\/www.welovecycling.com\/hu\/wp-json\/wp\/v2\/users\/71"}],"replies":[{"embeddable":true,"href":"https:\/\/www.welovecycling.com\/hu\/wp-json\/wp\/v2\/comments?post=13233"}],"version-history":[{"count":2,"href":"https:\/\/www.welovecycling.com\/hu\/wp-json\/wp\/v2\/posts\/13233\/revisions"}],"predecessor-version":[{"id":13256,"href":"https:\/\/www.welovecycling.com\/hu\/wp-json\/wp\/v2\/posts\/13233\/revisions\/13256"}],"wp:featuredmedia":[{"embeddable":true,"href":"https:\/\/www.welovecycling.com\/hu\/wp-json\/wp\/v2\/media\/13239"}],"wp:attachment":[{"href":"https:\/\/www.welovecycling.com\/hu\/wp-json\/wp\/v2\/media?parent=13233"}],"wp:term":[{"taxonomy":"category","embeddable":true,"href":"https:\/\/www.welovecycling.com\/hu\/wp-json\/wp\/v2\/categories?post=13233"},{"taxonomy":"post_tag","embeddable":true,"href":"https:\/\/www.welovecycling.com\/hu\/wp-json\/wp\/v2\/tags?post=13233"},{"taxonomy":"global-categories","embeddable":true,"href":"https:\/\/www.welovecycling.com\/hu\/wp-json\/wp\/v2\/global-categories?post=13233"}],"curies":[{"name":"wp","href":"https:\/\/api.w.org\/{rel}","templated":true}]}}