{"id":1323,"date":"2018-07-30T08:24:19","date_gmt":"2018-07-30T08:24:19","guid":{"rendered":"https:\/\/www.welovecycling.com\/hu\/?p=1323"},"modified":"2018-08-03T14:32:41","modified_gmt":"2018-08-03T14:32:41","slug":"a-noi-kerekparozas-legerosebb-es-leginspiralobb-szemelyisegei-2018-ban","status":"publish","type":"post","link":"https:\/\/www.welovecycling.com\/hu\/miert-tekerunk\/a-noi-kerekparozas-legerosebb-es-leginspiralobb-szemelyisegei-2018-ban\/","title":{"rendered":"A n\u0151i ker\u00e9kp\u00e1roz\u00e1s leger\u0151sebb \u00e9s leginspir\u00e1l\u00f3bb szem\u00e9lyis\u00e9gei 2018-ban"},"content":{"rendered":"<p><strong>A ker\u00e9kp\u00e1rbajnokt\u00f3l a szt\u00e1r\u00fcgyv\u00e9dig \u2013 a n\u0151k napjainkban t\u00f6bbet tesznek a bring\u00e1z\u00e1s\u00e9rt, mint valaha. \u00cdme n\u00e9h\u00e1ny szerepl\u0151 a 2018-as n\u0151i ker\u00e9kp\u00e1roz\u00e1s legnagyobbjai k\u00f6z\u00fcl.<\/strong><\/p>\n<h4><!--more--><\/h4>\n<h2>Isla Rowntree<\/h2>\n<p>Isla Rowntree \u00a0h\u00e1romszor volt orsz\u00e1gos cyclocross bajnok. \u00a0Val\u00f3di MTB-XC veter\u00e1nnak sz\u00e1m\u00edt a britekn\u00e9l, j\u00f3l ismeri a bring\u00e1k fel\u00e9p\u00edt\u00e9s\u00e9t. A legnagyobbat m\u00e9gis azzal alak\u00edtotta, hogy saj\u00e1t gyermekbicikli-m\u00e1rk\u00e1t hozott l\u00e9tre (az Islabikes term\u00e9kcsal\u00e1dot), amelynek r\u00e9v\u00e9n arra \u00f6szt\u00f6nzi a k\u00f6vetkez\u0151 gener\u00e1ci\u00f3t, hogy m\u00e1r kor\u00e1n elsaj\u00e1t\u00edtsa a ker\u00e9kp\u00e1ros k\u00e9szs\u00e9geket. Arr\u00f3l h\u00edres, hogy modern, feln\u0151tt m\u0171szaki jellemz\u0151kkel b\u00edr\u00f3 gyermekbicikliket gy\u00e1rt \u2013 k\u00fcl\u00f6n\u00f6sen szem el\u0151tt tartva a gyermekek fejl\u0151d\u00e9s\u00e9t \u00e9s a ker\u00e9kp\u00e1rok \u00e1ll\u00edthat\u00f3s\u00e1g\u00e1t \u2013, ez\u00e1ltal k\u00f6vezi ki az utat a k\u00f6vetkez\u0151 Bradley Wigginseknek \u00e9s Victoria Pendletonoknak.<\/p>\n<p><a href=\"https:\/\/d2p6e6u75xmxt8.cloudfront.net\/12\/2018\/07\/legjobb-noi-kerekparosok-01.jpg\"><img loading=\"lazy\" decoding=\"async\" class=\"alignnone size-full wp-image-1324\" src=\"https:\/\/d2p6e6u75xmxt8.cloudfront.net\/12\/2018\/07\/legjobb-noi-kerekparosok-01.jpg\" alt=\"n\u0151i ker\u00e9kp\u00e1roz\u00e1s\" width=\"729\" height=\"484\" srcset=\"https:\/\/d2p6e6u75xmxt8.cloudfront.net\/12\/2018\/07\/legjobb-noi-kerekparosok-01.jpg 729w, https:\/\/d2p6e6u75xmxt8.cloudfront.net\/12\/2018\/07\/legjobb-noi-kerekparosok-01-300x199.jpg 300w, https:\/\/d2p6e6u75xmxt8.cloudfront.net\/12\/2018\/07\/legjobb-noi-kerekparosok-01-272x182.jpg 272w\" sizes=\"auto, (max-width: 729px) 100vw, 729px\" \/><\/a><\/p>\n<h2>Davina McCall<\/h2>\n<p>Vannak bring\u00e1sok, akik be\u00e9p\u00fclnek a k\u00f6ztudatba, m\u00e1sokat ink\u00e1bb azok ismernek igaz\u00e1n, akik kifejezetten a sport\u00e1g megsz\u00e1llottjai. Davina McCall az egyik legkedveltebb brit TV-bemond\u00f3n\u0151, akit legink\u00e1bb a Big Brotherb\u0151l ismernek. A 40-es \u00e9veiben kezdett el ker\u00e9kp\u00e1rozni, majd sz\u00e1mos leny\u0171g\u00f6z\u0151 bring\u00e1s kih\u00edv\u00e1st teljes\u00edtett, m\u00e1sokat is biztatva arra, hogy pattanjanak nyeregbe. Jelenleg a n\u0151i ker\u00e9kp\u00e1rosok helyzet\u00e9nek jav\u00edt\u00e1s\u00e1\u00e9rt kamp\u00e1nyol, \u00e9s saj\u00e1t \u00e9ves sussexi futam\u00e1t szervezi, amelynek bev\u00e9tel\u00e9vel az Action Medical Research for Children alap\u00edtv\u00e1nyt t\u00e1mogatja, \u00e9s a vadonat\u00faj Mumsnet-t\u00e1bor k\u00f6r\u00e9ben n\u00e9pszer\u0171s\u00edti a k\u00e9tkerek\u0171 sport\u00e1gat.<\/p>\n<p><a href=\"https:\/\/www.instagram.com\/p\/BbMEcJiHW3o\/?taken-by=davinamccall\">https:\/\/www.instagram.com\/p\/BbMEcJiHW3o\/?taken-by=davinamccall<\/a><\/p>\n<h2>Laura Kenny<\/h2>\n<p>Az ink\u00e1bb Laura Trottk\u00e9nt ismert n\u0151 minden bizonnyal napjaink egyik leginspir\u00e1l\u00f3bb brit n\u0151i ker\u00e9kp\u00e1rosa. Kev\u00e9sb\u00e9 hars\u00e1nyan, de kitart\u00f3an k\u00fczd\u00f6tte le saj\u00e1t balsors\u00e1t, \u00edgy v\u00edvta ki bajnoki c\u00edm\u00e9t. L\u00e9gmellel sz\u00fcletett, asztm\u00e1ban szenved \u2013 kitart\u00e1s\u00e1t \u00e9s a siker melletti elt\u00f6k\u00e9lts\u00e9g\u00e9t m\u00e9gis k\u00e9t arany\u00e9rem koron\u00e1zta 2012-ben Londonban, majd k\u00e9t tov\u00e1bbi arany\u00e9rem Ri\u00f3ban. A #LikeAGirl kamp\u00e1ny hars\u00e1ny p\u00e1rtol\u00f3jak\u00e9nt fiatal l\u00e1nyokat buzd\u00edt arra, hogy min\u00e9l t\u00f6bben sportoljanak az iskol\u00e1ban.<\/p>\n<p><a href=\"https:\/\/d2p6e6u75xmxt8.cloudfront.net\/12\/2018\/07\/legjobb-noi-kerekparosok-02.jpg\"><img loading=\"lazy\" decoding=\"async\" class=\"alignnone size-full wp-image-1325\" src=\"https:\/\/d2p6e6u75xmxt8.cloudfront.net\/12\/2018\/07\/legjobb-noi-kerekparosok-02.jpg\" alt=\"n\u0151i ker\u00e9kp\u00e1rosok\" width=\"820\" height=\"492\" srcset=\"https:\/\/d2p6e6u75xmxt8.cloudfront.net\/12\/2018\/07\/legjobb-noi-kerekparosok-02.jpg 820w, https:\/\/d2p6e6u75xmxt8.cloudfront.net\/12\/2018\/07\/legjobb-noi-kerekparosok-02-300x180.jpg 300w, https:\/\/d2p6e6u75xmxt8.cloudfront.net\/12\/2018\/07\/legjobb-noi-kerekparosok-02-768x461.jpg 768w\" sizes=\"auto, (max-width: 820px) 100vw, 820px\" \/><\/a><\/p>\n<h2>Claire Lomas<\/h2>\n<p>Claire Lomas, a ker\u00e9kp\u00e1ros vil\u00e1g egyik legnagyobb p\u00e9ldak\u00e9pe el\u0151sz\u00f6r akkor robbant be a k\u00f6ztudatba, amikor robotv\u00e9gtagokkal les\u00e9t\u00e1lta a London Marathont 2012-ben, \u00f6t \u00e9vvel azut\u00e1n, hogy egy lovasbalesetben mellkast\u00f3l lefel\u00e9 leb\u00e9nult. Az\u00f3ta k\u00f6rbetekerte az Egyes\u00fclt Kir\u00e1lys\u00e1got, megtanult s\u00edelni, megh\u00e1zasodott \u00e9s sz\u00fclt k\u00e9t gyermeket. Az els\u0151 s\u00e9t\u00e1t 17 nap alatt tette meg \u00e9s az\u00f3ta \u00faj cs\u00facsokat \u00e9rt el, fizikai kih\u00edv\u00e1sok el\u00e9 \u00e1ll\u00edtotta mag\u00e1t, adom\u00e1nyokat gy\u0171jt\u00f6tt gerincs\u00e9r\u00fcl\u00e9sekkel foglalkoz\u00f3 kutat\u00e1sok t\u00e1mogat\u00e1s\u00e1ra, valamint t\u00f6rt\u00e9nete el\u0151ad\u00e1s\u00e1val az eg\u00e9sz vil\u00e1gon embereket inspir\u00e1l. A \u201esuperwoman\u201d kifejez\u00e9s kev\u00e9s r\u00e1!Amikor az elektronikus l\u00e1bmozgat\u00f3 szettj\u00e9vel biciklire \u00fclt, megint csak megingathatatlan elsz\u00e1nts\u00e1g\u00e1r\u00f3l tett tan\u00fabizonys\u00e1got.<\/p>\n<p><a href=\"https:\/\/d2p6e6u75xmxt8.cloudfront.net\/12\/2018\/07\/legjobb-noi-kerekparosok-03.jpg\"><img loading=\"lazy\" decoding=\"async\" class=\"alignnone size-full wp-image-1327\" src=\"https:\/\/d2p6e6u75xmxt8.cloudfront.net\/12\/2018\/07\/legjobb-noi-kerekparosok-03.jpg\" alt=\"n\u0151i ker\u00e9kp\u00e1rosok\" width=\"1024\" height=\"683\" srcset=\"https:\/\/d2p6e6u75xmxt8.cloudfront.net\/12\/2018\/07\/legjobb-noi-kerekparosok-03.jpg 1024w, https:\/\/d2p6e6u75xmxt8.cloudfront.net\/12\/2018\/07\/legjobb-noi-kerekparosok-03-300x200.jpg 300w, https:\/\/d2p6e6u75xmxt8.cloudfront.net\/12\/2018\/07\/legjobb-noi-kerekparosok-03-768x512.jpg 768w, https:\/\/d2p6e6u75xmxt8.cloudfront.net\/12\/2018\/07\/legjobb-noi-kerekparosok-03-272x182.jpg 272w\" sizes=\"auto, (max-width: 1024px) 100vw, 1024px\" \/><\/a><\/p>\n<h2>Juliana Buhring<\/h2>\n<p>2012-ben a brit-n\u00e9met ultraker\u00e9kp\u00e1ros \u00e9s \u00edr\u00f3 Juliana Guinness vil\u00e1grekordot \u00e1ll\u00edtott fel a bolyg\u00f3t leggyorsabban k\u00f6rbebicikliz\u0151 n\u0151k\u00e9nt, amikor \u00f6sszesen 152 nap alatt t\u00f6bb mint 18 ezer m\u00e9rf\u00f6ldet tekert le. \u00dagy k\u00fcl\u00f6n\u00f6sen leny\u0171g\u00f6z\u0151 a teljes\u00edtm\u00e9nye, hogy az indul\u00e1s el\u0151tt csup\u00e1n h\u00e1rom h\u00f3nappal tanult meg biciklizni. Bestseller \u00edr\u00f3 is, izgalmas szem\u00e9lyes t\u00f6rt\u00e9netekkel. R\u00e9szt vett a Race Across America versenyen, amelyet az Inspired to Ride c\u00edm\u0171 film is meg\u00f6r\u00f6k\u00edtett.<\/p>\n<lite-youtube videoid=PYbWn5IMoYc params=\"enablejsapi=1\" style=\"background-image: url('https:\/\/i.ytimg.com\/vi_webp\/PYbWn5IMoYc\/maxresdefault.webp');\"><\/lite-youtube>\n<h2>Lizzie Deignan<\/h2>\n<p>2016-ban Lizzie volt a mindent viv\u0151 a n\u0151i ker\u00e9kp\u00e1roz\u00e1s ter\u00fclet\u00e9n, aki megnyerte a n\u0151i Tour de France-t, sz\u00e1mos hagyom\u00e1nyos versenyt, valamint a vil\u00e1gbajnoks\u00e1gokat. Az\u00f3ta p\u00e1ran sajnos maguk m\u00f6g\u00f6tt hagyt\u00e1k, de ez csak m\u00e9g jobban er\u0151s\u00edtette benne a gy\u0151zni akar\u00e1st. 2018-ban is bizony\u00edtani akar, \u00e9s k\u00edv\u00e1ncsian v\u00e1rjuk, mit fog kihozni a mez\u0151nyb\u0151l a nagy visszat\u00e9r\u00e9se.<\/p>\n<p><a href=\"https:\/\/d2p6e6u75xmxt8.cloudfront.net\/12\/2018\/07\/legjobb-noi-kerekparosok-04.jpg\"><img loading=\"lazy\" decoding=\"async\" class=\"size-extra-large wp-image-1328\" src=\"https:\/\/d2p6e6u75xmxt8.cloudfront.net\/12\/2018\/07\/legjobb-noi-kerekparosok-04-1920x1280.jpg\" alt=\"n\u0151i ker\u00e9kp\u00e1rosok\" width=\"1920\" height=\"1280\" srcset=\"https:\/\/d2p6e6u75xmxt8.cloudfront.net\/12\/2018\/07\/legjobb-noi-kerekparosok-04.jpg 1920w, https:\/\/d2p6e6u75xmxt8.cloudfront.net\/12\/2018\/07\/legjobb-noi-kerekparosok-04-300x200.jpg 300w, https:\/\/d2p6e6u75xmxt8.cloudfront.net\/12\/2018\/07\/legjobb-noi-kerekparosok-04-768x512.jpg 768w, https:\/\/d2p6e6u75xmxt8.cloudfront.net\/12\/2018\/07\/legjobb-noi-kerekparosok-04-1024x683.jpg 1024w, https:\/\/d2p6e6u75xmxt8.cloudfront.net\/12\/2018\/07\/legjobb-noi-kerekparosok-04-272x182.jpg 272w, https:\/\/d2p6e6u75xmxt8.cloudfront.net\/12\/2018\/07\/legjobb-noi-kerekparosok-04-1920x1280.jpg 1920w\" sizes=\"auto, (max-width: 1920px) 100vw, 1920px\" \/><\/a><\/p>\n<h2>Annemiek van Vleuten<\/h2>\n<p>A holland orsz\u00e1g\u00fati ker\u00e9kp\u00e1ros Annemiek van Vleuten, aki a Mitchelton\u2013Scott csapatban versenyzik, sz\u00e1mos d\u00edjat nyert, k\u00f6zt\u00fck a n\u0151i id\u0151futamot a 2017-es UCI orsz\u00e1g\u00fati ker\u00e9kp\u00e1r-vil\u00e1gbajnoks\u00e1gon Bergenben. 2016-ban bar\u00e1tok im\u00e1dkoztak az \u00e9let\u00e9\u00e9rt, amikor a ri\u00f3i olimpia n\u0151i verseny\u00e9n arccal az aszfaltnak csap\u00f3dott lejtmenetben. Annak ellen\u00e9re, hogy agyr\u00e1zk\u00f3d\u00e1st szenvedett \u00e9s elt\u00f6rt h\u00e1rom h\u00e1tcsigoly\u00e1ja, megfogadta, hogy visszat\u00e9r \u00e9s gy\u0151zni fog. Nagyon elsz\u00e1nt, \u00e9s k\u00edv\u00e1ncsian v\u00e1rjuk, mit alkot 2020-ban!<\/p>\n","protected":false},"excerpt":{"rendered":"<p>A ker\u00e9kp\u00e1rbajnokt\u00f3l a szt\u00e1r\u00fcgyv\u00e9dig \u2013 a n\u0151k napjainkban t\u00f6bbet tesznek a bring\u00e1z\u00e1s\u00e9rt, mint valaha. \u00cdme n\u00e9h\u00e1ny szerepl\u0151 a 2018-as n\u0151i [&hellip;]<\/p>\n","protected":false},"author":71,"featured_media":1330,"comment_status":"open","ping_status":"open","sticky":false,"template":"","format":"standard","meta":{"footnotes":""},"categories":[99],"tags":[123,17,120,118,117,121,16,28,27,119,122,115,113,112,116],"global-categories":[],"class_list":["post-1323","post","type-post","status-publish","format-standard","has-post-thumbnail","hentry","category-miert-tekerunk","tag-annemiek-van-vleuten","tag-bicikli","tag-claire-lomas","tag-davina-mccall","tag-isla-rowntree","tag-juliana-buhring","tag-kerekpar","tag-kerekpar-blog","tag-kerekpar-magazin","tag-laura-kenny","tag-lizzie-deignan","tag-miert-tekerunk","tag-noi-biciklisek","tag-noi-bringasok","tag-noi-kerekparozas"],"yoast_head":"<!-- This site is optimized with the Yoast SEO Premium plugin v25.3 (Yoast SEO v25.9) - https:\/\/yoast.com\/wordpress\/plugins\/seo\/ -->\n<title>A n\u0151i ker\u00e9kp\u00e1roz\u00e1s leger\u0151sebb \u00e9s leginspir\u00e1l\u00f3bb szem\u00e9lyis\u00e9gei 2018-ban - \u0160koda We Love Cycling - Magyarorsz\u00e1g<\/title>\n<meta name=\"description\" content=\"A ker\u00e9kp\u00e1rbajnokt\u00f3l a szt\u00e1r\u00fcgyv\u00e9dig \u2013 a n\u0151k napjainkban t\u00f6bbet tesznek a bring\u00e1z\u00e1s\u00e9rt, mint valaha. \u00cdme n\u00e9h\u00e1ny szerepl\u0151 a 2018-as n\u0151i ker\u00e9kp\u00e1roz\u00e1s legnagyobbjai k\u00f6z\u00fcl.\" \/>\n<meta name=\"robots\" content=\"index, follow, max-snippet:-1, max-image-preview:large, max-video-preview:-1\" \/>\n<link rel=\"canonical\" href=\"https:\/\/www.welovecycling.com\/hu\/miert-tekerunk\/a-noi-kerekparozas-legerosebb-es-leginspiralobb-szemelyisegei-2018-ban\/\" \/>\n<meta property=\"og:locale\" content=\"hu_HU\" \/>\n<meta property=\"og:type\" content=\"article\" \/>\n<meta property=\"og:title\" content=\"A n\u0151i ker\u00e9kp\u00e1roz\u00e1s leger\u0151sebb \u00e9s leginspir\u00e1l\u00f3bb szem\u00e9lyis\u00e9gei 2018-ban\" \/>\n<meta property=\"og:description\" content=\"A ker\u00e9kp\u00e1rbajnokt\u00f3l a szt\u00e1r\u00fcgyv\u00e9dig \u2013 a n\u0151k napjainkban t\u00f6bbet tesznek a bring\u00e1z\u00e1s\u00e9rt, mint valaha. \u00cdme n\u00e9h\u00e1ny szerepl\u0151 a 2018-as n\u0151i ker\u00e9kp\u00e1roz\u00e1s legnagyobbjai k\u00f6z\u00fcl.\" \/>\n<meta property=\"og:url\" content=\"https:\/\/www.welovecycling.com\/hu\/miert-tekerunk\/a-noi-kerekparozas-legerosebb-es-leginspiralobb-szemelyisegei-2018-ban\/\" \/>\n<meta property=\"og:site_name\" content=\"\u0160koda We Love Cycling - Magyarorsz\u00e1g\" \/>\n<meta property=\"article:publisher\" content=\"https:\/\/www.facebook.com\/WeLoveCyclingHungary\/\" \/>\n<meta property=\"article:published_time\" content=\"2018-07-30T08:24:19+00:00\" \/>\n<meta property=\"article:modified_time\" content=\"2018-08-03T14:32:41+00:00\" \/>\n<meta property=\"og:image\" content=\"https:\/\/d2p6e6u75xmxt8.cloudfront.net\/12\/2018\/07\/legjobb-noi-kerekparosok-cover.jpg\" \/>\n\t<meta property=\"og:image:width\" content=\"1366\" \/>\n\t<meta property=\"og:image:height\" content=\"600\" \/>\n\t<meta property=\"og:image:type\" content=\"image\/jpeg\" \/>\n<meta name=\"author\" content=\"hegyizs\" \/>\n<meta name=\"twitter:card\" content=\"summary_large_image\" \/>\n<meta name=\"twitter:label1\" content=\"Written by\" \/>\n\t<meta name=\"twitter:data1\" content=\"hegyizs\" \/>\n\t<meta name=\"twitter:label2\" content=\"Est. reading time\" \/>\n\t<meta name=\"twitter:data2\" content=\"4 minutes\" \/>\n<script type=\"application\/ld+json\" class=\"yoast-schema-graph\">{\"@context\":\"https:\/\/schema.org\",\"@graph\":[{\"@type\":\"WebPage\",\"@id\":\"https:\/\/www.welovecycling.com\/hu\/miert-tekerunk\/a-noi-kerekparozas-legerosebb-es-leginspiralobb-szemelyisegei-2018-ban\/\",\"url\":\"https:\/\/www.welovecycling.com\/hu\/miert-tekerunk\/a-noi-kerekparozas-legerosebb-es-leginspiralobb-szemelyisegei-2018-ban\/\",\"name\":\"A n\u0151i ker\u00e9kp\u00e1roz\u00e1s leger\u0151sebb \u00e9s leginspir\u00e1l\u00f3bb szem\u00e9lyis\u00e9gei 2018-ban - \u0160koda We Love Cycling - Magyarorsz\u00e1g\",\"isPartOf\":{\"@id\":\"https:\/\/www.welovecycling.com\/hu\/#website\"},\"primaryImageOfPage\":{\"@id\":\"https:\/\/www.welovecycling.com\/hu\/miert-tekerunk\/a-noi-kerekparozas-legerosebb-es-leginspiralobb-szemelyisegei-2018-ban\/#primaryimage\"},\"image\":{\"@id\":\"https:\/\/www.welovecycling.com\/hu\/miert-tekerunk\/a-noi-kerekparozas-legerosebb-es-leginspiralobb-szemelyisegei-2018-ban\/#primaryimage\"},\"thumbnailUrl\":\"https:\/\/d2p6e6u75xmxt8.cloudfront.net\/12\/2018\/07\/legjobb-noi-kerekparosok-cover.jpg\",\"datePublished\":\"2018-07-30T08:24:19+00:00\",\"dateModified\":\"2018-08-03T14:32:41+00:00\",\"author\":{\"@id\":\"https:\/\/www.welovecycling.com\/hu\/#\/schema\/person\/414a2aebf1801691a5320edb6468e194\"},\"description\":\"A ker\u00e9kp\u00e1rbajnokt\u00f3l a szt\u00e1r\u00fcgyv\u00e9dig \u2013 a n\u0151k napjainkban t\u00f6bbet tesznek a bring\u00e1z\u00e1s\u00e9rt, mint valaha. \u00cdme n\u00e9h\u00e1ny szerepl\u0151 a 2018-as n\u0151i ker\u00e9kp\u00e1roz\u00e1s legnagyobbjai k\u00f6z\u00fcl.\",\"breadcrumb\":{\"@id\":\"https:\/\/www.welovecycling.com\/hu\/miert-tekerunk\/a-noi-kerekparozas-legerosebb-es-leginspiralobb-szemelyisegei-2018-ban\/#breadcrumb\"},\"inLanguage\":\"hu\",\"potentialAction\":[{\"@type\":\"ReadAction\",\"target\":[\"https:\/\/www.welovecycling.com\/hu\/miert-tekerunk\/a-noi-kerekparozas-legerosebb-es-leginspiralobb-szemelyisegei-2018-ban\/\"]}]},{\"@type\":\"ImageObject\",\"inLanguage\":\"hu\",\"@id\":\"https:\/\/www.welovecycling.com\/hu\/miert-tekerunk\/a-noi-kerekparozas-legerosebb-es-leginspiralobb-szemelyisegei-2018-ban\/#primaryimage\",\"url\":\"https:\/\/d2p6e6u75xmxt8.cloudfront.net\/12\/2018\/07\/legjobb-noi-kerekparosok-cover.jpg\",\"contentUrl\":\"https:\/\/d2p6e6u75xmxt8.cloudfront.net\/12\/2018\/07\/legjobb-noi-kerekparosok-cover.jpg\",\"width\":1366,\"height\":600,\"caption\":\"n\u0151i ker\u00e9kp\u00e1rosok\"},{\"@type\":\"BreadcrumbList\",\"@id\":\"https:\/\/www.welovecycling.com\/hu\/miert-tekerunk\/a-noi-kerekparozas-legerosebb-es-leginspiralobb-szemelyisegei-2018-ban\/#breadcrumb\",\"itemListElement\":[{\"@type\":\"ListItem\",\"position\":1,\"name\":\"Home\",\"item\":\"https:\/\/www.welovecycling.com\/hu\/\"},{\"@type\":\"ListItem\",\"position\":2,\"name\":\"A n\u0151i ker\u00e9kp\u00e1roz\u00e1s leger\u0151sebb \u00e9s leginspir\u00e1l\u00f3bb szem\u00e9lyis\u00e9gei 2018-ban\"}]},{\"@type\":\"WebSite\",\"@id\":\"https:\/\/www.welovecycling.com\/hu\/#website\",\"url\":\"https:\/\/www.welovecycling.com\/hu\/\",\"name\":\"\u0160koda We Love Cycling - Magyarorsz\u00e1g\",\"description\":\"\u0160koda WeLoveCycling\",\"potentialAction\":[{\"@type\":\"SearchAction\",\"target\":{\"@type\":\"EntryPoint\",\"urlTemplate\":\"https:\/\/www.welovecycling.com\/hu\/?s={search_term_string}\"},\"query-input\":{\"@type\":\"PropertyValueSpecification\",\"valueRequired\":true,\"valueName\":\"search_term_string\"}}],\"inLanguage\":\"hu\"},{\"@type\":\"Person\",\"@id\":\"https:\/\/www.welovecycling.com\/hu\/#\/schema\/person\/414a2aebf1801691a5320edb6468e194\",\"name\":\"hegyizs\",\"image\":{\"@type\":\"ImageObject\",\"inLanguage\":\"hu\",\"@id\":\"https:\/\/www.welovecycling.com\/hu\/#\/schema\/person\/image\/\",\"url\":\"https:\/\/secure.gravatar.com\/avatar\/02cf8a7906b8cf90cecb4679defac7cfd33a1c2e3b88e4903d947f3bb58eedd3?s=96&d=mm&r=g\",\"contentUrl\":\"https:\/\/secure.gravatar.com\/avatar\/02cf8a7906b8cf90cecb4679defac7cfd33a1c2e3b88e4903d947f3bb58eedd3?s=96&d=mm&r=g\",\"caption\":\"hegyizs\"},\"url\":\"https:\/\/www.welovecycling.com\/hu\/author\/hegyizs\/\"}]}<\/script>\n<!-- \/ Yoast SEO Premium plugin. -->","yoast_head_json":{"title":"A n\u0151i ker\u00e9kp\u00e1roz\u00e1s leger\u0151sebb \u00e9s leginspir\u00e1l\u00f3bb szem\u00e9lyis\u00e9gei 2018-ban - \u0160koda We Love Cycling - Magyarorsz\u00e1g","description":"A ker\u00e9kp\u00e1rbajnokt\u00f3l a szt\u00e1r\u00fcgyv\u00e9dig \u2013 a n\u0151k napjainkban t\u00f6bbet tesznek a bring\u00e1z\u00e1s\u00e9rt, mint valaha. \u00cdme n\u00e9h\u00e1ny szerepl\u0151 a 2018-as n\u0151i ker\u00e9kp\u00e1roz\u00e1s legnagyobbjai k\u00f6z\u00fcl.","robots":{"index":"index","follow":"follow","max-snippet":"max-snippet:-1","max-image-preview":"max-image-preview:large","max-video-preview":"max-video-preview:-1"},"canonical":"https:\/\/www.welovecycling.com\/hu\/miert-tekerunk\/a-noi-kerekparozas-legerosebb-es-leginspiralobb-szemelyisegei-2018-ban\/","og_locale":"hu_HU","og_type":"article","og_title":"A n\u0151i ker\u00e9kp\u00e1roz\u00e1s leger\u0151sebb \u00e9s leginspir\u00e1l\u00f3bb szem\u00e9lyis\u00e9gei 2018-ban","og_description":"A ker\u00e9kp\u00e1rbajnokt\u00f3l a szt\u00e1r\u00fcgyv\u00e9dig \u2013 a n\u0151k napjainkban t\u00f6bbet tesznek a bring\u00e1z\u00e1s\u00e9rt, mint valaha. \u00cdme n\u00e9h\u00e1ny szerepl\u0151 a 2018-as n\u0151i ker\u00e9kp\u00e1roz\u00e1s legnagyobbjai k\u00f6z\u00fcl.","og_url":"https:\/\/www.welovecycling.com\/hu\/miert-tekerunk\/a-noi-kerekparozas-legerosebb-es-leginspiralobb-szemelyisegei-2018-ban\/","og_site_name":"\u0160koda We Love Cycling - Magyarorsz\u00e1g","article_publisher":"https:\/\/www.facebook.com\/WeLoveCyclingHungary\/","article_published_time":"2018-07-30T08:24:19+00:00","article_modified_time":"2018-08-03T14:32:41+00:00","og_image":[{"width":1366,"height":600,"url":"https:\/\/d2p6e6u75xmxt8.cloudfront.net\/12\/2018\/07\/legjobb-noi-kerekparosok-cover.jpg","type":"image\/jpeg"}],"author":"hegyizs","twitter_card":"summary_large_image","twitter_misc":{"Written by":"hegyizs","Est. reading time":"4 minutes"},"schema":{"@context":"https:\/\/schema.org","@graph":[{"@type":"WebPage","@id":"https:\/\/www.welovecycling.com\/hu\/miert-tekerunk\/a-noi-kerekparozas-legerosebb-es-leginspiralobb-szemelyisegei-2018-ban\/","url":"https:\/\/www.welovecycling.com\/hu\/miert-tekerunk\/a-noi-kerekparozas-legerosebb-es-leginspiralobb-szemelyisegei-2018-ban\/","name":"A n\u0151i ker\u00e9kp\u00e1roz\u00e1s leger\u0151sebb \u00e9s leginspir\u00e1l\u00f3bb szem\u00e9lyis\u00e9gei 2018-ban - \u0160koda We Love Cycling - Magyarorsz\u00e1g","isPartOf":{"@id":"https:\/\/www.welovecycling.com\/hu\/#website"},"primaryImageOfPage":{"@id":"https:\/\/www.welovecycling.com\/hu\/miert-tekerunk\/a-noi-kerekparozas-legerosebb-es-leginspiralobb-szemelyisegei-2018-ban\/#primaryimage"},"image":{"@id":"https:\/\/www.welovecycling.com\/hu\/miert-tekerunk\/a-noi-kerekparozas-legerosebb-es-leginspiralobb-szemelyisegei-2018-ban\/#primaryimage"},"thumbnailUrl":"https:\/\/d2p6e6u75xmxt8.cloudfront.net\/12\/2018\/07\/legjobb-noi-kerekparosok-cover.jpg","datePublished":"2018-07-30T08:24:19+00:00","dateModified":"2018-08-03T14:32:41+00:00","author":{"@id":"https:\/\/www.welovecycling.com\/hu\/#\/schema\/person\/414a2aebf1801691a5320edb6468e194"},"description":"A ker\u00e9kp\u00e1rbajnokt\u00f3l a szt\u00e1r\u00fcgyv\u00e9dig \u2013 a n\u0151k napjainkban t\u00f6bbet tesznek a bring\u00e1z\u00e1s\u00e9rt, mint valaha. \u00cdme n\u00e9h\u00e1ny szerepl\u0151 a 2018-as n\u0151i ker\u00e9kp\u00e1roz\u00e1s legnagyobbjai k\u00f6z\u00fcl.","breadcrumb":{"@id":"https:\/\/www.welovecycling.com\/hu\/miert-tekerunk\/a-noi-kerekparozas-legerosebb-es-leginspiralobb-szemelyisegei-2018-ban\/#breadcrumb"},"inLanguage":"hu","potentialAction":[{"@type":"ReadAction","target":["https:\/\/www.welovecycling.com\/hu\/miert-tekerunk\/a-noi-kerekparozas-legerosebb-es-leginspiralobb-szemelyisegei-2018-ban\/"]}]},{"@type":"ImageObject","inLanguage":"hu","@id":"https:\/\/www.welovecycling.com\/hu\/miert-tekerunk\/a-noi-kerekparozas-legerosebb-es-leginspiralobb-szemelyisegei-2018-ban\/#primaryimage","url":"https:\/\/d2p6e6u75xmxt8.cloudfront.net\/12\/2018\/07\/legjobb-noi-kerekparosok-cover.jpg","contentUrl":"https:\/\/d2p6e6u75xmxt8.cloudfront.net\/12\/2018\/07\/legjobb-noi-kerekparosok-cover.jpg","width":1366,"height":600,"caption":"n\u0151i ker\u00e9kp\u00e1rosok"},{"@type":"BreadcrumbList","@id":"https:\/\/www.welovecycling.com\/hu\/miert-tekerunk\/a-noi-kerekparozas-legerosebb-es-leginspiralobb-szemelyisegei-2018-ban\/#breadcrumb","itemListElement":[{"@type":"ListItem","position":1,"name":"Home","item":"https:\/\/www.welovecycling.com\/hu\/"},{"@type":"ListItem","position":2,"name":"A n\u0151i ker\u00e9kp\u00e1roz\u00e1s leger\u0151sebb \u00e9s leginspir\u00e1l\u00f3bb szem\u00e9lyis\u00e9gei 2018-ban"}]},{"@type":"WebSite","@id":"https:\/\/www.welovecycling.com\/hu\/#website","url":"https:\/\/www.welovecycling.com\/hu\/","name":"\u0160koda We Love Cycling - Magyarorsz\u00e1g","description":"\u0160koda WeLoveCycling","potentialAction":[{"@type":"SearchAction","target":{"@type":"EntryPoint","urlTemplate":"https:\/\/www.welovecycling.com\/hu\/?s={search_term_string}"},"query-input":{"@type":"PropertyValueSpecification","valueRequired":true,"valueName":"search_term_string"}}],"inLanguage":"hu"},{"@type":"Person","@id":"https:\/\/www.welovecycling.com\/hu\/#\/schema\/person\/414a2aebf1801691a5320edb6468e194","name":"hegyizs","image":{"@type":"ImageObject","inLanguage":"hu","@id":"https:\/\/www.welovecycling.com\/hu\/#\/schema\/person\/image\/","url":"https:\/\/secure.gravatar.com\/avatar\/02cf8a7906b8cf90cecb4679defac7cfd33a1c2e3b88e4903d947f3bb58eedd3?s=96&d=mm&r=g","contentUrl":"https:\/\/secure.gravatar.com\/avatar\/02cf8a7906b8cf90cecb4679defac7cfd33a1c2e3b88e4903d947f3bb58eedd3?s=96&d=mm&r=g","caption":"hegyizs"},"url":"https:\/\/www.welovecycling.com\/hu\/author\/hegyizs\/"}]}},"_links":{"self":[{"href":"https:\/\/www.welovecycling.com\/hu\/wp-json\/wp\/v2\/posts\/1323","targetHints":{"allow":["GET"]}}],"collection":[{"href":"https:\/\/www.welovecycling.com\/hu\/wp-json\/wp\/v2\/posts"}],"about":[{"href":"https:\/\/www.welovecycling.com\/hu\/wp-json\/wp\/v2\/types\/post"}],"author":[{"embeddable":true,"href":"https:\/\/www.welovecycling.com\/hu\/wp-json\/wp\/v2\/users\/71"}],"replies":[{"embeddable":true,"href":"https:\/\/www.welovecycling.com\/hu\/wp-json\/wp\/v2\/comments?post=1323"}],"version-history":[{"count":1,"href":"https:\/\/www.welovecycling.com\/hu\/wp-json\/wp\/v2\/posts\/1323\/revisions"}],"predecessor-version":[{"id":1331,"href":"https:\/\/www.welovecycling.com\/hu\/wp-json\/wp\/v2\/posts\/1323\/revisions\/1331"}],"wp:featuredmedia":[{"embeddable":true,"href":"https:\/\/www.welovecycling.com\/hu\/wp-json\/wp\/v2\/media\/1330"}],"wp:attachment":[{"href":"https:\/\/www.welovecycling.com\/hu\/wp-json\/wp\/v2\/media?parent=1323"}],"wp:term":[{"taxonomy":"category","embeddable":true,"href":"https:\/\/www.welovecycling.com\/hu\/wp-json\/wp\/v2\/categories?post=1323"},{"taxonomy":"post_tag","embeddable":true,"href":"https:\/\/www.welovecycling.com\/hu\/wp-json\/wp\/v2\/tags?post=1323"},{"taxonomy":"global-categories","embeddable":true,"href":"https:\/\/www.welovecycling.com\/hu\/wp-json\/wp\/v2\/global-categories?post=1323"}],"curies":[{"name":"wp","href":"https:\/\/api.w.org\/{rel}","templated":true}]}}