{"id":13220,"date":"2021-12-22T08:00:13","date_gmt":"2021-12-22T06:00:13","guid":{"rendered":"https:\/\/www.welovecycling.com\/hu\/?p=13220"},"modified":"2021-12-17T16:58:34","modified_gmt":"2021-12-17T14:58:34","slug":"a-10-legrosszabb-bicikliut-olaszorszagban","status":"publish","type":"post","link":"https:\/\/www.welovecycling.com\/hu\/varosi-kerekparozas\/a-10-legrosszabb-bicikliut-olaszorszagban\/","title":{"rendered":"A 10 legrosszabb bicikli\u00fat Olaszorsz\u00e1gban"},"content":{"rendered":"<p><strong>Nem sokkal ezel\u0151tt a We Love Cycling olasz k\u00e9pviselete mer\u00e9sz c\u00e9lt t\u0171z\u00f6tt ki maga el\u00e9: \u00f6sszegy\u0171jteni az orsz\u00e1g legrosszabb bringa\u00fatjait! Egy t\u00f6bb r\u00e9gi\u00f3ban is megval\u00f3sul\u00f3 kamp\u00e1ny r\u00e9szek\u00e9nt \u00e1llhatott \u00f6ssze az al\u00e1bbi gal\u00e9ria, mely a haszn\u00e1lhatatlan ker\u00e9kp\u00e1rutak \u00e1llapot\u00e1ra h\u00edvja fel a figyelmet. Jobb utakat akarunk! De addig is, nevess\u00fcnk a rosszakon!<\/strong><\/p>\n<p><!--more--><\/p>\n<p>Az, hogy a Covid-19 miatt 2020-t\u00fal kezdve egyre kevesebb aut\u00f3, \u00e9s egyre t\u00f6bb ker\u00e9kp\u00e1r k\u00f6zlekedik az utakon, sz\u00e1mos nagyobb v\u00e1ros el\u0151tt lehet\u0151s\u00e9gek sz\u00e9les t\u00e1rh\u00e1z\u00e1t nyitotta meg. Az olasz Mil\u00e1n\u00f3 v\u00e1ros\u00e1ban p\u00e9ld\u00e1ul megjelent egy sor ideiglenes ker\u00e9kp\u00e1rs\u00e1v, egy \u00fan. taktikai urbanizmus rendszer r\u00e9szek\u00e9nt, melyet arra terveztek, hogy r\u00f6vid t\u00e1von motiv\u00e1lja az embereket a hossz\u00fa t\u00e1v\u00fa v\u00e1ltoztat\u00e1sokra. M\u00e1s orsz\u00e1gokhoz hasonl\u00f3an, Olaszorsz\u00e1gban is vir\u00e1gzik a bring\u00e1s infrastrukt\u00fara, \u00e9s a korm\u00e1ny itt is nagy \u00f6sszegeket sz\u00e1n a tov\u00e1bbi fejleszt\u00e9sekre. A Mobilit\u00e1si B\u00f3nusz program keretein bel\u00fcl p\u00e9ld\u00e1ul a korm\u00e1ny 500 eur\u00f3 t\u00e1mogat\u00e1st ny\u00fajt azoknak a lakosoknak, akik ker\u00e9kp\u00e1rt vagy e-ker\u00e9kp\u00e1rt szeretn\u00e9nek venni. De vannak az\u00e9rt m\u00e9g probl\u00e9m\u00e1k.<\/p>\n<h2><strong>1. Minden vil\u00e1gos, k\u00f6szi<\/strong><\/h2>\n<figure id=\"attachment_13221\" aria-describedby=\"caption-attachment-13221\" style=\"width: 720px\" class=\"wp-caption alignnone\"><a href=\"https:\/\/d2p6e6u75xmxt8.cloudfront.net\/12\/2021\/12\/Ascoli_Cycle_lane.jpg\"><img loading=\"lazy\" decoding=\"async\" class=\"wp-image-13221\" src=\"https:\/\/d2p6e6u75xmxt8.cloudfront.net\/12\/2021\/12\/Ascoli_Cycle_lane.jpg\" alt=\"Ascoli cycle lane\" width=\"720\" height=\"720\" srcset=\"https:\/\/d2p6e6u75xmxt8.cloudfront.net\/12\/2021\/12\/Ascoli_Cycle_lane.jpg 1000w, https:\/\/d2p6e6u75xmxt8.cloudfront.net\/12\/2021\/12\/Ascoli_Cycle_lane-300x300.jpg 300w, https:\/\/d2p6e6u75xmxt8.cloudfront.net\/12\/2021\/12\/Ascoli_Cycle_lane-150x150.jpg 150w, https:\/\/d2p6e6u75xmxt8.cloudfront.net\/12\/2021\/12\/Ascoli_Cycle_lane-768x768.jpg 768w\" sizes=\"auto, (max-width: 720px) 100vw, 720px\" \/><\/a><figcaption id=\"caption-attachment-13221\" class=\"wp-caption-text\">Ascoli Piceno<\/figcaption><\/figure>\n<h2><strong>2. Ahol b\u00facs\u00fat kell venned a bring\u00e1dt\u00f3l<\/strong><\/h2>\n<p><a href=\"https:\/\/d2p6e6u75xmxt8.cloudfront.net\/12\/2021\/12\/Genova2CItaly_6118b500ca63c.jpg\"><img loading=\"lazy\" decoding=\"async\" class=\"alignnone wp-image-13222\" src=\"https:\/\/d2p6e6u75xmxt8.cloudfront.net\/12\/2021\/12\/Genova2CItaly_6118b500ca63c.jpg\" alt=\"Genova cycle lane\" width=\"720\" height=\"720\" srcset=\"https:\/\/d2p6e6u75xmxt8.cloudfront.net\/12\/2021\/12\/Genova2CItaly_6118b500ca63c.jpg 1152w, https:\/\/d2p6e6u75xmxt8.cloudfront.net\/12\/2021\/12\/Genova2CItaly_6118b500ca63c-300x300.jpg 300w, https:\/\/d2p6e6u75xmxt8.cloudfront.net\/12\/2021\/12\/Genova2CItaly_6118b500ca63c-1024x1024.jpg 1024w, https:\/\/d2p6e6u75xmxt8.cloudfront.net\/12\/2021\/12\/Genova2CItaly_6118b500ca63c-150x150.jpg 150w, https:\/\/d2p6e6u75xmxt8.cloudfront.net\/12\/2021\/12\/Genova2CItaly_6118b500ca63c-768x768.jpg 768w\" sizes=\"auto, (max-width: 720px) 100vw, 720px\" \/><\/a><\/p>\n<h2><strong>3. Szlalom!<\/strong><\/h2>\n<figure id=\"attachment_13223\" aria-describedby=\"caption-attachment-13223\" style=\"width: 720px\" class=\"wp-caption alignnone\"><a href=\"https:\/\/d2p6e6u75xmxt8.cloudfront.net\/2\/2021\/08\/Senago2CItaly._6113c90de80ee.jpg\"><img loading=\"lazy\" decoding=\"async\" class=\"wp-image-13223\" src=\"https:\/\/d2p6e6u75xmxt8.cloudfront.net\/12\/2021\/12\/Senago2CItaly._6113c90de80ee-1024x1024.jpg\" alt=\"Senago cycle lane\" width=\"720\" height=\"720\" srcset=\"https:\/\/d2p6e6u75xmxt8.cloudfront.net\/12\/2021\/12\/Senago2CItaly._6113c90de80ee-1024x1024.jpg 1024w, https:\/\/d2p6e6u75xmxt8.cloudfront.net\/12\/2021\/12\/Senago2CItaly._6113c90de80ee-300x300.jpg 300w, https:\/\/d2p6e6u75xmxt8.cloudfront.net\/12\/2021\/12\/Senago2CItaly._6113c90de80ee-150x150.jpg 150w, https:\/\/d2p6e6u75xmxt8.cloudfront.net\/12\/2021\/12\/Senago2CItaly._6113c90de80ee-768x768.jpg 768w, https:\/\/d2p6e6u75xmxt8.cloudfront.net\/12\/2021\/12\/Senago2CItaly._6113c90de80ee.jpg 1080w\" sizes=\"auto, (max-width: 720px) 100vw, 720px\" \/><\/a><figcaption id=\"caption-attachment-13223\" class=\"wp-caption-text\">Senago<\/figcaption><\/figure>\n<h2><strong>4. Ha nem figyelsz, f\u0171be harapsz!<\/strong><\/h2>\n<figure id=\"attachment_13224\" aria-describedby=\"caption-attachment-13224\" style=\"width: 720px\" class=\"wp-caption alignnone\"><a href=\"https:\/\/d2p6e6u75xmxt8.cloudfront.net\/12\/2021\/12\/Naples3AD_6118b3801f8b9.jpg\"><img loading=\"lazy\" decoding=\"async\" class=\"wp-image-13224\" src=\"https:\/\/d2p6e6u75xmxt8.cloudfront.net\/12\/2021\/12\/Naples3AD_6118b3801f8b9.jpg\" alt=\"Naples cycle lane\" width=\"720\" height=\"720\" srcset=\"https:\/\/d2p6e6u75xmxt8.cloudfront.net\/12\/2021\/12\/Naples3AD_6118b3801f8b9.jpg 946w, https:\/\/d2p6e6u75xmxt8.cloudfront.net\/12\/2021\/12\/Naples3AD_6118b3801f8b9-300x300.jpg 300w, https:\/\/d2p6e6u75xmxt8.cloudfront.net\/12\/2021\/12\/Naples3AD_6118b3801f8b9-150x150.jpg 150w, https:\/\/d2p6e6u75xmxt8.cloudfront.net\/12\/2021\/12\/Naples3AD_6118b3801f8b9-768x768.jpg 768w\" sizes=\"auto, (max-width: 720px) 100vw, 720px\" \/><\/a><figcaption id=\"caption-attachment-13224\" class=\"wp-caption-text\">N\u00e1poly<\/figcaption><\/figure>\n<h2><strong>5. Szuper<\/strong><\/h2>\n<figure id=\"attachment_13225\" aria-describedby=\"caption-attachment-13225\" style=\"width: 720px\" class=\"wp-caption alignnone\"><a href=\"https:\/\/d2p6e6u75xmxt8.cloudfront.net\/12\/2021\/12\/Veryshortslalom_612372fbd8442.jpg\"><img loading=\"lazy\" decoding=\"async\" class=\"wp-image-13225\" src=\"https:\/\/d2p6e6u75xmxt8.cloudfront.net\/12\/2021\/12\/Veryshortslalom_612372fbd8442.jpg\" alt=\"Pinerolo cycle lane\" width=\"720\" height=\"720\" srcset=\"https:\/\/d2p6e6u75xmxt8.cloudfront.net\/12\/2021\/12\/Veryshortslalom_612372fbd8442.jpg 976w, https:\/\/d2p6e6u75xmxt8.cloudfront.net\/12\/2021\/12\/Veryshortslalom_612372fbd8442-300x300.jpg 300w, https:\/\/d2p6e6u75xmxt8.cloudfront.net\/12\/2021\/12\/Veryshortslalom_612372fbd8442-150x150.jpg 150w, https:\/\/d2p6e6u75xmxt8.cloudfront.net\/12\/2021\/12\/Veryshortslalom_612372fbd8442-768x768.jpg 768w\" sizes=\"auto, (max-width: 720px) 100vw, 720px\" \/><\/a><figcaption id=\"caption-attachment-13225\" class=\"wp-caption-text\">Pinerolo<\/figcaption><\/figure>\n<h2><strong>6. Hm, \u00e9rdekes<\/strong><\/h2>\n<figure id=\"attachment_13226\" aria-describedby=\"caption-attachment-13226\" style=\"width: 720px\" class=\"wp-caption alignnone\"><a href=\"https:\/\/d2p6e6u75xmxt8.cloudfront.net\/12\/2021\/12\/Piacenza-cycle-lane.jpg\"><img loading=\"lazy\" decoding=\"async\" class=\"wp-image-13226\" src=\"https:\/\/d2p6e6u75xmxt8.cloudfront.net\/12\/2021\/12\/Piacenza-cycle-lane.jpg\" alt=\"Piacenza\" width=\"720\" height=\"720\" srcset=\"https:\/\/d2p6e6u75xmxt8.cloudfront.net\/12\/2021\/12\/Piacenza-cycle-lane.jpg 1102w, https:\/\/d2p6e6u75xmxt8.cloudfront.net\/12\/2021\/12\/Piacenza-cycle-lane-300x300.jpg 300w, https:\/\/d2p6e6u75xmxt8.cloudfront.net\/12\/2021\/12\/Piacenza-cycle-lane-1024x1024.jpg 1024w, https:\/\/d2p6e6u75xmxt8.cloudfront.net\/12\/2021\/12\/Piacenza-cycle-lane-150x150.jpg 150w, https:\/\/d2p6e6u75xmxt8.cloudfront.net\/12\/2021\/12\/Piacenza-cycle-lane-768x768.jpg 768w\" sizes=\"auto, (max-width: 720px) 100vw, 720px\" \/><\/a><figcaption id=\"caption-attachment-13226\" class=\"wp-caption-text\">Piacenza<\/figcaption><\/figure>\n<h2><strong>7. Reggeli \u00e9breszt\u0151<\/strong><\/h2>\n<figure id=\"attachment_13227\" aria-describedby=\"caption-attachment-13227\" style=\"width: 720px\" class=\"wp-caption alignnone\"><a href=\"https:\/\/d2p6e6u75xmxt8.cloudfront.net\/12\/2021\/12\/Bikeslalom_612e3181a8997.jpg\"><img loading=\"lazy\" decoding=\"async\" class=\"wp-image-13227\" src=\"https:\/\/d2p6e6u75xmxt8.cloudfront.net\/12\/2021\/12\/Bikeslalom_612e3181a8997.jpg\" alt=\"Wavy\" width=\"720\" height=\"720\" srcset=\"https:\/\/d2p6e6u75xmxt8.cloudfront.net\/12\/2021\/12\/Bikeslalom_612e3181a8997.jpg 901w, https:\/\/d2p6e6u75xmxt8.cloudfront.net\/12\/2021\/12\/Bikeslalom_612e3181a8997-300x300.jpg 300w, https:\/\/d2p6e6u75xmxt8.cloudfront.net\/12\/2021\/12\/Bikeslalom_612e3181a8997-150x150.jpg 150w, https:\/\/d2p6e6u75xmxt8.cloudfront.net\/12\/2021\/12\/Bikeslalom_612e3181a8997-768x768.jpg 768w\" sizes=\"auto, (max-width: 720px) 100vw, 720px\" \/><\/a><figcaption id=\"caption-attachment-13227\" class=\"wp-caption-text\">Nonantola<\/figcaption><\/figure>\n<h2><strong>8. V\u00e9g(s\u0151)\u00e1llom\u00e1s<\/strong><\/h2>\n<figure id=\"attachment_13228\" aria-describedby=\"caption-attachment-13228\" style=\"width: 720px\" class=\"wp-caption alignnone\"><a href=\"https:\/\/d2p6e6u75xmxt8.cloudfront.net\/12\/2021\/12\/Treviso-cycle-lane.jpg\"><img loading=\"lazy\" decoding=\"async\" class=\"wp-image-13228\" src=\"https:\/\/d2p6e6u75xmxt8.cloudfront.net\/12\/2021\/12\/Treviso-cycle-lane.jpg\" alt=\"Treviso cycle lane\" width=\"720\" height=\"720\" srcset=\"https:\/\/d2p6e6u75xmxt8.cloudfront.net\/12\/2021\/12\/Treviso-cycle-lane.jpg 1081w, https:\/\/d2p6e6u75xmxt8.cloudfront.net\/12\/2021\/12\/Treviso-cycle-lane-300x300.jpg 300w, https:\/\/d2p6e6u75xmxt8.cloudfront.net\/12\/2021\/12\/Treviso-cycle-lane-1024x1024.jpg 1024w, https:\/\/d2p6e6u75xmxt8.cloudfront.net\/12\/2021\/12\/Treviso-cycle-lane-150x150.jpg 150w, https:\/\/d2p6e6u75xmxt8.cloudfront.net\/12\/2021\/12\/Treviso-cycle-lane-768x768.jpg 768w\" sizes=\"auto, (max-width: 720px) 100vw, 720px\" \/><\/a><figcaption id=\"caption-attachment-13228\" class=\"wp-caption-text\">Treviso<\/figcaption><\/figure>\n<h2><strong>9. Egyir\u00e1ny\u00fa utca<\/strong><\/h2>\n<figure id=\"attachment_13229\" aria-describedby=\"caption-attachment-13229\" style=\"width: 720px\" class=\"wp-caption alignnone\"><a href=\"https:\/\/d2p6e6u75xmxt8.cloudfront.net\/12\/2021\/12\/Rome_6118b44e1aada.jpg\"><img loading=\"lazy\" decoding=\"async\" class=\"wp-image-13229 size-full\" src=\"https:\/\/d2p6e6u75xmxt8.cloudfront.net\/12\/2021\/12\/Rome_6118b44e1aada.jpg\" alt=\"Rome cycle path\" width=\"720\" height=\"720\" srcset=\"https:\/\/d2p6e6u75xmxt8.cloudfront.net\/12\/2021\/12\/Rome_6118b44e1aada.jpg 720w, https:\/\/d2p6e6u75xmxt8.cloudfront.net\/12\/2021\/12\/Rome_6118b44e1aada-300x300.jpg 300w, https:\/\/d2p6e6u75xmxt8.cloudfront.net\/12\/2021\/12\/Rome_6118b44e1aada-150x150.jpg 150w\" sizes=\"auto, (max-width: 720px) 100vw, 720px\" \/><\/a><figcaption id=\"caption-attachment-13229\" class=\"wp-caption-text\">R\u00f3ma<\/figcaption><\/figure>\n<h2><strong>10. \u00c9lesen balra!<\/strong><\/h2>\n<figure id=\"attachment_13230\" aria-describedby=\"caption-attachment-13230\" style=\"width: 720px\" class=\"wp-caption alignnone\"><a href=\"https:\/\/d2p6e6u75xmxt8.cloudfront.net\/12\/2021\/12\/Rome_6113d0f4e03a5.jpg\"><img loading=\"lazy\" decoding=\"async\" class=\"size-full wp-image-13230\" src=\"https:\/\/d2p6e6u75xmxt8.cloudfront.net\/12\/2021\/12\/Rome_6113d0f4e03a5.jpg\" alt=\"Rome cycle path\" width=\"720\" height=\"720\" srcset=\"https:\/\/d2p6e6u75xmxt8.cloudfront.net\/12\/2021\/12\/Rome_6113d0f4e03a5.jpg 720w, https:\/\/d2p6e6u75xmxt8.cloudfront.net\/12\/2021\/12\/Rome_6113d0f4e03a5-300x300.jpg 300w, https:\/\/d2p6e6u75xmxt8.cloudfront.net\/12\/2021\/12\/Rome_6113d0f4e03a5-150x150.jpg 150w\" sizes=\"auto, (max-width: 720px) 100vw, 720px\" \/><\/a><figcaption id=\"caption-attachment-13230\" class=\"wp-caption-text\">Rome<\/figcaption><\/figure>\n","protected":false},"excerpt":{"rendered":"<p>Nem sokkal ezel\u0151tt a We Love Cycling olasz k\u00e9pviselete mer\u00e9sz c\u00e9lt t\u0171z\u00f6tt ki maga el\u00e9: \u00f6sszegy\u0171jteni az orsz\u00e1g legrosszabb bringa\u00fatjait! [&hellip;]<\/p>\n","protected":false},"author":71,"featured_media":13232,"comment_status":"open","ping_status":"open","sticky":false,"template":"","format":"standard","meta":{"footnotes":""},"categories":[9],"tags":[],"global-categories":[],"class_list":["post-13220","post","type-post","status-publish","format-standard","has-post-thumbnail","hentry","category-varosi-kerekparozas"],"yoast_head":"<!-- This site is optimized with the Yoast SEO Premium plugin v25.3 (Yoast SEO v25.9) - https:\/\/yoast.com\/wordpress\/plugins\/seo\/ -->\n<title>A 10 legrosszabb bicikli\u00fat Olaszorsz\u00e1gban<\/title>\n<meta name=\"description\" content=\"Nem sokkal ezel\u0151tt a We Love Cycling olasz k\u00e9pviselete mer\u00e9sz c\u00e9lt t\u0171z\u00f6tt ki maga el\u00e9: \u00f6sszegy\u0171jteni az orsz\u00e1g legrosszabb bringa\u00fatjait!\" \/>\n<meta name=\"robots\" content=\"index, follow, max-snippet:-1, max-image-preview:large, max-video-preview:-1\" \/>\n<link rel=\"canonical\" href=\"https:\/\/www.welovecycling.com\/hu\/varosi-kerekparozas\/a-10-legrosszabb-bicikliut-olaszorszagban\/\" \/>\n<meta property=\"og:locale\" content=\"hu_HU\" \/>\n<meta property=\"og:type\" content=\"article\" \/>\n<meta property=\"og:title\" content=\"A 10 legrosszabb bicikli\u00fat Olaszorsz\u00e1gban\" \/>\n<meta property=\"og:description\" content=\"Nem sokkal ezel\u0151tt a We Love Cycling olasz k\u00e9pviselete mer\u00e9sz c\u00e9lt t\u0171z\u00f6tt ki maga el\u00e9: \u00f6sszegy\u0171jteni az orsz\u00e1g legrosszabb bringa\u00fatjait!\" \/>\n<meta property=\"og:url\" content=\"https:\/\/www.welovecycling.com\/hu\/varosi-kerekparozas\/a-10-legrosszabb-bicikliut-olaszorszagban\/\" \/>\n<meta property=\"og:site_name\" content=\"\u0160koda We Love Cycling - Magyarorsz\u00e1g\" \/>\n<meta property=\"article:publisher\" content=\"https:\/\/www.facebook.com\/WeLoveCyclingHungary\/\" \/>\n<meta property=\"article:published_time\" content=\"2021-12-22T06:00:13+00:00\" \/>\n<meta property=\"og:image\" content=\"https:\/\/d2p6e6u75xmxt8.cloudfront.net\/12\/2021\/12\/Alessandria-cycle-lane-CVR.jpg\" \/>\n\t<meta property=\"og:image:width\" content=\"1366\" \/>\n\t<meta property=\"og:image:height\" content=\"600\" \/>\n\t<meta property=\"og:image:type\" content=\"image\/jpeg\" \/>\n<meta name=\"author\" content=\"hegyizs\" \/>\n<meta name=\"twitter:card\" content=\"summary_large_image\" \/>\n<meta name=\"twitter:label1\" content=\"Written by\" \/>\n\t<meta name=\"twitter:data1\" content=\"WeLoveCycling\" \/>\n\t<meta name=\"twitter:label2\" content=\"Est. reading time\" \/>\n\t<meta name=\"twitter:data2\" content=\"5\" \/>\n<script type=\"application\/ld+json\" class=\"yoast-schema-graph\">{\"@context\":\"https:\/\/schema.org\",\"@graph\":[{\"@type\":\"WebPage\",\"@id\":\"https:\/\/www.welovecycling.com\/hu\/varosi-kerekparozas\/a-10-legrosszabb-bicikliut-olaszorszagban\/\",\"url\":\"https:\/\/www.welovecycling.com\/hu\/varosi-kerekparozas\/a-10-legrosszabb-bicikliut-olaszorszagban\/\",\"name\":\"A 10 legrosszabb bicikli\u00fat Olaszorsz\u00e1gban\",\"isPartOf\":{\"@id\":\"https:\/\/www.welovecycling.com\/hu\/#website\"},\"primaryImageOfPage\":{\"@id\":\"https:\/\/www.welovecycling.com\/hu\/varosi-kerekparozas\/a-10-legrosszabb-bicikliut-olaszorszagban\/#primaryimage\"},\"image\":{\"@id\":\"https:\/\/www.welovecycling.com\/hu\/varosi-kerekparozas\/a-10-legrosszabb-bicikliut-olaszorszagban\/#primaryimage\"},\"thumbnailUrl\":\"https:\/\/d2p6e6u75xmxt8.cloudfront.net\/12\/2021\/12\/Alessandria-cycle-lane-CVR.jpg\",\"datePublished\":\"2021-12-22T06:00:13+00:00\",\"author\":{\"@id\":\"https:\/\/www.welovecycling.com\/hu\/#\/schema\/person\/414a2aebf1801691a5320edb6468e194\"},\"description\":\"Nem sokkal ezel\u0151tt a We Love Cycling olasz k\u00e9pviselete mer\u00e9sz c\u00e9lt t\u0171z\u00f6tt ki maga el\u00e9: \u00f6sszegy\u0171jteni az orsz\u00e1g legrosszabb bringa\u00fatjait!\",\"breadcrumb\":{\"@id\":\"https:\/\/www.welovecycling.com\/hu\/varosi-kerekparozas\/a-10-legrosszabb-bicikliut-olaszorszagban\/#breadcrumb\"},\"inLanguage\":\"hu\",\"potentialAction\":[{\"@type\":\"ReadAction\",\"target\":[\"https:\/\/www.welovecycling.com\/hu\/varosi-kerekparozas\/a-10-legrosszabb-bicikliut-olaszorszagban\/\"]}]},{\"@type\":\"ImageObject\",\"inLanguage\":\"hu\",\"@id\":\"https:\/\/www.welovecycling.com\/hu\/varosi-kerekparozas\/a-10-legrosszabb-bicikliut-olaszorszagban\/#primaryimage\",\"url\":\"https:\/\/d2p6e6u75xmxt8.cloudfront.net\/12\/2021\/12\/Alessandria-cycle-lane-CVR.jpg\",\"contentUrl\":\"https:\/\/d2p6e6u75xmxt8.cloudfront.net\/12\/2021\/12\/Alessandria-cycle-lane-CVR.jpg\",\"width\":1366,\"height\":600,\"caption\":\"Alessandria cycle lane\"},{\"@type\":\"BreadcrumbList\",\"@id\":\"https:\/\/www.welovecycling.com\/hu\/varosi-kerekparozas\/a-10-legrosszabb-bicikliut-olaszorszagban\/#breadcrumb\",\"itemListElement\":[{\"@type\":\"ListItem\",\"position\":1,\"name\":\"Home\",\"item\":\"https:\/\/www.welovecycling.com\/hu\/\"},{\"@type\":\"ListItem\",\"position\":2,\"name\":\"A 10 legrosszabb bicikli\u00fat Olaszorsz\u00e1gban\"}]},{\"@type\":\"WebSite\",\"@id\":\"https:\/\/www.welovecycling.com\/hu\/#website\",\"url\":\"https:\/\/www.welovecycling.com\/hu\/\",\"name\":\"\u0160koda We Love Cycling - Magyarorsz\u00e1g\",\"description\":\"\u0160koda WeLoveCycling\",\"potentialAction\":[{\"@type\":\"SearchAction\",\"target\":{\"@type\":\"EntryPoint\",\"urlTemplate\":\"https:\/\/www.welovecycling.com\/hu\/?s={search_term_string}\"},\"query-input\":{\"@type\":\"PropertyValueSpecification\",\"valueRequired\":true,\"valueName\":\"search_term_string\"}}],\"inLanguage\":\"hu\"},{\"@type\":\"Person\",\"@id\":\"https:\/\/www.welovecycling.com\/hu\/#\/schema\/person\/414a2aebf1801691a5320edb6468e194\",\"name\":\"hegyizs\",\"image\":{\"@type\":\"ImageObject\",\"inLanguage\":\"hu\",\"@id\":\"https:\/\/www.welovecycling.com\/hu\/#\/schema\/person\/image\/\",\"url\":\"https:\/\/secure.gravatar.com\/avatar\/02cf8a7906b8cf90cecb4679defac7cfd33a1c2e3b88e4903d947f3bb58eedd3?s=96&d=mm&r=g\",\"contentUrl\":\"https:\/\/secure.gravatar.com\/avatar\/02cf8a7906b8cf90cecb4679defac7cfd33a1c2e3b88e4903d947f3bb58eedd3?s=96&d=mm&r=g\",\"caption\":\"hegyizs\"},\"url\":\"https:\/\/www.welovecycling.com\/hu\/author\/hegyizs\/\"}]}<\/script>\n<!-- \/ Yoast SEO Premium plugin. -->","yoast_head_json":{"title":"A 10 legrosszabb bicikli\u00fat Olaszorsz\u00e1gban","description":"Nem sokkal ezel\u0151tt a We Love Cycling olasz k\u00e9pviselete mer\u00e9sz c\u00e9lt t\u0171z\u00f6tt ki maga el\u00e9: \u00f6sszegy\u0171jteni az orsz\u00e1g legrosszabb bringa\u00fatjait!","robots":{"index":"index","follow":"follow","max-snippet":"max-snippet:-1","max-image-preview":"max-image-preview:large","max-video-preview":"max-video-preview:-1"},"canonical":"https:\/\/www.welovecycling.com\/hu\/varosi-kerekparozas\/a-10-legrosszabb-bicikliut-olaszorszagban\/","og_locale":"hu_HU","og_type":"article","og_title":"A 10 legrosszabb bicikli\u00fat Olaszorsz\u00e1gban","og_description":"Nem sokkal ezel\u0151tt a We Love Cycling olasz k\u00e9pviselete mer\u00e9sz c\u00e9lt t\u0171z\u00f6tt ki maga el\u00e9: \u00f6sszegy\u0171jteni az orsz\u00e1g legrosszabb bringa\u00fatjait!","og_url":"https:\/\/www.welovecycling.com\/hu\/varosi-kerekparozas\/a-10-legrosszabb-bicikliut-olaszorszagban\/","og_site_name":"\u0160koda We Love Cycling - Magyarorsz\u00e1g","article_publisher":"https:\/\/www.facebook.com\/WeLoveCyclingHungary\/","article_published_time":"2021-12-22T06:00:13+00:00","og_image":[{"width":1366,"height":600,"url":"https:\/\/d2p6e6u75xmxt8.cloudfront.net\/12\/2021\/12\/Alessandria-cycle-lane-CVR.jpg","type":"image\/jpeg"}],"author":"hegyizs","twitter_card":"summary_large_image","twitter_misc":{"Written by":"WeLoveCycling","Est. reading time":"5"},"schema":{"@context":"https:\/\/schema.org","@graph":[{"@type":"WebPage","@id":"https:\/\/www.welovecycling.com\/hu\/varosi-kerekparozas\/a-10-legrosszabb-bicikliut-olaszorszagban\/","url":"https:\/\/www.welovecycling.com\/hu\/varosi-kerekparozas\/a-10-legrosszabb-bicikliut-olaszorszagban\/","name":"A 10 legrosszabb bicikli\u00fat Olaszorsz\u00e1gban","isPartOf":{"@id":"https:\/\/www.welovecycling.com\/hu\/#website"},"primaryImageOfPage":{"@id":"https:\/\/www.welovecycling.com\/hu\/varosi-kerekparozas\/a-10-legrosszabb-bicikliut-olaszorszagban\/#primaryimage"},"image":{"@id":"https:\/\/www.welovecycling.com\/hu\/varosi-kerekparozas\/a-10-legrosszabb-bicikliut-olaszorszagban\/#primaryimage"},"thumbnailUrl":"https:\/\/d2p6e6u75xmxt8.cloudfront.net\/12\/2021\/12\/Alessandria-cycle-lane-CVR.jpg","datePublished":"2021-12-22T06:00:13+00:00","author":{"@id":"https:\/\/www.welovecycling.com\/hu\/#\/schema\/person\/414a2aebf1801691a5320edb6468e194"},"description":"Nem sokkal ezel\u0151tt a We Love Cycling olasz k\u00e9pviselete mer\u00e9sz c\u00e9lt t\u0171z\u00f6tt ki maga el\u00e9: \u00f6sszegy\u0171jteni az orsz\u00e1g legrosszabb bringa\u00fatjait!","breadcrumb":{"@id":"https:\/\/www.welovecycling.com\/hu\/varosi-kerekparozas\/a-10-legrosszabb-bicikliut-olaszorszagban\/#breadcrumb"},"inLanguage":"hu","potentialAction":[{"@type":"ReadAction","target":["https:\/\/www.welovecycling.com\/hu\/varosi-kerekparozas\/a-10-legrosszabb-bicikliut-olaszorszagban\/"]}]},{"@type":"ImageObject","inLanguage":"hu","@id":"https:\/\/www.welovecycling.com\/hu\/varosi-kerekparozas\/a-10-legrosszabb-bicikliut-olaszorszagban\/#primaryimage","url":"https:\/\/d2p6e6u75xmxt8.cloudfront.net\/12\/2021\/12\/Alessandria-cycle-lane-CVR.jpg","contentUrl":"https:\/\/d2p6e6u75xmxt8.cloudfront.net\/12\/2021\/12\/Alessandria-cycle-lane-CVR.jpg","width":1366,"height":600,"caption":"Alessandria cycle lane"},{"@type":"BreadcrumbList","@id":"https:\/\/www.welovecycling.com\/hu\/varosi-kerekparozas\/a-10-legrosszabb-bicikliut-olaszorszagban\/#breadcrumb","itemListElement":[{"@type":"ListItem","position":1,"name":"Home","item":"https:\/\/www.welovecycling.com\/hu\/"},{"@type":"ListItem","position":2,"name":"A 10 legrosszabb bicikli\u00fat Olaszorsz\u00e1gban"}]},{"@type":"WebSite","@id":"https:\/\/www.welovecycling.com\/hu\/#website","url":"https:\/\/www.welovecycling.com\/hu\/","name":"\u0160koda We Love Cycling - Magyarorsz\u00e1g","description":"\u0160koda WeLoveCycling","potentialAction":[{"@type":"SearchAction","target":{"@type":"EntryPoint","urlTemplate":"https:\/\/www.welovecycling.com\/hu\/?s={search_term_string}"},"query-input":{"@type":"PropertyValueSpecification","valueRequired":true,"valueName":"search_term_string"}}],"inLanguage":"hu"},{"@type":"Person","@id":"https:\/\/www.welovecycling.com\/hu\/#\/schema\/person\/414a2aebf1801691a5320edb6468e194","name":"hegyizs","image":{"@type":"ImageObject","inLanguage":"hu","@id":"https:\/\/www.welovecycling.com\/hu\/#\/schema\/person\/image\/","url":"https:\/\/secure.gravatar.com\/avatar\/02cf8a7906b8cf90cecb4679defac7cfd33a1c2e3b88e4903d947f3bb58eedd3?s=96&d=mm&r=g","contentUrl":"https:\/\/secure.gravatar.com\/avatar\/02cf8a7906b8cf90cecb4679defac7cfd33a1c2e3b88e4903d947f3bb58eedd3?s=96&d=mm&r=g","caption":"hegyizs"},"url":"https:\/\/www.welovecycling.com\/hu\/author\/hegyizs\/"}]}},"_links":{"self":[{"href":"https:\/\/www.welovecycling.com\/hu\/wp-json\/wp\/v2\/posts\/13220","targetHints":{"allow":["GET"]}}],"collection":[{"href":"https:\/\/www.welovecycling.com\/hu\/wp-json\/wp\/v2\/posts"}],"about":[{"href":"https:\/\/www.welovecycling.com\/hu\/wp-json\/wp\/v2\/types\/post"}],"author":[{"embeddable":true,"href":"https:\/\/www.welovecycling.com\/hu\/wp-json\/wp\/v2\/users\/71"}],"replies":[{"embeddable":true,"href":"https:\/\/www.welovecycling.com\/hu\/wp-json\/wp\/v2\/comments?post=13220"}],"version-history":[{"count":2,"href":"https:\/\/www.welovecycling.com\/hu\/wp-json\/wp\/v2\/posts\/13220\/revisions"}],"predecessor-version":[{"id":13255,"href":"https:\/\/www.welovecycling.com\/hu\/wp-json\/wp\/v2\/posts\/13220\/revisions\/13255"}],"wp:featuredmedia":[{"embeddable":true,"href":"https:\/\/www.welovecycling.com\/hu\/wp-json\/wp\/v2\/media\/13232"}],"wp:attachment":[{"href":"https:\/\/www.welovecycling.com\/hu\/wp-json\/wp\/v2\/media?parent=13220"}],"wp:term":[{"taxonomy":"category","embeddable":true,"href":"https:\/\/www.welovecycling.com\/hu\/wp-json\/wp\/v2\/categories?post=13220"},{"taxonomy":"post_tag","embeddable":true,"href":"https:\/\/www.welovecycling.com\/hu\/wp-json\/wp\/v2\/tags?post=13220"},{"taxonomy":"global-categories","embeddable":true,"href":"https:\/\/www.welovecycling.com\/hu\/wp-json\/wp\/v2\/global-categories?post=13220"}],"curies":[{"name":"wp","href":"https:\/\/api.w.org\/{rel}","templated":true}]}}