{"id":13215,"date":"2021-12-21T08:00:14","date_gmt":"2021-12-21T06:00:14","guid":{"rendered":"https:\/\/www.welovecycling.com\/hu\/?p=13215"},"modified":"2021-12-17T16:57:40","modified_gmt":"2021-12-17T14:57:40","slug":"extra-kenyeztetes-e-bringadnak-a-teli-idoben","status":"publish","type":"post","link":"https:\/\/www.welovecycling.com\/hu\/kozosseg-es-kultura\/extra-kenyeztetes-e-bringadnak-a-teli-idoben\/","title":{"rendered":"Extra k\u00e9nyeztet\u00e9s e-bring\u00e1dnak a t\u00e9li id\u0151ben"},"content":{"rendered":"<p><strong>A hideg id\u0151 \u00e9s a r\u00f6vid nappalok miatt sokan abbahagyj\u00e1k a ker\u00e9kp\u00e1roz\u00e1st t\u00e9len \u00e9s m\u00e1s k\u00f6zleked\u00e9si eszk\u00f6zt v\u00e1lasztanak helyette. Ha azonban betartasz n\u00e9h\u00e1ny szab\u00e1lyt, eg\u00e9sz \u00e9vben \u00e9lvezheted e-bring\u00e1dat! Megk\u00e9rt\u00fck Richard Gasperottit, aki lelkes e-bike-os, hogy ossza meg vel\u00fcnk, hogyan \u00e1polja ilyenkor j\u00e1rg\u00e1ny\u00e1t.<\/strong><\/p>\n<p><!--more--><\/p>\n<h2><strong>K\u00e9sz\u00edtsd fel a bring\u00e1d a hidegebb napokra!<\/strong><\/h2>\n<p>Az e-bicikli t\u00e9lre val\u00f3 felk\u00e9sz\u00edt\u00e9se nagyon hasonl\u00f3 a hagyom\u00e1nyos ker\u00e9kp\u00e1rok karbantart\u00e1s\u00e1hoz. A hideg \u00e9s nedves id\u0151 be\u00e1llta el\u0151tt \u00e9rdemes ellen\u0151rizni az \u00f6sszes mozg\u00f3 alkatr\u00e9szt, bele\u00e9rtve a fogaskerekeket, a l\u00e1ncot \u00e9s a f\u00e9kbet\u00e9teket. Ha az \u00e9v nagy r\u00e9sz\u00e9ben nincs a ker\u00e9kp\u00e1rodon s\u00e1rv\u00e9d\u0151, itt az ideje felszerelni! \u00c1t\u00e1zott ruh\u00e1ban nagyon nem k\u00e9nyelmes tekerni, ha pedig fagypont alatt van a h\u0151m\u00e9rs\u00e9klet, egyenesen k\u00ednz\u00e1s \u00e9s m\u00e9g vesz\u00e9lyes is. A s\u00e1rv\u00e9d\u0151k decembert\u0151l \u00e1prilisig megv\u00e9denek a felfr\u00f6ccsen\u0151 hideg l\u00e9t\u0151l.<\/p>\n<figure id=\"attachment_13216\" aria-describedby=\"caption-attachment-13216\" style=\"width: 1040px\" class=\"wp-caption alignnone\"><a href=\"https:\/\/d2p6e6u75xmxt8.cloudfront.net\/12\/2021\/12\/Gaspi-winter.jpg\"><img loading=\"lazy\" decoding=\"async\" class=\"wp-image-13216 size-full\" src=\"https:\/\/d2p6e6u75xmxt8.cloudfront.net\/12\/2021\/12\/Gaspi-winter.jpg\" alt=\"Winter e-bike ride\" width=\"1040\" height=\"858\" srcset=\"https:\/\/d2p6e6u75xmxt8.cloudfront.net\/12\/2021\/12\/Gaspi-winter.jpg 1040w, https:\/\/d2p6e6u75xmxt8.cloudfront.net\/12\/2021\/12\/Gaspi-winter-300x248.jpg 300w, https:\/\/d2p6e6u75xmxt8.cloudfront.net\/12\/2021\/12\/Gaspi-winter-1024x845.jpg 1024w, https:\/\/d2p6e6u75xmxt8.cloudfront.net\/12\/2021\/12\/Gaspi-winter-768x634.jpg 768w\" sizes=\"auto, (max-width: 1040px) 100vw, 1040px\" \/><\/a><figcaption id=\"caption-attachment-13216\" class=\"wp-caption-text\"><em>K\u00e9sz\u00fclj fel a hideg napokra.<\/em><\/figcaption><\/figure>\n<h2><strong>V\u00e9dd a motort!<\/strong><\/h2>\n<p>Egy neopr\u00e9m burkolattal megv\u00e9dheted a motort a s\u00e1rt\u00f3l, a s\u00f3t\u00f3l \u00e9s a h\u00f3t\u00f3l. M\u00e9g egy tan\u00e1cs: ha havon indulsz el, ne felejtsd el kikapcsolni a turb\u00f3 \u00fczemm\u00f3dot, nehogy kip\u00f6r\u00f6gjenek a kerekek!<\/p>\n<h2><strong>Tartsd az akksit melegen!<\/strong><\/h2>\n<p>Az akkumul\u00e1tor \u00e9rz\u00e9keny a h\u0151m\u00e9rs\u00e9kletre, \u00e9s hideg id\u0151ben hajlamos vesz\u00edteni a kapacit\u00e1s\u00e1b\u00f3l. Ez pedig befoly\u00e1solja a hat\u00f3t\u00e1vols\u00e1got \u00e9s ler\u00f6vid\u00edti az utakat. A szak\u00e9rt\u0151k azt tan\u00e1csolj\u00e1k, hogy az akksit sz\u00e1raz \u00e9s meleg helyen tartsd! Ha nincs f\u0171t\u00f6tt gar\u00e1zsod vagy pinc\u00e9d, jobb, ha kiveszed \u00e9jszak\u00e1ra \u00e9s beviszed a lak\u00e1sba. \u00dajrat\u00f6lteni szint\u00e9n csak szobah\u0151m\u00e9rs\u00e9kleten szabad! K\u00f6zvetlen\u00fcl a teker\u00e9s el\u0151tt tedd vissza a v\u00e1zra. Ugyanezek a szab\u00e1lyok vonatkoznak arra az esetre is, ha munkahelyre vagy iskol\u00e1ba \u00e9rkezel biciklivel: a Bosch eBike System csapata szerint jobb, ha az akksit magadn\u00e1l tartod a t\u00e1sk\u00e1dban!<\/p>\n<figure id=\"attachment_13217\" aria-describedby=\"caption-attachment-13217\" style=\"width: 1008px\" class=\"wp-caption alignnone\"><a href=\"https:\/\/d2p6e6u75xmxt8.cloudfront.net\/12\/2021\/12\/E-bike-battery-Gaspi.jpg\"><img loading=\"lazy\" decoding=\"async\" class=\"size-full wp-image-13217\" src=\"https:\/\/d2p6e6u75xmxt8.cloudfront.net\/12\/2021\/12\/E-bike-battery-Gaspi.jpg\" alt=\"E-Bike battery\" width=\"1008\" height=\"756\" srcset=\"https:\/\/d2p6e6u75xmxt8.cloudfront.net\/12\/2021\/12\/E-bike-battery-Gaspi.jpg 1008w, https:\/\/d2p6e6u75xmxt8.cloudfront.net\/12\/2021\/12\/E-bike-battery-Gaspi-300x225.jpg 300w, https:\/\/d2p6e6u75xmxt8.cloudfront.net\/12\/2021\/12\/E-bike-battery-Gaspi-768x576.jpg 768w\" sizes=\"auto, (max-width: 1008px) 100vw, 1008px\" \/><\/a><figcaption id=\"caption-attachment-13217\" class=\"wp-caption-text\"><em>Tartsd az akkumul\u00e1tort biztons\u00e1gos melegben!<\/em><\/figcaption><\/figure>\n<h2><strong>Kevesebb izzads\u00e1g<\/strong><\/h2>\n<p>Ami a ruh\u00e1zatot illeti: az e-bring\u00e1sok a motor \u00e1ltal ny\u00fajtott t\u00e1mogat\u00e1s miatt, kev\u00e9sb\u00e9 izzadnak, mint a hagyom\u00e1nyos ker\u00e9kp\u00e1rosok, \u00edgy nagyobb val\u00f3sz\u00edn\u0171s\u00e9ggel tartja meg a test\u00fck az optim\u00e1lis h\u0151m\u00e9rs\u00e9klet\u00fcket. Egy gyapj\u00fa alapr\u00e9tegre felvett v\u00edz\u00e1ll\u00f3 kab\u00e1t \u00e9s nadr\u00e1g val\u00f3sz\u00edn\u0171leg megteszi.<\/p>\n<h2><strong>Na \u00e9s, ha nem akarsz t\u00e9len tekerni?<\/strong><\/h2>\n<p>Ha \u00fagy d\u00f6ntesz, a hidegebb h\u00f3napokban felf\u00fcggeszted a sportot, az akkumul\u00e1tort 10 \u00e9s 20 fok k\u00f6z\u00f6tt t\u00e1rold, 30 \u00e9s 60% k\u00f6z\u00f6tti kapacit\u00e1son. M\u00e9g egy utols\u00f3 tipp: Sok m\u00e1s akkumul\u00e1torral ellent\u00e9tben, a Bosch PowerPack-eket m\u00e9g hosszabb inaktivit\u00e1s ut\u00e1n sem kell \u00fajrat\u00f6lteni az els\u0151 \u00fat el\u0151tt.<\/p>\n","protected":false},"excerpt":{"rendered":"<p>A hideg id\u0151 \u00e9s a r\u00f6vid nappalok miatt sokan abbahagyj\u00e1k a ker\u00e9kp\u00e1roz\u00e1st t\u00e9len \u00e9s m\u00e1s k\u00f6zleked\u00e9si eszk\u00f6zt v\u00e1lasztanak helyette. Ha [&hellip;]<\/p>\n","protected":false},"author":71,"featured_media":13219,"comment_status":"open","ping_status":"open","sticky":false,"template":"","format":"standard","meta":{"footnotes":""},"categories":[12],"tags":[],"global-categories":[],"class_list":["post-13215","post","type-post","status-publish","format-standard","has-post-thumbnail","hentry","category-kozosseg-es-kultura"],"yoast_head":"<!-- This site is optimized with the Yoast SEO Premium plugin v25.3 (Yoast SEO v25.9) - https:\/\/yoast.com\/wordpress\/plugins\/seo\/ -->\n<title>Extra k\u00e9nyeztet\u00e9s e-bring\u00e1dnak a t\u00e9li id\u0151ben<\/title>\n<meta name=\"description\" content=\"A hideg id\u0151 \u00e9s a r\u00f6vid nappalok miatt sokan abbahagyj\u00e1k a ker\u00e9kp\u00e1roz\u00e1st t\u00e9len \u00e9s m\u00e1s k\u00f6zleked\u00e9si eszk\u00f6zt v\u00e1lasztanak helyette. Ha azonban betartasz n\u00e9h\u00e1ny szab\u00e1lyt, eg\u00e9sz \u00e9vben \u00e9lvezheted e-bring\u00e1dat! Megk\u00e9rt\u00fck Richard Gasperottit, aki lelkes e-bike-os, hogy ossza meg vel\u00fcnk, hogyan \u00e1polja ilyenkor j\u00e1rg\u00e1ny\u00e1t.\" \/>\n<meta name=\"robots\" content=\"index, follow, max-snippet:-1, max-image-preview:large, max-video-preview:-1\" \/>\n<link rel=\"canonical\" href=\"https:\/\/www.welovecycling.com\/hu\/kozosseg-es-kultura\/extra-kenyeztetes-e-bringadnak-a-teli-idoben\/\" \/>\n<meta property=\"og:locale\" content=\"hu_HU\" \/>\n<meta property=\"og:type\" content=\"article\" \/>\n<meta property=\"og:title\" content=\"Extra k\u00e9nyeztet\u00e9s e-bring\u00e1dnak a t\u00e9li id\u0151ben\" \/>\n<meta property=\"og:description\" content=\"A hideg id\u0151 \u00e9s a r\u00f6vid nappalok miatt sokan abbahagyj\u00e1k a ker\u00e9kp\u00e1roz\u00e1st t\u00e9len \u00e9s m\u00e1s k\u00f6zleked\u00e9si eszk\u00f6zt v\u00e1lasztanak helyette. Ha azonban betartasz n\u00e9h\u00e1ny szab\u00e1lyt, eg\u00e9sz \u00e9vben \u00e9lvezheted e-bring\u00e1dat! Megk\u00e9rt\u00fck Richard Gasperottit, aki lelkes e-bike-os, hogy ossza meg vel\u00fcnk, hogyan \u00e1polja ilyenkor j\u00e1rg\u00e1ny\u00e1t.\" \/>\n<meta property=\"og:url\" content=\"https:\/\/www.welovecycling.com\/hu\/kozosseg-es-kultura\/extra-kenyeztetes-e-bringadnak-a-teli-idoben\/\" \/>\n<meta property=\"og:site_name\" content=\"\u0160koda We Love Cycling - Magyarorsz\u00e1g\" \/>\n<meta property=\"article:publisher\" content=\"https:\/\/www.facebook.com\/WeLoveCyclingHungary\/\" \/>\n<meta property=\"article:published_time\" content=\"2021-12-21T06:00:14+00:00\" \/>\n<meta property=\"og:image\" content=\"https:\/\/d2p6e6u75xmxt8.cloudfront.net\/12\/2021\/12\/Gaspi-winter-CVR.jpg\" \/>\n\t<meta property=\"og:image:width\" content=\"1366\" \/>\n\t<meta property=\"og:image:height\" content=\"600\" \/>\n\t<meta property=\"og:image:type\" content=\"image\/jpeg\" \/>\n<meta name=\"author\" content=\"hegyizs\" \/>\n<meta name=\"twitter:card\" content=\"summary_large_image\" \/>\n<meta name=\"twitter:label1\" content=\"Written by\" \/>\n\t<meta name=\"twitter:data1\" content=\"Adam Marsal\" \/>\n\t<meta name=\"twitter:label2\" content=\"Est. reading time\" \/>\n\t<meta name=\"twitter:data2\" content=\"5\" \/>\n<script type=\"application\/ld+json\" class=\"yoast-schema-graph\">{\"@context\":\"https:\/\/schema.org\",\"@graph\":[{\"@type\":\"WebPage\",\"@id\":\"https:\/\/www.welovecycling.com\/hu\/kozosseg-es-kultura\/extra-kenyeztetes-e-bringadnak-a-teli-idoben\/\",\"url\":\"https:\/\/www.welovecycling.com\/hu\/kozosseg-es-kultura\/extra-kenyeztetes-e-bringadnak-a-teli-idoben\/\",\"name\":\"Extra k\u00e9nyeztet\u00e9s e-bring\u00e1dnak a t\u00e9li id\u0151ben\",\"isPartOf\":{\"@id\":\"https:\/\/www.welovecycling.com\/hu\/#website\"},\"primaryImageOfPage\":{\"@id\":\"https:\/\/www.welovecycling.com\/hu\/kozosseg-es-kultura\/extra-kenyeztetes-e-bringadnak-a-teli-idoben\/#primaryimage\"},\"image\":{\"@id\":\"https:\/\/www.welovecycling.com\/hu\/kozosseg-es-kultura\/extra-kenyeztetes-e-bringadnak-a-teli-idoben\/#primaryimage\"},\"thumbnailUrl\":\"https:\/\/d2p6e6u75xmxt8.cloudfront.net\/12\/2021\/12\/Gaspi-winter-CVR.jpg\",\"datePublished\":\"2021-12-21T06:00:14+00:00\",\"author\":{\"@id\":\"https:\/\/www.welovecycling.com\/hu\/#\/schema\/person\/414a2aebf1801691a5320edb6468e194\"},\"description\":\"A hideg id\u0151 \u00e9s a r\u00f6vid nappalok miatt sokan abbahagyj\u00e1k a ker\u00e9kp\u00e1roz\u00e1st t\u00e9len \u00e9s m\u00e1s k\u00f6zleked\u00e9si eszk\u00f6zt v\u00e1lasztanak helyette. Ha azonban betartasz n\u00e9h\u00e1ny szab\u00e1lyt, eg\u00e9sz \u00e9vben \u00e9lvezheted e-bring\u00e1dat! Megk\u00e9rt\u00fck Richard Gasperottit, aki lelkes e-bike-os, hogy ossza meg vel\u00fcnk, hogyan \u00e1polja ilyenkor j\u00e1rg\u00e1ny\u00e1t.\",\"breadcrumb\":{\"@id\":\"https:\/\/www.welovecycling.com\/hu\/kozosseg-es-kultura\/extra-kenyeztetes-e-bringadnak-a-teli-idoben\/#breadcrumb\"},\"inLanguage\":\"hu\",\"potentialAction\":[{\"@type\":\"ReadAction\",\"target\":[\"https:\/\/www.welovecycling.com\/hu\/kozosseg-es-kultura\/extra-kenyeztetes-e-bringadnak-a-teli-idoben\/\"]}]},{\"@type\":\"ImageObject\",\"inLanguage\":\"hu\",\"@id\":\"https:\/\/www.welovecycling.com\/hu\/kozosseg-es-kultura\/extra-kenyeztetes-e-bringadnak-a-teli-idoben\/#primaryimage\",\"url\":\"https:\/\/d2p6e6u75xmxt8.cloudfront.net\/12\/2021\/12\/Gaspi-winter-CVR.jpg\",\"contentUrl\":\"https:\/\/d2p6e6u75xmxt8.cloudfront.net\/12\/2021\/12\/Gaspi-winter-CVR.jpg\",\"width\":1366,\"height\":600},{\"@type\":\"BreadcrumbList\",\"@id\":\"https:\/\/www.welovecycling.com\/hu\/kozosseg-es-kultura\/extra-kenyeztetes-e-bringadnak-a-teli-idoben\/#breadcrumb\",\"itemListElement\":[{\"@type\":\"ListItem\",\"position\":1,\"name\":\"Home\",\"item\":\"https:\/\/www.welovecycling.com\/hu\/\"},{\"@type\":\"ListItem\",\"position\":2,\"name\":\"Extra k\u00e9nyeztet\u00e9s e-bring\u00e1dnak a t\u00e9li id\u0151ben\"}]},{\"@type\":\"WebSite\",\"@id\":\"https:\/\/www.welovecycling.com\/hu\/#website\",\"url\":\"https:\/\/www.welovecycling.com\/hu\/\",\"name\":\"\u0160koda We Love Cycling - Magyarorsz\u00e1g\",\"description\":\"\u0160koda WeLoveCycling\",\"potentialAction\":[{\"@type\":\"SearchAction\",\"target\":{\"@type\":\"EntryPoint\",\"urlTemplate\":\"https:\/\/www.welovecycling.com\/hu\/?s={search_term_string}\"},\"query-input\":{\"@type\":\"PropertyValueSpecification\",\"valueRequired\":true,\"valueName\":\"search_term_string\"}}],\"inLanguage\":\"hu\"},{\"@type\":\"Person\",\"@id\":\"https:\/\/www.welovecycling.com\/hu\/#\/schema\/person\/414a2aebf1801691a5320edb6468e194\",\"name\":\"hegyizs\",\"image\":{\"@type\":\"ImageObject\",\"inLanguage\":\"hu\",\"@id\":\"https:\/\/www.welovecycling.com\/hu\/#\/schema\/person\/image\/\",\"url\":\"https:\/\/secure.gravatar.com\/avatar\/02cf8a7906b8cf90cecb4679defac7cfd33a1c2e3b88e4903d947f3bb58eedd3?s=96&d=mm&r=g\",\"contentUrl\":\"https:\/\/secure.gravatar.com\/avatar\/02cf8a7906b8cf90cecb4679defac7cfd33a1c2e3b88e4903d947f3bb58eedd3?s=96&d=mm&r=g\",\"caption\":\"hegyizs\"},\"url\":\"https:\/\/www.welovecycling.com\/hu\/author\/hegyizs\/\"}]}<\/script>\n<!-- \/ Yoast SEO Premium plugin. -->","yoast_head_json":{"title":"Extra k\u00e9nyeztet\u00e9s e-bring\u00e1dnak a t\u00e9li id\u0151ben","description":"A hideg id\u0151 \u00e9s a r\u00f6vid nappalok miatt sokan abbahagyj\u00e1k a ker\u00e9kp\u00e1roz\u00e1st t\u00e9len \u00e9s m\u00e1s k\u00f6zleked\u00e9si eszk\u00f6zt v\u00e1lasztanak helyette. Ha azonban betartasz n\u00e9h\u00e1ny szab\u00e1lyt, eg\u00e9sz \u00e9vben \u00e9lvezheted e-bring\u00e1dat! Megk\u00e9rt\u00fck Richard Gasperottit, aki lelkes e-bike-os, hogy ossza meg vel\u00fcnk, hogyan \u00e1polja ilyenkor j\u00e1rg\u00e1ny\u00e1t.","robots":{"index":"index","follow":"follow","max-snippet":"max-snippet:-1","max-image-preview":"max-image-preview:large","max-video-preview":"max-video-preview:-1"},"canonical":"https:\/\/www.welovecycling.com\/hu\/kozosseg-es-kultura\/extra-kenyeztetes-e-bringadnak-a-teli-idoben\/","og_locale":"hu_HU","og_type":"article","og_title":"Extra k\u00e9nyeztet\u00e9s e-bring\u00e1dnak a t\u00e9li id\u0151ben","og_description":"A hideg id\u0151 \u00e9s a r\u00f6vid nappalok miatt sokan abbahagyj\u00e1k a ker\u00e9kp\u00e1roz\u00e1st t\u00e9len \u00e9s m\u00e1s k\u00f6zleked\u00e9si eszk\u00f6zt v\u00e1lasztanak helyette. Ha azonban betartasz n\u00e9h\u00e1ny szab\u00e1lyt, eg\u00e9sz \u00e9vben \u00e9lvezheted e-bring\u00e1dat! Megk\u00e9rt\u00fck Richard Gasperottit, aki lelkes e-bike-os, hogy ossza meg vel\u00fcnk, hogyan \u00e1polja ilyenkor j\u00e1rg\u00e1ny\u00e1t.","og_url":"https:\/\/www.welovecycling.com\/hu\/kozosseg-es-kultura\/extra-kenyeztetes-e-bringadnak-a-teli-idoben\/","og_site_name":"\u0160koda We Love Cycling - Magyarorsz\u00e1g","article_publisher":"https:\/\/www.facebook.com\/WeLoveCyclingHungary\/","article_published_time":"2021-12-21T06:00:14+00:00","og_image":[{"width":1366,"height":600,"url":"https:\/\/d2p6e6u75xmxt8.cloudfront.net\/12\/2021\/12\/Gaspi-winter-CVR.jpg","type":"image\/jpeg"}],"author":"hegyizs","twitter_card":"summary_large_image","twitter_misc":{"Written by":"Adam Marsal","Est. reading time":"5"},"schema":{"@context":"https:\/\/schema.org","@graph":[{"@type":"WebPage","@id":"https:\/\/www.welovecycling.com\/hu\/kozosseg-es-kultura\/extra-kenyeztetes-e-bringadnak-a-teli-idoben\/","url":"https:\/\/www.welovecycling.com\/hu\/kozosseg-es-kultura\/extra-kenyeztetes-e-bringadnak-a-teli-idoben\/","name":"Extra k\u00e9nyeztet\u00e9s e-bring\u00e1dnak a t\u00e9li id\u0151ben","isPartOf":{"@id":"https:\/\/www.welovecycling.com\/hu\/#website"},"primaryImageOfPage":{"@id":"https:\/\/www.welovecycling.com\/hu\/kozosseg-es-kultura\/extra-kenyeztetes-e-bringadnak-a-teli-idoben\/#primaryimage"},"image":{"@id":"https:\/\/www.welovecycling.com\/hu\/kozosseg-es-kultura\/extra-kenyeztetes-e-bringadnak-a-teli-idoben\/#primaryimage"},"thumbnailUrl":"https:\/\/d2p6e6u75xmxt8.cloudfront.net\/12\/2021\/12\/Gaspi-winter-CVR.jpg","datePublished":"2021-12-21T06:00:14+00:00","author":{"@id":"https:\/\/www.welovecycling.com\/hu\/#\/schema\/person\/414a2aebf1801691a5320edb6468e194"},"description":"A hideg id\u0151 \u00e9s a r\u00f6vid nappalok miatt sokan abbahagyj\u00e1k a ker\u00e9kp\u00e1roz\u00e1st t\u00e9len \u00e9s m\u00e1s k\u00f6zleked\u00e9si eszk\u00f6zt v\u00e1lasztanak helyette. Ha azonban betartasz n\u00e9h\u00e1ny szab\u00e1lyt, eg\u00e9sz \u00e9vben \u00e9lvezheted e-bring\u00e1dat! Megk\u00e9rt\u00fck Richard Gasperottit, aki lelkes e-bike-os, hogy ossza meg vel\u00fcnk, hogyan \u00e1polja ilyenkor j\u00e1rg\u00e1ny\u00e1t.","breadcrumb":{"@id":"https:\/\/www.welovecycling.com\/hu\/kozosseg-es-kultura\/extra-kenyeztetes-e-bringadnak-a-teli-idoben\/#breadcrumb"},"inLanguage":"hu","potentialAction":[{"@type":"ReadAction","target":["https:\/\/www.welovecycling.com\/hu\/kozosseg-es-kultura\/extra-kenyeztetes-e-bringadnak-a-teli-idoben\/"]}]},{"@type":"ImageObject","inLanguage":"hu","@id":"https:\/\/www.welovecycling.com\/hu\/kozosseg-es-kultura\/extra-kenyeztetes-e-bringadnak-a-teli-idoben\/#primaryimage","url":"https:\/\/d2p6e6u75xmxt8.cloudfront.net\/12\/2021\/12\/Gaspi-winter-CVR.jpg","contentUrl":"https:\/\/d2p6e6u75xmxt8.cloudfront.net\/12\/2021\/12\/Gaspi-winter-CVR.jpg","width":1366,"height":600},{"@type":"BreadcrumbList","@id":"https:\/\/www.welovecycling.com\/hu\/kozosseg-es-kultura\/extra-kenyeztetes-e-bringadnak-a-teli-idoben\/#breadcrumb","itemListElement":[{"@type":"ListItem","position":1,"name":"Home","item":"https:\/\/www.welovecycling.com\/hu\/"},{"@type":"ListItem","position":2,"name":"Extra k\u00e9nyeztet\u00e9s e-bring\u00e1dnak a t\u00e9li id\u0151ben"}]},{"@type":"WebSite","@id":"https:\/\/www.welovecycling.com\/hu\/#website","url":"https:\/\/www.welovecycling.com\/hu\/","name":"\u0160koda We Love Cycling - Magyarorsz\u00e1g","description":"\u0160koda WeLoveCycling","potentialAction":[{"@type":"SearchAction","target":{"@type":"EntryPoint","urlTemplate":"https:\/\/www.welovecycling.com\/hu\/?s={search_term_string}"},"query-input":{"@type":"PropertyValueSpecification","valueRequired":true,"valueName":"search_term_string"}}],"inLanguage":"hu"},{"@type":"Person","@id":"https:\/\/www.welovecycling.com\/hu\/#\/schema\/person\/414a2aebf1801691a5320edb6468e194","name":"hegyizs","image":{"@type":"ImageObject","inLanguage":"hu","@id":"https:\/\/www.welovecycling.com\/hu\/#\/schema\/person\/image\/","url":"https:\/\/secure.gravatar.com\/avatar\/02cf8a7906b8cf90cecb4679defac7cfd33a1c2e3b88e4903d947f3bb58eedd3?s=96&d=mm&r=g","contentUrl":"https:\/\/secure.gravatar.com\/avatar\/02cf8a7906b8cf90cecb4679defac7cfd33a1c2e3b88e4903d947f3bb58eedd3?s=96&d=mm&r=g","caption":"hegyizs"},"url":"https:\/\/www.welovecycling.com\/hu\/author\/hegyizs\/"}]}},"_links":{"self":[{"href":"https:\/\/www.welovecycling.com\/hu\/wp-json\/wp\/v2\/posts\/13215","targetHints":{"allow":["GET"]}}],"collection":[{"href":"https:\/\/www.welovecycling.com\/hu\/wp-json\/wp\/v2\/posts"}],"about":[{"href":"https:\/\/www.welovecycling.com\/hu\/wp-json\/wp\/v2\/types\/post"}],"author":[{"embeddable":true,"href":"https:\/\/www.welovecycling.com\/hu\/wp-json\/wp\/v2\/users\/71"}],"replies":[{"embeddable":true,"href":"https:\/\/www.welovecycling.com\/hu\/wp-json\/wp\/v2\/comments?post=13215"}],"version-history":[{"count":2,"href":"https:\/\/www.welovecycling.com\/hu\/wp-json\/wp\/v2\/posts\/13215\/revisions"}],"predecessor-version":[{"id":13253,"href":"https:\/\/www.welovecycling.com\/hu\/wp-json\/wp\/v2\/posts\/13215\/revisions\/13253"}],"wp:featuredmedia":[{"embeddable":true,"href":"https:\/\/www.welovecycling.com\/hu\/wp-json\/wp\/v2\/media\/13219"}],"wp:attachment":[{"href":"https:\/\/www.welovecycling.com\/hu\/wp-json\/wp\/v2\/media?parent=13215"}],"wp:term":[{"taxonomy":"category","embeddable":true,"href":"https:\/\/www.welovecycling.com\/hu\/wp-json\/wp\/v2\/categories?post=13215"},{"taxonomy":"post_tag","embeddable":true,"href":"https:\/\/www.welovecycling.com\/hu\/wp-json\/wp\/v2\/tags?post=13215"},{"taxonomy":"global-categories","embeddable":true,"href":"https:\/\/www.welovecycling.com\/hu\/wp-json\/wp\/v2\/global-categories?post=13215"}],"curies":[{"name":"wp","href":"https:\/\/api.w.org\/{rel}","templated":true}]}}