{"id":13202,"date":"2021-12-20T08:00:09","date_gmt":"2021-12-20T06:00:09","guid":{"rendered":"https:\/\/www.welovecycling.com\/hu\/?p=13202"},"modified":"2022-05-03T15:33:38","modified_gmt":"2022-05-03T13:33:38","slug":"a-bringazas-hosei-halasz-zsombor-bebizonyitja-hogy-budapesten-is-lehet","status":"publish","type":"post","link":"https:\/\/www.welovecycling.com\/hu\/wlc-heroes\/a-bringazas-hosei-halasz-zsombor-bebizonyitja-hogy-budapesten-is-lehet\/","title":{"rendered":"A bring\u00e1z\u00e1s h\u0151sei: Hal\u00e1sz Zsombor bebizony\u00edtja, hogy Budapesten is lehet"},"content":{"rendered":"<p><strong>Nem minden h\u0151s visel k\u00f6penyt: van, aki biciklisnadr\u00e1gban menti meg a vil\u00e1got. Strava klubunkban olyan teljes\u00edtm\u00e9nyeknek vagyunk szemtan\u00fai nap mint nap, amik mellett nem mehet\u00fcnk el. \u00dagy gondoljuk, az az akarater\u0151, munka \u00e9s kitart\u00e1s, ami ezekhez sz\u00fcks\u00e9ges, meg\u00e9rdemli a jutalmat. Leg\u00fajabb h\u0151s\u00fcnk, Hal\u00e1sz Zsombor, akire akkor figyelt\u00fcnk fel, amikor teljes\u00edtette a novemberi 800 km-es kih\u00edv\u00e1st, de m\u00e1s miatt is megakadt a szem\u00fcnk Strava feedj\u00e9n: Zsombor f\u0151leg Budapesten bel\u00fcl teljes\u00edt hatalmas t\u00e1vokat, ami a legt\u00f6bb hobbibring\u00e1st\u00f3l szokatlan.<\/strong><!--more--><\/p>\n<p>Minden h\u00f3napban elindul Strav\u00e1n egy 800 km-es kih\u00edv\u00e1s, melynek neve mag\u00e1\u00e9rt besz\u00e9l: 800 kilom\u00e9tert kell letekerni egy h\u00f3nap alatt. A novemberiben 393.682 f\u0151 vett r\u00e9szt, k\u00f6zt\u00fck Zsombor is, aki sikeresen t\u00falteljes\u00edtette a kih\u00edv\u00e1st: 1212,6 km-t tekert. Ennek kapcs\u00e1n besz\u00e9lgett\u00fcnk vele \u00e9s kit\u00e9rt\u00fcnk arra is, mi\u00e9rt szeret Budapesten bel\u00fcl biciklizni.<\/p>\n<p><strong><em>Mi\u00f3ta biciklizel \u00e9s mi\u00e9rt kedvelted meg ezt a sportot?<\/em><\/strong><\/p>\n<p>M\u00e1r eg\u00e9sz kicsi koromban ny\u0171ttem a nyuszibic\u00f3kat, innen egyenes \u00fat vezetett a p\u00f3tkerekez\u00e9shez, majd anya-apa-nagyb\u00e1csi \u00e1ltal tartott partvisnyelez\u00e9shez. Sosem felejtem el az els\u0151 \u00f6n\u00e1ll\u00f3 n\u00e9h\u00e1ny m\u00e9teremet \u00e9s az abb\u00f3l k\u00f6zvetlen\u00fcl k\u00f6vetkez\u0151 els\u0151 hatalmas es\u00e9st a kavicsos \u00faton, a nagysz\u00fcleim h\u00e1za el\u0151tt.<\/p>\n<p>Egyetemi tanulm\u00e1nyaim mellett h\u00e1rom \u00e9s f\u00e9l \u00e9vig dolgoztam fut\u00e1rk\u00e9nt a Hajt\u00e1s Pajt\u00e1sn\u00e1l Budapesten. Ekkor d\u00f6bbentem r\u00e1, mennyire nagyszer\u0171 a mindennapi bring\u00e1z\u00e1s; hogy mire is vagyok k\u00e9pes, mekkora t\u00e1vokat tudok legy\u0151zni szinte pillanatok alatt, \u00e9s hogy mennyivel jobban lehet haladni Budapesten k\u00e9t ker\u00e9ken, szemben a t\u00f6bbi hagyom\u00e1nyos k\u00f6zleked\u00e9si eszk\u00f6zzel.<\/p>\n<p>Teh\u00e1t a vonzalom m\u00e1r gyerekk\u00e9nt kialakult, de 23 m\u00faltam, mire szerelembe fordult \u00e1t.<\/p>\n<p><strong><em>Els\u0151sorban orsz\u00e1g\u00fatizol vagy m\u00e1s m\u0171fajokban is ki szoktad pr\u00f3b\u00e1lni magad?<\/em><\/strong><\/p>\n<p>A Hajt\u00e1s Pajt\u00e1sn\u00e1l egy montival (GT Aggressor) nyomtam, tapos\u00f3ped\u00e1llal, t\u00f6bbnyire sima sportcip\u0151kben. Budaik\u00e9nt gyakorlatilag minden m\u00e1sodik-harmadik nap indulhattam valamelyik csudaj\u00f3 budai hegyet megm\u00e1szni (volt \u00e1lland\u00f3 c\u00edm\u00fcnk a R\u00f3zsadombon, a Csat\u00e1rka \u00fat tetej\u00e9n, ha pont j\u00f3kor jelentkeztem be, ezt rendszerint megnyertem). Aki pedig j\u00e1rt m\u00e1r a Magl\u00f3di \u00faton (szigor\u00faan a Dreher Gy\u00e1r \u00e9s a Bajcsy K\u00f3rh\u00e1z k\u00f6zti bels\u0151 szakaszra gondolok), az tal\u00e1n meg\u00e9rti, mi\u00e9rt tud teljesen indokolt lenni a budapesti fut\u00e1rkod\u00e1shoz egy mountain bike.<\/p>\n<figure id=\"attachment_13207\" aria-describedby=\"caption-attachment-13207\" style=\"width: 674px\" class=\"wp-caption alignnone\"><a href=\"https:\/\/d2p6e6u75xmxt8.cloudfront.net\/12\/2021\/12\/zsombor_wlc_01-1.jpg\"><img loading=\"lazy\" decoding=\"async\" class=\"size-full wp-image-13207\" src=\"https:\/\/d2p6e6u75xmxt8.cloudfront.net\/12\/2021\/12\/zsombor_wlc_01-1.jpg\" alt=\"\" width=\"674\" height=\"674\" srcset=\"https:\/\/d2p6e6u75xmxt8.cloudfront.net\/12\/2021\/12\/zsombor_wlc_01-1.jpg 674w, https:\/\/d2p6e6u75xmxt8.cloudfront.net\/12\/2021\/12\/zsombor_wlc_01-1-300x300.jpg 300w, https:\/\/d2p6e6u75xmxt8.cloudfront.net\/12\/2021\/12\/zsombor_wlc_01-1-150x150.jpg 150w\" sizes=\"auto, (max-width: 674px) 100vw, 674px\" \/><\/a><figcaption id=\"caption-attachment-13207\" class=\"wp-caption-text\">Zsombor fut\u00e1rkod\u00e1s k\u00f6zben szerette meg a v\u00e1rosi bicikliz\u00e9st.<\/figcaption><\/figure>\n<p>Miut\u00e1n abbahagytam a fut\u00e1rkod\u00e1st, megleptem magam egy orsz\u00e1g\u00fatival, ez egy szervizes ismer\u0151s\u00f6m \u00e1ltal innen-onnan \u00f6sszet\u00e1kolt Giant Defy 2 volt \u2014 els\u0151nek pont j\u00f3. Pehelyk\u00f6nny\u0171, vadul lehetett vele suhanni, 4 \u00f3ra 45 perc alatt megvolt vele \u00c9rd legtetej\u00e9r\u0151l Feh\u00e9rv\u00e1r oda-vissza, de sajnos nagyon r\u00f6vid ideig tartott a k\u00f6z\u00f6s sz\u00e1guldoz\u00e1s. Mind\u00f6ssze 2 h\u00f3nap, vagyis 1445 km ut\u00e1n \u00e9rt vele egy, a bic\u00f3 sz\u00e1m\u00e1ra majdhogynem v\u00e9gzetes baleset. \u00c9n meg\u00fasztam n\u00e9h\u00e1ny \u00f6lt\u00e9ssel \u00e9s 3 felejthet\u0151 \u00e9jszak\u00e1val a J\u00e1nos K\u00f3rh\u00e1zban. Lehet, hogy id\u0151vel egy \u00faj els\u0151 villa vagy ker\u00e9k beszerz\u00e9s\u00e9t k\u00f6vet\u0151en \u00fajra\u00e9p\u00edtem majd, ez m\u00e9g a j\u00f6v\u0151 zen\u00e9je.<\/p>\n<p><strong><em>Milyen biciklijeid vannak most?<\/em><\/strong><\/p>\n<p>A baleset okoz\u00f3ja a lehet\u0151 legkorrektebb m\u00f3don a k\u00e1rom \u00e9rt\u00e9k\u00e9t meghalad\u00f3 m\u00e9rt\u00e9kben k\u00e1rtalan\u00edtott, \u00edgy jutottam hozz\u00e1 a Trecikliben az az\u00f3ta els\u0151sz\u00e1m\u00fa Marla \u2019Red\u2019-hez, aki egy Marin Nicasio, teh\u00e1t Gravel\/CX bringa. Az az\u00f3ta eltelt 2 \u00e9vben m\u00e1r kb. 17.000 km beleker\u00fclt, megj\u00e1rtuk egy\u00fctt az olasz-szlov\u00e9n-horv\u00e1t tengerpart Monfalcone \u00e9s Novi Vinodolski k\u00f6zti szakasz\u00e1t, oda-vissza.<\/p>\n<p>Id\u00e9n, a 30. sz\u00fclinapom alkalm\u00e1b\u00f3l egy \u00fajabb taggal b\u0151v\u00fclt az ist\u00e1ll\u00f3: egy haverom megv\u00e1lt a nagy becsben tartott \u00e9s \u00e9rt\u0151 odafigyel\u00e9ssel saj\u00e1t maga \u00e1ltal \u00f6sszerakott Elan t\u00edpus\u00fa Holdsworth\u00e9t\u0151l, \u00fagyhogy egyb\u0151l lecsaptam r\u00e1. Az\u00f3ta \u0151, Lana a \u201etemplombaj\u00e1r\u00f3s\u201d paripa: csak j\u00f3 id\u0151ben, csak patikaaszfaltra viszem ki, amikor minden t\u00f6k\u00e9letes.<\/p>\n<p>\u00d6sszegezve teh\u00e1t, b\u00e1r sz\u00e1momra a \u201e<em>montihoz k\u00e9pest a gravel is orsz\u00e1g\u00fati\u201d<\/em>, a sz\u00f3 szerinti outis p\u00e1lyafut\u00e1som ny\u00falfarknyi ideig tartott, de minden perc\u00e9t im\u00e1dtam!<\/p>\n<p><strong><em>Sokan nem mernek, vagy nem szeretnek a v\u00e1rosban biciklizni, neked is voltak kezdetben fenntart\u00e1said? Hogyan gy\u0151zted le ezeket?<\/em><\/strong><\/p>\n<p>Ha voltak is fenntart\u00e1saim, vagy f\u00e9lelmeim a budapesti bring\u00e1z\u00e1ssal kapcsolatban, a fut\u00e1rkod\u00e1s mindent megoldott. Akiben van elhivatotts\u00e1g, \u00e9s hajtja valami, ami miatt minden viszontags\u00e1g ellen\u00e9re szeret tekerni, az 3-4 h\u00f3nap alatt belej\u00f6n \u00e9s azt\u00e1n csak egyre jobb \u00e9s jobb lesz. Nekem ennyi id\u0151 ut\u00e1n j\u00f6tt el az els\u0151 ny\u00e1r, amit elmondhatatlanul \u00e9lveztem! Egy \u00e9vvel k\u00e9s\u0151bb, 2016 nyar\u00e1n m\u00e1r 4 \u00f3r\u00e1sk\u00e9nt ott voltam a 8 \u00f3r\u00e1sok k\u00f6zt az augusztusi havi TOP10 list\u00e1n, aminek az \u00e1ra egy teljesen v\u00e9gigdolgozott, fesztiv\u00e1lmentes augusztus volt, de hihetetlen\u00fcl b\u00fcszk\u00e9v\u00e9 tett.<\/p>\n<p>Napi 100 km budapesti teker\u00e9s k\u00f6zben az ember minden f\u00e9lelm\u00e9t, fenntart\u00e1s\u00e1t, ellen\u00e9rz\u00e9s\u00e9t legy\u0171ri \u00e9s tapasztalatba, rutinba form\u00e1lja \u00e1t.<\/p>\n<p><strong><em>Mennyire tudsz rendszeresen elmenni tekerni? Hogyan \u00e9p\u00edted be a mindennapjaidba az edz\u00e9seket?<\/em><\/strong><\/p>\n<p>Az elm\u00falt 2-3 \u00e9vben a munk\u00e1m miatt a h\u00e9tk\u00f6znapokat \u00c9rden, a h\u00e9tv\u00e9g\u00e9ket Pesten t\u00f6lt\u00f6ttem. Ekkoriban hetente legal\u00e1bb egyszer oda-vissza letekerem az \u00c9rd-Bor\u00e1ros t\u00e9r t\u00e1vot. Befele 45, kifele 60 perc a szintid\u0151m. A napj\u00e1t nem tudom, mikor sz\u00e1lltam utolj\u00e1ra buszra, de ha belegondolok, ide a Bor\u00e1rosra nekem \u00c9rdr\u0151l t\u00f6megk\u00f6zleked\u00e9ssel bej\u00f6nni legal\u00e1bb k\u00e9t \u00e1tsz\u00e1ll\u00e1st jelent. Ez m\u00e1r gondolatban is t\u00f6bb, mint 45 perc. M\u00e1r eszembe sem jut, hogy m\u00e1shogy is j\u00f6hetn\u00e9k, mint biciklivel.<\/p>\n<p><a href=\"https:\/\/d2p6e6u75xmxt8.cloudfront.net\/12\/2021\/12\/zsombor_wlc_02.jpg\"><img loading=\"lazy\" decoding=\"async\" class=\"alignnone size-full wp-image-13206\" src=\"https:\/\/d2p6e6u75xmxt8.cloudfront.net\/12\/2021\/12\/zsombor_wlc_02.jpg\" alt=\"\" width=\"676\" height=\"507\" srcset=\"https:\/\/d2p6e6u75xmxt8.cloudfront.net\/12\/2021\/12\/zsombor_wlc_02.jpg 676w, https:\/\/d2p6e6u75xmxt8.cloudfront.net\/12\/2021\/12\/zsombor_wlc_02-300x225.jpg 300w\" sizes=\"auto, (max-width: 676px) 100vw, 676px\" \/><\/a><\/p>\n<p>Emellett van egy majdnem \u00e1lland\u00f3 jelleg\u0171, hagyom\u00e1nyos h\u00e9tv\u00e9gi t\u00far\u00e1nk a haverokkal: ez egy 50-60 km-es teker\u00e9s a Pilisben, aminek v\u00e9g\u00e1llom\u00e1sa a pilisv\u00f6r\u00f6sv\u00e1ri Rotburger S\u00f6rf\u0151zde. Ezen fel\u00fcl pedig, amit csak tudok, azt bring\u00e1val int\u00e9zek el. Mondanom sem kell, mennyi id\u0151t sp\u00f3rolok ezzel, nem besz\u00e9lve a k\u00f6rnyezet terhel\u00e9s\u00e9t\u0151l mentes helyv\u00e1ltoztat\u00e1sr\u00f3l.<\/p>\n<p><strong><em>Mi\u00e9rt d\u00f6nt\u00f6tt\u00e9l \u00fagy, hogy csatlakozol a novemberi kih\u00edv\u00e1shoz? Mit ad neked egy ilyen challenge?<\/em><\/strong><\/p>\n<p>Minden Strava Challenge-re benevezek, amit csak kisz\u00farok. Egyed\u00fcl a havi Gran Fondokkal gy\u0171lik meg a bajom, amikor \u00e9pp nem fut\u00e1rkod\u00e1ssal keresem a kenyerem. Sz\u00e1momra az\u00e9rt van \u00e9rtelme a rengeteg Challenge-nek, hogy ne csak tapasztalat \u00fatj\u00e1n ismerjem meg magam \u00e9s a k\u00e9pess\u00e9geim, hanem sz\u00e1mokban is l\u00e1ssam ezeket. 2017 szilveszter napj\u00e1n \u00fagy \u00fcltem otthon, hogy kb. 180 km hi\u00e1nyzott abban az \u00e9vben a 20.000 km-hez. Nem tudom le\u00edrni, mennyit gy\u00f6tr\u0151dtem aznap, hogy elmenjek-e m\u00e9g egy k\u00f6rre, de azt\u00e1n v\u00e9g\u00fcl nem tettem. Ellenben tavaly szilveszter napj\u00e1n az \u00f3ri\u00e1si bez\u00e1rk\u00f3z\u00e1s k\u00f6zepette letekertem az egyik legjobb bar\u00e1tomhoz Balatonfenyvesre. \u00c9rdr\u0151l ez pont 160 km, \u00edgy ez a kih\u00edv\u00e1s is megvolt, a ny\u00e1ri utak ut\u00e1n t\u00e9len is.<\/p>\n<p><strong><em>Milyen c\u00e9lokat t\u0171zt\u00e9l m\u00e9g ki magad el\u00e9 a k\u00f6zelj\u00f6v\u0151ben?<\/em><\/strong><\/p>\n<p>A legk\u00f6zelebbi bel\u00e1that\u00f3 c\u00e9l, az a 100.000 Strava-kilom\u00e9ter. \u00c9pp a napokban lett meg a 70.000, de ebben pl. nincs benne az eml\u00edtett adriai t\u00fara, ami kb. 1300 km volt, \u00e9s a fut\u00e1rkarrierem els\u0151 kicsit t\u00f6bb, mint f\u00e9l \u00e9ve sem. A marad\u00e9k 30.000-hez m\u00e9g legal\u00e1bb m\u00e1sf\u00e9l \u00e9vre sz\u00fcks\u00e9gem, ha minden j\u00f3l megy.<\/p>\n<p><strong><em>Van kedvenc \u00fatvonalad ak\u00e1r Budapesten, ak\u00e1r m\u00e1shol?<\/em><\/strong><\/p>\n<p>Miut\u00e1n l\u00e1ttam Szlov\u00e9ni\u00e1t, oda b\u00e1rmikor, b\u00e1rmennyi id\u0151re, ak\u00e1rh\u00e1nyszor visszamenn\u00e9k, \u00e9s erre buzd\u00edtok minden nagy t\u00far\u00e1z\u00f3st, akinek eddig Szlov\u00e9nia elker\u00fclte a l\u00e1t\u00f3ter\u00e9t! Egyszer\u0171en csod\u00e1latos, eg\u00e9szen mag\u00e1val ragad\u00f3!<\/p>\n","protected":false},"excerpt":{"rendered":"<p>Nem minden h\u0151s visel k\u00f6penyt: van, aki biciklisnadr\u00e1gban menti meg a vil\u00e1got. Strava klubunkban olyan teljes\u00edtm\u00e9nyeknek vagyunk szemtan\u00fai nap mint [&hellip;]<\/p>\n","protected":false},"author":71,"featured_media":14881,"comment_status":"open","ping_status":"open","sticky":false,"template":"","format":"standard","meta":{"footnotes":""},"categories":[467],"tags":[],"global-categories":[],"class_list":["post-13202","post","type-post","status-publish","format-standard","has-post-thumbnail","hentry","category-wlc-heroes"],"yoast_head":"<!-- This site is optimized with the Yoast SEO Premium plugin v25.3 (Yoast SEO v25.9) - https:\/\/yoast.com\/wordpress\/plugins\/seo\/ -->\n<title>A bring\u00e1z\u00e1s h\u0151sei: Hal\u00e1sz Zsombor bebizony\u00edtja, hogy Budapesten is lehet - \u0160koda We Love Cycling - Magyarorsz\u00e1g<\/title>\n<meta name=\"robots\" content=\"index, follow, max-snippet:-1, max-image-preview:large, max-video-preview:-1\" \/>\n<link rel=\"canonical\" href=\"https:\/\/www.welovecycling.com\/hu\/wlc-heroes\/a-bringazas-hosei-halasz-zsombor-bebizonyitja-hogy-budapesten-is-lehet\/\" \/>\n<meta property=\"og:locale\" content=\"hu_HU\" \/>\n<meta property=\"og:type\" content=\"article\" \/>\n<meta property=\"og:title\" content=\"A bring\u00e1z\u00e1s h\u0151sei: Hal\u00e1sz Zsombor bebizony\u00edtja, hogy Budapesten is lehet\" \/>\n<meta property=\"og:description\" content=\"Nem minden h\u0151s visel k\u00f6penyt: van, aki biciklisnadr\u00e1gban menti meg a vil\u00e1got. Strava klubunkban olyan teljes\u00edtm\u00e9nyeknek vagyunk szemtan\u00fai nap mint [&hellip;]\" \/>\n<meta property=\"og:url\" content=\"https:\/\/www.welovecycling.com\/hu\/wlc-heroes\/a-bringazas-hosei-halasz-zsombor-bebizonyitja-hogy-budapesten-is-lehet\/\" \/>\n<meta property=\"og:site_name\" content=\"\u0160koda We Love Cycling - Magyarorsz\u00e1g\" \/>\n<meta property=\"article:publisher\" content=\"https:\/\/www.facebook.com\/WeLoveCyclingHungary\/\" \/>\n<meta property=\"article:published_time\" content=\"2021-12-20T06:00:09+00:00\" \/>\n<meta property=\"article:modified_time\" content=\"2022-05-03T13:33:38+00:00\" \/>\n<meta property=\"og:image\" content=\"https:\/\/d2p6e6u75xmxt8.cloudfront.net\/12\/2021\/12\/HALASZ_ZSOMBOR_1200x630_FB_simple.png\" \/>\n\t<meta property=\"og:image:width\" content=\"1200\" \/>\n\t<meta property=\"og:image:height\" content=\"630\" \/>\n\t<meta property=\"og:image:type\" content=\"image\/png\" \/>\n<meta name=\"author\" content=\"hegyizs\" \/>\n<meta name=\"twitter:card\" content=\"summary_large_image\" \/>\n<meta name=\"twitter:label1\" content=\"Written by\" \/>\n\t<meta name=\"twitter:data1\" content=\"WLC\" \/>\n\t<meta name=\"twitter:label2\" content=\"Est. reading time\" \/>\n\t<meta name=\"twitter:data2\" content=\"7 minutes\" \/>\n<script type=\"application\/ld+json\" class=\"yoast-schema-graph\">{\"@context\":\"https:\/\/schema.org\",\"@graph\":[{\"@type\":\"WebPage\",\"@id\":\"https:\/\/www.welovecycling.com\/hu\/wlc-heroes\/a-bringazas-hosei-halasz-zsombor-bebizonyitja-hogy-budapesten-is-lehet\/\",\"url\":\"https:\/\/www.welovecycling.com\/hu\/wlc-heroes\/a-bringazas-hosei-halasz-zsombor-bebizonyitja-hogy-budapesten-is-lehet\/\",\"name\":\"A bring\u00e1z\u00e1s h\u0151sei: Hal\u00e1sz Zsombor bebizony\u00edtja, hogy Budapesten is lehet - \u0160koda We Love Cycling - Magyarorsz\u00e1g\",\"isPartOf\":{\"@id\":\"https:\/\/www.welovecycling.com\/hu\/#website\"},\"primaryImageOfPage\":{\"@id\":\"https:\/\/www.welovecycling.com\/hu\/wlc-heroes\/a-bringazas-hosei-halasz-zsombor-bebizonyitja-hogy-budapesten-is-lehet\/#primaryimage\"},\"image\":{\"@id\":\"https:\/\/www.welovecycling.com\/hu\/wlc-heroes\/a-bringazas-hosei-halasz-zsombor-bebizonyitja-hogy-budapesten-is-lehet\/#primaryimage\"},\"thumbnailUrl\":\"https:\/\/d2p6e6u75xmxt8.cloudfront.net\/12\/2021\/12\/WLCHEROES_HALASZ_ZSOMBOR_990x660_CIKK_UJ_JO.png\",\"datePublished\":\"2021-12-20T06:00:09+00:00\",\"dateModified\":\"2022-05-03T13:33:38+00:00\",\"author\":{\"@id\":\"https:\/\/www.welovecycling.com\/hu\/#\/schema\/person\/414a2aebf1801691a5320edb6468e194\"},\"breadcrumb\":{\"@id\":\"https:\/\/www.welovecycling.com\/hu\/wlc-heroes\/a-bringazas-hosei-halasz-zsombor-bebizonyitja-hogy-budapesten-is-lehet\/#breadcrumb\"},\"inLanguage\":\"hu\",\"potentialAction\":[{\"@type\":\"ReadAction\",\"target\":[\"https:\/\/www.welovecycling.com\/hu\/wlc-heroes\/a-bringazas-hosei-halasz-zsombor-bebizonyitja-hogy-budapesten-is-lehet\/\"]}]},{\"@type\":\"ImageObject\",\"inLanguage\":\"hu\",\"@id\":\"https:\/\/www.welovecycling.com\/hu\/wlc-heroes\/a-bringazas-hosei-halasz-zsombor-bebizonyitja-hogy-budapesten-is-lehet\/#primaryimage\",\"url\":\"https:\/\/d2p6e6u75xmxt8.cloudfront.net\/12\/2021\/12\/WLCHEROES_HALASZ_ZSOMBOR_990x660_CIKK_UJ_JO.png\",\"contentUrl\":\"https:\/\/d2p6e6u75xmxt8.cloudfront.net\/12\/2021\/12\/WLCHEROES_HALASZ_ZSOMBOR_990x660_CIKK_UJ_JO.png\",\"width\":990,\"height\":660},{\"@type\":\"BreadcrumbList\",\"@id\":\"https:\/\/www.welovecycling.com\/hu\/wlc-heroes\/a-bringazas-hosei-halasz-zsombor-bebizonyitja-hogy-budapesten-is-lehet\/#breadcrumb\",\"itemListElement\":[{\"@type\":\"ListItem\",\"position\":1,\"name\":\"Home\",\"item\":\"https:\/\/www.welovecycling.com\/hu\/\"},{\"@type\":\"ListItem\",\"position\":2,\"name\":\"A bring\u00e1z\u00e1s h\u0151sei: Hal\u00e1sz Zsombor bebizony\u00edtja, hogy Budapesten is lehet\"}]},{\"@type\":\"WebSite\",\"@id\":\"https:\/\/www.welovecycling.com\/hu\/#website\",\"url\":\"https:\/\/www.welovecycling.com\/hu\/\",\"name\":\"\u0160koda We Love Cycling - Magyarorsz\u00e1g\",\"description\":\"\u0160koda WeLoveCycling\",\"potentialAction\":[{\"@type\":\"SearchAction\",\"target\":{\"@type\":\"EntryPoint\",\"urlTemplate\":\"https:\/\/www.welovecycling.com\/hu\/?s={search_term_string}\"},\"query-input\":{\"@type\":\"PropertyValueSpecification\",\"valueRequired\":true,\"valueName\":\"search_term_string\"}}],\"inLanguage\":\"hu\"},{\"@type\":\"Person\",\"@id\":\"https:\/\/www.welovecycling.com\/hu\/#\/schema\/person\/414a2aebf1801691a5320edb6468e194\",\"name\":\"hegyizs\",\"image\":{\"@type\":\"ImageObject\",\"inLanguage\":\"hu\",\"@id\":\"https:\/\/www.welovecycling.com\/hu\/#\/schema\/person\/image\/\",\"url\":\"https:\/\/secure.gravatar.com\/avatar\/02cf8a7906b8cf90cecb4679defac7cfd33a1c2e3b88e4903d947f3bb58eedd3?s=96&d=mm&r=g\",\"contentUrl\":\"https:\/\/secure.gravatar.com\/avatar\/02cf8a7906b8cf90cecb4679defac7cfd33a1c2e3b88e4903d947f3bb58eedd3?s=96&d=mm&r=g\",\"caption\":\"hegyizs\"},\"url\":\"https:\/\/www.welovecycling.com\/hu\/author\/hegyizs\/\"}]}<\/script>\n<!-- \/ Yoast SEO Premium plugin. -->","yoast_head_json":{"title":"A bring\u00e1z\u00e1s h\u0151sei: Hal\u00e1sz Zsombor bebizony\u00edtja, hogy Budapesten is lehet - \u0160koda We Love Cycling - Magyarorsz\u00e1g","robots":{"index":"index","follow":"follow","max-snippet":"max-snippet:-1","max-image-preview":"max-image-preview:large","max-video-preview":"max-video-preview:-1"},"canonical":"https:\/\/www.welovecycling.com\/hu\/wlc-heroes\/a-bringazas-hosei-halasz-zsombor-bebizonyitja-hogy-budapesten-is-lehet\/","og_locale":"hu_HU","og_type":"article","og_title":"A bring\u00e1z\u00e1s h\u0151sei: Hal\u00e1sz Zsombor bebizony\u00edtja, hogy Budapesten is lehet","og_description":"Nem minden h\u0151s visel k\u00f6penyt: van, aki biciklisnadr\u00e1gban menti meg a vil\u00e1got. Strava klubunkban olyan teljes\u00edtm\u00e9nyeknek vagyunk szemtan\u00fai nap mint [&hellip;]","og_url":"https:\/\/www.welovecycling.com\/hu\/wlc-heroes\/a-bringazas-hosei-halasz-zsombor-bebizonyitja-hogy-budapesten-is-lehet\/","og_site_name":"\u0160koda We Love Cycling - Magyarorsz\u00e1g","article_publisher":"https:\/\/www.facebook.com\/WeLoveCyclingHungary\/","article_published_time":"2021-12-20T06:00:09+00:00","article_modified_time":"2022-05-03T13:33:38+00:00","og_image":[{"width":1200,"height":630,"url":"https:\/\/d2p6e6u75xmxt8.cloudfront.net\/12\/2021\/12\/HALASZ_ZSOMBOR_1200x630_FB_simple.png","type":"image\/png"}],"author":"hegyizs","twitter_card":"summary_large_image","twitter_misc":{"Written by":"WLC","Est. reading time":"7 minutes"},"schema":{"@context":"https:\/\/schema.org","@graph":[{"@type":"WebPage","@id":"https:\/\/www.welovecycling.com\/hu\/wlc-heroes\/a-bringazas-hosei-halasz-zsombor-bebizonyitja-hogy-budapesten-is-lehet\/","url":"https:\/\/www.welovecycling.com\/hu\/wlc-heroes\/a-bringazas-hosei-halasz-zsombor-bebizonyitja-hogy-budapesten-is-lehet\/","name":"A bring\u00e1z\u00e1s h\u0151sei: Hal\u00e1sz Zsombor bebizony\u00edtja, hogy Budapesten is lehet - \u0160koda We Love Cycling - Magyarorsz\u00e1g","isPartOf":{"@id":"https:\/\/www.welovecycling.com\/hu\/#website"},"primaryImageOfPage":{"@id":"https:\/\/www.welovecycling.com\/hu\/wlc-heroes\/a-bringazas-hosei-halasz-zsombor-bebizonyitja-hogy-budapesten-is-lehet\/#primaryimage"},"image":{"@id":"https:\/\/www.welovecycling.com\/hu\/wlc-heroes\/a-bringazas-hosei-halasz-zsombor-bebizonyitja-hogy-budapesten-is-lehet\/#primaryimage"},"thumbnailUrl":"https:\/\/d2p6e6u75xmxt8.cloudfront.net\/12\/2021\/12\/WLCHEROES_HALASZ_ZSOMBOR_990x660_CIKK_UJ_JO.png","datePublished":"2021-12-20T06:00:09+00:00","dateModified":"2022-05-03T13:33:38+00:00","author":{"@id":"https:\/\/www.welovecycling.com\/hu\/#\/schema\/person\/414a2aebf1801691a5320edb6468e194"},"breadcrumb":{"@id":"https:\/\/www.welovecycling.com\/hu\/wlc-heroes\/a-bringazas-hosei-halasz-zsombor-bebizonyitja-hogy-budapesten-is-lehet\/#breadcrumb"},"inLanguage":"hu","potentialAction":[{"@type":"ReadAction","target":["https:\/\/www.welovecycling.com\/hu\/wlc-heroes\/a-bringazas-hosei-halasz-zsombor-bebizonyitja-hogy-budapesten-is-lehet\/"]}]},{"@type":"ImageObject","inLanguage":"hu","@id":"https:\/\/www.welovecycling.com\/hu\/wlc-heroes\/a-bringazas-hosei-halasz-zsombor-bebizonyitja-hogy-budapesten-is-lehet\/#primaryimage","url":"https:\/\/d2p6e6u75xmxt8.cloudfront.net\/12\/2021\/12\/WLCHEROES_HALASZ_ZSOMBOR_990x660_CIKK_UJ_JO.png","contentUrl":"https:\/\/d2p6e6u75xmxt8.cloudfront.net\/12\/2021\/12\/WLCHEROES_HALASZ_ZSOMBOR_990x660_CIKK_UJ_JO.png","width":990,"height":660},{"@type":"BreadcrumbList","@id":"https:\/\/www.welovecycling.com\/hu\/wlc-heroes\/a-bringazas-hosei-halasz-zsombor-bebizonyitja-hogy-budapesten-is-lehet\/#breadcrumb","itemListElement":[{"@type":"ListItem","position":1,"name":"Home","item":"https:\/\/www.welovecycling.com\/hu\/"},{"@type":"ListItem","position":2,"name":"A bring\u00e1z\u00e1s h\u0151sei: Hal\u00e1sz Zsombor bebizony\u00edtja, hogy Budapesten is lehet"}]},{"@type":"WebSite","@id":"https:\/\/www.welovecycling.com\/hu\/#website","url":"https:\/\/www.welovecycling.com\/hu\/","name":"\u0160koda We Love Cycling - Magyarorsz\u00e1g","description":"\u0160koda WeLoveCycling","potentialAction":[{"@type":"SearchAction","target":{"@type":"EntryPoint","urlTemplate":"https:\/\/www.welovecycling.com\/hu\/?s={search_term_string}"},"query-input":{"@type":"PropertyValueSpecification","valueRequired":true,"valueName":"search_term_string"}}],"inLanguage":"hu"},{"@type":"Person","@id":"https:\/\/www.welovecycling.com\/hu\/#\/schema\/person\/414a2aebf1801691a5320edb6468e194","name":"hegyizs","image":{"@type":"ImageObject","inLanguage":"hu","@id":"https:\/\/www.welovecycling.com\/hu\/#\/schema\/person\/image\/","url":"https:\/\/secure.gravatar.com\/avatar\/02cf8a7906b8cf90cecb4679defac7cfd33a1c2e3b88e4903d947f3bb58eedd3?s=96&d=mm&r=g","contentUrl":"https:\/\/secure.gravatar.com\/avatar\/02cf8a7906b8cf90cecb4679defac7cfd33a1c2e3b88e4903d947f3bb58eedd3?s=96&d=mm&r=g","caption":"hegyizs"},"url":"https:\/\/www.welovecycling.com\/hu\/author\/hegyizs\/"}]}},"_links":{"self":[{"href":"https:\/\/www.welovecycling.com\/hu\/wp-json\/wp\/v2\/posts\/13202","targetHints":{"allow":["GET"]}}],"collection":[{"href":"https:\/\/www.welovecycling.com\/hu\/wp-json\/wp\/v2\/posts"}],"about":[{"href":"https:\/\/www.welovecycling.com\/hu\/wp-json\/wp\/v2\/types\/post"}],"author":[{"embeddable":true,"href":"https:\/\/www.welovecycling.com\/hu\/wp-json\/wp\/v2\/users\/71"}],"replies":[{"embeddable":true,"href":"https:\/\/www.welovecycling.com\/hu\/wp-json\/wp\/v2\/comments?post=13202"}],"version-history":[{"count":1,"href":"https:\/\/www.welovecycling.com\/hu\/wp-json\/wp\/v2\/posts\/13202\/revisions"}],"predecessor-version":[{"id":13208,"href":"https:\/\/www.welovecycling.com\/hu\/wp-json\/wp\/v2\/posts\/13202\/revisions\/13208"}],"wp:featuredmedia":[{"embeddable":true,"href":"https:\/\/www.welovecycling.com\/hu\/wp-json\/wp\/v2\/media\/14881"}],"wp:attachment":[{"href":"https:\/\/www.welovecycling.com\/hu\/wp-json\/wp\/v2\/media?parent=13202"}],"wp:term":[{"taxonomy":"category","embeddable":true,"href":"https:\/\/www.welovecycling.com\/hu\/wp-json\/wp\/v2\/categories?post=13202"},{"taxonomy":"post_tag","embeddable":true,"href":"https:\/\/www.welovecycling.com\/hu\/wp-json\/wp\/v2\/tags?post=13202"},{"taxonomy":"global-categories","embeddable":true,"href":"https:\/\/www.welovecycling.com\/hu\/wp-json\/wp\/v2\/global-categories?post=13202"}],"curies":[{"name":"wp","href":"https:\/\/api.w.org\/{rel}","templated":true}]}}