{"id":13170,"date":"2021-12-18T08:00:31","date_gmt":"2021-12-18T06:00:31","guid":{"rendered":"https:\/\/www.welovecycling.com\/hu\/?p=13170"},"modified":"2021-12-13T15:51:11","modified_gmt":"2021-12-13T13:51:11","slug":"az-5-legrosszabb-bicikliut-szlovakiaban","status":"publish","type":"post","link":"https:\/\/www.welovecycling.com\/hu\/varosi-kerekparozas\/az-5-legrosszabb-bicikliut-szlovakiaban\/","title":{"rendered":"Az 5 legrosszabb bicikli\u00fat Szlov\u00e1ki\u00e1ban"},"content":{"rendered":"<p><strong>Nem sokkal ezel\u0151tt a We Love Cycling szlov\u00e1k k\u00e9pviselete mer\u00e9sz c\u00e9lt t\u0171z\u00f6tt ki maga el\u00e9: \u00f6sszegy\u0171jteni az orsz\u00e1g legrosszabb bringa\u00fatjait! Egy t\u00f6bb r\u00e9gi\u00f3ban is megval\u00f3sul\u00f3 kamp\u00e1ny r\u00e9szek\u00e9nt \u00e1llhatott \u00f6ssze az al\u00e1bbi gal\u00e9ria, mely a haszn\u00e1lhatatlan ker\u00e9kp\u00e1rutak \u00e1llapot\u00e1ra h\u00edvja fel a figyelmet. Jobb utakat akarunk! De addig is, nevess\u00fcnk a rosszakon!<\/strong><\/p>\n<p><!--more--><\/p>\n<p>2019 \u00f3ta sz\u00e1mos v\u00e1ltoz\u00e1s ment v\u00e9gbe a vil\u00e1gban, \u00e9rthet\u0151 okokb\u00f3l, a ker\u00e9kp\u00e1roz\u00e1s azonban egy olyan ter\u00fclet, aminek j\u00f3t tett a j\u00e1rv\u00e1ny. 2020 elej\u00e9n Szlov\u00e1kia kerekesei \u00f6r\u00f6mmel hallhatt\u00e1k, hogy a frekvent\u00e1lt \u00e9s fest\u0151i sz\u00e9ps\u00e9g\u0171, 100 km hossz\u00fa ker\u00e9kp\u00e1r\u00fat 21 kilom\u00e9teres szakasz\u00e1n jelent\u0151s fel\u00faj\u00edt\u00e1st terveznek. A szlov\u00e1k minisztereln\u00f6k a k\u00f6zelm\u00faltban azt is bejelentette, hogy 105,1 milli\u00f3 eur\u00f3t sz\u00e1nnak a ker\u00e9kp\u00e1ros infrastrukt\u00fara ki\u00e9p\u00edt\u00e9s\u00e9re \u00e9s fel\u00faj\u00edt\u00e1s\u00e1ra orsz\u00e1gszerte, bele\u00e9rtve mintegy 5000 ker\u00e9kp\u00e1rparkol\u00f3 kialak\u00edt\u00e1s\u00e1t, f\u0151k\u00e9nt a vas\u00fat\u00e1llom\u00e1sok mellett. Rem\u00e9lj\u00fck az al\u00e1bbi gal\u00e9ria is a tervezett fel\u00faj\u00edt\u00e1sok r\u00e9sz\u00e9v\u00e9 v\u00e1lik!<\/p>\n<h2><strong>1. Minden vil\u00e1gos, k\u00f6szi<\/strong><\/h2>\n<figure id=\"attachment_13171\" aria-describedby=\"caption-attachment-13171\" style=\"width: 720px\" class=\"wp-caption alignnone\"><a href=\"https:\/\/d2p6e6u75xmxt8.cloudfront.net\/12\/2021\/12\/BanskaBystrica.jpg\"><img loading=\"lazy\" decoding=\"async\" class=\"size-full wp-image-13171\" src=\"https:\/\/d2p6e6u75xmxt8.cloudfront.net\/12\/2021\/12\/BanskaBystrica.jpg\" alt=\"Banska Bystrica cycle lane\" width=\"720\" height=\"720\" srcset=\"https:\/\/d2p6e6u75xmxt8.cloudfront.net\/12\/2021\/12\/BanskaBystrica.jpg 720w, https:\/\/d2p6e6u75xmxt8.cloudfront.net\/12\/2021\/12\/BanskaBystrica-300x300.jpg 300w, https:\/\/d2p6e6u75xmxt8.cloudfront.net\/12\/2021\/12\/BanskaBystrica-150x150.jpg 150w\" sizes=\"auto, (max-width: 720px) 100vw, 720px\" \/><\/a><figcaption id=\"caption-attachment-13171\" class=\"wp-caption-text\">Bansk\u00e1 Bystrica<\/figcaption><\/figure>\n<h2><strong>2.\u00a0Itt \u00fagysem m\u00e9sz \u00e1t!<\/strong><\/h2>\n<figure id=\"attachment_13172\" aria-describedby=\"caption-attachment-13172\" style=\"width: 720px\" class=\"wp-caption alignnone\"><a href=\"https:\/\/d2p6e6u75xmxt8.cloudfront.net\/12\/2021\/12\/MadeinSlovakia_6118c1d15ca61.jpg\"><img loading=\"lazy\" decoding=\"async\" class=\"wp-image-13172\" src=\"https:\/\/d2p6e6u75xmxt8.cloudfront.net\/12\/2021\/12\/MadeinSlovakia_6118c1d15ca61.jpg\" alt=\"Slovakia cycle lane\" width=\"720\" height=\"720\" srcset=\"https:\/\/d2p6e6u75xmxt8.cloudfront.net\/12\/2021\/12\/MadeinSlovakia_6118c1d15ca61.jpg 810w, https:\/\/d2p6e6u75xmxt8.cloudfront.net\/12\/2021\/12\/MadeinSlovakia_6118c1d15ca61-300x300.jpg 300w, https:\/\/d2p6e6u75xmxt8.cloudfront.net\/12\/2021\/12\/MadeinSlovakia_6118c1d15ca61-150x150.jpg 150w, https:\/\/d2p6e6u75xmxt8.cloudfront.net\/12\/2021\/12\/MadeinSlovakia_6118c1d15ca61-768x768.jpg 768w\" sizes=\"auto, (max-width: 720px) 100vw, 720px\" \/><\/a><figcaption id=\"caption-attachment-13172\" class=\"wp-caption-text\">Szlov\u00e1kia<\/figcaption><\/figure>\n<h2><strong>3. \u00dat a vadonba<\/strong><\/h2>\n<figure id=\"attachment_13173\" aria-describedby=\"caption-attachment-13173\" style=\"width: 720px\" class=\"wp-caption alignnone\"><a href=\"https:\/\/d2p6e6u75xmxt8.cloudfront.net\/12\/2021\/12\/EuroVelo-Cycle-lane.jpg\"><img loading=\"lazy\" decoding=\"async\" class=\"size-full wp-image-13173\" src=\"https:\/\/d2p6e6u75xmxt8.cloudfront.net\/12\/2021\/12\/EuroVelo-Cycle-lane.jpg\" alt=\"EuroV\u00e9lo Cycle Path\" width=\"720\" height=\"720\" srcset=\"https:\/\/d2p6e6u75xmxt8.cloudfront.net\/12\/2021\/12\/EuroVelo-Cycle-lane.jpg 720w, https:\/\/d2p6e6u75xmxt8.cloudfront.net\/12\/2021\/12\/EuroVelo-Cycle-lane-300x300.jpg 300w, https:\/\/d2p6e6u75xmxt8.cloudfront.net\/12\/2021\/12\/EuroVelo-Cycle-lane-150x150.jpg 150w\" sizes=\"auto, (max-width: 720px) 100vw, 720px\" \/><\/a><figcaption id=\"caption-attachment-13173\" class=\"wp-caption-text\">Kravany nad Dunajom<\/figcaption><\/figure>\n<h2><strong>4. Mit akartok, teljesen \u00faj!<\/strong><\/h2>\n<figure id=\"attachment_13174\" aria-describedby=\"caption-attachment-13174\" style=\"width: 720px\" class=\"wp-caption alignnone\"><a href=\"https:\/\/d2p6e6u75xmxt8.cloudfront.net\/12\/2021\/12\/BrandnewbikepathinBratislava-Slovakia._6118c3346204b.jpg\"><img loading=\"lazy\" decoding=\"async\" class=\"size-full wp-image-13174\" src=\"https:\/\/d2p6e6u75xmxt8.cloudfront.net\/12\/2021\/12\/BrandnewbikepathinBratislava-Slovakia._6118c3346204b.jpg\" alt=\"Bratislava cycle path\" width=\"720\" height=\"720\" srcset=\"https:\/\/d2p6e6u75xmxt8.cloudfront.net\/12\/2021\/12\/BrandnewbikepathinBratislava-Slovakia._6118c3346204b.jpg 720w, https:\/\/d2p6e6u75xmxt8.cloudfront.net\/12\/2021\/12\/BrandnewbikepathinBratislava-Slovakia._6118c3346204b-300x300.jpg 300w, https:\/\/d2p6e6u75xmxt8.cloudfront.net\/12\/2021\/12\/BrandnewbikepathinBratislava-Slovakia._6118c3346204b-150x150.jpg 150w\" sizes=\"auto, (max-width: 720px) 100vw, 720px\" \/><\/a><figcaption id=\"caption-attachment-13174\" class=\"wp-caption-text\">Pozsony<\/figcaption><\/figure>\n<h2><strong>5. Akarsz n\u00e9zni egy filmet?<\/strong><\/h2>\n<figure id=\"attachment_13175\" aria-describedby=\"caption-attachment-13175\" style=\"width: 720px\" class=\"wp-caption alignnone\"><a href=\"https:\/\/d2p6e6u75xmxt8.cloudfront.net\/12\/2021\/12\/Bratislava.jpg\"><img loading=\"lazy\" decoding=\"async\" class=\"wp-image-13175 size-full\" src=\"https:\/\/d2p6e6u75xmxt8.cloudfront.net\/12\/2021\/12\/Bratislava.jpg\" alt=\"Bratislava cycle lane\" width=\"720\" height=\"720\" srcset=\"https:\/\/d2p6e6u75xmxt8.cloudfront.net\/12\/2021\/12\/Bratislava.jpg 720w, https:\/\/d2p6e6u75xmxt8.cloudfront.net\/12\/2021\/12\/Bratislava-300x300.jpg 300w, https:\/\/d2p6e6u75xmxt8.cloudfront.net\/12\/2021\/12\/Bratislava-150x150.jpg 150w\" sizes=\"auto, (max-width: 720px) 100vw, 720px\" \/><\/a><figcaption id=\"caption-attachment-13175\" class=\"wp-caption-text\">Bratislava<\/figcaption><\/figure>\n","protected":false},"excerpt":{"rendered":"<p>Nem sokkal ezel\u0151tt a We Love Cycling szlov\u00e1k k\u00e9pviselete mer\u00e9sz c\u00e9lt t\u0171z\u00f6tt ki maga el\u00e9: \u00f6sszegy\u0171jteni az orsz\u00e1g legrosszabb bringa\u00fatjait! [&hellip;]<\/p>\n","protected":false},"author":71,"featured_media":13177,"comment_status":"closed","ping_status":"closed","sticky":false,"template":"","format":"standard","meta":{"footnotes":""},"categories":[9],"tags":[],"global-categories":[],"class_list":["post-13170","post","type-post","status-publish","format-standard","has-post-thumbnail","hentry","category-varosi-kerekparozas"],"yoast_head":"<!-- This site is optimized with the Yoast SEO Premium plugin v25.3 (Yoast SEO v25.9) - https:\/\/yoast.com\/wordpress\/plugins\/seo\/ -->\n<title>Az 5 legrosszabb bicikli\u00fat Szlov\u00e1ki\u00e1ban<\/title>\n<meta name=\"description\" content=\"Nem sokkal ezel\u0151tt a We Love Cycling szlov\u00e1k k\u00e9pviselete mer\u00e9sz c\u00e9lt t\u0171z\u00f6tt ki maga el\u00e9: \u00f6sszegy\u0171jteni az orsz\u00e1g legrosszabb bringa\u00fatjait! Egy t\u00f6bb r\u00e9gi\u00f3ban is megval\u00f3sul\u00f3 kamp\u00e1ny r\u00e9szek\u00e9nt \u00e1llhatott \u00f6ssze az al\u00e1bbi gal\u00e9ria, mely a haszn\u00e1lhatatlan ker\u00e9kp\u00e1rutak \u00e1llapot\u00e1ra h\u00edvja fel a figyelmet. Jobb utakat akarunk! De addig is, nevess\u00fcnk a rosszakon!\" \/>\n<meta name=\"robots\" content=\"index, follow, max-snippet:-1, max-image-preview:large, max-video-preview:-1\" \/>\n<link rel=\"canonical\" href=\"https:\/\/www.welovecycling.com\/hu\/varosi-kerekparozas\/az-5-legrosszabb-bicikliut-szlovakiaban\/\" \/>\n<meta property=\"og:locale\" content=\"hu_HU\" \/>\n<meta property=\"og:type\" content=\"article\" \/>\n<meta property=\"og:title\" content=\"Az 5 legrosszabb bicikli\u00fat Szlov\u00e1ki\u00e1ban\" \/>\n<meta property=\"og:description\" content=\"Nem sokkal ezel\u0151tt a We Love Cycling szlov\u00e1k k\u00e9pviselete mer\u00e9sz c\u00e9lt t\u0171z\u00f6tt ki maga el\u00e9: \u00f6sszegy\u0171jteni az orsz\u00e1g legrosszabb bringa\u00fatjait! Egy t\u00f6bb r\u00e9gi\u00f3ban is megval\u00f3sul\u00f3 kamp\u00e1ny r\u00e9szek\u00e9nt \u00e1llhatott \u00f6ssze az al\u00e1bbi gal\u00e9ria, mely a haszn\u00e1lhatatlan ker\u00e9kp\u00e1rutak \u00e1llapot\u00e1ra h\u00edvja fel a figyelmet. Jobb utakat akarunk! De addig is, nevess\u00fcnk a rosszakon!\" \/>\n<meta property=\"og:url\" content=\"https:\/\/www.welovecycling.com\/hu\/varosi-kerekparozas\/az-5-legrosszabb-bicikliut-szlovakiaban\/\" \/>\n<meta property=\"og:site_name\" content=\"\u0160koda We Love Cycling - Magyarorsz\u00e1g\" \/>\n<meta property=\"article:publisher\" content=\"https:\/\/www.facebook.com\/WeLoveCyclingHungary\/\" \/>\n<meta property=\"article:published_time\" content=\"2021-12-18T06:00:31+00:00\" \/>\n<meta property=\"og:image\" content=\"https:\/\/d2p6e6u75xmxt8.cloudfront.net\/12\/2021\/12\/Bystrica-Cycle-Lane-CVR.jpg\" \/>\n\t<meta property=\"og:image:width\" content=\"1366\" \/>\n\t<meta property=\"og:image:height\" content=\"600\" \/>\n\t<meta property=\"og:image:type\" content=\"image\/jpeg\" \/>\n<meta name=\"author\" content=\"hegyizs\" \/>\n<meta name=\"twitter:card\" content=\"summary_large_image\" \/>\n<meta name=\"twitter:label1\" content=\"Written by\" \/>\n\t<meta name=\"twitter:data1\" content=\"WeLoveCycling\" \/>\n\t<meta name=\"twitter:label2\" content=\"Est. reading time\" \/>\n\t<meta name=\"twitter:data2\" content=\"5\" \/>\n<script type=\"application\/ld+json\" class=\"yoast-schema-graph\">{\"@context\":\"https:\/\/schema.org\",\"@graph\":[{\"@type\":\"WebPage\",\"@id\":\"https:\/\/www.welovecycling.com\/hu\/varosi-kerekparozas\/az-5-legrosszabb-bicikliut-szlovakiaban\/\",\"url\":\"https:\/\/www.welovecycling.com\/hu\/varosi-kerekparozas\/az-5-legrosszabb-bicikliut-szlovakiaban\/\",\"name\":\"Az 5 legrosszabb bicikli\u00fat Szlov\u00e1ki\u00e1ban\",\"isPartOf\":{\"@id\":\"https:\/\/www.welovecycling.com\/hu\/#website\"},\"primaryImageOfPage\":{\"@id\":\"https:\/\/www.welovecycling.com\/hu\/varosi-kerekparozas\/az-5-legrosszabb-bicikliut-szlovakiaban\/#primaryimage\"},\"image\":{\"@id\":\"https:\/\/www.welovecycling.com\/hu\/varosi-kerekparozas\/az-5-legrosszabb-bicikliut-szlovakiaban\/#primaryimage\"},\"thumbnailUrl\":\"https:\/\/d2p6e6u75xmxt8.cloudfront.net\/12\/2021\/12\/Bystrica-Cycle-Lane-CVR.jpg\",\"datePublished\":\"2021-12-18T06:00:31+00:00\",\"author\":{\"@id\":\"https:\/\/www.welovecycling.com\/hu\/#\/schema\/person\/414a2aebf1801691a5320edb6468e194\"},\"description\":\"Nem sokkal ezel\u0151tt a We Love Cycling szlov\u00e1k k\u00e9pviselete mer\u00e9sz c\u00e9lt t\u0171z\u00f6tt ki maga el\u00e9: \u00f6sszegy\u0171jteni az orsz\u00e1g legrosszabb bringa\u00fatjait! Egy t\u00f6bb r\u00e9gi\u00f3ban is megval\u00f3sul\u00f3 kamp\u00e1ny r\u00e9szek\u00e9nt \u00e1llhatott \u00f6ssze az al\u00e1bbi gal\u00e9ria, mely a haszn\u00e1lhatatlan ker\u00e9kp\u00e1rutak \u00e1llapot\u00e1ra h\u00edvja fel a figyelmet. Jobb utakat akarunk! De addig is, nevess\u00fcnk a rosszakon!\",\"breadcrumb\":{\"@id\":\"https:\/\/www.welovecycling.com\/hu\/varosi-kerekparozas\/az-5-legrosszabb-bicikliut-szlovakiaban\/#breadcrumb\"},\"inLanguage\":\"hu\",\"potentialAction\":[{\"@type\":\"ReadAction\",\"target\":[\"https:\/\/www.welovecycling.com\/hu\/varosi-kerekparozas\/az-5-legrosszabb-bicikliut-szlovakiaban\/\"]}]},{\"@type\":\"ImageObject\",\"inLanguage\":\"hu\",\"@id\":\"https:\/\/www.welovecycling.com\/hu\/varosi-kerekparozas\/az-5-legrosszabb-bicikliut-szlovakiaban\/#primaryimage\",\"url\":\"https:\/\/d2p6e6u75xmxt8.cloudfront.net\/12\/2021\/12\/Bystrica-Cycle-Lane-CVR.jpg\",\"contentUrl\":\"https:\/\/d2p6e6u75xmxt8.cloudfront.net\/12\/2021\/12\/Bystrica-Cycle-Lane-CVR.jpg\",\"width\":1366,\"height\":600,\"caption\":\"Cycle lane in Slovakia\"},{\"@type\":\"BreadcrumbList\",\"@id\":\"https:\/\/www.welovecycling.com\/hu\/varosi-kerekparozas\/az-5-legrosszabb-bicikliut-szlovakiaban\/#breadcrumb\",\"itemListElement\":[{\"@type\":\"ListItem\",\"position\":1,\"name\":\"Home\",\"item\":\"https:\/\/www.welovecycling.com\/hu\/\"},{\"@type\":\"ListItem\",\"position\":2,\"name\":\"Az 5 legrosszabb bicikli\u00fat Szlov\u00e1ki\u00e1ban\"}]},{\"@type\":\"WebSite\",\"@id\":\"https:\/\/www.welovecycling.com\/hu\/#website\",\"url\":\"https:\/\/www.welovecycling.com\/hu\/\",\"name\":\"\u0160koda We Love Cycling - Magyarorsz\u00e1g\",\"description\":\"\u0160koda WeLoveCycling\",\"potentialAction\":[{\"@type\":\"SearchAction\",\"target\":{\"@type\":\"EntryPoint\",\"urlTemplate\":\"https:\/\/www.welovecycling.com\/hu\/?s={search_term_string}\"},\"query-input\":{\"@type\":\"PropertyValueSpecification\",\"valueRequired\":true,\"valueName\":\"search_term_string\"}}],\"inLanguage\":\"hu\"},{\"@type\":\"Person\",\"@id\":\"https:\/\/www.welovecycling.com\/hu\/#\/schema\/person\/414a2aebf1801691a5320edb6468e194\",\"name\":\"hegyizs\",\"image\":{\"@type\":\"ImageObject\",\"inLanguage\":\"hu\",\"@id\":\"https:\/\/www.welovecycling.com\/hu\/#\/schema\/person\/image\/\",\"url\":\"https:\/\/secure.gravatar.com\/avatar\/02cf8a7906b8cf90cecb4679defac7cfd33a1c2e3b88e4903d947f3bb58eedd3?s=96&d=mm&r=g\",\"contentUrl\":\"https:\/\/secure.gravatar.com\/avatar\/02cf8a7906b8cf90cecb4679defac7cfd33a1c2e3b88e4903d947f3bb58eedd3?s=96&d=mm&r=g\",\"caption\":\"hegyizs\"},\"url\":\"https:\/\/www.welovecycling.com\/hu\/author\/hegyizs\/\"}]}<\/script>\n<!-- \/ Yoast SEO Premium plugin. -->","yoast_head_json":{"title":"Az 5 legrosszabb bicikli\u00fat Szlov\u00e1ki\u00e1ban","description":"Nem sokkal ezel\u0151tt a We Love Cycling szlov\u00e1k k\u00e9pviselete mer\u00e9sz c\u00e9lt t\u0171z\u00f6tt ki maga el\u00e9: \u00f6sszegy\u0171jteni az orsz\u00e1g legrosszabb bringa\u00fatjait! Egy t\u00f6bb r\u00e9gi\u00f3ban is megval\u00f3sul\u00f3 kamp\u00e1ny r\u00e9szek\u00e9nt \u00e1llhatott \u00f6ssze az al\u00e1bbi gal\u00e9ria, mely a haszn\u00e1lhatatlan ker\u00e9kp\u00e1rutak \u00e1llapot\u00e1ra h\u00edvja fel a figyelmet. Jobb utakat akarunk! De addig is, nevess\u00fcnk a rosszakon!","robots":{"index":"index","follow":"follow","max-snippet":"max-snippet:-1","max-image-preview":"max-image-preview:large","max-video-preview":"max-video-preview:-1"},"canonical":"https:\/\/www.welovecycling.com\/hu\/varosi-kerekparozas\/az-5-legrosszabb-bicikliut-szlovakiaban\/","og_locale":"hu_HU","og_type":"article","og_title":"Az 5 legrosszabb bicikli\u00fat Szlov\u00e1ki\u00e1ban","og_description":"Nem sokkal ezel\u0151tt a We Love Cycling szlov\u00e1k k\u00e9pviselete mer\u00e9sz c\u00e9lt t\u0171z\u00f6tt ki maga el\u00e9: \u00f6sszegy\u0171jteni az orsz\u00e1g legrosszabb bringa\u00fatjait! Egy t\u00f6bb r\u00e9gi\u00f3ban is megval\u00f3sul\u00f3 kamp\u00e1ny r\u00e9szek\u00e9nt \u00e1llhatott \u00f6ssze az al\u00e1bbi gal\u00e9ria, mely a haszn\u00e1lhatatlan ker\u00e9kp\u00e1rutak \u00e1llapot\u00e1ra h\u00edvja fel a figyelmet. Jobb utakat akarunk! De addig is, nevess\u00fcnk a rosszakon!","og_url":"https:\/\/www.welovecycling.com\/hu\/varosi-kerekparozas\/az-5-legrosszabb-bicikliut-szlovakiaban\/","og_site_name":"\u0160koda We Love Cycling - Magyarorsz\u00e1g","article_publisher":"https:\/\/www.facebook.com\/WeLoveCyclingHungary\/","article_published_time":"2021-12-18T06:00:31+00:00","og_image":[{"width":1366,"height":600,"url":"https:\/\/d2p6e6u75xmxt8.cloudfront.net\/12\/2021\/12\/Bystrica-Cycle-Lane-CVR.jpg","type":"image\/jpeg"}],"author":"hegyizs","twitter_card":"summary_large_image","twitter_misc":{"Written by":"WeLoveCycling","Est. reading time":"5"},"schema":{"@context":"https:\/\/schema.org","@graph":[{"@type":"WebPage","@id":"https:\/\/www.welovecycling.com\/hu\/varosi-kerekparozas\/az-5-legrosszabb-bicikliut-szlovakiaban\/","url":"https:\/\/www.welovecycling.com\/hu\/varosi-kerekparozas\/az-5-legrosszabb-bicikliut-szlovakiaban\/","name":"Az 5 legrosszabb bicikli\u00fat Szlov\u00e1ki\u00e1ban","isPartOf":{"@id":"https:\/\/www.welovecycling.com\/hu\/#website"},"primaryImageOfPage":{"@id":"https:\/\/www.welovecycling.com\/hu\/varosi-kerekparozas\/az-5-legrosszabb-bicikliut-szlovakiaban\/#primaryimage"},"image":{"@id":"https:\/\/www.welovecycling.com\/hu\/varosi-kerekparozas\/az-5-legrosszabb-bicikliut-szlovakiaban\/#primaryimage"},"thumbnailUrl":"https:\/\/d2p6e6u75xmxt8.cloudfront.net\/12\/2021\/12\/Bystrica-Cycle-Lane-CVR.jpg","datePublished":"2021-12-18T06:00:31+00:00","author":{"@id":"https:\/\/www.welovecycling.com\/hu\/#\/schema\/person\/414a2aebf1801691a5320edb6468e194"},"description":"Nem sokkal ezel\u0151tt a We Love Cycling szlov\u00e1k k\u00e9pviselete mer\u00e9sz c\u00e9lt t\u0171z\u00f6tt ki maga el\u00e9: \u00f6sszegy\u0171jteni az orsz\u00e1g legrosszabb bringa\u00fatjait! Egy t\u00f6bb r\u00e9gi\u00f3ban is megval\u00f3sul\u00f3 kamp\u00e1ny r\u00e9szek\u00e9nt \u00e1llhatott \u00f6ssze az al\u00e1bbi gal\u00e9ria, mely a haszn\u00e1lhatatlan ker\u00e9kp\u00e1rutak \u00e1llapot\u00e1ra h\u00edvja fel a figyelmet. Jobb utakat akarunk! De addig is, nevess\u00fcnk a rosszakon!","breadcrumb":{"@id":"https:\/\/www.welovecycling.com\/hu\/varosi-kerekparozas\/az-5-legrosszabb-bicikliut-szlovakiaban\/#breadcrumb"},"inLanguage":"hu","potentialAction":[{"@type":"ReadAction","target":["https:\/\/www.welovecycling.com\/hu\/varosi-kerekparozas\/az-5-legrosszabb-bicikliut-szlovakiaban\/"]}]},{"@type":"ImageObject","inLanguage":"hu","@id":"https:\/\/www.welovecycling.com\/hu\/varosi-kerekparozas\/az-5-legrosszabb-bicikliut-szlovakiaban\/#primaryimage","url":"https:\/\/d2p6e6u75xmxt8.cloudfront.net\/12\/2021\/12\/Bystrica-Cycle-Lane-CVR.jpg","contentUrl":"https:\/\/d2p6e6u75xmxt8.cloudfront.net\/12\/2021\/12\/Bystrica-Cycle-Lane-CVR.jpg","width":1366,"height":600,"caption":"Cycle lane in Slovakia"},{"@type":"BreadcrumbList","@id":"https:\/\/www.welovecycling.com\/hu\/varosi-kerekparozas\/az-5-legrosszabb-bicikliut-szlovakiaban\/#breadcrumb","itemListElement":[{"@type":"ListItem","position":1,"name":"Home","item":"https:\/\/www.welovecycling.com\/hu\/"},{"@type":"ListItem","position":2,"name":"Az 5 legrosszabb bicikli\u00fat Szlov\u00e1ki\u00e1ban"}]},{"@type":"WebSite","@id":"https:\/\/www.welovecycling.com\/hu\/#website","url":"https:\/\/www.welovecycling.com\/hu\/","name":"\u0160koda We Love Cycling - Magyarorsz\u00e1g","description":"\u0160koda WeLoveCycling","potentialAction":[{"@type":"SearchAction","target":{"@type":"EntryPoint","urlTemplate":"https:\/\/www.welovecycling.com\/hu\/?s={search_term_string}"},"query-input":{"@type":"PropertyValueSpecification","valueRequired":true,"valueName":"search_term_string"}}],"inLanguage":"hu"},{"@type":"Person","@id":"https:\/\/www.welovecycling.com\/hu\/#\/schema\/person\/414a2aebf1801691a5320edb6468e194","name":"hegyizs","image":{"@type":"ImageObject","inLanguage":"hu","@id":"https:\/\/www.welovecycling.com\/hu\/#\/schema\/person\/image\/","url":"https:\/\/secure.gravatar.com\/avatar\/02cf8a7906b8cf90cecb4679defac7cfd33a1c2e3b88e4903d947f3bb58eedd3?s=96&d=mm&r=g","contentUrl":"https:\/\/secure.gravatar.com\/avatar\/02cf8a7906b8cf90cecb4679defac7cfd33a1c2e3b88e4903d947f3bb58eedd3?s=96&d=mm&r=g","caption":"hegyizs"},"url":"https:\/\/www.welovecycling.com\/hu\/author\/hegyizs\/"}]}},"_links":{"self":[{"href":"https:\/\/www.welovecycling.com\/hu\/wp-json\/wp\/v2\/posts\/13170","targetHints":{"allow":["GET"]}}],"collection":[{"href":"https:\/\/www.welovecycling.com\/hu\/wp-json\/wp\/v2\/posts"}],"about":[{"href":"https:\/\/www.welovecycling.com\/hu\/wp-json\/wp\/v2\/types\/post"}],"author":[{"embeddable":true,"href":"https:\/\/www.welovecycling.com\/hu\/wp-json\/wp\/v2\/users\/71"}],"replies":[{"embeddable":true,"href":"https:\/\/www.welovecycling.com\/hu\/wp-json\/wp\/v2\/comments?post=13170"}],"version-history":[{"count":2,"href":"https:\/\/www.welovecycling.com\/hu\/wp-json\/wp\/v2\/posts\/13170\/revisions"}],"predecessor-version":[{"id":13192,"href":"https:\/\/www.welovecycling.com\/hu\/wp-json\/wp\/v2\/posts\/13170\/revisions\/13192"}],"wp:featuredmedia":[{"embeddable":true,"href":"https:\/\/www.welovecycling.com\/hu\/wp-json\/wp\/v2\/media\/13177"}],"wp:attachment":[{"href":"https:\/\/www.welovecycling.com\/hu\/wp-json\/wp\/v2\/media?parent=13170"}],"wp:term":[{"taxonomy":"category","embeddable":true,"href":"https:\/\/www.welovecycling.com\/hu\/wp-json\/wp\/v2\/categories?post=13170"},{"taxonomy":"post_tag","embeddable":true,"href":"https:\/\/www.welovecycling.com\/hu\/wp-json\/wp\/v2\/tags?post=13170"},{"taxonomy":"global-categories","embeddable":true,"href":"https:\/\/www.welovecycling.com\/hu\/wp-json\/wp\/v2\/global-categories?post=13170"}],"curies":[{"name":"wp","href":"https:\/\/api.w.org\/{rel}","templated":true}]}}