{"id":13159,"date":"2021-12-16T08:00:59","date_gmt":"2021-12-16T06:00:59","guid":{"rendered":"https:\/\/www.welovecycling.com\/hu\/?p=13159"},"modified":"2021-12-13T15:48:15","modified_gmt":"2021-12-13T13:48:15","slug":"8-legrosszabb-bicikliut-csehorszagban","status":"publish","type":"post","link":"https:\/\/www.welovecycling.com\/hu\/varosi-kerekparozas\/8-legrosszabb-bicikliut-csehorszagban\/","title":{"rendered":"A 8 legrosszabb bicikli\u00fat Csehorsz\u00e1gban"},"content":{"rendered":"<p><strong>Nem sokkal ezel\u0151tt a We Love Cycling cseh k\u00e9pviselete mer\u00e9sz c\u00e9lt t\u0171z\u00f6tt ki maga el\u00e9: \u00f6sszegy\u0171jteni az orsz\u00e1g legrosszabb bringa\u00fatjait! Egy t\u00f6bb r\u00e9gi\u00f3ban is megval\u00f3sul\u00f3 kamp\u00e1ny r\u00e9szek\u00e9nt \u00e1llhatott \u00f6ssze az al\u00e1bbi gal\u00e9ria, mely a haszn\u00e1lhatatlan ker\u00e9kp\u00e1rutak \u00e1llapot\u00e1ra h\u00edvja fel a figyelmet. Jobb utakat akarunk! De addig is, nevess\u00fcnk a rosszakon!<\/strong><\/p>\n<p><!--more--><\/p>\n<p>Ha van valami, ami fellend\u00fclt a Covid-19 vil\u00e1gj\u00e1rv\u00e1ny kih\u00edv\u00e1sokkal teli elm\u00falt k\u00e9t \u00e9v\u00e9ben, az a ker\u00e9kp\u00e1roz\u00e1s. Ez Csehorsz\u00e1gban sem t\u00f6rt\u00e9nt m\u00e1sk\u00e9pp: a v\u00e1rosi ker\u00e9kp\u00e1roz\u00e1s n\u00e9pszer\u0171s\u00e9ge jelent\u0151sen megn\u00f6vekedett, az \u00f6nkorm\u00e1nyzatok pedig igyekeznek tartani a l\u00e9p\u00e9st \u00e9s hasonl\u00f3 \u00fctemben fejleszteni az infrastrukt\u00far\u00e1t. Pr\u00e1ga, a cseh f\u0151v\u00e1ros 2021 tavasz\u00e1n 14 milli\u00f3 eur\u00f3t \u00edg\u00e9rt a ker\u00e9kp\u00e1rutak \u00e9s egy\u00e9b szolg\u00e1ltat\u00e1sok jav\u00edt\u00e1s\u00e1ra. Csak 2019 \u00e9s 2020 k\u00f6z\u00f6tt 38%-kal n\u0151tt a v\u00e1rosban a ker\u00e9kp\u00e1rosok sz\u00e1ma, \u00edgy indokolt a d\u00f6nt\u00e9s. Az orsz\u00e1g j\u00f3 \u00faton halad afel\u00e9, hogy kihaszn\u00e1lja a k\u00f6zleked\u00e9si eszk\u00f6z el\u0151nyeit. De az\u00e9rt van m\u00e9g n\u00e9h\u00e1ny pont, ahol fejl\u0151dhet.<\/p>\n<h2><strong>1. <\/strong><strong>A v\u00e1laszt\u00e1s ill\u00fazi\u00f3ja<\/strong><\/h2>\n<figure id=\"attachment_13160\" aria-describedby=\"caption-attachment-13160\" style=\"width: 711px\" class=\"wp-caption alignnone\"><a href=\"https:\/\/d2p6e6u75xmxt8.cloudfront.net\/12\/2021\/12\/Prague_cycle_lane.jpg\"><img loading=\"lazy\" decoding=\"async\" class=\"wp-image-13160 size-full\" src=\"https:\/\/d2p6e6u75xmxt8.cloudfront.net\/12\/2021\/12\/Prague_cycle_lane.jpg\" alt=\"Cycle lane\" width=\"711\" height=\"711\" srcset=\"https:\/\/d2p6e6u75xmxt8.cloudfront.net\/12\/2021\/12\/Prague_cycle_lane.jpg 711w, https:\/\/d2p6e6u75xmxt8.cloudfront.net\/12\/2021\/12\/Prague_cycle_lane-300x300.jpg 300w, https:\/\/d2p6e6u75xmxt8.cloudfront.net\/12\/2021\/12\/Prague_cycle_lane-150x150.jpg 150w\" sizes=\"auto, (max-width: 711px) 100vw, 711px\" \/><\/a><figcaption id=\"caption-attachment-13160\" class=\"wp-caption-text\">Pr\u00e1ga<\/figcaption><\/figure>\n<h2><strong>2. Kalandos<\/strong><\/h2>\n<figure id=\"attachment_13161\" aria-describedby=\"caption-attachment-13161\" style=\"width: 711px\" class=\"wp-caption alignnone\"><a href=\"https:\/\/d2p6e6u75xmxt8.cloudfront.net\/12\/2021\/12\/Czechia-cycle-lane-1.jpg\"><img loading=\"lazy\" decoding=\"async\" class=\"size-full wp-image-13161\" src=\"https:\/\/d2p6e6u75xmxt8.cloudfront.net\/12\/2021\/12\/Czechia-cycle-lane-1.jpg\" alt=\"Cycle lane in Czechia\" width=\"711\" height=\"711\" srcset=\"https:\/\/d2p6e6u75xmxt8.cloudfront.net\/12\/2021\/12\/Czechia-cycle-lane-1.jpg 711w, https:\/\/d2p6e6u75xmxt8.cloudfront.net\/12\/2021\/12\/Czechia-cycle-lane-1-300x300.jpg 300w, https:\/\/d2p6e6u75xmxt8.cloudfront.net\/12\/2021\/12\/Czechia-cycle-lane-1-150x150.jpg 150w\" sizes=\"auto, (max-width: 711px) 100vw, 711px\" \/><\/a><figcaption id=\"caption-attachment-13161\" class=\"wp-caption-text\">T\u011b\u0161etice<\/figcaption><\/figure>\n<h2><strong>3. <\/strong><strong>Micsoda utaz\u00e1s volt ez!<\/strong><\/h2>\n<figure id=\"attachment_13162\" aria-describedby=\"caption-attachment-13162\" style=\"width: 711px\" class=\"wp-caption alignnone\"><a href=\"https:\/\/d2p6e6u75xmxt8.cloudfront.net\/12\/2021\/12\/LongWay_61654f29641d3.jpg\"><img loading=\"lazy\" decoding=\"async\" class=\"wp-image-13162\" src=\"https:\/\/d2p6e6u75xmxt8.cloudfront.net\/12\/2021\/12\/LongWay_61654f29641d3.jpg\" alt=\"Cycle lane\" width=\"711\" height=\"711\" srcset=\"https:\/\/d2p6e6u75xmxt8.cloudfront.net\/12\/2021\/12\/LongWay_61654f29641d3.jpg 876w, https:\/\/d2p6e6u75xmxt8.cloudfront.net\/12\/2021\/12\/LongWay_61654f29641d3-300x300.jpg 300w, https:\/\/d2p6e6u75xmxt8.cloudfront.net\/12\/2021\/12\/LongWay_61654f29641d3-150x150.jpg 150w, https:\/\/d2p6e6u75xmxt8.cloudfront.net\/12\/2021\/12\/LongWay_61654f29641d3-768x768.jpg 768w\" sizes=\"auto, (max-width: 711px) 100vw, 711px\" \/><\/a><figcaption id=\"caption-attachment-13162\" class=\"wp-caption-text\">Csehorsz\u00e1g<\/figcaption><\/figure>\n<h2><strong>4. <\/strong><strong>Erd\u0151t\u00fcnd\u00e9reknek erre!<\/strong><\/h2>\n<figure id=\"attachment_13163\" aria-describedby=\"caption-attachment-13163\" style=\"width: 711px\" class=\"wp-caption alignnone\"><a href=\"https:\/\/d2p6e6u75xmxt8.cloudfront.net\/12\/2021\/12\/TamazpC3A1tkydolesa_6162e95d631be.jpg\"><img loading=\"lazy\" decoding=\"async\" class=\"wp-image-13163\" src=\"https:\/\/d2p6e6u75xmxt8.cloudfront.net\/12\/2021\/12\/TamazpC3A1tkydolesa_6162e95d631be.jpg\" alt=\"Czechia cycle lane\" width=\"711\" height=\"711\" srcset=\"https:\/\/d2p6e6u75xmxt8.cloudfront.net\/12\/2021\/12\/TamazpC3A1tkydolesa_6162e95d631be.jpg 1359w, https:\/\/d2p6e6u75xmxt8.cloudfront.net\/12\/2021\/12\/TamazpC3A1tkydolesa_6162e95d631be-300x300.jpg 300w, https:\/\/d2p6e6u75xmxt8.cloudfront.net\/12\/2021\/12\/TamazpC3A1tkydolesa_6162e95d631be-1024x1024.jpg 1024w, https:\/\/d2p6e6u75xmxt8.cloudfront.net\/12\/2021\/12\/TamazpC3A1tkydolesa_6162e95d631be-150x150.jpg 150w, https:\/\/d2p6e6u75xmxt8.cloudfront.net\/12\/2021\/12\/TamazpC3A1tkydolesa_6162e95d631be-768x768.jpg 768w\" sizes=\"auto, (max-width: 711px) 100vw, 711px\" \/><\/a><figcaption id=\"caption-attachment-13163\" class=\"wp-caption-text\">Star\u00e1 Ves nad Ond\u0159ejnic\u00ed<\/figcaption><\/figure>\n<h2><strong>5. Reggeli agyt\u00f6r\u0151<\/strong><\/h2>\n<figure id=\"attachment_13164\" aria-describedby=\"caption-attachment-13164\" style=\"width: 711px\" class=\"wp-caption alignnone\"><a href=\"https:\/\/d2p6e6u75xmxt8.cloudfront.net\/12\/2021\/12\/Signs21_614a0cbd150c5.jpg\"><img loading=\"lazy\" decoding=\"async\" class=\"wp-image-13164\" src=\"https:\/\/d2p6e6u75xmxt8.cloudfront.net\/12\/2021\/12\/Signs21_614a0cbd150c5.jpg\" alt=\"Cycle lane Czechia\" width=\"711\" height=\"711\" srcset=\"https:\/\/d2p6e6u75xmxt8.cloudfront.net\/12\/2021\/12\/Signs21_614a0cbd150c5.jpg 1217w, https:\/\/d2p6e6u75xmxt8.cloudfront.net\/12\/2021\/12\/Signs21_614a0cbd150c5-300x300.jpg 300w, https:\/\/d2p6e6u75xmxt8.cloudfront.net\/12\/2021\/12\/Signs21_614a0cbd150c5-1024x1024.jpg 1024w, https:\/\/d2p6e6u75xmxt8.cloudfront.net\/12\/2021\/12\/Signs21_614a0cbd150c5-150x150.jpg 150w, https:\/\/d2p6e6u75xmxt8.cloudfront.net\/12\/2021\/12\/Signs21_614a0cbd150c5-768x768.jpg 768w\" sizes=\"auto, (max-width: 711px) 100vw, 711px\" \/><\/a><figcaption id=\"caption-attachment-13164\" class=\"wp-caption-text\">Nymburk<\/figcaption><\/figure>\n<h2><strong>6. <\/strong><strong>Ideje hazamenni<\/strong><\/h2>\n<figure id=\"attachment_13165\" aria-describedby=\"caption-attachment-13165\" style=\"width: 711px\" class=\"wp-caption alignnone\"><a href=\"https:\/\/d2p6e6u75xmxt8.cloudfront.net\/12\/2021\/12\/Deadend_61139ea6a159d.jpg\"><img loading=\"lazy\" decoding=\"async\" class=\"size-full wp-image-13165\" src=\"https:\/\/d2p6e6u75xmxt8.cloudfront.net\/12\/2021\/12\/Deadend_61139ea6a159d.jpg\" alt=\"Cycle lane\" width=\"711\" height=\"711\" srcset=\"https:\/\/d2p6e6u75xmxt8.cloudfront.net\/12\/2021\/12\/Deadend_61139ea6a159d.jpg 711w, https:\/\/d2p6e6u75xmxt8.cloudfront.net\/12\/2021\/12\/Deadend_61139ea6a159d-300x300.jpg 300w, https:\/\/d2p6e6u75xmxt8.cloudfront.net\/12\/2021\/12\/Deadend_61139ea6a159d-150x150.jpg 150w\" sizes=\"auto, (max-width: 711px) 100vw, 711px\" \/><\/a><figcaption id=\"caption-attachment-13165\" class=\"wp-caption-text\">Pr\u00e1ga<\/figcaption><\/figure>\n<h2><strong>7. Szlalom<\/strong><\/h2>\n<figure id=\"attachment_13166\" aria-describedby=\"caption-attachment-13166\" style=\"width: 711px\" class=\"wp-caption alignnone\"><a href=\"https:\/\/d2p6e6u75xmxt8.cloudfront.net\/12\/2021\/12\/Budejice_lane.jpg\"><img loading=\"lazy\" decoding=\"async\" class=\"size-full wp-image-13166\" src=\"https:\/\/d2p6e6u75xmxt8.cloudfront.net\/12\/2021\/12\/Budejice_lane.jpg\" alt=\"Cycle lane in Budejovice\" width=\"711\" height=\"711\" srcset=\"https:\/\/d2p6e6u75xmxt8.cloudfront.net\/12\/2021\/12\/Budejice_lane.jpg 711w, https:\/\/d2p6e6u75xmxt8.cloudfront.net\/12\/2021\/12\/Budejice_lane-300x300.jpg 300w, https:\/\/d2p6e6u75xmxt8.cloudfront.net\/12\/2021\/12\/Budejice_lane-150x150.jpg 150w\" sizes=\"auto, (max-width: 711px) 100vw, 711px\" \/><\/a><figcaption id=\"caption-attachment-13166\" class=\"wp-caption-text\">\u010cesk\u00e9 Bud\u011bjovice<\/figcaption><\/figure>\n<h2><strong>8. <\/strong><strong>\u00c9gszakad\u00e1s, f\u00f6ldindul\u00e1s<\/strong><\/h2>\n<figure id=\"attachment_13167\" aria-describedby=\"caption-attachment-13167\" style=\"width: 711px\" class=\"wp-caption alignnone\"><a href=\"https:\/\/d2p6e6u75xmxt8.cloudfront.net\/12\/2021\/12\/Czechia-cycle-lane.jpg\"><img loading=\"lazy\" decoding=\"async\" class=\"size-full wp-image-13167\" src=\"https:\/\/d2p6e6u75xmxt8.cloudfront.net\/12\/2021\/12\/Czechia-cycle-lane.jpg\" alt=\"Cycle lane in Most\" width=\"711\" height=\"711\" srcset=\"https:\/\/d2p6e6u75xmxt8.cloudfront.net\/12\/2021\/12\/Czechia-cycle-lane.jpg 711w, https:\/\/d2p6e6u75xmxt8.cloudfront.net\/12\/2021\/12\/Czechia-cycle-lane-300x300.jpg 300w, https:\/\/d2p6e6u75xmxt8.cloudfront.net\/12\/2021\/12\/Czechia-cycle-lane-150x150.jpg 150w\" sizes=\"auto, (max-width: 711px) 100vw, 711px\" \/><\/a><figcaption id=\"caption-attachment-13167\" class=\"wp-caption-text\">Most<\/figcaption><\/figure>\n","protected":false},"excerpt":{"rendered":"<p>Nem sokkal ezel\u0151tt a We Love Cycling cseh k\u00e9pviselete mer\u00e9sz c\u00e9lt t\u0171z\u00f6tt ki maga el\u00e9: \u00f6sszegy\u0171jteni az orsz\u00e1g legrosszabb bringa\u00fatjait! [&hellip;]<\/p>\n","protected":false},"author":71,"featured_media":13169,"comment_status":"open","ping_status":"open","sticky":false,"template":"","format":"standard","meta":{"footnotes":""},"categories":[9],"tags":[],"global-categories":[],"class_list":["post-13159","post","type-post","status-publish","format-standard","has-post-thumbnail","hentry","category-varosi-kerekparozas"],"yoast_head":"<!-- This site is optimized with the Yoast SEO Premium plugin v25.3 (Yoast SEO v25.9) - https:\/\/yoast.com\/wordpress\/plugins\/seo\/ -->\n<title>A 8 legrosszabb bicikli\u00fat Csehorsz\u00e1gban<\/title>\n<meta name=\"description\" content=\"Nem sokkal ezel\u0151tt a We Love Cycling cseh k\u00e9pviselete mer\u00e9sz c\u00e9lt t\u0171z\u00f6tt ki maga el\u00e9: \u00f6sszegy\u0171jteni az orsz\u00e1g legrosszabb bringa\u00fatjait! Egy t\u00f6bb r\u00e9gi\u00f3ban is megval\u00f3sul\u00f3 kamp\u00e1ny r\u00e9szek\u00e9nt \u00e1llhatott \u00f6ssze az al\u00e1bbi gal\u00e9ria, mely a haszn\u00e1lhatatlan ker\u00e9kp\u00e1rutak \u00e1llapot\u00e1ra h\u00edvja fel a figyelmet. Jobb utakat akarunk! De addig is, nevess\u00fcnk a rosszakon!\" \/>\n<meta name=\"robots\" content=\"index, follow, max-snippet:-1, max-image-preview:large, max-video-preview:-1\" \/>\n<link rel=\"canonical\" href=\"https:\/\/www.welovecycling.com\/hu\/varosi-kerekparozas\/8-legrosszabb-bicikliut-csehorszagban\/\" \/>\n<meta property=\"og:locale\" content=\"hu_HU\" \/>\n<meta property=\"og:type\" content=\"article\" \/>\n<meta property=\"og:title\" content=\"A 8 legrosszabb bicikli\u00fat Csehorsz\u00e1gban\" \/>\n<meta property=\"og:description\" content=\"Nem sokkal ezel\u0151tt a We Love Cycling cseh k\u00e9pviselete mer\u00e9sz c\u00e9lt t\u0171z\u00f6tt ki maga el\u00e9: \u00f6sszegy\u0171jteni az orsz\u00e1g legrosszabb bringa\u00fatjait! Egy t\u00f6bb r\u00e9gi\u00f3ban is megval\u00f3sul\u00f3 kamp\u00e1ny r\u00e9szek\u00e9nt \u00e1llhatott \u00f6ssze az al\u00e1bbi gal\u00e9ria, mely a haszn\u00e1lhatatlan ker\u00e9kp\u00e1rutak \u00e1llapot\u00e1ra h\u00edvja fel a figyelmet. Jobb utakat akarunk! De addig is, nevess\u00fcnk a rosszakon!\" \/>\n<meta property=\"og:url\" content=\"https:\/\/www.welovecycling.com\/hu\/varosi-kerekparozas\/8-legrosszabb-bicikliut-csehorszagban\/\" \/>\n<meta property=\"og:site_name\" content=\"\u0160koda We Love Cycling - Magyarorsz\u00e1g\" \/>\n<meta property=\"article:publisher\" content=\"https:\/\/www.facebook.com\/WeLoveCyclingHungary\/\" \/>\n<meta property=\"article:published_time\" content=\"2021-12-16T06:00:59+00:00\" \/>\n<meta property=\"og:image\" content=\"https:\/\/d2p6e6u75xmxt8.cloudfront.net\/12\/2021\/12\/Worst-cycle-lane-Czechia-CVR.jpg\" \/>\n\t<meta property=\"og:image:width\" content=\"1366\" \/>\n\t<meta property=\"og:image:height\" content=\"600\" \/>\n\t<meta property=\"og:image:type\" content=\"image\/jpeg\" \/>\n<meta name=\"author\" content=\"hegyizs\" \/>\n<meta name=\"twitter:card\" content=\"summary_large_image\" \/>\n<meta name=\"twitter:label1\" content=\"Written by\" \/>\n\t<meta name=\"twitter:data1\" content=\"WeLoveCycling\" \/>\n\t<meta name=\"twitter:label2\" content=\"Est. reading time\" \/>\n\t<meta name=\"twitter:data2\" content=\"5\" \/>\n<script type=\"application\/ld+json\" class=\"yoast-schema-graph\">{\"@context\":\"https:\/\/schema.org\",\"@graph\":[{\"@type\":\"WebPage\",\"@id\":\"https:\/\/www.welovecycling.com\/hu\/varosi-kerekparozas\/8-legrosszabb-bicikliut-csehorszagban\/\",\"url\":\"https:\/\/www.welovecycling.com\/hu\/varosi-kerekparozas\/8-legrosszabb-bicikliut-csehorszagban\/\",\"name\":\"A 8 legrosszabb bicikli\u00fat Csehorsz\u00e1gban\",\"isPartOf\":{\"@id\":\"https:\/\/www.welovecycling.com\/hu\/#website\"},\"primaryImageOfPage\":{\"@id\":\"https:\/\/www.welovecycling.com\/hu\/varosi-kerekparozas\/8-legrosszabb-bicikliut-csehorszagban\/#primaryimage\"},\"image\":{\"@id\":\"https:\/\/www.welovecycling.com\/hu\/varosi-kerekparozas\/8-legrosszabb-bicikliut-csehorszagban\/#primaryimage\"},\"thumbnailUrl\":\"https:\/\/d2p6e6u75xmxt8.cloudfront.net\/12\/2021\/12\/Worst-cycle-lane-Czechia-CVR.jpg\",\"datePublished\":\"2021-12-16T06:00:59+00:00\",\"author\":{\"@id\":\"https:\/\/www.welovecycling.com\/hu\/#\/schema\/person\/414a2aebf1801691a5320edb6468e194\"},\"description\":\"Nem sokkal ezel\u0151tt a We Love Cycling cseh k\u00e9pviselete mer\u00e9sz c\u00e9lt t\u0171z\u00f6tt ki maga el\u00e9: \u00f6sszegy\u0171jteni az orsz\u00e1g legrosszabb bringa\u00fatjait! Egy t\u00f6bb r\u00e9gi\u00f3ban is megval\u00f3sul\u00f3 kamp\u00e1ny r\u00e9szek\u00e9nt \u00e1llhatott \u00f6ssze az al\u00e1bbi gal\u00e9ria, mely a haszn\u00e1lhatatlan ker\u00e9kp\u00e1rutak \u00e1llapot\u00e1ra h\u00edvja fel a figyelmet. Jobb utakat akarunk! De addig is, nevess\u00fcnk a rosszakon!\",\"breadcrumb\":{\"@id\":\"https:\/\/www.welovecycling.com\/hu\/varosi-kerekparozas\/8-legrosszabb-bicikliut-csehorszagban\/#breadcrumb\"},\"inLanguage\":\"hu\",\"potentialAction\":[{\"@type\":\"ReadAction\",\"target\":[\"https:\/\/www.welovecycling.com\/hu\/varosi-kerekparozas\/8-legrosszabb-bicikliut-csehorszagban\/\"]}]},{\"@type\":\"ImageObject\",\"inLanguage\":\"hu\",\"@id\":\"https:\/\/www.welovecycling.com\/hu\/varosi-kerekparozas\/8-legrosszabb-bicikliut-csehorszagban\/#primaryimage\",\"url\":\"https:\/\/d2p6e6u75xmxt8.cloudfront.net\/12\/2021\/12\/Worst-cycle-lane-Czechia-CVR.jpg\",\"contentUrl\":\"https:\/\/d2p6e6u75xmxt8.cloudfront.net\/12\/2021\/12\/Worst-cycle-lane-Czechia-CVR.jpg\",\"width\":1366,\"height\":600,\"caption\":\"Wost cycle lanes in Czechia\"},{\"@type\":\"BreadcrumbList\",\"@id\":\"https:\/\/www.welovecycling.com\/hu\/varosi-kerekparozas\/8-legrosszabb-bicikliut-csehorszagban\/#breadcrumb\",\"itemListElement\":[{\"@type\":\"ListItem\",\"position\":1,\"name\":\"Home\",\"item\":\"https:\/\/www.welovecycling.com\/hu\/\"},{\"@type\":\"ListItem\",\"position\":2,\"name\":\"A 8 legrosszabb bicikli\u00fat Csehorsz\u00e1gban\"}]},{\"@type\":\"WebSite\",\"@id\":\"https:\/\/www.welovecycling.com\/hu\/#website\",\"url\":\"https:\/\/www.welovecycling.com\/hu\/\",\"name\":\"\u0160koda We Love Cycling - Magyarorsz\u00e1g\",\"description\":\"\u0160koda WeLoveCycling\",\"potentialAction\":[{\"@type\":\"SearchAction\",\"target\":{\"@type\":\"EntryPoint\",\"urlTemplate\":\"https:\/\/www.welovecycling.com\/hu\/?s={search_term_string}\"},\"query-input\":{\"@type\":\"PropertyValueSpecification\",\"valueRequired\":true,\"valueName\":\"search_term_string\"}}],\"inLanguage\":\"hu\"},{\"@type\":\"Person\",\"@id\":\"https:\/\/www.welovecycling.com\/hu\/#\/schema\/person\/414a2aebf1801691a5320edb6468e194\",\"name\":\"hegyizs\",\"image\":{\"@type\":\"ImageObject\",\"inLanguage\":\"hu\",\"@id\":\"https:\/\/www.welovecycling.com\/hu\/#\/schema\/person\/image\/\",\"url\":\"https:\/\/secure.gravatar.com\/avatar\/02cf8a7906b8cf90cecb4679defac7cfd33a1c2e3b88e4903d947f3bb58eedd3?s=96&d=mm&r=g\",\"contentUrl\":\"https:\/\/secure.gravatar.com\/avatar\/02cf8a7906b8cf90cecb4679defac7cfd33a1c2e3b88e4903d947f3bb58eedd3?s=96&d=mm&r=g\",\"caption\":\"hegyizs\"},\"url\":\"https:\/\/www.welovecycling.com\/hu\/author\/hegyizs\/\"}]}<\/script>\n<!-- \/ Yoast SEO Premium plugin. -->","yoast_head_json":{"title":"A 8 legrosszabb bicikli\u00fat Csehorsz\u00e1gban","description":"Nem sokkal ezel\u0151tt a We Love Cycling cseh k\u00e9pviselete mer\u00e9sz c\u00e9lt t\u0171z\u00f6tt ki maga el\u00e9: \u00f6sszegy\u0171jteni az orsz\u00e1g legrosszabb bringa\u00fatjait! Egy t\u00f6bb r\u00e9gi\u00f3ban is megval\u00f3sul\u00f3 kamp\u00e1ny r\u00e9szek\u00e9nt \u00e1llhatott \u00f6ssze az al\u00e1bbi gal\u00e9ria, mely a haszn\u00e1lhatatlan ker\u00e9kp\u00e1rutak \u00e1llapot\u00e1ra h\u00edvja fel a figyelmet. Jobb utakat akarunk! De addig is, nevess\u00fcnk a rosszakon!","robots":{"index":"index","follow":"follow","max-snippet":"max-snippet:-1","max-image-preview":"max-image-preview:large","max-video-preview":"max-video-preview:-1"},"canonical":"https:\/\/www.welovecycling.com\/hu\/varosi-kerekparozas\/8-legrosszabb-bicikliut-csehorszagban\/","og_locale":"hu_HU","og_type":"article","og_title":"A 8 legrosszabb bicikli\u00fat Csehorsz\u00e1gban","og_description":"Nem sokkal ezel\u0151tt a We Love Cycling cseh k\u00e9pviselete mer\u00e9sz c\u00e9lt t\u0171z\u00f6tt ki maga el\u00e9: \u00f6sszegy\u0171jteni az orsz\u00e1g legrosszabb bringa\u00fatjait! Egy t\u00f6bb r\u00e9gi\u00f3ban is megval\u00f3sul\u00f3 kamp\u00e1ny r\u00e9szek\u00e9nt \u00e1llhatott \u00f6ssze az al\u00e1bbi gal\u00e9ria, mely a haszn\u00e1lhatatlan ker\u00e9kp\u00e1rutak \u00e1llapot\u00e1ra h\u00edvja fel a figyelmet. Jobb utakat akarunk! De addig is, nevess\u00fcnk a rosszakon!","og_url":"https:\/\/www.welovecycling.com\/hu\/varosi-kerekparozas\/8-legrosszabb-bicikliut-csehorszagban\/","og_site_name":"\u0160koda We Love Cycling - Magyarorsz\u00e1g","article_publisher":"https:\/\/www.facebook.com\/WeLoveCyclingHungary\/","article_published_time":"2021-12-16T06:00:59+00:00","og_image":[{"width":1366,"height":600,"url":"https:\/\/d2p6e6u75xmxt8.cloudfront.net\/12\/2021\/12\/Worst-cycle-lane-Czechia-CVR.jpg","type":"image\/jpeg"}],"author":"hegyizs","twitter_card":"summary_large_image","twitter_misc":{"Written by":"WeLoveCycling","Est. reading time":"5"},"schema":{"@context":"https:\/\/schema.org","@graph":[{"@type":"WebPage","@id":"https:\/\/www.welovecycling.com\/hu\/varosi-kerekparozas\/8-legrosszabb-bicikliut-csehorszagban\/","url":"https:\/\/www.welovecycling.com\/hu\/varosi-kerekparozas\/8-legrosszabb-bicikliut-csehorszagban\/","name":"A 8 legrosszabb bicikli\u00fat Csehorsz\u00e1gban","isPartOf":{"@id":"https:\/\/www.welovecycling.com\/hu\/#website"},"primaryImageOfPage":{"@id":"https:\/\/www.welovecycling.com\/hu\/varosi-kerekparozas\/8-legrosszabb-bicikliut-csehorszagban\/#primaryimage"},"image":{"@id":"https:\/\/www.welovecycling.com\/hu\/varosi-kerekparozas\/8-legrosszabb-bicikliut-csehorszagban\/#primaryimage"},"thumbnailUrl":"https:\/\/d2p6e6u75xmxt8.cloudfront.net\/12\/2021\/12\/Worst-cycle-lane-Czechia-CVR.jpg","datePublished":"2021-12-16T06:00:59+00:00","author":{"@id":"https:\/\/www.welovecycling.com\/hu\/#\/schema\/person\/414a2aebf1801691a5320edb6468e194"},"description":"Nem sokkal ezel\u0151tt a We Love Cycling cseh k\u00e9pviselete mer\u00e9sz c\u00e9lt t\u0171z\u00f6tt ki maga el\u00e9: \u00f6sszegy\u0171jteni az orsz\u00e1g legrosszabb bringa\u00fatjait! Egy t\u00f6bb r\u00e9gi\u00f3ban is megval\u00f3sul\u00f3 kamp\u00e1ny r\u00e9szek\u00e9nt \u00e1llhatott \u00f6ssze az al\u00e1bbi gal\u00e9ria, mely a haszn\u00e1lhatatlan ker\u00e9kp\u00e1rutak \u00e1llapot\u00e1ra h\u00edvja fel a figyelmet. Jobb utakat akarunk! De addig is, nevess\u00fcnk a rosszakon!","breadcrumb":{"@id":"https:\/\/www.welovecycling.com\/hu\/varosi-kerekparozas\/8-legrosszabb-bicikliut-csehorszagban\/#breadcrumb"},"inLanguage":"hu","potentialAction":[{"@type":"ReadAction","target":["https:\/\/www.welovecycling.com\/hu\/varosi-kerekparozas\/8-legrosszabb-bicikliut-csehorszagban\/"]}]},{"@type":"ImageObject","inLanguage":"hu","@id":"https:\/\/www.welovecycling.com\/hu\/varosi-kerekparozas\/8-legrosszabb-bicikliut-csehorszagban\/#primaryimage","url":"https:\/\/d2p6e6u75xmxt8.cloudfront.net\/12\/2021\/12\/Worst-cycle-lane-Czechia-CVR.jpg","contentUrl":"https:\/\/d2p6e6u75xmxt8.cloudfront.net\/12\/2021\/12\/Worst-cycle-lane-Czechia-CVR.jpg","width":1366,"height":600,"caption":"Wost cycle lanes in Czechia"},{"@type":"BreadcrumbList","@id":"https:\/\/www.welovecycling.com\/hu\/varosi-kerekparozas\/8-legrosszabb-bicikliut-csehorszagban\/#breadcrumb","itemListElement":[{"@type":"ListItem","position":1,"name":"Home","item":"https:\/\/www.welovecycling.com\/hu\/"},{"@type":"ListItem","position":2,"name":"A 8 legrosszabb bicikli\u00fat Csehorsz\u00e1gban"}]},{"@type":"WebSite","@id":"https:\/\/www.welovecycling.com\/hu\/#website","url":"https:\/\/www.welovecycling.com\/hu\/","name":"\u0160koda We Love Cycling - Magyarorsz\u00e1g","description":"\u0160koda WeLoveCycling","potentialAction":[{"@type":"SearchAction","target":{"@type":"EntryPoint","urlTemplate":"https:\/\/www.welovecycling.com\/hu\/?s={search_term_string}"},"query-input":{"@type":"PropertyValueSpecification","valueRequired":true,"valueName":"search_term_string"}}],"inLanguage":"hu"},{"@type":"Person","@id":"https:\/\/www.welovecycling.com\/hu\/#\/schema\/person\/414a2aebf1801691a5320edb6468e194","name":"hegyizs","image":{"@type":"ImageObject","inLanguage":"hu","@id":"https:\/\/www.welovecycling.com\/hu\/#\/schema\/person\/image\/","url":"https:\/\/secure.gravatar.com\/avatar\/02cf8a7906b8cf90cecb4679defac7cfd33a1c2e3b88e4903d947f3bb58eedd3?s=96&d=mm&r=g","contentUrl":"https:\/\/secure.gravatar.com\/avatar\/02cf8a7906b8cf90cecb4679defac7cfd33a1c2e3b88e4903d947f3bb58eedd3?s=96&d=mm&r=g","caption":"hegyizs"},"url":"https:\/\/www.welovecycling.com\/hu\/author\/hegyizs\/"}]}},"_links":{"self":[{"href":"https:\/\/www.welovecycling.com\/hu\/wp-json\/wp\/v2\/posts\/13159","targetHints":{"allow":["GET"]}}],"collection":[{"href":"https:\/\/www.welovecycling.com\/hu\/wp-json\/wp\/v2\/posts"}],"about":[{"href":"https:\/\/www.welovecycling.com\/hu\/wp-json\/wp\/v2\/types\/post"}],"author":[{"embeddable":true,"href":"https:\/\/www.welovecycling.com\/hu\/wp-json\/wp\/v2\/users\/71"}],"replies":[{"embeddable":true,"href":"https:\/\/www.welovecycling.com\/hu\/wp-json\/wp\/v2\/comments?post=13159"}],"version-history":[{"count":2,"href":"https:\/\/www.welovecycling.com\/hu\/wp-json\/wp\/v2\/posts\/13159\/revisions"}],"predecessor-version":[{"id":13189,"href":"https:\/\/www.welovecycling.com\/hu\/wp-json\/wp\/v2\/posts\/13159\/revisions\/13189"}],"wp:featuredmedia":[{"embeddable":true,"href":"https:\/\/www.welovecycling.com\/hu\/wp-json\/wp\/v2\/media\/13169"}],"wp:attachment":[{"href":"https:\/\/www.welovecycling.com\/hu\/wp-json\/wp\/v2\/media?parent=13159"}],"wp:term":[{"taxonomy":"category","embeddable":true,"href":"https:\/\/www.welovecycling.com\/hu\/wp-json\/wp\/v2\/categories?post=13159"},{"taxonomy":"post_tag","embeddable":true,"href":"https:\/\/www.welovecycling.com\/hu\/wp-json\/wp\/v2\/tags?post=13159"},{"taxonomy":"global-categories","embeddable":true,"href":"https:\/\/www.welovecycling.com\/hu\/wp-json\/wp\/v2\/global-categories?post=13159"}],"curies":[{"name":"wp","href":"https:\/\/api.w.org\/{rel}","templated":true}]}}