{"id":13151,"date":"2021-12-15T08:00:11","date_gmt":"2021-12-15T06:00:11","guid":{"rendered":"https:\/\/www.welovecycling.com\/hu\/?p=13151"},"modified":"2021-12-10T16:11:04","modified_gmt":"2021-12-10T14:11:04","slug":"a-legjobb-bringas-karacsonyi-ajandekok-gyerekeknek","status":"publish","type":"post","link":"https:\/\/www.welovecycling.com\/hu\/kozosseg-es-kultura\/a-legjobb-bringas-karacsonyi-ajandekok-gyerekeknek\/","title":{"rendered":"A legjobb bring\u00e1s kar\u00e1csonyi aj\u00e1nd\u00e9kok gyerekeknek"},"content":{"rendered":"<p><strong>Sokkal k\u00f6nnyebb aj\u00e1nd\u00e9kot venni szeretteidnek, ha van egy szenved\u00e9ly\u00fck, mint amilyen a bring\u00e1z\u00e1s. Ezzel lehet\u0151s\u00e9gek v\u00e9gtelen t\u00e1rh\u00e1za ny\u00edlik meg. Olyan dolgok ker\u00fclhetnek a fa al\u00e1, melyek megk\u00f6nny\u00edtik \u00e9s \u00e9lvezetesebb\u00e9 teszik kedvelt hobbijukat, vagy eml\u00e9kezteti \u0151ket egy kellemes \u00e9lm\u00e9nyre. Inspir\u00e1l\u00f3dj a mi \u00f6tleteinkb\u0151l!<\/strong><\/p>\n<p><!--more--><\/p>\n<h2><strong>Cseng\u0151 \u00e9s k\u00fcrt<\/strong><\/h2>\n<p>Sokszor \u00fagy \u00e9rezz\u00fck, a gyerekek mindent szeretnek, ami nagy zajt csap, \u00e9s bicikliz\u00e9s k\u00f6zben ez m\u00e9g j\u00f3l is j\u00f6het. Amikor \u00e9ppen egy csal\u00e1di kir\u00e1ndul\u00e1son n\u00e9zel\u0151d\u0151 csal\u00e1d fel\u00e9 sz\u00e1guldanak, egy cseng\u0151 vagy k\u00fcrt megmentheti a helyzetet. Mindenf\u00e9le form\u00e1ban \u00e9s sz\u00ednben kaphat\u00f3k, ami azt jelenti, hogy mindenki megtal\u00e1lja a hozz\u00e1 ill\u0151t.<\/p>\n<figure id=\"attachment_13152\" aria-describedby=\"caption-attachment-13152\" style=\"width: 1054px\" class=\"wp-caption alignnone\"><a href=\"https:\/\/d2p6e6u75xmxt8.cloudfront.net\/12\/2021\/12\/kids-bicycle-bell.jpg\"><img loading=\"lazy\" decoding=\"async\" class=\"wp-image-13152 size-full\" src=\"https:\/\/d2p6e6u75xmxt8.cloudfront.net\/12\/2021\/12\/kids-bicycle-bell.jpg\" alt=\"Bicycle bell for children\" width=\"1054\" height=\"791\" srcset=\"https:\/\/d2p6e6u75xmxt8.cloudfront.net\/12\/2021\/12\/kids-bicycle-bell.jpg 1054w, https:\/\/d2p6e6u75xmxt8.cloudfront.net\/12\/2021\/12\/kids-bicycle-bell-300x225.jpg 300w, https:\/\/d2p6e6u75xmxt8.cloudfront.net\/12\/2021\/12\/kids-bicycle-bell-1024x768.jpg 1024w, https:\/\/d2p6e6u75xmxt8.cloudfront.net\/12\/2021\/12\/kids-bicycle-bell-768x576.jpg 768w\" sizes=\"auto, (max-width: 1054px) 100vw, 1054px\" \/><\/a><figcaption id=\"caption-attachment-13152\" class=\"wp-caption-text\">Halfords Kiddmoto Bell<\/figcaption><\/figure>\n<h2><strong>Szem\u00e9lyre szabott csal\u00e1di fot\u00f3<\/strong><\/h2>\n<p>Ha a csal\u00e1dban mindenkinek van saj\u00e1t ker\u00e9kp\u00e1rja, mi\u00e9rt ne lehetne bel\u0151l\u00fck <a href=\"https:\/\/www.notonthehighstreet.com\/thisisnessie\/product\/personalised-family-bike-print\">valami m\u0171v\u00e9szit alkotni<\/a>, \u00e9s b\u00fcszk\u00e9n kihelyezni az \u00e9tkez\u0151asztal f\u00f6l\u00e9?<\/p>\n<h2><strong>Cs\u0151s\u00e1l<\/strong><\/h2>\n<p>Senki sem szereti, ha f\u00e1zik a nyaka (vagy a feje, a csukl\u00f3ja, a f\u00fcle, vagy b\u00e1rmilyen m\u00e1s testr\u00e9sze, amit egy cs\u0151s\u00e1llal meleg\u00edteni lehet), kiv\u00e9ve tal\u00e1n a gyerekeket, akiket sokszor egy\u00e1ltal\u00e1n nem zavar a hideg: sim\u00e1n kimennek a fagyba is kab\u00e1t n\u00e9lk\u00fcl. De mi lenne, ha s\u00e1ljukon kedvenc szuperh\u0151s\u00fck szerepelne? Vagy egy sz\u00ednes festm\u00e9ny? Lehet, hogy sz\u00edvesebben felvenn\u00e9k! T\u00f6k\u00e9letes aj\u00e1nd\u00e9k sz\u00e1mukra \u00e9s a sz\u00fcl\u0151k sz\u00e1m\u00e1ra is, hiszen nemcsak j\u00f3l n\u00e9z ki, de meg is v\u00e9di a gyerekeket a hidegt\u0151l.<br \/>\n<figure id=\"attachment_13153\" aria-describedby=\"caption-attachment-13153\" style=\"width: 1168px\" class=\"wp-caption alignnone\"><a href=\"https:\/\/d2p6e6u75xmxt8.cloudfront.net\/12\/2021\/12\/Neck-gaiter.jpg\"><img loading=\"lazy\" decoding=\"async\" class=\"wp-image-13153 size-full\" src=\"https:\/\/d2p6e6u75xmxt8.cloudfront.net\/12\/2021\/12\/Neck-gaiter.jpg\" alt=\"\" width=\"1168\" height=\"1032\" srcset=\"https:\/\/d2p6e6u75xmxt8.cloudfront.net\/12\/2021\/12\/Neck-gaiter.jpg 1168w, https:\/\/d2p6e6u75xmxt8.cloudfront.net\/12\/2021\/12\/Neck-gaiter-300x265.jpg 300w, https:\/\/d2p6e6u75xmxt8.cloudfront.net\/12\/2021\/12\/Neck-gaiter-1024x905.jpg 1024w, https:\/\/d2p6e6u75xmxt8.cloudfront.net\/12\/2021\/12\/Neck-gaiter-768x679.jpg 768w\" sizes=\"auto, (max-width: 1168px) 100vw, 1168px\" \/><\/a><figcaption id=\"caption-attachment-13153\" class=\"wp-caption-text\">Buff Original EcoStretch Neckwear, W-Paint Multi<\/figcaption><\/figure><\/p>\n<h2><strong>Ujjatlan keszty\u0171<\/strong><\/h2>\n<p>Ugyanez mondhat\u00f3 el a keszty\u0171kr\u0151l is. Akiknek m\u00e1r volt szerencs\u00e9je \u00e1trep\u00fclni a korm\u00e1nyon \u00e9s megtapasztalni milyen \u00e9rz\u00e9s, amikor lehorzsol\u00f3dik a tenyere, az tudja, mennyire fontos a keszty\u0171. Megk\u00f6nny\u00edtheti az \u00e9let\u00fcnket, ha a kicsiknek is van egy ujjatlan p\u00e1rja, lehet\u0151leg valami sz\u00ednes \u00e9s mint\u00e1s, amit le sem akarnak venni!<\/p>\n<h2><strong>Mint\u00e1s sisak<\/strong><\/h2>\n<p>Szint\u00e9n hozz\u00e1j\u00e1rul a biztons\u00e1ghoz, ha olyan sisakot kapnak, amit sz\u00edvesen vesznek fel. Lehet LEGO-mint\u00e1j\u00fa vagy Mikul\u00e1sos! S\u0151t, ha szeretn\u00e9nek kicsit vadulni, de nem engeded, hogy leborotv\u00e1lj\u00e1k a fej\u00fcket, egy <a href=\"https:\/\/www.helmetheads.co.uk\/full-helmet-covers\">mohawk-os sisak<\/a> lehet a kompromisszum.<\/p>\n<figure id=\"attachment_13154\" aria-describedby=\"caption-attachment-13154\" style=\"width: 550px\" class=\"wp-caption alignnone\"><a href=\"https:\/\/d2p6e6u75xmxt8.cloudfront.net\/12\/2021\/12\/LEGO-helmet-cover.jpeg\"><img loading=\"lazy\" decoding=\"async\" class=\"wp-image-13154 size-full\" src=\"https:\/\/d2p6e6u75xmxt8.cloudfront.net\/12\/2021\/12\/LEGO-helmet-cover.jpeg\" alt=\"Bicycle helmet cover\" width=\"550\" height=\"550\" srcset=\"https:\/\/d2p6e6u75xmxt8.cloudfront.net\/12\/2021\/12\/LEGO-helmet-cover.jpeg 550w, https:\/\/d2p6e6u75xmxt8.cloudfront.net\/12\/2021\/12\/LEGO-helmet-cover-300x300.jpeg 300w, https:\/\/d2p6e6u75xmxt8.cloudfront.net\/12\/2021\/12\/LEGO-helmet-cover-150x150.jpeg 150w\" sizes=\"auto, (max-width: 550px) 100vw, 550px\" \/><\/a><figcaption id=\"caption-attachment-13154\" class=\"wp-caption-text\">Helmet Heads Coolcasc &#8211; Blocks Helmet Cover<\/figcaption><\/figure>\n<h2><strong>K\u00f6nyvek<\/strong><\/h2>\n<p>Kisebbeknek \u00e9s nagyobbaknak is rengeteg bring\u00e1s k\u00f6nyvet tal\u00e1lsz, amivel egyszerre k\u00e9t szuper hobbit is t\u00e1mogatsz: az olvas\u00e1st \u00e9s a sportol\u00e1st. A <a href=\"https:\/\/www.welovecycling.com\/hu\/kozosseg-es-kultura\/elore-a-szavak-utjan-5-bringas-konyv-amit-el-kell-olvasnod\/\">mi kedvenceinket itt tal\u00e1lod<\/a>.<\/p>\n<p><a href=\"https:\/\/d2p6e6u75xmxt8.cloudfront.net\/12\/2021\/12\/Tiny-the-cycling-fox-book.jpg\"><img loading=\"lazy\" decoding=\"async\" class=\"alignnone size-full wp-image-13155\" src=\"https:\/\/d2p6e6u75xmxt8.cloudfront.net\/12\/2021\/12\/Tiny-the-cycling-fox-book.jpg\" alt=\"Tiny, the cycling fox\" width=\"1334\" height=\"1170\" srcset=\"https:\/\/d2p6e6u75xmxt8.cloudfront.net\/12\/2021\/12\/Tiny-the-cycling-fox-book.jpg 1334w, https:\/\/d2p6e6u75xmxt8.cloudfront.net\/12\/2021\/12\/Tiny-the-cycling-fox-book-300x263.jpg 300w, https:\/\/d2p6e6u75xmxt8.cloudfront.net\/12\/2021\/12\/Tiny-the-cycling-fox-book-1024x898.jpg 1024w, https:\/\/d2p6e6u75xmxt8.cloudfront.net\/12\/2021\/12\/Tiny-the-cycling-fox-book-768x674.jpg 768w\" sizes=\"auto, (max-width: 1334px) 100vw, 1334px\" \/><\/a><\/p>\n<h2><strong>Korm\u00e1nyszalagok<\/strong><\/h2>\n<p>Semmi sem olyan men\u0151, mint a menetsz\u00e9lben lobog\u00f3 szalagok a korm\u00e1ny v\u00e9g\u00e9n. T\u00f6bbf\u00e9le sz\u00ednben \u00e9s kombin\u00e1ci\u00f3ban kaphat\u00f3ak, \u00edgy olyat v\u00e1laszthatsz, ami passzol a gyerekekhez \u00e9s biciklijeikhez is!<\/p>\n<h2><strong>GoPro<\/strong><\/h2>\n<p>Az id\u0151sebb, tapasztaltabb ker\u00e9kp\u00e1rosok, akik szeretnek terepen is biciklizni, biztosan nagyon fognak \u00f6r\u00fclni egy eszk\u00f6znek, amivel megfilmes\u00edthetik kalandjaikat. R\u00f6gz\u00edthet\u0151 sisakra vagy mellkasra, \u00e9s nagyszer\u0171 felv\u00e9teleket k\u00e9sz\u00edt egy izgalmas YouTube-vide\u00f3hoz. Lehet, hogy te neveled a k\u00f6vetkez\u0151 Rachel Athertont?<\/p>\n<p><a href=\"https:\/\/d2p6e6u75xmxt8.cloudfront.net\/12\/2021\/03\/GoPro.jpg\"><img loading=\"lazy\" decoding=\"async\" class=\"alignnone size-full wp-image-10377\" src=\"https:\/\/d2p6e6u75xmxt8.cloudfront.net\/12\/2021\/03\/GoPro.jpg\" alt=\"GoPro\" width=\"1012\" height=\"722\" srcset=\"https:\/\/d2p6e6u75xmxt8.cloudfront.net\/12\/2021\/03\/GoPro.jpg 1012w, https:\/\/d2p6e6u75xmxt8.cloudfront.net\/12\/2021\/03\/GoPro-300x214.jpg 300w, https:\/\/d2p6e6u75xmxt8.cloudfront.net\/12\/2021\/03\/GoPro-768x548.jpg 768w\" sizes=\"auto, (max-width: 1012px) 100vw, 1012px\" \/><\/a><\/p>\n<h2><strong>Gyerek okos\u00f3ra<\/strong><\/h2>\n<p>Ma m\u00e1r sokan hordanak okos\u00f3r\u00e1t, \u00e9s nem v\u00e9letlen\u00fcl, hiszen nagy seg\u00edts\u00e9get ny\u00fajtanak a mindennapi \u00e9letben. Lehet, hogy gyermeked m\u00e9g t\u00fal kicsi egy mobiltelefonhoz, de egy okos\u00f3ra sz\u00e1mos el\u0151ny\u00e9t \u00e9lvezheti. Ha ker\u00e9kp\u00e1roz\u00e1shoz haszn\u00e1lj\u00e1k, l\u00e1thatj\u00e1k a teljes\u00edtm\u00e9ny\u00fcket, sebess\u00e9g\u00fcket \u00e9s pulzusukat, \u00edgy jobban tudnak fejl\u0151dni. Ha pedig nem annyira \u00e9rdeklik \u0151ket ezek az adatok, akkor is hasznos lehet, hogy nyomon tudod k\u00f6vetni, gyermeked \u00e9pp merre j\u00e1r, s\u0151t, n\u00e9melyiken m\u00e9g seg\u00e9lyh\u00edv\u00f3 funkci\u00f3 is tal\u00e1lhat\u00f3.<\/p>\n<figure id=\"attachment_13156\" aria-describedby=\"caption-attachment-13156\" style=\"width: 1075px\" class=\"wp-caption alignnone\"><a href=\"https:\/\/d2p6e6u75xmxt8.cloudfront.net\/12\/2021\/12\/fitbit.jpg\"><img loading=\"lazy\" decoding=\"async\" class=\"size-full wp-image-13156\" src=\"https:\/\/d2p6e6u75xmxt8.cloudfront.net\/12\/2021\/12\/fitbit.jpg\" alt=\"Fitbit smart watch\" width=\"1075\" height=\"1252\" srcset=\"https:\/\/d2p6e6u75xmxt8.cloudfront.net\/12\/2021\/12\/fitbit.jpg 1075w, https:\/\/d2p6e6u75xmxt8.cloudfront.net\/12\/2021\/12\/fitbit-258x300.jpg 258w, https:\/\/d2p6e6u75xmxt8.cloudfront.net\/12\/2021\/12\/fitbit-879x1024.jpg 879w, https:\/\/d2p6e6u75xmxt8.cloudfront.net\/12\/2021\/12\/fitbit-768x894.jpg 768w\" sizes=\"auto, (max-width: 1075px) 100vw, 1075px\" \/><\/a><figcaption id=\"caption-attachment-13156\" class=\"wp-caption-text\">Fitbit Ace 3 Activity Tracker for Kids 6+<\/figcaption><\/figure>\n<h2><strong>K\u00fcll\u0151 vil\u00e1g\u00edt\u00e1s<\/strong><\/h2>\n<p>A gyerekek im\u00e1dj\u00e1k a vil\u00e1g\u00edt\u00f3 dolgokat! Eml\u00e9kszel m\u00e9g a vil\u00e1g\u00edt\u00f3s tornacip\u0151kre? A ker\u00e9kp\u00e1rjuk is villoghat mindenf\u00e9le sz\u00ednben, ha beszerzel egy k\u00fcll\u0151vil\u00e1g\u00edt\u00e1st, ami akkor l\u00e9p m\u0171k\u00f6d\u00e9sbe, ha tekerni kezdenek. Szuper\u00fcl n\u00e9z ki \u00e9s m\u00e9g j\u00f3l l\u00e1that\u00f3v\u00e1 is teszi a gyerekeket!<\/p>\n<h2><strong>Biciklis zoknik<\/strong><\/h2>\n<p>A zokni elengedhetetlen kar\u00e1csonyi aj\u00e1nd\u00e9k, id\u0151tlen klasszis, amit a csal\u00e1d b\u00e1rmelyik tagj\u00e1nak odaadhatsz. Senki sem fog panaszkodni, ha \u00faj zoknit kap, f\u0151leg akkor nem, ha men\u0151 bring\u00e1s mint\u00e1k vannak rajta! Nem foghatsz vele mell\u00e9! \ud83d\ude42<\/p>\n","protected":false},"excerpt":{"rendered":"<p>Sokkal k\u00f6nnyebb aj\u00e1nd\u00e9kot venni szeretteidnek, ha van egy szenved\u00e9ly\u00fck, mint amilyen a bring\u00e1z\u00e1s. Ezzel lehet\u0151s\u00e9gek v\u00e9gtelen t\u00e1rh\u00e1za ny\u00edlik meg. Olyan [&hellip;]<\/p>\n","protected":false},"author":71,"featured_media":13158,"comment_status":"open","ping_status":"open","sticky":false,"template":"","format":"standard","meta":{"footnotes":""},"categories":[12],"tags":[],"global-categories":[],"class_list":["post-13151","post","type-post","status-publish","format-standard","has-post-thumbnail","hentry","category-kozosseg-es-kultura"],"yoast_head":"<!-- This site is optimized with the Yoast SEO Premium plugin v25.3 (Yoast SEO v25.9) - https:\/\/yoast.com\/wordpress\/plugins\/seo\/ -->\n<title>A legjobb bring\u00e1s kar\u00e1csonyi aj\u00e1nd\u00e9kok gyerekeknek<\/title>\n<meta name=\"description\" content=\"Sokkal k\u00f6nnyebb aj\u00e1nd\u00e9kot venni szeretteidnek, ha van egy szenved\u00e9ly\u00fck, mint amilyen a bring\u00e1z\u00e1s. Ezzel lehet\u0151s\u00e9gek v\u00e9gtelen t\u00e1rh\u00e1za ny\u00edlik meg. Olyan dolgok ker\u00fclhetnek a fa al\u00e1, melyek megk\u00f6nny\u00edtik \u00e9s \u00e9lvezetesebb\u00e9 teszik kedvelt hobbijukat, vagy eml\u00e9kezteti \u0151ket egy kellemes \u00e9lm\u00e9nyre. Inspir\u00e1l\u00f3dj a mi \u00f6tleteinkb\u0151l!\" \/>\n<meta name=\"robots\" content=\"index, follow, max-snippet:-1, max-image-preview:large, max-video-preview:-1\" \/>\n<link rel=\"canonical\" href=\"https:\/\/www.welovecycling.com\/hu\/kozosseg-es-kultura\/a-legjobb-bringas-karacsonyi-ajandekok-gyerekeknek\/\" \/>\n<meta property=\"og:locale\" content=\"hu_HU\" \/>\n<meta property=\"og:type\" content=\"article\" \/>\n<meta property=\"og:title\" content=\"A legjobb bring\u00e1s kar\u00e1csonyi aj\u00e1nd\u00e9kok gyerekeknek\" \/>\n<meta property=\"og:description\" content=\"Sokkal k\u00f6nnyebb aj\u00e1nd\u00e9kot venni szeretteidnek, ha van egy szenved\u00e9ly\u00fck, mint amilyen a bring\u00e1z\u00e1s. Ezzel lehet\u0151s\u00e9gek v\u00e9gtelen t\u00e1rh\u00e1za ny\u00edlik meg. Olyan dolgok ker\u00fclhetnek a fa al\u00e1, melyek megk\u00f6nny\u00edtik \u00e9s \u00e9lvezetesebb\u00e9 teszik kedvelt hobbijukat, vagy eml\u00e9kezteti \u0151ket egy kellemes \u00e9lm\u00e9nyre. Inspir\u00e1l\u00f3dj a mi \u00f6tleteinkb\u0151l!\" \/>\n<meta property=\"og:url\" content=\"https:\/\/www.welovecycling.com\/hu\/kozosseg-es-kultura\/a-legjobb-bringas-karacsonyi-ajandekok-gyerekeknek\/\" \/>\n<meta property=\"og:site_name\" content=\"\u0160koda We Love Cycling - Magyarorsz\u00e1g\" \/>\n<meta property=\"article:publisher\" content=\"https:\/\/www.facebook.com\/WeLoveCyclingHungary\/\" \/>\n<meta property=\"article:published_time\" content=\"2021-12-15T06:00:11+00:00\" \/>\n<meta property=\"og:image\" content=\"https:\/\/d2p6e6u75xmxt8.cloudfront.net\/12\/2021\/12\/Christmas-Tree-CVR-profimedia-0403287753.jpg\" \/>\n\t<meta property=\"og:image:width\" content=\"1366\" \/>\n\t<meta property=\"og:image:height\" content=\"600\" \/>\n\t<meta property=\"og:image:type\" content=\"image\/jpeg\" \/>\n<meta name=\"author\" content=\"hegyizs\" \/>\n<meta name=\"twitter:card\" content=\"summary_large_image\" \/>\n<meta name=\"twitter:label1\" content=\"Written by\" \/>\n\t<meta name=\"twitter:data1\" content=\"Charlotte Murray\" \/>\n\t<meta name=\"twitter:label2\" content=\"Est. reading time\" \/>\n\t<meta name=\"twitter:data2\" content=\"6\" \/>\n<script type=\"application\/ld+json\" class=\"yoast-schema-graph\">{\"@context\":\"https:\/\/schema.org\",\"@graph\":[{\"@type\":\"WebPage\",\"@id\":\"https:\/\/www.welovecycling.com\/hu\/kozosseg-es-kultura\/a-legjobb-bringas-karacsonyi-ajandekok-gyerekeknek\/\",\"url\":\"https:\/\/www.welovecycling.com\/hu\/kozosseg-es-kultura\/a-legjobb-bringas-karacsonyi-ajandekok-gyerekeknek\/\",\"name\":\"A legjobb bring\u00e1s kar\u00e1csonyi aj\u00e1nd\u00e9kok gyerekeknek\",\"isPartOf\":{\"@id\":\"https:\/\/www.welovecycling.com\/hu\/#website\"},\"primaryImageOfPage\":{\"@id\":\"https:\/\/www.welovecycling.com\/hu\/kozosseg-es-kultura\/a-legjobb-bringas-karacsonyi-ajandekok-gyerekeknek\/#primaryimage\"},\"image\":{\"@id\":\"https:\/\/www.welovecycling.com\/hu\/kozosseg-es-kultura\/a-legjobb-bringas-karacsonyi-ajandekok-gyerekeknek\/#primaryimage\"},\"thumbnailUrl\":\"https:\/\/d2p6e6u75xmxt8.cloudfront.net\/12\/2021\/12\/Christmas-Tree-CVR-profimedia-0403287753.jpg\",\"datePublished\":\"2021-12-15T06:00:11+00:00\",\"author\":{\"@id\":\"https:\/\/www.welovecycling.com\/hu\/#\/schema\/person\/414a2aebf1801691a5320edb6468e194\"},\"description\":\"Sokkal k\u00f6nnyebb aj\u00e1nd\u00e9kot venni szeretteidnek, ha van egy szenved\u00e9ly\u00fck, mint amilyen a bring\u00e1z\u00e1s. Ezzel lehet\u0151s\u00e9gek v\u00e9gtelen t\u00e1rh\u00e1za ny\u00edlik meg. Olyan dolgok ker\u00fclhetnek a fa al\u00e1, melyek megk\u00f6nny\u00edtik \u00e9s \u00e9lvezetesebb\u00e9 teszik kedvelt hobbijukat, vagy eml\u00e9kezteti \u0151ket egy kellemes \u00e9lm\u00e9nyre. Inspir\u00e1l\u00f3dj a mi \u00f6tleteinkb\u0151l!\",\"breadcrumb\":{\"@id\":\"https:\/\/www.welovecycling.com\/hu\/kozosseg-es-kultura\/a-legjobb-bringas-karacsonyi-ajandekok-gyerekeknek\/#breadcrumb\"},\"inLanguage\":\"hu\",\"potentialAction\":[{\"@type\":\"ReadAction\",\"target\":[\"https:\/\/www.welovecycling.com\/hu\/kozosseg-es-kultura\/a-legjobb-bringas-karacsonyi-ajandekok-gyerekeknek\/\"]}]},{\"@type\":\"ImageObject\",\"inLanguage\":\"hu\",\"@id\":\"https:\/\/www.welovecycling.com\/hu\/kozosseg-es-kultura\/a-legjobb-bringas-karacsonyi-ajandekok-gyerekeknek\/#primaryimage\",\"url\":\"https:\/\/d2p6e6u75xmxt8.cloudfront.net\/12\/2021\/12\/Christmas-Tree-CVR-profimedia-0403287753.jpg\",\"contentUrl\":\"https:\/\/d2p6e6u75xmxt8.cloudfront.net\/12\/2021\/12\/Christmas-Tree-CVR-profimedia-0403287753.jpg\",\"width\":1366,\"height\":600},{\"@type\":\"BreadcrumbList\",\"@id\":\"https:\/\/www.welovecycling.com\/hu\/kozosseg-es-kultura\/a-legjobb-bringas-karacsonyi-ajandekok-gyerekeknek\/#breadcrumb\",\"itemListElement\":[{\"@type\":\"ListItem\",\"position\":1,\"name\":\"Home\",\"item\":\"https:\/\/www.welovecycling.com\/hu\/\"},{\"@type\":\"ListItem\",\"position\":2,\"name\":\"A legjobb bring\u00e1s kar\u00e1csonyi aj\u00e1nd\u00e9kok gyerekeknek\"}]},{\"@type\":\"WebSite\",\"@id\":\"https:\/\/www.welovecycling.com\/hu\/#website\",\"url\":\"https:\/\/www.welovecycling.com\/hu\/\",\"name\":\"\u0160koda We Love Cycling - Magyarorsz\u00e1g\",\"description\":\"\u0160koda WeLoveCycling\",\"potentialAction\":[{\"@type\":\"SearchAction\",\"target\":{\"@type\":\"EntryPoint\",\"urlTemplate\":\"https:\/\/www.welovecycling.com\/hu\/?s={search_term_string}\"},\"query-input\":{\"@type\":\"PropertyValueSpecification\",\"valueRequired\":true,\"valueName\":\"search_term_string\"}}],\"inLanguage\":\"hu\"},{\"@type\":\"Person\",\"@id\":\"https:\/\/www.welovecycling.com\/hu\/#\/schema\/person\/414a2aebf1801691a5320edb6468e194\",\"name\":\"hegyizs\",\"image\":{\"@type\":\"ImageObject\",\"inLanguage\":\"hu\",\"@id\":\"https:\/\/www.welovecycling.com\/hu\/#\/schema\/person\/image\/\",\"url\":\"https:\/\/secure.gravatar.com\/avatar\/02cf8a7906b8cf90cecb4679defac7cfd33a1c2e3b88e4903d947f3bb58eedd3?s=96&d=mm&r=g\",\"contentUrl\":\"https:\/\/secure.gravatar.com\/avatar\/02cf8a7906b8cf90cecb4679defac7cfd33a1c2e3b88e4903d947f3bb58eedd3?s=96&d=mm&r=g\",\"caption\":\"hegyizs\"},\"url\":\"https:\/\/www.welovecycling.com\/hu\/author\/hegyizs\/\"}]}<\/script>\n<!-- \/ Yoast SEO Premium plugin. -->","yoast_head_json":{"title":"A legjobb bring\u00e1s kar\u00e1csonyi aj\u00e1nd\u00e9kok gyerekeknek","description":"Sokkal k\u00f6nnyebb aj\u00e1nd\u00e9kot venni szeretteidnek, ha van egy szenved\u00e9ly\u00fck, mint amilyen a bring\u00e1z\u00e1s. Ezzel lehet\u0151s\u00e9gek v\u00e9gtelen t\u00e1rh\u00e1za ny\u00edlik meg. Olyan dolgok ker\u00fclhetnek a fa al\u00e1, melyek megk\u00f6nny\u00edtik \u00e9s \u00e9lvezetesebb\u00e9 teszik kedvelt hobbijukat, vagy eml\u00e9kezteti \u0151ket egy kellemes \u00e9lm\u00e9nyre. Inspir\u00e1l\u00f3dj a mi \u00f6tleteinkb\u0151l!","robots":{"index":"index","follow":"follow","max-snippet":"max-snippet:-1","max-image-preview":"max-image-preview:large","max-video-preview":"max-video-preview:-1"},"canonical":"https:\/\/www.welovecycling.com\/hu\/kozosseg-es-kultura\/a-legjobb-bringas-karacsonyi-ajandekok-gyerekeknek\/","og_locale":"hu_HU","og_type":"article","og_title":"A legjobb bring\u00e1s kar\u00e1csonyi aj\u00e1nd\u00e9kok gyerekeknek","og_description":"Sokkal k\u00f6nnyebb aj\u00e1nd\u00e9kot venni szeretteidnek, ha van egy szenved\u00e9ly\u00fck, mint amilyen a bring\u00e1z\u00e1s. Ezzel lehet\u0151s\u00e9gek v\u00e9gtelen t\u00e1rh\u00e1za ny\u00edlik meg. Olyan dolgok ker\u00fclhetnek a fa al\u00e1, melyek megk\u00f6nny\u00edtik \u00e9s \u00e9lvezetesebb\u00e9 teszik kedvelt hobbijukat, vagy eml\u00e9kezteti \u0151ket egy kellemes \u00e9lm\u00e9nyre. Inspir\u00e1l\u00f3dj a mi \u00f6tleteinkb\u0151l!","og_url":"https:\/\/www.welovecycling.com\/hu\/kozosseg-es-kultura\/a-legjobb-bringas-karacsonyi-ajandekok-gyerekeknek\/","og_site_name":"\u0160koda We Love Cycling - Magyarorsz\u00e1g","article_publisher":"https:\/\/www.facebook.com\/WeLoveCyclingHungary\/","article_published_time":"2021-12-15T06:00:11+00:00","og_image":[{"width":1366,"height":600,"url":"https:\/\/d2p6e6u75xmxt8.cloudfront.net\/12\/2021\/12\/Christmas-Tree-CVR-profimedia-0403287753.jpg","type":"image\/jpeg"}],"author":"hegyizs","twitter_card":"summary_large_image","twitter_misc":{"Written by":"Charlotte Murray","Est. reading time":"6"},"schema":{"@context":"https:\/\/schema.org","@graph":[{"@type":"WebPage","@id":"https:\/\/www.welovecycling.com\/hu\/kozosseg-es-kultura\/a-legjobb-bringas-karacsonyi-ajandekok-gyerekeknek\/","url":"https:\/\/www.welovecycling.com\/hu\/kozosseg-es-kultura\/a-legjobb-bringas-karacsonyi-ajandekok-gyerekeknek\/","name":"A legjobb bring\u00e1s kar\u00e1csonyi aj\u00e1nd\u00e9kok gyerekeknek","isPartOf":{"@id":"https:\/\/www.welovecycling.com\/hu\/#website"},"primaryImageOfPage":{"@id":"https:\/\/www.welovecycling.com\/hu\/kozosseg-es-kultura\/a-legjobb-bringas-karacsonyi-ajandekok-gyerekeknek\/#primaryimage"},"image":{"@id":"https:\/\/www.welovecycling.com\/hu\/kozosseg-es-kultura\/a-legjobb-bringas-karacsonyi-ajandekok-gyerekeknek\/#primaryimage"},"thumbnailUrl":"https:\/\/d2p6e6u75xmxt8.cloudfront.net\/12\/2021\/12\/Christmas-Tree-CVR-profimedia-0403287753.jpg","datePublished":"2021-12-15T06:00:11+00:00","author":{"@id":"https:\/\/www.welovecycling.com\/hu\/#\/schema\/person\/414a2aebf1801691a5320edb6468e194"},"description":"Sokkal k\u00f6nnyebb aj\u00e1nd\u00e9kot venni szeretteidnek, ha van egy szenved\u00e9ly\u00fck, mint amilyen a bring\u00e1z\u00e1s. Ezzel lehet\u0151s\u00e9gek v\u00e9gtelen t\u00e1rh\u00e1za ny\u00edlik meg. Olyan dolgok ker\u00fclhetnek a fa al\u00e1, melyek megk\u00f6nny\u00edtik \u00e9s \u00e9lvezetesebb\u00e9 teszik kedvelt hobbijukat, vagy eml\u00e9kezteti \u0151ket egy kellemes \u00e9lm\u00e9nyre. Inspir\u00e1l\u00f3dj a mi \u00f6tleteinkb\u0151l!","breadcrumb":{"@id":"https:\/\/www.welovecycling.com\/hu\/kozosseg-es-kultura\/a-legjobb-bringas-karacsonyi-ajandekok-gyerekeknek\/#breadcrumb"},"inLanguage":"hu","potentialAction":[{"@type":"ReadAction","target":["https:\/\/www.welovecycling.com\/hu\/kozosseg-es-kultura\/a-legjobb-bringas-karacsonyi-ajandekok-gyerekeknek\/"]}]},{"@type":"ImageObject","inLanguage":"hu","@id":"https:\/\/www.welovecycling.com\/hu\/kozosseg-es-kultura\/a-legjobb-bringas-karacsonyi-ajandekok-gyerekeknek\/#primaryimage","url":"https:\/\/d2p6e6u75xmxt8.cloudfront.net\/12\/2021\/12\/Christmas-Tree-CVR-profimedia-0403287753.jpg","contentUrl":"https:\/\/d2p6e6u75xmxt8.cloudfront.net\/12\/2021\/12\/Christmas-Tree-CVR-profimedia-0403287753.jpg","width":1366,"height":600},{"@type":"BreadcrumbList","@id":"https:\/\/www.welovecycling.com\/hu\/kozosseg-es-kultura\/a-legjobb-bringas-karacsonyi-ajandekok-gyerekeknek\/#breadcrumb","itemListElement":[{"@type":"ListItem","position":1,"name":"Home","item":"https:\/\/www.welovecycling.com\/hu\/"},{"@type":"ListItem","position":2,"name":"A legjobb bring\u00e1s kar\u00e1csonyi aj\u00e1nd\u00e9kok gyerekeknek"}]},{"@type":"WebSite","@id":"https:\/\/www.welovecycling.com\/hu\/#website","url":"https:\/\/www.welovecycling.com\/hu\/","name":"\u0160koda We Love Cycling - Magyarorsz\u00e1g","description":"\u0160koda WeLoveCycling","potentialAction":[{"@type":"SearchAction","target":{"@type":"EntryPoint","urlTemplate":"https:\/\/www.welovecycling.com\/hu\/?s={search_term_string}"},"query-input":{"@type":"PropertyValueSpecification","valueRequired":true,"valueName":"search_term_string"}}],"inLanguage":"hu"},{"@type":"Person","@id":"https:\/\/www.welovecycling.com\/hu\/#\/schema\/person\/414a2aebf1801691a5320edb6468e194","name":"hegyizs","image":{"@type":"ImageObject","inLanguage":"hu","@id":"https:\/\/www.welovecycling.com\/hu\/#\/schema\/person\/image\/","url":"https:\/\/secure.gravatar.com\/avatar\/02cf8a7906b8cf90cecb4679defac7cfd33a1c2e3b88e4903d947f3bb58eedd3?s=96&d=mm&r=g","contentUrl":"https:\/\/secure.gravatar.com\/avatar\/02cf8a7906b8cf90cecb4679defac7cfd33a1c2e3b88e4903d947f3bb58eedd3?s=96&d=mm&r=g","caption":"hegyizs"},"url":"https:\/\/www.welovecycling.com\/hu\/author\/hegyizs\/"}]}},"_links":{"self":[{"href":"https:\/\/www.welovecycling.com\/hu\/wp-json\/wp\/v2\/posts\/13151","targetHints":{"allow":["GET"]}}],"collection":[{"href":"https:\/\/www.welovecycling.com\/hu\/wp-json\/wp\/v2\/posts"}],"about":[{"href":"https:\/\/www.welovecycling.com\/hu\/wp-json\/wp\/v2\/types\/post"}],"author":[{"embeddable":true,"href":"https:\/\/www.welovecycling.com\/hu\/wp-json\/wp\/v2\/users\/71"}],"replies":[{"embeddable":true,"href":"https:\/\/www.welovecycling.com\/hu\/wp-json\/wp\/v2\/comments?post=13151"}],"version-history":[{"count":2,"href":"https:\/\/www.welovecycling.com\/hu\/wp-json\/wp\/v2\/posts\/13151\/revisions"}],"predecessor-version":[{"id":13186,"href":"https:\/\/www.welovecycling.com\/hu\/wp-json\/wp\/v2\/posts\/13151\/revisions\/13186"}],"wp:featuredmedia":[{"embeddable":true,"href":"https:\/\/www.welovecycling.com\/hu\/wp-json\/wp\/v2\/media\/13158"}],"wp:attachment":[{"href":"https:\/\/www.welovecycling.com\/hu\/wp-json\/wp\/v2\/media?parent=13151"}],"wp:term":[{"taxonomy":"category","embeddable":true,"href":"https:\/\/www.welovecycling.com\/hu\/wp-json\/wp\/v2\/categories?post=13151"},{"taxonomy":"post_tag","embeddable":true,"href":"https:\/\/www.welovecycling.com\/hu\/wp-json\/wp\/v2\/tags?post=13151"},{"taxonomy":"global-categories","embeddable":true,"href":"https:\/\/www.welovecycling.com\/hu\/wp-json\/wp\/v2\/global-categories?post=13151"}],"curies":[{"name":"wp","href":"https:\/\/api.w.org\/{rel}","templated":true}]}}