{"id":13143,"date":"2021-12-14T08:00:18","date_gmt":"2021-12-14T06:00:18","guid":{"rendered":"https:\/\/www.welovecycling.com\/hu\/?p=13143"},"modified":"2022-02-09T11:10:17","modified_gmt":"2022-02-09T09:10:17","slug":"kerekparos-paradicsom-vegigszantottuk-a-solden-trails-t-egy-skoda-kodiaq-sportline-kisereteben","status":"publish","type":"post","link":"https:\/\/www.welovecycling.com\/hu\/trekking-mtb\/kerekparos-paradicsom-vegigszantottuk-a-solden-trails-t-egy-skoda-kodiaq-sportline-kisereteben\/","title":{"rendered":"Ker\u00e9kp\u00e1ros-paradicsom: v\u00e9gigsz\u00e1ntottuk a S\u00f6lden trails-t egy \u0160koda KODIAQ SPORTLINE k\u00eds\u00e9ret\u00e9ben"},"content":{"rendered":"<p><strong>A buddhist\u00e1k \u00fagy tartj\u00e1k, hogy aki el akarja \u00e9rni a boldogs\u00e1got, annak jelen kell lennie itt \u00e9s most. \u00dagy d\u00f6nt\u00f6tt\u00fcnk, tiszteletben tartjuk ezt a tan\u00edt\u00e1st, \u00e9s Michal Maro\u0161i \u00e9s Jakub Vencl t\u00e1rsas\u00e1g\u00e1ban elindultunk az ausztriai S\u00f6ldenbe, a ker\u00e9kp\u00e1rosok \u00e1lom\u00fatj\u00e1ra.<\/strong><\/p>\n<p><!--more--><\/p>\n<p>A \u0160koda KODIAQ SPORTLINE panor\u00e1maablak\u00e1n \u00e1t l\u00e1tszik, ahogy a sz\u00e9l a hegygerinc fel\u00e9 tereli a felh\u0151ket. A hirtelen z\u00e1port naps\u00fct\u00e9s v\u00e1ltja fel, amit az \u00d6tzal-gleccser \u00f3ri\u00e1si t\u00fckre ver vissza. A sz\u00e1lloda, ahol \u00e9jszaka aludtunk, egy aerodinamikus Caretta lak\u00f3kocsi volt, amit a cseh kerekesekkel egy\u00fctt, a \u0160koda KODIAQ SPORTLINE vitt a helysz\u00ednre. A 2900 m\u00e9teres tengerszint feletti magass\u00e1gban elhelyezked\u0151 Tiefenbach gleccser t\u00f3partja ide\u00e1lisnak t\u0171nt az \u00e9jszaka elt\u00f6lt\u00e9s\u00e9re. \u00cdgy reggel nem is kell m\u00e1st tenni, csak el\u0151venni a bicikliket a csomagtart\u00f3b\u00f3l, \u00f6sszeszerelni \u0151ket \u00e9s elindulni.<\/p>\n<figure id=\"attachment_13144\" aria-describedby=\"caption-attachment-13144\" style=\"width: 1045px\" class=\"wp-caption alignnone\"><a href=\"https:\/\/d2p6e6u75xmxt8.cloudfront.net\/12\/2021\/12\/KODIAQ-REVIEW-3.jpg\"><img loading=\"lazy\" decoding=\"async\" class=\"wp-image-13144 size-full\" src=\"https:\/\/d2p6e6u75xmxt8.cloudfront.net\/12\/2021\/12\/KODIAQ-REVIEW-3.jpg\" alt=\"\u0160koda KODIAQ\" width=\"1045\" height=\"697\" srcset=\"https:\/\/d2p6e6u75xmxt8.cloudfront.net\/12\/2021\/12\/KODIAQ-REVIEW-3.jpg 1045w, https:\/\/d2p6e6u75xmxt8.cloudfront.net\/12\/2021\/12\/KODIAQ-REVIEW-3-300x200.jpg 300w, https:\/\/d2p6e6u75xmxt8.cloudfront.net\/12\/2021\/12\/KODIAQ-REVIEW-3-1024x683.jpg 1024w, https:\/\/d2p6e6u75xmxt8.cloudfront.net\/12\/2021\/12\/KODIAQ-REVIEW-3-768x512.jpg 768w, https:\/\/d2p6e6u75xmxt8.cloudfront.net\/12\/2021\/12\/KODIAQ-REVIEW-3-272x182.jpg 272w\" sizes=\"auto, (max-width: 1045px) 100vw, 1045px\" \/><\/a><figcaption id=\"caption-attachment-13144\" class=\"wp-caption-text\"><em>A \u0160koda KODIAQ SPORTLINE t\u00f6k\u00e9letes t\u00e1rs volt az \u00faton. <\/em><\/figcaption><\/figure>\n<h2><strong>A s\u00f6ldeni Bike Republic<\/strong><\/h2>\n<p>Michal Maro\u0161i \u00e9s Jakub Vencl h\u00e1rom izgalmas napnak n\u00e9z el\u00e9be az egyik leggyorsabban fejl\u0151d\u0151 ker\u00e9kp\u00e1ros helysz\u00ednen. A Bike Republic egyed\u00fcl\u00e1ll\u00f3 a maga nem\u00e9ben. Aki csak ell\u00e1togat a Ker\u00e9kp\u00e1ros K\u00f6zt\u00e1rsas\u00e1gba, \u00e1llampolg\u00e1rr\u00e1 v\u00e1lik. Az \u00f6kol\u00f3gi\u00e1ra \u00e9s a fenntarthat\u00f3 fejl\u0151d\u00e9sre helyezve a hangs\u00falyt egy \u00f6sv\u00e9nyh\u00e1l\u00f3zatot hoztak l\u00e9tre itt, amely S\u00f6ldent Eur\u00f3pa egyik legjobb ker\u00e9kp\u00e1ros parkj\u00e1v\u00e1 teszi.<\/p>\n<p>Ha valami igaz ezekre az \u00f6sv\u00e9nyekre, az az, hogy nagyon hossz\u00faak. A Fernar Nonstop Long Trail p\u00e9ld\u00e1ul, amely a Tiefenbaz-t\u00f3n\u00e1l kezd\u0151dik, 1400 m\u00e9teres szintmagass\u00e1got \u00e1ll\u00edt el\u00e9d. M\u00e1s parkokban egy p\u00e1ly\u00e1t egy nap alatt t\u00f6bbsz\u00f6r is bej\u00e1rsz, itt azonban, ennyi id\u0151 alatt maximum h\u00e1rmat tudsz kipr\u00f3b\u00e1lni. \u00cdgy legal\u00e1bb biztosan nem unod meg \u0151ket.<\/p>\n<h2><strong>Laura, milyen az id\u0151 S\u00f6ldenben?<\/strong><\/h2>\n<p>A park hatsz\u00e1z kilom\u00e9terre fekszik Pr\u00e1g\u00e1t\u00f3l, de meg\u00e9ri megtenni az aut\u00f3utat a h\u00e1rom napos bring\u00e1z\u00e1s\u00e9rt. A \u0160koda KODIAQ SPORTLINE modellnek k\u00f6sz\u00f6nhet\u0151en a t\u00e1vols\u00e1g nem t\u0171nik nagynak, k\u00e9nyelmes \u00e9s pihentet\u0151 az utaz\u00e1s. A \u0160koda Connect rendszer el\u0151re megtervezi az utat, a Google Earth programmal egy\u00fcttm\u0171k\u00f6dve, m\u00e9g a sz\u00fcks\u00e9ges benzink\u00fat- \u00e9s sz\u00e1ll\u00e1skeres\u00e9st is elv\u00e9gzi. A legnagyobb seg\u00edts\u00e9g azonban a virtu\u00e1lis asszisztens, Laura, aki az angol mellett tov\u00e1bbi 14 nyelven besz\u00e9l. Csak k\u00e9rdezd meg t\u0151le, hogy <em>\u201eLaura, milyen az id\u0151 S\u00f6ldenben?\u201d <\/em>\u00e9s Laura megmondja. Ugyan\u00edgy, hangvez\u00e9rl\u00e9ssel, a napt\u00e1radba is tudsz \u00faj elemeket felvenni. <em>\u201eLaura, ne felejtsd el a tal\u00e1lkoz\u00f3t az osztr\u00e1k p\u00e1lya\u00e9p\u00edt\u0151kkel!\u201d<\/em><\/p>\n<p><a href=\"https:\/\/d2p6e6u75xmxt8.cloudfront.net\/12\/2021\/12\/KODIAQ-REVIEW-4.jpg\"><img loading=\"lazy\" decoding=\"async\" class=\"alignnone size-full wp-image-13145\" src=\"https:\/\/d2p6e6u75xmxt8.cloudfront.net\/12\/2021\/12\/KODIAQ-REVIEW-4.jpg\" alt=\"\u0160koda KODIAQ\" width=\"1045\" height=\"697\" srcset=\"https:\/\/d2p6e6u75xmxt8.cloudfront.net\/12\/2021\/12\/KODIAQ-REVIEW-4.jpg 1045w, https:\/\/d2p6e6u75xmxt8.cloudfront.net\/12\/2021\/12\/KODIAQ-REVIEW-4-300x200.jpg 300w, https:\/\/d2p6e6u75xmxt8.cloudfront.net\/12\/2021\/12\/KODIAQ-REVIEW-4-1024x683.jpg 1024w, https:\/\/d2p6e6u75xmxt8.cloudfront.net\/12\/2021\/12\/KODIAQ-REVIEW-4-768x512.jpg 768w, https:\/\/d2p6e6u75xmxt8.cloudfront.net\/12\/2021\/12\/KODIAQ-REVIEW-4-272x182.jpg 272w\" sizes=\"auto, (max-width: 1045px) 100vw, 1045px\" \/><\/a><\/p>\n<div id='gallery-1' class='gallery galleryid-13143 gallery-columns-2 gallery-size-large'><figure class='gallery-item'>\n\t\t\t<div class='gallery-icon landscape'>\n\t\t\t\t<a href='https:\/\/d2p6e6u75xmxt8.cloudfront.net\/12\/2021\/12\/KODIAQ-REVIEW-5.jpg'><img loading=\"lazy\" decoding=\"async\" width=\"1017\" height=\"678\" src=\"https:\/\/d2p6e6u75xmxt8.cloudfront.net\/12\/2021\/12\/KODIAQ-REVIEW-5.jpg\" class=\"attachment-large size-large\" alt=\"\" srcset=\"https:\/\/d2p6e6u75xmxt8.cloudfront.net\/12\/2021\/12\/KODIAQ-REVIEW-5.jpg 1017w, https:\/\/d2p6e6u75xmxt8.cloudfront.net\/12\/2021\/12\/KODIAQ-REVIEW-5-300x200.jpg 300w, https:\/\/d2p6e6u75xmxt8.cloudfront.net\/12\/2021\/12\/KODIAQ-REVIEW-5-768x512.jpg 768w, https:\/\/d2p6e6u75xmxt8.cloudfront.net\/12\/2021\/12\/KODIAQ-REVIEW-5-272x182.jpg 272w\" sizes=\"auto, (max-width: 1017px) 100vw, 1017px\" \/><\/a>\n\t\t\t<\/div><\/figure><figure class='gallery-item'>\n\t\t\t<div class='gallery-icon landscape'>\n\t\t\t\t<a href='https:\/\/d2p6e6u75xmxt8.cloudfront.net\/12\/2021\/12\/KODIAQ-REVIEW-2.jpg'><img loading=\"lazy\" decoding=\"async\" width=\"983\" height=\"656\" src=\"https:\/\/d2p6e6u75xmxt8.cloudfront.net\/12\/2021\/12\/KODIAQ-REVIEW-2.jpg\" class=\"attachment-large size-large\" alt=\"\u0160koda KODIAQ\" srcset=\"https:\/\/d2p6e6u75xmxt8.cloudfront.net\/12\/2021\/12\/KODIAQ-REVIEW-2.jpg 983w, https:\/\/d2p6e6u75xmxt8.cloudfront.net\/12\/2021\/12\/KODIAQ-REVIEW-2-300x200.jpg 300w, https:\/\/d2p6e6u75xmxt8.cloudfront.net\/12\/2021\/12\/KODIAQ-REVIEW-2-768x513.jpg 768w, https:\/\/d2p6e6u75xmxt8.cloudfront.net\/12\/2021\/12\/KODIAQ-REVIEW-2-272x182.jpg 272w\" sizes=\"auto, (max-width: 983px) 100vw, 983px\" \/><\/a>\n\t\t\t<\/div><\/figure>\n\t\t<\/div>\n\n<p>Jelenlegi, meg\u00fajult form\u00e1j\u00e1ban a \u0160koda KODIAQ SPORTLINE m\u00e9g robusztusabb, mint az eredeti, 2016-os modell. Ha s\u00f6t\u00e9tben vezetsz, j\u00f3l j\u00f6n a dinamikus f\u00e9nysz\u00f3r\u00f3, melynek automatikusan cs\u00f6kken a f\u00e9nyereje, amikor szembej\u00f6n egy m\u00e1sik aut\u00f3 az \u00faton, hogy ne vak\u00edtsa el a vezet\u0151j\u00e9t. Az aut\u00f3k mellett r\u00e1ad\u00e1sul a ker\u00e9kp\u00e1rosokat is \u00e9rz\u00e9keli. A k\u00e1rpitot is \u00e9rdemes megeml\u00edteni: veg\u00e1n, \u00fajrahasznos\u00edtott anyagokb\u00f3l k\u00e9sz\u00fclt. A korm\u00e1nyker\u00e9k \u00e9rz\u00e9kel\u0151i pedig figyelmeztetik a vezet\u0151t, ha nem megfelel\u0151en fogja a korm\u00e1nyt. Michal \u00e9s Kuba trash met\u00e1lt hallgat a hangsz\u00f3r\u00f3kb\u00f3l az \u00faton, melyek sz\u00e1ma nyolcr\u00f3l t\u00edzre n\u0151tt a meg\u00fajult modellben, s\u0151t m\u00e9g egy m\u00e9lyl\u00e1d\u00e1val is b\u0151v\u00edthet\u0151 a hangz\u00e1s.<\/p>\n<p>A \u0160koda KODIAQ SPORTLINE \u00e9ppen az az aut\u00f3, amelyre sz\u00fcks\u00e9ge van egy hosszabb, v\u00e1roson k\u00edv\u00fcli kalandhoz. Hatalmas ereje biztons\u00e1got ad, \u00edgy lehet\u0151v\u00e9 teszi, hogy nyugodtan utazz aut\u00f3p\u00e1ly\u00e1kon, alpesi utakon vagy m\u00e1shol. Annyi k\u00e9nyelmet ny\u00fajt, amennyit csak egy aut\u00f3 ny\u00fajthat. Az ajt\u00f3k an\u00e9lk\u00fcl ny\u00edlnak, hogy meg kellene keresned a zsebedben a kulcsot, a csomagtart\u00f3t pedig egy l\u00e1blend\u00edt\u00e9ssel is kinyithatod, ha \u00e9ppen tele a kezed.<\/p>\n<div id='gallery-2' class='gallery galleryid-13143 gallery-columns-2 gallery-size-large'><figure class='gallery-item'>\n\t\t\t<div class='gallery-icon landscape'>\n\t\t\t\t<a href='https:\/\/d2p6e6u75xmxt8.cloudfront.net\/12\/2021\/12\/KODIAQ-REVIEW-7.jpg'><img loading=\"lazy\" decoding=\"async\" width=\"1024\" height=\"683\" src=\"https:\/\/d2p6e6u75xmxt8.cloudfront.net\/12\/2021\/12\/KODIAQ-REVIEW-7-1024x683.jpg\" class=\"attachment-large size-large\" alt=\"\u0160koda KODIAQ\" srcset=\"https:\/\/d2p6e6u75xmxt8.cloudfront.net\/12\/2021\/12\/KODIAQ-REVIEW-7-1024x683.jpg 1024w, https:\/\/d2p6e6u75xmxt8.cloudfront.net\/12\/2021\/12\/KODIAQ-REVIEW-7-300x200.jpg 300w, https:\/\/d2p6e6u75xmxt8.cloudfront.net\/12\/2021\/12\/KODIAQ-REVIEW-7-768x512.jpg 768w, https:\/\/d2p6e6u75xmxt8.cloudfront.net\/12\/2021\/12\/KODIAQ-REVIEW-7-272x182.jpg 272w, https:\/\/d2p6e6u75xmxt8.cloudfront.net\/12\/2021\/12\/KODIAQ-REVIEW-7.jpg 1045w\" sizes=\"auto, (max-width: 1024px) 100vw, 1024px\" \/><\/a>\n\t\t\t<\/div><\/figure><figure class='gallery-item'>\n\t\t\t<div class='gallery-icon landscape'>\n\t\t\t\t<a href='https:\/\/d2p6e6u75xmxt8.cloudfront.net\/12\/2021\/12\/KODIAQ-REVIEW-7-1.jpg'><img loading=\"lazy\" decoding=\"async\" width=\"1017\" height=\"678\" src=\"https:\/\/d2p6e6u75xmxt8.cloudfront.net\/12\/2021\/12\/KODIAQ-REVIEW-7-1.jpg\" class=\"attachment-large size-large\" alt=\"\" srcset=\"https:\/\/d2p6e6u75xmxt8.cloudfront.net\/12\/2021\/12\/KODIAQ-REVIEW-7-1.jpg 1017w, https:\/\/d2p6e6u75xmxt8.cloudfront.net\/12\/2021\/12\/KODIAQ-REVIEW-7-1-300x200.jpg 300w, https:\/\/d2p6e6u75xmxt8.cloudfront.net\/12\/2021\/12\/KODIAQ-REVIEW-7-1-768x512.jpg 768w, https:\/\/d2p6e6u75xmxt8.cloudfront.net\/12\/2021\/12\/KODIAQ-REVIEW-7-1-272x182.jpg 272w\" sizes=\"auto, (max-width: 1017px) 100vw, 1017px\" \/><\/a>\n\t\t\t<\/div><\/figure>\n\t\t<\/div>\n\n<p>A bels\u0151 teret a pillanat hangulat\u00e1t legink\u00e1bb kiemel\u0151 l\u00e1mp\u00e1k teszik k\u00fcl\u00f6nlegess\u00e9. Az \u00fcl\u00e9sek \u00e9s a teljes bels\u0151 k\u00f6rnyezet k\u00f6zel \u00e1ll egy luxus massz\u00e1zsszob\u00e1hoz, ahol csak relax\u00e1lni szeretn\u00e9l egy hossz\u00fa, f\u00e1raszt\u00f3 nap ut\u00e1n. Mindenkinek \u00e9s mindennek van el\u00e9g hely, m\u00e9g akkor is, ha biciklikkel indultok \u00fatnak.<\/p>\n<h2><strong>Egy aut\u00f3, amiben t\u00e9nyleg nem a c\u00e9l a l\u00e9nyeg<\/strong><\/h2>\n<p>Pillanatok alatt megszokod, hogy az aut\u00f3 folyamatos kapcsolatban van a mobiloddal, gyakorlatilag az okostelefon egy b\u0151v\u00edtm\u00e9nye, amely minden helyzetben k\u00f6nnyen \u00e9s biztons\u00e1gosan haszn\u00e1lhat\u00f3. Ha egyszer megismered ezt a funkci\u00f3t, nem akarsz majd n\u00e9lk\u00fcle \u00e9lni. Ugyanez mondhat\u00f3 el a s\u00e1vtart\u00f3 asszisztensr\u0151l vagy az adapt\u00edv tempomatr\u00f3l is, melyek m\u00e9g a forgalmi dug\u00f3kat is stresszmentess\u00e9 teszik.<\/p>\n<figure id=\"attachment_13146\" aria-describedby=\"caption-attachment-13146\" style=\"width: 1014px\" class=\"wp-caption alignnone\"><a href=\"https:\/\/d2p6e6u75xmxt8.cloudfront.net\/12\/2021\/12\/KODIAQ-REVIEW-6.jpg\"><img loading=\"lazy\" decoding=\"async\" class=\"wp-image-13146 size-full\" src=\"https:\/\/d2p6e6u75xmxt8.cloudfront.net\/12\/2021\/12\/KODIAQ-REVIEW-6.jpg\" alt=\"\u0160koda KODIAQ\" width=\"1014\" height=\"676\" srcset=\"https:\/\/d2p6e6u75xmxt8.cloudfront.net\/12\/2021\/12\/KODIAQ-REVIEW-6.jpg 1014w, https:\/\/d2p6e6u75xmxt8.cloudfront.net\/12\/2021\/12\/KODIAQ-REVIEW-6-300x200.jpg 300w, https:\/\/d2p6e6u75xmxt8.cloudfront.net\/12\/2021\/12\/KODIAQ-REVIEW-6-768x512.jpg 768w, https:\/\/d2p6e6u75xmxt8.cloudfront.net\/12\/2021\/12\/KODIAQ-REVIEW-6-272x182.jpg 272w\" sizes=\"auto, (max-width: 1014px) 100vw, 1014px\" \/><\/a><figcaption id=\"caption-attachment-13146\" class=\"wp-caption-text\"><em>A \u0160koda KODIAQ SPORTLINE \u00e9ppen az az aut\u00f3, amire sz\u00fcks\u00e9ged van egy hosszabb kalandhoz a v\u00e1rost\u00f3l t\u00e1vol.<\/em><\/figcaption><\/figure>\n<p><em>\u201eTeljesen megb\u00edzom ebben az aut\u00f3ban, ism\u00e9t hobbim lett a vezet\u00e9s<\/em>\u201d \u2013 mondja Michal Maro\u0161i, aki p\u00e1lyafut\u00e1sa sor\u00e1n m\u00e1r s\u00f3barlangokban is versenyzett, s\u0151t, m\u00e9g bungee jumpingozott is ker\u00e9kp\u00e1rj\u00e1val. Forucross-vil\u00e1gbajnok, profi downhilles \u00e9s sz\u00e1mos slopestyle versenyen is r\u00e9szt vett. N\u00e9gyszer indult a rettegett Red Bull Rampage-en. Legnagyobb er\u0151ss\u00e9gei tapasztalata, sokoldal\u00fas\u00e1ga, \u00e9s az, hogy nem ismer f\u00e9lelmet. Nincs olyan \u00f6sv\u00e9ny, amit ne tudna megh\u00f3d\u00edtani.<\/p>\n<p>A huszonh\u00e9t \u00e9ves freestyler, Jakub Vencl pedig m\u00e1ris letette n\u00e9vjegy\u00e9t a vil\u00e1gklasszis kateg\u00f3ri\u00e1ban. Hib\u00e1tlan \u00e9s technik\u00e1s ker\u00e9kp\u00e1ros, aki sz\u00e1mos versenyen \u00e9rt el eredm\u00e9nyeket. Egyetlen ugr\u00e1s sem lehet el\u00e9g nagy ahhoz, hogy visszah\u0151k\u00f6lj\u00f6n.<\/p>\n<figure id=\"attachment_13147\" aria-describedby=\"caption-attachment-13147\" style=\"width: 983px\" class=\"wp-caption alignnone\"><a href=\"https:\/\/d2p6e6u75xmxt8.cloudfront.net\/12\/2021\/12\/KODIAQ-REVIEW-1.jpg\"><img loading=\"lazy\" decoding=\"async\" class=\"wp-image-13147 size-full\" src=\"https:\/\/d2p6e6u75xmxt8.cloudfront.net\/12\/2021\/12\/KODIAQ-REVIEW-1.jpg\" alt=\"\u0160koda KODIAQ\" width=\"983\" height=\"656\" srcset=\"https:\/\/d2p6e6u75xmxt8.cloudfront.net\/12\/2021\/12\/KODIAQ-REVIEW-1.jpg 983w, https:\/\/d2p6e6u75xmxt8.cloudfront.net\/12\/2021\/12\/KODIAQ-REVIEW-1-300x200.jpg 300w, https:\/\/d2p6e6u75xmxt8.cloudfront.net\/12\/2021\/12\/KODIAQ-REVIEW-1-768x513.jpg 768w, https:\/\/d2p6e6u75xmxt8.cloudfront.net\/12\/2021\/12\/KODIAQ-REVIEW-1-272x182.jpg 272w\" sizes=\"auto, (max-width: 983px) 100vw, 983px\" \/><\/a><figcaption id=\"caption-attachment-13147\" class=\"wp-caption-text\"><em>A \u0160koda KODIAQ SPORTLINE panor\u00e1maablak\u00e1n \u00e1t l\u00e1tszik, ahogy a sz\u00e9l a hegygerinc fel\u00e9 tereli a felh\u0151ket.<\/em><\/figcaption><\/figure>\n<h2><strong>Tal\u00e1lkoz\u00e1s a p\u00e1lya\u00e9p\u00edt\u0151kkel<\/strong><\/h2>\n<p>Michal \u00e9s Jakub nem csak kiv\u00e9teles ker\u00e9kp\u00e1rosok, hanem p\u00e1lya\u00e9p\u00edt\u0151k is. M\u00edg Jakub keze nyom\u00e1t a szlov\u00e1kiai K\u00e1lnica biciklipark viseli, Michal versenyp\u00e1lyafut\u00e1s ut\u00e1n teljes munkaid\u0151ben kezdett p\u00e1ly\u00e1kat \u00e9p\u00edteni, \u00edgy sz\u00e1mos helysz\u00ednen dolgozott m\u00e1r. Koll\u00e9g\u00e1j\u00e1val, Filip Majkussal Pr\u00e1g\u00e1ban, \u017delezn\u00e1 Rud\u00e1ban \u00e9s \u010cesk\u00e9 Velenic\u00e9ben is nyitott ker\u00e9kp\u00e1rparkokat. A cseh bring\u00e1s nem csak \u00e9lvezetb\u0151l l\u00e1togatja meg S\u00f6ldent, hanem szakmai \u00e9rdekl\u0151d\u00e9sb\u0151l is.<\/p>\n<p>A s\u00f6ldeni \u00fat\u00e9p\u00edt\u0151k, Johannes Dietl \u00e9s Tommy Mayerhofer egy vadonat\u00faj \u00f6sv\u00e9nyen, az az Olm Volle Line-on vezetik \u0151ket v\u00e9gig. Ha elnyeri v\u00e9gleges form\u00e1j\u00e1t, a legnehezebb besorol\u00e1st kapja majd. K\u00e9sz\u00edt\u0151i szerint minden megvan benne, ami egy World Cup DH p\u00e1ly\u00e1hoz kell. Michal Maro\u0161i szerint az \u00f6sv\u00e9ny nagyon ig\u00e9nyes, meredek, ugrat\u00f3s \u00e9s m\u0171szakilag j\u00f3l kigondolt.<\/p>\n<div id='gallery-3' class='gallery galleryid-13143 gallery-columns-2 gallery-size-large'><figure class='gallery-item'>\n\t\t\t<div class='gallery-icon landscape'>\n\t\t\t\t<a href='https:\/\/d2p6e6u75xmxt8.cloudfront.net\/12\/2021\/12\/KODIAQ-REVIEW-9.jpg'><img loading=\"lazy\" decoding=\"async\" width=\"1024\" height=\"683\" src=\"https:\/\/d2p6e6u75xmxt8.cloudfront.net\/12\/2021\/12\/KODIAQ-REVIEW-9-1024x683.jpg\" class=\"attachment-large size-large\" alt=\"\u0160koda KODIAQ\" srcset=\"https:\/\/d2p6e6u75xmxt8.cloudfront.net\/12\/2021\/12\/KODIAQ-REVIEW-9-1024x683.jpg 1024w, https:\/\/d2p6e6u75xmxt8.cloudfront.net\/12\/2021\/12\/KODIAQ-REVIEW-9-300x200.jpg 300w, https:\/\/d2p6e6u75xmxt8.cloudfront.net\/12\/2021\/12\/KODIAQ-REVIEW-9-768x512.jpg 768w, https:\/\/d2p6e6u75xmxt8.cloudfront.net\/12\/2021\/12\/KODIAQ-REVIEW-9-272x182.jpg 272w, https:\/\/d2p6e6u75xmxt8.cloudfront.net\/12\/2021\/12\/KODIAQ-REVIEW-9.jpg 1045w\" sizes=\"auto, (max-width: 1024px) 100vw, 1024px\" \/><\/a>\n\t\t\t<\/div><\/figure><figure class='gallery-item'>\n\t\t\t<div class='gallery-icon landscape'>\n\t\t\t\t<a href='https:\/\/d2p6e6u75xmxt8.cloudfront.net\/12\/2021\/12\/KODIAQ-REVIEW-10.jpg'><img loading=\"lazy\" decoding=\"async\" width=\"1024\" height=\"683\" src=\"https:\/\/d2p6e6u75xmxt8.cloudfront.net\/12\/2021\/12\/KODIAQ-REVIEW-10-1024x683.jpg\" class=\"attachment-large size-large\" alt=\"\" srcset=\"https:\/\/d2p6e6u75xmxt8.cloudfront.net\/12\/2021\/12\/KODIAQ-REVIEW-10-1024x683.jpg 1024w, https:\/\/d2p6e6u75xmxt8.cloudfront.net\/12\/2021\/12\/KODIAQ-REVIEW-10-300x200.jpg 300w, https:\/\/d2p6e6u75xmxt8.cloudfront.net\/12\/2021\/12\/KODIAQ-REVIEW-10-768x512.jpg 768w, https:\/\/d2p6e6u75xmxt8.cloudfront.net\/12\/2021\/12\/KODIAQ-REVIEW-10-272x182.jpg 272w, https:\/\/d2p6e6u75xmxt8.cloudfront.net\/12\/2021\/12\/KODIAQ-REVIEW-10.jpg 1045w\" sizes=\"auto, (max-width: 1024px) 100vw, 1024px\" \/><\/a>\n\t\t\t<\/div><\/figure>\n\t\t<\/div>\n\n<h2><a href=\"https:\/\/d2p6e6u75xmxt8.cloudfront.net\/12\/2021\/12\/KODIAQ-REVIEW-11.jpg\"><img loading=\"lazy\" decoding=\"async\" class=\"alignnone size-full wp-image-13148\" src=\"https:\/\/d2p6e6u75xmxt8.cloudfront.net\/12\/2021\/12\/KODIAQ-REVIEW-11.jpg\" alt=\"\u0160koda KODIAQ\" width=\"1048\" height=\"698\" srcset=\"https:\/\/d2p6e6u75xmxt8.cloudfront.net\/12\/2021\/12\/KODIAQ-REVIEW-11.jpg 1048w, https:\/\/d2p6e6u75xmxt8.cloudfront.net\/12\/2021\/12\/KODIAQ-REVIEW-11-300x200.jpg 300w, https:\/\/d2p6e6u75xmxt8.cloudfront.net\/12\/2021\/12\/KODIAQ-REVIEW-11-1024x682.jpg 1024w, https:\/\/d2p6e6u75xmxt8.cloudfront.net\/12\/2021\/12\/KODIAQ-REVIEW-11-768x512.jpg 768w, https:\/\/d2p6e6u75xmxt8.cloudfront.net\/12\/2021\/12\/KODIAQ-REVIEW-11-272x182.jpg 272w\" sizes=\"auto, (max-width: 1048px) 100vw, 1048px\" \/><\/a><\/h2>\n<h2><strong>J\u00f3 p\u00e1ros<\/strong><\/h2>\n<p>Michal \u00e9s Jakub ezen a nyomvonalon mutatj\u00e1k meg, mennyire kieg\u00e9sz\u00edtik egym\u00e1st. M\u00edg Michal a legmeredekebb szakaszokon sz\u00e1guld, Jakub a mesters\u00e9ges akad\u00e1lyokat keresi. \u201e<em>Az \u00e9n koromban m\u00e1r nem akar lezuhanni az ember\u201d<\/em> \u2013 magyar\u00e1zza nevetve Michal, amikor l\u00e1tja, Kuba milyen tr\u00fckk\u00f6ket hajt v\u00e9gre. <em>\u201eDe az\u00e9rt elkap n\u00e9ha a lend\u00fclet. Ha \u0151 meg tudja csin\u00e1lni, akkor \u00e9n is!\u201d<\/em> \u2013 teszi hozz\u00e1 \u00e9s m\u00e1r neki is l\u00f3dul az akad\u00e1lynak, amit biztons\u00e1gosan be is vesz.<\/p>\n<p>A S\u00f6ldeni park azonban nem csak a mesters\u00e9ges \u00f6sv\u00e9nyeket foglalja mag\u00e1ban. A hegygerincen v\u00e9gigfut\u00f3 p\u00e1ly\u00e1k l\u00e9legzetel\u00e1ll\u00edt\u00f3 kil\u00e1t\u00e1st ny\u00fajtanak, emellett f\u00fcr\u00f6dhetsz a tavakban, aludhatsz a parton \u00e9s j\u00f3llakhatsz a tiroli konyha k\u00fcl\u00f6nlegess\u00e9geivel. \u201e<em>A Knedlo-vep\u0159o-zelo\u201d (sert\u00e9s galusk\u00e1val \u00e9s k\u00e1poszt\u00e1val) egy cseh nemzeti \u00e9tel, de a s\u00f6ldeni verzi\u00f3 valami nagyszer\u0171\u201d<\/em> \u2013 mondja Michal. Miut\u00e1n leparkolt a \u0160koda KODIAQ SPORTLINE modellt a t\u00f3partra, egy k\u00f6z\u00f6s cseh-osztr\u00e1k grillez\u00e9s veszi kezdet\u00e9t. A t\u0171z k\u00f6r\u00fcl a bicikliz\u00e9sr\u0151l \u00e9s az \u00f6sv\u00e9ny\u00e9p\u00edt\u00e9sr\u0151l besz\u00e9lgetnek. Michal \u00e9s Jakub felid\u00e9zik a versenyeik legjobb pillanatait, Johannes \u00e9s Tommy pedig lelkesen mes\u00e9l arr\u00f3l, mi v\u00e1r a fi\u00fakra m\u00e1snap. Te is k\u00edv\u00e1ncsi vagy?<\/p>\n","protected":false},"excerpt":{"rendered":"<p>A buddhist\u00e1k \u00fagy tartj\u00e1k, hogy aki el akarja \u00e9rni a boldogs\u00e1got, annak jelen kell lennie itt \u00e9s most. \u00dagy d\u00f6nt\u00f6tt\u00fcnk, [&hellip;]<\/p>\n","protected":false},"author":71,"featured_media":13150,"comment_status":"open","ping_status":"open","sticky":false,"template":"","format":"video","meta":{"footnotes":""},"categories":[468,7],"tags":[],"global-categories":[],"class_list":["post-13143","post","type-post","status-publish","format-video","has-post-thumbnail","hentry","category-skoda","category-trekking-mtb","post_format-post-format-video"],"yoast_head":"<!-- This site is optimized with the Yoast SEO Premium plugin v25.3 (Yoast SEO v25.9) - https:\/\/yoast.com\/wordpress\/plugins\/seo\/ -->\n<title>Ker\u00e9kp\u00e1ros-paradicsom: v\u00e9gigsz\u00e1ntottuk a S\u00f6lden trails-t egy \u0160koda KODIAQ SPORTLINE k\u00eds\u00e9ret\u00e9ben<\/title>\n<meta name=\"description\" content=\"A buddhist\u00e1k \u00fagy tartj\u00e1k, hogy aki el akarja \u00e9rni a boldogs\u00e1got, annak jelen kell lennie itt \u00e9s most. \u00dagy d\u00f6nt\u00f6tt\u00fcnk, tiszteletben tartjuk ezt a tan\u00edt\u00e1st, \u00e9s Michal Maro\u0161i \u00e9s Jakub Vencl t\u00e1rsas\u00e1g\u00e1ban elindultunk az ausztriai S\u00f6ldenbe, a ker\u00e9kp\u00e1rosok \u00e1lom\u00fatj\u00e1ra.\" \/>\n<meta name=\"robots\" content=\"index, follow, max-snippet:-1, max-image-preview:large, max-video-preview:-1\" \/>\n<link rel=\"canonical\" href=\"https:\/\/www.welovecycling.com\/hu\/trekking-mtb\/kerekparos-paradicsom-vegigszantottuk-a-solden-trails-t-egy-skoda-kodiaq-sportline-kisereteben\/\" \/>\n<meta property=\"og:locale\" content=\"hu_HU\" \/>\n<meta property=\"og:type\" content=\"article\" \/>\n<meta property=\"og:title\" content=\"Ker\u00e9kp\u00e1ros-paradicsom: v\u00e9gigsz\u00e1ntottuk a S\u00f6lden trails-t egy \u0160koda KODIAQ SPORTLINE k\u00eds\u00e9ret\u00e9ben\" \/>\n<meta property=\"og:description\" content=\"A buddhist\u00e1k \u00fagy tartj\u00e1k, hogy aki el akarja \u00e9rni a boldogs\u00e1got, annak jelen kell lennie itt \u00e9s most. \u00dagy d\u00f6nt\u00f6tt\u00fcnk, tiszteletben tartjuk ezt a tan\u00edt\u00e1st, \u00e9s Michal Maro\u0161i \u00e9s Jakub Vencl t\u00e1rsas\u00e1g\u00e1ban elindultunk az ausztriai S\u00f6ldenbe, a ker\u00e9kp\u00e1rosok \u00e1lom\u00fatj\u00e1ra.\" \/>\n<meta property=\"og:url\" content=\"https:\/\/www.welovecycling.com\/hu\/trekking-mtb\/kerekparos-paradicsom-vegigszantottuk-a-solden-trails-t-egy-skoda-kodiaq-sportline-kisereteben\/\" \/>\n<meta property=\"og:site_name\" content=\"\u0160koda We Love Cycling - Magyarorsz\u00e1g\" \/>\n<meta property=\"article:publisher\" content=\"https:\/\/www.facebook.com\/WeLoveCyclingHungary\/\" \/>\n<meta property=\"article:published_time\" content=\"2021-12-14T06:00:18+00:00\" \/>\n<meta property=\"article:modified_time\" content=\"2022-02-09T09:10:17+00:00\" \/>\n<meta property=\"og:image\" content=\"https:\/\/d2p6e6u75xmxt8.cloudfront.net\/12\/2021\/12\/KODIAQ-REVIEW-CVR-1.jpg\" \/>\n\t<meta property=\"og:image:width\" content=\"1366\" \/>\n\t<meta property=\"og:image:height\" content=\"600\" \/>\n\t<meta property=\"og:image:type\" content=\"image\/jpeg\" \/>\n<meta name=\"author\" content=\"hegyizs\" \/>\n<meta name=\"twitter:card\" content=\"summary_large_image\" \/>\n<meta name=\"twitter:label1\" content=\"Written by\" \/>\n\t<meta name=\"twitter:data1\" content=\"WeLoveCycling\" \/>\n\t<meta name=\"twitter:label2\" content=\"Est. watching time\" \/>\n\t<meta name=\"twitter:data2\" content=\"6\" \/>\n<script type=\"application\/ld+json\" class=\"yoast-schema-graph\">{\"@context\":\"https:\/\/schema.org\",\"@graph\":[{\"@type\":\"WebPage\",\"@id\":\"https:\/\/www.welovecycling.com\/hu\/trekking-mtb\/kerekparos-paradicsom-vegigszantottuk-a-solden-trails-t-egy-skoda-kodiaq-sportline-kisereteben\/\",\"url\":\"https:\/\/www.welovecycling.com\/hu\/trekking-mtb\/kerekparos-paradicsom-vegigszantottuk-a-solden-trails-t-egy-skoda-kodiaq-sportline-kisereteben\/\",\"name\":\"Ker\u00e9kp\u00e1ros-paradicsom: v\u00e9gigsz\u00e1ntottuk a S\u00f6lden trails-t egy \u0160koda KODIAQ SPORTLINE k\u00eds\u00e9ret\u00e9ben\",\"isPartOf\":{\"@id\":\"https:\/\/www.welovecycling.com\/hu\/#website\"},\"primaryImageOfPage\":{\"@id\":\"https:\/\/www.welovecycling.com\/hu\/trekking-mtb\/kerekparos-paradicsom-vegigszantottuk-a-solden-trails-t-egy-skoda-kodiaq-sportline-kisereteben\/#primaryimage\"},\"image\":{\"@id\":\"https:\/\/www.welovecycling.com\/hu\/trekking-mtb\/kerekparos-paradicsom-vegigszantottuk-a-solden-trails-t-egy-skoda-kodiaq-sportline-kisereteben\/#primaryimage\"},\"thumbnailUrl\":\"https:\/\/d2p6e6u75xmxt8.cloudfront.net\/12\/2021\/12\/KODIAQ-REVIEW-CVR-1.jpg\",\"datePublished\":\"2021-12-14T06:00:18+00:00\",\"dateModified\":\"2022-02-09T09:10:17+00:00\",\"author\":{\"@id\":\"https:\/\/www.welovecycling.com\/hu\/#\/schema\/person\/414a2aebf1801691a5320edb6468e194\"},\"description\":\"A buddhist\u00e1k \u00fagy tartj\u00e1k, hogy aki el akarja \u00e9rni a boldogs\u00e1got, annak jelen kell lennie itt \u00e9s most. \u00dagy d\u00f6nt\u00f6tt\u00fcnk, tiszteletben tartjuk ezt a tan\u00edt\u00e1st, \u00e9s Michal Maro\u0161i \u00e9s Jakub Vencl t\u00e1rsas\u00e1g\u00e1ban elindultunk az ausztriai S\u00f6ldenbe, a ker\u00e9kp\u00e1rosok \u00e1lom\u00fatj\u00e1ra.\",\"breadcrumb\":{\"@id\":\"https:\/\/www.welovecycling.com\/hu\/trekking-mtb\/kerekparos-paradicsom-vegigszantottuk-a-solden-trails-t-egy-skoda-kodiaq-sportline-kisereteben\/#breadcrumb\"},\"inLanguage\":\"hu\",\"potentialAction\":[{\"@type\":\"ReadAction\",\"target\":[\"https:\/\/www.welovecycling.com\/hu\/trekking-mtb\/kerekparos-paradicsom-vegigszantottuk-a-solden-trails-t-egy-skoda-kodiaq-sportline-kisereteben\/\"]}]},{\"@type\":\"ImageObject\",\"inLanguage\":\"hu\",\"@id\":\"https:\/\/www.welovecycling.com\/hu\/trekking-mtb\/kerekparos-paradicsom-vegigszantottuk-a-solden-trails-t-egy-skoda-kodiaq-sportline-kisereteben\/#primaryimage\",\"url\":\"https:\/\/d2p6e6u75xmxt8.cloudfront.net\/12\/2021\/12\/KODIAQ-REVIEW-CVR-1.jpg\",\"contentUrl\":\"https:\/\/d2p6e6u75xmxt8.cloudfront.net\/12\/2021\/12\/KODIAQ-REVIEW-CVR-1.jpg\",\"width\":1366,\"height\":600},{\"@type\":\"BreadcrumbList\",\"@id\":\"https:\/\/www.welovecycling.com\/hu\/trekking-mtb\/kerekparos-paradicsom-vegigszantottuk-a-solden-trails-t-egy-skoda-kodiaq-sportline-kisereteben\/#breadcrumb\",\"itemListElement\":[{\"@type\":\"ListItem\",\"position\":1,\"name\":\"Home\",\"item\":\"https:\/\/www.welovecycling.com\/hu\/\"},{\"@type\":\"ListItem\",\"position\":2,\"name\":\"Ker\u00e9kp\u00e1ros-paradicsom: v\u00e9gigsz\u00e1ntottuk a S\u00f6lden trails-t egy \u0160koda KODIAQ SPORTLINE k\u00eds\u00e9ret\u00e9ben\"}]},{\"@type\":\"WebSite\",\"@id\":\"https:\/\/www.welovecycling.com\/hu\/#website\",\"url\":\"https:\/\/www.welovecycling.com\/hu\/\",\"name\":\"\u0160koda We Love Cycling - Magyarorsz\u00e1g\",\"description\":\"\u0160koda WeLoveCycling\",\"potentialAction\":[{\"@type\":\"SearchAction\",\"target\":{\"@type\":\"EntryPoint\",\"urlTemplate\":\"https:\/\/www.welovecycling.com\/hu\/?s={search_term_string}\"},\"query-input\":{\"@type\":\"PropertyValueSpecification\",\"valueRequired\":true,\"valueName\":\"search_term_string\"}}],\"inLanguage\":\"hu\"},{\"@type\":\"Person\",\"@id\":\"https:\/\/www.welovecycling.com\/hu\/#\/schema\/person\/414a2aebf1801691a5320edb6468e194\",\"name\":\"hegyizs\",\"image\":{\"@type\":\"ImageObject\",\"inLanguage\":\"hu\",\"@id\":\"https:\/\/www.welovecycling.com\/hu\/#\/schema\/person\/image\/\",\"url\":\"https:\/\/secure.gravatar.com\/avatar\/02cf8a7906b8cf90cecb4679defac7cfd33a1c2e3b88e4903d947f3bb58eedd3?s=96&d=mm&r=g\",\"contentUrl\":\"https:\/\/secure.gravatar.com\/avatar\/02cf8a7906b8cf90cecb4679defac7cfd33a1c2e3b88e4903d947f3bb58eedd3?s=96&d=mm&r=g\",\"caption\":\"hegyizs\"},\"url\":\"https:\/\/www.welovecycling.com\/hu\/author\/hegyizs\/\"}]}<\/script>\n<!-- \/ Yoast SEO Premium plugin. -->","yoast_head_json":{"title":"Ker\u00e9kp\u00e1ros-paradicsom: v\u00e9gigsz\u00e1ntottuk a S\u00f6lden trails-t egy \u0160koda KODIAQ SPORTLINE k\u00eds\u00e9ret\u00e9ben","description":"A buddhist\u00e1k \u00fagy tartj\u00e1k, hogy aki el akarja \u00e9rni a boldogs\u00e1got, annak jelen kell lennie itt \u00e9s most. \u00dagy d\u00f6nt\u00f6tt\u00fcnk, tiszteletben tartjuk ezt a tan\u00edt\u00e1st, \u00e9s Michal Maro\u0161i \u00e9s Jakub Vencl t\u00e1rsas\u00e1g\u00e1ban elindultunk az ausztriai S\u00f6ldenbe, a ker\u00e9kp\u00e1rosok \u00e1lom\u00fatj\u00e1ra.","robots":{"index":"index","follow":"follow","max-snippet":"max-snippet:-1","max-image-preview":"max-image-preview:large","max-video-preview":"max-video-preview:-1"},"canonical":"https:\/\/www.welovecycling.com\/hu\/trekking-mtb\/kerekparos-paradicsom-vegigszantottuk-a-solden-trails-t-egy-skoda-kodiaq-sportline-kisereteben\/","og_locale":"hu_HU","og_type":"article","og_title":"Ker\u00e9kp\u00e1ros-paradicsom: v\u00e9gigsz\u00e1ntottuk a S\u00f6lden trails-t egy \u0160koda KODIAQ SPORTLINE k\u00eds\u00e9ret\u00e9ben","og_description":"A buddhist\u00e1k \u00fagy tartj\u00e1k, hogy aki el akarja \u00e9rni a boldogs\u00e1got, annak jelen kell lennie itt \u00e9s most. \u00dagy d\u00f6nt\u00f6tt\u00fcnk, tiszteletben tartjuk ezt a tan\u00edt\u00e1st, \u00e9s Michal Maro\u0161i \u00e9s Jakub Vencl t\u00e1rsas\u00e1g\u00e1ban elindultunk az ausztriai S\u00f6ldenbe, a ker\u00e9kp\u00e1rosok \u00e1lom\u00fatj\u00e1ra.","og_url":"https:\/\/www.welovecycling.com\/hu\/trekking-mtb\/kerekparos-paradicsom-vegigszantottuk-a-solden-trails-t-egy-skoda-kodiaq-sportline-kisereteben\/","og_site_name":"\u0160koda We Love Cycling - Magyarorsz\u00e1g","article_publisher":"https:\/\/www.facebook.com\/WeLoveCyclingHungary\/","article_published_time":"2021-12-14T06:00:18+00:00","article_modified_time":"2022-02-09T09:10:17+00:00","og_image":[{"width":1366,"height":600,"url":"https:\/\/d2p6e6u75xmxt8.cloudfront.net\/12\/2021\/12\/KODIAQ-REVIEW-CVR-1.jpg","type":"image\/jpeg"}],"author":"hegyizs","twitter_card":"summary_large_image","twitter_misc":{"Written by":"WeLoveCycling","Est. watching time":"6"},"schema":{"@context":"https:\/\/schema.org","@graph":[{"@type":"WebPage","@id":"https:\/\/www.welovecycling.com\/hu\/trekking-mtb\/kerekparos-paradicsom-vegigszantottuk-a-solden-trails-t-egy-skoda-kodiaq-sportline-kisereteben\/","url":"https:\/\/www.welovecycling.com\/hu\/trekking-mtb\/kerekparos-paradicsom-vegigszantottuk-a-solden-trails-t-egy-skoda-kodiaq-sportline-kisereteben\/","name":"Ker\u00e9kp\u00e1ros-paradicsom: v\u00e9gigsz\u00e1ntottuk a S\u00f6lden trails-t egy \u0160koda KODIAQ SPORTLINE k\u00eds\u00e9ret\u00e9ben","isPartOf":{"@id":"https:\/\/www.welovecycling.com\/hu\/#website"},"primaryImageOfPage":{"@id":"https:\/\/www.welovecycling.com\/hu\/trekking-mtb\/kerekparos-paradicsom-vegigszantottuk-a-solden-trails-t-egy-skoda-kodiaq-sportline-kisereteben\/#primaryimage"},"image":{"@id":"https:\/\/www.welovecycling.com\/hu\/trekking-mtb\/kerekparos-paradicsom-vegigszantottuk-a-solden-trails-t-egy-skoda-kodiaq-sportline-kisereteben\/#primaryimage"},"thumbnailUrl":"https:\/\/d2p6e6u75xmxt8.cloudfront.net\/12\/2021\/12\/KODIAQ-REVIEW-CVR-1.jpg","datePublished":"2021-12-14T06:00:18+00:00","dateModified":"2022-02-09T09:10:17+00:00","author":{"@id":"https:\/\/www.welovecycling.com\/hu\/#\/schema\/person\/414a2aebf1801691a5320edb6468e194"},"description":"A buddhist\u00e1k \u00fagy tartj\u00e1k, hogy aki el akarja \u00e9rni a boldogs\u00e1got, annak jelen kell lennie itt \u00e9s most. \u00dagy d\u00f6nt\u00f6tt\u00fcnk, tiszteletben tartjuk ezt a tan\u00edt\u00e1st, \u00e9s Michal Maro\u0161i \u00e9s Jakub Vencl t\u00e1rsas\u00e1g\u00e1ban elindultunk az ausztriai S\u00f6ldenbe, a ker\u00e9kp\u00e1rosok \u00e1lom\u00fatj\u00e1ra.","breadcrumb":{"@id":"https:\/\/www.welovecycling.com\/hu\/trekking-mtb\/kerekparos-paradicsom-vegigszantottuk-a-solden-trails-t-egy-skoda-kodiaq-sportline-kisereteben\/#breadcrumb"},"inLanguage":"hu","potentialAction":[{"@type":"ReadAction","target":["https:\/\/www.welovecycling.com\/hu\/trekking-mtb\/kerekparos-paradicsom-vegigszantottuk-a-solden-trails-t-egy-skoda-kodiaq-sportline-kisereteben\/"]}]},{"@type":"ImageObject","inLanguage":"hu","@id":"https:\/\/www.welovecycling.com\/hu\/trekking-mtb\/kerekparos-paradicsom-vegigszantottuk-a-solden-trails-t-egy-skoda-kodiaq-sportline-kisereteben\/#primaryimage","url":"https:\/\/d2p6e6u75xmxt8.cloudfront.net\/12\/2021\/12\/KODIAQ-REVIEW-CVR-1.jpg","contentUrl":"https:\/\/d2p6e6u75xmxt8.cloudfront.net\/12\/2021\/12\/KODIAQ-REVIEW-CVR-1.jpg","width":1366,"height":600},{"@type":"BreadcrumbList","@id":"https:\/\/www.welovecycling.com\/hu\/trekking-mtb\/kerekparos-paradicsom-vegigszantottuk-a-solden-trails-t-egy-skoda-kodiaq-sportline-kisereteben\/#breadcrumb","itemListElement":[{"@type":"ListItem","position":1,"name":"Home","item":"https:\/\/www.welovecycling.com\/hu\/"},{"@type":"ListItem","position":2,"name":"Ker\u00e9kp\u00e1ros-paradicsom: v\u00e9gigsz\u00e1ntottuk a S\u00f6lden trails-t egy \u0160koda KODIAQ SPORTLINE k\u00eds\u00e9ret\u00e9ben"}]},{"@type":"WebSite","@id":"https:\/\/www.welovecycling.com\/hu\/#website","url":"https:\/\/www.welovecycling.com\/hu\/","name":"\u0160koda We Love Cycling - Magyarorsz\u00e1g","description":"\u0160koda WeLoveCycling","potentialAction":[{"@type":"SearchAction","target":{"@type":"EntryPoint","urlTemplate":"https:\/\/www.welovecycling.com\/hu\/?s={search_term_string}"},"query-input":{"@type":"PropertyValueSpecification","valueRequired":true,"valueName":"search_term_string"}}],"inLanguage":"hu"},{"@type":"Person","@id":"https:\/\/www.welovecycling.com\/hu\/#\/schema\/person\/414a2aebf1801691a5320edb6468e194","name":"hegyizs","image":{"@type":"ImageObject","inLanguage":"hu","@id":"https:\/\/www.welovecycling.com\/hu\/#\/schema\/person\/image\/","url":"https:\/\/secure.gravatar.com\/avatar\/02cf8a7906b8cf90cecb4679defac7cfd33a1c2e3b88e4903d947f3bb58eedd3?s=96&d=mm&r=g","contentUrl":"https:\/\/secure.gravatar.com\/avatar\/02cf8a7906b8cf90cecb4679defac7cfd33a1c2e3b88e4903d947f3bb58eedd3?s=96&d=mm&r=g","caption":"hegyizs"},"url":"https:\/\/www.welovecycling.com\/hu\/author\/hegyizs\/"}]}},"_links":{"self":[{"href":"https:\/\/www.welovecycling.com\/hu\/wp-json\/wp\/v2\/posts\/13143","targetHints":{"allow":["GET"]}}],"collection":[{"href":"https:\/\/www.welovecycling.com\/hu\/wp-json\/wp\/v2\/posts"}],"about":[{"href":"https:\/\/www.welovecycling.com\/hu\/wp-json\/wp\/v2\/types\/post"}],"author":[{"embeddable":true,"href":"https:\/\/www.welovecycling.com\/hu\/wp-json\/wp\/v2\/users\/71"}],"replies":[{"embeddable":true,"href":"https:\/\/www.welovecycling.com\/hu\/wp-json\/wp\/v2\/comments?post=13143"}],"version-history":[{"count":2,"href":"https:\/\/www.welovecycling.com\/hu\/wp-json\/wp\/v2\/posts\/13143\/revisions"}],"predecessor-version":[{"id":13181,"href":"https:\/\/www.welovecycling.com\/hu\/wp-json\/wp\/v2\/posts\/13143\/revisions\/13181"}],"wp:featuredmedia":[{"embeddable":true,"href":"https:\/\/www.welovecycling.com\/hu\/wp-json\/wp\/v2\/media\/13150"}],"wp:attachment":[{"href":"https:\/\/www.welovecycling.com\/hu\/wp-json\/wp\/v2\/media?parent=13143"}],"wp:term":[{"taxonomy":"category","embeddable":true,"href":"https:\/\/www.welovecycling.com\/hu\/wp-json\/wp\/v2\/categories?post=13143"},{"taxonomy":"post_tag","embeddable":true,"href":"https:\/\/www.welovecycling.com\/hu\/wp-json\/wp\/v2\/tags?post=13143"},{"taxonomy":"global-categories","embeddable":true,"href":"https:\/\/www.welovecycling.com\/hu\/wp-json\/wp\/v2\/global-categories?post=13143"}],"curies":[{"name":"wp","href":"https:\/\/api.w.org\/{rel}","templated":true}]}}