{"id":13131,"date":"2021-12-13T08:00:37","date_gmt":"2021-12-13T06:00:37","guid":{"rendered":"https:\/\/www.welovecycling.com\/hu\/?p=13131"},"modified":"2021-12-10T16:09:47","modified_gmt":"2021-12-10T14:09:47","slug":"heti-hany-ora-tekeres-eleg-ahhoz-hogy-profi-legyel","status":"publish","type":"post","link":"https:\/\/www.welovecycling.com\/hu\/edzes-es-eletmod\/heti-hany-ora-tekeres-eleg-ahhoz-hogy-profi-legyel\/","title":{"rendered":"Heti h\u00e1ny \u00f3ra teker\u00e9s el\u00e9g? \u2013 Ahhoz, hogy profi legy\u00e9l"},"content":{"rendered":"<p><strong>Mennyi id\u0151t t\u00f6ltenek a profi ker\u00e9kp\u00e1rosok edz\u00e9ssel? Mennyire kell elk\u00f6telezettnek lenned ahhoz, hogy versenybe tudj sz\u00e1nni ellen\u00fck? Cikk\u00fcnkben \u00e1ttekint\u00fcnk n\u00e9h\u00e1ny p\u00e9ld\u00e1t az orsz\u00e1g\u00fati versenyz\u0151kt\u0151l kezdve a montisokig.<\/strong><\/p>\n<p><!--more--><\/p>\n<h2><strong>Heti 20-30 \u00f3ra nyeregben<\/strong><\/h2>\n<p>Sok profi ker\u00e9kp\u00e1ros nyilv\u00e1nosan megosztja edz\u00e9snapl\u00f3it olyan platformokon, mint amilyen p\u00e9ld\u00e1ul a Strava, \u00edgy teh\u00e1t nem t\u00fal neh\u00e9z kider\u00edteni, mennyi id\u0151t t\u00f6ltenek a nyeregben. Term\u00e9szetesen ez a sz\u00e1m egy\u00e9nileg \u00e9s szezon\u00e1lisan is v\u00e1ltozik, \u00e1tlagosan azonban 20-30 \u00f3r\u00e1t ker\u00e9kp\u00e1roznak hetente.<\/p>\n<figure id=\"attachment_13134\" aria-describedby=\"caption-attachment-13134\" style=\"width: 1000px\" class=\"wp-caption alignnone\"><a href=\"https:\/\/d2p6e6u75xmxt8.cloudfront.net\/12\/2021\/12\/Cyclists-training-profimedia-0633853581.jpg\"><img loading=\"lazy\" decoding=\"async\" class=\"size-full wp-image-13134\" src=\"https:\/\/d2p6e6u75xmxt8.cloudfront.net\/12\/2021\/12\/Cyclists-training-profimedia-0633853581.jpg\" alt=\"Cycling training\" width=\"1000\" height=\"654\" srcset=\"https:\/\/d2p6e6u75xmxt8.cloudfront.net\/12\/2021\/12\/Cyclists-training-profimedia-0633853581.jpg 1000w, https:\/\/d2p6e6u75xmxt8.cloudfront.net\/12\/2021\/12\/Cyclists-training-profimedia-0633853581-300x196.jpg 300w, https:\/\/d2p6e6u75xmxt8.cloudfront.net\/12\/2021\/12\/Cyclists-training-profimedia-0633853581-768x502.jpg 768w\" sizes=\"auto, (max-width: 1000px) 100vw, 1000px\" \/><\/a><figcaption id=\"caption-attachment-13134\" class=\"wp-caption-text\"><em>Min\u00e9l magasztosabb c\u00e9lokat t\u0171z\u00f6l ki, ann\u00e1l pontosabban kell megtervezned, hogyan t\u00f6lt\u00f6d az edz\u00e9seidet. \u00a9 Profimedia<\/em><\/figcaption><\/figure>\n<h2><strong>Mennyi id\u0151 \u00e1ll rendelkez\u00e9sedre?<\/strong><\/h2>\n<p>Hacsak nem vagy ker\u00e9kp\u00e1ros fut\u00e1r, a heti 20-30 \u00f3ra lehetetlennek t\u0171nhet. Ennyi id\u0151r\u00e1ford\u00edt\u00e1s sok amat\u0151r bring\u00e1snak a munk\u00e1j\u00e1ba ker\u00fclhetne. A profi ker\u00e9kp\u00e1ross\u00e1 v\u00e1l\u00e1s rengeteg \u00e1ldozatot k\u00f6vetel. De tegy\u00fck fel, hogy korl\u00e1tlan id\u0151vel rendelkezel, nincs munka, nincsenek k\u00f6telezetts\u00e9gek, nincs m\u00e1s hobbi az \u00e9letedben. M\u00e9g \u00edgy is \u00e1ll n\u00e9mi neh\u00e9zs\u00e9g el\u0151tted.<\/p>\n<p>Amikor \u00e1tl\u00e9ped a 15 \u00f3r\u00e1t, egy olyan id\u0151intervallumba ker\u00fclsz, amit sokan egyszer\u0171en nem tudnak kezelni. Vannak, akik a regener\u00e1ci\u00f3s k\u00e9pess\u00e9geik \u00e9s a genetik\u00e1juk miatt egyszer\u0171en k\u00e9ptelenek fejl\u0151dni ez ut\u00e1n a szint ut\u00e1n. Hi\u00e1ba szeretn\u00e9nek gyors\u00edtani, sz\u00e9tesnek, \u00e9s romlik a teljes\u00edtm\u00e9ny\u00fck.<\/p>\n<figure id=\"attachment_3972\" aria-describedby=\"caption-attachment-3972\" style=\"width: 1250px\" class=\"wp-caption alignnone\"><a href=\"https:\/\/d2p6e6u75xmxt8.cloudfront.net\/12\/2019\/06\/Training-profimedia-0330005144-1.jpg\"><img loading=\"lazy\" decoding=\"async\" class=\"wp-image-3972 size-full\" src=\"https:\/\/d2p6e6u75xmxt8.cloudfront.net\/12\/2019\/06\/Training-profimedia-0330005144-1.jpg\" alt=\"Training\" width=\"1250\" height=\"676\" srcset=\"https:\/\/d2p6e6u75xmxt8.cloudfront.net\/12\/2019\/06\/Training-profimedia-0330005144-1.jpg 1250w, https:\/\/d2p6e6u75xmxt8.cloudfront.net\/12\/2019\/06\/Training-profimedia-0330005144-1-300x162.jpg 300w, https:\/\/d2p6e6u75xmxt8.cloudfront.net\/12\/2019\/06\/Training-profimedia-0330005144-1-768x415.jpg 768w, https:\/\/d2p6e6u75xmxt8.cloudfront.net\/12\/2019\/06\/Training-profimedia-0330005144-1-1024x554.jpg 1024w\" sizes=\"auto, (max-width: 1250px) 100vw, 1250px\" \/><\/a><figcaption id=\"caption-attachment-3972\" class=\"wp-caption-text\"><em>A krit\u00e9riumedz\u00e9sek \u00e9s a sprintek eset\u00e9ben el\u0151fordulhat, hogy kevesebb, mint 10 \u00f3ra edz\u00e9ssel is j\u00f3l teljes\u00edtesz, de hosszabb versenyekre t\u00f6bbet kell k\u00e9sz\u00fcln\u00f6d. \u00a9 Profimedia<\/em><\/figcaption><\/figure>\n<p>Tegy\u00fck fel, hogy azon szerencs\u00e9sek k\u00f6z\u00e9 tartozol, akik k\u00e9pesek heti 20-30 \u00f3r\u00e1t ker\u00e9kp\u00e1rozni. Ez azt jelenti, hogy nyert \u00fcgyed van? Tal\u00e1n igen. Vess\u00fcnk egy pillant\u00e1st arra, hogyan csin\u00e1lj\u00e1k a profik!<\/p>\n<h2><strong>Hogyan edz a n\u00e9gyszeres TdF-bajnok, Chris Froome?<\/strong><\/h2>\n<p>Ha elolvastad sorozatunk kor\u00e1bbi cikk\u00e9t, tudod, hogy az \u00f3r\u00e1k sz\u00e1m\u00e1nak ismerete, nem jelenti azt, hogy mindent tudunk egy edz\u00e9stervr\u0151l. Sokat sz\u00e1m\u00edt az intenzit\u00e1s! N\u00e9zz\u00fck <a href=\"https:\/\/www.strava.com\/activities\/5474826322\">meg Chris Froome egy t\u00far\u00e1j\u00e1t a francia Alpokban<\/a> p\u00e9ldak\u00e9nt!<\/p>\n<p>Chris 237,2 km-t tekert le 8:41:03 id\u0151 alatt, 11 hegycs\u00facsot m\u00e1szott meg, \u00edgy \u00f6sszesen 5161 m\u00e9teres szintemelked\u00e9ssel z\u00e1rt. \u00c1tlagos teljes\u00edtm\u00e9nye 200 watt volt, cs\u00facspontj\u00e1n 1209 watt. Term\u00e9szetesen nem minden nap tesz ilyen t\u00far\u00e1kat. M\u00e9gis, val\u00f3sz\u00edn\u0171leg k\u00e9tszer is meg kell gondolnod, hogy t\u00e9nyleg akarsz-e profi lenni.<\/p>\n<p>https:\/\/www.instagram.com\/p\/CQBylbGnfjE\/<\/p>\n<h2><strong>Hogyan edz egy MTB-olimpikon, Ond\u0159ej Cink?<\/strong><\/h2>\n<p>Ha eddig \u00fagy gondoltad, egy montisnak k\u00f6nnyebb dolga van, ezek ut\u00e1n biztosan nem fogod: n\u00e9zd csak meg az U23-as <a href=\"https:\/\/www.strava.com\/activities\/5536958552\">CX vil\u00e1gbajnok egyik edz\u00e9s\u00e9t<\/a>! A franciaorsz\u00e1gi Les Gets-ben tekert, ahol m\u00e1sodik helyez\u00e9st \u00e9rt el az idei World Cup-on.<\/p>\n<p>Ond\u0159ejnek siker\u00fclt 2073 m\u00e9teres szintemelked\u00e9st begy\u00f6m\u00f6sz\u00f6lnie egy 56,1 km hossz\u00fa \u00fatba, amit 2:51:08 alatt teljes\u00edtett. \u00c1tlagosan 299 wattal! Te is \u00edgy tudn\u00e1l mosolyogni egy ilyen menet ut\u00e1n?<\/p>\n<p>https:\/\/www.instagram.com\/p\/CQqgI-JLUP7\/<\/p>\n<h2><strong>N\u00e9zz\u00fck az ikonikus sprintert, Peter Sagant!<\/strong><\/h2>\n<p>M\u00e9g a sprintereknek is bele kell rakniuk j\u00f3p\u00e1r \u00f3r\u00e1t az edz\u00e9seikbe, err\u0151l pedig a Sagan sz\u00e1j\u00e1b\u00f3l elhangzott mondat is \u00e1rulkodik: \u201e<em>A febru\u00e1r a legnehezebb h\u00f3nap az \u00e9vben, amikor hetente 32-35 \u00f3r\u00e1t kell edzenem!\u201d<\/em><\/p>\n<h2><strong>Edz\u00e9si tippek a TdF-bajnok Andy Schlekct\u0151l<\/strong><\/h2>\n<p>Ha kezded elvesz\u00edteni a rem\u00e9nyt, hogy profi ker\u00e9kp\u00e1ros legy\u00e9l, tal\u00e1n itt az ideje vetni egy pillant\u00e1st a nyugd\u00edjas Tour-gy\u0151ztesre, Andy Schlek-re. Az \u00e9v elej\u00e9n interj\u00fat k\u00e9sz\u00edtett\u00fcnk vele, amiben szuper tippeket ad arr\u00f3l, <a href=\"https:\/\/www.welovecycling.com\/hu\/orszaguti-kerekpar\/edzestippek-andy-schlecktol\/\">hogyan \u00e9rezheted j\u00f3l magad mozg\u00e1s k\u00f6zben<\/a>, a rengeteg edz\u00e9s ellen\u00e9re is!<\/p>\n","protected":false},"excerpt":{"rendered":"<p>Mennyi id\u0151t t\u00f6ltenek a profi ker\u00e9kp\u00e1rosok edz\u00e9ssel? Mennyire kell elk\u00f6telezettnek lenned ahhoz, hogy versenybe tudj sz\u00e1nni ellen\u00fck? Cikk\u00fcnkben \u00e1ttekint\u00fcnk n\u00e9h\u00e1ny [&hellip;]<\/p>\n","protected":false},"author":71,"featured_media":13136,"comment_status":"open","ping_status":"open","sticky":false,"template":"","format":"standard","meta":{"footnotes":""},"categories":[6],"tags":[],"global-categories":[],"class_list":["post-13131","post","type-post","status-publish","format-standard","has-post-thumbnail","hentry","category-edzes-es-eletmod"],"yoast_head":"<!-- This site is optimized with the Yoast SEO Premium plugin v25.3 (Yoast SEO v25.9) - https:\/\/yoast.com\/wordpress\/plugins\/seo\/ -->\n<title>Heti h\u00e1ny \u00f3ra teker\u00e9s el\u00e9g? \u2013 Ahhoz, hogy profi legy\u00e9l<\/title>\n<meta name=\"description\" content=\"Mennyi id\u0151t t\u00f6ltenek a profi ker\u00e9kp\u00e1rosok edz\u00e9ssel? Mennyire kell elk\u00f6telezettnek lenned ahhoz, hogy versenybe tudj sz\u00e1nni ellen\u00fck? Cikk\u00fcnkben \u00e1ttekint\u00fcnk n\u00e9h\u00e1ny p\u00e9ld\u00e1t az orsz\u00e1g\u00fati versenyz\u0151kt\u0151l kezdve a montisokig.\" \/>\n<meta name=\"robots\" content=\"index, follow, max-snippet:-1, max-image-preview:large, max-video-preview:-1\" \/>\n<link rel=\"canonical\" href=\"https:\/\/www.welovecycling.com\/hu\/edzes-es-eletmod\/heti-hany-ora-tekeres-eleg-ahhoz-hogy-profi-legyel\/\" \/>\n<meta property=\"og:locale\" content=\"hu_HU\" \/>\n<meta property=\"og:type\" content=\"article\" \/>\n<meta property=\"og:title\" content=\"Heti h\u00e1ny \u00f3ra teker\u00e9s el\u00e9g? \u2013 Ahhoz, hogy profi legy\u00e9l\" \/>\n<meta property=\"og:description\" content=\"Mennyi id\u0151t t\u00f6ltenek a profi ker\u00e9kp\u00e1rosok edz\u00e9ssel? Mennyire kell elk\u00f6telezettnek lenned ahhoz, hogy versenybe tudj sz\u00e1nni ellen\u00fck? Cikk\u00fcnkben \u00e1ttekint\u00fcnk n\u00e9h\u00e1ny p\u00e9ld\u00e1t az orsz\u00e1g\u00fati versenyz\u0151kt\u0151l kezdve a montisokig.\" \/>\n<meta property=\"og:url\" content=\"https:\/\/www.welovecycling.com\/hu\/edzes-es-eletmod\/heti-hany-ora-tekeres-eleg-ahhoz-hogy-profi-legyel\/\" \/>\n<meta property=\"og:site_name\" content=\"\u0160koda We Love Cycling - Magyarorsz\u00e1g\" \/>\n<meta property=\"article:publisher\" content=\"https:\/\/www.facebook.com\/WeLoveCyclingHungary\/\" \/>\n<meta property=\"article:published_time\" content=\"2021-12-13T06:00:37+00:00\" \/>\n<meta property=\"og:image\" content=\"https:\/\/d2p6e6u75xmxt8.cloudfront.net\/12\/2021\/12\/Cycling-training-profimedia-0633688811-CVR.jpg\" \/>\n\t<meta property=\"og:image:width\" content=\"1366\" \/>\n\t<meta property=\"og:image:height\" content=\"600\" \/>\n\t<meta property=\"og:image:type\" content=\"image\/jpeg\" \/>\n<meta name=\"author\" content=\"hegyizs\" \/>\n<meta name=\"twitter:card\" content=\"summary_large_image\" \/>\n<meta name=\"twitter:label1\" content=\"Written by\" \/>\n\t<meta name=\"twitter:data1\" content=\"Jiri Kaloc\" \/>\n\t<meta name=\"twitter:label2\" content=\"Est. reading time\" \/>\n\t<meta name=\"twitter:data2\" content=\"5\" \/>\n<script type=\"application\/ld+json\" class=\"yoast-schema-graph\">{\"@context\":\"https:\/\/schema.org\",\"@graph\":[{\"@type\":\"WebPage\",\"@id\":\"https:\/\/www.welovecycling.com\/hu\/edzes-es-eletmod\/heti-hany-ora-tekeres-eleg-ahhoz-hogy-profi-legyel\/\",\"url\":\"https:\/\/www.welovecycling.com\/hu\/edzes-es-eletmod\/heti-hany-ora-tekeres-eleg-ahhoz-hogy-profi-legyel\/\",\"name\":\"Heti h\u00e1ny \u00f3ra teker\u00e9s el\u00e9g? \u2013 Ahhoz, hogy profi legy\u00e9l\",\"isPartOf\":{\"@id\":\"https:\/\/www.welovecycling.com\/hu\/#website\"},\"primaryImageOfPage\":{\"@id\":\"https:\/\/www.welovecycling.com\/hu\/edzes-es-eletmod\/heti-hany-ora-tekeres-eleg-ahhoz-hogy-profi-legyel\/#primaryimage\"},\"image\":{\"@id\":\"https:\/\/www.welovecycling.com\/hu\/edzes-es-eletmod\/heti-hany-ora-tekeres-eleg-ahhoz-hogy-profi-legyel\/#primaryimage\"},\"thumbnailUrl\":\"https:\/\/d2p6e6u75xmxt8.cloudfront.net\/12\/2021\/12\/Cycling-training-profimedia-0633688811-CVR.jpg\",\"datePublished\":\"2021-12-13T06:00:37+00:00\",\"author\":{\"@id\":\"https:\/\/www.welovecycling.com\/hu\/#\/schema\/person\/414a2aebf1801691a5320edb6468e194\"},\"description\":\"Mennyi id\u0151t t\u00f6ltenek a profi ker\u00e9kp\u00e1rosok edz\u00e9ssel? Mennyire kell elk\u00f6telezettnek lenned ahhoz, hogy versenybe tudj sz\u00e1nni ellen\u00fck? Cikk\u00fcnkben \u00e1ttekint\u00fcnk n\u00e9h\u00e1ny p\u00e9ld\u00e1t az orsz\u00e1g\u00fati versenyz\u0151kt\u0151l kezdve a montisokig.\",\"breadcrumb\":{\"@id\":\"https:\/\/www.welovecycling.com\/hu\/edzes-es-eletmod\/heti-hany-ora-tekeres-eleg-ahhoz-hogy-profi-legyel\/#breadcrumb\"},\"inLanguage\":\"hu\",\"potentialAction\":[{\"@type\":\"ReadAction\",\"target\":[\"https:\/\/www.welovecycling.com\/hu\/edzes-es-eletmod\/heti-hany-ora-tekeres-eleg-ahhoz-hogy-profi-legyel\/\"]}]},{\"@type\":\"ImageObject\",\"inLanguage\":\"hu\",\"@id\":\"https:\/\/www.welovecycling.com\/hu\/edzes-es-eletmod\/heti-hany-ora-tekeres-eleg-ahhoz-hogy-profi-legyel\/#primaryimage\",\"url\":\"https:\/\/d2p6e6u75xmxt8.cloudfront.net\/12\/2021\/12\/Cycling-training-profimedia-0633688811-CVR.jpg\",\"contentUrl\":\"https:\/\/d2p6e6u75xmxt8.cloudfront.net\/12\/2021\/12\/Cycling-training-profimedia-0633688811-CVR.jpg\",\"width\":1366,\"height\":600,\"caption\":\"Cycling training\"},{\"@type\":\"BreadcrumbList\",\"@id\":\"https:\/\/www.welovecycling.com\/hu\/edzes-es-eletmod\/heti-hany-ora-tekeres-eleg-ahhoz-hogy-profi-legyel\/#breadcrumb\",\"itemListElement\":[{\"@type\":\"ListItem\",\"position\":1,\"name\":\"Home\",\"item\":\"https:\/\/www.welovecycling.com\/hu\/\"},{\"@type\":\"ListItem\",\"position\":2,\"name\":\"Heti h\u00e1ny \u00f3ra teker\u00e9s el\u00e9g? \u2013 Ahhoz, hogy profi legy\u00e9l\"}]},{\"@type\":\"WebSite\",\"@id\":\"https:\/\/www.welovecycling.com\/hu\/#website\",\"url\":\"https:\/\/www.welovecycling.com\/hu\/\",\"name\":\"\u0160koda We Love Cycling - Magyarorsz\u00e1g\",\"description\":\"\u0160koda WeLoveCycling\",\"potentialAction\":[{\"@type\":\"SearchAction\",\"target\":{\"@type\":\"EntryPoint\",\"urlTemplate\":\"https:\/\/www.welovecycling.com\/hu\/?s={search_term_string}\"},\"query-input\":{\"@type\":\"PropertyValueSpecification\",\"valueRequired\":true,\"valueName\":\"search_term_string\"}}],\"inLanguage\":\"hu\"},{\"@type\":\"Person\",\"@id\":\"https:\/\/www.welovecycling.com\/hu\/#\/schema\/person\/414a2aebf1801691a5320edb6468e194\",\"name\":\"hegyizs\",\"image\":{\"@type\":\"ImageObject\",\"inLanguage\":\"hu\",\"@id\":\"https:\/\/www.welovecycling.com\/hu\/#\/schema\/person\/image\/\",\"url\":\"https:\/\/secure.gravatar.com\/avatar\/02cf8a7906b8cf90cecb4679defac7cfd33a1c2e3b88e4903d947f3bb58eedd3?s=96&d=mm&r=g\",\"contentUrl\":\"https:\/\/secure.gravatar.com\/avatar\/02cf8a7906b8cf90cecb4679defac7cfd33a1c2e3b88e4903d947f3bb58eedd3?s=96&d=mm&r=g\",\"caption\":\"hegyizs\"},\"url\":\"https:\/\/www.welovecycling.com\/hu\/author\/hegyizs\/\"}]}<\/script>\n<!-- \/ Yoast SEO Premium plugin. -->","yoast_head_json":{"title":"Heti h\u00e1ny \u00f3ra teker\u00e9s el\u00e9g? \u2013 Ahhoz, hogy profi legy\u00e9l","description":"Mennyi id\u0151t t\u00f6ltenek a profi ker\u00e9kp\u00e1rosok edz\u00e9ssel? Mennyire kell elk\u00f6telezettnek lenned ahhoz, hogy versenybe tudj sz\u00e1nni ellen\u00fck? Cikk\u00fcnkben \u00e1ttekint\u00fcnk n\u00e9h\u00e1ny p\u00e9ld\u00e1t az orsz\u00e1g\u00fati versenyz\u0151kt\u0151l kezdve a montisokig.","robots":{"index":"index","follow":"follow","max-snippet":"max-snippet:-1","max-image-preview":"max-image-preview:large","max-video-preview":"max-video-preview:-1"},"canonical":"https:\/\/www.welovecycling.com\/hu\/edzes-es-eletmod\/heti-hany-ora-tekeres-eleg-ahhoz-hogy-profi-legyel\/","og_locale":"hu_HU","og_type":"article","og_title":"Heti h\u00e1ny \u00f3ra teker\u00e9s el\u00e9g? \u2013 Ahhoz, hogy profi legy\u00e9l","og_description":"Mennyi id\u0151t t\u00f6ltenek a profi ker\u00e9kp\u00e1rosok edz\u00e9ssel? Mennyire kell elk\u00f6telezettnek lenned ahhoz, hogy versenybe tudj sz\u00e1nni ellen\u00fck? Cikk\u00fcnkben \u00e1ttekint\u00fcnk n\u00e9h\u00e1ny p\u00e9ld\u00e1t az orsz\u00e1g\u00fati versenyz\u0151kt\u0151l kezdve a montisokig.","og_url":"https:\/\/www.welovecycling.com\/hu\/edzes-es-eletmod\/heti-hany-ora-tekeres-eleg-ahhoz-hogy-profi-legyel\/","og_site_name":"\u0160koda We Love Cycling - Magyarorsz\u00e1g","article_publisher":"https:\/\/www.facebook.com\/WeLoveCyclingHungary\/","article_published_time":"2021-12-13T06:00:37+00:00","og_image":[{"width":1366,"height":600,"url":"https:\/\/d2p6e6u75xmxt8.cloudfront.net\/12\/2021\/12\/Cycling-training-profimedia-0633688811-CVR.jpg","type":"image\/jpeg"}],"author":"hegyizs","twitter_card":"summary_large_image","twitter_misc":{"Written by":"Jiri Kaloc","Est. reading time":"5"},"schema":{"@context":"https:\/\/schema.org","@graph":[{"@type":"WebPage","@id":"https:\/\/www.welovecycling.com\/hu\/edzes-es-eletmod\/heti-hany-ora-tekeres-eleg-ahhoz-hogy-profi-legyel\/","url":"https:\/\/www.welovecycling.com\/hu\/edzes-es-eletmod\/heti-hany-ora-tekeres-eleg-ahhoz-hogy-profi-legyel\/","name":"Heti h\u00e1ny \u00f3ra teker\u00e9s el\u00e9g? \u2013 Ahhoz, hogy profi legy\u00e9l","isPartOf":{"@id":"https:\/\/www.welovecycling.com\/hu\/#website"},"primaryImageOfPage":{"@id":"https:\/\/www.welovecycling.com\/hu\/edzes-es-eletmod\/heti-hany-ora-tekeres-eleg-ahhoz-hogy-profi-legyel\/#primaryimage"},"image":{"@id":"https:\/\/www.welovecycling.com\/hu\/edzes-es-eletmod\/heti-hany-ora-tekeres-eleg-ahhoz-hogy-profi-legyel\/#primaryimage"},"thumbnailUrl":"https:\/\/d2p6e6u75xmxt8.cloudfront.net\/12\/2021\/12\/Cycling-training-profimedia-0633688811-CVR.jpg","datePublished":"2021-12-13T06:00:37+00:00","author":{"@id":"https:\/\/www.welovecycling.com\/hu\/#\/schema\/person\/414a2aebf1801691a5320edb6468e194"},"description":"Mennyi id\u0151t t\u00f6ltenek a profi ker\u00e9kp\u00e1rosok edz\u00e9ssel? Mennyire kell elk\u00f6telezettnek lenned ahhoz, hogy versenybe tudj sz\u00e1nni ellen\u00fck? Cikk\u00fcnkben \u00e1ttekint\u00fcnk n\u00e9h\u00e1ny p\u00e9ld\u00e1t az orsz\u00e1g\u00fati versenyz\u0151kt\u0151l kezdve a montisokig.","breadcrumb":{"@id":"https:\/\/www.welovecycling.com\/hu\/edzes-es-eletmod\/heti-hany-ora-tekeres-eleg-ahhoz-hogy-profi-legyel\/#breadcrumb"},"inLanguage":"hu","potentialAction":[{"@type":"ReadAction","target":["https:\/\/www.welovecycling.com\/hu\/edzes-es-eletmod\/heti-hany-ora-tekeres-eleg-ahhoz-hogy-profi-legyel\/"]}]},{"@type":"ImageObject","inLanguage":"hu","@id":"https:\/\/www.welovecycling.com\/hu\/edzes-es-eletmod\/heti-hany-ora-tekeres-eleg-ahhoz-hogy-profi-legyel\/#primaryimage","url":"https:\/\/d2p6e6u75xmxt8.cloudfront.net\/12\/2021\/12\/Cycling-training-profimedia-0633688811-CVR.jpg","contentUrl":"https:\/\/d2p6e6u75xmxt8.cloudfront.net\/12\/2021\/12\/Cycling-training-profimedia-0633688811-CVR.jpg","width":1366,"height":600,"caption":"Cycling training"},{"@type":"BreadcrumbList","@id":"https:\/\/www.welovecycling.com\/hu\/edzes-es-eletmod\/heti-hany-ora-tekeres-eleg-ahhoz-hogy-profi-legyel\/#breadcrumb","itemListElement":[{"@type":"ListItem","position":1,"name":"Home","item":"https:\/\/www.welovecycling.com\/hu\/"},{"@type":"ListItem","position":2,"name":"Heti h\u00e1ny \u00f3ra teker\u00e9s el\u00e9g? \u2013 Ahhoz, hogy profi legy\u00e9l"}]},{"@type":"WebSite","@id":"https:\/\/www.welovecycling.com\/hu\/#website","url":"https:\/\/www.welovecycling.com\/hu\/","name":"\u0160koda We Love Cycling - Magyarorsz\u00e1g","description":"\u0160koda WeLoveCycling","potentialAction":[{"@type":"SearchAction","target":{"@type":"EntryPoint","urlTemplate":"https:\/\/www.welovecycling.com\/hu\/?s={search_term_string}"},"query-input":{"@type":"PropertyValueSpecification","valueRequired":true,"valueName":"search_term_string"}}],"inLanguage":"hu"},{"@type":"Person","@id":"https:\/\/www.welovecycling.com\/hu\/#\/schema\/person\/414a2aebf1801691a5320edb6468e194","name":"hegyizs","image":{"@type":"ImageObject","inLanguage":"hu","@id":"https:\/\/www.welovecycling.com\/hu\/#\/schema\/person\/image\/","url":"https:\/\/secure.gravatar.com\/avatar\/02cf8a7906b8cf90cecb4679defac7cfd33a1c2e3b88e4903d947f3bb58eedd3?s=96&d=mm&r=g","contentUrl":"https:\/\/secure.gravatar.com\/avatar\/02cf8a7906b8cf90cecb4679defac7cfd33a1c2e3b88e4903d947f3bb58eedd3?s=96&d=mm&r=g","caption":"hegyizs"},"url":"https:\/\/www.welovecycling.com\/hu\/author\/hegyizs\/"}]}},"_links":{"self":[{"href":"https:\/\/www.welovecycling.com\/hu\/wp-json\/wp\/v2\/posts\/13131","targetHints":{"allow":["GET"]}}],"collection":[{"href":"https:\/\/www.welovecycling.com\/hu\/wp-json\/wp\/v2\/posts"}],"about":[{"href":"https:\/\/www.welovecycling.com\/hu\/wp-json\/wp\/v2\/types\/post"}],"author":[{"embeddable":true,"href":"https:\/\/www.welovecycling.com\/hu\/wp-json\/wp\/v2\/users\/71"}],"replies":[{"embeddable":true,"href":"https:\/\/www.welovecycling.com\/hu\/wp-json\/wp\/v2\/comments?post=13131"}],"version-history":[{"count":2,"href":"https:\/\/www.welovecycling.com\/hu\/wp-json\/wp\/v2\/posts\/13131\/revisions"}],"predecessor-version":[{"id":13178,"href":"https:\/\/www.welovecycling.com\/hu\/wp-json\/wp\/v2\/posts\/13131\/revisions\/13178"}],"wp:featuredmedia":[{"embeddable":true,"href":"https:\/\/www.welovecycling.com\/hu\/wp-json\/wp\/v2\/media\/13136"}],"wp:attachment":[{"href":"https:\/\/www.welovecycling.com\/hu\/wp-json\/wp\/v2\/media?parent=13131"}],"wp:term":[{"taxonomy":"category","embeddable":true,"href":"https:\/\/www.welovecycling.com\/hu\/wp-json\/wp\/v2\/categories?post=13131"},{"taxonomy":"post_tag","embeddable":true,"href":"https:\/\/www.welovecycling.com\/hu\/wp-json\/wp\/v2\/tags?post=13131"},{"taxonomy":"global-categories","embeddable":true,"href":"https:\/\/www.welovecycling.com\/hu\/wp-json\/wp\/v2\/global-categories?post=13131"}],"curies":[{"name":"wp","href":"https:\/\/api.w.org\/{rel}","templated":true}]}}