{"id":13123,"date":"2021-12-09T08:00:53","date_gmt":"2021-12-09T06:00:53","guid":{"rendered":"https:\/\/www.welovecycling.com\/hu\/?p=13123"},"modified":"2021-12-08T16:34:12","modified_gmt":"2021-12-08T14:34:12","slug":"valtoznak-az-idok-patrick-lefevere-megis-noi-csapatot-szponzoral","status":"publish","type":"post","link":"https:\/\/www.welovecycling.com\/hu\/orszaguti-kerekpar\/valtoznak-az-idok-patrick-lefevere-megis-noi-csapatot-szponzoral\/","title":{"rendered":"V\u00e1ltoznak az id\u0151k: Patrick Lefevere m\u00e9gis n\u0151i csapatot szponzor\u00e1l"},"content":{"rendered":"<p><strong>A sz\u00f3kimond\u00f3 Quick Step-f\u0151n\u00f6k nemr\u00e9g m\u00e9g mereven elz\u00e1rk\u00f3zott a n\u0151i ker\u00e9kp\u00e1rsortban val\u00f3 szerepv\u00e1llal\u00e1s\u00e1t\u00f3l, \u00e1m a Deceuninckkel val\u00f3 szak\u00edt\u00e1sa ut\u00e1n bejelentette: a j\u00f6v\u0151 \u00e9vt\u0151l c\u00e9g\u00e9vel, az Experz\u00e1val a fiatal n\u0151i tehets\u00e9geket felkarol\u00f3 holland NXTG Racinget t\u00e1mogatja.<\/strong><!--more--><\/p>\n<p>\u00c9ppen a napokban \u00edrtunk a Patrick Lefevere k\u00f6r\u00fcli leg\u00fajabb kalamajk\u00e1r\u00f3l, a balh\u00e9s belga csapatf\u0151n\u00f6k \u00e9s a kor\u00e1bbi n\u00e9vad\u00f3 f\u0151szponzor, a Deceuninck k\u00f6z\u00f6tti viharos szak\u00edt\u00e1sr\u00f3l, amelyben er\u0151sen k\u00f6zrej\u00e1tszott az is, hogy Lefevere a szponzori k\u00e9r\u00e9s ellen\u00e9re hallani sem akart n\u0151i ker\u00e9kp\u00e1rcsapat ind\u00edt\u00e1s\u00e1r\u00f3l, s\u0151t, meglehet\u0151sen lekicsinyl\u0151 st\u00edlusban besz\u00e9lt a n\u0151i ker\u00e9kp\u00e1rosokr\u00f3l. Nincs h\u00e1rom h\u00f3napja, hogy szok\u00e1s\u00e1hoz h\u00edven felkavarta az \u00e1ll\u00f3vizet sz\u00f3kimond\u00f3 nyilatkozat\u00e1val, melyben k\u00f6z\u00f6lte, hogy \u0151 \u201enem j\u00f3t\u00e9konys\u00e1gi k\u00f6zpont\u201d, se ideje, se p\u00e9nze, se kedve egy n\u0151i ker\u00e9kp\u00e1rcsapatba fektetni kiz\u00e1r\u00f3lag k\u00fcls\u0151 nyom\u00e1sra. A Deceuninck drasztikus v\u00e1lasza \u00e9s t\u00e1voz\u00e1sa azonban hirtelen mintha var\u00e1zs\u00fct\u00e9sre jobb bel\u00e1t\u00e1sra b\u00edrta volna Lefevere-t, akit m\u00e1r kor\u00e1bban is rengetegen kritiz\u00e1ltak radik\u00e1lis elvei miatt \u2013 tal\u00e1n r\u00e1j\u00f6tt, hogy hossz\u00fa t\u00e1von \u00fagysem \u201e\u00faszhatja meg\u201d a n\u0151i vonalat.<\/p>\n<figure id=\"attachment_13125\" aria-describedby=\"caption-attachment-13125\" style=\"width: 838px\" class=\"wp-caption alignnone\"><a href=\"https:\/\/d2p6e6u75xmxt8.cloudfront.net\/12\/2021\/12\/CORVOS_00020992-028-e1493140553954.jpg\"><img loading=\"lazy\" decoding=\"async\" class=\"size-full wp-image-13125\" src=\"https:\/\/d2p6e6u75xmxt8.cloudfront.net\/12\/2021\/12\/CORVOS_00020992-028-e1493140553954.jpg\" alt=\"\" width=\"838\" height=\"561\" srcset=\"https:\/\/d2p6e6u75xmxt8.cloudfront.net\/12\/2021\/12\/CORVOS_00020992-028-e1493140553954.jpg 838w, https:\/\/d2p6e6u75xmxt8.cloudfront.net\/12\/2021\/12\/CORVOS_00020992-028-e1493140553954-300x201.jpg 300w, https:\/\/d2p6e6u75xmxt8.cloudfront.net\/12\/2021\/12\/CORVOS_00020992-028-e1493140553954-768x514.jpg 768w, https:\/\/d2p6e6u75xmxt8.cloudfront.net\/12\/2021\/12\/CORVOS_00020992-028-e1493140553954-272x182.jpg 272w\" sizes=\"auto, (max-width: 838px) 100vw, 838px\" \/><\/a><figcaption id=\"caption-attachment-13125\" class=\"wp-caption-text\">Patrick Lefevere (fot\u00f3: Cor Vos)<\/figcaption><\/figure>\n<p>Mind\u00f6ssze n\u00e9h\u00e1ny nappal a Deceuninck kisz\u00e1ll\u00e1sa \u00e9s a nyilv\u00e1nos oda-vissza \u00fczenget\u00e9s ut\u00e1n a 66 esztend\u0151s szakember a sajt\u00f3 el\u00e9 \u00e1llt \u00e9s bejelentette: ha saj\u00e1t n\u0151i ist\u00e1ll\u00f3t egyel\u0151re nem is ind\u00edt, de a j\u00f6v\u0151ben f\u0151szponzork\u00e9nt t\u00e1mogatni k\u00edv\u00e1nja a fiatal n\u0151i tehets\u00e9geket. Ennek \u00e9rdek\u00e9ben pedig munkak\u00f6zvet\u00edt\u0151 c\u00e9g\u00e9vel, az Experz\u00e1val besz\u00e1ll a 2019-ben alap\u00edtott, jelenleg kontinent\u00e1lis besorol\u00e1ssal b\u00edr\u00f3 fiatal n\u0151i csapatba, a NXTG (NeXT Generation) Racingbe, amely a k\u00f6vetkez\u0151 \u00e9vt\u0151l NXTG by Experza n\u00e9ven versenyez tov\u00e1bb.<\/p>\n<p>Lefevere egy\u00fattal igyekezett jobb k\u00e9pet festeni mag\u00e1r\u00f3l a kialakultn\u00e1l, a Cyclingtipsnek a k\u00f6vetkez\u0151ket nyilatkozta: \u201e<em>Mindenekel\u0151tt szeretn\u00e9m lesz\u00f6gezni, hogy a k\u00f6zkelet\u0171 v\u00e9lem\u00e9nyekkel ellent\u00e9tben semmilyen m\u00f3don nem vagyok a n\u0151i ker\u00e9kp\u00e1roz\u00e1s ellen. A n\u0151i bringasport rohaml\u00e9ptekben n\u00f6vekszik, ugyanakkor jelen pillanatban \u00fagy \u00e9rzem, nincs el\u00e9g World Tour-szint\u0171 versenyz\u0151. Ez\u00e9rt mi m\u00e1s utat szeretn\u00e9nk v\u00e1lasztani, eg\u00e9szen a kezdetekt\u0151l fiatal \u00e9s junior bring\u00e1soknak biztos\u00edtani a k\u00f6rnyezetet a fejl\u0151d\u00e9sre.\u201d<\/em> Lefevere egy\u00fattal kijelentette, felismerte a n\u0151i ker\u00e9kp\u00e1roz\u00e1s fontoss\u00e1g\u00e1t, majd hozz\u00e1tette, megvan a kell\u0151 tapasztalata az ifj\u00fa tehets\u00e9gek cs\u00facsra j\u00e1rat\u00e1s\u00e1ban, \u00edgy az NXTG-n\u00e9l is ez lesz a c\u00e9lja, \u00e9s hossz\u00fa t\u00e1vra tervez.<\/p>\n<figure id=\"attachment_13126\" aria-describedby=\"caption-attachment-13126\" style=\"width: 1024px\" class=\"wp-caption alignnone\"><a href=\"https:\/\/d2p6e6u75xmxt8.cloudfront.net\/12\/2021\/12\/262403061_1275237346324195_2972259501506272539_n.jpg\"><img loading=\"lazy\" decoding=\"async\" class=\"size-large wp-image-13126\" src=\"https:\/\/d2p6e6u75xmxt8.cloudfront.net\/12\/2021\/12\/262403061_1275237346324195_2972259501506272539_n-1024x576.jpg\" alt=\"\" width=\"1024\" height=\"576\" srcset=\"https:\/\/d2p6e6u75xmxt8.cloudfront.net\/12\/2021\/12\/262403061_1275237346324195_2972259501506272539_n-1024x576.jpg 1024w, https:\/\/d2p6e6u75xmxt8.cloudfront.net\/12\/2021\/12\/262403061_1275237346324195_2972259501506272539_n-300x169.jpg 300w, https:\/\/d2p6e6u75xmxt8.cloudfront.net\/12\/2021\/12\/262403061_1275237346324195_2972259501506272539_n-768x432.jpg 768w, https:\/\/d2p6e6u75xmxt8.cloudfront.net\/12\/2021\/12\/262403061_1275237346324195_2972259501506272539_n-1536x864.jpg 1536w, https:\/\/d2p6e6u75xmxt8.cloudfront.net\/12\/2021\/12\/262403061_1275237346324195_2972259501506272539_n.jpg 1920w\" sizes=\"auto, (max-width: 1024px) 100vw, 1024px\" \/><\/a><figcaption id=\"caption-attachment-13126\" class=\"wp-caption-text\">fot\u00f3: Bastien Gason<\/figcaption><\/figure>\n<p><em>\u201eMinden a 16-17 \u00e9ves l\u00e1nyokkal kezd\u0151dik. El\u0151sz\u00f6r is meg kell gy\u0151zn\u00fcnk \u0151ket, hogy v\u00e1lassz\u00e1k a ker\u00e9kp\u00e1roz\u00e1st \u2013 szerencs\u00e9re sz\u00e1mos szak\u00e1gb\u00f3l v\u00e1laszthatnak. Azt\u00e1n meg kell keresn\u00fcnk a tehets\u00e9geket, \u00e9s meggy\u0151zni \u0151ket, hogy v\u00e1lassz\u00e1k az orsz\u00e1gutat. A legsikeresebb f\u00e9rfi csapat ut\u00e1n id\u0151vel szeretn\u00e9nk a n\u0151i mez\u0151nyben is gy\u0151ztes csapatt\u00e1 v\u00e1lni.\u201d<\/em><\/p>\n<p>Lefevere azt is hozz\u00e1tette, hogy ahhoz, hogy a Quick Step f\u00e9rficsapata tov\u00e1bbra is a legmagasabb min\u0151s\u00e9get k\u00e9pviselje, onnan nem vonhat el forr\u00e1sokat, teh\u00e1t a n\u0151i csapathoz extra b\u00fcdzs\u00e9t kell valahonnan kigazd\u00e1lkodnia. Mint mondta, id\u0151re van sz\u00fcks\u00e9ge, hogy kital\u00e1lja, pontosan hogyan, de szerencs\u00e9re a n\u0151i ker\u00e9kp\u00e1rsportban nem s\u00fcrgetik \u00fagy az \u00fcgyn\u00f6k\u00f6k, mint a f\u00e9rfiak vil\u00e1g\u00e1ban.<\/p>\n<p><em>Bor\u00edt\u00f3k\u00e9p: nxtg.nl<\/em><\/p>\n","protected":false},"excerpt":{"rendered":"<p>A sz\u00f3kimond\u00f3 Quick Step-f\u0151n\u00f6k nemr\u00e9g m\u00e9g mereven elz\u00e1rk\u00f3zott a n\u0151i ker\u00e9kp\u00e1rsortban val\u00f3 szerepv\u00e1llal\u00e1s\u00e1t\u00f3l, \u00e1m a Deceuninckkel val\u00f3 szak\u00edt\u00e1sa ut\u00e1n bejelentette: [&hellip;]<\/p>\n","protected":false},"author":71,"featured_media":13124,"comment_status":"open","ping_status":"open","sticky":false,"template":"","format":"standard","meta":{"footnotes":""},"categories":[8],"tags":[],"global-categories":[],"class_list":["post-13123","post","type-post","status-publish","format-standard","has-post-thumbnail","hentry","category-orszaguti-kerekpar"],"yoast_head":"<!-- This site is optimized with the Yoast SEO Premium plugin v25.3 (Yoast SEO v25.9) - https:\/\/yoast.com\/wordpress\/plugins\/seo\/ -->\n<title>V\u00e1ltoznak az id\u0151k: Patrick Lefevere m\u00e9gis n\u0151i csapatot szponzor\u00e1l<\/title>\n<meta name=\"description\" content=\"A sz\u00f3kimond\u00f3 Quick Step-f\u0151n\u00f6k nemr\u00e9g m\u00e9g mereven elz\u00e1rk\u00f3zott a n\u0151i ker\u00e9kp\u00e1rsortban val\u00f3 szerepv\u00e1llal\u00e1s\u00e1t\u00f3l, \u00e1m a Deceuninckkel val\u00f3 szak\u00edt\u00e1sa ut\u00e1n bejelentette: a j\u00f6v\u0151 \u00e9vt\u0151l c\u00e9g\u00e9vel, az Experz\u00e1val a fiatal n\u0151i tehets\u00e9geket felkarol\u00f3 holland NXTG Racinget t\u00e1mogatja.\" \/>\n<meta name=\"robots\" content=\"index, follow, max-snippet:-1, max-image-preview:large, max-video-preview:-1\" \/>\n<link rel=\"canonical\" href=\"https:\/\/www.welovecycling.com\/hu\/orszaguti-kerekpar\/valtoznak-az-idok-patrick-lefevere-megis-noi-csapatot-szponzoral\/\" \/>\n<meta property=\"og:locale\" content=\"hu_HU\" \/>\n<meta property=\"og:type\" content=\"article\" \/>\n<meta property=\"og:title\" content=\"V\u00e1ltoznak az id\u0151k: Patrick Lefevere m\u00e9gis n\u0151i csapatot szponzor\u00e1l\" \/>\n<meta property=\"og:description\" content=\"A sz\u00f3kimond\u00f3 Quick Step-f\u0151n\u00f6k nemr\u00e9g m\u00e9g mereven elz\u00e1rk\u00f3zott a n\u0151i ker\u00e9kp\u00e1rsortban val\u00f3 szerepv\u00e1llal\u00e1s\u00e1t\u00f3l, \u00e1m a Deceuninckkel val\u00f3 szak\u00edt\u00e1sa ut\u00e1n bejelentette: a j\u00f6v\u0151 \u00e9vt\u0151l c\u00e9g\u00e9vel, az Experz\u00e1val a fiatal n\u0151i tehets\u00e9geket felkarol\u00f3 holland NXTG Racinget t\u00e1mogatja.\" \/>\n<meta property=\"og:url\" content=\"https:\/\/www.welovecycling.com\/hu\/orszaguti-kerekpar\/valtoznak-az-idok-patrick-lefevere-megis-noi-csapatot-szponzoral\/\" \/>\n<meta property=\"og:site_name\" content=\"\u0160koda We Love Cycling - Magyarorsz\u00e1g\" \/>\n<meta property=\"article:publisher\" content=\"https:\/\/www.facebook.com\/WeLoveCyclingHungary\/\" \/>\n<meta property=\"article:published_time\" content=\"2021-12-09T06:00:53+00:00\" \/>\n<meta property=\"og:image\" content=\"https:\/\/d2p6e6u75xmxt8.cloudfront.net\/12\/2021\/12\/team-nxtg-2019-header-large.jpg\" \/>\n\t<meta property=\"og:image:width\" content=\"1920\" \/>\n\t<meta property=\"og:image:height\" content=\"600\" \/>\n\t<meta property=\"og:image:type\" content=\"image\/jpeg\" \/>\n<meta name=\"author\" content=\"hegyizs\" \/>\n<meta name=\"twitter:card\" content=\"summary_large_image\" \/>\n<meta name=\"twitter:label1\" content=\"Written by\" \/>\n\t<meta name=\"twitter:data1\" content=\"WLC\" \/>\n\t<meta name=\"twitter:label2\" content=\"Est. reading time\" \/>\n\t<meta name=\"twitter:data2\" content=\"3 minutes\" \/>\n<script type=\"application\/ld+json\" class=\"yoast-schema-graph\">{\"@context\":\"https:\/\/schema.org\",\"@graph\":[{\"@type\":\"WebPage\",\"@id\":\"https:\/\/www.welovecycling.com\/hu\/orszaguti-kerekpar\/valtoznak-az-idok-patrick-lefevere-megis-noi-csapatot-szponzoral\/\",\"url\":\"https:\/\/www.welovecycling.com\/hu\/orszaguti-kerekpar\/valtoznak-az-idok-patrick-lefevere-megis-noi-csapatot-szponzoral\/\",\"name\":\"V\u00e1ltoznak az id\u0151k: Patrick Lefevere m\u00e9gis n\u0151i csapatot szponzor\u00e1l\",\"isPartOf\":{\"@id\":\"https:\/\/www.welovecycling.com\/hu\/#website\"},\"primaryImageOfPage\":{\"@id\":\"https:\/\/www.welovecycling.com\/hu\/orszaguti-kerekpar\/valtoznak-az-idok-patrick-lefevere-megis-noi-csapatot-szponzoral\/#primaryimage\"},\"image\":{\"@id\":\"https:\/\/www.welovecycling.com\/hu\/orszaguti-kerekpar\/valtoznak-az-idok-patrick-lefevere-megis-noi-csapatot-szponzoral\/#primaryimage\"},\"thumbnailUrl\":\"https:\/\/d2p6e6u75xmxt8.cloudfront.net\/12\/2021\/12\/team-nxtg-2019-header-large.jpg\",\"datePublished\":\"2021-12-09T06:00:53+00:00\",\"author\":{\"@id\":\"https:\/\/www.welovecycling.com\/hu\/#\/schema\/person\/414a2aebf1801691a5320edb6468e194\"},\"description\":\"A sz\u00f3kimond\u00f3 Quick Step-f\u0151n\u00f6k nemr\u00e9g m\u00e9g mereven elz\u00e1rk\u00f3zott a n\u0151i ker\u00e9kp\u00e1rsortban val\u00f3 szerepv\u00e1llal\u00e1s\u00e1t\u00f3l, \u00e1m a Deceuninckkel val\u00f3 szak\u00edt\u00e1sa ut\u00e1n bejelentette: a j\u00f6v\u0151 \u00e9vt\u0151l c\u00e9g\u00e9vel, az Experz\u00e1val a fiatal n\u0151i tehets\u00e9geket felkarol\u00f3 holland NXTG Racinget t\u00e1mogatja.\",\"breadcrumb\":{\"@id\":\"https:\/\/www.welovecycling.com\/hu\/orszaguti-kerekpar\/valtoznak-az-idok-patrick-lefevere-megis-noi-csapatot-szponzoral\/#breadcrumb\"},\"inLanguage\":\"hu\",\"potentialAction\":[{\"@type\":\"ReadAction\",\"target\":[\"https:\/\/www.welovecycling.com\/hu\/orszaguti-kerekpar\/valtoznak-az-idok-patrick-lefevere-megis-noi-csapatot-szponzoral\/\"]}]},{\"@type\":\"ImageObject\",\"inLanguage\":\"hu\",\"@id\":\"https:\/\/www.welovecycling.com\/hu\/orszaguti-kerekpar\/valtoznak-az-idok-patrick-lefevere-megis-noi-csapatot-szponzoral\/#primaryimage\",\"url\":\"https:\/\/d2p6e6u75xmxt8.cloudfront.net\/12\/2021\/12\/team-nxtg-2019-header-large.jpg\",\"contentUrl\":\"https:\/\/d2p6e6u75xmxt8.cloudfront.net\/12\/2021\/12\/team-nxtg-2019-header-large.jpg\",\"width\":1920,\"height\":600},{\"@type\":\"BreadcrumbList\",\"@id\":\"https:\/\/www.welovecycling.com\/hu\/orszaguti-kerekpar\/valtoznak-az-idok-patrick-lefevere-megis-noi-csapatot-szponzoral\/#breadcrumb\",\"itemListElement\":[{\"@type\":\"ListItem\",\"position\":1,\"name\":\"Home\",\"item\":\"https:\/\/www.welovecycling.com\/hu\/\"},{\"@type\":\"ListItem\",\"position\":2,\"name\":\"V\u00e1ltoznak az id\u0151k: Patrick Lefevere m\u00e9gis n\u0151i csapatot szponzor\u00e1l\"}]},{\"@type\":\"WebSite\",\"@id\":\"https:\/\/www.welovecycling.com\/hu\/#website\",\"url\":\"https:\/\/www.welovecycling.com\/hu\/\",\"name\":\"\u0160koda We Love Cycling - Magyarorsz\u00e1g\",\"description\":\"\u0160koda WeLoveCycling\",\"potentialAction\":[{\"@type\":\"SearchAction\",\"target\":{\"@type\":\"EntryPoint\",\"urlTemplate\":\"https:\/\/www.welovecycling.com\/hu\/?s={search_term_string}\"},\"query-input\":{\"@type\":\"PropertyValueSpecification\",\"valueRequired\":true,\"valueName\":\"search_term_string\"}}],\"inLanguage\":\"hu\"},{\"@type\":\"Person\",\"@id\":\"https:\/\/www.welovecycling.com\/hu\/#\/schema\/person\/414a2aebf1801691a5320edb6468e194\",\"name\":\"hegyizs\",\"image\":{\"@type\":\"ImageObject\",\"inLanguage\":\"hu\",\"@id\":\"https:\/\/www.welovecycling.com\/hu\/#\/schema\/person\/image\/\",\"url\":\"https:\/\/secure.gravatar.com\/avatar\/02cf8a7906b8cf90cecb4679defac7cfd33a1c2e3b88e4903d947f3bb58eedd3?s=96&d=mm&r=g\",\"contentUrl\":\"https:\/\/secure.gravatar.com\/avatar\/02cf8a7906b8cf90cecb4679defac7cfd33a1c2e3b88e4903d947f3bb58eedd3?s=96&d=mm&r=g\",\"caption\":\"hegyizs\"},\"url\":\"https:\/\/www.welovecycling.com\/hu\/author\/hegyizs\/\"}]}<\/script>\n<!-- \/ Yoast SEO Premium plugin. -->","yoast_head_json":{"title":"V\u00e1ltoznak az id\u0151k: Patrick Lefevere m\u00e9gis n\u0151i csapatot szponzor\u00e1l","description":"A sz\u00f3kimond\u00f3 Quick Step-f\u0151n\u00f6k nemr\u00e9g m\u00e9g mereven elz\u00e1rk\u00f3zott a n\u0151i ker\u00e9kp\u00e1rsortban val\u00f3 szerepv\u00e1llal\u00e1s\u00e1t\u00f3l, \u00e1m a Deceuninckkel val\u00f3 szak\u00edt\u00e1sa ut\u00e1n bejelentette: a j\u00f6v\u0151 \u00e9vt\u0151l c\u00e9g\u00e9vel, az Experz\u00e1val a fiatal n\u0151i tehets\u00e9geket felkarol\u00f3 holland NXTG Racinget t\u00e1mogatja.","robots":{"index":"index","follow":"follow","max-snippet":"max-snippet:-1","max-image-preview":"max-image-preview:large","max-video-preview":"max-video-preview:-1"},"canonical":"https:\/\/www.welovecycling.com\/hu\/orszaguti-kerekpar\/valtoznak-az-idok-patrick-lefevere-megis-noi-csapatot-szponzoral\/","og_locale":"hu_HU","og_type":"article","og_title":"V\u00e1ltoznak az id\u0151k: Patrick Lefevere m\u00e9gis n\u0151i csapatot szponzor\u00e1l","og_description":"A sz\u00f3kimond\u00f3 Quick Step-f\u0151n\u00f6k nemr\u00e9g m\u00e9g mereven elz\u00e1rk\u00f3zott a n\u0151i ker\u00e9kp\u00e1rsortban val\u00f3 szerepv\u00e1llal\u00e1s\u00e1t\u00f3l, \u00e1m a Deceuninckkel val\u00f3 szak\u00edt\u00e1sa ut\u00e1n bejelentette: a j\u00f6v\u0151 \u00e9vt\u0151l c\u00e9g\u00e9vel, az Experz\u00e1val a fiatal n\u0151i tehets\u00e9geket felkarol\u00f3 holland NXTG Racinget t\u00e1mogatja.","og_url":"https:\/\/www.welovecycling.com\/hu\/orszaguti-kerekpar\/valtoznak-az-idok-patrick-lefevere-megis-noi-csapatot-szponzoral\/","og_site_name":"\u0160koda We Love Cycling - Magyarorsz\u00e1g","article_publisher":"https:\/\/www.facebook.com\/WeLoveCyclingHungary\/","article_published_time":"2021-12-09T06:00:53+00:00","og_image":[{"width":1920,"height":600,"url":"https:\/\/d2p6e6u75xmxt8.cloudfront.net\/12\/2021\/12\/team-nxtg-2019-header-large.jpg","type":"image\/jpeg"}],"author":"hegyizs","twitter_card":"summary_large_image","twitter_misc":{"Written by":"WLC","Est. reading time":"3 minutes"},"schema":{"@context":"https:\/\/schema.org","@graph":[{"@type":"WebPage","@id":"https:\/\/www.welovecycling.com\/hu\/orszaguti-kerekpar\/valtoznak-az-idok-patrick-lefevere-megis-noi-csapatot-szponzoral\/","url":"https:\/\/www.welovecycling.com\/hu\/orszaguti-kerekpar\/valtoznak-az-idok-patrick-lefevere-megis-noi-csapatot-szponzoral\/","name":"V\u00e1ltoznak az id\u0151k: Patrick Lefevere m\u00e9gis n\u0151i csapatot szponzor\u00e1l","isPartOf":{"@id":"https:\/\/www.welovecycling.com\/hu\/#website"},"primaryImageOfPage":{"@id":"https:\/\/www.welovecycling.com\/hu\/orszaguti-kerekpar\/valtoznak-az-idok-patrick-lefevere-megis-noi-csapatot-szponzoral\/#primaryimage"},"image":{"@id":"https:\/\/www.welovecycling.com\/hu\/orszaguti-kerekpar\/valtoznak-az-idok-patrick-lefevere-megis-noi-csapatot-szponzoral\/#primaryimage"},"thumbnailUrl":"https:\/\/d2p6e6u75xmxt8.cloudfront.net\/12\/2021\/12\/team-nxtg-2019-header-large.jpg","datePublished":"2021-12-09T06:00:53+00:00","author":{"@id":"https:\/\/www.welovecycling.com\/hu\/#\/schema\/person\/414a2aebf1801691a5320edb6468e194"},"description":"A sz\u00f3kimond\u00f3 Quick Step-f\u0151n\u00f6k nemr\u00e9g m\u00e9g mereven elz\u00e1rk\u00f3zott a n\u0151i ker\u00e9kp\u00e1rsortban val\u00f3 szerepv\u00e1llal\u00e1s\u00e1t\u00f3l, \u00e1m a Deceuninckkel val\u00f3 szak\u00edt\u00e1sa ut\u00e1n bejelentette: a j\u00f6v\u0151 \u00e9vt\u0151l c\u00e9g\u00e9vel, az Experz\u00e1val a fiatal n\u0151i tehets\u00e9geket felkarol\u00f3 holland NXTG Racinget t\u00e1mogatja.","breadcrumb":{"@id":"https:\/\/www.welovecycling.com\/hu\/orszaguti-kerekpar\/valtoznak-az-idok-patrick-lefevere-megis-noi-csapatot-szponzoral\/#breadcrumb"},"inLanguage":"hu","potentialAction":[{"@type":"ReadAction","target":["https:\/\/www.welovecycling.com\/hu\/orszaguti-kerekpar\/valtoznak-az-idok-patrick-lefevere-megis-noi-csapatot-szponzoral\/"]}]},{"@type":"ImageObject","inLanguage":"hu","@id":"https:\/\/www.welovecycling.com\/hu\/orszaguti-kerekpar\/valtoznak-az-idok-patrick-lefevere-megis-noi-csapatot-szponzoral\/#primaryimage","url":"https:\/\/d2p6e6u75xmxt8.cloudfront.net\/12\/2021\/12\/team-nxtg-2019-header-large.jpg","contentUrl":"https:\/\/d2p6e6u75xmxt8.cloudfront.net\/12\/2021\/12\/team-nxtg-2019-header-large.jpg","width":1920,"height":600},{"@type":"BreadcrumbList","@id":"https:\/\/www.welovecycling.com\/hu\/orszaguti-kerekpar\/valtoznak-az-idok-patrick-lefevere-megis-noi-csapatot-szponzoral\/#breadcrumb","itemListElement":[{"@type":"ListItem","position":1,"name":"Home","item":"https:\/\/www.welovecycling.com\/hu\/"},{"@type":"ListItem","position":2,"name":"V\u00e1ltoznak az id\u0151k: Patrick Lefevere m\u00e9gis n\u0151i csapatot szponzor\u00e1l"}]},{"@type":"WebSite","@id":"https:\/\/www.welovecycling.com\/hu\/#website","url":"https:\/\/www.welovecycling.com\/hu\/","name":"\u0160koda We Love Cycling - Magyarorsz\u00e1g","description":"\u0160koda WeLoveCycling","potentialAction":[{"@type":"SearchAction","target":{"@type":"EntryPoint","urlTemplate":"https:\/\/www.welovecycling.com\/hu\/?s={search_term_string}"},"query-input":{"@type":"PropertyValueSpecification","valueRequired":true,"valueName":"search_term_string"}}],"inLanguage":"hu"},{"@type":"Person","@id":"https:\/\/www.welovecycling.com\/hu\/#\/schema\/person\/414a2aebf1801691a5320edb6468e194","name":"hegyizs","image":{"@type":"ImageObject","inLanguage":"hu","@id":"https:\/\/www.welovecycling.com\/hu\/#\/schema\/person\/image\/","url":"https:\/\/secure.gravatar.com\/avatar\/02cf8a7906b8cf90cecb4679defac7cfd33a1c2e3b88e4903d947f3bb58eedd3?s=96&d=mm&r=g","contentUrl":"https:\/\/secure.gravatar.com\/avatar\/02cf8a7906b8cf90cecb4679defac7cfd33a1c2e3b88e4903d947f3bb58eedd3?s=96&d=mm&r=g","caption":"hegyizs"},"url":"https:\/\/www.welovecycling.com\/hu\/author\/hegyizs\/"}]}},"_links":{"self":[{"href":"https:\/\/www.welovecycling.com\/hu\/wp-json\/wp\/v2\/posts\/13123","targetHints":{"allow":["GET"]}}],"collection":[{"href":"https:\/\/www.welovecycling.com\/hu\/wp-json\/wp\/v2\/posts"}],"about":[{"href":"https:\/\/www.welovecycling.com\/hu\/wp-json\/wp\/v2\/types\/post"}],"author":[{"embeddable":true,"href":"https:\/\/www.welovecycling.com\/hu\/wp-json\/wp\/v2\/users\/71"}],"replies":[{"embeddable":true,"href":"https:\/\/www.welovecycling.com\/hu\/wp-json\/wp\/v2\/comments?post=13123"}],"version-history":[{"count":2,"href":"https:\/\/www.welovecycling.com\/hu\/wp-json\/wp\/v2\/posts\/13123\/revisions"}],"predecessor-version":[{"id":13128,"href":"https:\/\/www.welovecycling.com\/hu\/wp-json\/wp\/v2\/posts\/13123\/revisions\/13128"}],"wp:featuredmedia":[{"embeddable":true,"href":"https:\/\/www.welovecycling.com\/hu\/wp-json\/wp\/v2\/media\/13124"}],"wp:attachment":[{"href":"https:\/\/www.welovecycling.com\/hu\/wp-json\/wp\/v2\/media?parent=13123"}],"wp:term":[{"taxonomy":"category","embeddable":true,"href":"https:\/\/www.welovecycling.com\/hu\/wp-json\/wp\/v2\/categories?post=13123"},{"taxonomy":"post_tag","embeddable":true,"href":"https:\/\/www.welovecycling.com\/hu\/wp-json\/wp\/v2\/tags?post=13123"},{"taxonomy":"global-categories","embeddable":true,"href":"https:\/\/www.welovecycling.com\/hu\/wp-json\/wp\/v2\/global-categories?post=13123"}],"curies":[{"name":"wp","href":"https:\/\/api.w.org\/{rel}","templated":true}]}}