{"id":13117,"date":"2021-12-05T08:00:11","date_gmt":"2021-12-05T06:00:11","guid":{"rendered":"https:\/\/www.welovecycling.com\/hu\/?p=13117"},"modified":"2021-12-03T12:53:00","modified_gmt":"2021-12-03T10:53:00","slug":"a-deceuninck-fakepnel-hagyta-de-lefevere-a-quick-steppel-es-cavendish-sel-vigasztalodik","status":"publish","type":"post","link":"https:\/\/www.welovecycling.com\/hu\/orszaguti-kerekpar\/a-deceuninck-fakepnel-hagyta-de-lefevere-a-quick-steppel-es-cavendish-sel-vigasztalodik\/","title":{"rendered":"A Deceuninck fak\u00e9pn\u00e9l hagyta, de Lefevere a Quick Steppel \u00e9s Cavendish-sel vigasztal\u00f3dik"},"content":{"rendered":"<p><strong>Az orsz\u00e1g\u00fati ker\u00e9kp\u00e1rsportban a szponzork\u00e9rd\u00e9s mindig az egyik legkritikusabb pont, ami komplett ist\u00e1ll\u00f3k sors\u00e1t d\u00f6ntheti el \u00e9vr\u0151l \u00e9vre, vagy rosszabb esetben ak\u00e1r h\u00e9tr\u0151l h\u00e9tre is. \u00c9rthet\u0151 h\u00e1t, hogy a rutinos csapatf\u0151n\u00f6k\u00f6k minden kapcsolatukat \u00e9s d\u00f6rzs\u00f6lts\u00e9g\u00fcket bevetik, amikor a f\u0151 t\u00e1mogat\u00f3ik megszerz\u00e9s\u00e9r\u0151l, illetve megtart\u00e1s\u00e1r\u00f3l van sz\u00f3.<\/strong><!--more--><\/p>\n<p>A napokban egy \u00e9rdekes cs\u00f6rte is kikerekedett ebb\u0151l, pontosabban abb\u00f3l, hogy a megszokott\u00f3l n\u00e9mik\u00e9pp elt\u00e9r\u0151en ez\u00fattal nem az egyik nagy csapat v\u00e1ltotta le f\u0151szponzor\u00e1t, hanem tulajdonk\u00e9ppen a f\u0151szponzor v\u00e1ltott csapatot. A nagyhatalm\u00fa belga csapatf\u0151n\u00f6k, a sz\u00f3kimond\u00f3 \u00e9s nyers st\u00edlus\u00e1r\u00f3l is ismert Patrick Lefevere vezette Deceuninck-Quick Step az elitmez\u0151ny egyik legsikeresebb ist\u00e1ll\u00f3ja, mely az elm\u00falt h\u00e1rom \u00e9vben a Deceuninck v\u00e1llalat besz\u00e1ll\u00e1s\u00e1val \u00fajabb magaslatokat h\u00f3d\u00edtott meg. Az els\u0151sorban m\u0171anyag ablakok \u00e9s ny\u00edl\u00e1sz\u00e1r\u00f3k gy\u00e1rt\u00e1s\u00e1val foglalkoz\u00f3 belga c\u00e9g azonban n\u00e9h\u00e1ny napja bejelentette, hogy nem hosszabb\u00edtja meg gy\u00fcm\u00f6lcs\u00f6z\u0151 egy\u00fcttm\u0171k\u00f6d\u00e9s\u00e9t a csapattal, mi t\u00f6bb, helyette 2022-t\u0151l n\u00e9gy \u00e9ven \u00e1t a Mathieu van der Poel f\u00e9mjelezte belga riv\u00e1list, az Alpecin-Fenixet t\u00e1mogatja.<\/p>\n<figure id=\"attachment_13118\" aria-describedby=\"caption-attachment-13118\" style=\"width: 1024px\" class=\"wp-caption alignnone\"><a href=\"https:\/\/d2p6e6u75xmxt8.cloudfront.net\/12\/2021\/12\/afc-x-deceuninck-renners-front.jpg\"><img loading=\"lazy\" decoding=\"async\" class=\"size-large wp-image-13118\" src=\"https:\/\/d2p6e6u75xmxt8.cloudfront.net\/12\/2021\/12\/afc-x-deceuninck-renners-front-1024x683.jpg\" alt=\"\" width=\"1024\" height=\"683\" srcset=\"https:\/\/d2p6e6u75xmxt8.cloudfront.net\/12\/2021\/12\/afc-x-deceuninck-renners-front-1024x683.jpg 1024w, https:\/\/d2p6e6u75xmxt8.cloudfront.net\/12\/2021\/12\/afc-x-deceuninck-renners-front-300x200.jpg 300w, https:\/\/d2p6e6u75xmxt8.cloudfront.net\/12\/2021\/12\/afc-x-deceuninck-renners-front-768x512.jpg 768w, https:\/\/d2p6e6u75xmxt8.cloudfront.net\/12\/2021\/12\/afc-x-deceuninck-renners-front-1536x1024.jpg 1536w, https:\/\/d2p6e6u75xmxt8.cloudfront.net\/12\/2021\/12\/afc-x-deceuninck-renners-front-1920x1280.jpg 1920w, https:\/\/d2p6e6u75xmxt8.cloudfront.net\/12\/2021\/12\/afc-x-deceuninck-renners-front-272x182.jpg 272w, https:\/\/d2p6e6u75xmxt8.cloudfront.net\/12\/2021\/12\/afc-x-deceuninck-renners-front.jpg 2048w, https:\/\/d2p6e6u75xmxt8.cloudfront.net\/12\/2021\/12\/afc-x-deceuninck-renners-front-1920x1280.jpg 1920w\" sizes=\"auto, (max-width: 1024px) 100vw, 1024px\" \/><\/a><figcaption id=\"caption-attachment-13118\" class=\"wp-caption-text\">A holland zseni, Mathieu van der Poel \u00e9s az Alpecin, \u00fajdons\u00fclt f\u0151szponzorukkal (fot\u00f3: Alpecin-Fenix)<\/figcaption><\/figure>\n<p>Nem sokkal k\u00e9s\u0151bb azt\u00e1n f\u00e9ny der\u00fclt a szak\u00edt\u00e1s f\u0151 ok\u00e1ra is. A Deceuninck (sok m\u00e1s sport\u00e1gi szerepl\u0151vel egyetemben) nehezm\u00e9nyezte, hogy az egyre ink\u00e1bb emancip\u00e1l\u00f3d\u00f3 sport\u00e1gban Lefevere mereven kitart amellett, hogy \u0151 csak f\u00e9rficsapatot versenyeztessen a legmagasabb szinten, \u00e9s ett\u0151l szponzori nyom\u00e1sra sem volt hajland\u00f3 t\u00e1g\u00edtani. A Deceuninck \u00edgy fogta mag\u00e1t, \u00e9s nemes egyszer\u0171s\u00e9ggel \u00e1tment a szomsz\u00e9dba, a Roodhooft fiv\u00e9rekhez \u00e9s az \u00e1ltaluk menedzselt Alpecinhez, ami ugyan \u201ecsak\u201d a m\u00e1sodvonalban, a Pro-mez\u0151nyben szerepel, de &#8211; els\u0151sorban Van der Poel miatt &#8211; \u00edgy is kiemelt marketing\u00e9rt\u00e9kkel b\u00edr. R\u00e1ad\u00e1sul n\u0151i csapatot is m\u0171k\u00f6dtetnek Plantur-Pura n\u00e9ven. Persze, Lefevere-t sem kellett f\u00e9lteni: a bejelent\u00e9s ut\u00e1n el\u0151vette a lehet\u0151 legflegm\u00e1bb arc\u00e1t \u00e9s meglehet\u0151sen lekicsinyl\u0151 hangnemben b\u00facs\u00fazott egykori partner\u00e9t\u0151l. Mindez el\u00e9rte a k\u00edv\u00e1nt hat\u00e1st: a Deceuninck igazgat\u00f3ja, Francis Van Eeckhout kell\u0151en d\u00fchbe gurult, \u00e9s vir\u00e1gnyelven k\u00fcldte el melegebb \u00e9ghajlatra Lefevere-t a belga sajt\u00f3n kereszt\u00fcl. <em>\u201eEl\u00e9gg\u00e9 csal\u00f3dtam Patrickban: annyit mondott, volt n\u00e9h\u00e1ny j\u00f3 \u00e9v\u00fcnk szponzork\u00e9nt, de ezek szerint elfelejti, hogy konkr\u00e9tan mi mentett\u00fcnk meg \u0151t. Csal\u00f3dott vagyok, hogy hirtelen ilyen gyorsan felejt, most, hogy m\u00e1r sikeres Evenepoellal, Alaphilippe-pel \u00e9s Asgreennel. Na mindegy, ilyen az \u00e9let\u2026\u201d<\/em> \u2013 lament\u00e1lt a c\u00e9gvezet\u0151 a Het Nieuwsblad has\u00e1bjain.<\/p>\n<figure id=\"attachment_13119\" aria-describedby=\"caption-attachment-13119\" style=\"width: 1024px\" class=\"wp-caption alignnone\"><a href=\"https:\/\/d2p6e6u75xmxt8.cloudfront.net\/12\/2021\/12\/CORVOS_00030701-001.jpg\"><img loading=\"lazy\" decoding=\"async\" class=\"size-large wp-image-13119\" src=\"https:\/\/d2p6e6u75xmxt8.cloudfront.net\/12\/2021\/12\/CORVOS_00030701-001-1024x683.jpg\" alt=\"\" width=\"1024\" height=\"683\" srcset=\"https:\/\/d2p6e6u75xmxt8.cloudfront.net\/12\/2021\/12\/CORVOS_00030701-001-1024x683.jpg 1024w, https:\/\/d2p6e6u75xmxt8.cloudfront.net\/12\/2021\/12\/CORVOS_00030701-001-300x200.jpg 300w, https:\/\/d2p6e6u75xmxt8.cloudfront.net\/12\/2021\/12\/CORVOS_00030701-001-768x512.jpg 768w, https:\/\/d2p6e6u75xmxt8.cloudfront.net\/12\/2021\/12\/CORVOS_00030701-001-1536x1024.jpg 1536w, https:\/\/d2p6e6u75xmxt8.cloudfront.net\/12\/2021\/12\/CORVOS_00030701-001-272x182.jpg 272w, https:\/\/d2p6e6u75xmxt8.cloudfront.net\/12\/2021\/12\/CORVOS_00030701-001.jpg 1800w\" sizes=\"auto, (max-width: 1024px) 100vw, 1024px\" \/><\/a><figcaption id=\"caption-attachment-13119\" class=\"wp-caption-text\">A k\u00e9rlelhetetlen, sz\u00f3kimond\u00f3 nagyf\u0151n\u00f6k, Patrick Lefevere (fot\u00f3: Cor Vos)<\/figcaption><\/figure>\n<p>Lefevere-\u00e9k mindenesetre nem szomorkodnak: a m\u00e1sik n\u00e9vad\u00f3 f\u0151szponzorral, a Quick Steppel hat\u00e9ves szerz\u0151d\u00e9shosszabb\u00edt\u00e1st hoztak tet\u0151 al\u00e1, \u00edgy v\u00e9gre pontot tehettek szt\u00e1rsprinter\u00fck, Mark Cavendish \u00fcgy\u00e9re is. Az idei meseszer\u0171 visszat\u00e9r\u00e9se sor\u00e1n n\u00e9gy \u00fajabb Tour de France-szakaszsiker\u00e9vel Eddy Merckxet be\u00e9r\u0151 veter\u00e1n klasszissal n\u00e9mi huzavona ut\u00e1n csak meg\u00e1llapodtak, \u00e9s egy \u00e9vvel kitoldott\u00e1k szerz\u0151d\u00e9s\u00e9t, \u00edgy ha j\u00f6v\u0151re is indul a francia k\u00f6r\u00f6n, ak\u00e1r \u00e1t is adhatja a m\u00faltnak minden id\u0151k legjobbja, Merckx sok\u00e1ig megd\u00f6nthetetlennek hitt rekordj\u00e1t. Felt\u00e9ve, hogy indul, jelenleg ugyanis \u00e9pp jav\u00e1ban l\u00e1badozik a Ghent Six-p\u00e1lyaversenyen nemr\u00e9g elszenvedett s\u00falyos buk\u00e1s\u00e1b\u00f3l, miut\u00e1n a v\u00edzfoltos parkett\u00e1n megcs\u00faszva akkor\u00e1t esett, hogy k\u00e9t bord\u00e1ja t\u00f6r\u00f6tt \u00e9s kilyukadt a t\u00fcdeje is, \u00edgy hetekig ker\u00e9kp\u00e1rra sem \u00fclhet.<\/p>\n<p><em>Bor\u00edt\u00f3k\u00e9p: Bettini\/AFP<\/em><\/p>\n","protected":false},"excerpt":{"rendered":"<p>Az orsz\u00e1g\u00fati ker\u00e9kp\u00e1rsportban a szponzork\u00e9rd\u00e9s mindig az egyik legkritikusabb pont, ami komplett ist\u00e1ll\u00f3k sors\u00e1t d\u00f6ntheti el \u00e9vr\u0151l \u00e9vre, vagy rosszabb [&hellip;]<\/p>\n","protected":false},"author":71,"featured_media":13120,"comment_status":"open","ping_status":"open","sticky":false,"template":"","format":"standard","meta":{"footnotes":""},"categories":[8],"tags":[],"global-categories":[],"class_list":["post-13117","post","type-post","status-publish","format-standard","has-post-thumbnail","hentry","category-orszaguti-kerekpar"],"yoast_head":"<!-- This site is optimized with the Yoast SEO Premium plugin v25.3 (Yoast SEO v25.9) - https:\/\/yoast.com\/wordpress\/plugins\/seo\/ -->\n<title>A Deceuninck fak\u00e9pn\u00e9l hagyta, de Lefevere a Quick Steppel \u00e9s Cavendish-sel vigasztal\u00f3dik<\/title>\n<meta name=\"description\" content=\"Az orsz\u00e1g\u00fati ker\u00e9kp\u00e1rsportban a szponzork\u00e9rd\u00e9s mindig az egyik legkritikusabb pont, ami komplett ist\u00e1ll\u00f3k sors\u00e1t d\u00f6ntheti el \u00e9vr\u0151l \u00e9vre, vagy rosszabb esetben ak\u00e1r h\u00e9tr\u0151l h\u00e9tre is. \u00c9rthet\u0151 h\u00e1t, hogy a rutinos csapatf\u0151n\u00f6k\u00f6k minden kapcsolatukat \u00e9s d\u00f6rzs\u00f6lts\u00e9g\u00fcket bevetik, amikor a f\u0151 t\u00e1mogat\u00f3ik megszerz\u00e9s\u00e9r\u0151l, illetve megtart\u00e1s\u00e1r\u00f3l van sz\u00f3.\" \/>\n<meta name=\"robots\" content=\"index, follow, max-snippet:-1, max-image-preview:large, max-video-preview:-1\" \/>\n<link rel=\"canonical\" href=\"https:\/\/www.welovecycling.com\/hu\/orszaguti-kerekpar\/a-deceuninck-fakepnel-hagyta-de-lefevere-a-quick-steppel-es-cavendish-sel-vigasztalodik\/\" \/>\n<meta property=\"og:locale\" content=\"hu_HU\" \/>\n<meta property=\"og:type\" content=\"article\" \/>\n<meta property=\"og:title\" content=\"A Deceuninck fak\u00e9pn\u00e9l hagyta, de Lefevere a Quick Steppel \u00e9s Cavendish-sel vigasztal\u00f3dik\" \/>\n<meta property=\"og:description\" content=\"Az orsz\u00e1g\u00fati ker\u00e9kp\u00e1rsportban a szponzork\u00e9rd\u00e9s mindig az egyik legkritikusabb pont, ami komplett ist\u00e1ll\u00f3k sors\u00e1t d\u00f6ntheti el \u00e9vr\u0151l \u00e9vre, vagy rosszabb esetben ak\u00e1r h\u00e9tr\u0151l h\u00e9tre is. \u00c9rthet\u0151 h\u00e1t, hogy a rutinos csapatf\u0151n\u00f6k\u00f6k minden kapcsolatukat \u00e9s d\u00f6rzs\u00f6lts\u00e9g\u00fcket bevetik, amikor a f\u0151 t\u00e1mogat\u00f3ik megszerz\u00e9s\u00e9r\u0151l, illetve megtart\u00e1s\u00e1r\u00f3l van sz\u00f3.\" \/>\n<meta property=\"og:url\" content=\"https:\/\/www.welovecycling.com\/hu\/orszaguti-kerekpar\/a-deceuninck-fakepnel-hagyta-de-lefevere-a-quick-steppel-es-cavendish-sel-vigasztalodik\/\" \/>\n<meta property=\"og:site_name\" content=\"\u0160koda We Love Cycling - Magyarorsz\u00e1g\" \/>\n<meta property=\"article:publisher\" content=\"https:\/\/www.facebook.com\/WeLoveCyclingHungary\/\" \/>\n<meta property=\"article:published_time\" content=\"2021-12-05T06:00:11+00:00\" \/>\n<meta property=\"og:image\" content=\"https:\/\/d2p6e6u75xmxt8.cloudfront.net\/12\/2021\/12\/bettiniphoto_0522778_1_originali-scaled-1.jpg\" \/>\n\t<meta property=\"og:image:width\" content=\"2048\" \/>\n\t<meta property=\"og:image:height\" content=\"1365\" \/>\n\t<meta property=\"og:image:type\" content=\"image\/jpeg\" \/>\n<meta name=\"author\" content=\"hegyizs\" \/>\n<meta name=\"twitter:card\" content=\"summary_large_image\" \/>\n<meta name=\"twitter:label1\" content=\"Written by\" \/>\n\t<meta name=\"twitter:data1\" content=\"WLC\" \/>\n\t<meta name=\"twitter:label2\" content=\"Est. reading time\" \/>\n\t<meta name=\"twitter:data2\" content=\"4 minutes\" \/>\n<script type=\"application\/ld+json\" class=\"yoast-schema-graph\">{\"@context\":\"https:\/\/schema.org\",\"@graph\":[{\"@type\":\"WebPage\",\"@id\":\"https:\/\/www.welovecycling.com\/hu\/orszaguti-kerekpar\/a-deceuninck-fakepnel-hagyta-de-lefevere-a-quick-steppel-es-cavendish-sel-vigasztalodik\/\",\"url\":\"https:\/\/www.welovecycling.com\/hu\/orszaguti-kerekpar\/a-deceuninck-fakepnel-hagyta-de-lefevere-a-quick-steppel-es-cavendish-sel-vigasztalodik\/\",\"name\":\"A Deceuninck fak\u00e9pn\u00e9l hagyta, de Lefevere a Quick Steppel \u00e9s Cavendish-sel vigasztal\u00f3dik\",\"isPartOf\":{\"@id\":\"https:\/\/www.welovecycling.com\/hu\/#website\"},\"primaryImageOfPage\":{\"@id\":\"https:\/\/www.welovecycling.com\/hu\/orszaguti-kerekpar\/a-deceuninck-fakepnel-hagyta-de-lefevere-a-quick-steppel-es-cavendish-sel-vigasztalodik\/#primaryimage\"},\"image\":{\"@id\":\"https:\/\/www.welovecycling.com\/hu\/orszaguti-kerekpar\/a-deceuninck-fakepnel-hagyta-de-lefevere-a-quick-steppel-es-cavendish-sel-vigasztalodik\/#primaryimage\"},\"thumbnailUrl\":\"https:\/\/d2p6e6u75xmxt8.cloudfront.net\/12\/2021\/12\/bettiniphoto_0522778_1_originali-scaled-1.jpg\",\"datePublished\":\"2021-12-05T06:00:11+00:00\",\"author\":{\"@id\":\"https:\/\/www.welovecycling.com\/hu\/#\/schema\/person\/414a2aebf1801691a5320edb6468e194\"},\"description\":\"Az orsz\u00e1g\u00fati ker\u00e9kp\u00e1rsportban a szponzork\u00e9rd\u00e9s mindig az egyik legkritikusabb pont, ami komplett ist\u00e1ll\u00f3k sors\u00e1t d\u00f6ntheti el \u00e9vr\u0151l \u00e9vre, vagy rosszabb esetben ak\u00e1r h\u00e9tr\u0151l h\u00e9tre is. \u00c9rthet\u0151 h\u00e1t, hogy a rutinos csapatf\u0151n\u00f6k\u00f6k minden kapcsolatukat \u00e9s d\u00f6rzs\u00f6lts\u00e9g\u00fcket bevetik, amikor a f\u0151 t\u00e1mogat\u00f3ik megszerz\u00e9s\u00e9r\u0151l, illetve megtart\u00e1s\u00e1r\u00f3l van sz\u00f3.\",\"breadcrumb\":{\"@id\":\"https:\/\/www.welovecycling.com\/hu\/orszaguti-kerekpar\/a-deceuninck-fakepnel-hagyta-de-lefevere-a-quick-steppel-es-cavendish-sel-vigasztalodik\/#breadcrumb\"},\"inLanguage\":\"hu\",\"potentialAction\":[{\"@type\":\"ReadAction\",\"target\":[\"https:\/\/www.welovecycling.com\/hu\/orszaguti-kerekpar\/a-deceuninck-fakepnel-hagyta-de-lefevere-a-quick-steppel-es-cavendish-sel-vigasztalodik\/\"]}]},{\"@type\":\"ImageObject\",\"inLanguage\":\"hu\",\"@id\":\"https:\/\/www.welovecycling.com\/hu\/orszaguti-kerekpar\/a-deceuninck-fakepnel-hagyta-de-lefevere-a-quick-steppel-es-cavendish-sel-vigasztalodik\/#primaryimage\",\"url\":\"https:\/\/d2p6e6u75xmxt8.cloudfront.net\/12\/2021\/12\/bettiniphoto_0522778_1_originali-scaled-1.jpg\",\"contentUrl\":\"https:\/\/d2p6e6u75xmxt8.cloudfront.net\/12\/2021\/12\/bettiniphoto_0522778_1_originali-scaled-1.jpg\",\"width\":2048,\"height\":1365},{\"@type\":\"BreadcrumbList\",\"@id\":\"https:\/\/www.welovecycling.com\/hu\/orszaguti-kerekpar\/a-deceuninck-fakepnel-hagyta-de-lefevere-a-quick-steppel-es-cavendish-sel-vigasztalodik\/#breadcrumb\",\"itemListElement\":[{\"@type\":\"ListItem\",\"position\":1,\"name\":\"Home\",\"item\":\"https:\/\/www.welovecycling.com\/hu\/\"},{\"@type\":\"ListItem\",\"position\":2,\"name\":\"A Deceuninck fak\u00e9pn\u00e9l hagyta, de Lefevere a Quick Steppel \u00e9s Cavendish-sel vigasztal\u00f3dik\"}]},{\"@type\":\"WebSite\",\"@id\":\"https:\/\/www.welovecycling.com\/hu\/#website\",\"url\":\"https:\/\/www.welovecycling.com\/hu\/\",\"name\":\"\u0160koda We Love Cycling - Magyarorsz\u00e1g\",\"description\":\"\u0160koda WeLoveCycling\",\"potentialAction\":[{\"@type\":\"SearchAction\",\"target\":{\"@type\":\"EntryPoint\",\"urlTemplate\":\"https:\/\/www.welovecycling.com\/hu\/?s={search_term_string}\"},\"query-input\":{\"@type\":\"PropertyValueSpecification\",\"valueRequired\":true,\"valueName\":\"search_term_string\"}}],\"inLanguage\":\"hu\"},{\"@type\":\"Person\",\"@id\":\"https:\/\/www.welovecycling.com\/hu\/#\/schema\/person\/414a2aebf1801691a5320edb6468e194\",\"name\":\"hegyizs\",\"image\":{\"@type\":\"ImageObject\",\"inLanguage\":\"hu\",\"@id\":\"https:\/\/www.welovecycling.com\/hu\/#\/schema\/person\/image\/\",\"url\":\"https:\/\/secure.gravatar.com\/avatar\/02cf8a7906b8cf90cecb4679defac7cfd33a1c2e3b88e4903d947f3bb58eedd3?s=96&d=mm&r=g\",\"contentUrl\":\"https:\/\/secure.gravatar.com\/avatar\/02cf8a7906b8cf90cecb4679defac7cfd33a1c2e3b88e4903d947f3bb58eedd3?s=96&d=mm&r=g\",\"caption\":\"hegyizs\"},\"url\":\"https:\/\/www.welovecycling.com\/hu\/author\/hegyizs\/\"}]}<\/script>\n<!-- \/ Yoast SEO Premium plugin. -->","yoast_head_json":{"title":"A Deceuninck fak\u00e9pn\u00e9l hagyta, de Lefevere a Quick Steppel \u00e9s Cavendish-sel vigasztal\u00f3dik","description":"Az orsz\u00e1g\u00fati ker\u00e9kp\u00e1rsportban a szponzork\u00e9rd\u00e9s mindig az egyik legkritikusabb pont, ami komplett ist\u00e1ll\u00f3k sors\u00e1t d\u00f6ntheti el \u00e9vr\u0151l \u00e9vre, vagy rosszabb esetben ak\u00e1r h\u00e9tr\u0151l h\u00e9tre is. \u00c9rthet\u0151 h\u00e1t, hogy a rutinos csapatf\u0151n\u00f6k\u00f6k minden kapcsolatukat \u00e9s d\u00f6rzs\u00f6lts\u00e9g\u00fcket bevetik, amikor a f\u0151 t\u00e1mogat\u00f3ik megszerz\u00e9s\u00e9r\u0151l, illetve megtart\u00e1s\u00e1r\u00f3l van sz\u00f3.","robots":{"index":"index","follow":"follow","max-snippet":"max-snippet:-1","max-image-preview":"max-image-preview:large","max-video-preview":"max-video-preview:-1"},"canonical":"https:\/\/www.welovecycling.com\/hu\/orszaguti-kerekpar\/a-deceuninck-fakepnel-hagyta-de-lefevere-a-quick-steppel-es-cavendish-sel-vigasztalodik\/","og_locale":"hu_HU","og_type":"article","og_title":"A Deceuninck fak\u00e9pn\u00e9l hagyta, de Lefevere a Quick Steppel \u00e9s Cavendish-sel vigasztal\u00f3dik","og_description":"Az orsz\u00e1g\u00fati ker\u00e9kp\u00e1rsportban a szponzork\u00e9rd\u00e9s mindig az egyik legkritikusabb pont, ami komplett ist\u00e1ll\u00f3k sors\u00e1t d\u00f6ntheti el \u00e9vr\u0151l \u00e9vre, vagy rosszabb esetben ak\u00e1r h\u00e9tr\u0151l h\u00e9tre is. \u00c9rthet\u0151 h\u00e1t, hogy a rutinos csapatf\u0151n\u00f6k\u00f6k minden kapcsolatukat \u00e9s d\u00f6rzs\u00f6lts\u00e9g\u00fcket bevetik, amikor a f\u0151 t\u00e1mogat\u00f3ik megszerz\u00e9s\u00e9r\u0151l, illetve megtart\u00e1s\u00e1r\u00f3l van sz\u00f3.","og_url":"https:\/\/www.welovecycling.com\/hu\/orszaguti-kerekpar\/a-deceuninck-fakepnel-hagyta-de-lefevere-a-quick-steppel-es-cavendish-sel-vigasztalodik\/","og_site_name":"\u0160koda We Love Cycling - Magyarorsz\u00e1g","article_publisher":"https:\/\/www.facebook.com\/WeLoveCyclingHungary\/","article_published_time":"2021-12-05T06:00:11+00:00","og_image":[{"width":2048,"height":1365,"url":"https:\/\/d2p6e6u75xmxt8.cloudfront.net\/12\/2021\/12\/bettiniphoto_0522778_1_originali-scaled-1.jpg","type":"image\/jpeg"}],"author":"hegyizs","twitter_card":"summary_large_image","twitter_misc":{"Written by":"WLC","Est. reading time":"4 minutes"},"schema":{"@context":"https:\/\/schema.org","@graph":[{"@type":"WebPage","@id":"https:\/\/www.welovecycling.com\/hu\/orszaguti-kerekpar\/a-deceuninck-fakepnel-hagyta-de-lefevere-a-quick-steppel-es-cavendish-sel-vigasztalodik\/","url":"https:\/\/www.welovecycling.com\/hu\/orszaguti-kerekpar\/a-deceuninck-fakepnel-hagyta-de-lefevere-a-quick-steppel-es-cavendish-sel-vigasztalodik\/","name":"A Deceuninck fak\u00e9pn\u00e9l hagyta, de Lefevere a Quick Steppel \u00e9s Cavendish-sel vigasztal\u00f3dik","isPartOf":{"@id":"https:\/\/www.welovecycling.com\/hu\/#website"},"primaryImageOfPage":{"@id":"https:\/\/www.welovecycling.com\/hu\/orszaguti-kerekpar\/a-deceuninck-fakepnel-hagyta-de-lefevere-a-quick-steppel-es-cavendish-sel-vigasztalodik\/#primaryimage"},"image":{"@id":"https:\/\/www.welovecycling.com\/hu\/orszaguti-kerekpar\/a-deceuninck-fakepnel-hagyta-de-lefevere-a-quick-steppel-es-cavendish-sel-vigasztalodik\/#primaryimage"},"thumbnailUrl":"https:\/\/d2p6e6u75xmxt8.cloudfront.net\/12\/2021\/12\/bettiniphoto_0522778_1_originali-scaled-1.jpg","datePublished":"2021-12-05T06:00:11+00:00","author":{"@id":"https:\/\/www.welovecycling.com\/hu\/#\/schema\/person\/414a2aebf1801691a5320edb6468e194"},"description":"Az orsz\u00e1g\u00fati ker\u00e9kp\u00e1rsportban a szponzork\u00e9rd\u00e9s mindig az egyik legkritikusabb pont, ami komplett ist\u00e1ll\u00f3k sors\u00e1t d\u00f6ntheti el \u00e9vr\u0151l \u00e9vre, vagy rosszabb esetben ak\u00e1r h\u00e9tr\u0151l h\u00e9tre is. \u00c9rthet\u0151 h\u00e1t, hogy a rutinos csapatf\u0151n\u00f6k\u00f6k minden kapcsolatukat \u00e9s d\u00f6rzs\u00f6lts\u00e9g\u00fcket bevetik, amikor a f\u0151 t\u00e1mogat\u00f3ik megszerz\u00e9s\u00e9r\u0151l, illetve megtart\u00e1s\u00e1r\u00f3l van sz\u00f3.","breadcrumb":{"@id":"https:\/\/www.welovecycling.com\/hu\/orszaguti-kerekpar\/a-deceuninck-fakepnel-hagyta-de-lefevere-a-quick-steppel-es-cavendish-sel-vigasztalodik\/#breadcrumb"},"inLanguage":"hu","potentialAction":[{"@type":"ReadAction","target":["https:\/\/www.welovecycling.com\/hu\/orszaguti-kerekpar\/a-deceuninck-fakepnel-hagyta-de-lefevere-a-quick-steppel-es-cavendish-sel-vigasztalodik\/"]}]},{"@type":"ImageObject","inLanguage":"hu","@id":"https:\/\/www.welovecycling.com\/hu\/orszaguti-kerekpar\/a-deceuninck-fakepnel-hagyta-de-lefevere-a-quick-steppel-es-cavendish-sel-vigasztalodik\/#primaryimage","url":"https:\/\/d2p6e6u75xmxt8.cloudfront.net\/12\/2021\/12\/bettiniphoto_0522778_1_originali-scaled-1.jpg","contentUrl":"https:\/\/d2p6e6u75xmxt8.cloudfront.net\/12\/2021\/12\/bettiniphoto_0522778_1_originali-scaled-1.jpg","width":2048,"height":1365},{"@type":"BreadcrumbList","@id":"https:\/\/www.welovecycling.com\/hu\/orszaguti-kerekpar\/a-deceuninck-fakepnel-hagyta-de-lefevere-a-quick-steppel-es-cavendish-sel-vigasztalodik\/#breadcrumb","itemListElement":[{"@type":"ListItem","position":1,"name":"Home","item":"https:\/\/www.welovecycling.com\/hu\/"},{"@type":"ListItem","position":2,"name":"A Deceuninck fak\u00e9pn\u00e9l hagyta, de Lefevere a Quick Steppel \u00e9s Cavendish-sel vigasztal\u00f3dik"}]},{"@type":"WebSite","@id":"https:\/\/www.welovecycling.com\/hu\/#website","url":"https:\/\/www.welovecycling.com\/hu\/","name":"\u0160koda We Love Cycling - Magyarorsz\u00e1g","description":"\u0160koda WeLoveCycling","potentialAction":[{"@type":"SearchAction","target":{"@type":"EntryPoint","urlTemplate":"https:\/\/www.welovecycling.com\/hu\/?s={search_term_string}"},"query-input":{"@type":"PropertyValueSpecification","valueRequired":true,"valueName":"search_term_string"}}],"inLanguage":"hu"},{"@type":"Person","@id":"https:\/\/www.welovecycling.com\/hu\/#\/schema\/person\/414a2aebf1801691a5320edb6468e194","name":"hegyizs","image":{"@type":"ImageObject","inLanguage":"hu","@id":"https:\/\/www.welovecycling.com\/hu\/#\/schema\/person\/image\/","url":"https:\/\/secure.gravatar.com\/avatar\/02cf8a7906b8cf90cecb4679defac7cfd33a1c2e3b88e4903d947f3bb58eedd3?s=96&d=mm&r=g","contentUrl":"https:\/\/secure.gravatar.com\/avatar\/02cf8a7906b8cf90cecb4679defac7cfd33a1c2e3b88e4903d947f3bb58eedd3?s=96&d=mm&r=g","caption":"hegyizs"},"url":"https:\/\/www.welovecycling.com\/hu\/author\/hegyizs\/"}]}},"_links":{"self":[{"href":"https:\/\/www.welovecycling.com\/hu\/wp-json\/wp\/v2\/posts\/13117","targetHints":{"allow":["GET"]}}],"collection":[{"href":"https:\/\/www.welovecycling.com\/hu\/wp-json\/wp\/v2\/posts"}],"about":[{"href":"https:\/\/www.welovecycling.com\/hu\/wp-json\/wp\/v2\/types\/post"}],"author":[{"embeddable":true,"href":"https:\/\/www.welovecycling.com\/hu\/wp-json\/wp\/v2\/users\/71"}],"replies":[{"embeddable":true,"href":"https:\/\/www.welovecycling.com\/hu\/wp-json\/wp\/v2\/comments?post=13117"}],"version-history":[{"count":1,"href":"https:\/\/www.welovecycling.com\/hu\/wp-json\/wp\/v2\/posts\/13117\/revisions"}],"predecessor-version":[{"id":13121,"href":"https:\/\/www.welovecycling.com\/hu\/wp-json\/wp\/v2\/posts\/13117\/revisions\/13121"}],"wp:featuredmedia":[{"embeddable":true,"href":"https:\/\/www.welovecycling.com\/hu\/wp-json\/wp\/v2\/media\/13120"}],"wp:attachment":[{"href":"https:\/\/www.welovecycling.com\/hu\/wp-json\/wp\/v2\/media?parent=13117"}],"wp:term":[{"taxonomy":"category","embeddable":true,"href":"https:\/\/www.welovecycling.com\/hu\/wp-json\/wp\/v2\/categories?post=13117"},{"taxonomy":"post_tag","embeddable":true,"href":"https:\/\/www.welovecycling.com\/hu\/wp-json\/wp\/v2\/tags?post=13117"},{"taxonomy":"global-categories","embeddable":true,"href":"https:\/\/www.welovecycling.com\/hu\/wp-json\/wp\/v2\/global-categories?post=13117"}],"curies":[{"name":"wp","href":"https:\/\/api.w.org\/{rel}","templated":true}]}}