{"id":13114,"date":"2021-12-10T08:00:08","date_gmt":"2021-12-10T06:00:08","guid":{"rendered":"https:\/\/www.welovecycling.com\/hu\/?p=13114"},"modified":"2022-02-03T12:58:20","modified_gmt":"2022-02-03T10:58:20","slug":"a-honap-utvonala-december-schweizuneben-trail-az-endurosok-alompalyaja","status":"publish","type":"post","link":"https:\/\/www.welovecycling.com\/hu\/honap-utvonala\/a-honap-utvonala-december-schweizuneben-trail-az-endurosok-alompalyaja\/","title":{"rendered":"A h\u00f3nap \u00fatvonala \u2013 December: SchweizUNeben trail, az endur\u00f3sok \u00e1lomp\u00e1ly\u00e1ja"},"content":{"rendered":"<p><strong>Az \u00e9v utols\u00f3 kiemelt \u00fatvonal\u00e1t hozta el nektek P\u00e9ter, egyenesen Ausztri\u00e1b\u00f3l \u2013 az egykori Bramach, \u00faj nev\u00e9n SchweizUNeben trail p\u00e1ly\u00e1t nemr\u00e9g \u00e9p\u00edtett\u00e9k ki teljes eg\u00e9sz\u00e9ben, eszm\u00e9letlen mennyis\u00e9g\u0171 munk\u00e1t fektettek bele, ami meg is hozta gy\u00fcm\u00f6lcs\u00e9t: egy vil\u00e1gsz\u00ednvonal\u00fa, nagyon technik\u00e1s, hihetetlen\u00fcl \u00e9lvezhet\u0151 p\u00e1ly\u00e1n cs\u00faszhatnak le az enduro szerelmesei 10-15 perc alatt, meg\u00e1ll\u00e1s n\u00e9lk\u00fcl! <\/strong><!--more--><\/p>\n<p>A ki\u00e9p\u00edtett p\u00e1ly\u00e1hoz kb. 550 m\u00e9teres m\u00e1sz\u00e1ssal lehet feljutni a murv\u00e1s erd\u00e9szeti utakon, de ami az emelked\u0151 ut\u00e1n j\u00f6n, az felejthetetlen. P\u00e9ter szerint minden endur\u00f3snak el kell ide egyszer l\u00e1togatnia! \u0150 nem b\u00e1nta a fel\u00e1ldozni combizmainak nyugalm\u00e1t a lefel\u00e9 z\u00faz\u00e1s adrenlinl\u00f6ketj\u00e9\u00e9rt.<\/p>\n<p><a href=\"https:\/\/d2p6e6u75xmxt8.cloudfront.net\/12\/2021\/12\/huv12.jpg\"><img loading=\"lazy\" decoding=\"async\" class=\"alignnone size-full wp-image-13115\" src=\"https:\/\/d2p6e6u75xmxt8.cloudfront.net\/12\/2021\/12\/huv12.jpg\" alt=\"\" width=\"829\" height=\"503\" srcset=\"https:\/\/d2p6e6u75xmxt8.cloudfront.net\/12\/2021\/12\/huv12.jpg 829w, https:\/\/d2p6e6u75xmxt8.cloudfront.net\/12\/2021\/12\/huv12-300x182.jpg 300w, https:\/\/d2p6e6u75xmxt8.cloudfront.net\/12\/2021\/12\/huv12-768x466.jpg 768w\" sizes=\"auto, (max-width: 829px) 100vw, 829px\" \/><\/a><\/p>\n<p>Az \u00fatvonal <a href=\"https:\/\/www.strava.com\/activities\/5834283744\">Strava-linkj\u00e9t itt \u00e9red el<\/a>, a t\u00fara trailforks linkjeit pedig itt tal\u00e1lod: <a href=\"https:\/\/www.trailforks.com\/trails\/schweizunebentrail\/?fbclid=IwAR1DZKZIMkPyIRYJRUOYHn-TB_h4l-NsHf9TLYFUrJCTVGlxCGRdvtZ7nuI\">SchweizUNeben-Trail<\/a>; <a href=\"https:\/\/www.trailforks.com\/trails\/s-zuckerl\/?fbclid=IwAR2C3h9n9eUa7-NYiX-zehT0pAfX-vFQFsDfn3j2J8NX5PPr6Hzfde3xyko\">s\u00b4Zuckerl<\/a>.<\/p>\n<p><strong><em>Mi\u00f3ta bring\u00e1zol, \u00e9s mikor kezdt\u00e9l bele az endur\u00f3z\u00e1sba?<\/em><\/strong><\/p>\n<p>2004-ben kezdtem el erd\u0151ben, terepen bring\u00e1zni. Ez \u00e9vekig tologat\u00f3s, lejt\u0151z\u0151s sz\u00e1rnypr\u00f3b\u00e1lgat\u00e1s volt. Egyetem alatt fokozatosan elmaradt a ker\u00e9kp\u00e1roz\u00e1s, majd 2019-ben \u00fajra el\u0151vettem a parip\u00e1t, igaz csak v\u00e1rosban tekertem. Azt\u00e1n k\u00f6vetkez\u0151 ny\u00e1r elej\u00e9n vettem meg az enduro bring\u00e1mat, az\u00f3ta szerelmem ez a sport\u00e1g!<\/p>\n<p><strong><em>Milyen biciklivel tekersz a vide\u00f3ban?<\/em><\/strong><\/p>\n<p>A vide\u00f3ban egy XL-es Commencal Clash 2020 bring\u00e1t hajtok. Ez egy &#8220;superenduro&#8221; ker\u00e9kp\u00e1r, ami abban t\u00e9r el egy endur\u00f3t\u00f3l, hogy hosszabb a rug\u00f3\u00fatja, de m\u00e9g el\u00e9g j\u00f3l tekerhet\u0151, \u00e9s lehet vele m\u00e1szni. Ezekn\u00e9l a superenduro bring\u00e1kn\u00e1l az endur\u00f3z\u00e1son k\u00edv\u00fcl a bikeparkoz\u00e1s, a nagy ugr\u00e1l\u00e1sok \u00e9s a freerideol\u00e1s is szempont.<\/p>\n<p><strong><em>Mit\u0151l m\u00e1s egy enduro bicikli, mint egy v\u00e1rosi vagy egy orsz\u00e1g\u00fati?<\/em><\/strong><\/p>\n<p>Az enduro ker\u00e9kp\u00e1rok terepen val\u00f3 m\u00e1sz\u00e1sra \u00e9s lejt\u0151z\u00e9sre vannak kital\u00e1lva, ennek megfelel\u0151en el\u00f6l-h\u00e1tul meglehet\u0151sen nagy rug\u00f3\u00fattal rendelkeznek (150-160mm), hogy minden fajta terepen le lehessen rajtuk j\u00f6nni, f\u00fcves talajt\u00f3l a sziklakertekig. Sz\u00e9les, terepmint\u00e1s gumik vannak a bic\u00f3kon a megfelel\u0151 tapad\u00e1s miatt. Jellemz\u0151en csak hidraulikus t\u00e1rcsaf\u00e9keket haszn\u00e1lunk, a lehet\u0151 legnagyobb t\u00e1rcs\u00e1kkal, hogy a nagyon hossz\u00fa ereszked\u00e9sekn\u00e9l se fogyjon el a f\u00e9ker\u0151, ne melegedjen t\u00fal.<\/p>\n<p>Ezek a tulajdons\u00e1gok elengedhetetlenek terepen, de a felf\u00fcggeszt\u00e9s, a sz\u00e9les terepgumik \u00e9s az er\u0151s f\u00e9k miatt, nem hat\u00e9kony egy neh\u00e9z enduro ker\u00e9kp\u00e1r aszfalton, szemben a v\u00e1rosi, orsz\u00e1g\u00fati bring\u00e1kkal.<\/p>\n<p><strong><em>Mit szeretsz legink\u00e1bb az endur\u00f3z\u00e1sban?<\/em><\/strong><\/p>\n<p>A legjobb az eg\u00e9szben, hogy olyan helyekre eljuthatok, ahova DH bring\u00e1val nem lehetne, csak k\u00ednkeserves felfel\u00e9 tol\u00e1ssal, esetleg felsz\u00e1ll\u00edt\u00e1ssal. A budapesti hegyekben p\u00e9ld\u00e1ul sokkal t\u00f6bb k\u00f6rt tudok menni b\u00e1rmelyik p\u00e1ly\u00e1n egy nap alatt, mint azok, akik fogaskerek\u0171vel oldj\u00e1k meg a feljut\u00e1st.<\/p>\n<p>Rengeteg \u00faj helyre eljutottam az enduro bring\u00e1mmal, orsz\u00e1gon bel\u00fcl \u00e9s k\u00edv\u00fcl is, \u00e9s mind fel\u00e9rt egy hatalmas kalanddal! Hatalmas kih\u00edv\u00e1s sz\u00e1momra az eg\u00e9sz, sokszor kell k\u00fczdenem az elm\u00e9m \u00e9s a f\u00e1radts\u00e1g ellen, hiszen nem lehet az ember mindig a legjobb form\u00e1j\u00e1ban, de nagyon sok siker\u00e9lm\u00e9nyt is ad.<\/p>\n<p><strong><em>Azt hissz\u00fck, ez a k\u00e9rd\u00e9s mindenkiben felmer\u00fcl egy ilyen vide\u00f3 ut\u00e1n, mint a ti\u00e9d: nem szokt\u00e1l elesni?<\/em><\/strong><\/p>\n<p>Sajnos de, el\u0151fordul. Nyolc \u00e9v kihagy\u00e1s ut\u00e1n picit elb\u00edztam magam, \u00e9s kij\u00f6ttem az es\u00e9s gyakorlat\u00e1b\u00f3l, ez\u00e9rt siker\u00fclt tavaly \u00e9v v\u00e9g\u00e9n elt\u00f6rn\u00f6m a csukl\u00f3mat. Szerencs\u00e9re nagyon j\u00f3 orvosokat fogtam ki, \u00e9s rendesen fel\u00e9p\u00fcltem!<\/p>\n<p><strong><em>Ismersz a vide\u00f3ban bemutatott trail-hez hasonl\u00f3 st\u00edlus\u00fa \u00e9s neh\u00e9zs\u00e9g\u0171 p\u00e1ly\u00e1kat az orsz\u00e1gban?<\/em><\/strong><\/p>\n<p>Szerencs\u00e9re egyre t\u00f6bb p\u00e1lya \u00e9p\u00fcl itthon is, rem\u00e9lhet\u0151leg sok hasonl\u00f3 k\u00e9sz\u00fcl majd a j\u00f6v\u0151ben! Sz\u00edvem cs\u00fccske a K\u0151szegi-hegys\u00e9g, szerintem ott tal\u00e1lhat\u00f3 a legt\u00f6bb hasonl\u00f3 \u00fatvonal.<\/p>\n<p><strong><em>Mit aj\u00e1nlan\u00e1l egy kezd\u0151 enduro bring\u00e1snak, hogyan v\u00e1gjon bele a sportba, mire figyeljen oda?<\/em><\/strong><\/p>\n<p>Els\u0151 szerintem a motiv\u00e1ci\u00f3. Szeretni kell a lejt\u0151z\u00e9st, azonban ez nem el\u00e9g. Tekerni, m\u00e1szni is meg kell tanulni, s\u0151t meg kell kedvelni ezt a r\u00e9szt is. Egy jobb enduros napon 20-40 km t\u00e1v \u00e9s 700-1500 m szint is \u00f6sszej\u00f6het. Ezut\u00e1n k\u00f6vetkezhet a technika:<\/p>\n<p>Els\u0151 a v\u00e9d\u0151felszerel\u00e9s. Elengedhetetlen a megfelel\u0151 sisak, t\u00e9rdv\u00e9d\u0151, keszty\u0171, nem \u00e1rt gerinc- \u00e9s k\u00f6ny\u00f6kv\u00e9d\u0151 sem. \u00c9rdemes \u00fajabb bring\u00e1ban gondolkozni, ha haszn\u00e1ltat vesz az ember. Az elm\u00falt p\u00e1r \u00e9vben rengeteget fejl\u0151d\u00f6tt a sport, a ker\u00e9kp\u00e1rok geometri\u00e1ja drasztikusan v\u00e1ltozott. Egy jobb bring\u00e1n k\u00f6nnyebb megtanulni a megfelel\u0151 technik\u00e1kat, mint egy r\u00e9gi, kev\u00e9sb\u00e9 profin. Oda kell figyelni a ruh\u00e1zatra is! Mivel a teker\u00e9sek sokszor hossz\u00faak, kem\u00e9nyek, nem \u00e1rt h\u0171v\u00f6sebb id\u0151ben r\u00e9tegesen \u00f6lt\u00f6zni: m\u00e1sz\u00e1shoz laz\u00e1bban, lefel\u00e9hez pedig melegebben.<\/p>\n<p>A legfontosabb pedig a fokozatoss\u00e1g \u00e9s a biztons\u00e1g. \u00c9rdemes megfelel\u0151 t\u00e1rsas\u00e1got tal\u00e1lni, \u00e9s nem egyed\u00fcl elkezdeni, mert vesz\u00e9lyes. Meg kell tanulni esni. Nagy el\u0151ny, ha van seg\u00edts\u00e9g, aki megmutatja az \u00f6sv\u00e9nyeket, tippeket ad, hogy hogyan vegy\u00e9l egy akad\u00e1lyt, \u00e9s baleset eset\u00e9n tud seg\u00edteni, seg\u00edts\u00e9get h\u00edvni.<\/p>\n<p><em>Ha te is szeretn\u00e9d megosztani kedvenc \u00fatvonalaidat bring\u00e1s k\u00f6z\u00f6ss\u00e9g\u00fcnkkel, k\u00e9sz\u00edts fot\u00f3kat, \u00e9s k\u00fcldj el nek\u00fcnk egy besz\u00e1mol\u00f3t a t\u00far\u00e1r\u00f3l, illetve a legfontosabb tudnival\u00f3kr\u00f3l a <a href=\"https:\/\/www.welovecycling.com\/hu\/honap-utvonala\/honap-utvonala-szeptember-zelenij-linda-kedvenc-dh-palyaja\/welovecycling@skoda.hu\">welovecycling@skoda.hu<\/a>\u00a0e-mail c\u00edmre! Ha pedig tov\u00e1bbi inspir\u00e1ci\u00f3t keresel k\u00f6vetkez\u0151 t\u00far\u00e1dhoz, n\u00e9zd meg <\/em><a href=\"https:\/\/www.welovecycling.com\/hu\/category\/honap-utvonala\/\"><em>kor\u00e1bbi \u00fatvonalainkat<\/em><\/a><em>!<\/em><\/p>\n","protected":false},"excerpt":{"rendered":"<p>Az \u00e9v utols\u00f3 kiemelt \u00fatvonal\u00e1t hozta el nektek P\u00e9ter, egyenesen Ausztri\u00e1b\u00f3l \u2013 az egykori Bramach, \u00faj nev\u00e9n SchweizUNeben trail p\u00e1ly\u00e1t [&hellip;]<\/p>\n","protected":false},"author":71,"featured_media":13122,"comment_status":"open","ping_status":"open","sticky":false,"template":"","format":"video","meta":{"footnotes":""},"categories":[461],"tags":[],"global-categories":[],"class_list":["post-13114","post","type-post","status-publish","format-video","has-post-thumbnail","hentry","category-honap-utvonala","post_format-post-format-video"],"yoast_head":"<!-- This site is optimized with the Yoast SEO Premium plugin v25.3 (Yoast SEO v25.9) - https:\/\/yoast.com\/wordpress\/plugins\/seo\/ -->\n<title>A h\u00f3nap \u00fatvonala \u2013 December: SchweizUNeben trail, az endur\u00f3sok \u00e1lomp\u00e1ly\u00e1ja<\/title>\n<meta name=\"description\" content=\"Az \u00e9v utols\u00f3 kiemelt \u00fatvonal\u00e1t hozta el nektek P\u00e9ter, egyenesen Ausztri\u00e1b\u00f3l \u2013 az egykori Bramach, \u00faj nev\u00e9n SchweizUNeben trail p\u00e1ly\u00e1t nemr\u00e9g \u00e9p\u00edtett\u00e9k ki teljes eg\u00e9sz\u00e9ben, eszm\u00e9letlen mennyis\u00e9g\u0171 munk\u00e1t fektettek bele, ami meg is hozta gy\u00fcm\u00f6lcs\u00e9t: egy vil\u00e1gsz\u00ednvonal\u00fa, nagyon technik\u00e1s, hihetetlen\u00fcl \u00e9lvezhet\u0151 p\u00e1ly\u00e1n cs\u00faszhatnak le az enduro szerelmesei 10-15 perc alatt, meg\u00e1ll\u00e1s n\u00e9lk\u00fcl!\" \/>\n<meta name=\"robots\" content=\"index, follow, max-snippet:-1, max-image-preview:large, max-video-preview:-1\" \/>\n<link rel=\"canonical\" href=\"https:\/\/www.welovecycling.com\/hu\/honap-utvonala\/a-honap-utvonala-december-schweizuneben-trail-az-endurosok-alompalyaja\/\" \/>\n<meta property=\"og:locale\" content=\"hu_HU\" \/>\n<meta property=\"og:type\" content=\"article\" \/>\n<meta property=\"og:title\" content=\"A h\u00f3nap \u00fatvonala \u2013 December: SchweizUNeben trail, az endur\u00f3sok \u00e1lomp\u00e1ly\u00e1ja\" \/>\n<meta property=\"og:description\" content=\"Az \u00e9v utols\u00f3 kiemelt \u00fatvonal\u00e1t hozta el nektek P\u00e9ter, egyenesen Ausztri\u00e1b\u00f3l \u2013 az egykori Bramach, \u00faj nev\u00e9n SchweizUNeben trail p\u00e1ly\u00e1t nemr\u00e9g \u00e9p\u00edtett\u00e9k ki teljes eg\u00e9sz\u00e9ben, eszm\u00e9letlen mennyis\u00e9g\u0171 munk\u00e1t fektettek bele, ami meg is hozta gy\u00fcm\u00f6lcs\u00e9t: egy vil\u00e1gsz\u00ednvonal\u00fa, nagyon technik\u00e1s, hihetetlen\u00fcl \u00e9lvezhet\u0151 p\u00e1ly\u00e1n cs\u00faszhatnak le az enduro szerelmesei 10-15 perc alatt, meg\u00e1ll\u00e1s n\u00e9lk\u00fcl!\" \/>\n<meta property=\"og:url\" content=\"https:\/\/www.welovecycling.com\/hu\/honap-utvonala\/a-honap-utvonala-december-schweizuneben-trail-az-endurosok-alompalyaja\/\" \/>\n<meta property=\"og:site_name\" content=\"\u0160koda We Love Cycling - Magyarorsz\u00e1g\" \/>\n<meta property=\"article:publisher\" content=\"https:\/\/www.facebook.com\/WeLoveCyclingHungary\/\" \/>\n<meta property=\"article:published_time\" content=\"2021-12-10T06:00:08+00:00\" \/>\n<meta property=\"article:modified_time\" content=\"2022-02-03T10:58:20+00:00\" \/>\n<meta property=\"og:image\" content=\"https:\/\/d2p6e6u75xmxt8.cloudfront.net\/12\/2021\/12\/dec_WLC_honap_utvonala_INDEXKEP.png\" \/>\n\t<meta property=\"og:image:width\" content=\"1920\" \/>\n\t<meta property=\"og:image:height\" content=\"1080\" \/>\n\t<meta property=\"og:image:type\" content=\"image\/png\" \/>\n<meta name=\"author\" content=\"hegyizs\" \/>\n<meta name=\"twitter:card\" content=\"summary_large_image\" \/>\n<meta name=\"twitter:label1\" content=\"Written by\" \/>\n\t<meta name=\"twitter:data1\" content=\"WLC\" \/>\n\t<meta name=\"twitter:label2\" content=\"Est. reading time\" \/>\n\t<meta name=\"twitter:data2\" content=\"5 minutes\" \/>\n<script type=\"application\/ld+json\" class=\"yoast-schema-graph\">{\"@context\":\"https:\/\/schema.org\",\"@graph\":[{\"@type\":\"WebPage\",\"@id\":\"https:\/\/www.welovecycling.com\/hu\/honap-utvonala\/a-honap-utvonala-december-schweizuneben-trail-az-endurosok-alompalyaja\/\",\"url\":\"https:\/\/www.welovecycling.com\/hu\/honap-utvonala\/a-honap-utvonala-december-schweizuneben-trail-az-endurosok-alompalyaja\/\",\"name\":\"A h\u00f3nap \u00fatvonala \u2013 December: SchweizUNeben trail, az endur\u00f3sok \u00e1lomp\u00e1ly\u00e1ja\",\"isPartOf\":{\"@id\":\"https:\/\/www.welovecycling.com\/hu\/#website\"},\"primaryImageOfPage\":{\"@id\":\"https:\/\/www.welovecycling.com\/hu\/honap-utvonala\/a-honap-utvonala-december-schweizuneben-trail-az-endurosok-alompalyaja\/#primaryimage\"},\"image\":{\"@id\":\"https:\/\/www.welovecycling.com\/hu\/honap-utvonala\/a-honap-utvonala-december-schweizuneben-trail-az-endurosok-alompalyaja\/#primaryimage\"},\"thumbnailUrl\":\"https:\/\/d2p6e6u75xmxt8.cloudfront.net\/12\/2021\/12\/dec_WLC_honap_utvonala_INDEXKEP.png\",\"datePublished\":\"2021-12-10T06:00:08+00:00\",\"dateModified\":\"2022-02-03T10:58:20+00:00\",\"author\":{\"@id\":\"https:\/\/www.welovecycling.com\/hu\/#\/schema\/person\/414a2aebf1801691a5320edb6468e194\"},\"description\":\"Az \u00e9v utols\u00f3 kiemelt \u00fatvonal\u00e1t hozta el nektek P\u00e9ter, egyenesen Ausztri\u00e1b\u00f3l \u2013 az egykori Bramach, \u00faj nev\u00e9n SchweizUNeben trail p\u00e1ly\u00e1t nemr\u00e9g \u00e9p\u00edtett\u00e9k ki teljes eg\u00e9sz\u00e9ben, eszm\u00e9letlen mennyis\u00e9g\u0171 munk\u00e1t fektettek bele, ami meg is hozta gy\u00fcm\u00f6lcs\u00e9t: egy vil\u00e1gsz\u00ednvonal\u00fa, nagyon technik\u00e1s, hihetetlen\u00fcl \u00e9lvezhet\u0151 p\u00e1ly\u00e1n cs\u00faszhatnak le az enduro szerelmesei 10-15 perc alatt, meg\u00e1ll\u00e1s n\u00e9lk\u00fcl!\",\"breadcrumb\":{\"@id\":\"https:\/\/www.welovecycling.com\/hu\/honap-utvonala\/a-honap-utvonala-december-schweizuneben-trail-az-endurosok-alompalyaja\/#breadcrumb\"},\"inLanguage\":\"hu\",\"potentialAction\":[{\"@type\":\"ReadAction\",\"target\":[\"https:\/\/www.welovecycling.com\/hu\/honap-utvonala\/a-honap-utvonala-december-schweizuneben-trail-az-endurosok-alompalyaja\/\"]}]},{\"@type\":\"ImageObject\",\"inLanguage\":\"hu\",\"@id\":\"https:\/\/www.welovecycling.com\/hu\/honap-utvonala\/a-honap-utvonala-december-schweizuneben-trail-az-endurosok-alompalyaja\/#primaryimage\",\"url\":\"https:\/\/d2p6e6u75xmxt8.cloudfront.net\/12\/2021\/12\/dec_WLC_honap_utvonala_INDEXKEP.png\",\"contentUrl\":\"https:\/\/d2p6e6u75xmxt8.cloudfront.net\/12\/2021\/12\/dec_WLC_honap_utvonala_INDEXKEP.png\",\"width\":1920,\"height\":1080},{\"@type\":\"BreadcrumbList\",\"@id\":\"https:\/\/www.welovecycling.com\/hu\/honap-utvonala\/a-honap-utvonala-december-schweizuneben-trail-az-endurosok-alompalyaja\/#breadcrumb\",\"itemListElement\":[{\"@type\":\"ListItem\",\"position\":1,\"name\":\"Home\",\"item\":\"https:\/\/www.welovecycling.com\/hu\/\"},{\"@type\":\"ListItem\",\"position\":2,\"name\":\"A h\u00f3nap \u00fatvonala \u2013 December: SchweizUNeben trail, az endur\u00f3sok \u00e1lomp\u00e1ly\u00e1ja\"}]},{\"@type\":\"WebSite\",\"@id\":\"https:\/\/www.welovecycling.com\/hu\/#website\",\"url\":\"https:\/\/www.welovecycling.com\/hu\/\",\"name\":\"\u0160koda We Love Cycling - Magyarorsz\u00e1g\",\"description\":\"\u0160koda WeLoveCycling\",\"potentialAction\":[{\"@type\":\"SearchAction\",\"target\":{\"@type\":\"EntryPoint\",\"urlTemplate\":\"https:\/\/www.welovecycling.com\/hu\/?s={search_term_string}\"},\"query-input\":{\"@type\":\"PropertyValueSpecification\",\"valueRequired\":true,\"valueName\":\"search_term_string\"}}],\"inLanguage\":\"hu\"},{\"@type\":\"Person\",\"@id\":\"https:\/\/www.welovecycling.com\/hu\/#\/schema\/person\/414a2aebf1801691a5320edb6468e194\",\"name\":\"hegyizs\",\"image\":{\"@type\":\"ImageObject\",\"inLanguage\":\"hu\",\"@id\":\"https:\/\/www.welovecycling.com\/hu\/#\/schema\/person\/image\/\",\"url\":\"https:\/\/secure.gravatar.com\/avatar\/02cf8a7906b8cf90cecb4679defac7cfd33a1c2e3b88e4903d947f3bb58eedd3?s=96&d=mm&r=g\",\"contentUrl\":\"https:\/\/secure.gravatar.com\/avatar\/02cf8a7906b8cf90cecb4679defac7cfd33a1c2e3b88e4903d947f3bb58eedd3?s=96&d=mm&r=g\",\"caption\":\"hegyizs\"},\"url\":\"https:\/\/www.welovecycling.com\/hu\/author\/hegyizs\/\"}]}<\/script>\n<!-- \/ Yoast SEO Premium plugin. -->","yoast_head_json":{"title":"A h\u00f3nap \u00fatvonala \u2013 December: SchweizUNeben trail, az endur\u00f3sok \u00e1lomp\u00e1ly\u00e1ja","description":"Az \u00e9v utols\u00f3 kiemelt \u00fatvonal\u00e1t hozta el nektek P\u00e9ter, egyenesen Ausztri\u00e1b\u00f3l \u2013 az egykori Bramach, \u00faj nev\u00e9n SchweizUNeben trail p\u00e1ly\u00e1t nemr\u00e9g \u00e9p\u00edtett\u00e9k ki teljes eg\u00e9sz\u00e9ben, eszm\u00e9letlen mennyis\u00e9g\u0171 munk\u00e1t fektettek bele, ami meg is hozta gy\u00fcm\u00f6lcs\u00e9t: egy vil\u00e1gsz\u00ednvonal\u00fa, nagyon technik\u00e1s, hihetetlen\u00fcl \u00e9lvezhet\u0151 p\u00e1ly\u00e1n cs\u00faszhatnak le az enduro szerelmesei 10-15 perc alatt, meg\u00e1ll\u00e1s n\u00e9lk\u00fcl!","robots":{"index":"index","follow":"follow","max-snippet":"max-snippet:-1","max-image-preview":"max-image-preview:large","max-video-preview":"max-video-preview:-1"},"canonical":"https:\/\/www.welovecycling.com\/hu\/honap-utvonala\/a-honap-utvonala-december-schweizuneben-trail-az-endurosok-alompalyaja\/","og_locale":"hu_HU","og_type":"article","og_title":"A h\u00f3nap \u00fatvonala \u2013 December: SchweizUNeben trail, az endur\u00f3sok \u00e1lomp\u00e1ly\u00e1ja","og_description":"Az \u00e9v utols\u00f3 kiemelt \u00fatvonal\u00e1t hozta el nektek P\u00e9ter, egyenesen Ausztri\u00e1b\u00f3l \u2013 az egykori Bramach, \u00faj nev\u00e9n SchweizUNeben trail p\u00e1ly\u00e1t nemr\u00e9g \u00e9p\u00edtett\u00e9k ki teljes eg\u00e9sz\u00e9ben, eszm\u00e9letlen mennyis\u00e9g\u0171 munk\u00e1t fektettek bele, ami meg is hozta gy\u00fcm\u00f6lcs\u00e9t: egy vil\u00e1gsz\u00ednvonal\u00fa, nagyon technik\u00e1s, hihetetlen\u00fcl \u00e9lvezhet\u0151 p\u00e1ly\u00e1n cs\u00faszhatnak le az enduro szerelmesei 10-15 perc alatt, meg\u00e1ll\u00e1s n\u00e9lk\u00fcl!","og_url":"https:\/\/www.welovecycling.com\/hu\/honap-utvonala\/a-honap-utvonala-december-schweizuneben-trail-az-endurosok-alompalyaja\/","og_site_name":"\u0160koda We Love Cycling - Magyarorsz\u00e1g","article_publisher":"https:\/\/www.facebook.com\/WeLoveCyclingHungary\/","article_published_time":"2021-12-10T06:00:08+00:00","article_modified_time":"2022-02-03T10:58:20+00:00","og_image":[{"width":1920,"height":1080,"url":"https:\/\/d2p6e6u75xmxt8.cloudfront.net\/12\/2021\/12\/dec_WLC_honap_utvonala_INDEXKEP.png","type":"image\/png"}],"author":"hegyizs","twitter_card":"summary_large_image","twitter_misc":{"Written by":"WLC","Est. reading time":"5 minutes"},"schema":{"@context":"https:\/\/schema.org","@graph":[{"@type":"WebPage","@id":"https:\/\/www.welovecycling.com\/hu\/honap-utvonala\/a-honap-utvonala-december-schweizuneben-trail-az-endurosok-alompalyaja\/","url":"https:\/\/www.welovecycling.com\/hu\/honap-utvonala\/a-honap-utvonala-december-schweizuneben-trail-az-endurosok-alompalyaja\/","name":"A h\u00f3nap \u00fatvonala \u2013 December: SchweizUNeben trail, az endur\u00f3sok \u00e1lomp\u00e1ly\u00e1ja","isPartOf":{"@id":"https:\/\/www.welovecycling.com\/hu\/#website"},"primaryImageOfPage":{"@id":"https:\/\/www.welovecycling.com\/hu\/honap-utvonala\/a-honap-utvonala-december-schweizuneben-trail-az-endurosok-alompalyaja\/#primaryimage"},"image":{"@id":"https:\/\/www.welovecycling.com\/hu\/honap-utvonala\/a-honap-utvonala-december-schweizuneben-trail-az-endurosok-alompalyaja\/#primaryimage"},"thumbnailUrl":"https:\/\/d2p6e6u75xmxt8.cloudfront.net\/12\/2021\/12\/dec_WLC_honap_utvonala_INDEXKEP.png","datePublished":"2021-12-10T06:00:08+00:00","dateModified":"2022-02-03T10:58:20+00:00","author":{"@id":"https:\/\/www.welovecycling.com\/hu\/#\/schema\/person\/414a2aebf1801691a5320edb6468e194"},"description":"Az \u00e9v utols\u00f3 kiemelt \u00fatvonal\u00e1t hozta el nektek P\u00e9ter, egyenesen Ausztri\u00e1b\u00f3l \u2013 az egykori Bramach, \u00faj nev\u00e9n SchweizUNeben trail p\u00e1ly\u00e1t nemr\u00e9g \u00e9p\u00edtett\u00e9k ki teljes eg\u00e9sz\u00e9ben, eszm\u00e9letlen mennyis\u00e9g\u0171 munk\u00e1t fektettek bele, ami meg is hozta gy\u00fcm\u00f6lcs\u00e9t: egy vil\u00e1gsz\u00ednvonal\u00fa, nagyon technik\u00e1s, hihetetlen\u00fcl \u00e9lvezhet\u0151 p\u00e1ly\u00e1n cs\u00faszhatnak le az enduro szerelmesei 10-15 perc alatt, meg\u00e1ll\u00e1s n\u00e9lk\u00fcl!","breadcrumb":{"@id":"https:\/\/www.welovecycling.com\/hu\/honap-utvonala\/a-honap-utvonala-december-schweizuneben-trail-az-endurosok-alompalyaja\/#breadcrumb"},"inLanguage":"hu","potentialAction":[{"@type":"ReadAction","target":["https:\/\/www.welovecycling.com\/hu\/honap-utvonala\/a-honap-utvonala-december-schweizuneben-trail-az-endurosok-alompalyaja\/"]}]},{"@type":"ImageObject","inLanguage":"hu","@id":"https:\/\/www.welovecycling.com\/hu\/honap-utvonala\/a-honap-utvonala-december-schweizuneben-trail-az-endurosok-alompalyaja\/#primaryimage","url":"https:\/\/d2p6e6u75xmxt8.cloudfront.net\/12\/2021\/12\/dec_WLC_honap_utvonala_INDEXKEP.png","contentUrl":"https:\/\/d2p6e6u75xmxt8.cloudfront.net\/12\/2021\/12\/dec_WLC_honap_utvonala_INDEXKEP.png","width":1920,"height":1080},{"@type":"BreadcrumbList","@id":"https:\/\/www.welovecycling.com\/hu\/honap-utvonala\/a-honap-utvonala-december-schweizuneben-trail-az-endurosok-alompalyaja\/#breadcrumb","itemListElement":[{"@type":"ListItem","position":1,"name":"Home","item":"https:\/\/www.welovecycling.com\/hu\/"},{"@type":"ListItem","position":2,"name":"A h\u00f3nap \u00fatvonala \u2013 December: SchweizUNeben trail, az endur\u00f3sok \u00e1lomp\u00e1ly\u00e1ja"}]},{"@type":"WebSite","@id":"https:\/\/www.welovecycling.com\/hu\/#website","url":"https:\/\/www.welovecycling.com\/hu\/","name":"\u0160koda We Love Cycling - Magyarorsz\u00e1g","description":"\u0160koda WeLoveCycling","potentialAction":[{"@type":"SearchAction","target":{"@type":"EntryPoint","urlTemplate":"https:\/\/www.welovecycling.com\/hu\/?s={search_term_string}"},"query-input":{"@type":"PropertyValueSpecification","valueRequired":true,"valueName":"search_term_string"}}],"inLanguage":"hu"},{"@type":"Person","@id":"https:\/\/www.welovecycling.com\/hu\/#\/schema\/person\/414a2aebf1801691a5320edb6468e194","name":"hegyizs","image":{"@type":"ImageObject","inLanguage":"hu","@id":"https:\/\/www.welovecycling.com\/hu\/#\/schema\/person\/image\/","url":"https:\/\/secure.gravatar.com\/avatar\/02cf8a7906b8cf90cecb4679defac7cfd33a1c2e3b88e4903d947f3bb58eedd3?s=96&d=mm&r=g","contentUrl":"https:\/\/secure.gravatar.com\/avatar\/02cf8a7906b8cf90cecb4679defac7cfd33a1c2e3b88e4903d947f3bb58eedd3?s=96&d=mm&r=g","caption":"hegyizs"},"url":"https:\/\/www.welovecycling.com\/hu\/author\/hegyizs\/"}]}},"_links":{"self":[{"href":"https:\/\/www.welovecycling.com\/hu\/wp-json\/wp\/v2\/posts\/13114","targetHints":{"allow":["GET"]}}],"collection":[{"href":"https:\/\/www.welovecycling.com\/hu\/wp-json\/wp\/v2\/posts"}],"about":[{"href":"https:\/\/www.welovecycling.com\/hu\/wp-json\/wp\/v2\/types\/post"}],"author":[{"embeddable":true,"href":"https:\/\/www.welovecycling.com\/hu\/wp-json\/wp\/v2\/users\/71"}],"replies":[{"embeddable":true,"href":"https:\/\/www.welovecycling.com\/hu\/wp-json\/wp\/v2\/comments?post=13114"}],"version-history":[{"count":2,"href":"https:\/\/www.welovecycling.com\/hu\/wp-json\/wp\/v2\/posts\/13114\/revisions"}],"predecessor-version":[{"id":13523,"href":"https:\/\/www.welovecycling.com\/hu\/wp-json\/wp\/v2\/posts\/13114\/revisions\/13523"}],"wp:featuredmedia":[{"embeddable":true,"href":"https:\/\/www.welovecycling.com\/hu\/wp-json\/wp\/v2\/media\/13122"}],"wp:attachment":[{"href":"https:\/\/www.welovecycling.com\/hu\/wp-json\/wp\/v2\/media?parent=13114"}],"wp:term":[{"taxonomy":"category","embeddable":true,"href":"https:\/\/www.welovecycling.com\/hu\/wp-json\/wp\/v2\/categories?post=13114"},{"taxonomy":"post_tag","embeddable":true,"href":"https:\/\/www.welovecycling.com\/hu\/wp-json\/wp\/v2\/tags?post=13114"},{"taxonomy":"global-categories","embeddable":true,"href":"https:\/\/www.welovecycling.com\/hu\/wp-json\/wp\/v2\/global-categories?post=13114"}],"curies":[{"name":"wp","href":"https:\/\/api.w.org\/{rel}","templated":true}]}}