{"id":13102,"date":"2021-12-09T08:00:28","date_gmt":"2021-12-09T06:00:28","guid":{"rendered":"https:\/\/www.welovecycling.com\/hu\/?p=13102"},"modified":"2021-12-03T12:55:50","modified_gmt":"2021-12-03T10:55:50","slug":"hova-tunt-tom-dumoulin","status":"publish","type":"post","link":"https:\/\/www.welovecycling.com\/hu\/orszaguti-kerekpar\/hova-tunt-tom-dumoulin\/","title":{"rendered":"Hov\u00e1 t\u0171nt Tom Dumoulin?"},"content":{"rendered":"<p><strong>2021 egy nagyon szokatlan \u00e9v volt a holland ker\u00e9kp\u00e1ros, Tom Dumoulin sz\u00e1m\u00e1ra, \u00e9s nem a Covid j\u00e1rv\u00e1ny miatt. A Jumbo-Visma 30 \u00e9ves versenyz\u0151je janu\u00e1rban \u00fagy d\u00f6nt\u00f6tt, hat\u00e1rozatlan ideig fizet\u00e9s n\u00e9lk\u00fcli szabads\u00e1gra megy.<\/strong><\/p>\n<p><!--more--><\/p>\n<p><em>\u201eOlyan \u00e9rz\u00e9s, mintha egy sz\u00e1z kil\u00f3s h\u00e1tizs\u00e1kot vettek volna le a h\u00e1tamr\u00f3l\u201d<\/em> \u2013 nyilatkozta a d\u00f6nt\u00e9se ut\u00e1n. <em>\u201eR\u00e9g\u00f3ta \u00e9rzem, hogy nem tal\u00e1lom a helyem, mint Tom Dumoulin, a ker\u00e9kp\u00e1ros, nem b\u00edrtam m\u00e1r a nyom\u00e1st, ami ezzel a c\u00edmmel j\u00e1r.\u201d<\/em><\/p>\n<figure id=\"attachment_13105\" aria-describedby=\"caption-attachment-13105\" style=\"width: 1000px\" class=\"wp-caption alignnone\"><a href=\"https:\/\/d2p6e6u75xmxt8.cloudfront.net\/12\/2021\/12\/Dumoulin-2020-Tour-profimedia-0557798951.jpg\"><img loading=\"lazy\" decoding=\"async\" class=\"size-full wp-image-13105\" src=\"https:\/\/d2p6e6u75xmxt8.cloudfront.net\/12\/2021\/12\/Dumoulin-2020-Tour-profimedia-0557798951.jpg\" alt=\"Tom Dumoulin\" width=\"1000\" height=\"690\" srcset=\"https:\/\/d2p6e6u75xmxt8.cloudfront.net\/12\/2021\/12\/Dumoulin-2020-Tour-profimedia-0557798951.jpg 1000w, https:\/\/d2p6e6u75xmxt8.cloudfront.net\/12\/2021\/12\/Dumoulin-2020-Tour-profimedia-0557798951-300x207.jpg 300w, https:\/\/d2p6e6u75xmxt8.cloudfront.net\/12\/2021\/12\/Dumoulin-2020-Tour-profimedia-0557798951-768x530.jpg 768w\" sizes=\"auto, (max-width: 1000px) 100vw, 1000px\" \/><\/a><figcaption id=\"caption-attachment-13105\" class=\"wp-caption-text\"><em>Dumoulin a 2020-as Tour-on.<\/em><\/figcaption><\/figure>\n<p>Dumoulin azut\u00e1n d\u00f6nt\u00f6tt \u00fagy, hogy kil\u00e9p, hogy a Jumbo-Visma bejelentette: Primo\u017e Rogli\u010d mellett \u0151 is vezet\u0151 szerepet kap majd a Tour de France-on.<\/p>\n<p>A szlov\u00e9n versenyz\u0151 nagyot bukott a Tour harmadik szakasz\u00e1n, \u00edgy k\u00e9nytelen volt kisz\u00e1llni a versenyb\u0151l, a csapat teh\u00e1t vezet\u0151 n\u00e9lk\u00fcl maradt. A fiatal d\u00e1n versenyz\u0151, Jonas Vingegaard azonban az \u00e9lre \u00e1llt, \u00e9s mindenkit meglepett azzal, hogy m\u00e1sodikk\u00e9nt v\u00e9gzett Tadej Poga\u010dar m\u00f6g\u00f6tt.<\/p>\n<p>Az, hogy Dumoulin megnyomta a stop gombot karrierj\u00e9n eg\u00e9szen sokkol\u00f3 volt, hiszen k\u00e9t nagyon j\u00f3 \u00e9v \u00e1llt m\u00f6g\u00f6tte. 2017-ben megnyerte a Giro d\u2019Itali\u00e1t, egy\u00e9ni \u00e9s csapatgy\u0151zelmet aratott az id\u0151m\u00e9r\u0151 vil\u00e1gbajnoks\u00e1gon, a k\u00f6vetkez\u0151 \u00e9vben pedig m\u00e1sodik lett, ahogy a Giro-n \u00e9s a Tour-on is. \u00dagy t\u0171nt, hogy az elit versenyz\u0151k vil\u00e1g\u00e1nak ajtaj\u00e1ban \u00e1ll, amikor be\u00fct\u00f6tt a Covid \u00e9s \u00f6sszekusz\u00e1lta a versenynapt\u00e1rat. Dumoulin kiv\u00e1l\u00f3 sprinter \u00e9s m\u00e1sz\u00f3, minden eszk\u00f6ze megvan ahhoz, hogy bajnok legyen. Egyed\u00fcl a motiv\u00e1ci\u00f3ja hagyta el.<\/p>\n<figure id=\"attachment_13106\" aria-describedby=\"caption-attachment-13106\" style=\"width: 1000px\" class=\"wp-caption alignnone\"><a href=\"https:\/\/d2p6e6u75xmxt8.cloudfront.net\/12\/2021\/12\/Dumoulin-2017-Giro-profimedia-0333878444.jpg\"><img loading=\"lazy\" decoding=\"async\" class=\"size-full wp-image-13106\" src=\"https:\/\/d2p6e6u75xmxt8.cloudfront.net\/12\/2021\/12\/Dumoulin-2017-Giro-profimedia-0333878444.jpg\" alt=\"Tom Dumoulin\" width=\"1000\" height=\"666\" srcset=\"https:\/\/d2p6e6u75xmxt8.cloudfront.net\/12\/2021\/12\/Dumoulin-2017-Giro-profimedia-0333878444.jpg 1000w, https:\/\/d2p6e6u75xmxt8.cloudfront.net\/12\/2021\/12\/Dumoulin-2017-Giro-profimedia-0333878444-300x200.jpg 300w, https:\/\/d2p6e6u75xmxt8.cloudfront.net\/12\/2021\/12\/Dumoulin-2017-Giro-profimedia-0333878444-768x511.jpg 768w, https:\/\/d2p6e6u75xmxt8.cloudfront.net\/12\/2021\/12\/Dumoulin-2017-Giro-profimedia-0333878444-272x182.jpg 272w\" sizes=\"auto, (max-width: 1000px) 100vw, 1000px\" \/><\/a><figcaption id=\"caption-attachment-13106\" class=\"wp-caption-text\"><em>\u00dcnnepl\u00e9s a 2017-es Giro-n.<\/em><\/figcaption><\/figure>\n<h2><strong>Mi v\u00e1ltozott?<\/strong><\/h2>\n<p>B\u00e1rmit is csin\u00e1lt Dumoulin az alatt az \u00f6t h\u00f3nap alatt, am\u00edg t\u00e1vol maradt a versenyz\u00e9st\u0151l, l\u00e1that\u00f3an \u00fajra fell\u00e1ngolt az orsz\u00e1g\u00fati versenyz\u00e9s ir\u00e1nti szenved\u00e9lye. 2021 j\u00fanius\u00e1nak v\u00e9g\u00e9n t\u00e9rt vissza a sport\u00e1ghoz a Tour de Suisse-n, boldogan, hogy domestique-k\u00e9nt dolgozhat csapatt\u00e1rsaival.<\/p>\n<p><em>\u201eAz elm\u00falt h\u00e1rom \u00e9vben elvesztettem az \u00f6r\u00f6m\u00f6t a munk\u00e1ban \u00e9s a versenyz\u00e9sben\u201d<\/em> \u2013 mondta a belga \u00fajs\u00e1gnak, a Het Nieuwsbladnak a Tour de Suisse el\u0151tt.<\/p>\n<p><em>\u201eElfelejtettem, mit szeretek benne \u00e9s mit nem. Nagyon tanuls\u00e1gos volt sz\u00e1momra az elm\u00falt id\u0151szak. Megint tudom, hogy ki az a Tom Dumoulin.\u201d<\/em><\/p>\n<p>Hamarosan negyedszerre is megnyerte az orsz\u00e1gos id\u0151m\u00e9r\u0151 bajnoks\u00e1got, majd negyedik lett az olimpi\u00e1n. Az orsz\u00e1g\u00fati VB-re k\u00e9sz\u00fclt, amikor balesetet szenvedett \u00e9s elt\u00f6rte a csukl\u00f3j\u00e1t. Ez vetett v\u00e9get a z\u0171rzavaros szezonj\u00e1nak.<\/p>\n<div class=\"embed-controller-wrapper\">\n<blockquote class=\"twitter-tweet\" data-width=\"500\" data-dnt=\"true\">\n<p lang=\"en\" dir=\"ltr\">\ud83e\udd15<\/p>\n<p>\ud83d\udcac \u201cMy season is finished. That\u2019s a big deception, because I just got really good at it again.&quot; &#8211; <a href=\"https:\/\/twitter.com\/tom_dumoulin?ref_src=twsrc%5Etfw\">@tom_dumoulin<\/a><\/p>\n<p>Get well soon, Tom! \ud83c\udf40<\/p>\n<p>&mdash; Team Visma | Lease a Bike (@vismaleaseabike) <a href=\"https:\/\/twitter.com\/vismaleaseabike\/status\/1436071537514319872?ref_src=twsrc%5Etfw\">September 9, 2021<\/a><\/p><\/blockquote>\n<p><script async data-src=\"https:\/\/platform.twitter.com\/widgets.js\" charset=\"utf-8\"><\/script><\/div>\n<p><em>\u201eNagyon rosszkor j\u00f6tt ez, mert most megint igaz\u00e1n j\u00f3 vagyok<\/em>\u201d \u2013 mondta akkori nyilatkozat\u00e1ban. <em>\u201eB\u00edztam benne, hogy egy er\u0151s h\u00f3napot tudok z\u00e1rni.\u201d<\/em><\/p>\n<p>B\u00e1r az \u00e9v rosszul v\u00e9gz\u0151d\u00f6tt a holland bring\u00e1s sz\u00e1m\u00e1ra, a d\u00f6nt\u00e9se, hogy pihenteti a versenyz\u00e9st \u00e9s ennek hat\u00e1sa nagyon besz\u00e9des, kiv\u00e1lt egy olyan \u00e9vben, amikor a jap\u00e1n teniszez\u0151, Naomi Osaka \u00e9s az amerikai torn\u00e1sz, Simone Biles is \u00edgy tett az \u00e9lsport miatt r\u00e1juk nehezed\u0151 nyom\u00e1s miatt.<\/p>\n<h2><strong>T\u00e1mogat\u00e1s<\/strong><\/h2>\n<p>Dumoulin \u00e9s Biles sz\u00e1m\u00e1ra is fontos volt, hogy \u00e1lljon m\u00f6g\u00f6tt\u00fck egy t\u00e1mogat\u00f3 csapat, ami elfogadja a d\u00f6nt\u00e9s\u00fcket.<\/p>\n<div class=\"embed-controller-wrapper\">\n<blockquote class=\"twitter-tweet\" data-width=\"500\" data-dnt=\"true\">\n<p lang=\"qme\" dir=\"ltr\">\ud83e\udd48\ud83d\ude04 <a href=\"https:\/\/twitter.com\/hashtag\/tokyo2020?src=hash&amp;ref_src=twsrc%5Etfw\">#tokyo2020<\/a> <a href=\"https:\/\/t.co\/NMcXcQ705G\">pic.twitter.com\/NMcXcQ705G<\/a><\/p>\n<p>&mdash; Tom Dumoulin (@tom_dumoulin) <a href=\"https:\/\/twitter.com\/tom_dumoulin\/status\/1420402794826248193?ref_src=twsrc%5Etfw\">July 28, 2021<\/a><\/p><\/blockquote>\n<p><script async data-src=\"https:\/\/platform.twitter.com\/widgets.js\" charset=\"utf-8\"><\/script><\/div>\n<p><em>\u201eEl\u00e9rte a m\u00e9lypontot, \u00e9s a legfontosabb, hogy ez ne t\u00f6rt\u00e9njen meg \u00fajra\u201d<\/em> \u2013 mondta a Jumbo-Visma sportigazgat\u00f3ja, Merijn Zeeman a Cyclingnewsnak.<\/p>\n<p><em>\u201eCsapatk\u00e9nt az a feladatunk, hogy alkalmazkodjunk a terveihez, \u00e9s erre t\u00f6bb lehet\u0151s\u00e9g\u00fcnk is van. Mindegy, merre indulunk el, a l\u00e9nyeg, hogy boldogan csin\u00e1lja, amit csin\u00e1l, \u00e9s akkor \u00e9rhet majd el eredm\u00e9nyeket. A legfontosabb, hogy \u00f6r\u00f6m\u00f6t okozzon neki sportol\u00f3nak lenni.\u201d<\/em><\/p>\n<p>A legfontosabb tanuls\u00e1g val\u00f3sz\u00edn\u0171leg az, hogy lehet, hogy abba kell hagynod, amit csin\u00e1lsz, ahhoz, hogy meg\u00e9rtsd, mennyire akarod (vagy nem akarod) csin\u00e1lni.<\/p>\n","protected":false},"excerpt":{"rendered":"<p>2021 egy nagyon szokatlan \u00e9v volt a holland ker\u00e9kp\u00e1ros, Tom Dumoulin sz\u00e1m\u00e1ra, \u00e9s nem a Covid j\u00e1rv\u00e1ny miatt. A Jumbo-Visma [&hellip;]<\/p>\n","protected":false},"author":71,"featured_media":13108,"comment_status":"open","ping_status":"open","sticky":false,"template":"","format":"standard","meta":{"footnotes":""},"categories":[8],"tags":[],"global-categories":[],"class_list":["post-13102","post","type-post","status-publish","format-standard","has-post-thumbnail","hentry","category-orszaguti-kerekpar"],"yoast_head":"<!-- This site is optimized with the Yoast SEO Premium plugin v25.3 (Yoast SEO v25.9) - https:\/\/yoast.com\/wordpress\/plugins\/seo\/ -->\n<title>Hov\u00e1 t\u0171nt Tom Dumoulin? - \u0160koda We Love Cycling - Magyarorsz\u00e1g<\/title>\n<meta name=\"description\" content=\"2021 egy nagyon szokatlan \u00e9v volt a holland ker\u00e9kp\u00e1ros, Tom Dumoulin sz\u00e1m\u00e1ra, \u00e9s nem a Covid j\u00e1rv\u00e1ny miatt. A Jumbo-Visma 30 \u00e9ves versenyz\u0151je janu\u00e1rban \u00fagy d\u00f6nt\u00f6tt, hat\u00e1rozatlan ideig fizet\u00e9s n\u00e9lk\u00fcli szabads\u00e1gra megy.\" \/>\n<meta name=\"robots\" content=\"index, follow, max-snippet:-1, max-image-preview:large, max-video-preview:-1\" \/>\n<link rel=\"canonical\" href=\"https:\/\/www.welovecycling.com\/hu\/orszaguti-kerekpar\/hova-tunt-tom-dumoulin\/\" \/>\n<meta property=\"og:locale\" content=\"hu_HU\" \/>\n<meta property=\"og:type\" content=\"article\" \/>\n<meta property=\"og:title\" content=\"Hov\u00e1 t\u0171nt Tom Dumoulin?\" \/>\n<meta property=\"og:description\" content=\"2021 egy nagyon szokatlan \u00e9v volt a holland ker\u00e9kp\u00e1ros, Tom Dumoulin sz\u00e1m\u00e1ra, \u00e9s nem a Covid j\u00e1rv\u00e1ny miatt. A Jumbo-Visma 30 \u00e9ves versenyz\u0151je janu\u00e1rban \u00fagy d\u00f6nt\u00f6tt, hat\u00e1rozatlan ideig fizet\u00e9s n\u00e9lk\u00fcli szabads\u00e1gra megy.\" \/>\n<meta property=\"og:url\" content=\"https:\/\/www.welovecycling.com\/hu\/orszaguti-kerekpar\/hova-tunt-tom-dumoulin\/\" \/>\n<meta property=\"og:site_name\" content=\"\u0160koda We Love Cycling - Magyarorsz\u00e1g\" \/>\n<meta property=\"article:publisher\" content=\"https:\/\/www.facebook.com\/WeLoveCyclingHungary\/\" \/>\n<meta property=\"article:published_time\" content=\"2021-12-09T06:00:28+00:00\" \/>\n<meta property=\"og:image\" content=\"https:\/\/d2p6e6u75xmxt8.cloudfront.net\/12\/2021\/12\/Tom-Dumoulin-profimedia-0629674553-CVR.jpg\" \/>\n\t<meta property=\"og:image:width\" content=\"1366\" \/>\n\t<meta property=\"og:image:height\" content=\"600\" \/>\n\t<meta property=\"og:image:type\" content=\"image\/jpeg\" \/>\n<meta name=\"author\" content=\"hegyizs\" \/>\n<meta name=\"twitter:card\" content=\"summary_large_image\" \/>\n<meta name=\"twitter:label1\" content=\"Written by\" \/>\n\t<meta name=\"twitter:data1\" content=\"Siegfried Mortkowitz\" \/>\n\t<meta name=\"twitter:label2\" content=\"Est. reading time\" \/>\n\t<meta name=\"twitter:data2\" content=\"5\" \/>\n<script type=\"application\/ld+json\" class=\"yoast-schema-graph\">{\"@context\":\"https:\/\/schema.org\",\"@graph\":[{\"@type\":\"WebPage\",\"@id\":\"https:\/\/www.welovecycling.com\/hu\/orszaguti-kerekpar\/hova-tunt-tom-dumoulin\/\",\"url\":\"https:\/\/www.welovecycling.com\/hu\/orszaguti-kerekpar\/hova-tunt-tom-dumoulin\/\",\"name\":\"Hov\u00e1 t\u0171nt Tom Dumoulin? - \u0160koda We Love Cycling - Magyarorsz\u00e1g\",\"isPartOf\":{\"@id\":\"https:\/\/www.welovecycling.com\/hu\/#website\"},\"primaryImageOfPage\":{\"@id\":\"https:\/\/www.welovecycling.com\/hu\/orszaguti-kerekpar\/hova-tunt-tom-dumoulin\/#primaryimage\"},\"image\":{\"@id\":\"https:\/\/www.welovecycling.com\/hu\/orszaguti-kerekpar\/hova-tunt-tom-dumoulin\/#primaryimage\"},\"thumbnailUrl\":\"https:\/\/d2p6e6u75xmxt8.cloudfront.net\/12\/2021\/12\/Tom-Dumoulin-profimedia-0629674553-CVR.jpg\",\"datePublished\":\"2021-12-09T06:00:28+00:00\",\"author\":{\"@id\":\"https:\/\/www.welovecycling.com\/hu\/#\/schema\/person\/414a2aebf1801691a5320edb6468e194\"},\"description\":\"2021 egy nagyon szokatlan \u00e9v volt a holland ker\u00e9kp\u00e1ros, Tom Dumoulin sz\u00e1m\u00e1ra, \u00e9s nem a Covid j\u00e1rv\u00e1ny miatt. A Jumbo-Visma 30 \u00e9ves versenyz\u0151je janu\u00e1rban \u00fagy d\u00f6nt\u00f6tt, hat\u00e1rozatlan ideig fizet\u00e9s n\u00e9lk\u00fcli szabads\u00e1gra megy.\",\"breadcrumb\":{\"@id\":\"https:\/\/www.welovecycling.com\/hu\/orszaguti-kerekpar\/hova-tunt-tom-dumoulin\/#breadcrumb\"},\"inLanguage\":\"hu\",\"potentialAction\":[{\"@type\":\"ReadAction\",\"target\":[\"https:\/\/www.welovecycling.com\/hu\/orszaguti-kerekpar\/hova-tunt-tom-dumoulin\/\"]}]},{\"@type\":\"ImageObject\",\"inLanguage\":\"hu\",\"@id\":\"https:\/\/www.welovecycling.com\/hu\/orszaguti-kerekpar\/hova-tunt-tom-dumoulin\/#primaryimage\",\"url\":\"https:\/\/d2p6e6u75xmxt8.cloudfront.net\/12\/2021\/12\/Tom-Dumoulin-profimedia-0629674553-CVR.jpg\",\"contentUrl\":\"https:\/\/d2p6e6u75xmxt8.cloudfront.net\/12\/2021\/12\/Tom-Dumoulin-profimedia-0629674553-CVR.jpg\",\"width\":1366,\"height\":600,\"caption\":\"Tom Dumoulin\"},{\"@type\":\"BreadcrumbList\",\"@id\":\"https:\/\/www.welovecycling.com\/hu\/orszaguti-kerekpar\/hova-tunt-tom-dumoulin\/#breadcrumb\",\"itemListElement\":[{\"@type\":\"ListItem\",\"position\":1,\"name\":\"Home\",\"item\":\"https:\/\/www.welovecycling.com\/hu\/\"},{\"@type\":\"ListItem\",\"position\":2,\"name\":\"Hov\u00e1 t\u0171nt Tom Dumoulin?\"}]},{\"@type\":\"WebSite\",\"@id\":\"https:\/\/www.welovecycling.com\/hu\/#website\",\"url\":\"https:\/\/www.welovecycling.com\/hu\/\",\"name\":\"\u0160koda We Love Cycling - Magyarorsz\u00e1g\",\"description\":\"\u0160koda WeLoveCycling\",\"potentialAction\":[{\"@type\":\"SearchAction\",\"target\":{\"@type\":\"EntryPoint\",\"urlTemplate\":\"https:\/\/www.welovecycling.com\/hu\/?s={search_term_string}\"},\"query-input\":{\"@type\":\"PropertyValueSpecification\",\"valueRequired\":true,\"valueName\":\"search_term_string\"}}],\"inLanguage\":\"hu\"},{\"@type\":\"Person\",\"@id\":\"https:\/\/www.welovecycling.com\/hu\/#\/schema\/person\/414a2aebf1801691a5320edb6468e194\",\"name\":\"hegyizs\",\"image\":{\"@type\":\"ImageObject\",\"inLanguage\":\"hu\",\"@id\":\"https:\/\/www.welovecycling.com\/hu\/#\/schema\/person\/image\/\",\"url\":\"https:\/\/secure.gravatar.com\/avatar\/02cf8a7906b8cf90cecb4679defac7cfd33a1c2e3b88e4903d947f3bb58eedd3?s=96&d=mm&r=g\",\"contentUrl\":\"https:\/\/secure.gravatar.com\/avatar\/02cf8a7906b8cf90cecb4679defac7cfd33a1c2e3b88e4903d947f3bb58eedd3?s=96&d=mm&r=g\",\"caption\":\"hegyizs\"},\"url\":\"https:\/\/www.welovecycling.com\/hu\/author\/hegyizs\/\"}]}<\/script>\n<!-- \/ Yoast SEO Premium plugin. -->","yoast_head_json":{"title":"Hov\u00e1 t\u0171nt Tom Dumoulin? - \u0160koda We Love Cycling - Magyarorsz\u00e1g","description":"2021 egy nagyon szokatlan \u00e9v volt a holland ker\u00e9kp\u00e1ros, Tom Dumoulin sz\u00e1m\u00e1ra, \u00e9s nem a Covid j\u00e1rv\u00e1ny miatt. A Jumbo-Visma 30 \u00e9ves versenyz\u0151je janu\u00e1rban \u00fagy d\u00f6nt\u00f6tt, hat\u00e1rozatlan ideig fizet\u00e9s n\u00e9lk\u00fcli szabads\u00e1gra megy.","robots":{"index":"index","follow":"follow","max-snippet":"max-snippet:-1","max-image-preview":"max-image-preview:large","max-video-preview":"max-video-preview:-1"},"canonical":"https:\/\/www.welovecycling.com\/hu\/orszaguti-kerekpar\/hova-tunt-tom-dumoulin\/","og_locale":"hu_HU","og_type":"article","og_title":"Hov\u00e1 t\u0171nt Tom Dumoulin?","og_description":"2021 egy nagyon szokatlan \u00e9v volt a holland ker\u00e9kp\u00e1ros, Tom Dumoulin sz\u00e1m\u00e1ra, \u00e9s nem a Covid j\u00e1rv\u00e1ny miatt. A Jumbo-Visma 30 \u00e9ves versenyz\u0151je janu\u00e1rban \u00fagy d\u00f6nt\u00f6tt, hat\u00e1rozatlan ideig fizet\u00e9s n\u00e9lk\u00fcli szabads\u00e1gra megy.","og_url":"https:\/\/www.welovecycling.com\/hu\/orszaguti-kerekpar\/hova-tunt-tom-dumoulin\/","og_site_name":"\u0160koda We Love Cycling - Magyarorsz\u00e1g","article_publisher":"https:\/\/www.facebook.com\/WeLoveCyclingHungary\/","article_published_time":"2021-12-09T06:00:28+00:00","og_image":[{"width":1366,"height":600,"url":"https:\/\/d2p6e6u75xmxt8.cloudfront.net\/12\/2021\/12\/Tom-Dumoulin-profimedia-0629674553-CVR.jpg","type":"image\/jpeg"}],"author":"hegyizs","twitter_card":"summary_large_image","twitter_misc":{"Written by":"Siegfried Mortkowitz","Est. reading time":"5"},"schema":{"@context":"https:\/\/schema.org","@graph":[{"@type":"WebPage","@id":"https:\/\/www.welovecycling.com\/hu\/orszaguti-kerekpar\/hova-tunt-tom-dumoulin\/","url":"https:\/\/www.welovecycling.com\/hu\/orszaguti-kerekpar\/hova-tunt-tom-dumoulin\/","name":"Hov\u00e1 t\u0171nt Tom Dumoulin? - \u0160koda We Love Cycling - Magyarorsz\u00e1g","isPartOf":{"@id":"https:\/\/www.welovecycling.com\/hu\/#website"},"primaryImageOfPage":{"@id":"https:\/\/www.welovecycling.com\/hu\/orszaguti-kerekpar\/hova-tunt-tom-dumoulin\/#primaryimage"},"image":{"@id":"https:\/\/www.welovecycling.com\/hu\/orszaguti-kerekpar\/hova-tunt-tom-dumoulin\/#primaryimage"},"thumbnailUrl":"https:\/\/d2p6e6u75xmxt8.cloudfront.net\/12\/2021\/12\/Tom-Dumoulin-profimedia-0629674553-CVR.jpg","datePublished":"2021-12-09T06:00:28+00:00","author":{"@id":"https:\/\/www.welovecycling.com\/hu\/#\/schema\/person\/414a2aebf1801691a5320edb6468e194"},"description":"2021 egy nagyon szokatlan \u00e9v volt a holland ker\u00e9kp\u00e1ros, Tom Dumoulin sz\u00e1m\u00e1ra, \u00e9s nem a Covid j\u00e1rv\u00e1ny miatt. A Jumbo-Visma 30 \u00e9ves versenyz\u0151je janu\u00e1rban \u00fagy d\u00f6nt\u00f6tt, hat\u00e1rozatlan ideig fizet\u00e9s n\u00e9lk\u00fcli szabads\u00e1gra megy.","breadcrumb":{"@id":"https:\/\/www.welovecycling.com\/hu\/orszaguti-kerekpar\/hova-tunt-tom-dumoulin\/#breadcrumb"},"inLanguage":"hu","potentialAction":[{"@type":"ReadAction","target":["https:\/\/www.welovecycling.com\/hu\/orszaguti-kerekpar\/hova-tunt-tom-dumoulin\/"]}]},{"@type":"ImageObject","inLanguage":"hu","@id":"https:\/\/www.welovecycling.com\/hu\/orszaguti-kerekpar\/hova-tunt-tom-dumoulin\/#primaryimage","url":"https:\/\/d2p6e6u75xmxt8.cloudfront.net\/12\/2021\/12\/Tom-Dumoulin-profimedia-0629674553-CVR.jpg","contentUrl":"https:\/\/d2p6e6u75xmxt8.cloudfront.net\/12\/2021\/12\/Tom-Dumoulin-profimedia-0629674553-CVR.jpg","width":1366,"height":600,"caption":"Tom Dumoulin"},{"@type":"BreadcrumbList","@id":"https:\/\/www.welovecycling.com\/hu\/orszaguti-kerekpar\/hova-tunt-tom-dumoulin\/#breadcrumb","itemListElement":[{"@type":"ListItem","position":1,"name":"Home","item":"https:\/\/www.welovecycling.com\/hu\/"},{"@type":"ListItem","position":2,"name":"Hov\u00e1 t\u0171nt Tom Dumoulin?"}]},{"@type":"WebSite","@id":"https:\/\/www.welovecycling.com\/hu\/#website","url":"https:\/\/www.welovecycling.com\/hu\/","name":"\u0160koda We Love Cycling - Magyarorsz\u00e1g","description":"\u0160koda WeLoveCycling","potentialAction":[{"@type":"SearchAction","target":{"@type":"EntryPoint","urlTemplate":"https:\/\/www.welovecycling.com\/hu\/?s={search_term_string}"},"query-input":{"@type":"PropertyValueSpecification","valueRequired":true,"valueName":"search_term_string"}}],"inLanguage":"hu"},{"@type":"Person","@id":"https:\/\/www.welovecycling.com\/hu\/#\/schema\/person\/414a2aebf1801691a5320edb6468e194","name":"hegyizs","image":{"@type":"ImageObject","inLanguage":"hu","@id":"https:\/\/www.welovecycling.com\/hu\/#\/schema\/person\/image\/","url":"https:\/\/secure.gravatar.com\/avatar\/02cf8a7906b8cf90cecb4679defac7cfd33a1c2e3b88e4903d947f3bb58eedd3?s=96&d=mm&r=g","contentUrl":"https:\/\/secure.gravatar.com\/avatar\/02cf8a7906b8cf90cecb4679defac7cfd33a1c2e3b88e4903d947f3bb58eedd3?s=96&d=mm&r=g","caption":"hegyizs"},"url":"https:\/\/www.welovecycling.com\/hu\/author\/hegyizs\/"}]}},"_links":{"self":[{"href":"https:\/\/www.welovecycling.com\/hu\/wp-json\/wp\/v2\/posts\/13102","targetHints":{"allow":["GET"]}}],"collection":[{"href":"https:\/\/www.welovecycling.com\/hu\/wp-json\/wp\/v2\/posts"}],"about":[{"href":"https:\/\/www.welovecycling.com\/hu\/wp-json\/wp\/v2\/types\/post"}],"author":[{"embeddable":true,"href":"https:\/\/www.welovecycling.com\/hu\/wp-json\/wp\/v2\/users\/71"}],"replies":[{"embeddable":true,"href":"https:\/\/www.welovecycling.com\/hu\/wp-json\/wp\/v2\/comments?post=13102"}],"version-history":[{"count":2,"href":"https:\/\/www.welovecycling.com\/hu\/wp-json\/wp\/v2\/posts\/13102\/revisions"}],"predecessor-version":[{"id":13113,"href":"https:\/\/www.welovecycling.com\/hu\/wp-json\/wp\/v2\/posts\/13102\/revisions\/13113"}],"wp:featuredmedia":[{"embeddable":true,"href":"https:\/\/www.welovecycling.com\/hu\/wp-json\/wp\/v2\/media\/13108"}],"wp:attachment":[{"href":"https:\/\/www.welovecycling.com\/hu\/wp-json\/wp\/v2\/media?parent=13102"}],"wp:term":[{"taxonomy":"category","embeddable":true,"href":"https:\/\/www.welovecycling.com\/hu\/wp-json\/wp\/v2\/categories?post=13102"},{"taxonomy":"post_tag","embeddable":true,"href":"https:\/\/www.welovecycling.com\/hu\/wp-json\/wp\/v2\/tags?post=13102"},{"taxonomy":"global-categories","embeddable":true,"href":"https:\/\/www.welovecycling.com\/hu\/wp-json\/wp\/v2\/global-categories?post=13102"}],"curies":[{"name":"wp","href":"https:\/\/api.w.org\/{rel}","templated":true}]}}