{"id":13089,"date":"2021-12-11T08:00:41","date_gmt":"2021-12-11T06:00:41","guid":{"rendered":"https:\/\/www.welovecycling.com\/hu\/?p=13089"},"modified":"2021-12-06T16:39:52","modified_gmt":"2021-12-06T14:39:52","slug":"a-tiz-legrosszabb-bicikliut-lengyelorszagban","status":"publish","type":"post","link":"https:\/\/www.welovecycling.com\/hu\/kozosseg-es-kultura\/a-tiz-legrosszabb-bicikliut-lengyelorszagban\/","title":{"rendered":"A 10 legrosszabb bicikli\u00fat Lengyelorsz\u00e1gban"},"content":{"rendered":"<p><strong>Nem sokkal ezel\u0151tt a We Love Cycling brit k\u00e9pviselete mer\u00e9sz c\u00e9lt t\u0171z\u00f6tt ki maga el\u00e9: \u00f6sszegy\u0171jteni az orsz\u00e1g legrosszabb bringa\u00fatjait! Egy t\u00f6bb r\u00e9gi\u00f3ban is megval\u00f3sul\u00f3 kamp\u00e1ny r\u00e9szek\u00e9nt \u00e1llhatott \u00f6ssze az al\u00e1bbi gal\u00e9ria, mely a haszn\u00e1lhatatlan ker\u00e9kp\u00e1rutak \u00e1llapot\u00e1ra h\u00edvja fel a figyelmet. Jobb utakat akarunk! De addig is, nevess\u00fcnk a rosszakon!<\/strong><\/p>\n<p><!--more--><\/p>\n<p>Az elm\u00falt k\u00e9t \u00e9vben nem meglep\u0151 m\u00f3don fellend\u00fclt a ker\u00e9kp\u00e1relad\u00e1s \u00e9s haszn\u00e1lat vil\u00e1gszerte, \u00e9s ez Lengyelorsz\u00e1gban sem volt m\u00e1sk\u00e9nt. Ez a n\u00f6veked\u00e9s az infrastrukt\u00fara \u00e1talak\u00edt\u00e1s\u00e1nak ig\u00e9ny\u00e9t hozta mag\u00e1val. 2020-ban az Orsz\u00e1gos \u00dat\u00fcgyi Alap 541,3 milli\u00f3 eur\u00f3t \u00edg\u00e9rt a 2021-2024 k\u00f6z\u00f6tti id\u0151szakra sz\u00f3l\u00f3 Biztons\u00e1gos k\u00f6z\u00fati infrastrukt\u00fara programra, hogy jav\u00edtsa az \u00fat- \u00e9s ker\u00e9kp\u00e1ros h\u00e1l\u00f3zatok \u00e1llapot\u00e1t Lengyelorsz\u00e1gban. A lengyel f\u0151v\u00e1ros, Vars\u00f3 t\u00f6bb \u00e9vtizedes lobbiz\u00e1s eredm\u00e9nyek\u00e9nt jelenleg mintegy 530 km ker\u00e9kp\u00e1r\u00fattal \u00e9s t\u00f6bb mint 250 ker\u00e9kp\u00e1rparkol\u00f3val b\u00fcszk\u00e9lkedhet. Rem\u00e9lhet\u0151leg hamarosan a gal\u00e9ri\u00e1ban szerepl\u0151 r\u00e9m\u00e1lom-utak is sorra ker\u00fclnek!<\/p>\n<h2><strong>1. J\u00f3sz\u00e1nd\u00e9kkal kik\u00f6vezve<\/strong><\/h2>\n<figure id=\"attachment_13090\" aria-describedby=\"caption-attachment-13090\" style=\"width: 640px\" class=\"wp-caption alignnone\"><a href=\"https:\/\/d2p6e6u75xmxt8.cloudfront.net\/12\/2021\/12\/SkaC582ka_6113c889c507d.jpg\"><img loading=\"lazy\" decoding=\"async\" class=\"wp-image-13090 size-full\" src=\"https:\/\/d2p6e6u75xmxt8.cloudfront.net\/12\/2021\/12\/SkaC582ka_6113c889c507d.jpg\" alt=\"Polish cycle lane\" width=\"640\" height=\"640\" srcset=\"https:\/\/d2p6e6u75xmxt8.cloudfront.net\/12\/2021\/12\/SkaC582ka_6113c889c507d.jpg 640w, https:\/\/d2p6e6u75xmxt8.cloudfront.net\/12\/2021\/12\/SkaC582ka_6113c889c507d-300x300.jpg 300w, https:\/\/d2p6e6u75xmxt8.cloudfront.net\/12\/2021\/12\/SkaC582ka_6113c889c507d-150x150.jpg 150w\" sizes=\"auto, (max-width: 640px) 100vw, 640px\" \/><\/a><figcaption id=\"caption-attachment-13090\" class=\"wp-caption-text\">Ma\u0142kowice<\/figcaption><\/figure>\n<h2><strong>2. Akkor most merre?<\/strong><\/h2>\n<figure id=\"attachment_13091\" aria-describedby=\"caption-attachment-13091\" style=\"width: 640px\" class=\"wp-caption alignnone\"><a href=\"https:\/\/d2p6e6u75xmxt8.cloudfront.net\/12\/2021\/12\/PoznaC5842CPoland_6113c4d058593.jpg\"><img loading=\"lazy\" decoding=\"async\" class=\"wp-image-13091\" src=\"https:\/\/d2p6e6u75xmxt8.cloudfront.net\/12\/2021\/12\/PoznaC5842CPoland_6113c4d058593.jpg\" alt=\"Poznan cycle lane\" width=\"640\" height=\"640\" srcset=\"https:\/\/d2p6e6u75xmxt8.cloudfront.net\/12\/2021\/12\/PoznaC5842CPoland_6113c4d058593.jpg 1440w, https:\/\/d2p6e6u75xmxt8.cloudfront.net\/12\/2021\/12\/PoznaC5842CPoland_6113c4d058593-300x300.jpg 300w, https:\/\/d2p6e6u75xmxt8.cloudfront.net\/12\/2021\/12\/PoznaC5842CPoland_6113c4d058593-1024x1024.jpg 1024w, https:\/\/d2p6e6u75xmxt8.cloudfront.net\/12\/2021\/12\/PoznaC5842CPoland_6113c4d058593-150x150.jpg 150w, https:\/\/d2p6e6u75xmxt8.cloudfront.net\/12\/2021\/12\/PoznaC5842CPoland_6113c4d058593-768x768.jpg 768w\" sizes=\"auto, (max-width: 640px) 100vw, 640px\" \/><\/a><figcaption id=\"caption-attachment-13091\" class=\"wp-caption-text\">Pozna\u0144<\/figcaption><\/figure>\n<h2><strong>3. Forgalmas utacska<\/strong><\/h2>\n<figure id=\"attachment_13092\" aria-describedby=\"caption-attachment-13092\" style=\"width: 640px\" class=\"wp-caption alignnone\"><a href=\"https:\/\/d2p6e6u75xmxt8.cloudfront.net\/12\/2021\/12\/RondoZesC582aC584cC3B3wSyberyjskich2CWarsaw2CPoland.Yes2Cthesestairsarereallyapartofthebikelane._6113b9c80aee3.jpg\"><img loading=\"lazy\" decoding=\"async\" class=\"wp-image-13092\" src=\"https:\/\/d2p6e6u75xmxt8.cloudfront.net\/12\/2021\/12\/RondoZesC582aC584cC3B3wSyberyjskich2CWarsaw2CPoland.Yes2Cthesestairsarereallyapartofthebikelane._6113b9c80aee3.jpg\" alt=\"Poland cycle lane\" width=\"640\" height=\"640\" srcset=\"https:\/\/d2p6e6u75xmxt8.cloudfront.net\/12\/2021\/12\/RondoZesC582aC584cC3B3wSyberyjskich2CWarsaw2CPoland.Yes2Cthesestairsarereallyapartofthebikelane._6113b9c80aee3.jpg 1175w, https:\/\/d2p6e6u75xmxt8.cloudfront.net\/12\/2021\/12\/RondoZesC582aC584cC3B3wSyberyjskich2CWarsaw2CPoland.Yes2Cthesestairsarereallyapartofthebikelane._6113b9c80aee3-300x300.jpg 300w, https:\/\/d2p6e6u75xmxt8.cloudfront.net\/12\/2021\/12\/RondoZesC582aC584cC3B3wSyberyjskich2CWarsaw2CPoland.Yes2Cthesestairsarereallyapartofthebikelane._6113b9c80aee3-1024x1024.jpg 1024w, https:\/\/d2p6e6u75xmxt8.cloudfront.net\/12\/2021\/12\/RondoZesC582aC584cC3B3wSyberyjskich2CWarsaw2CPoland.Yes2Cthesestairsarereallyapartofthebikelane._6113b9c80aee3-150x150.jpg 150w, https:\/\/d2p6e6u75xmxt8.cloudfront.net\/12\/2021\/12\/RondoZesC582aC584cC3B3wSyberyjskich2CWarsaw2CPoland.Yes2Cthesestairsarereallyapartofthebikelane._6113b9c80aee3-768x768.jpg 768w\" sizes=\"auto, (max-width: 640px) 100vw, 640px\" \/><\/a><figcaption id=\"caption-attachment-13092\" class=\"wp-caption-text\">Warsaw<\/figcaption><\/figure>\n<h2><strong>4. A biztons\u00e1g az els\u0151!<\/strong><\/h2>\n<figure id=\"attachment_13093\" aria-describedby=\"caption-attachment-13093\" style=\"width: 640px\" class=\"wp-caption alignnone\"><a href=\"https:\/\/d2p6e6u75xmxt8.cloudfront.net\/12\/2021\/12\/Ultimatesafety_61248e356b409.jpg\"><img loading=\"lazy\" decoding=\"async\" class=\"wp-image-13093\" src=\"https:\/\/d2p6e6u75xmxt8.cloudfront.net\/12\/2021\/12\/Ultimatesafety_61248e356b409.jpg\" alt=\"Trzebnica cycle lane\" width=\"640\" height=\"640\" srcset=\"https:\/\/d2p6e6u75xmxt8.cloudfront.net\/12\/2021\/12\/Ultimatesafety_61248e356b409.jpg 576w, https:\/\/d2p6e6u75xmxt8.cloudfront.net\/12\/2021\/12\/Ultimatesafety_61248e356b409-300x300.jpg 300w, https:\/\/d2p6e6u75xmxt8.cloudfront.net\/12\/2021\/12\/Ultimatesafety_61248e356b409-150x150.jpg 150w\" sizes=\"auto, (max-width: 640px) 100vw, 640px\" \/><\/a><figcaption id=\"caption-attachment-13093\" class=\"wp-caption-text\">Trzebnica<\/figcaption><\/figure>\n<h2><strong>5. AAAaaAaaAaa<\/strong><\/h2>\n<figure id=\"attachment_13094\" aria-describedby=\"caption-attachment-13094\" style=\"width: 640px\" class=\"wp-caption alignnone\"><a href=\"https:\/\/d2p6e6u75xmxt8.cloudfront.net\/12\/2021\/12\/Inflanckastreet2CC581C3B3dC5BAPoland_61241b8904762.jpg\"><img loading=\"lazy\" decoding=\"async\" class=\"wp-image-13094\" src=\"https:\/\/d2p6e6u75xmxt8.cloudfront.net\/12\/2021\/12\/Inflanckastreet2CC581C3B3dC5BAPoland_61241b8904762.jpg\" alt=\"\u0141\u00f3d\u017a cycle lane\" width=\"640\" height=\"640\" srcset=\"https:\/\/d2p6e6u75xmxt8.cloudfront.net\/12\/2021\/12\/Inflanckastreet2CC581C3B3dC5BAPoland_61241b8904762.jpg 916w, https:\/\/d2p6e6u75xmxt8.cloudfront.net\/12\/2021\/12\/Inflanckastreet2CC581C3B3dC5BAPoland_61241b8904762-300x300.jpg 300w, https:\/\/d2p6e6u75xmxt8.cloudfront.net\/12\/2021\/12\/Inflanckastreet2CC581C3B3dC5BAPoland_61241b8904762-150x150.jpg 150w, https:\/\/d2p6e6u75xmxt8.cloudfront.net\/12\/2021\/12\/Inflanckastreet2CC581C3B3dC5BAPoland_61241b8904762-768x768.jpg 768w\" sizes=\"auto, (max-width: 640px) 100vw, 640px\" \/><\/a><figcaption id=\"caption-attachment-13094\" class=\"wp-caption-text\">\u0141\u00f3d\u017a<\/figcaption><\/figure>\n<h2><strong>6. Menj haza z\u00e1r\u00f3vonal, r\u00e9szeg vagy!<\/strong><\/h2>\n<figure id=\"attachment_13095\" aria-describedby=\"caption-attachment-13095\" style=\"width: 640px\" class=\"wp-caption alignnone\"><a href=\"https:\/\/d2p6e6u75xmxt8.cloudfront.net\/12\/2021\/12\/WrocC582aw2CPoland._6113d4c4445fa.jpg\"><img loading=\"lazy\" decoding=\"async\" class=\"wp-image-13095\" src=\"https:\/\/d2p6e6u75xmxt8.cloudfront.net\/12\/2021\/12\/WrocC582aw2CPoland._6113d4c4445fa.jpg\" alt=\"Wroc\u0142aw\" width=\"640\" height=\"640\" srcset=\"https:\/\/d2p6e6u75xmxt8.cloudfront.net\/12\/2021\/12\/WrocC582aw2CPoland._6113d4c4445fa.jpg 1504w, https:\/\/d2p6e6u75xmxt8.cloudfront.net\/12\/2021\/12\/WrocC582aw2CPoland._6113d4c4445fa-300x300.jpg 300w, https:\/\/d2p6e6u75xmxt8.cloudfront.net\/12\/2021\/12\/WrocC582aw2CPoland._6113d4c4445fa-1024x1024.jpg 1024w, https:\/\/d2p6e6u75xmxt8.cloudfront.net\/12\/2021\/12\/WrocC582aw2CPoland._6113d4c4445fa-150x150.jpg 150w, https:\/\/d2p6e6u75xmxt8.cloudfront.net\/12\/2021\/12\/WrocC582aw2CPoland._6113d4c4445fa-768x768.jpg 768w\" sizes=\"auto, (max-width: 640px) 100vw, 640px\" \/><\/a><figcaption id=\"caption-attachment-13095\" class=\"wp-caption-text\">Wroc\u0142aw<\/figcaption><\/figure>\n<h2><strong>7. Egy kis k\u00f6rforgalom<\/strong><\/h2>\n<figure id=\"attachment_13096\" aria-describedby=\"caption-attachment-13096\" style=\"width: 640px\" class=\"wp-caption alignnone\"><a href=\"https:\/\/d2p6e6u75xmxt8.cloudfront.net\/12\/2021\/12\/Poland_cycle_lane.jpg\"><img loading=\"lazy\" decoding=\"async\" class=\"size-full wp-image-13096\" src=\"https:\/\/d2p6e6u75xmxt8.cloudfront.net\/12\/2021\/12\/Poland_cycle_lane.jpg\" alt=\"Augustow cycle lane\" width=\"640\" height=\"640\" srcset=\"https:\/\/d2p6e6u75xmxt8.cloudfront.net\/12\/2021\/12\/Poland_cycle_lane.jpg 640w, https:\/\/d2p6e6u75xmxt8.cloudfront.net\/12\/2021\/12\/Poland_cycle_lane-300x300.jpg 300w, https:\/\/d2p6e6u75xmxt8.cloudfront.net\/12\/2021\/12\/Poland_cycle_lane-150x150.jpg 150w\" sizes=\"auto, (max-width: 640px) 100vw, 640px\" \/><\/a><figcaption id=\"caption-attachment-13096\" class=\"wp-caption-text\">August\u00f3w<\/figcaption><\/figure>\n<h2><strong>8. Itt \u00fagysem j\u00f6ssz \u00e1t!<\/strong><\/h2>\n<figure id=\"attachment_13097\" aria-describedby=\"caption-attachment-13097\" style=\"width: 640px\" class=\"wp-caption alignnone\"><a href=\"https:\/\/d2p6e6u75xmxt8.cloudfront.net\/12\/2021\/12\/Pointofnoreturn_6127db06b27a2.jpg\"><img loading=\"lazy\" decoding=\"async\" class=\"wp-image-13097\" src=\"https:\/\/d2p6e6u75xmxt8.cloudfront.net\/12\/2021\/12\/Pointofnoreturn_6127db06b27a2.jpg\" alt=\"Kolsko cycle lane\" width=\"640\" height=\"640\" srcset=\"https:\/\/d2p6e6u75xmxt8.cloudfront.net\/12\/2021\/12\/Pointofnoreturn_6127db06b27a2.jpg 733w, https:\/\/d2p6e6u75xmxt8.cloudfront.net\/12\/2021\/12\/Pointofnoreturn_6127db06b27a2-300x300.jpg 300w, https:\/\/d2p6e6u75xmxt8.cloudfront.net\/12\/2021\/12\/Pointofnoreturn_6127db06b27a2-150x150.jpg 150w\" sizes=\"auto, (max-width: 640px) 100vw, 640px\" \/><\/a><figcaption id=\"caption-attachment-13097\" class=\"wp-caption-text\">Kolsko<\/figcaption><\/figure>\n<h2><strong>9. Kacs\u00e1k el\u0151nyben! \ud83d\ude42<\/strong><\/h2>\n<figure id=\"attachment_13098\" aria-describedby=\"caption-attachment-13098\" style=\"width: 640px\" class=\"wp-caption alignnone\"><a href=\"https:\/\/d2p6e6u75xmxt8.cloudfront.net\/12\/2021\/12\/Andheremaybenottooabsurdist2Cbutquitefunny-inscription-Mergansers.Ridecarefully.Warsaw2CPoland_6113bb63642a9.jpg\"><img loading=\"lazy\" decoding=\"async\" class=\"size-full wp-image-13098\" src=\"https:\/\/d2p6e6u75xmxt8.cloudfront.net\/12\/2021\/12\/Andheremaybenottooabsurdist2Cbutquitefunny-inscription-Mergansers.Ridecarefully.Warsaw2CPoland_6113bb63642a9.jpg\" alt=\"Cycle lane Warsaw\" width=\"640\" height=\"640\" srcset=\"https:\/\/d2p6e6u75xmxt8.cloudfront.net\/12\/2021\/12\/Andheremaybenottooabsurdist2Cbutquitefunny-inscription-Mergansers.Ridecarefully.Warsaw2CPoland_6113bb63642a9.jpg 640w, https:\/\/d2p6e6u75xmxt8.cloudfront.net\/12\/2021\/12\/Andheremaybenottooabsurdist2Cbutquitefunny-inscription-Mergansers.Ridecarefully.Warsaw2CPoland_6113bb63642a9-300x300.jpg 300w, https:\/\/d2p6e6u75xmxt8.cloudfront.net\/12\/2021\/12\/Andheremaybenottooabsurdist2Cbutquitefunny-inscription-Mergansers.Ridecarefully.Warsaw2CPoland_6113bb63642a9-150x150.jpg 150w\" sizes=\"auto, (max-width: 640px) 100vw, 640px\" \/><\/a><figcaption id=\"caption-attachment-13098\" class=\"wp-caption-text\">Warsaw<\/figcaption><\/figure>\n<h2><strong>10. H\u00e1t, megj\u00f6tt\u00fcnk.<\/strong><\/h2>\n<figure id=\"attachment_13099\" aria-describedby=\"caption-attachment-13099\" style=\"width: 640px\" class=\"wp-caption alignnone\"><a href=\"https:\/\/d2p6e6u75xmxt8.cloudfront.net\/12\/2021\/12\/SkokprzezpC582otki28jumphurdles29_61410cc6bc028.jpg\"><img loading=\"lazy\" decoding=\"async\" class=\"wp-image-13099\" src=\"https:\/\/d2p6e6u75xmxt8.cloudfront.net\/12\/2021\/12\/SkokprzezpC582otki28jumphurdles29_61410cc6bc028.jpg\" alt=\"Warsaw cycle lane\" width=\"640\" height=\"640\" srcset=\"https:\/\/d2p6e6u75xmxt8.cloudfront.net\/12\/2021\/12\/SkokprzezpC582otki28jumphurdles29_61410cc6bc028.jpg 1200w, https:\/\/d2p6e6u75xmxt8.cloudfront.net\/12\/2021\/12\/SkokprzezpC582otki28jumphurdles29_61410cc6bc028-300x300.jpg 300w, https:\/\/d2p6e6u75xmxt8.cloudfront.net\/12\/2021\/12\/SkokprzezpC582otki28jumphurdles29_61410cc6bc028-1024x1024.jpg 1024w, https:\/\/d2p6e6u75xmxt8.cloudfront.net\/12\/2021\/12\/SkokprzezpC582otki28jumphurdles29_61410cc6bc028-150x150.jpg 150w, https:\/\/d2p6e6u75xmxt8.cloudfront.net\/12\/2021\/12\/SkokprzezpC582otki28jumphurdles29_61410cc6bc028-768x768.jpg 768w\" sizes=\"auto, (max-width: 640px) 100vw, 640px\" \/><\/a><figcaption id=\"caption-attachment-13099\" class=\"wp-caption-text\">Warsaw<\/figcaption><\/figure>\n","protected":false},"excerpt":{"rendered":"<p>Nem sokkal ezel\u0151tt a We Love Cycling brit k\u00e9pviselete mer\u00e9sz c\u00e9lt t\u0171z\u00f6tt ki maga el\u00e9: \u00f6sszegy\u0171jteni az orsz\u00e1g legrosszabb bringa\u00fatjait! [&hellip;]<\/p>\n","protected":false},"author":71,"featured_media":13101,"comment_status":"open","ping_status":"open","sticky":false,"template":"","format":"standard","meta":{"footnotes":""},"categories":[12],"tags":[],"global-categories":[],"class_list":["post-13089","post","type-post","status-publish","format-standard","has-post-thumbnail","hentry","category-kozosseg-es-kultura"],"yoast_head":"<!-- This site is optimized with the Yoast SEO Premium plugin v25.3 (Yoast SEO v25.9) - https:\/\/yoast.com\/wordpress\/plugins\/seo\/ -->\n<title>A 10 legrosszabb bicikli\u00fat Lengyelorsz\u00e1gban<\/title>\n<meta name=\"description\" content=\"Nem sokkal ezel\u0151tt a We Love Cycling brit k\u00e9pviselete mer\u00e9sz c\u00e9lt t\u0171z\u00f6tt ki maga el\u00e9: \u00f6sszegy\u0171jteni az orsz\u00e1g legrosszabb bringa\u00fatjait! Egy t\u00f6bb r\u00e9gi\u00f3ban is megval\u00f3sul\u00f3 kamp\u00e1ny r\u00e9szek\u00e9nt \u00e1llhatott \u00f6ssze az al\u00e1bbi gal\u00e9ria, mely a haszn\u00e1lhatatlan ker\u00e9kp\u00e1rutak \u00e1llapot\u00e1ra h\u00edvja fel a figyelmet. Jobb utakat akarunk! De addig is, nevess\u00fcnk a rosszakon!\" \/>\n<meta name=\"robots\" content=\"index, follow, max-snippet:-1, max-image-preview:large, max-video-preview:-1\" \/>\n<link rel=\"canonical\" href=\"https:\/\/www.welovecycling.com\/hu\/kozosseg-es-kultura\/a-tiz-legrosszabb-bicikliut-lengyelorszagban\/\" \/>\n<meta property=\"og:locale\" content=\"hu_HU\" \/>\n<meta property=\"og:type\" content=\"article\" \/>\n<meta property=\"og:title\" content=\"A 10 legrosszabb bicikli\u00fat Lengyelorsz\u00e1gban\" \/>\n<meta property=\"og:description\" content=\"Nem sokkal ezel\u0151tt a We Love Cycling brit k\u00e9pviselete mer\u00e9sz c\u00e9lt t\u0171z\u00f6tt ki maga el\u00e9: \u00f6sszegy\u0171jteni az orsz\u00e1g legrosszabb bringa\u00fatjait!\" \/>\n<meta property=\"og:url\" content=\"https:\/\/www.welovecycling.com\/hu\/kozosseg-es-kultura\/a-tiz-legrosszabb-bicikliut-lengyelorszagban\/\" \/>\n<meta property=\"og:site_name\" content=\"\u0160koda We Love Cycling - Magyarorsz\u00e1g\" \/>\n<meta property=\"article:publisher\" content=\"https:\/\/www.facebook.com\/WeLoveCyclingHungary\/\" \/>\n<meta property=\"article:published_time\" content=\"2021-12-11T06:00:41+00:00\" \/>\n<meta property=\"og:image\" content=\"https:\/\/d2p6e6u75xmxt8.cloudfront.net\/12\/2021\/12\/Poland-cycle-lane-CVR.jpg\" \/>\n\t<meta property=\"og:image:width\" content=\"1366\" \/>\n\t<meta property=\"og:image:height\" content=\"600\" \/>\n\t<meta property=\"og:image:type\" content=\"image\/jpeg\" \/>\n<meta name=\"author\" content=\"hegyizs\" \/>\n<meta name=\"twitter:card\" content=\"summary_large_image\" \/>\n<meta name=\"twitter:label1\" content=\"Written by\" \/>\n\t<meta name=\"twitter:data1\" content=\"WeLoveCycling\" \/>\n\t<meta name=\"twitter:label2\" content=\"Est. reading time\" \/>\n\t<meta name=\"twitter:data2\" content=\"5\" \/>\n<script type=\"application\/ld+json\" class=\"yoast-schema-graph\">{\"@context\":\"https:\/\/schema.org\",\"@graph\":[{\"@type\":\"WebPage\",\"@id\":\"https:\/\/www.welovecycling.com\/hu\/kozosseg-es-kultura\/a-tiz-legrosszabb-bicikliut-lengyelorszagban\/\",\"url\":\"https:\/\/www.welovecycling.com\/hu\/kozosseg-es-kultura\/a-tiz-legrosszabb-bicikliut-lengyelorszagban\/\",\"name\":\"A 10 legrosszabb bicikli\u00fat Lengyelorsz\u00e1gban\",\"isPartOf\":{\"@id\":\"https:\/\/www.welovecycling.com\/hu\/#website\"},\"primaryImageOfPage\":{\"@id\":\"https:\/\/www.welovecycling.com\/hu\/kozosseg-es-kultura\/a-tiz-legrosszabb-bicikliut-lengyelorszagban\/#primaryimage\"},\"image\":{\"@id\":\"https:\/\/www.welovecycling.com\/hu\/kozosseg-es-kultura\/a-tiz-legrosszabb-bicikliut-lengyelorszagban\/#primaryimage\"},\"thumbnailUrl\":\"https:\/\/d2p6e6u75xmxt8.cloudfront.net\/12\/2021\/12\/Poland-cycle-lane-CVR.jpg\",\"datePublished\":\"2021-12-11T06:00:41+00:00\",\"author\":{\"@id\":\"https:\/\/www.welovecycling.com\/hu\/#\/schema\/person\/414a2aebf1801691a5320edb6468e194\"},\"description\":\"Nem sokkal ezel\u0151tt a We Love Cycling brit k\u00e9pviselete mer\u00e9sz c\u00e9lt t\u0171z\u00f6tt ki maga el\u00e9: \u00f6sszegy\u0171jteni az orsz\u00e1g legrosszabb bringa\u00fatjait! Egy t\u00f6bb r\u00e9gi\u00f3ban is megval\u00f3sul\u00f3 kamp\u00e1ny r\u00e9szek\u00e9nt \u00e1llhatott \u00f6ssze az al\u00e1bbi gal\u00e9ria, mely a haszn\u00e1lhatatlan ker\u00e9kp\u00e1rutak \u00e1llapot\u00e1ra h\u00edvja fel a figyelmet. Jobb utakat akarunk! De addig is, nevess\u00fcnk a rosszakon!\",\"breadcrumb\":{\"@id\":\"https:\/\/www.welovecycling.com\/hu\/kozosseg-es-kultura\/a-tiz-legrosszabb-bicikliut-lengyelorszagban\/#breadcrumb\"},\"inLanguage\":\"hu\",\"potentialAction\":[{\"@type\":\"ReadAction\",\"target\":[\"https:\/\/www.welovecycling.com\/hu\/kozosseg-es-kultura\/a-tiz-legrosszabb-bicikliut-lengyelorszagban\/\"]}]},{\"@type\":\"ImageObject\",\"inLanguage\":\"hu\",\"@id\":\"https:\/\/www.welovecycling.com\/hu\/kozosseg-es-kultura\/a-tiz-legrosszabb-bicikliut-lengyelorszagban\/#primaryimage\",\"url\":\"https:\/\/d2p6e6u75xmxt8.cloudfront.net\/12\/2021\/12\/Poland-cycle-lane-CVR.jpg\",\"contentUrl\":\"https:\/\/d2p6e6u75xmxt8.cloudfront.net\/12\/2021\/12\/Poland-cycle-lane-CVR.jpg\",\"width\":1366,\"height\":600,\"caption\":\"Polish cycle lane\"},{\"@type\":\"BreadcrumbList\",\"@id\":\"https:\/\/www.welovecycling.com\/hu\/kozosseg-es-kultura\/a-tiz-legrosszabb-bicikliut-lengyelorszagban\/#breadcrumb\",\"itemListElement\":[{\"@type\":\"ListItem\",\"position\":1,\"name\":\"Home\",\"item\":\"https:\/\/www.welovecycling.com\/hu\/\"},{\"@type\":\"ListItem\",\"position\":2,\"name\":\"A 10 legrosszabb bicikli\u00fat Lengyelorsz\u00e1gban\"}]},{\"@type\":\"WebSite\",\"@id\":\"https:\/\/www.welovecycling.com\/hu\/#website\",\"url\":\"https:\/\/www.welovecycling.com\/hu\/\",\"name\":\"\u0160koda We Love Cycling - Magyarorsz\u00e1g\",\"description\":\"\u0160koda WeLoveCycling\",\"potentialAction\":[{\"@type\":\"SearchAction\",\"target\":{\"@type\":\"EntryPoint\",\"urlTemplate\":\"https:\/\/www.welovecycling.com\/hu\/?s={search_term_string}\"},\"query-input\":{\"@type\":\"PropertyValueSpecification\",\"valueRequired\":true,\"valueName\":\"search_term_string\"}}],\"inLanguage\":\"hu\"},{\"@type\":\"Person\",\"@id\":\"https:\/\/www.welovecycling.com\/hu\/#\/schema\/person\/414a2aebf1801691a5320edb6468e194\",\"name\":\"hegyizs\",\"image\":{\"@type\":\"ImageObject\",\"inLanguage\":\"hu\",\"@id\":\"https:\/\/www.welovecycling.com\/hu\/#\/schema\/person\/image\/\",\"url\":\"https:\/\/secure.gravatar.com\/avatar\/02cf8a7906b8cf90cecb4679defac7cfd33a1c2e3b88e4903d947f3bb58eedd3?s=96&d=mm&r=g\",\"contentUrl\":\"https:\/\/secure.gravatar.com\/avatar\/02cf8a7906b8cf90cecb4679defac7cfd33a1c2e3b88e4903d947f3bb58eedd3?s=96&d=mm&r=g\",\"caption\":\"hegyizs\"},\"url\":\"https:\/\/www.welovecycling.com\/hu\/author\/hegyizs\/\"}]}<\/script>\n<!-- \/ Yoast SEO Premium plugin. -->","yoast_head_json":{"title":"A 10 legrosszabb bicikli\u00fat Lengyelorsz\u00e1gban","description":"Nem sokkal ezel\u0151tt a We Love Cycling brit k\u00e9pviselete mer\u00e9sz c\u00e9lt t\u0171z\u00f6tt ki maga el\u00e9: \u00f6sszegy\u0171jteni az orsz\u00e1g legrosszabb bringa\u00fatjait! Egy t\u00f6bb r\u00e9gi\u00f3ban is megval\u00f3sul\u00f3 kamp\u00e1ny r\u00e9szek\u00e9nt \u00e1llhatott \u00f6ssze az al\u00e1bbi gal\u00e9ria, mely a haszn\u00e1lhatatlan ker\u00e9kp\u00e1rutak \u00e1llapot\u00e1ra h\u00edvja fel a figyelmet. Jobb utakat akarunk! De addig is, nevess\u00fcnk a rosszakon!","robots":{"index":"index","follow":"follow","max-snippet":"max-snippet:-1","max-image-preview":"max-image-preview:large","max-video-preview":"max-video-preview:-1"},"canonical":"https:\/\/www.welovecycling.com\/hu\/kozosseg-es-kultura\/a-tiz-legrosszabb-bicikliut-lengyelorszagban\/","og_locale":"hu_HU","og_type":"article","og_title":"A 10 legrosszabb bicikli\u00fat Lengyelorsz\u00e1gban","og_description":"Nem sokkal ezel\u0151tt a We Love Cycling brit k\u00e9pviselete mer\u00e9sz c\u00e9lt t\u0171z\u00f6tt ki maga el\u00e9: \u00f6sszegy\u0171jteni az orsz\u00e1g legrosszabb bringa\u00fatjait!","og_url":"https:\/\/www.welovecycling.com\/hu\/kozosseg-es-kultura\/a-tiz-legrosszabb-bicikliut-lengyelorszagban\/","og_site_name":"\u0160koda We Love Cycling - Magyarorsz\u00e1g","article_publisher":"https:\/\/www.facebook.com\/WeLoveCyclingHungary\/","article_published_time":"2021-12-11T06:00:41+00:00","og_image":[{"width":1366,"height":600,"url":"https:\/\/d2p6e6u75xmxt8.cloudfront.net\/12\/2021\/12\/Poland-cycle-lane-CVR.jpg","type":"image\/jpeg"}],"author":"hegyizs","twitter_card":"summary_large_image","twitter_misc":{"Written by":"WeLoveCycling","Est. reading time":"5"},"schema":{"@context":"https:\/\/schema.org","@graph":[{"@type":"WebPage","@id":"https:\/\/www.welovecycling.com\/hu\/kozosseg-es-kultura\/a-tiz-legrosszabb-bicikliut-lengyelorszagban\/","url":"https:\/\/www.welovecycling.com\/hu\/kozosseg-es-kultura\/a-tiz-legrosszabb-bicikliut-lengyelorszagban\/","name":"A 10 legrosszabb bicikli\u00fat Lengyelorsz\u00e1gban","isPartOf":{"@id":"https:\/\/www.welovecycling.com\/hu\/#website"},"primaryImageOfPage":{"@id":"https:\/\/www.welovecycling.com\/hu\/kozosseg-es-kultura\/a-tiz-legrosszabb-bicikliut-lengyelorszagban\/#primaryimage"},"image":{"@id":"https:\/\/www.welovecycling.com\/hu\/kozosseg-es-kultura\/a-tiz-legrosszabb-bicikliut-lengyelorszagban\/#primaryimage"},"thumbnailUrl":"https:\/\/d2p6e6u75xmxt8.cloudfront.net\/12\/2021\/12\/Poland-cycle-lane-CVR.jpg","datePublished":"2021-12-11T06:00:41+00:00","author":{"@id":"https:\/\/www.welovecycling.com\/hu\/#\/schema\/person\/414a2aebf1801691a5320edb6468e194"},"description":"Nem sokkal ezel\u0151tt a We Love Cycling brit k\u00e9pviselete mer\u00e9sz c\u00e9lt t\u0171z\u00f6tt ki maga el\u00e9: \u00f6sszegy\u0171jteni az orsz\u00e1g legrosszabb bringa\u00fatjait! Egy t\u00f6bb r\u00e9gi\u00f3ban is megval\u00f3sul\u00f3 kamp\u00e1ny r\u00e9szek\u00e9nt \u00e1llhatott \u00f6ssze az al\u00e1bbi gal\u00e9ria, mely a haszn\u00e1lhatatlan ker\u00e9kp\u00e1rutak \u00e1llapot\u00e1ra h\u00edvja fel a figyelmet. Jobb utakat akarunk! De addig is, nevess\u00fcnk a rosszakon!","breadcrumb":{"@id":"https:\/\/www.welovecycling.com\/hu\/kozosseg-es-kultura\/a-tiz-legrosszabb-bicikliut-lengyelorszagban\/#breadcrumb"},"inLanguage":"hu","potentialAction":[{"@type":"ReadAction","target":["https:\/\/www.welovecycling.com\/hu\/kozosseg-es-kultura\/a-tiz-legrosszabb-bicikliut-lengyelorszagban\/"]}]},{"@type":"ImageObject","inLanguage":"hu","@id":"https:\/\/www.welovecycling.com\/hu\/kozosseg-es-kultura\/a-tiz-legrosszabb-bicikliut-lengyelorszagban\/#primaryimage","url":"https:\/\/d2p6e6u75xmxt8.cloudfront.net\/12\/2021\/12\/Poland-cycle-lane-CVR.jpg","contentUrl":"https:\/\/d2p6e6u75xmxt8.cloudfront.net\/12\/2021\/12\/Poland-cycle-lane-CVR.jpg","width":1366,"height":600,"caption":"Polish cycle lane"},{"@type":"BreadcrumbList","@id":"https:\/\/www.welovecycling.com\/hu\/kozosseg-es-kultura\/a-tiz-legrosszabb-bicikliut-lengyelorszagban\/#breadcrumb","itemListElement":[{"@type":"ListItem","position":1,"name":"Home","item":"https:\/\/www.welovecycling.com\/hu\/"},{"@type":"ListItem","position":2,"name":"A 10 legrosszabb bicikli\u00fat Lengyelorsz\u00e1gban"}]},{"@type":"WebSite","@id":"https:\/\/www.welovecycling.com\/hu\/#website","url":"https:\/\/www.welovecycling.com\/hu\/","name":"\u0160koda We Love Cycling - Magyarorsz\u00e1g","description":"\u0160koda WeLoveCycling","potentialAction":[{"@type":"SearchAction","target":{"@type":"EntryPoint","urlTemplate":"https:\/\/www.welovecycling.com\/hu\/?s={search_term_string}"},"query-input":{"@type":"PropertyValueSpecification","valueRequired":true,"valueName":"search_term_string"}}],"inLanguage":"hu"},{"@type":"Person","@id":"https:\/\/www.welovecycling.com\/hu\/#\/schema\/person\/414a2aebf1801691a5320edb6468e194","name":"hegyizs","image":{"@type":"ImageObject","inLanguage":"hu","@id":"https:\/\/www.welovecycling.com\/hu\/#\/schema\/person\/image\/","url":"https:\/\/secure.gravatar.com\/avatar\/02cf8a7906b8cf90cecb4679defac7cfd33a1c2e3b88e4903d947f3bb58eedd3?s=96&d=mm&r=g","contentUrl":"https:\/\/secure.gravatar.com\/avatar\/02cf8a7906b8cf90cecb4679defac7cfd33a1c2e3b88e4903d947f3bb58eedd3?s=96&d=mm&r=g","caption":"hegyizs"},"url":"https:\/\/www.welovecycling.com\/hu\/author\/hegyizs\/"}]}},"_links":{"self":[{"href":"https:\/\/www.welovecycling.com\/hu\/wp-json\/wp\/v2\/posts\/13089","targetHints":{"allow":["GET"]}}],"collection":[{"href":"https:\/\/www.welovecycling.com\/hu\/wp-json\/wp\/v2\/posts"}],"about":[{"href":"https:\/\/www.welovecycling.com\/hu\/wp-json\/wp\/v2\/types\/post"}],"author":[{"embeddable":true,"href":"https:\/\/www.welovecycling.com\/hu\/wp-json\/wp\/v2\/users\/71"}],"replies":[{"embeddable":true,"href":"https:\/\/www.welovecycling.com\/hu\/wp-json\/wp\/v2\/comments?post=13089"}],"version-history":[{"count":2,"href":"https:\/\/www.welovecycling.com\/hu\/wp-json\/wp\/v2\/posts\/13089\/revisions"}],"predecessor-version":[{"id":13112,"href":"https:\/\/www.welovecycling.com\/hu\/wp-json\/wp\/v2\/posts\/13089\/revisions\/13112"}],"wp:featuredmedia":[{"embeddable":true,"href":"https:\/\/www.welovecycling.com\/hu\/wp-json\/wp\/v2\/media\/13101"}],"wp:attachment":[{"href":"https:\/\/www.welovecycling.com\/hu\/wp-json\/wp\/v2\/media?parent=13089"}],"wp:term":[{"taxonomy":"category","embeddable":true,"href":"https:\/\/www.welovecycling.com\/hu\/wp-json\/wp\/v2\/categories?post=13089"},{"taxonomy":"post_tag","embeddable":true,"href":"https:\/\/www.welovecycling.com\/hu\/wp-json\/wp\/v2\/tags?post=13089"},{"taxonomy":"global-categories","embeddable":true,"href":"https:\/\/www.welovecycling.com\/hu\/wp-json\/wp\/v2\/global-categories?post=13089"}],"curies":[{"name":"wp","href":"https:\/\/api.w.org\/{rel}","templated":true}]}}