{"id":13084,"date":"2021-12-08T08:00:37","date_gmt":"2021-12-08T06:00:37","guid":{"rendered":"https:\/\/www.welovecycling.com\/hu\/?p=13084"},"modified":"2021-12-03T12:55:09","modified_gmt":"2021-12-03T10:55:09","slug":"mit-varhatunk-a-2022-es-tour-de-france-utvonalatol","status":"publish","type":"post","link":"https:\/\/www.welovecycling.com\/hu\/orszaguti-kerekpar\/mit-varhatunk-a-2022-es-tour-de-france-utvonalatol\/","title":{"rendered":"Mit v\u00e1rhatunk a 2022-es Tour de France \u00fatvonal\u00e1t\u00f3l?"},"content":{"rendered":"<p><strong>Kihirdett\u00e9k a j\u00f6v\u0151 \u00e9vi Tour de France \u00fatvonal\u00e1t, \u00e9s \u00fagy t\u0171nik, mindenki egyet\u00e9rt abban, hogy minden adott egy klasszikus versenyhez. A Grand D\u00e9partra D\u00e1ni\u00e1ban ker\u00fcl sor, ahol tavaly is tervezt\u00e9k, miel\u0151tt a Covid hull\u00e1mai els\u00f6p\u00f6rt\u00e9k volna a szezont. Mint mindig, most is P\u00e1rizsban \u00e9r majd v\u00e9get, 3328 km ut\u00e1n.<\/strong><!--more--><\/p>\n<p>A hat hegyi szakasz n\u00e9gy hegyl\u00e1ncot &#8211; a Vog\u00e9zeket, az Alpokat, a K\u00f6z\u00e9p-hegys\u00e9get \u00e9s a Pireneusokat -\u00e9s \u00f6t cs\u00facsot foglal mag\u00e1ba (La Super Planche des Belles Filles, Col du Granon, Alpe d&#8217;Huez, Peyragudes \u00e9s a Hautacam), ami kett\u0151vel t\u00f6bb, mint 2021-ben. Az \u00fatvonalon egy alattomos macskak\u00f6ves szakasz is tal\u00e1lhat\u00f3, ami potenci\u00e1lis csapd\u00e1t jelent az \u00e9lre t\u00f6r\u0151 versenyz\u0151knek, illetve t\u00f6bb etap is lehet\u0151s\u00e9get ad majd \u00fcgyes sz\u00f6k\u00e9sekre, hogy az irgalmatlanul hossz\u00fa id\u0151futamokr\u00f3l ne is besz\u00e9lj\u00fcnk.<\/p>\n<p>Egy sz\u00f3val neh\u00e9z lesz. K\u00e9t sz\u00f3val nagyon neh\u00e9z.<\/p>\n<p><img loading=\"lazy\" decoding=\"async\" class=\"alignnone size-full wp-image-13085\" src=\"https:\/\/d2p6e6u75xmxt8.cloudfront.net\/12\/2021\/12\/TDF2022.jpeg\" alt=\"Tour de France 2022 Route\" width=\"1200\" height=\"1800\" srcset=\"https:\/\/d2p6e6u75xmxt8.cloudfront.net\/12\/2021\/12\/TDF2022.jpeg 1200w, https:\/\/d2p6e6u75xmxt8.cloudfront.net\/12\/2021\/12\/TDF2022-200x300.jpeg 200w, https:\/\/d2p6e6u75xmxt8.cloudfront.net\/12\/2021\/12\/TDF2022-683x1024.jpeg 683w, https:\/\/d2p6e6u75xmxt8.cloudfront.net\/12\/2021\/12\/TDF2022-768x1152.jpeg 768w, https:\/\/d2p6e6u75xmxt8.cloudfront.net\/12\/2021\/12\/TDF2022-1024x1536.jpeg 1024w\" sizes=\"auto, (max-width: 1200px) 100vw, 1200px\" \/><\/p>\n<p>Az idei Tour k\u00f6zel sem volt ennyire embert pr\u00f3b\u00e1l\u00f3, m\u00e9gis t\u00f6bben megk\u00fczd\u00f6ttek vele az \u00e1tlagosn\u00e1l. Hogy mi lehet ennek az oka? A fiatal \u00e9s siker\u00e9hes versenyz\u0151k gener\u00e1ci\u00f3ja, akik minden eddigin\u00e9l magasabbra tett\u00e9k a l\u00e9cet, az id\u0151sebbek pedig nem gy\u0151ztek leveg\u0151 ut\u00e1n kapkodni, ahogy pr\u00f3b\u00e1lt\u00e1k vel\u00fck tartani a l\u00e9p\u00e9st.<\/p>\n<p>\u00c9s ez \u00edgy van rendj\u00e9n. Ha a Tour k\u00f6nny\u0171 lenne, mindenki indulhatna rajta.<\/p>\n<p>Minden zords\u00e1ga ellen\u00e9re, a 2022-es \u00fatvonal h\u00e1rom bar\u00e1ts\u00e1gosabb szakasszal indul. A verseny j\u00falius elsej\u00e9n, egy s\u00edk, 13 km-es id\u0151futammal kezd\u0151dik Koppenh\u00e1ga utc\u00e1in. B\u00e1r az etap r\u00f6vid, m\u00e9gis fontos, hiszen aki itt megszerzi a s\u00e1rga trik\u00f3t, k\u00f6nnyen lehet, hogy m\u00e9g k\u00e9t szakasszal k\u00e9s\u0151bb is viselheti. Az ITT ut\u00e1n ugyanis k\u00e9t relat\u00edve s\u00edk etap j\u00f6n, amik val\u00f3sz\u00edn\u0171leg \u2013 \u00e9s rem\u00e9lhet\u0151leg \u2013 sprintben v\u00e9gz\u0151dnek majd. De persze tudjuk, hogy mindig v\u00e1rni kell a v\u00e1ratlant, sz\u00f3val ki tudja?<\/p>\n<figure id=\"attachment_13086\" aria-describedby=\"caption-attachment-13086\" style=\"width: 1280px\" class=\"wp-caption alignnone\"><img loading=\"lazy\" decoding=\"async\" class=\"wp-image-13086 size-full\" src=\"https:\/\/d2p6e6u75xmxt8.cloudfront.net\/12\/2021\/12\/pexels-grzegorz-4318250-1.jpg\" alt=\"Copenhagen\" width=\"1280\" height=\"853\" srcset=\"https:\/\/d2p6e6u75xmxt8.cloudfront.net\/12\/2021\/12\/pexels-grzegorz-4318250-1.jpg 1280w, https:\/\/d2p6e6u75xmxt8.cloudfront.net\/12\/2021\/12\/pexels-grzegorz-4318250-1-300x200.jpg 300w, https:\/\/d2p6e6u75xmxt8.cloudfront.net\/12\/2021\/12\/pexels-grzegorz-4318250-1-1024x682.jpg 1024w, https:\/\/d2p6e6u75xmxt8.cloudfront.net\/12\/2021\/12\/pexels-grzegorz-4318250-1-768x512.jpg 768w, https:\/\/d2p6e6u75xmxt8.cloudfront.net\/12\/2021\/12\/pexels-grzegorz-4318250-1-272x182.jpg 272w\" sizes=\"auto, (max-width: 1280px) 100vw, 1280px\" \/><figcaption id=\"caption-attachment-13086\" class=\"wp-caption-text\"><em>A verseny egy id\u0151futammal kezd\u0151dik Koppenh\u00e1g\u00e1ban.<\/em><\/figcaption><\/figure>\n<p>Ezut\u00e1n pihen\u0151nap k\u00f6vetkezik: a mez\u0151ny D\u00e1ni\u00e1b\u00f3l Franciaorsz\u00e1gba rep\u00fcl. A viszonylag b\u00e9k\u00e9s kezdet ut\u00e1n, j\u00f6n, aminek j\u00f6nnie kell. Az 5. szakaszon kezd\u0151dnek az izgalmak (vagy nem), a Lille-t\u0151l Arenberg Port du Hainaut-ig vezet\u0151 155 km-b\u0151l az utols\u00f3 76 km macskak\u00f6veken \u00e1t vezet. A versenyz\u0151k im\u00e1dkozni fognak a naps\u00fct\u00e9ses, sz\u00e1raz id\u0151\u00e9rt. B\u00e1rmilyen is lesz az id\u0151j\u00e1r\u00e1s, sok id\u0151t lehet itt elvesz\u00edteni \u00e9s nyerni, ha pedig esik, gyakorlatilag b\u00e1rmi megt\u00f6rt\u00e9nhet.<\/p>\n<p>K\u00e9t szakasszal k\u00e9s\u0151bb j\u00f6n az els\u0151 hegycs\u00facs, a La Super Planche des Belles Filles, ahova egy 7 km-es, 8,7%-os emelked\u0151 vezet fel. Nagyon kell majd figyelni\u00fck egym\u00e1sra a versenyz\u0151knek. A gy\u0151zelemre es\u00e9lytelenek is megszerezhetik itt a s\u00e1rga trik\u00f3t, hogy azt\u00e1n j\u00f3 darabig magukn\u00e1l is tarts\u00e1k. A k\u00f6vetkez\u0151 hegyi etap a 12. szakasz lesz, ami Brian\u00e7ont\u00f3l az Alpe d&#8217;Huezig tart, 166 km-en \u00e1t. H\u00e1rom hossz\u00fa \u00e9s neh\u00e9z m\u00e1sz\u00e1s alkotja a gyilkos szakaszt, aminek a Col du Galibier hegycs\u00facs az egyik h\u00f3h\u00e9ra. Lassan a verseny fel\u00e9n\u00e9l j\u00e1runk, \u00e9s egyel\u0151re nem val\u00f3sz\u00edn\u0171, hogy b\u00e1rmelyik csapat megtette volna a meghat\u00e1roz\u00f3 l\u00e9p\u00e9st a gy\u0151zelem fel\u00e9, de lehet, hogy lesz olyan, aki m\u00e1r \u00fagy \u00e9rzi, k\u00f6zeledik a pillanat.<\/p>\n<figure id=\"attachment_12358\" aria-describedby=\"caption-attachment-12358\" style=\"width: 1800px\" class=\"wp-caption alignnone\"><img loading=\"lazy\" decoding=\"async\" class=\"size-full wp-image-12358\" src=\"https:\/\/d2p6e6u75xmxt8.cloudfront.net\/12\/2021\/08\/profimedia-0619640037.jpg\" alt=\"Tadej Poga\u010dar\" width=\"1800\" height=\"1200\" srcset=\"https:\/\/d2p6e6u75xmxt8.cloudfront.net\/12\/2021\/08\/profimedia-0619640037.jpg 1800w, https:\/\/d2p6e6u75xmxt8.cloudfront.net\/12\/2021\/08\/profimedia-0619640037-300x200.jpg 300w, https:\/\/d2p6e6u75xmxt8.cloudfront.net\/12\/2021\/08\/profimedia-0619640037-1024x683.jpg 1024w, https:\/\/d2p6e6u75xmxt8.cloudfront.net\/12\/2021\/08\/profimedia-0619640037-768x512.jpg 768w, https:\/\/d2p6e6u75xmxt8.cloudfront.net\/12\/2021\/08\/profimedia-0619640037-1536x1024.jpg 1536w, https:\/\/d2p6e6u75xmxt8.cloudfront.net\/12\/2021\/08\/profimedia-0619640037-272x182.jpg 272w\" sizes=\"auto, (max-width: 1800px) 100vw, 1800px\" \/><figcaption id=\"caption-attachment-12358\" class=\"wp-caption-text\"><em>Wouter Poels, Tadej Pogacar \u00e9s Mark Cavendish a 2021-es TdF 9. szakasza el\u0151tt. \u00a9 Profimedia<\/em><\/figcaption><\/figure>\n<p>Azt hissz\u00fck, a Tour a 18. szakaszon d\u0151lhet el, a Lourdes-t\u0151l a Hautacamig tart\u00f3, 143 km-es etapon. H\u00e1rom h\u00e9t f\u00e1raszt\u00f3 versenyz\u00e9s ut\u00e1n \u00e1ll rajthoz a mez\u0151ny egy olyan szakasz el\u0151tt, ami h\u00e1rom kem\u00e9ny emelked\u0151t tartalmaz, k\u00f6zt\u00fck a v\u00e9gs\u0151 m\u00e1sz\u00e1st, ami egy 13,6 km hossz\u00fa 7,6%-os hegyoldal. Az \u00e1ll\u00f3k\u00e9pess\u00e9g \u00e9s az akarater\u0151 pr\u00f3b\u00e1ja lesz ez. Az utols\u00f3 lehet\u0151s\u00e9g, hogy a versenyz\u0151k lehagyj\u00e1k a k\u00e9tszeres bajnokot, Tadej Poga\u010dart \u2013 a 20. szakasz ugyanis egy 40 km-es id\u0151m\u00e9r\u0151, Lacapelle Marivale-t\u0151l Rocamadour-ig, ami egy 1,5 km-es, 7,8%-os emelked\u0151vel v\u00e9gz\u0151dik, \u00e9s ugye mindenki eml\u00e9kszik, hogyan vette \u00e1t egy ugyanilyen szakaszon a vezet\u00e9st Poga\u010dar 2020-ban.<\/p>\n<p>A rossz h\u00edr a tr\u00f3nfoszt\u00f3k sz\u00e1m\u00e1ra, hogy Poga\u010dar szereti a 2022-es \u00fatvonalat. Ennek ellen\u00e9re lehet, hogy a szt\u00e1rnak nem lesz semmi es\u00e9lye a j\u00f6v\u0151 \u00e9vi versenyen. Hogy mi\u00e9rt? Mert ahogy mondtuk, a Tour-on b\u00e1rmi megt\u00f6rt\u00e9nhet.<\/p>\n","protected":false},"excerpt":{"rendered":"<p>Kihirdett\u00e9k a j\u00f6v\u0151 \u00e9vi Tour de France \u00fatvonal\u00e1t, \u00e9s \u00fagy t\u0171nik, mindenki egyet\u00e9rt abban, hogy minden adott egy klasszikus versenyhez. [&hellip;]<\/p>\n","protected":false},"author":71,"featured_media":13088,"comment_status":"open","ping_status":"open","sticky":false,"template":"","format":"standard","meta":{"footnotes":""},"categories":[8],"tags":[],"global-categories":[],"class_list":["post-13084","post","type-post","status-publish","format-standard","has-post-thumbnail","hentry","category-orszaguti-kerekpar"],"yoast_head":"<!-- This site is optimized with the Yoast SEO Premium plugin v25.3 (Yoast SEO v25.9) - https:\/\/yoast.com\/wordpress\/plugins\/seo\/ -->\n<title>Mit v\u00e1rhatunk a 2022-es Tour de France \u00fatvonal\u00e1t\u00f3l?<\/title>\n<meta name=\"description\" content=\"Kihirdett\u00e9k a j\u00f6v\u0151 \u00e9vi Tour de France \u00fatvonal\u00e1t, \u00e9s \u00fagy t\u0171nik, mindenki egyet\u00e9rt abban, hogy minden adott egy klasszikus versenyhez. A Grand D\u00e9partra D\u00e1ni\u00e1ban ker\u00fcl sor, ahol tavaly is tervezt\u00e9k, miel\u0151tt a Covid hull\u00e1mai els\u00f6p\u00f6rt\u00e9k volna a szezont. Mint mindig, most is P\u00e1rizsban \u00e9r majd v\u00e9get, 3328 km ut\u00e1n.\" \/>\n<meta name=\"robots\" content=\"index, follow, max-snippet:-1, max-image-preview:large, max-video-preview:-1\" \/>\n<link rel=\"canonical\" href=\"https:\/\/www.welovecycling.com\/hu\/orszaguti-kerekpar\/mit-varhatunk-a-2022-es-tour-de-france-utvonalatol\/\" \/>\n<meta property=\"og:locale\" content=\"hu_HU\" \/>\n<meta property=\"og:type\" content=\"article\" \/>\n<meta property=\"og:title\" content=\"Mit v\u00e1rhatunk a 2022-es Tour de France \u00fatvonal\u00e1t\u00f3l?\" \/>\n<meta property=\"og:description\" content=\"Kihirdett\u00e9k a j\u00f6v\u0151 \u00e9vi Tour de France \u00fatvonal\u00e1t, \u00e9s \u00fagy t\u0171nik, mindenki egyet\u00e9rt abban, hogy minden adott egy klasszikus versenyhez. A Grand D\u00e9partra D\u00e1ni\u00e1ban ker\u00fcl sor, ahol tavaly is tervezt\u00e9k, miel\u0151tt a Covid hull\u00e1mai els\u00f6p\u00f6rt\u00e9k volna a szezont. Mint mindig, most is P\u00e1rizsban \u00e9r majd v\u00e9get, 3328 km ut\u00e1n.\" \/>\n<meta property=\"og:url\" content=\"https:\/\/www.welovecycling.com\/hu\/orszaguti-kerekpar\/mit-varhatunk-a-2022-es-tour-de-france-utvonalatol\/\" \/>\n<meta property=\"og:site_name\" content=\"\u0160koda We Love Cycling - Magyarorsz\u00e1g\" \/>\n<meta property=\"article:publisher\" content=\"https:\/\/www.facebook.com\/WeLoveCyclingHungary\/\" \/>\n<meta property=\"article:published_time\" content=\"2021-12-08T06:00:37+00:00\" \/>\n<meta property=\"og:image\" content=\"https:\/\/d2p6e6u75xmxt8.cloudfront.net\/12\/2021\/12\/Christian-Prudhomme-CVR-profimedia-0638006219.jpg\" \/>\n\t<meta property=\"og:image:width\" content=\"1366\" \/>\n\t<meta property=\"og:image:height\" content=\"600\" \/>\n\t<meta property=\"og:image:type\" content=\"image\/jpeg\" \/>\n<meta name=\"author\" content=\"hegyizs\" \/>\n<meta name=\"twitter:card\" content=\"summary_large_image\" \/>\n<meta name=\"twitter:label1\" content=\"Written by\" \/>\n\t<meta name=\"twitter:data1\" content=\"Siegfried Mortkowitz\" \/>\n\t<meta name=\"twitter:label2\" content=\"Est. reading time\" \/>\n\t<meta name=\"twitter:data2\" content=\"5\" \/>\n<script type=\"application\/ld+json\" class=\"yoast-schema-graph\">{\"@context\":\"https:\/\/schema.org\",\"@graph\":[{\"@type\":\"WebPage\",\"@id\":\"https:\/\/www.welovecycling.com\/hu\/orszaguti-kerekpar\/mit-varhatunk-a-2022-es-tour-de-france-utvonalatol\/\",\"url\":\"https:\/\/www.welovecycling.com\/hu\/orszaguti-kerekpar\/mit-varhatunk-a-2022-es-tour-de-france-utvonalatol\/\",\"name\":\"Mit v\u00e1rhatunk a 2022-es Tour de France \u00fatvonal\u00e1t\u00f3l?\",\"isPartOf\":{\"@id\":\"https:\/\/www.welovecycling.com\/hu\/#website\"},\"primaryImageOfPage\":{\"@id\":\"https:\/\/www.welovecycling.com\/hu\/orszaguti-kerekpar\/mit-varhatunk-a-2022-es-tour-de-france-utvonalatol\/#primaryimage\"},\"image\":{\"@id\":\"https:\/\/www.welovecycling.com\/hu\/orszaguti-kerekpar\/mit-varhatunk-a-2022-es-tour-de-france-utvonalatol\/#primaryimage\"},\"thumbnailUrl\":\"https:\/\/d2p6e6u75xmxt8.cloudfront.net\/12\/2021\/12\/Christian-Prudhomme-CVR-profimedia-0638006219.jpg\",\"datePublished\":\"2021-12-08T06:00:37+00:00\",\"author\":{\"@id\":\"https:\/\/www.welovecycling.com\/hu\/#\/schema\/person\/414a2aebf1801691a5320edb6468e194\"},\"description\":\"Kihirdett\u00e9k a j\u00f6v\u0151 \u00e9vi Tour de France \u00fatvonal\u00e1t, \u00e9s \u00fagy t\u0171nik, mindenki egyet\u00e9rt abban, hogy minden adott egy klasszikus versenyhez. A Grand D\u00e9partra D\u00e1ni\u00e1ban ker\u00fcl sor, ahol tavaly is tervezt\u00e9k, miel\u0151tt a Covid hull\u00e1mai els\u00f6p\u00f6rt\u00e9k volna a szezont. Mint mindig, most is P\u00e1rizsban \u00e9r majd v\u00e9get, 3328 km ut\u00e1n.\",\"breadcrumb\":{\"@id\":\"https:\/\/www.welovecycling.com\/hu\/orszaguti-kerekpar\/mit-varhatunk-a-2022-es-tour-de-france-utvonalatol\/#breadcrumb\"},\"inLanguage\":\"hu\",\"potentialAction\":[{\"@type\":\"ReadAction\",\"target\":[\"https:\/\/www.welovecycling.com\/hu\/orszaguti-kerekpar\/mit-varhatunk-a-2022-es-tour-de-france-utvonalatol\/\"]}]},{\"@type\":\"ImageObject\",\"inLanguage\":\"hu\",\"@id\":\"https:\/\/www.welovecycling.com\/hu\/orszaguti-kerekpar\/mit-varhatunk-a-2022-es-tour-de-france-utvonalatol\/#primaryimage\",\"url\":\"https:\/\/d2p6e6u75xmxt8.cloudfront.net\/12\/2021\/12\/Christian-Prudhomme-CVR-profimedia-0638006219.jpg\",\"contentUrl\":\"https:\/\/d2p6e6u75xmxt8.cloudfront.net\/12\/2021\/12\/Christian-Prudhomme-CVR-profimedia-0638006219.jpg\",\"width\":1366,\"height\":600,\"caption\":\"Christian Prudhomme\"},{\"@type\":\"BreadcrumbList\",\"@id\":\"https:\/\/www.welovecycling.com\/hu\/orszaguti-kerekpar\/mit-varhatunk-a-2022-es-tour-de-france-utvonalatol\/#breadcrumb\",\"itemListElement\":[{\"@type\":\"ListItem\",\"position\":1,\"name\":\"Home\",\"item\":\"https:\/\/www.welovecycling.com\/hu\/\"},{\"@type\":\"ListItem\",\"position\":2,\"name\":\"Mit v\u00e1rhatunk a 2022-es Tour de France \u00fatvonal\u00e1t\u00f3l?\"}]},{\"@type\":\"WebSite\",\"@id\":\"https:\/\/www.welovecycling.com\/hu\/#website\",\"url\":\"https:\/\/www.welovecycling.com\/hu\/\",\"name\":\"\u0160koda We Love Cycling - Magyarorsz\u00e1g\",\"description\":\"\u0160koda WeLoveCycling\",\"potentialAction\":[{\"@type\":\"SearchAction\",\"target\":{\"@type\":\"EntryPoint\",\"urlTemplate\":\"https:\/\/www.welovecycling.com\/hu\/?s={search_term_string}\"},\"query-input\":{\"@type\":\"PropertyValueSpecification\",\"valueRequired\":true,\"valueName\":\"search_term_string\"}}],\"inLanguage\":\"hu\"},{\"@type\":\"Person\",\"@id\":\"https:\/\/www.welovecycling.com\/hu\/#\/schema\/person\/414a2aebf1801691a5320edb6468e194\",\"name\":\"hegyizs\",\"image\":{\"@type\":\"ImageObject\",\"inLanguage\":\"hu\",\"@id\":\"https:\/\/www.welovecycling.com\/hu\/#\/schema\/person\/image\/\",\"url\":\"https:\/\/secure.gravatar.com\/avatar\/02cf8a7906b8cf90cecb4679defac7cfd33a1c2e3b88e4903d947f3bb58eedd3?s=96&d=mm&r=g\",\"contentUrl\":\"https:\/\/secure.gravatar.com\/avatar\/02cf8a7906b8cf90cecb4679defac7cfd33a1c2e3b88e4903d947f3bb58eedd3?s=96&d=mm&r=g\",\"caption\":\"hegyizs\"},\"url\":\"https:\/\/www.welovecycling.com\/hu\/author\/hegyizs\/\"}]}<\/script>\n<!-- \/ Yoast SEO Premium plugin. -->","yoast_head_json":{"title":"Mit v\u00e1rhatunk a 2022-es Tour de France \u00fatvonal\u00e1t\u00f3l?","description":"Kihirdett\u00e9k a j\u00f6v\u0151 \u00e9vi Tour de France \u00fatvonal\u00e1t, \u00e9s \u00fagy t\u0171nik, mindenki egyet\u00e9rt abban, hogy minden adott egy klasszikus versenyhez. A Grand D\u00e9partra D\u00e1ni\u00e1ban ker\u00fcl sor, ahol tavaly is tervezt\u00e9k, miel\u0151tt a Covid hull\u00e1mai els\u00f6p\u00f6rt\u00e9k volna a szezont. Mint mindig, most is P\u00e1rizsban \u00e9r majd v\u00e9get, 3328 km ut\u00e1n.","robots":{"index":"index","follow":"follow","max-snippet":"max-snippet:-1","max-image-preview":"max-image-preview:large","max-video-preview":"max-video-preview:-1"},"canonical":"https:\/\/www.welovecycling.com\/hu\/orszaguti-kerekpar\/mit-varhatunk-a-2022-es-tour-de-france-utvonalatol\/","og_locale":"hu_HU","og_type":"article","og_title":"Mit v\u00e1rhatunk a 2022-es Tour de France \u00fatvonal\u00e1t\u00f3l?","og_description":"Kihirdett\u00e9k a j\u00f6v\u0151 \u00e9vi Tour de France \u00fatvonal\u00e1t, \u00e9s \u00fagy t\u0171nik, mindenki egyet\u00e9rt abban, hogy minden adott egy klasszikus versenyhez. A Grand D\u00e9partra D\u00e1ni\u00e1ban ker\u00fcl sor, ahol tavaly is tervezt\u00e9k, miel\u0151tt a Covid hull\u00e1mai els\u00f6p\u00f6rt\u00e9k volna a szezont. Mint mindig, most is P\u00e1rizsban \u00e9r majd v\u00e9get, 3328 km ut\u00e1n.","og_url":"https:\/\/www.welovecycling.com\/hu\/orszaguti-kerekpar\/mit-varhatunk-a-2022-es-tour-de-france-utvonalatol\/","og_site_name":"\u0160koda We Love Cycling - Magyarorsz\u00e1g","article_publisher":"https:\/\/www.facebook.com\/WeLoveCyclingHungary\/","article_published_time":"2021-12-08T06:00:37+00:00","og_image":[{"width":1366,"height":600,"url":"https:\/\/d2p6e6u75xmxt8.cloudfront.net\/12\/2021\/12\/Christian-Prudhomme-CVR-profimedia-0638006219.jpg","type":"image\/jpeg"}],"author":"hegyizs","twitter_card":"summary_large_image","twitter_misc":{"Written by":"Siegfried Mortkowitz","Est. reading time":"5"},"schema":{"@context":"https:\/\/schema.org","@graph":[{"@type":"WebPage","@id":"https:\/\/www.welovecycling.com\/hu\/orszaguti-kerekpar\/mit-varhatunk-a-2022-es-tour-de-france-utvonalatol\/","url":"https:\/\/www.welovecycling.com\/hu\/orszaguti-kerekpar\/mit-varhatunk-a-2022-es-tour-de-france-utvonalatol\/","name":"Mit v\u00e1rhatunk a 2022-es Tour de France \u00fatvonal\u00e1t\u00f3l?","isPartOf":{"@id":"https:\/\/www.welovecycling.com\/hu\/#website"},"primaryImageOfPage":{"@id":"https:\/\/www.welovecycling.com\/hu\/orszaguti-kerekpar\/mit-varhatunk-a-2022-es-tour-de-france-utvonalatol\/#primaryimage"},"image":{"@id":"https:\/\/www.welovecycling.com\/hu\/orszaguti-kerekpar\/mit-varhatunk-a-2022-es-tour-de-france-utvonalatol\/#primaryimage"},"thumbnailUrl":"https:\/\/d2p6e6u75xmxt8.cloudfront.net\/12\/2021\/12\/Christian-Prudhomme-CVR-profimedia-0638006219.jpg","datePublished":"2021-12-08T06:00:37+00:00","author":{"@id":"https:\/\/www.welovecycling.com\/hu\/#\/schema\/person\/414a2aebf1801691a5320edb6468e194"},"description":"Kihirdett\u00e9k a j\u00f6v\u0151 \u00e9vi Tour de France \u00fatvonal\u00e1t, \u00e9s \u00fagy t\u0171nik, mindenki egyet\u00e9rt abban, hogy minden adott egy klasszikus versenyhez. A Grand D\u00e9partra D\u00e1ni\u00e1ban ker\u00fcl sor, ahol tavaly is tervezt\u00e9k, miel\u0151tt a Covid hull\u00e1mai els\u00f6p\u00f6rt\u00e9k volna a szezont. Mint mindig, most is P\u00e1rizsban \u00e9r majd v\u00e9get, 3328 km ut\u00e1n.","breadcrumb":{"@id":"https:\/\/www.welovecycling.com\/hu\/orszaguti-kerekpar\/mit-varhatunk-a-2022-es-tour-de-france-utvonalatol\/#breadcrumb"},"inLanguage":"hu","potentialAction":[{"@type":"ReadAction","target":["https:\/\/www.welovecycling.com\/hu\/orszaguti-kerekpar\/mit-varhatunk-a-2022-es-tour-de-france-utvonalatol\/"]}]},{"@type":"ImageObject","inLanguage":"hu","@id":"https:\/\/www.welovecycling.com\/hu\/orszaguti-kerekpar\/mit-varhatunk-a-2022-es-tour-de-france-utvonalatol\/#primaryimage","url":"https:\/\/d2p6e6u75xmxt8.cloudfront.net\/12\/2021\/12\/Christian-Prudhomme-CVR-profimedia-0638006219.jpg","contentUrl":"https:\/\/d2p6e6u75xmxt8.cloudfront.net\/12\/2021\/12\/Christian-Prudhomme-CVR-profimedia-0638006219.jpg","width":1366,"height":600,"caption":"Christian Prudhomme"},{"@type":"BreadcrumbList","@id":"https:\/\/www.welovecycling.com\/hu\/orszaguti-kerekpar\/mit-varhatunk-a-2022-es-tour-de-france-utvonalatol\/#breadcrumb","itemListElement":[{"@type":"ListItem","position":1,"name":"Home","item":"https:\/\/www.welovecycling.com\/hu\/"},{"@type":"ListItem","position":2,"name":"Mit v\u00e1rhatunk a 2022-es Tour de France \u00fatvonal\u00e1t\u00f3l?"}]},{"@type":"WebSite","@id":"https:\/\/www.welovecycling.com\/hu\/#website","url":"https:\/\/www.welovecycling.com\/hu\/","name":"\u0160koda We Love Cycling - Magyarorsz\u00e1g","description":"\u0160koda WeLoveCycling","potentialAction":[{"@type":"SearchAction","target":{"@type":"EntryPoint","urlTemplate":"https:\/\/www.welovecycling.com\/hu\/?s={search_term_string}"},"query-input":{"@type":"PropertyValueSpecification","valueRequired":true,"valueName":"search_term_string"}}],"inLanguage":"hu"},{"@type":"Person","@id":"https:\/\/www.welovecycling.com\/hu\/#\/schema\/person\/414a2aebf1801691a5320edb6468e194","name":"hegyizs","image":{"@type":"ImageObject","inLanguage":"hu","@id":"https:\/\/www.welovecycling.com\/hu\/#\/schema\/person\/image\/","url":"https:\/\/secure.gravatar.com\/avatar\/02cf8a7906b8cf90cecb4679defac7cfd33a1c2e3b88e4903d947f3bb58eedd3?s=96&d=mm&r=g","contentUrl":"https:\/\/secure.gravatar.com\/avatar\/02cf8a7906b8cf90cecb4679defac7cfd33a1c2e3b88e4903d947f3bb58eedd3?s=96&d=mm&r=g","caption":"hegyizs"},"url":"https:\/\/www.welovecycling.com\/hu\/author\/hegyizs\/"}]}},"_links":{"self":[{"href":"https:\/\/www.welovecycling.com\/hu\/wp-json\/wp\/v2\/posts\/13084","targetHints":{"allow":["GET"]}}],"collection":[{"href":"https:\/\/www.welovecycling.com\/hu\/wp-json\/wp\/v2\/posts"}],"about":[{"href":"https:\/\/www.welovecycling.com\/hu\/wp-json\/wp\/v2\/types\/post"}],"author":[{"embeddable":true,"href":"https:\/\/www.welovecycling.com\/hu\/wp-json\/wp\/v2\/users\/71"}],"replies":[{"embeddable":true,"href":"https:\/\/www.welovecycling.com\/hu\/wp-json\/wp\/v2\/comments?post=13084"}],"version-history":[{"count":2,"href":"https:\/\/www.welovecycling.com\/hu\/wp-json\/wp\/v2\/posts\/13084\/revisions"}],"predecessor-version":[{"id":13111,"href":"https:\/\/www.welovecycling.com\/hu\/wp-json\/wp\/v2\/posts\/13084\/revisions\/13111"}],"wp:featuredmedia":[{"embeddable":true,"href":"https:\/\/www.welovecycling.com\/hu\/wp-json\/wp\/v2\/media\/13088"}],"wp:attachment":[{"href":"https:\/\/www.welovecycling.com\/hu\/wp-json\/wp\/v2\/media?parent=13084"}],"wp:term":[{"taxonomy":"category","embeddable":true,"href":"https:\/\/www.welovecycling.com\/hu\/wp-json\/wp\/v2\/categories?post=13084"},{"taxonomy":"post_tag","embeddable":true,"href":"https:\/\/www.welovecycling.com\/hu\/wp-json\/wp\/v2\/tags?post=13084"},{"taxonomy":"global-categories","embeddable":true,"href":"https:\/\/www.welovecycling.com\/hu\/wp-json\/wp\/v2\/global-categories?post=13084"}],"curies":[{"name":"wp","href":"https:\/\/api.w.org\/{rel}","templated":true}]}}