{"id":13080,"date":"2021-12-07T08:00:29","date_gmt":"2021-12-07T06:00:29","guid":{"rendered":"https:\/\/www.welovecycling.com\/hu\/?p=13080"},"modified":"2021-12-03T12:54:26","modified_gmt":"2021-12-03T10:54:26","slug":"heti-hany-ora-tekeres-eleg-a-gyozelemert","status":"publish","type":"post","link":"https:\/\/www.welovecycling.com\/hu\/edzes-es-eletmod\/heti-hany-ora-tekeres-eleg-a-gyozelemert\/","title":{"rendered":"Heti h\u00e1ny \u00f3ra teker\u00e9s el\u00e9g? \u2013 A gy\u0151zelem\u00e9rt"},"content":{"rendered":"<p><strong>Ha neked nem el\u00e9g a r\u00e9szv\u00e9tel\u00e9rt j\u00e1r\u00f3 elismer\u00e9s, hanem nyerni akarsz, ez a cikk neked sz\u00f3l. N\u00e9zz\u00fck meg heti h\u00e1ny \u00f3r\u00e1t kell sz\u00e1nnod a bicikliz\u00e9sre ahhoz, hogy el\u00e9rd a c\u00e9ljaidat \u00e9s milyen t\u00edpus\u00fa edz\u00e9sekre van sz\u00fcks\u00e9ged!<\/strong><!--more--><\/p>\n<p>A sorozat kor\u00e1bbi cikkeiben elmondtuk, hogy k\u00f6r\u00fclbel\u00fcl heti 3 \u00f3r\u00e1t kell nyeregben t\u00f6ltened a sz\u00edv-\u00e9s \u00e9rrendszered eg\u00e9szs\u00e9g\u00e9\u00e9rt, \u00e9s 6-10 \u00f3r\u00e1t, ha versenyeken szeretn\u00e9l r\u00e9szt venni. Ha pedig nem el\u00e9g, hogy teljes\u00edted a t\u00e1vot, hanem a dobog\u00f3ra is szeretn\u00e9l fel\u00e1llni, akkor t\u00fal kell l\u00e9pned a 10 \u00f3r\u00e1s hat\u00e1rt is.<\/p>\n<h2><strong>T\u00f6bb mint t\u00edz \u00f3ra hetente<\/strong><\/h2>\n<p>A konkr\u00e9t \u00f3rasz\u00e1m a megnyerni k\u00edv\u00e1nt esem\u00e9ny t\u00edpus\u00e1t\u00f3l \u00e9s att\u00f3l is f\u00fcgg, hogy a felk\u00e9sz\u00fcl\u00e9s melyik szakasz\u00e1ban j\u00e1rsz \u00e9ppen. A krit\u00e9rium versenyek \u00e9s a sprintek eset\u00e9ben lehet, hogy 10 \u00f3r\u00e1n\u00e1l kevesebb id\u0151 is el\u00e9g, de ha hosszabb szakaszra k\u00e9sz\u00fclsz, biztosan kelleni fog ennyi. Tekintsd ezt a 10 \u00f3r\u00e1t alap\u00e9rt\u00e9knek. Ha 2 h\u00f3napod van felk\u00e9sz\u00fclni a megm\u00e9rettet\u00e9sre, akkor val\u00f3sz\u00edn\u0171leg 12-15 \u00f3r\u00e1ra kell n\u00f6velned a heti \u00f3rasz\u00e1mot.<\/p>\n<figure id=\"attachment_6323\" aria-describedby=\"caption-attachment-6323\" style=\"width: 1250px\" class=\"wp-caption alignnone\"><img loading=\"lazy\" decoding=\"async\" class=\"size-full wp-image-6323\" src=\"https:\/\/d2p6e6u75xmxt8.cloudfront.net\/12\/2019\/12\/uci-women-profimedia-0462233206.jpg\" alt=\"Women Cycling\" width=\"1250\" height=\"833\" srcset=\"https:\/\/d2p6e6u75xmxt8.cloudfront.net\/12\/2019\/12\/uci-women-profimedia-0462233206.jpg 1250w, https:\/\/d2p6e6u75xmxt8.cloudfront.net\/12\/2019\/12\/uci-women-profimedia-0462233206-300x200.jpg 300w, https:\/\/d2p6e6u75xmxt8.cloudfront.net\/12\/2019\/12\/uci-women-profimedia-0462233206-768x512.jpg 768w, https:\/\/d2p6e6u75xmxt8.cloudfront.net\/12\/2019\/12\/uci-women-profimedia-0462233206-1024x682.jpg 1024w, https:\/\/d2p6e6u75xmxt8.cloudfront.net\/12\/2019\/12\/uci-women-profimedia-0462233206-272x182.jpg 272w\" sizes=\"auto, (max-width: 1250px) 100vw, 1250px\" \/><figcaption id=\"caption-attachment-6323\" class=\"wp-caption-text\"><em>Prudential RideLondon Classique \u00a9 Laura De Meo \/ Profimedia<\/em><\/figcaption><\/figure>\n<h2><strong>Tervezd meg el\u0151re a versenyszezonod!<\/strong><\/h2>\n<p>Term\u00e9szetesen a gy\u0151zelem nem csak az \u00f3r\u00e1k sz\u00e1m\u00e1n m\u00falik. Min\u00e9l ambici\u00f3zusabb c\u00e9lokat t\u0171z\u00f6l ki, ann\u00e1l pontosabban meg kell tervezned, hogyan t\u00f6lt\u00f6d ezeket a perceket. Tudnod kell, hogy milyen t\u00edpus\u00fa edz\u00e9sek ker\u00fclnek a reperto\u00e1rodba \u00e9s hogyan rendezd el ezeket, hogy beilleszkedjenek a versenyszezon egyes szakaszaiba.<\/p>\n<p>Valahogy \u00edgy fog kin\u00e9zni az \u00e9ved:<\/p>\n<p><strong>1. Alapoz\u00f3 szakasz:<\/strong> A felk\u00e9sz\u00fcl\u00e9s kor\u00e1bbi szakasz\u00e1ban az alap\u00e1llapotodat kell fejlesztened. A hangs\u00faly az izmok strapab\u00edr\u00f3 k\u00e9pess\u00e9g\u00e9n van. Ez a szakasz ak\u00e1r hat h\u00f3napig is eltarthat.<\/p>\n<p><strong>2. \u00c9p\u00edt\u0151 szakasz:<\/strong> Ahogy k\u00f6zeledik a verseny, \u00fagy kell egyre nagyobb hangs\u00falyt fektetned az er\u0151nl\u00e9tedre. Ez a szakasz 1-2 h\u00f3napig tart.<\/p>\n<p><strong>3. Cs\u00facsszakasz:<\/strong> M\u00e1r eg\u00e9szen k\u00f6zel a verseny id\u0151pontja. M\u00e9g 2-3 heted van n\u00f6velni a sebess\u00e9gedet, ehhez pedig a VO2 max \u00e9rt\u00e9k\u00e9t fokoz\u00f3 edz\u00e9sek a legjobbak.<\/p>\n<p><strong>4. Szinten tart\u00e1s:<\/strong> Az utols\u00f3 1-3 h\u00e9tben ne er\u0151ltesd meg magad. Cs\u00f6kkentsd az edz\u00e9sek intenzit\u00e1s\u00e1t, hogy friss legy\u00e9l a verseny napj\u00e1n!<\/p>\n<p><strong>5. Regener\u00e1ci\u00f3:<\/strong> Ha egy szezonban t\u00f6bb versenyen is indulsz, mindig hagyj magadnak 2-5 h\u00e9t sz\u00fcnetet kett\u0151 k\u00f6z\u00f6tt, hogy regener\u00e1l\u00f3dhass \u00e9s felk\u00e9sz\u00fclhess az \u00fajabb megm\u00e9rettet\u00e9sre.<\/p>\n<figure id=\"attachment_13081\" aria-describedby=\"caption-attachment-13081\" style=\"width: 1250px\" class=\"wp-caption alignnone\"><img loading=\"lazy\" decoding=\"async\" class=\"size-full wp-image-13081\" src=\"https:\/\/d2p6e6u75xmxt8.cloudfront.net\/12\/2021\/12\/Cyclocross-profimedia-0207145243.jpg\" alt=\"\" width=\"1250\" height=\"831\" srcset=\"https:\/\/d2p6e6u75xmxt8.cloudfront.net\/12\/2021\/12\/Cyclocross-profimedia-0207145243.jpg 1250w, https:\/\/d2p6e6u75xmxt8.cloudfront.net\/12\/2021\/12\/Cyclocross-profimedia-0207145243-300x199.jpg 300w, https:\/\/d2p6e6u75xmxt8.cloudfront.net\/12\/2021\/12\/Cyclocross-profimedia-0207145243-1024x681.jpg 1024w, https:\/\/d2p6e6u75xmxt8.cloudfront.net\/12\/2021\/12\/Cyclocross-profimedia-0207145243-768x511.jpg 768w, https:\/\/d2p6e6u75xmxt8.cloudfront.net\/12\/2021\/12\/Cyclocross-profimedia-0207145243-272x182.jpg 272w\" sizes=\"auto, (max-width: 1250px) 100vw, 1250px\" \/><figcaption id=\"caption-attachment-13081\" class=\"wp-caption-text\">A Three Peaks cyclocross versenyt minden \u00e9vben szeptember utols\u00f3 vas\u00e1rnapj\u00e1n rendezik meg Yorkshire Dalesben. \u00a9 Profimedia, Alamy<\/figcaption><\/figure>\n<h2>V\u00e1laszd ki a megfelel\u0151 edz\u00e9sform\u00e1t!<\/h2>\n<p>Ahhoz, hogy minden f\u00e1zist a megfelel\u0151 edz\u00e9st\u00edpusokkal t\u00f6lts fel, v\u00e1ltozatos reperto\u00e1rra lesz sz\u00fcks\u00e9g. Az \u00e9p\u00edt\u0151 szakaszban p\u00e9ld\u00e1ul sok-sok \u00f3r\u00e1t kell az \u00e1ll\u00f3k\u00e9pess\u00e9ged fejleszt\u00e9s\u00e9re ford\u00edtani. Ha t\u00f6bbf\u00e9le edz\u00e9st tudsz kital\u00e1lni, ami erre ir\u00e1nyul, akkor nem lesznek unalmasak a hossz\u00fa t\u00far\u00e1k. Fontosak p\u00e9ld\u00e1ul a j\u00f3l k\u00f6r\u00fclhat\u00e1rolt lakt\u00e1tk\u00fcsz\u00f6b-fejleszt\u0151 edz\u00e9sek. Ezek nagyon gyakran hi\u00e1nyoznak az amat\u0151r versenyz\u0151k k\u00e9szlet\u00e9b\u0151l, de \u00e9rdemes foglalkozni vel\u00fck, mert ha megtal\u00e1lod a megfelel\u0151 intenzit\u00e1st, nagyon hasznosak tudnak lenni!<\/p>\n<p>Ugyanez vonatkozik a VO2 max \u00e9rt\u00e9ket n\u00f6vel\u0151 \u00e9s a regener\u00e1l\u00f3 edz\u00e9sekre is. Ha nem fektetsz energi\u00e1t ezekbe, akkor hi\u00e1ba pr\u00f3b\u00e1lsz mindenkit lehagyni egy sprintszakaszon, \u00e9s val\u00f3sz\u00edn\u0171leg a fel\u00e9p\u00fcl\u00e9s is indokolatlanul hossz\u00fa ideig fog tartani. A regener\u00e1ci\u00f3 szakasz\u00e1ban t\u00fal keveset \u00e9s t\u00fal sokat is k\u00f6nny\u0171 mozogni. Azt javasoljuk, hogy az edz\u00e9sterv \u00f6ssze\u00e1ll\u00edt\u00e1sa ut\u00e1n k\u00e9rd ki egy szakember v\u00e9lem\u00e9ny\u00e9t!<\/p>\n<p>\u00c9s hogy mi a k\u00f6vetkez\u0151 l\u00e9p\u00e9s, miut\u00e1n megnyerted a v\u00e1lasztott versenyt? K\u00f6vetkez\u0151 cikk\u00fcnkben megn\u00e9zz\u00fck, heti h\u00e1ny \u00f3r\u00e1t edzenek a profik \u00e9s mi kell ahhoz, hogy amat\u0151r bajnokb\u00f3l elit ker\u00e9kp\u00e1ross\u00e1 v\u00e1lj!<\/p>\n","protected":false},"excerpt":{"rendered":"<p>Ha neked nem el\u00e9g a r\u00e9szv\u00e9tel\u00e9rt j\u00e1r\u00f3 elismer\u00e9s, hanem nyerni akarsz, ez a cikk neked sz\u00f3l. N\u00e9zz\u00fck meg heti h\u00e1ny [&hellip;]<\/p>\n","protected":false},"author":71,"featured_media":13083,"comment_status":"open","ping_status":"open","sticky":false,"template":"","format":"standard","meta":{"footnotes":""},"categories":[6],"tags":[],"global-categories":[],"class_list":["post-13080","post","type-post","status-publish","format-standard","has-post-thumbnail","hentry","category-edzes-es-eletmod"],"yoast_head":"<!-- This site is optimized with the Yoast SEO Premium plugin v25.3 (Yoast SEO v25.9) - https:\/\/yoast.com\/wordpress\/plugins\/seo\/ -->\n<title>Heti h\u00e1ny \u00f3ra teker\u00e9s el\u00e9g? \u2013 A gy\u0151zelem\u00e9rt<\/title>\n<meta name=\"description\" content=\"Ha neked nem el\u00e9g a r\u00e9szv\u00e9tel\u00e9rt j\u00e1r\u00f3 elismer\u00e9s, hanem nyerni akarsz, ez a cikk neked sz\u00f3l. N\u00e9zz\u00fck meg heti h\u00e1ny \u00f3r\u00e1t kell sz\u00e1nnod a bicikliz\u00e9sre ahhoz, hogy el\u00e9rd a c\u00e9ljaidat \u00e9s milyen t\u00edpus\u00fa edz\u00e9sekre van sz\u00fcks\u00e9ged!\" \/>\n<meta name=\"robots\" content=\"index, follow, max-snippet:-1, max-image-preview:large, max-video-preview:-1\" \/>\n<link rel=\"canonical\" href=\"https:\/\/www.welovecycling.com\/hu\/edzes-es-eletmod\/heti-hany-ora-tekeres-eleg-a-gyozelemert\/\" \/>\n<meta property=\"og:locale\" content=\"hu_HU\" \/>\n<meta property=\"og:type\" content=\"article\" \/>\n<meta property=\"og:title\" content=\"Heti h\u00e1ny \u00f3ra teker\u00e9s el\u00e9g? \u2013 A gy\u0151zelem\u00e9rt\" \/>\n<meta property=\"og:description\" content=\"Ha neked nem el\u00e9g a r\u00e9szv\u00e9tel\u00e9rt j\u00e1r\u00f3 elismer\u00e9s, hanem nyerni akarsz, ez a cikk neked sz\u00f3l. N\u00e9zz\u00fck meg heti h\u00e1ny \u00f3r\u00e1t kell sz\u00e1nnod a bicikliz\u00e9sre ahhoz, hogy el\u00e9rd a c\u00e9ljaidat \u00e9s milyen t\u00edpus\u00fa edz\u00e9sekre van sz\u00fcks\u00e9ged!\" \/>\n<meta property=\"og:url\" content=\"https:\/\/www.welovecycling.com\/hu\/edzes-es-eletmod\/heti-hany-ora-tekeres-eleg-a-gyozelemert\/\" \/>\n<meta property=\"og:site_name\" content=\"\u0160koda We Love Cycling - Magyarorsz\u00e1g\" \/>\n<meta property=\"article:publisher\" content=\"https:\/\/www.facebook.com\/WeLoveCyclingHungary\/\" \/>\n<meta property=\"article:published_time\" content=\"2021-12-07T06:00:29+00:00\" \/>\n<meta property=\"og:image\" content=\"https:\/\/d2p6e6u75xmxt8.cloudfront.net\/12\/2021\/12\/Women-peloton-UCI-World-Championships-profimedia-0388867067-CVR.jpg\" \/>\n\t<meta property=\"og:image:width\" content=\"1366\" \/>\n\t<meta property=\"og:image:height\" content=\"600\" \/>\n\t<meta property=\"og:image:type\" content=\"image\/jpeg\" \/>\n<meta name=\"author\" content=\"hegyizs\" \/>\n<meta name=\"twitter:card\" content=\"summary_large_image\" \/>\n<meta name=\"twitter:label1\" content=\"Written by\" \/>\n\t<meta name=\"twitter:data1\" content=\"Jiri Kaloc\" \/>\n\t<meta name=\"twitter:label2\" content=\"Est. reading time\" \/>\n\t<meta name=\"twitter:data2\" content=\"5\" \/>\n<script type=\"application\/ld+json\" class=\"yoast-schema-graph\">{\"@context\":\"https:\/\/schema.org\",\"@graph\":[{\"@type\":\"WebPage\",\"@id\":\"https:\/\/www.welovecycling.com\/hu\/edzes-es-eletmod\/heti-hany-ora-tekeres-eleg-a-gyozelemert\/\",\"url\":\"https:\/\/www.welovecycling.com\/hu\/edzes-es-eletmod\/heti-hany-ora-tekeres-eleg-a-gyozelemert\/\",\"name\":\"Heti h\u00e1ny \u00f3ra teker\u00e9s el\u00e9g? \u2013 A gy\u0151zelem\u00e9rt\",\"isPartOf\":{\"@id\":\"https:\/\/www.welovecycling.com\/hu\/#website\"},\"primaryImageOfPage\":{\"@id\":\"https:\/\/www.welovecycling.com\/hu\/edzes-es-eletmod\/heti-hany-ora-tekeres-eleg-a-gyozelemert\/#primaryimage\"},\"image\":{\"@id\":\"https:\/\/www.welovecycling.com\/hu\/edzes-es-eletmod\/heti-hany-ora-tekeres-eleg-a-gyozelemert\/#primaryimage\"},\"thumbnailUrl\":\"https:\/\/d2p6e6u75xmxt8.cloudfront.net\/12\/2021\/12\/Women-peloton-UCI-World-Championships-profimedia-0388867067-CVR.jpg\",\"datePublished\":\"2021-12-07T06:00:29+00:00\",\"author\":{\"@id\":\"https:\/\/www.welovecycling.com\/hu\/#\/schema\/person\/414a2aebf1801691a5320edb6468e194\"},\"description\":\"Ha neked nem el\u00e9g a r\u00e9szv\u00e9tel\u00e9rt j\u00e1r\u00f3 elismer\u00e9s, hanem nyerni akarsz, ez a cikk neked sz\u00f3l. N\u00e9zz\u00fck meg heti h\u00e1ny \u00f3r\u00e1t kell sz\u00e1nnod a bicikliz\u00e9sre ahhoz, hogy el\u00e9rd a c\u00e9ljaidat \u00e9s milyen t\u00edpus\u00fa edz\u00e9sekre van sz\u00fcks\u00e9ged!\",\"breadcrumb\":{\"@id\":\"https:\/\/www.welovecycling.com\/hu\/edzes-es-eletmod\/heti-hany-ora-tekeres-eleg-a-gyozelemert\/#breadcrumb\"},\"inLanguage\":\"hu\",\"potentialAction\":[{\"@type\":\"ReadAction\",\"target\":[\"https:\/\/www.welovecycling.com\/hu\/edzes-es-eletmod\/heti-hany-ora-tekeres-eleg-a-gyozelemert\/\"]}]},{\"@type\":\"ImageObject\",\"inLanguage\":\"hu\",\"@id\":\"https:\/\/www.welovecycling.com\/hu\/edzes-es-eletmod\/heti-hany-ora-tekeres-eleg-a-gyozelemert\/#primaryimage\",\"url\":\"https:\/\/d2p6e6u75xmxt8.cloudfront.net\/12\/2021\/12\/Women-peloton-UCI-World-Championships-profimedia-0388867067-CVR.jpg\",\"contentUrl\":\"https:\/\/d2p6e6u75xmxt8.cloudfront.net\/12\/2021\/12\/Women-peloton-UCI-World-Championships-profimedia-0388867067-CVR.jpg\",\"width\":1366,\"height\":600,\"caption\":\"n\"},{\"@type\":\"BreadcrumbList\",\"@id\":\"https:\/\/www.welovecycling.com\/hu\/edzes-es-eletmod\/heti-hany-ora-tekeres-eleg-a-gyozelemert\/#breadcrumb\",\"itemListElement\":[{\"@type\":\"ListItem\",\"position\":1,\"name\":\"Home\",\"item\":\"https:\/\/www.welovecycling.com\/hu\/\"},{\"@type\":\"ListItem\",\"position\":2,\"name\":\"Heti h\u00e1ny \u00f3ra teker\u00e9s el\u00e9g? \u2013 A gy\u0151zelem\u00e9rt\"}]},{\"@type\":\"WebSite\",\"@id\":\"https:\/\/www.welovecycling.com\/hu\/#website\",\"url\":\"https:\/\/www.welovecycling.com\/hu\/\",\"name\":\"\u0160koda We Love Cycling - Magyarorsz\u00e1g\",\"description\":\"\u0160koda WeLoveCycling\",\"potentialAction\":[{\"@type\":\"SearchAction\",\"target\":{\"@type\":\"EntryPoint\",\"urlTemplate\":\"https:\/\/www.welovecycling.com\/hu\/?s={search_term_string}\"},\"query-input\":{\"@type\":\"PropertyValueSpecification\",\"valueRequired\":true,\"valueName\":\"search_term_string\"}}],\"inLanguage\":\"hu\"},{\"@type\":\"Person\",\"@id\":\"https:\/\/www.welovecycling.com\/hu\/#\/schema\/person\/414a2aebf1801691a5320edb6468e194\",\"name\":\"hegyizs\",\"image\":{\"@type\":\"ImageObject\",\"inLanguage\":\"hu\",\"@id\":\"https:\/\/www.welovecycling.com\/hu\/#\/schema\/person\/image\/\",\"url\":\"https:\/\/secure.gravatar.com\/avatar\/02cf8a7906b8cf90cecb4679defac7cfd33a1c2e3b88e4903d947f3bb58eedd3?s=96&d=mm&r=g\",\"contentUrl\":\"https:\/\/secure.gravatar.com\/avatar\/02cf8a7906b8cf90cecb4679defac7cfd33a1c2e3b88e4903d947f3bb58eedd3?s=96&d=mm&r=g\",\"caption\":\"hegyizs\"},\"url\":\"https:\/\/www.welovecycling.com\/hu\/author\/hegyizs\/\"}]}<\/script>\n<!-- \/ Yoast SEO Premium plugin. -->","yoast_head_json":{"title":"Heti h\u00e1ny \u00f3ra teker\u00e9s el\u00e9g? \u2013 A gy\u0151zelem\u00e9rt","description":"Ha neked nem el\u00e9g a r\u00e9szv\u00e9tel\u00e9rt j\u00e1r\u00f3 elismer\u00e9s, hanem nyerni akarsz, ez a cikk neked sz\u00f3l. N\u00e9zz\u00fck meg heti h\u00e1ny \u00f3r\u00e1t kell sz\u00e1nnod a bicikliz\u00e9sre ahhoz, hogy el\u00e9rd a c\u00e9ljaidat \u00e9s milyen t\u00edpus\u00fa edz\u00e9sekre van sz\u00fcks\u00e9ged!","robots":{"index":"index","follow":"follow","max-snippet":"max-snippet:-1","max-image-preview":"max-image-preview:large","max-video-preview":"max-video-preview:-1"},"canonical":"https:\/\/www.welovecycling.com\/hu\/edzes-es-eletmod\/heti-hany-ora-tekeres-eleg-a-gyozelemert\/","og_locale":"hu_HU","og_type":"article","og_title":"Heti h\u00e1ny \u00f3ra teker\u00e9s el\u00e9g? \u2013 A gy\u0151zelem\u00e9rt","og_description":"Ha neked nem el\u00e9g a r\u00e9szv\u00e9tel\u00e9rt j\u00e1r\u00f3 elismer\u00e9s, hanem nyerni akarsz, ez a cikk neked sz\u00f3l. N\u00e9zz\u00fck meg heti h\u00e1ny \u00f3r\u00e1t kell sz\u00e1nnod a bicikliz\u00e9sre ahhoz, hogy el\u00e9rd a c\u00e9ljaidat \u00e9s milyen t\u00edpus\u00fa edz\u00e9sekre van sz\u00fcks\u00e9ged!","og_url":"https:\/\/www.welovecycling.com\/hu\/edzes-es-eletmod\/heti-hany-ora-tekeres-eleg-a-gyozelemert\/","og_site_name":"\u0160koda We Love Cycling - Magyarorsz\u00e1g","article_publisher":"https:\/\/www.facebook.com\/WeLoveCyclingHungary\/","article_published_time":"2021-12-07T06:00:29+00:00","og_image":[{"width":1366,"height":600,"url":"https:\/\/d2p6e6u75xmxt8.cloudfront.net\/12\/2021\/12\/Women-peloton-UCI-World-Championships-profimedia-0388867067-CVR.jpg","type":"image\/jpeg"}],"author":"hegyizs","twitter_card":"summary_large_image","twitter_misc":{"Written by":"Jiri Kaloc","Est. reading time":"5"},"schema":{"@context":"https:\/\/schema.org","@graph":[{"@type":"WebPage","@id":"https:\/\/www.welovecycling.com\/hu\/edzes-es-eletmod\/heti-hany-ora-tekeres-eleg-a-gyozelemert\/","url":"https:\/\/www.welovecycling.com\/hu\/edzes-es-eletmod\/heti-hany-ora-tekeres-eleg-a-gyozelemert\/","name":"Heti h\u00e1ny \u00f3ra teker\u00e9s el\u00e9g? \u2013 A gy\u0151zelem\u00e9rt","isPartOf":{"@id":"https:\/\/www.welovecycling.com\/hu\/#website"},"primaryImageOfPage":{"@id":"https:\/\/www.welovecycling.com\/hu\/edzes-es-eletmod\/heti-hany-ora-tekeres-eleg-a-gyozelemert\/#primaryimage"},"image":{"@id":"https:\/\/www.welovecycling.com\/hu\/edzes-es-eletmod\/heti-hany-ora-tekeres-eleg-a-gyozelemert\/#primaryimage"},"thumbnailUrl":"https:\/\/d2p6e6u75xmxt8.cloudfront.net\/12\/2021\/12\/Women-peloton-UCI-World-Championships-profimedia-0388867067-CVR.jpg","datePublished":"2021-12-07T06:00:29+00:00","author":{"@id":"https:\/\/www.welovecycling.com\/hu\/#\/schema\/person\/414a2aebf1801691a5320edb6468e194"},"description":"Ha neked nem el\u00e9g a r\u00e9szv\u00e9tel\u00e9rt j\u00e1r\u00f3 elismer\u00e9s, hanem nyerni akarsz, ez a cikk neked sz\u00f3l. N\u00e9zz\u00fck meg heti h\u00e1ny \u00f3r\u00e1t kell sz\u00e1nnod a bicikliz\u00e9sre ahhoz, hogy el\u00e9rd a c\u00e9ljaidat \u00e9s milyen t\u00edpus\u00fa edz\u00e9sekre van sz\u00fcks\u00e9ged!","breadcrumb":{"@id":"https:\/\/www.welovecycling.com\/hu\/edzes-es-eletmod\/heti-hany-ora-tekeres-eleg-a-gyozelemert\/#breadcrumb"},"inLanguage":"hu","potentialAction":[{"@type":"ReadAction","target":["https:\/\/www.welovecycling.com\/hu\/edzes-es-eletmod\/heti-hany-ora-tekeres-eleg-a-gyozelemert\/"]}]},{"@type":"ImageObject","inLanguage":"hu","@id":"https:\/\/www.welovecycling.com\/hu\/edzes-es-eletmod\/heti-hany-ora-tekeres-eleg-a-gyozelemert\/#primaryimage","url":"https:\/\/d2p6e6u75xmxt8.cloudfront.net\/12\/2021\/12\/Women-peloton-UCI-World-Championships-profimedia-0388867067-CVR.jpg","contentUrl":"https:\/\/d2p6e6u75xmxt8.cloudfront.net\/12\/2021\/12\/Women-peloton-UCI-World-Championships-profimedia-0388867067-CVR.jpg","width":1366,"height":600,"caption":"n"},{"@type":"BreadcrumbList","@id":"https:\/\/www.welovecycling.com\/hu\/edzes-es-eletmod\/heti-hany-ora-tekeres-eleg-a-gyozelemert\/#breadcrumb","itemListElement":[{"@type":"ListItem","position":1,"name":"Home","item":"https:\/\/www.welovecycling.com\/hu\/"},{"@type":"ListItem","position":2,"name":"Heti h\u00e1ny \u00f3ra teker\u00e9s el\u00e9g? \u2013 A gy\u0151zelem\u00e9rt"}]},{"@type":"WebSite","@id":"https:\/\/www.welovecycling.com\/hu\/#website","url":"https:\/\/www.welovecycling.com\/hu\/","name":"\u0160koda We Love Cycling - Magyarorsz\u00e1g","description":"\u0160koda WeLoveCycling","potentialAction":[{"@type":"SearchAction","target":{"@type":"EntryPoint","urlTemplate":"https:\/\/www.welovecycling.com\/hu\/?s={search_term_string}"},"query-input":{"@type":"PropertyValueSpecification","valueRequired":true,"valueName":"search_term_string"}}],"inLanguage":"hu"},{"@type":"Person","@id":"https:\/\/www.welovecycling.com\/hu\/#\/schema\/person\/414a2aebf1801691a5320edb6468e194","name":"hegyizs","image":{"@type":"ImageObject","inLanguage":"hu","@id":"https:\/\/www.welovecycling.com\/hu\/#\/schema\/person\/image\/","url":"https:\/\/secure.gravatar.com\/avatar\/02cf8a7906b8cf90cecb4679defac7cfd33a1c2e3b88e4903d947f3bb58eedd3?s=96&d=mm&r=g","contentUrl":"https:\/\/secure.gravatar.com\/avatar\/02cf8a7906b8cf90cecb4679defac7cfd33a1c2e3b88e4903d947f3bb58eedd3?s=96&d=mm&r=g","caption":"hegyizs"},"url":"https:\/\/www.welovecycling.com\/hu\/author\/hegyizs\/"}]}},"_links":{"self":[{"href":"https:\/\/www.welovecycling.com\/hu\/wp-json\/wp\/v2\/posts\/13080","targetHints":{"allow":["GET"]}}],"collection":[{"href":"https:\/\/www.welovecycling.com\/hu\/wp-json\/wp\/v2\/posts"}],"about":[{"href":"https:\/\/www.welovecycling.com\/hu\/wp-json\/wp\/v2\/types\/post"}],"author":[{"embeddable":true,"href":"https:\/\/www.welovecycling.com\/hu\/wp-json\/wp\/v2\/users\/71"}],"replies":[{"embeddable":true,"href":"https:\/\/www.welovecycling.com\/hu\/wp-json\/wp\/v2\/comments?post=13080"}],"version-history":[{"count":2,"href":"https:\/\/www.welovecycling.com\/hu\/wp-json\/wp\/v2\/posts\/13080\/revisions"}],"predecessor-version":[{"id":13110,"href":"https:\/\/www.welovecycling.com\/hu\/wp-json\/wp\/v2\/posts\/13080\/revisions\/13110"}],"wp:featuredmedia":[{"embeddable":true,"href":"https:\/\/www.welovecycling.com\/hu\/wp-json\/wp\/v2\/media\/13083"}],"wp:attachment":[{"href":"https:\/\/www.welovecycling.com\/hu\/wp-json\/wp\/v2\/media?parent=13080"}],"wp:term":[{"taxonomy":"category","embeddable":true,"href":"https:\/\/www.welovecycling.com\/hu\/wp-json\/wp\/v2\/categories?post=13080"},{"taxonomy":"post_tag","embeddable":true,"href":"https:\/\/www.welovecycling.com\/hu\/wp-json\/wp\/v2\/tags?post=13080"},{"taxonomy":"global-categories","embeddable":true,"href":"https:\/\/www.welovecycling.com\/hu\/wp-json\/wp\/v2\/global-categories?post=13080"}],"curies":[{"name":"wp","href":"https:\/\/api.w.org\/{rel}","templated":true}]}}