{"id":13075,"date":"2021-12-06T08:00:57","date_gmt":"2021-12-06T06:00:57","guid":{"rendered":"https:\/\/www.welovecycling.com\/hu\/?p=13075"},"modified":"2021-12-03T12:53:43","modified_gmt":"2021-12-03T10:53:43","slug":"ai-segit-a-maszkok-testreszabasaban","status":"publish","type":"post","link":"https:\/\/www.welovecycling.com\/hu\/edzes-es-eletmod\/ai-segit-a-maszkok-testreszabasaban\/","title":{"rendered":"AI seg\u00edt a maszkok testreszab\u00e1s\u00e1ban az edz\u00e9sform\u00e1t\u00f3l \u00e9s a leveg\u0151szennyezetts\u00e9g\u00e9t\u0151l f\u00fcgg\u0151en"},"content":{"rendered":"<p><strong>A j\u00e1rv\u00e1ny idej\u00e9n sok ker\u00e9kp\u00e1ros megtapasztalta, milyen maszkot viselni sportol\u00e1s k\u00f6zben. Tudjuk, hogy nem a legk\u00e9nyelmesebb, de fontos v\u00e9delmet ny\u00fajt nem csak neked, hanem m\u00e1soknak is. \u00c9s van egy j\u00f3 h\u00edr\u00fcnk! \u00cdg\u00e9retes kutat\u00e1sok \u00e9s fejleszt\u00e9sek zajlanak a maszkgy\u00e1rt\u00e1s ter\u00fclet\u00e9n, \u00e9s m\u00e1r eredm\u00e9ny\u00fck is van: l\u00e9trehoztak egy maszkot, amely k\u00e9pes alkalmazkodni a v\u00e1ltoz\u00f3 k\u00f6r\u00fclm\u00e9nyekhez: a testmozg\u00e1shoz \u00e9s a l\u00e9gszennyezetts\u00e9gi szinthez. \u00cdgy lehet\u0151v\u00e9 teszi, hogy a lehet\u0151 legk\u00f6nnyebben l\u00e9legezz.<\/strong><!--more--><\/p>\n<h2><strong>Szem\u00e9lyre szabott l\u00e9gz\u00e9s<\/strong><\/h2>\n<p>A maszkok nem csak a v\u00edrusok ellen v\u00e9denek, de a k\u00e1ros szennyez\u0151d\u00e9seket is sz\u0171rik. A probl\u00e9ma vel\u00fck az, hogy a kil\u00e9legzett h\u0151, p\u00e1ra \u00e9s rossz lehelet kellemetlen lehet, k\u00fcl\u00f6n\u00f6sen hosszabb edz\u00e9s sor\u00e1n. <a href=\"https:\/\/pubs.acs.org\/doi\/10.1021\/acsnano.1c06204\">Egy nemzetk\u00f6zi kutat\u00f3csoport olyan v\u00e1ltozatot szeretett volna megalkotni, ami automatikusan k\u00e9pes \u00e9rz\u00e9kelni a k\u00fcls\u0151 k\u00f6r\u00fclm\u00e9nyeket<\/a> \u00e9s be tudja \u00e1ll\u00edtani az ezeknek megfelel\u0151 sz\u0171r\u00e9si fokozatot.<\/p>\n<figure id=\"attachment_13077\" aria-describedby=\"caption-attachment-13077\" style=\"width: 980px\" class=\"wp-caption alignnone\"><img loading=\"lazy\" decoding=\"async\" class=\"size-full wp-image-13077\" src=\"https:\/\/d2p6e6u75xmxt8.cloudfront.net\/12\/2021\/12\/55778.JPG.jpg\" alt=\"\" width=\"980\" height=\"1167\" srcset=\"https:\/\/d2p6e6u75xmxt8.cloudfront.net\/12\/2021\/12\/55778.JPG.jpg 980w, https:\/\/d2p6e6u75xmxt8.cloudfront.net\/12\/2021\/12\/55778.JPG-252x300.jpg 252w, https:\/\/d2p6e6u75xmxt8.cloudfront.net\/12\/2021\/12\/55778.JPG-860x1024.jpg 860w, https:\/\/d2p6e6u75xmxt8.cloudfront.net\/12\/2021\/12\/55778.JPG-768x915.jpg 768w\" sizes=\"auto, (max-width: 980px) 100vw, 980px\" \/><figcaption id=\"caption-attachment-13077\" class=\"wp-caption-text\"><em>A dinamikus k\u00e9sz\u00fcl\u00e9k a v\u00e1ltoz\u00f3 k\u00f6r\u00fclm\u00e9nyek hat\u00e1s\u00e1ra mindig a megfelel\u0151 sz\u0171r\u00e9si szintet \u00e1ll\u00edtja be, megk\u00f6nny\u00edtve ezzel a l\u00e9gz\u00e9st. Egy \u00e1tl\u00e1tsz\u00f3 cs\u0151 k\u00f6ti \u00f6ssze a maszkot egy hordozhat\u00f3 eszk\u00f6zzel, ami egy sz\u00e1m\u00edt\u00f3g\u00e9ppel kommunik\u00e1l.<\/em><\/figcaption><\/figure>\n<p><em>\u201eA rendk\u00edv\u00fcl fert\u0151z\u0151 l\u00e9g\u00fati megbeteged\u00e9sek egyre gyakoribb megjelen\u00e9se \u00e9s a vil\u00e1gm\u00e9ret\u0171 l\u00e9gszennyezetts\u00e9g m\u00f6g\u00f6tt megh\u00faz\u00f3d\u00f3 probl\u00e9m\u00e1k egy\u00fcttesen n\u00f6velik a szem\u00e9lyre szabhat\u00f3 l\u00e9gz\u0151k\u00e9sz\u00fcl\u00e9kek fontoss\u00e1g\u00e1t\u201d<\/em> \u2013 magyar\u00e1zta a kutat\u00e1s vezet\u0151je, Seung Hwan Ko.<\/p>\n<h2><strong>Dinamikus l\u00e9gsz\u0171r\u0151<br \/>\n<\/strong><\/h2>\n<p>A probl\u00e9m\u00e1ra a kutat\u00f3k adapt\u00edv l\u00e9gz\u00e9sv\u00e9delemmel v\u00e1laszoltak, amely dinamikus l\u00e9gsz\u0171r\u0151k\u00f6n alapul, \u00e9s g\u00e9pi tanul\u00e1si algoritmusok vez\u00e9rlik. A sz\u0171r\u0151 mikrop\u00f3rusokkal rendelkezik, amik az anyag fesz\u00fcl\u00e9sekor kit\u00e1gulnak, \u00edgy t\u00f6bb leveg\u0151 tud rajtuk \u00e1tjutni. Ezzel jelent\u0151s n\u00f6veked\u00e9st tudtak el\u00e9rni a maszk l\u00e9g\u00e1tereszt\u0151 k\u00e9pess\u00e9g\u00e9t tekintve, \u00fagy, hogy mind\u00f6ssze 6%-os l\u00e9gz\u00e9si hat\u00e9konys\u00e1got vesz\u00edtettek. A sz\u0171r\u0151 egy \u00e9rz\u00e9kel\u0151t, l\u00e9gszivatty\u00fat \u00e9s mikrokontroller chipet tartalmaz\u00f3 hordozhat\u00f3 eszk\u00f6zh\u00f6z csatlakozik. Vezet\u00e9k n\u00e9lk\u00fcl kommunik\u00e1l egy mesters\u00e9ges intelligencia-szoftvert futtat\u00f3 k\u00fcls\u0151 sz\u00e1m\u00edt\u00f3g\u00e9ppel, amely reag\u00e1l a leveg\u0151ben l\u00e9v\u0151 r\u00e9szecsk\u00e9kre, valamint a maszk visel\u0151j\u00e9nek l\u00e9gz\u00e9s\u00e9nek v\u00e1ltoz\u00e1saira.<\/p>\n<div class=\"embed-controller-wrapper\">\n<div class=\"embed-wrapper\"><iframe title=\"Adaptive Machine Learned Respiratory Protection\" width=\"500\" height=\"281\" data-src=\"https:\/\/www.youtube.com\/embed\/lIeEsTQILPY?feature=oembed\" frameborder=\"0\" allow=\"accelerometer; autoplay; clipboard-write; encrypted-media; gyroscope; picture-in-picture; web-share\" referrerpolicy=\"strict-origin-when-cross-origin\" allowfullscreen><\/iframe><\/div>\n<\/div>\n<p>\u00dagy n\u00e9z ki, mint b\u00e1rmely m\u00e1sik maszk, lesz\u00e1m\u00edtva a k\u00e9t cs\u00f6vet, ami egy-egy gy\u0171r\u0171vel kapcsol\u00f3dik a k\u00e9t oldal\u00e1hoz. A k\u00f6r\u00fclm\u00e9nyek v\u00e1ltoz\u00e1s\u00e1val egyid\u0151ben ezek a cs\u00f6vek szab\u00e1lyozz\u00e1k a maszk l\u00e9g\u00e1tereszt\u0151k\u00e9pess\u00e9g\u00e9t. A sz\u0171r\u0151sz\u00f6vet ny\u00fajt\u00e1sa \u00e9s lazul\u00e1sa n\u00f6veli vagy cs\u00f6kkenti a l\u00e9g\u00e1raml\u00e1st. Ha szennyezett k\u00f6rnyezetben vagy, a leg\u00e1raml\u00e1s alacsonyabb lesz a nagyobb sz\u0171r\u00e9s \u00e9rdek\u00e9ben. Ha pedig edzel \u00e9s er\u0151sebben veszed a leveg\u0151t, a l\u00e9g\u00e1raml\u00e1s megn\u00f6vekszik \u00e9s a sz\u0171r\u00e9s lesz kisebb.<\/p>\n<p>A mesters\u00e9ges intelligencia lehet\u0151v\u00e9 teszi, hogy a maszk alkalmazkodjon az egy\u00e9n l\u00e9gz\u00e9s\u00e9hez, azonban a kutat\u00f3k egyel\u0151re arra koncentr\u00e1lnak, hogy a k\u00e9sz\u00fcl\u00e9ket egyszer\u0171bb\u00e9, kisebb\u00e9 \u00e9s g\u00f6rd\u00fcl\u00e9kenyebb\u00e9 tegy\u00e9k. A c\u00e9l az, hogy egy \u00fajratervez\u00e9s ut\u00e1n, cs\u00f6vek n\u00e9lk\u00fcl is m\u0171k\u00f6dj\u00f6n.<\/p>\n<p>Gondolj csak a belv\u00e1rosi leveg\u0151re d\u00e9lut\u00e1n 5 \u00f3rakor! Ugye milyen j\u00f3l j\u00f6nne egy ilyen maszk? Vagy bicikliz\u00e9s k\u00f6zben? Esetleg a bring\u00e1s fut\u00e1roknak? Te sz\u00edvesen hordan\u00e1d?<\/p>\n","protected":false},"excerpt":{"rendered":"<p>A j\u00e1rv\u00e1ny idej\u00e9n sok ker\u00e9kp\u00e1ros megtapasztalta, milyen maszkot viselni sportol\u00e1s k\u00f6zben. Tudjuk, hogy nem a legk\u00e9nyelmesebb, de fontos v\u00e9delmet ny\u00fajt [&hellip;]<\/p>\n","protected":false},"author":71,"featured_media":13079,"comment_status":"open","ping_status":"open","sticky":false,"template":"","format":"standard","meta":{"footnotes":""},"categories":[6],"tags":[],"global-categories":[],"class_list":["post-13075","post","type-post","status-publish","format-standard","has-post-thumbnail","hentry","category-edzes-es-eletmod"],"yoast_head":"<!-- This site is optimized with the Yoast SEO Premium plugin v25.3 (Yoast SEO v25.9) - https:\/\/yoast.com\/wordpress\/plugins\/seo\/ -->\n<title>AI seg\u00edt a maszkok testreszab\u00e1s\u00e1ban az edz\u00e9sform\u00e1t\u00f3l \u00e9s a leveg\u0151szennyezetts\u00e9g\u00e9t\u0151l f\u00fcgg\u0151en<\/title>\n<meta name=\"description\" content=\"A j\u00e1rv\u00e1ny idej\u00e9n sok ker\u00e9kp\u00e1ros megtapasztalta, milyen maszkot viselni sportol\u00e1s k\u00f6zben. Tudjuk, hogy nem a legk\u00e9nyelmesebb, de fontos v\u00e9delmet ny\u00fajt nem csak neked, hanem m\u00e1soknak is. \u00c9s van egy j\u00f3 h\u00edr\u00fcnk! \u00cdg\u00e9retes kutat\u00e1sok \u00e9s fejleszt\u00e9sek zajlanak a maszkgy\u00e1rt\u00e1s ter\u00fclet\u00e9n, \u00e9s m\u00e1r eredm\u00e9ny\u00fck is van: l\u00e9trehoztak egy maszkot, amely k\u00e9pes alkalmazkodni a v\u00e1ltoz\u00f3 k\u00f6r\u00fclm\u00e9nyekhez: a testmozg\u00e1shoz \u00e9s a l\u00e9gszennyezetts\u00e9gi szinthez. \u00cdgy lehet\u0151v\u00e9 teszi, hogy a lehet\u0151 legk\u00f6nnyebben l\u00e9legezz.\" \/>\n<meta name=\"robots\" content=\"index, follow, max-snippet:-1, max-image-preview:large, max-video-preview:-1\" \/>\n<link rel=\"canonical\" href=\"https:\/\/www.welovecycling.com\/hu\/edzes-es-eletmod\/ai-segit-a-maszkok-testreszabasaban\/\" \/>\n<meta property=\"og:locale\" content=\"hu_HU\" \/>\n<meta property=\"og:type\" content=\"article\" \/>\n<meta property=\"og:title\" content=\"AI seg\u00edt a maszkok testreszab\u00e1s\u00e1ban az edz\u00e9sform\u00e1t\u00f3l \u00e9s a leveg\u0151szennyezetts\u00e9g\u00e9t\u0151l f\u00fcgg\u0151en\" \/>\n<meta property=\"og:description\" content=\"A j\u00e1rv\u00e1ny idej\u00e9n sok ker\u00e9kp\u00e1ros megtapasztalta, milyen maszkot viselni sportol\u00e1s k\u00f6zben. Tudjuk, hogy nem a legk\u00e9nyelmesebb, de fontos v\u00e9delmet ny\u00fajt nem csak neked, hanem m\u00e1soknak is. \u00c9s van egy j\u00f3 h\u00edr\u00fcnk! \u00cdg\u00e9retes kutat\u00e1sok \u00e9s fejleszt\u00e9sek zajlanak a maszkgy\u00e1rt\u00e1s ter\u00fclet\u00e9n, \u00e9s m\u00e1r eredm\u00e9ny\u00fck is van: l\u00e9trehoztak egy maszkot, amely k\u00e9pes alkalmazkodni a v\u00e1ltoz\u00f3 k\u00f6r\u00fclm\u00e9nyekhez: a testmozg\u00e1shoz \u00e9s a l\u00e9gszennyezetts\u00e9gi szinthez. \u00cdgy lehet\u0151v\u00e9 teszi, hogy a lehet\u0151 legk\u00f6nnyebben l\u00e9legezz.\" \/>\n<meta property=\"og:url\" content=\"https:\/\/www.welovecycling.com\/hu\/edzes-es-eletmod\/ai-segit-a-maszkok-testreszabasaban\/\" \/>\n<meta property=\"og:site_name\" content=\"\u0160koda We Love Cycling - Magyarorsz\u00e1g\" \/>\n<meta property=\"article:publisher\" content=\"https:\/\/www.facebook.com\/WeLoveCyclingHungary\/\" \/>\n<meta property=\"article:published_time\" content=\"2021-12-06T06:00:57+00:00\" \/>\n<meta property=\"og:image\" content=\"https:\/\/d2p6e6u75xmxt8.cloudfront.net\/12\/2021\/12\/Cycling-in-a-mask-CVR-profimedia-0532638609.jpg\" \/>\n\t<meta property=\"og:image:width\" content=\"1366\" \/>\n\t<meta property=\"og:image:height\" content=\"600\" \/>\n\t<meta property=\"og:image:type\" content=\"image\/jpeg\" \/>\n<meta name=\"author\" content=\"hegyizs\" \/>\n<meta name=\"twitter:card\" content=\"summary_large_image\" \/>\n<meta name=\"twitter:label1\" content=\"Written by\" \/>\n\t<meta name=\"twitter:data1\" content=\"Jiri Kaloc\" \/>\n\t<meta name=\"twitter:label2\" content=\"Est. reading time\" \/>\n\t<meta name=\"twitter:data2\" content=\"5\" \/>\n<script type=\"application\/ld+json\" class=\"yoast-schema-graph\">{\"@context\":\"https:\/\/schema.org\",\"@graph\":[{\"@type\":\"WebPage\",\"@id\":\"https:\/\/www.welovecycling.com\/hu\/edzes-es-eletmod\/ai-segit-a-maszkok-testreszabasaban\/\",\"url\":\"https:\/\/www.welovecycling.com\/hu\/edzes-es-eletmod\/ai-segit-a-maszkok-testreszabasaban\/\",\"name\":\"AI seg\u00edt a maszkok testreszab\u00e1s\u00e1ban az edz\u00e9sform\u00e1t\u00f3l \u00e9s a leveg\u0151szennyezetts\u00e9g\u00e9t\u0151l f\u00fcgg\u0151en\",\"isPartOf\":{\"@id\":\"https:\/\/www.welovecycling.com\/hu\/#website\"},\"primaryImageOfPage\":{\"@id\":\"https:\/\/www.welovecycling.com\/hu\/edzes-es-eletmod\/ai-segit-a-maszkok-testreszabasaban\/#primaryimage\"},\"image\":{\"@id\":\"https:\/\/www.welovecycling.com\/hu\/edzes-es-eletmod\/ai-segit-a-maszkok-testreszabasaban\/#primaryimage\"},\"thumbnailUrl\":\"https:\/\/d2p6e6u75xmxt8.cloudfront.net\/12\/2021\/12\/Cycling-in-a-mask-CVR-profimedia-0532638609.jpg\",\"datePublished\":\"2021-12-06T06:00:57+00:00\",\"author\":{\"@id\":\"https:\/\/www.welovecycling.com\/hu\/#\/schema\/person\/414a2aebf1801691a5320edb6468e194\"},\"description\":\"A j\u00e1rv\u00e1ny idej\u00e9n sok ker\u00e9kp\u00e1ros megtapasztalta, milyen maszkot viselni sportol\u00e1s k\u00f6zben. Tudjuk, hogy nem a legk\u00e9nyelmesebb, de fontos v\u00e9delmet ny\u00fajt nem csak neked, hanem m\u00e1soknak is. \u00c9s van egy j\u00f3 h\u00edr\u00fcnk! \u00cdg\u00e9retes kutat\u00e1sok \u00e9s fejleszt\u00e9sek zajlanak a maszkgy\u00e1rt\u00e1s ter\u00fclet\u00e9n, \u00e9s m\u00e1r eredm\u00e9ny\u00fck is van: l\u00e9trehoztak egy maszkot, amely k\u00e9pes alkalmazkodni a v\u00e1ltoz\u00f3 k\u00f6r\u00fclm\u00e9nyekhez: a testmozg\u00e1shoz \u00e9s a l\u00e9gszennyezetts\u00e9gi szinthez. \u00cdgy lehet\u0151v\u00e9 teszi, hogy a lehet\u0151 legk\u00f6nnyebben l\u00e9legezz.\",\"breadcrumb\":{\"@id\":\"https:\/\/www.welovecycling.com\/hu\/edzes-es-eletmod\/ai-segit-a-maszkok-testreszabasaban\/#breadcrumb\"},\"inLanguage\":\"hu\",\"potentialAction\":[{\"@type\":\"ReadAction\",\"target\":[\"https:\/\/www.welovecycling.com\/hu\/edzes-es-eletmod\/ai-segit-a-maszkok-testreszabasaban\/\"]}]},{\"@type\":\"ImageObject\",\"inLanguage\":\"hu\",\"@id\":\"https:\/\/www.welovecycling.com\/hu\/edzes-es-eletmod\/ai-segit-a-maszkok-testreszabasaban\/#primaryimage\",\"url\":\"https:\/\/d2p6e6u75xmxt8.cloudfront.net\/12\/2021\/12\/Cycling-in-a-mask-CVR-profimedia-0532638609.jpg\",\"contentUrl\":\"https:\/\/d2p6e6u75xmxt8.cloudfront.net\/12\/2021\/12\/Cycling-in-a-mask-CVR-profimedia-0532638609.jpg\",\"width\":1366,\"height\":600},{\"@type\":\"BreadcrumbList\",\"@id\":\"https:\/\/www.welovecycling.com\/hu\/edzes-es-eletmod\/ai-segit-a-maszkok-testreszabasaban\/#breadcrumb\",\"itemListElement\":[{\"@type\":\"ListItem\",\"position\":1,\"name\":\"Home\",\"item\":\"https:\/\/www.welovecycling.com\/hu\/\"},{\"@type\":\"ListItem\",\"position\":2,\"name\":\"AI seg\u00edt a maszkok testreszab\u00e1s\u00e1ban az edz\u00e9sform\u00e1t\u00f3l \u00e9s a leveg\u0151szennyezetts\u00e9g\u00e9t\u0151l f\u00fcgg\u0151en\"}]},{\"@type\":\"WebSite\",\"@id\":\"https:\/\/www.welovecycling.com\/hu\/#website\",\"url\":\"https:\/\/www.welovecycling.com\/hu\/\",\"name\":\"\u0160koda We Love Cycling - Magyarorsz\u00e1g\",\"description\":\"\u0160koda WeLoveCycling\",\"potentialAction\":[{\"@type\":\"SearchAction\",\"target\":{\"@type\":\"EntryPoint\",\"urlTemplate\":\"https:\/\/www.welovecycling.com\/hu\/?s={search_term_string}\"},\"query-input\":{\"@type\":\"PropertyValueSpecification\",\"valueRequired\":true,\"valueName\":\"search_term_string\"}}],\"inLanguage\":\"hu\"},{\"@type\":\"Person\",\"@id\":\"https:\/\/www.welovecycling.com\/hu\/#\/schema\/person\/414a2aebf1801691a5320edb6468e194\",\"name\":\"hegyizs\",\"image\":{\"@type\":\"ImageObject\",\"inLanguage\":\"hu\",\"@id\":\"https:\/\/www.welovecycling.com\/hu\/#\/schema\/person\/image\/\",\"url\":\"https:\/\/secure.gravatar.com\/avatar\/02cf8a7906b8cf90cecb4679defac7cfd33a1c2e3b88e4903d947f3bb58eedd3?s=96&d=mm&r=g\",\"contentUrl\":\"https:\/\/secure.gravatar.com\/avatar\/02cf8a7906b8cf90cecb4679defac7cfd33a1c2e3b88e4903d947f3bb58eedd3?s=96&d=mm&r=g\",\"caption\":\"hegyizs\"},\"url\":\"https:\/\/www.welovecycling.com\/hu\/author\/hegyizs\/\"}]}<\/script>\n<!-- \/ Yoast SEO Premium plugin. -->","yoast_head_json":{"title":"AI seg\u00edt a maszkok testreszab\u00e1s\u00e1ban az edz\u00e9sform\u00e1t\u00f3l \u00e9s a leveg\u0151szennyezetts\u00e9g\u00e9t\u0151l f\u00fcgg\u0151en","description":"A j\u00e1rv\u00e1ny idej\u00e9n sok ker\u00e9kp\u00e1ros megtapasztalta, milyen maszkot viselni sportol\u00e1s k\u00f6zben. Tudjuk, hogy nem a legk\u00e9nyelmesebb, de fontos v\u00e9delmet ny\u00fajt nem csak neked, hanem m\u00e1soknak is. \u00c9s van egy j\u00f3 h\u00edr\u00fcnk! \u00cdg\u00e9retes kutat\u00e1sok \u00e9s fejleszt\u00e9sek zajlanak a maszkgy\u00e1rt\u00e1s ter\u00fclet\u00e9n, \u00e9s m\u00e1r eredm\u00e9ny\u00fck is van: l\u00e9trehoztak egy maszkot, amely k\u00e9pes alkalmazkodni a v\u00e1ltoz\u00f3 k\u00f6r\u00fclm\u00e9nyekhez: a testmozg\u00e1shoz \u00e9s a l\u00e9gszennyezetts\u00e9gi szinthez. \u00cdgy lehet\u0151v\u00e9 teszi, hogy a lehet\u0151 legk\u00f6nnyebben l\u00e9legezz.","robots":{"index":"index","follow":"follow","max-snippet":"max-snippet:-1","max-image-preview":"max-image-preview:large","max-video-preview":"max-video-preview:-1"},"canonical":"https:\/\/www.welovecycling.com\/hu\/edzes-es-eletmod\/ai-segit-a-maszkok-testreszabasaban\/","og_locale":"hu_HU","og_type":"article","og_title":"AI seg\u00edt a maszkok testreszab\u00e1s\u00e1ban az edz\u00e9sform\u00e1t\u00f3l \u00e9s a leveg\u0151szennyezetts\u00e9g\u00e9t\u0151l f\u00fcgg\u0151en","og_description":"A j\u00e1rv\u00e1ny idej\u00e9n sok ker\u00e9kp\u00e1ros megtapasztalta, milyen maszkot viselni sportol\u00e1s k\u00f6zben. Tudjuk, hogy nem a legk\u00e9nyelmesebb, de fontos v\u00e9delmet ny\u00fajt nem csak neked, hanem m\u00e1soknak is. \u00c9s van egy j\u00f3 h\u00edr\u00fcnk! \u00cdg\u00e9retes kutat\u00e1sok \u00e9s fejleszt\u00e9sek zajlanak a maszkgy\u00e1rt\u00e1s ter\u00fclet\u00e9n, \u00e9s m\u00e1r eredm\u00e9ny\u00fck is van: l\u00e9trehoztak egy maszkot, amely k\u00e9pes alkalmazkodni a v\u00e1ltoz\u00f3 k\u00f6r\u00fclm\u00e9nyekhez: a testmozg\u00e1shoz \u00e9s a l\u00e9gszennyezetts\u00e9gi szinthez. \u00cdgy lehet\u0151v\u00e9 teszi, hogy a lehet\u0151 legk\u00f6nnyebben l\u00e9legezz.","og_url":"https:\/\/www.welovecycling.com\/hu\/edzes-es-eletmod\/ai-segit-a-maszkok-testreszabasaban\/","og_site_name":"\u0160koda We Love Cycling - Magyarorsz\u00e1g","article_publisher":"https:\/\/www.facebook.com\/WeLoveCyclingHungary\/","article_published_time":"2021-12-06T06:00:57+00:00","og_image":[{"width":1366,"height":600,"url":"https:\/\/d2p6e6u75xmxt8.cloudfront.net\/12\/2021\/12\/Cycling-in-a-mask-CVR-profimedia-0532638609.jpg","type":"image\/jpeg"}],"author":"hegyizs","twitter_card":"summary_large_image","twitter_misc":{"Written by":"Jiri Kaloc","Est. reading time":"5"},"schema":{"@context":"https:\/\/schema.org","@graph":[{"@type":"WebPage","@id":"https:\/\/www.welovecycling.com\/hu\/edzes-es-eletmod\/ai-segit-a-maszkok-testreszabasaban\/","url":"https:\/\/www.welovecycling.com\/hu\/edzes-es-eletmod\/ai-segit-a-maszkok-testreszabasaban\/","name":"AI seg\u00edt a maszkok testreszab\u00e1s\u00e1ban az edz\u00e9sform\u00e1t\u00f3l \u00e9s a leveg\u0151szennyezetts\u00e9g\u00e9t\u0151l f\u00fcgg\u0151en","isPartOf":{"@id":"https:\/\/www.welovecycling.com\/hu\/#website"},"primaryImageOfPage":{"@id":"https:\/\/www.welovecycling.com\/hu\/edzes-es-eletmod\/ai-segit-a-maszkok-testreszabasaban\/#primaryimage"},"image":{"@id":"https:\/\/www.welovecycling.com\/hu\/edzes-es-eletmod\/ai-segit-a-maszkok-testreszabasaban\/#primaryimage"},"thumbnailUrl":"https:\/\/d2p6e6u75xmxt8.cloudfront.net\/12\/2021\/12\/Cycling-in-a-mask-CVR-profimedia-0532638609.jpg","datePublished":"2021-12-06T06:00:57+00:00","author":{"@id":"https:\/\/www.welovecycling.com\/hu\/#\/schema\/person\/414a2aebf1801691a5320edb6468e194"},"description":"A j\u00e1rv\u00e1ny idej\u00e9n sok ker\u00e9kp\u00e1ros megtapasztalta, milyen maszkot viselni sportol\u00e1s k\u00f6zben. Tudjuk, hogy nem a legk\u00e9nyelmesebb, de fontos v\u00e9delmet ny\u00fajt nem csak neked, hanem m\u00e1soknak is. \u00c9s van egy j\u00f3 h\u00edr\u00fcnk! \u00cdg\u00e9retes kutat\u00e1sok \u00e9s fejleszt\u00e9sek zajlanak a maszkgy\u00e1rt\u00e1s ter\u00fclet\u00e9n, \u00e9s m\u00e1r eredm\u00e9ny\u00fck is van: l\u00e9trehoztak egy maszkot, amely k\u00e9pes alkalmazkodni a v\u00e1ltoz\u00f3 k\u00f6r\u00fclm\u00e9nyekhez: a testmozg\u00e1shoz \u00e9s a l\u00e9gszennyezetts\u00e9gi szinthez. \u00cdgy lehet\u0151v\u00e9 teszi, hogy a lehet\u0151 legk\u00f6nnyebben l\u00e9legezz.","breadcrumb":{"@id":"https:\/\/www.welovecycling.com\/hu\/edzes-es-eletmod\/ai-segit-a-maszkok-testreszabasaban\/#breadcrumb"},"inLanguage":"hu","potentialAction":[{"@type":"ReadAction","target":["https:\/\/www.welovecycling.com\/hu\/edzes-es-eletmod\/ai-segit-a-maszkok-testreszabasaban\/"]}]},{"@type":"ImageObject","inLanguage":"hu","@id":"https:\/\/www.welovecycling.com\/hu\/edzes-es-eletmod\/ai-segit-a-maszkok-testreszabasaban\/#primaryimage","url":"https:\/\/d2p6e6u75xmxt8.cloudfront.net\/12\/2021\/12\/Cycling-in-a-mask-CVR-profimedia-0532638609.jpg","contentUrl":"https:\/\/d2p6e6u75xmxt8.cloudfront.net\/12\/2021\/12\/Cycling-in-a-mask-CVR-profimedia-0532638609.jpg","width":1366,"height":600},{"@type":"BreadcrumbList","@id":"https:\/\/www.welovecycling.com\/hu\/edzes-es-eletmod\/ai-segit-a-maszkok-testreszabasaban\/#breadcrumb","itemListElement":[{"@type":"ListItem","position":1,"name":"Home","item":"https:\/\/www.welovecycling.com\/hu\/"},{"@type":"ListItem","position":2,"name":"AI seg\u00edt a maszkok testreszab\u00e1s\u00e1ban az edz\u00e9sform\u00e1t\u00f3l \u00e9s a leveg\u0151szennyezetts\u00e9g\u00e9t\u0151l f\u00fcgg\u0151en"}]},{"@type":"WebSite","@id":"https:\/\/www.welovecycling.com\/hu\/#website","url":"https:\/\/www.welovecycling.com\/hu\/","name":"\u0160koda We Love Cycling - Magyarorsz\u00e1g","description":"\u0160koda WeLoveCycling","potentialAction":[{"@type":"SearchAction","target":{"@type":"EntryPoint","urlTemplate":"https:\/\/www.welovecycling.com\/hu\/?s={search_term_string}"},"query-input":{"@type":"PropertyValueSpecification","valueRequired":true,"valueName":"search_term_string"}}],"inLanguage":"hu"},{"@type":"Person","@id":"https:\/\/www.welovecycling.com\/hu\/#\/schema\/person\/414a2aebf1801691a5320edb6468e194","name":"hegyizs","image":{"@type":"ImageObject","inLanguage":"hu","@id":"https:\/\/www.welovecycling.com\/hu\/#\/schema\/person\/image\/","url":"https:\/\/secure.gravatar.com\/avatar\/02cf8a7906b8cf90cecb4679defac7cfd33a1c2e3b88e4903d947f3bb58eedd3?s=96&d=mm&r=g","contentUrl":"https:\/\/secure.gravatar.com\/avatar\/02cf8a7906b8cf90cecb4679defac7cfd33a1c2e3b88e4903d947f3bb58eedd3?s=96&d=mm&r=g","caption":"hegyizs"},"url":"https:\/\/www.welovecycling.com\/hu\/author\/hegyizs\/"}]}},"_links":{"self":[{"href":"https:\/\/www.welovecycling.com\/hu\/wp-json\/wp\/v2\/posts\/13075","targetHints":{"allow":["GET"]}}],"collection":[{"href":"https:\/\/www.welovecycling.com\/hu\/wp-json\/wp\/v2\/posts"}],"about":[{"href":"https:\/\/www.welovecycling.com\/hu\/wp-json\/wp\/v2\/types\/post"}],"author":[{"embeddable":true,"href":"https:\/\/www.welovecycling.com\/hu\/wp-json\/wp\/v2\/users\/71"}],"replies":[{"embeddable":true,"href":"https:\/\/www.welovecycling.com\/hu\/wp-json\/wp\/v2\/comments?post=13075"}],"version-history":[{"count":2,"href":"https:\/\/www.welovecycling.com\/hu\/wp-json\/wp\/v2\/posts\/13075\/revisions"}],"predecessor-version":[{"id":13109,"href":"https:\/\/www.welovecycling.com\/hu\/wp-json\/wp\/v2\/posts\/13075\/revisions\/13109"}],"wp:featuredmedia":[{"embeddable":true,"href":"https:\/\/www.welovecycling.com\/hu\/wp-json\/wp\/v2\/media\/13079"}],"wp:attachment":[{"href":"https:\/\/www.welovecycling.com\/hu\/wp-json\/wp\/v2\/media?parent=13075"}],"wp:term":[{"taxonomy":"category","embeddable":true,"href":"https:\/\/www.welovecycling.com\/hu\/wp-json\/wp\/v2\/categories?post=13075"},{"taxonomy":"post_tag","embeddable":true,"href":"https:\/\/www.welovecycling.com\/hu\/wp-json\/wp\/v2\/tags?post=13075"},{"taxonomy":"global-categories","embeddable":true,"href":"https:\/\/www.welovecycling.com\/hu\/wp-json\/wp\/v2\/global-categories?post=13075"}],"curies":[{"name":"wp","href":"https:\/\/api.w.org\/{rel}","templated":true}]}}