{"id":13062,"date":"2021-11-28T08:00:48","date_gmt":"2021-11-28T06:00:48","guid":{"rendered":"https:\/\/www.welovecycling.com\/hu\/?p=13062"},"modified":"2021-11-26T17:13:51","modified_gmt":"2021-11-26T15:13:51","slug":"bringasztarok-rendorsegi-ugyei-sagan-es-pantani-a-celkeresztben","status":"publish","type":"post","link":"https:\/\/www.welovecycling.com\/hu\/orszaguti-kerekpar\/bringasztarok-rendorsegi-ugyei-sagan-es-pantani-a-celkeresztben\/","title":{"rendered":"Bringaszt\u00e1rok rend\u0151rs\u00e9gi \u00fcgyei: Sagan \u00e9s Pantani a c\u00e9lkeresztben"},"content":{"rendered":"<p><strong>Peter Sagan r\u00e9szegen, a kij\u00e1r\u00e1si tilalmat megszegve l\u0151tt alaposan t\u00fal a c\u00e9lon monac\u00f3i otthona k\u00f6rny\u00e9k\u00e9n, m\u00edg Marco Pantani \u00e9desanyja, Tonina ism\u00e9t \u00fajranyittatta a fia 2004-es hal\u00e1l\u00e1val kapcsolatos nyomoz\u00e1st.<\/strong><!--more--><\/p>\n<p>Peter Saganr\u00f3l eddig is mindenki tudta, hogy a konformit\u00e1sokra fittyet h\u00e1ny\u00f3, saj\u00e1t vil\u00e1g\u00e1ban \u00e9l\u0151 k\u00fcl\u00f6nc zseni mintak\u00e9pe, annak minden \u201esz\u00e9riatartoz\u00e9k\u00e1val\u201d egy\u00fctt \u2013 nem v\u00e9letlen\u00fcl napjaink ker\u00e9kp\u00e1rsportj\u00e1nak egyik legsz\u00ednesebb, legkedveltebb egy\u00e9nis\u00e9ge. Nemr\u00e9g azonban \u00e1tl\u00e9pett egy hat\u00e1rvonalat, amivel sokak szem\u00e9ben cs\u00f6kkent a renom\u00e9ja, \u00e9s ezzel \u0151 maga is tiszt\u00e1ban van.<\/p>\n<p>A h\u00e1romszoros vil\u00e1gbajnok szlov\u00e1k szt\u00e1rt a napokban t\u00f6bb mint 5000 eur\u00f3ra b\u00fcntette a monac\u00f3i b\u00edr\u00f3s\u00e1g, m\u00e9g egy \u00e1prilisi eset miatt, amikor a pand\u00e9mia alatti kij\u00e1r\u00e1si korl\u00e1toz\u00e1sokat megszegve hajnalban ittasan \u00f6sszet\u0171z\u00e9sbe keveredett az \u0151t igazoltat\u00f3 rend\u0151r\u00f6kkel. A j\u00f6v\u0151re csapatot v\u00e1lt\u00f3, a Bor\u00e1t\u00f3l a TotalEnergies-hez igazol\u00f3 klasszis b\u00e1tyj\u00e1val \u00e9s egyben csapatt\u00e1rs\u00e1val, a n\u00e9gyszeres szlov\u00e1k bajnok Jurajjal \u00e1ll\u00edt\u00f3lag egy elektromos rollerrel tartott hazafel\u00e9 (az els\u0151 h\u00edrek m\u00e9g aut\u00f3r\u00f3l sz\u00f3ltak), melyet Juraj vezetett, amikor a rend\u0151r\u00f6k meg\u00e1ll\u00edtott\u00e1k \u0151ket, az er\u0151sen ittas Peter pedig kisv\u00e1rtatva dulakodni kezdett egyik\u00fckkel, akit enyh\u00e9n, nyolc napon bel\u00fcl gy\u00f3gyul\u00f3an meg is sebes\u00edtett.<\/p>\n<figure id=\"attachment_13063\" aria-describedby=\"caption-attachment-13063\" style=\"width: 1024px\" class=\"wp-caption alignnone\"><a href=\"https:\/\/d2p6e6u75xmxt8.cloudfront.net\/12\/2021\/11\/sagan.jpg\"><img loading=\"lazy\" decoding=\"async\" class=\"size-large wp-image-13063\" src=\"https:\/\/d2p6e6u75xmxt8.cloudfront.net\/12\/2021\/11\/sagan-1024x576.jpg\" alt=\"\" width=\"1024\" height=\"576\" srcset=\"https:\/\/d2p6e6u75xmxt8.cloudfront.net\/12\/2021\/11\/sagan-1024x576.jpg 1024w, https:\/\/d2p6e6u75xmxt8.cloudfront.net\/12\/2021\/11\/sagan-300x169.jpg 300w, https:\/\/d2p6e6u75xmxt8.cloudfront.net\/12\/2021\/11\/sagan-768x432.jpg 768w, https:\/\/d2p6e6u75xmxt8.cloudfront.net\/12\/2021\/11\/sagan.jpg 1280w\" sizes=\"auto, (max-width: 1024px) 100vw, 1024px\" \/><\/a><figcaption id=\"caption-attachment-13063\" class=\"wp-caption-text\">forr\u00e1s: Youtube<\/figcaption><\/figure>\n<p>Az \u00fcgy \u00e9s az \u00edt\u00e9let napvil\u00e1gra ker\u00fcl\u00e9se ut\u00e1n Sagan nyilv\u00e1nosan bocs\u00e1natot k\u00e9rt mindenkit\u0151l. Kiemelte, hogy tudja, hogy cs\u00fany\u00e1n t\u00fall\u0151tt a c\u00e9lon, \u0151szint\u00e9n sajn\u00e1lja \u00e9s t\u00f6bbet nem fordul el\u0151. Hozz\u00e1tette, a volt feles\u00e9ge lak\u00e1s\u00e1n voltak, ahol elaltatta a fi\u00e1t, ut\u00e1na pedig lecs\u00faszott \u201en\u00e9h\u00e1ny poh\u00e1r\u201d bor, s indokl\u00e1sa szerint az\u00e9rt d\u00f6nt\u00f6ttek v\u00e9g\u00fcl \u00fagy, hogy \u00e9jnek \u00e9vadj\u00e1n, a kij\u00e1r\u00e1si korl\u00e1toz\u00e1sokat megszegve m\u00e9gis ink\u00e1bb hazamennek, mert hivatalosan az \u0151 c\u00edme van megadva a doppingellen\u0151r\u00f6knek, akik b\u00e1rmikor felkereshetik. A hom\u00e1lyos magyar\u00e1zatok k\u00f6z\u00f6tt szerepelt tov\u00e1bb\u00e1 az is, hogy Sagan az\u00e9rt \u00e1llt ellen a rend\u0151ri int\u00e9zked\u00e9snek, mert f\u00e9lt, hogy k\u00f3rh\u00e1zba viszik, ahol er\u0151szakkal beadj\u00e1k neki a koronav\u00edrus-vakcin\u00e1t (ezt \u00fcgyv\u00e9dje tal\u00e1lta mondani), de Peter m\u00e1r azt nyilatkozta, azon kapta fel a vizet, hogy a rend\u0151r\u00f6k szerinte indokolatlanul drogtesztre is el akart\u00e1k sz\u00e1ll\u00edtani. Az mindenesetre j\u00f3 k\u00e9rd\u00e9s, hogy egy ilyen kaliber\u0171 balh\u00e9t vajon akkor is meg\u00faszott volna-e csup\u00e1n p\u00e9nzb\u00fcntet\u00e9ssel, ha nem Peter Sagannak h\u00edvj\u00e1k.<\/p>\n<p>K\u00f6zben Olaszorsz\u00e1gban is (\u00fajra)nyitnak egy rend\u0151rs\u00e9gi akt\u00e1t, ezt m\u00e1r sokkal szomor\u00fabb aprop\u00f3b\u00f3l. Egy m\u00e1sik k\u00f6zkedvelt k\u00fcl\u00f6nc zseni, a n\u00e9hai Marco Pantani \u00e9desanyja ugyanis lassan 18 \u00e9vvel fia tragikus hal\u00e1la ut\u00e1n sem tud belenyugodni a hivatalos magyar\u00e1zatokba, melyek szerint a \u201eKal\u00f3z\u201d antidepressz\u00e1nsok \u00e9s kokain v\u00e9letlen vagy tudatos t\u00faladagol\u00e1sa miatt hunyt el 2004 febru\u00e1r 14-\u00e9n Riminiben. Tonina Pantani most egy 51 oldalas dokumentumot juttatott el az olasz rend\u0151rs\u00e9ghez, amelyben \u00faj, eddig ismeretlen inform\u00e1ci\u00f3k szerepelnek els\u0151k\u00e9zb\u0151l Pantani egykori drogd\u00edler\u00e9t\u0151l. Az anya szerint ezek m\u00e1s megvil\u00e1g\u00edt\u00e1sba helyezik fia utols\u00f3 \u00f3r\u00e1it, \u00edgy a rend\u0151rs\u00e9g harmadszor is \u00fajranyitja a Pantani-nyomoz\u00e1st.<\/p>\n<figure id=\"attachment_13064\" aria-describedby=\"caption-attachment-13064\" style=\"width: 960px\" class=\"wp-caption alignnone\"><a href=\"https:\/\/d2p6e6u75xmxt8.cloudfront.net\/12\/2021\/11\/pantani-afp.jpg\"><img loading=\"lazy\" decoding=\"async\" class=\"size-full wp-image-13064\" src=\"https:\/\/d2p6e6u75xmxt8.cloudfront.net\/12\/2021\/11\/pantani-afp.jpg\" alt=\"\" width=\"960\" height=\"720\" srcset=\"https:\/\/d2p6e6u75xmxt8.cloudfront.net\/12\/2021\/11\/pantani-afp.jpg 960w, https:\/\/d2p6e6u75xmxt8.cloudfront.net\/12\/2021\/11\/pantani-afp-300x225.jpg 300w, https:\/\/d2p6e6u75xmxt8.cloudfront.net\/12\/2021\/11\/pantani-afp-768x576.jpg 768w\" sizes=\"auto, (max-width: 960px) 100vw, 960px\" \/><\/a><figcaption id=\"caption-attachment-13064\" class=\"wp-caption-text\">Pantani \u00e9s \u00e9desanyja, Tonina, amikor m\u00e9g minden rendben volt (fot\u00f3: AFP)<\/figcaption><\/figure>\n<p>&nbsp;<\/p>\n","protected":false},"excerpt":{"rendered":"<p>Peter Sagan r\u00e9szegen, a kij\u00e1r\u00e1si tilalmat megszegve l\u0151tt alaposan t\u00fal a c\u00e9lon monac\u00f3i otthona k\u00f6rny\u00e9k\u00e9n, m\u00edg Marco Pantani \u00e9desanyja, Tonina [&hellip;]<\/p>\n","protected":false},"author":71,"featured_media":13065,"comment_status":"open","ping_status":"open","sticky":false,"template":"","format":"standard","meta":{"footnotes":""},"categories":[8],"tags":[],"global-categories":[],"class_list":["post-13062","post","type-post","status-publish","format-standard","has-post-thumbnail","hentry","category-orszaguti-kerekpar"],"yoast_head":"<!-- This site is optimized with the Yoast SEO Premium plugin v25.3 (Yoast SEO v25.9) - https:\/\/yoast.com\/wordpress\/plugins\/seo\/ -->\n<title>Bringaszt\u00e1rok rend\u0151rs\u00e9gi \u00fcgyei: Sagan \u00e9s Pantani a c\u00e9lkeresztben<\/title>\n<meta name=\"description\" content=\"Peter Sagan r\u00e9szegen, a kij\u00e1r\u00e1si tilalmat megszegve l\u0151tt alaposan t\u00fal a c\u00e9lon monac\u00f3i otthona k\u00f6rny\u00e9k\u00e9n, m\u00edg Marco Pantani \u00e9desanyja, Tonina ism\u00e9t \u00fajranyittatta a fia 2004-es hal\u00e1l\u00e1val kapcsolatos nyomoz\u00e1st.\" \/>\n<meta name=\"robots\" content=\"index, follow, max-snippet:-1, max-image-preview:large, max-video-preview:-1\" \/>\n<link rel=\"canonical\" href=\"https:\/\/www.welovecycling.com\/hu\/orszaguti-kerekpar\/bringasztarok-rendorsegi-ugyei-sagan-es-pantani-a-celkeresztben\/\" \/>\n<meta property=\"og:locale\" content=\"hu_HU\" \/>\n<meta property=\"og:type\" content=\"article\" \/>\n<meta property=\"og:title\" content=\"Bringaszt\u00e1rok rend\u0151rs\u00e9gi \u00fcgyei: Sagan \u00e9s Pantani a c\u00e9lkeresztben\" \/>\n<meta property=\"og:description\" content=\"Peter Sagan r\u00e9szegen, a kij\u00e1r\u00e1si tilalmat megszegve l\u0151tt alaposan t\u00fal a c\u00e9lon monac\u00f3i otthona k\u00f6rny\u00e9k\u00e9n, m\u00edg Marco Pantani \u00e9desanyja, Tonina ism\u00e9t \u00fajranyittatta a fia 2004-es hal\u00e1l\u00e1val kapcsolatos nyomoz\u00e1st.\" \/>\n<meta property=\"og:url\" content=\"https:\/\/www.welovecycling.com\/hu\/orszaguti-kerekpar\/bringasztarok-rendorsegi-ugyei-sagan-es-pantani-a-celkeresztben\/\" \/>\n<meta property=\"og:site_name\" content=\"\u0160koda We Love Cycling - Magyarorsz\u00e1g\" \/>\n<meta property=\"article:publisher\" content=\"https:\/\/www.facebook.com\/WeLoveCyclingHungary\/\" \/>\n<meta property=\"article:published_time\" content=\"2021-11-28T06:00:48+00:00\" \/>\n<meta property=\"og:image\" content=\"https:\/\/d2p6e6u75xmxt8.cloudfront.net\/12\/2021\/11\/kuurne17-beer-sagan-940.jpg\" \/>\n\t<meta property=\"og:image:width\" content=\"920\" \/>\n\t<meta property=\"og:image:height\" content=\"465\" \/>\n\t<meta property=\"og:image:type\" content=\"image\/jpeg\" \/>\n<meta name=\"author\" content=\"hegyizs\" \/>\n<meta name=\"twitter:card\" content=\"summary_large_image\" \/>\n<meta name=\"twitter:label1\" content=\"Written by\" \/>\n\t<meta name=\"twitter:data1\" content=\"WLC\" \/>\n\t<meta name=\"twitter:label2\" content=\"Est. reading time\" \/>\n\t<meta name=\"twitter:data2\" content=\"3 minutes\" \/>\n<script type=\"application\/ld+json\" class=\"yoast-schema-graph\">{\"@context\":\"https:\/\/schema.org\",\"@graph\":[{\"@type\":\"WebPage\",\"@id\":\"https:\/\/www.welovecycling.com\/hu\/orszaguti-kerekpar\/bringasztarok-rendorsegi-ugyei-sagan-es-pantani-a-celkeresztben\/\",\"url\":\"https:\/\/www.welovecycling.com\/hu\/orszaguti-kerekpar\/bringasztarok-rendorsegi-ugyei-sagan-es-pantani-a-celkeresztben\/\",\"name\":\"Bringaszt\u00e1rok rend\u0151rs\u00e9gi \u00fcgyei: Sagan \u00e9s Pantani a c\u00e9lkeresztben\",\"isPartOf\":{\"@id\":\"https:\/\/www.welovecycling.com\/hu\/#website\"},\"primaryImageOfPage\":{\"@id\":\"https:\/\/www.welovecycling.com\/hu\/orszaguti-kerekpar\/bringasztarok-rendorsegi-ugyei-sagan-es-pantani-a-celkeresztben\/#primaryimage\"},\"image\":{\"@id\":\"https:\/\/www.welovecycling.com\/hu\/orszaguti-kerekpar\/bringasztarok-rendorsegi-ugyei-sagan-es-pantani-a-celkeresztben\/#primaryimage\"},\"thumbnailUrl\":\"https:\/\/d2p6e6u75xmxt8.cloudfront.net\/12\/2021\/11\/kuurne17-beer-sagan-940.jpg\",\"datePublished\":\"2021-11-28T06:00:48+00:00\",\"author\":{\"@id\":\"https:\/\/www.welovecycling.com\/hu\/#\/schema\/person\/414a2aebf1801691a5320edb6468e194\"},\"description\":\"Peter Sagan r\u00e9szegen, a kij\u00e1r\u00e1si tilalmat megszegve l\u0151tt alaposan t\u00fal a c\u00e9lon monac\u00f3i otthona k\u00f6rny\u00e9k\u00e9n, m\u00edg Marco Pantani \u00e9desanyja, Tonina ism\u00e9t \u00fajranyittatta a fia 2004-es hal\u00e1l\u00e1val kapcsolatos nyomoz\u00e1st.\",\"breadcrumb\":{\"@id\":\"https:\/\/www.welovecycling.com\/hu\/orszaguti-kerekpar\/bringasztarok-rendorsegi-ugyei-sagan-es-pantani-a-celkeresztben\/#breadcrumb\"},\"inLanguage\":\"hu\",\"potentialAction\":[{\"@type\":\"ReadAction\",\"target\":[\"https:\/\/www.welovecycling.com\/hu\/orszaguti-kerekpar\/bringasztarok-rendorsegi-ugyei-sagan-es-pantani-a-celkeresztben\/\"]}]},{\"@type\":\"ImageObject\",\"inLanguage\":\"hu\",\"@id\":\"https:\/\/www.welovecycling.com\/hu\/orszaguti-kerekpar\/bringasztarok-rendorsegi-ugyei-sagan-es-pantani-a-celkeresztben\/#primaryimage\",\"url\":\"https:\/\/d2p6e6u75xmxt8.cloudfront.net\/12\/2021\/11\/kuurne17-beer-sagan-940.jpg\",\"contentUrl\":\"https:\/\/d2p6e6u75xmxt8.cloudfront.net\/12\/2021\/11\/kuurne17-beer-sagan-940.jpg\",\"width\":920,\"height\":465,\"caption\":\"Kuurne - Belgium - wielrennen - cycling - radsport - cyclisme - Peter SAGAN (Slowakei \/ Team Bora - Hansgrohe) pictured during Kuurne-Brussel-Kuurne 2017 - photo PN\/Cor Vos \u00a9 2017\"},{\"@type\":\"BreadcrumbList\",\"@id\":\"https:\/\/www.welovecycling.com\/hu\/orszaguti-kerekpar\/bringasztarok-rendorsegi-ugyei-sagan-es-pantani-a-celkeresztben\/#breadcrumb\",\"itemListElement\":[{\"@type\":\"ListItem\",\"position\":1,\"name\":\"Home\",\"item\":\"https:\/\/www.welovecycling.com\/hu\/\"},{\"@type\":\"ListItem\",\"position\":2,\"name\":\"Bringaszt\u00e1rok rend\u0151rs\u00e9gi \u00fcgyei: Sagan \u00e9s Pantani a c\u00e9lkeresztben\"}]},{\"@type\":\"WebSite\",\"@id\":\"https:\/\/www.welovecycling.com\/hu\/#website\",\"url\":\"https:\/\/www.welovecycling.com\/hu\/\",\"name\":\"\u0160koda We Love Cycling - Magyarorsz\u00e1g\",\"description\":\"\u0160koda WeLoveCycling\",\"potentialAction\":[{\"@type\":\"SearchAction\",\"target\":{\"@type\":\"EntryPoint\",\"urlTemplate\":\"https:\/\/www.welovecycling.com\/hu\/?s={search_term_string}\"},\"query-input\":{\"@type\":\"PropertyValueSpecification\",\"valueRequired\":true,\"valueName\":\"search_term_string\"}}],\"inLanguage\":\"hu\"},{\"@type\":\"Person\",\"@id\":\"https:\/\/www.welovecycling.com\/hu\/#\/schema\/person\/414a2aebf1801691a5320edb6468e194\",\"name\":\"hegyizs\",\"image\":{\"@type\":\"ImageObject\",\"inLanguage\":\"hu\",\"@id\":\"https:\/\/www.welovecycling.com\/hu\/#\/schema\/person\/image\/\",\"url\":\"https:\/\/secure.gravatar.com\/avatar\/02cf8a7906b8cf90cecb4679defac7cfd33a1c2e3b88e4903d947f3bb58eedd3?s=96&d=mm&r=g\",\"contentUrl\":\"https:\/\/secure.gravatar.com\/avatar\/02cf8a7906b8cf90cecb4679defac7cfd33a1c2e3b88e4903d947f3bb58eedd3?s=96&d=mm&r=g\",\"caption\":\"hegyizs\"},\"url\":\"https:\/\/www.welovecycling.com\/hu\/author\/hegyizs\/\"}]}<\/script>\n<!-- \/ Yoast SEO Premium plugin. -->","yoast_head_json":{"title":"Bringaszt\u00e1rok rend\u0151rs\u00e9gi \u00fcgyei: Sagan \u00e9s Pantani a c\u00e9lkeresztben","description":"Peter Sagan r\u00e9szegen, a kij\u00e1r\u00e1si tilalmat megszegve l\u0151tt alaposan t\u00fal a c\u00e9lon monac\u00f3i otthona k\u00f6rny\u00e9k\u00e9n, m\u00edg Marco Pantani \u00e9desanyja, Tonina ism\u00e9t \u00fajranyittatta a fia 2004-es hal\u00e1l\u00e1val kapcsolatos nyomoz\u00e1st.","robots":{"index":"index","follow":"follow","max-snippet":"max-snippet:-1","max-image-preview":"max-image-preview:large","max-video-preview":"max-video-preview:-1"},"canonical":"https:\/\/www.welovecycling.com\/hu\/orszaguti-kerekpar\/bringasztarok-rendorsegi-ugyei-sagan-es-pantani-a-celkeresztben\/","og_locale":"hu_HU","og_type":"article","og_title":"Bringaszt\u00e1rok rend\u0151rs\u00e9gi \u00fcgyei: Sagan \u00e9s Pantani a c\u00e9lkeresztben","og_description":"Peter Sagan r\u00e9szegen, a kij\u00e1r\u00e1si tilalmat megszegve l\u0151tt alaposan t\u00fal a c\u00e9lon monac\u00f3i otthona k\u00f6rny\u00e9k\u00e9n, m\u00edg Marco Pantani \u00e9desanyja, Tonina ism\u00e9t \u00fajranyittatta a fia 2004-es hal\u00e1l\u00e1val kapcsolatos nyomoz\u00e1st.","og_url":"https:\/\/www.welovecycling.com\/hu\/orszaguti-kerekpar\/bringasztarok-rendorsegi-ugyei-sagan-es-pantani-a-celkeresztben\/","og_site_name":"\u0160koda We Love Cycling - Magyarorsz\u00e1g","article_publisher":"https:\/\/www.facebook.com\/WeLoveCyclingHungary\/","article_published_time":"2021-11-28T06:00:48+00:00","og_image":[{"width":920,"height":465,"url":"https:\/\/d2p6e6u75xmxt8.cloudfront.net\/12\/2021\/11\/kuurne17-beer-sagan-940.jpg","type":"image\/jpeg"}],"author":"hegyizs","twitter_card":"summary_large_image","twitter_misc":{"Written by":"WLC","Est. reading time":"3 minutes"},"schema":{"@context":"https:\/\/schema.org","@graph":[{"@type":"WebPage","@id":"https:\/\/www.welovecycling.com\/hu\/orszaguti-kerekpar\/bringasztarok-rendorsegi-ugyei-sagan-es-pantani-a-celkeresztben\/","url":"https:\/\/www.welovecycling.com\/hu\/orszaguti-kerekpar\/bringasztarok-rendorsegi-ugyei-sagan-es-pantani-a-celkeresztben\/","name":"Bringaszt\u00e1rok rend\u0151rs\u00e9gi \u00fcgyei: Sagan \u00e9s Pantani a c\u00e9lkeresztben","isPartOf":{"@id":"https:\/\/www.welovecycling.com\/hu\/#website"},"primaryImageOfPage":{"@id":"https:\/\/www.welovecycling.com\/hu\/orszaguti-kerekpar\/bringasztarok-rendorsegi-ugyei-sagan-es-pantani-a-celkeresztben\/#primaryimage"},"image":{"@id":"https:\/\/www.welovecycling.com\/hu\/orszaguti-kerekpar\/bringasztarok-rendorsegi-ugyei-sagan-es-pantani-a-celkeresztben\/#primaryimage"},"thumbnailUrl":"https:\/\/d2p6e6u75xmxt8.cloudfront.net\/12\/2021\/11\/kuurne17-beer-sagan-940.jpg","datePublished":"2021-11-28T06:00:48+00:00","author":{"@id":"https:\/\/www.welovecycling.com\/hu\/#\/schema\/person\/414a2aebf1801691a5320edb6468e194"},"description":"Peter Sagan r\u00e9szegen, a kij\u00e1r\u00e1si tilalmat megszegve l\u0151tt alaposan t\u00fal a c\u00e9lon monac\u00f3i otthona k\u00f6rny\u00e9k\u00e9n, m\u00edg Marco Pantani \u00e9desanyja, Tonina ism\u00e9t \u00fajranyittatta a fia 2004-es hal\u00e1l\u00e1val kapcsolatos nyomoz\u00e1st.","breadcrumb":{"@id":"https:\/\/www.welovecycling.com\/hu\/orszaguti-kerekpar\/bringasztarok-rendorsegi-ugyei-sagan-es-pantani-a-celkeresztben\/#breadcrumb"},"inLanguage":"hu","potentialAction":[{"@type":"ReadAction","target":["https:\/\/www.welovecycling.com\/hu\/orszaguti-kerekpar\/bringasztarok-rendorsegi-ugyei-sagan-es-pantani-a-celkeresztben\/"]}]},{"@type":"ImageObject","inLanguage":"hu","@id":"https:\/\/www.welovecycling.com\/hu\/orszaguti-kerekpar\/bringasztarok-rendorsegi-ugyei-sagan-es-pantani-a-celkeresztben\/#primaryimage","url":"https:\/\/d2p6e6u75xmxt8.cloudfront.net\/12\/2021\/11\/kuurne17-beer-sagan-940.jpg","contentUrl":"https:\/\/d2p6e6u75xmxt8.cloudfront.net\/12\/2021\/11\/kuurne17-beer-sagan-940.jpg","width":920,"height":465,"caption":"Kuurne - Belgium - wielrennen - cycling - radsport - cyclisme - Peter SAGAN (Slowakei \/ Team Bora - Hansgrohe) pictured during Kuurne-Brussel-Kuurne 2017 - photo PN\/Cor Vos \u00a9 2017"},{"@type":"BreadcrumbList","@id":"https:\/\/www.welovecycling.com\/hu\/orszaguti-kerekpar\/bringasztarok-rendorsegi-ugyei-sagan-es-pantani-a-celkeresztben\/#breadcrumb","itemListElement":[{"@type":"ListItem","position":1,"name":"Home","item":"https:\/\/www.welovecycling.com\/hu\/"},{"@type":"ListItem","position":2,"name":"Bringaszt\u00e1rok rend\u0151rs\u00e9gi \u00fcgyei: Sagan \u00e9s Pantani a c\u00e9lkeresztben"}]},{"@type":"WebSite","@id":"https:\/\/www.welovecycling.com\/hu\/#website","url":"https:\/\/www.welovecycling.com\/hu\/","name":"\u0160koda We Love Cycling - Magyarorsz\u00e1g","description":"\u0160koda WeLoveCycling","potentialAction":[{"@type":"SearchAction","target":{"@type":"EntryPoint","urlTemplate":"https:\/\/www.welovecycling.com\/hu\/?s={search_term_string}"},"query-input":{"@type":"PropertyValueSpecification","valueRequired":true,"valueName":"search_term_string"}}],"inLanguage":"hu"},{"@type":"Person","@id":"https:\/\/www.welovecycling.com\/hu\/#\/schema\/person\/414a2aebf1801691a5320edb6468e194","name":"hegyizs","image":{"@type":"ImageObject","inLanguage":"hu","@id":"https:\/\/www.welovecycling.com\/hu\/#\/schema\/person\/image\/","url":"https:\/\/secure.gravatar.com\/avatar\/02cf8a7906b8cf90cecb4679defac7cfd33a1c2e3b88e4903d947f3bb58eedd3?s=96&d=mm&r=g","contentUrl":"https:\/\/secure.gravatar.com\/avatar\/02cf8a7906b8cf90cecb4679defac7cfd33a1c2e3b88e4903d947f3bb58eedd3?s=96&d=mm&r=g","caption":"hegyizs"},"url":"https:\/\/www.welovecycling.com\/hu\/author\/hegyizs\/"}]}},"_links":{"self":[{"href":"https:\/\/www.welovecycling.com\/hu\/wp-json\/wp\/v2\/posts\/13062","targetHints":{"allow":["GET"]}}],"collection":[{"href":"https:\/\/www.welovecycling.com\/hu\/wp-json\/wp\/v2\/posts"}],"about":[{"href":"https:\/\/www.welovecycling.com\/hu\/wp-json\/wp\/v2\/types\/post"}],"author":[{"embeddable":true,"href":"https:\/\/www.welovecycling.com\/hu\/wp-json\/wp\/v2\/users\/71"}],"replies":[{"embeddable":true,"href":"https:\/\/www.welovecycling.com\/hu\/wp-json\/wp\/v2\/comments?post=13062"}],"version-history":[{"count":1,"href":"https:\/\/www.welovecycling.com\/hu\/wp-json\/wp\/v2\/posts\/13062\/revisions"}],"predecessor-version":[{"id":13066,"href":"https:\/\/www.welovecycling.com\/hu\/wp-json\/wp\/v2\/posts\/13062\/revisions\/13066"}],"wp:featuredmedia":[{"embeddable":true,"href":"https:\/\/www.welovecycling.com\/hu\/wp-json\/wp\/v2\/media\/13065"}],"wp:attachment":[{"href":"https:\/\/www.welovecycling.com\/hu\/wp-json\/wp\/v2\/media?parent=13062"}],"wp:term":[{"taxonomy":"category","embeddable":true,"href":"https:\/\/www.welovecycling.com\/hu\/wp-json\/wp\/v2\/categories?post=13062"},{"taxonomy":"post_tag","embeddable":true,"href":"https:\/\/www.welovecycling.com\/hu\/wp-json\/wp\/v2\/tags?post=13062"},{"taxonomy":"global-categories","embeddable":true,"href":"https:\/\/www.welovecycling.com\/hu\/wp-json\/wp\/v2\/global-categories?post=13062"}],"curies":[{"name":"wp","href":"https:\/\/api.w.org\/{rel}","templated":true}]}}