{"id":13046,"date":"2021-12-03T08:00:57","date_gmt":"2021-12-03T06:00:57","guid":{"rendered":"https:\/\/www.welovecycling.com\/hu\/?p=13046"},"modified":"2021-11-26T17:17:45","modified_gmt":"2021-11-26T15:17:45","slug":"igy-toltik-a-profi-kerekparosok-az-off-szezont","status":"publish","type":"post","link":"https:\/\/www.welovecycling.com\/hu\/orszaguti-kerekpar\/igy-toltik-a-profi-kerekparosok-az-off-szezont\/","title":{"rendered":"\u00cdgy t\u00f6ltik a profi ker\u00e9kp\u00e1rosok az off-szezont"},"content":{"rendered":"<p><strong>A vak\u00e1ci\u00f3 mindannyiunk sz\u00e1m\u00e1ra \u00e9rt\u00e9kes id\u0151szak, a profi biciklisek sz\u00e1m\u00e1ra azonban az a n\u00e9h\u00e1ny h\u00e9t, amikor nem kell versenyre k\u00e9sz\u00fclni\u00fck, t\u00e9nyleg aranyat \u00e9r. Ideje f\u00e9lretenni a biciklit \u00e9s pihenni, kipr\u00f3b\u00e1lni valami \u00faj hobbit, vagy csak b\u00e1mulni a falat, ameddig vissza nem \u00fclhetnek a nyeregbe. Vagy nem?<\/strong><\/p>\n<p><!--more--><\/p>\n<p>Ebben a cikkben megmutatunk n\u00e9h\u00e1ny pillanatot az elit biciklisek off-szezonj\u00e1b\u00f3l, amikor a mez\u0151ny egyk\u00e9nt eresztett le, hogy pihenjen egy kicsit. Legy\u00fcnk \u0151szint\u00e9k, igaz\u00e1n meg\u00e9rdemlik!<\/p>\n<h2><strong>Adam Yates \u00e9s a maraton<\/strong><\/h2>\n<p>Biztosan eml\u00e9kszel m\u00e9g, hogy k\u00e9t bekezd\u00e9ssel ezel\u0151tt eml\u00edtett\u00fck, hogyan dobj\u00e1k f\u00e9lre a bicikliket a versenyz\u0151k \u00e9s pihentetik a l\u00e1baikat az off-szezon alatt. Nos, Adam Yates nem volt ott azon az \u00f3r\u00e1n, ahol ezt megbesz\u00e9lt\u00fck: az Ineos Grenadiers versenyz\u0151je ahelyett, hogy k\u00e9nyelembe helyezkedett volna a kandall\u00f3 mellett egy j\u00f3 k\u00f6nyvvel a kez\u00e9ben, ink\u00e1bb lefutotta a maratont Barcelon\u00e1ban.<\/p>\n<p>Mivel a ker\u00e9kp\u00e1rosok eg\u00e9sz \u00e9vben fejlesztik a test\u00fcket, hogy jobb versenyz\u0151v\u00e9 v\u00e1ljanak, \u00e9rthet\u0151, ha az \u0151szi h\u00f3napokban m\u00e9g a l\u00e9pcs\u0151ket is messzire elker\u00fclik. M\u00e1r az is brav\u00faros, hogy Yates teljes\u00edtette a maraton t\u00e1vj\u00e1t. De azt, hogy a 42 kilom\u00e9tert 2:58:44 id\u0151 alatt tette meg, el sem akarjuk hinni! Egy Instagram bejegyz\u00e9sben mindenkit biztos\u00edtott r\u00f3la, hogy ragaszkodik a ker\u00e9kp\u00e1roz\u00e1shoz, ami a maratoni fut\u00f3knak minden bizonnyal hatalmas megk\u00f6nnyebb\u00fcl\u00e9st jelent.<\/p>\n<p>https:\/\/www.instagram.com\/p\/CWB1jM7ofqT\/<\/p>\n<p>Hozz\u00e1tette, hogy tal\u00e1n nem a strandon elt\u00f6lt\u00f6tt k\u00e9t h\u00e9t volt a legide\u00e1lisabb felk\u00e9sz\u00fcl\u00e9s, de az eredm\u00e9nye arra biztat minket, hogy pontosan ez az, ami hi\u00e1nyzik a j\u00f3 teljes\u00edtm\u00e9nyhez: a strandon fekv\u00e9s!<\/p>\n<h2><strong>Naps\u00fct\u00e9s, homokos tengerpart \u00e9s szellemek?<\/strong><\/h2>\n<p>M\u00e1sok sokkal h\u00e9tk\u00f6znapibb m\u00f3don \u00e9rtelmezt\u00e9k a strandol\u00e1st, mint Yates. Daniel Oss p\u00e9ld\u00e1ul remek\u00fcl \u00e9rezte mag\u00e1t Zanzib\u00e1ron.<\/p>\n<p>https:\/\/www.instagram.com\/p\/CWBWB-io6yH\/<\/p>\n<p>Volt, aki \u00faj sportokat pr\u00f3b\u00e1lt ki, szint\u00e9n a tenger mellett: Marco Haller, a Bahrain Victorious csapat tagja, D\u00e9l-Afrik\u00e1ban golfozott, Nathan Haas pedig a szellemirt\u00e1sba v\u00e1gott bele.<\/p>\n<p>https:\/\/www.instagram.com\/p\/CV0XXeAs5ES\/<\/p>\n<p>&nbsp;<\/p>\n<h2><strong>Vak\u00e1ci\u00f3?<\/strong><\/h2>\n<p>Nem lenne igazi a ker\u00e9kp\u00e1ros off-szezon egy kis ker\u00e9kp\u00e1roz\u00e1s n\u00e9lk\u00fcl. Az Israel Start-Up Nation csapata hegyiker\u00e9kp\u00e1roz\u00e1ssal foglalta el mag\u00e1t Izraelben, ahogy az Chris Froome kiv\u00e1l\u00f3 szelfij\u00e9n is l\u00e1that\u00f3.<\/p>\n<p>https:\/\/www.instagram.com\/p\/CWDvSzosdCQ\/<\/p>\n<p>M\u00e1sok azonban nem \u00e9rt\u00e9k be egy kis montiz\u00e1ssal: Alex Dowsett egy\u00f3r\u00e1s rekordk\u00eds\u00e9rletbe v\u00e1gott bele, hogy megd\u00f6ntse Marianne Vos \u00e9s Lucinda Brand CX-cs\u00facs\u00e1t.<\/p>\n<p>Tal\u00e1n Larry Warbasse \u00e9s Connor Dunne utaz\u00e1sa volt azonban a legsz\u00f3rakoztat\u00f3bb. \u0150k a Kan\u00e1ri-szigetekre l\u00e1togattak el, ahonnan k\u00f6zvet\u00edtett\u00e9k kalandjaikat \u2013 persze mindig a nyeregb\u0151l.<\/p>\n<p>Kor\u00e1bban egy\u00fctt tekertek a m\u00e1ra megsz\u0171nt Aqua Blue Sport csapatban, de mindketten hoppon maradtak, amikor a vezet\u0151k n\u00e9h\u00e1ny nappal a 2018-as Tour of Britain el\u0151tt bejelentett\u00e9k, hogy cs\u0151dbe mentek. A p\u00e1ros munka hi\u00e1ny\u00e1ban \u00fagy d\u00f6nt\u00f6tt, arra haszn\u00e1lj\u00e1k a felszabadul\u00f3 idej\u00fcket, hogy bikepacking t\u00far\u00e1ra indulnak, aminek nem csak \u0151k, hanem mi is \u00f6r\u00fcl\u00fcnk, hiszen m\u00e9g filmet is k\u00e9sz\u00edtettek a kalandjaikr\u00f3l.<\/p>\n<div class=\"embed-controller-wrapper\">\n<div class=\"embed-wrapper\"><iframe data-src=\"https:\/\/player.vimeo.com\/video\/415965648?dnt=1&amp;app_id=122963\" width=\"500\" height=\"281\" frameborder=\"0\" allow=\"autoplay; fullscreen; picture-in-picture; clipboard-write\"><\/iframe><\/div>\n<\/div>\n<p>Az\u00f3ta m\u00e1r sz\u00e1mos csod\u00e1latos helyen j\u00e1rtak, most pedig \u00e9ppen a Kan\u00e1ri-szigeteken s\u00fcttetik magukat. \u00c9s \u00fagy t\u0171nik, \u00e9lvezik!<\/p>\n<p>https:\/\/www.instagram.com\/p\/CV8mA0sokJP\/<\/p>\n<h2><strong>\u00c1larcos Nairo<\/strong><\/h2>\n<p>A legjobb off-szezon sztori mind k\u00f6z\u00fcl Nairo Quintana nev\u00e9hez f\u0171z\u0151dik, aki egyszer\u0171en csak j\u00f3l \u00e9rezte mag\u00e1t. \u00c9s k\u00f6zben szerepelt a kolumbiai The Masked Singer c\u00edm\u0171 m\u0171sorban! Nem kis \u0151r\u00fclts\u00e9g volt bev\u00e1llalni. N\u00e9zd meg!<\/p>\n<div class=\"embed-controller-wrapper\">\n<blockquote class=\"twitter-tweet\" data-width=\"500\" data-dnt=\"true\">\n<p lang=\"es\" dir=\"ltr\">Buenos d\u00edas, twitter ciclismo. Os dejo este documento gr\u00e1fico.<a href=\"https:\/\/t.co\/IUbMFGT2iZ\">pic.twitter.com\/IUbMFGT2iZ<\/a><\/p>\n<p>&mdash; Cronoescalivada (@relojsubida) <a href=\"https:\/\/twitter.com\/relojsubida\/status\/1447103994376114181?ref_src=twsrc%5Etfw\">October 10, 2021<\/a><\/p><\/blockquote>\n<p><script async data-src=\"https:\/\/platform.twitter.com\/widgets.js\" charset=\"utf-8\"><\/script><\/div>\n<p>Ak\u00e1r zenei versenyen vesznek r\u00e9szt, ak\u00e1r maratont futnak, ez a soksz\u00edn\u0171 mez\u0151ny soha nem sz\u0171nik meg meglepet\u00e9st okozni, sem a nyeregben, sem akkor, amikor lesz\u00e1llnak r\u00f3la. \u00c9s a legjobb, hogy mindig mosolyt csalnak az arcunkra, sokszor saj\u00e1t mosolyukkal, mint p\u00e9ld\u00e1ul Cecilie Uttrup Ludwig is! H\u00e1t nem err\u0151l sz\u00f3l a vak\u00e1ci\u00f3?<\/p>\n<p>https:\/\/www.instagram.com\/p\/CWBoT0dM058\/<\/p>\n<p>A versenyz\u0151k a j\u00f3l meg\u00e9rdemelt pihen\u00e9s ut\u00e1n m\u00e1r \u00fclnek is vissza a nyeregbe, hogy felk\u00e9sz\u00fcljenek a 2022-es szezonra! Mi m\u00e1r alig v\u00e1rjuk, te is?<\/p>\n","protected":false},"excerpt":{"rendered":"<p>A vak\u00e1ci\u00f3 mindannyiunk sz\u00e1m\u00e1ra \u00e9rt\u00e9kes id\u0151szak, a profi biciklisek sz\u00e1m\u00e1ra azonban az a n\u00e9h\u00e1ny h\u00e9t, amikor nem kell versenyre k\u00e9sz\u00fclni\u00fck, [&hellip;]<\/p>\n","protected":false},"author":71,"featured_media":13056,"comment_status":"open","ping_status":"open","sticky":false,"template":"","format":"standard","meta":{"footnotes":""},"categories":[8],"tags":[],"global-categories":[],"class_list":["post-13046","post","type-post","status-publish","format-standard","has-post-thumbnail","hentry","category-orszaguti-kerekpar"],"yoast_head":"<!-- This site is optimized with the Yoast SEO Premium plugin v25.3 (Yoast SEO v25.9) - https:\/\/yoast.com\/wordpress\/plugins\/seo\/ -->\n<title>\u00cdgy t\u00f6ltik a profi ker\u00e9kp\u00e1rosok az off-szezont<\/title>\n<meta name=\"description\" content=\"A vak\u00e1ci\u00f3 mindannyiunk sz\u00e1m\u00e1ra \u00e9rt\u00e9kes id\u0151szak, a profi biciklisek sz\u00e1m\u00e1ra azonban az a n\u00e9h\u00e1ny h\u00e9t, amikor nem kell versenyre k\u00e9sz\u00fclni\u00fck, t\u00e9nyleg aranyat \u00e9r. Ideje f\u00e9lretenni a biciklit \u00e9s pihenni, kipr\u00f3b\u00e1lni valami \u00faj hobbit, vagy csak b\u00e1mulni a falat, ameddig vissza nem \u00fclhetnek a nyeregbe. Vagy nem?\" \/>\n<meta name=\"robots\" content=\"index, follow, max-snippet:-1, max-image-preview:large, max-video-preview:-1\" \/>\n<link rel=\"canonical\" href=\"https:\/\/www.welovecycling.com\/hu\/orszaguti-kerekpar\/igy-toltik-a-profi-kerekparosok-az-off-szezont\/\" \/>\n<meta property=\"og:locale\" content=\"hu_HU\" \/>\n<meta property=\"og:type\" content=\"article\" \/>\n<meta property=\"og:title\" content=\"\u00cdgy t\u00f6ltik a profi ker\u00e9kp\u00e1rosok az off-szezont\" \/>\n<meta property=\"og:description\" content=\"A vak\u00e1ci\u00f3 mindannyiunk sz\u00e1m\u00e1ra \u00e9rt\u00e9kes id\u0151szak, a profi biciklisek sz\u00e1m\u00e1ra azonban az a n\u00e9h\u00e1ny h\u00e9t, amikor nem kell versenyre k\u00e9sz\u00fclni\u00fck, t\u00e9nyleg aranyat \u00e9r. Ideje f\u00e9lretenni a biciklit \u00e9s pihenni, kipr\u00f3b\u00e1lni valami \u00faj hobbit, vagy csak b\u00e1mulni a falat, ameddig vissza nem \u00fclhetnek a nyeregbe. Vagy nem?\" \/>\n<meta property=\"og:url\" content=\"https:\/\/www.welovecycling.com\/hu\/orszaguti-kerekpar\/igy-toltik-a-profi-kerekparosok-az-off-szezont\/\" \/>\n<meta property=\"og:site_name\" content=\"\u0160koda We Love Cycling - Magyarorsz\u00e1g\" \/>\n<meta property=\"article:publisher\" content=\"https:\/\/www.facebook.com\/WeLoveCyclingHungary\/\" \/>\n<meta property=\"article:published_time\" content=\"2021-12-03T06:00:57+00:00\" \/>\n<meta property=\"og:image\" content=\"https:\/\/d2p6e6u75xmxt8.cloudfront.net\/12\/2021\/11\/Cyclists-peloton-profimedia-0638145923-CVR.jpg\" \/>\n\t<meta property=\"og:image:width\" content=\"1366\" \/>\n\t<meta property=\"og:image:height\" content=\"600\" \/>\n\t<meta property=\"og:image:type\" content=\"image\/jpeg\" \/>\n<meta name=\"author\" content=\"hegyizs\" \/>\n<meta name=\"twitter:card\" content=\"summary_large_image\" \/>\n<meta name=\"twitter:label1\" content=\"Written by\" \/>\n\t<meta name=\"twitter:data1\" content=\"Joshua Donaldson\" \/>\n\t<meta name=\"twitter:label2\" content=\"Est. reading time\" \/>\n\t<meta name=\"twitter:data2\" content=\"6\" \/>\n<script type=\"application\/ld+json\" class=\"yoast-schema-graph\">{\"@context\":\"https:\/\/schema.org\",\"@graph\":[{\"@type\":\"WebPage\",\"@id\":\"https:\/\/www.welovecycling.com\/hu\/orszaguti-kerekpar\/igy-toltik-a-profi-kerekparosok-az-off-szezont\/\",\"url\":\"https:\/\/www.welovecycling.com\/hu\/orszaguti-kerekpar\/igy-toltik-a-profi-kerekparosok-az-off-szezont\/\",\"name\":\"\u00cdgy t\u00f6ltik a profi ker\u00e9kp\u00e1rosok az off-szezont\",\"isPartOf\":{\"@id\":\"https:\/\/www.welovecycling.com\/hu\/#website\"},\"primaryImageOfPage\":{\"@id\":\"https:\/\/www.welovecycling.com\/hu\/orszaguti-kerekpar\/igy-toltik-a-profi-kerekparosok-az-off-szezont\/#primaryimage\"},\"image\":{\"@id\":\"https:\/\/www.welovecycling.com\/hu\/orszaguti-kerekpar\/igy-toltik-a-profi-kerekparosok-az-off-szezont\/#primaryimage\"},\"thumbnailUrl\":\"https:\/\/d2p6e6u75xmxt8.cloudfront.net\/12\/2021\/11\/Cyclists-peloton-profimedia-0638145923-CVR.jpg\",\"datePublished\":\"2021-12-03T06:00:57+00:00\",\"author\":{\"@id\":\"https:\/\/www.welovecycling.com\/hu\/#\/schema\/person\/414a2aebf1801691a5320edb6468e194\"},\"description\":\"A vak\u00e1ci\u00f3 mindannyiunk sz\u00e1m\u00e1ra \u00e9rt\u00e9kes id\u0151szak, a profi biciklisek sz\u00e1m\u00e1ra azonban az a n\u00e9h\u00e1ny h\u00e9t, amikor nem kell versenyre k\u00e9sz\u00fclni\u00fck, t\u00e9nyleg aranyat \u00e9r. Ideje f\u00e9lretenni a biciklit \u00e9s pihenni, kipr\u00f3b\u00e1lni valami \u00faj hobbit, vagy csak b\u00e1mulni a falat, ameddig vissza nem \u00fclhetnek a nyeregbe. Vagy nem?\",\"breadcrumb\":{\"@id\":\"https:\/\/www.welovecycling.com\/hu\/orszaguti-kerekpar\/igy-toltik-a-profi-kerekparosok-az-off-szezont\/#breadcrumb\"},\"inLanguage\":\"hu\",\"potentialAction\":[{\"@type\":\"ReadAction\",\"target\":[\"https:\/\/www.welovecycling.com\/hu\/orszaguti-kerekpar\/igy-toltik-a-profi-kerekparosok-az-off-szezont\/\"]}]},{\"@type\":\"ImageObject\",\"inLanguage\":\"hu\",\"@id\":\"https:\/\/www.welovecycling.com\/hu\/orszaguti-kerekpar\/igy-toltik-a-profi-kerekparosok-az-off-szezont\/#primaryimage\",\"url\":\"https:\/\/d2p6e6u75xmxt8.cloudfront.net\/12\/2021\/11\/Cyclists-peloton-profimedia-0638145923-CVR.jpg\",\"contentUrl\":\"https:\/\/d2p6e6u75xmxt8.cloudfront.net\/12\/2021\/11\/Cyclists-peloton-profimedia-0638145923-CVR.jpg\",\"width\":1366,\"height\":600,\"caption\":\"Peloton\"},{\"@type\":\"BreadcrumbList\",\"@id\":\"https:\/\/www.welovecycling.com\/hu\/orszaguti-kerekpar\/igy-toltik-a-profi-kerekparosok-az-off-szezont\/#breadcrumb\",\"itemListElement\":[{\"@type\":\"ListItem\",\"position\":1,\"name\":\"Home\",\"item\":\"https:\/\/www.welovecycling.com\/hu\/\"},{\"@type\":\"ListItem\",\"position\":2,\"name\":\"\u00cdgy t\u00f6ltik a profi ker\u00e9kp\u00e1rosok az off-szezont\"}]},{\"@type\":\"WebSite\",\"@id\":\"https:\/\/www.welovecycling.com\/hu\/#website\",\"url\":\"https:\/\/www.welovecycling.com\/hu\/\",\"name\":\"\u0160koda We Love Cycling - Magyarorsz\u00e1g\",\"description\":\"\u0160koda WeLoveCycling\",\"potentialAction\":[{\"@type\":\"SearchAction\",\"target\":{\"@type\":\"EntryPoint\",\"urlTemplate\":\"https:\/\/www.welovecycling.com\/hu\/?s={search_term_string}\"},\"query-input\":{\"@type\":\"PropertyValueSpecification\",\"valueRequired\":true,\"valueName\":\"search_term_string\"}}],\"inLanguage\":\"hu\"},{\"@type\":\"Person\",\"@id\":\"https:\/\/www.welovecycling.com\/hu\/#\/schema\/person\/414a2aebf1801691a5320edb6468e194\",\"name\":\"hegyizs\",\"image\":{\"@type\":\"ImageObject\",\"inLanguage\":\"hu\",\"@id\":\"https:\/\/www.welovecycling.com\/hu\/#\/schema\/person\/image\/\",\"url\":\"https:\/\/secure.gravatar.com\/avatar\/02cf8a7906b8cf90cecb4679defac7cfd33a1c2e3b88e4903d947f3bb58eedd3?s=96&d=mm&r=g\",\"contentUrl\":\"https:\/\/secure.gravatar.com\/avatar\/02cf8a7906b8cf90cecb4679defac7cfd33a1c2e3b88e4903d947f3bb58eedd3?s=96&d=mm&r=g\",\"caption\":\"hegyizs\"},\"url\":\"https:\/\/www.welovecycling.com\/hu\/author\/hegyizs\/\"}]}<\/script>\n<!-- \/ Yoast SEO Premium plugin. -->","yoast_head_json":{"title":"\u00cdgy t\u00f6ltik a profi ker\u00e9kp\u00e1rosok az off-szezont","description":"A vak\u00e1ci\u00f3 mindannyiunk sz\u00e1m\u00e1ra \u00e9rt\u00e9kes id\u0151szak, a profi biciklisek sz\u00e1m\u00e1ra azonban az a n\u00e9h\u00e1ny h\u00e9t, amikor nem kell versenyre k\u00e9sz\u00fclni\u00fck, t\u00e9nyleg aranyat \u00e9r. Ideje f\u00e9lretenni a biciklit \u00e9s pihenni, kipr\u00f3b\u00e1lni valami \u00faj hobbit, vagy csak b\u00e1mulni a falat, ameddig vissza nem \u00fclhetnek a nyeregbe. Vagy nem?","robots":{"index":"index","follow":"follow","max-snippet":"max-snippet:-1","max-image-preview":"max-image-preview:large","max-video-preview":"max-video-preview:-1"},"canonical":"https:\/\/www.welovecycling.com\/hu\/orszaguti-kerekpar\/igy-toltik-a-profi-kerekparosok-az-off-szezont\/","og_locale":"hu_HU","og_type":"article","og_title":"\u00cdgy t\u00f6ltik a profi ker\u00e9kp\u00e1rosok az off-szezont","og_description":"A vak\u00e1ci\u00f3 mindannyiunk sz\u00e1m\u00e1ra \u00e9rt\u00e9kes id\u0151szak, a profi biciklisek sz\u00e1m\u00e1ra azonban az a n\u00e9h\u00e1ny h\u00e9t, amikor nem kell versenyre k\u00e9sz\u00fclni\u00fck, t\u00e9nyleg aranyat \u00e9r. Ideje f\u00e9lretenni a biciklit \u00e9s pihenni, kipr\u00f3b\u00e1lni valami \u00faj hobbit, vagy csak b\u00e1mulni a falat, ameddig vissza nem \u00fclhetnek a nyeregbe. Vagy nem?","og_url":"https:\/\/www.welovecycling.com\/hu\/orszaguti-kerekpar\/igy-toltik-a-profi-kerekparosok-az-off-szezont\/","og_site_name":"\u0160koda We Love Cycling - Magyarorsz\u00e1g","article_publisher":"https:\/\/www.facebook.com\/WeLoveCyclingHungary\/","article_published_time":"2021-12-03T06:00:57+00:00","og_image":[{"width":1366,"height":600,"url":"https:\/\/d2p6e6u75xmxt8.cloudfront.net\/12\/2021\/11\/Cyclists-peloton-profimedia-0638145923-CVR.jpg","type":"image\/jpeg"}],"author":"hegyizs","twitter_card":"summary_large_image","twitter_misc":{"Written by":"Joshua Donaldson","Est. reading time":"6"},"schema":{"@context":"https:\/\/schema.org","@graph":[{"@type":"WebPage","@id":"https:\/\/www.welovecycling.com\/hu\/orszaguti-kerekpar\/igy-toltik-a-profi-kerekparosok-az-off-szezont\/","url":"https:\/\/www.welovecycling.com\/hu\/orszaguti-kerekpar\/igy-toltik-a-profi-kerekparosok-az-off-szezont\/","name":"\u00cdgy t\u00f6ltik a profi ker\u00e9kp\u00e1rosok az off-szezont","isPartOf":{"@id":"https:\/\/www.welovecycling.com\/hu\/#website"},"primaryImageOfPage":{"@id":"https:\/\/www.welovecycling.com\/hu\/orszaguti-kerekpar\/igy-toltik-a-profi-kerekparosok-az-off-szezont\/#primaryimage"},"image":{"@id":"https:\/\/www.welovecycling.com\/hu\/orszaguti-kerekpar\/igy-toltik-a-profi-kerekparosok-az-off-szezont\/#primaryimage"},"thumbnailUrl":"https:\/\/d2p6e6u75xmxt8.cloudfront.net\/12\/2021\/11\/Cyclists-peloton-profimedia-0638145923-CVR.jpg","datePublished":"2021-12-03T06:00:57+00:00","author":{"@id":"https:\/\/www.welovecycling.com\/hu\/#\/schema\/person\/414a2aebf1801691a5320edb6468e194"},"description":"A vak\u00e1ci\u00f3 mindannyiunk sz\u00e1m\u00e1ra \u00e9rt\u00e9kes id\u0151szak, a profi biciklisek sz\u00e1m\u00e1ra azonban az a n\u00e9h\u00e1ny h\u00e9t, amikor nem kell versenyre k\u00e9sz\u00fclni\u00fck, t\u00e9nyleg aranyat \u00e9r. Ideje f\u00e9lretenni a biciklit \u00e9s pihenni, kipr\u00f3b\u00e1lni valami \u00faj hobbit, vagy csak b\u00e1mulni a falat, ameddig vissza nem \u00fclhetnek a nyeregbe. Vagy nem?","breadcrumb":{"@id":"https:\/\/www.welovecycling.com\/hu\/orszaguti-kerekpar\/igy-toltik-a-profi-kerekparosok-az-off-szezont\/#breadcrumb"},"inLanguage":"hu","potentialAction":[{"@type":"ReadAction","target":["https:\/\/www.welovecycling.com\/hu\/orszaguti-kerekpar\/igy-toltik-a-profi-kerekparosok-az-off-szezont\/"]}]},{"@type":"ImageObject","inLanguage":"hu","@id":"https:\/\/www.welovecycling.com\/hu\/orszaguti-kerekpar\/igy-toltik-a-profi-kerekparosok-az-off-szezont\/#primaryimage","url":"https:\/\/d2p6e6u75xmxt8.cloudfront.net\/12\/2021\/11\/Cyclists-peloton-profimedia-0638145923-CVR.jpg","contentUrl":"https:\/\/d2p6e6u75xmxt8.cloudfront.net\/12\/2021\/11\/Cyclists-peloton-profimedia-0638145923-CVR.jpg","width":1366,"height":600,"caption":"Peloton"},{"@type":"BreadcrumbList","@id":"https:\/\/www.welovecycling.com\/hu\/orszaguti-kerekpar\/igy-toltik-a-profi-kerekparosok-az-off-szezont\/#breadcrumb","itemListElement":[{"@type":"ListItem","position":1,"name":"Home","item":"https:\/\/www.welovecycling.com\/hu\/"},{"@type":"ListItem","position":2,"name":"\u00cdgy t\u00f6ltik a profi ker\u00e9kp\u00e1rosok az off-szezont"}]},{"@type":"WebSite","@id":"https:\/\/www.welovecycling.com\/hu\/#website","url":"https:\/\/www.welovecycling.com\/hu\/","name":"\u0160koda We Love Cycling - Magyarorsz\u00e1g","description":"\u0160koda WeLoveCycling","potentialAction":[{"@type":"SearchAction","target":{"@type":"EntryPoint","urlTemplate":"https:\/\/www.welovecycling.com\/hu\/?s={search_term_string}"},"query-input":{"@type":"PropertyValueSpecification","valueRequired":true,"valueName":"search_term_string"}}],"inLanguage":"hu"},{"@type":"Person","@id":"https:\/\/www.welovecycling.com\/hu\/#\/schema\/person\/414a2aebf1801691a5320edb6468e194","name":"hegyizs","image":{"@type":"ImageObject","inLanguage":"hu","@id":"https:\/\/www.welovecycling.com\/hu\/#\/schema\/person\/image\/","url":"https:\/\/secure.gravatar.com\/avatar\/02cf8a7906b8cf90cecb4679defac7cfd33a1c2e3b88e4903d947f3bb58eedd3?s=96&d=mm&r=g","contentUrl":"https:\/\/secure.gravatar.com\/avatar\/02cf8a7906b8cf90cecb4679defac7cfd33a1c2e3b88e4903d947f3bb58eedd3?s=96&d=mm&r=g","caption":"hegyizs"},"url":"https:\/\/www.welovecycling.com\/hu\/author\/hegyizs\/"}]}},"_links":{"self":[{"href":"https:\/\/www.welovecycling.com\/hu\/wp-json\/wp\/v2\/posts\/13046","targetHints":{"allow":["GET"]}}],"collection":[{"href":"https:\/\/www.welovecycling.com\/hu\/wp-json\/wp\/v2\/posts"}],"about":[{"href":"https:\/\/www.welovecycling.com\/hu\/wp-json\/wp\/v2\/types\/post"}],"author":[{"embeddable":true,"href":"https:\/\/www.welovecycling.com\/hu\/wp-json\/wp\/v2\/users\/71"}],"replies":[{"embeddable":true,"href":"https:\/\/www.welovecycling.com\/hu\/wp-json\/wp\/v2\/comments?post=13046"}],"version-history":[{"count":1,"href":"https:\/\/www.welovecycling.com\/hu\/wp-json\/wp\/v2\/posts\/13046\/revisions"}],"predecessor-version":[{"id":13061,"href":"https:\/\/www.welovecycling.com\/hu\/wp-json\/wp\/v2\/posts\/13046\/revisions\/13061"}],"wp:featuredmedia":[{"embeddable":true,"href":"https:\/\/www.welovecycling.com\/hu\/wp-json\/wp\/v2\/media\/13056"}],"wp:attachment":[{"href":"https:\/\/www.welovecycling.com\/hu\/wp-json\/wp\/v2\/media?parent=13046"}],"wp:term":[{"taxonomy":"category","embeddable":true,"href":"https:\/\/www.welovecycling.com\/hu\/wp-json\/wp\/v2\/categories?post=13046"},{"taxonomy":"post_tag","embeddable":true,"href":"https:\/\/www.welovecycling.com\/hu\/wp-json\/wp\/v2\/tags?post=13046"},{"taxonomy":"global-categories","embeddable":true,"href":"https:\/\/www.welovecycling.com\/hu\/wp-json\/wp\/v2\/global-categories?post=13046"}],"curies":[{"name":"wp","href":"https:\/\/api.w.org\/{rel}","templated":true}]}}