{"id":13040,"date":"2021-12-02T08:00:23","date_gmt":"2021-12-02T06:00:23","guid":{"rendered":"https:\/\/www.welovecycling.com\/hu\/?p=13040"},"modified":"2021-11-26T17:17:09","modified_gmt":"2021-11-26T15:17:09","slug":"a-8-leggyakoribb-kifogas-amiert-nem-biciklivel-jarunk-dolgozni","status":"publish","type":"post","link":"https:\/\/www.welovecycling.com\/hu\/varosi-kerekparozas\/a-8-leggyakoribb-kifogas-amiert-nem-biciklivel-jarunk-dolgozni\/","title":{"rendered":"A 8 leggyakoribb kifog\u00e1s, ami\u00e9rt nem biciklivel j\u00e1runk dolgozni"},"content":{"rendered":"<p><strong>Sokszor m\u00e9g azok sem biciklivel j\u00e1rnak a munkahely\u00fckre, akik egy\u00e9bk\u00e9nt szeretnek tekerni, ennek pedig sz\u00e1mos oka van. A legt\u00f6bbj\u00fck azonban nem m\u00e1s, mint egyszer\u0171 kifog\u00e1s. Te is hallottad m\u00e1r ezeket?<\/strong><\/p>\n<p><!--more--><\/p>\n<h2><strong>Egy sokkal kompaktabb biciklire lenne sz\u00fcks\u00e9gem<\/strong><\/h2>\n<p>B\u00e1rmilyen bringa megteszi, de t\u00e9nyleg. Ameddig nem esik sz\u00e9t alattad, addig alkalmas a feladatra, f\u00fcggetlen\u00fcl att\u00f3l, hogy orsz\u00e1g\u00fati, v\u00e1rosi vagy monti. Csak egy p\u00e1r s\u00e1rv\u00e9d\u0151vel kell felszerelned, hogy meg\u00f3vd a ruh\u00e1d a nedvess\u00e9gt\u0151l, k\u00e9t l\u00e1mp\u00e1val, hogy biztons\u00e1gban haza\u00e9rj \u00e9s m\u00e9g n\u00e9h\u00e1ny apr\u00f3s\u00e1ggal, amikr\u0151l k\u00e9s\u0151bb lesz sz\u00f3. Az az igazs\u00e1g, hogy m\u00e9g csak nem is kell, hogy legyen saj\u00e1t biciklid, a legt\u00f6bb v\u00e1rosban m\u00e1r rengeteg k\u00f6z\u00f6ss\u00e9gi ker\u00e9kp\u00e1r \u00e1ll rendelkez\u00e9sedre.<\/p>\n<figure id=\"attachment_13041\" aria-describedby=\"caption-attachment-13041\" style=\"width: 1250px\" class=\"wp-caption alignnone\"><a href=\"https:\/\/d2p6e6u75xmxt8.cloudfront.net\/12\/2021\/11\/City-commute-profimedia-0633894179.jpg\"><img loading=\"lazy\" decoding=\"async\" class=\"wp-image-13041 size-full\" src=\"https:\/\/d2p6e6u75xmxt8.cloudfront.net\/12\/2021\/11\/City-commute-profimedia-0633894179.jpg\" alt=\"City commute\" width=\"1250\" height=\"832\" srcset=\"https:\/\/d2p6e6u75xmxt8.cloudfront.net\/12\/2021\/11\/City-commute-profimedia-0633894179.jpg 1250w, https:\/\/d2p6e6u75xmxt8.cloudfront.net\/12\/2021\/11\/City-commute-profimedia-0633894179-300x200.jpg 300w, https:\/\/d2p6e6u75xmxt8.cloudfront.net\/12\/2021\/11\/City-commute-profimedia-0633894179-1024x682.jpg 1024w, https:\/\/d2p6e6u75xmxt8.cloudfront.net\/12\/2021\/11\/City-commute-profimedia-0633894179-768x511.jpg 768w, https:\/\/d2p6e6u75xmxt8.cloudfront.net\/12\/2021\/11\/City-commute-profimedia-0633894179-272x182.jpg 272w\" sizes=\"auto, (max-width: 1250px) 100vw, 1250px\" \/><\/a><figcaption id=\"caption-attachment-13041\" class=\"wp-caption-text\">B\u00e1rmilyen ker\u00e9kp\u00e1r megteszi. \u00a9 Profimedia<\/figcaption><\/figure>\n<h2><strong>Nem \u00e9rhetek be izzadtan a munkahelyemre<\/strong><\/h2>\n<p>Az ember \u00e1tlagosan 10 perc testmozg\u00e1s ut\u00e1n kezd el izzadni. Ha szerencs\u00e9s vagy, ennyi id\u0151 alatt be\u00e9rsz a munkahelyedre, de sajnos a legt\u00f6bben nem vagyunk ennyire szerencs\u00e9sek. Ha azonban egy hosszabb \u00faton is kell v\u00e9gigmenned, ha nem er\u0151lteted nagyon meg magad, val\u00f3sz\u00edn\u0171leg nem fogsz megizzadni v\u00e1rosi terepen. Ha dombos helyen \u00e9lsz, \u00e9rdemes lehet megfontolni egy e-bike beszerz\u00e9s\u00e9t, ami megk\u00f6nny\u00edti az emelked\u0151k bev\u00e9tel\u00e9t, \u00e9s \u00edgy seg\u00edt, hogy sz\u00e1raz maradj. Ha a h\u00e1tizs\u00e1k szokott nedves foltokat hagyni a ruh\u00e1don, v\u00e1lts nyeregt\u00e1sk\u00e1ra! Nagyobb c\u00e9gek irod\u00e1iban pedig van zuhanyz\u00f3, ha n\u00e1latok is, haszn\u00e1ld!<\/p>\n<h2><strong>F\u00e9lek a cs\u00facsforgalomt\u00f3l<\/strong><\/h2>\n<p>Biztosak vagyunk benne, hogy tal\u00e1lsz alternat\u00edv \u00fatvonalakat, melyek nem a legs\u0171r\u0171bb, zajosabb, forgalmasabb utakon vezetnek \u00e1t. A csendes utc\u00e1k m\u00e9g akkor is kellemesebbek, ha kicsit ker\u00fcln\u00f6d kell miattuk. N\u00e9ha m\u00e9g parkokat is be tudsz \u00e9p\u00edteni az \u00fatvonaltervedbe!<\/p>\n<h2><strong>F\u00e9lek s\u00f6t\u00e9tben biciklizni<\/strong><\/h2>\n<p>Ahogy kor\u00e1bban eml\u00edtett\u00fck, ker\u00e9kp\u00e1rodat \u00fagy alak\u00edtod \u00e1t, ahogy kedved tartja, \u00edgy teh\u00e1t t\u00f6k\u00e9letes v\u00e1rosi \u00fatit\u00e1rsat is var\u00e1zsolhatsz bel\u0151le. Egy p\u00e1r er\u0151s l\u00e1mpa minden sz\u00f6gb\u0151l l\u00e1that\u00f3v\u00e1 tesz. \u00c9rdemes megfizetni a j\u00f3 f\u00e9nyer\u0151t! Figyelj r\u00e1, hogy mindig fel legyenek t\u00f6ltve, \u00e9s ha nem \u00e9rzed el\u00e9g figyelemfelkelt\u0151nek \u0151ket, eg\u00e9sz\u00edtsd ki a vil\u00e1g\u00edt\u00e1st, ker\u00e9kre, bok\u00e1ra, csukl\u00f3ra vagy sisakra r\u00f6gz\u00edthet\u0151, f\u00e9nyvisszaver\u0151 elemekkel!<\/p>\n<figure id=\"attachment_13042\" aria-describedby=\"caption-attachment-13042\" style=\"width: 1250px\" class=\"wp-caption alignnone\"><img loading=\"lazy\" decoding=\"async\" class=\"wp-image-13042 size-full\" src=\"https:\/\/d2p6e6u75xmxt8.cloudfront.net\/12\/2021\/11\/profimedia-0511095744.jpg\" alt=\"Commuting\" width=\"1250\" height=\"833\" srcset=\"https:\/\/d2p6e6u75xmxt8.cloudfront.net\/12\/2021\/11\/profimedia-0511095744.jpg 1250w, https:\/\/d2p6e6u75xmxt8.cloudfront.net\/12\/2021\/11\/profimedia-0511095744-300x200.jpg 300w, https:\/\/d2p6e6u75xmxt8.cloudfront.net\/12\/2021\/11\/profimedia-0511095744-1024x682.jpg 1024w, https:\/\/d2p6e6u75xmxt8.cloudfront.net\/12\/2021\/11\/profimedia-0511095744-768x512.jpg 768w, https:\/\/d2p6e6u75xmxt8.cloudfront.net\/12\/2021\/11\/profimedia-0511095744-272x182.jpg 272w\" sizes=\"auto, (max-width: 1250px) 100vw, 1250px\" \/><figcaption id=\"caption-attachment-13042\" class=\"wp-caption-text\">Mindig vannak alternat\u00edv \u00fatvonalak. \u00a9 Joe Dunckley \/ Alamy \/ Alamy \/ Profimedia<\/figcaption><\/figure>\n<h2><strong>T\u00fal sok dolgot kell magammal vinnem<\/strong><\/h2>\n<p>A ker\u00e9kp\u00e1ros \u00e9letm\u00f3d egyik el\u0151nye, hogy megtanulod \u00e1tgondolni, mire van t\u00e9nyleg sz\u00fcks\u00e9ged, \u00e9s mire nincs. Ha biciklivel j\u00e1rsz dolgozni, el\u0151bb-ut\u00f3bb cs\u00f6kkenteni fogod a magaddal cipelt cuccok mennyis\u00e9g\u00e9t. T\u00e9nyleg mindennap haza kell vinned a laptopod, vagy el\u00e9g, ha egy felh\u0151 alap\u00fa rendszert haszn\u00e1lsz, amit az otthoni g\u00e9pedr\u0151l is el\u00e9rsz? Lehet, hogy meg\u00e9ri venni k\u00e9t t\u00f6lt\u0151t? Ugyanez vonatkozik minden olyan t\u00e1rgyra, amit bent tudsz hagyni az irod\u00e1ban. Ha k\u00e9nyelmetlen a h\u00e1tizs\u00e1kod, v\u00e1lassz m\u00e1s eszk\u00f6zt a cuccaid cipel\u00e9s\u00e9re!<\/p>\n<h2><strong>Nem tudom hova tenni a bring\u00e1m<\/strong><\/h2>\n<p>Term\u00e9szetesen senki sem akarja, hogy ameddig dolgozik, ellopj\u00e1k a ker\u00e9kp\u00e1rj\u00e1t. Van azonban n\u00e9h\u00e1ny m\u00f3dszer ennek megel\u0151z\u00e9s\u00e9re. A megfelel\u0151 z\u00e1r beszerz\u00e9s\u00e9t\u0151l kezdve a lehet\u0151 legk\u00f6zelebb es\u0151 oszlop megkeres\u00e9s\u00e9ig! De a f\u0151n\u00f6k\u00f6ddel is besz\u00e9lhetsz a probl\u00e9m\u00e1r\u00f3l, h\u00e1tha tud aj\u00e1nlani egy rakt\u00e1rhelyis\u00e9get vagy folyos\u00f3t, ahol biztons\u00e1gosan megv\u00e1rhatja a j\u00e1rg\u00e1nyod a munkaid\u0151d v\u00e9g\u00e9t.<\/p>\n<h2><strong>Nem vagyok el\u00e9g fitt hozz\u00e1<\/strong><\/h2>\n<figure id=\"attachment_13043\" aria-describedby=\"caption-attachment-13043\" style=\"width: 1000px\" class=\"wp-caption alignnone\"><a href=\"https:\/\/d2p6e6u75xmxt8.cloudfront.net\/12\/2021\/11\/City-urban-cycling-profimedia-0619582990.jpg\"><img loading=\"lazy\" decoding=\"async\" class=\"wp-image-13043 size-full\" src=\"https:\/\/d2p6e6u75xmxt8.cloudfront.net\/12\/2021\/11\/City-urban-cycling-profimedia-0619582990.jpg\" alt=\"City cycling\" width=\"1000\" height=\"666\" srcset=\"https:\/\/d2p6e6u75xmxt8.cloudfront.net\/12\/2021\/11\/City-urban-cycling-profimedia-0619582990.jpg 1000w, https:\/\/d2p6e6u75xmxt8.cloudfront.net\/12\/2021\/11\/City-urban-cycling-profimedia-0619582990-300x200.jpg 300w, https:\/\/d2p6e6u75xmxt8.cloudfront.net\/12\/2021\/11\/City-urban-cycling-profimedia-0619582990-768x511.jpg 768w, https:\/\/d2p6e6u75xmxt8.cloudfront.net\/12\/2021\/11\/City-urban-cycling-profimedia-0619582990-272x182.jpg 272w\" sizes=\"auto, (max-width: 1000px) 100vw, 1000px\" \/><\/a><figcaption id=\"caption-attachment-13043\" class=\"wp-caption-text\">Meg tudod csin\u00e1lni! \u00a9 Profimedia<\/figcaption><\/figure>\n<p>Hacsak nem akarod be\u00e9p\u00edteni az edz\u00e9sterveket, a munkahelyedre val\u00f3 teker\u00e9st eg\u00e9szen laz\u00e1ra veheted. R\u00e1ad\u00e1sul heti 3-4 alkalom hamar er\u0151sebb\u00e9 fog tenni, \u00edgy egyre gyorsabban haladsz majd, an\u00e9lk\u00fcl, hogy kifulladn\u00e1l. Az extra kal\u00f3ri\u00e1k el\u00e9get\u00e9s\u00e9r\u0151l nem is besz\u00e9lve! Ha m\u00e9g most belev\u00e1gsz, a hideg t\u00e9li h\u00f3napokat m\u00e1r meg sem fogod \u00e9rezni!<\/p>\n<h2><strong>Ut\u00e1lok csak ez\u00e9rt kor\u00e1bban felkelni<\/strong><\/h2>\n<p>Sokan \u00fagy l\u00e1tj\u00e1k, hogy a bicikliz\u00e9s egy lassabb k\u00f6zleked\u00e9si m\u00f3d, mint a t\u00f6megk\u00f6zleked\u00e9s vagy az aut\u00f3. A v\u00e1rosokban azonban nem ez a val\u00f3s\u00e1g. Ha figyelembe veszed a k\u00e9s\u00e9seket, a torl\u00f3d\u00e1sokat, az \u00e1tsz\u00e1ll\u00e1sokat, a ker\u00e9kp\u00e1roz\u00e1s val\u00f3sz\u00edn\u0171leg a leggyorsabb \u00e9s legmegb\u00edzhat\u00f3bb k\u00f6zleked\u00e9si eszk\u00f6zz\u00e9 avanzs\u00e1l a szemedben. H\u00e1zt\u00f3l h\u00e1zig visz, nem kell r\u00e1 v\u00e1rni, \u00e9s nem fogsz \u00e1csorogni vele a dug\u00f3ban sem!<\/p>\n<h2><strong>Nem akarok f\u00e1radtan \u00e9rkezni a munkahelyemre<\/strong><\/h2>\n<p>Felm\u00e9r\u00e9sek alapj\u00e1n az emberek frissebbek lesznek egy kis ker\u00e9kp\u00e1roz\u00e1s ut\u00e1n, nem pedig f\u00e1radtabbak! Felpezsd\u00fcl a v\u00e9rkering\u00e9s, a friss leveg\u0151 \u00e9s a testmozg\u00e1s pedig seg\u00edt fel\u00e9breszteni az agyat \u2013 sokkal ink\u00e1bb, mint amikor azon stresszelsz, hogy a dug\u00f3 miatt lek\u00e9sed-e a reggeli megbesz\u00e9l\u00e9st. A tanulm\u00e1nyok azt is kimutatj\u00e1k, hogy a rendszeres ker\u00e9kp\u00e1roz\u00e1s jav\u00edtja az alv\u00e1st \u00e9s cs\u00f6kkenti a szorong\u00e1st. Soha nem fogsz jobban kin\u00e9zni, mint ker\u00e9kp\u00e1roz\u00e1s ut\u00e1n!<\/p>\n","protected":false},"excerpt":{"rendered":"<p>Sokszor m\u00e9g azok sem biciklivel j\u00e1rnak a munkahely\u00fckre, akik egy\u00e9bk\u00e9nt szeretnek tekerni, ennek pedig sz\u00e1mos oka van. A legt\u00f6bbj\u00fck azonban [&hellip;]<\/p>\n","protected":false},"author":71,"featured_media":13045,"comment_status":"open","ping_status":"open","sticky":false,"template":"","format":"standard","meta":{"footnotes":""},"categories":[9],"tags":[],"global-categories":[],"class_list":["post-13040","post","type-post","status-publish","format-standard","has-post-thumbnail","hentry","category-varosi-kerekparozas"],"yoast_head":"<!-- This site is optimized with the Yoast SEO Premium plugin v25.3 (Yoast SEO v25.9) - https:\/\/yoast.com\/wordpress\/plugins\/seo\/ -->\n<title>A 8 leggyakoribb kifog\u00e1s, ami\u00e9rt nem biciklivel j\u00e1runk dolgozni<\/title>\n<meta name=\"description\" content=\"Sokszor m\u00e9g azok sem biciklivel j\u00e1rnak a munkahely\u00fckre, akik egy\u00e9bk\u00e9nt szeretnek tekerni, ennek pedig sz\u00e1mos oka van. A legt\u00f6bbj\u00fck azonban nem m\u00e1s, mint egyszer\u0171 kifog\u00e1s. Te is hallottad m\u00e1r ezeket?\" \/>\n<meta name=\"robots\" content=\"index, follow, max-snippet:-1, max-image-preview:large, max-video-preview:-1\" \/>\n<link rel=\"canonical\" href=\"https:\/\/www.welovecycling.com\/hu\/varosi-kerekparozas\/a-8-leggyakoribb-kifogas-amiert-nem-biciklivel-jarunk-dolgozni\/\" \/>\n<meta property=\"og:locale\" content=\"hu_HU\" \/>\n<meta property=\"og:type\" content=\"article\" \/>\n<meta property=\"og:title\" content=\"A 8 leggyakoribb kifog\u00e1s, ami\u00e9rt nem biciklivel j\u00e1runk dolgozni\" \/>\n<meta property=\"og:description\" content=\"Sokszor m\u00e9g azok sem biciklivel j\u00e1rnak a munkahely\u00fckre, akik egy\u00e9bk\u00e9nt szeretnek tekerni, ennek pedig sz\u00e1mos oka van. A legt\u00f6bbj\u00fck azonban nem m\u00e1s, mint egyszer\u0171 kifog\u00e1s. Te is hallottad m\u00e1r ezeket?\" \/>\n<meta property=\"og:url\" content=\"https:\/\/www.welovecycling.com\/hu\/varosi-kerekparozas\/a-8-leggyakoribb-kifogas-amiert-nem-biciklivel-jarunk-dolgozni\/\" \/>\n<meta property=\"og:site_name\" content=\"\u0160koda We Love Cycling - Magyarorsz\u00e1g\" \/>\n<meta property=\"article:publisher\" content=\"https:\/\/www.facebook.com\/WeLoveCyclingHungary\/\" \/>\n<meta property=\"article:published_time\" content=\"2021-12-02T06:00:23+00:00\" \/>\n<meta property=\"og:image\" content=\"https:\/\/d2p6e6u75xmxt8.cloudfront.net\/12\/2021\/11\/Ljubljana-commuting-profimedia-0615578420-CVR.jpg\" \/>\n\t<meta property=\"og:image:width\" content=\"1366\" \/>\n\t<meta property=\"og:image:height\" content=\"600\" \/>\n\t<meta property=\"og:image:type\" content=\"image\/jpeg\" \/>\n<meta name=\"author\" content=\"hegyizs\" \/>\n<meta name=\"twitter:card\" content=\"summary_large_image\" \/>\n<meta name=\"twitter:label1\" content=\"Written by\" \/>\n\t<meta name=\"twitter:data1\" content=\"Adam Marsal\" \/>\n\t<meta name=\"twitter:label2\" content=\"Est. reading time\" \/>\n\t<meta name=\"twitter:data2\" content=\"6\" \/>\n<script type=\"application\/ld+json\" class=\"yoast-schema-graph\">{\"@context\":\"https:\/\/schema.org\",\"@graph\":[{\"@type\":\"WebPage\",\"@id\":\"https:\/\/www.welovecycling.com\/hu\/varosi-kerekparozas\/a-8-leggyakoribb-kifogas-amiert-nem-biciklivel-jarunk-dolgozni\/\",\"url\":\"https:\/\/www.welovecycling.com\/hu\/varosi-kerekparozas\/a-8-leggyakoribb-kifogas-amiert-nem-biciklivel-jarunk-dolgozni\/\",\"name\":\"A 8 leggyakoribb kifog\u00e1s, ami\u00e9rt nem biciklivel j\u00e1runk dolgozni\",\"isPartOf\":{\"@id\":\"https:\/\/www.welovecycling.com\/hu\/#website\"},\"primaryImageOfPage\":{\"@id\":\"https:\/\/www.welovecycling.com\/hu\/varosi-kerekparozas\/a-8-leggyakoribb-kifogas-amiert-nem-biciklivel-jarunk-dolgozni\/#primaryimage\"},\"image\":{\"@id\":\"https:\/\/www.welovecycling.com\/hu\/varosi-kerekparozas\/a-8-leggyakoribb-kifogas-amiert-nem-biciklivel-jarunk-dolgozni\/#primaryimage\"},\"thumbnailUrl\":\"https:\/\/d2p6e6u75xmxt8.cloudfront.net\/12\/2021\/11\/Ljubljana-commuting-profimedia-0615578420-CVR.jpg\",\"datePublished\":\"2021-12-02T06:00:23+00:00\",\"author\":{\"@id\":\"https:\/\/www.welovecycling.com\/hu\/#\/schema\/person\/414a2aebf1801691a5320edb6468e194\"},\"description\":\"Sokszor m\u00e9g azok sem biciklivel j\u00e1rnak a munkahely\u00fckre, akik egy\u00e9bk\u00e9nt szeretnek tekerni, ennek pedig sz\u00e1mos oka van. A legt\u00f6bbj\u00fck azonban nem m\u00e1s, mint egyszer\u0171 kifog\u00e1s. Te is hallottad m\u00e1r ezeket?\",\"breadcrumb\":{\"@id\":\"https:\/\/www.welovecycling.com\/hu\/varosi-kerekparozas\/a-8-leggyakoribb-kifogas-amiert-nem-biciklivel-jarunk-dolgozni\/#breadcrumb\"},\"inLanguage\":\"hu\",\"potentialAction\":[{\"@type\":\"ReadAction\",\"target\":[\"https:\/\/www.welovecycling.com\/hu\/varosi-kerekparozas\/a-8-leggyakoribb-kifogas-amiert-nem-biciklivel-jarunk-dolgozni\/\"]}]},{\"@type\":\"ImageObject\",\"inLanguage\":\"hu\",\"@id\":\"https:\/\/www.welovecycling.com\/hu\/varosi-kerekparozas\/a-8-leggyakoribb-kifogas-amiert-nem-biciklivel-jarunk-dolgozni\/#primaryimage\",\"url\":\"https:\/\/d2p6e6u75xmxt8.cloudfront.net\/12\/2021\/11\/Ljubljana-commuting-profimedia-0615578420-CVR.jpg\",\"contentUrl\":\"https:\/\/d2p6e6u75xmxt8.cloudfront.net\/12\/2021\/11\/Ljubljana-commuting-profimedia-0615578420-CVR.jpg\",\"width\":1366,\"height\":600,\"caption\":\"Ljubljana cycling\"},{\"@type\":\"BreadcrumbList\",\"@id\":\"https:\/\/www.welovecycling.com\/hu\/varosi-kerekparozas\/a-8-leggyakoribb-kifogas-amiert-nem-biciklivel-jarunk-dolgozni\/#breadcrumb\",\"itemListElement\":[{\"@type\":\"ListItem\",\"position\":1,\"name\":\"Home\",\"item\":\"https:\/\/www.welovecycling.com\/hu\/\"},{\"@type\":\"ListItem\",\"position\":2,\"name\":\"A 8 leggyakoribb kifog\u00e1s, ami\u00e9rt nem biciklivel j\u00e1runk dolgozni\"}]},{\"@type\":\"WebSite\",\"@id\":\"https:\/\/www.welovecycling.com\/hu\/#website\",\"url\":\"https:\/\/www.welovecycling.com\/hu\/\",\"name\":\"\u0160koda We Love Cycling - Magyarorsz\u00e1g\",\"description\":\"\u0160koda WeLoveCycling\",\"potentialAction\":[{\"@type\":\"SearchAction\",\"target\":{\"@type\":\"EntryPoint\",\"urlTemplate\":\"https:\/\/www.welovecycling.com\/hu\/?s={search_term_string}\"},\"query-input\":{\"@type\":\"PropertyValueSpecification\",\"valueRequired\":true,\"valueName\":\"search_term_string\"}}],\"inLanguage\":\"hu\"},{\"@type\":\"Person\",\"@id\":\"https:\/\/www.welovecycling.com\/hu\/#\/schema\/person\/414a2aebf1801691a5320edb6468e194\",\"name\":\"hegyizs\",\"image\":{\"@type\":\"ImageObject\",\"inLanguage\":\"hu\",\"@id\":\"https:\/\/www.welovecycling.com\/hu\/#\/schema\/person\/image\/\",\"url\":\"https:\/\/secure.gravatar.com\/avatar\/02cf8a7906b8cf90cecb4679defac7cfd33a1c2e3b88e4903d947f3bb58eedd3?s=96&d=mm&r=g\",\"contentUrl\":\"https:\/\/secure.gravatar.com\/avatar\/02cf8a7906b8cf90cecb4679defac7cfd33a1c2e3b88e4903d947f3bb58eedd3?s=96&d=mm&r=g\",\"caption\":\"hegyizs\"},\"url\":\"https:\/\/www.welovecycling.com\/hu\/author\/hegyizs\/\"}]}<\/script>\n<!-- \/ Yoast SEO Premium plugin. -->","yoast_head_json":{"title":"A 8 leggyakoribb kifog\u00e1s, ami\u00e9rt nem biciklivel j\u00e1runk dolgozni","description":"Sokszor m\u00e9g azok sem biciklivel j\u00e1rnak a munkahely\u00fckre, akik egy\u00e9bk\u00e9nt szeretnek tekerni, ennek pedig sz\u00e1mos oka van. A legt\u00f6bbj\u00fck azonban nem m\u00e1s, mint egyszer\u0171 kifog\u00e1s. Te is hallottad m\u00e1r ezeket?","robots":{"index":"index","follow":"follow","max-snippet":"max-snippet:-1","max-image-preview":"max-image-preview:large","max-video-preview":"max-video-preview:-1"},"canonical":"https:\/\/www.welovecycling.com\/hu\/varosi-kerekparozas\/a-8-leggyakoribb-kifogas-amiert-nem-biciklivel-jarunk-dolgozni\/","og_locale":"hu_HU","og_type":"article","og_title":"A 8 leggyakoribb kifog\u00e1s, ami\u00e9rt nem biciklivel j\u00e1runk dolgozni","og_description":"Sokszor m\u00e9g azok sem biciklivel j\u00e1rnak a munkahely\u00fckre, akik egy\u00e9bk\u00e9nt szeretnek tekerni, ennek pedig sz\u00e1mos oka van. A legt\u00f6bbj\u00fck azonban nem m\u00e1s, mint egyszer\u0171 kifog\u00e1s. Te is hallottad m\u00e1r ezeket?","og_url":"https:\/\/www.welovecycling.com\/hu\/varosi-kerekparozas\/a-8-leggyakoribb-kifogas-amiert-nem-biciklivel-jarunk-dolgozni\/","og_site_name":"\u0160koda We Love Cycling - Magyarorsz\u00e1g","article_publisher":"https:\/\/www.facebook.com\/WeLoveCyclingHungary\/","article_published_time":"2021-12-02T06:00:23+00:00","og_image":[{"width":1366,"height":600,"url":"https:\/\/d2p6e6u75xmxt8.cloudfront.net\/12\/2021\/11\/Ljubljana-commuting-profimedia-0615578420-CVR.jpg","type":"image\/jpeg"}],"author":"hegyizs","twitter_card":"summary_large_image","twitter_misc":{"Written by":"Adam Marsal","Est. reading time":"6"},"schema":{"@context":"https:\/\/schema.org","@graph":[{"@type":"WebPage","@id":"https:\/\/www.welovecycling.com\/hu\/varosi-kerekparozas\/a-8-leggyakoribb-kifogas-amiert-nem-biciklivel-jarunk-dolgozni\/","url":"https:\/\/www.welovecycling.com\/hu\/varosi-kerekparozas\/a-8-leggyakoribb-kifogas-amiert-nem-biciklivel-jarunk-dolgozni\/","name":"A 8 leggyakoribb kifog\u00e1s, ami\u00e9rt nem biciklivel j\u00e1runk dolgozni","isPartOf":{"@id":"https:\/\/www.welovecycling.com\/hu\/#website"},"primaryImageOfPage":{"@id":"https:\/\/www.welovecycling.com\/hu\/varosi-kerekparozas\/a-8-leggyakoribb-kifogas-amiert-nem-biciklivel-jarunk-dolgozni\/#primaryimage"},"image":{"@id":"https:\/\/www.welovecycling.com\/hu\/varosi-kerekparozas\/a-8-leggyakoribb-kifogas-amiert-nem-biciklivel-jarunk-dolgozni\/#primaryimage"},"thumbnailUrl":"https:\/\/d2p6e6u75xmxt8.cloudfront.net\/12\/2021\/11\/Ljubljana-commuting-profimedia-0615578420-CVR.jpg","datePublished":"2021-12-02T06:00:23+00:00","author":{"@id":"https:\/\/www.welovecycling.com\/hu\/#\/schema\/person\/414a2aebf1801691a5320edb6468e194"},"description":"Sokszor m\u00e9g azok sem biciklivel j\u00e1rnak a munkahely\u00fckre, akik egy\u00e9bk\u00e9nt szeretnek tekerni, ennek pedig sz\u00e1mos oka van. A legt\u00f6bbj\u00fck azonban nem m\u00e1s, mint egyszer\u0171 kifog\u00e1s. Te is hallottad m\u00e1r ezeket?","breadcrumb":{"@id":"https:\/\/www.welovecycling.com\/hu\/varosi-kerekparozas\/a-8-leggyakoribb-kifogas-amiert-nem-biciklivel-jarunk-dolgozni\/#breadcrumb"},"inLanguage":"hu","potentialAction":[{"@type":"ReadAction","target":["https:\/\/www.welovecycling.com\/hu\/varosi-kerekparozas\/a-8-leggyakoribb-kifogas-amiert-nem-biciklivel-jarunk-dolgozni\/"]}]},{"@type":"ImageObject","inLanguage":"hu","@id":"https:\/\/www.welovecycling.com\/hu\/varosi-kerekparozas\/a-8-leggyakoribb-kifogas-amiert-nem-biciklivel-jarunk-dolgozni\/#primaryimage","url":"https:\/\/d2p6e6u75xmxt8.cloudfront.net\/12\/2021\/11\/Ljubljana-commuting-profimedia-0615578420-CVR.jpg","contentUrl":"https:\/\/d2p6e6u75xmxt8.cloudfront.net\/12\/2021\/11\/Ljubljana-commuting-profimedia-0615578420-CVR.jpg","width":1366,"height":600,"caption":"Ljubljana cycling"},{"@type":"BreadcrumbList","@id":"https:\/\/www.welovecycling.com\/hu\/varosi-kerekparozas\/a-8-leggyakoribb-kifogas-amiert-nem-biciklivel-jarunk-dolgozni\/#breadcrumb","itemListElement":[{"@type":"ListItem","position":1,"name":"Home","item":"https:\/\/www.welovecycling.com\/hu\/"},{"@type":"ListItem","position":2,"name":"A 8 leggyakoribb kifog\u00e1s, ami\u00e9rt nem biciklivel j\u00e1runk dolgozni"}]},{"@type":"WebSite","@id":"https:\/\/www.welovecycling.com\/hu\/#website","url":"https:\/\/www.welovecycling.com\/hu\/","name":"\u0160koda We Love Cycling - Magyarorsz\u00e1g","description":"\u0160koda WeLoveCycling","potentialAction":[{"@type":"SearchAction","target":{"@type":"EntryPoint","urlTemplate":"https:\/\/www.welovecycling.com\/hu\/?s={search_term_string}"},"query-input":{"@type":"PropertyValueSpecification","valueRequired":true,"valueName":"search_term_string"}}],"inLanguage":"hu"},{"@type":"Person","@id":"https:\/\/www.welovecycling.com\/hu\/#\/schema\/person\/414a2aebf1801691a5320edb6468e194","name":"hegyizs","image":{"@type":"ImageObject","inLanguage":"hu","@id":"https:\/\/www.welovecycling.com\/hu\/#\/schema\/person\/image\/","url":"https:\/\/secure.gravatar.com\/avatar\/02cf8a7906b8cf90cecb4679defac7cfd33a1c2e3b88e4903d947f3bb58eedd3?s=96&d=mm&r=g","contentUrl":"https:\/\/secure.gravatar.com\/avatar\/02cf8a7906b8cf90cecb4679defac7cfd33a1c2e3b88e4903d947f3bb58eedd3?s=96&d=mm&r=g","caption":"hegyizs"},"url":"https:\/\/www.welovecycling.com\/hu\/author\/hegyizs\/"}]}},"_links":{"self":[{"href":"https:\/\/www.welovecycling.com\/hu\/wp-json\/wp\/v2\/posts\/13040","targetHints":{"allow":["GET"]}}],"collection":[{"href":"https:\/\/www.welovecycling.com\/hu\/wp-json\/wp\/v2\/posts"}],"about":[{"href":"https:\/\/www.welovecycling.com\/hu\/wp-json\/wp\/v2\/types\/post"}],"author":[{"embeddable":true,"href":"https:\/\/www.welovecycling.com\/hu\/wp-json\/wp\/v2\/users\/71"}],"replies":[{"embeddable":true,"href":"https:\/\/www.welovecycling.com\/hu\/wp-json\/wp\/v2\/comments?post=13040"}],"version-history":[{"count":2,"href":"https:\/\/www.welovecycling.com\/hu\/wp-json\/wp\/v2\/posts\/13040\/revisions"}],"predecessor-version":[{"id":13060,"href":"https:\/\/www.welovecycling.com\/hu\/wp-json\/wp\/v2\/posts\/13040\/revisions\/13060"}],"wp:featuredmedia":[{"embeddable":true,"href":"https:\/\/www.welovecycling.com\/hu\/wp-json\/wp\/v2\/media\/13045"}],"wp:attachment":[{"href":"https:\/\/www.welovecycling.com\/hu\/wp-json\/wp\/v2\/media?parent=13040"}],"wp:term":[{"taxonomy":"category","embeddable":true,"href":"https:\/\/www.welovecycling.com\/hu\/wp-json\/wp\/v2\/categories?post=13040"},{"taxonomy":"post_tag","embeddable":true,"href":"https:\/\/www.welovecycling.com\/hu\/wp-json\/wp\/v2\/tags?post=13040"},{"taxonomy":"global-categories","embeddable":true,"href":"https:\/\/www.welovecycling.com\/hu\/wp-json\/wp\/v2\/global-categories?post=13040"}],"curies":[{"name":"wp","href":"https:\/\/api.w.org\/{rel}","templated":true}]}}