{"id":13030,"date":"2021-11-30T08:00:30","date_gmt":"2021-11-30T06:00:30","guid":{"rendered":"https:\/\/www.welovecycling.com\/hu\/?p=13030"},"modified":"2021-11-26T17:15:21","modified_gmt":"2021-11-26T15:15:21","slug":"pogacar-szerint-le-lehet-ot-gyozni-vajon-igaza-van","status":"publish","type":"post","link":"https:\/\/www.welovecycling.com\/hu\/orszaguti-kerekpar\/pogacar-szerint-le-lehet-ot-gyozni-vajon-igaza-van\/","title":{"rendered":"Poga\u010dar szerint le lehet \u0151t gy\u0151zni. Vajon igaza van?"},"content":{"rendered":"<p><strong>Az a h\u00edr j\u00e1rja a ker\u00e9kp\u00e1ros vil\u00e1gban, hogy a k\u00e9tszeres Tour de France-gy\u0151ztes Tadej Poga\u010dar val\u00f3j\u00e1ban Superman! Persze nem haszn\u00e1lja mindig a szupererej\u00e9t, csak amikor \u00fagy l\u00e1tja, hogy sz\u00fcks\u00e9ges. Mint p\u00e9ld\u00e1ul a Tour de France-on.<\/strong> <strong>Az a j\u00e1tszi k\u00f6nnyeds\u00e9g, amellyel Poga\u010dar megnyerte a vil\u00e1g legrangosabb orsz\u00e1g\u00fati esem\u00e9ny\u00e9nek legut\u00f3bbi k\u00e9t verseny\u00e9t, mind a hegyi szakaszokat, mind az id\u0151futamokat, arra k\u00e9sztetett n\u00e9h\u00e1ny versenyz\u0151t, mint p\u00e9ld\u00e1ul a fiatal d\u00e1n ker\u00e9kp\u00e1rost, Jonas Vingegaard-t, hogy kimondj\u00e1k: a 23 \u00e9ves szlov\u00e9n verhetetlen.<\/strong><!--more--><\/p>\n<p>Nagyon \u00e9rdekli Vingegaard-t, hogy ez val\u00f3ban \u00edgy van-e, hiszen j\u00f6v\u0151re az \u0151 haz\u00e1j\u00e1ban rajtol a Tour, ezzel egyed\u00fcl\u00e1ll\u00f3 lehet\u0151s\u00e9get ny\u00fajt a Jumbo-Visma 24 \u00e9ves versenyz\u0151j\u00e9nek, hogy nemzeti h\u0151ss\u00e9 v\u00e1lhasson. Tavaly Vingegaard nagyot ment, amikor Primo\u017e Rogli\u010d bukott, \u00e9s \u00e1tvette a csapat vezet\u00e9s\u00e9t \u2013 v\u00e9g\u00fcl m\u00e1sodik lett az \u00f6sszetettben, 5 perccel \u00e9s 20 m\u00e1sodperccel lemaradva tudjuk, kit\u0151l.<\/p>\n<figure id=\"attachment_13031\" aria-describedby=\"caption-attachment-13031\" style=\"width: 1250px\" class=\"wp-caption alignnone\"><img loading=\"lazy\" decoding=\"async\" class=\"wp-image-13031 size-full\" src=\"https:\/\/d2p6e6u75xmxt8.cloudfront.net\/12\/2021\/11\/profimedia-0622102670.jpg\" alt=\"Tour de France\" width=\"1250\" height=\"833\" srcset=\"https:\/\/d2p6e6u75xmxt8.cloudfront.net\/12\/2021\/11\/profimedia-0622102670.jpg 1250w, https:\/\/d2p6e6u75xmxt8.cloudfront.net\/12\/2021\/11\/profimedia-0622102670-300x200.jpg 300w, https:\/\/d2p6e6u75xmxt8.cloudfront.net\/12\/2021\/11\/profimedia-0622102670-1024x682.jpg 1024w, https:\/\/d2p6e6u75xmxt8.cloudfront.net\/12\/2021\/11\/profimedia-0622102670-768x512.jpg 768w, https:\/\/d2p6e6u75xmxt8.cloudfront.net\/12\/2021\/11\/profimedia-0622102670-272x182.jpg 272w\" sizes=\"auto, (max-width: 1250px) 100vw, 1250px\" \/><figcaption id=\"caption-attachment-13031\" class=\"wp-caption-text\">Jonas Vingegaard, Tadej Poga\u010dar, Mark Cavendish \u00e9s Wout Poels a 108. Tour de France utols\u00f3 szakasz\u00e1nak elej\u00e9n, 2021. j\u00falius 18-\u00e1n, vas\u00e1rnap. \u00a9 Profimedia<\/figcaption><\/figure>\n<p>El\u0151sz\u00f6r is Vingegaardnak meg kell gy\u0151znie a Jumbo-Visma igazgat\u00f3j\u00e1t, hogy hadd lehessen Rogli\u010d mellett \u0151 is csapatvezet\u0151. A m\u00e1sodik feladata m\u00e9g ijeszt\u0151bb: le kell gy\u0151znie Poga\u010dart, aki m\u00e1r nagyon v\u00e1rja a versenyt. <em>\u201eNagyon j\u00f3 lesz\u201d<\/em> \u2013 nyilatkozta a Velo News magazinnak. <em>\u201eMinden van az \u00fatvonalban: sprintek, kis emelked\u0151k, nagy emelked\u0151k, id\u0151futamok, macskak\u00f6vek. Alig v\u00e1rom!\u201d<\/em><\/p>\n<p>Nagyon magabiztosnak hangzik, de Vingegaard megjegyz\u00e9s\u00e9re reag\u00e1lva, Poga\u010dar kiemelte, hogy egy\u00e1ltal\u00e1n nem tartja mag\u00e1t legy\u0151zhetetlennek.<\/p>\n<figure id=\"attachment_13032\" aria-describedby=\"caption-attachment-13032\" style=\"width: 1000px\" class=\"wp-caption alignnone\"><img loading=\"lazy\" decoding=\"async\" class=\"wp-image-13032 size-full\" src=\"https:\/\/d2p6e6u75xmxt8.cloudfront.net\/12\/2021\/11\/Pogacar-Vingegaard-Carapaz-profimedia-0622128747.jpg\" alt=\"\" width=\"1000\" height=\"663\" srcset=\"https:\/\/d2p6e6u75xmxt8.cloudfront.net\/12\/2021\/11\/Pogacar-Vingegaard-Carapaz-profimedia-0622128747.jpg 1000w, https:\/\/d2p6e6u75xmxt8.cloudfront.net\/12\/2021\/11\/Pogacar-Vingegaard-Carapaz-profimedia-0622128747-300x199.jpg 300w, https:\/\/d2p6e6u75xmxt8.cloudfront.net\/12\/2021\/11\/Pogacar-Vingegaard-Carapaz-profimedia-0622128747-768x509.jpg 768w\" sizes=\"auto, (max-width: 1000px) 100vw, 1000px\" \/><figcaption id=\"caption-attachment-13032\" class=\"wp-caption-text\">Tadej Poga\u010dar a s\u00e1rga trik\u00f3ban, bal oldalon Jonas Vingegaard, jobb oldalon Richard Carapaz. \u00a9 Profimedia<\/figcaption><\/figure>\n<p>Id\u00e9n Poga\u010dar h\u00e1rom hegyi szakaszt nyert a Touron, de r\u00f6vid id\u0151re lemaradt Vingegaardt\u00f3l a Mont Ventoux tetej\u00e9n \u2013 b\u00e1r v\u00e9g\u00fcl t\u00f6bb mint 5 perccel megverte a d\u00e1n versenyz\u0151t. Azonban mutatott n\u00e9mi gyenges\u00e9get! Kifejtette, hogy meg lehet \u0151t verni, f\u0151leg akkor, ha elszakad a csapat t\u00f6bbi tagj\u00e1t\u00f3l, vagy ha nem tudj\u00e1k megfelel\u0151en seg\u00edteni. \u201e<em>Ha nem lenne el\u00e9g er\u0151s a csapatom, hossz\u00fa t\u00e1von bajban lenn\u00e9k\u201d<\/em> \u2013 mondta. <em>\u201eAz Ineosnak t\u00f6bb vezet\u0151je is van, \u00edgy t\u00f6bbf\u00e9le strat\u00e9gi\u00e1t ki tudnak pr\u00f3b\u00e1lni. Azt hiszem, sok dolog sz\u00e1m\u00edt, rengeteg minden befoly\u00e1solja a teljes\u00edtm\u00e9nyem. Ahogy mindenki m\u00e1snak is.\u201d<\/em><\/p>\n<p>Na, persze. Gondoljunk csak vissza a 2020-as Tour-ra, amikor Poga\u010dar egyed\u00fcl m\u00e1szta meg a hegyeket, egyetlen csapatt\u00e1rsa sem t\u00e1mogatta az UAE Emirates-b\u0151l, \u00e9s \u00edgy is \u0151 nyert az utols\u00f3 id\u0151m\u00e9r\u0151 miatt. Egyszer\u0171en j\u00f3 versenyz\u0151, az orsz\u00e1g\u00fati ker\u00e9kp\u00e1roz\u00e1s minden ter\u00fclet\u00e9n, okosan j\u00e1tszik \u00e9s kem\u00e9nyen koncentr\u00e1l. Emiatt nyerte meg ilyen nagy f\u00f6l\u00e9nnyel az idei Tour-t is. J\u00f6v\u0151re pedig a csapata is er\u0151sebb lesz.<\/p>\n<figure id=\"attachment_13033\" aria-describedby=\"caption-attachment-13033\" style=\"width: 1000px\" class=\"wp-caption alignnone\"><img loading=\"lazy\" decoding=\"async\" class=\"wp-image-13033 size-full\" src=\"https:\/\/d2p6e6u75xmxt8.cloudfront.net\/12\/2021\/11\/Il-Lombardia-profimedia-0637313712.jpg\" alt=\"\" width=\"1000\" height=\"666\" srcset=\"https:\/\/d2p6e6u75xmxt8.cloudfront.net\/12\/2021\/11\/Il-Lombardia-profimedia-0637313712.jpg 1000w, https:\/\/d2p6e6u75xmxt8.cloudfront.net\/12\/2021\/11\/Il-Lombardia-profimedia-0637313712-300x200.jpg 300w, https:\/\/d2p6e6u75xmxt8.cloudfront.net\/12\/2021\/11\/Il-Lombardia-profimedia-0637313712-768x511.jpg 768w, https:\/\/d2p6e6u75xmxt8.cloudfront.net\/12\/2021\/11\/Il-Lombardia-profimedia-0637313712-272x182.jpg 272w\" sizes=\"auto, (max-width: 1000px) 100vw, 1000px\" \/><figcaption id=\"caption-attachment-13033\" class=\"wp-caption-text\">Fausto Masnada, Tadej Poga\u010dar \u00e9sAdam Yates az Il Lombardia dobog\u00f3j\u00e1n. \u00a9 Profimedia<\/figcaption><\/figure>\n<p>Arra gyanakszunk, hogy Poga\u010dar macska-eg\u00e9r j\u00e1t\u00e9kot j\u00e1tszik, azzal, hogy azt sugallja a versenyt\u00e1rsainak, le lehet gy\u0151zni, val\u00f3s\u00e1ggal kih\u00edvja \u0151ket maga ellen. Szerint\u00fcnk \u0151 sem hiszi el, hogy megverik. Hogy b\u00e1rki legy\u0151zheti ak\u00e1r a TdF-en, ak\u00e1r a k\u00f6zelj\u00f6v\u0151ben m\u00e1s versenyen, maximum, ha t\u00e9nyleg nagy szerencs\u00e9tlens\u00e9geknek lesz az \u00e1ldozata.<\/p>\n<p>\u00c9s szerint\u00fcnk ebben igaza van.<\/p>\n","protected":false},"excerpt":{"rendered":"<p>Az a h\u00edr j\u00e1rja a ker\u00e9kp\u00e1ros vil\u00e1gban, hogy a k\u00e9tszeres Tour de France-gy\u0151ztes Tadej Poga\u010dar val\u00f3j\u00e1ban Superman! Persze nem haszn\u00e1lja [&hellip;]<\/p>\n","protected":false},"author":71,"featured_media":13035,"comment_status":"open","ping_status":"open","sticky":false,"template":"","format":"standard","meta":{"footnotes":""},"categories":[8],"tags":[],"global-categories":[],"class_list":["post-13030","post","type-post","status-publish","format-standard","has-post-thumbnail","hentry","category-orszaguti-kerekpar"],"yoast_head":"<!-- This site is optimized with the Yoast SEO Premium plugin v25.3 (Yoast SEO v25.9) - https:\/\/yoast.com\/wordpress\/plugins\/seo\/ -->\n<title>Poga\u010dar szerint le lehet \u0151t gy\u0151zni. Vajon igaza van?<\/title>\n<meta name=\"description\" content=\"Az a h\u00edr j\u00e1rja a ker\u00e9kp\u00e1ros vil\u00e1gban, hogy a k\u00e9tszeres Tour de France-gy\u0151ztes Tadej Poga\u010dar val\u00f3j\u00e1ban Superman! Persze nem haszn\u00e1lja mindig a szupererej\u00e9t, csak amikor \u00fagy l\u00e1tja, hogy sz\u00fcks\u00e9ges. Mint p\u00e9ld\u00e1ul a Tour de France-on.\" \/>\n<meta name=\"robots\" content=\"index, follow, max-snippet:-1, max-image-preview:large, max-video-preview:-1\" \/>\n<link rel=\"canonical\" href=\"https:\/\/www.welovecycling.com\/hu\/orszaguti-kerekpar\/pogacar-szerint-le-lehet-ot-gyozni-vajon-igaza-van\/\" \/>\n<meta property=\"og:locale\" content=\"hu_HU\" \/>\n<meta property=\"og:type\" content=\"article\" \/>\n<meta property=\"og:title\" content=\"Poga\u010dar szerint le lehet \u0151t gy\u0151zni. Vajon igaza van?\" \/>\n<meta property=\"og:description\" content=\"Az a h\u00edr j\u00e1rja a ker\u00e9kp\u00e1ros vil\u00e1gban, hogy a k\u00e9tszeres Tour de France-gy\u0151ztes Tadej Poga\u010dar val\u00f3j\u00e1ban Superman! Persze nem haszn\u00e1lja mindig a szupererej\u00e9t, csak amikor \u00fagy l\u00e1tja, hogy sz\u00fcks\u00e9ges. Mint p\u00e9ld\u00e1ul a Tour de France-on.\" \/>\n<meta property=\"og:url\" content=\"https:\/\/www.welovecycling.com\/hu\/orszaguti-kerekpar\/pogacar-szerint-le-lehet-ot-gyozni-vajon-igaza-van\/\" \/>\n<meta property=\"og:site_name\" content=\"\u0160koda We Love Cycling - Magyarorsz\u00e1g\" \/>\n<meta property=\"article:publisher\" content=\"https:\/\/www.facebook.com\/WeLoveCyclingHungary\/\" \/>\n<meta property=\"article:published_time\" content=\"2021-11-30T06:00:30+00:00\" \/>\n<meta property=\"og:image\" content=\"https:\/\/d2p6e6u75xmxt8.cloudfront.net\/12\/2021\/11\/Tadej-Pogacar-CVR-profimedia-0558912872.jpg\" \/>\n\t<meta property=\"og:image:width\" content=\"1366\" \/>\n\t<meta property=\"og:image:height\" content=\"600\" \/>\n\t<meta property=\"og:image:type\" content=\"image\/jpeg\" \/>\n<meta name=\"author\" content=\"hegyizs\" \/>\n<meta name=\"twitter:card\" content=\"summary_large_image\" \/>\n<meta name=\"twitter:label1\" content=\"Written by\" \/>\n\t<meta name=\"twitter:data1\" content=\"Siegfried Mortkowitz\" \/>\n\t<meta name=\"twitter:label2\" content=\"Est. reading time\" \/>\n\t<meta name=\"twitter:data2\" content=\"5\" \/>\n<script type=\"application\/ld+json\" class=\"yoast-schema-graph\">{\"@context\":\"https:\/\/schema.org\",\"@graph\":[{\"@type\":\"WebPage\",\"@id\":\"https:\/\/www.welovecycling.com\/hu\/orszaguti-kerekpar\/pogacar-szerint-le-lehet-ot-gyozni-vajon-igaza-van\/\",\"url\":\"https:\/\/www.welovecycling.com\/hu\/orszaguti-kerekpar\/pogacar-szerint-le-lehet-ot-gyozni-vajon-igaza-van\/\",\"name\":\"Poga\u010dar szerint le lehet \u0151t gy\u0151zni. Vajon igaza van?\",\"isPartOf\":{\"@id\":\"https:\/\/www.welovecycling.com\/hu\/#website\"},\"primaryImageOfPage\":{\"@id\":\"https:\/\/www.welovecycling.com\/hu\/orszaguti-kerekpar\/pogacar-szerint-le-lehet-ot-gyozni-vajon-igaza-van\/#primaryimage\"},\"image\":{\"@id\":\"https:\/\/www.welovecycling.com\/hu\/orszaguti-kerekpar\/pogacar-szerint-le-lehet-ot-gyozni-vajon-igaza-van\/#primaryimage\"},\"thumbnailUrl\":\"https:\/\/d2p6e6u75xmxt8.cloudfront.net\/12\/2021\/11\/Tadej-Pogacar-CVR-profimedia-0558912872.jpg\",\"datePublished\":\"2021-11-30T06:00:30+00:00\",\"author\":{\"@id\":\"https:\/\/www.welovecycling.com\/hu\/#\/schema\/person\/414a2aebf1801691a5320edb6468e194\"},\"description\":\"Az a h\u00edr j\u00e1rja a ker\u00e9kp\u00e1ros vil\u00e1gban, hogy a k\u00e9tszeres Tour de France-gy\u0151ztes Tadej Poga\u010dar val\u00f3j\u00e1ban Superman! Persze nem haszn\u00e1lja mindig a szupererej\u00e9t, csak amikor \u00fagy l\u00e1tja, hogy sz\u00fcks\u00e9ges. Mint p\u00e9ld\u00e1ul a Tour de France-on.\",\"breadcrumb\":{\"@id\":\"https:\/\/www.welovecycling.com\/hu\/orszaguti-kerekpar\/pogacar-szerint-le-lehet-ot-gyozni-vajon-igaza-van\/#breadcrumb\"},\"inLanguage\":\"hu\",\"potentialAction\":[{\"@type\":\"ReadAction\",\"target\":[\"https:\/\/www.welovecycling.com\/hu\/orszaguti-kerekpar\/pogacar-szerint-le-lehet-ot-gyozni-vajon-igaza-van\/\"]}]},{\"@type\":\"ImageObject\",\"inLanguage\":\"hu\",\"@id\":\"https:\/\/www.welovecycling.com\/hu\/orszaguti-kerekpar\/pogacar-szerint-le-lehet-ot-gyozni-vajon-igaza-van\/#primaryimage\",\"url\":\"https:\/\/d2p6e6u75xmxt8.cloudfront.net\/12\/2021\/11\/Tadej-Pogacar-CVR-profimedia-0558912872.jpg\",\"contentUrl\":\"https:\/\/d2p6e6u75xmxt8.cloudfront.net\/12\/2021\/11\/Tadej-Pogacar-CVR-profimedia-0558912872.jpg\",\"width\":1366,\"height\":600},{\"@type\":\"BreadcrumbList\",\"@id\":\"https:\/\/www.welovecycling.com\/hu\/orszaguti-kerekpar\/pogacar-szerint-le-lehet-ot-gyozni-vajon-igaza-van\/#breadcrumb\",\"itemListElement\":[{\"@type\":\"ListItem\",\"position\":1,\"name\":\"Home\",\"item\":\"https:\/\/www.welovecycling.com\/hu\/\"},{\"@type\":\"ListItem\",\"position\":2,\"name\":\"Poga\u010dar szerint le lehet \u0151t gy\u0151zni. Vajon igaza van?\"}]},{\"@type\":\"WebSite\",\"@id\":\"https:\/\/www.welovecycling.com\/hu\/#website\",\"url\":\"https:\/\/www.welovecycling.com\/hu\/\",\"name\":\"\u0160koda We Love Cycling - Magyarorsz\u00e1g\",\"description\":\"\u0160koda WeLoveCycling\",\"potentialAction\":[{\"@type\":\"SearchAction\",\"target\":{\"@type\":\"EntryPoint\",\"urlTemplate\":\"https:\/\/www.welovecycling.com\/hu\/?s={search_term_string}\"},\"query-input\":{\"@type\":\"PropertyValueSpecification\",\"valueRequired\":true,\"valueName\":\"search_term_string\"}}],\"inLanguage\":\"hu\"},{\"@type\":\"Person\",\"@id\":\"https:\/\/www.welovecycling.com\/hu\/#\/schema\/person\/414a2aebf1801691a5320edb6468e194\",\"name\":\"hegyizs\",\"image\":{\"@type\":\"ImageObject\",\"inLanguage\":\"hu\",\"@id\":\"https:\/\/www.welovecycling.com\/hu\/#\/schema\/person\/image\/\",\"url\":\"https:\/\/secure.gravatar.com\/avatar\/02cf8a7906b8cf90cecb4679defac7cfd33a1c2e3b88e4903d947f3bb58eedd3?s=96&d=mm&r=g\",\"contentUrl\":\"https:\/\/secure.gravatar.com\/avatar\/02cf8a7906b8cf90cecb4679defac7cfd33a1c2e3b88e4903d947f3bb58eedd3?s=96&d=mm&r=g\",\"caption\":\"hegyizs\"},\"url\":\"https:\/\/www.welovecycling.com\/hu\/author\/hegyizs\/\"}]}<\/script>\n<!-- \/ Yoast SEO Premium plugin. -->","yoast_head_json":{"title":"Poga\u010dar szerint le lehet \u0151t gy\u0151zni. Vajon igaza van?","description":"Az a h\u00edr j\u00e1rja a ker\u00e9kp\u00e1ros vil\u00e1gban, hogy a k\u00e9tszeres Tour de France-gy\u0151ztes Tadej Poga\u010dar val\u00f3j\u00e1ban Superman! Persze nem haszn\u00e1lja mindig a szupererej\u00e9t, csak amikor \u00fagy l\u00e1tja, hogy sz\u00fcks\u00e9ges. Mint p\u00e9ld\u00e1ul a Tour de France-on.","robots":{"index":"index","follow":"follow","max-snippet":"max-snippet:-1","max-image-preview":"max-image-preview:large","max-video-preview":"max-video-preview:-1"},"canonical":"https:\/\/www.welovecycling.com\/hu\/orszaguti-kerekpar\/pogacar-szerint-le-lehet-ot-gyozni-vajon-igaza-van\/","og_locale":"hu_HU","og_type":"article","og_title":"Poga\u010dar szerint le lehet \u0151t gy\u0151zni. Vajon igaza van?","og_description":"Az a h\u00edr j\u00e1rja a ker\u00e9kp\u00e1ros vil\u00e1gban, hogy a k\u00e9tszeres Tour de France-gy\u0151ztes Tadej Poga\u010dar val\u00f3j\u00e1ban Superman! Persze nem haszn\u00e1lja mindig a szupererej\u00e9t, csak amikor \u00fagy l\u00e1tja, hogy sz\u00fcks\u00e9ges. Mint p\u00e9ld\u00e1ul a Tour de France-on.","og_url":"https:\/\/www.welovecycling.com\/hu\/orszaguti-kerekpar\/pogacar-szerint-le-lehet-ot-gyozni-vajon-igaza-van\/","og_site_name":"\u0160koda We Love Cycling - Magyarorsz\u00e1g","article_publisher":"https:\/\/www.facebook.com\/WeLoveCyclingHungary\/","article_published_time":"2021-11-30T06:00:30+00:00","og_image":[{"width":1366,"height":600,"url":"https:\/\/d2p6e6u75xmxt8.cloudfront.net\/12\/2021\/11\/Tadej-Pogacar-CVR-profimedia-0558912872.jpg","type":"image\/jpeg"}],"author":"hegyizs","twitter_card":"summary_large_image","twitter_misc":{"Written by":"Siegfried Mortkowitz","Est. reading time":"5"},"schema":{"@context":"https:\/\/schema.org","@graph":[{"@type":"WebPage","@id":"https:\/\/www.welovecycling.com\/hu\/orszaguti-kerekpar\/pogacar-szerint-le-lehet-ot-gyozni-vajon-igaza-van\/","url":"https:\/\/www.welovecycling.com\/hu\/orszaguti-kerekpar\/pogacar-szerint-le-lehet-ot-gyozni-vajon-igaza-van\/","name":"Poga\u010dar szerint le lehet \u0151t gy\u0151zni. Vajon igaza van?","isPartOf":{"@id":"https:\/\/www.welovecycling.com\/hu\/#website"},"primaryImageOfPage":{"@id":"https:\/\/www.welovecycling.com\/hu\/orszaguti-kerekpar\/pogacar-szerint-le-lehet-ot-gyozni-vajon-igaza-van\/#primaryimage"},"image":{"@id":"https:\/\/www.welovecycling.com\/hu\/orszaguti-kerekpar\/pogacar-szerint-le-lehet-ot-gyozni-vajon-igaza-van\/#primaryimage"},"thumbnailUrl":"https:\/\/d2p6e6u75xmxt8.cloudfront.net\/12\/2021\/11\/Tadej-Pogacar-CVR-profimedia-0558912872.jpg","datePublished":"2021-11-30T06:00:30+00:00","author":{"@id":"https:\/\/www.welovecycling.com\/hu\/#\/schema\/person\/414a2aebf1801691a5320edb6468e194"},"description":"Az a h\u00edr j\u00e1rja a ker\u00e9kp\u00e1ros vil\u00e1gban, hogy a k\u00e9tszeres Tour de France-gy\u0151ztes Tadej Poga\u010dar val\u00f3j\u00e1ban Superman! Persze nem haszn\u00e1lja mindig a szupererej\u00e9t, csak amikor \u00fagy l\u00e1tja, hogy sz\u00fcks\u00e9ges. Mint p\u00e9ld\u00e1ul a Tour de France-on.","breadcrumb":{"@id":"https:\/\/www.welovecycling.com\/hu\/orszaguti-kerekpar\/pogacar-szerint-le-lehet-ot-gyozni-vajon-igaza-van\/#breadcrumb"},"inLanguage":"hu","potentialAction":[{"@type":"ReadAction","target":["https:\/\/www.welovecycling.com\/hu\/orszaguti-kerekpar\/pogacar-szerint-le-lehet-ot-gyozni-vajon-igaza-van\/"]}]},{"@type":"ImageObject","inLanguage":"hu","@id":"https:\/\/www.welovecycling.com\/hu\/orszaguti-kerekpar\/pogacar-szerint-le-lehet-ot-gyozni-vajon-igaza-van\/#primaryimage","url":"https:\/\/d2p6e6u75xmxt8.cloudfront.net\/12\/2021\/11\/Tadej-Pogacar-CVR-profimedia-0558912872.jpg","contentUrl":"https:\/\/d2p6e6u75xmxt8.cloudfront.net\/12\/2021\/11\/Tadej-Pogacar-CVR-profimedia-0558912872.jpg","width":1366,"height":600},{"@type":"BreadcrumbList","@id":"https:\/\/www.welovecycling.com\/hu\/orszaguti-kerekpar\/pogacar-szerint-le-lehet-ot-gyozni-vajon-igaza-van\/#breadcrumb","itemListElement":[{"@type":"ListItem","position":1,"name":"Home","item":"https:\/\/www.welovecycling.com\/hu\/"},{"@type":"ListItem","position":2,"name":"Poga\u010dar szerint le lehet \u0151t gy\u0151zni. Vajon igaza van?"}]},{"@type":"WebSite","@id":"https:\/\/www.welovecycling.com\/hu\/#website","url":"https:\/\/www.welovecycling.com\/hu\/","name":"\u0160koda We Love Cycling - Magyarorsz\u00e1g","description":"\u0160koda WeLoveCycling","potentialAction":[{"@type":"SearchAction","target":{"@type":"EntryPoint","urlTemplate":"https:\/\/www.welovecycling.com\/hu\/?s={search_term_string}"},"query-input":{"@type":"PropertyValueSpecification","valueRequired":true,"valueName":"search_term_string"}}],"inLanguage":"hu"},{"@type":"Person","@id":"https:\/\/www.welovecycling.com\/hu\/#\/schema\/person\/414a2aebf1801691a5320edb6468e194","name":"hegyizs","image":{"@type":"ImageObject","inLanguage":"hu","@id":"https:\/\/www.welovecycling.com\/hu\/#\/schema\/person\/image\/","url":"https:\/\/secure.gravatar.com\/avatar\/02cf8a7906b8cf90cecb4679defac7cfd33a1c2e3b88e4903d947f3bb58eedd3?s=96&d=mm&r=g","contentUrl":"https:\/\/secure.gravatar.com\/avatar\/02cf8a7906b8cf90cecb4679defac7cfd33a1c2e3b88e4903d947f3bb58eedd3?s=96&d=mm&r=g","caption":"hegyizs"},"url":"https:\/\/www.welovecycling.com\/hu\/author\/hegyizs\/"}]}},"_links":{"self":[{"href":"https:\/\/www.welovecycling.com\/hu\/wp-json\/wp\/v2\/posts\/13030","targetHints":{"allow":["GET"]}}],"collection":[{"href":"https:\/\/www.welovecycling.com\/hu\/wp-json\/wp\/v2\/posts"}],"about":[{"href":"https:\/\/www.welovecycling.com\/hu\/wp-json\/wp\/v2\/types\/post"}],"author":[{"embeddable":true,"href":"https:\/\/www.welovecycling.com\/hu\/wp-json\/wp\/v2\/users\/71"}],"replies":[{"embeddable":true,"href":"https:\/\/www.welovecycling.com\/hu\/wp-json\/wp\/v2\/comments?post=13030"}],"version-history":[{"count":2,"href":"https:\/\/www.welovecycling.com\/hu\/wp-json\/wp\/v2\/posts\/13030\/revisions"}],"predecessor-version":[{"id":13058,"href":"https:\/\/www.welovecycling.com\/hu\/wp-json\/wp\/v2\/posts\/13030\/revisions\/13058"}],"wp:featuredmedia":[{"embeddable":true,"href":"https:\/\/www.welovecycling.com\/hu\/wp-json\/wp\/v2\/media\/13035"}],"wp:attachment":[{"href":"https:\/\/www.welovecycling.com\/hu\/wp-json\/wp\/v2\/media?parent=13030"}],"wp:term":[{"taxonomy":"category","embeddable":true,"href":"https:\/\/www.welovecycling.com\/hu\/wp-json\/wp\/v2\/categories?post=13030"},{"taxonomy":"post_tag","embeddable":true,"href":"https:\/\/www.welovecycling.com\/hu\/wp-json\/wp\/v2\/tags?post=13030"},{"taxonomy":"global-categories","embeddable":true,"href":"https:\/\/www.welovecycling.com\/hu\/wp-json\/wp\/v2\/global-categories?post=13030"}],"curies":[{"name":"wp","href":"https:\/\/api.w.org\/{rel}","templated":true}]}}