{"id":13021,"date":"2021-11-29T08:00:43","date_gmt":"2021-11-29T06:00:43","guid":{"rendered":"https:\/\/www.welovecycling.com\/hu\/?p=13021"},"modified":"2021-11-29T17:04:42","modified_gmt":"2021-11-29T15:04:42","slug":"az-5-legrosszabb-bicikliut-spanyolorszagban","status":"publish","type":"post","link":"https:\/\/www.welovecycling.com\/hu\/orszaguti-kerekpar\/az-5-legrosszabb-bicikliut-spanyolorszagban\/","title":{"rendered":"Az 5 legrosszabb bicikli\u00fat Spanyolorsz\u00e1gban"},"content":{"rendered":"<p><strong>Nem sokkal ezel\u0151tt a We Love Cycling brit k\u00e9pviselete mer\u00e9sz c\u00e9lt t\u0171z\u00f6tt ki maga el\u00e9: \u00f6sszegy\u0171jteni az orsz\u00e1g legrosszabb bringa\u00fatjait! Egy t\u00f6bb r\u00e9gi\u00f3ban is megval\u00f3sul\u00f3 kamp\u00e1ny r\u00e9szek\u00e9nt \u00e1llhatott \u00f6ssze az al\u00e1bbi gal\u00e9ria, mely a haszn\u00e1lhatatlan ker\u00e9kp\u00e1rutak \u00e1llapot\u00e1ra h\u00edvja fel a figyelmet. Jobb utakat akarunk! De addig is, nevess\u00fcnk a rosszakon!<\/strong><!--more--><\/p>\n<p>\u00dagy t\u0171nik, a Covid-19 vil\u00e1gj\u00e1rv\u00e1ny elm\u00falt k\u00e9t \u00e9ve kataliz\u00e1tork\u00e9nt m\u0171k\u00f6d\u00f6tt a ker\u00e9kp\u00e1roz\u00e1ssal kapcsolatos k\u00fcl\u00f6nf\u00e9le fejleszt\u00e9sekben. A spanyol f\u0151v\u00e1ros most kamatoztatja a 2013-ban bevezetett \u00faj k\u00f6zleked\u00e9stervez\u00e9si rendszer\u00e9nek, a \u201eMadridi Modell\u201d-nek az el\u0151nyeit. Emellett a spanyol korm\u00e1ny j\u00f3v\u00e1hagyta az orsz\u00e1g els\u0151 ker\u00e9kp\u00e1ros strat\u00e9gi\u00e1j\u00e1nak megtervez\u00e9s\u00e9t, mely keretein bel\u00fcl a meghat\u00e1rozott 5 milli\u00f3 eur\u00f3s k\u00f6lts\u00e9gkeretet kiz\u00e1r\u00f3lag a biciklis infrastrukt\u00fara fejleszt\u00e9s\u00e9re ford\u00edtj\u00e1k. Rem\u00e9lj\u00fck, hogy jut bel\u0151le a gal\u00e9ri\u00e1nkban bemutatott furcsa kre\u00e1lm\u00e1nyok helyrepofoz\u00e1s\u00e1ra is! \uf04a<\/p>\n<h2><strong>1. Ha nem figyelsz, ugratni fogsz!<\/strong><\/h2>\n<figure id=\"attachment_13022\" aria-describedby=\"caption-attachment-13022\" style=\"width: 695px\" class=\"wp-caption alignnone\"><a href=\"https:\/\/d2p6e6u75xmxt8.cloudfront.net\/12\/2021\/11\/Arrow_cycle-lane.jpg\"><img loading=\"lazy\" decoding=\"async\" class=\"wp-image-13022\" src=\"https:\/\/d2p6e6u75xmxt8.cloudfront.net\/12\/2021\/11\/Arrow_cycle-lane.jpg\" alt=\"Spain cycle lane\" width=\"695\" height=\"695\" srcset=\"https:\/\/d2p6e6u75xmxt8.cloudfront.net\/12\/2021\/11\/Arrow_cycle-lane.jpg 1080w, https:\/\/d2p6e6u75xmxt8.cloudfront.net\/12\/2021\/11\/Arrow_cycle-lane-300x300.jpg 300w, https:\/\/d2p6e6u75xmxt8.cloudfront.net\/12\/2021\/11\/Arrow_cycle-lane-1024x1024.jpg 1024w, https:\/\/d2p6e6u75xmxt8.cloudfront.net\/12\/2021\/11\/Arrow_cycle-lane-150x150.jpg 150w, https:\/\/d2p6e6u75xmxt8.cloudfront.net\/12\/2021\/11\/Arrow_cycle-lane-768x768.jpg 768w\" sizes=\"auto, (max-width: 695px) 100vw, 695px\" \/><\/a><figcaption id=\"caption-attachment-13022\" class=\"wp-caption-text\">Elche<\/figcaption><\/figure>\n<h2><strong>2. Sz\u00e9pnek sz\u00e9p, de vajon illatos is? Hamarosan megtudod!<\/strong><\/h2>\n<figure style=\"width: 695px\" class=\"wp-caption alignnone\"><a href=\"https:\/\/d2p6e6u75xmxt8.cloudfront.net\/12\/2021\/11\/Chicane_61252559c6571.jpg\"><img loading=\"lazy\" decoding=\"async\" class=\"wp-image-13023\" src=\"https:\/\/d2p6e6u75xmxt8.cloudfront.net\/12\/2021\/11\/Chicane_61252559c6571.jpg\" alt=\"Valencia cycle lane\" width=\"695\" height=\"695\" srcset=\"https:\/\/d2p6e6u75xmxt8.cloudfront.net\/12\/2021\/11\/Chicane_61252559c6571.jpg 976w, https:\/\/d2p6e6u75xmxt8.cloudfront.net\/12\/2021\/11\/Chicane_61252559c6571-300x300.jpg 300w, https:\/\/d2p6e6u75xmxt8.cloudfront.net\/12\/2021\/11\/Chicane_61252559c6571-150x150.jpg 150w, https:\/\/d2p6e6u75xmxt8.cloudfront.net\/12\/2021\/11\/Chicane_61252559c6571-768x768.jpg 768w\" sizes=\"auto, (max-width: 695px) 100vw, 695px\" \/><\/a><figcaption class=\"wp-caption-text\">Valencia<\/figcaption><\/figure>\n<h2><strong>3. Eddig \u00e9s ne tov\u00e1bb<\/strong><\/h2>\n<figure id=\"attachment_13024\" aria-describedby=\"caption-attachment-13024\" style=\"width: 695px\" class=\"wp-caption alignnone\"><a href=\"https:\/\/d2p6e6u75xmxt8.cloudfront.net\/12\/2021\/11\/Coyote-cycle-lane.jpg\"><img loading=\"lazy\" decoding=\"async\" class=\"size-full wp-image-13025\" src=\"https:\/\/d2p6e6u75xmxt8.cloudfront.net\/12\/2021\/11\/Coyote-cycle-lane.jpg\" alt=\"Logro\u00f1o cycle lane\" width=\"695\" height=\"695\" srcset=\"https:\/\/d2p6e6u75xmxt8.cloudfront.net\/12\/2021\/11\/Coyote-cycle-lane.jpg 695w, https:\/\/d2p6e6u75xmxt8.cloudfront.net\/12\/2021\/11\/Coyote-cycle-lane-300x300.jpg 300w, https:\/\/d2p6e6u75xmxt8.cloudfront.net\/12\/2021\/11\/Coyote-cycle-lane-150x150.jpg 150w\" sizes=\"auto, (max-width: 695px) 100vw, 695px\" \/><\/a><figcaption id=\"caption-attachment-13024\" class=\"wp-caption-text\">Pamplona<\/figcaption><\/figure>\n<h2><strong>4.<\/strong> <strong>Eddig tartott a munkakedv<\/strong><\/h2>\n<figure id=\"attachment_13026\" aria-describedby=\"caption-attachment-13026\" style=\"width: 695px\" class=\"wp-caption alignnone\"><a href=\"https:\/\/d2p6e6u75xmxt8.cloudfront.net\/12\/2021\/11\/Bidegorrianingunaparte_6129c481b1d56.jpg\"><img loading=\"lazy\" decoding=\"async\" class=\"wp-image-13026\" src=\"https:\/\/d2p6e6u75xmxt8.cloudfront.net\/12\/2021\/11\/Bidegorrianingunaparte_6129c481b1d56.jpg\" alt=\"Bilbao cycle lane\" width=\"695\" height=\"695\" srcset=\"https:\/\/d2p6e6u75xmxt8.cloudfront.net\/12\/2021\/11\/Bidegorrianingunaparte_6129c481b1d56.jpg 956w, https:\/\/d2p6e6u75xmxt8.cloudfront.net\/12\/2021\/11\/Bidegorrianingunaparte_6129c481b1d56-300x300.jpg 300w, https:\/\/d2p6e6u75xmxt8.cloudfront.net\/12\/2021\/11\/Bidegorrianingunaparte_6129c481b1d56-150x150.jpg 150w, https:\/\/d2p6e6u75xmxt8.cloudfront.net\/12\/2021\/11\/Bidegorrianingunaparte_6129c481b1d56-768x768.jpg 768w\" sizes=\"auto, (max-width: 695px) 100vw, 695px\" \/><\/a><figcaption id=\"caption-attachment-13026\" class=\"wp-caption-text\">Bilbao<\/figcaption><\/figure>\n<h2><strong>5. Szlalom!<\/strong><\/h2>\n<figure id=\"attachment_13027\" aria-describedby=\"caption-attachment-13027\" style=\"width: 695px\" class=\"wp-caption alignnone\"><a href=\"https:\/\/d2p6e6u75xmxt8.cloudfront.net\/12\/2021\/11\/Orihuela_612d05542dd97.jpg\"><img loading=\"lazy\" decoding=\"async\" class=\"wp-image-13027\" src=\"https:\/\/d2p6e6u75xmxt8.cloudfront.net\/12\/2021\/11\/Orihuela_612d05542dd97.jpg\" alt=\"Orihuela cycle lane\" width=\"695\" height=\"695\" srcset=\"https:\/\/d2p6e6u75xmxt8.cloudfront.net\/12\/2021\/11\/Orihuela_612d05542dd97.jpg 1111w, https:\/\/d2p6e6u75xmxt8.cloudfront.net\/12\/2021\/11\/Orihuela_612d05542dd97-300x300.jpg 300w, https:\/\/d2p6e6u75xmxt8.cloudfront.net\/12\/2021\/11\/Orihuela_612d05542dd97-1024x1024.jpg 1024w, https:\/\/d2p6e6u75xmxt8.cloudfront.net\/12\/2021\/11\/Orihuela_612d05542dd97-150x150.jpg 150w, https:\/\/d2p6e6u75xmxt8.cloudfront.net\/12\/2021\/11\/Orihuela_612d05542dd97-768x768.jpg 768w\" sizes=\"auto, (max-width: 695px) 100vw, 695px\" \/><\/a><figcaption id=\"caption-attachment-13027\" class=\"wp-caption-text\">Orihuela<\/figcaption><\/figure>\n","protected":false},"excerpt":{"rendered":"<p>Nem sokkal ezel\u0151tt a We Love Cycling brit k\u00e9pviselete mer\u00e9sz c\u00e9lt t\u0171z\u00f6tt ki maga el\u00e9: \u00f6sszegy\u0171jteni az orsz\u00e1g legrosszabb bringa\u00fatjait! [&hellip;]<\/p>\n","protected":false},"author":71,"featured_media":13029,"comment_status":"open","ping_status":"open","sticky":false,"template":"","format":"standard","meta":{"footnotes":""},"categories":[8],"tags":[],"global-categories":[],"class_list":["post-13021","post","type-post","status-publish","format-standard","has-post-thumbnail","hentry","category-orszaguti-kerekpar"],"yoast_head":"<!-- This site is optimized with the Yoast SEO Premium plugin v25.3 (Yoast SEO v25.9) - https:\/\/yoast.com\/wordpress\/plugins\/seo\/ -->\n<title>Az 5 legrosszabb bicikli\u00fat Spanyolorsz\u00e1gban<\/title>\n<meta name=\"description\" content=\"Nem sokkal ezel\u0151tt a We Love Cycling brit k\u00e9pviselete mer\u00e9sz c\u00e9lt t\u0171z\u00f6tt ki maga el\u00e9: \u00f6sszegy\u0171jteni az orsz\u00e1g legrosszabb bringa\u00fatjait! Egy t\u00f6bb r\u00e9gi\u00f3ban is megval\u00f3sul\u00f3 kamp\u00e1ny r\u00e9szek\u00e9nt \u00e1llhatott \u00f6ssze az al\u00e1bbi gal\u00e9ria, mely a haszn\u00e1lhatatlan ker\u00e9kp\u00e1rutak \u00e1llapot\u00e1ra h\u00edvja fel a figyelmet. Jobb utakat akarunk! De addig is, nevess\u00fcnk a rosszakon!\" \/>\n<meta name=\"robots\" content=\"index, follow, max-snippet:-1, max-image-preview:large, max-video-preview:-1\" \/>\n<link rel=\"canonical\" href=\"https:\/\/www.welovecycling.com\/hu\/orszaguti-kerekpar\/az-5-legrosszabb-bicikliut-spanyolorszagban\/\" \/>\n<meta property=\"og:locale\" content=\"hu_HU\" \/>\n<meta property=\"og:type\" content=\"article\" \/>\n<meta property=\"og:title\" content=\"Az 5 legrosszabb bicikli\u00fat Spanyolorsz\u00e1gban\" \/>\n<meta property=\"og:description\" content=\"Nem sokkal ezel\u0151tt a We Love Cycling brit k\u00e9pviselete mer\u00e9sz c\u00e9lt t\u0171z\u00f6tt ki maga el\u00e9: \u00f6sszegy\u0171jteni az orsz\u00e1g legrosszabb bringa\u00fatjait! Egy t\u00f6bb r\u00e9gi\u00f3ban is megval\u00f3sul\u00f3 kamp\u00e1ny r\u00e9szek\u00e9nt \u00e1llhatott \u00f6ssze az al\u00e1bbi gal\u00e9ria, mely a haszn\u00e1lhatatlan ker\u00e9kp\u00e1rutak \u00e1llapot\u00e1ra h\u00edvja fel a figyelmet. Jobb utakat akarunk! De addig is, nevess\u00fcnk a rosszakon!\" \/>\n<meta property=\"og:url\" content=\"https:\/\/www.welovecycling.com\/hu\/orszaguti-kerekpar\/az-5-legrosszabb-bicikliut-spanyolorszagban\/\" \/>\n<meta property=\"og:site_name\" content=\"\u0160koda We Love Cycling - Magyarorsz\u00e1g\" \/>\n<meta property=\"article:publisher\" content=\"https:\/\/www.facebook.com\/WeLoveCyclingHungary\/\" \/>\n<meta property=\"article:published_time\" content=\"2021-11-29T06:00:43+00:00\" \/>\n<meta property=\"article:modified_time\" content=\"2021-11-29T15:04:42+00:00\" \/>\n<meta property=\"og:image\" content=\"https:\/\/d2p6e6u75xmxt8.cloudfront.net\/12\/2021\/11\/Spain-Worst-Cycle-Lanes-CVR.jpg\" \/>\n\t<meta property=\"og:image:width\" content=\"1366\" \/>\n\t<meta property=\"og:image:height\" content=\"600\" \/>\n\t<meta property=\"og:image:type\" content=\"image\/jpeg\" \/>\n<meta name=\"author\" content=\"hegyizs\" \/>\n<meta name=\"twitter:card\" content=\"summary_large_image\" \/>\n<meta name=\"twitter:label1\" content=\"Written by\" \/>\n\t<meta name=\"twitter:data1\" content=\"WeLoveCycling\" \/>\n\t<meta name=\"twitter:label2\" content=\"Est. reading time\" \/>\n\t<meta name=\"twitter:data2\" content=\"5\" \/>\n<script type=\"application\/ld+json\" class=\"yoast-schema-graph\">{\"@context\":\"https:\/\/schema.org\",\"@graph\":[{\"@type\":\"WebPage\",\"@id\":\"https:\/\/www.welovecycling.com\/hu\/orszaguti-kerekpar\/az-5-legrosszabb-bicikliut-spanyolorszagban\/\",\"url\":\"https:\/\/www.welovecycling.com\/hu\/orszaguti-kerekpar\/az-5-legrosszabb-bicikliut-spanyolorszagban\/\",\"name\":\"Az 5 legrosszabb bicikli\u00fat Spanyolorsz\u00e1gban\",\"isPartOf\":{\"@id\":\"https:\/\/www.welovecycling.com\/hu\/#website\"},\"primaryImageOfPage\":{\"@id\":\"https:\/\/www.welovecycling.com\/hu\/orszaguti-kerekpar\/az-5-legrosszabb-bicikliut-spanyolorszagban\/#primaryimage\"},\"image\":{\"@id\":\"https:\/\/www.welovecycling.com\/hu\/orszaguti-kerekpar\/az-5-legrosszabb-bicikliut-spanyolorszagban\/#primaryimage\"},\"thumbnailUrl\":\"https:\/\/d2p6e6u75xmxt8.cloudfront.net\/12\/2021\/11\/Spain-Worst-Cycle-Lanes-CVR.jpg\",\"datePublished\":\"2021-11-29T06:00:43+00:00\",\"dateModified\":\"2021-11-29T15:04:42+00:00\",\"author\":{\"@id\":\"https:\/\/www.welovecycling.com\/hu\/#\/schema\/person\/414a2aebf1801691a5320edb6468e194\"},\"description\":\"Nem sokkal ezel\u0151tt a We Love Cycling brit k\u00e9pviselete mer\u00e9sz c\u00e9lt t\u0171z\u00f6tt ki maga el\u00e9: \u00f6sszegy\u0171jteni az orsz\u00e1g legrosszabb bringa\u00fatjait! Egy t\u00f6bb r\u00e9gi\u00f3ban is megval\u00f3sul\u00f3 kamp\u00e1ny r\u00e9szek\u00e9nt \u00e1llhatott \u00f6ssze az al\u00e1bbi gal\u00e9ria, mely a haszn\u00e1lhatatlan ker\u00e9kp\u00e1rutak \u00e1llapot\u00e1ra h\u00edvja fel a figyelmet. Jobb utakat akarunk! De addig is, nevess\u00fcnk a rosszakon!\",\"breadcrumb\":{\"@id\":\"https:\/\/www.welovecycling.com\/hu\/orszaguti-kerekpar\/az-5-legrosszabb-bicikliut-spanyolorszagban\/#breadcrumb\"},\"inLanguage\":\"hu\",\"potentialAction\":[{\"@type\":\"ReadAction\",\"target\":[\"https:\/\/www.welovecycling.com\/hu\/orszaguti-kerekpar\/az-5-legrosszabb-bicikliut-spanyolorszagban\/\"]}]},{\"@type\":\"ImageObject\",\"inLanguage\":\"hu\",\"@id\":\"https:\/\/www.welovecycling.com\/hu\/orszaguti-kerekpar\/az-5-legrosszabb-bicikliut-spanyolorszagban\/#primaryimage\",\"url\":\"https:\/\/d2p6e6u75xmxt8.cloudfront.net\/12\/2021\/11\/Spain-Worst-Cycle-Lanes-CVR.jpg\",\"contentUrl\":\"https:\/\/d2p6e6u75xmxt8.cloudfront.net\/12\/2021\/11\/Spain-Worst-Cycle-Lanes-CVR.jpg\",\"width\":1366,\"height\":600},{\"@type\":\"BreadcrumbList\",\"@id\":\"https:\/\/www.welovecycling.com\/hu\/orszaguti-kerekpar\/az-5-legrosszabb-bicikliut-spanyolorszagban\/#breadcrumb\",\"itemListElement\":[{\"@type\":\"ListItem\",\"position\":1,\"name\":\"Home\",\"item\":\"https:\/\/www.welovecycling.com\/hu\/\"},{\"@type\":\"ListItem\",\"position\":2,\"name\":\"Az 5 legrosszabb bicikli\u00fat Spanyolorsz\u00e1gban\"}]},{\"@type\":\"WebSite\",\"@id\":\"https:\/\/www.welovecycling.com\/hu\/#website\",\"url\":\"https:\/\/www.welovecycling.com\/hu\/\",\"name\":\"\u0160koda We Love Cycling - Magyarorsz\u00e1g\",\"description\":\"\u0160koda WeLoveCycling\",\"potentialAction\":[{\"@type\":\"SearchAction\",\"target\":{\"@type\":\"EntryPoint\",\"urlTemplate\":\"https:\/\/www.welovecycling.com\/hu\/?s={search_term_string}\"},\"query-input\":{\"@type\":\"PropertyValueSpecification\",\"valueRequired\":true,\"valueName\":\"search_term_string\"}}],\"inLanguage\":\"hu\"},{\"@type\":\"Person\",\"@id\":\"https:\/\/www.welovecycling.com\/hu\/#\/schema\/person\/414a2aebf1801691a5320edb6468e194\",\"name\":\"hegyizs\",\"image\":{\"@type\":\"ImageObject\",\"inLanguage\":\"hu\",\"@id\":\"https:\/\/www.welovecycling.com\/hu\/#\/schema\/person\/image\/\",\"url\":\"https:\/\/secure.gravatar.com\/avatar\/02cf8a7906b8cf90cecb4679defac7cfd33a1c2e3b88e4903d947f3bb58eedd3?s=96&d=mm&r=g\",\"contentUrl\":\"https:\/\/secure.gravatar.com\/avatar\/02cf8a7906b8cf90cecb4679defac7cfd33a1c2e3b88e4903d947f3bb58eedd3?s=96&d=mm&r=g\",\"caption\":\"hegyizs\"},\"url\":\"https:\/\/www.welovecycling.com\/hu\/author\/hegyizs\/\"}]}<\/script>\n<!-- \/ Yoast SEO Premium plugin. -->","yoast_head_json":{"title":"Az 5 legrosszabb bicikli\u00fat Spanyolorsz\u00e1gban","description":"Nem sokkal ezel\u0151tt a We Love Cycling brit k\u00e9pviselete mer\u00e9sz c\u00e9lt t\u0171z\u00f6tt ki maga el\u00e9: \u00f6sszegy\u0171jteni az orsz\u00e1g legrosszabb bringa\u00fatjait! Egy t\u00f6bb r\u00e9gi\u00f3ban is megval\u00f3sul\u00f3 kamp\u00e1ny r\u00e9szek\u00e9nt \u00e1llhatott \u00f6ssze az al\u00e1bbi gal\u00e9ria, mely a haszn\u00e1lhatatlan ker\u00e9kp\u00e1rutak \u00e1llapot\u00e1ra h\u00edvja fel a figyelmet. Jobb utakat akarunk! De addig is, nevess\u00fcnk a rosszakon!","robots":{"index":"index","follow":"follow","max-snippet":"max-snippet:-1","max-image-preview":"max-image-preview:large","max-video-preview":"max-video-preview:-1"},"canonical":"https:\/\/www.welovecycling.com\/hu\/orszaguti-kerekpar\/az-5-legrosszabb-bicikliut-spanyolorszagban\/","og_locale":"hu_HU","og_type":"article","og_title":"Az 5 legrosszabb bicikli\u00fat Spanyolorsz\u00e1gban","og_description":"Nem sokkal ezel\u0151tt a We Love Cycling brit k\u00e9pviselete mer\u00e9sz c\u00e9lt t\u0171z\u00f6tt ki maga el\u00e9: \u00f6sszegy\u0171jteni az orsz\u00e1g legrosszabb bringa\u00fatjait! Egy t\u00f6bb r\u00e9gi\u00f3ban is megval\u00f3sul\u00f3 kamp\u00e1ny r\u00e9szek\u00e9nt \u00e1llhatott \u00f6ssze az al\u00e1bbi gal\u00e9ria, mely a haszn\u00e1lhatatlan ker\u00e9kp\u00e1rutak \u00e1llapot\u00e1ra h\u00edvja fel a figyelmet. Jobb utakat akarunk! De addig is, nevess\u00fcnk a rosszakon!","og_url":"https:\/\/www.welovecycling.com\/hu\/orszaguti-kerekpar\/az-5-legrosszabb-bicikliut-spanyolorszagban\/","og_site_name":"\u0160koda We Love Cycling - Magyarorsz\u00e1g","article_publisher":"https:\/\/www.facebook.com\/WeLoveCyclingHungary\/","article_published_time":"2021-11-29T06:00:43+00:00","article_modified_time":"2021-11-29T15:04:42+00:00","og_image":[{"width":1366,"height":600,"url":"https:\/\/d2p6e6u75xmxt8.cloudfront.net\/12\/2021\/11\/Spain-Worst-Cycle-Lanes-CVR.jpg","type":"image\/jpeg"}],"author":"hegyizs","twitter_card":"summary_large_image","twitter_misc":{"Written by":"WeLoveCycling","Est. reading time":"5"},"schema":{"@context":"https:\/\/schema.org","@graph":[{"@type":"WebPage","@id":"https:\/\/www.welovecycling.com\/hu\/orszaguti-kerekpar\/az-5-legrosszabb-bicikliut-spanyolorszagban\/","url":"https:\/\/www.welovecycling.com\/hu\/orszaguti-kerekpar\/az-5-legrosszabb-bicikliut-spanyolorszagban\/","name":"Az 5 legrosszabb bicikli\u00fat Spanyolorsz\u00e1gban","isPartOf":{"@id":"https:\/\/www.welovecycling.com\/hu\/#website"},"primaryImageOfPage":{"@id":"https:\/\/www.welovecycling.com\/hu\/orszaguti-kerekpar\/az-5-legrosszabb-bicikliut-spanyolorszagban\/#primaryimage"},"image":{"@id":"https:\/\/www.welovecycling.com\/hu\/orszaguti-kerekpar\/az-5-legrosszabb-bicikliut-spanyolorszagban\/#primaryimage"},"thumbnailUrl":"https:\/\/d2p6e6u75xmxt8.cloudfront.net\/12\/2021\/11\/Spain-Worst-Cycle-Lanes-CVR.jpg","datePublished":"2021-11-29T06:00:43+00:00","dateModified":"2021-11-29T15:04:42+00:00","author":{"@id":"https:\/\/www.welovecycling.com\/hu\/#\/schema\/person\/414a2aebf1801691a5320edb6468e194"},"description":"Nem sokkal ezel\u0151tt a We Love Cycling brit k\u00e9pviselete mer\u00e9sz c\u00e9lt t\u0171z\u00f6tt ki maga el\u00e9: \u00f6sszegy\u0171jteni az orsz\u00e1g legrosszabb bringa\u00fatjait! Egy t\u00f6bb r\u00e9gi\u00f3ban is megval\u00f3sul\u00f3 kamp\u00e1ny r\u00e9szek\u00e9nt \u00e1llhatott \u00f6ssze az al\u00e1bbi gal\u00e9ria, mely a haszn\u00e1lhatatlan ker\u00e9kp\u00e1rutak \u00e1llapot\u00e1ra h\u00edvja fel a figyelmet. Jobb utakat akarunk! De addig is, nevess\u00fcnk a rosszakon!","breadcrumb":{"@id":"https:\/\/www.welovecycling.com\/hu\/orszaguti-kerekpar\/az-5-legrosszabb-bicikliut-spanyolorszagban\/#breadcrumb"},"inLanguage":"hu","potentialAction":[{"@type":"ReadAction","target":["https:\/\/www.welovecycling.com\/hu\/orszaguti-kerekpar\/az-5-legrosszabb-bicikliut-spanyolorszagban\/"]}]},{"@type":"ImageObject","inLanguage":"hu","@id":"https:\/\/www.welovecycling.com\/hu\/orszaguti-kerekpar\/az-5-legrosszabb-bicikliut-spanyolorszagban\/#primaryimage","url":"https:\/\/d2p6e6u75xmxt8.cloudfront.net\/12\/2021\/11\/Spain-Worst-Cycle-Lanes-CVR.jpg","contentUrl":"https:\/\/d2p6e6u75xmxt8.cloudfront.net\/12\/2021\/11\/Spain-Worst-Cycle-Lanes-CVR.jpg","width":1366,"height":600},{"@type":"BreadcrumbList","@id":"https:\/\/www.welovecycling.com\/hu\/orszaguti-kerekpar\/az-5-legrosszabb-bicikliut-spanyolorszagban\/#breadcrumb","itemListElement":[{"@type":"ListItem","position":1,"name":"Home","item":"https:\/\/www.welovecycling.com\/hu\/"},{"@type":"ListItem","position":2,"name":"Az 5 legrosszabb bicikli\u00fat Spanyolorsz\u00e1gban"}]},{"@type":"WebSite","@id":"https:\/\/www.welovecycling.com\/hu\/#website","url":"https:\/\/www.welovecycling.com\/hu\/","name":"\u0160koda We Love Cycling - Magyarorsz\u00e1g","description":"\u0160koda WeLoveCycling","potentialAction":[{"@type":"SearchAction","target":{"@type":"EntryPoint","urlTemplate":"https:\/\/www.welovecycling.com\/hu\/?s={search_term_string}"},"query-input":{"@type":"PropertyValueSpecification","valueRequired":true,"valueName":"search_term_string"}}],"inLanguage":"hu"},{"@type":"Person","@id":"https:\/\/www.welovecycling.com\/hu\/#\/schema\/person\/414a2aebf1801691a5320edb6468e194","name":"hegyizs","image":{"@type":"ImageObject","inLanguage":"hu","@id":"https:\/\/www.welovecycling.com\/hu\/#\/schema\/person\/image\/","url":"https:\/\/secure.gravatar.com\/avatar\/02cf8a7906b8cf90cecb4679defac7cfd33a1c2e3b88e4903d947f3bb58eedd3?s=96&d=mm&r=g","contentUrl":"https:\/\/secure.gravatar.com\/avatar\/02cf8a7906b8cf90cecb4679defac7cfd33a1c2e3b88e4903d947f3bb58eedd3?s=96&d=mm&r=g","caption":"hegyizs"},"url":"https:\/\/www.welovecycling.com\/hu\/author\/hegyizs\/"}]}},"_links":{"self":[{"href":"https:\/\/www.welovecycling.com\/hu\/wp-json\/wp\/v2\/posts\/13021","targetHints":{"allow":["GET"]}}],"collection":[{"href":"https:\/\/www.welovecycling.com\/hu\/wp-json\/wp\/v2\/posts"}],"about":[{"href":"https:\/\/www.welovecycling.com\/hu\/wp-json\/wp\/v2\/types\/post"}],"author":[{"embeddable":true,"href":"https:\/\/www.welovecycling.com\/hu\/wp-json\/wp\/v2\/users\/71"}],"replies":[{"embeddable":true,"href":"https:\/\/www.welovecycling.com\/hu\/wp-json\/wp\/v2\/comments?post=13021"}],"version-history":[{"count":2,"href":"https:\/\/www.welovecycling.com\/hu\/wp-json\/wp\/v2\/posts\/13021\/revisions"}],"predecessor-version":[{"id":13067,"href":"https:\/\/www.welovecycling.com\/hu\/wp-json\/wp\/v2\/posts\/13021\/revisions\/13067"}],"wp:featuredmedia":[{"embeddable":true,"href":"https:\/\/www.welovecycling.com\/hu\/wp-json\/wp\/v2\/media\/13029"}],"wp:attachment":[{"href":"https:\/\/www.welovecycling.com\/hu\/wp-json\/wp\/v2\/media?parent=13021"}],"wp:term":[{"taxonomy":"category","embeddable":true,"href":"https:\/\/www.welovecycling.com\/hu\/wp-json\/wp\/v2\/categories?post=13021"},{"taxonomy":"post_tag","embeddable":true,"href":"https:\/\/www.welovecycling.com\/hu\/wp-json\/wp\/v2\/tags?post=13021"},{"taxonomy":"global-categories","embeddable":true,"href":"https:\/\/www.welovecycling.com\/hu\/wp-json\/wp\/v2\/global-categories?post=13021"}],"curies":[{"name":"wp","href":"https:\/\/api.w.org\/{rel}","templated":true}]}}