{"id":13001,"date":"2021-11-20T08:00:32","date_gmt":"2021-11-20T06:00:32","guid":{"rendered":"https:\/\/www.welovecycling.com\/hu\/?p=13001"},"modified":"2021-11-19T15:33:42","modified_gmt":"2021-11-19T13:33:42","slug":"egy-bringas-aki-korbetekerte-a-vilagot-hogy-meghallgassa-az-emberek-torteneteit-a-klimavaltozasrol","status":"publish","type":"post","link":"https:\/\/www.welovecycling.com\/hu\/kozosseg-es-kultura\/egy-bringas-aki-korbetekerte-a-vilagot-hogy-meghallgassa-az-emberek-torteneteit-a-klimavaltozasrol\/","title":{"rendered":"Egy bring\u00e1s, aki k\u00f6rbetekerte a vil\u00e1got, hogy meghallgassa az emberek t\u00f6rt\u00e9neteit a kl\u00edmav\u00e1ltoz\u00e1sr\u00f3l"},"content":{"rendered":"<p><strong>Devi Lockwood \u00f6t \u00e9vet t\u00f6lt\u00f6tt nyeregben, hogy anyagot gy\u0171jts\u00f6n k\u00f6nyv\u00e9hez, mely az <\/strong><a href=\"https:\/\/www.amazon.co.uk\/dp\/1982146710?slotNum=0&amp;ots=1&amp;ascsubtag=%5bartid|2143.a.38070965%5bsrc|%5bch|%5blt|&amp;linkCode=gs2&amp;imprToken=34be91c1-26bb-1036-c01&amp;tag=hearstmagazin-21\"><strong>\u201e1001 voices on climate change<\/strong><\/a><strong>\u201d (1001 n\u00e9z\u0151pont a kl\u00edmav\u00e1ltoz\u00e1sr\u00f3l) c\u00edmet kapta.<\/strong><!--more--><\/p>\n<p>Az \u00e9ghajlatv\u00e1ltoz\u00e1ssal foglalkoz\u00f3 \u00fajs\u00e1g\u00edr\u00f3 bej\u00e1rta a vil\u00e1got Surly Disc Trucker biciklij\u00e9n, \u00e9s olyan szem\u00e9lyes t\u00f6rt\u00e9neteket gy\u0171jt\u00f6tt \u00f6ssze azokt\u00f3l az emberekt\u0151l, akikkel \u00fatk\u00f6zben tal\u00e1lkozott, amelyek bemutatj\u00e1k, hogy a kl\u00edmav\u00e1ls\u00e1g hogyan \u00e9rinti a mindennapokat. Lockwood szerepelt a The Guardianben, a Slate Magazinban \u00e9s a Yale Climate Connections platformjain \u00e9s a k\u00f6r\u00fatj\u00e1n gy\u0171jt\u00f6tt t\u00f6rt\u00e9netek meger\u0151s\u00edtik tudom\u00e1nyos munk\u00e1j\u00e1t, hiszen olyan embereknek ad hangot, akik eddig nem tudtak r\u00e9szt venni a besz\u00e9lget\u00e9sben.<\/p>\n<p>Devi nem tervezett el\u0151re. Ahogy \u00e1tbiciklizett \u00daj-Z\u00e9landon, Ausztr\u00e1li\u00e1n, Thaif\u00f6ld\u00f6n, Laoszon, Kambodzs\u00e1n \u00e9s az Egyes\u00fclt \u00c1llamokon, hagyta, hogy a szerencse vezesse az eldugott, \u00e9rt\u00e9kes t\u00f6rt\u00e9netek fel\u00e9.<\/p>\n<p>K\u00f6nyv\u00e9r\u0151l \u00e9s utaz\u00e1s\u00e1r\u00f3l a <a href=\"https:\/\/www.bicycling.com\/culture\/a38070965\/devi-lockwood-climate-change-book\/\">Bicycling magazin<\/a> besz\u00e9lgetett az \u00fajs\u00e1g\u00edr\u00f3val.<\/p>\n<p><strong><em>Mi volt a c\u00e9lja a ker\u00e9kp\u00e1ros k\u00f6r\u00fatnak?<\/em><\/strong><\/p>\n<p>Az, hogy olyan emberekkel besz\u00e9lgethessek, akik saj\u00e1t b\u0151r\u00fck\u00f6n tapasztalj\u00e1k meg az \u00e9ghajlatv\u00e1ltoz\u00e1s hat\u00e1sait. Ez ihlette az els\u0151 bring\u00e1s kir\u00e1ndul\u00e1somat a Mississippi foly\u00f3 ment\u00e9n. Min\u00e9l lejjebb \u00e9rtem a foly\u00f3 partj\u00e1n, ann\u00e1l t\u00f6bb t\u00f6rt\u00e9netet hallottam a v\u00edzr\u0151l, k\u00fcl\u00f6n\u00f6sen arr\u00f3l, ahogy a s\u00f3s v\u00edz \u00e1tveszi a hatalmat a sz\u00e1razf\u00f6ld felett. Az er\u0151s\u00f6d\u0151 viharok \u00e9s az \u00e1rad\u00e1sok miatt egyre t\u00f6bben hagyj\u00e1k el a k\u00f6z\u00f6ss\u00e9get, ahol gener\u00e1ci\u00f3k \u00f3ta \u00e9lt a csal\u00e1djuk.<\/p>\n<p><strong><em>Mi\u00e9rt d\u00f6nt\u00f6tt\u00e9l \u00fagy, hogy megpr\u00f3b\u00e1lod humaniz\u00e1lni a kl\u00edmav\u00e1ls\u00e1got?<\/em><\/strong><\/p>\n<p>\u00c9letre akartam h\u00edvni egy olyan probl\u00e9m\u00e1t, amir\u0151l sokszor absztrakt \u00e9s numerikus kifejez\u00e9sekkel besz\u00e9lnek, \u00e9s ett\u0151l el\u00e9rhetetlennek t\u0171nik. Maxim\u00e1lisan tisztelem a kl\u00edmatud\u00f3sokat \u00e9s nagyon fontosnak tartom a munk\u00e1jukat. De van tere az emberk\u00f6zpont\u00fa p\u00e1rbesz\u00e9dnek, a t\u00f6rt\u00e9netmes\u00e9l\u00e9snek is. \u00dagy gondolom, hogy az \u00e9ghajlati v\u00e1ls\u00e1ggal kapcsolatos meg\u00e9lt tapasztalatokb\u00f3l fakad\u00f3 szak\u00e9rtelem ugyanolyan \u00e9rt\u00e9kes, mint az akad\u00e9miai tud\u00e1s.<\/p>\n<p>Elmondhatom, hogy millim\u00e9terr\u0151l millim\u00e9terre emelkedik a tengerszint vagy, hogy fokr\u00f3l fokra n\u0151 a h\u0151m\u00e9rs\u00e9klet, de ez nem jelent semmit, ha nem l\u00e1tod, milyen hat\u00e1ssal van az emberekre, milyen \u00e9rz\u00e9seket v\u00e1lt ki. Ha viszont a tuvalui any\u00e1r\u00f3l mes\u00e9lek, akinek egy kis tengerszint-emelked\u00e9s miatt d\u00f6ntenie kell, hogy asz\u00e1ly idej\u00e9n megf\u00fcrdesse a l\u00e1ny\u00e1t vagy ink\u00e1bb rizsf\u0151z\u00e9shez haszn\u00e1lja el azt a kev\u00e9s vizet, akkor k\u00f6nnyebben meg\u00e9rthetj\u00fck a v\u00e1ltoz\u00e1sok hat\u00e1sait.<\/p>\n<figure id=\"attachment_13003\" aria-describedby=\"caption-attachment-13003\" style=\"width: 980px\" class=\"wp-caption alignnone\"><a href=\"https:\/\/d2p6e6u75xmxt8.cloudfront.net\/12\/2021\/11\/devi-lockwood-20150617-162245-1635965226.jpg\"><img loading=\"lazy\" decoding=\"async\" class=\"size-full wp-image-13003\" src=\"https:\/\/d2p6e6u75xmxt8.cloudfront.net\/12\/2021\/11\/devi-lockwood-20150617-162245-1635965226.jpg\" alt=\"\" width=\"980\" height=\"979\" srcset=\"https:\/\/d2p6e6u75xmxt8.cloudfront.net\/12\/2021\/11\/devi-lockwood-20150617-162245-1635965226.jpg 980w, https:\/\/d2p6e6u75xmxt8.cloudfront.net\/12\/2021\/11\/devi-lockwood-20150617-162245-1635965226-300x300.jpg 300w, https:\/\/d2p6e6u75xmxt8.cloudfront.net\/12\/2021\/11\/devi-lockwood-20150617-162245-1635965226-150x150.jpg 150w, https:\/\/d2p6e6u75xmxt8.cloudfront.net\/12\/2021\/11\/devi-lockwood-20150617-162245-1635965226-768x767.jpg 768w\" sizes=\"auto, (max-width: 980px) 100vw, 980px\" \/><\/a><figcaption id=\"caption-attachment-13003\" class=\"wp-caption-text\">Devi Lockwood Ausztr\u00e1li\u00e1ban. Fot\u00f3: Devi Lockwood<\/figcaption><\/figure>\n<p><strong><em>Mes\u00e9lj el egy k\u00fcl\u00f6n\u00f6sen meglep\u0151 t\u00f6rt\u00e9netet!<\/em><\/strong><\/p>\n<p>Ausztr\u00e1lia Aranypartj\u00e1n tal\u00e1lkoztam egy p\u00e1rral, Daviddel \u00e9s Sharonnal, akik Warm Showers h\u00e1zigazd\u00e1k voltak. (A Warm Showers egy olyan t\u00e1mogat\u00f3 h\u00e1l\u00f3zat, amely ingyenes sz\u00e1ll\u00e1st k\u00edn\u00e1l ker\u00e9kp\u00e1ros turist\u00e1knak.) \u0150k mes\u00e9ltek el egy t\u00f6rt\u00e9netet a 2004-es Boxing Day cunamir\u00f3l.\u00a0 Sr\u00ed Lank\u00e1n voltak \u00e9ppen a k\u00e9t kisfiukkal, akik akkor 6 \u00e9s 8 \u00e9vesek voltak. T\u00fal\u00e9lt\u00e9k a sz\u00f6k\u0151\u00e1rt, de elszakadtak egym\u00e1st\u00f3l. Ez egyike volt azoknak a t\u00f6rt\u00e9neteknek, amiket hallgatva, \u00fagy \u00e9reztem, meg\u00e1llt az id\u0151. Mag\u00e1ba szippantott az ereje. A v\u00edz kett\u00e9szak\u00edtotta az \u00e9let\u00fcket: volt, amit a cunami el\u0151tt \u00e9ltek, \u00e9s amit az ut\u00e1n. M\u00e1r nem \u00e9rzik term\u00e9szetesnek az egy\u00fctt t\u00f6lt\u00f6tt id\u0151t, \u00e9s h\u00e1l\u00e1sabbak az \u00e9let\u00e9rt. \u00c9s tiszt\u00e1ban vannak a v\u00edz erej\u00e9vel.<\/p>\n<p><strong><em>Utaz\u00e1sod egy pontj\u00e1n \u00fagy d\u00f6nt\u00f6tt\u00e9l, hogy nem \u00fclsz rep\u00fcl\u0151re akkor sem, amikor \u00e1tszeled az \u00f3ce\u00e1nokat.<\/em><\/strong><\/p>\n<p>2015 m\u00e1rcius\u00e1ban tal\u00e1lkoztam Chris Watsonnal, a Beyond Flying szerz\u0151j\u00e9vel \u00e9s hihetetlen\u00fcl elk\u00f6telezett kl\u00edmaaktivist\u00e1val \u00daj-Z\u00e9landon. Az \u0151 hat\u00e1s\u00e1ra gondoltam \u00e1t, mekkora l\u00e1bnyomot hagyok magam ut\u00e1n, amikor rep\u00fcl\u00f6k. Onnant\u00f3l kezdve megpr\u00f3b\u00e1ltam elker\u00fclni, hogy \u00edgy k\u00f6zlekedjek, \u00e9s ez k\u00f6r\u00fclbel\u00fcl egy \u00e9vig siker\u00fclt is. Teherhaj\u00f3kon utaztam a biciklimmel, s\u0151t m\u00e9g k\u00e9t vitorl\u00e1son is a Csendes-\u00d3ce\u00e1non. Az \u00fatitervem aszerint m\u00f3dosult, hogy \u00e9pp melyik orsz\u00e1gba tudtam \u00edgy eljutni.<\/p>\n<p><a href=\"https:\/\/d2p6e6u75xmxt8.cloudfront.net\/12\/2021\/11\/devi-lockwood-profile1-1635965367.jpg\"><img loading=\"lazy\" decoding=\"async\" class=\"alignnone size-full wp-image-13004\" src=\"https:\/\/d2p6e6u75xmxt8.cloudfront.net\/12\/2021\/11\/devi-lockwood-profile1-1635965367.jpg\" alt=\"\" width=\"750\" height=\"601\" srcset=\"https:\/\/d2p6e6u75xmxt8.cloudfront.net\/12\/2021\/11\/devi-lockwood-profile1-1635965367.jpg 750w, https:\/\/d2p6e6u75xmxt8.cloudfront.net\/12\/2021\/11\/devi-lockwood-profile1-1635965367-300x240.jpg 300w\" sizes=\"auto, (max-width: 750px) 100vw, 750px\" \/><\/a><\/p>\n<p><strong><em>A \u201eslow cycling\u201d mozgalom k\u00e9pvisel\u0151jek\u00e9nt is olvashattunk m\u00e1r r\u00f3lad. Mit jelent ez pontosan?<\/em><\/strong><\/p>\n<p>Annyira hajtottam magam, amikor a Mississippi foly\u00f3ja ment\u00e9n tekertem, hogy a siets\u00e9g teljesen elvette az utaz\u00e1s \u00e9lvezet\u00e9t. N\u00e9h\u00e1ny nap m\u00falva sutba dobtam a ker\u00e9kp\u00e1ros komputeremet \u00e9s a saj\u00e1t temp\u00f3mban tekertem tov\u00e1bb, mik\u00f6zben sz\u00f3rakoztat\u00f3 ritu\u00e1l\u00e9kat tal\u00e1ltam ki. Ha l\u00e1ttam egy j\u00e1tsz\u00f3teret, meg\u00e1lltam hint\u00e1zni. Meg\u00fcnnepeltem, amikor bevettem egy nagy dombot vagy h\u00e1g\u00f3t: a cs\u00facson \u00f6r\u00f6mt\u00e1ncot j\u00e1rtam! Nem t\u00f6r\u0151dtem azzal, hogy h\u00e1ny kilom\u00e9tert tettem meg aznap, ameddig volt vizem, \u00e9lelmem \u00e9s egy hely, ahol aludhattam.<\/p>\n<p>Ker\u00e9kp\u00e1rozni sokf\u00e9lek\u00e9ppen lehet. Tal\u00e1lkoztam olyan emberekkel, akik teljesen m\u00e1shogy csin\u00e1lj\u00e1k, mint \u00e9n. Nico, egy \u00e9letvid\u00e1m olasz sr\u00e1c, 20 kilom\u00e9terenk\u00e9nt meg\u00e1llt elsz\u00edvni egy cigarett\u00e1t. Egy ut\u00e1nfut\u00f3t h\u00fazott maga ut\u00e1n, abban voltak a cuccai. Egy este ugyanabban a kempingben t\u00e1boroztunk \u00e9s megosztottuk egym\u00e1ssal a t\u00f6rt\u00e9neteinket. Nagyon tetszett, hogy a saj\u00e1t felt\u00e9telei szerint utazik, \u00e9s inspir\u00e1lt az elhivatotts\u00e1ga.<\/p>\n<p>M\u00e1sok, akikkel tal\u00e1lkoztam a legjobb felszerel\u00e9sekkel rendelkeztek \u00e9s nagyon fontos volt nekik a teljes\u00edtm\u00e9ny\u00fck. Meg akartak gy\u0151zni r\u00f3la, hogy ez vagy az a t\u00edpus\u00fa korm\u00e1ny minden probl\u00e9m\u00e1mat megoldja. Pedig szerintem az a legjobb bicikli, ami k\u00e9zn\u00e9l van. Nincs rossz m\u00f3dja a ker\u00e9kp\u00e1roz\u00e1snak, ameddig nem \u00e1rtasz vele m\u00e1soknak \u00e9s te is \u00e9lvezed!<\/p>\n<p><strong><em>Mennyire volt\u00e1l r\u00e1utalva idegenek j\u00f3sz\u00e1nd\u00e9k\u00e1ra?<\/em><\/strong><\/p>\n<p>\u0150szint\u00e9n sz\u00f3lva, nem hiszem, hogy t\u00fal\u00e9ltem volna n\u00e9lk\u00fcle. Minden egyes orsz\u00e1gban tal\u00e1ltam seg\u00edt\u0151 kezeket, mindenhol kaptam sz\u00e1ll\u00e1st \u00e9s \u00e9telt. Az els\u0151 sz\u00f3l\u00f3 utaz\u00e1somkor azt gondoltam, ez az a bizonyos d\u00e9li vend\u00e9gszeretet. Volt n\u00e1lam s\u00e1tor, de azt hiszem csak egyszer vagy k\u00e9tszer haszn\u00e1ltam egy h\u00f3nap alatt. De azt\u00e1n kider\u00fclt, hogy nem csak d\u00e9len kedvesek az emberek, hanem mindenhol a vil\u00e1gon.<\/p>\n<p>Minden t\u00f6rt\u00e9net, amit valaki elmondott nekem, aj\u00e1nd\u00e9k. Nagylelk\u0171ek voltak, hogy megosztott\u00e1k velem \u00e9let\u00fck darabjait. Nagyon h\u00e1l\u00e1s vagyok \u00e9rte.<\/p>\n<p><strong><em>Mit jelent sz\u00e1modra a ker\u00e9kp\u00e1roz\u00e1s?<\/em><\/strong><\/p>\n<p>A mozg\u00e1s szabads\u00e1g\u00e1t. Szeretem kihaszn\u00e1lni a testem erej\u00e9t \u00e9s ez\u00e1ltal eljutni helyekre. A ker\u00e9kp\u00e1r er\u0151s\u00edti a kapcsolatot a helyekkel, ahova elvisz, \u00e9s min\u00e9l jobban k\u00f6t\u0151d\u00fcnk, ann\u00e1l t\u00f6bbek vagyunk, \u00e9s min\u00e9l t\u00f6bb szeretet van benn\u00fcnk, ann\u00e1l eg\u00e9szs\u00e9gesebbek lesz\u00fcnk ment\u00e1lisan. Megtal\u00e1ltam a k\u00e9ts\u00e9gbees\u00e9s ellenszer\u00e9t a bicikliz\u00e9sben. A ker\u00e9kp\u00e1rok boldogs\u00e1g-g\u00e9pek!<\/p>\n<p><em>Forr\u00e1s: <\/em><a href=\"https:\/\/www.bicycling.com\/culture\/a38070965\/devi-lockwood-climate-change-book\/\"><em>bicycling.com<\/em><\/a><\/p>\n","protected":false},"excerpt":{"rendered":"<p>Devi Lockwood \u00f6t \u00e9vet t\u00f6lt\u00f6tt nyeregben, hogy anyagot gy\u0171jts\u00f6n k\u00f6nyv\u00e9hez, mely az \u201e1001 voices on climate change\u201d (1001 n\u00e9z\u0151pont a [&hellip;]<\/p>\n","protected":false},"author":71,"featured_media":13002,"comment_status":"open","ping_status":"open","sticky":false,"template":"","format":"standard","meta":{"footnotes":""},"categories":[12],"tags":[],"global-categories":[],"class_list":["post-13001","post","type-post","status-publish","format-standard","has-post-thumbnail","hentry","category-kozosseg-es-kultura"],"yoast_head":"<!-- This site is optimized with the Yoast SEO Premium plugin v25.3 (Yoast SEO v25.9) - https:\/\/yoast.com\/wordpress\/plugins\/seo\/ -->\n<title>Egy bring\u00e1s, aki k\u00f6rbetekerte a vil\u00e1got, hogy meghallgassa az emberek t\u00f6rt\u00e9neteit a kl\u00edmav\u00e1ltoz\u00e1sr\u00f3l<\/title>\n<meta name=\"description\" content=\"Devi Lockwood \u00f6t \u00e9vet t\u00f6lt\u00f6tt nyeregben, hogy anyagot gy\u0171jts\u00f6n k\u00f6nyv\u00e9hez, mely az \u201e1001 voices on climate change\u201d (1001 n\u00e9z\u0151pont a kl\u00edmav\u00e1ltoz\u00e1sr\u00f3l) c\u00edmet kapta.\" \/>\n<meta name=\"robots\" content=\"index, follow, max-snippet:-1, max-image-preview:large, max-video-preview:-1\" \/>\n<link rel=\"canonical\" href=\"https:\/\/www.welovecycling.com\/hu\/kozosseg-es-kultura\/egy-bringas-aki-korbetekerte-a-vilagot-hogy-meghallgassa-az-emberek-torteneteit-a-klimavaltozasrol\/\" \/>\n<meta property=\"og:locale\" content=\"hu_HU\" \/>\n<meta property=\"og:type\" content=\"article\" \/>\n<meta property=\"og:title\" content=\"Egy bring\u00e1s, aki k\u00f6rbetekerte a vil\u00e1got, hogy meghallgassa az emberek t\u00f6rt\u00e9neteit a kl\u00edmav\u00e1ltoz\u00e1sr\u00f3l\" \/>\n<meta property=\"og:description\" content=\"Devi Lockwood \u00f6t \u00e9vet t\u00f6lt\u00f6tt nyeregben, hogy anyagot gy\u0171jts\u00f6n k\u00f6nyv\u00e9hez, mely az \u201e1001 voices on climate change\u201d (1001 n\u00e9z\u0151pont a kl\u00edmav\u00e1ltoz\u00e1sr\u00f3l) c\u00edmet kapta.\" \/>\n<meta property=\"og:url\" content=\"https:\/\/www.welovecycling.com\/hu\/kozosseg-es-kultura\/egy-bringas-aki-korbetekerte-a-vilagot-hogy-meghallgassa-az-emberek-torteneteit-a-klimavaltozasrol\/\" \/>\n<meta property=\"og:site_name\" content=\"\u0160koda We Love Cycling - Magyarorsz\u00e1g\" \/>\n<meta property=\"article:publisher\" content=\"https:\/\/www.facebook.com\/WeLoveCyclingHungary\/\" \/>\n<meta property=\"article:published_time\" content=\"2021-11-20T06:00:32+00:00\" \/>\n<meta property=\"og:image\" content=\"https:\/\/d2p6e6u75xmxt8.cloudfront.net\/12\/2021\/11\/devi-lockwood-bike-louisiana-1635966715-1.jpg\" \/>\n\t<meta property=\"og:image:width\" content=\"1600\" \/>\n\t<meta property=\"og:image:height\" content=\"1195\" \/>\n\t<meta property=\"og:image:type\" content=\"image\/jpeg\" \/>\n<meta name=\"author\" content=\"hegyizs\" \/>\n<meta name=\"twitter:card\" content=\"summary_large_image\" \/>\n<meta name=\"twitter:label1\" content=\"Written by\" \/>\n\t<meta name=\"twitter:data1\" content=\"WLC\" \/>\n\t<meta name=\"twitter:label2\" content=\"Est. reading time\" \/>\n\t<meta name=\"twitter:data2\" content=\"6 minutes\" \/>\n<script type=\"application\/ld+json\" class=\"yoast-schema-graph\">{\"@context\":\"https:\/\/schema.org\",\"@graph\":[{\"@type\":\"WebPage\",\"@id\":\"https:\/\/www.welovecycling.com\/hu\/kozosseg-es-kultura\/egy-bringas-aki-korbetekerte-a-vilagot-hogy-meghallgassa-az-emberek-torteneteit-a-klimavaltozasrol\/\",\"url\":\"https:\/\/www.welovecycling.com\/hu\/kozosseg-es-kultura\/egy-bringas-aki-korbetekerte-a-vilagot-hogy-meghallgassa-az-emberek-torteneteit-a-klimavaltozasrol\/\",\"name\":\"Egy bring\u00e1s, aki k\u00f6rbetekerte a vil\u00e1got, hogy meghallgassa az emberek t\u00f6rt\u00e9neteit a kl\u00edmav\u00e1ltoz\u00e1sr\u00f3l\",\"isPartOf\":{\"@id\":\"https:\/\/www.welovecycling.com\/hu\/#website\"},\"primaryImageOfPage\":{\"@id\":\"https:\/\/www.welovecycling.com\/hu\/kozosseg-es-kultura\/egy-bringas-aki-korbetekerte-a-vilagot-hogy-meghallgassa-az-emberek-torteneteit-a-klimavaltozasrol\/#primaryimage\"},\"image\":{\"@id\":\"https:\/\/www.welovecycling.com\/hu\/kozosseg-es-kultura\/egy-bringas-aki-korbetekerte-a-vilagot-hogy-meghallgassa-az-emberek-torteneteit-a-klimavaltozasrol\/#primaryimage\"},\"thumbnailUrl\":\"https:\/\/d2p6e6u75xmxt8.cloudfront.net\/12\/2021\/11\/devi-lockwood-bike-louisiana-1635966715-1.jpg\",\"datePublished\":\"2021-11-20T06:00:32+00:00\",\"author\":{\"@id\":\"https:\/\/www.welovecycling.com\/hu\/#\/schema\/person\/414a2aebf1801691a5320edb6468e194\"},\"description\":\"Devi Lockwood \u00f6t \u00e9vet t\u00f6lt\u00f6tt nyeregben, hogy anyagot gy\u0171jts\u00f6n k\u00f6nyv\u00e9hez, mely az \u201e1001 voices on climate change\u201d (1001 n\u00e9z\u0151pont a kl\u00edmav\u00e1ltoz\u00e1sr\u00f3l) c\u00edmet kapta.\",\"breadcrumb\":{\"@id\":\"https:\/\/www.welovecycling.com\/hu\/kozosseg-es-kultura\/egy-bringas-aki-korbetekerte-a-vilagot-hogy-meghallgassa-az-emberek-torteneteit-a-klimavaltozasrol\/#breadcrumb\"},\"inLanguage\":\"hu\",\"potentialAction\":[{\"@type\":\"ReadAction\",\"target\":[\"https:\/\/www.welovecycling.com\/hu\/kozosseg-es-kultura\/egy-bringas-aki-korbetekerte-a-vilagot-hogy-meghallgassa-az-emberek-torteneteit-a-klimavaltozasrol\/\"]}]},{\"@type\":\"ImageObject\",\"inLanguage\":\"hu\",\"@id\":\"https:\/\/www.welovecycling.com\/hu\/kozosseg-es-kultura\/egy-bringas-aki-korbetekerte-a-vilagot-hogy-meghallgassa-az-emberek-torteneteit-a-klimavaltozasrol\/#primaryimage\",\"url\":\"https:\/\/d2p6e6u75xmxt8.cloudfront.net\/12\/2021\/11\/devi-lockwood-bike-louisiana-1635966715-1.jpg\",\"contentUrl\":\"https:\/\/d2p6e6u75xmxt8.cloudfront.net\/12\/2021\/11\/devi-lockwood-bike-louisiana-1635966715-1.jpg\",\"width\":1600,\"height\":1195},{\"@type\":\"BreadcrumbList\",\"@id\":\"https:\/\/www.welovecycling.com\/hu\/kozosseg-es-kultura\/egy-bringas-aki-korbetekerte-a-vilagot-hogy-meghallgassa-az-emberek-torteneteit-a-klimavaltozasrol\/#breadcrumb\",\"itemListElement\":[{\"@type\":\"ListItem\",\"position\":1,\"name\":\"Home\",\"item\":\"https:\/\/www.welovecycling.com\/hu\/\"},{\"@type\":\"ListItem\",\"position\":2,\"name\":\"Egy bring\u00e1s, aki k\u00f6rbetekerte a vil\u00e1got, hogy meghallgassa az emberek t\u00f6rt\u00e9neteit a kl\u00edmav\u00e1ltoz\u00e1sr\u00f3l\"}]},{\"@type\":\"WebSite\",\"@id\":\"https:\/\/www.welovecycling.com\/hu\/#website\",\"url\":\"https:\/\/www.welovecycling.com\/hu\/\",\"name\":\"\u0160koda We Love Cycling - Magyarorsz\u00e1g\",\"description\":\"\u0160koda WeLoveCycling\",\"potentialAction\":[{\"@type\":\"SearchAction\",\"target\":{\"@type\":\"EntryPoint\",\"urlTemplate\":\"https:\/\/www.welovecycling.com\/hu\/?s={search_term_string}\"},\"query-input\":{\"@type\":\"PropertyValueSpecification\",\"valueRequired\":true,\"valueName\":\"search_term_string\"}}],\"inLanguage\":\"hu\"},{\"@type\":\"Person\",\"@id\":\"https:\/\/www.welovecycling.com\/hu\/#\/schema\/person\/414a2aebf1801691a5320edb6468e194\",\"name\":\"hegyizs\",\"image\":{\"@type\":\"ImageObject\",\"inLanguage\":\"hu\",\"@id\":\"https:\/\/www.welovecycling.com\/hu\/#\/schema\/person\/image\/\",\"url\":\"https:\/\/secure.gravatar.com\/avatar\/02cf8a7906b8cf90cecb4679defac7cfd33a1c2e3b88e4903d947f3bb58eedd3?s=96&d=mm&r=g\",\"contentUrl\":\"https:\/\/secure.gravatar.com\/avatar\/02cf8a7906b8cf90cecb4679defac7cfd33a1c2e3b88e4903d947f3bb58eedd3?s=96&d=mm&r=g\",\"caption\":\"hegyizs\"},\"url\":\"https:\/\/www.welovecycling.com\/hu\/author\/hegyizs\/\"}]}<\/script>\n<!-- \/ Yoast SEO Premium plugin. -->","yoast_head_json":{"title":"Egy bring\u00e1s, aki k\u00f6rbetekerte a vil\u00e1got, hogy meghallgassa az emberek t\u00f6rt\u00e9neteit a kl\u00edmav\u00e1ltoz\u00e1sr\u00f3l","description":"Devi Lockwood \u00f6t \u00e9vet t\u00f6lt\u00f6tt nyeregben, hogy anyagot gy\u0171jts\u00f6n k\u00f6nyv\u00e9hez, mely az \u201e1001 voices on climate change\u201d (1001 n\u00e9z\u0151pont a kl\u00edmav\u00e1ltoz\u00e1sr\u00f3l) c\u00edmet kapta.","robots":{"index":"index","follow":"follow","max-snippet":"max-snippet:-1","max-image-preview":"max-image-preview:large","max-video-preview":"max-video-preview:-1"},"canonical":"https:\/\/www.welovecycling.com\/hu\/kozosseg-es-kultura\/egy-bringas-aki-korbetekerte-a-vilagot-hogy-meghallgassa-az-emberek-torteneteit-a-klimavaltozasrol\/","og_locale":"hu_HU","og_type":"article","og_title":"Egy bring\u00e1s, aki k\u00f6rbetekerte a vil\u00e1got, hogy meghallgassa az emberek t\u00f6rt\u00e9neteit a kl\u00edmav\u00e1ltoz\u00e1sr\u00f3l","og_description":"Devi Lockwood \u00f6t \u00e9vet t\u00f6lt\u00f6tt nyeregben, hogy anyagot gy\u0171jts\u00f6n k\u00f6nyv\u00e9hez, mely az \u201e1001 voices on climate change\u201d (1001 n\u00e9z\u0151pont a kl\u00edmav\u00e1ltoz\u00e1sr\u00f3l) c\u00edmet kapta.","og_url":"https:\/\/www.welovecycling.com\/hu\/kozosseg-es-kultura\/egy-bringas-aki-korbetekerte-a-vilagot-hogy-meghallgassa-az-emberek-torteneteit-a-klimavaltozasrol\/","og_site_name":"\u0160koda We Love Cycling - Magyarorsz\u00e1g","article_publisher":"https:\/\/www.facebook.com\/WeLoveCyclingHungary\/","article_published_time":"2021-11-20T06:00:32+00:00","og_image":[{"width":1600,"height":1195,"url":"https:\/\/d2p6e6u75xmxt8.cloudfront.net\/12\/2021\/11\/devi-lockwood-bike-louisiana-1635966715-1.jpg","type":"image\/jpeg"}],"author":"hegyizs","twitter_card":"summary_large_image","twitter_misc":{"Written by":"WLC","Est. reading time":"6 minutes"},"schema":{"@context":"https:\/\/schema.org","@graph":[{"@type":"WebPage","@id":"https:\/\/www.welovecycling.com\/hu\/kozosseg-es-kultura\/egy-bringas-aki-korbetekerte-a-vilagot-hogy-meghallgassa-az-emberek-torteneteit-a-klimavaltozasrol\/","url":"https:\/\/www.welovecycling.com\/hu\/kozosseg-es-kultura\/egy-bringas-aki-korbetekerte-a-vilagot-hogy-meghallgassa-az-emberek-torteneteit-a-klimavaltozasrol\/","name":"Egy bring\u00e1s, aki k\u00f6rbetekerte a vil\u00e1got, hogy meghallgassa az emberek t\u00f6rt\u00e9neteit a kl\u00edmav\u00e1ltoz\u00e1sr\u00f3l","isPartOf":{"@id":"https:\/\/www.welovecycling.com\/hu\/#website"},"primaryImageOfPage":{"@id":"https:\/\/www.welovecycling.com\/hu\/kozosseg-es-kultura\/egy-bringas-aki-korbetekerte-a-vilagot-hogy-meghallgassa-az-emberek-torteneteit-a-klimavaltozasrol\/#primaryimage"},"image":{"@id":"https:\/\/www.welovecycling.com\/hu\/kozosseg-es-kultura\/egy-bringas-aki-korbetekerte-a-vilagot-hogy-meghallgassa-az-emberek-torteneteit-a-klimavaltozasrol\/#primaryimage"},"thumbnailUrl":"https:\/\/d2p6e6u75xmxt8.cloudfront.net\/12\/2021\/11\/devi-lockwood-bike-louisiana-1635966715-1.jpg","datePublished":"2021-11-20T06:00:32+00:00","author":{"@id":"https:\/\/www.welovecycling.com\/hu\/#\/schema\/person\/414a2aebf1801691a5320edb6468e194"},"description":"Devi Lockwood \u00f6t \u00e9vet t\u00f6lt\u00f6tt nyeregben, hogy anyagot gy\u0171jts\u00f6n k\u00f6nyv\u00e9hez, mely az \u201e1001 voices on climate change\u201d (1001 n\u00e9z\u0151pont a kl\u00edmav\u00e1ltoz\u00e1sr\u00f3l) c\u00edmet kapta.","breadcrumb":{"@id":"https:\/\/www.welovecycling.com\/hu\/kozosseg-es-kultura\/egy-bringas-aki-korbetekerte-a-vilagot-hogy-meghallgassa-az-emberek-torteneteit-a-klimavaltozasrol\/#breadcrumb"},"inLanguage":"hu","potentialAction":[{"@type":"ReadAction","target":["https:\/\/www.welovecycling.com\/hu\/kozosseg-es-kultura\/egy-bringas-aki-korbetekerte-a-vilagot-hogy-meghallgassa-az-emberek-torteneteit-a-klimavaltozasrol\/"]}]},{"@type":"ImageObject","inLanguage":"hu","@id":"https:\/\/www.welovecycling.com\/hu\/kozosseg-es-kultura\/egy-bringas-aki-korbetekerte-a-vilagot-hogy-meghallgassa-az-emberek-torteneteit-a-klimavaltozasrol\/#primaryimage","url":"https:\/\/d2p6e6u75xmxt8.cloudfront.net\/12\/2021\/11\/devi-lockwood-bike-louisiana-1635966715-1.jpg","contentUrl":"https:\/\/d2p6e6u75xmxt8.cloudfront.net\/12\/2021\/11\/devi-lockwood-bike-louisiana-1635966715-1.jpg","width":1600,"height":1195},{"@type":"BreadcrumbList","@id":"https:\/\/www.welovecycling.com\/hu\/kozosseg-es-kultura\/egy-bringas-aki-korbetekerte-a-vilagot-hogy-meghallgassa-az-emberek-torteneteit-a-klimavaltozasrol\/#breadcrumb","itemListElement":[{"@type":"ListItem","position":1,"name":"Home","item":"https:\/\/www.welovecycling.com\/hu\/"},{"@type":"ListItem","position":2,"name":"Egy bring\u00e1s, aki k\u00f6rbetekerte a vil\u00e1got, hogy meghallgassa az emberek t\u00f6rt\u00e9neteit a kl\u00edmav\u00e1ltoz\u00e1sr\u00f3l"}]},{"@type":"WebSite","@id":"https:\/\/www.welovecycling.com\/hu\/#website","url":"https:\/\/www.welovecycling.com\/hu\/","name":"\u0160koda We Love Cycling - Magyarorsz\u00e1g","description":"\u0160koda WeLoveCycling","potentialAction":[{"@type":"SearchAction","target":{"@type":"EntryPoint","urlTemplate":"https:\/\/www.welovecycling.com\/hu\/?s={search_term_string}"},"query-input":{"@type":"PropertyValueSpecification","valueRequired":true,"valueName":"search_term_string"}}],"inLanguage":"hu"},{"@type":"Person","@id":"https:\/\/www.welovecycling.com\/hu\/#\/schema\/person\/414a2aebf1801691a5320edb6468e194","name":"hegyizs","image":{"@type":"ImageObject","inLanguage":"hu","@id":"https:\/\/www.welovecycling.com\/hu\/#\/schema\/person\/image\/","url":"https:\/\/secure.gravatar.com\/avatar\/02cf8a7906b8cf90cecb4679defac7cfd33a1c2e3b88e4903d947f3bb58eedd3?s=96&d=mm&r=g","contentUrl":"https:\/\/secure.gravatar.com\/avatar\/02cf8a7906b8cf90cecb4679defac7cfd33a1c2e3b88e4903d947f3bb58eedd3?s=96&d=mm&r=g","caption":"hegyizs"},"url":"https:\/\/www.welovecycling.com\/hu\/author\/hegyizs\/"}]}},"_links":{"self":[{"href":"https:\/\/www.welovecycling.com\/hu\/wp-json\/wp\/v2\/posts\/13001","targetHints":{"allow":["GET"]}}],"collection":[{"href":"https:\/\/www.welovecycling.com\/hu\/wp-json\/wp\/v2\/posts"}],"about":[{"href":"https:\/\/www.welovecycling.com\/hu\/wp-json\/wp\/v2\/types\/post"}],"author":[{"embeddable":true,"href":"https:\/\/www.welovecycling.com\/hu\/wp-json\/wp\/v2\/users\/71"}],"replies":[{"embeddable":true,"href":"https:\/\/www.welovecycling.com\/hu\/wp-json\/wp\/v2\/comments?post=13001"}],"version-history":[{"count":1,"href":"https:\/\/www.welovecycling.com\/hu\/wp-json\/wp\/v2\/posts\/13001\/revisions"}],"predecessor-version":[{"id":13005,"href":"https:\/\/www.welovecycling.com\/hu\/wp-json\/wp\/v2\/posts\/13001\/revisions\/13005"}],"wp:featuredmedia":[{"embeddable":true,"href":"https:\/\/www.welovecycling.com\/hu\/wp-json\/wp\/v2\/media\/13002"}],"wp:attachment":[{"href":"https:\/\/www.welovecycling.com\/hu\/wp-json\/wp\/v2\/media?parent=13001"}],"wp:term":[{"taxonomy":"category","embeddable":true,"href":"https:\/\/www.welovecycling.com\/hu\/wp-json\/wp\/v2\/categories?post=13001"},{"taxonomy":"post_tag","embeddable":true,"href":"https:\/\/www.welovecycling.com\/hu\/wp-json\/wp\/v2\/tags?post=13001"},{"taxonomy":"global-categories","embeddable":true,"href":"https:\/\/www.welovecycling.com\/hu\/wp-json\/wp\/v2\/global-categories?post=13001"}],"curies":[{"name":"wp","href":"https:\/\/api.w.org\/{rel}","templated":true}]}}