{"id":1300,"date":"2018-08-13T14:00:43","date_gmt":"2018-08-13T14:00:43","guid":{"rendered":"https:\/\/www.welovecycling.com\/hu\/?p=1300"},"modified":"2018-08-13T09:14:12","modified_gmt":"2018-08-13T09:14:12","slug":"miert-bringazik-egyre-tobb-no-a-varosokban-jobb-bringakon","status":"publish","type":"post","link":"https:\/\/www.welovecycling.com\/hu\/miert-tekerunk\/miert-bringazik-egyre-tobb-no-a-varosokban-jobb-bringakon\/","title":{"rendered":"Mi\u00e9rt bring\u00e1zik egyre t\u00f6bb n\u0151 a v\u00e1rosokban jobb bring\u00e1kon?"},"content":{"rendered":"<p><strong>Fejlettebb ker\u00e9kp\u00e1rutak, kieg\u00e9sz\u00edt\u0151 diz\u00e1jnopci\u00f3k \u00e9s sokkal ink\u00e1bb n\u0151k\u00f6zpont\u00fa bring\u00e1s felszerel\u00e9s: ezek miatt minden \u00e9vben egyre t\u00f6bb n\u0151 csatlakozik a v\u00e1rosi bring\u00e1sok t\u00e1bor\u00e1hoz. A legt\u00f6bb nagyobb ker\u00e9kp\u00e1rgy\u00e1rt\u00f3 kifejezetten n\u0151knek sz\u00e1nt bring\u00e1kat tervez, \u00edgy a v\u00e1laszt\u00e9k sz\u00e9lesebb, mint valaha. A n\u0151i ker\u00e9kp\u00e1r m\u00e1r nem mer\u00fcl ki abban, hogy egy kisebb v\u00e1zhoz meleg sz\u00edneket csapunk, a mai ker\u00e9kp\u00e1rok fejlett kutat\u00e1sok \u00e9s szab\u00e1lyozott geometria eredm\u00e9nyei.<\/strong><\/p>\n<h2><span style=\"font-size: 14pt;\"><strong>A n\u0151k test\u00e9re szabva<\/strong><\/span><\/h2>\n<p>Van, akinek megfelelnek az unisex bring\u00e1k, de a kifejezetten n\u0151kre tervezett kialak\u00edt\u00e1sok seg\u00edthetnek k\u00e9nyelmesebben \u00e9s hat\u00e9konyabban tekerni. Annak ellen\u00e9re, hogy a ker\u00e9kp\u00e1r tervez\u00e9si technol\u00f3gia sokat fejl\u0151d\u00f6tt, a sztenderd v\u00e1zakat m\u00e9g mindig a f\u00e9rfiakra optimaliz\u00e1lva gy\u00e1rtj\u00e1k. Persze a n\u0151k is elt\u00e9r\u0151 alak\u00faak \u00e9s m\u00e9ret\u0171ek, de a n\u0151bar\u00e1t v\u00e1zak m\u00e1s ar\u00e1nyokat indokolnak<\/p>\n<p><img loading=\"lazy\" decoding=\"async\" class=\"alignnone size-extra-large\" src=\"https:\/\/d2p6e6u75xmxt8.cloudfront.net\/2\/2018\/04\/profimedia-0295744599.jpg\" alt=\"mi\u00e9rt bring\u00e1zik egyre t\u00f6bb n\u0151 a v\u00e1rosokban?\" width=\"1250\" height=\"833\" \/><\/p>\n<p>A n\u0151k gyakran alacsonyabbak \u00e9s m\u00e1s a s\u00falyeloszl\u00e1suk, ink\u00e1bb hosszabb l\u00e1b, r\u00f6videbb fels\u0151test \u00e9s kar jellemzi \u0151ket. A n\u0151i modellek ezt figyelembe v\u00e9ve ink\u00e1bb f\u00fcgg\u0151leges tart\u00e1st adnak, r\u00f6videbb kart\u00e1vols\u00e1ggal sz\u00e1molnak \u00e9s a v\u00e1z fels\u0151 cs\u00f6ve alacsonyabban helyezkedik el.<\/p>\n<h2><strong><span style=\"font-size: 14pt;\">A megfelel\u0151 nyereg kiv\u00e1laszt\u00e1sa<\/span><\/strong><\/h2>\n<p>Az egyik ker\u00e9kp\u00e1ralkatr\u00e9sz, amelynek szinte minden szak\u00e9rt\u0151 szerint k\u00fcl\u00f6nb\u00f6znie kell a n\u0151i \u00e9s f\u00e9rfi modelleken, az a nyereg. A v\u00e1rosi bring\u00e1k nyugodtabb, r\u00e1\u00e9r\u0151sebb \u00fcl\u0151poz\u00edci\u00f3t biztos\u00edtanak, ami miatt a farcsont megf\u00e1jdulhat, ha nem megfelel\u0151 a nyereg sz\u00e9less\u00e9ge. Ne felejts\u00fck el, hogy a n\u0151k \u00e1ltal\u00e1ban a sz\u00e9lesebb nyeregben \u00e9rzik j\u00f3l magukat, amelyen nyom\u00e1scs\u00f6kkent\u0151 bev\u00e1g\u00e1sok vannak, de a farmer m\u00e9rete nem felt\u00e9tlen\u00fcl hat\u00e1rozza meg az \u00fcl\u00e9s m\u00e9ret\u00e9t, ez\u00e9rt nagyon fontos a farcsont sz\u00e9less\u00e9g megm\u00e9r\u00e9se.<\/p>\n<h2><strong><span style=\"font-size: 14pt;\">Az optim\u00e1lis eredm\u00e9nyek \u00e9rdek\u00e9ben szakemberhez kell fordulni<\/span><\/strong><\/h2>\n<p>Az egyedi ig\u00e9nyek felm\u00e9r\u00e9sekor a helyi ker\u00e9kp\u00e1rszak\u00fczlet szem\u00e9lyzete sokat tud seg\u00edteni a v\u00e1s\u00e1rl\u00f3 sz\u00e1m\u00e1ra legink\u00e1bb megfelel\u0151 nyeregforma, anyag, valamint a bev\u00e1g\u00e1sok \u00e9s a p\u00e1rn\u00e1z\u00e1s kiv\u00e1laszt\u00e1s\u00e1ban. \u00c1ltal\u00e1nos hiba, hogy a f\u00e1jdalom er\u0151s\u00f6d\u00e9sekor jobban kip\u00e1rn\u00e1zott nyerget vesz az ember, pedig az extr\u00e1n p\u00e1rn\u00e1zott \u00fcl\u00e9s nem felt\u00e9tlen\u00fcl ny\u00fajt nagyobb k\u00e9nyelmet. \u00a0S\u0151t, a felesleges p\u00e1rn\u00e1zotts\u00e1g gyakran ink\u00e1bb nagyobb k\u00e1rt okoz.<\/p>\n<p>A n\u0151k egyedi nyerge befoly\u00e1solja a ker\u00e9kp\u00e1ron felvett testtart\u00e1st is, \u00edgy a megfelel\u0151 korm\u00e1nysz\u00e9less\u00e9ggel \u00e9s korm\u00e1ny sz\u00e1rhosszal a n\u0151bar\u00e1t diz\u00e1jn a lehet\u0151 legjobb kezelhet\u0151s\u00e9get ny\u00fajtja a n\u0151i bring\u00e1sok sz\u00e1m\u00e1ra.<\/p>\n<p><img loading=\"lazy\" decoding=\"async\" class=\"alignnone\" src=\"https:\/\/d2p6e6u75xmxt8.cloudfront.net\/2\/2018\/04\/Canyon-Roadlite-AL_premium-aluminum_flat-bar-fitness-road-bike_women.jpg\" alt=\"n\u0151i ker\u00e9kp\u00e1r\" width=\"1021\" height=\"680\" \/><\/p>\n<h2><strong><span style=\"font-size: 14pt;\">Jobb \u00e1tt\u00e9teli ar\u00e1nyok<\/span><\/strong><\/h2>\n<p>\u00e9h\u00e1ny n\u0151i bicikli testreszabott \u00e1tt\u00e9teli ar\u00e1nyokkal dolgozik, ami k\u00fcl\u00f6n\u00f6sen j\u00f3l j\u00f6het olyan v\u00e1rosban, ahol sok az emelked\u0151. Dupla vagy tripla hajt\u00f3m\u0171vel rendelkezhetnek (teh\u00e1t k\u00e9t vagy h\u00e1rom fogasker\u00e9k lehet a ped\u00e1lok mellett) olyan modelleken, amelyek unisex verzi\u00f3j\u00e1n csak szimpla hajt\u00f3m\u0171 van, vagy alacsonyabb sebess\u00e9gfokozatok lehetnek rajta, mint az unisex megfelel\u0151n. Ne felejts\u00fck el, hogy nem a fokozatok sz\u00e1ma, hanem az \u00e1tt\u00e9teli ar\u00e1ny sz\u00e1m\u00edt, ilyen m\u00f3dos\u00edt\u00e1sokkal a kev\u00e9sb\u00e9 er\u0151s bring\u00e1sok is fel tudnak kaptatni a lejt\u0151k\u00f6n.<\/p>\n<h3><strong><span style=\"font-size: 14pt;\">N\u0151kre szabott kieg\u00e9sz\u00edt\u0151k<\/span><\/strong><\/h3>\n<p>Miut\u00e1n minden m\u0171szaki r\u00e9szleten t\u00fal vagyunk, a kieg\u00e9sz\u00edt\u0151kkel m\u00e9g egyedibb\u00e9 tudjuk var\u00e1zsolni bring\u00e1nk st\u00edlus\u00e1t \u00e9s funkcionalit\u00e1s\u00e1t. J\u00f3 h\u00edr, hogy a n\u0151i biciklik \u00e9s kieg\u00e9sz\u00edt\u0151ik m\u00e1r nem csak a r\u00f3zsasz\u00edn \u00e9s pasztell sz\u00ednek h\u00e9tk\u00f6znapi \u00e1rnyalataiban \u00e9rhet\u0151k el. Ma m\u00e1r sisakok, ruh\u00e1k, s\u0151t h\u00e1tizs\u00e1kok sz\u00e9les sora kaphat\u00f3 k\u00fcl\u00f6nb\u00f6z\u0151 kivitelben \u00e9s sz\u00ednben, amelyet kifejezetten n\u0151i testre terveztek a megfelel\u0151 outfit \u00e9s k\u00e9nyelem biztos\u00edt\u00e1sa \u00e9rdek\u00e9ben.<\/p>\n<h3><strong><span style=\"font-size: 14pt;\">N\u00f6vekv\u0151 k\u00f6z\u00f6ss\u00e9g<\/span><\/strong><\/h3>\n<p>Ahogy egyre t\u00f6bb n\u0151 iktatja be a bring\u00e1z\u00e1st mindennapi \u00e9let\u00e9be, ezerf\u00e9le n\u0151k vezette ker\u00e9kp\u00e1r\u00fczlet, klub \u00e9s k\u00f6z\u00f6ss\u00e9g bukkan fel. Sok k\u00f6z\u00fcl\u00fck m\u0171helyfoglalkoz\u00e1st is tart a ker\u00e9kp\u00e1rszerel\u00e9sr\u0151l \u00e9s \u2013karbantart\u00e1sr\u00f3l. A n\u0151i bring\u00e1sok itt bar\u00e1ts\u00e1gos k\u00f6rnyezetben tehetnek fel k\u00e9rd\u00e9seket, oszthatnak meg tippeket \u00e9s tanulhatnak egym\u00e1st\u00f3l. Nagyszer\u0171 m\u00f3dja ez annak, hogy k\u00f6z\u00f6ss\u00e9g \u00e9p\u00fclj\u00f6n \u00e9s a v\u00e1rosi ker\u00e9kp\u00e1roz\u00e1ssal kapcsolatos f\u00e9lelmek feled\u00e9sbe mer\u00fcljenek.<\/p>\n","protected":false},"excerpt":{"rendered":"<p>Fejlettebb ker\u00e9kp\u00e1rutak, kieg\u00e9sz\u00edt\u0151 diz\u00e1jnopci\u00f3k \u00e9s sokkal ink\u00e1bb n\u0151k\u00f6zpont\u00fa bring\u00e1s felszerel\u00e9s: ezek miatt minden \u00e9vben egyre t\u00f6bb n\u0151 csatlakozik a v\u00e1rosi [&hellip;]<\/p>\n","protected":false},"author":71,"featured_media":1304,"comment_status":"open","ping_status":"open","sticky":false,"template":"","format":"standard","meta":{"footnotes":""},"categories":[99],"tags":[114,106,16,113,112,111],"global-categories":[],"class_list":["post-1300","post","type-post","status-publish","format-standard","has-post-thumbnail","hentry","category-miert-tekerunk","tag-biciklis","tag-bringa","tag-kerekpar","tag-noi-biciklisek","tag-noi-bringasok","tag-noi-kerekpar"],"yoast_head":"<!-- This site is optimized with the Yoast SEO Premium plugin v25.3 (Yoast SEO v25.9) - https:\/\/yoast.com\/wordpress\/plugins\/seo\/ -->\n<title>Mi\u00e9rt bring\u00e1zik egyre t\u00f6bb n\u0151 a v\u00e1rosokban jobb bring\u00e1kon? - \u0160koda We Love Cycling - Magyarorsz\u00e1g<\/title>\n<meta name=\"description\" content=\"A n\u0151i ker\u00e9kp\u00e1r m\u00e1r nem mer\u00fcl ki abban, hogy egy kisebb v\u00e1zhoz meleg sz\u00edneket csapunk, a mai ker\u00e9kp\u00e1rok fejlett kutat\u00e1sok \u00e9s szab\u00e1lyozott geometria eredm\u00e9nyei.\" \/>\n<meta name=\"robots\" content=\"index, follow, max-snippet:-1, max-image-preview:large, max-video-preview:-1\" \/>\n<link rel=\"canonical\" href=\"https:\/\/www.welovecycling.com\/hu\/miert-tekerunk\/miert-bringazik-egyre-tobb-no-a-varosokban-jobb-bringakon\/\" \/>\n<meta property=\"og:locale\" content=\"hu_HU\" \/>\n<meta property=\"og:type\" content=\"article\" \/>\n<meta property=\"og:title\" content=\"Mi\u00e9rt bring\u00e1zik egyre t\u00f6bb n\u0151 a v\u00e1rosokban jobb bring\u00e1kon?\" \/>\n<meta property=\"og:description\" content=\"A n\u0151i ker\u00e9kp\u00e1r m\u00e1r nem mer\u00fcl ki abban, hogy egy kisebb v\u00e1zhoz meleg sz\u00edneket csapunk, a mai ker\u00e9kp\u00e1rok fejlett kutat\u00e1sok \u00e9s szab\u00e1lyozott geometria eredm\u00e9nyei.\" \/>\n<meta property=\"og:url\" content=\"https:\/\/www.welovecycling.com\/hu\/miert-tekerunk\/miert-bringazik-egyre-tobb-no-a-varosokban-jobb-bringakon\/\" \/>\n<meta property=\"og:site_name\" content=\"\u0160koda We Love Cycling - Magyarorsz\u00e1g\" \/>\n<meta property=\"article:publisher\" content=\"https:\/\/www.facebook.com\/WeLoveCyclingHungary\/\" \/>\n<meta property=\"article:published_time\" content=\"2018-08-13T14:00:43+00:00\" \/>\n<meta property=\"og:image\" content=\"https:\/\/d2p6e6u75xmxt8.cloudfront.net\/12\/2018\/07\/n\u0151i-biciklisek.jpg\" \/>\n\t<meta property=\"og:image:width\" content=\"1366\" \/>\n\t<meta property=\"og:image:height\" content=\"600\" \/>\n\t<meta property=\"og:image:type\" content=\"image\/jpeg\" \/>\n<meta name=\"author\" content=\"hegyizs\" \/>\n<meta name=\"twitter:card\" content=\"summary_large_image\" \/>\n<meta name=\"twitter:label1\" content=\"Written by\" \/>\n\t<meta name=\"twitter:data1\" content=\"hegyizs\" \/>\n\t<meta name=\"twitter:label2\" content=\"Est. reading time\" \/>\n\t<meta name=\"twitter:data2\" content=\"4 minutes\" \/>\n<script type=\"application\/ld+json\" class=\"yoast-schema-graph\">{\"@context\":\"https:\/\/schema.org\",\"@graph\":[{\"@type\":\"WebPage\",\"@id\":\"https:\/\/www.welovecycling.com\/hu\/miert-tekerunk\/miert-bringazik-egyre-tobb-no-a-varosokban-jobb-bringakon\/\",\"url\":\"https:\/\/www.welovecycling.com\/hu\/miert-tekerunk\/miert-bringazik-egyre-tobb-no-a-varosokban-jobb-bringakon\/\",\"name\":\"Mi\u00e9rt bring\u00e1zik egyre t\u00f6bb n\u0151 a v\u00e1rosokban jobb bring\u00e1kon? - \u0160koda We Love Cycling - Magyarorsz\u00e1g\",\"isPartOf\":{\"@id\":\"https:\/\/www.welovecycling.com\/hu\/#website\"},\"primaryImageOfPage\":{\"@id\":\"https:\/\/www.welovecycling.com\/hu\/miert-tekerunk\/miert-bringazik-egyre-tobb-no-a-varosokban-jobb-bringakon\/#primaryimage\"},\"image\":{\"@id\":\"https:\/\/www.welovecycling.com\/hu\/miert-tekerunk\/miert-bringazik-egyre-tobb-no-a-varosokban-jobb-bringakon\/#primaryimage\"},\"thumbnailUrl\":\"https:\/\/d2p6e6u75xmxt8.cloudfront.net\/12\/2018\/07\/n\u0151i-biciklisek.jpg\",\"datePublished\":\"2018-08-13T14:00:43+00:00\",\"author\":{\"@id\":\"https:\/\/www.welovecycling.com\/hu\/#\/schema\/person\/414a2aebf1801691a5320edb6468e194\"},\"description\":\"A n\u0151i ker\u00e9kp\u00e1r m\u00e1r nem mer\u00fcl ki abban, hogy egy kisebb v\u00e1zhoz meleg sz\u00edneket csapunk, a mai ker\u00e9kp\u00e1rok fejlett kutat\u00e1sok \u00e9s szab\u00e1lyozott geometria eredm\u00e9nyei.\",\"breadcrumb\":{\"@id\":\"https:\/\/www.welovecycling.com\/hu\/miert-tekerunk\/miert-bringazik-egyre-tobb-no-a-varosokban-jobb-bringakon\/#breadcrumb\"},\"inLanguage\":\"hu\",\"potentialAction\":[{\"@type\":\"ReadAction\",\"target\":[\"https:\/\/www.welovecycling.com\/hu\/miert-tekerunk\/miert-bringazik-egyre-tobb-no-a-varosokban-jobb-bringakon\/\"]}]},{\"@type\":\"ImageObject\",\"inLanguage\":\"hu\",\"@id\":\"https:\/\/www.welovecycling.com\/hu\/miert-tekerunk\/miert-bringazik-egyre-tobb-no-a-varosokban-jobb-bringakon\/#primaryimage\",\"url\":\"https:\/\/d2p6e6u75xmxt8.cloudfront.net\/12\/2018\/07\/n\u0151i-biciklisek.jpg\",\"contentUrl\":\"https:\/\/d2p6e6u75xmxt8.cloudfront.net\/12\/2018\/07\/n\u0151i-biciklisek.jpg\",\"width\":1366,\"height\":600,\"caption\":\"n\u0151i biciklisek\"},{\"@type\":\"BreadcrumbList\",\"@id\":\"https:\/\/www.welovecycling.com\/hu\/miert-tekerunk\/miert-bringazik-egyre-tobb-no-a-varosokban-jobb-bringakon\/#breadcrumb\",\"itemListElement\":[{\"@type\":\"ListItem\",\"position\":1,\"name\":\"Home\",\"item\":\"https:\/\/www.welovecycling.com\/hu\/\"},{\"@type\":\"ListItem\",\"position\":2,\"name\":\"Mi\u00e9rt bring\u00e1zik egyre t\u00f6bb n\u0151 a v\u00e1rosokban jobb bring\u00e1kon?\"}]},{\"@type\":\"WebSite\",\"@id\":\"https:\/\/www.welovecycling.com\/hu\/#website\",\"url\":\"https:\/\/www.welovecycling.com\/hu\/\",\"name\":\"\u0160koda We Love Cycling - Magyarorsz\u00e1g\",\"description\":\"\u0160koda WeLoveCycling\",\"potentialAction\":[{\"@type\":\"SearchAction\",\"target\":{\"@type\":\"EntryPoint\",\"urlTemplate\":\"https:\/\/www.welovecycling.com\/hu\/?s={search_term_string}\"},\"query-input\":{\"@type\":\"PropertyValueSpecification\",\"valueRequired\":true,\"valueName\":\"search_term_string\"}}],\"inLanguage\":\"hu\"},{\"@type\":\"Person\",\"@id\":\"https:\/\/www.welovecycling.com\/hu\/#\/schema\/person\/414a2aebf1801691a5320edb6468e194\",\"name\":\"hegyizs\",\"image\":{\"@type\":\"ImageObject\",\"inLanguage\":\"hu\",\"@id\":\"https:\/\/www.welovecycling.com\/hu\/#\/schema\/person\/image\/\",\"url\":\"https:\/\/secure.gravatar.com\/avatar\/02cf8a7906b8cf90cecb4679defac7cfd33a1c2e3b88e4903d947f3bb58eedd3?s=96&d=mm&r=g\",\"contentUrl\":\"https:\/\/secure.gravatar.com\/avatar\/02cf8a7906b8cf90cecb4679defac7cfd33a1c2e3b88e4903d947f3bb58eedd3?s=96&d=mm&r=g\",\"caption\":\"hegyizs\"},\"url\":\"https:\/\/www.welovecycling.com\/hu\/author\/hegyizs\/\"}]}<\/script>\n<!-- \/ Yoast SEO Premium plugin. -->","yoast_head_json":{"title":"Mi\u00e9rt bring\u00e1zik egyre t\u00f6bb n\u0151 a v\u00e1rosokban jobb bring\u00e1kon? - \u0160koda We Love Cycling - Magyarorsz\u00e1g","description":"A n\u0151i ker\u00e9kp\u00e1r m\u00e1r nem mer\u00fcl ki abban, hogy egy kisebb v\u00e1zhoz meleg sz\u00edneket csapunk, a mai ker\u00e9kp\u00e1rok fejlett kutat\u00e1sok \u00e9s szab\u00e1lyozott geometria eredm\u00e9nyei.","robots":{"index":"index","follow":"follow","max-snippet":"max-snippet:-1","max-image-preview":"max-image-preview:large","max-video-preview":"max-video-preview:-1"},"canonical":"https:\/\/www.welovecycling.com\/hu\/miert-tekerunk\/miert-bringazik-egyre-tobb-no-a-varosokban-jobb-bringakon\/","og_locale":"hu_HU","og_type":"article","og_title":"Mi\u00e9rt bring\u00e1zik egyre t\u00f6bb n\u0151 a v\u00e1rosokban jobb bring\u00e1kon?","og_description":"A n\u0151i ker\u00e9kp\u00e1r m\u00e1r nem mer\u00fcl ki abban, hogy egy kisebb v\u00e1zhoz meleg sz\u00edneket csapunk, a mai ker\u00e9kp\u00e1rok fejlett kutat\u00e1sok \u00e9s szab\u00e1lyozott geometria eredm\u00e9nyei.","og_url":"https:\/\/www.welovecycling.com\/hu\/miert-tekerunk\/miert-bringazik-egyre-tobb-no-a-varosokban-jobb-bringakon\/","og_site_name":"\u0160koda We Love Cycling - Magyarorsz\u00e1g","article_publisher":"https:\/\/www.facebook.com\/WeLoveCyclingHungary\/","article_published_time":"2018-08-13T14:00:43+00:00","og_image":[{"width":1366,"height":600,"url":"https:\/\/d2p6e6u75xmxt8.cloudfront.net\/12\/2018\/07\/n\u0151i-biciklisek.jpg","type":"image\/jpeg"}],"author":"hegyizs","twitter_card":"summary_large_image","twitter_misc":{"Written by":"hegyizs","Est. reading time":"4 minutes"},"schema":{"@context":"https:\/\/schema.org","@graph":[{"@type":"WebPage","@id":"https:\/\/www.welovecycling.com\/hu\/miert-tekerunk\/miert-bringazik-egyre-tobb-no-a-varosokban-jobb-bringakon\/","url":"https:\/\/www.welovecycling.com\/hu\/miert-tekerunk\/miert-bringazik-egyre-tobb-no-a-varosokban-jobb-bringakon\/","name":"Mi\u00e9rt bring\u00e1zik egyre t\u00f6bb n\u0151 a v\u00e1rosokban jobb bring\u00e1kon? - \u0160koda We Love Cycling - Magyarorsz\u00e1g","isPartOf":{"@id":"https:\/\/www.welovecycling.com\/hu\/#website"},"primaryImageOfPage":{"@id":"https:\/\/www.welovecycling.com\/hu\/miert-tekerunk\/miert-bringazik-egyre-tobb-no-a-varosokban-jobb-bringakon\/#primaryimage"},"image":{"@id":"https:\/\/www.welovecycling.com\/hu\/miert-tekerunk\/miert-bringazik-egyre-tobb-no-a-varosokban-jobb-bringakon\/#primaryimage"},"thumbnailUrl":"https:\/\/d2p6e6u75xmxt8.cloudfront.net\/12\/2018\/07\/n\u0151i-biciklisek.jpg","datePublished":"2018-08-13T14:00:43+00:00","author":{"@id":"https:\/\/www.welovecycling.com\/hu\/#\/schema\/person\/414a2aebf1801691a5320edb6468e194"},"description":"A n\u0151i ker\u00e9kp\u00e1r m\u00e1r nem mer\u00fcl ki abban, hogy egy kisebb v\u00e1zhoz meleg sz\u00edneket csapunk, a mai ker\u00e9kp\u00e1rok fejlett kutat\u00e1sok \u00e9s szab\u00e1lyozott geometria eredm\u00e9nyei.","breadcrumb":{"@id":"https:\/\/www.welovecycling.com\/hu\/miert-tekerunk\/miert-bringazik-egyre-tobb-no-a-varosokban-jobb-bringakon\/#breadcrumb"},"inLanguage":"hu","potentialAction":[{"@type":"ReadAction","target":["https:\/\/www.welovecycling.com\/hu\/miert-tekerunk\/miert-bringazik-egyre-tobb-no-a-varosokban-jobb-bringakon\/"]}]},{"@type":"ImageObject","inLanguage":"hu","@id":"https:\/\/www.welovecycling.com\/hu\/miert-tekerunk\/miert-bringazik-egyre-tobb-no-a-varosokban-jobb-bringakon\/#primaryimage","url":"https:\/\/d2p6e6u75xmxt8.cloudfront.net\/12\/2018\/07\/n\u0151i-biciklisek.jpg","contentUrl":"https:\/\/d2p6e6u75xmxt8.cloudfront.net\/12\/2018\/07\/n\u0151i-biciklisek.jpg","width":1366,"height":600,"caption":"n\u0151i biciklisek"},{"@type":"BreadcrumbList","@id":"https:\/\/www.welovecycling.com\/hu\/miert-tekerunk\/miert-bringazik-egyre-tobb-no-a-varosokban-jobb-bringakon\/#breadcrumb","itemListElement":[{"@type":"ListItem","position":1,"name":"Home","item":"https:\/\/www.welovecycling.com\/hu\/"},{"@type":"ListItem","position":2,"name":"Mi\u00e9rt bring\u00e1zik egyre t\u00f6bb n\u0151 a v\u00e1rosokban jobb bring\u00e1kon?"}]},{"@type":"WebSite","@id":"https:\/\/www.welovecycling.com\/hu\/#website","url":"https:\/\/www.welovecycling.com\/hu\/","name":"\u0160koda We Love Cycling - Magyarorsz\u00e1g","description":"\u0160koda WeLoveCycling","potentialAction":[{"@type":"SearchAction","target":{"@type":"EntryPoint","urlTemplate":"https:\/\/www.welovecycling.com\/hu\/?s={search_term_string}"},"query-input":{"@type":"PropertyValueSpecification","valueRequired":true,"valueName":"search_term_string"}}],"inLanguage":"hu"},{"@type":"Person","@id":"https:\/\/www.welovecycling.com\/hu\/#\/schema\/person\/414a2aebf1801691a5320edb6468e194","name":"hegyizs","image":{"@type":"ImageObject","inLanguage":"hu","@id":"https:\/\/www.welovecycling.com\/hu\/#\/schema\/person\/image\/","url":"https:\/\/secure.gravatar.com\/avatar\/02cf8a7906b8cf90cecb4679defac7cfd33a1c2e3b88e4903d947f3bb58eedd3?s=96&d=mm&r=g","contentUrl":"https:\/\/secure.gravatar.com\/avatar\/02cf8a7906b8cf90cecb4679defac7cfd33a1c2e3b88e4903d947f3bb58eedd3?s=96&d=mm&r=g","caption":"hegyizs"},"url":"https:\/\/www.welovecycling.com\/hu\/author\/hegyizs\/"}]}},"_links":{"self":[{"href":"https:\/\/www.welovecycling.com\/hu\/wp-json\/wp\/v2\/posts\/1300","targetHints":{"allow":["GET"]}}],"collection":[{"href":"https:\/\/www.welovecycling.com\/hu\/wp-json\/wp\/v2\/posts"}],"about":[{"href":"https:\/\/www.welovecycling.com\/hu\/wp-json\/wp\/v2\/types\/post"}],"author":[{"embeddable":true,"href":"https:\/\/www.welovecycling.com\/hu\/wp-json\/wp\/v2\/users\/71"}],"replies":[{"embeddable":true,"href":"https:\/\/www.welovecycling.com\/hu\/wp-json\/wp\/v2\/comments?post=1300"}],"version-history":[{"count":2,"href":"https:\/\/www.welovecycling.com\/hu\/wp-json\/wp\/v2\/posts\/1300\/revisions"}],"predecessor-version":[{"id":1624,"href":"https:\/\/www.welovecycling.com\/hu\/wp-json\/wp\/v2\/posts\/1300\/revisions\/1624"}],"wp:featuredmedia":[{"embeddable":true,"href":"https:\/\/www.welovecycling.com\/hu\/wp-json\/wp\/v2\/media\/1304"}],"wp:attachment":[{"href":"https:\/\/www.welovecycling.com\/hu\/wp-json\/wp\/v2\/media?parent=1300"}],"wp:term":[{"taxonomy":"category","embeddable":true,"href":"https:\/\/www.welovecycling.com\/hu\/wp-json\/wp\/v2\/categories?post=1300"},{"taxonomy":"post_tag","embeddable":true,"href":"https:\/\/www.welovecycling.com\/hu\/wp-json\/wp\/v2\/tags?post=1300"},{"taxonomy":"global-categories","embeddable":true,"href":"https:\/\/www.welovecycling.com\/hu\/wp-json\/wp\/v2\/global-categories?post=1300"}],"curies":[{"name":"wp","href":"https:\/\/api.w.org\/{rel}","templated":true}]}}