{"id":12996,"date":"2021-11-21T08:00:27","date_gmt":"2021-11-21T06:00:27","guid":{"rendered":"https:\/\/www.welovecycling.com\/hu\/?p=12996"},"modified":"2021-11-19T15:34:56","modified_gmt":"2021-11-19T13:34:56","slug":"pozitiv-eletszemlelet-a-pandemia-alatt-is-roglic-es-jungels-oszinte-tanacsai","status":"publish","type":"post","link":"https:\/\/www.welovecycling.com\/hu\/orszaguti-kerekpar\/pozitiv-eletszemlelet-a-pandemia-alatt-is-roglic-es-jungels-oszinte-tanacsai\/","title":{"rendered":"Pozit\u00edv \u00e9letszeml\u00e9let a pand\u00e9mia alatt is \u2013 Rogli\u010d \u00e9s Jungels \u0151szinte tan\u00e1csai"},"content":{"rendered":"<p><strong>Van, hogy m\u00e1s kih\u00edv\u00e1sokkal \u00e1ll\u00edtja szembe a profi ker\u00e9kp\u00e1rosokat a v\u00edrushelyzet, \u00e9s van, hogy eg\u00e9szen hasonl\u00f3val, mint minket. Ami biztos, hogy \u0151k is ugyan\u00fagy megk\u00fczdenek ezekkel, mint az \u00e1tlagemberek.<\/strong><!--more--><\/p>\n<p>Az elm\u00falt napokban k\u00e9t bringaszt\u00e1r, Primoz Rogli\u010d \u00e9s Bob Jungels is mes\u00e9lt a Cyclingnews-nak a mindennapi neh\u00e9zs\u00e9geikr\u0151l a pand\u00e9mia alatt. A szlov\u00e9n szt\u00e1r idei \u00e9ve igazi hull\u00e1mvas\u00fat volt: napjaink egyik legjobbjak\u00e9nt a Tour de France-gy\u0151zelmet tov\u00e1bbra is hi\u00e1ba \u00fcld\u00f6zi, miut\u00e1n a versenyt id\u00e9n egy buk\u00e1s miatt fel kellett adnia, de k\u00e9s\u0151bb azt\u00e1n az olimpiai id\u0151futamgy\u0151zelemmel \u00e9s egym\u00e1s ut\u00e1n a harmadik Vuelta-siker\u00e9vel vigasztal\u00f3dhatott.<\/p>\n<p><em>\u201eNem vagyok a ker\u00e9kp\u00e1roz\u00e1s Termin\u00e1tora, ezt sz\u00f6gezz\u00fck le. Az \u00e9letben ad\u00f3d\u00f3 neh\u00e9zs\u00e9gekre szeretek ink\u00e1bb kih\u00edv\u00e1sokk\u00e9nt tekinteni, mintsem probl\u00e9m\u00e1kk\u00e9nt \u2013 \u00e9s szerintem a versenyz\u00e9s \u00e9s az \u00e9let is j\u00f3l m\u0171k\u00f6dik, ha e szerint a felfog\u00e1s \u00e9lsz. Ami mostan\u00e1ban t\u00f6rt\u00e9nik a vil\u00e1gban, mindannyiunkat arra eml\u00e9keztet, hogy meg kell pr\u00f3b\u00e1lnunk \u00e9lvezni az \u00e9letet. Ha p\u00e9ld\u00e1ul nem \u00e9lvezem a versenyz\u00e9st, vagy az edz\u00e9seket \u00e9s az ezekkel j\u00e1r\u00f3 f\u00e1jdalmat \u00e9s szenved\u00e9st, ink\u00e1bb valami m\u00e1st csin\u00e1lok, ami el\u00e9gedetts\u00e9ggel t\u00f6lt el, mert ez a boldogs\u00e1g forr\u00e1sa. \u00c9n a tettek embere vagyok, nem a szavak\u00e9: szerintem az emberek szeretik, ha azt l\u00e1tj\u00e1k, hogy nem adod fel, hanem harcolsz \u00e9s kitartasz. \u00c9n legal\u00e1bbis pr\u00f3b\u00e1lok ilyesf\u00e9le \u00fczenetet k\u00f6zvet\u00edteni, \u00e9s \u00fagy l\u00e1tom, az emberek \u00e9rt\u00e9kelik ezt.\u201d<\/em><\/p>\n<figure id=\"attachment_12998\" aria-describedby=\"caption-attachment-12998\" style=\"width: 1024px\" class=\"wp-caption alignnone\"><a href=\"https:\/\/d2p6e6u75xmxt8.cloudfront.net\/12\/2021\/11\/roglic-miguel-riopa-afp.jpg\"><img loading=\"lazy\" decoding=\"async\" class=\"size-large wp-image-12998\" src=\"https:\/\/d2p6e6u75xmxt8.cloudfront.net\/12\/2021\/11\/roglic-miguel-riopa-afp-1024x576.jpg\" alt=\"\" width=\"1024\" height=\"576\" srcset=\"https:\/\/d2p6e6u75xmxt8.cloudfront.net\/12\/2021\/11\/roglic-miguel-riopa-afp-1024x576.jpg 1024w, https:\/\/d2p6e6u75xmxt8.cloudfront.net\/12\/2021\/11\/roglic-miguel-riopa-afp-300x169.jpg 300w, https:\/\/d2p6e6u75xmxt8.cloudfront.net\/12\/2021\/11\/roglic-miguel-riopa-afp-768x432.jpg 768w, https:\/\/d2p6e6u75xmxt8.cloudfront.net\/12\/2021\/11\/roglic-miguel-riopa-afp.jpg 1200w\" sizes=\"auto, (max-width: 1024px) 100vw, 1024px\" \/><\/a><figcaption id=\"caption-attachment-12998\" class=\"wp-caption-text\">Primoz Rogli\u010d (fot\u00f3: Miguel Riopa\/AFP)<\/figcaption><\/figure>\n<p>Rogli\u010d ehhez kapcsol\u00f3d\u00f3an hozz\u00e1tette, ezzel a fajta gondolkod\u00e1sm\u00f3ddal siker\u00fclt elengednie a Tour-sikerrel kapcsolatos g\u00f6rcs\u00f6ket is: mint mondta, nyilv\u00e1n nagyon szeretn\u00e9 egyszer megnyerni a s\u00e1rga trik\u00f3t, de akkor sem d\u0151l \u00f6ssze a vil\u00e1g, ha ez esetleg sosem j\u00f6n \u00f6ssze neki.<\/p>\n<p>A m\u00e1sik tanuls\u00e1gos t\u00f6rt\u00e9netet Jungels osztotta meg a nyilv\u00e1noss\u00e1ggal. A luxemburgi klasszis nagyon neh\u00e9z id\u0151szakon van t\u00fal, amelyet saj\u00e1t bevall\u00e1sa szerint a k\u00f6rnyezete is alaposan megs\u00ednylett, akiken levezette a bajokb\u00f3l sz\u00e1rmaz\u00f3 fesz\u00fclts\u00e9get. Jungels bevallotta, az elm\u00falt k\u00e9t-k\u00e9t \u00e9s f\u00e9l \u00e9ve a ker\u00e9kp\u00e1ron \u00e9s azon k\u00edv\u00fcl is rettenetesre sikeredett, ment\u00e1lisan borzaszt\u00f3an megterhel\u0151 h\u00f3napok \u00e1llnak m\u00f6g\u00f6tte. Furcsa paradoxon, hogy \u00e9ppen egy alapvet\u0151en ijeszt\u0151 diagn\u00f3zis ind\u00edtotta el a j\u00f3 ir\u00e1nyba: j\u00faniusban, Belgiumban egy ritka betegs\u00e9get, art\u00e9ri\u00e1s endofibr\u00f3zist \u00e1llap\u00edtottak meg mindk\u00e9t l\u00e1b\u00e1ban, amely g\u00e1tolja a v\u00e9r\u00e1raml\u00e1st. Jungels elmondta, a diagn\u00f3zis hallat\u00e1n egyszerre lett les\u00fajtott \u00e9s megk\u00f6nnyebb\u00fclt, hiszen b\u00e1r kem\u00e9ny volt ezt hallani, magyar\u00e1zatot adott a szenved\u00e9seire.<\/p>\n<figure id=\"attachment_12999\" aria-describedby=\"caption-attachment-12999\" style=\"width: 1024px\" class=\"wp-caption alignnone\"><a href=\"https:\/\/d2p6e6u75xmxt8.cloudfront.net\/12\/2021\/11\/jungels-audrey-duval.jpg\"><img loading=\"lazy\" decoding=\"async\" class=\"size-large wp-image-12999\" src=\"https:\/\/d2p6e6u75xmxt8.cloudfront.net\/12\/2021\/11\/jungels-audrey-duval-1024x683.jpg\" alt=\"\" width=\"1024\" height=\"683\" srcset=\"https:\/\/d2p6e6u75xmxt8.cloudfront.net\/12\/2021\/11\/jungels-audrey-duval-1024x683.jpg 1024w, https:\/\/d2p6e6u75xmxt8.cloudfront.net\/12\/2021\/11\/jungels-audrey-duval-300x200.jpg 300w, https:\/\/d2p6e6u75xmxt8.cloudfront.net\/12\/2021\/11\/jungels-audrey-duval-768x512.jpg 768w, https:\/\/d2p6e6u75xmxt8.cloudfront.net\/12\/2021\/11\/jungels-audrey-duval-1536x1024.jpg 1536w, https:\/\/d2p6e6u75xmxt8.cloudfront.net\/12\/2021\/11\/jungels-audrey-duval-1920x1280.jpg 1920w, https:\/\/d2p6e6u75xmxt8.cloudfront.net\/12\/2021\/11\/jungels-audrey-duval-272x182.jpg 272w, https:\/\/d2p6e6u75xmxt8.cloudfront.net\/12\/2021\/11\/jungels-audrey-duval.jpg 2048w, https:\/\/d2p6e6u75xmxt8.cloudfront.net\/12\/2021\/11\/jungels-audrey-duval-1920x1280.jpg 1920w\" sizes=\"auto, (max-width: 1024px) 100vw, 1024px\" \/><\/a><figcaption id=\"caption-attachment-12999\" class=\"wp-caption-text\">Bob Jungels (fot\u00f3: Audrey Duval)<\/figcaption><\/figure>\n<p><em>\u201eNagyon megszenvedtem ezt a k\u00e9t \u00e9vet, \u00e9s ezen persze az eg\u00e9sz Covid-helyzet sem seg\u00edtett. Nem voltam ugyanaz a versenyz\u0151, aki kor\u00e1bban, tudat alatt \u00e9reztem, hogy valami nincs rendben. Alv\u00e1sprobl\u00e9m\u00e1im voltak, nem \u00e9lveztem a ker\u00e9kp\u00e1roz\u00e1st \u2013 a dolgomat elv\u00e9geztem, ahogy mindig, de egyszer\u0171en nem tett boldogg\u00e1. Most azonban \u00f6r\u00fcl\u00f6k, hogy itt \u00fclhetek \u00e9s elmondhatom ezeket, mert ut\u00e1ltam, hogy az elm\u00falt k\u00e9t \u00e9vben a versenyek el\u0151tt mindig arr\u00f3l kellett besz\u00e9lnem, hogy ezen meg ezen a viadalon szeretn\u00e9k j\u00f3l teljes\u00edteni, holott legbel\u00fcl pontosan tudtam, hogy nem fogok. De most m\u00e1r \u00fajra l\u00e1tom az es\u00e9lyt, hogy ism\u00e9t nagy versenyeket nyerjek!\u201d<\/em><\/p>\n<p><em>Bor\u00edt\u00f3k\u00e9p: Reuters<\/em><\/p>\n","protected":false},"excerpt":{"rendered":"<p>Van, hogy m\u00e1s kih\u00edv\u00e1sokkal \u00e1ll\u00edtja szembe a profi ker\u00e9kp\u00e1rosokat a v\u00edrushelyzet, \u00e9s van, hogy eg\u00e9szen hasonl\u00f3val, mint minket. Ami biztos, [&hellip;]<\/p>\n","protected":false},"author":71,"featured_media":12997,"comment_status":"open","ping_status":"open","sticky":false,"template":"","format":"standard","meta":{"footnotes":""},"categories":[8],"tags":[],"global-categories":[],"class_list":["post-12996","post","type-post","status-publish","format-standard","has-post-thumbnail","hentry","category-orszaguti-kerekpar"],"yoast_head":"<!-- This site is optimized with the Yoast SEO Premium plugin v25.3 (Yoast SEO v25.9) - https:\/\/yoast.com\/wordpress\/plugins\/seo\/ -->\n<title>Pozit\u00edv \u00e9letszeml\u00e9let a pand\u00e9mia alatt is \u2013 Rogli\u010d \u00e9s Jungels \u0151szinte tan\u00e1csai<\/title>\n<meta name=\"description\" content=\"Van, hogy m\u00e1s kih\u00edv\u00e1sokkal \u00e1ll\u00edtja szembe a profi ker\u00e9kp\u00e1rosokat a v\u00edrushelyzet, \u00e9s van, hogy eg\u00e9szen hasonl\u00f3val, mint minket. Ami biztos, hogy \u0151k is ugyan\u00fagy megk\u00fczdenek ezekkel, mint az \u00e1tlagemberek.\" \/>\n<meta name=\"robots\" content=\"index, follow, max-snippet:-1, max-image-preview:large, max-video-preview:-1\" \/>\n<link rel=\"canonical\" href=\"https:\/\/www.welovecycling.com\/hu\/orszaguti-kerekpar\/pozitiv-eletszemlelet-a-pandemia-alatt-is-roglic-es-jungels-oszinte-tanacsai\/\" \/>\n<meta property=\"og:locale\" content=\"hu_HU\" \/>\n<meta property=\"og:type\" content=\"article\" \/>\n<meta property=\"og:title\" content=\"Pozit\u00edv \u00e9letszeml\u00e9let a pand\u00e9mia alatt is \u2013 Rogli\u010d \u00e9s Jungels \u0151szinte tan\u00e1csai\" \/>\n<meta property=\"og:description\" content=\"Van, hogy m\u00e1s kih\u00edv\u00e1sokkal \u00e1ll\u00edtja szembe a profi ker\u00e9kp\u00e1rosokat a v\u00edrushelyzet, \u00e9s van, hogy eg\u00e9szen hasonl\u00f3val, mint minket. Ami biztos, hogy \u0151k is ugyan\u00fagy megk\u00fczdenek ezekkel, mint az \u00e1tlagemberek.\" \/>\n<meta property=\"og:url\" content=\"https:\/\/www.welovecycling.com\/hu\/orszaguti-kerekpar\/pozitiv-eletszemlelet-a-pandemia-alatt-is-roglic-es-jungels-oszinte-tanacsai\/\" \/>\n<meta property=\"og:site_name\" content=\"\u0160koda We Love Cycling - Magyarorsz\u00e1g\" \/>\n<meta property=\"article:publisher\" content=\"https:\/\/www.facebook.com\/WeLoveCyclingHungary\/\" \/>\n<meta property=\"article:published_time\" content=\"2021-11-21T06:00:27+00:00\" \/>\n<meta property=\"og:image\" content=\"https:\/\/d2p6e6u75xmxt8.cloudfront.net\/12\/2021\/11\/reuters-roglic.jpg\" \/>\n\t<meta property=\"og:image:width\" content=\"1131\" \/>\n\t<meta property=\"og:image:height\" content=\"800\" \/>\n\t<meta property=\"og:image:type\" content=\"image\/jpeg\" \/>\n<meta name=\"author\" content=\"hegyizs\" \/>\n<meta name=\"twitter:card\" content=\"summary_large_image\" \/>\n<meta name=\"twitter:label1\" content=\"Written by\" \/>\n\t<meta name=\"twitter:data1\" content=\"WLC\" \/>\n\t<meta name=\"twitter:label2\" content=\"Est. reading time\" \/>\n\t<meta name=\"twitter:data2\" content=\"3 minutes\" \/>\n<script type=\"application\/ld+json\" class=\"yoast-schema-graph\">{\"@context\":\"https:\/\/schema.org\",\"@graph\":[{\"@type\":\"WebPage\",\"@id\":\"https:\/\/www.welovecycling.com\/hu\/orszaguti-kerekpar\/pozitiv-eletszemlelet-a-pandemia-alatt-is-roglic-es-jungels-oszinte-tanacsai\/\",\"url\":\"https:\/\/www.welovecycling.com\/hu\/orszaguti-kerekpar\/pozitiv-eletszemlelet-a-pandemia-alatt-is-roglic-es-jungels-oszinte-tanacsai\/\",\"name\":\"Pozit\u00edv \u00e9letszeml\u00e9let a pand\u00e9mia alatt is \u2013 Rogli\u010d \u00e9s Jungels \u0151szinte tan\u00e1csai\",\"isPartOf\":{\"@id\":\"https:\/\/www.welovecycling.com\/hu\/#website\"},\"primaryImageOfPage\":{\"@id\":\"https:\/\/www.welovecycling.com\/hu\/orszaguti-kerekpar\/pozitiv-eletszemlelet-a-pandemia-alatt-is-roglic-es-jungels-oszinte-tanacsai\/#primaryimage\"},\"image\":{\"@id\":\"https:\/\/www.welovecycling.com\/hu\/orszaguti-kerekpar\/pozitiv-eletszemlelet-a-pandemia-alatt-is-roglic-es-jungels-oszinte-tanacsai\/#primaryimage\"},\"thumbnailUrl\":\"https:\/\/d2p6e6u75xmxt8.cloudfront.net\/12\/2021\/11\/reuters-roglic.jpg\",\"datePublished\":\"2021-11-21T06:00:27+00:00\",\"author\":{\"@id\":\"https:\/\/www.welovecycling.com\/hu\/#\/schema\/person\/414a2aebf1801691a5320edb6468e194\"},\"description\":\"Van, hogy m\u00e1s kih\u00edv\u00e1sokkal \u00e1ll\u00edtja szembe a profi ker\u00e9kp\u00e1rosokat a v\u00edrushelyzet, \u00e9s van, hogy eg\u00e9szen hasonl\u00f3val, mint minket. Ami biztos, hogy \u0151k is ugyan\u00fagy megk\u00fczdenek ezekkel, mint az \u00e1tlagemberek.\",\"breadcrumb\":{\"@id\":\"https:\/\/www.welovecycling.com\/hu\/orszaguti-kerekpar\/pozitiv-eletszemlelet-a-pandemia-alatt-is-roglic-es-jungels-oszinte-tanacsai\/#breadcrumb\"},\"inLanguage\":\"hu\",\"potentialAction\":[{\"@type\":\"ReadAction\",\"target\":[\"https:\/\/www.welovecycling.com\/hu\/orszaguti-kerekpar\/pozitiv-eletszemlelet-a-pandemia-alatt-is-roglic-es-jungels-oszinte-tanacsai\/\"]}]},{\"@type\":\"ImageObject\",\"inLanguage\":\"hu\",\"@id\":\"https:\/\/www.welovecycling.com\/hu\/orszaguti-kerekpar\/pozitiv-eletszemlelet-a-pandemia-alatt-is-roglic-es-jungels-oszinte-tanacsai\/#primaryimage\",\"url\":\"https:\/\/d2p6e6u75xmxt8.cloudfront.net\/12\/2021\/11\/reuters-roglic.jpg\",\"contentUrl\":\"https:\/\/d2p6e6u75xmxt8.cloudfront.net\/12\/2021\/11\/reuters-roglic.jpg\",\"width\":1131,\"height\":800},{\"@type\":\"BreadcrumbList\",\"@id\":\"https:\/\/www.welovecycling.com\/hu\/orszaguti-kerekpar\/pozitiv-eletszemlelet-a-pandemia-alatt-is-roglic-es-jungels-oszinte-tanacsai\/#breadcrumb\",\"itemListElement\":[{\"@type\":\"ListItem\",\"position\":1,\"name\":\"Home\",\"item\":\"https:\/\/www.welovecycling.com\/hu\/\"},{\"@type\":\"ListItem\",\"position\":2,\"name\":\"Pozit\u00edv \u00e9letszeml\u00e9let a pand\u00e9mia alatt is \u2013 Rogli\u010d \u00e9s Jungels \u0151szinte tan\u00e1csai\"}]},{\"@type\":\"WebSite\",\"@id\":\"https:\/\/www.welovecycling.com\/hu\/#website\",\"url\":\"https:\/\/www.welovecycling.com\/hu\/\",\"name\":\"\u0160koda We Love Cycling - Magyarorsz\u00e1g\",\"description\":\"\u0160koda WeLoveCycling\",\"potentialAction\":[{\"@type\":\"SearchAction\",\"target\":{\"@type\":\"EntryPoint\",\"urlTemplate\":\"https:\/\/www.welovecycling.com\/hu\/?s={search_term_string}\"},\"query-input\":{\"@type\":\"PropertyValueSpecification\",\"valueRequired\":true,\"valueName\":\"search_term_string\"}}],\"inLanguage\":\"hu\"},{\"@type\":\"Person\",\"@id\":\"https:\/\/www.welovecycling.com\/hu\/#\/schema\/person\/414a2aebf1801691a5320edb6468e194\",\"name\":\"hegyizs\",\"image\":{\"@type\":\"ImageObject\",\"inLanguage\":\"hu\",\"@id\":\"https:\/\/www.welovecycling.com\/hu\/#\/schema\/person\/image\/\",\"url\":\"https:\/\/secure.gravatar.com\/avatar\/02cf8a7906b8cf90cecb4679defac7cfd33a1c2e3b88e4903d947f3bb58eedd3?s=96&d=mm&r=g\",\"contentUrl\":\"https:\/\/secure.gravatar.com\/avatar\/02cf8a7906b8cf90cecb4679defac7cfd33a1c2e3b88e4903d947f3bb58eedd3?s=96&d=mm&r=g\",\"caption\":\"hegyizs\"},\"url\":\"https:\/\/www.welovecycling.com\/hu\/author\/hegyizs\/\"}]}<\/script>\n<!-- \/ Yoast SEO Premium plugin. -->","yoast_head_json":{"title":"Pozit\u00edv \u00e9letszeml\u00e9let a pand\u00e9mia alatt is \u2013 Rogli\u010d \u00e9s Jungels \u0151szinte tan\u00e1csai","description":"Van, hogy m\u00e1s kih\u00edv\u00e1sokkal \u00e1ll\u00edtja szembe a profi ker\u00e9kp\u00e1rosokat a v\u00edrushelyzet, \u00e9s van, hogy eg\u00e9szen hasonl\u00f3val, mint minket. Ami biztos, hogy \u0151k is ugyan\u00fagy megk\u00fczdenek ezekkel, mint az \u00e1tlagemberek.","robots":{"index":"index","follow":"follow","max-snippet":"max-snippet:-1","max-image-preview":"max-image-preview:large","max-video-preview":"max-video-preview:-1"},"canonical":"https:\/\/www.welovecycling.com\/hu\/orszaguti-kerekpar\/pozitiv-eletszemlelet-a-pandemia-alatt-is-roglic-es-jungels-oszinte-tanacsai\/","og_locale":"hu_HU","og_type":"article","og_title":"Pozit\u00edv \u00e9letszeml\u00e9let a pand\u00e9mia alatt is \u2013 Rogli\u010d \u00e9s Jungels \u0151szinte tan\u00e1csai","og_description":"Van, hogy m\u00e1s kih\u00edv\u00e1sokkal \u00e1ll\u00edtja szembe a profi ker\u00e9kp\u00e1rosokat a v\u00edrushelyzet, \u00e9s van, hogy eg\u00e9szen hasonl\u00f3val, mint minket. Ami biztos, hogy \u0151k is ugyan\u00fagy megk\u00fczdenek ezekkel, mint az \u00e1tlagemberek.","og_url":"https:\/\/www.welovecycling.com\/hu\/orszaguti-kerekpar\/pozitiv-eletszemlelet-a-pandemia-alatt-is-roglic-es-jungels-oszinte-tanacsai\/","og_site_name":"\u0160koda We Love Cycling - Magyarorsz\u00e1g","article_publisher":"https:\/\/www.facebook.com\/WeLoveCyclingHungary\/","article_published_time":"2021-11-21T06:00:27+00:00","og_image":[{"width":1131,"height":800,"url":"https:\/\/d2p6e6u75xmxt8.cloudfront.net\/12\/2021\/11\/reuters-roglic.jpg","type":"image\/jpeg"}],"author":"hegyizs","twitter_card":"summary_large_image","twitter_misc":{"Written by":"WLC","Est. reading time":"3 minutes"},"schema":{"@context":"https:\/\/schema.org","@graph":[{"@type":"WebPage","@id":"https:\/\/www.welovecycling.com\/hu\/orszaguti-kerekpar\/pozitiv-eletszemlelet-a-pandemia-alatt-is-roglic-es-jungels-oszinte-tanacsai\/","url":"https:\/\/www.welovecycling.com\/hu\/orszaguti-kerekpar\/pozitiv-eletszemlelet-a-pandemia-alatt-is-roglic-es-jungels-oszinte-tanacsai\/","name":"Pozit\u00edv \u00e9letszeml\u00e9let a pand\u00e9mia alatt is \u2013 Rogli\u010d \u00e9s Jungels \u0151szinte tan\u00e1csai","isPartOf":{"@id":"https:\/\/www.welovecycling.com\/hu\/#website"},"primaryImageOfPage":{"@id":"https:\/\/www.welovecycling.com\/hu\/orszaguti-kerekpar\/pozitiv-eletszemlelet-a-pandemia-alatt-is-roglic-es-jungels-oszinte-tanacsai\/#primaryimage"},"image":{"@id":"https:\/\/www.welovecycling.com\/hu\/orszaguti-kerekpar\/pozitiv-eletszemlelet-a-pandemia-alatt-is-roglic-es-jungels-oszinte-tanacsai\/#primaryimage"},"thumbnailUrl":"https:\/\/d2p6e6u75xmxt8.cloudfront.net\/12\/2021\/11\/reuters-roglic.jpg","datePublished":"2021-11-21T06:00:27+00:00","author":{"@id":"https:\/\/www.welovecycling.com\/hu\/#\/schema\/person\/414a2aebf1801691a5320edb6468e194"},"description":"Van, hogy m\u00e1s kih\u00edv\u00e1sokkal \u00e1ll\u00edtja szembe a profi ker\u00e9kp\u00e1rosokat a v\u00edrushelyzet, \u00e9s van, hogy eg\u00e9szen hasonl\u00f3val, mint minket. Ami biztos, hogy \u0151k is ugyan\u00fagy megk\u00fczdenek ezekkel, mint az \u00e1tlagemberek.","breadcrumb":{"@id":"https:\/\/www.welovecycling.com\/hu\/orszaguti-kerekpar\/pozitiv-eletszemlelet-a-pandemia-alatt-is-roglic-es-jungels-oszinte-tanacsai\/#breadcrumb"},"inLanguage":"hu","potentialAction":[{"@type":"ReadAction","target":["https:\/\/www.welovecycling.com\/hu\/orszaguti-kerekpar\/pozitiv-eletszemlelet-a-pandemia-alatt-is-roglic-es-jungels-oszinte-tanacsai\/"]}]},{"@type":"ImageObject","inLanguage":"hu","@id":"https:\/\/www.welovecycling.com\/hu\/orszaguti-kerekpar\/pozitiv-eletszemlelet-a-pandemia-alatt-is-roglic-es-jungels-oszinte-tanacsai\/#primaryimage","url":"https:\/\/d2p6e6u75xmxt8.cloudfront.net\/12\/2021\/11\/reuters-roglic.jpg","contentUrl":"https:\/\/d2p6e6u75xmxt8.cloudfront.net\/12\/2021\/11\/reuters-roglic.jpg","width":1131,"height":800},{"@type":"BreadcrumbList","@id":"https:\/\/www.welovecycling.com\/hu\/orszaguti-kerekpar\/pozitiv-eletszemlelet-a-pandemia-alatt-is-roglic-es-jungels-oszinte-tanacsai\/#breadcrumb","itemListElement":[{"@type":"ListItem","position":1,"name":"Home","item":"https:\/\/www.welovecycling.com\/hu\/"},{"@type":"ListItem","position":2,"name":"Pozit\u00edv \u00e9letszeml\u00e9let a pand\u00e9mia alatt is \u2013 Rogli\u010d \u00e9s Jungels \u0151szinte tan\u00e1csai"}]},{"@type":"WebSite","@id":"https:\/\/www.welovecycling.com\/hu\/#website","url":"https:\/\/www.welovecycling.com\/hu\/","name":"\u0160koda We Love Cycling - Magyarorsz\u00e1g","description":"\u0160koda WeLoveCycling","potentialAction":[{"@type":"SearchAction","target":{"@type":"EntryPoint","urlTemplate":"https:\/\/www.welovecycling.com\/hu\/?s={search_term_string}"},"query-input":{"@type":"PropertyValueSpecification","valueRequired":true,"valueName":"search_term_string"}}],"inLanguage":"hu"},{"@type":"Person","@id":"https:\/\/www.welovecycling.com\/hu\/#\/schema\/person\/414a2aebf1801691a5320edb6468e194","name":"hegyizs","image":{"@type":"ImageObject","inLanguage":"hu","@id":"https:\/\/www.welovecycling.com\/hu\/#\/schema\/person\/image\/","url":"https:\/\/secure.gravatar.com\/avatar\/02cf8a7906b8cf90cecb4679defac7cfd33a1c2e3b88e4903d947f3bb58eedd3?s=96&d=mm&r=g","contentUrl":"https:\/\/secure.gravatar.com\/avatar\/02cf8a7906b8cf90cecb4679defac7cfd33a1c2e3b88e4903d947f3bb58eedd3?s=96&d=mm&r=g","caption":"hegyizs"},"url":"https:\/\/www.welovecycling.com\/hu\/author\/hegyizs\/"}]}},"_links":{"self":[{"href":"https:\/\/www.welovecycling.com\/hu\/wp-json\/wp\/v2\/posts\/12996","targetHints":{"allow":["GET"]}}],"collection":[{"href":"https:\/\/www.welovecycling.com\/hu\/wp-json\/wp\/v2\/posts"}],"about":[{"href":"https:\/\/www.welovecycling.com\/hu\/wp-json\/wp\/v2\/types\/post"}],"author":[{"embeddable":true,"href":"https:\/\/www.welovecycling.com\/hu\/wp-json\/wp\/v2\/users\/71"}],"replies":[{"embeddable":true,"href":"https:\/\/www.welovecycling.com\/hu\/wp-json\/wp\/v2\/comments?post=12996"}],"version-history":[{"count":1,"href":"https:\/\/www.welovecycling.com\/hu\/wp-json\/wp\/v2\/posts\/12996\/revisions"}],"predecessor-version":[{"id":13000,"href":"https:\/\/www.welovecycling.com\/hu\/wp-json\/wp\/v2\/posts\/12996\/revisions\/13000"}],"wp:featuredmedia":[{"embeddable":true,"href":"https:\/\/www.welovecycling.com\/hu\/wp-json\/wp\/v2\/media\/12997"}],"wp:attachment":[{"href":"https:\/\/www.welovecycling.com\/hu\/wp-json\/wp\/v2\/media?parent=12996"}],"wp:term":[{"taxonomy":"category","embeddable":true,"href":"https:\/\/www.welovecycling.com\/hu\/wp-json\/wp\/v2\/categories?post=12996"},{"taxonomy":"post_tag","embeddable":true,"href":"https:\/\/www.welovecycling.com\/hu\/wp-json\/wp\/v2\/tags?post=12996"},{"taxonomy":"global-categories","embeddable":true,"href":"https:\/\/www.welovecycling.com\/hu\/wp-json\/wp\/v2\/global-categories?post=12996"}],"curies":[{"name":"wp","href":"https:\/\/api.w.org\/{rel}","templated":true}]}}