{"id":12986,"date":"2021-11-26T08:00:42","date_gmt":"2021-11-26T06:00:42","guid":{"rendered":"https:\/\/www.welovecycling.com\/hu\/?p=12986"},"modified":"2021-11-19T15:41:40","modified_gmt":"2021-11-19T13:41:40","slug":"kie-lesz-a-2021-es-velo-dor","status":"publish","type":"post","link":"https:\/\/www.welovecycling.com\/hu\/orszaguti-kerekpar\/kie-lesz-a-2021-es-velo-dor\/","title":{"rendered":"Ki\u00e9 lesz a 2021-es V\u00e9lo d\u2019Or?"},"content":{"rendered":"<p><strong>Tizenk\u00e9t kerekest jel\u00f6lt a V\u00e9lo Magazine a rangos d\u00edjra: vajon melyik\u00fck a legjobb bring\u00e1s az \u00e9ves teljes\u00edtm\u00e9ny\u00fck alapj\u00e1n?<\/strong><\/p>\n<p><!--more--><\/p>\n<p>A jel\u00f6ltek: Primo\u017e Rogli\u010d, Julian Alaphilippe, Tadej Poga\u010dar, Wout van Aert, Mathieu van der Poel, Kasper Asgreen, Egan Bernal, Richard Carapaz, Mark Cavendish, Sonny Colbrelli, Harrie Lavreysen \u00e9s Annemiek van Vleuten.<\/p>\n<figure id=\"attachment_12988\" aria-describedby=\"caption-attachment-12988\" style=\"width: 1250px\" class=\"wp-caption alignnone\"><a href=\"https:\/\/d2p6e6u75xmxt8.cloudfront.net\/12\/2021\/11\/Annemiek-van-Vleuten-profimedia-0633025704.jpg\"><img loading=\"lazy\" decoding=\"async\" class=\"wp-image-12988 size-full\" src=\"https:\/\/d2p6e6u75xmxt8.cloudfront.net\/12\/2021\/11\/Annemiek-van-Vleuten-profimedia-0633025704.jpg\" alt=\"Annemiek van Vleuten\" width=\"1250\" height=\"833\" srcset=\"https:\/\/d2p6e6u75xmxt8.cloudfront.net\/12\/2021\/11\/Annemiek-van-Vleuten-profimedia-0633025704.jpg 1250w, https:\/\/d2p6e6u75xmxt8.cloudfront.net\/12\/2021\/11\/Annemiek-van-Vleuten-profimedia-0633025704-300x200.jpg 300w, https:\/\/d2p6e6u75xmxt8.cloudfront.net\/12\/2021\/11\/Annemiek-van-Vleuten-profimedia-0633025704-1024x682.jpg 1024w, https:\/\/d2p6e6u75xmxt8.cloudfront.net\/12\/2021\/11\/Annemiek-van-Vleuten-profimedia-0633025704-768x512.jpg 768w, https:\/\/d2p6e6u75xmxt8.cloudfront.net\/12\/2021\/11\/Annemiek-van-Vleuten-profimedia-0633025704-272x182.jpg 272w\" sizes=\"auto, (max-width: 1250px) 100vw, 1250px\" \/><\/a><figcaption id=\"caption-attachment-12988\" class=\"wp-caption-text\">Annemiek van Vleuten az egyetlen n\u0151i jel\u00f6lt. \u00a9 Profimedia<\/figcaption><\/figure>\n<p>A V\u00e9lo d\u2019Or 1992 \u00f3ta ker\u00fcl kioszt\u00e1sra, \u00e9s k\u00e9ts\u00e9gtelen\u00fcl ez a legrangosabb biciklis d\u00edj. Sz\u00e1mos eur\u00f3pai, k\u00fcl\u00f6nb\u00f6z\u0151 orsz\u00e1gokban tev\u00e9kenyked\u0151 \u00fajs\u00e1g\u00edr\u00f3 szavazata alapj\u00e1n kaphatja meg az \u00e9v legjobb ker\u00e9kp\u00e1rosa. Az idei eredm\u00e9nyhirdet\u00e9s decemberben lesz, a nyertes fot\u00f3ja pedig, ahogy minden \u00e9vben, most is a magazin c\u00edmlapj\u00e1ra ker\u00fcl majd. A V\u00e9lo Magazine a Tour de France szervezet\u00e9vel \u00e9s a L\u2019Equipe sport\u00fajs\u00e1ggal \u00e1ll kapcsolatban.<\/p>\n<p>2020-ban Primo\u017e Rogli\u010d kapta meg az elismer\u00e9st, ekkor Tadej Poga\u010dar lett a m\u00e1sodik, Wout van Aert pedig a harmadik. Egy \u00e9vvel kor\u00e1bban, 2019-ben pedig Julian Alaphilippe vihette haza a d\u00edjat.<\/p>\n<div class=\"embed-controller-wrapper\">\n<blockquote class=\"twitter-tweet\" data-width=\"500\" data-dnt=\"true\">\n<p lang=\"sl\" dir=\"ltr\">Primo\u017e Rogli\u010d wins the V\u00e9lo d&#39;Or award for 2020 <a href=\"https:\/\/t.co\/rp3ZZlroqw\">https:\/\/t.co\/rp3ZZlroqw<\/a> (\ud83c\uddeb\ud83c\uddf7)<\/p>\n<p>&mdash; the Inner Ring (@inrng) <a href=\"https:\/\/twitter.com\/inrng\/status\/1334438650877243395?ref_src=twsrc%5Etfw\">December 3, 2020<\/a><\/p><\/blockquote>\n<p><script async data-src=\"https:\/\/platform.twitter.com\/widgets.js\" charset=\"utf-8\"><\/script><\/div>\n<p>Az idei \u00e9vben Rogli\u010d olimpiai bajnok lett \u00e9s megnyerte a La Vuelt\u00e1t, viszont Poga\u010dar \u00e1llhatott a Tour de France dobog\u00f3j\u00e1nak legfels\u0151 szintj\u00e9re. \u00c9s persze nem feledkezhet\u00fcnk meg Julian Alaphilippe-r\u0151l sem, aki zsin\u00f3rban m\u00e1sodszor szerezte meg a vil\u00e1gbajnoki c\u00edmet. Annemiek van Vleuten az egyetlen n\u0151 a list\u00e1n: \u0151 megnyerte az olimpiai id\u0151m\u00e9r\u0151 futamot \u00e9s els\u0151 lett az UCI WorldTour versenyen is. Harria Lavreysen az egyetlen p\u00e1lyaker\u00e9kp\u00e1ros, akit jel\u00f6ltek a d\u00edjra, \u00e9s nem v\u00e9letlen\u00fcl, hiszen hat arany\u00e9rmet nyert egy \u00e9v alatt.<\/p>\n<p>Vajon ki lesz az, aki b\u00fcszk\u00e9n fot\u00f3zkodhat a d\u00edjjal a kez\u00e9ben? Mi Rogli\u010d-ra tippel\u00fcnk. Alig v\u00e1rjuk, hogy ezut\u00e1n a jelk\u00e9pes k\u00fczdelem ut\u00e1n, 2022-ben a Tour de France-on is \u00f6sszem\u00e9rje erej\u00e9t Poga\u010darral \u00e9s Bernallal! Szerinted melyik\u00fck ker\u00fcl majd ki gy\u0151ztesen a harcb\u00f3l?<\/p>\n","protected":false},"excerpt":{"rendered":"<p>Tizenk\u00e9t kerekest jel\u00f6lt a V\u00e9lo Magazine a rangos d\u00edjra: vajon melyik\u00fck a legjobb bring\u00e1s az \u00e9ves teljes\u00edtm\u00e9ny\u00fck alapj\u00e1n?<\/p>\n","protected":false},"author":71,"featured_media":12990,"comment_status":"open","ping_status":"open","sticky":false,"template":"","format":"standard","meta":{"footnotes":""},"categories":[8],"tags":[],"global-categories":[],"class_list":["post-12986","post","type-post","status-publish","format-standard","has-post-thumbnail","hentry","category-orszaguti-kerekpar"],"yoast_head":"<!-- This site is optimized with the Yoast SEO Premium plugin v25.3 (Yoast SEO v25.9) - https:\/\/yoast.com\/wordpress\/plugins\/seo\/ -->\n<title>Ki\u00e9 lesz a 2021-es V\u00e9lo d\u2019Or?<\/title>\n<meta name=\"description\" content=\"Tizenk\u00e9t kerekest jel\u00f6lt a V\u00e9lo Magazine a rangos d\u00edjra: vajon melyik\u00fck a legjobb bring\u00e1s az \u00e9ves teljes\u00edtm\u00e9ny\u00fck alapj\u00e1n?\" \/>\n<meta name=\"robots\" content=\"index, follow, max-snippet:-1, max-image-preview:large, max-video-preview:-1\" \/>\n<link rel=\"canonical\" href=\"https:\/\/www.welovecycling.com\/hu\/orszaguti-kerekpar\/kie-lesz-a-2021-es-velo-dor\/\" \/>\n<meta property=\"og:locale\" content=\"hu_HU\" \/>\n<meta property=\"og:type\" content=\"article\" \/>\n<meta property=\"og:title\" content=\"Ki\u00e9 lesz a 2021-es V\u00e9lo d\u2019Or?\" \/>\n<meta property=\"og:description\" content=\"Tizenk\u00e9t kerekest jel\u00f6lt a V\u00e9lo Magazine a rangos d\u00edjra: vajon melyik\u00fck a legjobb bring\u00e1s az \u00e9ves teljes\u00edtm\u00e9ny\u00fck alapj\u00e1n?\" \/>\n<meta property=\"og:url\" content=\"https:\/\/www.welovecycling.com\/hu\/orszaguti-kerekpar\/kie-lesz-a-2021-es-velo-dor\/\" \/>\n<meta property=\"og:site_name\" content=\"\u0160koda We Love Cycling - Magyarorsz\u00e1g\" \/>\n<meta property=\"article:publisher\" content=\"https:\/\/www.facebook.com\/WeLoveCyclingHungary\/\" \/>\n<meta property=\"article:published_time\" content=\"2021-11-26T06:00:42+00:00\" \/>\n<meta property=\"og:image\" content=\"https:\/\/d2p6e6u75xmxt8.cloudfront.net\/12\/2021\/11\/Peloton-profimedia-0557783239-CVR.jpg\" \/>\n\t<meta property=\"og:image:width\" content=\"1366\" \/>\n\t<meta property=\"og:image:height\" content=\"600\" \/>\n\t<meta property=\"og:image:type\" content=\"image\/jpeg\" \/>\n<meta name=\"author\" content=\"hegyizs\" \/>\n<meta name=\"twitter:card\" content=\"summary_large_image\" \/>\n<meta name=\"twitter:label1\" content=\"Written by\" \/>\n\t<meta name=\"twitter:data1\" content=\"Monica Buck\" \/>\n\t<meta name=\"twitter:label2\" content=\"Est. reading time\" \/>\n\t<meta name=\"twitter:data2\" content=\"4\" \/>\n<script type=\"application\/ld+json\" class=\"yoast-schema-graph\">{\"@context\":\"https:\/\/schema.org\",\"@graph\":[{\"@type\":\"WebPage\",\"@id\":\"https:\/\/www.welovecycling.com\/hu\/orszaguti-kerekpar\/kie-lesz-a-2021-es-velo-dor\/\",\"url\":\"https:\/\/www.welovecycling.com\/hu\/orszaguti-kerekpar\/kie-lesz-a-2021-es-velo-dor\/\",\"name\":\"Ki\u00e9 lesz a 2021-es V\u00e9lo d\u2019Or?\",\"isPartOf\":{\"@id\":\"https:\/\/www.welovecycling.com\/hu\/#website\"},\"primaryImageOfPage\":{\"@id\":\"https:\/\/www.welovecycling.com\/hu\/orszaguti-kerekpar\/kie-lesz-a-2021-es-velo-dor\/#primaryimage\"},\"image\":{\"@id\":\"https:\/\/www.welovecycling.com\/hu\/orszaguti-kerekpar\/kie-lesz-a-2021-es-velo-dor\/#primaryimage\"},\"thumbnailUrl\":\"https:\/\/d2p6e6u75xmxt8.cloudfront.net\/12\/2021\/11\/Peloton-profimedia-0557783239-CVR.jpg\",\"datePublished\":\"2021-11-26T06:00:42+00:00\",\"author\":{\"@id\":\"https:\/\/www.welovecycling.com\/hu\/#\/schema\/person\/414a2aebf1801691a5320edb6468e194\"},\"description\":\"Tizenk\u00e9t kerekest jel\u00f6lt a V\u00e9lo Magazine a rangos d\u00edjra: vajon melyik\u00fck a legjobb bring\u00e1s az \u00e9ves teljes\u00edtm\u00e9ny\u00fck alapj\u00e1n?\",\"breadcrumb\":{\"@id\":\"https:\/\/www.welovecycling.com\/hu\/orszaguti-kerekpar\/kie-lesz-a-2021-es-velo-dor\/#breadcrumb\"},\"inLanguage\":\"hu\",\"potentialAction\":[{\"@type\":\"ReadAction\",\"target\":[\"https:\/\/www.welovecycling.com\/hu\/orszaguti-kerekpar\/kie-lesz-a-2021-es-velo-dor\/\"]}]},{\"@type\":\"ImageObject\",\"inLanguage\":\"hu\",\"@id\":\"https:\/\/www.welovecycling.com\/hu\/orszaguti-kerekpar\/kie-lesz-a-2021-es-velo-dor\/#primaryimage\",\"url\":\"https:\/\/d2p6e6u75xmxt8.cloudfront.net\/12\/2021\/11\/Peloton-profimedia-0557783239-CVR.jpg\",\"contentUrl\":\"https:\/\/d2p6e6u75xmxt8.cloudfront.net\/12\/2021\/11\/Peloton-profimedia-0557783239-CVR.jpg\",\"width\":1366,\"height\":600,\"caption\":\"Peloton\"},{\"@type\":\"BreadcrumbList\",\"@id\":\"https:\/\/www.welovecycling.com\/hu\/orszaguti-kerekpar\/kie-lesz-a-2021-es-velo-dor\/#breadcrumb\",\"itemListElement\":[{\"@type\":\"ListItem\",\"position\":1,\"name\":\"Home\",\"item\":\"https:\/\/www.welovecycling.com\/hu\/\"},{\"@type\":\"ListItem\",\"position\":2,\"name\":\"Ki\u00e9 lesz a 2021-es V\u00e9lo d\u2019Or?\"}]},{\"@type\":\"WebSite\",\"@id\":\"https:\/\/www.welovecycling.com\/hu\/#website\",\"url\":\"https:\/\/www.welovecycling.com\/hu\/\",\"name\":\"\u0160koda We Love Cycling - Magyarorsz\u00e1g\",\"description\":\"\u0160koda WeLoveCycling\",\"potentialAction\":[{\"@type\":\"SearchAction\",\"target\":{\"@type\":\"EntryPoint\",\"urlTemplate\":\"https:\/\/www.welovecycling.com\/hu\/?s={search_term_string}\"},\"query-input\":{\"@type\":\"PropertyValueSpecification\",\"valueRequired\":true,\"valueName\":\"search_term_string\"}}],\"inLanguage\":\"hu\"},{\"@type\":\"Person\",\"@id\":\"https:\/\/www.welovecycling.com\/hu\/#\/schema\/person\/414a2aebf1801691a5320edb6468e194\",\"name\":\"hegyizs\",\"image\":{\"@type\":\"ImageObject\",\"inLanguage\":\"hu\",\"@id\":\"https:\/\/www.welovecycling.com\/hu\/#\/schema\/person\/image\/\",\"url\":\"https:\/\/secure.gravatar.com\/avatar\/02cf8a7906b8cf90cecb4679defac7cfd33a1c2e3b88e4903d947f3bb58eedd3?s=96&d=mm&r=g\",\"contentUrl\":\"https:\/\/secure.gravatar.com\/avatar\/02cf8a7906b8cf90cecb4679defac7cfd33a1c2e3b88e4903d947f3bb58eedd3?s=96&d=mm&r=g\",\"caption\":\"hegyizs\"},\"url\":\"https:\/\/www.welovecycling.com\/hu\/author\/hegyizs\/\"}]}<\/script>\n<!-- \/ Yoast SEO Premium plugin. -->","yoast_head_json":{"title":"Ki\u00e9 lesz a 2021-es V\u00e9lo d\u2019Or?","description":"Tizenk\u00e9t kerekest jel\u00f6lt a V\u00e9lo Magazine a rangos d\u00edjra: vajon melyik\u00fck a legjobb bring\u00e1s az \u00e9ves teljes\u00edtm\u00e9ny\u00fck alapj\u00e1n?","robots":{"index":"index","follow":"follow","max-snippet":"max-snippet:-1","max-image-preview":"max-image-preview:large","max-video-preview":"max-video-preview:-1"},"canonical":"https:\/\/www.welovecycling.com\/hu\/orszaguti-kerekpar\/kie-lesz-a-2021-es-velo-dor\/","og_locale":"hu_HU","og_type":"article","og_title":"Ki\u00e9 lesz a 2021-es V\u00e9lo d\u2019Or?","og_description":"Tizenk\u00e9t kerekest jel\u00f6lt a V\u00e9lo Magazine a rangos d\u00edjra: vajon melyik\u00fck a legjobb bring\u00e1s az \u00e9ves teljes\u00edtm\u00e9ny\u00fck alapj\u00e1n?","og_url":"https:\/\/www.welovecycling.com\/hu\/orszaguti-kerekpar\/kie-lesz-a-2021-es-velo-dor\/","og_site_name":"\u0160koda We Love Cycling - Magyarorsz\u00e1g","article_publisher":"https:\/\/www.facebook.com\/WeLoveCyclingHungary\/","article_published_time":"2021-11-26T06:00:42+00:00","og_image":[{"width":1366,"height":600,"url":"https:\/\/d2p6e6u75xmxt8.cloudfront.net\/12\/2021\/11\/Peloton-profimedia-0557783239-CVR.jpg","type":"image\/jpeg"}],"author":"hegyizs","twitter_card":"summary_large_image","twitter_misc":{"Written by":"Monica Buck","Est. reading time":"4"},"schema":{"@context":"https:\/\/schema.org","@graph":[{"@type":"WebPage","@id":"https:\/\/www.welovecycling.com\/hu\/orszaguti-kerekpar\/kie-lesz-a-2021-es-velo-dor\/","url":"https:\/\/www.welovecycling.com\/hu\/orszaguti-kerekpar\/kie-lesz-a-2021-es-velo-dor\/","name":"Ki\u00e9 lesz a 2021-es V\u00e9lo d\u2019Or?","isPartOf":{"@id":"https:\/\/www.welovecycling.com\/hu\/#website"},"primaryImageOfPage":{"@id":"https:\/\/www.welovecycling.com\/hu\/orszaguti-kerekpar\/kie-lesz-a-2021-es-velo-dor\/#primaryimage"},"image":{"@id":"https:\/\/www.welovecycling.com\/hu\/orszaguti-kerekpar\/kie-lesz-a-2021-es-velo-dor\/#primaryimage"},"thumbnailUrl":"https:\/\/d2p6e6u75xmxt8.cloudfront.net\/12\/2021\/11\/Peloton-profimedia-0557783239-CVR.jpg","datePublished":"2021-11-26T06:00:42+00:00","author":{"@id":"https:\/\/www.welovecycling.com\/hu\/#\/schema\/person\/414a2aebf1801691a5320edb6468e194"},"description":"Tizenk\u00e9t kerekest jel\u00f6lt a V\u00e9lo Magazine a rangos d\u00edjra: vajon melyik\u00fck a legjobb bring\u00e1s az \u00e9ves teljes\u00edtm\u00e9ny\u00fck alapj\u00e1n?","breadcrumb":{"@id":"https:\/\/www.welovecycling.com\/hu\/orszaguti-kerekpar\/kie-lesz-a-2021-es-velo-dor\/#breadcrumb"},"inLanguage":"hu","potentialAction":[{"@type":"ReadAction","target":["https:\/\/www.welovecycling.com\/hu\/orszaguti-kerekpar\/kie-lesz-a-2021-es-velo-dor\/"]}]},{"@type":"ImageObject","inLanguage":"hu","@id":"https:\/\/www.welovecycling.com\/hu\/orszaguti-kerekpar\/kie-lesz-a-2021-es-velo-dor\/#primaryimage","url":"https:\/\/d2p6e6u75xmxt8.cloudfront.net\/12\/2021\/11\/Peloton-profimedia-0557783239-CVR.jpg","contentUrl":"https:\/\/d2p6e6u75xmxt8.cloudfront.net\/12\/2021\/11\/Peloton-profimedia-0557783239-CVR.jpg","width":1366,"height":600,"caption":"Peloton"},{"@type":"BreadcrumbList","@id":"https:\/\/www.welovecycling.com\/hu\/orszaguti-kerekpar\/kie-lesz-a-2021-es-velo-dor\/#breadcrumb","itemListElement":[{"@type":"ListItem","position":1,"name":"Home","item":"https:\/\/www.welovecycling.com\/hu\/"},{"@type":"ListItem","position":2,"name":"Ki\u00e9 lesz a 2021-es V\u00e9lo d\u2019Or?"}]},{"@type":"WebSite","@id":"https:\/\/www.welovecycling.com\/hu\/#website","url":"https:\/\/www.welovecycling.com\/hu\/","name":"\u0160koda We Love Cycling - Magyarorsz\u00e1g","description":"\u0160koda WeLoveCycling","potentialAction":[{"@type":"SearchAction","target":{"@type":"EntryPoint","urlTemplate":"https:\/\/www.welovecycling.com\/hu\/?s={search_term_string}"},"query-input":{"@type":"PropertyValueSpecification","valueRequired":true,"valueName":"search_term_string"}}],"inLanguage":"hu"},{"@type":"Person","@id":"https:\/\/www.welovecycling.com\/hu\/#\/schema\/person\/414a2aebf1801691a5320edb6468e194","name":"hegyizs","image":{"@type":"ImageObject","inLanguage":"hu","@id":"https:\/\/www.welovecycling.com\/hu\/#\/schema\/person\/image\/","url":"https:\/\/secure.gravatar.com\/avatar\/02cf8a7906b8cf90cecb4679defac7cfd33a1c2e3b88e4903d947f3bb58eedd3?s=96&d=mm&r=g","contentUrl":"https:\/\/secure.gravatar.com\/avatar\/02cf8a7906b8cf90cecb4679defac7cfd33a1c2e3b88e4903d947f3bb58eedd3?s=96&d=mm&r=g","caption":"hegyizs"},"url":"https:\/\/www.welovecycling.com\/hu\/author\/hegyizs\/"}]}},"_links":{"self":[{"href":"https:\/\/www.welovecycling.com\/hu\/wp-json\/wp\/v2\/posts\/12986","targetHints":{"allow":["GET"]}}],"collection":[{"href":"https:\/\/www.welovecycling.com\/hu\/wp-json\/wp\/v2\/posts"}],"about":[{"href":"https:\/\/www.welovecycling.com\/hu\/wp-json\/wp\/v2\/types\/post"}],"author":[{"embeddable":true,"href":"https:\/\/www.welovecycling.com\/hu\/wp-json\/wp\/v2\/users\/71"}],"replies":[{"embeddable":true,"href":"https:\/\/www.welovecycling.com\/hu\/wp-json\/wp\/v2\/comments?post=12986"}],"version-history":[{"count":2,"href":"https:\/\/www.welovecycling.com\/hu\/wp-json\/wp\/v2\/posts\/12986\/revisions"}],"predecessor-version":[{"id":12995,"href":"https:\/\/www.welovecycling.com\/hu\/wp-json\/wp\/v2\/posts\/12986\/revisions\/12995"}],"wp:featuredmedia":[{"embeddable":true,"href":"https:\/\/www.welovecycling.com\/hu\/wp-json\/wp\/v2\/media\/12990"}],"wp:attachment":[{"href":"https:\/\/www.welovecycling.com\/hu\/wp-json\/wp\/v2\/media?parent=12986"}],"wp:term":[{"taxonomy":"category","embeddable":true,"href":"https:\/\/www.welovecycling.com\/hu\/wp-json\/wp\/v2\/categories?post=12986"},{"taxonomy":"post_tag","embeddable":true,"href":"https:\/\/www.welovecycling.com\/hu\/wp-json\/wp\/v2\/tags?post=12986"},{"taxonomy":"global-categories","embeddable":true,"href":"https:\/\/www.welovecycling.com\/hu\/wp-json\/wp\/v2\/global-categories?post=12986"}],"curies":[{"name":"wp","href":"https:\/\/api.w.org\/{rel}","templated":true}]}}