{"id":12978,"date":"2021-11-25T08:30:18","date_gmt":"2021-11-25T06:30:18","guid":{"rendered":"https:\/\/www.welovecycling.com\/hu\/?p=12978"},"modified":"2021-11-22T16:02:37","modified_gmt":"2021-11-22T14:02:37","slug":"az-ot-legrosszabb-bicikliut-nemetorszagban","status":"publish","type":"post","link":"https:\/\/www.welovecycling.com\/hu\/varosi-kerekparozas\/az-ot-legrosszabb-bicikliut-nemetorszagban\/","title":{"rendered":"Az 5 legrosszabb bicikli\u00fat N\u00e9metorsz\u00e1gban"},"content":{"rendered":"<p><strong>Nem sokkal ezel\u0151tt a We Love Cycling n\u00e9met k\u00e9pviselete mer\u00e9sz c\u00e9lt t\u0171z\u00f6tt ki maga el\u00e9: \u00f6sszegy\u0171jteni az orsz\u00e1g legrosszabb bringa\u00fatjait! Egy t\u00f6bb r\u00e9gi\u00f3ban is megval\u00f3sul\u00f3 kamp\u00e1ny r\u00e9szek\u00e9nt \u00e1llhatott \u00f6ssze az al\u00e1bbi gal\u00e9ria, mely a haszn\u00e1lhatatlan ker\u00e9kp\u00e1rutak \u00e1llapot\u00e1ra h\u00edvja fel a figyelmet. Jobb utakat akarunk! De addig is, nevess\u00fcnk a rosszakon!<\/strong><\/p>\n<p><!--more--><\/p>\n<p>N\u00e9metorsz\u00e1gnak komoly tervei vannak a ker\u00e9kp\u00e1ros infrastrukt\u00fara fejleszt\u00e9s\u00e9re, melyekkel szeretn\u00e9k el\u00e9rni, hogy min\u00e9l t\u00f6bben nyeregbe \u00fcljenek. A v\u00e1ltoz\u00e1s mozgat\u00f3rug\u00f3ja a Covid-19 vil\u00e1gj\u00e1rv\u00e1ny, melynek hat\u00e1s\u00e1ra sokan v\u00e1lasztott\u00e1k a biciklit k\u00f6zleked\u00e9si eszk\u00f6zk\u00e9nt, illetve az eg\u00e9szs\u00e9g\u00fck meg\u0151rz\u00e9se \u00e9rdek\u00e9ben is. A n\u00e9met nemzeti ker\u00e9kp\u00e1ros tervek egyik c\u00e9lja, hogy felvegy\u00e9k a harcot az \u00e9ghajlatv\u00e1ltoz\u00e1s ellen, ennek \u00e9rdek\u00e9ben pedig 2030-ig meg akarj\u00e1k dupl\u00e1zni a ker\u00e9kp\u00e1rosok sz\u00e1m\u00e1t az orsz\u00e1gban \u2013 ez az a k\u00f6zleked\u00e9si m\u00f3d ugyanis, aminek a legkisebb a k\u00f6rnyezeti hat\u00e1sa. N\u00e9metorsz\u00e1g teh\u00e1t gyorsan fejl\u0151dik \u00e9s az eur\u00f3pai ker\u00e9kp\u00e1roz\u00e1s \u00e9l\u00e9n j\u00e1r, de az\u00e9rt mindig van hova fejl\u0151dni!<\/p>\n<h2><strong>1. Hull\u00e1mvas\u00fat!<\/strong><\/h2>\n<figure id=\"attachment_12979\" aria-describedby=\"caption-attachment-12979\" style=\"width: 675px\" class=\"wp-caption alignnone\"><a href=\"https:\/\/d2p6e6u75xmxt8.cloudfront.net\/12\/2021\/11\/Bayern2CGermany_6118be9d50922.jpg\"><img loading=\"lazy\" decoding=\"async\" class=\"wp-image-12979\" src=\"https:\/\/d2p6e6u75xmxt8.cloudfront.net\/12\/2021\/11\/Bayern2CGermany_6118be9d50922.jpg\" alt=\"Bayern cycle lane\" width=\"675\" height=\"675\" srcset=\"https:\/\/d2p6e6u75xmxt8.cloudfront.net\/12\/2021\/11\/Bayern2CGermany_6118be9d50922.jpg 1057w, https:\/\/d2p6e6u75xmxt8.cloudfront.net\/12\/2021\/11\/Bayern2CGermany_6118be9d50922-300x300.jpg 300w, https:\/\/d2p6e6u75xmxt8.cloudfront.net\/12\/2021\/11\/Bayern2CGermany_6118be9d50922-1024x1024.jpg 1024w, https:\/\/d2p6e6u75xmxt8.cloudfront.net\/12\/2021\/11\/Bayern2CGermany_6118be9d50922-150x150.jpg 150w, https:\/\/d2p6e6u75xmxt8.cloudfront.net\/12\/2021\/11\/Bayern2CGermany_6118be9d50922-768x768.jpg 768w\" sizes=\"auto, (max-width: 675px) 100vw, 675px\" \/><\/a><figcaption id=\"caption-attachment-12979\" class=\"wp-caption-text\">Bayern<\/figcaption><\/figure>\n<h2><strong>2. Ez egy kih\u00edv\u00e1s?<\/strong><\/h2>\n<figure id=\"attachment_12980\" aria-describedby=\"caption-attachment-12980\" style=\"width: 675px\" class=\"wp-caption alignnone\"><a href=\"https:\/\/d2p6e6u75xmxt8.cloudfront.net\/12\/2021\/11\/Stairs_6127b40bcf88e.jpg\"><img loading=\"lazy\" decoding=\"async\" class=\"wp-image-12980 size-full\" src=\"https:\/\/d2p6e6u75xmxt8.cloudfront.net\/12\/2021\/11\/Stairs_6127b40bcf88e.jpg\" alt=\"Stairs cycle lane\" width=\"675\" height=\"675\" srcset=\"https:\/\/d2p6e6u75xmxt8.cloudfront.net\/12\/2021\/11\/Stairs_6127b40bcf88e.jpg 675w, https:\/\/d2p6e6u75xmxt8.cloudfront.net\/12\/2021\/11\/Stairs_6127b40bcf88e-300x300.jpg 300w, https:\/\/d2p6e6u75xmxt8.cloudfront.net\/12\/2021\/11\/Stairs_6127b40bcf88e-150x150.jpg 150w\" sizes=\"auto, (max-width: 675px) 100vw, 675px\" \/><\/a><figcaption id=\"caption-attachment-12980\" class=\"wp-caption-text\">Gr\u00fcnendeich<\/figcaption><\/figure>\n<h2><strong>3. Ez r\u00e1z\u00f3s lesz!<\/strong><\/h2>\n<figure id=\"attachment_12981\" aria-describedby=\"caption-attachment-12981\" style=\"width: 675px\" class=\"wp-caption alignnone\"><a href=\"https:\/\/d2p6e6u75xmxt8.cloudfront.net\/12\/2021\/11\/Awholecitywithcyclinglaneslikethat21NexttoperfectroadsE280A6_6113a7f9982fa.jpg\"><img loading=\"lazy\" decoding=\"async\" class=\"wp-image-12981\" src=\"https:\/\/d2p6e6u75xmxt8.cloudfront.net\/12\/2021\/11\/Awholecitywithcyclinglaneslikethat21NexttoperfectroadsE280A6_6113a7f9982fa.jpg\" alt=\"Cycle lane\" width=\"675\" height=\"675\" srcset=\"https:\/\/d2p6e6u75xmxt8.cloudfront.net\/12\/2021\/11\/Awholecitywithcyclinglaneslikethat21NexttoperfectroadsE280A6_6113a7f9982fa.jpg 720w, https:\/\/d2p6e6u75xmxt8.cloudfront.net\/12\/2021\/11\/Awholecitywithcyclinglaneslikethat21NexttoperfectroadsE280A6_6113a7f9982fa-300x300.jpg 300w, https:\/\/d2p6e6u75xmxt8.cloudfront.net\/12\/2021\/11\/Awholecitywithcyclinglaneslikethat21NexttoperfectroadsE280A6_6113a7f9982fa-150x150.jpg 150w\" sizes=\"auto, (max-width: 675px) 100vw, 675px\" \/><\/a><figcaption id=\"caption-attachment-12981\" class=\"wp-caption-text\">Dessau<\/figcaption><\/figure>\n<h2><strong>4. Terepgyakorlatok v\u00e1rosi bicikliseknek, els\u0151 lecke<\/strong><\/h2>\n<figure id=\"attachment_12982\" aria-describedby=\"caption-attachment-12982\" style=\"width: 675px\" class=\"wp-caption alignnone\"><a href=\"https:\/\/d2p6e6u75xmxt8.cloudfront.net\/12\/2021\/11\/Thetextonthesignmeans3ABikepathdamage..._6118b2d79d739.jpg\"><img loading=\"lazy\" decoding=\"async\" class=\"wp-image-12982\" src=\"https:\/\/d2p6e6u75xmxt8.cloudfront.net\/12\/2021\/11\/Thetextonthesignmeans3ABikepathdamage..._6118b2d79d739.jpg\" alt=\"Damaged cycle path\" width=\"675\" height=\"675\" srcset=\"https:\/\/d2p6e6u75xmxt8.cloudfront.net\/12\/2021\/11\/Thetextonthesignmeans3ABikepathdamage..._6118b2d79d739.jpg 1536w, https:\/\/d2p6e6u75xmxt8.cloudfront.net\/12\/2021\/11\/Thetextonthesignmeans3ABikepathdamage..._6118b2d79d739-300x300.jpg 300w, https:\/\/d2p6e6u75xmxt8.cloudfront.net\/12\/2021\/11\/Thetextonthesignmeans3ABikepathdamage..._6118b2d79d739-1024x1024.jpg 1024w, https:\/\/d2p6e6u75xmxt8.cloudfront.net\/12\/2021\/11\/Thetextonthesignmeans3ABikepathdamage..._6118b2d79d739-150x150.jpg 150w, https:\/\/d2p6e6u75xmxt8.cloudfront.net\/12\/2021\/11\/Thetextonthesignmeans3ABikepathdamage..._6118b2d79d739-768x768.jpg 768w\" sizes=\"auto, (max-width: 675px) 100vw, 675px\" \/><\/a><figcaption id=\"caption-attachment-12982\" class=\"wp-caption-text\">Hamburg<\/figcaption><\/figure>\n<h2><strong>5. Hogy hova?<\/strong><a href=\"https:\/\/d2p6e6u75xmxt8.cloudfront.net\/12\/2021\/11\/againstthecurrent_6151ecd68bbac.jpg\"><img loading=\"lazy\" decoding=\"async\" class=\"alignnone wp-image-12983\" src=\"https:\/\/d2p6e6u75xmxt8.cloudfront.net\/12\/2021\/11\/againstthecurrent_6151ecd68bbac.jpg\" alt=\"Cycle lane Herten\" width=\"675\" height=\"675\" srcset=\"https:\/\/d2p6e6u75xmxt8.cloudfront.net\/12\/2021\/11\/againstthecurrent_6151ecd68bbac.jpg 1072w, https:\/\/d2p6e6u75xmxt8.cloudfront.net\/12\/2021\/11\/againstthecurrent_6151ecd68bbac-300x300.jpg 300w, https:\/\/d2p6e6u75xmxt8.cloudfront.net\/12\/2021\/11\/againstthecurrent_6151ecd68bbac-1024x1024.jpg 1024w, https:\/\/d2p6e6u75xmxt8.cloudfront.net\/12\/2021\/11\/againstthecurrent_6151ecd68bbac-150x150.jpg 150w, https:\/\/d2p6e6u75xmxt8.cloudfront.net\/12\/2021\/11\/againstthecurrent_6151ecd68bbac-768x768.jpg 768w\" sizes=\"auto, (max-width: 675px) 100vw, 675px\" \/><\/a><\/h2>\n","protected":false},"excerpt":{"rendered":"<p>Nem sokkal ezel\u0151tt a We Love Cycling n\u00e9met k\u00e9pviselete mer\u00e9sz c\u00e9lt t\u0171z\u00f6tt ki maga el\u00e9: \u00f6sszegy\u0171jteni az orsz\u00e1g legrosszabb bringa\u00fatjait! [&hellip;]<\/p>\n","protected":false},"author":71,"featured_media":12985,"comment_status":"open","ping_status":"open","sticky":false,"template":"","format":"standard","meta":{"footnotes":""},"categories":[9],"tags":[],"global-categories":[],"class_list":["post-12978","post","type-post","status-publish","format-standard","has-post-thumbnail","hentry","category-varosi-kerekparozas"],"yoast_head":"<!-- This site is optimized with the Yoast SEO Premium plugin v25.3 (Yoast SEO v25.9) - https:\/\/yoast.com\/wordpress\/plugins\/seo\/ -->\n<title>Az 5 legrosszabb bicikli\u00fat N\u00e9metorsz\u00e1gban<\/title>\n<meta name=\"description\" content=\"Nem sokkal ezel\u0151tt a We Love Cycling n\u00e9met k\u00e9pviselete mer\u00e9sz c\u00e9lt t\u0171z\u00f6tt ki maga el\u00e9: \u00f6sszegy\u0171jteni az orsz\u00e1g legrosszabb bringa\u00fatjait! Egy t\u00f6bb r\u00e9gi\u00f3ban is megval\u00f3sul\u00f3 kamp\u00e1ny r\u00e9szek\u00e9nt \u00e1llhatott \u00f6ssze az al\u00e1bbi gal\u00e9ria, mely a haszn\u00e1lhatatlan ker\u00e9kp\u00e1rutak \u00e1llapot\u00e1ra h\u00edvja fel a figyelmet. Jobb utakat akarunk! De addig is, nevess\u00fcnk a rosszakon!\" \/>\n<meta name=\"robots\" content=\"index, follow, max-snippet:-1, max-image-preview:large, max-video-preview:-1\" \/>\n<link rel=\"canonical\" href=\"https:\/\/www.welovecycling.com\/hu\/varosi-kerekparozas\/az-ot-legrosszabb-bicikliut-nemetorszagban\/\" \/>\n<meta property=\"og:locale\" content=\"hu_HU\" \/>\n<meta property=\"og:type\" content=\"article\" \/>\n<meta property=\"og:title\" content=\"Az 5 legrosszabb bicikli\u00fat N\u00e9metorsz\u00e1gban\" \/>\n<meta property=\"og:description\" content=\"Nem sokkal ezel\u0151tt a We Love Cycling n\u00e9met k\u00e9pviselete mer\u00e9sz c\u00e9lt t\u0171z\u00f6tt ki maga el\u00e9: \u00f6sszegy\u0171jteni az orsz\u00e1g legrosszabb bringa\u00fatjait! Egy t\u00f6bb r\u00e9gi\u00f3ban is megval\u00f3sul\u00f3 kamp\u00e1ny r\u00e9szek\u00e9nt \u00e1llhatott \u00f6ssze az al\u00e1bbi gal\u00e9ria, mely a haszn\u00e1lhatatlan ker\u00e9kp\u00e1rutak \u00e1llapot\u00e1ra h\u00edvja fel a figyelmet. Jobb utakat akarunk! De addig is, nevess\u00fcnk a rosszakon!\" \/>\n<meta property=\"og:url\" content=\"https:\/\/www.welovecycling.com\/hu\/varosi-kerekparozas\/az-ot-legrosszabb-bicikliut-nemetorszagban\/\" \/>\n<meta property=\"og:site_name\" content=\"\u0160koda We Love Cycling - Magyarorsz\u00e1g\" \/>\n<meta property=\"article:publisher\" content=\"https:\/\/www.facebook.com\/WeLoveCyclingHungary\/\" \/>\n<meta property=\"article:published_time\" content=\"2021-11-25T06:30:18+00:00\" \/>\n<meta property=\"og:image\" content=\"https:\/\/d2p6e6u75xmxt8.cloudfront.net\/12\/2021\/11\/Germany-cycle-lane-profimedia-0513857320-CVR.jpg\" \/>\n\t<meta property=\"og:image:width\" content=\"1366\" \/>\n\t<meta property=\"og:image:height\" content=\"600\" \/>\n\t<meta property=\"og:image:type\" content=\"image\/jpeg\" \/>\n<meta name=\"author\" content=\"hegyizs\" \/>\n<meta name=\"twitter:card\" content=\"summary_large_image\" \/>\n<meta name=\"twitter:label1\" content=\"Written by\" \/>\n\t<meta name=\"twitter:data1\" content=\"WeLoveCycling\" \/>\n\t<meta name=\"twitter:label2\" content=\"Est. reading time\" \/>\n\t<meta name=\"twitter:data2\" content=\"5\" \/>\n<script type=\"application\/ld+json\" class=\"yoast-schema-graph\">{\"@context\":\"https:\/\/schema.org\",\"@graph\":[{\"@type\":\"WebPage\",\"@id\":\"https:\/\/www.welovecycling.com\/hu\/varosi-kerekparozas\/az-ot-legrosszabb-bicikliut-nemetorszagban\/\",\"url\":\"https:\/\/www.welovecycling.com\/hu\/varosi-kerekparozas\/az-ot-legrosszabb-bicikliut-nemetorszagban\/\",\"name\":\"Az 5 legrosszabb bicikli\u00fat N\u00e9metorsz\u00e1gban\",\"isPartOf\":{\"@id\":\"https:\/\/www.welovecycling.com\/hu\/#website\"},\"primaryImageOfPage\":{\"@id\":\"https:\/\/www.welovecycling.com\/hu\/varosi-kerekparozas\/az-ot-legrosszabb-bicikliut-nemetorszagban\/#primaryimage\"},\"image\":{\"@id\":\"https:\/\/www.welovecycling.com\/hu\/varosi-kerekparozas\/az-ot-legrosszabb-bicikliut-nemetorszagban\/#primaryimage\"},\"thumbnailUrl\":\"https:\/\/d2p6e6u75xmxt8.cloudfront.net\/12\/2021\/11\/Germany-cycle-lane-profimedia-0513857320-CVR.jpg\",\"datePublished\":\"2021-11-25T06:30:18+00:00\",\"author\":{\"@id\":\"https:\/\/www.welovecycling.com\/hu\/#\/schema\/person\/414a2aebf1801691a5320edb6468e194\"},\"description\":\"Nem sokkal ezel\u0151tt a We Love Cycling n\u00e9met k\u00e9pviselete mer\u00e9sz c\u00e9lt t\u0171z\u00f6tt ki maga el\u00e9: \u00f6sszegy\u0171jteni az orsz\u00e1g legrosszabb bringa\u00fatjait! Egy t\u00f6bb r\u00e9gi\u00f3ban is megval\u00f3sul\u00f3 kamp\u00e1ny r\u00e9szek\u00e9nt \u00e1llhatott \u00f6ssze az al\u00e1bbi gal\u00e9ria, mely a haszn\u00e1lhatatlan ker\u00e9kp\u00e1rutak \u00e1llapot\u00e1ra h\u00edvja fel a figyelmet. Jobb utakat akarunk! De addig is, nevess\u00fcnk a rosszakon!\",\"breadcrumb\":{\"@id\":\"https:\/\/www.welovecycling.com\/hu\/varosi-kerekparozas\/az-ot-legrosszabb-bicikliut-nemetorszagban\/#breadcrumb\"},\"inLanguage\":\"hu\",\"potentialAction\":[{\"@type\":\"ReadAction\",\"target\":[\"https:\/\/www.welovecycling.com\/hu\/varosi-kerekparozas\/az-ot-legrosszabb-bicikliut-nemetorszagban\/\"]}]},{\"@type\":\"ImageObject\",\"inLanguage\":\"hu\",\"@id\":\"https:\/\/www.welovecycling.com\/hu\/varosi-kerekparozas\/az-ot-legrosszabb-bicikliut-nemetorszagban\/#primaryimage\",\"url\":\"https:\/\/d2p6e6u75xmxt8.cloudfront.net\/12\/2021\/11\/Germany-cycle-lane-profimedia-0513857320-CVR.jpg\",\"contentUrl\":\"https:\/\/d2p6e6u75xmxt8.cloudfront.net\/12\/2021\/11\/Germany-cycle-lane-profimedia-0513857320-CVR.jpg\",\"width\":1366,\"height\":600,\"caption\":\"Cycle lane\"},{\"@type\":\"BreadcrumbList\",\"@id\":\"https:\/\/www.welovecycling.com\/hu\/varosi-kerekparozas\/az-ot-legrosszabb-bicikliut-nemetorszagban\/#breadcrumb\",\"itemListElement\":[{\"@type\":\"ListItem\",\"position\":1,\"name\":\"Home\",\"item\":\"https:\/\/www.welovecycling.com\/hu\/\"},{\"@type\":\"ListItem\",\"position\":2,\"name\":\"Az 5 legrosszabb bicikli\u00fat N\u00e9metorsz\u00e1gban\"}]},{\"@type\":\"WebSite\",\"@id\":\"https:\/\/www.welovecycling.com\/hu\/#website\",\"url\":\"https:\/\/www.welovecycling.com\/hu\/\",\"name\":\"\u0160koda We Love Cycling - Magyarorsz\u00e1g\",\"description\":\"\u0160koda WeLoveCycling\",\"potentialAction\":[{\"@type\":\"SearchAction\",\"target\":{\"@type\":\"EntryPoint\",\"urlTemplate\":\"https:\/\/www.welovecycling.com\/hu\/?s={search_term_string}\"},\"query-input\":{\"@type\":\"PropertyValueSpecification\",\"valueRequired\":true,\"valueName\":\"search_term_string\"}}],\"inLanguage\":\"hu\"},{\"@type\":\"Person\",\"@id\":\"https:\/\/www.welovecycling.com\/hu\/#\/schema\/person\/414a2aebf1801691a5320edb6468e194\",\"name\":\"hegyizs\",\"image\":{\"@type\":\"ImageObject\",\"inLanguage\":\"hu\",\"@id\":\"https:\/\/www.welovecycling.com\/hu\/#\/schema\/person\/image\/\",\"url\":\"https:\/\/secure.gravatar.com\/avatar\/02cf8a7906b8cf90cecb4679defac7cfd33a1c2e3b88e4903d947f3bb58eedd3?s=96&d=mm&r=g\",\"contentUrl\":\"https:\/\/secure.gravatar.com\/avatar\/02cf8a7906b8cf90cecb4679defac7cfd33a1c2e3b88e4903d947f3bb58eedd3?s=96&d=mm&r=g\",\"caption\":\"hegyizs\"},\"url\":\"https:\/\/www.welovecycling.com\/hu\/author\/hegyizs\/\"}]}<\/script>\n<!-- \/ Yoast SEO Premium plugin. -->","yoast_head_json":{"title":"Az 5 legrosszabb bicikli\u00fat N\u00e9metorsz\u00e1gban","description":"Nem sokkal ezel\u0151tt a We Love Cycling n\u00e9met k\u00e9pviselete mer\u00e9sz c\u00e9lt t\u0171z\u00f6tt ki maga el\u00e9: \u00f6sszegy\u0171jteni az orsz\u00e1g legrosszabb bringa\u00fatjait! Egy t\u00f6bb r\u00e9gi\u00f3ban is megval\u00f3sul\u00f3 kamp\u00e1ny r\u00e9szek\u00e9nt \u00e1llhatott \u00f6ssze az al\u00e1bbi gal\u00e9ria, mely a haszn\u00e1lhatatlan ker\u00e9kp\u00e1rutak \u00e1llapot\u00e1ra h\u00edvja fel a figyelmet. Jobb utakat akarunk! De addig is, nevess\u00fcnk a rosszakon!","robots":{"index":"index","follow":"follow","max-snippet":"max-snippet:-1","max-image-preview":"max-image-preview:large","max-video-preview":"max-video-preview:-1"},"canonical":"https:\/\/www.welovecycling.com\/hu\/varosi-kerekparozas\/az-ot-legrosszabb-bicikliut-nemetorszagban\/","og_locale":"hu_HU","og_type":"article","og_title":"Az 5 legrosszabb bicikli\u00fat N\u00e9metorsz\u00e1gban","og_description":"Nem sokkal ezel\u0151tt a We Love Cycling n\u00e9met k\u00e9pviselete mer\u00e9sz c\u00e9lt t\u0171z\u00f6tt ki maga el\u00e9: \u00f6sszegy\u0171jteni az orsz\u00e1g legrosszabb bringa\u00fatjait! Egy t\u00f6bb r\u00e9gi\u00f3ban is megval\u00f3sul\u00f3 kamp\u00e1ny r\u00e9szek\u00e9nt \u00e1llhatott \u00f6ssze az al\u00e1bbi gal\u00e9ria, mely a haszn\u00e1lhatatlan ker\u00e9kp\u00e1rutak \u00e1llapot\u00e1ra h\u00edvja fel a figyelmet. Jobb utakat akarunk! De addig is, nevess\u00fcnk a rosszakon!","og_url":"https:\/\/www.welovecycling.com\/hu\/varosi-kerekparozas\/az-ot-legrosszabb-bicikliut-nemetorszagban\/","og_site_name":"\u0160koda We Love Cycling - Magyarorsz\u00e1g","article_publisher":"https:\/\/www.facebook.com\/WeLoveCyclingHungary\/","article_published_time":"2021-11-25T06:30:18+00:00","og_image":[{"width":1366,"height":600,"url":"https:\/\/d2p6e6u75xmxt8.cloudfront.net\/12\/2021\/11\/Germany-cycle-lane-profimedia-0513857320-CVR.jpg","type":"image\/jpeg"}],"author":"hegyizs","twitter_card":"summary_large_image","twitter_misc":{"Written by":"WeLoveCycling","Est. reading time":"5"},"schema":{"@context":"https:\/\/schema.org","@graph":[{"@type":"WebPage","@id":"https:\/\/www.welovecycling.com\/hu\/varosi-kerekparozas\/az-ot-legrosszabb-bicikliut-nemetorszagban\/","url":"https:\/\/www.welovecycling.com\/hu\/varosi-kerekparozas\/az-ot-legrosszabb-bicikliut-nemetorszagban\/","name":"Az 5 legrosszabb bicikli\u00fat N\u00e9metorsz\u00e1gban","isPartOf":{"@id":"https:\/\/www.welovecycling.com\/hu\/#website"},"primaryImageOfPage":{"@id":"https:\/\/www.welovecycling.com\/hu\/varosi-kerekparozas\/az-ot-legrosszabb-bicikliut-nemetorszagban\/#primaryimage"},"image":{"@id":"https:\/\/www.welovecycling.com\/hu\/varosi-kerekparozas\/az-ot-legrosszabb-bicikliut-nemetorszagban\/#primaryimage"},"thumbnailUrl":"https:\/\/d2p6e6u75xmxt8.cloudfront.net\/12\/2021\/11\/Germany-cycle-lane-profimedia-0513857320-CVR.jpg","datePublished":"2021-11-25T06:30:18+00:00","author":{"@id":"https:\/\/www.welovecycling.com\/hu\/#\/schema\/person\/414a2aebf1801691a5320edb6468e194"},"description":"Nem sokkal ezel\u0151tt a We Love Cycling n\u00e9met k\u00e9pviselete mer\u00e9sz c\u00e9lt t\u0171z\u00f6tt ki maga el\u00e9: \u00f6sszegy\u0171jteni az orsz\u00e1g legrosszabb bringa\u00fatjait! Egy t\u00f6bb r\u00e9gi\u00f3ban is megval\u00f3sul\u00f3 kamp\u00e1ny r\u00e9szek\u00e9nt \u00e1llhatott \u00f6ssze az al\u00e1bbi gal\u00e9ria, mely a haszn\u00e1lhatatlan ker\u00e9kp\u00e1rutak \u00e1llapot\u00e1ra h\u00edvja fel a figyelmet. Jobb utakat akarunk! De addig is, nevess\u00fcnk a rosszakon!","breadcrumb":{"@id":"https:\/\/www.welovecycling.com\/hu\/varosi-kerekparozas\/az-ot-legrosszabb-bicikliut-nemetorszagban\/#breadcrumb"},"inLanguage":"hu","potentialAction":[{"@type":"ReadAction","target":["https:\/\/www.welovecycling.com\/hu\/varosi-kerekparozas\/az-ot-legrosszabb-bicikliut-nemetorszagban\/"]}]},{"@type":"ImageObject","inLanguage":"hu","@id":"https:\/\/www.welovecycling.com\/hu\/varosi-kerekparozas\/az-ot-legrosszabb-bicikliut-nemetorszagban\/#primaryimage","url":"https:\/\/d2p6e6u75xmxt8.cloudfront.net\/12\/2021\/11\/Germany-cycle-lane-profimedia-0513857320-CVR.jpg","contentUrl":"https:\/\/d2p6e6u75xmxt8.cloudfront.net\/12\/2021\/11\/Germany-cycle-lane-profimedia-0513857320-CVR.jpg","width":1366,"height":600,"caption":"Cycle lane"},{"@type":"BreadcrumbList","@id":"https:\/\/www.welovecycling.com\/hu\/varosi-kerekparozas\/az-ot-legrosszabb-bicikliut-nemetorszagban\/#breadcrumb","itemListElement":[{"@type":"ListItem","position":1,"name":"Home","item":"https:\/\/www.welovecycling.com\/hu\/"},{"@type":"ListItem","position":2,"name":"Az 5 legrosszabb bicikli\u00fat N\u00e9metorsz\u00e1gban"}]},{"@type":"WebSite","@id":"https:\/\/www.welovecycling.com\/hu\/#website","url":"https:\/\/www.welovecycling.com\/hu\/","name":"\u0160koda We Love Cycling - Magyarorsz\u00e1g","description":"\u0160koda WeLoveCycling","potentialAction":[{"@type":"SearchAction","target":{"@type":"EntryPoint","urlTemplate":"https:\/\/www.welovecycling.com\/hu\/?s={search_term_string}"},"query-input":{"@type":"PropertyValueSpecification","valueRequired":true,"valueName":"search_term_string"}}],"inLanguage":"hu"},{"@type":"Person","@id":"https:\/\/www.welovecycling.com\/hu\/#\/schema\/person\/414a2aebf1801691a5320edb6468e194","name":"hegyizs","image":{"@type":"ImageObject","inLanguage":"hu","@id":"https:\/\/www.welovecycling.com\/hu\/#\/schema\/person\/image\/","url":"https:\/\/secure.gravatar.com\/avatar\/02cf8a7906b8cf90cecb4679defac7cfd33a1c2e3b88e4903d947f3bb58eedd3?s=96&d=mm&r=g","contentUrl":"https:\/\/secure.gravatar.com\/avatar\/02cf8a7906b8cf90cecb4679defac7cfd33a1c2e3b88e4903d947f3bb58eedd3?s=96&d=mm&r=g","caption":"hegyizs"},"url":"https:\/\/www.welovecycling.com\/hu\/author\/hegyizs\/"}]}},"_links":{"self":[{"href":"https:\/\/www.welovecycling.com\/hu\/wp-json\/wp\/v2\/posts\/12978","targetHints":{"allow":["GET"]}}],"collection":[{"href":"https:\/\/www.welovecycling.com\/hu\/wp-json\/wp\/v2\/posts"}],"about":[{"href":"https:\/\/www.welovecycling.com\/hu\/wp-json\/wp\/v2\/types\/post"}],"author":[{"embeddable":true,"href":"https:\/\/www.welovecycling.com\/hu\/wp-json\/wp\/v2\/users\/71"}],"replies":[{"embeddable":true,"href":"https:\/\/www.welovecycling.com\/hu\/wp-json\/wp\/v2\/comments?post=12978"}],"version-history":[{"count":2,"href":"https:\/\/www.welovecycling.com\/hu\/wp-json\/wp\/v2\/posts\/12978\/revisions"}],"predecessor-version":[{"id":12994,"href":"https:\/\/www.welovecycling.com\/hu\/wp-json\/wp\/v2\/posts\/12978\/revisions\/12994"}],"wp:featuredmedia":[{"embeddable":true,"href":"https:\/\/www.welovecycling.com\/hu\/wp-json\/wp\/v2\/media\/12985"}],"wp:attachment":[{"href":"https:\/\/www.welovecycling.com\/hu\/wp-json\/wp\/v2\/media?parent=12978"}],"wp:term":[{"taxonomy":"category","embeddable":true,"href":"https:\/\/www.welovecycling.com\/hu\/wp-json\/wp\/v2\/categories?post=12978"},{"taxonomy":"post_tag","embeddable":true,"href":"https:\/\/www.welovecycling.com\/hu\/wp-json\/wp\/v2\/tags?post=12978"},{"taxonomy":"global-categories","embeddable":true,"href":"https:\/\/www.welovecycling.com\/hu\/wp-json\/wp\/v2\/global-categories?post=12978"}],"curies":[{"name":"wp","href":"https:\/\/api.w.org\/{rel}","templated":true}]}}