{"id":12964,"date":"2021-11-24T08:00:04","date_gmt":"2021-11-24T06:00:04","guid":{"rendered":"https:\/\/www.welovecycling.com\/hu\/?p=12964"},"modified":"2021-11-22T15:47:37","modified_gmt":"2021-11-22T13:47:37","slug":"del-amerika-legdurvabb-orszaguti-versenye-gran-fondo-fin-del-mundo-kepekben","status":"publish","type":"post","link":"https:\/\/www.welovecycling.com\/hu\/orszaguti-kerekpar\/del-amerika-legdurvabb-orszaguti-versenye-gran-fondo-fin-del-mundo-kepekben\/","title":{"rendered":"D\u00e9l-Amerika legdurv\u00e1bb orsz\u00e1g\u00fati versenye \u2013 A Gran Fondo Fin del Mundo k\u00e9pekben"},"content":{"rendered":"<p><strong>Szeretn\u00e9d \u00f6tv\u00f6zni a ker\u00e9kp\u00e1roz\u00e1s \u00e9s a v\u00e1rosn\u00e9z\u00e9s ir\u00e1nti szenved\u00e9lyed, mik\u00f6zben m\u00e9g a versenyz\u00e9s izgalm\u00e1t is \u00e1t\u00e9led? A fest\u0151i Gran Fondo Fin del Mundo (GFFDM) m\u00e1r hetedik \u00e9ve \u00e1ll\u00edtja durva \u00e1ll\u00f3k\u00e9pess\u00e9gi kih\u00edv\u00e1sok el\u00e9 a r\u00e9sztvev\u0151ket a csod\u00e1latosan sz\u00e9p Chil\u00e9ben.<\/strong><\/p>\n<p><!--more--><\/p>\n<p>Id\u00e9n a versenyt okt\u00f3ber 31-\u00e9n rendezt\u00e9k meg a Maule r\u00e9gi\u00f3ban fekv\u0151 Colb\u00fanban. K\u00e9t r\u00e9szre osztott\u00e1k az esem\u00e9nyt: volt egy r\u00f6videbb, 38 km-es szakasz, 1570 m\u00e9teres szintemelked\u00e9ssel, \u00e9s egy 153 km-es, 3000 m\u00e9teres szinttel. T\u00f6bb mint 600 r\u00e9sztvev\u0151 v\u00e1llalta a kih\u00edv\u00e1st \u00e9s \u00e1llt rajthoz, hogy v\u00e9gigtekerjen a leny\u0171g\u00f6z\u0151 \u00fatvonalon \u00e9s a d\u00e9li f\u00e9lteke egyik legszebb hegy\u00e9n\u00e9l, a fest\u0151i Cerro Campanarion\u00e1l \u00e9rjen be a c\u00e9lba.<\/p>\n<p><a href=\"https:\/\/d2p6e6u75xmxt8.cloudfront.net\/12\/2021\/11\/810_3891_HIGH.jpeg\"><img loading=\"lazy\" decoding=\"async\" class=\"alignnone wp-image-12965 size-full\" src=\"https:\/\/d2p6e6u75xmxt8.cloudfront.net\/12\/2021\/11\/810_3891_HIGH.jpeg\" alt=\"Gran Fondo Fin del Mundo\" width=\"1024\" height=\"683\" srcset=\"https:\/\/d2p6e6u75xmxt8.cloudfront.net\/12\/2021\/11\/810_3891_HIGH.jpeg 1024w, https:\/\/d2p6e6u75xmxt8.cloudfront.net\/12\/2021\/11\/810_3891_HIGH-300x200.jpeg 300w, https:\/\/d2p6e6u75xmxt8.cloudfront.net\/12\/2021\/11\/810_3891_HIGH-768x512.jpeg 768w, https:\/\/d2p6e6u75xmxt8.cloudfront.net\/12\/2021\/11\/810_3891_HIGH-272x182.jpeg 272w\" sizes=\"auto, (max-width: 1024px) 100vw, 1024px\" \/><\/a><\/p>\n<div id='gallery-1' class='gallery galleryid-12964 gallery-columns-2 gallery-size-large'><figure class='gallery-item'>\n\t\t\t<div class='gallery-icon landscape'>\n\t\t\t\t<a href='https:\/\/d2p6e6u75xmxt8.cloudfront.net\/12\/2021\/11\/810_4231_HIGH.jpeg'><img loading=\"lazy\" decoding=\"async\" width=\"1024\" height=\"683\" src=\"https:\/\/d2p6e6u75xmxt8.cloudfront.net\/12\/2021\/11\/810_4231_HIGH.jpeg\" class=\"attachment-large size-large\" alt=\"\" srcset=\"https:\/\/d2p6e6u75xmxt8.cloudfront.net\/12\/2021\/11\/810_4231_HIGH.jpeg 1024w, https:\/\/d2p6e6u75xmxt8.cloudfront.net\/12\/2021\/11\/810_4231_HIGH-300x200.jpeg 300w, https:\/\/d2p6e6u75xmxt8.cloudfront.net\/12\/2021\/11\/810_4231_HIGH-768x512.jpeg 768w, https:\/\/d2p6e6u75xmxt8.cloudfront.net\/12\/2021\/11\/810_4231_HIGH-272x182.jpeg 272w\" sizes=\"auto, (max-width: 1024px) 100vw, 1024px\" \/><\/a>\n\t\t\t<\/div><\/figure><figure class='gallery-item'>\n\t\t\t<div class='gallery-icon landscape'>\n\t\t\t\t<a href='https:\/\/d2p6e6u75xmxt8.cloudfront.net\/12\/2021\/11\/810_4442_HIGH.jpeg'><img loading=\"lazy\" decoding=\"async\" width=\"1024\" height=\"683\" src=\"https:\/\/d2p6e6u75xmxt8.cloudfront.net\/12\/2021\/11\/810_4442_HIGH.jpeg\" class=\"attachment-large size-large\" alt=\"\" srcset=\"https:\/\/d2p6e6u75xmxt8.cloudfront.net\/12\/2021\/11\/810_4442_HIGH.jpeg 1024w, https:\/\/d2p6e6u75xmxt8.cloudfront.net\/12\/2021\/11\/810_4442_HIGH-300x200.jpeg 300w, https:\/\/d2p6e6u75xmxt8.cloudfront.net\/12\/2021\/11\/810_4442_HIGH-768x512.jpeg 768w, https:\/\/d2p6e6u75xmxt8.cloudfront.net\/12\/2021\/11\/810_4442_HIGH-272x182.jpeg 272w\" sizes=\"auto, (max-width: 1024px) 100vw, 1024px\" \/><\/a>\n\t\t\t<\/div><\/figure>\n\t\t<\/div>\n\n<p>A ker\u00e9kp\u00e1roz\u00e1s t\u00f6bb \u00e9vtizedes t\u00e1mogat\u00f3jak\u00e9nt a \u0160koda k\u00e9t \u00e9ve hivatalos partnere az esem\u00e9nynek, id\u00e9n n\u00e9gy aut\u00f3t aj\u00e1nlott fel: a KODIAQ, a FABIA, a KAMIQ \u00e9s a KAROQ t\u00e1mogat\u00f3 aut\u00f3k\u00e9nt seg\u00edtett\u00e9k a r\u00e9sztvev\u0151ket. Kulcsfontoss\u00e1g\u00fa szerepet t\u00f6lt\u00f6ttek be az aut\u00f3k, hiszen Chil\u00e9ben k\u00f6nnyen a vadon k\u00f6zep\u00e9n tal\u00e1lja mag\u00e1t az ember, ahol nincs friss\u00edt\u0151pont, \u00e9s ha a ker\u00e9kp\u00e1rjuk meghib\u00e1sodik, magukra vannak utalva. Ilyenkor l\u00e9pnek k\u00f6zbe a \u0160koda aut\u00f3kkal k\u00f6zleked\u0151 seg\u00edt\u0151k.<\/p>\n<p>T\u00f6k\u00e9letes verseny ez azoknak, akik \u00e9lvezik a mag\u00e1nyt \u00e9s a nagy t\u00e1vols\u00e1gokat, hiszen hossz\u00fa szakaszokon tekerhetnek \u00fagy, hogy mind\u00f6ssze n\u00e9h\u00e1ny kondorkesely\u0171 k\u00eds\u00e9ri \u0151ket. A k\u00fczdelmek\u00e9rt vulk\u00e1nok, kanyarg\u00f3s foly\u00f3k \u00e9s hatalmas hegyl\u00e1ncok l\u00e9legzetel\u00e1ll\u00edt\u00f3 l\u00e1tv\u00e1nya k\u00e1rp\u00f3tolja \u0151ket. A k\u00e9pek maguk\u00e9rt besz\u00e9lnek. Te is szeretn\u00e9l ilyen helyeken tekerni?<\/p>\n<figure id=\"attachment_12965\" aria-describedby=\"caption-attachment-12965\" style=\"width: 1024px\" class=\"wp-caption alignnone\"><a href=\"https:\/\/d2p6e6u75xmxt8.cloudfront.net\/12\/2021\/11\/810_3891_HIGH.jpeg\"><img loading=\"lazy\" decoding=\"async\" class=\"wp-image-12965 size-full\" src=\"https:\/\/d2p6e6u75xmxt8.cloudfront.net\/12\/2021\/11\/810_3891_HIGH.jpeg\" alt=\"Gran Fondo Fin del Mundo\" width=\"1024\" height=\"683\" srcset=\"https:\/\/d2p6e6u75xmxt8.cloudfront.net\/12\/2021\/11\/810_3891_HIGH.jpeg 1024w, https:\/\/d2p6e6u75xmxt8.cloudfront.net\/12\/2021\/11\/810_3891_HIGH-300x200.jpeg 300w, https:\/\/d2p6e6u75xmxt8.cloudfront.net\/12\/2021\/11\/810_3891_HIGH-768x512.jpeg 768w, https:\/\/d2p6e6u75xmxt8.cloudfront.net\/12\/2021\/11\/810_3891_HIGH-272x182.jpeg 272w\" sizes=\"auto, (max-width: 1024px) 100vw, 1024px\" \/><\/a><figcaption id=\"caption-attachment-12965\" class=\"wp-caption-text\">\u00a9 \u0160koda Chile<\/figcaption><\/figure>\n<figure id=\"attachment_12966\" aria-describedby=\"caption-attachment-12966\" style=\"width: 1024px\" class=\"wp-caption alignnone\"><a href=\"https:\/\/d2p6e6u75xmxt8.cloudfront.net\/12\/2021\/11\/810_3931_HIGH.jpeg\"><img loading=\"lazy\" decoding=\"async\" class=\"wp-image-12966 size-full\" src=\"https:\/\/d2p6e6u75xmxt8.cloudfront.net\/12\/2021\/11\/810_3931_HIGH.jpeg\" alt=\"Gran Fondo Fin del Mundo\" width=\"1024\" height=\"683\" srcset=\"https:\/\/d2p6e6u75xmxt8.cloudfront.net\/12\/2021\/11\/810_3931_HIGH.jpeg 1024w, https:\/\/d2p6e6u75xmxt8.cloudfront.net\/12\/2021\/11\/810_3931_HIGH-300x200.jpeg 300w, https:\/\/d2p6e6u75xmxt8.cloudfront.net\/12\/2021\/11\/810_3931_HIGH-768x512.jpeg 768w, https:\/\/d2p6e6u75xmxt8.cloudfront.net\/12\/2021\/11\/810_3931_HIGH-272x182.jpeg 272w\" sizes=\"auto, (max-width: 1024px) 100vw, 1024px\" \/><\/a><figcaption id=\"caption-attachment-12966\" class=\"wp-caption-text\">\u00a9 \u0160koda Chile<\/figcaption><\/figure>\n<figure id=\"attachment_12967\" aria-describedby=\"caption-attachment-12967\" style=\"width: 1024px\" class=\"wp-caption alignnone\"><a href=\"https:\/\/d2p6e6u75xmxt8.cloudfront.net\/12\/2021\/11\/810_3972_HIGH.jpeg\"><img loading=\"lazy\" decoding=\"async\" class=\"wp-image-12967 size-full\" src=\"https:\/\/d2p6e6u75xmxt8.cloudfront.net\/12\/2021\/11\/810_3972_HIGH.jpeg\" alt=\"Gran Fondo Fin del Mundo\" width=\"1024\" height=\"683\" srcset=\"https:\/\/d2p6e6u75xmxt8.cloudfront.net\/12\/2021\/11\/810_3972_HIGH.jpeg 1024w, https:\/\/d2p6e6u75xmxt8.cloudfront.net\/12\/2021\/11\/810_3972_HIGH-300x200.jpeg 300w, https:\/\/d2p6e6u75xmxt8.cloudfront.net\/12\/2021\/11\/810_3972_HIGH-768x512.jpeg 768w, https:\/\/d2p6e6u75xmxt8.cloudfront.net\/12\/2021\/11\/810_3972_HIGH-272x182.jpeg 272w\" sizes=\"auto, (max-width: 1024px) 100vw, 1024px\" \/><\/a><figcaption id=\"caption-attachment-12967\" class=\"wp-caption-text\">\u00a9 \u0160koda Chile<\/figcaption><\/figure>\n<figure id=\"attachment_12968\" aria-describedby=\"caption-attachment-12968\" style=\"width: 1024px\" class=\"wp-caption alignnone\"><a href=\"https:\/\/d2p6e6u75xmxt8.cloudfront.net\/12\/2021\/11\/810_4022_HIGH.jpeg\"><img loading=\"lazy\" decoding=\"async\" class=\"wp-image-12968 size-full\" src=\"https:\/\/d2p6e6u75xmxt8.cloudfront.net\/12\/2021\/11\/810_4022_HIGH.jpeg\" alt=\"Gran Fondo Fin del Mundo\" width=\"1024\" height=\"683\" srcset=\"https:\/\/d2p6e6u75xmxt8.cloudfront.net\/12\/2021\/11\/810_4022_HIGH.jpeg 1024w, https:\/\/d2p6e6u75xmxt8.cloudfront.net\/12\/2021\/11\/810_4022_HIGH-300x200.jpeg 300w, https:\/\/d2p6e6u75xmxt8.cloudfront.net\/12\/2021\/11\/810_4022_HIGH-768x512.jpeg 768w, https:\/\/d2p6e6u75xmxt8.cloudfront.net\/12\/2021\/11\/810_4022_HIGH-272x182.jpeg 272w\" sizes=\"auto, (max-width: 1024px) 100vw, 1024px\" \/><\/a><figcaption id=\"caption-attachment-12968\" class=\"wp-caption-text\">\u00a9 \u0160koda Chile<\/figcaption><\/figure>\n<figure id=\"attachment_12969\" aria-describedby=\"caption-attachment-12969\" style=\"width: 1024px\" class=\"wp-caption alignnone\"><a href=\"https:\/\/d2p6e6u75xmxt8.cloudfront.net\/12\/2021\/11\/810_4089_HIGH.jpeg\"><img loading=\"lazy\" decoding=\"async\" class=\"wp-image-12969 size-full\" src=\"https:\/\/d2p6e6u75xmxt8.cloudfront.net\/12\/2021\/11\/810_4089_HIGH.jpeg\" alt=\"\" width=\"1024\" height=\"683\" srcset=\"https:\/\/d2p6e6u75xmxt8.cloudfront.net\/12\/2021\/11\/810_4089_HIGH.jpeg 1024w, https:\/\/d2p6e6u75xmxt8.cloudfront.net\/12\/2021\/11\/810_4089_HIGH-300x200.jpeg 300w, https:\/\/d2p6e6u75xmxt8.cloudfront.net\/12\/2021\/11\/810_4089_HIGH-768x512.jpeg 768w, https:\/\/d2p6e6u75xmxt8.cloudfront.net\/12\/2021\/11\/810_4089_HIGH-272x182.jpeg 272w\" sizes=\"auto, (max-width: 1024px) 100vw, 1024px\" \/><\/a><figcaption id=\"caption-attachment-12969\" class=\"wp-caption-text\">\u00a9 \u0160koda Chile<\/figcaption><\/figure>\n<div class=\"mceTemp\"><\/div>\n<figure id=\"attachment_12970\" aria-describedby=\"caption-attachment-12970\" style=\"width: 1024px\" class=\"wp-caption alignnone\"><a href=\"https:\/\/d2p6e6u75xmxt8.cloudfront.net\/12\/2021\/11\/810_4184_HIGH.jpeg\"><img loading=\"lazy\" decoding=\"async\" class=\"size-full wp-image-12970\" src=\"https:\/\/d2p6e6u75xmxt8.cloudfront.net\/12\/2021\/11\/810_4184_HIGH.jpeg\" alt=\"\" width=\"1024\" height=\"683\" srcset=\"https:\/\/d2p6e6u75xmxt8.cloudfront.net\/12\/2021\/11\/810_4184_HIGH.jpeg 1024w, https:\/\/d2p6e6u75xmxt8.cloudfront.net\/12\/2021\/11\/810_4184_HIGH-300x200.jpeg 300w, https:\/\/d2p6e6u75xmxt8.cloudfront.net\/12\/2021\/11\/810_4184_HIGH-768x512.jpeg 768w, https:\/\/d2p6e6u75xmxt8.cloudfront.net\/12\/2021\/11\/810_4184_HIGH-272x182.jpeg 272w\" sizes=\"auto, (max-width: 1024px) 100vw, 1024px\" \/><\/a><figcaption id=\"caption-attachment-12970\" class=\"wp-caption-text\">\u00a9 \u0160koda Chile<\/figcaption><\/figure>\n<figure id=\"attachment_12971\" aria-describedby=\"caption-attachment-12971\" style=\"width: 1024px\" class=\"wp-caption alignnone\"><a href=\"https:\/\/d2p6e6u75xmxt8.cloudfront.net\/12\/2021\/11\/810_4229_HIGH.jpeg\"><img loading=\"lazy\" decoding=\"async\" class=\"size-full wp-image-12971\" src=\"https:\/\/d2p6e6u75xmxt8.cloudfront.net\/12\/2021\/11\/810_4229_HIGH.jpeg\" alt=\"\" width=\"1024\" height=\"683\" srcset=\"https:\/\/d2p6e6u75xmxt8.cloudfront.net\/12\/2021\/11\/810_4229_HIGH.jpeg 1024w, https:\/\/d2p6e6u75xmxt8.cloudfront.net\/12\/2021\/11\/810_4229_HIGH-300x200.jpeg 300w, https:\/\/d2p6e6u75xmxt8.cloudfront.net\/12\/2021\/11\/810_4229_HIGH-768x512.jpeg 768w, https:\/\/d2p6e6u75xmxt8.cloudfront.net\/12\/2021\/11\/810_4229_HIGH-272x182.jpeg 272w\" sizes=\"auto, (max-width: 1024px) 100vw, 1024px\" \/><\/a><figcaption id=\"caption-attachment-12971\" class=\"wp-caption-text\">\u00a9 \u0160koda Chile<\/figcaption><\/figure>\n<figure id=\"attachment_12972\" aria-describedby=\"caption-attachment-12972\" style=\"width: 1024px\" class=\"wp-caption alignnone\"><a href=\"https:\/\/d2p6e6u75xmxt8.cloudfront.net\/12\/2021\/11\/810_4491_HIGH.jpeg\"><img loading=\"lazy\" decoding=\"async\" class=\"size-full wp-image-12972\" src=\"https:\/\/d2p6e6u75xmxt8.cloudfront.net\/12\/2021\/11\/810_4491_HIGH.jpeg\" alt=\"\" width=\"1024\" height=\"683\" srcset=\"https:\/\/d2p6e6u75xmxt8.cloudfront.net\/12\/2021\/11\/810_4491_HIGH.jpeg 1024w, https:\/\/d2p6e6u75xmxt8.cloudfront.net\/12\/2021\/11\/810_4491_HIGH-300x200.jpeg 300w, https:\/\/d2p6e6u75xmxt8.cloudfront.net\/12\/2021\/11\/810_4491_HIGH-768x512.jpeg 768w, https:\/\/d2p6e6u75xmxt8.cloudfront.net\/12\/2021\/11\/810_4491_HIGH-272x182.jpeg 272w\" sizes=\"auto, (max-width: 1024px) 100vw, 1024px\" \/><\/a><figcaption id=\"caption-attachment-12972\" class=\"wp-caption-text\">\u00a9 \u0160koda Chile<\/figcaption><\/figure>\n<figure id=\"attachment_12973\" aria-describedby=\"caption-attachment-12973\" style=\"width: 1024px\" class=\"wp-caption alignnone\"><a href=\"https:\/\/d2p6e6u75xmxt8.cloudfront.net\/12\/2021\/11\/810_4613_HIGH.jpeg\"><img loading=\"lazy\" decoding=\"async\" class=\"size-full wp-image-12973\" src=\"https:\/\/d2p6e6u75xmxt8.cloudfront.net\/12\/2021\/11\/810_4613_HIGH.jpeg\" alt=\"\" width=\"1024\" height=\"683\" srcset=\"https:\/\/d2p6e6u75xmxt8.cloudfront.net\/12\/2021\/11\/810_4613_HIGH.jpeg 1024w, https:\/\/d2p6e6u75xmxt8.cloudfront.net\/12\/2021\/11\/810_4613_HIGH-300x200.jpeg 300w, https:\/\/d2p6e6u75xmxt8.cloudfront.net\/12\/2021\/11\/810_4613_HIGH-768x512.jpeg 768w, https:\/\/d2p6e6u75xmxt8.cloudfront.net\/12\/2021\/11\/810_4613_HIGH-272x182.jpeg 272w\" sizes=\"auto, (max-width: 1024px) 100vw, 1024px\" \/><\/a><figcaption id=\"caption-attachment-12973\" class=\"wp-caption-text\">\u00a9 \u0160koda Chile<\/figcaption><\/figure>\n<figure id=\"attachment_12974\" aria-describedby=\"caption-attachment-12974\" style=\"width: 1024px\" class=\"wp-caption alignnone\"><a href=\"https:\/\/d2p6e6u75xmxt8.cloudfront.net\/12\/2021\/11\/810_4506_HIGH.jpeg\"><img loading=\"lazy\" decoding=\"async\" class=\"wp-image-12974 size-full\" src=\"https:\/\/d2p6e6u75xmxt8.cloudfront.net\/12\/2021\/11\/810_4506_HIGH.jpeg\" alt=\"\" width=\"1024\" height=\"683\" srcset=\"https:\/\/d2p6e6u75xmxt8.cloudfront.net\/12\/2021\/11\/810_4506_HIGH.jpeg 1024w, https:\/\/d2p6e6u75xmxt8.cloudfront.net\/12\/2021\/11\/810_4506_HIGH-300x200.jpeg 300w, https:\/\/d2p6e6u75xmxt8.cloudfront.net\/12\/2021\/11\/810_4506_HIGH-768x512.jpeg 768w, https:\/\/d2p6e6u75xmxt8.cloudfront.net\/12\/2021\/11\/810_4506_HIGH-272x182.jpeg 272w\" sizes=\"auto, (max-width: 1024px) 100vw, 1024px\" \/><\/a><figcaption id=\"caption-attachment-12974\" class=\"wp-caption-text\">\u00a9 \u0160koda Chile<\/figcaption><\/figure>\n<figure id=\"attachment_12975\" aria-describedby=\"caption-attachment-12975\" style=\"width: 1024px\" class=\"wp-caption alignnone\"><a href=\"https:\/\/d2p6e6u75xmxt8.cloudfront.net\/12\/2021\/11\/810_4639_HIGH.jpeg\"><img loading=\"lazy\" decoding=\"async\" class=\"wp-image-12975 size-full\" src=\"https:\/\/d2p6e6u75xmxt8.cloudfront.net\/12\/2021\/11\/810_4639_HIGH.jpeg\" alt=\"Gran\" width=\"1024\" height=\"683\" srcset=\"https:\/\/d2p6e6u75xmxt8.cloudfront.net\/12\/2021\/11\/810_4639_HIGH.jpeg 1024w, https:\/\/d2p6e6u75xmxt8.cloudfront.net\/12\/2021\/11\/810_4639_HIGH-300x200.jpeg 300w, https:\/\/d2p6e6u75xmxt8.cloudfront.net\/12\/2021\/11\/810_4639_HIGH-768x512.jpeg 768w, https:\/\/d2p6e6u75xmxt8.cloudfront.net\/12\/2021\/11\/810_4639_HIGH-272x182.jpeg 272w\" sizes=\"auto, (max-width: 1024px) 100vw, 1024px\" \/><\/a><figcaption id=\"caption-attachment-12975\" class=\"wp-caption-text\">\u00a9 \u0160koda Chile<\/figcaption><\/figure>\n","protected":false},"excerpt":{"rendered":"<p>Szeretn\u00e9d \u00f6tv\u00f6zni a ker\u00e9kp\u00e1roz\u00e1s \u00e9s a v\u00e1rosn\u00e9z\u00e9s ir\u00e1nti szenved\u00e9lyed, mik\u00f6zben m\u00e9g a versenyz\u00e9s izgalm\u00e1t is \u00e1t\u00e9led? A fest\u0151i Gran Fondo [&hellip;]<\/p>\n","protected":false},"author":71,"featured_media":12977,"comment_status":"open","ping_status":"open","sticky":false,"template":"","format":"standard","meta":{"footnotes":""},"categories":[8],"tags":[],"global-categories":[],"class_list":["post-12964","post","type-post","status-publish","format-standard","has-post-thumbnail","hentry","category-orszaguti-kerekpar"],"yoast_head":"<!-- This site is optimized with the Yoast SEO Premium plugin v25.3 (Yoast SEO v25.9) - https:\/\/yoast.com\/wordpress\/plugins\/seo\/ -->\n<title>D\u00e9l-Amerika legdurv\u00e1bb orsz\u00e1g\u00fati versenye \u2013 A Gran Fondo Fin del Mundo k\u00e9pekben<\/title>\n<meta name=\"description\" content=\"Szeretn\u00e9d \u00f6tv\u00f6zni a ker\u00e9kp\u00e1roz\u00e1s \u00e9s a v\u00e1rosn\u00e9z\u00e9s ir\u00e1nti szenved\u00e9lyed, mik\u00f6zben m\u00e9g a versenyz\u00e9s izgalm\u00e1t is \u00e1t\u00e9led? A fest\u0151i Gran Fondo Fin del Mundo (GFFDM) m\u00e1r hetedik \u00e9ve \u00e1ll\u00edtja durva \u00e1ll\u00f3k\u00e9pess\u00e9gi kih\u00edv\u00e1sok el\u00e9 a r\u00e9sztvev\u0151ket a csod\u00e1latosan sz\u00e9p Chil\u00e9ben.\" \/>\n<meta name=\"robots\" content=\"index, follow, max-snippet:-1, max-image-preview:large, max-video-preview:-1\" \/>\n<link rel=\"canonical\" href=\"https:\/\/www.welovecycling.com\/hu\/orszaguti-kerekpar\/del-amerika-legdurvabb-orszaguti-versenye-gran-fondo-fin-del-mundo-kepekben\/\" \/>\n<meta property=\"og:locale\" content=\"hu_HU\" \/>\n<meta property=\"og:type\" content=\"article\" \/>\n<meta property=\"og:title\" content=\"D\u00e9l-Amerika legdurv\u00e1bb orsz\u00e1g\u00fati versenye \u2013 A Gran Fondo Fin del Mundo k\u00e9pekben\" \/>\n<meta property=\"og:description\" content=\"Szeretn\u00e9d \u00f6tv\u00f6zni a ker\u00e9kp\u00e1roz\u00e1s \u00e9s a v\u00e1rosn\u00e9z\u00e9s ir\u00e1nti szenved\u00e9lyed, mik\u00f6zben m\u00e9g a versenyz\u00e9s izgalm\u00e1t is \u00e1t\u00e9led?\" \/>\n<meta property=\"og:url\" content=\"https:\/\/www.welovecycling.com\/hu\/orszaguti-kerekpar\/del-amerika-legdurvabb-orszaguti-versenye-gran-fondo-fin-del-mundo-kepekben\/\" \/>\n<meta property=\"og:site_name\" content=\"\u0160koda We Love Cycling - Magyarorsz\u00e1g\" \/>\n<meta property=\"article:publisher\" content=\"https:\/\/www.facebook.com\/WeLoveCyclingHungary\/\" \/>\n<meta property=\"article:published_time\" content=\"2021-11-24T06:00:04+00:00\" \/>\n<meta property=\"og:image\" content=\"https:\/\/d2p6e6u75xmxt8.cloudfront.net\/12\/2021\/11\/Chile-race-CVR.jpg\" \/>\n\t<meta property=\"og:image:width\" content=\"1366\" \/>\n\t<meta property=\"og:image:height\" content=\"600\" \/>\n\t<meta property=\"og:image:type\" content=\"image\/jpeg\" \/>\n<meta name=\"author\" content=\"hegyizs\" \/>\n<meta name=\"twitter:card\" content=\"summary_large_image\" \/>\n<meta name=\"twitter:label1\" content=\"Written by\" \/>\n\t<meta name=\"twitter:data1\" content=\"Frantiska Blazkova\" \/>\n\t<meta name=\"twitter:label2\" content=\"Est. reading time\" \/>\n\t<meta name=\"twitter:data2\" content=\"5\" \/>\n<script type=\"application\/ld+json\" class=\"yoast-schema-graph\">{\"@context\":\"https:\/\/schema.org\",\"@graph\":[{\"@type\":\"WebPage\",\"@id\":\"https:\/\/www.welovecycling.com\/hu\/orszaguti-kerekpar\/del-amerika-legdurvabb-orszaguti-versenye-gran-fondo-fin-del-mundo-kepekben\/\",\"url\":\"https:\/\/www.welovecycling.com\/hu\/orszaguti-kerekpar\/del-amerika-legdurvabb-orszaguti-versenye-gran-fondo-fin-del-mundo-kepekben\/\",\"name\":\"D\u00e9l-Amerika legdurv\u00e1bb orsz\u00e1g\u00fati versenye \u2013 A Gran Fondo Fin del Mundo k\u00e9pekben\",\"isPartOf\":{\"@id\":\"https:\/\/www.welovecycling.com\/hu\/#website\"},\"primaryImageOfPage\":{\"@id\":\"https:\/\/www.welovecycling.com\/hu\/orszaguti-kerekpar\/del-amerika-legdurvabb-orszaguti-versenye-gran-fondo-fin-del-mundo-kepekben\/#primaryimage\"},\"image\":{\"@id\":\"https:\/\/www.welovecycling.com\/hu\/orszaguti-kerekpar\/del-amerika-legdurvabb-orszaguti-versenye-gran-fondo-fin-del-mundo-kepekben\/#primaryimage\"},\"thumbnailUrl\":\"https:\/\/d2p6e6u75xmxt8.cloudfront.net\/12\/2021\/11\/Chile-race-CVR.jpg\",\"datePublished\":\"2021-11-24T06:00:04+00:00\",\"author\":{\"@id\":\"https:\/\/www.welovecycling.com\/hu\/#\/schema\/person\/414a2aebf1801691a5320edb6468e194\"},\"description\":\"Szeretn\u00e9d \u00f6tv\u00f6zni a ker\u00e9kp\u00e1roz\u00e1s \u00e9s a v\u00e1rosn\u00e9z\u00e9s ir\u00e1nti szenved\u00e9lyed, mik\u00f6zben m\u00e9g a versenyz\u00e9s izgalm\u00e1t is \u00e1t\u00e9led? A fest\u0151i Gran Fondo Fin del Mundo (GFFDM) m\u00e1r hetedik \u00e9ve \u00e1ll\u00edtja durva \u00e1ll\u00f3k\u00e9pess\u00e9gi kih\u00edv\u00e1sok el\u00e9 a r\u00e9sztvev\u0151ket a csod\u00e1latosan sz\u00e9p Chil\u00e9ben.\",\"breadcrumb\":{\"@id\":\"https:\/\/www.welovecycling.com\/hu\/orszaguti-kerekpar\/del-amerika-legdurvabb-orszaguti-versenye-gran-fondo-fin-del-mundo-kepekben\/#breadcrumb\"},\"inLanguage\":\"hu\",\"potentialAction\":[{\"@type\":\"ReadAction\",\"target\":[\"https:\/\/www.welovecycling.com\/hu\/orszaguti-kerekpar\/del-amerika-legdurvabb-orszaguti-versenye-gran-fondo-fin-del-mundo-kepekben\/\"]}]},{\"@type\":\"ImageObject\",\"inLanguage\":\"hu\",\"@id\":\"https:\/\/www.welovecycling.com\/hu\/orszaguti-kerekpar\/del-amerika-legdurvabb-orszaguti-versenye-gran-fondo-fin-del-mundo-kepekben\/#primaryimage\",\"url\":\"https:\/\/d2p6e6u75xmxt8.cloudfront.net\/12\/2021\/11\/Chile-race-CVR.jpg\",\"contentUrl\":\"https:\/\/d2p6e6u75xmxt8.cloudfront.net\/12\/2021\/11\/Chile-race-CVR.jpg\",\"width\":1366,\"height\":600,\"caption\":\"Race in Chile\"},{\"@type\":\"BreadcrumbList\",\"@id\":\"https:\/\/www.welovecycling.com\/hu\/orszaguti-kerekpar\/del-amerika-legdurvabb-orszaguti-versenye-gran-fondo-fin-del-mundo-kepekben\/#breadcrumb\",\"itemListElement\":[{\"@type\":\"ListItem\",\"position\":1,\"name\":\"Home\",\"item\":\"https:\/\/www.welovecycling.com\/hu\/\"},{\"@type\":\"ListItem\",\"position\":2,\"name\":\"D\u00e9l-Amerika legdurv\u00e1bb orsz\u00e1g\u00fati versenye \u2013 A Gran Fondo Fin del Mundo k\u00e9pekben\"}]},{\"@type\":\"WebSite\",\"@id\":\"https:\/\/www.welovecycling.com\/hu\/#website\",\"url\":\"https:\/\/www.welovecycling.com\/hu\/\",\"name\":\"\u0160koda We Love Cycling - Magyarorsz\u00e1g\",\"description\":\"\u0160koda WeLoveCycling\",\"potentialAction\":[{\"@type\":\"SearchAction\",\"target\":{\"@type\":\"EntryPoint\",\"urlTemplate\":\"https:\/\/www.welovecycling.com\/hu\/?s={search_term_string}\"},\"query-input\":{\"@type\":\"PropertyValueSpecification\",\"valueRequired\":true,\"valueName\":\"search_term_string\"}}],\"inLanguage\":\"hu\"},{\"@type\":\"Person\",\"@id\":\"https:\/\/www.welovecycling.com\/hu\/#\/schema\/person\/414a2aebf1801691a5320edb6468e194\",\"name\":\"hegyizs\",\"image\":{\"@type\":\"ImageObject\",\"inLanguage\":\"hu\",\"@id\":\"https:\/\/www.welovecycling.com\/hu\/#\/schema\/person\/image\/\",\"url\":\"https:\/\/secure.gravatar.com\/avatar\/02cf8a7906b8cf90cecb4679defac7cfd33a1c2e3b88e4903d947f3bb58eedd3?s=96&d=mm&r=g\",\"contentUrl\":\"https:\/\/secure.gravatar.com\/avatar\/02cf8a7906b8cf90cecb4679defac7cfd33a1c2e3b88e4903d947f3bb58eedd3?s=96&d=mm&r=g\",\"caption\":\"hegyizs\"},\"url\":\"https:\/\/www.welovecycling.com\/hu\/author\/hegyizs\/\"}]}<\/script>\n<!-- \/ Yoast SEO Premium plugin. -->","yoast_head_json":{"title":"D\u00e9l-Amerika legdurv\u00e1bb orsz\u00e1g\u00fati versenye \u2013 A Gran Fondo Fin del Mundo k\u00e9pekben","description":"Szeretn\u00e9d \u00f6tv\u00f6zni a ker\u00e9kp\u00e1roz\u00e1s \u00e9s a v\u00e1rosn\u00e9z\u00e9s ir\u00e1nti szenved\u00e9lyed, mik\u00f6zben m\u00e9g a versenyz\u00e9s izgalm\u00e1t is \u00e1t\u00e9led? A fest\u0151i Gran Fondo Fin del Mundo (GFFDM) m\u00e1r hetedik \u00e9ve \u00e1ll\u00edtja durva \u00e1ll\u00f3k\u00e9pess\u00e9gi kih\u00edv\u00e1sok el\u00e9 a r\u00e9sztvev\u0151ket a csod\u00e1latosan sz\u00e9p Chil\u00e9ben.","robots":{"index":"index","follow":"follow","max-snippet":"max-snippet:-1","max-image-preview":"max-image-preview:large","max-video-preview":"max-video-preview:-1"},"canonical":"https:\/\/www.welovecycling.com\/hu\/orszaguti-kerekpar\/del-amerika-legdurvabb-orszaguti-versenye-gran-fondo-fin-del-mundo-kepekben\/","og_locale":"hu_HU","og_type":"article","og_title":"D\u00e9l-Amerika legdurv\u00e1bb orsz\u00e1g\u00fati versenye \u2013 A Gran Fondo Fin del Mundo k\u00e9pekben","og_description":"Szeretn\u00e9d \u00f6tv\u00f6zni a ker\u00e9kp\u00e1roz\u00e1s \u00e9s a v\u00e1rosn\u00e9z\u00e9s ir\u00e1nti szenved\u00e9lyed, mik\u00f6zben m\u00e9g a versenyz\u00e9s izgalm\u00e1t is \u00e1t\u00e9led?","og_url":"https:\/\/www.welovecycling.com\/hu\/orszaguti-kerekpar\/del-amerika-legdurvabb-orszaguti-versenye-gran-fondo-fin-del-mundo-kepekben\/","og_site_name":"\u0160koda We Love Cycling - Magyarorsz\u00e1g","article_publisher":"https:\/\/www.facebook.com\/WeLoveCyclingHungary\/","article_published_time":"2021-11-24T06:00:04+00:00","og_image":[{"width":1366,"height":600,"url":"https:\/\/d2p6e6u75xmxt8.cloudfront.net\/12\/2021\/11\/Chile-race-CVR.jpg","type":"image\/jpeg"}],"author":"hegyizs","twitter_card":"summary_large_image","twitter_misc":{"Written by":"Frantiska Blazkova","Est. reading time":"5"},"schema":{"@context":"https:\/\/schema.org","@graph":[{"@type":"WebPage","@id":"https:\/\/www.welovecycling.com\/hu\/orszaguti-kerekpar\/del-amerika-legdurvabb-orszaguti-versenye-gran-fondo-fin-del-mundo-kepekben\/","url":"https:\/\/www.welovecycling.com\/hu\/orszaguti-kerekpar\/del-amerika-legdurvabb-orszaguti-versenye-gran-fondo-fin-del-mundo-kepekben\/","name":"D\u00e9l-Amerika legdurv\u00e1bb orsz\u00e1g\u00fati versenye \u2013 A Gran Fondo Fin del Mundo k\u00e9pekben","isPartOf":{"@id":"https:\/\/www.welovecycling.com\/hu\/#website"},"primaryImageOfPage":{"@id":"https:\/\/www.welovecycling.com\/hu\/orszaguti-kerekpar\/del-amerika-legdurvabb-orszaguti-versenye-gran-fondo-fin-del-mundo-kepekben\/#primaryimage"},"image":{"@id":"https:\/\/www.welovecycling.com\/hu\/orszaguti-kerekpar\/del-amerika-legdurvabb-orszaguti-versenye-gran-fondo-fin-del-mundo-kepekben\/#primaryimage"},"thumbnailUrl":"https:\/\/d2p6e6u75xmxt8.cloudfront.net\/12\/2021\/11\/Chile-race-CVR.jpg","datePublished":"2021-11-24T06:00:04+00:00","author":{"@id":"https:\/\/www.welovecycling.com\/hu\/#\/schema\/person\/414a2aebf1801691a5320edb6468e194"},"description":"Szeretn\u00e9d \u00f6tv\u00f6zni a ker\u00e9kp\u00e1roz\u00e1s \u00e9s a v\u00e1rosn\u00e9z\u00e9s ir\u00e1nti szenved\u00e9lyed, mik\u00f6zben m\u00e9g a versenyz\u00e9s izgalm\u00e1t is \u00e1t\u00e9led? A fest\u0151i Gran Fondo Fin del Mundo (GFFDM) m\u00e1r hetedik \u00e9ve \u00e1ll\u00edtja durva \u00e1ll\u00f3k\u00e9pess\u00e9gi kih\u00edv\u00e1sok el\u00e9 a r\u00e9sztvev\u0151ket a csod\u00e1latosan sz\u00e9p Chil\u00e9ben.","breadcrumb":{"@id":"https:\/\/www.welovecycling.com\/hu\/orszaguti-kerekpar\/del-amerika-legdurvabb-orszaguti-versenye-gran-fondo-fin-del-mundo-kepekben\/#breadcrumb"},"inLanguage":"hu","potentialAction":[{"@type":"ReadAction","target":["https:\/\/www.welovecycling.com\/hu\/orszaguti-kerekpar\/del-amerika-legdurvabb-orszaguti-versenye-gran-fondo-fin-del-mundo-kepekben\/"]}]},{"@type":"ImageObject","inLanguage":"hu","@id":"https:\/\/www.welovecycling.com\/hu\/orszaguti-kerekpar\/del-amerika-legdurvabb-orszaguti-versenye-gran-fondo-fin-del-mundo-kepekben\/#primaryimage","url":"https:\/\/d2p6e6u75xmxt8.cloudfront.net\/12\/2021\/11\/Chile-race-CVR.jpg","contentUrl":"https:\/\/d2p6e6u75xmxt8.cloudfront.net\/12\/2021\/11\/Chile-race-CVR.jpg","width":1366,"height":600,"caption":"Race in Chile"},{"@type":"BreadcrumbList","@id":"https:\/\/www.welovecycling.com\/hu\/orszaguti-kerekpar\/del-amerika-legdurvabb-orszaguti-versenye-gran-fondo-fin-del-mundo-kepekben\/#breadcrumb","itemListElement":[{"@type":"ListItem","position":1,"name":"Home","item":"https:\/\/www.welovecycling.com\/hu\/"},{"@type":"ListItem","position":2,"name":"D\u00e9l-Amerika legdurv\u00e1bb orsz\u00e1g\u00fati versenye \u2013 A Gran Fondo Fin del Mundo k\u00e9pekben"}]},{"@type":"WebSite","@id":"https:\/\/www.welovecycling.com\/hu\/#website","url":"https:\/\/www.welovecycling.com\/hu\/","name":"\u0160koda We Love Cycling - Magyarorsz\u00e1g","description":"\u0160koda WeLoveCycling","potentialAction":[{"@type":"SearchAction","target":{"@type":"EntryPoint","urlTemplate":"https:\/\/www.welovecycling.com\/hu\/?s={search_term_string}"},"query-input":{"@type":"PropertyValueSpecification","valueRequired":true,"valueName":"search_term_string"}}],"inLanguage":"hu"},{"@type":"Person","@id":"https:\/\/www.welovecycling.com\/hu\/#\/schema\/person\/414a2aebf1801691a5320edb6468e194","name":"hegyizs","image":{"@type":"ImageObject","inLanguage":"hu","@id":"https:\/\/www.welovecycling.com\/hu\/#\/schema\/person\/image\/","url":"https:\/\/secure.gravatar.com\/avatar\/02cf8a7906b8cf90cecb4679defac7cfd33a1c2e3b88e4903d947f3bb58eedd3?s=96&d=mm&r=g","contentUrl":"https:\/\/secure.gravatar.com\/avatar\/02cf8a7906b8cf90cecb4679defac7cfd33a1c2e3b88e4903d947f3bb58eedd3?s=96&d=mm&r=g","caption":"hegyizs"},"url":"https:\/\/www.welovecycling.com\/hu\/author\/hegyizs\/"}]}},"_links":{"self":[{"href":"https:\/\/www.welovecycling.com\/hu\/wp-json\/wp\/v2\/posts\/12964","targetHints":{"allow":["GET"]}}],"collection":[{"href":"https:\/\/www.welovecycling.com\/hu\/wp-json\/wp\/v2\/posts"}],"about":[{"href":"https:\/\/www.welovecycling.com\/hu\/wp-json\/wp\/v2\/types\/post"}],"author":[{"embeddable":true,"href":"https:\/\/www.welovecycling.com\/hu\/wp-json\/wp\/v2\/users\/71"}],"replies":[{"embeddable":true,"href":"https:\/\/www.welovecycling.com\/hu\/wp-json\/wp\/v2\/comments?post=12964"}],"version-history":[{"count":2,"href":"https:\/\/www.welovecycling.com\/hu\/wp-json\/wp\/v2\/posts\/12964\/revisions"}],"predecessor-version":[{"id":12993,"href":"https:\/\/www.welovecycling.com\/hu\/wp-json\/wp\/v2\/posts\/12964\/revisions\/12993"}],"wp:featuredmedia":[{"embeddable":true,"href":"https:\/\/www.welovecycling.com\/hu\/wp-json\/wp\/v2\/media\/12977"}],"wp:attachment":[{"href":"https:\/\/www.welovecycling.com\/hu\/wp-json\/wp\/v2\/media?parent=12964"}],"wp:term":[{"taxonomy":"category","embeddable":true,"href":"https:\/\/www.welovecycling.com\/hu\/wp-json\/wp\/v2\/categories?post=12964"},{"taxonomy":"post_tag","embeddable":true,"href":"https:\/\/www.welovecycling.com\/hu\/wp-json\/wp\/v2\/tags?post=12964"},{"taxonomy":"global-categories","embeddable":true,"href":"https:\/\/www.welovecycling.com\/hu\/wp-json\/wp\/v2\/global-categories?post=12964"}],"curies":[{"name":"wp","href":"https:\/\/api.w.org\/{rel}","templated":true}]}}