{"id":12956,"date":"2021-11-23T08:00:28","date_gmt":"2021-11-23T06:00:28","guid":{"rendered":"https:\/\/www.welovecycling.com\/hu\/?p=12956"},"modified":"2021-11-19T15:36:14","modified_gmt":"2021-11-19T13:36:14","slug":"a-350-fos-red-bull-holy-bike-verseny-egy-resztvevo-szemevel","status":"publish","type":"post","link":"https:\/\/www.welovecycling.com\/hu\/trekking-mtb\/a-350-fos-red-bull-holy-bike-verseny-egy-resztvevo-szemevel\/","title":{"rendered":"A 350 f\u0151s Red Bull Holy Bike verseny egy r\u00e9sztvev\u0151 szem\u00e9vel"},"content":{"rendered":"<p><strong>L\u00e9tezik n\u00e9h\u00e1ny MTB verseny, ami a francia Megavalache-hoz hasonl\u00f3an \u00e9p\u00fcl fel. A Spanyolorsz\u00e1gban zajl\u00f3 Red Bull Holy Bike-on szint\u00e9n t\u00f6megek \u00e1llnak rajthoz \u00e9s t\u00f6bb sz\u00e1zan v\u00e1llalj\u00e1k be a kamikaze-k\u00fcldet\u00e9st. Richard Gasperotti sem akart kimaradni az \u00e9lm\u00e9nyb\u0151l. A k\u00f6vetkez\u0151 \u00f6sszefoglal\u00f3 szem\u00e9lyes tapasztalatait \u00edrja le.<\/strong><\/p>\n<p><!--more--><\/p>\n<p>Cseppekben gy\u00f6ngy\u00f6zik az izzads\u00e1g a h\u00e1tamon. A f\u00fclemben d\u00fcb\u00f6r\u00f6g a sz\u00edvver\u00e9sem. K\u00f6zeledik a rajt \u00e9s valaki, valahol h\u00e1romig sz\u00e1mol: egy, kett\u0151, gyer\u00fcnk! H\u00e1romsz\u00e1z versenyz\u0151 l\u00e9pett \u00e1t a rajtkapun a Red Bull Holy Bike-on, a vil\u00e1g egyik legnagyobb t\u00f6meges MTB-rendezv\u00e9ny\u00e9n. T\u00edz percnyi k\u00fczdelem, l\u00f6kd\u00f6s\u0151d\u00e9s, k\u00f6ny\u00f6kl\u00e9s v\u00e1r r\u00e1m a t\u00f6bb sz\u00e1z r\u00e9sztvev\u0151 k\u00f6z\u00f6tt.<\/p>\n<figure id=\"attachment_12957\" aria-describedby=\"caption-attachment-12957\" style=\"width: 1024px\" class=\"wp-caption alignnone\"><a href=\"https:\/\/d2p6e6u75xmxt8.cloudfront.net\/12\/2021\/11\/RB_holy_bike_1.jpg\"><img loading=\"lazy\" decoding=\"async\" class=\"wp-image-12957 size-full\" src=\"https:\/\/d2p6e6u75xmxt8.cloudfront.net\/12\/2021\/11\/RB_holy_bike_1.jpg\" alt=\"Red Bull Holy Bike\" width=\"1024\" height=\"682\" srcset=\"https:\/\/d2p6e6u75xmxt8.cloudfront.net\/12\/2021\/11\/RB_holy_bike_1.jpg 1024w, https:\/\/d2p6e6u75xmxt8.cloudfront.net\/12\/2021\/11\/RB_holy_bike_1-300x200.jpg 300w, https:\/\/d2p6e6u75xmxt8.cloudfront.net\/12\/2021\/11\/RB_holy_bike_1-768x512.jpg 768w, https:\/\/d2p6e6u75xmxt8.cloudfront.net\/12\/2021\/11\/RB_holy_bike_1-272x182.jpg 272w\" sizes=\"auto, (max-width: 1024px) 100vw, 1024px\" \/><\/a><figcaption id=\"caption-attachment-12957\" class=\"wp-caption-text\">\u00a9Nacho Trueba \u2013 Red Bull Content Pool, Alex Pe\u00f1a<\/figcaption><\/figure>\n<p>A Mondraker csapat versenyz\u0151jek\u00e9nt id\u00e9n \u0151sszel megh\u00edvtak Spanyolorsz\u00e1gba egy fot\u00f3z\u00e1sra a nemzetk\u00f6zi egy\u00fcttes t\u00f6bbi tagj\u00e1val. Meglepet\u00e9semre kider\u00fclt, hogy hamarosan csatlakozunk az orsz\u00e1g egyik legnagyobb verseny\u00e9hez, a Red Bull Holy Bike-hoz.<\/p>\n<p>Mivel a Mondraker teljes gy\u00e1ri csapata meg\u00edg\u00e9rte, hogy indul, nem volt m\u00e1s v\u00e1laszt\u00e1som, nekem is jelentkeznem kellett. Alaposan ut\u00e1nan\u00e9ztem a versenynek, miel\u0151tt Madridba rep\u00fcltem. A La Pinilla s\u00edk\u00f6zpontban zajl\u00f3 Holy Bike esem\u00e9nyen \u00e9vente \u00e1tlagosan 600 versenyz\u0151 vesz r\u00e9szt. K\u00f6r\u00fclbel\u00fcl 350 versenyz\u0151 regisztr\u00e1lt id\u00e9n a Covid alatt hozott int\u00e9zked\u00e9sek miatti k\u00e9t\u00e9ves sz\u00fcnet ut\u00e1n.<\/p>\n<figure id=\"attachment_12958\" aria-describedby=\"caption-attachment-12958\" style=\"width: 1024px\" class=\"wp-caption alignnone\"><a href=\"https:\/\/d2p6e6u75xmxt8.cloudfront.net\/12\/2021\/11\/RB_holy_bike_2.jpg\"><img loading=\"lazy\" decoding=\"async\" class=\"wp-image-12958 size-full\" src=\"https:\/\/d2p6e6u75xmxt8.cloudfront.net\/12\/2021\/11\/RB_holy_bike_2.jpg\" alt=\"Red Bull Holy bike race\" width=\"1024\" height=\"682\" srcset=\"https:\/\/d2p6e6u75xmxt8.cloudfront.net\/12\/2021\/11\/RB_holy_bike_2.jpg 1024w, https:\/\/d2p6e6u75xmxt8.cloudfront.net\/12\/2021\/11\/RB_holy_bike_2-300x200.jpg 300w, https:\/\/d2p6e6u75xmxt8.cloudfront.net\/12\/2021\/11\/RB_holy_bike_2-768x512.jpg 768w, https:\/\/d2p6e6u75xmxt8.cloudfront.net\/12\/2021\/11\/RB_holy_bike_2-272x182.jpg 272w\" sizes=\"auto, (max-width: 1024px) 100vw, 1024px\" \/><\/a><figcaption id=\"caption-attachment-12958\" class=\"wp-caption-text\">\u00a9 Nacho Trueba &#8211; Red Bull Content Pool, Alex Pe\u00f1a<\/figcaption><\/figure>\n<p>Miut\u00e1n meg\u00e9rkeztem Spanyolorsz\u00e1gba, m\u00e9g k\u00f6r\u00fclbel\u00fcl h\u00e1rom \u00f3r\u00e1t kellett vezetnem, mire eljutottam a Segovia tartom\u00e1nyban tal\u00e1lhat\u00f3 La Pinilla s\u00edk\u00f6zpontba. B\u00e1r m\u00e1r v\u00e9ge volt a szezonnak, a felvon\u00f3 eg\u00e9sz h\u00e9tv\u00e9g\u00e9n m\u0171k\u00f6d\u00f6tt, hogy seg\u00edtsen feljutni a bring\u00e1soknak a cs\u00facsra. A 650 m\u00e9teres tengerszint feletti magass\u00e1g hossz\u00fa utakat \u00edg\u00e9rt. N\u00e9h\u00e1ny t\u00fara alatt \u00f6r\u00f6mmel fedeztem fel a j\u00f3l karbantartott bicikliparkot, a ki\u00e9p\u00edtett \u00e9s term\u00e9szetes \u00f6sv\u00e9nyeket.<\/p>\n<p>A verseny n\u00e9gy k\u00fcl\u00f6n futamb\u00f3l \u00e1llt, amib\u0151l h\u00e1rom egy\u00e9ni volt, egy pedig t\u00f6meges. Az egy\u00e9ni futamok \u00f6sszes\u00edtett eredm\u00e9nye hat\u00e1rozta meg az utols\u00f3 versenyen a rajthoz \u00e1ll\u00e1s sorrendj\u00e9t. Az egyik, kiss\u00e9 kaotikus egy\u00e9ni futamon utol\u00e9rtem egy lass\u00fa versenyz\u0151t, \u00e9s nem tudtam megel\u0151zni, mert t\u00fal keskeny volt az \u00fat. Emiatt sok id\u0151t vesz\u00edtettem, de siker\u00fclt bejutnom a legjobb 40 k\u00f6z\u00e9, \u00edgy a negyedik sorba ker\u00fcltem a t\u00f6megrajtn\u00e1l.<\/p>\n<figure id=\"attachment_12959\" aria-describedby=\"caption-attachment-12959\" style=\"width: 1920px\" class=\"wp-caption alignnone\"><a href=\"https:\/\/d2p6e6u75xmxt8.cloudfront.net\/2\/2021\/11\/RB_holy_bike_3.jpg\"><img loading=\"lazy\" decoding=\"async\" class=\"wp-image-12959 size-extra-large\" src=\"https:\/\/d2p6e6u75xmxt8.cloudfront.net\/12\/2021\/11\/RB_holy_bike_3-1920x1280.jpg\" alt=\"Red Bull holy bike race\" width=\"1920\" height=\"1280\" srcset=\"https:\/\/d2p6e6u75xmxt8.cloudfront.net\/12\/2021\/11\/RB_holy_bike_3-1920x1280.jpg 1920w, https:\/\/d2p6e6u75xmxt8.cloudfront.net\/12\/2021\/11\/RB_holy_bike_3-300x200.jpg 300w, https:\/\/d2p6e6u75xmxt8.cloudfront.net\/12\/2021\/11\/RB_holy_bike_3-1024x682.jpg 1024w, https:\/\/d2p6e6u75xmxt8.cloudfront.net\/12\/2021\/11\/RB_holy_bike_3-768x512.jpg 768w, https:\/\/d2p6e6u75xmxt8.cloudfront.net\/12\/2021\/11\/RB_holy_bike_3-1536x1024.jpg 1536w, https:\/\/d2p6e6u75xmxt8.cloudfront.net\/12\/2021\/11\/RB_holy_bike_3-2048x1365.jpg 2048w, https:\/\/d2p6e6u75xmxt8.cloudfront.net\/12\/2021\/11\/RB_holy_bike_3-272x182.jpg 272w, https:\/\/d2p6e6u75xmxt8.cloudfront.net\/12\/2021\/11\/RB_holy_bike_3-1920x1280.jpg 1920w\" sizes=\"auto, (max-width: 1920px) 100vw, 1920px\" \/><\/a><figcaption id=\"caption-attachment-12959\" class=\"wp-caption-text\">\u00a9 Nacho Trueba &#8211; Red Bull Content Pool, Alex Pe\u00f1a<\/figcaption><\/figure>\n<p>A rajt ut\u00e1ni m\u00e1sodpercek le\u00edrhatatlanok. Hatalmas porfelh\u0151 takarta el el\u0151lem a kil\u00e1t\u00e1st. Mik\u00f6zben minden oldalr\u00f3l folyamatosan t\u00e1madtak a versenyz\u0151k, siker\u00fclt \u00e1tjutnom a rajton \u00e9s kijutni az \u00fatra.<\/p>\n<p>Az egyik ugrat\u00f3n\u00e1l n\u00e9gy m\u00e1sik r\u00e9sztvev\u0151vel egy\u00fctt rep\u00fcltem a leveg\u0151be. Nem eml\u00e9kszem, hogy tapasztaltam volna m\u00e1r ilyen motocross-szer\u0171 \u00e9lm\u00e9nyt m\u00e1s versenyen. T\u00f6bb perces \u0151r\u00fclet ut\u00e1n a 36. helyen \u00e9rtem c\u00e9lba. A gal\u00edciai \u00c1ngel Su\u00e1rez, Spanyolorsz\u00e1g h\u00e1romszoros DH bajnoka lett az els\u0151 az \u00f6sszetettben. De az eredm\u00e9nyekt\u0151l f\u00fcggetlen\u00fcl mindenki \u00fcnnepelt!<\/p>\n<p>A Red Bull Holy Bike t\u00f6bb mint egy verseny: ez a mountain bike \u00e9s a m\u00f6g\u00f6tt\u00fck \u00e1ll\u00f3 szezon \u00fcnnepl\u00e9se.<\/p>\n","protected":false},"excerpt":{"rendered":"<p>L\u00e9tezik n\u00e9h\u00e1ny MTB verseny, ami a francia Megavalache-hoz hasonl\u00f3an \u00e9p\u00fcl fel. A Spanyolorsz\u00e1gban zajl\u00f3 Red Bull Holy Bike-on szint\u00e9n t\u00f6megek [&hellip;]<\/p>\n","protected":false},"author":71,"featured_media":12961,"comment_status":"open","ping_status":"open","sticky":false,"template":"","format":"standard","meta":{"footnotes":""},"categories":[7],"tags":[],"global-categories":[],"class_list":["post-12956","post","type-post","status-publish","format-standard","has-post-thumbnail","hentry","category-trekking-mtb"],"yoast_head":"<!-- This site is optimized with the Yoast SEO Premium plugin v25.3 (Yoast SEO v25.9) - https:\/\/yoast.com\/wordpress\/plugins\/seo\/ -->\n<title>A 350 f\u0151s Red Bull Holy Bike verseny egy r\u00e9sztvev\u0151 szem\u00e9vel<\/title>\n<meta name=\"description\" content=\"L\u00e9tezik n\u00e9h\u00e1ny MTB verseny, ami a francia Megavalache-hoz hasonl\u00f3an \u00e9p\u00fcl fel. A Spanyolorsz\u00e1gban zajl\u00f3 Red Bull Holy Bike-on szint\u00e9n t\u00f6megek \u00e1llnak rajthoz \u00e9s t\u00f6bb sz\u00e1zan v\u00e1llalj\u00e1k be a kamikaze-k\u00fcldet\u00e9st. Richard Gasperotti sem akart kimaradni az \u00e9lm\u00e9nyb\u0151l. A k\u00f6vetkez\u0151 \u00f6sszefoglal\u00f3 szem\u00e9lyes tapasztalatait \u00edrja le.\" \/>\n<meta name=\"robots\" content=\"index, follow, max-snippet:-1, max-image-preview:large, max-video-preview:-1\" \/>\n<link rel=\"canonical\" href=\"https:\/\/www.welovecycling.com\/hu\/trekking-mtb\/a-350-fos-red-bull-holy-bike-verseny-egy-resztvevo-szemevel\/\" \/>\n<meta property=\"og:locale\" content=\"hu_HU\" \/>\n<meta property=\"og:type\" content=\"article\" \/>\n<meta property=\"og:title\" content=\"A 350 f\u0151s Red Bull Holy Bike verseny egy r\u00e9sztvev\u0151 szem\u00e9vel\" \/>\n<meta property=\"og:description\" content=\"L\u00e9tezik n\u00e9h\u00e1ny MTB verseny, ami a francia Megavalache-hoz hasonl\u00f3an \u00e9p\u00fcl fel. A Spanyolorsz\u00e1gban zajl\u00f3 Red Bull Holy Bike-on szint\u00e9n t\u00f6megek \u00e1llnak rajthoz \u00e9s t\u00f6bb sz\u00e1zan v\u00e1llalj\u00e1k be a kamikaze-k\u00fcldet\u00e9st. Richard Gasperotti sem akart kimaradni az \u00e9lm\u00e9nyb\u0151l. A k\u00f6vetkez\u0151 \u00f6sszefoglal\u00f3 szem\u00e9lyes tapasztalatait \u00edrja le.\" \/>\n<meta property=\"og:url\" content=\"https:\/\/www.welovecycling.com\/hu\/trekking-mtb\/a-350-fos-red-bull-holy-bike-verseny-egy-resztvevo-szemevel\/\" \/>\n<meta property=\"og:site_name\" content=\"\u0160koda We Love Cycling - Magyarorsz\u00e1g\" \/>\n<meta property=\"article:publisher\" content=\"https:\/\/www.facebook.com\/WeLoveCyclingHungary\/\" \/>\n<meta property=\"article:published_time\" content=\"2021-11-23T06:00:28+00:00\" \/>\n<meta property=\"og:image\" content=\"https:\/\/d2p6e6u75xmxt8.cloudfront.net\/12\/2021\/11\/Gaspi-Spain-CVR.jpg\" \/>\n\t<meta property=\"og:image:width\" content=\"1366\" \/>\n\t<meta property=\"og:image:height\" content=\"600\" \/>\n\t<meta property=\"og:image:type\" content=\"image\/jpeg\" \/>\n<meta name=\"author\" content=\"hegyizs\" \/>\n<meta name=\"twitter:card\" content=\"summary_large_image\" \/>\n<meta name=\"twitter:label1\" content=\"Written by\" \/>\n\t<meta name=\"twitter:data1\" content=\"Adam Marsal and Richard Gasperotti\" \/>\n\t<meta name=\"twitter:label2\" content=\"Est. reading time\" \/>\n\t<meta name=\"twitter:data2\" content=\"6\" \/>\n<script type=\"application\/ld+json\" class=\"yoast-schema-graph\">{\"@context\":\"https:\/\/schema.org\",\"@graph\":[{\"@type\":\"WebPage\",\"@id\":\"https:\/\/www.welovecycling.com\/hu\/trekking-mtb\/a-350-fos-red-bull-holy-bike-verseny-egy-resztvevo-szemevel\/\",\"url\":\"https:\/\/www.welovecycling.com\/hu\/trekking-mtb\/a-350-fos-red-bull-holy-bike-verseny-egy-resztvevo-szemevel\/\",\"name\":\"A 350 f\u0151s Red Bull Holy Bike verseny egy r\u00e9sztvev\u0151 szem\u00e9vel\",\"isPartOf\":{\"@id\":\"https:\/\/www.welovecycling.com\/hu\/#website\"},\"primaryImageOfPage\":{\"@id\":\"https:\/\/www.welovecycling.com\/hu\/trekking-mtb\/a-350-fos-red-bull-holy-bike-verseny-egy-resztvevo-szemevel\/#primaryimage\"},\"image\":{\"@id\":\"https:\/\/www.welovecycling.com\/hu\/trekking-mtb\/a-350-fos-red-bull-holy-bike-verseny-egy-resztvevo-szemevel\/#primaryimage\"},\"thumbnailUrl\":\"https:\/\/d2p6e6u75xmxt8.cloudfront.net\/12\/2021\/11\/Gaspi-Spain-CVR.jpg\",\"datePublished\":\"2021-11-23T06:00:28+00:00\",\"author\":{\"@id\":\"https:\/\/www.welovecycling.com\/hu\/#\/schema\/person\/414a2aebf1801691a5320edb6468e194\"},\"description\":\"L\u00e9tezik n\u00e9h\u00e1ny MTB verseny, ami a francia Megavalache-hoz hasonl\u00f3an \u00e9p\u00fcl fel. A Spanyolorsz\u00e1gban zajl\u00f3 Red Bull Holy Bike-on szint\u00e9n t\u00f6megek \u00e1llnak rajthoz \u00e9s t\u00f6bb sz\u00e1zan v\u00e1llalj\u00e1k be a kamikaze-k\u00fcldet\u00e9st. Richard Gasperotti sem akart kimaradni az \u00e9lm\u00e9nyb\u0151l. A k\u00f6vetkez\u0151 \u00f6sszefoglal\u00f3 szem\u00e9lyes tapasztalatait \u00edrja le.\",\"breadcrumb\":{\"@id\":\"https:\/\/www.welovecycling.com\/hu\/trekking-mtb\/a-350-fos-red-bull-holy-bike-verseny-egy-resztvevo-szemevel\/#breadcrumb\"},\"inLanguage\":\"hu\",\"potentialAction\":[{\"@type\":\"ReadAction\",\"target\":[\"https:\/\/www.welovecycling.com\/hu\/trekking-mtb\/a-350-fos-red-bull-holy-bike-verseny-egy-resztvevo-szemevel\/\"]}]},{\"@type\":\"ImageObject\",\"inLanguage\":\"hu\",\"@id\":\"https:\/\/www.welovecycling.com\/hu\/trekking-mtb\/a-350-fos-red-bull-holy-bike-verseny-egy-resztvevo-szemevel\/#primaryimage\",\"url\":\"https:\/\/d2p6e6u75xmxt8.cloudfront.net\/12\/2021\/11\/Gaspi-Spain-CVR.jpg\",\"contentUrl\":\"https:\/\/d2p6e6u75xmxt8.cloudfront.net\/12\/2021\/11\/Gaspi-Spain-CVR.jpg\",\"width\":1366,\"height\":600,\"caption\":\"Gaspi in Spain\"},{\"@type\":\"BreadcrumbList\",\"@id\":\"https:\/\/www.welovecycling.com\/hu\/trekking-mtb\/a-350-fos-red-bull-holy-bike-verseny-egy-resztvevo-szemevel\/#breadcrumb\",\"itemListElement\":[{\"@type\":\"ListItem\",\"position\":1,\"name\":\"Home\",\"item\":\"https:\/\/www.welovecycling.com\/hu\/\"},{\"@type\":\"ListItem\",\"position\":2,\"name\":\"A 350 f\u0151s Red Bull Holy Bike verseny egy r\u00e9sztvev\u0151 szem\u00e9vel\"}]},{\"@type\":\"WebSite\",\"@id\":\"https:\/\/www.welovecycling.com\/hu\/#website\",\"url\":\"https:\/\/www.welovecycling.com\/hu\/\",\"name\":\"\u0160koda We Love Cycling - Magyarorsz\u00e1g\",\"description\":\"\u0160koda WeLoveCycling\",\"potentialAction\":[{\"@type\":\"SearchAction\",\"target\":{\"@type\":\"EntryPoint\",\"urlTemplate\":\"https:\/\/www.welovecycling.com\/hu\/?s={search_term_string}\"},\"query-input\":{\"@type\":\"PropertyValueSpecification\",\"valueRequired\":true,\"valueName\":\"search_term_string\"}}],\"inLanguage\":\"hu\"},{\"@type\":\"Person\",\"@id\":\"https:\/\/www.welovecycling.com\/hu\/#\/schema\/person\/414a2aebf1801691a5320edb6468e194\",\"name\":\"hegyizs\",\"image\":{\"@type\":\"ImageObject\",\"inLanguage\":\"hu\",\"@id\":\"https:\/\/www.welovecycling.com\/hu\/#\/schema\/person\/image\/\",\"url\":\"https:\/\/secure.gravatar.com\/avatar\/02cf8a7906b8cf90cecb4679defac7cfd33a1c2e3b88e4903d947f3bb58eedd3?s=96&d=mm&r=g\",\"contentUrl\":\"https:\/\/secure.gravatar.com\/avatar\/02cf8a7906b8cf90cecb4679defac7cfd33a1c2e3b88e4903d947f3bb58eedd3?s=96&d=mm&r=g\",\"caption\":\"hegyizs\"},\"url\":\"https:\/\/www.welovecycling.com\/hu\/author\/hegyizs\/\"}]}<\/script>\n<!-- \/ Yoast SEO Premium plugin. -->","yoast_head_json":{"title":"A 350 f\u0151s Red Bull Holy Bike verseny egy r\u00e9sztvev\u0151 szem\u00e9vel","description":"L\u00e9tezik n\u00e9h\u00e1ny MTB verseny, ami a francia Megavalache-hoz hasonl\u00f3an \u00e9p\u00fcl fel. A Spanyolorsz\u00e1gban zajl\u00f3 Red Bull Holy Bike-on szint\u00e9n t\u00f6megek \u00e1llnak rajthoz \u00e9s t\u00f6bb sz\u00e1zan v\u00e1llalj\u00e1k be a kamikaze-k\u00fcldet\u00e9st. Richard Gasperotti sem akart kimaradni az \u00e9lm\u00e9nyb\u0151l. A k\u00f6vetkez\u0151 \u00f6sszefoglal\u00f3 szem\u00e9lyes tapasztalatait \u00edrja le.","robots":{"index":"index","follow":"follow","max-snippet":"max-snippet:-1","max-image-preview":"max-image-preview:large","max-video-preview":"max-video-preview:-1"},"canonical":"https:\/\/www.welovecycling.com\/hu\/trekking-mtb\/a-350-fos-red-bull-holy-bike-verseny-egy-resztvevo-szemevel\/","og_locale":"hu_HU","og_type":"article","og_title":"A 350 f\u0151s Red Bull Holy Bike verseny egy r\u00e9sztvev\u0151 szem\u00e9vel","og_description":"L\u00e9tezik n\u00e9h\u00e1ny MTB verseny, ami a francia Megavalache-hoz hasonl\u00f3an \u00e9p\u00fcl fel. A Spanyolorsz\u00e1gban zajl\u00f3 Red Bull Holy Bike-on szint\u00e9n t\u00f6megek \u00e1llnak rajthoz \u00e9s t\u00f6bb sz\u00e1zan v\u00e1llalj\u00e1k be a kamikaze-k\u00fcldet\u00e9st. Richard Gasperotti sem akart kimaradni az \u00e9lm\u00e9nyb\u0151l. A k\u00f6vetkez\u0151 \u00f6sszefoglal\u00f3 szem\u00e9lyes tapasztalatait \u00edrja le.","og_url":"https:\/\/www.welovecycling.com\/hu\/trekking-mtb\/a-350-fos-red-bull-holy-bike-verseny-egy-resztvevo-szemevel\/","og_site_name":"\u0160koda We Love Cycling - Magyarorsz\u00e1g","article_publisher":"https:\/\/www.facebook.com\/WeLoveCyclingHungary\/","article_published_time":"2021-11-23T06:00:28+00:00","og_image":[{"width":1366,"height":600,"url":"https:\/\/d2p6e6u75xmxt8.cloudfront.net\/12\/2021\/11\/Gaspi-Spain-CVR.jpg","type":"image\/jpeg"}],"author":"hegyizs","twitter_card":"summary_large_image","twitter_misc":{"Written by":"Adam Marsal and Richard Gasperotti","Est. reading time":"6"},"schema":{"@context":"https:\/\/schema.org","@graph":[{"@type":"WebPage","@id":"https:\/\/www.welovecycling.com\/hu\/trekking-mtb\/a-350-fos-red-bull-holy-bike-verseny-egy-resztvevo-szemevel\/","url":"https:\/\/www.welovecycling.com\/hu\/trekking-mtb\/a-350-fos-red-bull-holy-bike-verseny-egy-resztvevo-szemevel\/","name":"A 350 f\u0151s Red Bull Holy Bike verseny egy r\u00e9sztvev\u0151 szem\u00e9vel","isPartOf":{"@id":"https:\/\/www.welovecycling.com\/hu\/#website"},"primaryImageOfPage":{"@id":"https:\/\/www.welovecycling.com\/hu\/trekking-mtb\/a-350-fos-red-bull-holy-bike-verseny-egy-resztvevo-szemevel\/#primaryimage"},"image":{"@id":"https:\/\/www.welovecycling.com\/hu\/trekking-mtb\/a-350-fos-red-bull-holy-bike-verseny-egy-resztvevo-szemevel\/#primaryimage"},"thumbnailUrl":"https:\/\/d2p6e6u75xmxt8.cloudfront.net\/12\/2021\/11\/Gaspi-Spain-CVR.jpg","datePublished":"2021-11-23T06:00:28+00:00","author":{"@id":"https:\/\/www.welovecycling.com\/hu\/#\/schema\/person\/414a2aebf1801691a5320edb6468e194"},"description":"L\u00e9tezik n\u00e9h\u00e1ny MTB verseny, ami a francia Megavalache-hoz hasonl\u00f3an \u00e9p\u00fcl fel. A Spanyolorsz\u00e1gban zajl\u00f3 Red Bull Holy Bike-on szint\u00e9n t\u00f6megek \u00e1llnak rajthoz \u00e9s t\u00f6bb sz\u00e1zan v\u00e1llalj\u00e1k be a kamikaze-k\u00fcldet\u00e9st. Richard Gasperotti sem akart kimaradni az \u00e9lm\u00e9nyb\u0151l. A k\u00f6vetkez\u0151 \u00f6sszefoglal\u00f3 szem\u00e9lyes tapasztalatait \u00edrja le.","breadcrumb":{"@id":"https:\/\/www.welovecycling.com\/hu\/trekking-mtb\/a-350-fos-red-bull-holy-bike-verseny-egy-resztvevo-szemevel\/#breadcrumb"},"inLanguage":"hu","potentialAction":[{"@type":"ReadAction","target":["https:\/\/www.welovecycling.com\/hu\/trekking-mtb\/a-350-fos-red-bull-holy-bike-verseny-egy-resztvevo-szemevel\/"]}]},{"@type":"ImageObject","inLanguage":"hu","@id":"https:\/\/www.welovecycling.com\/hu\/trekking-mtb\/a-350-fos-red-bull-holy-bike-verseny-egy-resztvevo-szemevel\/#primaryimage","url":"https:\/\/d2p6e6u75xmxt8.cloudfront.net\/12\/2021\/11\/Gaspi-Spain-CVR.jpg","contentUrl":"https:\/\/d2p6e6u75xmxt8.cloudfront.net\/12\/2021\/11\/Gaspi-Spain-CVR.jpg","width":1366,"height":600,"caption":"Gaspi in Spain"},{"@type":"BreadcrumbList","@id":"https:\/\/www.welovecycling.com\/hu\/trekking-mtb\/a-350-fos-red-bull-holy-bike-verseny-egy-resztvevo-szemevel\/#breadcrumb","itemListElement":[{"@type":"ListItem","position":1,"name":"Home","item":"https:\/\/www.welovecycling.com\/hu\/"},{"@type":"ListItem","position":2,"name":"A 350 f\u0151s Red Bull Holy Bike verseny egy r\u00e9sztvev\u0151 szem\u00e9vel"}]},{"@type":"WebSite","@id":"https:\/\/www.welovecycling.com\/hu\/#website","url":"https:\/\/www.welovecycling.com\/hu\/","name":"\u0160koda We Love Cycling - Magyarorsz\u00e1g","description":"\u0160koda WeLoveCycling","potentialAction":[{"@type":"SearchAction","target":{"@type":"EntryPoint","urlTemplate":"https:\/\/www.welovecycling.com\/hu\/?s={search_term_string}"},"query-input":{"@type":"PropertyValueSpecification","valueRequired":true,"valueName":"search_term_string"}}],"inLanguage":"hu"},{"@type":"Person","@id":"https:\/\/www.welovecycling.com\/hu\/#\/schema\/person\/414a2aebf1801691a5320edb6468e194","name":"hegyizs","image":{"@type":"ImageObject","inLanguage":"hu","@id":"https:\/\/www.welovecycling.com\/hu\/#\/schema\/person\/image\/","url":"https:\/\/secure.gravatar.com\/avatar\/02cf8a7906b8cf90cecb4679defac7cfd33a1c2e3b88e4903d947f3bb58eedd3?s=96&d=mm&r=g","contentUrl":"https:\/\/secure.gravatar.com\/avatar\/02cf8a7906b8cf90cecb4679defac7cfd33a1c2e3b88e4903d947f3bb58eedd3?s=96&d=mm&r=g","caption":"hegyizs"},"url":"https:\/\/www.welovecycling.com\/hu\/author\/hegyizs\/"}]}},"_links":{"self":[{"href":"https:\/\/www.welovecycling.com\/hu\/wp-json\/wp\/v2\/posts\/12956","targetHints":{"allow":["GET"]}}],"collection":[{"href":"https:\/\/www.welovecycling.com\/hu\/wp-json\/wp\/v2\/posts"}],"about":[{"href":"https:\/\/www.welovecycling.com\/hu\/wp-json\/wp\/v2\/types\/post"}],"author":[{"embeddable":true,"href":"https:\/\/www.welovecycling.com\/hu\/wp-json\/wp\/v2\/users\/71"}],"replies":[{"embeddable":true,"href":"https:\/\/www.welovecycling.com\/hu\/wp-json\/wp\/v2\/comments?post=12956"}],"version-history":[{"count":2,"href":"https:\/\/www.welovecycling.com\/hu\/wp-json\/wp\/v2\/posts\/12956\/revisions"}],"predecessor-version":[{"id":12992,"href":"https:\/\/www.welovecycling.com\/hu\/wp-json\/wp\/v2\/posts\/12956\/revisions\/12992"}],"wp:featuredmedia":[{"embeddable":true,"href":"https:\/\/www.welovecycling.com\/hu\/wp-json\/wp\/v2\/media\/12961"}],"wp:attachment":[{"href":"https:\/\/www.welovecycling.com\/hu\/wp-json\/wp\/v2\/media?parent=12956"}],"wp:term":[{"taxonomy":"category","embeddable":true,"href":"https:\/\/www.welovecycling.com\/hu\/wp-json\/wp\/v2\/categories?post=12956"},{"taxonomy":"post_tag","embeddable":true,"href":"https:\/\/www.welovecycling.com\/hu\/wp-json\/wp\/v2\/tags?post=12956"},{"taxonomy":"global-categories","embeddable":true,"href":"https:\/\/www.welovecycling.com\/hu\/wp-json\/wp\/v2\/global-categories?post=12956"}],"curies":[{"name":"wp","href":"https:\/\/api.w.org\/{rel}","templated":true}]}}